{"id":7278,"date":"2023-08-22T05:59:47","date_gmt":"2023-08-22T03:59:47","guid":{"rendered":"https:\/\/gradido.net\/?p=7278"},"modified":"2026-04-23T07:13:06","modified_gmt":"2026-04-23T05:13:06","slug":"lieblingsstadt-5-wolfgang-wird-arbeitslos-gemeinsam-finden-sie-eine-geniale-loesung","status":"publish","type":"post","link":"https:\/\/gradido.net\/es\/lieblingsstadt-5-wolfgang-wird-arbeitslos-gemeinsam-finden-sie-eine-geniale-loesung\/","title":{"rendered":"Ciudad favorita 5 - Wolfgang se queda en paro - juntos encuentran una ingeniosa soluci\u00f3n"},"content":{"rendered":"<div data-elementor-type=\"wp-post\" data-elementor-id=\"7278\" class=\"elementor elementor-7278\" data-elementor-post-type=\"post\">\n\t\t\t\t\t\t<section class=\"elementor-section elementor-top-section elementor-element elementor-element-496e1d53 elementor-section-boxed elementor-section-height-default elementor-section-height-default\" data-id=\"496e1d53\" data-element_type=\"section\" data-e-type=\"section\">\n\t\t\t\t\t\t<div class=\"elementor-container elementor-column-gap-default\">\n\t\t\t\t\t<div class=\"elementor-column elementor-col-100 elementor-top-column elementor-element elementor-element-461d7be0\" data-id=\"461d7be0\" data-element_type=\"column\" data-e-type=\"column\">\n\t\t\t<div class=\"elementor-widget-wrap elementor-element-populated\">\n\t\t\t\t\t\t<div class=\"elementor-element elementor-element-cd9ebe2 elementor-widget elementor-widget-text-editor\" data-id=\"cd9ebe2\" data-element_type=\"widget\" data-e-type=\"widget\" data-widget_type=\"text-editor.default\">\n\t\t\t\t<div class=\"elementor-widget-container\">\n\t\t\t\t\t\t\t\t\t<p style=\"text-align: right;\"><em>\"Me encanta mi trabajo y me encanta la gente. Y cuando hay un incendio, lo intento todo para salvar la vida de la gente\".<\/em><\/p><p>Estimado lector,<\/p><p>Durante a\u00f1os, Wolfgang hab\u00eda trabajado en la tradicional f\u00e1brica de zapatos favorita de la ciudad. Los zapatos que produc\u00edan eran conocidos y apreciados mucho m\u00e1s all\u00e1 de los l\u00edmites de la ciudad por su calidad y perfecta artesan\u00eda. Pero, como tantas otras empresas, \"Lieblingsst\u00e4dter\" no pudo resistir la implacable presi\u00f3n de la competencia internacional. Un d\u00eda tuvieron que declararse en quiebra y muchos ciudadanos perdieron sus puestos de trabajo, hasta entonces seguros.<\/p><p>Wolfgang es uno de ellos. Para salvar la f\u00e1brica, hace un a\u00f1o acept\u00f3 trabajar s\u00f3lo a tiempo parcial, reduciendo as\u00ed su salario a la mitad. Con consecuencias devastadoras, porque el subsidio de desempleo es s\u00f3lo el 60 % de su \u00faltimo salario en activo. A pesar de sus muchos a\u00f1os de experiencia laboral, fue clasificado como de dif\u00edcil colocaci\u00f3n porque sus competencias eran demasiado especializadas.<\/p><p>El estilo de vida de Wolfgang cambi\u00f3 dr\u00e1sticamente. Sus visitas peri\u00f3dicas a la Pizzeria Napoli, que tanto significaban para \u00e9l, ya no eran posibles.<\/p>\t\t\t\t\t\t\t\t<\/div>\n\t\t\t\t<\/div>\n\t\t\t\t<div class=\"elementor-element elementor-element-42ba56c elementor-widget elementor-widget-text-editor\" data-id=\"42ba56c\" data-element_type=\"widget\" data-e-type=\"widget\" data-widget_type=\"text-editor.default\">\n\t\t\t\t<div class=\"elementor-widget-container\">\n\t\t\t\t\t\t\t\t\t<h3>H\u00e9roe valiente y \u00e1ngel salvador<\/h3><p>Wolfgang se alist\u00f3 de joven en el cuerpo de bomberos voluntarios. Se ha puesto en peligro de muerte varias veces para salvar a personas, sufriendo graves quemaduras que, afortunadamente, se han curado bien.<\/p>\t\t\t\t\t\t\t\t<\/div>\n\t\t\t\t<\/div>\n\t\t\t\t<div class=\"elementor-element elementor-element-b482206 elementor-widget elementor-widget-image\" data-id=\"b482206\" data-element_type=\"widget\" data-e-type=\"widget\" data-widget_type=\"image.default\">\n\t\t\t\t<div class=\"elementor-widget-container\">\n\t\t\t\t\t\t\t\t\t\t\t\t\t\t\t<img fetchpriority=\"high\" decoding=\"async\" width=\"500\" height=\"281\" src=\"https:\/\/gradido.net\/wp-content\/uploads\/2023\/08\/Rettet_Kind_500.jpg\" class=\"attachment-full size-full wp-image-7283\" alt=\"\" srcset=\"https:\/\/gradido.net\/wp-content\/uploads\/2023\/08\/Rettet_Kind_500.jpg 500w, https:\/\/gradido.net\/wp-content\/uploads\/2023\/08\/Rettet_Kind_500-300x169.jpg 300w, https:\/\/gradido.net\/wp-content\/uploads\/2023\/08\/Rettet_Kind_500-18x10.jpg 18w\" sizes=\"(max-width: 500px) 100vw, 500px\" \/>\t\t\t\t\t\t\t\t\t\t\t\t\t\t\t<\/div>\n\t\t\t\t<\/div>\n\t\t\t\t<div class=\"elementor-element elementor-element-c5e61d4 elementor-widget elementor-widget-text-editor\" data-id=\"c5e61d4\" data-element_type=\"widget\" data-e-type=\"widget\" data-widget_type=\"text-editor.default\">\n\t\t\t\t<div class=\"elementor-widget-container\">\n\t\t\t\t\t\t\t\t\t<p>Recuerda muy bien el incendio de la vieja pizzer\u00eda, donde rescat\u00f3 de las llamas a Alessia, la hija de Giulia y Antonio. La vieja casa ardi\u00f3 por completo en aquel momento. Gracias a la valiente ayuda de los bomberos, ninguna persona result\u00f3 herida. Giulia y Toni tuvieron que buscar un nuevo local y lo encontraron en el casco antiguo, en una preciosa casa de piedra del Gr\u00fcnderzeit.<\/p><h3>Pobres sin culpa, \u00a1y en Alemania!<\/h3><p>\u00bfY ahora se supone que Wolfgang tiene que renunciar a la deliciosa pizza, al buen vino y a la entra\u00f1able compa\u00f1\u00eda de sus amigos porque no tiene dinero para pagar la cuenta? Seguro que Toni le invitar\u00eda. \u00bfPero mendigar? No, nunca lo har\u00eda.<\/p><h3>Luz al final del t\u00fanel<\/h3>\t\t\t\t\t\t\t\t<\/div>\n\t\t\t\t<\/div>\n\t\t\t\t<div class=\"elementor-element elementor-element-f223bb6 elementor-widget elementor-widget-image\" data-id=\"f223bb6\" data-element_type=\"widget\" data-e-type=\"widget\" data-widget_type=\"image.default\">\n\t\t\t\t<div class=\"elementor-widget-container\">\n\t\t\t\t\t\t\t\t\t\t\t\t\t\t\t<img decoding=\"async\" src=\"https:\/\/gradido.net\/wp-content\/uploads\/elementor\/thumbs\/gradido_willkommen-qh4sa6qrtxpi7no868dzryzxtv0zvq4mm4m6twz9h4.png\" title=\"gradido_welcome\" alt=\"gradido_welcome\" loading=\"lazy\" \/>\t\t\t\t\t\t\t\t\t\t\t\t\t\t\t<\/div>\n\t\t\t\t<\/div>\n\t\t\t\t<div class=\"elementor-element elementor-element-0499f3c elementor-widget elementor-widget-text-editor\" data-id=\"0499f3c\" data-element_type=\"widget\" data-e-type=\"widget\" data-widget_type=\"text-editor.default\">\n\t\t\t\t<div class=\"elementor-widget-container\">\n\t\t\t\t\t\t\t\t\t<p>Un d\u00eda oye hablar de Gradido Days, una iniciativa de la pizzer\u00eda dentro del proyecto Gradido. Los clientes menos pudientes econ\u00f3micamente pueden comer y beber all\u00ed dos d\u00edas a la semana por Gradido. Tiene suficientes Gradidos, porque desde que el alcalde Michael Miteinand introdujo el innovador sistema de remuneraci\u00f3n del bien com\u00fan \"Gradido\", le pagan 20 Gradido por hora por su servicio de bombero.<\/p><h3>Wolfgang se anima e interviene<\/h3>\t\t\t\t\t\t\t\t<\/div>\n\t\t\t\t<\/div>\n\t\t\t\t<div class=\"elementor-element elementor-element-392458a elementor-widget elementor-widget-image\" data-id=\"392458a\" data-element_type=\"widget\" data-e-type=\"widget\" data-widget_type=\"image.default\">\n\t\t\t\t<div class=\"elementor-widget-container\">\n\t\t\t\t\t\t\t\t\t\t\t\t\t\t\t<img decoding=\"async\" width=\"500\" height=\"375\" src=\"https:\/\/gradido.net\/wp-content\/uploads\/2023\/08\/Pizzeria_Tu\u0308r_500.jpg\" class=\"attachment-full size-full wp-image-7285\" alt=\"\" srcset=\"https:\/\/gradido.net\/wp-content\/uploads\/2023\/08\/Pizzeria_Tu\u0308r_500.jpg 500w, https:\/\/gradido.net\/wp-content\/uploads\/2023\/08\/Pizzeria_Tu\u0308r_500-300x225.jpg 300w, https:\/\/gradido.net\/wp-content\/uploads\/2023\/08\/Pizzeria_Tu\u0308r_500-16x12.jpg 16w\" sizes=\"(max-width: 500px) 100vw, 500px\" \/>\t\t\t\t\t\t\t\t\t\t\t\t\t\t\t<\/div>\n\t\t\t\t<\/div>\n\t\t\t\t<div class=\"elementor-element elementor-element-8fcbf61 elementor-widget elementor-widget-text-editor\" data-id=\"8fcbf61\" data-element_type=\"widget\" data-e-type=\"widget\" data-widget_type=\"text-editor.default\">\n\t\t\t\t<div class=\"elementor-widget-container\">\n\t\t\t\t\t\t\t\t\t<p>Con el coraz\u00f3n palpitante, Wolfgang se arrastra discretamente por la pizzer\u00eda. Imag\u00ednese: \u00a1el valiente forzudo que ya ha salvado a varias personas de las llamas se averg\u00fcenza de su pobreza econ\u00f3mica y no se atreve a entrar!\u00a0<\/p><p>Por fin se anima. Para su sorpresa y alegr\u00eda, Giulia y Antonio le reciben con los brazos abiertos: \"Il nostro caro amico \u00e8 tornato\" (\"Nuestro querido amigo ha vuelto\"). (Los invitados aplauden. A Wolfgang se le llenan los ojos de l\u00e1grimas de alegr\u00eda. Conmovido, se sienta a la mesa con sus amigos.<\/p><h3>Una idea com\u00fan para un plan grandioso<\/h3><p>Los amigos de Wolfgang son personas orientadas a encontrar soluciones. Juntos elaboran un plan grandioso que luego quieren presentar al alcalde.<\/p>\t\t\t\t\t\t\t\t<\/div>\n\t\t\t\t<\/div>\n\t\t\t\t<div class=\"elementor-element elementor-element-876c3ba elementor-widget elementor-widget-image\" data-id=\"876c3ba\" data-element_type=\"widget\" data-e-type=\"widget\" data-widget_type=\"image.default\">\n\t\t\t\t<div class=\"elementor-widget-container\">\n\t\t\t\t\t\t\t\t\t\t\t\t\t\t\t<img decoding=\"async\" width=\"800\" height=\"400\" src=\"https:\/\/gradido.net\/wp-content\/uploads\/2023\/08\/Idee_800.png\" class=\"attachment-large size-large wp-image-7299\" alt=\"\" srcset=\"https:\/\/gradido.net\/wp-content\/uploads\/2023\/08\/Idee_800.png 800w, https:\/\/gradido.net\/wp-content\/uploads\/2023\/08\/Idee_800-300x150.png 300w, https:\/\/gradido.net\/wp-content\/uploads\/2023\/08\/Idee_800-768x384.png 768w, https:\/\/gradido.net\/wp-content\/uploads\/2023\/08\/Idee_800-18x9.png 18w\" sizes=\"(max-width: 800px) 100vw, 800px\" \/>\t\t\t\t\t\t\t\t\t\t\t\t\t\t\t<\/div>\n\t\t\t\t<\/div>\n\t\t\t\t<div class=\"elementor-element elementor-element-1fc6d53 elementor-widget elementor-widget-text-editor\" data-id=\"1fc6d53\" data-element_type=\"widget\" data-e-type=\"widget\" data-widget_type=\"text-editor.default\">\n\t\t\t\t<div class=\"elementor-widget-container\">\n\t\t\t\t\t\t\t\t\t<p>Para aprovechar la experiencia de Wolfgang y ayudar al mismo tiempo a la comunidad, se plantean continuar con la fabricaci\u00f3n de zapatos de forma voluntaria. Uno de los invitados sugiere crear una nueva marca con el nombre de <strong>Voluntario favorito de la ciudad<\/strong> para crear. Al principio, los antiguos empleados se ofrec\u00edan voluntarios para volver a fabricar zapatos con los dise\u00f1os tradicionales y la alta calidad que han hecho famosa a Lieblingsst\u00e4dter.\u00a0<\/p><p>El trabajo voluntario se remunera con puntos Gradido y los zapatos se ofrecen en l\u00ednea con descuentos Gradido. De este modo, los voluntarios de todo el mundo de habla alemana podr\u00e1n disfrutar de zapatos de alta calidad a precios muy asequibles. Con un poco de suerte y conocimientos de marketing, \"Lieblingsst\u00e4dter Ehrenamt\" se convertir\u00e1 en una marca de culto por la que los voluntarios podr\u00e1n reconocerse...<\/p>\t\t\t\t\t\t\t\t<\/div>\n\t\t\t\t<\/div>\n\t\t\t\t<div class=\"elementor-element elementor-element-84f7bbd elementor-widget elementor-widget-image\" data-id=\"84f7bbd\" data-element_type=\"widget\" data-e-type=\"widget\" data-widget_type=\"image.default\">\n\t\t\t\t<div class=\"elementor-widget-container\">\n\t\t\t\t\t\t\t\t\t\t\t\t\t\t\t<img loading=\"lazy\" decoding=\"async\" width=\"500\" height=\"264\" src=\"https:\/\/gradido.net\/wp-content\/uploads\/2023\/08\/Wein_500.jpg\" class=\"attachment-full size-full wp-image-7286\" alt=\"\" srcset=\"https:\/\/gradido.net\/wp-content\/uploads\/2023\/08\/Wein_500.jpg 500w, https:\/\/gradido.net\/wp-content\/uploads\/2023\/08\/Wein_500-300x158.jpg 300w, https:\/\/gradido.net\/wp-content\/uploads\/2023\/08\/Wein_500-18x10.jpg 18w\" sizes=\"(max-width: 500px) 100vw, 500px\" \/>\t\t\t\t\t\t\t\t\t\t\t\t\t\t\t<\/div>\n\t\t\t\t<\/div>\n\t\t\t\t<div class=\"elementor-element elementor-element-abb92cd elementor-widget elementor-widget-text-editor\" data-id=\"abb92cd\" data-element_type=\"widget\" data-e-type=\"widget\" data-widget_type=\"text-editor.default\">\n\t\t\t\t<div class=\"elementor-widget-container\">\n\t\t\t\t\t\t\t\t\t<p>Las ideas fluyeron durante esta larga velada, como el buen vino italiano.<\/p><p>As\u00ed comienza un nuevo y emocionante cap\u00edtulo para Wolfgang y sus amigos de la Pizzer\u00eda Napoli, y para toda Lieblingsstadt.<\/p>\t\t\t\t\t\t\t\t<\/div>\n\t\t\t\t<\/div>\n\t\t\t\t<div class=\"elementor-element elementor-element-e858257 elementor-widget-divider--view-line elementor-widget elementor-widget-divider\" data-id=\"e858257\" data-element_type=\"widget\" data-e-type=\"widget\" data-widget_type=\"divider.default\">\n\t\t\t\t<div class=\"elementor-widget-container\">\n\t\t\t\t\t\t\t<div class=\"elementor-divider\">\n\t\t\t<span class=\"elementor-divider-separator\">\n\t\t\t\t\t\t<\/span>\n\t\t<\/div>\n\t\t\t\t\t\t<\/div>\n\t\t\t\t<\/div>\n\t\t\t\t<div class=\"elementor-element elementor-element-d74dfa0 elementor-widget elementor-widget-text-editor\" data-id=\"d74dfa0\" data-element_type=\"widget\" data-e-type=\"widget\" data-widget_type=\"text-editor.default\">\n\t\t\t\t<div class=\"elementor-widget-container\">\n\t\t\t\t\t\t\t\t\t<div data-pm-slice=\"1 1 []\" data-en-clipboard=\"true\"><p>En este quinto post de nuestra serie <strong>\"Gradido en ciudad favorita\"<\/strong> aprendemos c\u00f3mo el turbo-capitalismo actual est\u00e1 arrastrando al abismo a ciudadanos intachables, independientemente de los grandes logros que hayan conseguido antes.<\/p><p>Tambi\u00e9n somos testigos de c\u00f3mo los habitantes favoritos del pueblo se ayudan a s\u00ed mismos con creatividad y esp\u00edritu comunitario.  Al hacerlo, utilizan el sistema de recompensas Gradido para recuperar el poder sobre su destino com\u00fan.<\/p><p>El siguiente episodio est\u00e1 dedicado al rescate de la f\u00e1brica de zapatos favorita de la ciudad, que se convierte en modelo para otros rescates de empresas.<\/p><p><strong>No dude en reenviar esta serie a su ayuntamiento, asociaciones y comerciantes.<\/strong><\/p><p>Si no actuamos juntos ahora, la tendencia a la baja continuar\u00e1, la econom\u00eda se ir\u00e1 al garete, la clase media se ver\u00e1 socavada y muchos municipios se hundir\u00e1n bajo el peso de la deuda.\u00a0<\/p><p>Con Gradido, tenemos en nuestras manos una herramienta eficaz para el dise\u00f1o positivo de la vida y el \u00e9xito. Juntos transformaremos nuestras ciudades y comunidades en oasis vibrantes y pr\u00f3speros: \u00a1nuestros lugares favoritos!<\/p><p>Saludos cordiales<\/p><\/div><p>Suyo<\/p><p><img loading=\"lazy\" decoding=\"async\" class=\"alignnone wp-image-4614 size-medium\" src=\"https:\/\/gradido.net\/wp-content\/uploads\/2022\/06\/MargretBernd_2022-300x74.png\" alt=\"\" width=\"300\" height=\"74\" srcset=\"https:\/\/gradido.net\/wp-content\/uploads\/2022\/06\/MargretBernd_2022-300x74.png 300w, https:\/\/gradido.net\/wp-content\/uploads\/2022\/06\/MargretBernd_2022-18x4.png 18w, https:\/\/gradido.net\/wp-content\/uploads\/2022\/06\/MargretBernd_2022.png 431w\" sizes=\"(max-width: 300px) 100vw, 300px\" \/><\/p><p>Margret Baier y Bernd H\u00fcckst\u00e4dt<br \/>Fundador y desarrollador de Gradido<\/p>\t\t\t\t\t\t\t\t<\/div>\n\t\t\t\t<\/div>\n\t\t\t\t\t<\/div>\n\t\t<\/div>\n\t\t\t\t\t<\/div>\n\t\t<\/section>\n\t\t\t\t<section class=\"elementor-section elementor-top-section elementor-element elementor-element-c8ffe78 elementor-section-boxed elementor-section-height-default elementor-section-height-default\" data-id=\"c8ffe78\" data-element_type=\"section\" data-e-type=\"section\">\n\t\t\t\t\t\t<div class=\"elementor-container elementor-column-gap-default\">\n\t\t\t\t\t<div class=\"elementor-column elementor-col-100 elementor-top-column elementor-element elementor-element-4330b09\" data-id=\"4330b09\" data-element_type=\"column\" data-e-type=\"column\">\n\t\t\t<div class=\"elementor-widget-wrap elementor-element-populated\">\n\t\t\t\t\t\t<div class=\"elementor-element elementor-element-3db9a1b elementor-position-inline-start white-links elementor-widget__width-initial elementor-view-default elementor-mobile-position-block-start elementor-widget elementor-widget-icon-box\" data-id=\"3db9a1b\" data-element_type=\"widget\" data-e-type=\"widget\" data-no-translation=\"\" data-widget_type=\"icon-box.default\">\n\t\t\t\t<div class=\"elementor-widget-container\">\n\t\t\t\t\t<style>.elementor-element-3db9a1b{display:none !important}<\/style>\t\t\t\t<\/div>\n\t\t\t\t<\/div>\n\t\t\t\t\t<\/div>\n\t\t<\/div>\n\t\t\t\t\t<\/div>\n\t\t<\/section>\n\t\t\t\t<section class=\"elementor-section elementor-top-section elementor-element elementor-element-14532fe elementor-section-boxed elementor-section-height-default elementor-section-height-default\" data-id=\"14532fe\" data-element_type=\"section\" data-e-type=\"section\">\n\t\t\t\t\t\t<div class=\"elementor-container elementor-column-gap-default\">\n\t\t\t\t\t<div class=\"elementor-column elementor-col-100 elementor-top-column elementor-element elementor-element-65d2298\" data-id=\"65d2298\" data-element_type=\"column\" data-e-type=\"column\">\n\t\t\t<div class=\"elementor-widget-wrap elementor-element-populated\">\n\t\t\t\t\t\t<div class=\"elementor-element elementor-element-076e4ff elementor-widget elementor-widget-global elementor-global-9341 elementor-widget-text-editor\" data-id=\"076e4ff\" data-element_type=\"widget\" data-e-type=\"widget\" data-widget_type=\"text-editor.default\">\n\t\t\t\t<div class=\"elementor-widget-container\">\n\t\t\t\t\t\t\t\t\t<p><strong>PS:\u00a0<span style=\"color: #ff6600;\"><a style=\"color: #ff6600;\" href=\"https:\/\/gradido.net\/es\/donations\/\">Debido a la creciente importancia de Gradido, repetimos nuestra campa\u00f1a de agradecimiento el 26 de junio de 2026:<\/a>\u00a0<\/span><span style=\"color: #0000ff;\"><a style=\"color: #0000ff;\" href=\"https:\/\/gradido.net\/es\/donations\/\">Adem\u00e1s del m\u00faltiple GradidoTransform por tu aportaci\u00f3n de apadrinamiento, aumentaremos todos los saldos de las cuentas GDT en 26% el 26\/06\/2016. \u00a1Apadrina ahora y disfruta de la cantidad m\u00faltiple de GDT!<\/a><\/span><\/strong><\/p>\t\t\t\t\t\t\t\t<\/div>\n\t\t\t\t<\/div>\n\t\t\t\t\t<\/div>\n\t\t<\/div>\n\t\t\t\t\t<\/div>\n\t\t<\/section>\n\t\t\t\t<\/div>","protected":false},"excerpt":{"rendered":"<p>La \"Lieblingsst\u00e4dter Schuhmanufaktur\" no puede hacer frente a la competencia internacional y tiene que declararse en quiebra. Muchos ciudadanos pierden su empleo. Wolfgang es uno de ellos. Junto con sus amigos tiene la brillante idea...<\/p>","protected":false},"author":2,"featured_media":7282,"comment_status":"closed","ping_status":"closed","sticky":false,"template":"","format":"standard","meta":{"footnotes":""},"categories":[11,53],"tags":[22],"class_list":["post-7278","post","type-post","status-publish","format-standard","has-post-thumbnail","hentry","category-blog","category-lieblingsstadt","tag-bild-oben"],"yoast_head":"<!-- This site is optimized with the Yoast SEO plugin v27.5 - https:\/\/yoast.com\/product\/yoast-seo-wordpress\/ -->\n<title>Lieblingsstadt 5 \u2013 Wolfgang wird arbeitslos \u2013 gemeinsam finden sie eine geniale L\u00f6sung - Gradido<\/title>\n<meta name=\"description\" content=\"Die \u201aLieblingsst\u00e4dter Schuhmanufaktur\u2018 kann der internationalen Konkurrenz nicht standhalten und muss Konkurs anmelden. Viele B\u00fcrger verlieren ihren Arbeitsplatz. Wolfgang ist einer von ihnen. Gemeinsam mit seinen Freunden hat er die z\u00fcndende Idee\u2026\" \/>\n<meta name=\"robots\" content=\"index, follow, max-snippet:-1, max-image-preview:large, max-video-preview:-1\" \/>\n<link rel=\"canonical\" href=\"https:\/\/gradido.net\/es\/lieblingsstadt-5-wolfgang-wird-arbeitslos-gemeinsam-finden-sie-eine-geniale-loesung\/\" \/>\n<meta property=\"og:locale\" content=\"es_ES\" \/>\n<meta property=\"og:type\" content=\"article\" \/>\n<meta property=\"og:title\" content=\"Lieblingsstadt 5 \u2013 Wolfgang wird arbeitslos \u2013 gemeinsam finden sie eine geniale L\u00f6sung - Gradido\" \/>\n<meta property=\"og:description\" content=\"Die \u201aLieblingsst\u00e4dter Schuhmanufaktur\u2018 kann der internationalen Konkurrenz nicht standhalten und muss Konkurs anmelden. Viele B\u00fcrger verlieren ihren Arbeitsplatz. Wolfgang ist einer von ihnen. Gemeinsam mit seinen Freunden hat er die z\u00fcndende Idee\u2026\" \/>\n<meta property=\"og:url\" content=\"https:\/\/gradido.net\/es\/lieblingsstadt-5-wolfgang-wird-arbeitslos-gemeinsam-finden-sie-eine-geniale-loesung\/\" \/>\n<meta property=\"og:site_name\" content=\"Gradido\" \/>\n<meta property=\"article:published_time\" content=\"2023-08-22T03:59:47+00:00\" \/>\n<meta property=\"article:modified_time\" content=\"2026-04-23T05:13:06+00:00\" \/>\n<meta property=\"og:image\" content=\"https:\/\/gradido.net\/wp-content\/uploads\/2023\/08\/Wolfgang_1920_3.jpg\" \/>\n\t<meta property=\"og:image:width\" content=\"1920\" \/>\n\t<meta property=\"og:image:height\" content=\"1200\" \/>\n\t<meta property=\"og:image:type\" content=\"image\/jpeg\" \/>\n<meta name=\"author\" content=\"Bernd H\u00fcckst\u00e4dt\" \/>\n<meta name=\"twitter:card\" content=\"summary_large_image\" \/>\n<meta name=\"twitter:label1\" content=\"Escrito por\" \/>\n\t<meta name=\"twitter:data1\" content=\"Bernd H\u00fcckst\u00e4dt\" \/>\n\t<meta name=\"twitter:label2\" content=\"Tiempo de lectura\" \/>\n\t<meta name=\"twitter:data2\" content=\"7 minutos\" \/>\n<script type=\"application\/ld+json\" class=\"yoast-schema-graph\">{\"@context\":\"https:\\\/\\\/schema.org\",\"@graph\":[{\"@type\":\"Article\",\"@id\":\"https:\\\/\\\/gradido.net\\\/lieblingsstadt-5-wolfgang-wird-arbeitslos-gemeinsam-finden-sie-eine-geniale-loesung\\\/#article\",\"isPartOf\":{\"@id\":\"https:\\\/\\\/gradido.net\\\/lieblingsstadt-5-wolfgang-wird-arbeitslos-gemeinsam-finden-sie-eine-geniale-loesung\\\/\"},\"author\":{\"name\":\"Bernd H\u00fcckst\u00e4dt\",\"@id\":\"https:\\\/\\\/gradido.net\\\/de\\\/#\\\/schema\\\/person\\\/9c503a004ad15a1ddecadce2218db5d1\"},\"headline\":\"Lieblingsstadt 5 \u2013 Wolfgang wird arbeitslos \u2013 gemeinsam finden sie eine geniale L\u00f6sung\",\"datePublished\":\"2023-08-22T03:59:47+00:00\",\"dateModified\":\"2026-04-23T05:13:06+00:00\",\"mainEntityOfPage\":{\"@id\":\"https:\\\/\\\/gradido.net\\\/lieblingsstadt-5-wolfgang-wird-arbeitslos-gemeinsam-finden-sie-eine-geniale-loesung\\\/\"},\"wordCount\":953,\"publisher\":{\"@id\":\"https:\\\/\\\/gradido.net\\\/de\\\/#organization\"},\"image\":{\"@id\":\"https:\\\/\\\/gradido.net\\\/lieblingsstadt-5-wolfgang-wird-arbeitslos-gemeinsam-finden-sie-eine-geniale-loesung\\\/#primaryimage\"},\"thumbnailUrl\":\"https:\\\/\\\/gradido.net\\\/wp-content\\\/uploads\\\/2023\\\/08\\\/Wolfgang_1920_3.jpg\",\"keywords\":[\"Bild oben\"],\"articleSection\":[\"Blog\",\"Lieblingsstadt\"],\"inLanguage\":\"es\"},{\"@type\":\"WebPage\",\"@id\":\"https:\\\/\\\/gradido.net\\\/lieblingsstadt-5-wolfgang-wird-arbeitslos-gemeinsam-finden-sie-eine-geniale-loesung\\\/\",\"url\":\"https:\\\/\\\/gradido.net\\\/lieblingsstadt-5-wolfgang-wird-arbeitslos-gemeinsam-finden-sie-eine-geniale-loesung\\\/\",\"name\":\"Lieblingsstadt 5 \u2013 Wolfgang wird arbeitslos \u2013 gemeinsam finden sie eine geniale L\u00f6sung - Gradido\",\"isPartOf\":{\"@id\":\"https:\\\/\\\/gradido.net\\\/de\\\/#website\"},\"primaryImageOfPage\":{\"@id\":\"https:\\\/\\\/gradido.net\\\/lieblingsstadt-5-wolfgang-wird-arbeitslos-gemeinsam-finden-sie-eine-geniale-loesung\\\/#primaryimage\"},\"image\":{\"@id\":\"https:\\\/\\\/gradido.net\\\/lieblingsstadt-5-wolfgang-wird-arbeitslos-gemeinsam-finden-sie-eine-geniale-loesung\\\/#primaryimage\"},\"thumbnailUrl\":\"https:\\\/\\\/gradido.net\\\/wp-content\\\/uploads\\\/2023\\\/08\\\/Wolfgang_1920_3.jpg\",\"datePublished\":\"2023-08-22T03:59:47+00:00\",\"dateModified\":\"2026-04-23T05:13:06+00:00\",\"description\":\"Die \u201aLieblingsst\u00e4dter Schuhmanufaktur\u2018 kann der internationalen Konkurrenz nicht standhalten und muss Konkurs anmelden. Viele B\u00fcrger verlieren ihren Arbeitsplatz. Wolfgang ist einer von ihnen. Gemeinsam mit seinen Freunden hat er die z\u00fcndende Idee\u2026\",\"breadcrumb\":{\"@id\":\"https:\\\/\\\/gradido.net\\\/lieblingsstadt-5-wolfgang-wird-arbeitslos-gemeinsam-finden-sie-eine-geniale-loesung\\\/#breadcrumb\"},\"inLanguage\":\"es\",\"potentialAction\":[{\"@type\":\"ReadAction\",\"target\":[\"https:\\\/\\\/gradido.net\\\/lieblingsstadt-5-wolfgang-wird-arbeitslos-gemeinsam-finden-sie-eine-geniale-loesung\\\/\"]}]},{\"@type\":\"ImageObject\",\"inLanguage\":\"es\",\"@id\":\"https:\\\/\\\/gradido.net\\\/lieblingsstadt-5-wolfgang-wird-arbeitslos-gemeinsam-finden-sie-eine-geniale-loesung\\\/#primaryimage\",\"url\":\"https:\\\/\\\/gradido.net\\\/wp-content\\\/uploads\\\/2023\\\/08\\\/Wolfgang_1920_3.jpg\",\"contentUrl\":\"https:\\\/\\\/gradido.net\\\/wp-content\\\/uploads\\\/2023\\\/08\\\/Wolfgang_1920_3.jpg\",\"width\":1920,\"height\":1200},{\"@type\":\"BreadcrumbList\",\"@id\":\"https:\\\/\\\/gradido.net\\\/lieblingsstadt-5-wolfgang-wird-arbeitslos-gemeinsam-finden-sie-eine-geniale-loesung\\\/#breadcrumb\",\"itemListElement\":[{\"@type\":\"ListItem\",\"position\":1,\"name\":\"Startseite\",\"item\":\"https:\\\/\\\/gradido.net\\\/\"},{\"@type\":\"ListItem\",\"position\":2,\"name\":\"Lieblingsstadt 5 \u2013 Wolfgang wird arbeitslos \u2013 gemeinsam finden sie eine geniale L\u00f6sung\"}]},{\"@type\":\"WebSite\",\"@id\":\"https:\\\/\\\/gradido.net\\\/de\\\/#website\",\"url\":\"https:\\\/\\\/gradido.net\\\/de\\\/\",\"name\":\"Gradido\",\"description\":\"Die neue W\u00e4hrung hei\u00dft Dankbarkeit\",\"publisher\":{\"@id\":\"https:\\\/\\\/gradido.net\\\/de\\\/#organization\"},\"potentialAction\":[{\"@type\":\"SearchAction\",\"target\":{\"@type\":\"EntryPoint\",\"urlTemplate\":\"https:\\\/\\\/gradido.net\\\/de\\\/?s={search_term_string}\"},\"query-input\":{\"@type\":\"PropertyValueSpecification\",\"valueRequired\":true,\"valueName\":\"search_term_string\"}}],\"inLanguage\":\"es\"},{\"@type\":\"Organization\",\"@id\":\"https:\\\/\\\/gradido.net\\\/de\\\/#organization\",\"name\":\"Gradido\",\"url\":\"https:\\\/\\\/gradido.net\\\/de\\\/\",\"logo\":{\"@type\":\"ImageObject\",\"inLanguage\":\"es\",\"@id\":\"https:\\\/\\\/gradido.net\\\/de\\\/#\\\/schema\\\/logo\\\/image\\\/\",\"url\":\"https:\\\/\\\/gradido.net\\\/wp-content\\\/uploads\\\/2022\\\/04\\\/gradido-social.jpg\",\"contentUrl\":\"https:\\\/\\\/gradido.net\\\/wp-content\\\/uploads\\\/2022\\\/04\\\/gradido-social.jpg\",\"width\":527,\"height\":273,\"caption\":\"Gradido\"},\"image\":{\"@id\":\"https:\\\/\\\/gradido.net\\\/de\\\/#\\\/schema\\\/logo\\\/image\\\/\"}},{\"@type\":\"Person\",\"@id\":\"https:\\\/\\\/gradido.net\\\/de\\\/#\\\/schema\\\/person\\\/9c503a004ad15a1ddecadce2218db5d1\",\"name\":\"Bernd H\u00fcckst\u00e4dt\",\"sameAs\":[\"https:\\\/\\\/gradido.net\"],\"url\":\"https:\\\/\\\/gradido.net\\\/es\\\/author\\\/bernd\\\/\"}]}<\/script>\n<!-- \/ Yoast SEO plugin. -->","yoast_head_json":{"title":"Ciudad favorita 5 - Wolfgang se queda en paro - juntos encuentran una ingeniosa soluci\u00f3n - Gradido","description":"La \"Lieblingsst\u00e4dter Schuhmanufaktur\" no puede hacer frente a la competencia internacional y tiene que declararse en quiebra. Muchos ciudadanos pierden su empleo. Wolfgang es uno de ellos. Junto con sus amigos tiene la brillante idea...","robots":{"index":"index","follow":"follow","max-snippet":"max-snippet:-1","max-image-preview":"max-image-preview:large","max-video-preview":"max-video-preview:-1"},"canonical":"https:\/\/gradido.net\/es\/lieblingsstadt-5-wolfgang-wird-arbeitslos-gemeinsam-finden-sie-eine-geniale-loesung\/","og_locale":"es_ES","og_type":"article","og_title":"Lieblingsstadt 5 \u2013 Wolfgang wird arbeitslos \u2013 gemeinsam finden sie eine geniale L\u00f6sung - Gradido","og_description":"Die \u201aLieblingsst\u00e4dter Schuhmanufaktur\u2018 kann der internationalen Konkurrenz nicht standhalten und muss Konkurs anmelden. Viele B\u00fcrger verlieren ihren Arbeitsplatz. Wolfgang ist einer von ihnen. Gemeinsam mit seinen Freunden hat er die z\u00fcndende Idee\u2026","og_url":"https:\/\/gradido.net\/es\/lieblingsstadt-5-wolfgang-wird-arbeitslos-gemeinsam-finden-sie-eine-geniale-loesung\/","og_site_name":"Gradido","article_published_time":"2023-08-22T03:59:47+00:00","article_modified_time":"2026-04-23T05:13:06+00:00","og_image":[{"width":1920,"height":1200,"url":"https:\/\/gradido.net\/wp-content\/uploads\/2023\/08\/Wolfgang_1920_3.jpg","type":"image\/jpeg"}],"author":"Bernd H\u00fcckst\u00e4dt","twitter_card":"summary_large_image","twitter_misc":{"Escrito por":"Bernd H\u00fcckst\u00e4dt","Tiempo de lectura":"7 minutos"},"schema":{"@context":"https:\/\/schema.org","@graph":[{"@type":"Article","@id":"https:\/\/gradido.net\/lieblingsstadt-5-wolfgang-wird-arbeitslos-gemeinsam-finden-sie-eine-geniale-loesung\/#article","isPartOf":{"@id":"https:\/\/gradido.net\/lieblingsstadt-5-wolfgang-wird-arbeitslos-gemeinsam-finden-sie-eine-geniale-loesung\/"},"author":{"name":"Bernd H\u00fcckst\u00e4dt","@id":"https:\/\/gradido.net\/de\/#\/schema\/person\/9c503a004ad15a1ddecadce2218db5d1"},"headline":"Lieblingsstadt 5 \u2013 Wolfgang wird arbeitslos \u2013 gemeinsam finden sie eine geniale L\u00f6sung","datePublished":"2023-08-22T03:59:47+00:00","dateModified":"2026-04-23T05:13:06+00:00","mainEntityOfPage":{"@id":"https:\/\/gradido.net\/lieblingsstadt-5-wolfgang-wird-arbeitslos-gemeinsam-finden-sie-eine-geniale-loesung\/"},"wordCount":953,"publisher":{"@id":"https:\/\/gradido.net\/de\/#organization"},"image":{"@id":"https:\/\/gradido.net\/lieblingsstadt-5-wolfgang-wird-arbeitslos-gemeinsam-finden-sie-eine-geniale-loesung\/#primaryimage"},"thumbnailUrl":"https:\/\/gradido.net\/wp-content\/uploads\/2023\/08\/Wolfgang_1920_3.jpg","keywords":["Bild oben"],"articleSection":["Blog","Lieblingsstadt"],"inLanguage":"es"},{"@type":"WebPage","@id":"https:\/\/gradido.net\/lieblingsstadt-5-wolfgang-wird-arbeitslos-gemeinsam-finden-sie-eine-geniale-loesung\/","url":"https:\/\/gradido.net\/lieblingsstadt-5-wolfgang-wird-arbeitslos-gemeinsam-finden-sie-eine-geniale-loesung\/","name":"Ciudad favorita 5 - Wolfgang se queda en paro - juntos encuentran una ingeniosa soluci\u00f3n - Gradido","isPartOf":{"@id":"https:\/\/gradido.net\/de\/#website"},"primaryImageOfPage":{"@id":"https:\/\/gradido.net\/lieblingsstadt-5-wolfgang-wird-arbeitslos-gemeinsam-finden-sie-eine-geniale-loesung\/#primaryimage"},"image":{"@id":"https:\/\/gradido.net\/lieblingsstadt-5-wolfgang-wird-arbeitslos-gemeinsam-finden-sie-eine-geniale-loesung\/#primaryimage"},"thumbnailUrl":"https:\/\/gradido.net\/wp-content\/uploads\/2023\/08\/Wolfgang_1920_3.jpg","datePublished":"2023-08-22T03:59:47+00:00","dateModified":"2026-04-23T05:13:06+00:00","description":"La \"Lieblingsst\u00e4dter Schuhmanufaktur\" no puede hacer frente a la competencia internacional y tiene que declararse en quiebra. Muchos ciudadanos pierden su empleo. Wolfgang es uno de ellos. Junto con sus amigos tiene la brillante idea...","breadcrumb":{"@id":"https:\/\/gradido.net\/lieblingsstadt-5-wolfgang-wird-arbeitslos-gemeinsam-finden-sie-eine-geniale-loesung\/#breadcrumb"},"inLanguage":"es","potentialAction":[{"@type":"ReadAction","target":["https:\/\/gradido.net\/lieblingsstadt-5-wolfgang-wird-arbeitslos-gemeinsam-finden-sie-eine-geniale-loesung\/"]}]},{"@type":"ImageObject","inLanguage":"es","@id":"https:\/\/gradido.net\/lieblingsstadt-5-wolfgang-wird-arbeitslos-gemeinsam-finden-sie-eine-geniale-loesung\/#primaryimage","url":"https:\/\/gradido.net\/wp-content\/uploads\/2023\/08\/Wolfgang_1920_3.jpg","contentUrl":"https:\/\/gradido.net\/wp-content\/uploads\/2023\/08\/Wolfgang_1920_3.jpg","width":1920,"height":1200},{"@type":"BreadcrumbList","@id":"https:\/\/gradido.net\/lieblingsstadt-5-wolfgang-wird-arbeitslos-gemeinsam-finden-sie-eine-geniale-loesung\/#breadcrumb","itemListElement":[{"@type":"ListItem","position":1,"name":"Startseite","item":"https:\/\/gradido.net\/"},{"@type":"ListItem","position":2,"name":"Lieblingsstadt 5 \u2013 Wolfgang wird arbeitslos \u2013 gemeinsam finden sie eine geniale L\u00f6sung"}]},{"@type":"WebSite","@id":"https:\/\/gradido.net\/de\/#website","url":"https:\/\/gradido.net\/de\/","name":"Gradido","description":"La nueva moneda es la gratitud","publisher":{"@id":"https:\/\/gradido.net\/de\/#organization"},"potentialAction":[{"@type":"SearchAction","target":{"@type":"EntryPoint","urlTemplate":"https:\/\/gradido.net\/de\/?s={search_term_string}"},"query-input":{"@type":"PropertyValueSpecification","valueRequired":true,"valueName":"search_term_string"}}],"inLanguage":"es"},{"@type":"Organization","@id":"https:\/\/gradido.net\/de\/#organization","name":"Gradido","url":"https:\/\/gradido.net\/de\/","logo":{"@type":"ImageObject","inLanguage":"es","@id":"https:\/\/gradido.net\/de\/#\/schema\/logo\/image\/","url":"https:\/\/gradido.net\/wp-content\/uploads\/2022\/04\/gradido-social.jpg","contentUrl":"https:\/\/gradido.net\/wp-content\/uploads\/2022\/04\/gradido-social.jpg","width":527,"height":273,"caption":"Gradido"},"image":{"@id":"https:\/\/gradido.net\/de\/#\/schema\/logo\/image\/"}},{"@type":"Person","@id":"https:\/\/gradido.net\/de\/#\/schema\/person\/9c503a004ad15a1ddecadce2218db5d1","name":"Bernd H\u00fcckst\u00e4dt","sameAs":["https:\/\/gradido.net"],"url":"https:\/\/gradido.net\/es\/author\/bernd\/"}]}},"_links":{"self":[{"href":"https:\/\/gradido.net\/es\/wp-json\/wp\/v2\/posts\/7278","targetHints":{"allow":["GET"]}}],"collection":[{"href":"https:\/\/gradido.net\/es\/wp-json\/wp\/v2\/posts"}],"about":[{"href":"https:\/\/gradido.net\/es\/wp-json\/wp\/v2\/types\/post"}],"author":[{"embeddable":true,"href":"https:\/\/gradido.net\/es\/wp-json\/wp\/v2\/users\/2"}],"replies":[{"embeddable":true,"href":"https:\/\/gradido.net\/es\/wp-json\/wp\/v2\/comments?post=7278"}],"version-history":[{"count":59,"href":"https:\/\/gradido.net\/es\/wp-json\/wp\/v2\/posts\/7278\/revisions"}],"predecessor-version":[{"id":13545,"href":"https:\/\/gradido.net\/es\/wp-json\/wp\/v2\/posts\/7278\/revisions\/13545"}],"wp:featuredmedia":[{"embeddable":true,"href":"https:\/\/gradido.net\/es\/wp-json\/wp\/v2\/media\/7282"}],"wp:attachment":[{"href":"https:\/\/gradido.net\/es\/wp-json\/wp\/v2\/media?parent=7278"}],"wp:term":[{"taxonomy":"category","embeddable":true,"href":"https:\/\/gradido.net\/es\/wp-json\/wp\/v2\/categories?post=7278"},{"taxonomy":"post_tag","embeddable":true,"href":"https:\/\/gradido.net\/es\/wp-json\/wp\/v2\/tags?post=7278"}],"curies":[{"name":"wp","href":"https:\/\/api.w.org\/{rel}","templated":true}]}}