{"id":7720,"date":"2023-09-27T15:32:45","date_gmt":"2023-09-27T13:32:45","guid":{"rendered":"https:\/\/gradido.net\/?p=7720"},"modified":"2026-04-23T07:11:58","modified_gmt":"2026-04-23T05:11:58","slug":"lieblingsstadt-14-trotz-lehrermangel-schueler-werden-zu-genies","status":"publish","type":"post","link":"https:\/\/gradido.net\/es\/lieblingsstadt-14-trotz-lehrermangel-schueler-werden-zu-genies\/","title":{"rendered":"Ciudad favorita 14 - A pesar de la escasez de profesores: los alumnos se convierten en genios"},"content":{"rendered":"<div data-elementor-type=\"wp-post\" data-elementor-id=\"7720\" class=\"elementor elementor-7720\" data-elementor-post-type=\"post\">\n\t\t\t\t\t\t<section class=\"elementor-section elementor-top-section elementor-element elementor-element-496e1d53 elementor-section-boxed elementor-section-height-default elementor-section-height-default\" data-id=\"496e1d53\" data-element_type=\"section\" data-e-type=\"section\">\n\t\t\t\t\t\t<div class=\"elementor-container elementor-column-gap-default\">\n\t\t\t\t\t<div class=\"elementor-column elementor-col-100 elementor-top-column elementor-element elementor-element-461d7be0\" data-id=\"461d7be0\" data-element_type=\"column\" data-e-type=\"column\">\n\t\t\t<div class=\"elementor-widget-wrap elementor-element-populated\">\n\t\t\t\t\t\t<div class=\"elementor-element elementor-element-cd9ebe2 elementor-widget elementor-widget-text-editor\" data-id=\"cd9ebe2\" data-element_type=\"widget\" data-e-type=\"widget\" data-widget_type=\"text-editor.default\">\n\t\t\t\t<div class=\"elementor-widget-container\">\n\t\t\t\t\t\t\t\t\t<p style=\"text-align: right;\"><em>\"Si aplicamos este sistema de aprendizaje en nuestras escuelas, la Ciudad Favorita pasar\u00e1 a la historia. Porque lo que nosotros podemos hacer, lo puede hacer toda la gente. Est\u00e1 creciendo una nueva generaci\u00f3n de genios, \u00a1capaces de resolver juntos los grandes problemas de este mundo!\".<\/em><\/p><p>Estimado lector,<\/p><p>En Alemania faltan profesores. Seg\u00fan el estudio PISA, una cuarta parte de los alumnos no sabe leer, escribir ni calcular correctamente. Esto tambi\u00e9n se nota en Lieblingsstadt. Para Michael Miteinand, alcalde comprometido de la ciudad, se trata de una situaci\u00f3n intolerable.<\/p><p>Junto con Sibylle Lernfroh, directora de la escuela integral, convoca a su equipo de expertos para una reuni\u00f3n de crisis. Tambi\u00e9n est\u00e1n invitados empresarios, padres comprometidos y representantes de la asociaci\u00f3n educativa Lieblingsstadt. Michael quiere hacer de Lieblingsstadt un buque insignia de la educaci\u00f3n excelente.<\/p><p>Kerstin Frank, madre de tres hijos y presidenta de la asociaci\u00f3n de educaci\u00f3n, toma la palabra. Dice que la asociaci\u00f3n quiere fundar una escuela gratuita. En ella, se preparar\u00e1 a los ni\u00f1os para la vida de una forma amena y respetuosa con el cerebro. Sin embargo, los obst\u00e1culos burocr\u00e1ticos para fundar una escuela son muy altos.<\/p><p>\"\u00bfQu\u00e9 deber\u00eda hacerse de forma diferente a como se hace en nuestras escuelas?\", quiere saber Michael.<\/p><h2>Los mejores m\u00e9todos de aprendizaje del mundo combinados en un solo sistema<\/h2><p>Kerstin informa sobre otra asociaci\u00f3n educativa cuyo fundador ha recopilado las mejores t\u00e9cnicas de aprendizaje del mundo y las ense\u00f1a a los alumnos con gran \u00e9xito.\u00a0<\/p><p>T\u00e9cnicas de memorizaci\u00f3n probadas para nombres, historia y lenguas extranjeras, matem\u00e1ticas, echar ra\u00edces en la cabeza, dominar la memoria num\u00e9rica y mucho m\u00e1s, combinadas en un sistema de aprendizaje con el que estudiantes y adultos pueden adquirir casi cualquier conocimiento en el menor tiempo posible.\u00a0<\/p><p>En cientos de presentaciones a miles de alumnos, profesores y padres, se ha demostrado una y otra vez que todos los ni\u00f1os pueden aprender el material escolar normal en una hora al d\u00eda de forma l\u00fadica y divertida.<\/p><p><strong>La asociaci\u00f3n ya ofrece gratuitamente cientos de v\u00eddeos de aprendizaje sobre todo tipo de temas. Los v\u00eddeos han demostrado su utilidad durante los encierros. Se ampl\u00edan constantemente, de modo que ya se dispone de v\u00eddeos para pr\u00e1cticamente todas las asignaturas escolares.<\/strong><\/p><p>La asociaci\u00f3n recibe constantemente cartas de agradecimiento de alumnos que escriben en el siguiente sentido: <strong>\"Antes pensaba que era idiota. Ahora s\u00e9 que soy un genio\".<\/strong><\/p><p>En los pa\u00edses de habla alemana se est\u00e1n formando numerosas iniciativas que quieren crear escuelas libres seg\u00fan este sistema. Sin embargo, las principales dificultades son los requisitos legales. Cuando los proyectos de escuelas fracasan, no es por problemas escolares, sino jur\u00eddicos.<\/p><p>\"\u00bfY estos m\u00e9todos funcionan realmente tan bien?\", pregunta Sibylle.<\/p><h2>Probado mil veces, funciona para todos.<\/h2><p>\"S\u00ed, definitivamente con todos los alumnos. El concepto se ha probado mil veces. Puede que algunos alumnos necesiten media hora m\u00e1s, pero eso no deber\u00eda ser un problema\", explica Kerstin.<\/p><p>\"\u00bfY si utiliz\u00e1ramos este sistema de aprendizaje en nuestras escuelas?\", quiere saber Michael, \"entonces no necesitar\u00edas crear tu propia escuela y todos los estudiantes favoritos de la ciudad se convertir\u00edan en genios\".<\/p>\t\t\t\t\t\t\t\t<\/div>\n\t\t\t\t<\/div>\n\t\t\t\t<div class=\"elementor-element elementor-element-b482206 elementor-widget elementor-widget-image\" data-id=\"b482206\" data-element_type=\"widget\" data-e-type=\"widget\" data-widget_type=\"image.default\">\n\t\t\t\t<div class=\"elementor-widget-container\">\n\t\t\t\t\t\t\t\t\t\t\t\t\t\t\t<img fetchpriority=\"high\" decoding=\"async\" width=\"500\" height=\"312\" src=\"https:\/\/gradido.net\/wp-content\/uploads\/2023\/09\/Erde_500.jpg\" class=\"attachment-full size-full wp-image-7729\" alt=\"\" srcset=\"https:\/\/gradido.net\/wp-content\/uploads\/2023\/09\/Erde_500.jpg 500w, https:\/\/gradido.net\/wp-content\/uploads\/2023\/09\/Erde_500-300x187.jpg 300w, https:\/\/gradido.net\/wp-content\/uploads\/2023\/09\/Erde_500-18x12.jpg 18w\" sizes=\"(max-width: 500px) 100vw, 500px\" \/>\t\t\t\t\t\t\t\t\t\t\t\t\t\t\t<\/div>\n\t\t\t\t<\/div>\n\t\t\t\t<div class=\"elementor-element elementor-element-c5e61d4 elementor-widget elementor-widget-text-editor\" data-id=\"c5e61d4\" data-element_type=\"widget\" data-e-type=\"widget\" data-widget_type=\"text-editor.default\">\n\t\t\t\t<div class=\"elementor-widget-container\">\n\t\t\t\t\t\t\t\t\t<p>piensa Kerstin: <br \/><strong>\"Si aplicamos este sistema de aprendizaje en nuestras escuelas, la Ciudad Favorita pasar\u00e1 a la historia. Porque lo que nosotros podemos hacer, lo puede hacer toda la gente. Est\u00e1 creciendo una nueva generaci\u00f3n de genios, \u00a1capaces de resolver juntos los grandes problemas de este mundo!\".<\/strong><\/p><p>De repente se hace el silencio, se podr\u00eda haber o\u00eddo caer un alfiler.<\/p><p>Al cabo de un rato, Siegbert, el tesorero municipal, rompe el silencio:<br \/>\"Si esto funciona de verdad y los alumnos s\u00f3lo tienen que estudiar una hora al d\u00eda, \u00bfqu\u00e9 hacen el resto del d\u00eda? Al fin y al cabo, tenemos un deber de supervisi\u00f3n\".<\/p><p>\"Como los alumnos ya han completado su programa obligatorio en una clase, deciden por s\u00ed mismos qu\u00e9 quieren aprender adem\u00e1s para la vida\", responde Kerstin. \"Eso puede ser muy diferente para cada individuo.<\/p>\t\t\t\t\t\t\t\t<\/div>\n\t\t\t\t<\/div>\n\t\t\t\t<div class=\"elementor-element elementor-element-0370142 elementor-widget elementor-widget-image\" data-id=\"0370142\" data-element_type=\"widget\" data-e-type=\"widget\" data-widget_type=\"image.default\">\n\t\t\t\t<div class=\"elementor-widget-container\">\n\t\t\t\t\t\t\t\t\t\t\t\t\t\t\t<img decoding=\"async\" width=\"500\" height=\"312\" src=\"https:\/\/gradido.net\/wp-content\/uploads\/2023\/09\/Schulgarten_500.jpg\" class=\"attachment-full size-full wp-image-7733\" alt=\"\" srcset=\"https:\/\/gradido.net\/wp-content\/uploads\/2023\/09\/Schulgarten_500.jpg 500w, https:\/\/gradido.net\/wp-content\/uploads\/2023\/09\/Schulgarten_500-300x187.jpg 300w, https:\/\/gradido.net\/wp-content\/uploads\/2023\/09\/Schulgarten_500-18x12.jpg 18w\" sizes=\"(max-width: 500px) 100vw, 500px\" \/>\t\t\t\t\t\t\t\t\t\t\t\t\t\t\t<\/div>\n\t\t\t\t<\/div>\n\t\t\t\t<div class=\"elementor-element elementor-element-72613e6 elementor-widget elementor-widget-text-editor\" data-id=\"72613e6\" data-element_type=\"widget\" data-e-type=\"widget\" data-widget_type=\"text-editor.default\">\n\t\t\t\t<div class=\"elementor-widget-container\">\n\t\t\t\t\t\t\t\t\t<p>Algunos alumnos aprender\u00e1n a cultivar alimentos para alimentarse sanamente a s\u00ed mismos y a los dem\u00e1s en la Granja Solidaria...<\/p><p>...otros se limitan a husmear en la panader\u00eda o en el taller de coches...<\/p>\t\t\t\t\t\t\t\t<\/div>\n\t\t\t\t<\/div>\n\t\t\t\t<div class=\"elementor-element elementor-element-1abcc0e elementor-widget elementor-widget-image\" data-id=\"1abcc0e\" data-element_type=\"widget\" data-e-type=\"widget\" data-widget_type=\"image.default\">\n\t\t\t\t<div class=\"elementor-widget-container\">\n\t\t\t\t\t\t\t\t\t\t\t\t\t\t\t<img decoding=\"async\" width=\"500\" height=\"312\" src=\"https:\/\/gradido.net\/wp-content\/uploads\/2023\/09\/Ma\u0308dchen_Werkstatt_500.jpg\" class=\"attachment-full size-full wp-image-7734\" alt=\"\" srcset=\"https:\/\/gradido.net\/wp-content\/uploads\/2023\/09\/Ma\u0308dchen_Werkstatt_500.jpg 500w, https:\/\/gradido.net\/wp-content\/uploads\/2023\/09\/Ma\u0308dchen_Werkstatt_500-300x187.jpg 300w, https:\/\/gradido.net\/wp-content\/uploads\/2023\/09\/Ma\u0308dchen_Werkstatt_500-18x12.jpg 18w\" sizes=\"(max-width: 500px) 100vw, 500px\" \/>\t\t\t\t\t\t\t\t\t\t\t\t\t\t\t<\/div>\n\t\t\t\t<\/div>\n\t\t\t\t<div class=\"elementor-element elementor-element-1e0b13e elementor-widget elementor-widget-text-editor\" data-id=\"1e0b13e\" data-element_type=\"widget\" data-e-type=\"widget\" data-widget_type=\"text-editor.default\">\n\t\t\t\t<div class=\"elementor-widget-container\">\n\t\t\t\t\t\t\t\t\t<p>Dependiendo de su edad e inter\u00e9s, se les invita a hacer pr\u00e1cticas en nuestras empresas para que conozcan una gran variedad de profesiones.\"<\/p>\t\t\t\t\t\t\t\t<\/div>\n\t\t\t\t<\/div>\n\t\t\t\t<div class=\"elementor-element elementor-element-c660b78 elementor-widget elementor-widget-image\" data-id=\"c660b78\" data-element_type=\"widget\" data-e-type=\"widget\" data-widget_type=\"image.default\">\n\t\t\t\t<div class=\"elementor-widget-container\">\n\t\t\t\t\t\t\t\t\t\t\t\t\t\t\t<img loading=\"lazy\" decoding=\"async\" width=\"500\" height=\"312\" src=\"https:\/\/gradido.net\/wp-content\/uploads\/2023\/09\/Ma\u0308dchen_Maurer_500.jpg\" class=\"attachment-full size-full wp-image-7741\" alt=\"\" srcset=\"https:\/\/gradido.net\/wp-content\/uploads\/2023\/09\/Ma\u0308dchen_Maurer_500.jpg 500w, https:\/\/gradido.net\/wp-content\/uploads\/2023\/09\/Ma\u0308dchen_Maurer_500-300x187.jpg 300w, https:\/\/gradido.net\/wp-content\/uploads\/2023\/09\/Ma\u0308dchen_Maurer_500-18x12.jpg 18w\" sizes=\"(max-width: 500px) 100vw, 500px\" \/>\t\t\t\t\t\t\t\t\t\t\t\t\t\t\t<\/div>\n\t\t\t\t<\/div>\n\t\t\t\t<div class=\"elementor-element elementor-element-5b36741 elementor-widget elementor-widget-text-editor\" data-id=\"5b36741\" data-element_type=\"widget\" data-e-type=\"widget\" data-widget_type=\"text-editor.default\">\n\t\t\t\t<div class=\"elementor-widget-container\">\n\t\t\t\t\t\t\t\t\t<p>\"Si quieres, puedes aprender uno o varios oficios con nosotros\", dice Robert, contratista de obras.<\/p>\t\t\t\t\t\t\t\t<\/div>\n\t\t\t\t<\/div>\n\t\t\t\t<div class=\"elementor-element elementor-element-dcfb713 elementor-widget elementor-widget-image\" data-id=\"dcfb713\" data-element_type=\"widget\" data-e-type=\"widget\" data-widget_type=\"image.default\">\n\t\t\t\t<div class=\"elementor-widget-container\">\n\t\t\t\t\t\t\t\t\t\t\t\t\t\t\t<img loading=\"lazy\" decoding=\"async\" width=\"500\" height=\"312\" src=\"https:\/\/gradido.net\/wp-content\/uploads\/2023\/09\/Tonstudio_500.jpg\" class=\"attachment-full size-full wp-image-7742\" alt=\"\" srcset=\"https:\/\/gradido.net\/wp-content\/uploads\/2023\/09\/Tonstudio_500.jpg 500w, https:\/\/gradido.net\/wp-content\/uploads\/2023\/09\/Tonstudio_500-300x187.jpg 300w, https:\/\/gradido.net\/wp-content\/uploads\/2023\/09\/Tonstudio_500-18x12.jpg 18w\" sizes=\"(max-width: 500px) 100vw, 500px\" \/>\t\t\t\t\t\t\t\t\t\t\t\t\t\t\t<\/div>\n\t\t\t\t<\/div>\n\t\t\t\t<div class=\"elementor-element elementor-element-e572983 elementor-widget elementor-widget-text-editor\" data-id=\"e572983\" data-element_type=\"widget\" data-e-type=\"widget\" data-widget_type=\"text-editor.default\">\n\t\t\t\t<div class=\"elementor-widget-container\">\n\t\t\t\t\t\t\t\t\t<p>\"El arte, la cultura y el deporte tambi\u00e9n pueden fascinar\", dice encantado Simon, director cultural de Lieblingsstadt. \"Pintura, escultura, m\u00fasica, teatro, cine, performance... todo ello inspira a muchos j\u00f3venes, por no hablar de la gran oferta deportiva de nuestra ciudad\".<\/p><p>De este modo, los j\u00f3venes configuran activamente su \"ciudad favorita\", en la que m\u00e1s tarde disfrutar\u00e1n viviendo como adultos\", afirma Michael con entusiasmo.<\/p><p>\"\u00bfNecesitamos m\u00e1s profesores para esto?\", se pregunta Siegbert.<\/p><p>\"Desde la asociaci\u00f3n educativa, muchos miembros se ofrecen voluntarios como gu\u00edas de aprendizaje. El aprendizaje entre iguales tambi\u00e9n ha tenido mucho \u00e9xito, lo que significa que los alumnos se ense\u00f1an unos a otros\", explica Kerstin, \"as\u00ed que no necesitamos m\u00e1s profesores, al contrario: los profesores se sienten aliviados. Pueden dedicarse mucho mejor a cada alumno\".<\/p><p>\"En las empresas tambi\u00e9n se supervisa a los j\u00f3venes\", dice Robert. \"Cuanto m\u00e1s conf\u00edas en los j\u00f3venes, m\u00e1s responsables se vuelven. Esa es mi experiencia.<\/p><h2>La mejor manera de aprender es a trav\u00e9s de proyectos<\/h2><p>Siegbert lee en sus registros: \"Los profesores suelen faltar sobre todo en las llamadas asignaturas MINT, es decir, matem\u00e1ticas, inform\u00e1tica, ciencias naturales y tecnolog\u00eda\".<\/p><p>\"Estos temas se aprenden mejor en los proyectos\". Roman, propietario de LieblingsTEC, una empresa tecnol\u00f3gica local, sabe de lo que habla. Es el fundador de la asociaci\u00f3n KidsTEC e.V., en la que ni\u00f1os y j\u00f3venes superdotados t\u00e9cnicamente se re\u00fanen en equipos \u00e1giles y desarrollan soluciones poco convencionales a problemas muy diversos. Ya han ganado varios premios en \"Jugend Forscht\" y concursos similares.\u00a0<\/p><p>\"Los j\u00f3venes siempre nos sorprenden\", a\u00f1ade Roman, \"sobre todo somos nosotros los que aprendemos de ellos y no al rev\u00e9s. En realidad, los adultos s\u00f3lo tenemos que crear las condiciones marco, y a los chavales se les ocurren soluciones que a nosotros nunca se nos habr\u00edan ocurrido en la vida.\"<\/p>\t\t\t\t\t\t\t\t<\/div>\n\t\t\t\t<\/div>\n\t\t\t\t<div class=\"elementor-element elementor-element-043c552 elementor-widget elementor-widget-image\" data-id=\"043c552\" data-element_type=\"widget\" data-e-type=\"widget\" data-widget_type=\"image.default\">\n\t\t\t\t<div class=\"elementor-widget-container\">\n\t\t\t\t\t\t\t\t\t\t\t\t\t\t\t<img loading=\"lazy\" decoding=\"async\" width=\"500\" height=\"312\" src=\"https:\/\/gradido.net\/wp-content\/uploads\/2023\/09\/Ma\u0308dchen_Robotic_500.jpg\" class=\"attachment-full size-full wp-image-7743\" alt=\"\" srcset=\"https:\/\/gradido.net\/wp-content\/uploads\/2023\/09\/Ma\u0308dchen_Robotic_500.jpg 500w, https:\/\/gradido.net\/wp-content\/uploads\/2023\/09\/Ma\u0308dchen_Robotic_500-300x187.jpg 300w, https:\/\/gradido.net\/wp-content\/uploads\/2023\/09\/Ma\u0308dchen_Robotic_500-18x12.jpg 18w\" sizes=\"(max-width: 500px) 100vw, 500px\" \/>\t\t\t\t\t\t\t\t\t\t\t\t\t\t\t<\/div>\n\t\t\t\t<\/div>\n\t\t\t\t<div class=\"elementor-element elementor-element-364b916 elementor-widget elementor-widget-text-editor\" data-id=\"364b916\" data-element_type=\"widget\" data-e-type=\"widget\" data-widget_type=\"text-editor.default\">\n\t\t\t\t<div class=\"elementor-widget-container\">\n\t\t\t\t\t\t\t\t\t<p>Roman sugiere sentarse con los profesores de STEM, KidsTEC y los alumnos para dise\u00f1ar juntos proyectos apasionantes. Al realizar los proyectos, el material did\u00e1ctico fluye casi como algo secundario.\u00a0<\/p><p>\"Las matem\u00e1ticas y las ciencias son f\u00e1ciles cuando puedes cumplir tus deseos con ellas. Entonces las sinapsis del cerebro se disparan y aprendes a una velocidad r\u00e9cord. En KidsTEC lo experimentamos cada d\u00eda. Las mejores ideas vienen de los ni\u00f1os\".<\/p>\t\t\t\t\t\t\t\t<\/div>\n\t\t\t\t<\/div>\n\t\t\t\t<div class=\"elementor-element elementor-element-68f51e6 elementor-widget elementor-widget-image\" data-id=\"68f51e6\" data-element_type=\"widget\" data-e-type=\"widget\" data-widget_type=\"image.default\">\n\t\t\t\t<div class=\"elementor-widget-container\">\n\t\t\t\t\t\t\t\t\t\t\t\t\t\t\t<img loading=\"lazy\" decoding=\"async\" width=\"500\" height=\"312\" src=\"https:\/\/gradido.net\/wp-content\/uploads\/2023\/09\/Junge_Labor_500.jpg\" class=\"attachment-large size-large wp-image-7744\" alt=\"\" srcset=\"https:\/\/gradido.net\/wp-content\/uploads\/2023\/09\/Junge_Labor_500.jpg 500w, https:\/\/gradido.net\/wp-content\/uploads\/2023\/09\/Junge_Labor_500-300x187.jpg 300w, https:\/\/gradido.net\/wp-content\/uploads\/2023\/09\/Junge_Labor_500-18x12.jpg 18w\" sizes=\"(max-width: 500px) 100vw, 500px\" \/>\t\t\t\t\t\t\t\t\t\t\t\t\t\t\t<\/div>\n\t\t\t\t<\/div>\n\t\t\t\t<div class=\"elementor-element elementor-element-97205b6 elementor-widget elementor-widget-text-editor\" data-id=\"97205b6\" data-element_type=\"widget\" data-e-type=\"widget\" data-widget_type=\"text-editor.default\">\n\t\t\t\t<div class=\"elementor-widget-container\">\n\t\t\t\t\t\t\t\t\t<p>Ahora la vida entra en la sala. Todo el mundo parece hablar con todo el mundo, y las ideas surgen...<\/p><p>\"Mis queridos amigos\", Michael toma la palabra, \"Esto es fant\u00e1stico: \u00a1ser\u00e1 otro hito en nuestra gran cooperaci\u00f3n!\".\u00a0<\/p><p>Tras una breve pausa para reflexionar, prosigue:\u00a0<br \/>\"Y, de nuevo, tenemos mucho trabajo voluntario, la asociaci\u00f3n educativa, KidsTEC y, por supuesto, los estudiantes, que contribuyen a los diversos proyectos y crean as\u00ed un enorme valor a\u00f1adido, para ellos mismos, para la comunidad y para el conjunto. Seg\u00fan el modelo Gradido, todo el trabajo voluntario se remunera a 20 Gradido la hora - actualmente todav\u00eda hasta un m\u00e1ximo de 1.000 Gradido por cabeza y mes, pero aqu\u00ed tambi\u00e9n estamos evolucionando\".<\/p>\t\t\t\t\t\t\t\t<\/div>\n\t\t\t\t<\/div>\n\t\t\t\t<div class=\"elementor-element elementor-element-e858257 elementor-widget-divider--view-line elementor-widget elementor-widget-divider\" data-id=\"e858257\" data-element_type=\"widget\" data-e-type=\"widget\" data-widget_type=\"divider.default\">\n\t\t\t\t<div class=\"elementor-widget-container\">\n\t\t\t\t\t\t\t<div class=\"elementor-divider\">\n\t\t\t<span class=\"elementor-divider-separator\">\n\t\t\t\t\t\t<\/span>\n\t\t<\/div>\n\t\t\t\t\t\t<\/div>\n\t\t\t\t<\/div>\n\t\t\t\t<div class=\"elementor-element elementor-element-d74dfa0 elementor-widget elementor-widget-text-editor\" data-id=\"d74dfa0\" data-element_type=\"widget\" data-e-type=\"widget\" data-widget_type=\"text-editor.default\">\n\t\t\t\t<div class=\"elementor-widget-container\">\n\t\t\t\t\t\t\t\t\t<div data-pm-slice=\"1 1 []\" data-en-clipboard=\"true\"><p>En <strong>Gran cooperaci\u00f3n<\/strong> adquiere dimensiones insospechadas. En el 14\u00ba episodio de la popular serie <strong>\"Gradido en ciudad favorita\" <\/strong>los habitantes de Lieblingsstadt salvan literalmente el mundo, o mejor dicho, se aseguran de que crezca una generaci\u00f3n de genios capaces de resolver los grandes problemas del mundo.<\/p><p>Est\u00e1 definitivamente demostrado que la cooperaci\u00f3n es mucho mejor que la competencia. Porque lo que pueden hacer nuestros urbanitas favoritos, lo pueden hacer todas las personas del mundo. Y eso es bueno, porque solo juntos podremos resolver los problemas de la humanidad.<\/p><p>Este proyecto educativo tambi\u00e9n se lleva a cabo en gran medida de forma voluntaria. Con la ayuda del sistema de remuneraci\u00f3n de voluntarios \"Gradido\", el trabajo voluntario se remunera con 20 Gradido por hora.<\/p><p>Para los Gradidos, hay una serie de ventajas y descuentos que pueden canjear en los comercios locales. Adem\u00e1s, se produce un animado intercambio entre los ciudadanos. Esto reduce los costes para todos los implicados y los grandes proyectos se hacen factibles. Una situaci\u00f3n en la que todos salen ganando.<\/p><p><strong>No dude en reenviar esta serie a su ayuntamiento, asociaciones y empresas.<\/strong><\/p><p>Con Gradido y la Gran Cooperaci\u00f3n generamos <strong>Espirales ascendentes<\/strong> para configurar positivamente el futuro de forma sostenible. Juntos estamos transformando nuestras ciudades y pueblos en oasis vibrantes y pr\u00f3speros: \u00a1nuestros lugares favoritos!<\/p><p>Saludos cordiales<\/p><\/div><p>Suyo<\/p><p><img loading=\"lazy\" decoding=\"async\" class=\"alignnone wp-image-4614 size-medium\" src=\"https:\/\/gradido.net\/wp-content\/uploads\/2022\/06\/MargretBernd_2022-300x74.png\" alt=\"\" width=\"300\" height=\"74\" srcset=\"https:\/\/gradido.net\/wp-content\/uploads\/2022\/06\/MargretBernd_2022-300x74.png 300w, https:\/\/gradido.net\/wp-content\/uploads\/2022\/06\/MargretBernd_2022-18x4.png 18w, https:\/\/gradido.net\/wp-content\/uploads\/2022\/06\/MargretBernd_2022.png 431w\" sizes=\"(max-width: 300px) 100vw, 300px\" \/><\/p><p>Margret Baier y Bernd H\u00fcckst\u00e4dt<br \/>Fundador y desarrollador de Gradido<\/p>\t\t\t\t\t\t\t\t<\/div>\n\t\t\t\t<\/div>\n\t\t\t\t\t<\/div>\n\t\t<\/div>\n\t\t\t\t\t<\/div>\n\t\t<\/section>\n\t\t\t\t<section class=\"elementor-section elementor-top-section elementor-element elementor-element-bc5544d elementor-section-boxed elementor-section-height-default elementor-section-height-default\" data-id=\"bc5544d\" data-element_type=\"section\" data-e-type=\"section\">\n\t\t\t\t\t\t<div class=\"elementor-container elementor-column-gap-default\">\n\t\t\t\t\t<div class=\"elementor-column elementor-col-100 elementor-top-column elementor-element elementor-element-0c243ab\" data-id=\"0c243ab\" data-element_type=\"column\" data-e-type=\"column\">\n\t\t\t<div class=\"elementor-widget-wrap elementor-element-populated\">\n\t\t\t\t\t\t<div class=\"elementor-element elementor-element-847da1e elementor-position-inline-start white-links elementor-widget__width-initial elementor-view-default elementor-mobile-position-block-start elementor-widget elementor-widget-icon-box\" data-id=\"847da1e\" data-element_type=\"widget\" data-e-type=\"widget\" data-no-translation=\"\" data-widget_type=\"icon-box.default\">\n\t\t\t\t<div class=\"elementor-widget-container\">\n\t\t\t\t\t<style>.elementor-element-847da1e{display:none !important}<\/style>\t\t\t\t<\/div>\n\t\t\t\t<\/div>\n\t\t\t\t\t<\/div>\n\t\t<\/div>\n\t\t\t\t\t<\/div>\n\t\t<\/section>\n\t\t\t\t<section class=\"elementor-section elementor-top-section elementor-element elementor-element-14532fe elementor-section-boxed elementor-section-height-default elementor-section-height-default\" data-id=\"14532fe\" data-element_type=\"section\" data-e-type=\"section\">\n\t\t\t\t\t\t<div class=\"elementor-container elementor-column-gap-default\">\n\t\t\t\t\t<div class=\"elementor-column elementor-col-100 elementor-top-column elementor-element elementor-element-65d2298\" data-id=\"65d2298\" data-element_type=\"column\" data-e-type=\"column\">\n\t\t\t<div class=\"elementor-widget-wrap elementor-element-populated\">\n\t\t\t\t\t\t<div class=\"elementor-element elementor-element-42be1cc elementor-widget elementor-widget-global elementor-global-9341 elementor-widget-text-editor\" data-id=\"42be1cc\" data-element_type=\"widget\" data-e-type=\"widget\" data-widget_type=\"text-editor.default\">\n\t\t\t\t<div class=\"elementor-widget-container\">\n\t\t\t\t\t\t\t\t\t<p><strong>PS:\u00a0<span style=\"color: #ff6600;\"><a style=\"color: #ff6600;\" href=\"https:\/\/gradido.net\/es\/donations\/\">Debido a la creciente importancia de Gradido, repetimos nuestra campa\u00f1a de agradecimiento el 26 de junio de 2026:<\/a>\u00a0<\/span><span style=\"color: #0000ff;\"><a style=\"color: #0000ff;\" href=\"https:\/\/gradido.net\/es\/donations\/\">Adem\u00e1s del m\u00faltiple GradidoTransform por tu aportaci\u00f3n de apadrinamiento, aumentaremos todos los saldos de las cuentas GDT en 26% el 26\/06\/2016. \u00a1Apadrina ahora y disfruta de la cantidad m\u00faltiple de GDT!<\/a><\/span><\/strong><\/p>\t\t\t\t\t\t\t\t<\/div>\n\t\t\t\t<\/div>\n\t\t\t\t\t<\/div>\n\t\t<\/div>\n\t\t\t\t\t<\/div>\n\t\t<\/section>\n\t\t\t\t<\/div>","protected":false},"excerpt":{"rendered":"<p>En Alemania faltan profesores. Seg\u00fan el estudio PISA, una cuarta parte de los alumnos no sabe leer, escribir ni calcular correctamente. Esto tambi\u00e9n se nota en Lieblingsstadt. Para Michael Miteinand, alcalde comprometido de la ciudad, se trata de una situaci\u00f3n intolerable. Los vecinos del pueblo encuentran la soluci\u00f3n.<\/p>","protected":false},"author":2,"featured_media":7721,"comment_status":"closed","ping_status":"closed","sticky":false,"template":"","format":"standard","meta":{"footnotes":""},"categories":[11,53],"tags":[],"class_list":["post-7720","post","type-post","status-publish","format-standard","has-post-thumbnail","hentry","category-blog","category-lieblingsstadt"],"yoast_head":"<!-- This site is optimized with the Yoast SEO plugin v27.5 - https:\/\/yoast.com\/product\/yoast-seo-wordpress\/ -->\n<title>Lieblingsstadt 14 \u2013 Trotz Lehrkr\u00e4ftemangel: Sch\u00fcler werden zu Genies - Gradido<\/title>\n<meta name=\"description\" content=\"In Deutschland herrscht Lehrkr\u00e4ftemangel. Laut PISA-Studie\u00a0 k\u00f6nnen ein Viertel der Sch\u00fcler nicht richtig lesen, schreiben und rechnen. Auch in Lieblingsstadt ist das sp\u00fcrbar. F\u00fcr Michael Miteinand, den engagierten B\u00fcrgermeister der Stadt, ein untragbarer Zustand. Die Lieblingsst\u00e4dter finden die L\u00f6sung.\" \/>\n<meta name=\"robots\" content=\"index, follow, max-snippet:-1, max-image-preview:large, max-video-preview:-1\" \/>\n<link rel=\"canonical\" href=\"https:\/\/gradido.net\/es\/lieblingsstadt-14-trotz-lehrermangel-schueler-werden-zu-genies\/\" \/>\n<meta property=\"og:locale\" content=\"es_ES\" \/>\n<meta property=\"og:type\" content=\"article\" \/>\n<meta property=\"og:title\" content=\"Lieblingsstadt 14 \u2013 Trotz Lehrkr\u00e4ftemangel: Sch\u00fcler werden zu Genies - Gradido\" \/>\n<meta property=\"og:description\" content=\"In Deutschland herrscht Lehrkr\u00e4ftemangel. Laut PISA-Studie\u00a0 k\u00f6nnen ein Viertel der Sch\u00fcler nicht richtig lesen, schreiben und rechnen. Auch in Lieblingsstadt ist das sp\u00fcrbar. F\u00fcr Michael Miteinand, den engagierten B\u00fcrgermeister der Stadt, ein untragbarer Zustand. Die Lieblingsst\u00e4dter finden die L\u00f6sung.\" \/>\n<meta property=\"og:url\" content=\"https:\/\/gradido.net\/es\/lieblingsstadt-14-trotz-lehrermangel-schueler-werden-zu-genies\/\" \/>\n<meta property=\"og:site_name\" content=\"Gradido\" \/>\n<meta property=\"article:published_time\" content=\"2023-09-27T13:32:45+00:00\" \/>\n<meta property=\"article:modified_time\" content=\"2026-04-23T05:11:58+00:00\" \/>\n<meta property=\"og:image\" content=\"https:\/\/gradido.net\/wp-content\/uploads\/2023\/09\/Genie_1920.jpg\" \/>\n\t<meta property=\"og:image:width\" content=\"1920\" \/>\n\t<meta property=\"og:image:height\" content=\"1200\" \/>\n\t<meta property=\"og:image:type\" content=\"image\/jpeg\" \/>\n<meta name=\"author\" content=\"Bernd H\u00fcckst\u00e4dt\" \/>\n<meta name=\"twitter:card\" content=\"summary_large_image\" \/>\n<meta name=\"twitter:label1\" content=\"Escrito por\" \/>\n\t<meta name=\"twitter:data1\" content=\"Bernd H\u00fcckst\u00e4dt\" \/>\n\t<meta name=\"twitter:label2\" content=\"Tiempo de lectura\" \/>\n\t<meta name=\"twitter:data2\" content=\"10 minutos\" \/>\n<script type=\"application\/ld+json\" class=\"yoast-schema-graph\">{\"@context\":\"https:\\\/\\\/schema.org\",\"@graph\":[{\"@type\":\"Article\",\"@id\":\"https:\\\/\\\/gradido.net\\\/lieblingsstadt-14-trotz-lehrermangel-schueler-werden-zu-genies\\\/#article\",\"isPartOf\":{\"@id\":\"https:\\\/\\\/gradido.net\\\/lieblingsstadt-14-trotz-lehrermangel-schueler-werden-zu-genies\\\/\"},\"author\":{\"name\":\"Bernd H\u00fcckst\u00e4dt\",\"@id\":\"https:\\\/\\\/gradido.net\\\/de\\\/#\\\/schema\\\/person\\\/9c503a004ad15a1ddecadce2218db5d1\"},\"headline\":\"Lieblingsstadt 14 \u2013 Trotz Lehrkr\u00e4ftemangel: Sch\u00fcler werden zu Genies\",\"datePublished\":\"2023-09-27T13:32:45+00:00\",\"dateModified\":\"2026-04-23T05:11:58+00:00\",\"mainEntityOfPage\":{\"@id\":\"https:\\\/\\\/gradido.net\\\/lieblingsstadt-14-trotz-lehrermangel-schueler-werden-zu-genies\\\/\"},\"wordCount\":1483,\"publisher\":{\"@id\":\"https:\\\/\\\/gradido.net\\\/de\\\/#organization\"},\"image\":{\"@id\":\"https:\\\/\\\/gradido.net\\\/lieblingsstadt-14-trotz-lehrermangel-schueler-werden-zu-genies\\\/#primaryimage\"},\"thumbnailUrl\":\"https:\\\/\\\/gradido.net\\\/wp-content\\\/uploads\\\/2023\\\/09\\\/Genie_1920.jpg\",\"articleSection\":[\"Blog\",\"Lieblingsstadt\"],\"inLanguage\":\"es\"},{\"@type\":\"WebPage\",\"@id\":\"https:\\\/\\\/gradido.net\\\/lieblingsstadt-14-trotz-lehrermangel-schueler-werden-zu-genies\\\/\",\"url\":\"https:\\\/\\\/gradido.net\\\/lieblingsstadt-14-trotz-lehrermangel-schueler-werden-zu-genies\\\/\",\"name\":\"Lieblingsstadt 14 \u2013 Trotz Lehrkr\u00e4ftemangel: Sch\u00fcler werden zu Genies - Gradido\",\"isPartOf\":{\"@id\":\"https:\\\/\\\/gradido.net\\\/de\\\/#website\"},\"primaryImageOfPage\":{\"@id\":\"https:\\\/\\\/gradido.net\\\/lieblingsstadt-14-trotz-lehrermangel-schueler-werden-zu-genies\\\/#primaryimage\"},\"image\":{\"@id\":\"https:\\\/\\\/gradido.net\\\/lieblingsstadt-14-trotz-lehrermangel-schueler-werden-zu-genies\\\/#primaryimage\"},\"thumbnailUrl\":\"https:\\\/\\\/gradido.net\\\/wp-content\\\/uploads\\\/2023\\\/09\\\/Genie_1920.jpg\",\"datePublished\":\"2023-09-27T13:32:45+00:00\",\"dateModified\":\"2026-04-23T05:11:58+00:00\",\"description\":\"In Deutschland herrscht Lehrkr\u00e4ftemangel. Laut PISA-Studie\u00a0 k\u00f6nnen ein Viertel der Sch\u00fcler nicht richtig lesen, schreiben und rechnen. Auch in Lieblingsstadt ist das sp\u00fcrbar. F\u00fcr Michael Miteinand, den engagierten B\u00fcrgermeister der Stadt, ein untragbarer Zustand. Die Lieblingsst\u00e4dter finden die L\u00f6sung.\",\"breadcrumb\":{\"@id\":\"https:\\\/\\\/gradido.net\\\/lieblingsstadt-14-trotz-lehrermangel-schueler-werden-zu-genies\\\/#breadcrumb\"},\"inLanguage\":\"es\",\"potentialAction\":[{\"@type\":\"ReadAction\",\"target\":[\"https:\\\/\\\/gradido.net\\\/lieblingsstadt-14-trotz-lehrermangel-schueler-werden-zu-genies\\\/\"]}]},{\"@type\":\"ImageObject\",\"inLanguage\":\"es\",\"@id\":\"https:\\\/\\\/gradido.net\\\/lieblingsstadt-14-trotz-lehrermangel-schueler-werden-zu-genies\\\/#primaryimage\",\"url\":\"https:\\\/\\\/gradido.net\\\/wp-content\\\/uploads\\\/2023\\\/09\\\/Genie_1920.jpg\",\"contentUrl\":\"https:\\\/\\\/gradido.net\\\/wp-content\\\/uploads\\\/2023\\\/09\\\/Genie_1920.jpg\",\"width\":1920,\"height\":1200},{\"@type\":\"BreadcrumbList\",\"@id\":\"https:\\\/\\\/gradido.net\\\/lieblingsstadt-14-trotz-lehrermangel-schueler-werden-zu-genies\\\/#breadcrumb\",\"itemListElement\":[{\"@type\":\"ListItem\",\"position\":1,\"name\":\"Startseite\",\"item\":\"https:\\\/\\\/gradido.net\\\/\"},{\"@type\":\"ListItem\",\"position\":2,\"name\":\"Lieblingsstadt 14 \u2013 Trotz Lehrkr\u00e4ftemangel: Sch\u00fcler werden zu Genies\"}]},{\"@type\":\"WebSite\",\"@id\":\"https:\\\/\\\/gradido.net\\\/de\\\/#website\",\"url\":\"https:\\\/\\\/gradido.net\\\/de\\\/\",\"name\":\"Gradido\",\"description\":\"Die neue W\u00e4hrung hei\u00dft Dankbarkeit\",\"publisher\":{\"@id\":\"https:\\\/\\\/gradido.net\\\/de\\\/#organization\"},\"potentialAction\":[{\"@type\":\"SearchAction\",\"target\":{\"@type\":\"EntryPoint\",\"urlTemplate\":\"https:\\\/\\\/gradido.net\\\/de\\\/?s={search_term_string}\"},\"query-input\":{\"@type\":\"PropertyValueSpecification\",\"valueRequired\":true,\"valueName\":\"search_term_string\"}}],\"inLanguage\":\"es\"},{\"@type\":\"Organization\",\"@id\":\"https:\\\/\\\/gradido.net\\\/de\\\/#organization\",\"name\":\"Gradido\",\"url\":\"https:\\\/\\\/gradido.net\\\/de\\\/\",\"logo\":{\"@type\":\"ImageObject\",\"inLanguage\":\"es\",\"@id\":\"https:\\\/\\\/gradido.net\\\/de\\\/#\\\/schema\\\/logo\\\/image\\\/\",\"url\":\"https:\\\/\\\/gradido.net\\\/wp-content\\\/uploads\\\/2022\\\/04\\\/gradido-social.jpg\",\"contentUrl\":\"https:\\\/\\\/gradido.net\\\/wp-content\\\/uploads\\\/2022\\\/04\\\/gradido-social.jpg\",\"width\":527,\"height\":273,\"caption\":\"Gradido\"},\"image\":{\"@id\":\"https:\\\/\\\/gradido.net\\\/de\\\/#\\\/schema\\\/logo\\\/image\\\/\"}},{\"@type\":\"Person\",\"@id\":\"https:\\\/\\\/gradido.net\\\/de\\\/#\\\/schema\\\/person\\\/9c503a004ad15a1ddecadce2218db5d1\",\"name\":\"Bernd H\u00fcckst\u00e4dt\",\"sameAs\":[\"https:\\\/\\\/gradido.net\"],\"url\":\"https:\\\/\\\/gradido.net\\\/es\\\/author\\\/bernd\\\/\"}]}<\/script>\n<!-- \/ Yoast SEO plugin. -->","yoast_head_json":{"title":"Ciudad favorita 14 - A pesar de la escasez de profesores: los alumnos se convierten en genios - Gradido","description":"En Alemania faltan profesores. Seg\u00fan el estudio PISA, una cuarta parte de los alumnos no sabe leer, escribir ni calcular correctamente. Esto tambi\u00e9n se nota en Lieblingsstadt. Para Michael Miteinand, alcalde comprometido de la ciudad, se trata de una situaci\u00f3n intolerable. Los vecinos del pueblo encuentran la soluci\u00f3n.","robots":{"index":"index","follow":"follow","max-snippet":"max-snippet:-1","max-image-preview":"max-image-preview:large","max-video-preview":"max-video-preview:-1"},"canonical":"https:\/\/gradido.net\/es\/lieblingsstadt-14-trotz-lehrermangel-schueler-werden-zu-genies\/","og_locale":"es_ES","og_type":"article","og_title":"Lieblingsstadt 14 \u2013 Trotz Lehrkr\u00e4ftemangel: Sch\u00fcler werden zu Genies - Gradido","og_description":"In Deutschland herrscht Lehrkr\u00e4ftemangel. Laut PISA-Studie\u00a0 k\u00f6nnen ein Viertel der Sch\u00fcler nicht richtig lesen, schreiben und rechnen. Auch in Lieblingsstadt ist das sp\u00fcrbar. F\u00fcr Michael Miteinand, den engagierten B\u00fcrgermeister der Stadt, ein untragbarer Zustand. Die Lieblingsst\u00e4dter finden die L\u00f6sung.","og_url":"https:\/\/gradido.net\/es\/lieblingsstadt-14-trotz-lehrermangel-schueler-werden-zu-genies\/","og_site_name":"Gradido","article_published_time":"2023-09-27T13:32:45+00:00","article_modified_time":"2026-04-23T05:11:58+00:00","og_image":[{"width":1920,"height":1200,"url":"https:\/\/gradido.net\/wp-content\/uploads\/2023\/09\/Genie_1920.jpg","type":"image\/jpeg"}],"author":"Bernd H\u00fcckst\u00e4dt","twitter_card":"summary_large_image","twitter_misc":{"Escrito por":"Bernd H\u00fcckst\u00e4dt","Tiempo de lectura":"10 minutos"},"schema":{"@context":"https:\/\/schema.org","@graph":[{"@type":"Article","@id":"https:\/\/gradido.net\/lieblingsstadt-14-trotz-lehrermangel-schueler-werden-zu-genies\/#article","isPartOf":{"@id":"https:\/\/gradido.net\/lieblingsstadt-14-trotz-lehrermangel-schueler-werden-zu-genies\/"},"author":{"name":"Bernd H\u00fcckst\u00e4dt","@id":"https:\/\/gradido.net\/de\/#\/schema\/person\/9c503a004ad15a1ddecadce2218db5d1"},"headline":"Lieblingsstadt 14 \u2013 Trotz Lehrkr\u00e4ftemangel: Sch\u00fcler werden zu Genies","datePublished":"2023-09-27T13:32:45+00:00","dateModified":"2026-04-23T05:11:58+00:00","mainEntityOfPage":{"@id":"https:\/\/gradido.net\/lieblingsstadt-14-trotz-lehrermangel-schueler-werden-zu-genies\/"},"wordCount":1483,"publisher":{"@id":"https:\/\/gradido.net\/de\/#organization"},"image":{"@id":"https:\/\/gradido.net\/lieblingsstadt-14-trotz-lehrermangel-schueler-werden-zu-genies\/#primaryimage"},"thumbnailUrl":"https:\/\/gradido.net\/wp-content\/uploads\/2023\/09\/Genie_1920.jpg","articleSection":["Blog","Lieblingsstadt"],"inLanguage":"es"},{"@type":"WebPage","@id":"https:\/\/gradido.net\/lieblingsstadt-14-trotz-lehrermangel-schueler-werden-zu-genies\/","url":"https:\/\/gradido.net\/lieblingsstadt-14-trotz-lehrermangel-schueler-werden-zu-genies\/","name":"Ciudad favorita 14 - A pesar de la escasez de profesores: los alumnos se convierten en genios - Gradido","isPartOf":{"@id":"https:\/\/gradido.net\/de\/#website"},"primaryImageOfPage":{"@id":"https:\/\/gradido.net\/lieblingsstadt-14-trotz-lehrermangel-schueler-werden-zu-genies\/#primaryimage"},"image":{"@id":"https:\/\/gradido.net\/lieblingsstadt-14-trotz-lehrermangel-schueler-werden-zu-genies\/#primaryimage"},"thumbnailUrl":"https:\/\/gradido.net\/wp-content\/uploads\/2023\/09\/Genie_1920.jpg","datePublished":"2023-09-27T13:32:45+00:00","dateModified":"2026-04-23T05:11:58+00:00","description":"En Alemania faltan profesores. Seg\u00fan el estudio PISA, una cuarta parte de los alumnos no sabe leer, escribir ni calcular correctamente. Esto tambi\u00e9n se nota en Lieblingsstadt. Para Michael Miteinand, alcalde comprometido de la ciudad, se trata de una situaci\u00f3n intolerable. Los vecinos del pueblo encuentran la soluci\u00f3n.","breadcrumb":{"@id":"https:\/\/gradido.net\/lieblingsstadt-14-trotz-lehrermangel-schueler-werden-zu-genies\/#breadcrumb"},"inLanguage":"es","potentialAction":[{"@type":"ReadAction","target":["https:\/\/gradido.net\/lieblingsstadt-14-trotz-lehrermangel-schueler-werden-zu-genies\/"]}]},{"@type":"ImageObject","inLanguage":"es","@id":"https:\/\/gradido.net\/lieblingsstadt-14-trotz-lehrermangel-schueler-werden-zu-genies\/#primaryimage","url":"https:\/\/gradido.net\/wp-content\/uploads\/2023\/09\/Genie_1920.jpg","contentUrl":"https:\/\/gradido.net\/wp-content\/uploads\/2023\/09\/Genie_1920.jpg","width":1920,"height":1200},{"@type":"BreadcrumbList","@id":"https:\/\/gradido.net\/lieblingsstadt-14-trotz-lehrermangel-schueler-werden-zu-genies\/#breadcrumb","itemListElement":[{"@type":"ListItem","position":1,"name":"Startseite","item":"https:\/\/gradido.net\/"},{"@type":"ListItem","position":2,"name":"Lieblingsstadt 14 \u2013 Trotz Lehrkr\u00e4ftemangel: Sch\u00fcler werden zu Genies"}]},{"@type":"WebSite","@id":"https:\/\/gradido.net\/de\/#website","url":"https:\/\/gradido.net\/de\/","name":"Gradido","description":"La nueva moneda es la gratitud","publisher":{"@id":"https:\/\/gradido.net\/de\/#organization"},"potentialAction":[{"@type":"SearchAction","target":{"@type":"EntryPoint","urlTemplate":"https:\/\/gradido.net\/de\/?s={search_term_string}"},"query-input":{"@type":"PropertyValueSpecification","valueRequired":true,"valueName":"search_term_string"}}],"inLanguage":"es"},{"@type":"Organization","@id":"https:\/\/gradido.net\/de\/#organization","name":"Gradido","url":"https:\/\/gradido.net\/de\/","logo":{"@type":"ImageObject","inLanguage":"es","@id":"https:\/\/gradido.net\/de\/#\/schema\/logo\/image\/","url":"https:\/\/gradido.net\/wp-content\/uploads\/2022\/04\/gradido-social.jpg","contentUrl":"https:\/\/gradido.net\/wp-content\/uploads\/2022\/04\/gradido-social.jpg","width":527,"height":273,"caption":"Gradido"},"image":{"@id":"https:\/\/gradido.net\/de\/#\/schema\/logo\/image\/"}},{"@type":"Person","@id":"https:\/\/gradido.net\/de\/#\/schema\/person\/9c503a004ad15a1ddecadce2218db5d1","name":"Bernd H\u00fcckst\u00e4dt","sameAs":["https:\/\/gradido.net"],"url":"https:\/\/gradido.net\/es\/author\/bernd\/"}]}},"_links":{"self":[{"href":"https:\/\/gradido.net\/es\/wp-json\/wp\/v2\/posts\/7720","targetHints":{"allow":["GET"]}}],"collection":[{"href":"https:\/\/gradido.net\/es\/wp-json\/wp\/v2\/posts"}],"about":[{"href":"https:\/\/gradido.net\/es\/wp-json\/wp\/v2\/types\/post"}],"author":[{"embeddable":true,"href":"https:\/\/gradido.net\/es\/wp-json\/wp\/v2\/users\/2"}],"replies":[{"embeddable":true,"href":"https:\/\/gradido.net\/es\/wp-json\/wp\/v2\/comments?post=7720"}],"version-history":[{"count":70,"href":"https:\/\/gradido.net\/es\/wp-json\/wp\/v2\/posts\/7720\/revisions"}],"predecessor-version":[{"id":13536,"href":"https:\/\/gradido.net\/es\/wp-json\/wp\/v2\/posts\/7720\/revisions\/13536"}],"wp:featuredmedia":[{"embeddable":true,"href":"https:\/\/gradido.net\/es\/wp-json\/wp\/v2\/media\/7721"}],"wp:attachment":[{"href":"https:\/\/gradido.net\/es\/wp-json\/wp\/v2\/media?parent=7720"}],"wp:term":[{"taxonomy":"category","embeddable":true,"href":"https:\/\/gradido.net\/es\/wp-json\/wp\/v2\/categories?post=7720"},{"taxonomy":"post_tag","embeddable":true,"href":"https:\/\/gradido.net\/es\/wp-json\/wp\/v2\/tags?post=7720"}],"curies":[{"name":"wp","href":"https:\/\/api.w.org\/{rel}","templated":true}]}}