{"id":11499,"date":"2025-09-05T16:51:50","date_gmt":"2025-09-05T14:51:50","guid":{"rendered":"https:\/\/gradido.net\/?p=11499"},"modified":"2026-04-24T07:21:13","modified_gmt":"2026-04-24T05:21:13","slug":"werde-mutmacher-teile-deine-gradido-geschichte","status":"publish","type":"post","link":"https:\/\/gradido.net\/et\/werde-mutmacher-teile-deine-gradido-geschichte\/","title":{"rendered":"Hakka julgustama: jaga oma Gradido lugu!"},"content":{"rendered":"<div data-elementor-type=\"wp-post\" data-elementor-id=\"11499\" class=\"elementor elementor-11499\" data-elementor-post-type=\"post\">\n\t\t\t\t\t\t<section class=\"elementor-section elementor-top-section elementor-element elementor-element-496e1d53 elementor-section-boxed elementor-section-height-default elementor-section-height-default\" data-id=\"496e1d53\" data-element_type=\"section\" data-e-type=\"section\">\n\t\t\t\t\t\t<div class=\"elementor-container elementor-column-gap-default\">\n\t\t\t\t\t<div class=\"elementor-column elementor-col-100 elementor-top-column elementor-element elementor-element-461d7be0\" data-id=\"461d7be0\" data-element_type=\"column\" data-e-type=\"column\">\n\t\t\t<div class=\"elementor-widget-wrap elementor-element-populated\">\n\t\t\t\t\t\t<div class=\"elementor-element elementor-element-cd9ebe2 elementor-widget elementor-widget-text-editor\" data-id=\"cd9ebe2\" data-element_type=\"widget\" data-e-type=\"widget\" data-widget_type=\"text-editor.default\">\n\t\t\t\t<div class=\"elementor-widget-container\">\n\t\t\t\t\t\t\t\t\t<p style=\"text-align: right;\"><em>\"Mitte miski maailmas ei ole nii v\u00f5imas kui idee, mille aeg on k\u00e4tte j\u00f5udnud.\"<\/em> <br \/><em>-\u00a0<\/em><i>\u00a0Victor Hugo<\/i><\/p><p>Lugupeetud tuleviku kujundaja,<\/p><p>\u00dcha enam inimesi igatseb elada heaolu, rahu ja vabadust, olles seotud iseenda, kogukonna ja loodusega. Ka sina oled leidnud tee Gradidosse, sest sinus elab unistus: visioon \u00f5iglasest maailmast, mis on v\u00e4\u00e4rt elamist k\u00f5igile, t\u00e4na ja tulevastele p\u00f5lvkondadele.<\/p><h3>Aga v\u00f5ib-olla tunnete ka seda ebamugavat tunnet:<\/h3><p>Vana rahas\u00fcsteem tekitab vaesust, ebakindlust ja jagunemist - ja m\u00f5nikord k\u00fcsid sa endalt: Mida ma saan \u00fcksikisikuna teha? Mis siis, kui minu soov seotuse ja t\u00e4henduse j\u00e4rele j\u00e4\u00e4b kuuldamatuks?<\/p><h2>Te ei ole \u00fcksi!<\/h2><p>\u00dcle kogu maailma on p\u00fchendunud inimeste liikumine \u00e4rkamas ja \u00fcheskoos uut teed rajamas. Koos Gradidoga - ja eriti koos sinuga! \u00dcha enamates v\u00e4ikestes r\u00fchmades, s\u00f5pruskondades ja \"Gradido ringides\" v\u00f5rgustuvad inimesed detsentraliseeritult, tugevdavad \u00fcksteist ja kujundavad samm-sammult Uut Maad.<\/p><p>Oleme \u00f5ppinud, kuidas elav loodus toimib - ja arendanud sellest l\u00e4htuvalt Gradido mudeli globaalse heaolu saavutamiseks: sealhulgas turvalise, kaasaegse detsentraliseeritud platvormi ja lihtsa toimimise.<\/p><h2>N\u00fc\u00fcd kutsume teid:<\/h2><p>Pidage meeles, mis teid Gradido juurde viis. Mida sa soovid rahu ja vabaduse maailmas? Mis inspireerib teie s\u00fcdant?<\/p><p><strong>Jagage oma m\u00f5tteid, oma lugu, oma soove!<\/strong><\/p><p>Lihtsalt saatke meile e-kiri - spontaanselt, l\u00fchidalt v\u00f5i \u00fcksikasjalikult, nimega v\u00f5i ilma (nagu soovite - teie privaatsus loeb!).<\/p><p><strong>Parimad ja k\u00f5ige julgustavamad t\u00f6\u00f6d avaldame - soovi korral anon\u00fc\u00fcmselt - tulevastes uudiskirjades ja meie blogis. <\/strong><\/p><p>\u00dcheskoos saame kasvatada lootuse ja t\u00f5eliste lugude kimpu, mis inspireerib veel paljusid sellest liikumisest osa saama.<\/p><p>Need, kes ei kirjuta, j\u00e4tavad kasutamata v\u00f5imaluse lasta oma valgust s\u00e4rada ja kogeda t\u00f5elist \u00fchendust. Need, kes vastavad, annavad julgust, uusi vaatenurki ja saavad osaks kasvavast, v\u00f5imsast kogukonnast, mis kujundab uut Maad.<\/p><h3>Olge osa sellest - ootame teid!<\/h3><p><strong>Saatke oma posti aadressil: <a href=\"mailto:support@gradido.net\">support@gradido.net<\/a><\/strong><\/p><p>\u00dcheskoos kasvame \u00fcle meie endi!<\/p><p>S\u00fcgava t\u00e4nu ja solidaarsusega<\/p>\t\t\t\t\t\t\t\t<\/div>\n\t\t\t\t<\/div>\n\t\t\t\t<div class=\"elementor-element elementor-element-d74dfa0 elementor-widget elementor-widget-text-editor\" data-id=\"d74dfa0\" data-element_type=\"widget\" data-e-type=\"widget\" data-widget_type=\"text-editor.default\">\n\t\t\t\t<div class=\"elementor-widget-container\">\n\t\t\t\t\t\t\t\t\t<div data-pm-slice=\"1 1 []\" data-en-clipboard=\"true\"><p><span style=\"font-family: -apple-system, BlinkMacSystemFont, 'Segoe UI', Roboto, 'Helvetica Neue', Arial, 'Noto Sans', sans-serif, 'Apple Color Emoji', 'Segoe UI Emoji', 'Segoe UI Symbol', 'Noto Color Emoji';\">Teie<\/span><\/p><\/div><p><img decoding=\"async\" class=\"alignnone wp-image-4614 size-medium\" src=\"https:\/\/gradido.net\/wp-content\/uploads\/2022\/06\/MargretBernd_2022-300x74.png\" alt=\"\" width=\"300\" height=\"74\" srcset=\"https:\/\/gradido.net\/wp-content\/uploads\/2022\/06\/MargretBernd_2022-300x74.png 300w, https:\/\/gradido.net\/wp-content\/uploads\/2022\/06\/MargretBernd_2022-18x4.png 18w, https:\/\/gradido.net\/wp-content\/uploads\/2022\/06\/MargretBernd_2022.png 431w\" sizes=\"(max-width: 300px) 100vw, 300px\" \/><\/p><p>Margret Baier ja Bernd H\u00fcckst\u00e4dt<br \/>Gradido asutaja ja arendaja<\/p>\t\t\t\t\t\t\t\t<\/div>\n\t\t\t\t<\/div>\n\t\t\t\t\t<\/div>\n\t\t<\/div>\n\t\t\t\t\t<\/div>\n\t\t<\/section>\n\t\t\t\t<section class=\"elementor-section elementor-top-section elementor-element elementor-element-14532fe elementor-section-boxed elementor-section-height-default elementor-section-height-default\" data-id=\"14532fe\" data-element_type=\"section\" data-e-type=\"section\">\n\t\t\t\t\t\t<div class=\"elementor-container elementor-column-gap-default\">\n\t\t\t\t\t<div class=\"elementor-column elementor-col-100 elementor-top-column elementor-element elementor-element-65d2298\" data-id=\"65d2298\" data-element_type=\"column\" data-e-type=\"column\">\n\t\t\t<div class=\"elementor-widget-wrap elementor-element-populated\">\n\t\t\t\t\t\t<div class=\"elementor-element elementor-element-bea124f elementor-widget elementor-widget-global elementor-global-9341 elementor-widget-text-editor\" data-id=\"bea124f\" data-element_type=\"widget\" data-e-type=\"widget\" data-widget_type=\"text-editor.default\">\n\t\t\t\t<div class=\"elementor-widget-container\">\n\t\t\t\t\t\t\t\t\t<p><strong>PS:\u00a0<span style=\"color: #ff6600;\"><a style=\"color: #ff6600;\" href=\"https:\/\/gradido.net\/et\/donations\/\">Gradido \u00fcha kasvava t\u00e4htsuse t\u00f5ttu kordame oma t\u00e4nukampaaniat 26. juunil 2026. aastal:<\/a>\u00a0<\/span><span style=\"color: #0000ff;\"><a style=\"color: #0000ff;\" href=\"https:\/\/gradido.net\/et\/donations\/\">Lisaks mitmekordsele GradidoTransformile teie sponsorluspanuse eest suurendame 26.06.2016 k\u00f5iki GDT kontosaldosid 26% v\u00f5rra. Sponsoreeri n\u00fc\u00fcd ja naudi mitmekordset GDT summat!<\/a><\/span><\/strong><\/p>\t\t\t\t\t\t\t\t<\/div>\n\t\t\t\t<\/div>\n\t\t\t\t\t<\/div>\n\t\t<\/div>\n\t\t\t\t\t<\/div>\n\t\t<\/section>\n\t\t\t\t<section class=\"elementor-section elementor-top-section elementor-element elementor-element-29dfc07 elementor-section-boxed elementor-section-height-default elementor-section-height-default\" data-id=\"29dfc07\" data-element_type=\"section\" data-e-type=\"section\">\n\t\t\t\t\t\t<div class=\"elementor-container elementor-column-gap-default\">\n\t\t\t\t\t<div class=\"elementor-column elementor-col-100 elementor-top-column elementor-element elementor-element-d37ec5a\" data-id=\"d37ec5a\" data-element_type=\"column\" data-e-type=\"column\">\n\t\t\t<div class=\"elementor-widget-wrap\">\n\t\t\t\t\t\t\t<\/div>\n\t\t<\/div>\n\t\t\t\t\t<\/div>\n\t\t<\/section>\n\t\t\t\t<section class=\"elementor-section elementor-top-section elementor-element elementor-element-b3bbb9b elementor-section-boxed elementor-section-height-default elementor-section-height-default\" data-id=\"b3bbb9b\" data-element_type=\"section\" data-e-type=\"section\">\n\t\t\t\t\t\t<div class=\"elementor-container elementor-column-gap-default\">\n\t\t\t\t\t<div class=\"elementor-column elementor-col-100 elementor-top-column elementor-element elementor-element-a7e88ad\" data-id=\"a7e88ad\" data-element_type=\"column\" data-e-type=\"column\">\n\t\t\t<div class=\"elementor-widget-wrap\">\n\t\t\t\t\t\t\t<\/div>\n\t\t<\/div>\n\t\t\t\t\t<\/div>\n\t\t<\/section>\n\t\t\t\t<\/div>","protected":false},"excerpt":{"rendered":"<p>Avaldame teie parimad ja k\u00f5ige julgustavamad ettepanekud tulevastes uudiskirjades ja meie blogis. Nii saame koos kasvatada lootuse ja t\u00f5eliste lugude kimpu, mis inspireerib veel paljusid sellest liikumisest osa saama.<\/p>","protected":false},"author":2,"featured_media":8453,"comment_status":"closed","ping_status":"closed","sticky":false,"template":"","format":"standard","meta":{"footnotes":""},"categories":[11,54],"tags":[],"class_list":["post-11499","post","type-post","status-publish","format-standard","has-post-thumbnail","hentry","category-blog","category-community"],"yoast_head":"<!-- This site is optimized with the Yoast SEO plugin v27.5 - https:\/\/yoast.com\/product\/yoast-seo-wordpress\/ -->\n<title>Werde Mutmacher: Teile Deine Gradido-Geschichte! - Gradido<\/title>\n<meta name=\"description\" content=\"Eure sch\u00f6nsten, mutmachendsten Einsendungen ver\u00f6ffentlichen wir in kommenden Newslettern und auf unserem Blog. So k\u00f6nnen wir gemeinsam den Blumenstrau\u00df der Hoffnung und echten Geschichten wachsen lassen, der noch viele andere inspiriert, Teil dieser Bewegung zu werden.\" \/>\n<meta name=\"robots\" content=\"index, follow, max-snippet:-1, max-image-preview:large, max-video-preview:-1\" \/>\n<link rel=\"canonical\" href=\"https:\/\/gradido.net\/et\/werde-mutmacher-teile-deine-gradido-geschichte\/\" \/>\n<meta property=\"og:locale\" content=\"et_EE\" \/>\n<meta property=\"og:type\" content=\"article\" \/>\n<meta property=\"og:title\" content=\"Werde Mutmacher: Teile Deine Gradido-Geschichte! - Gradido\" \/>\n<meta property=\"og:description\" content=\"Eure sch\u00f6nsten, mutmachendsten Einsendungen ver\u00f6ffentlichen wir in kommenden Newslettern und auf unserem Blog. So k\u00f6nnen wir gemeinsam den Blumenstrau\u00df der Hoffnung und echten Geschichten wachsen lassen, der noch viele andere inspiriert, Teil dieser Bewegung zu werden.\" \/>\n<meta property=\"og:url\" content=\"https:\/\/gradido.net\/et\/werde-mutmacher-teile-deine-gradido-geschichte\/\" \/>\n<meta property=\"og:site_name\" content=\"Gradido\" \/>\n<meta property=\"article:published_time\" content=\"2025-09-05T14:51:50+00:00\" \/>\n<meta property=\"article:modified_time\" content=\"2026-04-24T05:21:13+00:00\" \/>\n<meta property=\"og:image\" content=\"https:\/\/gradido.net\/wp-content\/uploads\/2023\/12\/AdobeStock_623322374-scaled.jpeg\" \/>\n\t<meta property=\"og:image:width\" content=\"2560\" \/>\n\t<meta property=\"og:image:height\" content=\"640\" \/>\n\t<meta property=\"og:image:type\" content=\"image\/jpeg\" \/>\n<meta name=\"author\" content=\"Bernd H\u00fcckst\u00e4dt\" \/>\n<meta name=\"twitter:card\" content=\"summary_large_image\" \/>\n<meta name=\"twitter:label1\" content=\"Written by\" \/>\n\t<meta name=\"twitter:data1\" content=\"Bernd H\u00fcckst\u00e4dt\" \/>\n\t<meta name=\"twitter:label2\" content=\"Est. reading time\" \/>\n\t<meta name=\"twitter:data2\" content=\"3 minutit\" \/>\n<script type=\"application\/ld+json\" class=\"yoast-schema-graph\">{\"@context\":\"https:\\\/\\\/schema.org\",\"@graph\":[{\"@type\":\"Article\",\"@id\":\"https:\\\/\\\/gradido.net\\\/werde-mutmacher-teile-deine-gradido-geschichte\\\/#article\",\"isPartOf\":{\"@id\":\"https:\\\/\\\/gradido.net\\\/werde-mutmacher-teile-deine-gradido-geschichte\\\/\"},\"author\":{\"name\":\"Bernd H\u00fcckst\u00e4dt\",\"@id\":\"https:\\\/\\\/gradido.net\\\/de\\\/#\\\/schema\\\/person\\\/9c503a004ad15a1ddecadce2218db5d1\"},\"headline\":\"Werde Mutmacher: Teile Deine Gradido-Geschichte!\",\"datePublished\":\"2025-09-05T14:51:50+00:00\",\"dateModified\":\"2026-04-24T05:21:13+00:00\",\"mainEntityOfPage\":{\"@id\":\"https:\\\/\\\/gradido.net\\\/werde-mutmacher-teile-deine-gradido-geschichte\\\/\"},\"wordCount\":421,\"publisher\":{\"@id\":\"https:\\\/\\\/gradido.net\\\/de\\\/#organization\"},\"image\":{\"@id\":\"https:\\\/\\\/gradido.net\\\/werde-mutmacher-teile-deine-gradido-geschichte\\\/#primaryimage\"},\"thumbnailUrl\":\"https:\\\/\\\/gradido.net\\\/wp-content\\\/uploads\\\/2023\\\/12\\\/AdobeStock_623322374-scaled.jpeg\",\"articleSection\":[\"Blog\",\"Community\"],\"inLanguage\":\"et\"},{\"@type\":\"WebPage\",\"@id\":\"https:\\\/\\\/gradido.net\\\/werde-mutmacher-teile-deine-gradido-geschichte\\\/\",\"url\":\"https:\\\/\\\/gradido.net\\\/werde-mutmacher-teile-deine-gradido-geschichte\\\/\",\"name\":\"Werde Mutmacher: Teile Deine Gradido-Geschichte! - Gradido\",\"isPartOf\":{\"@id\":\"https:\\\/\\\/gradido.net\\\/de\\\/#website\"},\"primaryImageOfPage\":{\"@id\":\"https:\\\/\\\/gradido.net\\\/werde-mutmacher-teile-deine-gradido-geschichte\\\/#primaryimage\"},\"image\":{\"@id\":\"https:\\\/\\\/gradido.net\\\/werde-mutmacher-teile-deine-gradido-geschichte\\\/#primaryimage\"},\"thumbnailUrl\":\"https:\\\/\\\/gradido.net\\\/wp-content\\\/uploads\\\/2023\\\/12\\\/AdobeStock_623322374-scaled.jpeg\",\"datePublished\":\"2025-09-05T14:51:50+00:00\",\"dateModified\":\"2026-04-24T05:21:13+00:00\",\"description\":\"Eure sch\u00f6nsten, mutmachendsten Einsendungen ver\u00f6ffentlichen wir in kommenden Newslettern und auf unserem Blog. So k\u00f6nnen wir gemeinsam den Blumenstrau\u00df der Hoffnung und echten Geschichten wachsen lassen, der noch viele andere inspiriert, Teil dieser Bewegung zu werden.\",\"breadcrumb\":{\"@id\":\"https:\\\/\\\/gradido.net\\\/werde-mutmacher-teile-deine-gradido-geschichte\\\/#breadcrumb\"},\"inLanguage\":\"et\",\"potentialAction\":[{\"@type\":\"ReadAction\",\"target\":[\"https:\\\/\\\/gradido.net\\\/werde-mutmacher-teile-deine-gradido-geschichte\\\/\"]}]},{\"@type\":\"ImageObject\",\"inLanguage\":\"et\",\"@id\":\"https:\\\/\\\/gradido.net\\\/werde-mutmacher-teile-deine-gradido-geschichte\\\/#primaryimage\",\"url\":\"https:\\\/\\\/gradido.net\\\/wp-content\\\/uploads\\\/2023\\\/12\\\/AdobeStock_623322374-scaled.jpeg\",\"contentUrl\":\"https:\\\/\\\/gradido.net\\\/wp-content\\\/uploads\\\/2023\\\/12\\\/AdobeStock_623322374-scaled.jpeg\",\"width\":2560,\"height\":640},{\"@type\":\"BreadcrumbList\",\"@id\":\"https:\\\/\\\/gradido.net\\\/werde-mutmacher-teile-deine-gradido-geschichte\\\/#breadcrumb\",\"itemListElement\":[{\"@type\":\"ListItem\",\"position\":1,\"name\":\"Startseite\",\"item\":\"https:\\\/\\\/gradido.net\\\/\"},{\"@type\":\"ListItem\",\"position\":2,\"name\":\"Werde Mutmacher: Teile Deine Gradido-Geschichte!\"}]},{\"@type\":\"WebSite\",\"@id\":\"https:\\\/\\\/gradido.net\\\/de\\\/#website\",\"url\":\"https:\\\/\\\/gradido.net\\\/de\\\/\",\"name\":\"Gradido\",\"description\":\"Die neue W\u00e4hrung hei\u00dft Dankbarkeit\",\"publisher\":{\"@id\":\"https:\\\/\\\/gradido.net\\\/de\\\/#organization\"},\"potentialAction\":[{\"@type\":\"SearchAction\",\"target\":{\"@type\":\"EntryPoint\",\"urlTemplate\":\"https:\\\/\\\/gradido.net\\\/de\\\/?s={search_term_string}\"},\"query-input\":{\"@type\":\"PropertyValueSpecification\",\"valueRequired\":true,\"valueName\":\"search_term_string\"}}],\"inLanguage\":\"et\"},{\"@type\":\"Organization\",\"@id\":\"https:\\\/\\\/gradido.net\\\/de\\\/#organization\",\"name\":\"Gradido\",\"url\":\"https:\\\/\\\/gradido.net\\\/de\\\/\",\"logo\":{\"@type\":\"ImageObject\",\"inLanguage\":\"et\",\"@id\":\"https:\\\/\\\/gradido.net\\\/de\\\/#\\\/schema\\\/logo\\\/image\\\/\",\"url\":\"https:\\\/\\\/gradido.net\\\/wp-content\\\/uploads\\\/2022\\\/04\\\/gradido-social.jpg\",\"contentUrl\":\"https:\\\/\\\/gradido.net\\\/wp-content\\\/uploads\\\/2022\\\/04\\\/gradido-social.jpg\",\"width\":527,\"height\":273,\"caption\":\"Gradido\"},\"image\":{\"@id\":\"https:\\\/\\\/gradido.net\\\/de\\\/#\\\/schema\\\/logo\\\/image\\\/\"}},{\"@type\":\"Person\",\"@id\":\"https:\\\/\\\/gradido.net\\\/de\\\/#\\\/schema\\\/person\\\/9c503a004ad15a1ddecadce2218db5d1\",\"name\":\"Bernd H\u00fcckst\u00e4dt\",\"sameAs\":[\"https:\\\/\\\/gradido.net\"],\"url\":\"https:\\\/\\\/gradido.net\\\/et\\\/author\\\/bernd\\\/\"}]}<\/script>\n<!-- \/ Yoast SEO plugin. -->","yoast_head_json":{"title":"Hakka julgustama: Jaga oma Gradido lugu! - Gradido","description":"Avaldame teie parimad ja k\u00f5ige julgustavamad ettepanekud tulevastes uudiskirjades ja meie blogis. Nii saame koos kasvatada lootuse ja t\u00f5eliste lugude kimpu, mis inspireerib veel paljusid sellest liikumisest osa saama.","robots":{"index":"index","follow":"follow","max-snippet":"max-snippet:-1","max-image-preview":"max-image-preview:large","max-video-preview":"max-video-preview:-1"},"canonical":"https:\/\/gradido.net\/et\/werde-mutmacher-teile-deine-gradido-geschichte\/","og_locale":"et_EE","og_type":"article","og_title":"Werde Mutmacher: Teile Deine Gradido-Geschichte! - Gradido","og_description":"Eure sch\u00f6nsten, mutmachendsten Einsendungen ver\u00f6ffentlichen wir in kommenden Newslettern und auf unserem Blog. So k\u00f6nnen wir gemeinsam den Blumenstrau\u00df der Hoffnung und echten Geschichten wachsen lassen, der noch viele andere inspiriert, Teil dieser Bewegung zu werden.","og_url":"https:\/\/gradido.net\/et\/werde-mutmacher-teile-deine-gradido-geschichte\/","og_site_name":"Gradido","article_published_time":"2025-09-05T14:51:50+00:00","article_modified_time":"2026-04-24T05:21:13+00:00","og_image":[{"width":2560,"height":640,"url":"https:\/\/gradido.net\/wp-content\/uploads\/2023\/12\/AdobeStock_623322374-scaled.jpeg","type":"image\/jpeg"}],"author":"Bernd H\u00fcckst\u00e4dt","twitter_card":"summary_large_image","twitter_misc":{"Written by":"Bernd H\u00fcckst\u00e4dt","Est. reading time":"3 minutit"},"schema":{"@context":"https:\/\/schema.org","@graph":[{"@type":"Article","@id":"https:\/\/gradido.net\/werde-mutmacher-teile-deine-gradido-geschichte\/#article","isPartOf":{"@id":"https:\/\/gradido.net\/werde-mutmacher-teile-deine-gradido-geschichte\/"},"author":{"name":"Bernd H\u00fcckst\u00e4dt","@id":"https:\/\/gradido.net\/de\/#\/schema\/person\/9c503a004ad15a1ddecadce2218db5d1"},"headline":"Werde Mutmacher: Teile Deine Gradido-Geschichte!","datePublished":"2025-09-05T14:51:50+00:00","dateModified":"2026-04-24T05:21:13+00:00","mainEntityOfPage":{"@id":"https:\/\/gradido.net\/werde-mutmacher-teile-deine-gradido-geschichte\/"},"wordCount":421,"publisher":{"@id":"https:\/\/gradido.net\/de\/#organization"},"image":{"@id":"https:\/\/gradido.net\/werde-mutmacher-teile-deine-gradido-geschichte\/#primaryimage"},"thumbnailUrl":"https:\/\/gradido.net\/wp-content\/uploads\/2023\/12\/AdobeStock_623322374-scaled.jpeg","articleSection":["Blog","Community"],"inLanguage":"et"},{"@type":"WebPage","@id":"https:\/\/gradido.net\/werde-mutmacher-teile-deine-gradido-geschichte\/","url":"https:\/\/gradido.net\/werde-mutmacher-teile-deine-gradido-geschichte\/","name":"Hakka julgustama: Jaga oma Gradido lugu! - Gradido","isPartOf":{"@id":"https:\/\/gradido.net\/de\/#website"},"primaryImageOfPage":{"@id":"https:\/\/gradido.net\/werde-mutmacher-teile-deine-gradido-geschichte\/#primaryimage"},"image":{"@id":"https:\/\/gradido.net\/werde-mutmacher-teile-deine-gradido-geschichte\/#primaryimage"},"thumbnailUrl":"https:\/\/gradido.net\/wp-content\/uploads\/2023\/12\/AdobeStock_623322374-scaled.jpeg","datePublished":"2025-09-05T14:51:50+00:00","dateModified":"2026-04-24T05:21:13+00:00","description":"Avaldame teie parimad ja k\u00f5ige julgustavamad ettepanekud tulevastes uudiskirjades ja meie blogis. Nii saame koos kasvatada lootuse ja t\u00f5eliste lugude kimpu, mis inspireerib veel paljusid sellest liikumisest osa saama.","breadcrumb":{"@id":"https:\/\/gradido.net\/werde-mutmacher-teile-deine-gradido-geschichte\/#breadcrumb"},"inLanguage":"et","potentialAction":[{"@type":"ReadAction","target":["https:\/\/gradido.net\/werde-mutmacher-teile-deine-gradido-geschichte\/"]}]},{"@type":"ImageObject","inLanguage":"et","@id":"https:\/\/gradido.net\/werde-mutmacher-teile-deine-gradido-geschichte\/#primaryimage","url":"https:\/\/gradido.net\/wp-content\/uploads\/2023\/12\/AdobeStock_623322374-scaled.jpeg","contentUrl":"https:\/\/gradido.net\/wp-content\/uploads\/2023\/12\/AdobeStock_623322374-scaled.jpeg","width":2560,"height":640},{"@type":"BreadcrumbList","@id":"https:\/\/gradido.net\/werde-mutmacher-teile-deine-gradido-geschichte\/#breadcrumb","itemListElement":[{"@type":"ListItem","position":1,"name":"Startseite","item":"https:\/\/gradido.net\/"},{"@type":"ListItem","position":2,"name":"Werde Mutmacher: Teile Deine Gradido-Geschichte!"}]},{"@type":"WebSite","@id":"https:\/\/gradido.net\/de\/#website","url":"https:\/\/gradido.net\/de\/","name":"Gradido","description":"Uus valuuta on t\u00e4nulikkus","publisher":{"@id":"https:\/\/gradido.net\/de\/#organization"},"potentialAction":[{"@type":"SearchAction","target":{"@type":"EntryPoint","urlTemplate":"https:\/\/gradido.net\/de\/?s={search_term_string}"},"query-input":{"@type":"PropertyValueSpecification","valueRequired":true,"valueName":"search_term_string"}}],"inLanguage":"et"},{"@type":"Organization","@id":"https:\/\/gradido.net\/de\/#organization","name":"Gradido","url":"https:\/\/gradido.net\/de\/","logo":{"@type":"ImageObject","inLanguage":"et","@id":"https:\/\/gradido.net\/de\/#\/schema\/logo\/image\/","url":"https:\/\/gradido.net\/wp-content\/uploads\/2022\/04\/gradido-social.jpg","contentUrl":"https:\/\/gradido.net\/wp-content\/uploads\/2022\/04\/gradido-social.jpg","width":527,"height":273,"caption":"Gradido"},"image":{"@id":"https:\/\/gradido.net\/de\/#\/schema\/logo\/image\/"}},{"@type":"Person","@id":"https:\/\/gradido.net\/de\/#\/schema\/person\/9c503a004ad15a1ddecadce2218db5d1","name":"Bernd H\u00fcckst\u00e4dt","sameAs":["https:\/\/gradido.net"],"url":"https:\/\/gradido.net\/et\/author\/bernd\/"}]}},"_links":{"self":[{"href":"https:\/\/gradido.net\/et\/wp-json\/wp\/v2\/posts\/11499","targetHints":{"allow":["GET"]}}],"collection":[{"href":"https:\/\/gradido.net\/et\/wp-json\/wp\/v2\/posts"}],"about":[{"href":"https:\/\/gradido.net\/et\/wp-json\/wp\/v2\/types\/post"}],"author":[{"embeddable":true,"href":"https:\/\/gradido.net\/et\/wp-json\/wp\/v2\/users\/2"}],"replies":[{"embeddable":true,"href":"https:\/\/gradido.net\/et\/wp-json\/wp\/v2\/comments?post=11499"}],"version-history":[{"count":12,"href":"https:\/\/gradido.net\/et\/wp-json\/wp\/v2\/posts\/11499\/revisions"}],"predecessor-version":[{"id":13573,"href":"https:\/\/gradido.net\/et\/wp-json\/wp\/v2\/posts\/11499\/revisions\/13573"}],"wp:featuredmedia":[{"embeddable":true,"href":"https:\/\/gradido.net\/et\/wp-json\/wp\/v2\/media\/8453"}],"wp:attachment":[{"href":"https:\/\/gradido.net\/et\/wp-json\/wp\/v2\/media?parent=11499"}],"wp:term":[{"taxonomy":"category","embeddable":true,"href":"https:\/\/gradido.net\/et\/wp-json\/wp\/v2\/categories?post=11499"},{"taxonomy":"post_tag","embeddable":true,"href":"https:\/\/gradido.net\/et\/wp-json\/wp\/v2\/tags?post=11499"}],"curies":[{"name":"wp","href":"https:\/\/api.w.org\/{rel}","templated":true}]}}