{"id":1238,"date":"2020-11-25T10:27:43","date_gmt":"2020-11-25T09:27:43","guid":{"rendered":"https:\/\/gradido.net\/?p=1238"},"modified":"2021-12-11T13:02:17","modified_gmt":"2021-12-11T12:02:17","slug":"corona-politik-bedroht-unsere-kinder","status":"publish","type":"post","link":"https:\/\/gradido.net\/et\/corona-politik-bedroht-unsere-kinder\/","title":{"rendered":"Corona poliitika ohustab meie lapsi"},"content":{"rendered":"<div data-elementor-type=\"wp-post\" data-elementor-id=\"1238\" class=\"elementor elementor-1238\" data-elementor-post-type=\"post\">\n\t\t\t\t\t\t<section class=\"elementor-section elementor-top-section elementor-element elementor-element-496e1d53 elementor-section-boxed elementor-section-height-default elementor-section-height-default\" data-id=\"496e1d53\" data-element_type=\"section\" data-e-type=\"section\">\n\t\t\t\t\t\t<div class=\"elementor-container elementor-column-gap-default\">\n\t\t\t\t\t<div class=\"elementor-column elementor-col-100 elementor-top-column elementor-element elementor-element-461d7be0\" data-id=\"461d7be0\" data-element_type=\"column\" data-e-type=\"column\">\n\t\t\t<div class=\"elementor-widget-wrap elementor-element-populated\">\n\t\t\t\t\t\t<div class=\"elementor-element elementor-element-cd9ebe2 elementor-widget elementor-widget-text-editor\" data-id=\"cd9ebe2\" data-element_type=\"widget\" data-e-type=\"widget\" data-widget_type=\"text-editor.default\">\n\t\t\t\t<div class=\"elementor-widget-container\">\n\t\t\t\t\t\t\t\t\t<h2>Teadlased n\u00e4evad lahendust uues rahas\u00fcsteemis<\/h2><p><strong>K\u00fcnzelsau, 25.11.2020 - Lapsed, vanemad ja \u00f5petajad on piiril. Arstid, ps\u00fchholoogid ja perepoliitikud l\u00f6\u00f6vad h\u00e4irekella. Nad k\u00f5ik n\u00e4evad, et praegune kriisipoliitika ohustab massiliselt laste heaolu. Karantiinieeskirjad, koolide sulgemine ja kontaktpiirangud ei too mitte ainult lastekaitsjaid barrikaadidele. Unicefi andmetel suri iga p\u00e4ev 15 000 last n\u00e4lga juba enne Coronat. Corona meetmed on dramaatiliselt halvendanud \u00fclemaailmset n\u00e4ljah\u00e4da. Selleks, et luua turvaline alus laste terveks arenguks, n\u00f5uavad Gradido Akadeemia majandusbioonika eksperdid finantss\u00fcsteemi \u00fcmberkujundamist. See l\u00f5petaks vaesuse kogu maailmas ja tagaks k\u00f5igile lastele v\u00f5rdsed arenguv\u00f5imalused. <\/strong><\/p><h3>\"Aken lahti, mask peale!\" - Preisi hiilgus ei ole kriisijuhtimine<\/h3><p>Praegune koolis\u00fcsteem t\u00f6\u00f6tati v\u00e4lja vanas Preisimaal, et kasvatada lojaalseid alamaid. See levis kiiresti \u00fcle kogu maailma. Filosoof Richard David Precht on juba aastaid hoiatanud, et see haridusideaal on t\u00e4iesti vale, vastavalt k\u00f5igele, mida t\u00e4nap\u00e4eval arengups\u00fchholoogiast teatakse. Bernd H\u00fcckst\u00e4dt, Gradido Akadeemia kaasasutaja, t\u00e4heldab samuti kasvava murega, \"et kogu maailmas puudub raha ja tahe arendada avalikke koole nii, nagu oleks vaja meie aja v\u00e4ljakutseid silmas pidades. See on t\u00f5eline s\u00fc\u00fcdistus maailma kogukonnale, mille heaolu s\u00f5ltub suurel m\u00e4\u00e4ral selle liikmete terviklikust haridusest\".<\/p><h3>Privilegeeritud k\u00e4ivad avalikes koolides<\/h3><p>Seega ei ole \u00fcllatav, et \u00fcha rohkem \u00f5pilasi k\u00e4ib ka selles riigis riiklikes koolides. Saksamaa statistikaameti andmetel on \u00fcld- ja kutsekoolide arv Saksamaal aastatel 1992\/1993 kuni 2018\/19 kasvanud muljetavaldavalt 79,8 protsenti. Paljud vanemad, kes seda endale lubada said, maksid juba 2016. aastal keskmiselt 2000 eurot aastas ja lapse kohta era\u00f5ppeasutuses.<\/p><h3>Laste vaesus v\u00f5rdsete v\u00f5imaluste asemel<\/h3><p>Paljud v\u00e4hemkindlustatud peredest p\u00e4rit lapsed ei osale selles arengus. Bertelsmanni fondi uuringu kohaselt iseloomustab vaesus enam kui viiendiku Saksamaa laste igap\u00e4evaelu. See on 21,3 protsenti ehk 2,8 miljonit alla 18-aastast last ja noort. Corona kriis halvendab nende olukorda veelgi. T\u00f6\u00f6koha kaotamine, hirm toimetuleku p\u00e4rast, kasvav rahapuudus ja ruumipuudus p\u00f5hjustavad ka paljude perekondade konfliktide eskaleerumist. Kodu\u00f5pe on m\u00f5eldamatu seal, kus vanematel ei ole mitte ainult aega, vaid ka p\u00e4devust. \"V\u00f5rdsed v\u00f5imalused n\u00e4evad v\u00e4lja hoopis teisiti,\" j\u00e4reldab majandusbioloog H\u00fcckst\u00e4dt ja lisab: \"Inimestele vaba juurdep\u00e4\u00e4su keelamine haridusele t\u00e4hendab neile elementaarse inim\u00f5iguse keelamist.\"<\/p><h3>Corona laste kadunud p\u00f5lvkond?<\/h3><p>Laste heategevusorganisatsioon Unicef, Saksa Lastekaitse Liit, SOS Lastek\u00fclade noortekomitee, Laste \u00f5iguste v\u00f5rgustik ja perepoliitikud hoiatavad samuti, et lapsed v\u00f5ivad kriisi ajal k\u00f5ige suuremat kahju kannatada. \u00dcRO Lastefond dokumenteerib oma aruandes \"Averting Lost Covid Generation\", et Corona-kriisi t\u00f5sised pikaajalised m\u00f5jud haridusele, toitumisele ja heaolule v\u00f5ivad avaldada p\u00fcsivat m\u00f5ju terve p\u00f5lvkonna laste ja noorte elule kogu maailmas. Christian Neusser, SOS Lastek\u00fclade laste \u00f5iguste ekspert, \u00fctleb: \"See on v\u00e4ga suur probleem. L\u00f5ppude l\u00f5puks ei ole tegemist mitte ainult \u00fcksikute laste \u00f5iguste rikkumisega, vaid terve ahelaga: vaesusega kaasnevad n\u00e4iteks haigused, lapst\u00f6\u00f6j\u00f5ud v\u00f5i hariduse kaotamine.\" \u00dcRO andmetel v\u00f5ib 150 miljonit last sattuda \u00e4\u00e4rmisesse vaesusse - lisaks sadadele miljonitele lastele, keda see juba varem m\u00f5jutas. Aeg-ajalt ei saanud 1,5 miljardit last maailmas koolis k\u00e4ia. Eriti vaesemates riikides on oht, et paljud \u00f5pilased ei l\u00e4he kunagi tagasi kooli, sest nende pered on liiga vaesed.<\/p><p>Laste \u00f5iguste v\u00f5rgustik kritiseeris juba 25. juunil 2020, et laste ja noorte seisukohad ei ole peaaegu \u00fcldse leidnud kajastamist arutelus selle \u00fcle, kuidas kriisiga toime tulla, kuigi meetmed m\u00f5jutavad otseselt nende \u00f5igusi.<\/p><p>Esimene \u00fcleriigiline uuring Corona-kriisi m\u00f5ju ja tagaj\u00e4rgede kohta laste ja noorukite vaimsele tervisele Saksamaal, mille viis l\u00e4bi Hamburg-Eppendorfi \u00fclikooli meditsiinikeskuse laste rahvatervise uurimisosakond, t\u00f5estas juba juulis, et Corona-meetmetest p\u00f5hjustatud vaimne stress lastele oli samuti oluliselt suurem kui varem arvati. Saksamaa Lastefondi Forsa uuring maailma lastekaitsep\u00e4eva puhul n\u00e4itas, et lastevastane v\u00e4givald on Corona-kriisi ajal drastiliselt kasvanud ja haridusv\u00f5imalused - eriti sotsiaalselt ebasoodsas olukorras olevate laste puhul - v\u00e4henenud.<\/p><p>20.11.2020, rahvusvahelisel laste \u00f5iguste p\u00e4eval, juhtis SOS-Kinderdorf e.V. t\u00e4helepanu sellele, et \u00dcRO 1989. aasta lapse \u00f5iguste konventsiooni ei ole ka Saksamaal ikka veel t\u00e4ielikult rakendatud ning et laste \u00f5iguste piirangud muutuvad Corona-kriisi m\u00f5jul veelgi rangemaks.<\/p><h3>Kriis kui v\u00f5imalus j\u00e4tkusuutlikuks kursikorrektsiooniks<\/h3><p>H\u00fcckst\u00e4dti s\u00f5nul ei ole Corona k\u00f5ikide probleemide p\u00f5hjus, mis praegu ilmselgelt ilmnevad. Nagu iga kriis, on ka Corona ajalooline v\u00f5imalus parandada kurssi parema maailma suunas. \"Me oleme juba aastaid teadnud, et vana finantss\u00fcsteem koos k\u00f5igi oma mullidega on l\u00f5pusirgel. See peab muutuma ja Gradidoga on meil fantastiline lahendus - me peame lihtsalt sellest kinni haarama.\" Kogu oma optimismi juures kutsub H\u00fcckst\u00e4dt \u00fcles m\u00f5istusele: \"Kogu kogukond peab vastutama selle eest, et meie lapsed ei j\u00e4\u00e4ks neil keerulistel aegadel k\u00f5rvale, vaid saaksid l\u00f5puks ometi turvalisust ja toetust, mida nad v\u00e4\u00e4rivad - kogu maailmas.\"<\/p><h3>Lahendus on eksisteerinud neli ja pool miljardit aastat.<\/h3><p>Uudne majandus- ja finantss\u00fcsteem on v\u00e4lja t\u00f6\u00f6tatud Gradido majandusbioonika akadeemia enam kui 20-aastase uurimist\u00f6\u00f6 k\u00e4igus. Majanduslik bioonika uurib looduse edumudeleid, mis on toiminud \u00fcle nelja ja poole miljardi aasta, ja kannab need \u00fcle majandusse. Looduslik elumajandus muudab k\u00f5ik 17 \u00dcRO s\u00e4\u00e4stva arengu eesm\u00e4rki, mis on m\u00e4\u00e4ratletud tegevuskavas 2030, saavutatavaks. \u00d5igus haridusele on selges\u00f5naliselt h\u00f5lmatud - ja v\u00f5rdsed v\u00f5imalused k\u00f5igile on osa programmist. \"Meie mure ei ole ainult pakkuda lastele kaitset ja perspektiivi,\" selgitab Gradido Akadeemia kaasasutaja ja tegevjuht Margret Baier \u00fchise h\u00fcve kontseptsiooni, \"me tahame ka j\u00e4tkusuutlikult parandada isikliku arengu v\u00f5imalusi.\" Neurobioloog prof Gerald H\u00fctheri teadusliku uurimuse kohaselt on 98 protsenti lastest vasts\u00fcndinuna v\u00e4ga andekad, kuid ainult kaks protsenti j\u00e4\u00e4b selleks ka p\u00e4rast koolihariduse omandamist. \"Seega vajab meie hariduss\u00fcsteem selgelt reformi - ja Gradido mudeli puhul on see reform peaaegu iseenesestm\u00f5istetav.\"<\/p><h3>Gradido loob \u00f5iglased haridusv\u00f5imalused<\/h3><p>Kavandatav raha- ja majanduss\u00fcsteem Gradido sillutab teed k\u00f5igi \"tingimusteta osalemisele\" \u00fchiskonnaelus. H\u00fcckst\u00e4dt selgitab: \"Gradido eetiline p\u00f5hiprintsiip p\u00f5hineb \"kolmekordsel h\u00fcvel\", st \u00fcksikisiku h\u00fcve \u00fchtlustamisel kogukonna ja suurema terviku h\u00fcvega - looduse ja keskkonna t\u00e4henduses. \u00dcksikisik on osa kogukonnast, mis omakorda on osa \"suurest pildist\", \u00f6kos\u00fcsteemist. \u00dchine hea valuuta Gradido (GDD) luuakse igale inimesele krediidina, ilma et see tekitaks v\u00f5lga. Seega j\u00e4rgime looduse eeskuju, et pakkuda oma lastele ja lastelastele elamisv\u00e4\u00e4rset v\u00f5lgadeta tulevikku. \u00dcks gradido on ligikaudu \u00fche euro v\u00e4\u00e4rtuses. \u00dche elaniku kohta luuakse 3 \u00d7 1000 Gradido. 1000 gradido iga\u00fchele \"aktiivse p\u00f5hitulu\", riigieelarve ning tasandus- ja keskkonnafondi jaoks.\" Selle tulemuseks on suurejooneline v\u00f5lgadeta riigieelarve, mis muu hulgas v\u00f5imaldab lasteaedade ja koolide tulevikukindlat varustamist, et edendada ja esitada v\u00e4ljakutseid k\u00f5igile lastele parimal v\u00f5imalikul viisil. Gradido mudeli kohaselt on kooli- ja keskharidus kogu maailmas tasuta. See t\u00e4hendab, et need on k\u00e4ttesaadavad k\u00f5igile inimestele s\u00f5ltumata nende majanduslikust olukorrast.<\/p><p>Ka siin t\u00e4hendab haridus palju enamat kui pelgalt koolitus. Selleks, et anda lastele v\u00f5imalus \"kasvada \u00fcles oma elu vastutustundlikuks kujundajaks\", kellel H\u00fctheri s\u00f5nul on parimad v\u00e4ljavaated \"mitte ainult saada t\u00f6\u00f6alaselt edukaks, vaid ka elada sisukat, vastutustundlikku ja \u00f5nnelikku elu\", n\u00e4eb Gradido mudel ette ka \"aktiivse p\u00f5hitulu\" ja \"tingimusteta osalemise\" kogukonna elus.<\/p><p>Aktiivne p\u00f5hisissetulek tagab p\u00f5hivarustuse k\u00f5igile inimestele kogu maailmas ja k\u00f5rvaldab seega pideva eksistentsiaalse hirmu, mis n\u00f5rgestab immuuns\u00fcsteemi ja v\u00f5ib ps\u00fc\u00fchikat \u00fcle koormata. See loob seega aluse konfliktirohkemale pereelule. Tingimusteta osalemine\", mis annab lastele ja noortele ka v\u00f5imaluse panustada kogukonda oma \"aktiivse p\u00f5hitulu\" eest, avab enneolematuid v\u00f5imalusi end proovile panna ja arendada paljudes erinevates valdkondades ning \u00f5ppida tundma t\u00f5elist avalikku vaimu. Samal ajal tagab aktiivne p\u00f5hisissetulek inimese elatise ka koolituse ajal. \"Gradido loob parima aluse tagamaks, et iga noor saaks kasutada oma \u00f5igust haridusele ja tervislikule arengule juba alates lapsep\u00f5lvest, et leida parim v\u00f5imalik tee t\u00e4isv\u00e4\u00e4rtusliku elu poole,\" r\u00f5hutab H\u00fcckst\u00e4dt.<\/p><p>Gradido mudeli \u00fcksikasjad aadressil <a href=\"https:\/\/gradido.net\/et\/\">https:\/\/gradido.net<\/a><\/p><p><!-- \/wp:paragraph --><\/p>\t\t\t\t\t\t\t\t<\/div>\n\t\t\t\t<\/div>\n\t\t\t\t<div class=\"elementor-element elementor-element-e9ff241 elementor-widget elementor-widget-text-editor\" data-id=\"e9ff241\" data-element_type=\"widget\" data-e-type=\"widget\" data-widget_type=\"text-editor.default\">\n\t\t\t\t<div class=\"elementor-widget-container\">\n\t\t\t\t\t\t\t\t\t<p><strong>Gradido Akadeemia kohta<\/strong><br>Gradido Academy for Economic Bionics on v\u00e4lja t\u00f6\u00f6tanud alternatiivse \"\u00fchisraha\", mille eeskujuks on loodus. Loodus j\u00e4rgib reeglit, et ainult seal, kus midagi l\u00e4heb kaduma, v\u00f5ib tekkida midagi uut ja seega on v\u00f5imalik pikaajaline areng (evolutsioon). Selle edu retsept on \"eluts\u00fckkel\". Kui ka meie majandus j\u00e4rgiks seda loomulikku ts\u00fcklit, lahendaks see majandusbioonika ekspertide s\u00f5nul praktiliselt k\u00f5ik maailma rahaga seotud probleemid. Gradido mudel p\u00f5hineb ideel, et mitte ainult iga inimene, vaid ka iga riik saab krediidip\u00f5hiselt loodud tulu. Sellega saab ta t\u00e4ita k\u00f5iki oma \u00fclesandeid ilma makse kogumata. Deflatsioon v\u00f5i inflatsioon on minevik. Majandus vabaneb pidevast kasvukohustusest, finantss\u00fcsteemi kokkuvarisemise oht on l\u00f5plikult v\u00e4lditud. (<a href=\"https:\/\/gradido.net\/et\/\">www.gradido.net<\/a>)<\/p>\t\t\t\t\t\t\t\t<\/div>\n\t\t\t\t<\/div>\n\t\t\t\t\t<\/div>\n\t\t<\/div>\n\t\t\t\t\t<\/div>\n\t\t<\/section>\n\t\t\t\t<\/div>","protected":false},"excerpt":{"rendered":"<p>Forscher sehen L\u00f6sung in neuem Geldsystem K\u00fcnzelsau, 25.11.2020 \u2013 Kinder, Eltern und Lehrer sind am Limit. \u00c4rzte, Psychologen und Familienpolitiker schlagen Alarm. Sie alle sehen das Kindeswohl durch die aktuelle Krisenpolitik massiv gef\u00e4hrdet. Quarant\u00e4neregeln, Schulschlie\u00dfungen und Kontaktbeschr\u00e4nkungen bringen nicht nur Kindersch\u00fctzer auf die Barrikaden. Laut Unicef verhungerten schon vor Corona 15.000 Kinder pro Tag. Durch [&hellip;]<\/p>\n","protected":false},"author":2,"featured_media":1231,"comment_status":"closed","ping_status":"closed","sticky":false,"template":"","format":"standard","meta":{"footnotes":""},"categories":[8],"tags":[],"class_list":["post-1238","post","type-post","status-publish","format-standard","has-post-thumbnail","hentry","category-pressemitteilung"],"yoast_head":"<!-- This site is optimized with the Yoast SEO plugin v27.5 - https:\/\/yoast.com\/product\/yoast-seo-wordpress\/ -->\n<title>Corona-Politik bedroht unsere Kinder - Gradido<\/title>\n<meta name=\"robots\" content=\"index, follow, max-snippet:-1, max-image-preview:large, max-video-preview:-1\" \/>\n<link rel=\"canonical\" href=\"https:\/\/gradido.net\/et\/corona-politik-bedroht-unsere-kinder\/\" \/>\n<meta property=\"og:locale\" content=\"et_EE\" \/>\n<meta property=\"og:type\" content=\"article\" \/>\n<meta property=\"og:title\" content=\"Corona-Politik bedroht unsere Kinder - Gradido\" \/>\n<meta property=\"og:description\" content=\"Forscher sehen L\u00f6sung in neuem Geldsystem K\u00fcnzelsau, 25.11.2020 \u2013 Kinder, Eltern und Lehrer sind am Limit. \u00c4rzte, Psychologen und Familienpolitiker schlagen Alarm. Sie alle sehen das Kindeswohl durch die aktuelle Krisenpolitik massiv gef\u00e4hrdet. Quarant\u00e4neregeln, Schulschlie\u00dfungen und Kontaktbeschr\u00e4nkungen bringen nicht nur Kindersch\u00fctzer auf die Barrikaden. Laut Unicef verhungerten schon vor Corona 15.000 Kinder pro Tag. Durch [&hellip;]\" \/>\n<meta property=\"og:url\" content=\"https:\/\/gradido.net\/et\/corona-politik-bedroht-unsere-kinder\/\" \/>\n<meta property=\"og:site_name\" content=\"Gradido\" \/>\n<meta property=\"article:published_time\" content=\"2020-11-25T09:27:43+00:00\" \/>\n<meta property=\"article:modified_time\" content=\"2021-12-11T12:02:17+00:00\" \/>\n<meta property=\"og:image\" content=\"https:\/\/gradido.net\/wp-content\/uploads\/2020\/11\/schule_coronapause.jpg\" \/>\n\t<meta property=\"og:image:width\" content=\"1500\" \/>\n\t<meta property=\"og:image:height\" content=\"959\" \/>\n\t<meta property=\"og:image:type\" content=\"image\/jpeg\" \/>\n<meta name=\"author\" content=\"Bernd H\u00fcckst\u00e4dt\" \/>\n<meta name=\"twitter:card\" content=\"summary_large_image\" \/>\n<meta name=\"twitter:label1\" content=\"Written by\" \/>\n\t<meta name=\"twitter:data1\" content=\"Bernd H\u00fcckst\u00e4dt\" \/>\n\t<meta name=\"twitter:label2\" content=\"Est. reading time\" \/>\n\t<meta name=\"twitter:data2\" content=\"8 minutit\" \/>\n<script type=\"application\/ld+json\" class=\"yoast-schema-graph\">{\"@context\":\"https:\\\/\\\/schema.org\",\"@graph\":[{\"@type\":\"Article\",\"@id\":\"https:\\\/\\\/gradido.net\\\/corona-politik-bedroht-unsere-kinder\\\/#article\",\"isPartOf\":{\"@id\":\"https:\\\/\\\/gradido.net\\\/corona-politik-bedroht-unsere-kinder\\\/\"},\"author\":{\"name\":\"Bernd H\u00fcckst\u00e4dt\",\"@id\":\"https:\\\/\\\/gradido.net\\\/de\\\/#\\\/schema\\\/person\\\/9c503a004ad15a1ddecadce2218db5d1\"},\"headline\":\"Corona-Politik bedroht unsere Kinder\",\"datePublished\":\"2020-11-25T09:27:43+00:00\",\"dateModified\":\"2021-12-11T12:02:17+00:00\",\"mainEntityOfPage\":{\"@id\":\"https:\\\/\\\/gradido.net\\\/corona-politik-bedroht-unsere-kinder\\\/\"},\"wordCount\":1581,\"publisher\":{\"@id\":\"https:\\\/\\\/gradido.net\\\/de\\\/#organization\"},\"image\":{\"@id\":\"https:\\\/\\\/gradido.net\\\/corona-politik-bedroht-unsere-kinder\\\/#primaryimage\"},\"thumbnailUrl\":\"https:\\\/\\\/gradido.net\\\/wp-content\\\/uploads\\\/2020\\\/11\\\/schule_coronapause.jpg\",\"articleSection\":[\"Pressemitteilung\"],\"inLanguage\":\"et\"},{\"@type\":\"WebPage\",\"@id\":\"https:\\\/\\\/gradido.net\\\/corona-politik-bedroht-unsere-kinder\\\/\",\"url\":\"https:\\\/\\\/gradido.net\\\/corona-politik-bedroht-unsere-kinder\\\/\",\"name\":\"Corona-Politik bedroht unsere Kinder - Gradido\",\"isPartOf\":{\"@id\":\"https:\\\/\\\/gradido.net\\\/de\\\/#website\"},\"primaryImageOfPage\":{\"@id\":\"https:\\\/\\\/gradido.net\\\/corona-politik-bedroht-unsere-kinder\\\/#primaryimage\"},\"image\":{\"@id\":\"https:\\\/\\\/gradido.net\\\/corona-politik-bedroht-unsere-kinder\\\/#primaryimage\"},\"thumbnailUrl\":\"https:\\\/\\\/gradido.net\\\/wp-content\\\/uploads\\\/2020\\\/11\\\/schule_coronapause.jpg\",\"datePublished\":\"2020-11-25T09:27:43+00:00\",\"dateModified\":\"2021-12-11T12:02:17+00:00\",\"breadcrumb\":{\"@id\":\"https:\\\/\\\/gradido.net\\\/corona-politik-bedroht-unsere-kinder\\\/#breadcrumb\"},\"inLanguage\":\"et\",\"potentialAction\":[{\"@type\":\"ReadAction\",\"target\":[\"https:\\\/\\\/gradido.net\\\/corona-politik-bedroht-unsere-kinder\\\/\"]}]},{\"@type\":\"ImageObject\",\"inLanguage\":\"et\",\"@id\":\"https:\\\/\\\/gradido.net\\\/corona-politik-bedroht-unsere-kinder\\\/#primaryimage\",\"url\":\"https:\\\/\\\/gradido.net\\\/wp-content\\\/uploads\\\/2020\\\/11\\\/schule_coronapause.jpg\",\"contentUrl\":\"https:\\\/\\\/gradido.net\\\/wp-content\\\/uploads\\\/2020\\\/11\\\/schule_coronapause.jpg\",\"width\":1500,\"height\":959,\"caption\":\"Group of preteen children in face masks resting outdoors in schoolyard during break in lessons. Back school concept during pandemic.\"},{\"@type\":\"BreadcrumbList\",\"@id\":\"https:\\\/\\\/gradido.net\\\/corona-politik-bedroht-unsere-kinder\\\/#breadcrumb\",\"itemListElement\":[{\"@type\":\"ListItem\",\"position\":1,\"name\":\"Startseite\",\"item\":\"https:\\\/\\\/gradido.net\\\/\"},{\"@type\":\"ListItem\",\"position\":2,\"name\":\"Corona-Politik bedroht unsere Kinder\"}]},{\"@type\":\"WebSite\",\"@id\":\"https:\\\/\\\/gradido.net\\\/de\\\/#website\",\"url\":\"https:\\\/\\\/gradido.net\\\/de\\\/\",\"name\":\"Gradido\",\"description\":\"Die neue W\u00e4hrung hei\u00dft Dankbarkeit\",\"publisher\":{\"@id\":\"https:\\\/\\\/gradido.net\\\/de\\\/#organization\"},\"potentialAction\":[{\"@type\":\"SearchAction\",\"target\":{\"@type\":\"EntryPoint\",\"urlTemplate\":\"https:\\\/\\\/gradido.net\\\/de\\\/?s={search_term_string}\"},\"query-input\":{\"@type\":\"PropertyValueSpecification\",\"valueRequired\":true,\"valueName\":\"search_term_string\"}}],\"inLanguage\":\"et\"},{\"@type\":\"Organization\",\"@id\":\"https:\\\/\\\/gradido.net\\\/de\\\/#organization\",\"name\":\"Gradido\",\"url\":\"https:\\\/\\\/gradido.net\\\/de\\\/\",\"logo\":{\"@type\":\"ImageObject\",\"inLanguage\":\"et\",\"@id\":\"https:\\\/\\\/gradido.net\\\/de\\\/#\\\/schema\\\/logo\\\/image\\\/\",\"url\":\"https:\\\/\\\/gradido.net\\\/wp-content\\\/uploads\\\/2022\\\/04\\\/gradido-social.jpg\",\"contentUrl\":\"https:\\\/\\\/gradido.net\\\/wp-content\\\/uploads\\\/2022\\\/04\\\/gradido-social.jpg\",\"width\":527,\"height\":273,\"caption\":\"Gradido\"},\"image\":{\"@id\":\"https:\\\/\\\/gradido.net\\\/de\\\/#\\\/schema\\\/logo\\\/image\\\/\"}},{\"@type\":\"Person\",\"@id\":\"https:\\\/\\\/gradido.net\\\/de\\\/#\\\/schema\\\/person\\\/9c503a004ad15a1ddecadce2218db5d1\",\"name\":\"Bernd H\u00fcckst\u00e4dt\",\"sameAs\":[\"https:\\\/\\\/gradido.net\"],\"url\":\"https:\\\/\\\/gradido.net\\\/et\\\/author\\\/bernd\\\/\"}]}<\/script>\n<!-- \/ Yoast SEO plugin. -->","yoast_head_json":{"title":"Corona poliitika ohustab meie lapsi - Gradido","robots":{"index":"index","follow":"follow","max-snippet":"max-snippet:-1","max-image-preview":"max-image-preview:large","max-video-preview":"max-video-preview:-1"},"canonical":"https:\/\/gradido.net\/et\/corona-politik-bedroht-unsere-kinder\/","og_locale":"et_EE","og_type":"article","og_title":"Corona-Politik bedroht unsere Kinder - Gradido","og_description":"Forscher sehen L\u00f6sung in neuem Geldsystem K\u00fcnzelsau, 25.11.2020 \u2013 Kinder, Eltern und Lehrer sind am Limit. \u00c4rzte, Psychologen und Familienpolitiker schlagen Alarm. Sie alle sehen das Kindeswohl durch die aktuelle Krisenpolitik massiv gef\u00e4hrdet. Quarant\u00e4neregeln, Schulschlie\u00dfungen und Kontaktbeschr\u00e4nkungen bringen nicht nur Kindersch\u00fctzer auf die Barrikaden. Laut Unicef verhungerten schon vor Corona 15.000 Kinder pro Tag. Durch [&hellip;]","og_url":"https:\/\/gradido.net\/et\/corona-politik-bedroht-unsere-kinder\/","og_site_name":"Gradido","article_published_time":"2020-11-25T09:27:43+00:00","article_modified_time":"2021-12-11T12:02:17+00:00","og_image":[{"width":1500,"height":959,"url":"https:\/\/gradido.net\/wp-content\/uploads\/2020\/11\/schule_coronapause.jpg","type":"image\/jpeg"}],"author":"Bernd H\u00fcckst\u00e4dt","twitter_card":"summary_large_image","twitter_misc":{"Written by":"Bernd H\u00fcckst\u00e4dt","Est. reading time":"8 minutit"},"schema":{"@context":"https:\/\/schema.org","@graph":[{"@type":"Article","@id":"https:\/\/gradido.net\/corona-politik-bedroht-unsere-kinder\/#article","isPartOf":{"@id":"https:\/\/gradido.net\/corona-politik-bedroht-unsere-kinder\/"},"author":{"name":"Bernd H\u00fcckst\u00e4dt","@id":"https:\/\/gradido.net\/de\/#\/schema\/person\/9c503a004ad15a1ddecadce2218db5d1"},"headline":"Corona-Politik bedroht unsere Kinder","datePublished":"2020-11-25T09:27:43+00:00","dateModified":"2021-12-11T12:02:17+00:00","mainEntityOfPage":{"@id":"https:\/\/gradido.net\/corona-politik-bedroht-unsere-kinder\/"},"wordCount":1581,"publisher":{"@id":"https:\/\/gradido.net\/de\/#organization"},"image":{"@id":"https:\/\/gradido.net\/corona-politik-bedroht-unsere-kinder\/#primaryimage"},"thumbnailUrl":"https:\/\/gradido.net\/wp-content\/uploads\/2020\/11\/schule_coronapause.jpg","articleSection":["Pressemitteilung"],"inLanguage":"et"},{"@type":"WebPage","@id":"https:\/\/gradido.net\/corona-politik-bedroht-unsere-kinder\/","url":"https:\/\/gradido.net\/corona-politik-bedroht-unsere-kinder\/","name":"Corona poliitika ohustab meie lapsi - Gradido","isPartOf":{"@id":"https:\/\/gradido.net\/de\/#website"},"primaryImageOfPage":{"@id":"https:\/\/gradido.net\/corona-politik-bedroht-unsere-kinder\/#primaryimage"},"image":{"@id":"https:\/\/gradido.net\/corona-politik-bedroht-unsere-kinder\/#primaryimage"},"thumbnailUrl":"https:\/\/gradido.net\/wp-content\/uploads\/2020\/11\/schule_coronapause.jpg","datePublished":"2020-11-25T09:27:43+00:00","dateModified":"2021-12-11T12:02:17+00:00","breadcrumb":{"@id":"https:\/\/gradido.net\/corona-politik-bedroht-unsere-kinder\/#breadcrumb"},"inLanguage":"et","potentialAction":[{"@type":"ReadAction","target":["https:\/\/gradido.net\/corona-politik-bedroht-unsere-kinder\/"]}]},{"@type":"ImageObject","inLanguage":"et","@id":"https:\/\/gradido.net\/corona-politik-bedroht-unsere-kinder\/#primaryimage","url":"https:\/\/gradido.net\/wp-content\/uploads\/2020\/11\/schule_coronapause.jpg","contentUrl":"https:\/\/gradido.net\/wp-content\/uploads\/2020\/11\/schule_coronapause.jpg","width":1500,"height":959,"caption":"Group of preteen children in face masks resting outdoors in schoolyard during break in lessons. Back school concept during pandemic."},{"@type":"BreadcrumbList","@id":"https:\/\/gradido.net\/corona-politik-bedroht-unsere-kinder\/#breadcrumb","itemListElement":[{"@type":"ListItem","position":1,"name":"Startseite","item":"https:\/\/gradido.net\/"},{"@type":"ListItem","position":2,"name":"Corona-Politik bedroht unsere Kinder"}]},{"@type":"WebSite","@id":"https:\/\/gradido.net\/de\/#website","url":"https:\/\/gradido.net\/de\/","name":"Gradido","description":"Uus valuuta on t\u00e4nulikkus","publisher":{"@id":"https:\/\/gradido.net\/de\/#organization"},"potentialAction":[{"@type":"SearchAction","target":{"@type":"EntryPoint","urlTemplate":"https:\/\/gradido.net\/de\/?s={search_term_string}"},"query-input":{"@type":"PropertyValueSpecification","valueRequired":true,"valueName":"search_term_string"}}],"inLanguage":"et"},{"@type":"Organization","@id":"https:\/\/gradido.net\/de\/#organization","name":"Gradido","url":"https:\/\/gradido.net\/de\/","logo":{"@type":"ImageObject","inLanguage":"et","@id":"https:\/\/gradido.net\/de\/#\/schema\/logo\/image\/","url":"https:\/\/gradido.net\/wp-content\/uploads\/2022\/04\/gradido-social.jpg","contentUrl":"https:\/\/gradido.net\/wp-content\/uploads\/2022\/04\/gradido-social.jpg","width":527,"height":273,"caption":"Gradido"},"image":{"@id":"https:\/\/gradido.net\/de\/#\/schema\/logo\/image\/"}},{"@type":"Person","@id":"https:\/\/gradido.net\/de\/#\/schema\/person\/9c503a004ad15a1ddecadce2218db5d1","name":"Bernd H\u00fcckst\u00e4dt","sameAs":["https:\/\/gradido.net"],"url":"https:\/\/gradido.net\/et\/author\/bernd\/"}]}},"_links":{"self":[{"href":"https:\/\/gradido.net\/et\/wp-json\/wp\/v2\/posts\/1238","targetHints":{"allow":["GET"]}}],"collection":[{"href":"https:\/\/gradido.net\/et\/wp-json\/wp\/v2\/posts"}],"about":[{"href":"https:\/\/gradido.net\/et\/wp-json\/wp\/v2\/types\/post"}],"author":[{"embeddable":true,"href":"https:\/\/gradido.net\/et\/wp-json\/wp\/v2\/users\/2"}],"replies":[{"embeddable":true,"href":"https:\/\/gradido.net\/et\/wp-json\/wp\/v2\/comments?post=1238"}],"version-history":[{"count":29,"href":"https:\/\/gradido.net\/et\/wp-json\/wp\/v2\/posts\/1238\/revisions"}],"predecessor-version":[{"id":3745,"href":"https:\/\/gradido.net\/et\/wp-json\/wp\/v2\/posts\/1238\/revisions\/3745"}],"wp:featuredmedia":[{"embeddable":true,"href":"https:\/\/gradido.net\/et\/wp-json\/wp\/v2\/media\/1231"}],"wp:attachment":[{"href":"https:\/\/gradido.net\/et\/wp-json\/wp\/v2\/media?parent=1238"}],"wp:term":[{"taxonomy":"category","embeddable":true,"href":"https:\/\/gradido.net\/et\/wp-json\/wp\/v2\/categories?post=1238"},{"taxonomy":"post_tag","embeddable":true,"href":"https:\/\/gradido.net\/et\/wp-json\/wp\/v2\/tags?post=1238"}],"curies":[{"name":"wp","href":"https:\/\/api.w.org\/{rel}","templated":true}]}}