{"id":1731,"date":"2021-01-27T16:31:50","date_gmt":"2021-01-27T15:31:50","guid":{"rendered":"https:\/\/gradido.net\/?p=1731"},"modified":"2021-12-11T20:57:47","modified_gmt":"2021-12-11T19:57:47","slug":"gradido-garantiert-gleichberechtigung-von-mann-und-frau","status":"publish","type":"post","link":"https:\/\/gradido.net\/et\/gradido-garantiert-gleichberechtigung-von-mann-und-frau\/","title":{"rendered":"Gradido tagab meestele ja naistele v\u00f5rdsed \u00f5igused."},"content":{"rendered":"<div data-elementor-type=\"wp-post\" data-elementor-id=\"1731\" class=\"elementor elementor-1731\" data-elementor-post-type=\"post\">\n\t\t\t\t\t\t<section class=\"elementor-section elementor-top-section elementor-element elementor-element-496e1d53 elementor-section-boxed elementor-section-height-default elementor-section-height-default\" data-id=\"496e1d53\" data-element_type=\"section\" data-e-type=\"section\">\n\t\t\t\t\t\t<div class=\"elementor-container elementor-column-gap-default\">\n\t\t\t\t\t<div class=\"elementor-column elementor-col-100 elementor-top-column elementor-element elementor-element-461d7be0\" data-id=\"461d7be0\" data-element_type=\"column\" data-e-type=\"column\">\n\t\t\t<div class=\"elementor-widget-wrap elementor-element-populated\">\n\t\t\t\t\t\t<div class=\"elementor-element elementor-element-cd9ebe2 elementor-widget elementor-widget-text-editor\" data-id=\"cd9ebe2\" data-element_type=\"widget\" data-e-type=\"widget\" data-widget_type=\"text-editor.default\">\n\t\t\t\t<div class=\"elementor-widget-container\">\n\t\t\t\t\t\t\t\t\t<h2>Kas sulgemine n\u00e4itab, et v\u00f5rdsed v\u00f5imalused on eba\u00f5nnestunud?<\/h2><p><strong>K\u00fcnzelsau, 27.01.2021 - Naised ei ole kunagi olnud nii \"s\u00fcsteemselt olulised\" kui Corona-kriisis - ja harva nii koormatud. Kogu maailmas on 70 protsenti sotsiaal- ja hooldust\u00f6\u00f6tajate t\u00f6\u00f6tajatest naised. Isegi tavalistel aegadel teevad nad keskmiselt kolm korda rohkem tasustamata hooldust\u00f6\u00f6d kui mehed. Praeguses kriisis \u00e4hvardab see olla nende hukatus. Peamiselt on naised need, kes v\u00e4hendavad oma t\u00f6\u00f6aega iga lukustamisega rohkem, et hoolitseda laste eest, k\u00e4ia koolis v\u00f5i hoolitseda puudustkannatavate pereliikmete eest. See areng n\u00e4itab selgelt, kui habras see eeldatav v\u00f5rdsus tegelikult oli. Tegelikult \u00e4hvardab naisi oht, et kui t\u00f6\u00f6maailma p\u00f5hjalikult ei reformita, on nad kriisi suured kaotajad. Sotsiaalteadlastele tundub, et meie praeguste t\u00f6\u00f6h\u00f5ivemudelite p\u00f5hjalik \u00fcmberkujundamine on v\u00e4ltimatu, kui mehed ja naised tahavad l\u00f5puks ometi v\u00f5rdseid v\u00f5imalusi. Gradido Akadeemia \u00e4ribioonika eksperdid on juba v\u00e4lja t\u00f6\u00f6tanud selleks sobiva kontseptsiooni. Nad tuginevad kindlalt sugude v\u00f5rdsele osalusele - vastavalt looduse edumudelitele. <\/strong><\/p><p>Traditsiooniliselt ei v\u00f5ta naised mitte ainult l\u00f5viosa eakate ja haigete eest hoolitsemisest, vaid ka kodu- ja peret\u00f6\u00f6dest ning abivajavate sugulaste eest hoolitsemisest. \u00dchest k\u00fcljest teenivad nad traditsioonilist enesehinnangut, et see on armastava hoolitsuse v\u00e4ljendus. Teisest k\u00fcljest t\u00e4hendab naist\u00f6\u00f6tajate p\u00fcsivalt madalam palk, et ka praegu on valdavalt naised need, kes v\u00e4hendavad oma t\u00f6\u00f6alast p\u00fchendumist, kui lapsed v\u00f5i vanemad vajavad toetust. Kui topeltkoormus oli juba enne Corona-kriisi suur v\u00e4ljakutse, siis kodukontori ja kodu\u00f5petuse ajal on see kujunemas raskeks koormaks - \u00e4hvardavate tagaj\u00e4rgedega. Hiljutised uuringud on n\u00e4idanud, et iga t\u00e4iendav t\u00f6\u00f6koha sulgemine toob kaasa naiste t\u00f6\u00f6aja edasise v\u00e4henemise, et t\u00e4ita \u00fcha suuremaid perekondlikke kohustusi. Majandusteadlased kardavad, et paljud naist\u00f6\u00f6tajad riskivad selle arengu t\u00f5ttu p\u00fcsiva sissetuleku kaotuse ja valusa tagasil\u00f6\u00f6giga karj\u00e4\u00e4rile.<\/p><p>Saksamaa majandusuuringute instituudi andmetel on naiste osakaal \"s\u00fcsteemselt olulistes\" ametir\u00fchmades peaaegu 75 protsenti. \u00d5dede ja eakate meditsiini\u00f5dedena hoolitsevad nad haigete eest eesliinil. Kassapidajad \"hoiavad kauplust k\u00e4igus\". Lapsehoidjad hoolitsevad nende laste eest, kes ei saa j\u00e4\u00e4da oma s\u00fcsteemiga seotud t\u00f6\u00f6lt eemale, kui koolid ja lasteaiad on suletud. Nende \"naiste t\u00f6\u00f6kohtade\" \u00fchisosa ei ole aga mitte ainult see, et neid peetakse Corona-kriisis h\u00e4davajalikuks, vaid ka see, et nad on valdavalt halvasti tasustatud. Vabalt j\u00e4rgides moto \"Mida peres \"tasuta\" tehakse, ei saa palju maksta\", ei ole t\u00fc\u00fcpiliselt naiste tegevusel ikka veel t\u00f6\u00f6turul vastavat majanduslikku v\u00e4\u00e4rtust. \"Selline \u00fchiskondlik hoolimatus hooldust\u00f6\u00f6 suhtes ei ole mitte ainult talumatu, vaid ka \u00fclimalt m\u00f5ttetu,\" on Gradido Akadeemia omanik Margret Baier n\u00f6rdinud, \"sest see naiste hooldust\u00f6\u00f6 on meie majanduse ja heaolu jaoks eksistentsiaalne. Naiste t\u00f6\u00f6tulemused on meie s\u00fcsteemi selgroog, mitte ainult selles kriisis.\"<\/p><p>Sellest hoolimata on Bertelsmanni fondi viimane uuring kinnitanud, kui massiliselt on Corona-kriis avaldanud traditsioonilisi rollimudeleid perekonnas - ja kui \u00fclekoormatud on naised selle tagaj\u00e4rjel f\u00fc\u00fcsiliselt ja ps\u00fchholoogiliselt. \"Vaja on interdistsiplinaarset \u00fchiskondlikku diskursust kaasaegse t\u00f6\u00f6maailma eeliste ja puuduste \u00fcle. T\u00f6\u00f6turu- ja t\u00f6\u00f6h\u00f5ivepoliitikat, pere- ja tervishoiupoliitikat ei saa enam eraldi k\u00e4sitleda,\" \u00fctleb fondi enda kompetentsikeskuse \"Ettev\u00f5tluskultuur ja juhtimine\" direktor Martin Spilker.<\/p><p>\"Me vajame kiiresti paindlikumaid t\u00f6\u00f6mudeleid ning hooldust\u00f6\u00f6 asjakohast v\u00e4\u00e4rtustamist ja tasustamist,\" kinnitab ka Gradido Akadeemia kaasasutaja Bernd H\u00fcckst\u00e4dt. Rohkem kui kahe aastak\u00fcmne jooksul on selle s\u00f5ltumatu uurimisinstituudi majandusbioonika eksperdid t\u00f6\u00f6tanud v\u00e4lja Gradido \u00fchisraha, mis on uue majandus- ja finantsmudeli keskne osa. \"Meile on juba v\u00e4ga pikka aega olnud selge, et valitsev mudel ei saa enam pikemas perspektiivis toimida. Kriis ei toonud meile seega mingeid \u00fcllatusi, vaid t\u00f5i ainult esile probleemid, mis paratamatult olid tulemas. N\u00fc\u00fcd on aga h\u00e4dasti vaja teha kursikorrektsioon, sest tulevased p\u00f5lvkonnad ei lase mingil juhul lasta end sundida sellisesse eluviisi, mida praeguse majandusmudeli j\u00e4tkumine neile kaasa tooks. See, kuidas naised juba praegu selle all kannatavad, on praegu v\u00e4ga ilmne.\"<\/p><p>Gradido Akadeemia lahendusmudel p\u00f5hineb looduse aastatuhandeid vanadel edumudelitel. J\u00e4rgides loomulikku muutumise ja kadumise ts\u00fcklit, on majandusbioonika asjatundjad loonud \u00fchish\u00fcve valuuta Gradido kombinatsiooni \"aktiivse p\u00f5hisissetuleku\" ja \"kolmekordse h\u00fcve\" kohase v\u00f5lgadeta rahaloome. Konkreetselt t\u00e4hendaks valitseva majandus- ja finantss\u00fcsteemi \u00fcmberkujundamine selliseks Gradido mudeliks v\u00f5laraha p\u00f5him\u00f5tte l\u00f5ppu. Selle asemel luuakse igakuiselt 3 x 1000 Gradido igale inimesele. 1000 Gradido oleks k\u00e4ttesaadav riigieelarvesse. Saksamaal vastaks see rahakogus ligikaudu praegusele riigieelarvele (f\u00f6deraalne, riiklik ja kohalik) pluss tervishoiu- ja sotsiaalteenused. Tasandus- ja keskkonnafondi jaoks loodaks veel 1000 Gradido \u00fche elaniku kohta. Viimane kolmandik oleks k\u00f5igile k\u00e4ttesaadav \"aktiivse p\u00f5hisissetulekuna\" ja tagaks seega mitte ainult iga\u00fche varustatuse eluks vajalike asjadega, vaid ka selle, et naised ja mehed saaksid tulevikus olla v\u00f5rdselt aktiivsed ja t\u00e4isv\u00e4\u00e4rtuslikud oma karj\u00e4\u00e4ri ja perekonna alal.<\/p><p>Struktuurimuutuse vajadust kinnitab ka Hans B\u00f6ckleri Sihtasutuse majandus- ja sotsiaalteaduste instituudi (WSI) teaduslik direktor prof dr Bettina Kohlrausch. Podcastis \"Systemrelevant\" arutleb ta l\u00e4hemalt selle \u00fcle, kui r\u00e4ngalt Corona-kriis naisi tabab: \"Tegelik struktuurimuutus on h\u00e4davajalik, sest ei saa olla nii, et naistelt oodatakse kehvasti tasustatud, alatasustatud v\u00f5i palgata t\u00f6\u00f6d kui enesestm\u00f5istetavat. T\u00e4nased struktuurid toimivad ainult seet\u00f5ttu, et naised on kahekordselt sotsialiseeritud, seega reisivad nad nii t\u00f6\u00f6turul kui ka erahoolduses ning m\u00f5lemas valdkonnas teevad nad l\u00f5puks t\u00f6\u00f6d, mida ei tunnustata piisavalt.\" Lisaks kutsub Kohlrausch, kes on ka Paderborni \u00fclikooli \u00fcmberkujundamise professor, \u00fcles \"t\u00f6\u00f6- ja tasustatud t\u00f6\u00f6aja realistlikult korraldama nii, et j\u00e4\u00e4ks piisavalt aega peret\u00f6\u00f6ks ja vabatahtlikuks tegevuseks\".<\/p><p>\"Ainult patriarhaalse majandus- ja finantss\u00fcsteemi \u00fcmberkujundamine suudab k\u00f5rvaldada pikaajalised probleemid, mis tulenevad enamiku naiste eluaegsest diskrimineerimisest t\u00f6\u00f6turul: Igavesti \u00e4hvardav vaesuse l\u00f5ks, kui abielu eba\u00f5nnestub v\u00f5i \u00fcksikvanematele - ja vanadusvaesus, mis puudutab eriti naisi,\" t\u00e4psustab Bernd H\u00fcckst\u00e4dt ja selgitab: \"Meie Gradido mudelis saab hooldust\u00f6\u00f6 seega samasugust tunnustust nagu iga teine t\u00f6\u00f6. Meie mure on kujundada maailm, mis vastab tegelikule elule ja inimeste vajadustele.\" Margret Baier lisab: \"Looduse eeskuju j\u00e4rgides \u00f5itseb iga edukas mudel naiste ja meeste v\u00f5rdsel esindatusel - isegi ilma \"naiste kvoodita\". Gradido akadeemias on paljud naised olnud aktiivsed algusest peale.\"<\/p><p>Selleks, et tagada inimeste p\u00f5hivajadused nende t\u00f6\u00f6elu igas etapis, n\u00e4eb Gradido mudel ette ka p\u00f5hisissetuleku. Erinevalt palju arutatud tingimusteta p\u00f5hisissetulekust antakse aktiivset p\u00f5hisissetulekut (maksimaalselt 1000 gradido kuus) inimestele tegevuste eest, mida nad vabatahtlikult teevad, et anda oma panus kogukonda ja selle heaks. Selles suhtes on k\u00f5ige selle v\u00e4\u00e4rtustamine, mis on oluline hoolivaks koosolemiseks, selles s\u00fcsteemis justkui immanentne. Lisaks sellele avab \"tingimusteta ja v\u00f5rdne osalemine\" igas vanuses naistele, meestele ja lastele v\u00f5imaluse avastada uusi andeid, proovida end erinevates valdkondades ja seega arendada oma t\u00e4ielikku potentsiaali. Bernd H\u00fcckst\u00e4dt \u00fctleb: \"Meie deklareeritud eesm\u00e4rk on anda lastele ja laste lastele iga soo, nahav\u00e4rvi ja p\u00e4ritoluga lastele elamisv\u00e4\u00e4rne tulevik. See eeldab, et k\u00f5igil l\u00e4heb h\u00e4sti ja nad hoolitsevad \u00fcksteise eest. See teeb inimesed \u00f5nnelikuks, sest mitte ainult nende s\u00fcda ei ole lai, vaid ka v\u00f5imalused kujundada oma aega maa peal sisukalt ja mitmekesiselt. K\u00f5lab utoopiliselt, kuid meie j\u00e4relduste kohaselt on see tegelikult teostatav.\"<\/p><p>Gradido mudeli ja Gradido podcasti \u00fcksikasjad aadressil <a href=\"https:\/\/gradido.net\/et\/\">https:\/\/gradido.net<\/a><\/p><p><!-- \/wp:paragraph --><\/p>\t\t\t\t\t\t\t\t<\/div>\n\t\t\t\t<\/div>\n\t\t\t\t<div class=\"elementor-element elementor-element-e9ff241 elementor-widget elementor-widget-text-editor\" data-id=\"e9ff241\" data-element_type=\"widget\" data-e-type=\"widget\" data-widget_type=\"text-editor.default\">\n\t\t\t\t<div class=\"elementor-widget-container\">\n\t\t\t\t\t\t\t\t\t<p><strong>Gradido Akadeemia kohta<\/strong><br>Gradido Academy for Economic Bionics on v\u00e4lja t\u00f6\u00f6tanud alternatiivse \"\u00fchisraha\", mille eeskujuks on loodus. Loodus j\u00e4rgib reeglit, et ainult seal, kus midagi l\u00e4heb kaduma, v\u00f5ib tekkida midagi uut ja seega on v\u00f5imalik pikaajaline areng (evolutsioon). Selle edu retsept on \"eluts\u00fckkel\". Kui ka meie majandus j\u00e4rgiks seda loomulikku ts\u00fcklit, lahendaks see majandusbioonika ekspertide s\u00f5nul praktiliselt k\u00f5ik maailma rahaga seotud probleemid. Gradido mudel p\u00f5hineb ideel, et mitte ainult iga inimene, vaid ka iga riik saab krediidip\u00f5hiselt loodud tulu. Sellega saab ta t\u00e4ita k\u00f5iki oma \u00fclesandeid ilma makse kogumata. Deflatsioon v\u00f5i inflatsioon on minevik. Majandus vabaneb pidevast kasvukohustusest, finantss\u00fcsteemi kokkuvarisemise oht on l\u00f5plikult v\u00e4lditud. (<a href=\"https:\/\/gradido.net\/et\/\">www.gradido.net<\/a>)<\/p>\t\t\t\t\t\t\t\t<\/div>\n\t\t\t\t<\/div>\n\t\t\t\t\t<\/div>\n\t\t<\/div>\n\t\t\t\t\t<\/div>\n\t\t<\/section>\n\t\t\t\t<\/div>","protected":false},"excerpt":{"rendered":"<p>Offenbart der Lockdown das Scheitern der Chancengleichheit? K\u00fcnzelsau, 27.01.2021 \u2013 Nie waren Frauen \u201asystemrelevanter\u2018 als in der Corona-Krise \u2013 und selten mehr belastet. Weltweit sind 70 Prozent des Personals in sozialen und pflegenden Berufen Frauen. Schon in normalen Zeiten leisten sie au\u00dferdem im Schnitt dreimal so viel unbezahlte \u201aSorgearbeit\u2018 wie M\u00e4nner. In der aktuellen Krise [&hellip;]<\/p>\n","protected":false},"author":2,"featured_media":1718,"comment_status":"closed","ping_status":"closed","sticky":false,"template":"","format":"standard","meta":{"footnotes":""},"categories":[8],"tags":[],"class_list":["post-1731","post","type-post","status-publish","format-standard","has-post-thumbnail","hentry","category-pressemitteilung"],"yoast_head":"<!-- This site is optimized with the Yoast SEO plugin v27.5 - https:\/\/yoast.com\/product\/yoast-seo-wordpress\/ -->\n<title>Gradido garantiert Gleichberechtigung von Mann und Frau - Gradido<\/title>\n<meta name=\"robots\" content=\"index, follow, max-snippet:-1, max-image-preview:large, max-video-preview:-1\" \/>\n<link rel=\"canonical\" href=\"https:\/\/gradido.net\/et\/gradido-garantiert-gleichberechtigung-von-mann-und-frau\/\" \/>\n<meta property=\"og:locale\" content=\"et_EE\" \/>\n<meta property=\"og:type\" content=\"article\" \/>\n<meta property=\"og:title\" content=\"Gradido garantiert Gleichberechtigung von Mann und Frau - Gradido\" \/>\n<meta property=\"og:description\" content=\"Offenbart der Lockdown das Scheitern der Chancengleichheit? K\u00fcnzelsau, 27.01.2021 \u2013 Nie waren Frauen \u201asystemrelevanter\u2018 als in der Corona-Krise \u2013 und selten mehr belastet. Weltweit sind 70 Prozent des Personals in sozialen und pflegenden Berufen Frauen. Schon in normalen Zeiten leisten sie au\u00dferdem im Schnitt dreimal so viel unbezahlte \u201aSorgearbeit\u2018 wie M\u00e4nner. In der aktuellen Krise [&hellip;]\" \/>\n<meta property=\"og:url\" content=\"https:\/\/gradido.net\/et\/gradido-garantiert-gleichberechtigung-von-mann-und-frau\/\" \/>\n<meta property=\"og:site_name\" content=\"Gradido\" \/>\n<meta property=\"article:published_time\" content=\"2021-01-27T15:31:50+00:00\" \/>\n<meta property=\"article:modified_time\" content=\"2021-12-11T19:57:47+00:00\" \/>\n<meta property=\"og:image\" content=\"https:\/\/gradido.net\/wp-content\/uploads\/2021\/01\/chancengleichheit-scaled.jpg\" \/>\n\t<meta property=\"og:image:width\" content=\"2560\" \/>\n\t<meta property=\"og:image:height\" content=\"1737\" \/>\n\t<meta property=\"og:image:type\" content=\"image\/jpeg\" \/>\n<meta name=\"author\" content=\"Bernd H\u00fcckst\u00e4dt\" \/>\n<meta name=\"twitter:card\" content=\"summary_large_image\" \/>\n<meta name=\"twitter:label1\" content=\"Written by\" \/>\n\t<meta name=\"twitter:data1\" content=\"Bernd H\u00fcckst\u00e4dt\" \/>\n\t<meta name=\"twitter:label2\" content=\"Est. reading time\" \/>\n\t<meta name=\"twitter:data2\" content=\"7 minutit\" \/>\n<script type=\"application\/ld+json\" class=\"yoast-schema-graph\">{\"@context\":\"https:\\\/\\\/schema.org\",\"@graph\":[{\"@type\":\"Article\",\"@id\":\"https:\\\/\\\/gradido.net\\\/pl\\\/gradido-garantiert-gleichberechtigung-von-mann-und-frau\\\/#article\",\"isPartOf\":{\"@id\":\"https:\\\/\\\/gradido.net\\\/pl\\\/gradido-garantiert-gleichberechtigung-von-mann-und-frau\\\/\"},\"author\":{\"name\":\"Bernd H\u00fcckst\u00e4dt\",\"@id\":\"https:\\\/\\\/gradido.net\\\/de\\\/#\\\/schema\\\/person\\\/9c503a004ad15a1ddecadce2218db5d1\"},\"headline\":\"Gradido garantiert Gleichberechtigung von Mann und Frau\",\"datePublished\":\"2021-01-27T15:31:50+00:00\",\"dateModified\":\"2021-12-11T19:57:47+00:00\",\"mainEntityOfPage\":{\"@id\":\"https:\\\/\\\/gradido.net\\\/pl\\\/gradido-garantiert-gleichberechtigung-von-mann-und-frau\\\/\"},\"wordCount\":1487,\"publisher\":{\"@id\":\"https:\\\/\\\/gradido.net\\\/de\\\/#organization\"},\"image\":{\"@id\":\"https:\\\/\\\/gradido.net\\\/pl\\\/gradido-garantiert-gleichberechtigung-von-mann-und-frau\\\/#primaryimage\"},\"thumbnailUrl\":\"https:\\\/\\\/gradido.net\\\/wp-content\\\/uploads\\\/2021\\\/01\\\/chancengleichheit-scaled.jpg\",\"articleSection\":[\"Pressemitteilung\"],\"inLanguage\":\"et\"},{\"@type\":\"WebPage\",\"@id\":\"https:\\\/\\\/gradido.net\\\/pl\\\/gradido-garantiert-gleichberechtigung-von-mann-und-frau\\\/\",\"url\":\"https:\\\/\\\/gradido.net\\\/pl\\\/gradido-garantiert-gleichberechtigung-von-mann-und-frau\\\/\",\"name\":\"Gradido garantiert Gleichberechtigung von Mann und Frau - Gradido\",\"isPartOf\":{\"@id\":\"https:\\\/\\\/gradido.net\\\/de\\\/#website\"},\"primaryImageOfPage\":{\"@id\":\"https:\\\/\\\/gradido.net\\\/pl\\\/gradido-garantiert-gleichberechtigung-von-mann-und-frau\\\/#primaryimage\"},\"image\":{\"@id\":\"https:\\\/\\\/gradido.net\\\/pl\\\/gradido-garantiert-gleichberechtigung-von-mann-und-frau\\\/#primaryimage\"},\"thumbnailUrl\":\"https:\\\/\\\/gradido.net\\\/wp-content\\\/uploads\\\/2021\\\/01\\\/chancengleichheit-scaled.jpg\",\"datePublished\":\"2021-01-27T15:31:50+00:00\",\"dateModified\":\"2021-12-11T19:57:47+00:00\",\"breadcrumb\":{\"@id\":\"https:\\\/\\\/gradido.net\\\/pl\\\/gradido-garantiert-gleichberechtigung-von-mann-und-frau\\\/#breadcrumb\"},\"inLanguage\":\"et\",\"potentialAction\":[{\"@type\":\"ReadAction\",\"target\":[\"https:\\\/\\\/gradido.net\\\/pl\\\/gradido-garantiert-gleichberechtigung-von-mann-und-frau\\\/\"]}]},{\"@type\":\"ImageObject\",\"inLanguage\":\"et\",\"@id\":\"https:\\\/\\\/gradido.net\\\/pl\\\/gradido-garantiert-gleichberechtigung-von-mann-und-frau\\\/#primaryimage\",\"url\":\"https:\\\/\\\/gradido.net\\\/wp-content\\\/uploads\\\/2021\\\/01\\\/chancengleichheit-scaled.jpg\",\"contentUrl\":\"https:\\\/\\\/gradido.net\\\/wp-content\\\/uploads\\\/2021\\\/01\\\/chancengleichheit-scaled.jpg\",\"width\":2560,\"height\":1737},{\"@type\":\"BreadcrumbList\",\"@id\":\"https:\\\/\\\/gradido.net\\\/pl\\\/gradido-garantiert-gleichberechtigung-von-mann-und-frau\\\/#breadcrumb\",\"itemListElement\":[{\"@type\":\"ListItem\",\"position\":1,\"name\":\"Startseite\",\"item\":\"https:\\\/\\\/gradido.net\\\/\"},{\"@type\":\"ListItem\",\"position\":2,\"name\":\"Gradido garantiert Gleichberechtigung von Mann und Frau\"}]},{\"@type\":\"WebSite\",\"@id\":\"https:\\\/\\\/gradido.net\\\/de\\\/#website\",\"url\":\"https:\\\/\\\/gradido.net\\\/de\\\/\",\"name\":\"Gradido\",\"description\":\"Die neue W\u00e4hrung hei\u00dft Dankbarkeit\",\"publisher\":{\"@id\":\"https:\\\/\\\/gradido.net\\\/de\\\/#organization\"},\"potentialAction\":[{\"@type\":\"SearchAction\",\"target\":{\"@type\":\"EntryPoint\",\"urlTemplate\":\"https:\\\/\\\/gradido.net\\\/de\\\/?s={search_term_string}\"},\"query-input\":{\"@type\":\"PropertyValueSpecification\",\"valueRequired\":true,\"valueName\":\"search_term_string\"}}],\"inLanguage\":\"et\"},{\"@type\":\"Organization\",\"@id\":\"https:\\\/\\\/gradido.net\\\/de\\\/#organization\",\"name\":\"Gradido\",\"url\":\"https:\\\/\\\/gradido.net\\\/de\\\/\",\"logo\":{\"@type\":\"ImageObject\",\"inLanguage\":\"et\",\"@id\":\"https:\\\/\\\/gradido.net\\\/de\\\/#\\\/schema\\\/logo\\\/image\\\/\",\"url\":\"https:\\\/\\\/gradido.net\\\/wp-content\\\/uploads\\\/2022\\\/04\\\/gradido-social.jpg\",\"contentUrl\":\"https:\\\/\\\/gradido.net\\\/wp-content\\\/uploads\\\/2022\\\/04\\\/gradido-social.jpg\",\"width\":527,\"height\":273,\"caption\":\"Gradido\"},\"image\":{\"@id\":\"https:\\\/\\\/gradido.net\\\/de\\\/#\\\/schema\\\/logo\\\/image\\\/\"}},{\"@type\":\"Person\",\"@id\":\"https:\\\/\\\/gradido.net\\\/de\\\/#\\\/schema\\\/person\\\/9c503a004ad15a1ddecadce2218db5d1\",\"name\":\"Bernd H\u00fcckst\u00e4dt\",\"sameAs\":[\"https:\\\/\\\/gradido.net\"],\"url\":\"https:\\\/\\\/gradido.net\\\/et\\\/author\\\/bernd\\\/\"}]}<\/script>\n<!-- \/ Yoast SEO plugin. -->","yoast_head_json":{"title":"Gradido tagab meestele ja naistele v\u00f5rdsed \u00f5igused - Gradido","robots":{"index":"index","follow":"follow","max-snippet":"max-snippet:-1","max-image-preview":"max-image-preview:large","max-video-preview":"max-video-preview:-1"},"canonical":"https:\/\/gradido.net\/et\/gradido-garantiert-gleichberechtigung-von-mann-und-frau\/","og_locale":"et_EE","og_type":"article","og_title":"Gradido garantiert Gleichberechtigung von Mann und Frau - Gradido","og_description":"Offenbart der Lockdown das Scheitern der Chancengleichheit? K\u00fcnzelsau, 27.01.2021 \u2013 Nie waren Frauen \u201asystemrelevanter\u2018 als in der Corona-Krise \u2013 und selten mehr belastet. Weltweit sind 70 Prozent des Personals in sozialen und pflegenden Berufen Frauen. Schon in normalen Zeiten leisten sie au\u00dferdem im Schnitt dreimal so viel unbezahlte \u201aSorgearbeit\u2018 wie M\u00e4nner. In der aktuellen Krise [&hellip;]","og_url":"https:\/\/gradido.net\/et\/gradido-garantiert-gleichberechtigung-von-mann-und-frau\/","og_site_name":"Gradido","article_published_time":"2021-01-27T15:31:50+00:00","article_modified_time":"2021-12-11T19:57:47+00:00","og_image":[{"width":2560,"height":1737,"url":"https:\/\/gradido.net\/wp-content\/uploads\/2021\/01\/chancengleichheit-scaled.jpg","type":"image\/jpeg"}],"author":"Bernd H\u00fcckst\u00e4dt","twitter_card":"summary_large_image","twitter_misc":{"Written by":"Bernd H\u00fcckst\u00e4dt","Est. reading time":"7 minutit"},"schema":{"@context":"https:\/\/schema.org","@graph":[{"@type":"Article","@id":"https:\/\/gradido.net\/pl\/gradido-garantiert-gleichberechtigung-von-mann-und-frau\/#article","isPartOf":{"@id":"https:\/\/gradido.net\/pl\/gradido-garantiert-gleichberechtigung-von-mann-und-frau\/"},"author":{"name":"Bernd H\u00fcckst\u00e4dt","@id":"https:\/\/gradido.net\/de\/#\/schema\/person\/9c503a004ad15a1ddecadce2218db5d1"},"headline":"Gradido garantiert Gleichberechtigung von Mann und Frau","datePublished":"2021-01-27T15:31:50+00:00","dateModified":"2021-12-11T19:57:47+00:00","mainEntityOfPage":{"@id":"https:\/\/gradido.net\/pl\/gradido-garantiert-gleichberechtigung-von-mann-und-frau\/"},"wordCount":1487,"publisher":{"@id":"https:\/\/gradido.net\/de\/#organization"},"image":{"@id":"https:\/\/gradido.net\/pl\/gradido-garantiert-gleichberechtigung-von-mann-und-frau\/#primaryimage"},"thumbnailUrl":"https:\/\/gradido.net\/wp-content\/uploads\/2021\/01\/chancengleichheit-scaled.jpg","articleSection":["Pressemitteilung"],"inLanguage":"et"},{"@type":"WebPage","@id":"https:\/\/gradido.net\/pl\/gradido-garantiert-gleichberechtigung-von-mann-und-frau\/","url":"https:\/\/gradido.net\/pl\/gradido-garantiert-gleichberechtigung-von-mann-und-frau\/","name":"Gradido tagab meestele ja naistele v\u00f5rdsed \u00f5igused - Gradido","isPartOf":{"@id":"https:\/\/gradido.net\/de\/#website"},"primaryImageOfPage":{"@id":"https:\/\/gradido.net\/pl\/gradido-garantiert-gleichberechtigung-von-mann-und-frau\/#primaryimage"},"image":{"@id":"https:\/\/gradido.net\/pl\/gradido-garantiert-gleichberechtigung-von-mann-und-frau\/#primaryimage"},"thumbnailUrl":"https:\/\/gradido.net\/wp-content\/uploads\/2021\/01\/chancengleichheit-scaled.jpg","datePublished":"2021-01-27T15:31:50+00:00","dateModified":"2021-12-11T19:57:47+00:00","breadcrumb":{"@id":"https:\/\/gradido.net\/pl\/gradido-garantiert-gleichberechtigung-von-mann-und-frau\/#breadcrumb"},"inLanguage":"et","potentialAction":[{"@type":"ReadAction","target":["https:\/\/gradido.net\/pl\/gradido-garantiert-gleichberechtigung-von-mann-und-frau\/"]}]},{"@type":"ImageObject","inLanguage":"et","@id":"https:\/\/gradido.net\/pl\/gradido-garantiert-gleichberechtigung-von-mann-und-frau\/#primaryimage","url":"https:\/\/gradido.net\/wp-content\/uploads\/2021\/01\/chancengleichheit-scaled.jpg","contentUrl":"https:\/\/gradido.net\/wp-content\/uploads\/2021\/01\/chancengleichheit-scaled.jpg","width":2560,"height":1737},{"@type":"BreadcrumbList","@id":"https:\/\/gradido.net\/pl\/gradido-garantiert-gleichberechtigung-von-mann-und-frau\/#breadcrumb","itemListElement":[{"@type":"ListItem","position":1,"name":"Startseite","item":"https:\/\/gradido.net\/"},{"@type":"ListItem","position":2,"name":"Gradido garantiert Gleichberechtigung von Mann und Frau"}]},{"@type":"WebSite","@id":"https:\/\/gradido.net\/de\/#website","url":"https:\/\/gradido.net\/de\/","name":"Gradido","description":"Uus valuuta on t\u00e4nulikkus","publisher":{"@id":"https:\/\/gradido.net\/de\/#organization"},"potentialAction":[{"@type":"SearchAction","target":{"@type":"EntryPoint","urlTemplate":"https:\/\/gradido.net\/de\/?s={search_term_string}"},"query-input":{"@type":"PropertyValueSpecification","valueRequired":true,"valueName":"search_term_string"}}],"inLanguage":"et"},{"@type":"Organization","@id":"https:\/\/gradido.net\/de\/#organization","name":"Gradido","url":"https:\/\/gradido.net\/de\/","logo":{"@type":"ImageObject","inLanguage":"et","@id":"https:\/\/gradido.net\/de\/#\/schema\/logo\/image\/","url":"https:\/\/gradido.net\/wp-content\/uploads\/2022\/04\/gradido-social.jpg","contentUrl":"https:\/\/gradido.net\/wp-content\/uploads\/2022\/04\/gradido-social.jpg","width":527,"height":273,"caption":"Gradido"},"image":{"@id":"https:\/\/gradido.net\/de\/#\/schema\/logo\/image\/"}},{"@type":"Person","@id":"https:\/\/gradido.net\/de\/#\/schema\/person\/9c503a004ad15a1ddecadce2218db5d1","name":"Bernd H\u00fcckst\u00e4dt","sameAs":["https:\/\/gradido.net"],"url":"https:\/\/gradido.net\/et\/author\/bernd\/"}]}},"_links":{"self":[{"href":"https:\/\/gradido.net\/et\/wp-json\/wp\/v2\/posts\/1731","targetHints":{"allow":["GET"]}}],"collection":[{"href":"https:\/\/gradido.net\/et\/wp-json\/wp\/v2\/posts"}],"about":[{"href":"https:\/\/gradido.net\/et\/wp-json\/wp\/v2\/types\/post"}],"author":[{"embeddable":true,"href":"https:\/\/gradido.net\/et\/wp-json\/wp\/v2\/users\/2"}],"replies":[{"embeddable":true,"href":"https:\/\/gradido.net\/et\/wp-json\/wp\/v2\/comments?post=1731"}],"version-history":[{"count":10,"href":"https:\/\/gradido.net\/et\/wp-json\/wp\/v2\/posts\/1731\/revisions"}],"predecessor-version":[{"id":3757,"href":"https:\/\/gradido.net\/et\/wp-json\/wp\/v2\/posts\/1731\/revisions\/3757"}],"wp:featuredmedia":[{"embeddable":true,"href":"https:\/\/gradido.net\/et\/wp-json\/wp\/v2\/media\/1718"}],"wp:attachment":[{"href":"https:\/\/gradido.net\/et\/wp-json\/wp\/v2\/media?parent=1731"}],"wp:term":[{"taxonomy":"category","embeddable":true,"href":"https:\/\/gradido.net\/et\/wp-json\/wp\/v2\/categories?post=1731"},{"taxonomy":"post_tag","embeddable":true,"href":"https:\/\/gradido.net\/et\/wp-json\/wp\/v2\/tags?post=1731"}],"curies":[{"name":"wp","href":"https:\/\/api.w.org\/{rel}","templated":true}]}}