{"id":1865,"date":"2021-02-21T09:53:49","date_gmt":"2021-02-21T08:53:49","guid":{"rendered":"https:\/\/gradido.net\/?p=1865"},"modified":"2021-06-07T18:46:25","modified_gmt":"2021-06-07T16:46:25","slug":"episode-8","status":"publish","type":"post","link":"https:\/\/gradido.net\/et\/episode-8\/","title":{"rendered":"S\u00f6\u00f6davad metsikud taimed: looduse kulinaarne kingitusmajandus"},"content":{"rendered":"<div data-elementor-type=\"wp-post\" data-elementor-id=\"1865\" class=\"elementor elementor-1865\" data-elementor-post-type=\"post\">\n\t\t\t\t\t\t<section class=\"elementor-section elementor-top-section elementor-element elementor-element-496e1d53 elementor-section-boxed elementor-section-height-default elementor-section-height-default\" data-id=\"496e1d53\" data-element_type=\"section\" data-e-type=\"section\">\n\t\t\t\t\t\t<div class=\"elementor-container elementor-column-gap-default\">\n\t\t\t\t\t<div class=\"elementor-column elementor-col-100 elementor-top-column elementor-element elementor-element-461d7be0\" data-id=\"461d7be0\" data-element_type=\"column\" data-e-type=\"column\">\n\t\t\t<div class=\"elementor-widget-wrap elementor-element-populated\">\n\t\t\t\t\t\t<div class=\"elementor-element elementor-element-cd9ebe2 elementor-widget elementor-widget-text-editor\" data-id=\"cd9ebe2\" data-element_type=\"widget\" data-e-type=\"widget\" data-widget_type=\"text-editor.default\">\n\t\t\t\t<div class=\"elementor-widget-container\">\n\t\t\t\t\t\t\t\t\t<h2>K\u00fclaline: Dr. Markus Strau\u00df<\/h2>\t\t\t\t\t\t\t\t<\/div>\n\t\t\t\t<\/div>\n\t\t\t\t\t<\/div>\n\t\t<\/div>\n\t\t\t\t\t<\/div>\n\t\t<\/section>\n\t\t\t\t<section class=\"elementor-section elementor-top-section elementor-element elementor-element-2f93e3c3 elementor-section-boxed elementor-section-height-default elementor-section-height-default\" data-id=\"2f93e3c3\" data-element_type=\"section\" data-e-type=\"section\">\n\t\t\t\t\t\t<div class=\"elementor-container elementor-column-gap-default\">\n\t\t\t\t\t<div class=\"elementor-column elementor-col-100 elementor-top-column elementor-element elementor-element-5a9dfd19\" data-id=\"5a9dfd19\" data-element_type=\"column\" data-e-type=\"column\">\n\t\t\t<div class=\"elementor-widget-wrap elementor-element-populated\">\n\t\t\t\t\t\t<div class=\"elementor-element elementor-element-9cdb6b8 elementor-widget elementor-widget-html\" data-id=\"9cdb6b8\" data-element_type=\"widget\" data-e-type=\"widget\" data-widget_type=\"html.default\">\n\t\t\t\t<div class=\"elementor-widget-container\">\n\t\t\t\t\t<script class=\"podigee-podcast-player\" src=\"https:\/\/player.podigee-cdn.net\/podcast-player\/javascripts\/podigee-podcast-player.js\" data-configuration=\"https:\/\/gradido.podigee.io\/8-neue-episode\/embed?context=external\"><\/script>\t\t\t\t<\/div>\n\t\t\t\t<\/div>\n\t\t\t\t\t<\/div>\n\t\t<\/div>\n\t\t\t\t\t<\/div>\n\t\t<\/section>\n\t\t\t\t<section class=\"elementor-section elementor-top-section elementor-element elementor-element-585c640 elementor-section-boxed elementor-section-height-default elementor-section-height-default\" data-id=\"585c640\" data-element_type=\"section\" data-e-type=\"section\">\n\t\t\t\t\t\t<div class=\"elementor-container elementor-column-gap-default\">\n\t\t\t\t\t<div class=\"elementor-column elementor-col-50 elementor-top-column elementor-element elementor-element-13c250b\" data-id=\"13c250b\" data-element_type=\"column\" data-e-type=\"column\">\n\t\t\t<div class=\"elementor-widget-wrap elementor-element-populated\">\n\t\t\t\t\t\t<div class=\"elementor-element elementor-element-0561949 elementor-widget elementor-widget-text-editor\" data-id=\"0561949\" data-element_type=\"widget\" data-e-type=\"widget\" data-widget_type=\"text-editor.default\">\n\t\t\t\t<div class=\"elementor-widget-container\">\n\t\t\t\t\t\t\t\t\t<p>Dr. Markus Strau\u00df on arvukate tr\u00fckiste autor s\u00f6\u00f6davate metsikute taimede teemal ning \u00fclikooli sertifikaadikursuse \"Ekspertn\u00f5ustaja toiduks kasutatavate metsikute taimede isevarustamisel\" algataja ja juht.<\/p><p>2015. aastal asutas ta Edible Wild Plant Parks Foundation ehk l\u00fchendatult Ewilpa\u00ae. Selle eesm\u00e4rk on luua uus ja kaasaegne p\u00f5llumajanduse vorm. See saavutatakse pargimaastike loomisega, kuhu on rajatud s\u00f6\u00f6davad metsikud taimed ja kus neil lubatakse kontrollitud viisil metsikult kasvada.<\/p><p>Selles episoodis r\u00e4\u00e4gime<\/p><ul><li>p\u00e4\u00e4stev\u00f5rk, mida loodus meile pakub,<\/li><li>mida me peaksime loodusest \u00f5ppima majanduse ja kooselu jaoks, kui tahame ellu j\u00e4\u00e4da,<\/li><li>hetkelist pinget, mida me tunneme, ja miks see on meie arengu jaoks oluline,<\/li><li>Kuidas muuta oma m\u00f5tteviisi ja saada tagasi oma loomepotentsiaali, et aidata kaasa positiivselt muutustele.<\/li><\/ul><p>\u00a0<\/p><p>Sukeldume 2 \u00bd miljoni aasta pikkuse inimkonna ajaloo teadmistesse ja saame sellest impulsse, kuidas meil \u00fcheskoos \u00f5nnestub evolutsiooniline h\u00fcpe.<\/p><h4>Vasakule:<\/h4><p><a href=\"http:\/\/www.dr-strauss.net\" target=\"_blank\" rel=\"noopener\">www.dr-strauss.net<\/a><br \/><a href=\"https:\/\/www.ewilpa.net\" target=\"_blank\" rel=\"noopener\">https:\/\/www.ewilpa.net<\/a><\/p>\t\t\t\t\t\t\t\t<\/div>\n\t\t\t\t<\/div>\n\t\t\t\t\t<\/div>\n\t\t<\/div>\n\t\t\t\t<div class=\"elementor-column elementor-col-50 elementor-top-column elementor-element elementor-element-e0d795e\" data-id=\"e0d795e\" data-element_type=\"column\" data-e-type=\"column\">\n\t\t\t<div class=\"elementor-widget-wrap elementor-element-populated\">\n\t\t\t\t\t\t<div class=\"elementor-element elementor-element-8c61bad elementor-widget elementor-widget-image\" data-id=\"8c61bad\" data-element_type=\"widget\" data-e-type=\"widget\" data-widget_type=\"image.default\">\n\t\t\t\t<div class=\"elementor-widget-container\">\n\t\t\t\t\t\t\t\t\t\t\t\t\t\t\t<img fetchpriority=\"high\" decoding=\"async\" width=\"800\" height=\"800\" src=\"https:\/\/gradido.net\/wp-content\/uploads\/2021\/06\/gradido_podcast_strauss-1024x1024.jpg\" class=\"attachment-large size-large wp-image-2668\" alt=\"\" srcset=\"https:\/\/gradido.net\/wp-content\/uploads\/2021\/06\/gradido_podcast_strauss-1024x1024.jpg 1024w, https:\/\/gradido.net\/wp-content\/uploads\/2021\/06\/gradido_podcast_strauss-300x300.jpg 300w, https:\/\/gradido.net\/wp-content\/uploads\/2021\/06\/gradido_podcast_strauss-150x150.jpg 150w, https:\/\/gradido.net\/wp-content\/uploads\/2021\/06\/gradido_podcast_strauss-768x768.jpg 768w, https:\/\/gradido.net\/wp-content\/uploads\/2021\/06\/gradido_podcast_strauss-12x12.jpg 12w, https:\/\/gradido.net\/wp-content\/uploads\/2021\/06\/gradido_podcast_strauss.jpg 1400w\" sizes=\"(max-width: 800px) 100vw, 800px\" \/>\t\t\t\t\t\t\t\t\t\t\t\t\t\t\t<\/div>\n\t\t\t\t<\/div>\n\t\t\t\t<div class=\"elementor-element elementor-element-ceab137 elementor-widget elementor-widget-text-editor\" data-id=\"ceab137\" data-element_type=\"widget\" data-e-type=\"widget\" data-widget_type=\"text-editor.default\">\n\t\t\t\t<div class=\"elementor-widget-container\">\n\t\t\t\t\t\t\t\t\t<p><a href=\"https:\/\/youtu.be\/v2sG-IzRfTw\" target=\"_blank\" rel=\"noopener\">Kuula YouTube'is<\/a><\/p>\t\t\t\t\t\t\t\t<\/div>\n\t\t\t\t<\/div>\n\t\t\t\t\t<\/div>\n\t\t<\/div>\n\t\t\t\t\t<\/div>\n\t\t<\/section>\n\t\t\t\t<section class=\"elementor-section elementor-top-section elementor-element elementor-element-d051609 elementor-section-boxed elementor-section-height-default elementor-section-height-default\" data-id=\"d051609\" data-element_type=\"section\" data-e-type=\"section\">\n\t\t\t\t\t\t<div class=\"elementor-container elementor-column-gap-default\">\n\t\t\t\t\t<div class=\"elementor-column elementor-col-100 elementor-top-column elementor-element elementor-element-13cc168\" data-id=\"13cc168\" data-element_type=\"column\" data-e-type=\"column\">\n\t\t\t<div class=\"elementor-widget-wrap elementor-element-populated\">\n\t\t\t\t\t\t<div class=\"elementor-element elementor-element-b43b3ee elementor-widget elementor-widget-heading\" data-id=\"b43b3ee\" data-element_type=\"widget\" data-e-type=\"widget\" data-widget_type=\"heading.default\">\n\t\t\t\t<div class=\"elementor-widget-container\">\n\t\t\t\t\t<h2 class=\"elementor-heading-title elementor-size-default\">Transkriptsioon ( automaatselt t\u00f5lgitud)<\/h2>\t\t\t\t<\/div>\n\t\t\t\t<\/div>\n\t\t\t\t\t<\/div>\n\t\t<\/div>\n\t\t\t\t\t<\/div>\n\t\t<\/section>\n\t\t\t\t<section class=\"elementor-section elementor-top-section elementor-element elementor-element-474427c elementor-section-boxed elementor-section-height-default elementor-section-height-default\" data-id=\"474427c\" data-element_type=\"section\" data-e-type=\"section\">\n\t\t\t\t\t\t<div class=\"elementor-container elementor-column-gap-default\">\n\t\t\t\t\t<div class=\"elementor-column elementor-col-100 elementor-top-column elementor-element elementor-element-6041f12\" data-id=\"6041f12\" data-element_type=\"column\" data-e-type=\"column\">\n\t\t\t<div class=\"elementor-widget-wrap elementor-element-populated\">\n\t\t\t\t\t\t\t<\/div>\n\t\t<\/div>\n\t\t\t\t\t<\/div>\n\t\t<\/section>\n\t\t\t\t<\/div>","protected":false},"excerpt":{"rendered":"<p>Zu Gast: Dr. Markus Strau\u00df \u2013 Lasst uns eintauchen in das Wissen aus 2 \u00bd Millionen Jahren Menschheitsgeschichte und daraus Impulse gewinnen, wie uns der Evolutionssprung gemeinsam gelingen kann. [59:24]<\/p>\n","protected":false},"author":2,"featured_media":1775,"comment_status":"closed","ping_status":"closed","sticky":false,"template":"","format":"standard","meta":{"footnotes":""},"categories":[19],"tags":[16],"class_list":["post-1865","post","type-post","status-publish","format-standard","has-post-thumbnail","hentry","category-podcast","tag-grundeinkommen"],"yoast_head":"<!-- This site is optimized with the Yoast SEO plugin v27.5 - https:\/\/yoast.com\/product\/yoast-seo-wordpress\/ -->\n<title>Essbare Wildpflanzen: kulinarische Schenk\u00f6konomie der Natur - Gradido<\/title>\n<meta name=\"robots\" content=\"index, follow, max-snippet:-1, max-image-preview:large, max-video-preview:-1\" \/>\n<link rel=\"canonical\" href=\"https:\/\/gradido.net\/et\/episode-8\/\" \/>\n<meta property=\"og:locale\" content=\"et_EE\" \/>\n<meta property=\"og:type\" content=\"article\" \/>\n<meta property=\"og:title\" content=\"Essbare Wildpflanzen: kulinarische Schenk\u00f6konomie der Natur - Gradido\" \/>\n<meta property=\"og:description\" content=\"Zu Gast: Dr. Markus Strau\u00df \u2013 Lasst uns eintauchen in das Wissen aus 2 \u00bd Millionen Jahren Menschheitsgeschichte und daraus Impulse gewinnen, wie uns der Evolutionssprung gemeinsam gelingen kann. [59:24]\" \/>\n<meta property=\"og:url\" content=\"https:\/\/gradido.net\/et\/episode-8\/\" \/>\n<meta property=\"og:site_name\" content=\"Gradido\" \/>\n<meta property=\"article:published_time\" content=\"2021-02-21T08:53:49+00:00\" \/>\n<meta property=\"article:modified_time\" content=\"2021-06-07T16:46:25+00:00\" \/>\n<meta property=\"og:image\" content=\"https:\/\/gradido.net\/wp-content\/uploads\/2021\/02\/podcast_www_strauss.jpg\" \/>\n\t<meta property=\"og:image:width\" content=\"1800\" \/>\n\t<meta property=\"og:image:height\" content=\"1221\" \/>\n\t<meta property=\"og:image:type\" content=\"image\/jpeg\" \/>\n<meta name=\"author\" content=\"Bernd H\u00fcckst\u00e4dt\" \/>\n<meta name=\"twitter:card\" content=\"summary_large_image\" \/>\n<meta name=\"twitter:label1\" content=\"Written by\" \/>\n\t<meta name=\"twitter:data1\" content=\"Bernd H\u00fcckst\u00e4dt\" \/>\n\t<meta name=\"twitter:label2\" content=\"Est. reading time\" \/>\n\t<meta name=\"twitter:data2\" content=\"1 minut\" \/>\n<script type=\"application\/ld+json\" class=\"yoast-schema-graph\">{\"@context\":\"https:\\\/\\\/schema.org\",\"@graph\":[{\"@type\":\"Article\",\"@id\":\"https:\\\/\\\/gradido.net\\\/ro\\\/episode-8\\\/#article\",\"isPartOf\":{\"@id\":\"https:\\\/\\\/gradido.net\\\/ro\\\/episode-8\\\/\"},\"author\":{\"name\":\"Bernd H\u00fcckst\u00e4dt\",\"@id\":\"https:\\\/\\\/gradido.net\\\/de\\\/#\\\/schema\\\/person\\\/9c503a004ad15a1ddecadce2218db5d1\"},\"headline\":\"Essbare Wildpflanzen: kulinarische Schenk\u00f6konomie der Natur\",\"datePublished\":\"2021-02-21T08:53:49+00:00\",\"dateModified\":\"2021-06-07T16:46:25+00:00\",\"mainEntityOfPage\":{\"@id\":\"https:\\\/\\\/gradido.net\\\/ro\\\/episode-8\\\/\"},\"wordCount\":178,\"publisher\":{\"@id\":\"https:\\\/\\\/gradido.net\\\/de\\\/#organization\"},\"image\":{\"@id\":\"https:\\\/\\\/gradido.net\\\/ro\\\/episode-8\\\/#primaryimage\"},\"thumbnailUrl\":\"https:\\\/\\\/gradido.net\\\/wp-content\\\/uploads\\\/2021\\\/02\\\/podcast_www_strauss.jpg\",\"keywords\":[\"Grundeinkommen\"],\"articleSection\":[\"Podcast\"],\"inLanguage\":\"et\"},{\"@type\":\"WebPage\",\"@id\":\"https:\\\/\\\/gradido.net\\\/ro\\\/episode-8\\\/\",\"url\":\"https:\\\/\\\/gradido.net\\\/ro\\\/episode-8\\\/\",\"name\":\"Essbare Wildpflanzen: kulinarische Schenk\u00f6konomie der Natur - Gradido\",\"isPartOf\":{\"@id\":\"https:\\\/\\\/gradido.net\\\/de\\\/#website\"},\"primaryImageOfPage\":{\"@id\":\"https:\\\/\\\/gradido.net\\\/ro\\\/episode-8\\\/#primaryimage\"},\"image\":{\"@id\":\"https:\\\/\\\/gradido.net\\\/ro\\\/episode-8\\\/#primaryimage\"},\"thumbnailUrl\":\"https:\\\/\\\/gradido.net\\\/wp-content\\\/uploads\\\/2021\\\/02\\\/podcast_www_strauss.jpg\",\"datePublished\":\"2021-02-21T08:53:49+00:00\",\"dateModified\":\"2021-06-07T16:46:25+00:00\",\"breadcrumb\":{\"@id\":\"https:\\\/\\\/gradido.net\\\/ro\\\/episode-8\\\/#breadcrumb\"},\"inLanguage\":\"et\",\"potentialAction\":[{\"@type\":\"ReadAction\",\"target\":[\"https:\\\/\\\/gradido.net\\\/ro\\\/episode-8\\\/\"]}]},{\"@type\":\"ImageObject\",\"inLanguage\":\"et\",\"@id\":\"https:\\\/\\\/gradido.net\\\/ro\\\/episode-8\\\/#primaryimage\",\"url\":\"https:\\\/\\\/gradido.net\\\/wp-content\\\/uploads\\\/2021\\\/02\\\/podcast_www_strauss.jpg\",\"contentUrl\":\"https:\\\/\\\/gradido.net\\\/wp-content\\\/uploads\\\/2021\\\/02\\\/podcast_www_strauss.jpg\",\"width\":1800,\"height\":1221},{\"@type\":\"BreadcrumbList\",\"@id\":\"https:\\\/\\\/gradido.net\\\/ro\\\/episode-8\\\/#breadcrumb\",\"itemListElement\":[{\"@type\":\"ListItem\",\"position\":1,\"name\":\"Startseite\",\"item\":\"https:\\\/\\\/gradido.net\\\/\"},{\"@type\":\"ListItem\",\"position\":2,\"name\":\"Essbare Wildpflanzen: kulinarische Schenk\u00f6konomie der Natur\"}]},{\"@type\":\"WebSite\",\"@id\":\"https:\\\/\\\/gradido.net\\\/de\\\/#website\",\"url\":\"https:\\\/\\\/gradido.net\\\/de\\\/\",\"name\":\"Gradido\",\"description\":\"Die neue W\u00e4hrung hei\u00dft Dankbarkeit\",\"publisher\":{\"@id\":\"https:\\\/\\\/gradido.net\\\/de\\\/#organization\"},\"potentialAction\":[{\"@type\":\"SearchAction\",\"target\":{\"@type\":\"EntryPoint\",\"urlTemplate\":\"https:\\\/\\\/gradido.net\\\/de\\\/?s={search_term_string}\"},\"query-input\":{\"@type\":\"PropertyValueSpecification\",\"valueRequired\":true,\"valueName\":\"search_term_string\"}}],\"inLanguage\":\"et\"},{\"@type\":\"Organization\",\"@id\":\"https:\\\/\\\/gradido.net\\\/de\\\/#organization\",\"name\":\"Gradido\",\"url\":\"https:\\\/\\\/gradido.net\\\/de\\\/\",\"logo\":{\"@type\":\"ImageObject\",\"inLanguage\":\"et\",\"@id\":\"https:\\\/\\\/gradido.net\\\/de\\\/#\\\/schema\\\/logo\\\/image\\\/\",\"url\":\"https:\\\/\\\/gradido.net\\\/wp-content\\\/uploads\\\/2022\\\/04\\\/gradido-social.jpg\",\"contentUrl\":\"https:\\\/\\\/gradido.net\\\/wp-content\\\/uploads\\\/2022\\\/04\\\/gradido-social.jpg\",\"width\":527,\"height\":273,\"caption\":\"Gradido\"},\"image\":{\"@id\":\"https:\\\/\\\/gradido.net\\\/de\\\/#\\\/schema\\\/logo\\\/image\\\/\"}},{\"@type\":\"Person\",\"@id\":\"https:\\\/\\\/gradido.net\\\/de\\\/#\\\/schema\\\/person\\\/9c503a004ad15a1ddecadce2218db5d1\",\"name\":\"Bernd H\u00fcckst\u00e4dt\",\"sameAs\":[\"https:\\\/\\\/gradido.net\"],\"url\":\"https:\\\/\\\/gradido.net\\\/et\\\/author\\\/bernd\\\/\"}]}<\/script>\n<!-- \/ Yoast SEO plugin. -->","yoast_head_json":{"title":"S\u00f6\u00f6davad metsikud taimed: looduse kulinaarne kingitusmajandus - Gradido","robots":{"index":"index","follow":"follow","max-snippet":"max-snippet:-1","max-image-preview":"max-image-preview:large","max-video-preview":"max-video-preview:-1"},"canonical":"https:\/\/gradido.net\/et\/episode-8\/","og_locale":"et_EE","og_type":"article","og_title":"Essbare Wildpflanzen: kulinarische Schenk\u00f6konomie der Natur - Gradido","og_description":"Zu Gast: Dr. Markus Strau\u00df \u2013 Lasst uns eintauchen in das Wissen aus 2 \u00bd Millionen Jahren Menschheitsgeschichte und daraus Impulse gewinnen, wie uns der Evolutionssprung gemeinsam gelingen kann. [59:24]","og_url":"https:\/\/gradido.net\/et\/episode-8\/","og_site_name":"Gradido","article_published_time":"2021-02-21T08:53:49+00:00","article_modified_time":"2021-06-07T16:46:25+00:00","og_image":[{"width":1800,"height":1221,"url":"https:\/\/gradido.net\/wp-content\/uploads\/2021\/02\/podcast_www_strauss.jpg","type":"image\/jpeg"}],"author":"Bernd H\u00fcckst\u00e4dt","twitter_card":"summary_large_image","twitter_misc":{"Written by":"Bernd H\u00fcckst\u00e4dt","Est. reading time":"1 minut"},"schema":{"@context":"https:\/\/schema.org","@graph":[{"@type":"Article","@id":"https:\/\/gradido.net\/ro\/episode-8\/#article","isPartOf":{"@id":"https:\/\/gradido.net\/ro\/episode-8\/"},"author":{"name":"Bernd H\u00fcckst\u00e4dt","@id":"https:\/\/gradido.net\/de\/#\/schema\/person\/9c503a004ad15a1ddecadce2218db5d1"},"headline":"Essbare Wildpflanzen: kulinarische Schenk\u00f6konomie der Natur","datePublished":"2021-02-21T08:53:49+00:00","dateModified":"2021-06-07T16:46:25+00:00","mainEntityOfPage":{"@id":"https:\/\/gradido.net\/ro\/episode-8\/"},"wordCount":178,"publisher":{"@id":"https:\/\/gradido.net\/de\/#organization"},"image":{"@id":"https:\/\/gradido.net\/ro\/episode-8\/#primaryimage"},"thumbnailUrl":"https:\/\/gradido.net\/wp-content\/uploads\/2021\/02\/podcast_www_strauss.jpg","keywords":["Grundeinkommen"],"articleSection":["Podcast"],"inLanguage":"et"},{"@type":"WebPage","@id":"https:\/\/gradido.net\/ro\/episode-8\/","url":"https:\/\/gradido.net\/ro\/episode-8\/","name":"S\u00f6\u00f6davad metsikud taimed: looduse kulinaarne kingitusmajandus - Gradido","isPartOf":{"@id":"https:\/\/gradido.net\/de\/#website"},"primaryImageOfPage":{"@id":"https:\/\/gradido.net\/ro\/episode-8\/#primaryimage"},"image":{"@id":"https:\/\/gradido.net\/ro\/episode-8\/#primaryimage"},"thumbnailUrl":"https:\/\/gradido.net\/wp-content\/uploads\/2021\/02\/podcast_www_strauss.jpg","datePublished":"2021-02-21T08:53:49+00:00","dateModified":"2021-06-07T16:46:25+00:00","breadcrumb":{"@id":"https:\/\/gradido.net\/ro\/episode-8\/#breadcrumb"},"inLanguage":"et","potentialAction":[{"@type":"ReadAction","target":["https:\/\/gradido.net\/ro\/episode-8\/"]}]},{"@type":"ImageObject","inLanguage":"et","@id":"https:\/\/gradido.net\/ro\/episode-8\/#primaryimage","url":"https:\/\/gradido.net\/wp-content\/uploads\/2021\/02\/podcast_www_strauss.jpg","contentUrl":"https:\/\/gradido.net\/wp-content\/uploads\/2021\/02\/podcast_www_strauss.jpg","width":1800,"height":1221},{"@type":"BreadcrumbList","@id":"https:\/\/gradido.net\/ro\/episode-8\/#breadcrumb","itemListElement":[{"@type":"ListItem","position":1,"name":"Startseite","item":"https:\/\/gradido.net\/"},{"@type":"ListItem","position":2,"name":"Essbare Wildpflanzen: kulinarische Schenk\u00f6konomie der Natur"}]},{"@type":"WebSite","@id":"https:\/\/gradido.net\/de\/#website","url":"https:\/\/gradido.net\/de\/","name":"Gradido","description":"Uus valuuta on t\u00e4nulikkus","publisher":{"@id":"https:\/\/gradido.net\/de\/#organization"},"potentialAction":[{"@type":"SearchAction","target":{"@type":"EntryPoint","urlTemplate":"https:\/\/gradido.net\/de\/?s={search_term_string}"},"query-input":{"@type":"PropertyValueSpecification","valueRequired":true,"valueName":"search_term_string"}}],"inLanguage":"et"},{"@type":"Organization","@id":"https:\/\/gradido.net\/de\/#organization","name":"Gradido","url":"https:\/\/gradido.net\/de\/","logo":{"@type":"ImageObject","inLanguage":"et","@id":"https:\/\/gradido.net\/de\/#\/schema\/logo\/image\/","url":"https:\/\/gradido.net\/wp-content\/uploads\/2022\/04\/gradido-social.jpg","contentUrl":"https:\/\/gradido.net\/wp-content\/uploads\/2022\/04\/gradido-social.jpg","width":527,"height":273,"caption":"Gradido"},"image":{"@id":"https:\/\/gradido.net\/de\/#\/schema\/logo\/image\/"}},{"@type":"Person","@id":"https:\/\/gradido.net\/de\/#\/schema\/person\/9c503a004ad15a1ddecadce2218db5d1","name":"Bernd H\u00fcckst\u00e4dt","sameAs":["https:\/\/gradido.net"],"url":"https:\/\/gradido.net\/et\/author\/bernd\/"}]}},"_links":{"self":[{"href":"https:\/\/gradido.net\/et\/wp-json\/wp\/v2\/posts\/1865","targetHints":{"allow":["GET"]}}],"collection":[{"href":"https:\/\/gradido.net\/et\/wp-json\/wp\/v2\/posts"}],"about":[{"href":"https:\/\/gradido.net\/et\/wp-json\/wp\/v2\/types\/post"}],"author":[{"embeddable":true,"href":"https:\/\/gradido.net\/et\/wp-json\/wp\/v2\/users\/2"}],"replies":[{"embeddable":true,"href":"https:\/\/gradido.net\/et\/wp-json\/wp\/v2\/comments?post=1865"}],"version-history":[{"count":20,"href":"https:\/\/gradido.net\/et\/wp-json\/wp\/v2\/posts\/1865\/revisions"}],"predecessor-version":[{"id":2737,"href":"https:\/\/gradido.net\/et\/wp-json\/wp\/v2\/posts\/1865\/revisions\/2737"}],"wp:featuredmedia":[{"embeddable":true,"href":"https:\/\/gradido.net\/et\/wp-json\/wp\/v2\/media\/1775"}],"wp:attachment":[{"href":"https:\/\/gradido.net\/et\/wp-json\/wp\/v2\/media?parent=1865"}],"wp:term":[{"taxonomy":"category","embeddable":true,"href":"https:\/\/gradido.net\/et\/wp-json\/wp\/v2\/categories?post=1865"},{"taxonomy":"post_tag","embeddable":true,"href":"https:\/\/gradido.net\/et\/wp-json\/wp\/v2\/tags?post=1865"}],"curies":[{"name":"wp","href":"https:\/\/api.w.org\/{rel}","templated":true}]}}