{"id":1994,"date":"2021-03-11T12:06:47","date_gmt":"2021-03-11T11:06:47","guid":{"rendered":"https:\/\/gradido.net\/?p=1994"},"modified":"2021-12-11T21:01:44","modified_gmt":"2021-12-11T20:01:44","slug":"wirtschaftsforscher-nutzen-corona-krise-als-forschungslabor","status":"publish","type":"post","link":"https:\/\/gradido.net\/et\/wirtschaftsforscher-nutzen-corona-krise-als-forschungslabor\/","title":{"rendered":"Majandusuurijad kasutavad Corona kriisi uurimislaborina"},"content":{"rendered":"<div data-elementor-type=\"wp-post\" data-elementor-id=\"1994\" class=\"elementor elementor-1994\" data-elementor-post-type=\"post\">\n\t\t\t\t\t\t<section class=\"elementor-section elementor-top-section elementor-element elementor-element-496e1d53 elementor-section-boxed elementor-section-height-default elementor-section-height-default\" data-id=\"496e1d53\" data-element_type=\"section\" data-e-type=\"section\">\n\t\t\t\t\t\t<div class=\"elementor-container elementor-column-gap-default\">\n\t\t\t\t\t<div class=\"elementor-column elementor-col-100 elementor-top-column elementor-element elementor-element-461d7be0\" data-id=\"461d7be0\" data-element_type=\"column\" data-e-type=\"column\">\n\t\t\t<div class=\"elementor-widget-wrap elementor-element-populated\">\n\t\t\t\t\t\t<div class=\"elementor-element elementor-element-cd9ebe2 elementor-widget elementor-widget-text-editor\" data-id=\"cd9ebe2\" data-element_type=\"widget\" data-e-type=\"widget\" data-widget_type=\"text-editor.default\">\n\t\t\t\t<div class=\"elementor-widget-container\">\n\t\t\t\t\t\t\t\t\t<h2>Parema t\u00f6\u00f6maailma nimel<\/h2><p><strong>K\u00fcnzelsau,11.03.2021 - Miljonite inimeste jaoks p\u00f5hjustavad mured oma t\u00f6\u00f6koha p\u00e4rast vaevu kontrollitavat \u00e4revust. Nad igatsevad tagasi oma vana elu juurde, kus on eeldatavasti turvalisus ja etteaimatavus. Aga kas see on t\u00f5esti soovitav? Kuna Saksamaa t\u00f6\u00f6tajaid peeti juba enne kriisi \"pettumuse v\u00f5itjateks\", siis v\u00f5iksime kindlasti kasutada praegust eriolukorda kui uurimislaboratooriumi parema t\u00f6\u00f6maailma loomiseks. Gradido Akadeemia \u00e4ribioonika eksperdid ja tuntud \u0160veitsi rahvusvahelise juhtimise professor \"Musterbrecher\" prof. Hans W\u00fcthrich on sellega juba alustanud.<\/strong><\/p><p>Taani uuring t\u00f6\u00f6tajate \u00fclemaailmse rahulolu kohta t\u00f5estas juba 2020. aastal, et \u00fcheski maailma riigis ei k\u00e4i inimesed nii lootusetult t\u00f6\u00f6l kui Saksamaal. See ei ole \u00fcllatav ei Gradido Academy for Business Bionics kaasasutaja Bernd H\u00fcckst\u00e4dt'ile ega juhtimisuurijale prof. Hans W\u00fcthrichile. M\u00f5lemad n\u00e4evad tungivat vajadust reformida juhtimiskultuuri ja finantss\u00fcsteemi - mitte ainult selles riigis.<\/p><h3>T\u00f6\u00f6tajad, kellel on \u00f5igus<\/h3><p>Hiljutiste uuringute kohaselt ei ole tulevase t\u00f6\u00f6andja valikul m\u00e4\u00e4ravaks kriteeriumiks ei kiire edutamisv\u00f5imalus ega keskmisest k\u00f5rgem palk. Pigem \u00fchendab nii \u00fcli\u00f5pilasi kui ka t\u00f6\u00f6tajaid soov m\u00e4ngida positiivset rolli tuleviku kujundamisel. Seda suundumust kinnitab ka prof W\u00fcthrich: \"Paljude inimeste jaoks ei piisa t\u00e4nap\u00e4eval enam sellest, et nad saavad oma t\u00f6\u00f6tulemuste eest lihtsalt palka. Mitte ainult noored, vaid inimesed \u00fcldiselt tahavad muuta maailma paremaks, kaitsta keskkonda ja selle loodusvarasid ning teha midagi m\u00f5ttekat. Minu jaoks t\u00e4hendab see, et organisatsioonid peavad palju rohkem t\u00e4helepanu p\u00f6\u00f6rama sellele, miks, st seadustama oma olemasolu p\u00f5hjuse. Neil peab olema vastus k\u00fcsimusele: Milline on meie positiivne panus parema maailma loomiseks? Kes ja kuidas saab kasu meie ettev\u00f5tluse edukusest? Tulevikus peavad organisatsioonid \u00fcha enam pakkuma eluruume, kus t\u00f6\u00f6tajad saavad edasi areneda ja oma potentsiaali avardada.<\/p><h3>Corona kriis kui tuleviku v\u00f5imaluste laboratoorium<\/h3><p>Prof. W\u00fcthrichi s\u00f5nul loob asjaolu, et paljud organisatsioonid on sunnitud kriisi ajal t\u00e4iesti uusi teid v\u00f5tma, \"t\u00f5elise v\u00f5imaluste laboratooriumi tuleviku jaoks\". \"K\u00f5ik need planeerimata eksperimendid pakuvad ainulaadset v\u00f5imalust vabastada just ka juhtimiskultuur ebasobivatest eelarvamustest, dogmadest ja tabudest ning arendada seda arukalt.\" J\u00e4rgides p\u00f5him\u00f5tet \"refleksiooni asemel refleksioon\", kutsub juhtimisekspert juhte \u00fcles v\u00f5tma aega, et anal\u00fc\u00fcsida p\u00f5hjalikumalt Corona meetmete poolt esile kutsutud t\u00e4helepanekuid, mis on organisatsioonikultuuri seisukohalt v\u00e4ga huvitavad, vaatamata arusaadavale soovile v\u00f5imalikult kiiresti tagasi p\u00f6\u00f6rduda Corona-eelse normaalsuse juurde. \"Ja me peaksime ehk ka utoopiad tegelikkuseks muutma, tegema oma j\u00e4reldused ja teadlikult otsustama, millised Corona \u0161okire\u017eiimis kogutud kogemused ja arusaamad kantakse tulevase t\u00f6\u00f6maailma uue normaalsusena \u00fcle.\"<\/p><h3>Aeg uue majanduss\u00fcsteemi jaoks<\/h3><p>Gradido Akadeemia majandusbioonika teadlased on juba v\u00e4lja t\u00f6\u00f6tanud parema t\u00f6\u00f6- ja elumaailma kontseptsiooni. Enam kui kahe aastak\u00fcmne jooksul on teadlased, kes tegelevad \u00fchisraha Gradido (GDD) \u00fcmber, suutnud kujundada majandus- ja finantss\u00fcsteemi, mis mitte ainult ei muuda t\u00e4ielikult t\u00f6\u00f6maailma. H\u00fcckst\u00e4dt, kes on akadeemia kaasasutaja, \u00fctleb: \"Muutuste aeg ei ole kunagi varem olnud nii soodne kui praegu. Corona-kriis on t\u00f5eline laboratoorium - isegi kui me oleme sinna sisenenud tahtmatult. Vana normaalsust enam ei eksisteeri, vaid hoopis teistsugune mitmekesisus. Uue majandus-, finants- ja rahas\u00fcsteemi abil loome t\u00e4iesti uusi v\u00f5imalusi arenguks ja arenguks.\"<\/p><h3>Uus k\u00e4sikiri juhatuse jaoks?<\/h3><p>Enamikul juhtidel puudub ikka veel usaldus ja kogemus oma t\u00f6\u00f6tajate kollektiivse intelligentsusega tegelemisel. Prof. W\u00fcthrichi s\u00f5nul on see p\u00f5hjus, miks praegu pigem h\u00e4vitatakse kui arendatakse potentsiaali, \"ning j\u00e4etakse kasutamata v\u00f5imalus saavutada paremaid lahendusi ja kvaliteetsemat probleemilahendust paljude osalemise kaudu. K\u00f5ige olulisemad l\u00e4henemisviisid eduka tulevase ettev\u00f5tluskultuuri jaoks oleksid usaldus t\u00f6\u00f6tajate p\u00e4devuse ja otsustusv\u00f5ime suhtes ning keskendumine nende potentsiaali arendamisele.<\/p><h3>Gradidos on potentsiaalne areng programmiks.<\/h3><p>Gradido mudeli kohaselt on oma andeid parimal v\u00f5imalikul viisil edendada justkui s\u00fcsteemisiseselt. Seda peetakse \"tingimusteta osalemise\" tuumaks, mida pakutakse igale inimesele panusena \"aktiivsesse p\u00f5hisissetulekusse\". H\u00fcckst\u00e4dt selgitab: \"Kui meie mudel haarab, saab potentsiaali arengust \u00fcks elu keskseid teemasid. On v\u00e4ga oluline, et me suudame koos Gradidoga saavutada, et iga inimene oleks varustatud. Seni, kuni ma pean surve all oma eksistentsi eest v\u00f5itlema ja praktiliselt iga t\u00f6\u00f6ga n\u00f5ustuma, et tagada oma elluj\u00e4\u00e4mine, ei j\u00e4\u00e4 potentsiaali arendamiseks palju \u00fcle. L\u00f5ppkokkuv\u00f5ttes on see aga v\u00f5ti t\u00e4isv\u00e4\u00e4rtusliku elu ja kogu kogukonna suurima v\u00f5imaliku edu saavutamiseks. Seep\u00e4rast saab Gradido mudelis iga\u00fcks saada \"aktiivset p\u00f5hisissetulekut\".\"<\/p><p>Eksistentsiaalse hirmu ja konkurentsi n\u00f5iaringi murdmine<br \/>Gradido loob veel \u00fche h\u00e4davajaliku eelduse t\u00e4isv\u00e4\u00e4rtuslikuks kooseksisteerimiseks koos \"v\u00f5lg-raha p\u00f5him\u00f5tte\" kaotamisega. H\u00fcckst\u00e4dt \u00fctleb: \"Seni, kuni \u00fche krediit on teise v\u00f5lg, ei saa me inimesed \u00fcksteisega rahus elada. Teisalt loob Gradido raha loomine iga\u00fche jaoks aluse r\u00f5\u00f5msale ja nauditavale kooseksisteerimisele. Vastavalt moto \"koost\u00f6\u00f6 asemel konkurents\" saame kasutada s\u00fcnergiat ja arendada solidaarsust.\"<\/p><p>Selles vaimus kutsuvad Bernd H\u00fcckst\u00e4dt ja Gradido Akadeemia omanik Margret Baier samasuguse m\u00f5tteviisiga inimesi ja parema (t\u00f6\u00f6)maailma s\u00f5pru vahetama ja koost\u00f6\u00f6d tegema.<\/p><p>\u00dcksikasjad Gradido mudeli kohta ja podcasti episood koos prof Hans W\u00fcthrichi, Bernd H\u00fcckst\u00e4dti ja Michael M\u00e4rzheuseriga teemal \"Pattern Breakers - Making Utopias a Reality\" aadressil www.gradido.net.<\/p><p><!-- \/wp:paragraph --><\/p>\t\t\t\t\t\t\t\t<\/div>\n\t\t\t\t<\/div>\n\t\t\t\t<div class=\"elementor-element elementor-element-e9ff241 elementor-widget elementor-widget-text-editor\" data-id=\"e9ff241\" data-element_type=\"widget\" data-e-type=\"widget\" data-widget_type=\"text-editor.default\">\n\t\t\t\t<div class=\"elementor-widget-container\">\n\t\t\t\t\t\t\t\t\t<p><strong>Gradido Akadeemia kohta<\/strong><br>Gradido Academy for Economic Bionics on v\u00e4lja t\u00f6\u00f6tanud alternatiivse \"\u00fchisraha\", mille eeskujuks on loodus. Loodus j\u00e4rgib reeglit, et ainult seal, kus midagi l\u00e4heb kaduma, v\u00f5ib tekkida midagi uut ja seega on v\u00f5imalik pikaajaline areng (evolutsioon). Selle edu retsept on \"eluts\u00fckkel\". Kui ka meie majandus j\u00e4rgiks seda loomulikku ts\u00fcklit, lahendaks see majandusbioonika ekspertide s\u00f5nul praktiliselt k\u00f5ik maailma rahaga seotud probleemid. Gradido mudel p\u00f5hineb ideel, et mitte ainult iga inimene, vaid ka iga riik saab krediidip\u00f5hiselt loodud tulu. Sellega saab ta t\u00e4ita k\u00f5iki oma \u00fclesandeid ilma makse kogumata. Deflatsioon v\u00f5i inflatsioon on minevik. Majandus vabaneb pidevast kasvukohustusest, finantss\u00fcsteemi kokkuvarisemise oht on l\u00f5plikult v\u00e4lditud. (<a href=\"https:\/\/gradido.net\/et\/\">www.gradido.net<\/a>)<\/p>\t\t\t\t\t\t\t\t<\/div>\n\t\t\t\t<\/div>\n\t\t\t\t\t<\/div>\n\t\t<\/div>\n\t\t\t\t\t<\/div>\n\t\t<\/section>\n\t\t\t\t<\/div>","protected":false},"excerpt":{"rendered":"<p>F\u00fcr eine bessere Arbeitswelt K\u00fcnzelsau,11.03.2021 \u2013 Millionen Menschen beschert die Sorge um ihren Arbeitsplatz kaum beherrschbare \u00c4ngste. Sie sehnen sich nach der R\u00fcckkehr in ihr altes Leben mit seiner vermeintlichen Sicherheit und Berechenbarkeit. Aber ist das wirklich erstrebenswert? Nachdem deutsche Arbeitnehmer schon vor der Krise als \u201aFrustweltmeister\u2018 galten, k\u00f6nnten wir den aktuellen Ausnahmezustand auch durchaus [&hellip;]<\/p>\n","protected":false},"author":2,"featured_media":1939,"comment_status":"closed","ping_status":"closed","sticky":false,"template":"","format":"standard","meta":{"footnotes":""},"categories":[8],"tags":[],"class_list":["post-1994","post","type-post","status-publish","format-standard","has-post-thumbnail","hentry","category-pressemitteilung"],"yoast_head":"<!-- This site is optimized with the Yoast SEO plugin v27.5 - https:\/\/yoast.com\/product\/yoast-seo-wordpress\/ -->\n<title>Wirtschaftsforscher nutzen Corona-Krise als Forschungslabor - Gradido<\/title>\n<meta name=\"robots\" content=\"index, follow, max-snippet:-1, max-image-preview:large, max-video-preview:-1\" \/>\n<link rel=\"canonical\" href=\"https:\/\/gradido.net\/et\/wirtschaftsforscher-nutzen-corona-krise-als-forschungslabor\/\" \/>\n<meta property=\"og:locale\" content=\"et_EE\" \/>\n<meta property=\"og:type\" content=\"article\" \/>\n<meta property=\"og:title\" content=\"Wirtschaftsforscher nutzen Corona-Krise als Forschungslabor - Gradido\" \/>\n<meta property=\"og:description\" content=\"F\u00fcr eine bessere Arbeitswelt K\u00fcnzelsau,11.03.2021 \u2013 Millionen Menschen beschert die Sorge um ihren Arbeitsplatz kaum beherrschbare \u00c4ngste. Sie sehnen sich nach der R\u00fcckkehr in ihr altes Leben mit seiner vermeintlichen Sicherheit und Berechenbarkeit. Aber ist das wirklich erstrebenswert? Nachdem deutsche Arbeitnehmer schon vor der Krise als \u201aFrustweltmeister\u2018 galten, k\u00f6nnten wir den aktuellen Ausnahmezustand auch durchaus [&hellip;]\" \/>\n<meta property=\"og:url\" content=\"https:\/\/gradido.net\/et\/wirtschaftsforscher-nutzen-corona-krise-als-forschungslabor\/\" \/>\n<meta property=\"og:site_name\" content=\"Gradido\" \/>\n<meta property=\"article:published_time\" content=\"2021-03-11T11:06:47+00:00\" \/>\n<meta property=\"article:modified_time\" content=\"2021-12-11T20:01:44+00:00\" \/>\n<meta property=\"og:image\" content=\"https:\/\/gradido.net\/wp-content\/uploads\/2021\/03\/krise_als_forschungslabor.jpg\" \/>\n\t<meta property=\"og:image:width\" content=\"1750\" \/>\n\t<meta property=\"og:image:height\" content=\"1188\" \/>\n\t<meta property=\"og:image:type\" content=\"image\/jpeg\" \/>\n<meta name=\"author\" content=\"Bernd H\u00fcckst\u00e4dt\" \/>\n<meta name=\"twitter:card\" content=\"summary_large_image\" \/>\n<meta name=\"twitter:label1\" content=\"Written by\" \/>\n\t<meta name=\"twitter:data1\" content=\"Bernd H\u00fcckst\u00e4dt\" \/>\n\t<meta name=\"twitter:label2\" content=\"Est. reading time\" \/>\n\t<meta name=\"twitter:data2\" content=\"5 minutit\" \/>\n<script type=\"application\/ld+json\" class=\"yoast-schema-graph\">{\"@context\":\"https:\\\/\\\/schema.org\",\"@graph\":[{\"@type\":\"Article\",\"@id\":\"https:\\\/\\\/gradido.net\\\/wirtschaftsforscher-nutzen-corona-krise-als-forschungslabor\\\/#article\",\"isPartOf\":{\"@id\":\"https:\\\/\\\/gradido.net\\\/wirtschaftsforscher-nutzen-corona-krise-als-forschungslabor\\\/\"},\"author\":{\"name\":\"Bernd H\u00fcckst\u00e4dt\",\"@id\":\"https:\\\/\\\/gradido.net\\\/de\\\/#\\\/schema\\\/person\\\/9c503a004ad15a1ddecadce2218db5d1\"},\"headline\":\"Wirtschaftsforscher nutzen Corona-Krise als Forschungslabor\",\"datePublished\":\"2021-03-11T11:06:47+00:00\",\"dateModified\":\"2021-12-11T20:01:44+00:00\",\"mainEntityOfPage\":{\"@id\":\"https:\\\/\\\/gradido.net\\\/wirtschaftsforscher-nutzen-corona-krise-als-forschungslabor\\\/\"},\"wordCount\":1096,\"publisher\":{\"@id\":\"https:\\\/\\\/gradido.net\\\/de\\\/#organization\"},\"image\":{\"@id\":\"https:\\\/\\\/gradido.net\\\/wirtschaftsforscher-nutzen-corona-krise-als-forschungslabor\\\/#primaryimage\"},\"thumbnailUrl\":\"https:\\\/\\\/gradido.net\\\/wp-content\\\/uploads\\\/2021\\\/03\\\/krise_als_forschungslabor.jpg\",\"articleSection\":[\"Pressemitteilung\"],\"inLanguage\":\"et\"},{\"@type\":\"WebPage\",\"@id\":\"https:\\\/\\\/gradido.net\\\/wirtschaftsforscher-nutzen-corona-krise-als-forschungslabor\\\/\",\"url\":\"https:\\\/\\\/gradido.net\\\/wirtschaftsforscher-nutzen-corona-krise-als-forschungslabor\\\/\",\"name\":\"Wirtschaftsforscher nutzen Corona-Krise als Forschungslabor - Gradido\",\"isPartOf\":{\"@id\":\"https:\\\/\\\/gradido.net\\\/de\\\/#website\"},\"primaryImageOfPage\":{\"@id\":\"https:\\\/\\\/gradido.net\\\/wirtschaftsforscher-nutzen-corona-krise-als-forschungslabor\\\/#primaryimage\"},\"image\":{\"@id\":\"https:\\\/\\\/gradido.net\\\/wirtschaftsforscher-nutzen-corona-krise-als-forschungslabor\\\/#primaryimage\"},\"thumbnailUrl\":\"https:\\\/\\\/gradido.net\\\/wp-content\\\/uploads\\\/2021\\\/03\\\/krise_als_forschungslabor.jpg\",\"datePublished\":\"2021-03-11T11:06:47+00:00\",\"dateModified\":\"2021-12-11T20:01:44+00:00\",\"breadcrumb\":{\"@id\":\"https:\\\/\\\/gradido.net\\\/wirtschaftsforscher-nutzen-corona-krise-als-forschungslabor\\\/#breadcrumb\"},\"inLanguage\":\"et\",\"potentialAction\":[{\"@type\":\"ReadAction\",\"target\":[\"https:\\\/\\\/gradido.net\\\/wirtschaftsforscher-nutzen-corona-krise-als-forschungslabor\\\/\"]}]},{\"@type\":\"ImageObject\",\"inLanguage\":\"et\",\"@id\":\"https:\\\/\\\/gradido.net\\\/wirtschaftsforscher-nutzen-corona-krise-als-forschungslabor\\\/#primaryimage\",\"url\":\"https:\\\/\\\/gradido.net\\\/wp-content\\\/uploads\\\/2021\\\/03\\\/krise_als_forschungslabor.jpg\",\"contentUrl\":\"https:\\\/\\\/gradido.net\\\/wp-content\\\/uploads\\\/2021\\\/03\\\/krise_als_forschungslabor.jpg\",\"width\":1750,\"height\":1188},{\"@type\":\"BreadcrumbList\",\"@id\":\"https:\\\/\\\/gradido.net\\\/wirtschaftsforscher-nutzen-corona-krise-als-forschungslabor\\\/#breadcrumb\",\"itemListElement\":[{\"@type\":\"ListItem\",\"position\":1,\"name\":\"Startseite\",\"item\":\"https:\\\/\\\/gradido.net\\\/\"},{\"@type\":\"ListItem\",\"position\":2,\"name\":\"Wirtschaftsforscher nutzen Corona-Krise als Forschungslabor\"}]},{\"@type\":\"WebSite\",\"@id\":\"https:\\\/\\\/gradido.net\\\/de\\\/#website\",\"url\":\"https:\\\/\\\/gradido.net\\\/de\\\/\",\"name\":\"Gradido\",\"description\":\"Die neue W\u00e4hrung hei\u00dft Dankbarkeit\",\"publisher\":{\"@id\":\"https:\\\/\\\/gradido.net\\\/de\\\/#organization\"},\"potentialAction\":[{\"@type\":\"SearchAction\",\"target\":{\"@type\":\"EntryPoint\",\"urlTemplate\":\"https:\\\/\\\/gradido.net\\\/de\\\/?s={search_term_string}\"},\"query-input\":{\"@type\":\"PropertyValueSpecification\",\"valueRequired\":true,\"valueName\":\"search_term_string\"}}],\"inLanguage\":\"et\"},{\"@type\":\"Organization\",\"@id\":\"https:\\\/\\\/gradido.net\\\/de\\\/#organization\",\"name\":\"Gradido\",\"url\":\"https:\\\/\\\/gradido.net\\\/de\\\/\",\"logo\":{\"@type\":\"ImageObject\",\"inLanguage\":\"et\",\"@id\":\"https:\\\/\\\/gradido.net\\\/de\\\/#\\\/schema\\\/logo\\\/image\\\/\",\"url\":\"https:\\\/\\\/gradido.net\\\/wp-content\\\/uploads\\\/2022\\\/04\\\/gradido-social.jpg\",\"contentUrl\":\"https:\\\/\\\/gradido.net\\\/wp-content\\\/uploads\\\/2022\\\/04\\\/gradido-social.jpg\",\"width\":527,\"height\":273,\"caption\":\"Gradido\"},\"image\":{\"@id\":\"https:\\\/\\\/gradido.net\\\/de\\\/#\\\/schema\\\/logo\\\/image\\\/\"}},{\"@type\":\"Person\",\"@id\":\"https:\\\/\\\/gradido.net\\\/de\\\/#\\\/schema\\\/person\\\/9c503a004ad15a1ddecadce2218db5d1\",\"name\":\"Bernd H\u00fcckst\u00e4dt\",\"sameAs\":[\"https:\\\/\\\/gradido.net\"],\"url\":\"https:\\\/\\\/gradido.net\\\/et\\\/author\\\/bernd\\\/\"}]}<\/script>\n<!-- \/ Yoast SEO plugin. -->","yoast_head_json":{"title":"Majandusuurijad kasutavad Corona kriisi uurimislaborina - Gradido","robots":{"index":"index","follow":"follow","max-snippet":"max-snippet:-1","max-image-preview":"max-image-preview:large","max-video-preview":"max-video-preview:-1"},"canonical":"https:\/\/gradido.net\/et\/wirtschaftsforscher-nutzen-corona-krise-als-forschungslabor\/","og_locale":"et_EE","og_type":"article","og_title":"Wirtschaftsforscher nutzen Corona-Krise als Forschungslabor - Gradido","og_description":"F\u00fcr eine bessere Arbeitswelt K\u00fcnzelsau,11.03.2021 \u2013 Millionen Menschen beschert die Sorge um ihren Arbeitsplatz kaum beherrschbare \u00c4ngste. Sie sehnen sich nach der R\u00fcckkehr in ihr altes Leben mit seiner vermeintlichen Sicherheit und Berechenbarkeit. Aber ist das wirklich erstrebenswert? Nachdem deutsche Arbeitnehmer schon vor der Krise als \u201aFrustweltmeister\u2018 galten, k\u00f6nnten wir den aktuellen Ausnahmezustand auch durchaus [&hellip;]","og_url":"https:\/\/gradido.net\/et\/wirtschaftsforscher-nutzen-corona-krise-als-forschungslabor\/","og_site_name":"Gradido","article_published_time":"2021-03-11T11:06:47+00:00","article_modified_time":"2021-12-11T20:01:44+00:00","og_image":[{"width":1750,"height":1188,"url":"https:\/\/gradido.net\/wp-content\/uploads\/2021\/03\/krise_als_forschungslabor.jpg","type":"image\/jpeg"}],"author":"Bernd H\u00fcckst\u00e4dt","twitter_card":"summary_large_image","twitter_misc":{"Written by":"Bernd H\u00fcckst\u00e4dt","Est. reading time":"5 minutit"},"schema":{"@context":"https:\/\/schema.org","@graph":[{"@type":"Article","@id":"https:\/\/gradido.net\/wirtschaftsforscher-nutzen-corona-krise-als-forschungslabor\/#article","isPartOf":{"@id":"https:\/\/gradido.net\/wirtschaftsforscher-nutzen-corona-krise-als-forschungslabor\/"},"author":{"name":"Bernd H\u00fcckst\u00e4dt","@id":"https:\/\/gradido.net\/de\/#\/schema\/person\/9c503a004ad15a1ddecadce2218db5d1"},"headline":"Wirtschaftsforscher nutzen Corona-Krise als Forschungslabor","datePublished":"2021-03-11T11:06:47+00:00","dateModified":"2021-12-11T20:01:44+00:00","mainEntityOfPage":{"@id":"https:\/\/gradido.net\/wirtschaftsforscher-nutzen-corona-krise-als-forschungslabor\/"},"wordCount":1096,"publisher":{"@id":"https:\/\/gradido.net\/de\/#organization"},"image":{"@id":"https:\/\/gradido.net\/wirtschaftsforscher-nutzen-corona-krise-als-forschungslabor\/#primaryimage"},"thumbnailUrl":"https:\/\/gradido.net\/wp-content\/uploads\/2021\/03\/krise_als_forschungslabor.jpg","articleSection":["Pressemitteilung"],"inLanguage":"et"},{"@type":"WebPage","@id":"https:\/\/gradido.net\/wirtschaftsforscher-nutzen-corona-krise-als-forschungslabor\/","url":"https:\/\/gradido.net\/wirtschaftsforscher-nutzen-corona-krise-als-forschungslabor\/","name":"Majandusuurijad kasutavad Corona kriisi uurimislaborina - Gradido","isPartOf":{"@id":"https:\/\/gradido.net\/de\/#website"},"primaryImageOfPage":{"@id":"https:\/\/gradido.net\/wirtschaftsforscher-nutzen-corona-krise-als-forschungslabor\/#primaryimage"},"image":{"@id":"https:\/\/gradido.net\/wirtschaftsforscher-nutzen-corona-krise-als-forschungslabor\/#primaryimage"},"thumbnailUrl":"https:\/\/gradido.net\/wp-content\/uploads\/2021\/03\/krise_als_forschungslabor.jpg","datePublished":"2021-03-11T11:06:47+00:00","dateModified":"2021-12-11T20:01:44+00:00","breadcrumb":{"@id":"https:\/\/gradido.net\/wirtschaftsforscher-nutzen-corona-krise-als-forschungslabor\/#breadcrumb"},"inLanguage":"et","potentialAction":[{"@type":"ReadAction","target":["https:\/\/gradido.net\/wirtschaftsforscher-nutzen-corona-krise-als-forschungslabor\/"]}]},{"@type":"ImageObject","inLanguage":"et","@id":"https:\/\/gradido.net\/wirtschaftsforscher-nutzen-corona-krise-als-forschungslabor\/#primaryimage","url":"https:\/\/gradido.net\/wp-content\/uploads\/2021\/03\/krise_als_forschungslabor.jpg","contentUrl":"https:\/\/gradido.net\/wp-content\/uploads\/2021\/03\/krise_als_forschungslabor.jpg","width":1750,"height":1188},{"@type":"BreadcrumbList","@id":"https:\/\/gradido.net\/wirtschaftsforscher-nutzen-corona-krise-als-forschungslabor\/#breadcrumb","itemListElement":[{"@type":"ListItem","position":1,"name":"Startseite","item":"https:\/\/gradido.net\/"},{"@type":"ListItem","position":2,"name":"Wirtschaftsforscher nutzen Corona-Krise als Forschungslabor"}]},{"@type":"WebSite","@id":"https:\/\/gradido.net\/de\/#website","url":"https:\/\/gradido.net\/de\/","name":"Gradido","description":"Uus valuuta on t\u00e4nulikkus","publisher":{"@id":"https:\/\/gradido.net\/de\/#organization"},"potentialAction":[{"@type":"SearchAction","target":{"@type":"EntryPoint","urlTemplate":"https:\/\/gradido.net\/de\/?s={search_term_string}"},"query-input":{"@type":"PropertyValueSpecification","valueRequired":true,"valueName":"search_term_string"}}],"inLanguage":"et"},{"@type":"Organization","@id":"https:\/\/gradido.net\/de\/#organization","name":"Gradido","url":"https:\/\/gradido.net\/de\/","logo":{"@type":"ImageObject","inLanguage":"et","@id":"https:\/\/gradido.net\/de\/#\/schema\/logo\/image\/","url":"https:\/\/gradido.net\/wp-content\/uploads\/2022\/04\/gradido-social.jpg","contentUrl":"https:\/\/gradido.net\/wp-content\/uploads\/2022\/04\/gradido-social.jpg","width":527,"height":273,"caption":"Gradido"},"image":{"@id":"https:\/\/gradido.net\/de\/#\/schema\/logo\/image\/"}},{"@type":"Person","@id":"https:\/\/gradido.net\/de\/#\/schema\/person\/9c503a004ad15a1ddecadce2218db5d1","name":"Bernd H\u00fcckst\u00e4dt","sameAs":["https:\/\/gradido.net"],"url":"https:\/\/gradido.net\/et\/author\/bernd\/"}]}},"_links":{"self":[{"href":"https:\/\/gradido.net\/et\/wp-json\/wp\/v2\/posts\/1994","targetHints":{"allow":["GET"]}}],"collection":[{"href":"https:\/\/gradido.net\/et\/wp-json\/wp\/v2\/posts"}],"about":[{"href":"https:\/\/gradido.net\/et\/wp-json\/wp\/v2\/types\/post"}],"author":[{"embeddable":true,"href":"https:\/\/gradido.net\/et\/wp-json\/wp\/v2\/users\/2"}],"replies":[{"embeddable":true,"href":"https:\/\/gradido.net\/et\/wp-json\/wp\/v2\/comments?post=1994"}],"version-history":[{"count":8,"href":"https:\/\/gradido.net\/et\/wp-json\/wp\/v2\/posts\/1994\/revisions"}],"predecessor-version":[{"id":3766,"href":"https:\/\/gradido.net\/et\/wp-json\/wp\/v2\/posts\/1994\/revisions\/3766"}],"wp:featuredmedia":[{"embeddable":true,"href":"https:\/\/gradido.net\/et\/wp-json\/wp\/v2\/media\/1939"}],"wp:attachment":[{"href":"https:\/\/gradido.net\/et\/wp-json\/wp\/v2\/media?parent=1994"}],"wp:term":[{"taxonomy":"category","embeddable":true,"href":"https:\/\/gradido.net\/et\/wp-json\/wp\/v2\/categories?post=1994"},{"taxonomy":"post_tag","embeddable":true,"href":"https:\/\/gradido.net\/et\/wp-json\/wp\/v2\/tags?post=1994"}],"curies":[{"name":"wp","href":"https:\/\/api.w.org\/{rel}","templated":true}]}}