{"id":2258,"date":"2021-04-13T12:49:13","date_gmt":"2021-04-13T10:49:13","guid":{"rendered":"https:\/\/gradido.net\/?p=2258"},"modified":"2021-12-11T21:02:36","modified_gmt":"2021-12-11T20:02:36","slug":"gradido-akademie-fordert-great-cooperation-fuer-kinderrechte","status":"publish","type":"post","link":"https:\/\/gradido.net\/et\/gradido-akademie-fordert-great-cooperation-fuer-kinderrechte\/","title":{"rendered":"Gradido Akadeemia kutsub \u00fcles \"suurele koost\u00f6\u00f6le\" laste \u00f5iguste nimel"},"content":{"rendered":"<div data-elementor-type=\"wp-post\" data-elementor-id=\"2258\" class=\"elementor elementor-2258\" data-elementor-post-type=\"post\">\n\t\t\t\t\t\t<section class=\"elementor-section elementor-top-section elementor-element elementor-element-496e1d53 elementor-section-boxed elementor-section-height-default elementor-section-height-default\" data-id=\"496e1d53\" data-element_type=\"section\" data-e-type=\"section\">\n\t\t\t\t\t\t<div class=\"elementor-container elementor-column-gap-default\">\n\t\t\t\t\t<div class=\"elementor-column elementor-col-100 elementor-top-column elementor-element elementor-element-461d7be0\" data-id=\"461d7be0\" data-element_type=\"column\" data-e-type=\"column\">\n\t\t\t<div class=\"elementor-widget-wrap elementor-element-populated\">\n\t\t\t\t\t\t<div class=\"elementor-element elementor-element-cd9ebe2 elementor-widget elementor-widget-text-editor\" data-id=\"cd9ebe2\" data-element_type=\"widget\" data-e-type=\"widget\" data-widget_type=\"text-editor.default\">\n\t\t\t\t<div class=\"elementor-widget-container\">\n\t\t\t\t\t\t\t\t\t<h2>Iga 6. laps m\u00f5tleb enesetapule<\/h2>\n<p><strong>K\u00fcnzelsau, 13.04.2021 - Corona poliitika ohustab mitte ainult tervislikku arengut ja haridust, vaid ka meie laste elu. \u00dcha enam noori ja isegi lapsi m\u00f5tleb enesetapule, et p\u00e4\u00e4seda isolatsiooni, liigsete n\u00f5udmiste, eksistentsiaalse hirmu v\u00f5i koduv\u00e4givalla eest. Suundumus lukustusre\u017eiimis: pidevalt kasvav! Koolid, noorsooametid ja perekonnad ei ole praegustes raamtingimustes pikka aega suutnud piisavalt kaitsta \"lapse parimaid huve\". Haridus- ja perepoliitikas ei ole h\u00e4davajalikku kursikorrektsiooni veel kusagil n\u00e4ha. See \"laste ja noorte \u00f5iguste kinnipidamine\" kutsub ka Gradido akadeemia \u00e4ribioneeri eksperte tegutsema. Nad on s\u00fcgavalt mures ja n\u00f5uavad kriisiohjamise reformi. Valdkondadevaheline koost\u00f6\u00f6 peaks aitama taastada tulevaste p\u00f5lvkondade turvalisuse, usalduse ja perspektiivi.<\/strong><\/p>\n<h3>Lapsed ja noored kannatavad \u00fcha enam<\/h3>\n<p>Veebruaris esitas Hamburgi \u00dclikooli Kliinikum Eppendorf (UKE) oma COPSY-uuringu teise osa. Selge tulemus: lapsed ja noored kannatavad praeguse olukorra t\u00f5ttu \u00fcha enam. Mitte ainult nende elukvaliteet, vaid ka noorte vaimne tervis on Corona-kriisi k\u00e4igus \u00fcha enam halvenenud. M\u00fcnchenis asuva Saksa Noorsooinstituudi (DJI) uuring \"Lapse olemine koroona ajal\" ja Hildesheimi \u00fclikooli praegused uuringud j\u00f5uavad sarnastele j\u00e4reldustele. Eriti raskes majanduslikus olukorras olevates peredes kaebasid lapsed tohutute emotsionaalsete ja ps\u00fchholoogiliste probleemide \u00fcle.<\/p>\n<h3>Lastel tekivad enesetapum\u00f5tted<\/h3>\n<p>Doonau \u00dclikooli Kremsi uuring koost\u00f6\u00f6s Viini Meditsiini\u00fclikooliga n\u00e4itab samuti murettekitavaid tulemusi koolilaste vaimse tervise kohta: COVID 19 kriis on mitmekordistanud noorte vaimseid probleeme. 16 protsendil \u00f5pilastest on enesetapum\u00f5tted, see on tubli iga kuues. Lisaks kannatab \u00fcle poole neist depressiivsete s\u00fcmptomite all.<\/p>\n<h3>\u00c4revused, sundm\u00f5tted ja depressioonid<\/h3>\n<p>Patricia Marcharti ja Judith Raunigi dokumentaalfilm \"Lockdown Children's Rights\", mida tasub vaadata, n\u00e4itab tundlikult ja empaatiliselt laste ja noorte \u00fcksildust ja ps\u00fchholoogilist stressi, isegi traumeerimist, mis on fataalsete pikaajaliste tagaj\u00e4rgedega.<\/p>\n<h3>Kuhu on kogu elu kadunud?<\/h3>\n<p>Gradido akadeemia \u00e4ribioneeri eksperdid on \u00e4revuses. \"Laste ja noorte dramaatiline olukord on praegu \u00fcks meie teadusuuringute keskseid teemasid. L\u00f5ppkokkuv\u00f5ttes on nad j\u00e4etud ilma k\u00f5igest, mis on tervislikuks arenguks h\u00e4davajalik: L\u00e4hedus, uudishimu, kogukondlikkus, elav m\u00f5ttevahetus, kergemeelsus ja \u00f5igus \u00fclevusele,\" kinnitab akadeemia omanik Margret Baier.<\/p>\n<h3>Meetmed teevad lastele palju rohkem kahju kui Corona<\/h3>\n<p>Prof. Dr. Andreas S\u00f6nnichsen, Netzwerk f\u00fcr Evidenzbasierte Medizin e. V. (t\u00f5endusp\u00f5hise meditsiini v\u00f5rgustik) kauaaegne esimees, hoiatab samuti: \"Lastele m\u00f5eldud meetmed teevad palju rohkem kahju kui Corona\". Erinevate erialade lastearstid ja noorukite arstid kardavad p\u00fcsivaid ps\u00fchholoogilisi ja ps\u00fchhosomaatilisi kahjustusi. Tuntud neurobioloog Gerald H\u00fcther spekuleerib: \"Kui k\u00f5ik on l\u00e4bi, peame me oma lastelt andestust paluma selle eest, mida me oleme neile teinud.<\/p>\n<h3>Ettev\u00f5tete bioonikaeksperdid soovivad v\u00f5rgustikku parema tuleviku nimel<\/h3>\n<p>\"Vaikides vaatamine ei ole valikuv\u00f5imalus,\" leiab Gradido Akadeemia kaasasutaja Bernd H\u00fcckst\u00e4dt. \"Me ei saa j\u00e4tta nende t\u00f5siste probleemide lahendamist \u00f5petajate v\u00f5i lapsevanemate hooleks, kellest enamik on ise juba ammu otsa saanud,\" selgitab \u00e4ribioneerija. \"Meil ei ole Corona-poliitikale patendiaparaati, kuid me n\u00e4eme meie sotsiaals\u00fcsteemi p\u00f5hilisi puudusi \u00fclimalt selgelt, eriti selles kriisis. Perede rahaline (\u00fcle)koormus, ebav\u00f5rdsed haridusv\u00f5imalused, sotsiaalse solidaarsuse puudumine ja \u00fcha teravnev konkurents juba lapsep\u00f5lves ei ole eksisteerinud mitte ainult alates Coronast. Lihtsalt me tunneme selle v\u00e4\u00e4rarengu tagaj\u00e4rgi praegu nii valusalt. Seega on aeg astuda l\u00f5puks ometi interdistsiplinaarsesse vahetusse, et m\u00e4\u00e4ratleda uus raamistik meie tulevase elu jaoks. Kutsume teid \u00fcles arutama, optimeerima ja rakendama meie \"Gradido mudelit\", mille oleme viimase 20 aasta jooksul v\u00e4lja t\u00f6\u00f6tanud looduse edumudelite p\u00f5hjal, \"Suures koost\u00f6\u00f6s\".\"<\/p>\n<h3>Gradido mudel parandab elu- ja arenguv\u00f5imalusi<\/h3>\n<p>Gradido mudel, mis on seotud samanimelise \u00fchisraha \u00fcmber, keskendub elatusvahendite tagamisele ja optimaalsete arenguv\u00f5imaluste loomisele. Aktiivse p\u00f5hisissetuleku abil v\u00f5ivad eksistentsiaalsed hirmud j\u00e4\u00e4da minevikku. Paljudes peredes saabuks l\u00f5puks rahu ja usaldus tagasi. Tingimusteta osalemise\" raames saab kalduvusi ja andeid avastada ja arendada parimal v\u00f5imalikul viisil igas vanuses, s\u00f5ltumata inimese varasemast haridusest. Lisaks tugevdataks ja edendataks koost\u00f6\u00f6d ja kogukonda. Kolme h\u00fcve\" kui rahaloome alus avaks t\u00e4iesti uued v\u00f5imalused ka tervishoiule, looduskaitsele ja ilmselgelt ka hariduss\u00fcsteemile. T\u00e4nu v\u00f5la-raha p\u00f5him\u00f5ttest loobumisele oleks tulevaste p\u00f5lvkondade jaoks hiiglaslike v\u00f5lam\u00e4gede p\u00e4rand l\u00f5puks ajalugu. \"Rahumeelse \u00fcmberkujundamisega s\u00fcsteemiks, mis p\u00f5hineb \u00fchtekuuluvusel ja koosolemisel, saame anda noortele ja vanadele inimestele, kes on t\u00e4na veel hirmul ja meeleheitel, perspektiivi t\u00e4isv\u00e4\u00e4rtuslikuks ja terveks eluks,\" \u00fctleb Margret Baier. Bernd H\u00fcckst\u00e4dt lisab: \"Ja kui koost\u00f6\u00f6d tegev inimperekond, lahendame \u00fcheskoos selle maailma praegused ja tulevased v\u00e4ljakutsed.\"<\/p>\n<p>\u00dcksikasjad Gradido mudeli ja \"Suure koost\u00f6\u00f6\" kohta aadressil www.gradido.net.<\/p>\t\t\t\t\t\t\t\t<\/div>\n\t\t\t\t<\/div>\n\t\t\t\t<div class=\"elementor-element elementor-element-e9ff241 elementor-widget elementor-widget-text-editor\" data-id=\"e9ff241\" data-element_type=\"widget\" data-e-type=\"widget\" data-widget_type=\"text-editor.default\">\n\t\t\t\t<div class=\"elementor-widget-container\">\n\t\t\t\t\t\t\t\t\t<p><strong>Gradido Akadeemia kohta<\/strong><br>Gradido Academy for Economic Bionics on v\u00e4lja t\u00f6\u00f6tanud alternatiivse \"\u00fchisraha\", mille eeskujuks on loodus. Loodus j\u00e4rgib reeglit, et ainult seal, kus midagi l\u00e4heb kaduma, v\u00f5ib tekkida midagi uut ja seega on v\u00f5imalik pikaajaline areng (evolutsioon). Selle edu retsept on \"eluts\u00fckkel\". Kui ka meie majandus j\u00e4rgiks seda loomulikku ts\u00fcklit, lahendaks see majandusbioonika ekspertide s\u00f5nul praktiliselt k\u00f5ik maailma rahaga seotud probleemid. Gradido mudel p\u00f5hineb ideel, et mitte ainult iga inimene, vaid ka iga riik saab krediidip\u00f5hiselt loodud tulu. Sellega saab ta t\u00e4ita k\u00f5iki oma \u00fclesandeid ilma makse kogumata. Deflatsioon v\u00f5i inflatsioon on minevik. Majandus vabaneb pidevast kasvukohustusest, finantss\u00fcsteemi kokkuvarisemise oht on l\u00f5plikult v\u00e4lditud. (<a href=\"https:\/\/gradido.net\/et\/\">www.gradido.net<\/a>)<\/p>\t\t\t\t\t\t\t\t<\/div>\n\t\t\t\t<\/div>\n\t\t\t\t\t<\/div>\n\t\t<\/div>\n\t\t\t\t\t<\/div>\n\t\t<\/section>\n\t\t\t\t<\/div>","protected":false},"excerpt":{"rendered":"<p>Jedes 6. Kind denkt an Selbstmord K\u00fcnzelsau, 13.04.2021 \u2013 Die Corona-Politik bedroht nicht nur die gesunde Entwicklung und Ausbildung, sondern auch das Leben unserer Kinder. Immer mehr Jugendliche und sogar Kinder denken an Selbstmord, um der Isolation, \u00dcberforderung, Existenzangst oder h\u00e4uslichen Gewalt zu entfliehen. Die Tendenz im Lockdown-Modus: Stetig steigend! Schulen, Jugend\u00e4mter und Familien k\u00f6nnen [&hellip;]<\/p>\n","protected":false},"author":2,"featured_media":2232,"comment_status":"closed","ping_status":"closed","sticky":false,"template":"","format":"standard","meta":{"footnotes":""},"categories":[8],"tags":[],"class_list":["post-2258","post","type-post","status-publish","format-standard","has-post-thumbnail","hentry","category-pressemitteilung"],"yoast_head":"<!-- This site is optimized with the Yoast SEO plugin v27.5 - https:\/\/yoast.com\/product\/yoast-seo-wordpress\/ -->\n<title>Gradido-Akademie fordert \u201aGreat Cooperation\u2018 f\u00fcr Kinderrechte - Gradido<\/title>\n<meta name=\"robots\" content=\"index, follow, max-snippet:-1, max-image-preview:large, max-video-preview:-1\" \/>\n<link rel=\"canonical\" href=\"https:\/\/gradido.net\/et\/gradido-akademie-fordert-great-cooperation-fuer-kinderrechte\/\" \/>\n<meta property=\"og:locale\" content=\"et_EE\" \/>\n<meta property=\"og:type\" content=\"article\" \/>\n<meta property=\"og:title\" content=\"Gradido-Akademie fordert \u201aGreat Cooperation\u2018 f\u00fcr Kinderrechte - Gradido\" \/>\n<meta property=\"og:description\" content=\"Jedes 6. Kind denkt an Selbstmord K\u00fcnzelsau, 13.04.2021 \u2013 Die Corona-Politik bedroht nicht nur die gesunde Entwicklung und Ausbildung, sondern auch das Leben unserer Kinder. Immer mehr Jugendliche und sogar Kinder denken an Selbstmord, um der Isolation, \u00dcberforderung, Existenzangst oder h\u00e4uslichen Gewalt zu entfliehen. Die Tendenz im Lockdown-Modus: Stetig steigend! Schulen, Jugend\u00e4mter und Familien k\u00f6nnen [&hellip;]\" \/>\n<meta property=\"og:url\" content=\"https:\/\/gradido.net\/et\/gradido-akademie-fordert-great-cooperation-fuer-kinderrechte\/\" \/>\n<meta property=\"og:site_name\" content=\"Gradido\" \/>\n<meta property=\"article:published_time\" content=\"2021-04-13T10:49:13+00:00\" \/>\n<meta property=\"article:modified_time\" content=\"2021-12-11T20:02:36+00:00\" \/>\n<meta property=\"og:image\" content=\"https:\/\/gradido.net\/wp-content\/uploads\/2021\/04\/kinderrechte.jpg\" \/>\n\t<meta property=\"og:image:width\" content=\"1458\" \/>\n\t<meta property=\"og:image:height\" content=\"990\" \/>\n\t<meta property=\"og:image:type\" content=\"image\/jpeg\" \/>\n<meta name=\"author\" content=\"Bernd H\u00fcckst\u00e4dt\" \/>\n<meta name=\"twitter:card\" content=\"summary_large_image\" \/>\n<meta name=\"twitter:label1\" content=\"Written by\" \/>\n\t<meta name=\"twitter:data1\" content=\"Bernd H\u00fcckst\u00e4dt\" \/>\n\t<meta name=\"twitter:label2\" content=\"Est. reading time\" \/>\n\t<meta name=\"twitter:data2\" content=\"5 minutit\" \/>\n<script type=\"application\/ld+json\" class=\"yoast-schema-graph\">{\"@context\":\"https:\\\/\\\/schema.org\",\"@graph\":[{\"@type\":\"Article\",\"@id\":\"https:\\\/\\\/gradido.net\\\/gradido-akademie-fordert-great-cooperation-fuer-kinderrechte\\\/#article\",\"isPartOf\":{\"@id\":\"https:\\\/\\\/gradido.net\\\/gradido-akademie-fordert-great-cooperation-fuer-kinderrechte\\\/\"},\"author\":{\"name\":\"Bernd H\u00fcckst\u00e4dt\",\"@id\":\"https:\\\/\\\/gradido.net\\\/de\\\/#\\\/schema\\\/person\\\/9c503a004ad15a1ddecadce2218db5d1\"},\"headline\":\"Gradido-Akademie fordert \u201aGreat Cooperation\u2018 f\u00fcr Kinderrechte\",\"datePublished\":\"2021-04-13T10:49:13+00:00\",\"dateModified\":\"2021-12-11T20:02:36+00:00\",\"mainEntityOfPage\":{\"@id\":\"https:\\\/\\\/gradido.net\\\/gradido-akademie-fordert-great-cooperation-fuer-kinderrechte\\\/\"},\"wordCount\":1000,\"publisher\":{\"@id\":\"https:\\\/\\\/gradido.net\\\/de\\\/#organization\"},\"image\":{\"@id\":\"https:\\\/\\\/gradido.net\\\/gradido-akademie-fordert-great-cooperation-fuer-kinderrechte\\\/#primaryimage\"},\"thumbnailUrl\":\"https:\\\/\\\/gradido.net\\\/wp-content\\\/uploads\\\/2021\\\/04\\\/kinderrechte.jpg\",\"articleSection\":[\"Pressemitteilung\"],\"inLanguage\":\"et\"},{\"@type\":\"WebPage\",\"@id\":\"https:\\\/\\\/gradido.net\\\/gradido-akademie-fordert-great-cooperation-fuer-kinderrechte\\\/\",\"url\":\"https:\\\/\\\/gradido.net\\\/gradido-akademie-fordert-great-cooperation-fuer-kinderrechte\\\/\",\"name\":\"Gradido-Akademie fordert \u201aGreat Cooperation\u2018 f\u00fcr Kinderrechte - Gradido\",\"isPartOf\":{\"@id\":\"https:\\\/\\\/gradido.net\\\/de\\\/#website\"},\"primaryImageOfPage\":{\"@id\":\"https:\\\/\\\/gradido.net\\\/gradido-akademie-fordert-great-cooperation-fuer-kinderrechte\\\/#primaryimage\"},\"image\":{\"@id\":\"https:\\\/\\\/gradido.net\\\/gradido-akademie-fordert-great-cooperation-fuer-kinderrechte\\\/#primaryimage\"},\"thumbnailUrl\":\"https:\\\/\\\/gradido.net\\\/wp-content\\\/uploads\\\/2021\\\/04\\\/kinderrechte.jpg\",\"datePublished\":\"2021-04-13T10:49:13+00:00\",\"dateModified\":\"2021-12-11T20:02:36+00:00\",\"breadcrumb\":{\"@id\":\"https:\\\/\\\/gradido.net\\\/gradido-akademie-fordert-great-cooperation-fuer-kinderrechte\\\/#breadcrumb\"},\"inLanguage\":\"et\",\"potentialAction\":[{\"@type\":\"ReadAction\",\"target\":[\"https:\\\/\\\/gradido.net\\\/gradido-akademie-fordert-great-cooperation-fuer-kinderrechte\\\/\"]}]},{\"@type\":\"ImageObject\",\"inLanguage\":\"et\",\"@id\":\"https:\\\/\\\/gradido.net\\\/gradido-akademie-fordert-great-cooperation-fuer-kinderrechte\\\/#primaryimage\",\"url\":\"https:\\\/\\\/gradido.net\\\/wp-content\\\/uploads\\\/2021\\\/04\\\/kinderrechte.jpg\",\"contentUrl\":\"https:\\\/\\\/gradido.net\\\/wp-content\\\/uploads\\\/2021\\\/04\\\/kinderrechte.jpg\",\"width\":1458,\"height\":990},{\"@type\":\"BreadcrumbList\",\"@id\":\"https:\\\/\\\/gradido.net\\\/gradido-akademie-fordert-great-cooperation-fuer-kinderrechte\\\/#breadcrumb\",\"itemListElement\":[{\"@type\":\"ListItem\",\"position\":1,\"name\":\"Startseite\",\"item\":\"https:\\\/\\\/gradido.net\\\/\"},{\"@type\":\"ListItem\",\"position\":2,\"name\":\"Gradido-Akademie fordert \u201aGreat Cooperation\u2018 f\u00fcr Kinderrechte\"}]},{\"@type\":\"WebSite\",\"@id\":\"https:\\\/\\\/gradido.net\\\/de\\\/#website\",\"url\":\"https:\\\/\\\/gradido.net\\\/de\\\/\",\"name\":\"Gradido\",\"description\":\"Die neue W\u00e4hrung hei\u00dft Dankbarkeit\",\"publisher\":{\"@id\":\"https:\\\/\\\/gradido.net\\\/de\\\/#organization\"},\"potentialAction\":[{\"@type\":\"SearchAction\",\"target\":{\"@type\":\"EntryPoint\",\"urlTemplate\":\"https:\\\/\\\/gradido.net\\\/de\\\/?s={search_term_string}\"},\"query-input\":{\"@type\":\"PropertyValueSpecification\",\"valueRequired\":true,\"valueName\":\"search_term_string\"}}],\"inLanguage\":\"et\"},{\"@type\":\"Organization\",\"@id\":\"https:\\\/\\\/gradido.net\\\/de\\\/#organization\",\"name\":\"Gradido\",\"url\":\"https:\\\/\\\/gradido.net\\\/de\\\/\",\"logo\":{\"@type\":\"ImageObject\",\"inLanguage\":\"et\",\"@id\":\"https:\\\/\\\/gradido.net\\\/de\\\/#\\\/schema\\\/logo\\\/image\\\/\",\"url\":\"https:\\\/\\\/gradido.net\\\/wp-content\\\/uploads\\\/2022\\\/04\\\/gradido-social.jpg\",\"contentUrl\":\"https:\\\/\\\/gradido.net\\\/wp-content\\\/uploads\\\/2022\\\/04\\\/gradido-social.jpg\",\"width\":527,\"height\":273,\"caption\":\"Gradido\"},\"image\":{\"@id\":\"https:\\\/\\\/gradido.net\\\/de\\\/#\\\/schema\\\/logo\\\/image\\\/\"}},{\"@type\":\"Person\",\"@id\":\"https:\\\/\\\/gradido.net\\\/de\\\/#\\\/schema\\\/person\\\/9c503a004ad15a1ddecadce2218db5d1\",\"name\":\"Bernd H\u00fcckst\u00e4dt\",\"sameAs\":[\"https:\\\/\\\/gradido.net\"],\"url\":\"https:\\\/\\\/gradido.net\\\/et\\\/author\\\/bernd\\\/\"}]}<\/script>\n<!-- \/ Yoast SEO plugin. -->","yoast_head_json":{"title":"Gradido Akadeemia kutsub \u00fcles \"suurele koost\u00f6\u00f6le\" laste \u00f5iguste nimel - Gradido","robots":{"index":"index","follow":"follow","max-snippet":"max-snippet:-1","max-image-preview":"max-image-preview:large","max-video-preview":"max-video-preview:-1"},"canonical":"https:\/\/gradido.net\/et\/gradido-akademie-fordert-great-cooperation-fuer-kinderrechte\/","og_locale":"et_EE","og_type":"article","og_title":"Gradido-Akademie fordert \u201aGreat Cooperation\u2018 f\u00fcr Kinderrechte - Gradido","og_description":"Jedes 6. Kind denkt an Selbstmord K\u00fcnzelsau, 13.04.2021 \u2013 Die Corona-Politik bedroht nicht nur die gesunde Entwicklung und Ausbildung, sondern auch das Leben unserer Kinder. Immer mehr Jugendliche und sogar Kinder denken an Selbstmord, um der Isolation, \u00dcberforderung, Existenzangst oder h\u00e4uslichen Gewalt zu entfliehen. Die Tendenz im Lockdown-Modus: Stetig steigend! Schulen, Jugend\u00e4mter und Familien k\u00f6nnen [&hellip;]","og_url":"https:\/\/gradido.net\/et\/gradido-akademie-fordert-great-cooperation-fuer-kinderrechte\/","og_site_name":"Gradido","article_published_time":"2021-04-13T10:49:13+00:00","article_modified_time":"2021-12-11T20:02:36+00:00","og_image":[{"width":1458,"height":990,"url":"https:\/\/gradido.net\/wp-content\/uploads\/2021\/04\/kinderrechte.jpg","type":"image\/jpeg"}],"author":"Bernd H\u00fcckst\u00e4dt","twitter_card":"summary_large_image","twitter_misc":{"Written by":"Bernd H\u00fcckst\u00e4dt","Est. reading time":"5 minutit"},"schema":{"@context":"https:\/\/schema.org","@graph":[{"@type":"Article","@id":"https:\/\/gradido.net\/gradido-akademie-fordert-great-cooperation-fuer-kinderrechte\/#article","isPartOf":{"@id":"https:\/\/gradido.net\/gradido-akademie-fordert-great-cooperation-fuer-kinderrechte\/"},"author":{"name":"Bernd H\u00fcckst\u00e4dt","@id":"https:\/\/gradido.net\/de\/#\/schema\/person\/9c503a004ad15a1ddecadce2218db5d1"},"headline":"Gradido-Akademie fordert \u201aGreat Cooperation\u2018 f\u00fcr Kinderrechte","datePublished":"2021-04-13T10:49:13+00:00","dateModified":"2021-12-11T20:02:36+00:00","mainEntityOfPage":{"@id":"https:\/\/gradido.net\/gradido-akademie-fordert-great-cooperation-fuer-kinderrechte\/"},"wordCount":1000,"publisher":{"@id":"https:\/\/gradido.net\/de\/#organization"},"image":{"@id":"https:\/\/gradido.net\/gradido-akademie-fordert-great-cooperation-fuer-kinderrechte\/#primaryimage"},"thumbnailUrl":"https:\/\/gradido.net\/wp-content\/uploads\/2021\/04\/kinderrechte.jpg","articleSection":["Pressemitteilung"],"inLanguage":"et"},{"@type":"WebPage","@id":"https:\/\/gradido.net\/gradido-akademie-fordert-great-cooperation-fuer-kinderrechte\/","url":"https:\/\/gradido.net\/gradido-akademie-fordert-great-cooperation-fuer-kinderrechte\/","name":"Gradido Akadeemia kutsub \u00fcles \"suurele koost\u00f6\u00f6le\" laste \u00f5iguste nimel - Gradido","isPartOf":{"@id":"https:\/\/gradido.net\/de\/#website"},"primaryImageOfPage":{"@id":"https:\/\/gradido.net\/gradido-akademie-fordert-great-cooperation-fuer-kinderrechte\/#primaryimage"},"image":{"@id":"https:\/\/gradido.net\/gradido-akademie-fordert-great-cooperation-fuer-kinderrechte\/#primaryimage"},"thumbnailUrl":"https:\/\/gradido.net\/wp-content\/uploads\/2021\/04\/kinderrechte.jpg","datePublished":"2021-04-13T10:49:13+00:00","dateModified":"2021-12-11T20:02:36+00:00","breadcrumb":{"@id":"https:\/\/gradido.net\/gradido-akademie-fordert-great-cooperation-fuer-kinderrechte\/#breadcrumb"},"inLanguage":"et","potentialAction":[{"@type":"ReadAction","target":["https:\/\/gradido.net\/gradido-akademie-fordert-great-cooperation-fuer-kinderrechte\/"]}]},{"@type":"ImageObject","inLanguage":"et","@id":"https:\/\/gradido.net\/gradido-akademie-fordert-great-cooperation-fuer-kinderrechte\/#primaryimage","url":"https:\/\/gradido.net\/wp-content\/uploads\/2021\/04\/kinderrechte.jpg","contentUrl":"https:\/\/gradido.net\/wp-content\/uploads\/2021\/04\/kinderrechte.jpg","width":1458,"height":990},{"@type":"BreadcrumbList","@id":"https:\/\/gradido.net\/gradido-akademie-fordert-great-cooperation-fuer-kinderrechte\/#breadcrumb","itemListElement":[{"@type":"ListItem","position":1,"name":"Startseite","item":"https:\/\/gradido.net\/"},{"@type":"ListItem","position":2,"name":"Gradido-Akademie fordert \u201aGreat Cooperation\u2018 f\u00fcr Kinderrechte"}]},{"@type":"WebSite","@id":"https:\/\/gradido.net\/de\/#website","url":"https:\/\/gradido.net\/de\/","name":"Gradido","description":"Uus valuuta on t\u00e4nulikkus","publisher":{"@id":"https:\/\/gradido.net\/de\/#organization"},"potentialAction":[{"@type":"SearchAction","target":{"@type":"EntryPoint","urlTemplate":"https:\/\/gradido.net\/de\/?s={search_term_string}"},"query-input":{"@type":"PropertyValueSpecification","valueRequired":true,"valueName":"search_term_string"}}],"inLanguage":"et"},{"@type":"Organization","@id":"https:\/\/gradido.net\/de\/#organization","name":"Gradido","url":"https:\/\/gradido.net\/de\/","logo":{"@type":"ImageObject","inLanguage":"et","@id":"https:\/\/gradido.net\/de\/#\/schema\/logo\/image\/","url":"https:\/\/gradido.net\/wp-content\/uploads\/2022\/04\/gradido-social.jpg","contentUrl":"https:\/\/gradido.net\/wp-content\/uploads\/2022\/04\/gradido-social.jpg","width":527,"height":273,"caption":"Gradido"},"image":{"@id":"https:\/\/gradido.net\/de\/#\/schema\/logo\/image\/"}},{"@type":"Person","@id":"https:\/\/gradido.net\/de\/#\/schema\/person\/9c503a004ad15a1ddecadce2218db5d1","name":"Bernd H\u00fcckst\u00e4dt","sameAs":["https:\/\/gradido.net"],"url":"https:\/\/gradido.net\/et\/author\/bernd\/"}]}},"_links":{"self":[{"href":"https:\/\/gradido.net\/et\/wp-json\/wp\/v2\/posts\/2258","targetHints":{"allow":["GET"]}}],"collection":[{"href":"https:\/\/gradido.net\/et\/wp-json\/wp\/v2\/posts"}],"about":[{"href":"https:\/\/gradido.net\/et\/wp-json\/wp\/v2\/types\/post"}],"author":[{"embeddable":true,"href":"https:\/\/gradido.net\/et\/wp-json\/wp\/v2\/users\/2"}],"replies":[{"embeddable":true,"href":"https:\/\/gradido.net\/et\/wp-json\/wp\/v2\/comments?post=2258"}],"version-history":[{"count":15,"href":"https:\/\/gradido.net\/et\/wp-json\/wp\/v2\/posts\/2258\/revisions"}],"predecessor-version":[{"id":3769,"href":"https:\/\/gradido.net\/et\/wp-json\/wp\/v2\/posts\/2258\/revisions\/3769"}],"wp:featuredmedia":[{"embeddable":true,"href":"https:\/\/gradido.net\/et\/wp-json\/wp\/v2\/media\/2232"}],"wp:attachment":[{"href":"https:\/\/gradido.net\/et\/wp-json\/wp\/v2\/media?parent=2258"}],"wp:term":[{"taxonomy":"category","embeddable":true,"href":"https:\/\/gradido.net\/et\/wp-json\/wp\/v2\/categories?post=2258"},{"taxonomy":"post_tag","embeddable":true,"href":"https:\/\/gradido.net\/et\/wp-json\/wp\/v2\/tags?post=2258"}],"curies":[{"name":"wp","href":"https:\/\/api.w.org\/{rel}","templated":true}]}}