{"id":2978,"date":"2021-07-13T09:05:42","date_gmt":"2021-07-13T07:05:42","guid":{"rendered":"https:\/\/gradido.net\/?p=2978"},"modified":"2021-12-11T21:05:20","modified_gmt":"2021-12-11T20:05:20","slug":"gradido-akademie-laedt-rentner-zu-erfuelltem-lebensabend-ein","status":"publish","type":"post","link":"https:\/\/gradido.net\/et\/gradido-akademie-laedt-rentner-zu-erfuelltem-lebensabend-ein\/","title":{"rendered":"Gradido Akadeemia kutsub pension\u00e4re t\u00e4isv\u00e4\u00e4rtuslikule vanadusp\u00f5lvele"},"content":{"rendered":"<div data-elementor-type=\"wp-post\" data-elementor-id=\"2978\" class=\"elementor elementor-2978\" data-elementor-post-type=\"post\">\n\t\t\t\t\t\t<section class=\"elementor-section elementor-top-section elementor-element elementor-element-496e1d53 elementor-section-boxed elementor-section-height-default elementor-section-height-default\" data-id=\"496e1d53\" data-element_type=\"section\" data-e-type=\"section\">\n\t\t\t\t\t\t<div class=\"elementor-container elementor-column-gap-default\">\n\t\t\t\t\t<div class=\"elementor-column elementor-col-100 elementor-top-column elementor-element elementor-element-461d7be0\" data-id=\"461d7be0\" data-element_type=\"column\" data-e-type=\"column\">\n\t\t\t<div class=\"elementor-widget-wrap elementor-element-populated\">\n\t\t\t\t\t\t<div class=\"elementor-element elementor-element-cd9ebe2 elementor-widget elementor-widget-text-editor\" data-id=\"cd9ebe2\" data-element_type=\"widget\" data-e-type=\"widget\" data-widget_type=\"text-editor.default\">\n\t\t\t\t<div class=\"elementor-widget-container\">\n\t\t\t\t\t\t\t\t\t<h2>Vaene ja \u00fcksildane vanadus?<\/h2><p><strong>K\u00fcnzelsau,13.07.2021 - Pension\u00e4ride v\u00e4ljavaated on s\u00fcnged: vanadusvaesuse ohu ja kasvava \u00fcksinduse t\u00f5ttu muutub \"h\u00e4sti teenitud pensionile j\u00e4\u00e4mine\" sageli t\u00f5eliseks \u00f5udusstsenaariumiks. Praegused uuringud ennustavad vanurite vaesuse pidevat suurenemist. Arstid hoiatavad kasvavast sotsiaalsest isolatsioonist tulenevate terviseriskide eest. Samal ajal kui poliitikud arutavad t\u00f6\u00f6ea pikendamist ja suuremaid pensionimakseid, on Gradido Akadeemia majandusbioonika eksperdid juba ammu v\u00e4lja t\u00f6\u00f6tanud veenva l\u00e4henemisviisi inimeste pensionile j\u00e4\u00e4mise tagamiseks. Ja oma uue majandus- ja finantsmudeli kontseptsioonis on nad ankurdanud ka v\u00e4ljap\u00e4\u00e4su vanadusp\u00f5lve \u00fcksindusest.<\/strong><\/p><h3>Iga viies pension\u00e4r v\u00f5ib varsti sattuda vanadusp\u00f5lve vaesusesse<\/h3><p>Kuigi \u00fcha enam pension\u00e4ridel on keskmine sissetulek, tuvastas Bertelsmanni fond juba 2017. aastal uuringus \"Vanadusp\u00f5lvevaesuse areng kuni aastani 2036\" pidevalt kasvava vanadusp\u00f5lvevaesuse riski. Pension\u00e4rid, kelle netosissetulek on alla 958 euro, loetakse vaesusriskis olevateks. Kuna tulevaste pension\u00e4ride vaesusrisk t\u00f5useb 16 protsendilt 2015. aastal 20 protsendini 2036. aastal, v\u00f5ib iga viies uus pension\u00e4r varsti sattuda vanadusvaesusriskisse. Demograafiliste muutuste t\u00f5ttu peab \u00fcha v\u00e4hem t\u00f6\u00f6tavaid inimesi maksma \u00fcha rohkemate pension\u00e4ride eest.<\/p><h3>P\u00f5lvkondadevaheline leping on eba\u00f5nnestunud<\/h3><p>\"Niikaua, kuni m\u00f5nede krediit on teiste v\u00f5lg, ei toimi \u00fckski majandus- ja finantsmudel pikemas perspektiivis,\" anal\u00fc\u00fcsib Bernd H\u00fcckst\u00e4dt, Gradido Akadeemia kaasasutaja, praegust \u00e4hvardavat arengut. S\u00f5ltumatu uurimisinstituudi majandusbioonika eksperdid on aastatuhandeid vanade looduse edumudelite p\u00f5hjal kaks aastak\u00fcmmet t\u00f6\u00f6tanud v\u00e4lja \u00fchise h\u00fcve kontseptsiooni, mis p\u00f5hineb v\u00f5lg-rahap\u00f5him\u00f5ttest eemaldumisel ja Gradido (GDD) kasutuselev\u00f5tul. Uut t\u00fc\u00fcpi majandus- ja finantss\u00fcsteemi eetiline p\u00f5hikontseptsioon on orienteeritud \"kolmele h\u00fcvele\", et luua \u00fcksikisikule parimad v\u00f5imalikud elu- ja arenguv\u00f5imalused, kindlustada kogukonna sotsiaalne elu ja kaitsta loodust nii h\u00e4sti kui v\u00f5imalik. Igas vanuses inimestel on v\u00f5imalus saada 1000 Gradido (GDD) kuus \"aktiivse p\u00f5hisissetulekuna\". Vastutasuks v\u00f5tavad nad kogukonnas \u00fclesanded, mida neile meeldib teha ja mida nad teevad eriti h\u00e4sti. \u00dchenduse jaoks t\u00f5mmatakse ka 1000 Gradido (GDD) inimese ja kuu kohta, mis muudab maksud \u00fcleliigseks. Kolmas sammas on veel 1000 Gradido, mis eraldatakse igakuiselt keskkonnafondi ja mis on p\u00fchendatud looduskaitsele. \u00a0<\/p><h3>Eluaegne turvalisus ja hooldus<\/h3><p>Lisaks \"aktiivsele p\u00f5hisissetulekule\" saavad eakad inimesed veel 1000 gradido kuus \"tingimusteta p\u00f5hisissetuleku\" kujul ja on seega optimaalselt kindlustatud kuni oma elu l\u00f5puni. \"Me oleme loonud paindlikud lahendused, et tagada igale inimesele hoolitsus. Meie eesm\u00e4rk on v\u00f5tta inimestelt hirm vananemise ees ja anda neile selle asemel tagasi nende v\u00e4\u00e4rikus, tervis ja elur\u00f5\u00f5m - kuni viimase elup\u00e4evani,\" \u00fctleb akadeemia tegevdirektor Margret Baier.<\/p><h3>Sotsiaalne osalemine on vanadusp\u00f5lves elukvaliteedi seisukohalt oluline<\/h3><p>Selle eesm\u00e4rgi saavutamiseks tugineb Gradido mudel ka \"tingimusteta osalemisele\" kogukonna elus. See v\u00f5imaldab igal inimesel olla kaasatud \u00fchisesse h\u00fcvangusse nii kaua, kui ta seda soovib, ja j\u00e4\u00e4da \u00fchiskonnaelu osaks. \"Sageli ei saa vanad inimesed enam \u00fcldse mingit positiivset kinnitust ja seega tekib neil tunne, et neid ei vajata enam. See halvab ja kahjustab tervist, sest \u00fchiskondlikus elus osalemine on h\u00e4davajalik ka vanemas eas,\" selgitab Margret Baier, \"pealegi saab eakate vabatahtliku p\u00fchendumusega t\u00e4ita olulisi \u00fchiskondlikke \u00fclesandeid, millega muidu oleks peaaegu v\u00f5imatu toime tulla.\"<\/p><h3>\u00dcksindus v\u00f5ib kahekordistada dementsuse riski<\/h3><p>\u00dcksindus vanemas eas ja depressiivne meeleolu m\u00f5jutavad nii vaimset kui ka f\u00fc\u00fcsilist tervist. \"Kui inimesed on sotsiaalselt isoleeritud ja neil on pikka aega v\u00e4he sotsiaalseid kontakte, v\u00f5ib see p\u00f5hjustada ka t\u00f5siseid f\u00fc\u00fcsilisi s\u00fcmptomeid,\" r\u00f5hutab Andreas Meyer-Lindenberg, ps\u00fchhiaater ja Mannheimi Vaimse Tervise Keskinstituudi direktor. P\u00e4rast 800 eaka inimese nelja-aastast uuringut leidsid Ameerika teadlased, et \u00fcksildus kahekordistab riski haigestuda vanadusdementsusesse.<\/p><h3>Gradido lubab hooldust kuni elu l\u00f5puni<\/h3><p>\"Meie eesm\u00e4rk on, et k\u00f5ik inimesed saaksid elada turvaliselt, t\u00e4isv\u00e4\u00e4rtuslikult, v\u00f5imalikult tervena ja \u00f5nnelikult oma elu esimesest kuni viimase p\u00e4evani,\" t\u00e4psustab Bernd H\u00fcckst\u00e4dt ja lisab: \"Kuna nende inimeste arv, kelle igap\u00e4evaelu on neist paradiislikest tingimustest kilomeetrite kaugusel, kasvab iga p\u00e4evaga, on viimane aeg \u00fcmber m\u00f5elda. Seet\u00f5ttu kutsume igas vanuses sarnaselt m\u00f5tlevaid inimesi toetama meid meie p\u00fc\u00fcdlustes rahumeelsete muutuste nimel ja tegema koost\u00f6\u00f6d Gradido Akadeemiaga.\"<\/p><p>\u00dcksikasjad Gradido mudeli ja Gradido podcasti kohta aadressil <a href=\"https:\/\/gradido.net\/et\/\">www.gradido.net<\/a><\/p>\t\t\t\t\t\t\t\t<\/div>\n\t\t\t\t<\/div>\n\t\t\t\t<div class=\"elementor-element elementor-element-e9ff241 elementor-widget elementor-widget-text-editor\" data-id=\"e9ff241\" data-element_type=\"widget\" data-e-type=\"widget\" data-widget_type=\"text-editor.default\">\n\t\t\t\t<div class=\"elementor-widget-container\">\n\t\t\t\t\t\t\t\t\t<p><strong>Gradido Akadeemia kohta<\/strong><br>Gradido Academy for Economic Bionics on v\u00e4lja t\u00f6\u00f6tanud alternatiivse \"\u00fchisraha\", mille eeskujuks on loodus. Loodus j\u00e4rgib reeglit, et ainult seal, kus midagi l\u00e4heb kaduma, v\u00f5ib tekkida midagi uut ja seega on v\u00f5imalik pikaajaline areng (evolutsioon). Selle edu retsept on \"eluts\u00fckkel\". Kui ka meie majandus j\u00e4rgiks seda loomulikku ts\u00fcklit, lahendaks see majandusbioonika ekspertide s\u00f5nul praktiliselt k\u00f5ik maailma rahaga seotud probleemid. Gradido mudel p\u00f5hineb ideel, et mitte ainult iga inimene, vaid ka iga riik saab krediidip\u00f5hiselt loodud tulu. Sellega saab ta t\u00e4ita k\u00f5iki oma \u00fclesandeid ilma makse kogumata. Deflatsioon v\u00f5i inflatsioon on minevik. Majandus vabaneb pidevast kasvukohustusest, finantss\u00fcsteemi kokkuvarisemise oht on l\u00f5plikult v\u00e4lditud. (<a href=\"https:\/\/gradido.net\/et\/\">www.gradido.net<\/a>)<\/p>\t\t\t\t\t\t\t\t<\/div>\n\t\t\t\t<\/div>\n\t\t\t\t\t<\/div>\n\t\t<\/div>\n\t\t\t\t\t<\/div>\n\t\t<\/section>\n\t\t\t\t<\/div>","protected":false},"excerpt":{"rendered":"<p>Arm und einsam im Alter? K\u00fcnzelsau,13.07.2021 \u2013 Die Aussichten f\u00fcr Rentner sind d\u00fcster: Wegen drohender Altersarmut und wachsender Vereinsamung wird der \u201awohlverdiente Ruhestand\u2018 nicht selten zu einem echten Schreckensszenario. Aktuelle Studien rechnen mit einem steten Anstieg der Altersarmut. Mediziner warnen vor den Gesundheitsrisiken durch die wachsende soziale Isolation. W\u00e4hrend die Politik \u00fcber eine Verl\u00e4ngerung der [&hellip;]<\/p>\n","protected":false},"author":2,"featured_media":2977,"comment_status":"closed","ping_status":"closed","sticky":false,"template":"","format":"standard","meta":{"footnotes":""},"categories":[8],"tags":[],"class_list":["post-2978","post","type-post","status-publish","format-standard","has-post-thumbnail","hentry","category-pressemitteilung"],"yoast_head":"<!-- This site is optimized with the Yoast SEO plugin v27.5 - https:\/\/yoast.com\/product\/yoast-seo-wordpress\/ -->\n<title>Gradido-Akademie l\u00e4dt Rentner zu erf\u00fclltem Lebensabend ein - Gradido<\/title>\n<meta name=\"robots\" content=\"index, follow, max-snippet:-1, max-image-preview:large, max-video-preview:-1\" \/>\n<link rel=\"canonical\" href=\"https:\/\/gradido.net\/et\/gradido-akademie-laedt-rentner-zu-erfuelltem-lebensabend-ein\/\" \/>\n<meta property=\"og:locale\" content=\"et_EE\" \/>\n<meta property=\"og:type\" content=\"article\" \/>\n<meta property=\"og:title\" content=\"Gradido-Akademie l\u00e4dt Rentner zu erf\u00fclltem Lebensabend ein - Gradido\" \/>\n<meta property=\"og:description\" content=\"Arm und einsam im Alter? K\u00fcnzelsau,13.07.2021 \u2013 Die Aussichten f\u00fcr Rentner sind d\u00fcster: Wegen drohender Altersarmut und wachsender Vereinsamung wird der \u201awohlverdiente Ruhestand\u2018 nicht selten zu einem echten Schreckensszenario. Aktuelle Studien rechnen mit einem steten Anstieg der Altersarmut. Mediziner warnen vor den Gesundheitsrisiken durch die wachsende soziale Isolation. W\u00e4hrend die Politik \u00fcber eine Verl\u00e4ngerung der [&hellip;]\" \/>\n<meta property=\"og:url\" content=\"https:\/\/gradido.net\/et\/gradido-akademie-laedt-rentner-zu-erfuelltem-lebensabend-ein\/\" \/>\n<meta property=\"og:site_name\" content=\"Gradido\" \/>\n<meta property=\"article:published_time\" content=\"2021-07-13T07:05:42+00:00\" \/>\n<meta property=\"article:modified_time\" content=\"2021-12-11T20:05:20+00:00\" \/>\n<meta property=\"og:image\" content=\"https:\/\/gradido.net\/wp-content\/uploads\/2021\/07\/alter_ohne_armut_und_einsamkeit.jpg\" \/>\n\t<meta property=\"og:image:width\" content=\"1458\" \/>\n\t<meta property=\"og:image:height\" content=\"990\" \/>\n\t<meta property=\"og:image:type\" content=\"image\/jpeg\" \/>\n<meta name=\"author\" content=\"Bernd H\u00fcckst\u00e4dt\" \/>\n<meta name=\"twitter:card\" content=\"summary_large_image\" \/>\n<meta name=\"twitter:label1\" content=\"Written by\" \/>\n\t<meta name=\"twitter:data1\" content=\"Bernd H\u00fcckst\u00e4dt\" \/>\n\t<meta name=\"twitter:label2\" content=\"Est. reading time\" \/>\n\t<meta name=\"twitter:data2\" content=\"5 minutit\" \/>\n<script type=\"application\/ld+json\" class=\"yoast-schema-graph\">{\"@context\":\"https:\\\/\\\/schema.org\",\"@graph\":[{\"@type\":\"Article\",\"@id\":\"https:\\\/\\\/gradido.net\\\/el\\\/gradido-akademie-laedt-rentner-zu-erfuelltem-lebensabend-ein\\\/#article\",\"isPartOf\":{\"@id\":\"https:\\\/\\\/gradido.net\\\/el\\\/gradido-akademie-laedt-rentner-zu-erfuelltem-lebensabend-ein\\\/\"},\"author\":{\"name\":\"Bernd H\u00fcckst\u00e4dt\",\"@id\":\"https:\\\/\\\/gradido.net\\\/de\\\/#\\\/schema\\\/person\\\/9c503a004ad15a1ddecadce2218db5d1\"},\"headline\":\"Gradido-Akademie l\u00e4dt Rentner zu erf\u00fclltem Lebensabend ein\",\"datePublished\":\"2021-07-13T07:05:42+00:00\",\"dateModified\":\"2021-12-11T20:05:20+00:00\",\"mainEntityOfPage\":{\"@id\":\"https:\\\/\\\/gradido.net\\\/el\\\/gradido-akademie-laedt-rentner-zu-erfuelltem-lebensabend-ein\\\/\"},\"wordCount\":926,\"publisher\":{\"@id\":\"https:\\\/\\\/gradido.net\\\/de\\\/#organization\"},\"image\":{\"@id\":\"https:\\\/\\\/gradido.net\\\/el\\\/gradido-akademie-laedt-rentner-zu-erfuelltem-lebensabend-ein\\\/#primaryimage\"},\"thumbnailUrl\":\"https:\\\/\\\/gradido.net\\\/wp-content\\\/uploads\\\/2021\\\/07\\\/alter_ohne_armut_und_einsamkeit.jpg\",\"articleSection\":[\"Pressemitteilung\"],\"inLanguage\":\"et\"},{\"@type\":\"WebPage\",\"@id\":\"https:\\\/\\\/gradido.net\\\/el\\\/gradido-akademie-laedt-rentner-zu-erfuelltem-lebensabend-ein\\\/\",\"url\":\"https:\\\/\\\/gradido.net\\\/el\\\/gradido-akademie-laedt-rentner-zu-erfuelltem-lebensabend-ein\\\/\",\"name\":\"Gradido-Akademie l\u00e4dt Rentner zu erf\u00fclltem Lebensabend ein - Gradido\",\"isPartOf\":{\"@id\":\"https:\\\/\\\/gradido.net\\\/de\\\/#website\"},\"primaryImageOfPage\":{\"@id\":\"https:\\\/\\\/gradido.net\\\/el\\\/gradido-akademie-laedt-rentner-zu-erfuelltem-lebensabend-ein\\\/#primaryimage\"},\"image\":{\"@id\":\"https:\\\/\\\/gradido.net\\\/el\\\/gradido-akademie-laedt-rentner-zu-erfuelltem-lebensabend-ein\\\/#primaryimage\"},\"thumbnailUrl\":\"https:\\\/\\\/gradido.net\\\/wp-content\\\/uploads\\\/2021\\\/07\\\/alter_ohne_armut_und_einsamkeit.jpg\",\"datePublished\":\"2021-07-13T07:05:42+00:00\",\"dateModified\":\"2021-12-11T20:05:20+00:00\",\"breadcrumb\":{\"@id\":\"https:\\\/\\\/gradido.net\\\/el\\\/gradido-akademie-laedt-rentner-zu-erfuelltem-lebensabend-ein\\\/#breadcrumb\"},\"inLanguage\":\"et\",\"potentialAction\":[{\"@type\":\"ReadAction\",\"target\":[\"https:\\\/\\\/gradido.net\\\/el\\\/gradido-akademie-laedt-rentner-zu-erfuelltem-lebensabend-ein\\\/\"]}]},{\"@type\":\"ImageObject\",\"inLanguage\":\"et\",\"@id\":\"https:\\\/\\\/gradido.net\\\/el\\\/gradido-akademie-laedt-rentner-zu-erfuelltem-lebensabend-ein\\\/#primaryimage\",\"url\":\"https:\\\/\\\/gradido.net\\\/wp-content\\\/uploads\\\/2021\\\/07\\\/alter_ohne_armut_und_einsamkeit.jpg\",\"contentUrl\":\"https:\\\/\\\/gradido.net\\\/wp-content\\\/uploads\\\/2021\\\/07\\\/alter_ohne_armut_und_einsamkeit.jpg\",\"width\":1458,\"height\":990},{\"@type\":\"BreadcrumbList\",\"@id\":\"https:\\\/\\\/gradido.net\\\/el\\\/gradido-akademie-laedt-rentner-zu-erfuelltem-lebensabend-ein\\\/#breadcrumb\",\"itemListElement\":[{\"@type\":\"ListItem\",\"position\":1,\"name\":\"Startseite\",\"item\":\"https:\\\/\\\/gradido.net\\\/\"},{\"@type\":\"ListItem\",\"position\":2,\"name\":\"Gradido-Akademie l\u00e4dt Rentner zu erf\u00fclltem Lebensabend ein\"}]},{\"@type\":\"WebSite\",\"@id\":\"https:\\\/\\\/gradido.net\\\/de\\\/#website\",\"url\":\"https:\\\/\\\/gradido.net\\\/de\\\/\",\"name\":\"Gradido\",\"description\":\"Die neue W\u00e4hrung hei\u00dft Dankbarkeit\",\"publisher\":{\"@id\":\"https:\\\/\\\/gradido.net\\\/de\\\/#organization\"},\"potentialAction\":[{\"@type\":\"SearchAction\",\"target\":{\"@type\":\"EntryPoint\",\"urlTemplate\":\"https:\\\/\\\/gradido.net\\\/de\\\/?s={search_term_string}\"},\"query-input\":{\"@type\":\"PropertyValueSpecification\",\"valueRequired\":true,\"valueName\":\"search_term_string\"}}],\"inLanguage\":\"et\"},{\"@type\":\"Organization\",\"@id\":\"https:\\\/\\\/gradido.net\\\/de\\\/#organization\",\"name\":\"Gradido\",\"url\":\"https:\\\/\\\/gradido.net\\\/de\\\/\",\"logo\":{\"@type\":\"ImageObject\",\"inLanguage\":\"et\",\"@id\":\"https:\\\/\\\/gradido.net\\\/de\\\/#\\\/schema\\\/logo\\\/image\\\/\",\"url\":\"https:\\\/\\\/gradido.net\\\/wp-content\\\/uploads\\\/2022\\\/04\\\/gradido-social.jpg\",\"contentUrl\":\"https:\\\/\\\/gradido.net\\\/wp-content\\\/uploads\\\/2022\\\/04\\\/gradido-social.jpg\",\"width\":527,\"height\":273,\"caption\":\"Gradido\"},\"image\":{\"@id\":\"https:\\\/\\\/gradido.net\\\/de\\\/#\\\/schema\\\/logo\\\/image\\\/\"}},{\"@type\":\"Person\",\"@id\":\"https:\\\/\\\/gradido.net\\\/de\\\/#\\\/schema\\\/person\\\/9c503a004ad15a1ddecadce2218db5d1\",\"name\":\"Bernd H\u00fcckst\u00e4dt\",\"sameAs\":[\"https:\\\/\\\/gradido.net\"],\"url\":\"https:\\\/\\\/gradido.net\\\/et\\\/author\\\/bernd\\\/\"}]}<\/script>\n<!-- \/ Yoast SEO plugin. -->","yoast_head_json":{"title":"Gradido Akadeemia kutsub pension\u00e4re t\u00e4isv\u00e4\u00e4rtuslikule pensionile - Gradido","robots":{"index":"index","follow":"follow","max-snippet":"max-snippet:-1","max-image-preview":"max-image-preview:large","max-video-preview":"max-video-preview:-1"},"canonical":"https:\/\/gradido.net\/et\/gradido-akademie-laedt-rentner-zu-erfuelltem-lebensabend-ein\/","og_locale":"et_EE","og_type":"article","og_title":"Gradido-Akademie l\u00e4dt Rentner zu erf\u00fclltem Lebensabend ein - Gradido","og_description":"Arm und einsam im Alter? K\u00fcnzelsau,13.07.2021 \u2013 Die Aussichten f\u00fcr Rentner sind d\u00fcster: Wegen drohender Altersarmut und wachsender Vereinsamung wird der \u201awohlverdiente Ruhestand\u2018 nicht selten zu einem echten Schreckensszenario. Aktuelle Studien rechnen mit einem steten Anstieg der Altersarmut. Mediziner warnen vor den Gesundheitsrisiken durch die wachsende soziale Isolation. W\u00e4hrend die Politik \u00fcber eine Verl\u00e4ngerung der [&hellip;]","og_url":"https:\/\/gradido.net\/et\/gradido-akademie-laedt-rentner-zu-erfuelltem-lebensabend-ein\/","og_site_name":"Gradido","article_published_time":"2021-07-13T07:05:42+00:00","article_modified_time":"2021-12-11T20:05:20+00:00","og_image":[{"width":1458,"height":990,"url":"https:\/\/gradido.net\/wp-content\/uploads\/2021\/07\/alter_ohne_armut_und_einsamkeit.jpg","type":"image\/jpeg"}],"author":"Bernd H\u00fcckst\u00e4dt","twitter_card":"summary_large_image","twitter_misc":{"Written by":"Bernd H\u00fcckst\u00e4dt","Est. reading time":"5 minutit"},"schema":{"@context":"https:\/\/schema.org","@graph":[{"@type":"Article","@id":"https:\/\/gradido.net\/el\/gradido-akademie-laedt-rentner-zu-erfuelltem-lebensabend-ein\/#article","isPartOf":{"@id":"https:\/\/gradido.net\/el\/gradido-akademie-laedt-rentner-zu-erfuelltem-lebensabend-ein\/"},"author":{"name":"Bernd H\u00fcckst\u00e4dt","@id":"https:\/\/gradido.net\/de\/#\/schema\/person\/9c503a004ad15a1ddecadce2218db5d1"},"headline":"Gradido-Akademie l\u00e4dt Rentner zu erf\u00fclltem Lebensabend ein","datePublished":"2021-07-13T07:05:42+00:00","dateModified":"2021-12-11T20:05:20+00:00","mainEntityOfPage":{"@id":"https:\/\/gradido.net\/el\/gradido-akademie-laedt-rentner-zu-erfuelltem-lebensabend-ein\/"},"wordCount":926,"publisher":{"@id":"https:\/\/gradido.net\/de\/#organization"},"image":{"@id":"https:\/\/gradido.net\/el\/gradido-akademie-laedt-rentner-zu-erfuelltem-lebensabend-ein\/#primaryimage"},"thumbnailUrl":"https:\/\/gradido.net\/wp-content\/uploads\/2021\/07\/alter_ohne_armut_und_einsamkeit.jpg","articleSection":["Pressemitteilung"],"inLanguage":"et"},{"@type":"WebPage","@id":"https:\/\/gradido.net\/el\/gradido-akademie-laedt-rentner-zu-erfuelltem-lebensabend-ein\/","url":"https:\/\/gradido.net\/el\/gradido-akademie-laedt-rentner-zu-erfuelltem-lebensabend-ein\/","name":"Gradido Akadeemia kutsub pension\u00e4re t\u00e4isv\u00e4\u00e4rtuslikule pensionile - Gradido","isPartOf":{"@id":"https:\/\/gradido.net\/de\/#website"},"primaryImageOfPage":{"@id":"https:\/\/gradido.net\/el\/gradido-akademie-laedt-rentner-zu-erfuelltem-lebensabend-ein\/#primaryimage"},"image":{"@id":"https:\/\/gradido.net\/el\/gradido-akademie-laedt-rentner-zu-erfuelltem-lebensabend-ein\/#primaryimage"},"thumbnailUrl":"https:\/\/gradido.net\/wp-content\/uploads\/2021\/07\/alter_ohne_armut_und_einsamkeit.jpg","datePublished":"2021-07-13T07:05:42+00:00","dateModified":"2021-12-11T20:05:20+00:00","breadcrumb":{"@id":"https:\/\/gradido.net\/el\/gradido-akademie-laedt-rentner-zu-erfuelltem-lebensabend-ein\/#breadcrumb"},"inLanguage":"et","potentialAction":[{"@type":"ReadAction","target":["https:\/\/gradido.net\/el\/gradido-akademie-laedt-rentner-zu-erfuelltem-lebensabend-ein\/"]}]},{"@type":"ImageObject","inLanguage":"et","@id":"https:\/\/gradido.net\/el\/gradido-akademie-laedt-rentner-zu-erfuelltem-lebensabend-ein\/#primaryimage","url":"https:\/\/gradido.net\/wp-content\/uploads\/2021\/07\/alter_ohne_armut_und_einsamkeit.jpg","contentUrl":"https:\/\/gradido.net\/wp-content\/uploads\/2021\/07\/alter_ohne_armut_und_einsamkeit.jpg","width":1458,"height":990},{"@type":"BreadcrumbList","@id":"https:\/\/gradido.net\/el\/gradido-akademie-laedt-rentner-zu-erfuelltem-lebensabend-ein\/#breadcrumb","itemListElement":[{"@type":"ListItem","position":1,"name":"Startseite","item":"https:\/\/gradido.net\/"},{"@type":"ListItem","position":2,"name":"Gradido-Akademie l\u00e4dt Rentner zu erf\u00fclltem Lebensabend ein"}]},{"@type":"WebSite","@id":"https:\/\/gradido.net\/de\/#website","url":"https:\/\/gradido.net\/de\/","name":"Gradido","description":"Uus valuuta on t\u00e4nulikkus","publisher":{"@id":"https:\/\/gradido.net\/de\/#organization"},"potentialAction":[{"@type":"SearchAction","target":{"@type":"EntryPoint","urlTemplate":"https:\/\/gradido.net\/de\/?s={search_term_string}"},"query-input":{"@type":"PropertyValueSpecification","valueRequired":true,"valueName":"search_term_string"}}],"inLanguage":"et"},{"@type":"Organization","@id":"https:\/\/gradido.net\/de\/#organization","name":"Gradido","url":"https:\/\/gradido.net\/de\/","logo":{"@type":"ImageObject","inLanguage":"et","@id":"https:\/\/gradido.net\/de\/#\/schema\/logo\/image\/","url":"https:\/\/gradido.net\/wp-content\/uploads\/2022\/04\/gradido-social.jpg","contentUrl":"https:\/\/gradido.net\/wp-content\/uploads\/2022\/04\/gradido-social.jpg","width":527,"height":273,"caption":"Gradido"},"image":{"@id":"https:\/\/gradido.net\/de\/#\/schema\/logo\/image\/"}},{"@type":"Person","@id":"https:\/\/gradido.net\/de\/#\/schema\/person\/9c503a004ad15a1ddecadce2218db5d1","name":"Bernd H\u00fcckst\u00e4dt","sameAs":["https:\/\/gradido.net"],"url":"https:\/\/gradido.net\/et\/author\/bernd\/"}]}},"_links":{"self":[{"href":"https:\/\/gradido.net\/et\/wp-json\/wp\/v2\/posts\/2978","targetHints":{"allow":["GET"]}}],"collection":[{"href":"https:\/\/gradido.net\/et\/wp-json\/wp\/v2\/posts"}],"about":[{"href":"https:\/\/gradido.net\/et\/wp-json\/wp\/v2\/types\/post"}],"author":[{"embeddable":true,"href":"https:\/\/gradido.net\/et\/wp-json\/wp\/v2\/users\/2"}],"replies":[{"embeddable":true,"href":"https:\/\/gradido.net\/et\/wp-json\/wp\/v2\/comments?post=2978"}],"version-history":[{"count":10,"href":"https:\/\/gradido.net\/et\/wp-json\/wp\/v2\/posts\/2978\/revisions"}],"predecessor-version":[{"id":3778,"href":"https:\/\/gradido.net\/et\/wp-json\/wp\/v2\/posts\/2978\/revisions\/3778"}],"wp:featuredmedia":[{"embeddable":true,"href":"https:\/\/gradido.net\/et\/wp-json\/wp\/v2\/media\/2977"}],"wp:attachment":[{"href":"https:\/\/gradido.net\/et\/wp-json\/wp\/v2\/media?parent=2978"}],"wp:term":[{"taxonomy":"category","embeddable":true,"href":"https:\/\/gradido.net\/et\/wp-json\/wp\/v2\/categories?post=2978"},{"taxonomy":"post_tag","embeddable":true,"href":"https:\/\/gradido.net\/et\/wp-json\/wp\/v2\/tags?post=2978"}],"curies":[{"name":"wp","href":"https:\/\/api.w.org\/{rel}","templated":true}]}}