{"id":3205,"date":"2021-09-12T09:24:34","date_gmt":"2021-09-12T07:24:34","guid":{"rendered":"https:\/\/gradido.net\/?p=3205"},"modified":"2021-09-12T09:30:00","modified_gmt":"2021-09-12T07:30:00","slug":"episode-27","status":"publish","type":"post","link":"https:\/\/gradido.net\/et\/episode-27\/","title":{"rendered":"Suur koost\u00f6\u00f6: tingimusteta osalemine hirmu ja \u00fcksilduse asemel."},"content":{"rendered":"<div data-elementor-type=\"wp-post\" data-elementor-id=\"3205\" class=\"elementor elementor-3205\" data-elementor-post-type=\"post\">\n\t\t\t\t\t\t<section class=\"elementor-section elementor-top-section elementor-element elementor-element-496e1d53 elementor-section-boxed elementor-section-height-default elementor-section-height-default\" data-id=\"496e1d53\" data-element_type=\"section\" data-e-type=\"section\">\n\t\t\t\t\t\t<div class=\"elementor-container elementor-column-gap-default\">\n\t\t\t\t\t<div class=\"elementor-column elementor-col-100 elementor-top-column elementor-element elementor-element-461d7be0\" data-id=\"461d7be0\" data-element_type=\"column\" data-e-type=\"column\">\n\t\t\t<div class=\"elementor-widget-wrap elementor-element-populated\">\n\t\t\t\t\t\t<div class=\"elementor-element elementor-element-cd9ebe2 elementor-widget elementor-widget-text-editor\" data-id=\"cd9ebe2\" data-element_type=\"widget\" data-e-type=\"widget\" data-widget_type=\"text-editor.default\">\n\t\t\t\t<div class=\"elementor-widget-container\">\n\t\t\t\t\t\t\t\t\t<h2>K\u00fclaline: Prof. Dr. Sonia Lippke<\/h2>\t\t\t\t\t\t\t\t<\/div>\n\t\t\t\t<\/div>\n\t\t\t\t\t<\/div>\n\t\t<\/div>\n\t\t\t\t\t<\/div>\n\t\t<\/section>\n\t\t\t\t<section class=\"elementor-section elementor-top-section elementor-element elementor-element-2f93e3c3 elementor-section-boxed elementor-section-height-default elementor-section-height-default\" data-id=\"2f93e3c3\" data-element_type=\"section\" data-e-type=\"section\">\n\t\t\t\t\t\t<div class=\"elementor-container elementor-column-gap-default\">\n\t\t\t\t\t<div class=\"elementor-column elementor-col-100 elementor-top-column elementor-element elementor-element-5a9dfd19\" data-id=\"5a9dfd19\" data-element_type=\"column\" data-e-type=\"column\">\n\t\t\t<div class=\"elementor-widget-wrap elementor-element-populated\">\n\t\t\t\t\t\t<div class=\"elementor-element elementor-element-9cdb6b8 elementor-widget elementor-widget-html\" data-id=\"9cdb6b8\" data-element_type=\"widget\" data-e-type=\"widget\" data-widget_type=\"html.default\">\n\t\t\t\t<div class=\"elementor-widget-container\">\n\t\t\t\t\t<script class=\"podigee-podcast-player\" src=\"https:\/\/player.podigee-cdn.net\/podcast-player\/javascripts\/podigee-podcast-player.js\" data-configuration=\"https:\/\/gradido.podigee.io\/27-neue-episode\/embed?context=external\"><\/script>\t\t\t\t<\/div>\n\t\t\t\t<\/div>\n\t\t\t\t\t<\/div>\n\t\t<\/div>\n\t\t\t\t\t<\/div>\n\t\t<\/section>\n\t\t\t\t<section class=\"elementor-section elementor-top-section elementor-element elementor-element-585c640 elementor-section-boxed elementor-section-height-default elementor-section-height-default\" data-id=\"585c640\" data-element_type=\"section\" data-e-type=\"section\">\n\t\t\t\t\t\t<div class=\"elementor-container elementor-column-gap-default\">\n\t\t\t\t\t<div class=\"elementor-column elementor-col-50 elementor-top-column elementor-element elementor-element-13c250b\" data-id=\"13c250b\" data-element_type=\"column\" data-e-type=\"column\">\n\t\t\t<div class=\"elementor-widget-wrap elementor-element-populated\">\n\t\t\t\t\t\t<div class=\"elementor-element elementor-element-0561949 elementor-widget elementor-widget-text-editor\" data-id=\"0561949\" data-element_type=\"widget\" data-e-type=\"widget\" data-widget_type=\"text-editor.default\">\n\t\t\t\t<div class=\"elementor-widget-container\">\n\t\t\t\t\t\t\t\t\t<p>Kas \u00fcksindus v\u00f5ib olla sama nakkav kui viirus? Kui jah, siis milline on tingimusteta osalemise ennetav ja tervendav m\u00f5ju? Kas aktiivne p\u00f5hisissetulek v\u00f5ib vabastada inimesed eksistentsiaalsest \u00e4revusest? Millist m\u00f5ju avaldab see immuuns\u00fcsteemile? Sellest r\u00e4\u00e4gime selles episoodis koos prof. dr Sonia Lippkega.<\/p><p>Sonia Lippke on terviseps\u00fchholoog, kes keskendub teooria- ja t\u00f5endusp\u00f5hisele tervise edendamisele. Ta on selles valdkonnas juba palju uuringuid teinud, (edasi) arendanud erinevaid teooriaid ja mudeleid ning katsetanud programme. Tema eesm\u00e4rk on alati aidata kaasa tervise ja tervisek\u00e4itumise parandamisele ning suurendada inimeste rahulolu k\u00f5igis vanuser\u00fchmades.<\/p><h3>Lingid<\/h3><p><a href=\"http:\/\/slippke.user.jacobs-university.de\/deutsch\/\" target=\"_blank\" rel=\"noopener\">Tere ja tere tulemast prof Lippke ja tema t\u00f6\u00f6r\u00fchma kodulehele!<\/a><\/p><p><a href=\"https:\/\/www.bremen.de\/wissenschaft\/wissenschaft-persoenlich\/wissenschaft-persoenlich-prof-dr-sonia-lippke-jacobs-center-on-lifelong-learning-and-institutional-development-jcll\" target=\"_blank\" rel=\"noopener\">Teadus isiklikult: Prof. Dr. Sonia Lippke<\/a><\/p>\t\t\t\t\t\t\t\t<\/div>\n\t\t\t\t<\/div>\n\t\t\t\t\t<\/div>\n\t\t<\/div>\n\t\t\t\t<div class=\"elementor-column elementor-col-50 elementor-top-column elementor-element elementor-element-e0d795e\" data-id=\"e0d795e\" data-element_type=\"column\" data-e-type=\"column\">\n\t\t\t<div class=\"elementor-widget-wrap elementor-element-populated\">\n\t\t\t\t\t\t<div class=\"elementor-element elementor-element-8c61bad elementor-widget elementor-widget-image\" data-id=\"8c61bad\" data-element_type=\"widget\" data-e-type=\"widget\" data-widget_type=\"image.default\">\n\t\t\t\t<div class=\"elementor-widget-container\">\n\t\t\t\t\t\t\t\t\t\t\t\t\t\t\t<img fetchpriority=\"high\" decoding=\"async\" width=\"800\" height=\"800\" src=\"https:\/\/gradido.net\/wp-content\/uploads\/2021\/08\/gradido_podcast_lippke-1024x1024.jpg\" class=\"attachment-large size-large wp-image-3170\" alt=\"\" srcset=\"https:\/\/gradido.net\/wp-content\/uploads\/2021\/08\/gradido_podcast_lippke-1024x1024.jpg 1024w, https:\/\/gradido.net\/wp-content\/uploads\/2021\/08\/gradido_podcast_lippke-300x300.jpg 300w, https:\/\/gradido.net\/wp-content\/uploads\/2021\/08\/gradido_podcast_lippke-150x150.jpg 150w, https:\/\/gradido.net\/wp-content\/uploads\/2021\/08\/gradido_podcast_lippke-768x768.jpg 768w, https:\/\/gradido.net\/wp-content\/uploads\/2021\/08\/gradido_podcast_lippke-12x12.jpg 12w, https:\/\/gradido.net\/wp-content\/uploads\/2021\/08\/gradido_podcast_lippke.jpg 1400w\" sizes=\"(max-width: 800px) 100vw, 800px\" \/>\t\t\t\t\t\t\t\t\t\t\t\t\t\t\t<\/div>\n\t\t\t\t<\/div>\n\t\t\t\t<div class=\"elementor-element elementor-element-ceab137 elementor-widget elementor-widget-text-editor\" data-id=\"ceab137\" data-element_type=\"widget\" data-e-type=\"widget\" data-widget_type=\"text-editor.default\">\n\t\t\t\t<div class=\"elementor-widget-container\">\n\t\t\t\t\t\t\t\t\t<p><a href=\"https:\/\/youtu.be\/Mf0RCZHHYOk\" target=\"_blank\" rel=\"noopener\">Kuula YouTube'is<\/a><\/p><p>\u00a0<\/p>\t\t\t\t\t\t\t\t<\/div>\n\t\t\t\t<\/div>\n\t\t\t\t\t<\/div>\n\t\t<\/div>\n\t\t\t\t\t<\/div>\n\t\t<\/section>\n\t\t\t\t<section class=\"elementor-section elementor-top-section elementor-element elementor-element-d051609 elementor-section-boxed elementor-section-height-default elementor-section-height-default\" data-id=\"d051609\" data-element_type=\"section\" data-e-type=\"section\">\n\t\t\t\t\t\t<div class=\"elementor-container elementor-column-gap-default\">\n\t\t\t\t\t<div class=\"elementor-column elementor-col-100 elementor-top-column elementor-element elementor-element-13cc168\" data-id=\"13cc168\" data-element_type=\"column\" data-e-type=\"column\">\n\t\t\t<div class=\"elementor-widget-wrap elementor-element-populated\">\n\t\t\t\t\t\t<div class=\"elementor-element elementor-element-b43b3ee elementor-widget elementor-widget-heading\" data-id=\"b43b3ee\" data-element_type=\"widget\" data-e-type=\"widget\" data-widget_type=\"heading.default\">\n\t\t\t\t<div class=\"elementor-widget-container\">\n\t\t\t\t\t<h2 class=\"elementor-heading-title elementor-size-default\">Transkriptsioon ( automaatselt t\u00f5lgitud)<\/h2>\t\t\t\t<\/div>\n\t\t\t\t<\/div>\n\t\t\t\t\t<\/div>\n\t\t<\/div>\n\t\t\t\t\t<\/div>\n\t\t<\/section>\n\t\t\t\t<section class=\"elementor-section elementor-top-section elementor-element elementor-element-474427c elementor-section-boxed elementor-section-height-default elementor-section-height-default\" data-id=\"474427c\" data-element_type=\"section\" data-e-type=\"section\">\n\t\t\t\t\t\t<div class=\"elementor-container elementor-column-gap-default\">\n\t\t\t\t\t<div class=\"elementor-column elementor-col-100 elementor-top-column elementor-element elementor-element-6041f12\" data-id=\"6041f12\" data-element_type=\"column\" data-e-type=\"column\">\n\t\t\t<div class=\"elementor-widget-wrap elementor-element-populated\">\n\t\t\t\t\t\t\t<\/div>\n\t\t<\/div>\n\t\t\t\t\t<\/div>\n\t\t<\/section>\n\t\t\t\t<\/div>","protected":false},"excerpt":{"rendered":"<p>Kann Einsamkeit so ansteckend sein wie ein Virus? Sonia Lippke ist Gesundheitspsychologin mit einem Schwerpunkt im Bereich theorie- und evidenzbasierter Gesundheitsf\u00f6rderung. [49:26]<\/p>\n","protected":false},"author":2,"featured_media":3171,"comment_status":"closed","ping_status":"closed","sticky":false,"template":"","format":"standard","meta":{"footnotes":""},"categories":[19],"tags":[16],"class_list":["post-3205","post","type-post","status-publish","format-standard","has-post-thumbnail","hentry","category-podcast","tag-grundeinkommen"],"yoast_head":"<!-- This site is optimized with the Yoast SEO plugin v27.5 - https:\/\/yoast.com\/product\/yoast-seo-wordpress\/ -->\n<title>Great Cooperation: Bedingungslose Teilhabe statt Angst und Einsamkeit - Gradido<\/title>\n<meta name=\"robots\" content=\"index, follow, max-snippet:-1, max-image-preview:large, max-video-preview:-1\" \/>\n<link rel=\"canonical\" href=\"https:\/\/gradido.net\/et\/episode-27\/\" \/>\n<meta property=\"og:locale\" content=\"et_EE\" \/>\n<meta property=\"og:type\" content=\"article\" \/>\n<meta property=\"og:title\" content=\"Great Cooperation: Bedingungslose Teilhabe statt Angst und Einsamkeit - Gradido\" \/>\n<meta property=\"og:description\" content=\"Kann Einsamkeit so ansteckend sein wie ein Virus? Sonia Lippke ist Gesundheitspsychologin mit einem Schwerpunkt im Bereich theorie- und evidenzbasierter Gesundheitsf\u00f6rderung. [49:26]\" \/>\n<meta property=\"og:url\" content=\"https:\/\/gradido.net\/et\/episode-27\/\" \/>\n<meta property=\"og:site_name\" content=\"Gradido\" \/>\n<meta property=\"article:published_time\" content=\"2021-09-12T07:24:34+00:00\" \/>\n<meta property=\"article:modified_time\" content=\"2021-09-12T07:30:00+00:00\" \/>\n<meta property=\"og:image\" content=\"https:\/\/gradido.net\/wp-content\/uploads\/2021\/08\/podcast_www_lippke.jpg\" \/>\n\t<meta property=\"og:image:width\" content=\"700\" \/>\n\t<meta property=\"og:image:height\" content=\"475\" \/>\n\t<meta property=\"og:image:type\" content=\"image\/jpeg\" \/>\n<meta name=\"author\" content=\"Bernd H\u00fcckst\u00e4dt\" \/>\n<meta name=\"twitter:card\" content=\"summary_large_image\" \/>\n<meta name=\"twitter:label1\" content=\"Written by\" \/>\n\t<meta name=\"twitter:data1\" content=\"Bernd H\u00fcckst\u00e4dt\" \/>\n\t<meta name=\"twitter:label2\" content=\"Est. reading time\" \/>\n\t<meta name=\"twitter:data2\" content=\"1 minut\" \/>\n<script type=\"application\/ld+json\" class=\"yoast-schema-graph\">{\"@context\":\"https:\\\/\\\/schema.org\",\"@graph\":[{\"@type\":\"Article\",\"@id\":\"https:\\\/\\\/gradido.net\\\/fi\\\/episode-27\\\/#article\",\"isPartOf\":{\"@id\":\"https:\\\/\\\/gradido.net\\\/fi\\\/episode-27\\\/\"},\"author\":{\"name\":\"Bernd H\u00fcckst\u00e4dt\",\"@id\":\"https:\\\/\\\/gradido.net\\\/de\\\/#\\\/schema\\\/person\\\/9c503a004ad15a1ddecadce2218db5d1\"},\"headline\":\"Great Cooperation: Bedingungslose Teilhabe statt Angst und Einsamkeit\",\"datePublished\":\"2021-09-12T07:24:34+00:00\",\"dateModified\":\"2021-09-12T07:30:00+00:00\",\"mainEntityOfPage\":{\"@id\":\"https:\\\/\\\/gradido.net\\\/fi\\\/episode-27\\\/\"},\"wordCount\":140,\"publisher\":{\"@id\":\"https:\\\/\\\/gradido.net\\\/de\\\/#organization\"},\"image\":{\"@id\":\"https:\\\/\\\/gradido.net\\\/fi\\\/episode-27\\\/#primaryimage\"},\"thumbnailUrl\":\"https:\\\/\\\/gradido.net\\\/wp-content\\\/uploads\\\/2021\\\/08\\\/podcast_www_lippke.jpg\",\"keywords\":[\"Grundeinkommen\"],\"articleSection\":[\"Podcast\"],\"inLanguage\":\"et\"},{\"@type\":\"WebPage\",\"@id\":\"https:\\\/\\\/gradido.net\\\/fi\\\/episode-27\\\/\",\"url\":\"https:\\\/\\\/gradido.net\\\/fi\\\/episode-27\\\/\",\"name\":\"Great Cooperation: Bedingungslose Teilhabe statt Angst und Einsamkeit - Gradido\",\"isPartOf\":{\"@id\":\"https:\\\/\\\/gradido.net\\\/de\\\/#website\"},\"primaryImageOfPage\":{\"@id\":\"https:\\\/\\\/gradido.net\\\/fi\\\/episode-27\\\/#primaryimage\"},\"image\":{\"@id\":\"https:\\\/\\\/gradido.net\\\/fi\\\/episode-27\\\/#primaryimage\"},\"thumbnailUrl\":\"https:\\\/\\\/gradido.net\\\/wp-content\\\/uploads\\\/2021\\\/08\\\/podcast_www_lippke.jpg\",\"datePublished\":\"2021-09-12T07:24:34+00:00\",\"dateModified\":\"2021-09-12T07:30:00+00:00\",\"breadcrumb\":{\"@id\":\"https:\\\/\\\/gradido.net\\\/fi\\\/episode-27\\\/#breadcrumb\"},\"inLanguage\":\"et\",\"potentialAction\":[{\"@type\":\"ReadAction\",\"target\":[\"https:\\\/\\\/gradido.net\\\/fi\\\/episode-27\\\/\"]}]},{\"@type\":\"ImageObject\",\"inLanguage\":\"et\",\"@id\":\"https:\\\/\\\/gradido.net\\\/fi\\\/episode-27\\\/#primaryimage\",\"url\":\"https:\\\/\\\/gradido.net\\\/wp-content\\\/uploads\\\/2021\\\/08\\\/podcast_www_lippke.jpg\",\"contentUrl\":\"https:\\\/\\\/gradido.net\\\/wp-content\\\/uploads\\\/2021\\\/08\\\/podcast_www_lippke.jpg\",\"width\":700,\"height\":475},{\"@type\":\"BreadcrumbList\",\"@id\":\"https:\\\/\\\/gradido.net\\\/fi\\\/episode-27\\\/#breadcrumb\",\"itemListElement\":[{\"@type\":\"ListItem\",\"position\":1,\"name\":\"Startseite\",\"item\":\"https:\\\/\\\/gradido.net\\\/\"},{\"@type\":\"ListItem\",\"position\":2,\"name\":\"Great Cooperation: Bedingungslose Teilhabe statt Angst und Einsamkeit\"}]},{\"@type\":\"WebSite\",\"@id\":\"https:\\\/\\\/gradido.net\\\/de\\\/#website\",\"url\":\"https:\\\/\\\/gradido.net\\\/de\\\/\",\"name\":\"Gradido\",\"description\":\"Die neue W\u00e4hrung hei\u00dft Dankbarkeit\",\"publisher\":{\"@id\":\"https:\\\/\\\/gradido.net\\\/de\\\/#organization\"},\"potentialAction\":[{\"@type\":\"SearchAction\",\"target\":{\"@type\":\"EntryPoint\",\"urlTemplate\":\"https:\\\/\\\/gradido.net\\\/de\\\/?s={search_term_string}\"},\"query-input\":{\"@type\":\"PropertyValueSpecification\",\"valueRequired\":true,\"valueName\":\"search_term_string\"}}],\"inLanguage\":\"et\"},{\"@type\":\"Organization\",\"@id\":\"https:\\\/\\\/gradido.net\\\/de\\\/#organization\",\"name\":\"Gradido\",\"url\":\"https:\\\/\\\/gradido.net\\\/de\\\/\",\"logo\":{\"@type\":\"ImageObject\",\"inLanguage\":\"et\",\"@id\":\"https:\\\/\\\/gradido.net\\\/de\\\/#\\\/schema\\\/logo\\\/image\\\/\",\"url\":\"https:\\\/\\\/gradido.net\\\/wp-content\\\/uploads\\\/2022\\\/04\\\/gradido-social.jpg\",\"contentUrl\":\"https:\\\/\\\/gradido.net\\\/wp-content\\\/uploads\\\/2022\\\/04\\\/gradido-social.jpg\",\"width\":527,\"height\":273,\"caption\":\"Gradido\"},\"image\":{\"@id\":\"https:\\\/\\\/gradido.net\\\/de\\\/#\\\/schema\\\/logo\\\/image\\\/\"}},{\"@type\":\"Person\",\"@id\":\"https:\\\/\\\/gradido.net\\\/de\\\/#\\\/schema\\\/person\\\/9c503a004ad15a1ddecadce2218db5d1\",\"name\":\"Bernd H\u00fcckst\u00e4dt\",\"sameAs\":[\"https:\\\/\\\/gradido.net\"],\"url\":\"https:\\\/\\\/gradido.net\\\/et\\\/author\\\/bernd\\\/\"}]}<\/script>\n<!-- \/ Yoast SEO plugin. -->","yoast_head_json":{"title":"Suur koost\u00f6\u00f6: tingimusteta osalemine hirmu ja \u00fcksilduse asemel - Gradido","robots":{"index":"index","follow":"follow","max-snippet":"max-snippet:-1","max-image-preview":"max-image-preview:large","max-video-preview":"max-video-preview:-1"},"canonical":"https:\/\/gradido.net\/et\/episode-27\/","og_locale":"et_EE","og_type":"article","og_title":"Great Cooperation: Bedingungslose Teilhabe statt Angst und Einsamkeit - Gradido","og_description":"Kann Einsamkeit so ansteckend sein wie ein Virus? Sonia Lippke ist Gesundheitspsychologin mit einem Schwerpunkt im Bereich theorie- und evidenzbasierter Gesundheitsf\u00f6rderung. [49:26]","og_url":"https:\/\/gradido.net\/et\/episode-27\/","og_site_name":"Gradido","article_published_time":"2021-09-12T07:24:34+00:00","article_modified_time":"2021-09-12T07:30:00+00:00","og_image":[{"width":700,"height":475,"url":"https:\/\/gradido.net\/wp-content\/uploads\/2021\/08\/podcast_www_lippke.jpg","type":"image\/jpeg"}],"author":"Bernd H\u00fcckst\u00e4dt","twitter_card":"summary_large_image","twitter_misc":{"Written by":"Bernd H\u00fcckst\u00e4dt","Est. reading time":"1 minut"},"schema":{"@context":"https:\/\/schema.org","@graph":[{"@type":"Article","@id":"https:\/\/gradido.net\/fi\/episode-27\/#article","isPartOf":{"@id":"https:\/\/gradido.net\/fi\/episode-27\/"},"author":{"name":"Bernd H\u00fcckst\u00e4dt","@id":"https:\/\/gradido.net\/de\/#\/schema\/person\/9c503a004ad15a1ddecadce2218db5d1"},"headline":"Great Cooperation: Bedingungslose Teilhabe statt Angst und Einsamkeit","datePublished":"2021-09-12T07:24:34+00:00","dateModified":"2021-09-12T07:30:00+00:00","mainEntityOfPage":{"@id":"https:\/\/gradido.net\/fi\/episode-27\/"},"wordCount":140,"publisher":{"@id":"https:\/\/gradido.net\/de\/#organization"},"image":{"@id":"https:\/\/gradido.net\/fi\/episode-27\/#primaryimage"},"thumbnailUrl":"https:\/\/gradido.net\/wp-content\/uploads\/2021\/08\/podcast_www_lippke.jpg","keywords":["Grundeinkommen"],"articleSection":["Podcast"],"inLanguage":"et"},{"@type":"WebPage","@id":"https:\/\/gradido.net\/fi\/episode-27\/","url":"https:\/\/gradido.net\/fi\/episode-27\/","name":"Suur koost\u00f6\u00f6: tingimusteta osalemine hirmu ja \u00fcksilduse asemel - Gradido","isPartOf":{"@id":"https:\/\/gradido.net\/de\/#website"},"primaryImageOfPage":{"@id":"https:\/\/gradido.net\/fi\/episode-27\/#primaryimage"},"image":{"@id":"https:\/\/gradido.net\/fi\/episode-27\/#primaryimage"},"thumbnailUrl":"https:\/\/gradido.net\/wp-content\/uploads\/2021\/08\/podcast_www_lippke.jpg","datePublished":"2021-09-12T07:24:34+00:00","dateModified":"2021-09-12T07:30:00+00:00","breadcrumb":{"@id":"https:\/\/gradido.net\/fi\/episode-27\/#breadcrumb"},"inLanguage":"et","potentialAction":[{"@type":"ReadAction","target":["https:\/\/gradido.net\/fi\/episode-27\/"]}]},{"@type":"ImageObject","inLanguage":"et","@id":"https:\/\/gradido.net\/fi\/episode-27\/#primaryimage","url":"https:\/\/gradido.net\/wp-content\/uploads\/2021\/08\/podcast_www_lippke.jpg","contentUrl":"https:\/\/gradido.net\/wp-content\/uploads\/2021\/08\/podcast_www_lippke.jpg","width":700,"height":475},{"@type":"BreadcrumbList","@id":"https:\/\/gradido.net\/fi\/episode-27\/#breadcrumb","itemListElement":[{"@type":"ListItem","position":1,"name":"Startseite","item":"https:\/\/gradido.net\/"},{"@type":"ListItem","position":2,"name":"Great Cooperation: Bedingungslose Teilhabe statt Angst und Einsamkeit"}]},{"@type":"WebSite","@id":"https:\/\/gradido.net\/de\/#website","url":"https:\/\/gradido.net\/de\/","name":"Gradido","description":"Uus valuuta on t\u00e4nulikkus","publisher":{"@id":"https:\/\/gradido.net\/de\/#organization"},"potentialAction":[{"@type":"SearchAction","target":{"@type":"EntryPoint","urlTemplate":"https:\/\/gradido.net\/de\/?s={search_term_string}"},"query-input":{"@type":"PropertyValueSpecification","valueRequired":true,"valueName":"search_term_string"}}],"inLanguage":"et"},{"@type":"Organization","@id":"https:\/\/gradido.net\/de\/#organization","name":"Gradido","url":"https:\/\/gradido.net\/de\/","logo":{"@type":"ImageObject","inLanguage":"et","@id":"https:\/\/gradido.net\/de\/#\/schema\/logo\/image\/","url":"https:\/\/gradido.net\/wp-content\/uploads\/2022\/04\/gradido-social.jpg","contentUrl":"https:\/\/gradido.net\/wp-content\/uploads\/2022\/04\/gradido-social.jpg","width":527,"height":273,"caption":"Gradido"},"image":{"@id":"https:\/\/gradido.net\/de\/#\/schema\/logo\/image\/"}},{"@type":"Person","@id":"https:\/\/gradido.net\/de\/#\/schema\/person\/9c503a004ad15a1ddecadce2218db5d1","name":"Bernd H\u00fcckst\u00e4dt","sameAs":["https:\/\/gradido.net"],"url":"https:\/\/gradido.net\/et\/author\/bernd\/"}]}},"_links":{"self":[{"href":"https:\/\/gradido.net\/et\/wp-json\/wp\/v2\/posts\/3205","targetHints":{"allow":["GET"]}}],"collection":[{"href":"https:\/\/gradido.net\/et\/wp-json\/wp\/v2\/posts"}],"about":[{"href":"https:\/\/gradido.net\/et\/wp-json\/wp\/v2\/types\/post"}],"author":[{"embeddable":true,"href":"https:\/\/gradido.net\/et\/wp-json\/wp\/v2\/users\/2"}],"replies":[{"embeddable":true,"href":"https:\/\/gradido.net\/et\/wp-json\/wp\/v2\/comments?post=3205"}],"version-history":[{"count":4,"href":"https:\/\/gradido.net\/et\/wp-json\/wp\/v2\/posts\/3205\/revisions"}],"predecessor-version":[{"id":3209,"href":"https:\/\/gradido.net\/et\/wp-json\/wp\/v2\/posts\/3205\/revisions\/3209"}],"wp:featuredmedia":[{"embeddable":true,"href":"https:\/\/gradido.net\/et\/wp-json\/wp\/v2\/media\/3171"}],"wp:attachment":[{"href":"https:\/\/gradido.net\/et\/wp-json\/wp\/v2\/media?parent=3205"}],"wp:term":[{"taxonomy":"category","embeddable":true,"href":"https:\/\/gradido.net\/et\/wp-json\/wp\/v2\/categories?post=3205"},{"taxonomy":"post_tag","embeddable":true,"href":"https:\/\/gradido.net\/et\/wp-json\/wp\/v2\/tags?post=3205"}],"curies":[{"name":"wp","href":"https:\/\/api.w.org\/{rel}","templated":true}]}}