{"id":3947,"date":"2022-02-05T09:00:52","date_gmt":"2022-02-05T08:00:52","guid":{"rendered":"https:\/\/gradido.net\/?p=3947"},"modified":"2022-02-02T17:45:20","modified_gmt":"2022-02-02T16:45:20","slug":"episode-38","status":"publish","type":"post","link":"https:\/\/gradido.net\/et\/episode-38\/","title":{"rendered":"Suur koost\u00f6\u00f6: kuldsed ajad iseloomuga inimeste jaoks"},"content":{"rendered":"<div data-elementor-type=\"wp-post\" data-elementor-id=\"3947\" class=\"elementor elementor-3947\" data-elementor-post-type=\"post\">\n\t\t\t\t\t\t<section class=\"elementor-section elementor-top-section elementor-element elementor-element-496e1d53 elementor-section-boxed elementor-section-height-default elementor-section-height-default\" data-id=\"496e1d53\" data-element_type=\"section\" data-e-type=\"section\">\n\t\t\t\t\t\t<div class=\"elementor-container elementor-column-gap-default\">\n\t\t\t\t\t<div class=\"elementor-column elementor-col-100 elementor-top-column elementor-element elementor-element-461d7be0\" data-id=\"461d7be0\" data-element_type=\"column\" data-e-type=\"column\">\n\t\t\t<div class=\"elementor-widget-wrap elementor-element-populated\">\n\t\t\t\t\t\t<div class=\"elementor-element elementor-element-cd9ebe2 elementor-widget elementor-widget-text-editor\" data-id=\"cd9ebe2\" data-element_type=\"widget\" data-e-type=\"widget\" data-widget_type=\"text-editor.default\">\n\t\t\t\t<div class=\"elementor-widget-container\">\n\t\t\t\t\t\t\t\t\t<h2>K\u00fclaline: Patrick Stoll<\/h2>\t\t\t\t\t\t\t\t<\/div>\n\t\t\t\t<\/div>\n\t\t\t\t\t<\/div>\n\t\t<\/div>\n\t\t\t\t\t<\/div>\n\t\t<\/section>\n\t\t\t\t<section class=\"elementor-section elementor-top-section elementor-element elementor-element-2f93e3c3 elementor-section-boxed elementor-section-height-default elementor-section-height-default\" data-id=\"2f93e3c3\" data-element_type=\"section\" data-e-type=\"section\">\n\t\t\t\t\t\t<div class=\"elementor-container elementor-column-gap-default\">\n\t\t\t\t\t<div class=\"elementor-column elementor-col-100 elementor-top-column elementor-element elementor-element-5a9dfd19\" data-id=\"5a9dfd19\" data-element_type=\"column\" data-e-type=\"column\">\n\t\t\t<div class=\"elementor-widget-wrap elementor-element-populated\">\n\t\t\t\t\t\t<div class=\"elementor-element elementor-element-9cdb6b8 elementor-widget elementor-widget-html\" data-id=\"9cdb6b8\" data-element_type=\"widget\" data-e-type=\"widget\" data-widget_type=\"html.default\">\n\t\t\t\t<div class=\"elementor-widget-container\">\n\t\t\t\t\t<script class=\"podigee-podcast-player\" src=\"https:\/\/player.podigee-cdn.net\/podcast-player\/javascripts\/podigee-podcast-player.js\" data-configuration=\"https:\/\/gradido.podigee.io\/38-neue-episode\/embed?context=external&token=dYt_3ovcmV8kq5yKqh2y0g\"><\/script>\t\t\t\t<\/div>\n\t\t\t\t<\/div>\n\t\t\t\t\t<\/div>\n\t\t<\/div>\n\t\t\t\t\t<\/div>\n\t\t<\/section>\n\t\t\t\t<section class=\"elementor-section elementor-top-section elementor-element elementor-element-585c640 elementor-section-boxed elementor-section-height-default elementor-section-height-default\" data-id=\"585c640\" data-element_type=\"section\" data-e-type=\"section\">\n\t\t\t\t\t\t<div class=\"elementor-container elementor-column-gap-default\">\n\t\t\t\t\t<div class=\"elementor-column elementor-col-50 elementor-top-column elementor-element elementor-element-13c250b\" data-id=\"13c250b\" data-element_type=\"column\" data-e-type=\"column\">\n\t\t\t<div class=\"elementor-widget-wrap elementor-element-populated\">\n\t\t\t\t\t\t<div class=\"elementor-element elementor-element-0561949 elementor-widget elementor-widget-text-editor\" data-id=\"0561949\" data-element_type=\"widget\" data-e-type=\"widget\" data-widget_type=\"text-editor.default\">\n\t\t\t\t<div class=\"elementor-widget-container\">\n\t\t\t\t\t\t\t\t\t<p>Iga\u00fchel meist on oma erilised anded, mis annavad meile individuaalse iseloomu. Oma ainulaadsusega, selle \"parima versiooniga endast\", tahame, et teised meid tajuksid.<\/p><p>Kuid unistusele empaatilisest maailmast, mis on t\u00e4is vastastikust tunnustust, seisab vastu vana konkurentsis\u00fcsteem ja v\u00f5itlus eksistentsi eest, mis r\u00f6\u00f6vib paljude inimeste eluj\u00f5udu ja elur\u00f5\u00f5mu. Kas meil kui inimperekonnal \u00f5nnestub sellest kollektiivsest hamsterrattast v\u00e4lja murda? Kas me v\u00f5lgneme selle endale ja v\u00f5ib-olla isegi tulevastele p\u00f5lvkondadele?<\/p><p>Meie t\u00e4nane k\u00fclaline on fotograaf, ajakirjanik ja filmitegija Patrick Stoll. Ta \u00f5ppis ajakirjandust ja inglise keelt ning t\u00f6\u00f6tas \u00dcRO s\u00f5jalise vaatlejana Eritreas ja Etioopias. P\u00e4rast MBA ehk \u00e4rijuhtimise magistri\u00f5ppe edukat l\u00f5petamist t\u00f6\u00f6tas ta kaks aastat erapanganduses. Loodust armastav \u0161veitslane sai peagi aru, et see ei ole tema jaoks. Ta k\u00e4is maailmaturneel ja osales ekspeditsioonidel L\u00f5una-Ameerikas, Alaskal ja Aafrikas. T\u00e4nap\u00e4eval saadab ta \"personaalse br\u00e4ndingu\" eksperdina inimesi ja ettev\u00f5tteid nii fotograafiliselt kui ka filmiliselt. Ta jagab oma rikkalikku kogemustepagasit kogukonnaga oma podcastis \"Charaktermenschen\".<\/p><p>Corona kriis sundis ka Patrick Stolli tegema drastilisi muudatusi ja \u00fcmberm\u00f5tlemist. Ta sai Gradidost teada uudiskirja kaudu. Kellele, kes armastab inimesi ja tunneb loodusseadusi, k\u00f5lab \"Natural Economy of Life\" t\u00e4iesti loogiliselt. Sellises s\u00fcsteemis nagu Gradido julgustatakse iga inimest arendama oma individuaalset potentsiaali ja tooma esile oma parima versiooni, sest aktiivse p\u00f5hisissetuleku kaudu oleme samaaegselt nii kaitstud kui ka julgustatud.<\/p><p>Selles episoodis kuulete, milliseid eeliseid pakub Gradido f\u00fc\u00fcsilisest isikust ettev\u00f5tjatele ja v\u00e4ikeettev\u00f5tjatele, kelle elatusvahendeid globaliseerumine \u00fcha enam ohustab. Koos on meil v\u00f5imalus luua kuldsed ajad k\u00f5igile.<\/p><p>Vasakule:<br \/><a href=\"https:\/\/www.patrickstoll.ch\/\">https:\/\/www.patrickstoll.ch\/<\/a><\/p>\t\t\t\t\t\t\t\t<\/div>\n\t\t\t\t<\/div>\n\t\t\t\t\t<\/div>\n\t\t<\/div>\n\t\t\t\t<div class=\"elementor-column elementor-col-50 elementor-top-column elementor-element elementor-element-e0d795e\" data-id=\"e0d795e\" data-element_type=\"column\" data-e-type=\"column\">\n\t\t\t<div class=\"elementor-widget-wrap elementor-element-populated\">\n\t\t\t\t\t\t<div class=\"elementor-element elementor-element-8c61bad elementor-widget elementor-widget-image\" data-id=\"8c61bad\" data-element_type=\"widget\" data-e-type=\"widget\" data-widget_type=\"image.default\">\n\t\t\t\t<div class=\"elementor-widget-container\">\n\t\t\t\t\t\t\t\t\t\t\t\t\t\t\t<img fetchpriority=\"high\" decoding=\"async\" width=\"800\" height=\"800\" src=\"https:\/\/gradido.net\/wp-content\/uploads\/2022\/02\/gradido_podcast_stoll-1024x1024.jpg\" class=\"attachment-large size-large wp-image-3948\" alt=\"\" srcset=\"https:\/\/gradido.net\/wp-content\/uploads\/2022\/02\/gradido_podcast_stoll-1024x1024.jpg 1024w, https:\/\/gradido.net\/wp-content\/uploads\/2022\/02\/gradido_podcast_stoll-300x300.jpg 300w, https:\/\/gradido.net\/wp-content\/uploads\/2022\/02\/gradido_podcast_stoll-150x150.jpg 150w, https:\/\/gradido.net\/wp-content\/uploads\/2022\/02\/gradido_podcast_stoll-768x768.jpg 768w, https:\/\/gradido.net\/wp-content\/uploads\/2022\/02\/gradido_podcast_stoll-1536x1536.jpg 1536w, https:\/\/gradido.net\/wp-content\/uploads\/2022\/02\/gradido_podcast_stoll-12x12.jpg 12w, https:\/\/gradido.net\/wp-content\/uploads\/2022\/02\/gradido_podcast_stoll.jpg 1800w\" sizes=\"(max-width: 800px) 100vw, 800px\" \/>\t\t\t\t\t\t\t\t\t\t\t\t\t\t\t<\/div>\n\t\t\t\t<\/div>\n\t\t\t\t<div class=\"elementor-element elementor-element-ceab137 elementor-widget elementor-widget-text-editor\" data-id=\"ceab137\" data-element_type=\"widget\" data-e-type=\"widget\" data-widget_type=\"text-editor.default\">\n\t\t\t\t<div class=\"elementor-widget-container\">\n\t\t\t\t\t\t\t\t\t<p><a href=\"https:\/\/youtu.be\/kyOe8RRXqtw\" target=\"_blank\" rel=\"noopener\">Kuula YouTube'is<\/a><\/p>\t\t\t\t\t\t\t\t<\/div>\n\t\t\t\t<\/div>\n\t\t\t\t\t<\/div>\n\t\t<\/div>\n\t\t\t\t\t<\/div>\n\t\t<\/section>\n\t\t\t\t<section class=\"elementor-section elementor-top-section elementor-element elementor-element-d051609 elementor-section-boxed elementor-section-height-default elementor-section-height-default\" data-id=\"d051609\" data-element_type=\"section\" data-e-type=\"section\">\n\t\t\t\t\t\t<div class=\"elementor-container elementor-column-gap-default\">\n\t\t\t\t\t<div class=\"elementor-column elementor-col-100 elementor-top-column elementor-element elementor-element-13cc168\" data-id=\"13cc168\" data-element_type=\"column\" data-e-type=\"column\">\n\t\t\t<div class=\"elementor-widget-wrap elementor-element-populated\">\n\t\t\t\t\t\t<div class=\"elementor-element elementor-element-b43b3ee elementor-widget elementor-widget-heading\" data-id=\"b43b3ee\" data-element_type=\"widget\" data-e-type=\"widget\" data-widget_type=\"heading.default\">\n\t\t\t\t<div class=\"elementor-widget-container\">\n\t\t\t\t\t<h2 class=\"elementor-heading-title elementor-size-default\">Transkriptsioon (automaatselt t\u00f5lgitud)<\/h2>\t\t\t\t<\/div>\n\t\t\t\t<\/div>\n\t\t\t\t\t<\/div>\n\t\t<\/div>\n\t\t\t\t\t<\/div>\n\t\t<\/section>\n\t\t\t\t<section class=\"elementor-section elementor-top-section elementor-element elementor-element-474427c elementor-section-boxed elementor-section-height-default elementor-section-height-default\" data-id=\"474427c\" data-element_type=\"section\" data-e-type=\"section\">\n\t\t\t\t\t\t<div class=\"elementor-container elementor-column-gap-default\">\n\t\t\t\t\t<div class=\"elementor-column elementor-col-100 elementor-top-column elementor-element elementor-element-6041f12\" data-id=\"6041f12\" data-element_type=\"column\" data-e-type=\"column\">\n\t\t\t<div class=\"elementor-widget-wrap elementor-element-populated\">\n\t\t\t\t\t\t\t<\/div>\n\t\t<\/div>\n\t\t\t\t\t<\/div>\n\t\t<\/section>\n\t\t\t\t<\/div>","protected":false},"excerpt":{"rendered":"<p>Zu Gast: der Fotograf, Journalist und Filmemacher Patrick Stoll. Als Experte f\u00fcr \u201aPersonal Branding\u2018 begleitet er Menschen und Firmen fotografisch und filmisch, die \u201abeste Version von sich selbst\u2018 hervorzubringen [57:36]<\/p>\n","protected":false},"author":12,"featured_media":3949,"comment_status":"closed","ping_status":"closed","sticky":false,"template":"","format":"standard","meta":{"footnotes":""},"categories":[19],"tags":[16],"class_list":["post-3947","post","type-post","status-publish","format-standard","has-post-thumbnail","hentry","category-podcast","tag-grundeinkommen"],"yoast_head":"<!-- This site is optimized with the Yoast SEO plugin v27.5 - https:\/\/yoast.com\/product\/yoast-seo-wordpress\/ -->\n<title>Great Cooperation: goldene Zeiten f\u00fcr Charaktermenschen - Gradido<\/title>\n<meta name=\"robots\" content=\"index, follow, max-snippet:-1, max-image-preview:large, max-video-preview:-1\" \/>\n<link rel=\"canonical\" href=\"https:\/\/gradido.net\/et\/episode-38\/\" \/>\n<meta property=\"og:locale\" content=\"et_EE\" \/>\n<meta property=\"og:type\" content=\"article\" \/>\n<meta property=\"og:title\" content=\"Great Cooperation: goldene Zeiten f\u00fcr Charaktermenschen - Gradido\" \/>\n<meta property=\"og:description\" content=\"Zu Gast: der Fotograf, Journalist und Filmemacher Patrick Stoll. Als Experte f\u00fcr \u201aPersonal Branding\u2018 begleitet er Menschen und Firmen fotografisch und filmisch, die \u201abeste Version von sich selbst\u2018 hervorzubringen [57:36]\" \/>\n<meta property=\"og:url\" content=\"https:\/\/gradido.net\/et\/episode-38\/\" \/>\n<meta property=\"og:site_name\" content=\"Gradido\" \/>\n<meta property=\"article:published_time\" content=\"2022-02-05T08:00:52+00:00\" \/>\n<meta property=\"og:image\" content=\"https:\/\/gradido.net\/wp-content\/uploads\/2022\/02\/podcast_www_stoll.jpg\" \/>\n\t<meta property=\"og:image:width\" content=\"700\" \/>\n\t<meta property=\"og:image:height\" content=\"475\" \/>\n\t<meta property=\"og:image:type\" content=\"image\/jpeg\" \/>\n<meta name=\"author\" content=\"Philipp Kessler\" \/>\n<meta name=\"twitter:card\" content=\"summary_large_image\" \/>\n<meta name=\"twitter:label1\" content=\"Written by\" \/>\n\t<meta name=\"twitter:data1\" content=\"Philipp Kessler\" \/>\n\t<meta name=\"twitter:label2\" content=\"Est. reading time\" \/>\n\t<meta name=\"twitter:data2\" content=\"2 minutit\" \/>\n<script type=\"application\/ld+json\" class=\"yoast-schema-graph\">{\"@context\":\"https:\\\/\\\/schema.org\",\"@graph\":[{\"@type\":\"Article\",\"@id\":\"https:\\\/\\\/gradido.net\\\/de\\\/episode-38\\\/#article\",\"isPartOf\":{\"@id\":\"https:\\\/\\\/gradido.net\\\/de\\\/episode-38\\\/\"},\"author\":{\"name\":\"Philipp Kessler\",\"@id\":\"https:\\\/\\\/gradido.net\\\/de\\\/#\\\/schema\\\/person\\\/f57399104ec77f2a2d5a68f479b0492f\"},\"headline\":\"Great Cooperation: goldene Zeiten f\u00fcr Charaktermenschen\",\"datePublished\":\"2022-02-05T08:00:52+00:00\",\"mainEntityOfPage\":{\"@id\":\"https:\\\/\\\/gradido.net\\\/de\\\/episode-38\\\/\"},\"wordCount\":310,\"publisher\":{\"@id\":\"https:\\\/\\\/gradido.net\\\/de\\\/#organization\"},\"image\":{\"@id\":\"https:\\\/\\\/gradido.net\\\/de\\\/episode-38\\\/#primaryimage\"},\"thumbnailUrl\":\"https:\\\/\\\/gradido.net\\\/wp-content\\\/uploads\\\/2022\\\/02\\\/podcast_www_stoll.jpg\",\"keywords\":[\"Grundeinkommen\"],\"articleSection\":[\"Podcast\"],\"inLanguage\":\"et\"},{\"@type\":\"WebPage\",\"@id\":\"https:\\\/\\\/gradido.net\\\/de\\\/episode-38\\\/\",\"url\":\"https:\\\/\\\/gradido.net\\\/de\\\/episode-38\\\/\",\"name\":\"Great Cooperation: goldene Zeiten f\u00fcr Charaktermenschen - Gradido\",\"isPartOf\":{\"@id\":\"https:\\\/\\\/gradido.net\\\/de\\\/#website\"},\"primaryImageOfPage\":{\"@id\":\"https:\\\/\\\/gradido.net\\\/de\\\/episode-38\\\/#primaryimage\"},\"image\":{\"@id\":\"https:\\\/\\\/gradido.net\\\/de\\\/episode-38\\\/#primaryimage\"},\"thumbnailUrl\":\"https:\\\/\\\/gradido.net\\\/wp-content\\\/uploads\\\/2022\\\/02\\\/podcast_www_stoll.jpg\",\"datePublished\":\"2022-02-05T08:00:52+00:00\",\"breadcrumb\":{\"@id\":\"https:\\\/\\\/gradido.net\\\/de\\\/episode-38\\\/#breadcrumb\"},\"inLanguage\":\"et\",\"potentialAction\":[{\"@type\":\"ReadAction\",\"target\":[\"https:\\\/\\\/gradido.net\\\/de\\\/episode-38\\\/\"]}]},{\"@type\":\"ImageObject\",\"inLanguage\":\"et\",\"@id\":\"https:\\\/\\\/gradido.net\\\/de\\\/episode-38\\\/#primaryimage\",\"url\":\"https:\\\/\\\/gradido.net\\\/wp-content\\\/uploads\\\/2022\\\/02\\\/podcast_www_stoll.jpg\",\"contentUrl\":\"https:\\\/\\\/gradido.net\\\/wp-content\\\/uploads\\\/2022\\\/02\\\/podcast_www_stoll.jpg\",\"width\":700,\"height\":475},{\"@type\":\"BreadcrumbList\",\"@id\":\"https:\\\/\\\/gradido.net\\\/de\\\/episode-38\\\/#breadcrumb\",\"itemListElement\":[{\"@type\":\"ListItem\",\"position\":1,\"name\":\"Startseite\",\"item\":\"https:\\\/\\\/gradido.net\\\/\"},{\"@type\":\"ListItem\",\"position\":2,\"name\":\"Great Cooperation: goldene Zeiten f\u00fcr Charaktermenschen\"}]},{\"@type\":\"WebSite\",\"@id\":\"https:\\\/\\\/gradido.net\\\/de\\\/#website\",\"url\":\"https:\\\/\\\/gradido.net\\\/de\\\/\",\"name\":\"Gradido\",\"description\":\"Die neue W\u00e4hrung hei\u00dft Dankbarkeit\",\"publisher\":{\"@id\":\"https:\\\/\\\/gradido.net\\\/de\\\/#organization\"},\"potentialAction\":[{\"@type\":\"SearchAction\",\"target\":{\"@type\":\"EntryPoint\",\"urlTemplate\":\"https:\\\/\\\/gradido.net\\\/de\\\/?s={search_term_string}\"},\"query-input\":{\"@type\":\"PropertyValueSpecification\",\"valueRequired\":true,\"valueName\":\"search_term_string\"}}],\"inLanguage\":\"et\"},{\"@type\":\"Organization\",\"@id\":\"https:\\\/\\\/gradido.net\\\/de\\\/#organization\",\"name\":\"Gradido\",\"url\":\"https:\\\/\\\/gradido.net\\\/de\\\/\",\"logo\":{\"@type\":\"ImageObject\",\"inLanguage\":\"et\",\"@id\":\"https:\\\/\\\/gradido.net\\\/de\\\/#\\\/schema\\\/logo\\\/image\\\/\",\"url\":\"https:\\\/\\\/gradido.net\\\/wp-content\\\/uploads\\\/2022\\\/04\\\/gradido-social.jpg\",\"contentUrl\":\"https:\\\/\\\/gradido.net\\\/wp-content\\\/uploads\\\/2022\\\/04\\\/gradido-social.jpg\",\"width\":527,\"height\":273,\"caption\":\"Gradido\"},\"image\":{\"@id\":\"https:\\\/\\\/gradido.net\\\/de\\\/#\\\/schema\\\/logo\\\/image\\\/\"}},{\"@type\":\"Person\",\"@id\":\"https:\\\/\\\/gradido.net\\\/de\\\/#\\\/schema\\\/person\\\/f57399104ec77f2a2d5a68f479b0492f\",\"name\":\"Philipp Kessler\",\"url\":\"https:\\\/\\\/gradido.net\\\/et\\\/author\\\/philipp\\\/\"}]}<\/script>\n<!-- \/ Yoast SEO plugin. -->","yoast_head_json":{"title":"Suur koost\u00f6\u00f6: kuldsed ajad iseloomuga inimestele - Gradido","robots":{"index":"index","follow":"follow","max-snippet":"max-snippet:-1","max-image-preview":"max-image-preview:large","max-video-preview":"max-video-preview:-1"},"canonical":"https:\/\/gradido.net\/et\/episode-38\/","og_locale":"et_EE","og_type":"article","og_title":"Great Cooperation: goldene Zeiten f\u00fcr Charaktermenschen - Gradido","og_description":"Zu Gast: der Fotograf, Journalist und Filmemacher Patrick Stoll. Als Experte f\u00fcr \u201aPersonal Branding\u2018 begleitet er Menschen und Firmen fotografisch und filmisch, die \u201abeste Version von sich selbst\u2018 hervorzubringen [57:36]","og_url":"https:\/\/gradido.net\/et\/episode-38\/","og_site_name":"Gradido","article_published_time":"2022-02-05T08:00:52+00:00","og_image":[{"width":700,"height":475,"url":"https:\/\/gradido.net\/wp-content\/uploads\/2022\/02\/podcast_www_stoll.jpg","type":"image\/jpeg"}],"author":"Philipp Kessler","twitter_card":"summary_large_image","twitter_misc":{"Written by":"Philipp Kessler","Est. reading time":"2 minutit"},"schema":{"@context":"https:\/\/schema.org","@graph":[{"@type":"Article","@id":"https:\/\/gradido.net\/de\/episode-38\/#article","isPartOf":{"@id":"https:\/\/gradido.net\/de\/episode-38\/"},"author":{"name":"Philipp Kessler","@id":"https:\/\/gradido.net\/de\/#\/schema\/person\/f57399104ec77f2a2d5a68f479b0492f"},"headline":"Great Cooperation: goldene Zeiten f\u00fcr Charaktermenschen","datePublished":"2022-02-05T08:00:52+00:00","mainEntityOfPage":{"@id":"https:\/\/gradido.net\/de\/episode-38\/"},"wordCount":310,"publisher":{"@id":"https:\/\/gradido.net\/de\/#organization"},"image":{"@id":"https:\/\/gradido.net\/de\/episode-38\/#primaryimage"},"thumbnailUrl":"https:\/\/gradido.net\/wp-content\/uploads\/2022\/02\/podcast_www_stoll.jpg","keywords":["Grundeinkommen"],"articleSection":["Podcast"],"inLanguage":"et"},{"@type":"WebPage","@id":"https:\/\/gradido.net\/de\/episode-38\/","url":"https:\/\/gradido.net\/de\/episode-38\/","name":"Suur koost\u00f6\u00f6: kuldsed ajad iseloomuga inimestele - Gradido","isPartOf":{"@id":"https:\/\/gradido.net\/de\/#website"},"primaryImageOfPage":{"@id":"https:\/\/gradido.net\/de\/episode-38\/#primaryimage"},"image":{"@id":"https:\/\/gradido.net\/de\/episode-38\/#primaryimage"},"thumbnailUrl":"https:\/\/gradido.net\/wp-content\/uploads\/2022\/02\/podcast_www_stoll.jpg","datePublished":"2022-02-05T08:00:52+00:00","breadcrumb":{"@id":"https:\/\/gradido.net\/de\/episode-38\/#breadcrumb"},"inLanguage":"et","potentialAction":[{"@type":"ReadAction","target":["https:\/\/gradido.net\/de\/episode-38\/"]}]},{"@type":"ImageObject","inLanguage":"et","@id":"https:\/\/gradido.net\/de\/episode-38\/#primaryimage","url":"https:\/\/gradido.net\/wp-content\/uploads\/2022\/02\/podcast_www_stoll.jpg","contentUrl":"https:\/\/gradido.net\/wp-content\/uploads\/2022\/02\/podcast_www_stoll.jpg","width":700,"height":475},{"@type":"BreadcrumbList","@id":"https:\/\/gradido.net\/de\/episode-38\/#breadcrumb","itemListElement":[{"@type":"ListItem","position":1,"name":"Startseite","item":"https:\/\/gradido.net\/"},{"@type":"ListItem","position":2,"name":"Great Cooperation: goldene Zeiten f\u00fcr Charaktermenschen"}]},{"@type":"WebSite","@id":"https:\/\/gradido.net\/de\/#website","url":"https:\/\/gradido.net\/de\/","name":"Gradido","description":"Uus valuuta on t\u00e4nulikkus","publisher":{"@id":"https:\/\/gradido.net\/de\/#organization"},"potentialAction":[{"@type":"SearchAction","target":{"@type":"EntryPoint","urlTemplate":"https:\/\/gradido.net\/de\/?s={search_term_string}"},"query-input":{"@type":"PropertyValueSpecification","valueRequired":true,"valueName":"search_term_string"}}],"inLanguage":"et"},{"@type":"Organization","@id":"https:\/\/gradido.net\/de\/#organization","name":"Gradido","url":"https:\/\/gradido.net\/de\/","logo":{"@type":"ImageObject","inLanguage":"et","@id":"https:\/\/gradido.net\/de\/#\/schema\/logo\/image\/","url":"https:\/\/gradido.net\/wp-content\/uploads\/2022\/04\/gradido-social.jpg","contentUrl":"https:\/\/gradido.net\/wp-content\/uploads\/2022\/04\/gradido-social.jpg","width":527,"height":273,"caption":"Gradido"},"image":{"@id":"https:\/\/gradido.net\/de\/#\/schema\/logo\/image\/"}},{"@type":"Person","@id":"https:\/\/gradido.net\/de\/#\/schema\/person\/f57399104ec77f2a2d5a68f479b0492f","name":"Philipp Kessler","url":"https:\/\/gradido.net\/et\/author\/philipp\/"}]}},"_links":{"self":[{"href":"https:\/\/gradido.net\/et\/wp-json\/wp\/v2\/posts\/3947","targetHints":{"allow":["GET"]}}],"collection":[{"href":"https:\/\/gradido.net\/et\/wp-json\/wp\/v2\/posts"}],"about":[{"href":"https:\/\/gradido.net\/et\/wp-json\/wp\/v2\/types\/post"}],"author":[{"embeddable":true,"href":"https:\/\/gradido.net\/et\/wp-json\/wp\/v2\/users\/12"}],"replies":[{"embeddable":true,"href":"https:\/\/gradido.net\/et\/wp-json\/wp\/v2\/comments?post=3947"}],"version-history":[{"count":6,"href":"https:\/\/gradido.net\/et\/wp-json\/wp\/v2\/posts\/3947\/revisions"}],"predecessor-version":[{"id":3958,"href":"https:\/\/gradido.net\/et\/wp-json\/wp\/v2\/posts\/3947\/revisions\/3958"}],"wp:featuredmedia":[{"embeddable":true,"href":"https:\/\/gradido.net\/et\/wp-json\/wp\/v2\/media\/3949"}],"wp:attachment":[{"href":"https:\/\/gradido.net\/et\/wp-json\/wp\/v2\/media?parent=3947"}],"wp:term":[{"taxonomy":"category","embeddable":true,"href":"https:\/\/gradido.net\/et\/wp-json\/wp\/v2\/categories?post=3947"},{"taxonomy":"post_tag","embeddable":true,"href":"https:\/\/gradido.net\/et\/wp-json\/wp\/v2\/tags?post=3947"}],"curies":[{"name":"wp","href":"https:\/\/api.w.org\/{rel}","templated":true}]}}