{"id":4410,"date":"2022-05-15T16:05:23","date_gmt":"2022-05-15T14:05:23","guid":{"rendered":"https:\/\/gradido.net\/?p=4410"},"modified":"2026-04-24T08:20:33","modified_gmt":"2026-04-24T06:20:33","slug":"gradido-interview-im-walnussblatt","status":"publish","type":"post","link":"https:\/\/gradido.net\/et\/gradido-interview-im-walnussblatt\/","title":{"rendered":"Gradido intervjuu ajakirjas \"WALNUSSblatt\"."},"content":{"rendered":"<div data-elementor-type=\"wp-post\" data-elementor-id=\"4410\" class=\"elementor elementor-4410\" data-elementor-post-type=\"post\">\n\t\t\t\t\t\t<section class=\"elementor-section elementor-top-section elementor-element elementor-element-496e1d53 elementor-section-boxed elementor-section-height-default elementor-section-height-default\" data-id=\"496e1d53\" data-element_type=\"section\" data-e-type=\"section\">\n\t\t\t\t\t\t<div class=\"elementor-container elementor-column-gap-default\">\n\t\t\t\t\t<div class=\"elementor-column elementor-col-100 elementor-top-column elementor-element elementor-element-461d7be0\" data-id=\"461d7be0\" data-element_type=\"column\" data-e-type=\"column\">\n\t\t\t<div class=\"elementor-widget-wrap elementor-element-populated\">\n\t\t\t\t\t\t<div class=\"elementor-element elementor-element-cd9ebe2 elementor-widget elementor-widget-text-editor\" data-id=\"cd9ebe2\" data-element_type=\"widget\" data-e-type=\"widget\" data-widget_type=\"text-editor.default\">\n\t\t\t\t<div class=\"elementor-widget-container\">\n\t\t\t\t\t\t\t\t\t<blockquote><p style=\"text-align: right;\"><em>\"Mida rohkem olin valmis ennast vaimselt ja emotsionaalselt eraldama meid valitsevast fiatraha s\u00fcsteemist, seda p\u00f5nevamaks ja sidusamaks muutus Gradido.\"<\/em><\/p><p style=\"text-align: right;\"><em>- Pedro Force<\/em><br \/><em>V\u00e4ljaandja WALNUSSblatt<\/em><\/p><\/blockquote><p>Lugupeetud lugeja,<\/p><p>Me nimetame k\u00f5iki neid inimesi \"\u00fcmberkujundamise kangelasteks\", kes kasutavad n\u00fc\u00fcd oma erilisi andeid Gradido levitamiseks, sest nad kannavad unistust paremast maailmast, kus k\u00f5igil inimestel on v\u00e4\u00e4rikas elu, heaolu, rahu ja harmoonia loodusega.<\/p><p>On h\u00e4sti teada, et selle vastu on \"fiat money system\", mis on eluvastane. K\u00fcsimus on vaid selles, kas meil kui inimperekonnal \u00f5nnestub \u00f5igeaegselt kujundada endale hea tulevik, kus meil k\u00f5igil on hea elada.<\/p><p>Seda enam on r\u00f5\u00f5mustav, kui ajakirjanikud n\u00e4evad oma s\u00fcdamega ja kirjutavad Gradidost - t\u00e4nulikkusel ja tunnustusel p\u00f5hinevast valuutast, mis j\u00e4rgib miljardeid aastaid edukalt kehtinud loodusseadusi. Selline vaimu, s\u00fcdame ja m\u00f5istusega ajakirjanik on Pedro Kraft, kes on loonud oma \"WALNUSSblatt'i\" kui kommunikatsiooniplatvormi, et \u00fchendada inimesi, kes m\u00f5tlevad ise ja saadavad kaasa muutumisprotsesse.<\/p><p>Praegune number k\u00e4sitleb suurt teemat: \"Tee rahu poole: armastus\". Pealkirjaga \"Gradido - uue valuuta nimi on t\u00e4nulikkus\" toob Pedro siia intervjuu Berndiga, mida tasub lugeda uue orientatsiooni ja Gradido kui elementaarse rahuvahendi hetkeseisu kohta.<\/p><p><a href=\"https:\/\/gradido.net\/wp-content\/uploads\/2022\/05\/Gradido_Walnussblatt.pdf\">Intervjuu juurde (PDF allalaadimine)<\/a><\/p><p>\u00c4rge j\u00e4tke huvitavat lugemist vahele. Edasine tee muutub \u00fcha selgemaks ja selgemaks. \u00dcheskoos ujutame veebi \u00fcle t\u00e4nulikkuse lainetega, kuni l\u00f5puks saavad t\u00e4nulikkus ja tunnustamine uueks maailmavaluutaks ja me inimperekonnana loome koos uut - rahumeelset - Maad.<\/p><p>Armastuse ja t\u00e4nulikkusega<\/p><p>Teie<\/p><p><img decoding=\"async\" class=\"alignnone wp-image-4614 size-medium\" src=\"https:\/\/gradido.net\/wp-content\/uploads\/2022\/06\/MargretBernd_2022-300x74.png\" alt=\"\" width=\"300\" height=\"74\" srcset=\"https:\/\/gradido.net\/wp-content\/uploads\/2022\/06\/MargretBernd_2022-300x74.png 300w, https:\/\/gradido.net\/wp-content\/uploads\/2022\/06\/MargretBernd_2022-18x4.png 18w, https:\/\/gradido.net\/wp-content\/uploads\/2022\/06\/MargretBernd_2022.png 431w\" sizes=\"(max-width: 300px) 100vw, 300px\" \/><\/p><p>Margret Baier ja Bernd H\u00fcckst\u00e4dt<br \/>Gradido asutaja ja arendaja<\/p>\t\t\t\t\t\t\t\t<\/div>\n\t\t\t\t<\/div>\n\t\t\t\t\t<\/div>\n\t\t<\/div>\n\t\t\t\t\t<\/div>\n\t\t<\/section>\n\t\t\t\t<\/div>","protected":false},"excerpt":{"rendered":"<p>Praegune number k\u00e4sitleb suurt teemat: \"Tee rahu poole: armastus\". Pealkirjaga \"Gradido - uue valuuta nimi on t\u00e4nulikkus\" toob Pedro siia intervjuu Berndiga, mida tasub lugeda uue orientatsiooni ja Gradido kui elementaarse rahuvahendi praeguse seisu kohta.<\/p>","protected":false},"author":2,"featured_media":4428,"comment_status":"closed","ping_status":"closed","sticky":false,"template":"","format":"standard","meta":{"footnotes":""},"categories":[11,54,8,56],"tags":[22],"class_list":["post-4410","post","type-post","status-publish","format-standard","has-post-thumbnail","hentry","category-blog","category-community","category-pressemitteilung","category-psychologie","tag-bild-oben"],"yoast_head":"<!-- This site is optimized with the Yoast SEO plugin v27.5 - https:\/\/yoast.com\/product\/yoast-seo-wordpress\/ -->\n<title>Gradido-Interview im \u201aWALNUSSblatt\u2018 - Gradido<\/title>\n<meta name=\"description\" content=\"Das aktuelle Heft behandelt das gro\u00dfe Thema: \u00bbDer Weg zum Frieden: die Liebe\u00ab. Mit dem Titel \u201aGradido \u2013 die neue W\u00e4hrung hei\u00dft Dankbarkeit\u2018 bringt Pedro hier ein lesenswertes Interview mit Bernd \u00fcber die neue Ausrichtung und den aktuellen Stand von Gradido als elementares Friedenswerkzeug.\" \/>\n<meta name=\"robots\" content=\"index, follow, max-snippet:-1, max-image-preview:large, max-video-preview:-1\" \/>\n<link rel=\"canonical\" href=\"https:\/\/gradido.net\/et\/gradido-interview-im-walnussblatt\/\" \/>\n<meta property=\"og:locale\" content=\"et_EE\" \/>\n<meta property=\"og:type\" content=\"article\" \/>\n<meta property=\"og:title\" content=\"Gradido-Interview im \u201aWALNUSSblatt\u2018 - Gradido\" \/>\n<meta property=\"og:description\" content=\"Das aktuelle Heft behandelt das gro\u00dfe Thema: \u00bbDer Weg zum Frieden: die Liebe\u00ab. Mit dem Titel \u201aGradido \u2013 die neue W\u00e4hrung hei\u00dft Dankbarkeit\u2018 bringt Pedro hier ein lesenswertes Interview mit Bernd \u00fcber die neue Ausrichtung und den aktuellen Stand von Gradido als elementares Friedenswerkzeug.\" \/>\n<meta property=\"og:url\" content=\"https:\/\/gradido.net\/et\/gradido-interview-im-walnussblatt\/\" \/>\n<meta property=\"og:site_name\" content=\"Gradido\" \/>\n<meta property=\"article:published_time\" content=\"2022-05-15T14:05:23+00:00\" \/>\n<meta property=\"article:modified_time\" content=\"2026-04-24T06:20:33+00:00\" \/>\n<meta property=\"og:image\" content=\"https:\/\/gradido.net\/wp-content\/uploads\/2022\/05\/Walnussblatt_Blog4.jpg\" \/>\n\t<meta property=\"og:image:width\" content=\"1500\" \/>\n\t<meta property=\"og:image:height\" content=\"1000\" \/>\n\t<meta property=\"og:image:type\" content=\"image\/jpeg\" \/>\n<meta name=\"author\" content=\"Bernd H\u00fcckst\u00e4dt\" \/>\n<meta name=\"twitter:card\" content=\"summary_large_image\" \/>\n<meta name=\"twitter:label1\" content=\"Written by\" \/>\n\t<meta name=\"twitter:data1\" content=\"Bernd H\u00fcckst\u00e4dt\" \/>\n\t<meta name=\"twitter:label2\" content=\"Est. reading time\" \/>\n\t<meta name=\"twitter:data2\" content=\"2 minutit\" \/>\n<script type=\"application\/ld+json\" class=\"yoast-schema-graph\">{\"@context\":\"https:\\\/\\\/schema.org\",\"@graph\":[{\"@type\":\"Article\",\"@id\":\"https:\\\/\\\/gradido.net\\\/gradido-interview-im-walnussblatt\\\/#article\",\"isPartOf\":{\"@id\":\"https:\\\/\\\/gradido.net\\\/gradido-interview-im-walnussblatt\\\/\"},\"author\":{\"name\":\"Bernd H\u00fcckst\u00e4dt\",\"@id\":\"https:\\\/\\\/gradido.net\\\/de\\\/#\\\/schema\\\/person\\\/9c503a004ad15a1ddecadce2218db5d1\"},\"headline\":\"Gradido-Interview im \u201aWALNUSSblatt\u2018\",\"datePublished\":\"2022-05-15T14:05:23+00:00\",\"dateModified\":\"2026-04-24T06:20:33+00:00\",\"mainEntityOfPage\":{\"@id\":\"https:\\\/\\\/gradido.net\\\/gradido-interview-im-walnussblatt\\\/\"},\"wordCount\":297,\"publisher\":{\"@id\":\"https:\\\/\\\/gradido.net\\\/de\\\/#organization\"},\"image\":{\"@id\":\"https:\\\/\\\/gradido.net\\\/gradido-interview-im-walnussblatt\\\/#primaryimage\"},\"thumbnailUrl\":\"https:\\\/\\\/gradido.net\\\/wp-content\\\/uploads\\\/2022\\\/05\\\/Walnussblatt_Blog4.jpg\",\"keywords\":[\"Bild oben\"],\"articleSection\":[\"Blog\",\"Community\",\"Pressemitteilung\",\"Psychologie\"],\"inLanguage\":\"et\"},{\"@type\":\"WebPage\",\"@id\":\"https:\\\/\\\/gradido.net\\\/gradido-interview-im-walnussblatt\\\/\",\"url\":\"https:\\\/\\\/gradido.net\\\/gradido-interview-im-walnussblatt\\\/\",\"name\":\"Gradido-Interview im \u201aWALNUSSblatt\u2018 - Gradido\",\"isPartOf\":{\"@id\":\"https:\\\/\\\/gradido.net\\\/de\\\/#website\"},\"primaryImageOfPage\":{\"@id\":\"https:\\\/\\\/gradido.net\\\/gradido-interview-im-walnussblatt\\\/#primaryimage\"},\"image\":{\"@id\":\"https:\\\/\\\/gradido.net\\\/gradido-interview-im-walnussblatt\\\/#primaryimage\"},\"thumbnailUrl\":\"https:\\\/\\\/gradido.net\\\/wp-content\\\/uploads\\\/2022\\\/05\\\/Walnussblatt_Blog4.jpg\",\"datePublished\":\"2022-05-15T14:05:23+00:00\",\"dateModified\":\"2026-04-24T06:20:33+00:00\",\"description\":\"Das aktuelle Heft behandelt das gro\u00dfe Thema: \u00bbDer Weg zum Frieden: die Liebe\u00ab. Mit dem Titel \u201aGradido \u2013 die neue W\u00e4hrung hei\u00dft Dankbarkeit\u2018 bringt Pedro hier ein lesenswertes Interview mit Bernd \u00fcber die neue Ausrichtung und den aktuellen Stand von Gradido als elementares Friedenswerkzeug.\",\"breadcrumb\":{\"@id\":\"https:\\\/\\\/gradido.net\\\/gradido-interview-im-walnussblatt\\\/#breadcrumb\"},\"inLanguage\":\"et\",\"potentialAction\":[{\"@type\":\"ReadAction\",\"target\":[\"https:\\\/\\\/gradido.net\\\/gradido-interview-im-walnussblatt\\\/\"]}]},{\"@type\":\"ImageObject\",\"inLanguage\":\"et\",\"@id\":\"https:\\\/\\\/gradido.net\\\/gradido-interview-im-walnussblatt\\\/#primaryimage\",\"url\":\"https:\\\/\\\/gradido.net\\\/wp-content\\\/uploads\\\/2022\\\/05\\\/Walnussblatt_Blog4.jpg\",\"contentUrl\":\"https:\\\/\\\/gradido.net\\\/wp-content\\\/uploads\\\/2022\\\/05\\\/Walnussblatt_Blog4.jpg\",\"width\":1500,\"height\":1000},{\"@type\":\"BreadcrumbList\",\"@id\":\"https:\\\/\\\/gradido.net\\\/gradido-interview-im-walnussblatt\\\/#breadcrumb\",\"itemListElement\":[{\"@type\":\"ListItem\",\"position\":1,\"name\":\"Startseite\",\"item\":\"https:\\\/\\\/gradido.net\\\/\"},{\"@type\":\"ListItem\",\"position\":2,\"name\":\"Gradido-Interview im \u201aWALNUSSblatt\u2018\"}]},{\"@type\":\"WebSite\",\"@id\":\"https:\\\/\\\/gradido.net\\\/de\\\/#website\",\"url\":\"https:\\\/\\\/gradido.net\\\/de\\\/\",\"name\":\"Gradido\",\"description\":\"Die neue W\u00e4hrung hei\u00dft Dankbarkeit\",\"publisher\":{\"@id\":\"https:\\\/\\\/gradido.net\\\/de\\\/#organization\"},\"potentialAction\":[{\"@type\":\"SearchAction\",\"target\":{\"@type\":\"EntryPoint\",\"urlTemplate\":\"https:\\\/\\\/gradido.net\\\/de\\\/?s={search_term_string}\"},\"query-input\":{\"@type\":\"PropertyValueSpecification\",\"valueRequired\":true,\"valueName\":\"search_term_string\"}}],\"inLanguage\":\"et\"},{\"@type\":\"Organization\",\"@id\":\"https:\\\/\\\/gradido.net\\\/de\\\/#organization\",\"name\":\"Gradido\",\"url\":\"https:\\\/\\\/gradido.net\\\/de\\\/\",\"logo\":{\"@type\":\"ImageObject\",\"inLanguage\":\"et\",\"@id\":\"https:\\\/\\\/gradido.net\\\/de\\\/#\\\/schema\\\/logo\\\/image\\\/\",\"url\":\"https:\\\/\\\/gradido.net\\\/wp-content\\\/uploads\\\/2022\\\/04\\\/gradido-social.jpg\",\"contentUrl\":\"https:\\\/\\\/gradido.net\\\/wp-content\\\/uploads\\\/2022\\\/04\\\/gradido-social.jpg\",\"width\":527,\"height\":273,\"caption\":\"Gradido\"},\"image\":{\"@id\":\"https:\\\/\\\/gradido.net\\\/de\\\/#\\\/schema\\\/logo\\\/image\\\/\"}},{\"@type\":\"Person\",\"@id\":\"https:\\\/\\\/gradido.net\\\/de\\\/#\\\/schema\\\/person\\\/9c503a004ad15a1ddecadce2218db5d1\",\"name\":\"Bernd H\u00fcckst\u00e4dt\",\"sameAs\":[\"https:\\\/\\\/gradido.net\"],\"url\":\"https:\\\/\\\/gradido.net\\\/et\\\/author\\\/bernd\\\/\"}]}<\/script>\n<!-- \/ Yoast SEO plugin. -->","yoast_head_json":{"title":"Gradido intervjuu ajakirjas 'WALNUSSblatt' - Gradido","description":"Praegune number k\u00e4sitleb suurt teemat: \"Tee rahu poole: armastus\". Pealkirjaga \"Gradido - uue valuuta nimi on t\u00e4nulikkus\" toob Pedro siia intervjuu Berndiga, mida tasub lugeda uue orientatsiooni ja Gradido kui elementaarse rahuvahendi praeguse seisu kohta.","robots":{"index":"index","follow":"follow","max-snippet":"max-snippet:-1","max-image-preview":"max-image-preview:large","max-video-preview":"max-video-preview:-1"},"canonical":"https:\/\/gradido.net\/et\/gradido-interview-im-walnussblatt\/","og_locale":"et_EE","og_type":"article","og_title":"Gradido-Interview im \u201aWALNUSSblatt\u2018 - Gradido","og_description":"Das aktuelle Heft behandelt das gro\u00dfe Thema: \u00bbDer Weg zum Frieden: die Liebe\u00ab. Mit dem Titel \u201aGradido \u2013 die neue W\u00e4hrung hei\u00dft Dankbarkeit\u2018 bringt Pedro hier ein lesenswertes Interview mit Bernd \u00fcber die neue Ausrichtung und den aktuellen Stand von Gradido als elementares Friedenswerkzeug.","og_url":"https:\/\/gradido.net\/et\/gradido-interview-im-walnussblatt\/","og_site_name":"Gradido","article_published_time":"2022-05-15T14:05:23+00:00","article_modified_time":"2026-04-24T06:20:33+00:00","og_image":[{"width":1500,"height":1000,"url":"https:\/\/gradido.net\/wp-content\/uploads\/2022\/05\/Walnussblatt_Blog4.jpg","type":"image\/jpeg"}],"author":"Bernd H\u00fcckst\u00e4dt","twitter_card":"summary_large_image","twitter_misc":{"Written by":"Bernd H\u00fcckst\u00e4dt","Est. reading time":"2 minutit"},"schema":{"@context":"https:\/\/schema.org","@graph":[{"@type":"Article","@id":"https:\/\/gradido.net\/gradido-interview-im-walnussblatt\/#article","isPartOf":{"@id":"https:\/\/gradido.net\/gradido-interview-im-walnussblatt\/"},"author":{"name":"Bernd H\u00fcckst\u00e4dt","@id":"https:\/\/gradido.net\/de\/#\/schema\/person\/9c503a004ad15a1ddecadce2218db5d1"},"headline":"Gradido-Interview im \u201aWALNUSSblatt\u2018","datePublished":"2022-05-15T14:05:23+00:00","dateModified":"2026-04-24T06:20:33+00:00","mainEntityOfPage":{"@id":"https:\/\/gradido.net\/gradido-interview-im-walnussblatt\/"},"wordCount":297,"publisher":{"@id":"https:\/\/gradido.net\/de\/#organization"},"image":{"@id":"https:\/\/gradido.net\/gradido-interview-im-walnussblatt\/#primaryimage"},"thumbnailUrl":"https:\/\/gradido.net\/wp-content\/uploads\/2022\/05\/Walnussblatt_Blog4.jpg","keywords":["Bild oben"],"articleSection":["Blog","Community","Pressemitteilung","Psychologie"],"inLanguage":"et"},{"@type":"WebPage","@id":"https:\/\/gradido.net\/gradido-interview-im-walnussblatt\/","url":"https:\/\/gradido.net\/gradido-interview-im-walnussblatt\/","name":"Gradido intervjuu ajakirjas 'WALNUSSblatt' - Gradido","isPartOf":{"@id":"https:\/\/gradido.net\/de\/#website"},"primaryImageOfPage":{"@id":"https:\/\/gradido.net\/gradido-interview-im-walnussblatt\/#primaryimage"},"image":{"@id":"https:\/\/gradido.net\/gradido-interview-im-walnussblatt\/#primaryimage"},"thumbnailUrl":"https:\/\/gradido.net\/wp-content\/uploads\/2022\/05\/Walnussblatt_Blog4.jpg","datePublished":"2022-05-15T14:05:23+00:00","dateModified":"2026-04-24T06:20:33+00:00","description":"Praegune number k\u00e4sitleb suurt teemat: \"Tee rahu poole: armastus\". Pealkirjaga \"Gradido - uue valuuta nimi on t\u00e4nulikkus\" toob Pedro siia intervjuu Berndiga, mida tasub lugeda uue orientatsiooni ja Gradido kui elementaarse rahuvahendi praeguse seisu kohta.","breadcrumb":{"@id":"https:\/\/gradido.net\/gradido-interview-im-walnussblatt\/#breadcrumb"},"inLanguage":"et","potentialAction":[{"@type":"ReadAction","target":["https:\/\/gradido.net\/gradido-interview-im-walnussblatt\/"]}]},{"@type":"ImageObject","inLanguage":"et","@id":"https:\/\/gradido.net\/gradido-interview-im-walnussblatt\/#primaryimage","url":"https:\/\/gradido.net\/wp-content\/uploads\/2022\/05\/Walnussblatt_Blog4.jpg","contentUrl":"https:\/\/gradido.net\/wp-content\/uploads\/2022\/05\/Walnussblatt_Blog4.jpg","width":1500,"height":1000},{"@type":"BreadcrumbList","@id":"https:\/\/gradido.net\/gradido-interview-im-walnussblatt\/#breadcrumb","itemListElement":[{"@type":"ListItem","position":1,"name":"Startseite","item":"https:\/\/gradido.net\/"},{"@type":"ListItem","position":2,"name":"Gradido-Interview im \u201aWALNUSSblatt\u2018"}]},{"@type":"WebSite","@id":"https:\/\/gradido.net\/de\/#website","url":"https:\/\/gradido.net\/de\/","name":"Gradido","description":"Uus valuuta on t\u00e4nulikkus","publisher":{"@id":"https:\/\/gradido.net\/de\/#organization"},"potentialAction":[{"@type":"SearchAction","target":{"@type":"EntryPoint","urlTemplate":"https:\/\/gradido.net\/de\/?s={search_term_string}"},"query-input":{"@type":"PropertyValueSpecification","valueRequired":true,"valueName":"search_term_string"}}],"inLanguage":"et"},{"@type":"Organization","@id":"https:\/\/gradido.net\/de\/#organization","name":"Gradido","url":"https:\/\/gradido.net\/de\/","logo":{"@type":"ImageObject","inLanguage":"et","@id":"https:\/\/gradido.net\/de\/#\/schema\/logo\/image\/","url":"https:\/\/gradido.net\/wp-content\/uploads\/2022\/04\/gradido-social.jpg","contentUrl":"https:\/\/gradido.net\/wp-content\/uploads\/2022\/04\/gradido-social.jpg","width":527,"height":273,"caption":"Gradido"},"image":{"@id":"https:\/\/gradido.net\/de\/#\/schema\/logo\/image\/"}},{"@type":"Person","@id":"https:\/\/gradido.net\/de\/#\/schema\/person\/9c503a004ad15a1ddecadce2218db5d1","name":"Bernd H\u00fcckst\u00e4dt","sameAs":["https:\/\/gradido.net"],"url":"https:\/\/gradido.net\/et\/author\/bernd\/"}]}},"_links":{"self":[{"href":"https:\/\/gradido.net\/et\/wp-json\/wp\/v2\/posts\/4410","targetHints":{"allow":["GET"]}}],"collection":[{"href":"https:\/\/gradido.net\/et\/wp-json\/wp\/v2\/posts"}],"about":[{"href":"https:\/\/gradido.net\/et\/wp-json\/wp\/v2\/types\/post"}],"author":[{"embeddable":true,"href":"https:\/\/gradido.net\/et\/wp-json\/wp\/v2\/users\/2"}],"replies":[{"embeddable":true,"href":"https:\/\/gradido.net\/et\/wp-json\/wp\/v2\/comments?post=4410"}],"version-history":[{"count":19,"href":"https:\/\/gradido.net\/et\/wp-json\/wp\/v2\/posts\/4410\/revisions"}],"predecessor-version":[{"id":13610,"href":"https:\/\/gradido.net\/et\/wp-json\/wp\/v2\/posts\/4410\/revisions\/13610"}],"wp:featuredmedia":[{"embeddable":true,"href":"https:\/\/gradido.net\/et\/wp-json\/wp\/v2\/media\/4428"}],"wp:attachment":[{"href":"https:\/\/gradido.net\/et\/wp-json\/wp\/v2\/media?parent=4410"}],"wp:term":[{"taxonomy":"category","embeddable":true,"href":"https:\/\/gradido.net\/et\/wp-json\/wp\/v2\/categories?post=4410"},{"taxonomy":"post_tag","embeddable":true,"href":"https:\/\/gradido.net\/et\/wp-json\/wp\/v2\/tags?post=4410"}],"curies":[{"name":"wp","href":"https:\/\/api.w.org\/{rel}","templated":true}]}}