{"id":7136,"date":"2023-08-16T16:48:17","date_gmt":"2023-08-16T14:48:17","guid":{"rendered":"https:\/\/gradido.net\/?p=7136"},"modified":"2026-04-23T07:15:41","modified_gmt":"2026-04-23T05:15:41","slug":"lieblingsstadt-2-monikas-wandel-von-einsamkeit-zu-gemeinschaft","status":"publish","type":"post","link":"https:\/\/gradido.net\/et\/lieblingsstadt-2-monikas-wandel-von-einsamkeit-zu-gemeinschaft\/","title":{"rendered":"Lemmiklinn 2 - Monika muutumine \u00fcksindusest kogukonnaks"},"content":{"rendered":"<div data-elementor-type=\"wp-post\" data-elementor-id=\"7136\" class=\"elementor elementor-7136\" data-elementor-post-type=\"post\">\n\t\t\t\t\t\t<section class=\"elementor-section elementor-top-section elementor-element elementor-element-496e1d53 elementor-section-boxed elementor-section-height-default elementor-section-height-default\" data-id=\"496e1d53\" data-element_type=\"section\" data-e-type=\"section\">\n\t\t\t\t\t\t<div class=\"elementor-container elementor-column-gap-default\">\n\t\t\t\t\t<div class=\"elementor-column elementor-col-100 elementor-top-column elementor-element elementor-element-461d7be0\" data-id=\"461d7be0\" data-element_type=\"column\" data-e-type=\"column\">\n\t\t\t<div class=\"elementor-widget-wrap elementor-element-populated\">\n\t\t\t\t\t\t<div class=\"elementor-element elementor-element-cd9ebe2 elementor-widget elementor-widget-text-editor\" data-id=\"cd9ebe2\" data-element_type=\"widget\" data-e-type=\"widget\" data-widget_type=\"text-editor.default\">\n\t\t\t\t<div class=\"elementor-widget-container\">\n\t\t\t\t\t\t\t\t\t<p style=\"text-align: right;\"><em>\"N\u00fc\u00fcd tunnen, et kuulun taas suurep\u00e4rasesse kogukonda, mis hindab ja vajab mind ja minu oskusi.\"<\/em><\/p><p>Lugupeetud lugeja,<\/p><p>Monika on aastaid elanud oma lemmiklinna \u00e4\u00e4relinnas asuvas v\u00e4ikeses ridaelamajas. S\u00fcmpaatne pension\u00e4r armastab rahu ja vaikust, kuid p\u00e4rast abikaasa surma tunneb ta end aja m\u00f6\u00f6dudes \u00fcha \u00fcksildasemana. Tema s\u00f5brad on kas \u00e4ra kolinud v\u00f5i juba lahkunud. P\u00e4evad m\u00f6\u00f6duvad aeglaselt ja monotoonselt ning ta igatseb sotsiaalset suhtlemist ja uusi tuttavaid.<\/p><h3>Kui sa arvad, et sa ei suuda enam...<\/h3><p>Monikal on vaevalt, et tal on v\u00f5imalus kesklinna minna, sest tal ei ole autot. Tema pension on napp ja ta lihtsalt ei saa lubada endale v\u00e4ljas\u00f5ite. Seet\u00f5ttu tundub m\u00f5te kohtuda teiste inimestega kohvikutes v\u00f5i restoranides \u00fcha enam k\u00e4ttesaamatu.<\/p><h3>... kuskilt tuleb natuke valgust.<\/h3><p>\u00dchel p\u00e4eval kuuleb Monika uut t\u00fc\u00fcpi vabatahtlike tasustamiss\u00fcsteemist nimega \"Gradido\". See on Gradido mudelil p\u00f5hinev t\u00e4nus\u00fcsteem. Nii vabatahtlikud kui ka vanemad inimesed saavad Gradidosid kui t\u00e4nupunkte v\u00f5i t\u00e4nuvaluutat. Idee k\u00f5lab Monika jaoks paljut\u00f5otavalt.<\/p><p>Ta uurib edasi ja avastab, et vabatahtlikud korraldavad s\u00f5iduteenust toredatesse kohtumispaikadesse kesklinnas. Nendes \"Gradido-kohvikutes\" saab Gradidos kohvi, kooki v\u00f5i muud s\u00f6\u00f6ki. See k\u00f5lab Monika jaoks ideaalselt. Ta saaks kohtuda inimestega, kellega ta muidu ei kohtuks, ja samas s\u00e4\u00e4staks oma piiratud rahalisi vahendeid.<\/p><p>Monika registreerib end Gradido programmi osalejaks ja peagi v\u00f5tab temaga \u00fchendust s\u00f5bralik vabatahtlik Stefanie. Stefanie selgitab Monika kontseptsiooni ja kutsub teda esimesele kohtumisele.<\/p><h3>GradidoCaf\u00e9: uued s\u00f5brad ja uued \u00fclesanded<\/h3><p>J\u00e4rgmisel p\u00e4eval on aeg juba k\u00e4es. Monika ootab p\u00f5nevil oma maja ees. Kui ta n\u00e4eb Stefanie't, tunneb ta end kohe rahulikumalt. Stefanie s\u00f5idab koos Monikaga munitsipaalelamusse, kus t\u00e4na on kavas \"GradidoCaf\u00e9\". Vabatahtlikud toovad kohvi ja kooki ning juba on kogunenud palju \u00f5nnelikke inimesi igas vanuses.<\/p><p>Monika v\u00f5tab laua taga istet ja m\u00e4rkab, kui elav on see koht. Inimesed naeravad, r\u00e4\u00e4givad ja vahetavad lugusid. Stefanie selgitab Monika, et siin ei ole tegemist ainult s\u00f6\u00f6mise ja joomisega, vaid ka vajaduste ja oskuste jagamisega.<\/p>\t\t\t\t\t\t\t\t<\/div>\n\t\t\t\t<\/div>\n\t\t\t\t<div class=\"elementor-element elementor-element-e51c407 elementor-widget elementor-widget-image\" data-id=\"e51c407\" data-element_type=\"widget\" data-e-type=\"widget\" data-widget_type=\"image.default\">\n\t\t\t\t<div class=\"elementor-widget-container\">\n\t\t\t\t\t\t\t\t\t\t\t\t\t\t\t<img fetchpriority=\"high\" decoding=\"async\" width=\"700\" height=\"700\" src=\"https:\/\/gradido.net\/wp-content\/uploads\/2023\/08\/Cafe1_700.jpg\" class=\"attachment-large size-large wp-image-7143\" alt=\"\" srcset=\"https:\/\/gradido.net\/wp-content\/uploads\/2023\/08\/Cafe1_700.jpg 700w, https:\/\/gradido.net\/wp-content\/uploads\/2023\/08\/Cafe1_700-300x300.jpg 300w, https:\/\/gradido.net\/wp-content\/uploads\/2023\/08\/Cafe1_700-150x150.jpg 150w, https:\/\/gradido.net\/wp-content\/uploads\/2023\/08\/Cafe1_700-12x12.jpg 12w\" sizes=\"(max-width: 700px) 100vw, 700px\" \/>\t\t\t\t\t\t\t\t\t\t\t\t\t\t\t<\/div>\n\t\t\t\t<\/div>\n\t\t\t\t<div class=\"elementor-element elementor-element-06a4667 elementor-widget elementor-widget-text-editor\" data-id=\"06a4667\" data-element_type=\"widget\" data-e-type=\"widget\" data-widget_type=\"text-editor.default\">\n\t\t\t\t<div class=\"elementor-widget-container\">\n\t\t\t\t\t\t\t\t\t<p>Samal ajal kui Monika oma kohvi naudib, hakkab ta teiste k\u00fclalistega r\u00e4\u00e4kima. Ta kohtub Gabriele-nimelise naisega, kes armastab kududa ja on leidnud m\u00f5ned nooremad inimesed, kes hindavad tema k\u00e4sit\u00f6\u00f6oskusi. Monika oli varem lasteaia\u00f5petaja ja pakub oma kogemust lastehoiu alal jagada. See v\u00f5etakse m\u00f5ne lapsevanema poolt entusiastlikult vastu.<\/p><p>Monika suudab seda vaevalt uskuda! Ta ei ole leidnud mitte ainult uusi s\u00f5pru, vaid ka v\u00f5imaluse jagada oma andeid ja kogemusi teistega. Gradido programmi kohtumised on n\u00fc\u00fcdseks muutunud Monika elus regulaarseteks s\u00fcndmusteks. Ta ootab iga kohtumist ja uusi lugusid, mida ta kuuleb.<\/p><h3>Ka rahaliselt l\u00e4heb asi paremaks<\/h3><p>Aja jooksul m\u00f5istab Monika, et ta ei ole mitte ainult oma \u00fcksildusest \u00fcle saanud, vaid ka oma rahalist olukorda oluliselt parandanud. Programmis osalemise kaudu kogub ta gradidosid, mida ta saab vahetada v\u00e4ikeste teenuste ja muude asjade vastu. See on r\u00f5\u00f5mus andmine ja saamine, kus iga\u00fcks saab kasu teiste andidest ja oskustest.<\/p><p>Monika on v\u00e4ga t\u00e4nulik Gradido programmi eest ja v\u00f5imaluste eest, mis see talle avab. Ta ei ole enam \u00fcksildane ning leiab kohtumistes uut r\u00f5\u00f5mu ja rahuldust. Iga kohtumisega kasvab kogukond ja Monika tunneb end mitte ainult vastuv\u00f5tjana, vaid ka aktiivse osalejana. ta tunneb end taas vajalikuna ja kuuluvana.<\/p><h3>R\u00f5\u00f5mus ja vastastikusest toetusest koosnev elu<\/h3><p>Gradido programm ei ole muutnud mitte ainult Monika, vaid ka paljude teiste inimeste elu, kes varem otsisid sotsiaalset suhtlemist ja elu m\u00f5tet. Gradidost on saanud oluline osa kogukonnast, kus \u00fcha rohkem inimesi tuleb kokku, et \u00fcksteist toetada ja \u00fcksteiselt \u00f5ppida.<\/p><p>Monika lugu on n\u00e4ide sellest, kuidas uuenduslik premeerimiss\u00fcsteem ning talentide ja vajaduste jagamine v\u00f5ib aidata \u00fcletada sotsiaalset isolatsiooni ja luua tugevat kogukonda. Gradido programmi t\u00e4nupunktid v\u00f5imaldavad Monikal ja teistel inimestel elada oma elu r\u00f5\u00f5msalt ja rikastada \u00fcksteist.<\/p><h3>Lemmiklinn paistab maailma v\u00e4lja<\/h3><p>Uudis levib kiiresti Lieblingsstadti piiridest kaugemale. Teised linnad hakkavad selle uuendusliku s\u00fcsteemi vastu huvi tundma.<\/p><p>T\u00e4nu linnapea Miteinandi leidlikkusele \u00f5itseb Lieblingsstadt nagu kunagi varem. Linna t\u00e4histatakse kui sotsiaalse progressi eeskuju.<\/p>\t\t\t\t\t\t\t\t<\/div>\n\t\t\t\t<\/div>\n\t\t\t\t<div class=\"elementor-element elementor-element-e858257 elementor-widget-divider--view-line elementor-widget elementor-widget-divider\" data-id=\"e858257\" data-element_type=\"widget\" data-e-type=\"widget\" data-widget_type=\"divider.default\">\n\t\t\t\t<div class=\"elementor-widget-container\">\n\t\t\t\t\t\t\t<div class=\"elementor-divider\">\n\t\t\t<span class=\"elementor-divider-separator\">\n\t\t\t\t\t\t<\/span>\n\t\t<\/div>\n\t\t\t\t\t\t<\/div>\n\t\t\t\t<\/div>\n\t\t\t\t<div class=\"elementor-element elementor-element-d74dfa0 elementor-widget elementor-widget-text-editor\" data-id=\"d74dfa0\" data-element_type=\"widget\" data-e-type=\"widget\" data-widget_type=\"text-editor.default\">\n\t\t\t\t<div class=\"elementor-widget-container\">\n\t\t\t\t\t\t\t\t\t<div data-pm-slice=\"1 1 []\" data-en-clipboard=\"true\"><p>Selles meie sarja teises postituses <strong>\"Gradido lemmiklinnas\" <\/strong>saame teada, kuidas Gradido muudab eakate elu paremaks. J\u00e4rgmises episoodis r\u00f5\u00f5mustame koos noore Franki perekonnaga nende eduloo \u00fcle. Ja teistes postitustes r\u00e4\u00e4gime, kuidas Gradido mudel parandab oluliselt rohkemate inimeste elukvaliteeti, muudab linna turvalisemaks ning p\u00e4\u00e4stab isegi ettev\u00f5tteid ja linnahaiglat.<\/p><p>Edastage see sari julgelt oma linnavalitsusele, \u00fchendustele ja ettev\u00f5tetele. Sest iga t\u00e4helepanelik inimene on ilmselt juba m\u00e4rganud \u00fchte asja: kui me praegu tegevusetuks j\u00e4\u00e4me, l\u00e4heb palju asju rappa.<\/p><p>Gradido abil on meil k\u00e4es t\u00f5hus vahend positiivse elukorralduse jaoks. Koos muudame oma linnad ja kogukonnad elavateks oaasideks - meie lemmikkohtadeks!<\/p><p>Lugupidamisega Hohenlohest<\/p><\/div><p>Teie<\/p><p><img decoding=\"async\" class=\"alignnone wp-image-4614 size-medium\" src=\"https:\/\/gradido.net\/wp-content\/uploads\/2022\/06\/MargretBernd_2022-300x74.png\" alt=\"\" width=\"300\" height=\"74\" srcset=\"https:\/\/gradido.net\/wp-content\/uploads\/2022\/06\/MargretBernd_2022-300x74.png 300w, https:\/\/gradido.net\/wp-content\/uploads\/2022\/06\/MargretBernd_2022-18x4.png 18w, https:\/\/gradido.net\/wp-content\/uploads\/2022\/06\/MargretBernd_2022.png 431w\" sizes=\"(max-width: 300px) 100vw, 300px\" \/><\/p><p>Margret Baier ja Bernd H\u00fcckst\u00e4dt<br \/>Gradido asutaja ja arendaja<\/p>\t\t\t\t\t\t\t\t<\/div>\n\t\t\t\t<\/div>\n\t\t\t\t\t<\/div>\n\t\t<\/div>\n\t\t\t\t\t<\/div>\n\t\t<\/section>\n\t\t\t\t<section class=\"elementor-section elementor-top-section elementor-element elementor-element-8d1b767 elementor-section-boxed elementor-section-height-default elementor-section-height-default\" data-id=\"8d1b767\" data-element_type=\"section\" data-e-type=\"section\">\n\t\t\t\t\t\t<div class=\"elementor-container elementor-column-gap-default\">\n\t\t\t\t\t<div class=\"elementor-column elementor-col-100 elementor-top-column elementor-element elementor-element-2a92977\" data-id=\"2a92977\" data-element_type=\"column\" data-e-type=\"column\">\n\t\t\t<div class=\"elementor-widget-wrap elementor-element-populated\">\n\t\t\t\t\t\t<div class=\"elementor-element elementor-element-ee4802b elementor-position-inline-start white-links elementor-widget__width-initial elementor-view-default elementor-mobile-position-block-start elementor-widget elementor-widget-icon-box\" data-id=\"ee4802b\" data-element_type=\"widget\" data-e-type=\"widget\" data-no-translation=\"\" data-widget_type=\"icon-box.default\">\n\t\t\t\t<div class=\"elementor-widget-container\">\n\t\t\t\t\t<style>.elementor-element-ee4802b{display:none !important}<\/style>\t\t\t\t<\/div>\n\t\t\t\t<\/div>\n\t\t\t\t\t<\/div>\n\t\t<\/div>\n\t\t\t\t\t<\/div>\n\t\t<\/section>\n\t\t\t\t<section class=\"elementor-section elementor-top-section elementor-element elementor-element-14532fe elementor-section-boxed elementor-section-height-default elementor-section-height-default\" data-id=\"14532fe\" data-element_type=\"section\" data-e-type=\"section\">\n\t\t\t\t\t\t<div class=\"elementor-container elementor-column-gap-default\">\n\t\t\t\t\t<div class=\"elementor-column elementor-col-100 elementor-top-column elementor-element elementor-element-65d2298\" data-id=\"65d2298\" data-element_type=\"column\" data-e-type=\"column\">\n\t\t\t<div class=\"elementor-widget-wrap elementor-element-populated\">\n\t\t\t\t\t\t<div class=\"elementor-element elementor-element-8a198be elementor-widget elementor-widget-global elementor-global-9341 elementor-widget-text-editor\" data-id=\"8a198be\" data-element_type=\"widget\" data-e-type=\"widget\" data-widget_type=\"text-editor.default\">\n\t\t\t\t<div class=\"elementor-widget-container\">\n\t\t\t\t\t\t\t\t\t<p><strong>PS:\u00a0<span style=\"color: #ff6600;\"><a style=\"color: #ff6600;\" href=\"https:\/\/gradido.net\/et\/donations\/\">Gradido \u00fcha kasvava t\u00e4htsuse t\u00f5ttu kordame oma t\u00e4nukampaaniat 26. juunil 2026. aastal:<\/a>\u00a0<\/span><span style=\"color: #0000ff;\"><a style=\"color: #0000ff;\" href=\"https:\/\/gradido.net\/et\/donations\/\">Lisaks mitmekordsele GradidoTransformile teie sponsorluspanuse eest suurendame 26.06.2016 k\u00f5iki GDT kontosaldosid 26% v\u00f5rra. Sponsoreeri n\u00fc\u00fcd ja naudi mitmekordset GDT summat!<\/a><\/span><\/strong><\/p>\t\t\t\t\t\t\t\t<\/div>\n\t\t\t\t<\/div>\n\t\t\t\t\t<\/div>\n\t\t<\/div>\n\t\t\t\t\t<\/div>\n\t\t<\/section>\n\t\t\t\t<\/div>","protected":false},"excerpt":{"rendered":"<p>Monika lugu on n\u00e4ide sellest, kuidas uuenduslik tasustamiss\u00fcsteem \"Gradido\" ning talentide ja vajaduste vahetamine v\u00f5ib aidata \u00fcletada sotsiaalset isolatsiooni, luua tugevat kogukonda ja isegi parandada enda rahalist olukorda.<\/p>","protected":false},"author":2,"featured_media":7139,"comment_status":"closed","ping_status":"closed","sticky":false,"template":"","format":"standard","meta":{"footnotes":""},"categories":[11,53],"tags":[22],"class_list":["post-7136","post","type-post","status-publish","format-standard","has-post-thumbnail","hentry","category-blog","category-lieblingsstadt","tag-bild-oben"],"yoast_head":"<!-- This site is optimized with the Yoast SEO plugin v27.5 - https:\/\/yoast.com\/product\/yoast-seo-wordpress\/ -->\n<title>Lieblingsstadt 2 \u2013 Monikas Wandel von Einsamkeit zu Gemeinschaft - Gradido<\/title>\n<meta name=\"description\" content=\"Monikas Geschichte ist ein Beispiel daf\u00fcr, wie das innovative Verg\u00fctungssystem \u201aGradido\u2018 und der Austausch von Talenten und Bed\u00fcrfnissen dazu beitragen k\u00f6nnen, soziale Isolation zu \u00fcberwinden, eine starke Gemeinschaft aufzubauen und sogar die eigene finanzielle Situation zu verbessern.\" \/>\n<meta name=\"robots\" content=\"index, follow, max-snippet:-1, max-image-preview:large, max-video-preview:-1\" \/>\n<link rel=\"canonical\" href=\"https:\/\/gradido.net\/et\/lieblingsstadt-2-monikas-wandel-von-einsamkeit-zu-gemeinschaft\/\" \/>\n<meta property=\"og:locale\" content=\"et_EE\" \/>\n<meta property=\"og:type\" content=\"article\" \/>\n<meta property=\"og:title\" content=\"Lieblingsstadt 2 \u2013 Monikas Wandel von Einsamkeit zu Gemeinschaft - Gradido\" \/>\n<meta property=\"og:description\" content=\"Monikas Geschichte ist ein Beispiel daf\u00fcr, wie das innovative Verg\u00fctungssystem \u201aGradido\u2018 und der Austausch von Talenten und Bed\u00fcrfnissen dazu beitragen k\u00f6nnen, soziale Isolation zu \u00fcberwinden, eine starke Gemeinschaft aufzubauen und sogar die eigene finanzielle Situation zu verbessern.\" \/>\n<meta property=\"og:url\" content=\"https:\/\/gradido.net\/et\/lieblingsstadt-2-monikas-wandel-von-einsamkeit-zu-gemeinschaft\/\" \/>\n<meta property=\"og:site_name\" content=\"Gradido\" \/>\n<meta property=\"article:published_time\" content=\"2023-08-16T14:48:17+00:00\" \/>\n<meta property=\"article:modified_time\" content=\"2026-04-23T05:15:41+00:00\" \/>\n<meta property=\"og:image\" content=\"https:\/\/gradido.net\/wp-content\/uploads\/2023\/08\/Monika2_1920.jpg\" \/>\n\t<meta property=\"og:image:width\" content=\"1920\" \/>\n\t<meta property=\"og:image:height\" content=\"1200\" \/>\n\t<meta property=\"og:image:type\" content=\"image\/jpeg\" \/>\n<meta name=\"author\" content=\"Bernd H\u00fcckst\u00e4dt\" \/>\n<meta name=\"twitter:card\" content=\"summary_large_image\" \/>\n<meta name=\"twitter:label1\" content=\"Written by\" \/>\n\t<meta name=\"twitter:data1\" content=\"Bernd H\u00fcckst\u00e4dt\" \/>\n\t<meta name=\"twitter:label2\" content=\"Est. reading time\" \/>\n\t<meta name=\"twitter:data2\" content=\"6 minutit\" \/>\n<script type=\"application\/ld+json\" class=\"yoast-schema-graph\">{\"@context\":\"https:\\\/\\\/schema.org\",\"@graph\":[{\"@type\":\"Article\",\"@id\":\"https:\\\/\\\/gradido.net\\\/lieblingsstadt-2-monikas-wandel-von-einsamkeit-zu-gemeinschaft\\\/#article\",\"isPartOf\":{\"@id\":\"https:\\\/\\\/gradido.net\\\/lieblingsstadt-2-monikas-wandel-von-einsamkeit-zu-gemeinschaft\\\/\"},\"author\":{\"name\":\"Bernd H\u00fcckst\u00e4dt\",\"@id\":\"https:\\\/\\\/gradido.net\\\/de\\\/#\\\/schema\\\/person\\\/9c503a004ad15a1ddecadce2218db5d1\"},\"headline\":\"Lieblingsstadt 2 \u2013 Monikas Wandel von Einsamkeit zu Gemeinschaft\",\"datePublished\":\"2023-08-16T14:48:17+00:00\",\"dateModified\":\"2026-04-23T05:15:41+00:00\",\"mainEntityOfPage\":{\"@id\":\"https:\\\/\\\/gradido.net\\\/lieblingsstadt-2-monikas-wandel-von-einsamkeit-zu-gemeinschaft\\\/\"},\"wordCount\":1032,\"publisher\":{\"@id\":\"https:\\\/\\\/gradido.net\\\/de\\\/#organization\"},\"image\":{\"@id\":\"https:\\\/\\\/gradido.net\\\/lieblingsstadt-2-monikas-wandel-von-einsamkeit-zu-gemeinschaft\\\/#primaryimage\"},\"thumbnailUrl\":\"https:\\\/\\\/gradido.net\\\/wp-content\\\/uploads\\\/2023\\\/08\\\/Monika2_1920.jpg\",\"keywords\":[\"Bild oben\"],\"articleSection\":[\"Blog\",\"Lieblingsstadt\"],\"inLanguage\":\"et\"},{\"@type\":\"WebPage\",\"@id\":\"https:\\\/\\\/gradido.net\\\/lieblingsstadt-2-monikas-wandel-von-einsamkeit-zu-gemeinschaft\\\/\",\"url\":\"https:\\\/\\\/gradido.net\\\/lieblingsstadt-2-monikas-wandel-von-einsamkeit-zu-gemeinschaft\\\/\",\"name\":\"Lieblingsstadt 2 \u2013 Monikas Wandel von Einsamkeit zu Gemeinschaft - Gradido\",\"isPartOf\":{\"@id\":\"https:\\\/\\\/gradido.net\\\/de\\\/#website\"},\"primaryImageOfPage\":{\"@id\":\"https:\\\/\\\/gradido.net\\\/lieblingsstadt-2-monikas-wandel-von-einsamkeit-zu-gemeinschaft\\\/#primaryimage\"},\"image\":{\"@id\":\"https:\\\/\\\/gradido.net\\\/lieblingsstadt-2-monikas-wandel-von-einsamkeit-zu-gemeinschaft\\\/#primaryimage\"},\"thumbnailUrl\":\"https:\\\/\\\/gradido.net\\\/wp-content\\\/uploads\\\/2023\\\/08\\\/Monika2_1920.jpg\",\"datePublished\":\"2023-08-16T14:48:17+00:00\",\"dateModified\":\"2026-04-23T05:15:41+00:00\",\"description\":\"Monikas Geschichte ist ein Beispiel daf\u00fcr, wie das innovative Verg\u00fctungssystem \u201aGradido\u2018 und der Austausch von Talenten und Bed\u00fcrfnissen dazu beitragen k\u00f6nnen, soziale Isolation zu \u00fcberwinden, eine starke Gemeinschaft aufzubauen und sogar die eigene finanzielle Situation zu verbessern.\",\"breadcrumb\":{\"@id\":\"https:\\\/\\\/gradido.net\\\/lieblingsstadt-2-monikas-wandel-von-einsamkeit-zu-gemeinschaft\\\/#breadcrumb\"},\"inLanguage\":\"et\",\"potentialAction\":[{\"@type\":\"ReadAction\",\"target\":[\"https:\\\/\\\/gradido.net\\\/lieblingsstadt-2-monikas-wandel-von-einsamkeit-zu-gemeinschaft\\\/\"]}]},{\"@type\":\"ImageObject\",\"inLanguage\":\"et\",\"@id\":\"https:\\\/\\\/gradido.net\\\/lieblingsstadt-2-monikas-wandel-von-einsamkeit-zu-gemeinschaft\\\/#primaryimage\",\"url\":\"https:\\\/\\\/gradido.net\\\/wp-content\\\/uploads\\\/2023\\\/08\\\/Monika2_1920.jpg\",\"contentUrl\":\"https:\\\/\\\/gradido.net\\\/wp-content\\\/uploads\\\/2023\\\/08\\\/Monika2_1920.jpg\",\"width\":1920,\"height\":1200},{\"@type\":\"BreadcrumbList\",\"@id\":\"https:\\\/\\\/gradido.net\\\/lieblingsstadt-2-monikas-wandel-von-einsamkeit-zu-gemeinschaft\\\/#breadcrumb\",\"itemListElement\":[{\"@type\":\"ListItem\",\"position\":1,\"name\":\"Startseite\",\"item\":\"https:\\\/\\\/gradido.net\\\/\"},{\"@type\":\"ListItem\",\"position\":2,\"name\":\"Lieblingsstadt 2 \u2013 Monikas Wandel von Einsamkeit zu Gemeinschaft\"}]},{\"@type\":\"WebSite\",\"@id\":\"https:\\\/\\\/gradido.net\\\/de\\\/#website\",\"url\":\"https:\\\/\\\/gradido.net\\\/de\\\/\",\"name\":\"Gradido\",\"description\":\"Die neue W\u00e4hrung hei\u00dft Dankbarkeit\",\"publisher\":{\"@id\":\"https:\\\/\\\/gradido.net\\\/de\\\/#organization\"},\"potentialAction\":[{\"@type\":\"SearchAction\",\"target\":{\"@type\":\"EntryPoint\",\"urlTemplate\":\"https:\\\/\\\/gradido.net\\\/de\\\/?s={search_term_string}\"},\"query-input\":{\"@type\":\"PropertyValueSpecification\",\"valueRequired\":true,\"valueName\":\"search_term_string\"}}],\"inLanguage\":\"et\"},{\"@type\":\"Organization\",\"@id\":\"https:\\\/\\\/gradido.net\\\/de\\\/#organization\",\"name\":\"Gradido\",\"url\":\"https:\\\/\\\/gradido.net\\\/de\\\/\",\"logo\":{\"@type\":\"ImageObject\",\"inLanguage\":\"et\",\"@id\":\"https:\\\/\\\/gradido.net\\\/de\\\/#\\\/schema\\\/logo\\\/image\\\/\",\"url\":\"https:\\\/\\\/gradido.net\\\/wp-content\\\/uploads\\\/2022\\\/04\\\/gradido-social.jpg\",\"contentUrl\":\"https:\\\/\\\/gradido.net\\\/wp-content\\\/uploads\\\/2022\\\/04\\\/gradido-social.jpg\",\"width\":527,\"height\":273,\"caption\":\"Gradido\"},\"image\":{\"@id\":\"https:\\\/\\\/gradido.net\\\/de\\\/#\\\/schema\\\/logo\\\/image\\\/\"}},{\"@type\":\"Person\",\"@id\":\"https:\\\/\\\/gradido.net\\\/de\\\/#\\\/schema\\\/person\\\/9c503a004ad15a1ddecadce2218db5d1\",\"name\":\"Bernd H\u00fcckst\u00e4dt\",\"sameAs\":[\"https:\\\/\\\/gradido.net\"],\"url\":\"https:\\\/\\\/gradido.net\\\/et\\\/author\\\/bernd\\\/\"}]}<\/script>\n<!-- \/ Yoast SEO plugin. -->","yoast_head_json":{"title":"Lemmiklinn 2 - Monika muutumine \u00fcksindusest kogukonnaks - Gradido","description":"Monika lugu on n\u00e4ide sellest, kuidas uuenduslik tasustamiss\u00fcsteem \"Gradido\" ning talentide ja vajaduste vahetamine v\u00f5ib aidata \u00fcletada sotsiaalset isolatsiooni, luua tugevat kogukonda ja isegi parandada enda rahalist olukorda.","robots":{"index":"index","follow":"follow","max-snippet":"max-snippet:-1","max-image-preview":"max-image-preview:large","max-video-preview":"max-video-preview:-1"},"canonical":"https:\/\/gradido.net\/et\/lieblingsstadt-2-monikas-wandel-von-einsamkeit-zu-gemeinschaft\/","og_locale":"et_EE","og_type":"article","og_title":"Lieblingsstadt 2 \u2013 Monikas Wandel von Einsamkeit zu Gemeinschaft - Gradido","og_description":"Monikas Geschichte ist ein Beispiel daf\u00fcr, wie das innovative Verg\u00fctungssystem \u201aGradido\u2018 und der Austausch von Talenten und Bed\u00fcrfnissen dazu beitragen k\u00f6nnen, soziale Isolation zu \u00fcberwinden, eine starke Gemeinschaft aufzubauen und sogar die eigene finanzielle Situation zu verbessern.","og_url":"https:\/\/gradido.net\/et\/lieblingsstadt-2-monikas-wandel-von-einsamkeit-zu-gemeinschaft\/","og_site_name":"Gradido","article_published_time":"2023-08-16T14:48:17+00:00","article_modified_time":"2026-04-23T05:15:41+00:00","og_image":[{"width":1920,"height":1200,"url":"https:\/\/gradido.net\/wp-content\/uploads\/2023\/08\/Monika2_1920.jpg","type":"image\/jpeg"}],"author":"Bernd H\u00fcckst\u00e4dt","twitter_card":"summary_large_image","twitter_misc":{"Written by":"Bernd H\u00fcckst\u00e4dt","Est. reading time":"6 minutit"},"schema":{"@context":"https:\/\/schema.org","@graph":[{"@type":"Article","@id":"https:\/\/gradido.net\/lieblingsstadt-2-monikas-wandel-von-einsamkeit-zu-gemeinschaft\/#article","isPartOf":{"@id":"https:\/\/gradido.net\/lieblingsstadt-2-monikas-wandel-von-einsamkeit-zu-gemeinschaft\/"},"author":{"name":"Bernd H\u00fcckst\u00e4dt","@id":"https:\/\/gradido.net\/de\/#\/schema\/person\/9c503a004ad15a1ddecadce2218db5d1"},"headline":"Lieblingsstadt 2 \u2013 Monikas Wandel von Einsamkeit zu Gemeinschaft","datePublished":"2023-08-16T14:48:17+00:00","dateModified":"2026-04-23T05:15:41+00:00","mainEntityOfPage":{"@id":"https:\/\/gradido.net\/lieblingsstadt-2-monikas-wandel-von-einsamkeit-zu-gemeinschaft\/"},"wordCount":1032,"publisher":{"@id":"https:\/\/gradido.net\/de\/#organization"},"image":{"@id":"https:\/\/gradido.net\/lieblingsstadt-2-monikas-wandel-von-einsamkeit-zu-gemeinschaft\/#primaryimage"},"thumbnailUrl":"https:\/\/gradido.net\/wp-content\/uploads\/2023\/08\/Monika2_1920.jpg","keywords":["Bild oben"],"articleSection":["Blog","Lieblingsstadt"],"inLanguage":"et"},{"@type":"WebPage","@id":"https:\/\/gradido.net\/lieblingsstadt-2-monikas-wandel-von-einsamkeit-zu-gemeinschaft\/","url":"https:\/\/gradido.net\/lieblingsstadt-2-monikas-wandel-von-einsamkeit-zu-gemeinschaft\/","name":"Lemmiklinn 2 - Monika muutumine \u00fcksindusest kogukonnaks - Gradido","isPartOf":{"@id":"https:\/\/gradido.net\/de\/#website"},"primaryImageOfPage":{"@id":"https:\/\/gradido.net\/lieblingsstadt-2-monikas-wandel-von-einsamkeit-zu-gemeinschaft\/#primaryimage"},"image":{"@id":"https:\/\/gradido.net\/lieblingsstadt-2-monikas-wandel-von-einsamkeit-zu-gemeinschaft\/#primaryimage"},"thumbnailUrl":"https:\/\/gradido.net\/wp-content\/uploads\/2023\/08\/Monika2_1920.jpg","datePublished":"2023-08-16T14:48:17+00:00","dateModified":"2026-04-23T05:15:41+00:00","description":"Monika lugu on n\u00e4ide sellest, kuidas uuenduslik tasustamiss\u00fcsteem \"Gradido\" ning talentide ja vajaduste vahetamine v\u00f5ib aidata \u00fcletada sotsiaalset isolatsiooni, luua tugevat kogukonda ja isegi parandada enda rahalist olukorda.","breadcrumb":{"@id":"https:\/\/gradido.net\/lieblingsstadt-2-monikas-wandel-von-einsamkeit-zu-gemeinschaft\/#breadcrumb"},"inLanguage":"et","potentialAction":[{"@type":"ReadAction","target":["https:\/\/gradido.net\/lieblingsstadt-2-monikas-wandel-von-einsamkeit-zu-gemeinschaft\/"]}]},{"@type":"ImageObject","inLanguage":"et","@id":"https:\/\/gradido.net\/lieblingsstadt-2-monikas-wandel-von-einsamkeit-zu-gemeinschaft\/#primaryimage","url":"https:\/\/gradido.net\/wp-content\/uploads\/2023\/08\/Monika2_1920.jpg","contentUrl":"https:\/\/gradido.net\/wp-content\/uploads\/2023\/08\/Monika2_1920.jpg","width":1920,"height":1200},{"@type":"BreadcrumbList","@id":"https:\/\/gradido.net\/lieblingsstadt-2-monikas-wandel-von-einsamkeit-zu-gemeinschaft\/#breadcrumb","itemListElement":[{"@type":"ListItem","position":1,"name":"Startseite","item":"https:\/\/gradido.net\/"},{"@type":"ListItem","position":2,"name":"Lieblingsstadt 2 \u2013 Monikas Wandel von Einsamkeit zu Gemeinschaft"}]},{"@type":"WebSite","@id":"https:\/\/gradido.net\/de\/#website","url":"https:\/\/gradido.net\/de\/","name":"Gradido","description":"Uus valuuta on t\u00e4nulikkus","publisher":{"@id":"https:\/\/gradido.net\/de\/#organization"},"potentialAction":[{"@type":"SearchAction","target":{"@type":"EntryPoint","urlTemplate":"https:\/\/gradido.net\/de\/?s={search_term_string}"},"query-input":{"@type":"PropertyValueSpecification","valueRequired":true,"valueName":"search_term_string"}}],"inLanguage":"et"},{"@type":"Organization","@id":"https:\/\/gradido.net\/de\/#organization","name":"Gradido","url":"https:\/\/gradido.net\/de\/","logo":{"@type":"ImageObject","inLanguage":"et","@id":"https:\/\/gradido.net\/de\/#\/schema\/logo\/image\/","url":"https:\/\/gradido.net\/wp-content\/uploads\/2022\/04\/gradido-social.jpg","contentUrl":"https:\/\/gradido.net\/wp-content\/uploads\/2022\/04\/gradido-social.jpg","width":527,"height":273,"caption":"Gradido"},"image":{"@id":"https:\/\/gradido.net\/de\/#\/schema\/logo\/image\/"}},{"@type":"Person","@id":"https:\/\/gradido.net\/de\/#\/schema\/person\/9c503a004ad15a1ddecadce2218db5d1","name":"Bernd H\u00fcckst\u00e4dt","sameAs":["https:\/\/gradido.net"],"url":"https:\/\/gradido.net\/et\/author\/bernd\/"}]}},"_links":{"self":[{"href":"https:\/\/gradido.net\/et\/wp-json\/wp\/v2\/posts\/7136","targetHints":{"allow":["GET"]}}],"collection":[{"href":"https:\/\/gradido.net\/et\/wp-json\/wp\/v2\/posts"}],"about":[{"href":"https:\/\/gradido.net\/et\/wp-json\/wp\/v2\/types\/post"}],"author":[{"embeddable":true,"href":"https:\/\/gradido.net\/et\/wp-json\/wp\/v2\/users\/2"}],"replies":[{"embeddable":true,"href":"https:\/\/gradido.net\/et\/wp-json\/wp\/v2\/comments?post=7136"}],"version-history":[{"count":34,"href":"https:\/\/gradido.net\/et\/wp-json\/wp\/v2\/posts\/7136\/revisions"}],"predecessor-version":[{"id":13548,"href":"https:\/\/gradido.net\/et\/wp-json\/wp\/v2\/posts\/7136\/revisions\/13548"}],"wp:featuredmedia":[{"embeddable":true,"href":"https:\/\/gradido.net\/et\/wp-json\/wp\/v2\/media\/7139"}],"wp:attachment":[{"href":"https:\/\/gradido.net\/et\/wp-json\/wp\/v2\/media?parent=7136"}],"wp:term":[{"taxonomy":"category","embeddable":true,"href":"https:\/\/gradido.net\/et\/wp-json\/wp\/v2\/categories?post=7136"},{"taxonomy":"post_tag","embeddable":true,"href":"https:\/\/gradido.net\/et\/wp-json\/wp\/v2\/tags?post=7136"}],"curies":[{"name":"wp","href":"https:\/\/api.w.org\/{rel}","templated":true}]}}