{"id":7227,"date":"2023-08-20T07:00:11","date_gmt":"2023-08-20T05:00:11","guid":{"rendered":"https:\/\/gradido.net\/?p=7227"},"modified":"2026-04-23T07:14:02","modified_gmt":"2026-04-23T05:14:02","slug":"lieblingsstadt-4-gradido-tage-in-der-pizzeria-ehrenamt-trifft-auf-gastronomie","status":"publish","type":"post","link":"https:\/\/gradido.net\/et\/lieblingsstadt-4-gradido-tage-in-der-pizzeria-ehrenamt-trifft-auf-gastronomie\/","title":{"rendered":"Lemmiklinn 4 - Gradido p\u00e4evad pitsarestoranis: vabatahtlik t\u00f6\u00f6 kohtub gastronoomiaga"},"content":{"rendered":"<div data-elementor-type=\"wp-post\" data-elementor-id=\"7227\" class=\"elementor elementor-7227\" data-elementor-post-type=\"post\">\n\t\t\t\t\t\t<section class=\"elementor-section elementor-top-section elementor-element elementor-element-496e1d53 elementor-section-boxed elementor-section-height-default elementor-section-height-default\" data-id=\"496e1d53\" data-element_type=\"section\" data-e-type=\"section\">\n\t\t\t\t\t\t<div class=\"elementor-container elementor-column-gap-default\">\n\t\t\t\t\t<div class=\"elementor-column elementor-col-100 elementor-top-column elementor-element elementor-element-461d7be0\" data-id=\"461d7be0\" data-element_type=\"column\" data-e-type=\"column\">\n\t\t\t<div class=\"elementor-widget-wrap elementor-element-populated\">\n\t\t\t\t\t\t<div class=\"elementor-element elementor-element-cd9ebe2 elementor-widget elementor-widget-text-editor\" data-id=\"cd9ebe2\" data-element_type=\"widget\" data-e-type=\"widget\" data-widget_type=\"text-editor.default\">\n\t\t\t\t<div class=\"elementor-widget-container\">\n\t\t\t\t\t\t\t\t\t<p style=\"text-align: right;\"><em>\"Me armastame oma linna ja inimesi ning tahame, et iga\u00fcks saaks endale lubada m\u00f5nda tundi Itaalia h\u00f5ngu ja Vahemere k\u00f6\u00f6gi nautimist.\"<\/em><\/p><p>Lugupeetud lugeja,<\/p><p>lemmiklinnas on populaarne Pizzeria Napoli, mida juhivad Giulia ja Antonio. Kirglike restoraniomanikena ei ole neil mitte ainult oskus maitsvat Itaalia k\u00f6\u00f6ki valmistada, vaid ka s\u00fcda inimeste vastu.<\/p>\t\t\t\t\t\t\t\t<\/div>\n\t\t\t\t<\/div>\n\t\t\t\t<div class=\"elementor-element elementor-element-b482206 elementor-widget elementor-widget-image\" data-id=\"b482206\" data-element_type=\"widget\" data-e-type=\"widget\" data-widget_type=\"image.default\">\n\t\t\t\t<div class=\"elementor-widget-container\">\n\t\t\t\t\t\t\t\t\t\t\t\t\t\t\t<img fetchpriority=\"high\" decoding=\"async\" width=\"500\" height=\"500\" src=\"https:\/\/gradido.net\/wp-content\/uploads\/2023\/08\/Giulia_Toni_500.jpg\" class=\"attachment-full size-full wp-image-7233\" alt=\"\" srcset=\"https:\/\/gradido.net\/wp-content\/uploads\/2023\/08\/Giulia_Toni_500.jpg 500w, https:\/\/gradido.net\/wp-content\/uploads\/2023\/08\/Giulia_Toni_500-300x300.jpg 300w, https:\/\/gradido.net\/wp-content\/uploads\/2023\/08\/Giulia_Toni_500-150x150.jpg 150w, https:\/\/gradido.net\/wp-content\/uploads\/2023\/08\/Giulia_Toni_500-12x12.jpg 12w\" sizes=\"(max-width: 500px) 100vw, 500px\" \/>\t\t\t\t\t\t\t\t\t\t\t\t\t\t\t<\/div>\n\t\t\t\t<\/div>\n\t\t\t\t<div class=\"elementor-element elementor-element-c5e61d4 elementor-widget elementor-widget-text-editor\" data-id=\"c5e61d4\" data-element_type=\"widget\" data-e-type=\"widget\" data-widget_type=\"text-editor.default\">\n\t\t\t\t<div class=\"elementor-widget-container\">\n\t\t\t\t\t\t\t\t\t<p>Kuid viimasel ajal on \u00f5hus olnud masendav meeleolu - k\u00f5ik ei saa endale lubada v\u00e4ikest luksust, et restoranis k\u00e4ia. Eriti n\u00fc\u00fcd, kui linna suurim t\u00f6\u00f6andja on pidanud oma uksed sulgema, on t\u00f6\u00f6tus tabanud paljusid k\u00f5vasti t\u00f6\u00f6tavaid lemmiklinna elanikke.<\/p><p><br \/>Linnapea Michael Miteinandi k\u00fclask\u00e4igu ajal saavad Giulia ja Antonio teada tema uuest projektist: Gradido-mudeli kohaste \u00fchiste t\u00e4nupunktide kasutuselev\u00f5tmine lemmiklinnas. Nimi \"Gradido\" \u00fctleb k\u00f5ik, sest see mudel p\u00f5hineb t\u00e4nulikkuse, v\u00e4\u00e4rikuse ja annetamise p\u00f5him\u00f5tetel.\u00a0<\/p><p><br \/>Iga vabatahtlik saab 20 gradidot iga vabatahtliku t\u00f6\u00f6tunni eest ning saab neid vahetada allahindluste ja muude soodustuste vastu.<\/p><p><br \/>Seda m\u00f5tet kuuldes meenub Antoniole \u00fcks traditsioon tema kodumaalt Napolist: \"caff\u00e8 sospeso\". See on 20. sajandi keskpaigast p\u00e4rit solidaarsusakt, mille puhul keegi mitte ainult ei maksa oma kohvi eest, vaid ostab ka teise kohvi \"laos\" kellelegi abivajajale. Selle armastava \u017eesti populaarsus on selle algusest peale kasvanud ja n\u00fc\u00fcdseks on see kogu maailmas tuntud kui \"pay it forward\".<\/p>\t\t\t\t\t\t\t\t<\/div>\n\t\t\t\t<\/div>\n\t\t\t\t<div class=\"elementor-element elementor-element-e51c407 elementor-widget elementor-widget-image\" data-id=\"e51c407\" data-element_type=\"widget\" data-e-type=\"widget\" data-widget_type=\"image.default\">\n\t\t\t\t<div class=\"elementor-widget-container\">\n\t\t\t\t\t\t\t\t\t\t\t\t\t\t\t<img decoding=\"async\" src=\"https:\/\/gradido.net\/wp-content\/uploads\/elementor\/thumbs\/Cafe\u0301-Sospeso_800-qh4sa6qu9nadfnzp024c04onwjg978k2dpsj4pxpjc.png\" title=\"Kohvik Sospeso_800\" alt=\"Kohvik Sospeso_800\" loading=\"lazy\" \/>\t\t\t\t\t\t\t\t\t\t\t\t\t\t\t<\/div>\n\t\t\t\t<\/div>\n\t\t\t\t<div class=\"elementor-element elementor-element-06a4667 elementor-widget elementor-widget-text-editor\" data-id=\"06a4667\" data-element_type=\"widget\" data-e-type=\"widget\" data-widget_type=\"text-editor.default\">\n\t\t\t\t<div class=\"elementor-widget-container\">\n\t\t\t\t\t\t\t\t\t<p><span style=\"font-weight: 400;\">Karma-kohvikud, mida tuntakse ka nime all \"maksa, mida saad\", on sarnase kontseptsiooniga ja levivad \u00fcle maailma. Need on kohad, kus inimesed saavad maksta toidu ja joogi eest, mida nad saavad endale lubada v\u00f5i mida nad peavad sobivaks.\u00a0<\/span><\/p><p><span style=\"font-weight: 400;\">Karma kohviku idee on edendada kogukonda ja sidusust, tagades samas, et keegi ei j\u00e4\u00e4 rahaliste piirangute t\u00f5ttu n\u00e4lga. Karma kohvikud v\u00f5ivad anda olulise panuse kogukonda, edendades solidaarsuse ja kaastunde tunnet.<\/span><\/p>\t\t\t\t\t\t\t\t<\/div>\n\t\t\t\t<\/div>\n\t\t\t\t<div class=\"elementor-element elementor-element-f223bb6 elementor-widget elementor-widget-image\" data-id=\"f223bb6\" data-element_type=\"widget\" data-e-type=\"widget\" data-widget_type=\"image.default\">\n\t\t\t\t<div class=\"elementor-widget-container\">\n\t\t\t\t\t\t\t\t\t\t\t\t\t\t\t<img decoding=\"async\" src=\"https:\/\/gradido.net\/wp-content\/uploads\/elementor\/thumbs\/gradido_willkommen-qh4sa6qt1shxtntyl595w1uav78mjhcchx7czbghi8.png\" title=\"gradido_welcome\" alt=\"gradido_welcome\" loading=\"lazy\" \/>\t\t\t\t\t\t\t\t\t\t\t\t\t\t\t<\/div>\n\t\t\t\t<\/div>\n\t\t\t\t<div class=\"elementor-element elementor-element-0499f3c elementor-widget elementor-widget-text-editor\" data-id=\"0499f3c\" data-element_type=\"widget\" data-e-type=\"widget\" data-widget_type=\"text-editor.default\">\n\t\t\t\t<div class=\"elementor-widget-container\">\n\t\t\t\t\t\t\t\t\t<p><strong>Nende m\u00f5istete sulandumine inspireerib paari suureks algatuseks:<\/strong><\/p><p>Nad otsustavad kehtestada kaks Gradido p\u00e4eva n\u00e4dalas, mil nad pakuvad toiduaineid ja jooke Gradido soodustusega. K\u00fclalistel, kes saavad seda endale lubada, on ka v\u00f5imalus maksta rohkem. Nii v\u00f5imaldavad nad v\u00e4hemkindlustatud inimestel s\u00fc\u00fca t\u00e4ielikult Gradido eest.<\/p><p>Sel viisil ei tunne need kaasinimesed lihtsalt, et nad on abivajajad, vaid saavad vabatahtliku t\u00f6\u00f6 kaudu nautida luksust, mida neil muidu ei oleks.<\/p><p>Kahel kindlal Gradido p\u00e4eval saavad teenindajad oma teenitud vaba p\u00e4eva. See annab grupile noortele idee hakata Gradidos vabatahtlikuna abiks olema.<\/p>\t\t\t\t\t\t\t\t<\/div>\n\t\t\t\t<\/div>\n\t\t\t\t<div class=\"elementor-element elementor-element-392458a elementor-widget elementor-widget-image\" data-id=\"392458a\" data-element_type=\"widget\" data-e-type=\"widget\" data-widget_type=\"image.default\">\n\t\t\t\t<div class=\"elementor-widget-container\">\n\t\t\t\t\t\t\t\t\t\t\t\t\t\t\t<img decoding=\"async\" width=\"500\" height=\"375\" src=\"https:\/\/gradido.net\/wp-content\/uploads\/2023\/08\/Freiwillige_Pizzabaecker_500.jpg\" class=\"attachment-full size-full wp-image-7239\" alt=\"\" srcset=\"https:\/\/gradido.net\/wp-content\/uploads\/2023\/08\/Freiwillige_Pizzabaecker_500.jpg 500w, https:\/\/gradido.net\/wp-content\/uploads\/2023\/08\/Freiwillige_Pizzabaecker_500-300x225.jpg 300w, https:\/\/gradido.net\/wp-content\/uploads\/2023\/08\/Freiwillige_Pizzabaecker_500-16x12.jpg 16w\" sizes=\"(max-width: 500px) 100vw, 500px\" \/>\t\t\t\t\t\t\t\t\t\t\t\t\t\t\t<\/div>\n\t\t\t\t<\/div>\n\t\t\t\t<div class=\"elementor-element elementor-element-8fcbf61 elementor-widget elementor-widget-text-editor\" data-id=\"8fcbf61\" data-element_type=\"widget\" data-e-type=\"widget\" data-widget_type=\"text-editor.default\">\n\t\t\t\t<div class=\"elementor-widget-container\">\n\t\t\t\t\t\t\t\t\t<p>Kogukond kasvab koos. Solidaarsus ja \u00fchtekuuluvus r\u00f5\u00f5mustavad n\u00fc\u00fcd iga p\u00e4ev Pizzeria Napolis ja kogu Lemmiklinnas.<\/p><p><strong>Ja veel \u00fcks h\u00e4mmastav n\u00e4htus on t\u00e4heldatav:\u00a0<\/strong><\/p><p>Alates Gradido Days'i k\u00e4ivitamisest on pitsarestoranid \u00f5itsenud nagu kunagi varem. See on iga p\u00e4ev t\u00e4is ja meelitab \u00fcha rohkem k\u00fclalisi kaugemalt, kes soovivad kogeda \"Lemmiklinna imet\". Need, kes saavad seda endale lubada, maksavad hea meelega lisatasu, et v\u00f5imaldada Gradido s\u00f6\u00f6ki ka rahaliselt v\u00e4hemkindlustatud inimestele.\u00a0<\/p>\t\t\t\t\t\t\t\t<\/div>\n\t\t\t\t<\/div>\n\t\t\t\t<div class=\"elementor-element elementor-element-84f7bbd elementor-widget elementor-widget-image\" data-id=\"84f7bbd\" data-element_type=\"widget\" data-e-type=\"widget\" data-widget_type=\"image.default\">\n\t\t\t\t<div class=\"elementor-widget-container\">\n\t\t\t\t\t\t\t\t\t\t\t\t\t\t\t<img decoding=\"async\" width=\"500\" height=\"300\" src=\"https:\/\/gradido.net\/wp-content\/uploads\/2023\/08\/Erfolg_500.png\" class=\"attachment-full size-full wp-image-7243\" alt=\"\" srcset=\"https:\/\/gradido.net\/wp-content\/uploads\/2023\/08\/Erfolg_500.png 500w, https:\/\/gradido.net\/wp-content\/uploads\/2023\/08\/Erfolg_500-300x180.png 300w, https:\/\/gradido.net\/wp-content\/uploads\/2023\/08\/Erfolg_500-18x12.png 18w\" sizes=\"(max-width: 500px) 100vw, 500px\" \/>\t\t\t\t\t\t\t\t\t\t\t\t\t\t\t<\/div>\n\t\t\t\t<\/div>\n\t\t\t\t<div class=\"elementor-element elementor-element-abb92cd elementor-widget elementor-widget-text-editor\" data-id=\"abb92cd\" data-element_type=\"widget\" data-e-type=\"widget\" data-widget_type=\"text-editor.default\">\n\t\t\t\t<div class=\"elementor-widget-container\">\n\t\t\t\t\t\t\t\t\t<p><strong>Giulia ja Toni registreerivad n\u00fc\u00fcd rohkem k\u00e4ivet ja kasumit kui kunagi varem.<\/strong><\/p>\t\t\t\t\t\t\t\t<\/div>\n\t\t\t\t<\/div>\n\t\t\t\t<div class=\"elementor-element elementor-element-e858257 elementor-widget-divider--view-line elementor-widget elementor-widget-divider\" data-id=\"e858257\" data-element_type=\"widget\" data-e-type=\"widget\" data-widget_type=\"divider.default\">\n\t\t\t\t<div class=\"elementor-widget-container\">\n\t\t\t\t\t\t\t<div class=\"elementor-divider\">\n\t\t\t<span class=\"elementor-divider-separator\">\n\t\t\t\t\t\t<\/span>\n\t\t<\/div>\n\t\t\t\t\t\t<\/div>\n\t\t\t\t<\/div>\n\t\t\t\t<div class=\"elementor-element elementor-element-d74dfa0 elementor-widget elementor-widget-text-editor\" data-id=\"d74dfa0\" data-element_type=\"widget\" data-e-type=\"widget\" data-widget_type=\"text-editor.default\">\n\t\t\t\t<div class=\"elementor-widget-container\">\n\t\t\t\t\t\t\t\t\t<div data-pm-slice=\"1 1 []\" data-en-clipboard=\"true\"><p>Selles meie sarja neljandas postituses <strong>\"Gradido lemmiklinnas\" <\/strong>n\u00e4eme, kuidas Gradido v\u00f5ib mitte ainult parandada elanike elukvaliteeti, vaid ka m\u00e4rkimisv\u00e4\u00e4rselt suurendada kohalike ettev\u00f5tete edu. See teema saadab meid edasistes artiklites, kus p\u00e4\u00e4stetakse isegi ettev\u00f5tteid ja munitsipaalhaiglat.<\/p><p><strong>Edastage see sari julgelt oma linnavalitsusele, \u00fchendustele ja kaupmeestele!<\/strong><\/p><p>Kui me n\u00fc\u00fcd \u00fchiselt ei tegutse, siis j\u00e4tkub langustrend, majandus surutakse vastu seina, keskklass \u00f5\u00f5nestatakse ja paljud omavalitsused varisevad v\u00f5lakoorma all kokku.\u00a0<\/p><p>Gradido abil on meil k\u00e4es t\u00f5hus vahend positiivse elu ja edu kujundamiseks. Koos muudame oma linnad ja kogukonnad elavateks \u00f5itsvateks oaasideks - meie lemmikkohtadeks!<\/p><p>Lugupidamisega<\/p><\/div><p>Teie<\/p><p><img loading=\"lazy\" decoding=\"async\" class=\"alignnone wp-image-4614 size-medium\" src=\"https:\/\/gradido.net\/wp-content\/uploads\/2022\/06\/MargretBernd_2022-300x74.png\" alt=\"\" width=\"300\" height=\"74\" srcset=\"https:\/\/gradido.net\/wp-content\/uploads\/2022\/06\/MargretBernd_2022-300x74.png 300w, https:\/\/gradido.net\/wp-content\/uploads\/2022\/06\/MargretBernd_2022-18x4.png 18w, https:\/\/gradido.net\/wp-content\/uploads\/2022\/06\/MargretBernd_2022.png 431w\" sizes=\"(max-width: 300px) 100vw, 300px\" \/><\/p><p>Margret Baier ja Bernd H\u00fcckst\u00e4dt<br \/>Gradido asutaja ja arendaja<\/p>\t\t\t\t\t\t\t\t<\/div>\n\t\t\t\t<\/div>\n\t\t\t\t\t<\/div>\n\t\t<\/div>\n\t\t\t\t\t<\/div>\n\t\t<\/section>\n\t\t\t\t<section class=\"elementor-section elementor-top-section elementor-element elementor-element-262cce0 elementor-section-boxed elementor-section-height-default elementor-section-height-default\" data-id=\"262cce0\" data-element_type=\"section\" data-e-type=\"section\">\n\t\t\t\t\t\t<div class=\"elementor-container elementor-column-gap-default\">\n\t\t\t\t\t<div class=\"elementor-column elementor-col-100 elementor-top-column elementor-element elementor-element-252afa7\" data-id=\"252afa7\" data-element_type=\"column\" data-e-type=\"column\">\n\t\t\t<div class=\"elementor-widget-wrap elementor-element-populated\">\n\t\t\t\t\t\t<div class=\"elementor-element elementor-element-da4b51f elementor-position-inline-start white-links elementor-widget__width-initial elementor-view-default elementor-mobile-position-block-start elementor-widget elementor-widget-icon-box\" data-id=\"da4b51f\" data-element_type=\"widget\" data-e-type=\"widget\" data-no-translation=\"\" data-widget_type=\"icon-box.default\">\n\t\t\t\t<div class=\"elementor-widget-container\">\n\t\t\t\t\t<style>.elementor-element-da4b51f{display:none !important}<\/style>\t\t\t\t<\/div>\n\t\t\t\t<\/div>\n\t\t\t\t\t<\/div>\n\t\t<\/div>\n\t\t\t\t\t<\/div>\n\t\t<\/section>\n\t\t\t\t<section class=\"elementor-section elementor-top-section elementor-element elementor-element-14532fe elementor-section-boxed elementor-section-height-default elementor-section-height-default\" data-id=\"14532fe\" data-element_type=\"section\" data-e-type=\"section\">\n\t\t\t\t\t\t<div class=\"elementor-container elementor-column-gap-default\">\n\t\t\t\t\t<div class=\"elementor-column elementor-col-100 elementor-top-column elementor-element elementor-element-65d2298\" data-id=\"65d2298\" data-element_type=\"column\" data-e-type=\"column\">\n\t\t\t<div class=\"elementor-widget-wrap elementor-element-populated\">\n\t\t\t\t\t\t<div class=\"elementor-element elementor-element-13273c5 elementor-widget elementor-widget-global elementor-global-9341 elementor-widget-text-editor\" data-id=\"13273c5\" data-element_type=\"widget\" data-e-type=\"widget\" data-widget_type=\"text-editor.default\">\n\t\t\t\t<div class=\"elementor-widget-container\">\n\t\t\t\t\t\t\t\t\t<p><strong>PS:\u00a0<span style=\"color: #ff6600;\"><a style=\"color: #ff6600;\" href=\"https:\/\/gradido.net\/et\/donations\/\">Gradido \u00fcha kasvava t\u00e4htsuse t\u00f5ttu kordame oma t\u00e4nukampaaniat 26. juunil 2026. aastal:<\/a>\u00a0<\/span><span style=\"color: #0000ff;\"><a style=\"color: #0000ff;\" href=\"https:\/\/gradido.net\/et\/donations\/\">Lisaks mitmekordsele GradidoTransformile teie sponsorluspanuse eest suurendame 26.06.2016 k\u00f5iki GDT kontosaldosid 26% v\u00f5rra. Sponsoreeri n\u00fc\u00fcd ja naudi mitmekordset GDT summat!<\/a><\/span><\/strong><\/p>\t\t\t\t\t\t\t\t<\/div>\n\t\t\t\t<\/div>\n\t\t\t\t\t<\/div>\n\t\t<\/div>\n\t\t\t\t\t<\/div>\n\t\t<\/section>\n\t\t\t\t<\/div>","protected":false},"excerpt":{"rendered":"<p>Alates Gradido Days'i k\u00e4ivitamisest on Pizzeria Napoli \u00f5itseng olnud nii suur kui kunagi varem. See on iga p\u00e4ev t\u00e4is ja meelitab \u00fcha rohkem k\u00fclalisi kaugemaltki, et kogeda \"Lemmiklinna imet\". <\/p>","protected":false},"author":2,"featured_media":7228,"comment_status":"closed","ping_status":"closed","sticky":false,"template":"","format":"standard","meta":{"footnotes":""},"categories":[11,53],"tags":[],"class_list":["post-7227","post","type-post","status-publish","format-standard","has-post-thumbnail","hentry","category-blog","category-lieblingsstadt"],"yoast_head":"<!-- This site is optimized with the Yoast SEO plugin v27.5 - https:\/\/yoast.com\/product\/yoast-seo-wordpress\/ -->\n<title>Lieblingsstadt 4 \u2013 Gradido-Tage in der Pizzeria: Ehrenamt trifft auf Gastronomie - Gradido<\/title>\n<meta name=\"description\" content=\"Seit der Einf\u00fchrung der Gradido-Tage boomt die Pizzeria Napoli wie nie zuvor. Sie ist t\u00e4glich voll besucht und zieht immer mehr G\u00e4ste von weiter her an, die das \u201cWunder von Lieblingsstadt\u201d miterleben m\u00f6chten.\" \/>\n<meta name=\"robots\" content=\"index, follow, max-snippet:-1, max-image-preview:large, max-video-preview:-1\" \/>\n<link rel=\"canonical\" href=\"https:\/\/gradido.net\/et\/lieblingsstadt-4-gradido-tage-in-der-pizzeria-ehrenamt-trifft-auf-gastronomie\/\" \/>\n<meta property=\"og:locale\" content=\"et_EE\" \/>\n<meta property=\"og:type\" content=\"article\" \/>\n<meta property=\"og:title\" content=\"Lieblingsstadt 4 \u2013 Gradido-Tage in der Pizzeria: Ehrenamt trifft auf Gastronomie - Gradido\" \/>\n<meta property=\"og:description\" content=\"Seit der Einf\u00fchrung der Gradido-Tage boomt die Pizzeria Napoli wie nie zuvor. Sie ist t\u00e4glich voll besucht und zieht immer mehr G\u00e4ste von weiter her an, die das \u201cWunder von Lieblingsstadt\u201d miterleben m\u00f6chten.\" \/>\n<meta property=\"og:url\" content=\"https:\/\/gradido.net\/et\/lieblingsstadt-4-gradido-tage-in-der-pizzeria-ehrenamt-trifft-auf-gastronomie\/\" \/>\n<meta property=\"og:site_name\" content=\"Gradido\" \/>\n<meta property=\"article:published_time\" content=\"2023-08-20T05:00:11+00:00\" \/>\n<meta property=\"article:modified_time\" content=\"2026-04-23T05:14:02+00:00\" \/>\n<meta property=\"og:image\" content=\"https:\/\/gradido.net\/wp-content\/uploads\/2023\/08\/Pizzeria_1920.jpg\" \/>\n\t<meta property=\"og:image:width\" content=\"1920\" \/>\n\t<meta property=\"og:image:height\" content=\"1080\" \/>\n\t<meta property=\"og:image:type\" content=\"image\/jpeg\" \/>\n<meta name=\"author\" content=\"Bernd H\u00fcckst\u00e4dt\" \/>\n<meta name=\"twitter:card\" content=\"summary_large_image\" \/>\n<meta name=\"twitter:label1\" content=\"Written by\" \/>\n\t<meta name=\"twitter:data1\" content=\"Bernd H\u00fcckst\u00e4dt\" \/>\n\t<meta name=\"twitter:label2\" content=\"Est. reading time\" \/>\n\t<meta name=\"twitter:data2\" content=\"6 minutit\" \/>\n<script type=\"application\/ld+json\" class=\"yoast-schema-graph\">{\"@context\":\"https:\\\/\\\/schema.org\",\"@graph\":[{\"@type\":\"Article\",\"@id\":\"https:\\\/\\\/gradido.net\\\/lieblingsstadt-4-gradido-tage-in-der-pizzeria-ehrenamt-trifft-auf-gastronomie\\\/#article\",\"isPartOf\":{\"@id\":\"https:\\\/\\\/gradido.net\\\/lieblingsstadt-4-gradido-tage-in-der-pizzeria-ehrenamt-trifft-auf-gastronomie\\\/\"},\"author\":{\"name\":\"Bernd H\u00fcckst\u00e4dt\",\"@id\":\"https:\\\/\\\/gradido.net\\\/de\\\/#\\\/schema\\\/person\\\/9c503a004ad15a1ddecadce2218db5d1\"},\"headline\":\"Lieblingsstadt 4 \u2013 Gradido-Tage in der Pizzeria: Ehrenamt trifft auf Gastronomie\",\"datePublished\":\"2023-08-20T05:00:11+00:00\",\"dateModified\":\"2026-04-23T05:14:02+00:00\",\"mainEntityOfPage\":{\"@id\":\"https:\\\/\\\/gradido.net\\\/lieblingsstadt-4-gradido-tage-in-der-pizzeria-ehrenamt-trifft-auf-gastronomie\\\/\"},\"wordCount\":795,\"publisher\":{\"@id\":\"https:\\\/\\\/gradido.net\\\/de\\\/#organization\"},\"image\":{\"@id\":\"https:\\\/\\\/gradido.net\\\/lieblingsstadt-4-gradido-tage-in-der-pizzeria-ehrenamt-trifft-auf-gastronomie\\\/#primaryimage\"},\"thumbnailUrl\":\"https:\\\/\\\/gradido.net\\\/wp-content\\\/uploads\\\/2023\\\/08\\\/Pizzeria_1920.jpg\",\"articleSection\":[\"Blog\",\"Lieblingsstadt\"],\"inLanguage\":\"et\"},{\"@type\":\"WebPage\",\"@id\":\"https:\\\/\\\/gradido.net\\\/lieblingsstadt-4-gradido-tage-in-der-pizzeria-ehrenamt-trifft-auf-gastronomie\\\/\",\"url\":\"https:\\\/\\\/gradido.net\\\/lieblingsstadt-4-gradido-tage-in-der-pizzeria-ehrenamt-trifft-auf-gastronomie\\\/\",\"name\":\"Lieblingsstadt 4 \u2013 Gradido-Tage in der Pizzeria: Ehrenamt trifft auf Gastronomie - Gradido\",\"isPartOf\":{\"@id\":\"https:\\\/\\\/gradido.net\\\/de\\\/#website\"},\"primaryImageOfPage\":{\"@id\":\"https:\\\/\\\/gradido.net\\\/lieblingsstadt-4-gradido-tage-in-der-pizzeria-ehrenamt-trifft-auf-gastronomie\\\/#primaryimage\"},\"image\":{\"@id\":\"https:\\\/\\\/gradido.net\\\/lieblingsstadt-4-gradido-tage-in-der-pizzeria-ehrenamt-trifft-auf-gastronomie\\\/#primaryimage\"},\"thumbnailUrl\":\"https:\\\/\\\/gradido.net\\\/wp-content\\\/uploads\\\/2023\\\/08\\\/Pizzeria_1920.jpg\",\"datePublished\":\"2023-08-20T05:00:11+00:00\",\"dateModified\":\"2026-04-23T05:14:02+00:00\",\"description\":\"Seit der Einf\u00fchrung der Gradido-Tage boomt die Pizzeria Napoli wie nie zuvor. Sie ist t\u00e4glich voll besucht und zieht immer mehr G\u00e4ste von weiter her an, die das \u201cWunder von Lieblingsstadt\u201d miterleben m\u00f6chten.\",\"breadcrumb\":{\"@id\":\"https:\\\/\\\/gradido.net\\\/lieblingsstadt-4-gradido-tage-in-der-pizzeria-ehrenamt-trifft-auf-gastronomie\\\/#breadcrumb\"},\"inLanguage\":\"et\",\"potentialAction\":[{\"@type\":\"ReadAction\",\"target\":[\"https:\\\/\\\/gradido.net\\\/lieblingsstadt-4-gradido-tage-in-der-pizzeria-ehrenamt-trifft-auf-gastronomie\\\/\"]}]},{\"@type\":\"ImageObject\",\"inLanguage\":\"et\",\"@id\":\"https:\\\/\\\/gradido.net\\\/lieblingsstadt-4-gradido-tage-in-der-pizzeria-ehrenamt-trifft-auf-gastronomie\\\/#primaryimage\",\"url\":\"https:\\\/\\\/gradido.net\\\/wp-content\\\/uploads\\\/2023\\\/08\\\/Pizzeria_1920.jpg\",\"contentUrl\":\"https:\\\/\\\/gradido.net\\\/wp-content\\\/uploads\\\/2023\\\/08\\\/Pizzeria_1920.jpg\",\"width\":1920,\"height\":1080},{\"@type\":\"BreadcrumbList\",\"@id\":\"https:\\\/\\\/gradido.net\\\/lieblingsstadt-4-gradido-tage-in-der-pizzeria-ehrenamt-trifft-auf-gastronomie\\\/#breadcrumb\",\"itemListElement\":[{\"@type\":\"ListItem\",\"position\":1,\"name\":\"Startseite\",\"item\":\"https:\\\/\\\/gradido.net\\\/\"},{\"@type\":\"ListItem\",\"position\":2,\"name\":\"Lieblingsstadt 4 \u2013 Gradido-Tage in der Pizzeria: Ehrenamt trifft auf Gastronomie\"}]},{\"@type\":\"WebSite\",\"@id\":\"https:\\\/\\\/gradido.net\\\/de\\\/#website\",\"url\":\"https:\\\/\\\/gradido.net\\\/de\\\/\",\"name\":\"Gradido\",\"description\":\"Die neue W\u00e4hrung hei\u00dft Dankbarkeit\",\"publisher\":{\"@id\":\"https:\\\/\\\/gradido.net\\\/de\\\/#organization\"},\"potentialAction\":[{\"@type\":\"SearchAction\",\"target\":{\"@type\":\"EntryPoint\",\"urlTemplate\":\"https:\\\/\\\/gradido.net\\\/de\\\/?s={search_term_string}\"},\"query-input\":{\"@type\":\"PropertyValueSpecification\",\"valueRequired\":true,\"valueName\":\"search_term_string\"}}],\"inLanguage\":\"et\"},{\"@type\":\"Organization\",\"@id\":\"https:\\\/\\\/gradido.net\\\/de\\\/#organization\",\"name\":\"Gradido\",\"url\":\"https:\\\/\\\/gradido.net\\\/de\\\/\",\"logo\":{\"@type\":\"ImageObject\",\"inLanguage\":\"et\",\"@id\":\"https:\\\/\\\/gradido.net\\\/de\\\/#\\\/schema\\\/logo\\\/image\\\/\",\"url\":\"https:\\\/\\\/gradido.net\\\/wp-content\\\/uploads\\\/2022\\\/04\\\/gradido-social.jpg\",\"contentUrl\":\"https:\\\/\\\/gradido.net\\\/wp-content\\\/uploads\\\/2022\\\/04\\\/gradido-social.jpg\",\"width\":527,\"height\":273,\"caption\":\"Gradido\"},\"image\":{\"@id\":\"https:\\\/\\\/gradido.net\\\/de\\\/#\\\/schema\\\/logo\\\/image\\\/\"}},{\"@type\":\"Person\",\"@id\":\"https:\\\/\\\/gradido.net\\\/de\\\/#\\\/schema\\\/person\\\/9c503a004ad15a1ddecadce2218db5d1\",\"name\":\"Bernd H\u00fcckst\u00e4dt\",\"sameAs\":[\"https:\\\/\\\/gradido.net\"],\"url\":\"https:\\\/\\\/gradido.net\\\/et\\\/author\\\/bernd\\\/\"}]}<\/script>\n<!-- \/ Yoast SEO plugin. -->","yoast_head_json":{"title":"Lemmiklinn 4 - Gradido P\u00e4evad pitsarestoranis: vabatahtlik t\u00f6\u00f6 kohtub gastronoomiaga - Gradido","description":"Alates Gradido Days'i k\u00e4ivitamisest on Pizzeria Napoli \u00f5itseng olnud nii suur kui kunagi varem. See on iga p\u00e4ev t\u00e4is ja meelitab \u00fcha rohkem k\u00fclalisi kaugemaltki, et kogeda \"Lemmiklinna imet\".","robots":{"index":"index","follow":"follow","max-snippet":"max-snippet:-1","max-image-preview":"max-image-preview:large","max-video-preview":"max-video-preview:-1"},"canonical":"https:\/\/gradido.net\/et\/lieblingsstadt-4-gradido-tage-in-der-pizzeria-ehrenamt-trifft-auf-gastronomie\/","og_locale":"et_EE","og_type":"article","og_title":"Lieblingsstadt 4 \u2013 Gradido-Tage in der Pizzeria: Ehrenamt trifft auf Gastronomie - Gradido","og_description":"Seit der Einf\u00fchrung der Gradido-Tage boomt die Pizzeria Napoli wie nie zuvor. Sie ist t\u00e4glich voll besucht und zieht immer mehr G\u00e4ste von weiter her an, die das \u201cWunder von Lieblingsstadt\u201d miterleben m\u00f6chten.","og_url":"https:\/\/gradido.net\/et\/lieblingsstadt-4-gradido-tage-in-der-pizzeria-ehrenamt-trifft-auf-gastronomie\/","og_site_name":"Gradido","article_published_time":"2023-08-20T05:00:11+00:00","article_modified_time":"2026-04-23T05:14:02+00:00","og_image":[{"width":1920,"height":1080,"url":"https:\/\/gradido.net\/wp-content\/uploads\/2023\/08\/Pizzeria_1920.jpg","type":"image\/jpeg"}],"author":"Bernd H\u00fcckst\u00e4dt","twitter_card":"summary_large_image","twitter_misc":{"Written by":"Bernd H\u00fcckst\u00e4dt","Est. reading time":"6 minutit"},"schema":{"@context":"https:\/\/schema.org","@graph":[{"@type":"Article","@id":"https:\/\/gradido.net\/lieblingsstadt-4-gradido-tage-in-der-pizzeria-ehrenamt-trifft-auf-gastronomie\/#article","isPartOf":{"@id":"https:\/\/gradido.net\/lieblingsstadt-4-gradido-tage-in-der-pizzeria-ehrenamt-trifft-auf-gastronomie\/"},"author":{"name":"Bernd H\u00fcckst\u00e4dt","@id":"https:\/\/gradido.net\/de\/#\/schema\/person\/9c503a004ad15a1ddecadce2218db5d1"},"headline":"Lieblingsstadt 4 \u2013 Gradido-Tage in der Pizzeria: Ehrenamt trifft auf Gastronomie","datePublished":"2023-08-20T05:00:11+00:00","dateModified":"2026-04-23T05:14:02+00:00","mainEntityOfPage":{"@id":"https:\/\/gradido.net\/lieblingsstadt-4-gradido-tage-in-der-pizzeria-ehrenamt-trifft-auf-gastronomie\/"},"wordCount":795,"publisher":{"@id":"https:\/\/gradido.net\/de\/#organization"},"image":{"@id":"https:\/\/gradido.net\/lieblingsstadt-4-gradido-tage-in-der-pizzeria-ehrenamt-trifft-auf-gastronomie\/#primaryimage"},"thumbnailUrl":"https:\/\/gradido.net\/wp-content\/uploads\/2023\/08\/Pizzeria_1920.jpg","articleSection":["Blog","Lieblingsstadt"],"inLanguage":"et"},{"@type":"WebPage","@id":"https:\/\/gradido.net\/lieblingsstadt-4-gradido-tage-in-der-pizzeria-ehrenamt-trifft-auf-gastronomie\/","url":"https:\/\/gradido.net\/lieblingsstadt-4-gradido-tage-in-der-pizzeria-ehrenamt-trifft-auf-gastronomie\/","name":"Lemmiklinn 4 - Gradido P\u00e4evad pitsarestoranis: vabatahtlik t\u00f6\u00f6 kohtub gastronoomiaga - Gradido","isPartOf":{"@id":"https:\/\/gradido.net\/de\/#website"},"primaryImageOfPage":{"@id":"https:\/\/gradido.net\/lieblingsstadt-4-gradido-tage-in-der-pizzeria-ehrenamt-trifft-auf-gastronomie\/#primaryimage"},"image":{"@id":"https:\/\/gradido.net\/lieblingsstadt-4-gradido-tage-in-der-pizzeria-ehrenamt-trifft-auf-gastronomie\/#primaryimage"},"thumbnailUrl":"https:\/\/gradido.net\/wp-content\/uploads\/2023\/08\/Pizzeria_1920.jpg","datePublished":"2023-08-20T05:00:11+00:00","dateModified":"2026-04-23T05:14:02+00:00","description":"Alates Gradido Days'i k\u00e4ivitamisest on Pizzeria Napoli \u00f5itseng olnud nii suur kui kunagi varem. See on iga p\u00e4ev t\u00e4is ja meelitab \u00fcha rohkem k\u00fclalisi kaugemaltki, et kogeda \"Lemmiklinna imet\".","breadcrumb":{"@id":"https:\/\/gradido.net\/lieblingsstadt-4-gradido-tage-in-der-pizzeria-ehrenamt-trifft-auf-gastronomie\/#breadcrumb"},"inLanguage":"et","potentialAction":[{"@type":"ReadAction","target":["https:\/\/gradido.net\/lieblingsstadt-4-gradido-tage-in-der-pizzeria-ehrenamt-trifft-auf-gastronomie\/"]}]},{"@type":"ImageObject","inLanguage":"et","@id":"https:\/\/gradido.net\/lieblingsstadt-4-gradido-tage-in-der-pizzeria-ehrenamt-trifft-auf-gastronomie\/#primaryimage","url":"https:\/\/gradido.net\/wp-content\/uploads\/2023\/08\/Pizzeria_1920.jpg","contentUrl":"https:\/\/gradido.net\/wp-content\/uploads\/2023\/08\/Pizzeria_1920.jpg","width":1920,"height":1080},{"@type":"BreadcrumbList","@id":"https:\/\/gradido.net\/lieblingsstadt-4-gradido-tage-in-der-pizzeria-ehrenamt-trifft-auf-gastronomie\/#breadcrumb","itemListElement":[{"@type":"ListItem","position":1,"name":"Startseite","item":"https:\/\/gradido.net\/"},{"@type":"ListItem","position":2,"name":"Lieblingsstadt 4 \u2013 Gradido-Tage in der Pizzeria: Ehrenamt trifft auf Gastronomie"}]},{"@type":"WebSite","@id":"https:\/\/gradido.net\/de\/#website","url":"https:\/\/gradido.net\/de\/","name":"Gradido","description":"Uus valuuta on t\u00e4nulikkus","publisher":{"@id":"https:\/\/gradido.net\/de\/#organization"},"potentialAction":[{"@type":"SearchAction","target":{"@type":"EntryPoint","urlTemplate":"https:\/\/gradido.net\/de\/?s={search_term_string}"},"query-input":{"@type":"PropertyValueSpecification","valueRequired":true,"valueName":"search_term_string"}}],"inLanguage":"et"},{"@type":"Organization","@id":"https:\/\/gradido.net\/de\/#organization","name":"Gradido","url":"https:\/\/gradido.net\/de\/","logo":{"@type":"ImageObject","inLanguage":"et","@id":"https:\/\/gradido.net\/de\/#\/schema\/logo\/image\/","url":"https:\/\/gradido.net\/wp-content\/uploads\/2022\/04\/gradido-social.jpg","contentUrl":"https:\/\/gradido.net\/wp-content\/uploads\/2022\/04\/gradido-social.jpg","width":527,"height":273,"caption":"Gradido"},"image":{"@id":"https:\/\/gradido.net\/de\/#\/schema\/logo\/image\/"}},{"@type":"Person","@id":"https:\/\/gradido.net\/de\/#\/schema\/person\/9c503a004ad15a1ddecadce2218db5d1","name":"Bernd H\u00fcckst\u00e4dt","sameAs":["https:\/\/gradido.net"],"url":"https:\/\/gradido.net\/et\/author\/bernd\/"}]}},"_links":{"self":[{"href":"https:\/\/gradido.net\/et\/wp-json\/wp\/v2\/posts\/7227","targetHints":{"allow":["GET"]}}],"collection":[{"href":"https:\/\/gradido.net\/et\/wp-json\/wp\/v2\/posts"}],"about":[{"href":"https:\/\/gradido.net\/et\/wp-json\/wp\/v2\/types\/post"}],"author":[{"embeddable":true,"href":"https:\/\/gradido.net\/et\/wp-json\/wp\/v2\/users\/2"}],"replies":[{"embeddable":true,"href":"https:\/\/gradido.net\/et\/wp-json\/wp\/v2\/comments?post=7227"}],"version-history":[{"count":53,"href":"https:\/\/gradido.net\/et\/wp-json\/wp\/v2\/posts\/7227\/revisions"}],"predecessor-version":[{"id":13546,"href":"https:\/\/gradido.net\/et\/wp-json\/wp\/v2\/posts\/7227\/revisions\/13546"}],"wp:featuredmedia":[{"embeddable":true,"href":"https:\/\/gradido.net\/et\/wp-json\/wp\/v2\/media\/7228"}],"wp:attachment":[{"href":"https:\/\/gradido.net\/et\/wp-json\/wp\/v2\/media?parent=7227"}],"wp:term":[{"taxonomy":"category","embeddable":true,"href":"https:\/\/gradido.net\/et\/wp-json\/wp\/v2\/categories?post=7227"},{"taxonomy":"post_tag","embeddable":true,"href":"https:\/\/gradido.net\/et\/wp-json\/wp\/v2\/tags?post=7227"}],"curies":[{"name":"wp","href":"https:\/\/api.w.org\/{rel}","templated":true}]}}