{"id":7329,"date":"2023-08-24T12:24:50","date_gmt":"2023-08-24T10:24:50","guid":{"rendered":"https:\/\/gradido.net\/?p=7329"},"modified":"2026-04-23T07:12:33","modified_gmt":"2026-04-23T05:12:33","slug":"lieblingsstadt-6-wie-lieblingsstadts-buerger-ihre-geliebte-schuhmanufaktur-retten","status":"publish","type":"post","link":"https:\/\/gradido.net\/et\/lieblingsstadt-6-wie-lieblingsstadts-buerger-ihre-geliebte-schuhmanufaktur-retten\/","title":{"rendered":"Lemmiklinn 6 - Kuidas Lemmiklinna elanikud p\u00e4\u00e4stavad oma armastatud kingavabriku"},"content":{"rendered":"<div data-elementor-type=\"wp-post\" data-elementor-id=\"7329\" class=\"elementor elementor-7329\" data-elementor-post-type=\"post\">\n\t\t\t\t\t\t<section class=\"elementor-section elementor-top-section elementor-element elementor-element-496e1d53 elementor-section-boxed elementor-section-height-default elementor-section-height-default\" data-id=\"496e1d53\" data-element_type=\"section\" data-e-type=\"section\">\n\t\t\t\t\t\t<div class=\"elementor-container elementor-column-gap-default\">\n\t\t\t\t\t<div class=\"elementor-column elementor-col-100 elementor-top-column elementor-element elementor-element-461d7be0\" data-id=\"461d7be0\" data-element_type=\"column\" data-e-type=\"column\">\n\t\t\t<div class=\"elementor-widget-wrap elementor-element-populated\">\n\t\t\t\t\t\t<div class=\"elementor-element elementor-element-cd9ebe2 elementor-widget elementor-widget-text-editor\" data-id=\"cd9ebe2\" data-element_type=\"widget\" data-e-type=\"widget\" data-widget_type=\"text-editor.default\">\n\t\t\t\t<div class=\"elementor-widget-container\">\n\t\t\t\t\t\t\t\t\t<p style=\"text-align: right;\"><em>\"Kui poliitika ja \u00e4ri lasevad meid alt vedada, siis v\u00f5tame oma saatuse enda k\u00e4tte ja n\u00e4itame, mida saab teha koost\u00f6\u00f6 koos suurep\u00e4rase k\u00e4sit\u00f6\u00f6ga.\"<\/em><\/p><p>Lugupeetud lugeja,<\/p><p>Lieblingsstadti maalilises linnas, mis on tuntud oma kvaliteetse jalatsitootmise poolest, oli ettev\u00f5te \"Lieblingsst\u00e4dter Schuhe\" saavutanud rahvusvahelise maine. Kuid nagu paljude teiste ettev\u00f5tete puhul, oli rahvusvaheline konkurents liiga tugev ja \"Lieblingsst\u00e4dter\" ei suutnud sellega sammu pidada. Ettev\u00f5tte pankroti t\u00f5ttu kaotasid paljud Lieblingsstadti elanikud oma t\u00f6\u00f6kohad.<\/p>\t\t\t\t\t\t\t\t<\/div>\n\t\t\t\t<\/div>\n\t\t\t\t<div class=\"elementor-element elementor-element-b482206 elementor-widget elementor-widget-image\" data-id=\"b482206\" data-element_type=\"widget\" data-e-type=\"widget\" data-widget_type=\"image.default\">\n\t\t\t\t<div class=\"elementor-widget-container\">\n\t\t\t\t\t\t\t\t\t\t\t\t\t\t\t<img fetchpriority=\"high\" decoding=\"async\" width=\"500\" height=\"312\" src=\"https:\/\/gradido.net\/wp-content\/uploads\/2023\/08\/Geschlossen_500.jpg\" class=\"attachment-full size-full wp-image-7333\" alt=\"\" srcset=\"https:\/\/gradido.net\/wp-content\/uploads\/2023\/08\/Geschlossen_500.jpg 500w, https:\/\/gradido.net\/wp-content\/uploads\/2023\/08\/Geschlossen_500-300x187.jpg 300w, https:\/\/gradido.net\/wp-content\/uploads\/2023\/08\/Geschlossen_500-18x12.jpg 18w\" sizes=\"(max-width: 500px) 100vw, 500px\" \/>\t\t\t\t\t\t\t\t\t\t\t\t\t\t\t<\/div>\n\t\t\t\t<\/div>\n\t\t\t\t<div class=\"elementor-element elementor-element-c5e61d4 elementor-widget elementor-widget-text-editor\" data-id=\"c5e61d4\" data-element_type=\"widget\" data-e-type=\"widget\" data-widget_type=\"text-editor.default\">\n\t\t\t\t<div class=\"elementor-widget-container\">\n\t\t\t\t\t\t\t\t\t<p>See kaotus oli linna jaoks raske l\u00f6\u00f6k. Ettev\u00f5tlusmaksu tulud v\u00e4henesid tohutult. Sellel oli kaugeleulatuv m\u00f5ju avalikule elule ja infrastruktuurile. See oli lemmiklinna jaoks s\u00fcnge aeg.<\/p><p>Kuid keset finantstormi tekkis lootuskiirgus. Grupp endisi Lieblingsst\u00e4dteri t\u00f6\u00f6tajaid tuli kokku - otsustanud saatust trotsida. Nad otsustasid j\u00e4tkata vabatahtlikult seda, mida nad k\u00f5ige paremini oskavad: kvaliteetsete jalatsite valmistamist.<\/p><p>Ajastus ei oleks v\u00f5inud olla parem, sest vahetult enne pankrotti oli linnapea Michael Miteinand kehtestanud Lieblingsstadtis Gradido tasustamiss\u00fcsteemi. See mudel tasustab vabatahtlikku t\u00f6\u00f6d Gradido t\u00e4nupunktidega, mille eest p\u00fchendunud t\u00f6\u00f6tajad saavad soodustusi ja soodustusi. Need punktid v\u00f5imaldavad vabatahtlikel v\u00e4hendada oma elamiskulusid, tehes samal ajal seda, mida nad armastavad.<\/p><p><strong>Seega muutus t\u00f5sine tagasil\u00f6\u00f6k Favourite City ja selle elanike jaoks uueks v\u00f5imaluseks.<\/strong><\/p><p>Selleks, et panna vabatahtliku kingatehase muljetavaldav projekt \u00f5iguslikult kindlale alusele, kutsus linnapea Miteinand kokku ekspertide meeskonna. Kohale kutsuti juristid, maksukonsultandid, projektijuhid, turunduseksperdid, ajakirjanikud ja pankade esindajad. Ka pankrotihaldur osales. Koosolekukohaks valiti Pizzeria Napoli, koht, kus idee s\u00fcndis.<\/p>\t\t\t\t\t\t\t\t<\/div>\n\t\t\t\t<\/div>\n\t\t\t\t<div class=\"elementor-element elementor-element-f223bb6 elementor-widget elementor-widget-image\" data-id=\"f223bb6\" data-element_type=\"widget\" data-e-type=\"widget\" data-widget_type=\"image.default\">\n\t\t\t\t<div class=\"elementor-widget-container\">\n\t\t\t\t\t\t\t\t\t\t\t\t\t\t\t<img decoding=\"async\" width=\"500\" height=\"333\" src=\"https:\/\/gradido.net\/wp-content\/uploads\/2023\/08\/Expertenteam_500.jpg\" class=\"attachment-full size-full wp-image-7334\" alt=\"\" srcset=\"https:\/\/gradido.net\/wp-content\/uploads\/2023\/08\/Expertenteam_500.jpg 500w, https:\/\/gradido.net\/wp-content\/uploads\/2023\/08\/Expertenteam_500-300x200.jpg 300w, https:\/\/gradido.net\/wp-content\/uploads\/2023\/08\/Expertenteam_500-18x12.jpg 18w\" sizes=\"(max-width: 500px) 100vw, 500px\" \/>\t\t\t\t\t\t\t\t\t\t\t\t\t\t\t<\/div>\n\t\t\t\t<\/div>\n\t\t\t\t<div class=\"elementor-element elementor-element-0499f3c elementor-widget elementor-widget-text-editor\" data-id=\"0499f3c\" data-element_type=\"widget\" data-e-type=\"widget\" data-widget_type=\"text-editor.default\">\n\t\t\t\t<div class=\"elementor-widget-container\">\n\t\t\t\t\t\t\t\t\t<p>Intensiivsete arutelude k\u00e4igus lepiti kokku kaubam\u00e4rgis \"Lieblingsst\u00e4dter Ehrenamt\". Samuti arutati sobivat \u00f5iguslikku vormi. V\u00e4lja valiti \u00fching, \u00fchistu v\u00f5i nende kombinatsioon.<\/p><p>Eksperdir\u00fchm leppis pankrotihalduriga kokku, et osa masinatest ja ruumidest omandatakse pankrotivarast m\u00f5istliku hinnaga. Kogu kasum pidi edendama vabatahtlikku t\u00f6\u00f6d ja teenima k\u00f5igi lemmiklinna elanike heaolu.<\/p><h3>Ja siis juhtus m\u00f5eldamatu:\u00a0<\/h3><p>Projekt ei olnud mitte ainult edukas - see oli suur edu! Br\u00e4ndi \"Lieblingsst\u00e4dter Ehrenamt\" tunti ja armastati kaugel ja laialt. Kingad ise muutusid kultusobjektiks kogu saksakeelses maailmas. Nende n\u00e4gemine seostati kohe p\u00fchendunud vabatahtliku t\u00f6\u00f6ga.<\/p>\t\t\t\t\t\t\t\t<\/div>\n\t\t\t\t<\/div>\n\t\t\t\t<div class=\"elementor-element elementor-element-392458a elementor-widget elementor-widget-image\" data-id=\"392458a\" data-element_type=\"widget\" data-e-type=\"widget\" data-widget_type=\"image.default\">\n\t\t\t\t<div class=\"elementor-widget-container\">\n\t\t\t\t\t\t\t\t\t\t\t\t\t\t\t<img decoding=\"async\" width=\"500\" height=\"260\" src=\"https:\/\/gradido.net\/wp-content\/uploads\/2023\/08\/Lampe_Rakete_500.jpg\" class=\"attachment-full size-full wp-image-7335\" alt=\"\" srcset=\"https:\/\/gradido.net\/wp-content\/uploads\/2023\/08\/Lampe_Rakete_500.jpg 500w, https:\/\/gradido.net\/wp-content\/uploads\/2023\/08\/Lampe_Rakete_500-300x156.jpg 300w, https:\/\/gradido.net\/wp-content\/uploads\/2023\/08\/Lampe_Rakete_500-18x9.jpg 18w\" sizes=\"(max-width: 500px) 100vw, 500px\" \/>\t\t\t\t\t\t\t\t\t\t\t\t\t\t\t<\/div>\n\t\t\t\t<\/div>\n\t\t\t\t<div class=\"elementor-element elementor-element-8fcbf61 elementor-widget elementor-widget-text-editor\" data-id=\"8fcbf61\" data-element_type=\"widget\" data-e-type=\"widget\" data-widget_type=\"text-editor.default\">\n\t\t\t\t<div class=\"elementor-widget-container\">\n\t\t\t\t\t\t\t\t\t<p>Suurte v\u00e4ljakutsete ajal on Lemmiklinn koos Gradido preemias\u00fcsteemi ja oma kodanike leiutusv\u00f5imega taas kord t\u00f5estanud, et on suurep\u00e4rane n\u00e4ide sellest, kuidas kogukonnavaim ja uuenduslikkus v\u00f5ivad \u00fcletada isegi k\u00f5ige suuremad takistused.<\/p>\t\t\t\t\t\t\t\t<\/div>\n\t\t\t\t<\/div>\n\t\t\t\t<div class=\"elementor-element elementor-element-e858257 elementor-widget-divider--view-line elementor-widget elementor-widget-divider\" data-id=\"e858257\" data-element_type=\"widget\" data-e-type=\"widget\" data-widget_type=\"divider.default\">\n\t\t\t\t<div class=\"elementor-widget-container\">\n\t\t\t\t\t\t\t<div class=\"elementor-divider\">\n\t\t\t<span class=\"elementor-divider-separator\">\n\t\t\t\t\t\t<\/span>\n\t\t<\/div>\n\t\t\t\t\t\t<\/div>\n\t\t\t\t<\/div>\n\t\t\t\t<div class=\"elementor-element elementor-element-d74dfa0 elementor-widget elementor-widget-text-editor\" data-id=\"d74dfa0\" data-element_type=\"widget\" data-e-type=\"widget\" data-widget_type=\"text-editor.default\">\n\t\t\t\t<div class=\"elementor-widget-container\">\n\t\t\t\t\t\t\t\t\t<div data-pm-slice=\"1 1 []\" data-en-clipboard=\"true\"><p>Meie sarjas <strong>\"Gradido lemmiklinnas\" <\/strong>see muutub n\u00fc\u00fcd ka majanduslikult \u00fcha konkreetsemaks: Selles kuuendas panuses p\u00e4\u00e4stavad lemmiklinnaelanikud oma kingavabriku \"Gradido\" auv\u00e4\u00e4rse h\u00fcvitiss\u00fcsteemi abil. Kahes j\u00e4rgmises episoodis p\u00e4\u00e4stetakse \u00f5lletehas ja haigla. See peaks p\u00f5him\u00f5tte selgeks tegema.<\/p><p><strong>Edastage see sari julgelt oma linnavalitsusele, \u00fchendustele ja kaupmeestele!<\/strong><\/p><p>Iga\u00fcks meist peab tegutsema ja aitama peatada allak\u00e4iguspiraali.\u00a0<\/p><p>Gradido abil on meil olemas t\u00f5hus vahend, et kujundada meie elu positiivselt ja p\u00e4\u00e4sta meie majandust. \u00dcheskoos muudame meie linnad ja alevid elavateks \u00f5itsvateks oaasideks - meie lemmikkohtadeks!<\/p><p>Lugupidamisega<\/p><\/div><p>Teie<\/p><p><img loading=\"lazy\" decoding=\"async\" class=\"alignnone wp-image-4614 size-medium\" src=\"https:\/\/gradido.net\/wp-content\/uploads\/2022\/06\/MargretBernd_2022-300x74.png\" alt=\"\" width=\"300\" height=\"74\" srcset=\"https:\/\/gradido.net\/wp-content\/uploads\/2022\/06\/MargretBernd_2022-300x74.png 300w, https:\/\/gradido.net\/wp-content\/uploads\/2022\/06\/MargretBernd_2022-18x4.png 18w, https:\/\/gradido.net\/wp-content\/uploads\/2022\/06\/MargretBernd_2022.png 431w\" sizes=\"(max-width: 300px) 100vw, 300px\" \/><\/p><p>Margret Baier ja Bernd H\u00fcckst\u00e4dt<br \/>Gradido asutaja ja arendaja<\/p>\t\t\t\t\t\t\t\t<\/div>\n\t\t\t\t<\/div>\n\t\t\t\t\t<\/div>\n\t\t<\/div>\n\t\t\t\t\t<\/div>\n\t\t<\/section>\n\t\t\t\t<section class=\"elementor-section elementor-top-section elementor-element elementor-element-926a35c elementor-section-boxed elementor-section-height-default elementor-section-height-default\" data-id=\"926a35c\" data-element_type=\"section\" data-e-type=\"section\">\n\t\t\t\t\t\t<div class=\"elementor-container elementor-column-gap-default\">\n\t\t\t\t\t<div class=\"elementor-column elementor-col-100 elementor-top-column elementor-element elementor-element-e7d46ab\" data-id=\"e7d46ab\" data-element_type=\"column\" data-e-type=\"column\">\n\t\t\t<div class=\"elementor-widget-wrap elementor-element-populated\">\n\t\t\t\t\t\t<div class=\"elementor-element elementor-element-37c8707 elementor-position-inline-start white-links elementor-widget__width-initial elementor-view-default elementor-mobile-position-block-start elementor-widget elementor-widget-icon-box\" data-id=\"37c8707\" data-element_type=\"widget\" data-e-type=\"widget\" data-no-translation=\"\" data-widget_type=\"icon-box.default\">\n\t\t\t\t<div class=\"elementor-widget-container\">\n\t\t\t\t\t<style>.elementor-element-37c8707{display:none !important}<\/style>\t\t\t\t<\/div>\n\t\t\t\t<\/div>\n\t\t\t\t\t<\/div>\n\t\t<\/div>\n\t\t\t\t\t<\/div>\n\t\t<\/section>\n\t\t\t\t<section class=\"elementor-section elementor-top-section elementor-element elementor-element-14532fe elementor-section-boxed elementor-section-height-default elementor-section-height-default\" data-id=\"14532fe\" data-element_type=\"section\" data-e-type=\"section\">\n\t\t\t\t\t\t<div class=\"elementor-container elementor-column-gap-default\">\n\t\t\t\t\t<div class=\"elementor-column elementor-col-100 elementor-top-column elementor-element elementor-element-65d2298\" data-id=\"65d2298\" data-element_type=\"column\" data-e-type=\"column\">\n\t\t\t<div class=\"elementor-widget-wrap elementor-element-populated\">\n\t\t\t\t\t\t<div class=\"elementor-element elementor-element-83f01fa elementor-widget elementor-widget-global elementor-global-9341 elementor-widget-text-editor\" data-id=\"83f01fa\" data-element_type=\"widget\" data-e-type=\"widget\" data-widget_type=\"text-editor.default\">\n\t\t\t\t<div class=\"elementor-widget-container\">\n\t\t\t\t\t\t\t\t\t<p><strong>PS:\u00a0<span style=\"color: #ff6600;\"><a style=\"color: #ff6600;\" href=\"https:\/\/gradido.net\/et\/donations\/\">Gradido \u00fcha kasvava t\u00e4htsuse t\u00f5ttu kordame oma t\u00e4nukampaaniat 26. juunil 2026. aastal:<\/a>\u00a0<\/span><span style=\"color: #0000ff;\"><a style=\"color: #0000ff;\" href=\"https:\/\/gradido.net\/et\/donations\/\">Lisaks mitmekordsele GradidoTransformile teie sponsorluspanuse eest suurendame 26.06.2016 k\u00f5iki GDT kontosaldosid 26% v\u00f5rra. Sponsoreeri n\u00fc\u00fcd ja naudi mitmekordset GDT summat!<\/a><\/span><\/strong><\/p>\t\t\t\t\t\t\t\t<\/div>\n\t\t\t\t<\/div>\n\t\t\t\t\t<\/div>\n\t\t<\/div>\n\t\t\t\t\t<\/div>\n\t\t<\/section>\n\t\t\t\t<\/div>","protected":false},"excerpt":{"rendered":"<p>Lieblingsst\u00e4dter Schuhmanufaktuuri endised t\u00f6\u00f6tajad saavad kokku - otsustanud saatust trotsida. Nad otsustavad j\u00e4tkata vabatahtlikult seda, mida nad k\u00f5ige paremini oskavad: kvaliteetsete kingade valmistamist.<\/p>","protected":false},"author":2,"featured_media":7332,"comment_status":"closed","ping_status":"closed","sticky":false,"template":"","format":"standard","meta":{"footnotes":""},"categories":[11,53],"tags":[22],"class_list":["post-7329","post","type-post","status-publish","format-standard","has-post-thumbnail","hentry","category-blog","category-lieblingsstadt","tag-bild-oben"],"yoast_head":"<!-- This site is optimized with the Yoast SEO plugin v27.5 - https:\/\/yoast.com\/product\/yoast-seo-wordpress\/ -->\n<title>Lieblingsstadt 6 \u2013 Wie Lieblingsstadts B\u00fcrger ihre geliebte Schuhmanufaktur retten - Gradido<\/title>\n<meta name=\"description\" content=\"Ehemaliger Mitarbeiter der Lieblingsst\u00e4dter Schuhmanufaktur treten zusammen \u2013 entschlossen, dem Schicksal zu trotzen. Sie beschlie\u00dfen, ehrenamtlich weiterzumachen mit dem, was sie am besten k\u00f6nnen: n\u00e4mlich hochwertige Schuhe herzustellen.\" \/>\n<meta name=\"robots\" content=\"index, follow, max-snippet:-1, max-image-preview:large, max-video-preview:-1\" \/>\n<link rel=\"canonical\" href=\"https:\/\/gradido.net\/et\/lieblingsstadt-6-wie-lieblingsstadts-buerger-ihre-geliebte-schuhmanufaktur-retten\/\" \/>\n<meta property=\"og:locale\" content=\"et_EE\" \/>\n<meta property=\"og:type\" content=\"article\" \/>\n<meta property=\"og:title\" content=\"Lieblingsstadt 6 \u2013 Wie Lieblingsstadts B\u00fcrger ihre geliebte Schuhmanufaktur retten - Gradido\" \/>\n<meta property=\"og:description\" content=\"Ehemaliger Mitarbeiter der Lieblingsst\u00e4dter Schuhmanufaktur treten zusammen \u2013 entschlossen, dem Schicksal zu trotzen. Sie beschlie\u00dfen, ehrenamtlich weiterzumachen mit dem, was sie am besten k\u00f6nnen: n\u00e4mlich hochwertige Schuhe herzustellen.\" \/>\n<meta property=\"og:url\" content=\"https:\/\/gradido.net\/et\/lieblingsstadt-6-wie-lieblingsstadts-buerger-ihre-geliebte-schuhmanufaktur-retten\/\" \/>\n<meta property=\"og:site_name\" content=\"Gradido\" \/>\n<meta property=\"article:published_time\" content=\"2023-08-24T10:24:50+00:00\" \/>\n<meta property=\"article:modified_time\" content=\"2026-04-23T05:12:33+00:00\" \/>\n<meta property=\"og:image\" content=\"https:\/\/gradido.net\/wp-content\/uploads\/2023\/08\/Schuharbeiter_1920_2.jpg\" \/>\n\t<meta property=\"og:image:width\" content=\"1920\" \/>\n\t<meta property=\"og:image:height\" content=\"1200\" \/>\n\t<meta property=\"og:image:type\" content=\"image\/jpeg\" \/>\n<meta name=\"author\" content=\"Bernd H\u00fcckst\u00e4dt\" \/>\n<meta name=\"twitter:card\" content=\"summary_large_image\" \/>\n<meta name=\"twitter:label1\" content=\"Written by\" \/>\n\t<meta name=\"twitter:data1\" content=\"Bernd H\u00fcckst\u00e4dt\" \/>\n\t<meta name=\"twitter:label2\" content=\"Est. reading time\" \/>\n\t<meta name=\"twitter:data2\" content=\"5 minutit\" \/>\n<script type=\"application\/ld+json\" class=\"yoast-schema-graph\">{\"@context\":\"https:\\\/\\\/schema.org\",\"@graph\":[{\"@type\":\"Article\",\"@id\":\"https:\\\/\\\/gradido.net\\\/lieblingsstadt-6-wie-lieblingsstadts-buerger-ihre-geliebte-schuhmanufaktur-retten\\\/#article\",\"isPartOf\":{\"@id\":\"https:\\\/\\\/gradido.net\\\/lieblingsstadt-6-wie-lieblingsstadts-buerger-ihre-geliebte-schuhmanufaktur-retten\\\/\"},\"author\":{\"name\":\"Bernd H\u00fcckst\u00e4dt\",\"@id\":\"https:\\\/\\\/gradido.net\\\/de\\\/#\\\/schema\\\/person\\\/9c503a004ad15a1ddecadce2218db5d1\"},\"headline\":\"Lieblingsstadt 6 \u2013 Wie Lieblingsstadts B\u00fcrger ihre geliebte Schuhmanufaktur retten\",\"datePublished\":\"2023-08-24T10:24:50+00:00\",\"dateModified\":\"2026-04-23T05:12:33+00:00\",\"mainEntityOfPage\":{\"@id\":\"https:\\\/\\\/gradido.net\\\/lieblingsstadt-6-wie-lieblingsstadts-buerger-ihre-geliebte-schuhmanufaktur-retten\\\/\"},\"wordCount\":643,\"publisher\":{\"@id\":\"https:\\\/\\\/gradido.net\\\/de\\\/#organization\"},\"image\":{\"@id\":\"https:\\\/\\\/gradido.net\\\/lieblingsstadt-6-wie-lieblingsstadts-buerger-ihre-geliebte-schuhmanufaktur-retten\\\/#primaryimage\"},\"thumbnailUrl\":\"https:\\\/\\\/gradido.net\\\/wp-content\\\/uploads\\\/2023\\\/08\\\/Schuharbeiter_1920_2.jpg\",\"keywords\":[\"Bild oben\"],\"articleSection\":[\"Blog\",\"Lieblingsstadt\"],\"inLanguage\":\"et\"},{\"@type\":\"WebPage\",\"@id\":\"https:\\\/\\\/gradido.net\\\/lieblingsstadt-6-wie-lieblingsstadts-buerger-ihre-geliebte-schuhmanufaktur-retten\\\/\",\"url\":\"https:\\\/\\\/gradido.net\\\/lieblingsstadt-6-wie-lieblingsstadts-buerger-ihre-geliebte-schuhmanufaktur-retten\\\/\",\"name\":\"Lieblingsstadt 6 \u2013 Wie Lieblingsstadts B\u00fcrger ihre geliebte Schuhmanufaktur retten - Gradido\",\"isPartOf\":{\"@id\":\"https:\\\/\\\/gradido.net\\\/de\\\/#website\"},\"primaryImageOfPage\":{\"@id\":\"https:\\\/\\\/gradido.net\\\/lieblingsstadt-6-wie-lieblingsstadts-buerger-ihre-geliebte-schuhmanufaktur-retten\\\/#primaryimage\"},\"image\":{\"@id\":\"https:\\\/\\\/gradido.net\\\/lieblingsstadt-6-wie-lieblingsstadts-buerger-ihre-geliebte-schuhmanufaktur-retten\\\/#primaryimage\"},\"thumbnailUrl\":\"https:\\\/\\\/gradido.net\\\/wp-content\\\/uploads\\\/2023\\\/08\\\/Schuharbeiter_1920_2.jpg\",\"datePublished\":\"2023-08-24T10:24:50+00:00\",\"dateModified\":\"2026-04-23T05:12:33+00:00\",\"description\":\"Ehemaliger Mitarbeiter der Lieblingsst\u00e4dter Schuhmanufaktur treten zusammen \u2013 entschlossen, dem Schicksal zu trotzen. Sie beschlie\u00dfen, ehrenamtlich weiterzumachen mit dem, was sie am besten k\u00f6nnen: n\u00e4mlich hochwertige Schuhe herzustellen.\",\"breadcrumb\":{\"@id\":\"https:\\\/\\\/gradido.net\\\/lieblingsstadt-6-wie-lieblingsstadts-buerger-ihre-geliebte-schuhmanufaktur-retten\\\/#breadcrumb\"},\"inLanguage\":\"et\",\"potentialAction\":[{\"@type\":\"ReadAction\",\"target\":[\"https:\\\/\\\/gradido.net\\\/lieblingsstadt-6-wie-lieblingsstadts-buerger-ihre-geliebte-schuhmanufaktur-retten\\\/\"]}]},{\"@type\":\"ImageObject\",\"inLanguage\":\"et\",\"@id\":\"https:\\\/\\\/gradido.net\\\/lieblingsstadt-6-wie-lieblingsstadts-buerger-ihre-geliebte-schuhmanufaktur-retten\\\/#primaryimage\",\"url\":\"https:\\\/\\\/gradido.net\\\/wp-content\\\/uploads\\\/2023\\\/08\\\/Schuharbeiter_1920_2.jpg\",\"contentUrl\":\"https:\\\/\\\/gradido.net\\\/wp-content\\\/uploads\\\/2023\\\/08\\\/Schuharbeiter_1920_2.jpg\",\"width\":1920,\"height\":1200},{\"@type\":\"BreadcrumbList\",\"@id\":\"https:\\\/\\\/gradido.net\\\/lieblingsstadt-6-wie-lieblingsstadts-buerger-ihre-geliebte-schuhmanufaktur-retten\\\/#breadcrumb\",\"itemListElement\":[{\"@type\":\"ListItem\",\"position\":1,\"name\":\"Startseite\",\"item\":\"https:\\\/\\\/gradido.net\\\/\"},{\"@type\":\"ListItem\",\"position\":2,\"name\":\"Lieblingsstadt 6 \u2013 Wie Lieblingsstadts B\u00fcrger ihre geliebte Schuhmanufaktur retten\"}]},{\"@type\":\"WebSite\",\"@id\":\"https:\\\/\\\/gradido.net\\\/de\\\/#website\",\"url\":\"https:\\\/\\\/gradido.net\\\/de\\\/\",\"name\":\"Gradido\",\"description\":\"Die neue W\u00e4hrung hei\u00dft Dankbarkeit\",\"publisher\":{\"@id\":\"https:\\\/\\\/gradido.net\\\/de\\\/#organization\"},\"potentialAction\":[{\"@type\":\"SearchAction\",\"target\":{\"@type\":\"EntryPoint\",\"urlTemplate\":\"https:\\\/\\\/gradido.net\\\/de\\\/?s={search_term_string}\"},\"query-input\":{\"@type\":\"PropertyValueSpecification\",\"valueRequired\":true,\"valueName\":\"search_term_string\"}}],\"inLanguage\":\"et\"},{\"@type\":\"Organization\",\"@id\":\"https:\\\/\\\/gradido.net\\\/de\\\/#organization\",\"name\":\"Gradido\",\"url\":\"https:\\\/\\\/gradido.net\\\/de\\\/\",\"logo\":{\"@type\":\"ImageObject\",\"inLanguage\":\"et\",\"@id\":\"https:\\\/\\\/gradido.net\\\/de\\\/#\\\/schema\\\/logo\\\/image\\\/\",\"url\":\"https:\\\/\\\/gradido.net\\\/wp-content\\\/uploads\\\/2022\\\/04\\\/gradido-social.jpg\",\"contentUrl\":\"https:\\\/\\\/gradido.net\\\/wp-content\\\/uploads\\\/2022\\\/04\\\/gradido-social.jpg\",\"width\":527,\"height\":273,\"caption\":\"Gradido\"},\"image\":{\"@id\":\"https:\\\/\\\/gradido.net\\\/de\\\/#\\\/schema\\\/logo\\\/image\\\/\"}},{\"@type\":\"Person\",\"@id\":\"https:\\\/\\\/gradido.net\\\/de\\\/#\\\/schema\\\/person\\\/9c503a004ad15a1ddecadce2218db5d1\",\"name\":\"Bernd H\u00fcckst\u00e4dt\",\"sameAs\":[\"https:\\\/\\\/gradido.net\"],\"url\":\"https:\\\/\\\/gradido.net\\\/et\\\/author\\\/bernd\\\/\"}]}<\/script>\n<!-- \/ Yoast SEO plugin. -->","yoast_head_json":{"title":"Lemmiklinn 6 - Kuidas Lemmiklinna elanikud p\u00e4\u00e4stavad oma armastatud kingavabriku - Gradido","description":"Lieblingsst\u00e4dter Schuhmanufaktuuri endised t\u00f6\u00f6tajad saavad kokku - otsustanud saatust trotsida. Nad otsustavad j\u00e4tkata vabatahtlikult seda, mida nad k\u00f5ige paremini oskavad: kvaliteetsete kingade valmistamist.","robots":{"index":"index","follow":"follow","max-snippet":"max-snippet:-1","max-image-preview":"max-image-preview:large","max-video-preview":"max-video-preview:-1"},"canonical":"https:\/\/gradido.net\/et\/lieblingsstadt-6-wie-lieblingsstadts-buerger-ihre-geliebte-schuhmanufaktur-retten\/","og_locale":"et_EE","og_type":"article","og_title":"Lieblingsstadt 6 \u2013 Wie Lieblingsstadts B\u00fcrger ihre geliebte Schuhmanufaktur retten - Gradido","og_description":"Ehemaliger Mitarbeiter der Lieblingsst\u00e4dter Schuhmanufaktur treten zusammen \u2013 entschlossen, dem Schicksal zu trotzen. Sie beschlie\u00dfen, ehrenamtlich weiterzumachen mit dem, was sie am besten k\u00f6nnen: n\u00e4mlich hochwertige Schuhe herzustellen.","og_url":"https:\/\/gradido.net\/et\/lieblingsstadt-6-wie-lieblingsstadts-buerger-ihre-geliebte-schuhmanufaktur-retten\/","og_site_name":"Gradido","article_published_time":"2023-08-24T10:24:50+00:00","article_modified_time":"2026-04-23T05:12:33+00:00","og_image":[{"width":1920,"height":1200,"url":"https:\/\/gradido.net\/wp-content\/uploads\/2023\/08\/Schuharbeiter_1920_2.jpg","type":"image\/jpeg"}],"author":"Bernd H\u00fcckst\u00e4dt","twitter_card":"summary_large_image","twitter_misc":{"Written by":"Bernd H\u00fcckst\u00e4dt","Est. reading time":"5 minutit"},"schema":{"@context":"https:\/\/schema.org","@graph":[{"@type":"Article","@id":"https:\/\/gradido.net\/lieblingsstadt-6-wie-lieblingsstadts-buerger-ihre-geliebte-schuhmanufaktur-retten\/#article","isPartOf":{"@id":"https:\/\/gradido.net\/lieblingsstadt-6-wie-lieblingsstadts-buerger-ihre-geliebte-schuhmanufaktur-retten\/"},"author":{"name":"Bernd H\u00fcckst\u00e4dt","@id":"https:\/\/gradido.net\/de\/#\/schema\/person\/9c503a004ad15a1ddecadce2218db5d1"},"headline":"Lieblingsstadt 6 \u2013 Wie Lieblingsstadts B\u00fcrger ihre geliebte Schuhmanufaktur retten","datePublished":"2023-08-24T10:24:50+00:00","dateModified":"2026-04-23T05:12:33+00:00","mainEntityOfPage":{"@id":"https:\/\/gradido.net\/lieblingsstadt-6-wie-lieblingsstadts-buerger-ihre-geliebte-schuhmanufaktur-retten\/"},"wordCount":643,"publisher":{"@id":"https:\/\/gradido.net\/de\/#organization"},"image":{"@id":"https:\/\/gradido.net\/lieblingsstadt-6-wie-lieblingsstadts-buerger-ihre-geliebte-schuhmanufaktur-retten\/#primaryimage"},"thumbnailUrl":"https:\/\/gradido.net\/wp-content\/uploads\/2023\/08\/Schuharbeiter_1920_2.jpg","keywords":["Bild oben"],"articleSection":["Blog","Lieblingsstadt"],"inLanguage":"et"},{"@type":"WebPage","@id":"https:\/\/gradido.net\/lieblingsstadt-6-wie-lieblingsstadts-buerger-ihre-geliebte-schuhmanufaktur-retten\/","url":"https:\/\/gradido.net\/lieblingsstadt-6-wie-lieblingsstadts-buerger-ihre-geliebte-schuhmanufaktur-retten\/","name":"Lemmiklinn 6 - Kuidas Lemmiklinna elanikud p\u00e4\u00e4stavad oma armastatud kingavabriku - Gradido","isPartOf":{"@id":"https:\/\/gradido.net\/de\/#website"},"primaryImageOfPage":{"@id":"https:\/\/gradido.net\/lieblingsstadt-6-wie-lieblingsstadts-buerger-ihre-geliebte-schuhmanufaktur-retten\/#primaryimage"},"image":{"@id":"https:\/\/gradido.net\/lieblingsstadt-6-wie-lieblingsstadts-buerger-ihre-geliebte-schuhmanufaktur-retten\/#primaryimage"},"thumbnailUrl":"https:\/\/gradido.net\/wp-content\/uploads\/2023\/08\/Schuharbeiter_1920_2.jpg","datePublished":"2023-08-24T10:24:50+00:00","dateModified":"2026-04-23T05:12:33+00:00","description":"Lieblingsst\u00e4dter Schuhmanufaktuuri endised t\u00f6\u00f6tajad saavad kokku - otsustanud saatust trotsida. Nad otsustavad j\u00e4tkata vabatahtlikult seda, mida nad k\u00f5ige paremini oskavad: kvaliteetsete kingade valmistamist.","breadcrumb":{"@id":"https:\/\/gradido.net\/lieblingsstadt-6-wie-lieblingsstadts-buerger-ihre-geliebte-schuhmanufaktur-retten\/#breadcrumb"},"inLanguage":"et","potentialAction":[{"@type":"ReadAction","target":["https:\/\/gradido.net\/lieblingsstadt-6-wie-lieblingsstadts-buerger-ihre-geliebte-schuhmanufaktur-retten\/"]}]},{"@type":"ImageObject","inLanguage":"et","@id":"https:\/\/gradido.net\/lieblingsstadt-6-wie-lieblingsstadts-buerger-ihre-geliebte-schuhmanufaktur-retten\/#primaryimage","url":"https:\/\/gradido.net\/wp-content\/uploads\/2023\/08\/Schuharbeiter_1920_2.jpg","contentUrl":"https:\/\/gradido.net\/wp-content\/uploads\/2023\/08\/Schuharbeiter_1920_2.jpg","width":1920,"height":1200},{"@type":"BreadcrumbList","@id":"https:\/\/gradido.net\/lieblingsstadt-6-wie-lieblingsstadts-buerger-ihre-geliebte-schuhmanufaktur-retten\/#breadcrumb","itemListElement":[{"@type":"ListItem","position":1,"name":"Startseite","item":"https:\/\/gradido.net\/"},{"@type":"ListItem","position":2,"name":"Lieblingsstadt 6 \u2013 Wie Lieblingsstadts B\u00fcrger ihre geliebte Schuhmanufaktur retten"}]},{"@type":"WebSite","@id":"https:\/\/gradido.net\/de\/#website","url":"https:\/\/gradido.net\/de\/","name":"Gradido","description":"Uus valuuta on t\u00e4nulikkus","publisher":{"@id":"https:\/\/gradido.net\/de\/#organization"},"potentialAction":[{"@type":"SearchAction","target":{"@type":"EntryPoint","urlTemplate":"https:\/\/gradido.net\/de\/?s={search_term_string}"},"query-input":{"@type":"PropertyValueSpecification","valueRequired":true,"valueName":"search_term_string"}}],"inLanguage":"et"},{"@type":"Organization","@id":"https:\/\/gradido.net\/de\/#organization","name":"Gradido","url":"https:\/\/gradido.net\/de\/","logo":{"@type":"ImageObject","inLanguage":"et","@id":"https:\/\/gradido.net\/de\/#\/schema\/logo\/image\/","url":"https:\/\/gradido.net\/wp-content\/uploads\/2022\/04\/gradido-social.jpg","contentUrl":"https:\/\/gradido.net\/wp-content\/uploads\/2022\/04\/gradido-social.jpg","width":527,"height":273,"caption":"Gradido"},"image":{"@id":"https:\/\/gradido.net\/de\/#\/schema\/logo\/image\/"}},{"@type":"Person","@id":"https:\/\/gradido.net\/de\/#\/schema\/person\/9c503a004ad15a1ddecadce2218db5d1","name":"Bernd H\u00fcckst\u00e4dt","sameAs":["https:\/\/gradido.net"],"url":"https:\/\/gradido.net\/et\/author\/bernd\/"}]}},"_links":{"self":[{"href":"https:\/\/gradido.net\/et\/wp-json\/wp\/v2\/posts\/7329","targetHints":{"allow":["GET"]}}],"collection":[{"href":"https:\/\/gradido.net\/et\/wp-json\/wp\/v2\/posts"}],"about":[{"href":"https:\/\/gradido.net\/et\/wp-json\/wp\/v2\/types\/post"}],"author":[{"embeddable":true,"href":"https:\/\/gradido.net\/et\/wp-json\/wp\/v2\/users\/2"}],"replies":[{"embeddable":true,"href":"https:\/\/gradido.net\/et\/wp-json\/wp\/v2\/comments?post=7329"}],"version-history":[{"count":35,"href":"https:\/\/gradido.net\/et\/wp-json\/wp\/v2\/posts\/7329\/revisions"}],"predecessor-version":[{"id":13544,"href":"https:\/\/gradido.net\/et\/wp-json\/wp\/v2\/posts\/7329\/revisions\/13544"}],"wp:featuredmedia":[{"embeddable":true,"href":"https:\/\/gradido.net\/et\/wp-json\/wp\/v2\/media\/7332"}],"wp:attachment":[{"href":"https:\/\/gradido.net\/et\/wp-json\/wp\/v2\/media?parent=7329"}],"wp:term":[{"taxonomy":"category","embeddable":true,"href":"https:\/\/gradido.net\/et\/wp-json\/wp\/v2\/categories?post=7329"},{"taxonomy":"post_tag","embeddable":true,"href":"https:\/\/gradido.net\/et\/wp-json\/wp\/v2\/tags?post=7329"}],"curies":[{"name":"wp","href":"https:\/\/api.w.org\/{rel}","templated":true}]}}