{"id":7720,"date":"2023-09-27T15:32:45","date_gmt":"2023-09-27T13:32:45","guid":{"rendered":"https:\/\/gradido.net\/?p=7720"},"modified":"2026-04-23T07:11:58","modified_gmt":"2026-04-23T05:11:58","slug":"lieblingsstadt-14-trotz-lehrermangel-schueler-werden-zu-genies","status":"publish","type":"post","link":"https:\/\/gradido.net\/et\/lieblingsstadt-14-trotz-lehrermangel-schueler-werden-zu-genies\/","title":{"rendered":"Lemmiklinn 14 - Vaatamata \u00f5petajate puudusele: \u00f5pilastest saavad geeniused"},"content":{"rendered":"<div data-elementor-type=\"wp-post\" data-elementor-id=\"7720\" class=\"elementor elementor-7720\" data-elementor-post-type=\"post\">\n\t\t\t\t\t\t<section class=\"elementor-section elementor-top-section elementor-element elementor-element-496e1d53 elementor-section-boxed elementor-section-height-default elementor-section-height-default\" data-id=\"496e1d53\" data-element_type=\"section\" data-e-type=\"section\">\n\t\t\t\t\t\t<div class=\"elementor-container elementor-column-gap-default\">\n\t\t\t\t\t<div class=\"elementor-column elementor-col-100 elementor-top-column elementor-element elementor-element-461d7be0\" data-id=\"461d7be0\" data-element_type=\"column\" data-e-type=\"column\">\n\t\t\t<div class=\"elementor-widget-wrap elementor-element-populated\">\n\t\t\t\t\t\t<div class=\"elementor-element elementor-element-cd9ebe2 elementor-widget elementor-widget-text-editor\" data-id=\"cd9ebe2\" data-element_type=\"widget\" data-e-type=\"widget\" data-widget_type=\"text-editor.default\">\n\t\t\t\t<div class=\"elementor-widget-container\">\n\t\t\t\t\t\t\t\t\t<p style=\"text-align: right;\"><em>\"Kui me rakendame seda \u00f5ppes\u00fcsteemi oma koolides, siis j\u00e4\u00e4b Lemmiklinn ajalukku. Sest mida meie suudame teha, seda suudavad k\u00f5ik inimesed. Kasvab \u00fcles uus geeniuste p\u00f5lvkond, kes on v\u00f5imeline \u00fcheskoos lahendama selle maailma suuri probleeme!\"<\/em><\/p><p>Lugupeetud lugeja,<\/p><p>Saksamaal on \u00f5petajate puudus. PISA uuringu kohaselt ei oska veerand \u00f5pilastest korralikult lugeda, kirjutada ja arvutada. See on m\u00e4rgatav ka Lieblingsstadtis. Linna p\u00fchendunud linnapea Michael Miteinandi jaoks on see talumatu olukord.<\/p><p>Koos \u00fcldkooli direktori Sibylle Lernfrohiga kutsub ta oma ekspertide meeskonna kokku kriisikohtumisele. Kutsutud on ka ettev\u00f5tjad, p\u00fchendunud lapsevanemad ja lemmiklinna haridusseltsi esindajad. Michael tahab Lieblingsstadtist teha suurep\u00e4rase hariduse lipulaeva.<\/p><p>Kerstin Frank, kolme lapse ema ja haridusseltsi esimees, v\u00f5tab s\u00f5na. Ta \u00fctleb, et \u00fching soovib asutada tasuta kooli. Seal tahetakse lapsi ajas\u00f5bralikult ja nauditavalt eluks ette valmistada. Kooli asutamise b\u00fcrokraatlikud takistused on aga v\u00e4ga k\u00f5rged.<\/p><p>\"Mida tuleks teha teisiti kui meie koolides?\" tahab Michael teada.<\/p><h2>Maailma parimad \u00f5ppemeetodid \u00fchendatud \u00fchte s\u00fcsteemi<\/h2><p>Kerstin r\u00e4\u00e4gib veel \u00fchest haridusseltsist, mille asutaja on kogunud kokku maailma parimad \u00f5ppemeetodid ja \u00f5petab neid \u00f5pilastele suure eduga.\u00a0<\/p><p>T\u00f5estatud memotehnikad nimede, ajaloo ja v\u00f5\u00f5rkeelte, matemaatika, juurte p\u00e4he t\u00f5mbamise, numbrim\u00e4lu valdamise ja palju muud - kombineeritud \u00f5ppes\u00fcsteemiks, millega \u00f5pilased ja t\u00e4iskasvanud saavad omandada peaaegu k\u00f5ik teadmised v\u00f5imalikult l\u00fchikese ajaga.\u00a0<\/p><p>Sadu ettekandeid tuhandetele \u00f5pilastele, \u00f5petajatele ja lapsevanematele on ikka ja j\u00e4lle n\u00e4idanud, et iga laps saab tavalist koolimaterjali \u00f5ppida m\u00e4nguliselt ja l\u00f5busalt \u00fche tunniga p\u00e4evas.<\/p><p><strong>\u00dching pakub juba praegu sadu tasuta \u00f5ppevideosid k\u00f5ikv\u00f5imalike teemade kohta. Videod on ennast t\u00f5estanud lukuaegadel. Neid t\u00e4iendatakse pidevalt, nii et n\u00fc\u00fcd on videod k\u00e4ttesaadavad praktiliselt k\u00f5igi kooliainete kohta.<\/strong><\/p><p>\u00dching saab pidevalt t\u00e4nukirju \u00f5pilastelt, kes kirjutavad j\u00e4rgmises m\u00f5ttes: <strong>\"Ma arvasin varem, et olen idioot. N\u00fc\u00fcd tean, et olen geenius!\"<\/strong><\/p><p>Saksakeelsetes riikides on tekkinud arvukalt algatusi, mis soovivad luua tasuta koole selle s\u00fcsteemi j\u00e4rgi. Peamised raskused seisnevad aga juriidilistes n\u00f5uetes. Kui kooliprojektid eba\u00f5nnestuvad, siis mitte koolide probleemide, vaid juriidiliste probleemide t\u00f5ttu.<\/p><p>\"Ja need meetodid toimivad t\u00f5esti nii h\u00e4sti?\" k\u00fcsib Sibylle.<\/p><h2>Tuhat korda proovitud ja testitud - see t\u00f6\u00f6tab k\u00f5igi jaoks.<\/h2><p>\"Jah, kindlasti k\u00f5igi \u00f5pilastega. See kontseptsioon on tuhandeid kordi proovitud ja katsetatud. M\u00f5ni \u00f5pilane v\u00f5ib vajada pool tundi kauem, aga see ei tohiks olla probleem,\" selgitab Kerstin.<\/p><p>\"Mis oleks, kui me kasutaksime seda \u00f5ppes\u00fcsteemi oma koolides?\" tahab Mihkel teada, \"siis ei oleks vaja oma kooli alustada ja k\u00f5igist lemmiklinna \u00f5pilastest saaksid geeniused?\"<\/p>\t\t\t\t\t\t\t\t<\/div>\n\t\t\t\t<\/div>\n\t\t\t\t<div class=\"elementor-element elementor-element-b482206 elementor-widget elementor-widget-image\" data-id=\"b482206\" data-element_type=\"widget\" data-e-type=\"widget\" data-widget_type=\"image.default\">\n\t\t\t\t<div class=\"elementor-widget-container\">\n\t\t\t\t\t\t\t\t\t\t\t\t\t\t\t<img fetchpriority=\"high\" decoding=\"async\" width=\"500\" height=\"312\" src=\"https:\/\/gradido.net\/wp-content\/uploads\/2023\/09\/Erde_500.jpg\" class=\"attachment-full size-full wp-image-7729\" alt=\"\" srcset=\"https:\/\/gradido.net\/wp-content\/uploads\/2023\/09\/Erde_500.jpg 500w, https:\/\/gradido.net\/wp-content\/uploads\/2023\/09\/Erde_500-300x187.jpg 300w, https:\/\/gradido.net\/wp-content\/uploads\/2023\/09\/Erde_500-18x12.jpg 18w\" sizes=\"(max-width: 500px) 100vw, 500px\" \/>\t\t\t\t\t\t\t\t\t\t\t\t\t\t\t<\/div>\n\t\t\t\t<\/div>\n\t\t\t\t<div class=\"elementor-element elementor-element-c5e61d4 elementor-widget elementor-widget-text-editor\" data-id=\"c5e61d4\" data-element_type=\"widget\" data-e-type=\"widget\" data-widget_type=\"text-editor.default\">\n\t\t\t\t<div class=\"elementor-widget-container\">\n\t\t\t\t\t\t\t\t\t<p>Kerstin arvab: <br \/><strong>\"Kui me rakendame seda \u00f5ppes\u00fcsteemi oma koolides, siis j\u00e4\u00e4b Lemmiklinn ajalukku. Sest mida meie suudame teha, seda suudavad k\u00f5ik inimesed. Kasvab \u00fcles uus geeniuste p\u00f5lvkond, kes on v\u00f5imeline \u00fcheskoos lahendama selle maailma suuri probleeme!\"<\/strong><\/p><p>J\u00e4rsku l\u00e4heb vaikseks - oleks v\u00f5inud kuulda, kuidas n\u00f6\u00f6pn\u00f5el kukub.<\/p><p>M\u00f5ne aja p\u00e4rast katkestab linnakassapidaja Siegbert vaikuse:<br \/>\"Kui see t\u00f5esti toimib ja \u00f5pilased peavad ainult \u00fche tunni p\u00e4evas \u00f5ppima, siis mida nad \u00fclej\u00e4\u00e4nud p\u00e4eva teevad? Meil on ju j\u00e4relevalvekohustus.\"<\/p><p>\"Kuna \u00f5pilased on oma kohustusliku programmi juba \u00fches tunnis l\u00e4binud, otsustavad nad ise, mida nad tahavad lisaks \u00f5ppida eluks,\" vastab Kerstin. \"See v\u00f5ib iga\u00fche puhul olla v\u00e4ga erinev.<\/p>\t\t\t\t\t\t\t\t<\/div>\n\t\t\t\t<\/div>\n\t\t\t\t<div class=\"elementor-element elementor-element-0370142 elementor-widget elementor-widget-image\" data-id=\"0370142\" data-element_type=\"widget\" data-e-type=\"widget\" data-widget_type=\"image.default\">\n\t\t\t\t<div class=\"elementor-widget-container\">\n\t\t\t\t\t\t\t\t\t\t\t\t\t\t\t<img decoding=\"async\" width=\"500\" height=\"312\" src=\"https:\/\/gradido.net\/wp-content\/uploads\/2023\/09\/Schulgarten_500.jpg\" class=\"attachment-full size-full wp-image-7733\" alt=\"\" srcset=\"https:\/\/gradido.net\/wp-content\/uploads\/2023\/09\/Schulgarten_500.jpg 500w, https:\/\/gradido.net\/wp-content\/uploads\/2023\/09\/Schulgarten_500-300x187.jpg 300w, https:\/\/gradido.net\/wp-content\/uploads\/2023\/09\/Schulgarten_500-18x12.jpg 18w\" sizes=\"(max-width: 500px) 100vw, 500px\" \/>\t\t\t\t\t\t\t\t\t\t\t\t\t\t\t<\/div>\n\t\t\t\t<\/div>\n\t\t\t\t<div class=\"elementor-element elementor-element-72613e6 elementor-widget elementor-widget-text-editor\" data-id=\"72613e6\" data-element_type=\"widget\" data-e-type=\"widget\" data-widget_type=\"text-editor.default\">\n\t\t\t\t<div class=\"elementor-widget-container\">\n\t\t\t\t\t\t\t\t\t<p>M\u00f5ned \u00f5pilased \u00f5pivad, kuidas kasvatada toitu, et end ja teisi tervislikult toita solidaarsusfarmil...<\/p><p>...teised lihtsalt nuusutavad pagari\u00e4ris v\u00f5i autoremondit\u00f6\u00f6kojas...<\/p>\t\t\t\t\t\t\t\t<\/div>\n\t\t\t\t<\/div>\n\t\t\t\t<div class=\"elementor-element elementor-element-1abcc0e elementor-widget elementor-widget-image\" data-id=\"1abcc0e\" data-element_type=\"widget\" data-e-type=\"widget\" data-widget_type=\"image.default\">\n\t\t\t\t<div class=\"elementor-widget-container\">\n\t\t\t\t\t\t\t\t\t\t\t\t\t\t\t<img decoding=\"async\" width=\"500\" height=\"312\" src=\"https:\/\/gradido.net\/wp-content\/uploads\/2023\/09\/Ma\u0308dchen_Werkstatt_500.jpg\" class=\"attachment-full size-full wp-image-7734\" alt=\"\" srcset=\"https:\/\/gradido.net\/wp-content\/uploads\/2023\/09\/Ma\u0308dchen_Werkstatt_500.jpg 500w, https:\/\/gradido.net\/wp-content\/uploads\/2023\/09\/Ma\u0308dchen_Werkstatt_500-300x187.jpg 300w, https:\/\/gradido.net\/wp-content\/uploads\/2023\/09\/Ma\u0308dchen_Werkstatt_500-18x12.jpg 18w\" sizes=\"(max-width: 500px) 100vw, 500px\" \/>\t\t\t\t\t\t\t\t\t\t\t\t\t\t\t<\/div>\n\t\t\t\t<\/div>\n\t\t\t\t<div class=\"elementor-element elementor-element-1e0b13e elementor-widget elementor-widget-text-editor\" data-id=\"1e0b13e\" data-element_type=\"widget\" data-e-type=\"widget\" data-widget_type=\"text-editor.default\">\n\t\t\t\t<div class=\"elementor-widget-container\">\n\t\t\t\t\t\t\t\t\t<p>S\u00f5ltuvalt nende vanusest ja huvist kutsutakse neid meie ettev\u00f5tetes praktikale, et \u00f5ppida tundma erinevaid elukutseid.\"<\/p>\t\t\t\t\t\t\t\t<\/div>\n\t\t\t\t<\/div>\n\t\t\t\t<div class=\"elementor-element elementor-element-c660b78 elementor-widget elementor-widget-image\" data-id=\"c660b78\" data-element_type=\"widget\" data-e-type=\"widget\" data-widget_type=\"image.default\">\n\t\t\t\t<div class=\"elementor-widget-container\">\n\t\t\t\t\t\t\t\t\t\t\t\t\t\t\t<img loading=\"lazy\" decoding=\"async\" width=\"500\" height=\"312\" src=\"https:\/\/gradido.net\/wp-content\/uploads\/2023\/09\/Ma\u0308dchen_Maurer_500.jpg\" class=\"attachment-full size-full wp-image-7741\" alt=\"\" srcset=\"https:\/\/gradido.net\/wp-content\/uploads\/2023\/09\/Ma\u0308dchen_Maurer_500.jpg 500w, https:\/\/gradido.net\/wp-content\/uploads\/2023\/09\/Ma\u0308dchen_Maurer_500-300x187.jpg 300w, https:\/\/gradido.net\/wp-content\/uploads\/2023\/09\/Ma\u0308dchen_Maurer_500-18x12.jpg 18w\" sizes=\"(max-width: 500px) 100vw, 500px\" \/>\t\t\t\t\t\t\t\t\t\t\t\t\t\t\t<\/div>\n\t\t\t\t<\/div>\n\t\t\t\t<div class=\"elementor-element elementor-element-5b36741 elementor-widget elementor-widget-text-editor\" data-id=\"5b36741\" data-element_type=\"widget\" data-e-type=\"widget\" data-widget_type=\"text-editor.default\">\n\t\t\t\t<div class=\"elementor-widget-container\">\n\t\t\t\t\t\t\t\t\t<p>\"Kui tahad, v\u00f5id meil \u00f5ppida \u00fchte v\u00f5i mitut ametit,\" \u00fctleb ehitusettev\u00f5tja Robert.<\/p>\t\t\t\t\t\t\t\t<\/div>\n\t\t\t\t<\/div>\n\t\t\t\t<div class=\"elementor-element elementor-element-dcfb713 elementor-widget elementor-widget-image\" data-id=\"dcfb713\" data-element_type=\"widget\" data-e-type=\"widget\" data-widget_type=\"image.default\">\n\t\t\t\t<div class=\"elementor-widget-container\">\n\t\t\t\t\t\t\t\t\t\t\t\t\t\t\t<img loading=\"lazy\" decoding=\"async\" width=\"500\" height=\"312\" src=\"https:\/\/gradido.net\/wp-content\/uploads\/2023\/09\/Tonstudio_500.jpg\" class=\"attachment-full size-full wp-image-7742\" alt=\"\" srcset=\"https:\/\/gradido.net\/wp-content\/uploads\/2023\/09\/Tonstudio_500.jpg 500w, https:\/\/gradido.net\/wp-content\/uploads\/2023\/09\/Tonstudio_500-300x187.jpg 300w, https:\/\/gradido.net\/wp-content\/uploads\/2023\/09\/Tonstudio_500-18x12.jpg 18w\" sizes=\"(max-width: 500px) 100vw, 500px\" \/>\t\t\t\t\t\t\t\t\t\t\t\t\t\t\t<\/div>\n\t\t\t\t<\/div>\n\t\t\t\t<div class=\"elementor-element elementor-element-e572983 elementor-widget elementor-widget-text-editor\" data-id=\"e572983\" data-element_type=\"widget\" data-e-type=\"widget\" data-widget_type=\"text-editor.default\">\n\t\t\t\t<div class=\"elementor-widget-container\">\n\t\t\t\t\t\t\t\t\t<p>\"Kunst, kultuur ja sport v\u00f5ivad samuti paeluda,\" r\u00f5\u00f5mustab lemmiklinna kultuurijuht Simon, \"maalimine, skulptuur, muusika, teater, kino, etendused... see inspireerib paljusid noori, r\u00e4\u00e4kimata meie linna suurest spordipakkumisest.\"<\/p><p>\"Nii kujundavad noored aktiivselt oma \"lemmiklinna\", kus nad hiljem t\u00e4iskasvanuna naudivad elamist!\" r\u00f5\u00f5mustab Michael.<\/p><p>\"Kas me vajame selleks t\u00e4iendavaid \u00f5petajaid?\" k\u00fcsib Siegbert.<\/p><p>\"Haridusseltsist on paljud liikmed vabatahtlikena \u00f5pijuhendajateks. V\u00e4ga edukaks on osutunud ka vastastikune \u00f5pe, mis t\u00e4hendab, et \u00f5pilased \u00f5petavad \u00fcksteist,\" selgitab Kerstin, \"nii et meil ei ole enam \u00f5petajaid vaja - vastupidi: \u00f5petajad on vabanenud. Nad saavad palju paremini p\u00fchenduda \u00fcksikutele \u00f5pilastele.\"<\/p><p>\"Ettev\u00f5tetes on noored ka j\u00e4relevalve all,\" \u00fctleb Robert, \"mida rohkem usaldad noori, seda vastutustundlikumaks nad muutuvad. See on minu kogemus.<\/p><h2>Parim viis \u00f5ppida on projektide kaudu<\/h2><p>Siegbert loeb oma protokollides: \"Eriti sageli on \u00f5petajatest puudu nn MINT-ainetes, st matemaatikas, informaatikas, loodusteadustes ja tehnoloogias.\"<\/p><p>\"Neid teemasid on k\u00f5ige parem \u00f5ppida projektides.\" Kohaliku tehnoloogiaettev\u00f5tte LieblingsTEC omanik Roman teab, millest ta r\u00e4\u00e4gib. Ta on \u00fchingu KidsTEC e.V. asutaja, kus tehniliselt andekad lapsed ja noored tulevad kokku agiilsetes meeskondades ja t\u00f6\u00f6tavad v\u00e4lja ebakonventsionaalseid lahendusi mitmesugustele probleemidele. Nad on juba v\u00f5itnud mitmeid auhindu \"Jugend Forscht\" ja sarnastel v\u00f5istlustel.\u00a0<\/p><p>\"Noored h\u00e4mmastavad meid alati,\" lisab Roman, \"enamasti \u00f5pime me neilt, mitte vastupidi. Meie, t\u00e4iskasvanud, peame tegelikult ainult raamtingimused looma ja lapsed tulevad v\u00e4lja lahendustega, mille peale me elus kunagi ei oleks tulnud.\"<\/p>\t\t\t\t\t\t\t\t<\/div>\n\t\t\t\t<\/div>\n\t\t\t\t<div class=\"elementor-element elementor-element-043c552 elementor-widget elementor-widget-image\" data-id=\"043c552\" data-element_type=\"widget\" data-e-type=\"widget\" data-widget_type=\"image.default\">\n\t\t\t\t<div class=\"elementor-widget-container\">\n\t\t\t\t\t\t\t\t\t\t\t\t\t\t\t<img loading=\"lazy\" decoding=\"async\" width=\"500\" height=\"312\" src=\"https:\/\/gradido.net\/wp-content\/uploads\/2023\/09\/Ma\u0308dchen_Robotic_500.jpg\" class=\"attachment-full size-full wp-image-7743\" alt=\"\" srcset=\"https:\/\/gradido.net\/wp-content\/uploads\/2023\/09\/Ma\u0308dchen_Robotic_500.jpg 500w, https:\/\/gradido.net\/wp-content\/uploads\/2023\/09\/Ma\u0308dchen_Robotic_500-300x187.jpg 300w, https:\/\/gradido.net\/wp-content\/uploads\/2023\/09\/Ma\u0308dchen_Robotic_500-18x12.jpg 18w\" sizes=\"(max-width: 500px) 100vw, 500px\" \/>\t\t\t\t\t\t\t\t\t\t\t\t\t\t\t<\/div>\n\t\t\t\t<\/div>\n\t\t\t\t<div class=\"elementor-element elementor-element-364b916 elementor-widget elementor-widget-text-editor\" data-id=\"364b916\" data-element_type=\"widget\" data-e-type=\"widget\" data-widget_type=\"text-editor.default\">\n\t\t\t\t<div class=\"elementor-widget-container\">\n\t\t\t\t\t\t\t\t\t<p>Roman soovitab istuda koos STEM-\u00f5petajate, KidsTECi ja \u00f5pilastega maha, et \u00fchiselt p\u00f5nevaid projekte kavandada. Projektide elluviimisel voolab \u00f5ppematerjal peaaegu k\u00f5rvalt.\u00a0<\/p><p>\"Matemaatika ja loodusteadused on lihtsad, kui saad nendega oma soovid t\u00e4ita. Siis p\u00f5levad s\u00fcnapsid ajus ja sa \u00f5pid rekordkiirusel. Me kogeme seda iga p\u00e4ev KidsTECis. Parimad ideed tulevad lastelt!\"<\/p>\t\t\t\t\t\t\t\t<\/div>\n\t\t\t\t<\/div>\n\t\t\t\t<div class=\"elementor-element elementor-element-68f51e6 elementor-widget elementor-widget-image\" data-id=\"68f51e6\" data-element_type=\"widget\" data-e-type=\"widget\" data-widget_type=\"image.default\">\n\t\t\t\t<div class=\"elementor-widget-container\">\n\t\t\t\t\t\t\t\t\t\t\t\t\t\t\t<img loading=\"lazy\" decoding=\"async\" width=\"500\" height=\"312\" src=\"https:\/\/gradido.net\/wp-content\/uploads\/2023\/09\/Junge_Labor_500.jpg\" class=\"attachment-large size-large wp-image-7744\" alt=\"\" srcset=\"https:\/\/gradido.net\/wp-content\/uploads\/2023\/09\/Junge_Labor_500.jpg 500w, https:\/\/gradido.net\/wp-content\/uploads\/2023\/09\/Junge_Labor_500-300x187.jpg 300w, https:\/\/gradido.net\/wp-content\/uploads\/2023\/09\/Junge_Labor_500-18x12.jpg 18w\" sizes=\"(max-width: 500px) 100vw, 500px\" \/>\t\t\t\t\t\t\t\t\t\t\t\t\t\t\t<\/div>\n\t\t\t\t<\/div>\n\t\t\t\t<div class=\"elementor-element elementor-element-97205b6 elementor-widget elementor-widget-text-editor\" data-id=\"97205b6\" data-element_type=\"widget\" data-e-type=\"widget\" data-widget_type=\"text-editor.default\">\n\t\t\t\t<div class=\"elementor-widget-container\">\n\t\t\t\t\t\t\t\t\t<p>N\u00fc\u00fcd tuleb elu tuppa. K\u00f5ik n\u00e4ivad r\u00e4\u00e4kivat \u00fcksteisega ja ideed lihtsalt purskavad...<\/p><p>\"Mu kallid s\u00f5brad,\" v\u00f5tab Mihkel s\u00f5na, \"see on fantastiline - see on j\u00e4rjekordne verstapost meie suurep\u00e4rases koost\u00f6\u00f6s!\"\u00a0<\/p><p>P\u00e4rast l\u00fchikest m\u00f5ttepausi j\u00e4tkab ta:\u00a0<br \/>\"Ja j\u00e4llegi, meil on palju vabatahtlikku t\u00f6\u00f6d, haridusselts, KidsTEC ja muidugi \u00f5pilased, kes panustavad erinevatesse projektidesse ja loovad seega tohutut lisav\u00e4\u00e4rtust - nii enda, kogukonna kui ka \u00fcldpildi jaoks. Gradido mudeli kohaselt tasustatakse kogu vabatahtlik t\u00f6\u00f6 20 gradido tunnis - praegu veel maksimaalselt 1000 gradido inimese kohta kuus, kuid me areneme ka siin edasi.\"<\/p>\t\t\t\t\t\t\t\t<\/div>\n\t\t\t\t<\/div>\n\t\t\t\t<div class=\"elementor-element elementor-element-e858257 elementor-widget-divider--view-line elementor-widget elementor-widget-divider\" data-id=\"e858257\" data-element_type=\"widget\" data-e-type=\"widget\" data-widget_type=\"divider.default\">\n\t\t\t\t<div class=\"elementor-widget-container\">\n\t\t\t\t\t\t\t<div class=\"elementor-divider\">\n\t\t\t<span class=\"elementor-divider-separator\">\n\t\t\t\t\t\t<\/span>\n\t\t<\/div>\n\t\t\t\t\t\t<\/div>\n\t\t\t\t<\/div>\n\t\t\t\t<div class=\"elementor-element elementor-element-d74dfa0 elementor-widget elementor-widget-text-editor\" data-id=\"d74dfa0\" data-element_type=\"widget\" data-e-type=\"widget\" data-widget_type=\"text-editor.default\">\n\t\t\t\t<div class=\"elementor-widget-container\">\n\t\t\t\t\t\t\t\t\t<div data-pm-slice=\"1 1 []\" data-en-clipboard=\"true\"><p>The <strong>\"Suurep\u00e4rane koost\u00f6\u00f6<\/strong> omandab kujuteldamatuid m\u00f5\u00f5tmeid. Populaarse sarja 14. episoodis <strong>\"Gradido lemmiklinnas\" <\/strong>lemmiklinna elanikud p\u00e4\u00e4stavad s\u00f5na otseses m\u00f5ttes maailma - v\u00f5i \u00f5igemini tagavad nad, et kasvab \u00fcles geniaalsete inimeste p\u00f5lvkond, kes suudavad lahendada maailma suured probleemid.<\/p><p>On l\u00f5plikult t\u00f5estatud, et koost\u00f6\u00f6 on palju parem kui konkurents. Sest seda, mida meie lemmiklinnaelanikud suudavad teha, suudavad teha k\u00f5ik inimesed maailmas. Ja see on hea, sest inimkonna probleeme saame lahendada vaid \u00fcheskoos.<\/p><p>Ka seda haridusprojekti viiakse ellu suures osas vabatahtlikkuse alusel. Vabatahtliku t\u00f6\u00f6 eest makstakse vabatahtliku tasustamise s\u00fcsteemi \"Gradido\" abil 20 Gradido tunnis.<\/p><p>Gradidose jaoks on olemas mitmesugused soodustused ja allahindlused, mida saab lunastada kohalikes ettev\u00f5tetes. Lisaks sellele toimub kodanike vahel elav teabevahetus. See v\u00e4hendab k\u00f5igi asjaosaliste kulusid ja suured projektid muutuvad teostatavaks. K\u00f5ik v\u00f5idavad ja v\u00f5idavad!<\/p><p><strong>Edastage see sari julgelt oma linnavalitsusele, \u00fchendustele ja ettev\u00f5tetele!<\/strong><\/p><p>Gradido ja Suure koost\u00f6\u00f6ga genereerime me <strong>\u00dclespoole suunatud spiraalid<\/strong> kujundada tulevikku positiivselt ja j\u00e4tkusuutlikult. \u00dcheskoos muudame oma linnad ja alevid elavateks \u00f5itsvateks oaasideks - meie lemmikkohtadeks!<\/p><p>Lugupidamisega<\/p><\/div><p>Teie<\/p><p><img loading=\"lazy\" decoding=\"async\" class=\"alignnone wp-image-4614 size-medium\" src=\"https:\/\/gradido.net\/wp-content\/uploads\/2022\/06\/MargretBernd_2022-300x74.png\" alt=\"\" width=\"300\" height=\"74\" srcset=\"https:\/\/gradido.net\/wp-content\/uploads\/2022\/06\/MargretBernd_2022-300x74.png 300w, https:\/\/gradido.net\/wp-content\/uploads\/2022\/06\/MargretBernd_2022-18x4.png 18w, https:\/\/gradido.net\/wp-content\/uploads\/2022\/06\/MargretBernd_2022.png 431w\" sizes=\"(max-width: 300px) 100vw, 300px\" \/><\/p><p>Margret Baier ja Bernd H\u00fcckst\u00e4dt<br \/>Gradido asutaja ja arendaja<\/p>\t\t\t\t\t\t\t\t<\/div>\n\t\t\t\t<\/div>\n\t\t\t\t\t<\/div>\n\t\t<\/div>\n\t\t\t\t\t<\/div>\n\t\t<\/section>\n\t\t\t\t<section class=\"elementor-section elementor-top-section elementor-element elementor-element-bc5544d elementor-section-boxed elementor-section-height-default elementor-section-height-default\" data-id=\"bc5544d\" data-element_type=\"section\" data-e-type=\"section\">\n\t\t\t\t\t\t<div class=\"elementor-container elementor-column-gap-default\">\n\t\t\t\t\t<div class=\"elementor-column elementor-col-100 elementor-top-column elementor-element elementor-element-0c243ab\" data-id=\"0c243ab\" data-element_type=\"column\" data-e-type=\"column\">\n\t\t\t<div class=\"elementor-widget-wrap elementor-element-populated\">\n\t\t\t\t\t\t<div class=\"elementor-element elementor-element-847da1e elementor-position-inline-start white-links elementor-widget__width-initial elementor-view-default elementor-mobile-position-block-start elementor-widget elementor-widget-icon-box\" data-id=\"847da1e\" data-element_type=\"widget\" data-e-type=\"widget\" data-no-translation=\"\" data-widget_type=\"icon-box.default\">\n\t\t\t\t<div class=\"elementor-widget-container\">\n\t\t\t\t\t<style>.elementor-element-847da1e{display:none !important}<\/style>\t\t\t\t<\/div>\n\t\t\t\t<\/div>\n\t\t\t\t\t<\/div>\n\t\t<\/div>\n\t\t\t\t\t<\/div>\n\t\t<\/section>\n\t\t\t\t<section class=\"elementor-section elementor-top-section elementor-element elementor-element-14532fe elementor-section-boxed elementor-section-height-default elementor-section-height-default\" data-id=\"14532fe\" data-element_type=\"section\" data-e-type=\"section\">\n\t\t\t\t\t\t<div class=\"elementor-container elementor-column-gap-default\">\n\t\t\t\t\t<div class=\"elementor-column elementor-col-100 elementor-top-column elementor-element elementor-element-65d2298\" data-id=\"65d2298\" data-element_type=\"column\" data-e-type=\"column\">\n\t\t\t<div class=\"elementor-widget-wrap elementor-element-populated\">\n\t\t\t\t\t\t<div class=\"elementor-element elementor-element-42be1cc elementor-widget elementor-widget-global elementor-global-9341 elementor-widget-text-editor\" data-id=\"42be1cc\" data-element_type=\"widget\" data-e-type=\"widget\" data-widget_type=\"text-editor.default\">\n\t\t\t\t<div class=\"elementor-widget-container\">\n\t\t\t\t\t\t\t\t\t<p><strong>PS:\u00a0<span style=\"color: #ff6600;\"><a style=\"color: #ff6600;\" href=\"https:\/\/gradido.net\/et\/donations\/\">Gradido \u00fcha kasvava t\u00e4htsuse t\u00f5ttu kordame oma t\u00e4nukampaaniat 26. juunil 2026. aastal:<\/a>\u00a0<\/span><span style=\"color: #0000ff;\"><a style=\"color: #0000ff;\" href=\"https:\/\/gradido.net\/et\/donations\/\">Lisaks mitmekordsele GradidoTransformile teie sponsorluspanuse eest suurendame 26.06.2016 k\u00f5iki GDT kontosaldosid 26% v\u00f5rra. Sponsoreeri n\u00fc\u00fcd ja naudi mitmekordset GDT summat!<\/a><\/span><\/strong><\/p>\t\t\t\t\t\t\t\t<\/div>\n\t\t\t\t<\/div>\n\t\t\t\t\t<\/div>\n\t\t<\/div>\n\t\t\t\t\t<\/div>\n\t\t<\/section>\n\t\t\t\t<\/div>","protected":false},"excerpt":{"rendered":"<p>Saksamaal on \u00f5petajate puudus. PISA uuringu kohaselt ei oska veerand \u00f5pilastest korralikult lugeda, kirjutada ja arvutada. See on m\u00e4rgatav ka lemmiklinnas. Linna p\u00fchendunud linnapea Michael Miteinandi jaoks on see talumatu olukord. Lemmiklinna elanikud leiavad lahenduse.<\/p>","protected":false},"author":2,"featured_media":7721,"comment_status":"closed","ping_status":"closed","sticky":false,"template":"","format":"standard","meta":{"footnotes":""},"categories":[11,53],"tags":[],"class_list":["post-7720","post","type-post","status-publish","format-standard","has-post-thumbnail","hentry","category-blog","category-lieblingsstadt"],"yoast_head":"<!-- This site is optimized with the Yoast SEO plugin v27.5 - https:\/\/yoast.com\/product\/yoast-seo-wordpress\/ -->\n<title>Lieblingsstadt 14 \u2013 Trotz Lehrkr\u00e4ftemangel: Sch\u00fcler werden zu Genies - Gradido<\/title>\n<meta name=\"description\" content=\"In Deutschland herrscht Lehrkr\u00e4ftemangel. Laut PISA-Studie\u00a0 k\u00f6nnen ein Viertel der Sch\u00fcler nicht richtig lesen, schreiben und rechnen. Auch in Lieblingsstadt ist das sp\u00fcrbar. F\u00fcr Michael Miteinand, den engagierten B\u00fcrgermeister der Stadt, ein untragbarer Zustand. Die Lieblingsst\u00e4dter finden die L\u00f6sung.\" \/>\n<meta name=\"robots\" content=\"index, follow, max-snippet:-1, max-image-preview:large, max-video-preview:-1\" \/>\n<link rel=\"canonical\" href=\"https:\/\/gradido.net\/et\/lieblingsstadt-14-trotz-lehrermangel-schueler-werden-zu-genies\/\" \/>\n<meta property=\"og:locale\" content=\"et_EE\" \/>\n<meta property=\"og:type\" content=\"article\" \/>\n<meta property=\"og:title\" content=\"Lieblingsstadt 14 \u2013 Trotz Lehrkr\u00e4ftemangel: Sch\u00fcler werden zu Genies - Gradido\" \/>\n<meta property=\"og:description\" content=\"In Deutschland herrscht Lehrkr\u00e4ftemangel. Laut PISA-Studie\u00a0 k\u00f6nnen ein Viertel der Sch\u00fcler nicht richtig lesen, schreiben und rechnen. Auch in Lieblingsstadt ist das sp\u00fcrbar. F\u00fcr Michael Miteinand, den engagierten B\u00fcrgermeister der Stadt, ein untragbarer Zustand. Die Lieblingsst\u00e4dter finden die L\u00f6sung.\" \/>\n<meta property=\"og:url\" content=\"https:\/\/gradido.net\/et\/lieblingsstadt-14-trotz-lehrermangel-schueler-werden-zu-genies\/\" \/>\n<meta property=\"og:site_name\" content=\"Gradido\" \/>\n<meta property=\"article:published_time\" content=\"2023-09-27T13:32:45+00:00\" \/>\n<meta property=\"article:modified_time\" content=\"2026-04-23T05:11:58+00:00\" \/>\n<meta property=\"og:image\" content=\"https:\/\/gradido.net\/wp-content\/uploads\/2023\/09\/Genie_1920.jpg\" \/>\n\t<meta property=\"og:image:width\" content=\"1920\" \/>\n\t<meta property=\"og:image:height\" content=\"1200\" \/>\n\t<meta property=\"og:image:type\" content=\"image\/jpeg\" \/>\n<meta name=\"author\" content=\"Bernd H\u00fcckst\u00e4dt\" \/>\n<meta name=\"twitter:card\" content=\"summary_large_image\" \/>\n<meta name=\"twitter:label1\" content=\"Written by\" \/>\n\t<meta name=\"twitter:data1\" content=\"Bernd H\u00fcckst\u00e4dt\" \/>\n\t<meta name=\"twitter:label2\" content=\"Est. reading time\" \/>\n\t<meta name=\"twitter:data2\" content=\"10 minutit\" \/>\n<script type=\"application\/ld+json\" class=\"yoast-schema-graph\">{\"@context\":\"https:\\\/\\\/schema.org\",\"@graph\":[{\"@type\":\"Article\",\"@id\":\"https:\\\/\\\/gradido.net\\\/lieblingsstadt-14-trotz-lehrermangel-schueler-werden-zu-genies\\\/#article\",\"isPartOf\":{\"@id\":\"https:\\\/\\\/gradido.net\\\/lieblingsstadt-14-trotz-lehrermangel-schueler-werden-zu-genies\\\/\"},\"author\":{\"name\":\"Bernd H\u00fcckst\u00e4dt\",\"@id\":\"https:\\\/\\\/gradido.net\\\/de\\\/#\\\/schema\\\/person\\\/9c503a004ad15a1ddecadce2218db5d1\"},\"headline\":\"Lieblingsstadt 14 \u2013 Trotz Lehrkr\u00e4ftemangel: Sch\u00fcler werden zu Genies\",\"datePublished\":\"2023-09-27T13:32:45+00:00\",\"dateModified\":\"2026-04-23T05:11:58+00:00\",\"mainEntityOfPage\":{\"@id\":\"https:\\\/\\\/gradido.net\\\/lieblingsstadt-14-trotz-lehrermangel-schueler-werden-zu-genies\\\/\"},\"wordCount\":1483,\"publisher\":{\"@id\":\"https:\\\/\\\/gradido.net\\\/de\\\/#organization\"},\"image\":{\"@id\":\"https:\\\/\\\/gradido.net\\\/lieblingsstadt-14-trotz-lehrermangel-schueler-werden-zu-genies\\\/#primaryimage\"},\"thumbnailUrl\":\"https:\\\/\\\/gradido.net\\\/wp-content\\\/uploads\\\/2023\\\/09\\\/Genie_1920.jpg\",\"articleSection\":[\"Blog\",\"Lieblingsstadt\"],\"inLanguage\":\"et\"},{\"@type\":\"WebPage\",\"@id\":\"https:\\\/\\\/gradido.net\\\/lieblingsstadt-14-trotz-lehrermangel-schueler-werden-zu-genies\\\/\",\"url\":\"https:\\\/\\\/gradido.net\\\/lieblingsstadt-14-trotz-lehrermangel-schueler-werden-zu-genies\\\/\",\"name\":\"Lieblingsstadt 14 \u2013 Trotz Lehrkr\u00e4ftemangel: Sch\u00fcler werden zu Genies - Gradido\",\"isPartOf\":{\"@id\":\"https:\\\/\\\/gradido.net\\\/de\\\/#website\"},\"primaryImageOfPage\":{\"@id\":\"https:\\\/\\\/gradido.net\\\/lieblingsstadt-14-trotz-lehrermangel-schueler-werden-zu-genies\\\/#primaryimage\"},\"image\":{\"@id\":\"https:\\\/\\\/gradido.net\\\/lieblingsstadt-14-trotz-lehrermangel-schueler-werden-zu-genies\\\/#primaryimage\"},\"thumbnailUrl\":\"https:\\\/\\\/gradido.net\\\/wp-content\\\/uploads\\\/2023\\\/09\\\/Genie_1920.jpg\",\"datePublished\":\"2023-09-27T13:32:45+00:00\",\"dateModified\":\"2026-04-23T05:11:58+00:00\",\"description\":\"In Deutschland herrscht Lehrkr\u00e4ftemangel. Laut PISA-Studie\u00a0 k\u00f6nnen ein Viertel der Sch\u00fcler nicht richtig lesen, schreiben und rechnen. Auch in Lieblingsstadt ist das sp\u00fcrbar. F\u00fcr Michael Miteinand, den engagierten B\u00fcrgermeister der Stadt, ein untragbarer Zustand. Die Lieblingsst\u00e4dter finden die L\u00f6sung.\",\"breadcrumb\":{\"@id\":\"https:\\\/\\\/gradido.net\\\/lieblingsstadt-14-trotz-lehrermangel-schueler-werden-zu-genies\\\/#breadcrumb\"},\"inLanguage\":\"et\",\"potentialAction\":[{\"@type\":\"ReadAction\",\"target\":[\"https:\\\/\\\/gradido.net\\\/lieblingsstadt-14-trotz-lehrermangel-schueler-werden-zu-genies\\\/\"]}]},{\"@type\":\"ImageObject\",\"inLanguage\":\"et\",\"@id\":\"https:\\\/\\\/gradido.net\\\/lieblingsstadt-14-trotz-lehrermangel-schueler-werden-zu-genies\\\/#primaryimage\",\"url\":\"https:\\\/\\\/gradido.net\\\/wp-content\\\/uploads\\\/2023\\\/09\\\/Genie_1920.jpg\",\"contentUrl\":\"https:\\\/\\\/gradido.net\\\/wp-content\\\/uploads\\\/2023\\\/09\\\/Genie_1920.jpg\",\"width\":1920,\"height\":1200},{\"@type\":\"BreadcrumbList\",\"@id\":\"https:\\\/\\\/gradido.net\\\/lieblingsstadt-14-trotz-lehrermangel-schueler-werden-zu-genies\\\/#breadcrumb\",\"itemListElement\":[{\"@type\":\"ListItem\",\"position\":1,\"name\":\"Startseite\",\"item\":\"https:\\\/\\\/gradido.net\\\/\"},{\"@type\":\"ListItem\",\"position\":2,\"name\":\"Lieblingsstadt 14 \u2013 Trotz Lehrkr\u00e4ftemangel: Sch\u00fcler werden zu Genies\"}]},{\"@type\":\"WebSite\",\"@id\":\"https:\\\/\\\/gradido.net\\\/de\\\/#website\",\"url\":\"https:\\\/\\\/gradido.net\\\/de\\\/\",\"name\":\"Gradido\",\"description\":\"Die neue W\u00e4hrung hei\u00dft Dankbarkeit\",\"publisher\":{\"@id\":\"https:\\\/\\\/gradido.net\\\/de\\\/#organization\"},\"potentialAction\":[{\"@type\":\"SearchAction\",\"target\":{\"@type\":\"EntryPoint\",\"urlTemplate\":\"https:\\\/\\\/gradido.net\\\/de\\\/?s={search_term_string}\"},\"query-input\":{\"@type\":\"PropertyValueSpecification\",\"valueRequired\":true,\"valueName\":\"search_term_string\"}}],\"inLanguage\":\"et\"},{\"@type\":\"Organization\",\"@id\":\"https:\\\/\\\/gradido.net\\\/de\\\/#organization\",\"name\":\"Gradido\",\"url\":\"https:\\\/\\\/gradido.net\\\/de\\\/\",\"logo\":{\"@type\":\"ImageObject\",\"inLanguage\":\"et\",\"@id\":\"https:\\\/\\\/gradido.net\\\/de\\\/#\\\/schema\\\/logo\\\/image\\\/\",\"url\":\"https:\\\/\\\/gradido.net\\\/wp-content\\\/uploads\\\/2022\\\/04\\\/gradido-social.jpg\",\"contentUrl\":\"https:\\\/\\\/gradido.net\\\/wp-content\\\/uploads\\\/2022\\\/04\\\/gradido-social.jpg\",\"width\":527,\"height\":273,\"caption\":\"Gradido\"},\"image\":{\"@id\":\"https:\\\/\\\/gradido.net\\\/de\\\/#\\\/schema\\\/logo\\\/image\\\/\"}},{\"@type\":\"Person\",\"@id\":\"https:\\\/\\\/gradido.net\\\/de\\\/#\\\/schema\\\/person\\\/9c503a004ad15a1ddecadce2218db5d1\",\"name\":\"Bernd H\u00fcckst\u00e4dt\",\"sameAs\":[\"https:\\\/\\\/gradido.net\"],\"url\":\"https:\\\/\\\/gradido.net\\\/et\\\/author\\\/bernd\\\/\"}]}<\/script>\n<!-- \/ Yoast SEO plugin. -->","yoast_head_json":{"title":"Lemmiklinn 14 - Vaatamata \u00f5petajate puudusele: \u00f5pilastest saavad geeniused - Gradido","description":"Saksamaal on \u00f5petajate puudus. PISA uuringu kohaselt ei oska veerand \u00f5pilastest korralikult lugeda, kirjutada ja arvutada. See on m\u00e4rgatav ka lemmiklinnas. Linna p\u00fchendunud linnapea Michael Miteinandi jaoks on see talumatu olukord. Lemmiklinna elanikud leiavad lahenduse.","robots":{"index":"index","follow":"follow","max-snippet":"max-snippet:-1","max-image-preview":"max-image-preview:large","max-video-preview":"max-video-preview:-1"},"canonical":"https:\/\/gradido.net\/et\/lieblingsstadt-14-trotz-lehrermangel-schueler-werden-zu-genies\/","og_locale":"et_EE","og_type":"article","og_title":"Lieblingsstadt 14 \u2013 Trotz Lehrkr\u00e4ftemangel: Sch\u00fcler werden zu Genies - Gradido","og_description":"In Deutschland herrscht Lehrkr\u00e4ftemangel. Laut PISA-Studie\u00a0 k\u00f6nnen ein Viertel der Sch\u00fcler nicht richtig lesen, schreiben und rechnen. Auch in Lieblingsstadt ist das sp\u00fcrbar. F\u00fcr Michael Miteinand, den engagierten B\u00fcrgermeister der Stadt, ein untragbarer Zustand. Die Lieblingsst\u00e4dter finden die L\u00f6sung.","og_url":"https:\/\/gradido.net\/et\/lieblingsstadt-14-trotz-lehrermangel-schueler-werden-zu-genies\/","og_site_name":"Gradido","article_published_time":"2023-09-27T13:32:45+00:00","article_modified_time":"2026-04-23T05:11:58+00:00","og_image":[{"width":1920,"height":1200,"url":"https:\/\/gradido.net\/wp-content\/uploads\/2023\/09\/Genie_1920.jpg","type":"image\/jpeg"}],"author":"Bernd H\u00fcckst\u00e4dt","twitter_card":"summary_large_image","twitter_misc":{"Written by":"Bernd H\u00fcckst\u00e4dt","Est. reading time":"10 minutit"},"schema":{"@context":"https:\/\/schema.org","@graph":[{"@type":"Article","@id":"https:\/\/gradido.net\/lieblingsstadt-14-trotz-lehrermangel-schueler-werden-zu-genies\/#article","isPartOf":{"@id":"https:\/\/gradido.net\/lieblingsstadt-14-trotz-lehrermangel-schueler-werden-zu-genies\/"},"author":{"name":"Bernd H\u00fcckst\u00e4dt","@id":"https:\/\/gradido.net\/de\/#\/schema\/person\/9c503a004ad15a1ddecadce2218db5d1"},"headline":"Lieblingsstadt 14 \u2013 Trotz Lehrkr\u00e4ftemangel: Sch\u00fcler werden zu Genies","datePublished":"2023-09-27T13:32:45+00:00","dateModified":"2026-04-23T05:11:58+00:00","mainEntityOfPage":{"@id":"https:\/\/gradido.net\/lieblingsstadt-14-trotz-lehrermangel-schueler-werden-zu-genies\/"},"wordCount":1483,"publisher":{"@id":"https:\/\/gradido.net\/de\/#organization"},"image":{"@id":"https:\/\/gradido.net\/lieblingsstadt-14-trotz-lehrermangel-schueler-werden-zu-genies\/#primaryimage"},"thumbnailUrl":"https:\/\/gradido.net\/wp-content\/uploads\/2023\/09\/Genie_1920.jpg","articleSection":["Blog","Lieblingsstadt"],"inLanguage":"et"},{"@type":"WebPage","@id":"https:\/\/gradido.net\/lieblingsstadt-14-trotz-lehrermangel-schueler-werden-zu-genies\/","url":"https:\/\/gradido.net\/lieblingsstadt-14-trotz-lehrermangel-schueler-werden-zu-genies\/","name":"Lemmiklinn 14 - Vaatamata \u00f5petajate puudusele: \u00f5pilastest saavad geeniused - Gradido","isPartOf":{"@id":"https:\/\/gradido.net\/de\/#website"},"primaryImageOfPage":{"@id":"https:\/\/gradido.net\/lieblingsstadt-14-trotz-lehrermangel-schueler-werden-zu-genies\/#primaryimage"},"image":{"@id":"https:\/\/gradido.net\/lieblingsstadt-14-trotz-lehrermangel-schueler-werden-zu-genies\/#primaryimage"},"thumbnailUrl":"https:\/\/gradido.net\/wp-content\/uploads\/2023\/09\/Genie_1920.jpg","datePublished":"2023-09-27T13:32:45+00:00","dateModified":"2026-04-23T05:11:58+00:00","description":"Saksamaal on \u00f5petajate puudus. PISA uuringu kohaselt ei oska veerand \u00f5pilastest korralikult lugeda, kirjutada ja arvutada. See on m\u00e4rgatav ka lemmiklinnas. Linna p\u00fchendunud linnapea Michael Miteinandi jaoks on see talumatu olukord. Lemmiklinna elanikud leiavad lahenduse.","breadcrumb":{"@id":"https:\/\/gradido.net\/lieblingsstadt-14-trotz-lehrermangel-schueler-werden-zu-genies\/#breadcrumb"},"inLanguage":"et","potentialAction":[{"@type":"ReadAction","target":["https:\/\/gradido.net\/lieblingsstadt-14-trotz-lehrermangel-schueler-werden-zu-genies\/"]}]},{"@type":"ImageObject","inLanguage":"et","@id":"https:\/\/gradido.net\/lieblingsstadt-14-trotz-lehrermangel-schueler-werden-zu-genies\/#primaryimage","url":"https:\/\/gradido.net\/wp-content\/uploads\/2023\/09\/Genie_1920.jpg","contentUrl":"https:\/\/gradido.net\/wp-content\/uploads\/2023\/09\/Genie_1920.jpg","width":1920,"height":1200},{"@type":"BreadcrumbList","@id":"https:\/\/gradido.net\/lieblingsstadt-14-trotz-lehrermangel-schueler-werden-zu-genies\/#breadcrumb","itemListElement":[{"@type":"ListItem","position":1,"name":"Startseite","item":"https:\/\/gradido.net\/"},{"@type":"ListItem","position":2,"name":"Lieblingsstadt 14 \u2013 Trotz Lehrkr\u00e4ftemangel: Sch\u00fcler werden zu Genies"}]},{"@type":"WebSite","@id":"https:\/\/gradido.net\/de\/#website","url":"https:\/\/gradido.net\/de\/","name":"Gradido","description":"Uus valuuta on t\u00e4nulikkus","publisher":{"@id":"https:\/\/gradido.net\/de\/#organization"},"potentialAction":[{"@type":"SearchAction","target":{"@type":"EntryPoint","urlTemplate":"https:\/\/gradido.net\/de\/?s={search_term_string}"},"query-input":{"@type":"PropertyValueSpecification","valueRequired":true,"valueName":"search_term_string"}}],"inLanguage":"et"},{"@type":"Organization","@id":"https:\/\/gradido.net\/de\/#organization","name":"Gradido","url":"https:\/\/gradido.net\/de\/","logo":{"@type":"ImageObject","inLanguage":"et","@id":"https:\/\/gradido.net\/de\/#\/schema\/logo\/image\/","url":"https:\/\/gradido.net\/wp-content\/uploads\/2022\/04\/gradido-social.jpg","contentUrl":"https:\/\/gradido.net\/wp-content\/uploads\/2022\/04\/gradido-social.jpg","width":527,"height":273,"caption":"Gradido"},"image":{"@id":"https:\/\/gradido.net\/de\/#\/schema\/logo\/image\/"}},{"@type":"Person","@id":"https:\/\/gradido.net\/de\/#\/schema\/person\/9c503a004ad15a1ddecadce2218db5d1","name":"Bernd H\u00fcckst\u00e4dt","sameAs":["https:\/\/gradido.net"],"url":"https:\/\/gradido.net\/et\/author\/bernd\/"}]}},"_links":{"self":[{"href":"https:\/\/gradido.net\/et\/wp-json\/wp\/v2\/posts\/7720","targetHints":{"allow":["GET"]}}],"collection":[{"href":"https:\/\/gradido.net\/et\/wp-json\/wp\/v2\/posts"}],"about":[{"href":"https:\/\/gradido.net\/et\/wp-json\/wp\/v2\/types\/post"}],"author":[{"embeddable":true,"href":"https:\/\/gradido.net\/et\/wp-json\/wp\/v2\/users\/2"}],"replies":[{"embeddable":true,"href":"https:\/\/gradido.net\/et\/wp-json\/wp\/v2\/comments?post=7720"}],"version-history":[{"count":70,"href":"https:\/\/gradido.net\/et\/wp-json\/wp\/v2\/posts\/7720\/revisions"}],"predecessor-version":[{"id":13536,"href":"https:\/\/gradido.net\/et\/wp-json\/wp\/v2\/posts\/7720\/revisions\/13536"}],"wp:featuredmedia":[{"embeddable":true,"href":"https:\/\/gradido.net\/et\/wp-json\/wp\/v2\/media\/7721"}],"wp:attachment":[{"href":"https:\/\/gradido.net\/et\/wp-json\/wp\/v2\/media?parent=7720"}],"wp:term":[{"taxonomy":"category","embeddable":true,"href":"https:\/\/gradido.net\/et\/wp-json\/wp\/v2\/categories?post=7720"},{"taxonomy":"post_tag","embeddable":true,"href":"https:\/\/gradido.net\/et\/wp-json\/wp\/v2\/tags?post=7720"}],"curies":[{"name":"wp","href":"https:\/\/api.w.org\/{rel}","templated":true}]}}