{"id":9470,"date":"2024-08-30T11:25:03","date_gmt":"2024-08-30T09:25:03","guid":{"rendered":"https:\/\/gradido.net\/?p=9470"},"modified":"2026-04-24T07:59:50","modified_gmt":"2026-04-24T05:59:50","slug":"entdecke-die-neuen-gradido-kreise","status":"publish","type":"post","link":"https:\/\/gradido.net\/et\/entdecke-die-neuen-gradido-kreise\/","title":{"rendered":"Avastage uued Gradido ringid"},"content":{"rendered":"<div data-elementor-type=\"wp-post\" data-elementor-id=\"9470\" class=\"elementor elementor-9470\" data-elementor-post-type=\"post\">\n\t\t\t\t\t\t<section class=\"elementor-section elementor-top-section elementor-element elementor-element-496e1d53 elementor-section-boxed elementor-section-height-default elementor-section-height-default\" data-id=\"496e1d53\" data-element_type=\"section\" data-e-type=\"section\">\n\t\t\t\t\t\t<div class=\"elementor-container elementor-column-gap-default\">\n\t\t\t\t\t<div class=\"elementor-column elementor-col-100 elementor-top-column elementor-element elementor-element-461d7be0\" data-id=\"461d7be0\" data-element_type=\"column\" data-e-type=\"column\">\n\t\t\t<div class=\"elementor-widget-wrap elementor-element-populated\">\n\t\t\t\t\t\t<div class=\"elementor-element elementor-element-cd9ebe2 elementor-widget elementor-widget-text-editor\" data-id=\"cd9ebe2\" data-element_type=\"widget\" data-e-type=\"widget\" data-widget_type=\"text-editor.default\">\n\t\t\t\t<div class=\"elementor-widget-container\">\n\t\t\t\t\t\t\t\t\t<p>Lugupeetud lugeja,<\/p><p>Kas olete seda juba n\u00e4inud?<br \/>Alates mai l\u00f5pust on meil uus kogukonnaplatvorm, mida me nimetame Gradido Circles. N\u00fc\u00fcd saate teiste Gradido osalejatega turvalistes ruumides (mida nimetatakse \"Spaces\") suhelda ja \u00fcha enam kontakteeruda. Varem oli see v\u00f5imalik ainult suurte platvormide, n\u00e4iteks Telegrami kaudu. Ja nagu te ehk teate, arreteeriti selle tegevjuht hiljuti Prantsusmaal, sest temalt n\u00f5uti kasutajate andmete \u00fcleandmist.<\/p><p>Gradido peab teie andmete kaitset v\u00e4ga oluliseks. Meie jaoks on oluline, et te saaksite suhelda kaitstud ruumis. Seep\u00e4rast oleme juba m\u00f5nda aega t\u00f6\u00f6tanud selle nimel, et luua v\u00f5imalus detsentraliseeritud serverite kasutamiseks. Gradido ringid on m\u00e4\u00e4ratud \u00fcksikutele detsentraliseeritud kogukondadele.<\/p><p>Saate sinna h\u00f5lpsasti p\u00e4\u00e4seda, kui kl\u00f5psate oma Gradido kontol men\u00fc\u00fcs \"Ringid\".<\/p><p><img fetchpriority=\"high\" decoding=\"async\" class=\"alignnone size-full wp-image-9473\" src=\"https:\/\/gradido.net\/wp-content\/uploads\/2024\/09\/Einstellungen.jpg\" alt=\"\" width=\"600\" height=\"400\" srcset=\"https:\/\/gradido.net\/wp-content\/uploads\/2024\/09\/Einstellungen.jpg 600w, https:\/\/gradido.net\/wp-content\/uploads\/2024\/09\/Einstellungen-300x200.jpg 300w, https:\/\/gradido.net\/wp-content\/uploads\/2024\/09\/Einstellungen-18x12.jpg 18w\" sizes=\"(max-width: 600px) 100vw, 600px\" \/><\/p><p>Teid v\u00f5idakse eelnevalt viia seadistustesse\/kogukonda. Seal saate sisestada, kuidas teie nimi peaks olema kuvatud. Ka siinkohal peame andmekaitset v\u00e4ga oluliseks: saate m\u00e4\u00e4rata, kas kuvatakse ainult teie initsiaalid, teie t\u00e4ielik ees- ja perekonnanimi v\u00f5i teie kasutajanimi - just nii, nagu te soovite, et te tunneksite end Gradido ringkondades mugavalt ja turvaliselt.<\/p><p>Seega logige sisse oma Gradido kontole, aktiveerige ringid ja suhtle teiste Gradido osalejatega. Nagu ma \u00fctlesin, me ei tea, kui turvalised on teie andmed suurtel platvormidel.\u00a0<\/p><p>Kui \u00fcha rohkem inimesi toob Gradido maailma detsentraliseeritud serverites, siis oleme peatamatu. Koos loome globaalse heaolu, rahu ja loodusega harmoonilise maailma - maailma, mis on elamisv\u00e4\u00e4rne, kus me ise, meie lapsed ja meie laste lapsed elavad rahus, r\u00f5\u00f5mus ja vabalt.<\/p>\t\t\t\t\t\t\t\t<\/div>\n\t\t\t\t<\/div>\n\t\t\t\t<div class=\"elementor-element elementor-element-d74dfa0 elementor-widget elementor-widget-text-editor\" data-id=\"d74dfa0\" data-element_type=\"widget\" data-e-type=\"widget\" data-widget_type=\"text-editor.default\">\n\t\t\t\t<div class=\"elementor-widget-container\">\n\t\t\t\t\t\t\t\t\t<div data-pm-slice=\"1 1 []\" data-en-clipboard=\"true\"><p>Lugupidamisega hilissuvel<\/p><\/div><p>Teie<\/p><p><img decoding=\"async\" class=\"alignnone wp-image-4614 size-medium\" src=\"https:\/\/gradido.net\/wp-content\/uploads\/2022\/06\/MargretBernd_2022-300x74.png\" alt=\"\" width=\"300\" height=\"74\" srcset=\"https:\/\/gradido.net\/wp-content\/uploads\/2022\/06\/MargretBernd_2022-300x74.png 300w, https:\/\/gradido.net\/wp-content\/uploads\/2022\/06\/MargretBernd_2022-18x4.png 18w, https:\/\/gradido.net\/wp-content\/uploads\/2022\/06\/MargretBernd_2022.png 431w\" sizes=\"(max-width: 300px) 100vw, 300px\" \/><\/p><p>Margret Baier ja Bernd H\u00fcckst\u00e4dt<br \/>Gradido asutaja ja arendaja<\/p>\t\t\t\t\t\t\t\t<\/div>\n\t\t\t\t<\/div>\n\t\t\t\t\t<\/div>\n\t\t<\/div>\n\t\t\t\t\t<\/div>\n\t\t<\/section>\n\t\t\t\t<section class=\"elementor-section elementor-top-section elementor-element elementor-element-14532fe elementor-section-boxed elementor-section-height-default elementor-section-height-default\" data-id=\"14532fe\" data-element_type=\"section\" data-e-type=\"section\">\n\t\t\t\t\t\t<div class=\"elementor-container elementor-column-gap-default\">\n\t\t\t\t\t<div class=\"elementor-column elementor-col-100 elementor-top-column elementor-element elementor-element-65d2298\" data-id=\"65d2298\" data-element_type=\"column\" data-e-type=\"column\">\n\t\t\t<div class=\"elementor-widget-wrap elementor-element-populated\">\n\t\t\t\t\t\t<div class=\"elementor-element elementor-element-bea124f elementor-widget elementor-widget-global elementor-global-9341 elementor-widget-text-editor\" data-id=\"bea124f\" data-element_type=\"widget\" data-e-type=\"widget\" data-widget_type=\"text-editor.default\">\n\t\t\t\t<div class=\"elementor-widget-container\">\n\t\t\t\t\t\t\t\t\t<p><strong>PS:\u00a0<span style=\"color: #ff6600;\"><a style=\"color: #ff6600;\" href=\"https:\/\/gradido.net\/et\/donations\/\">Gradido \u00fcha kasvava t\u00e4htsuse t\u00f5ttu kordame oma t\u00e4nukampaaniat 26. juunil 2026. aastal:<\/a>\u00a0<\/span><span style=\"color: #0000ff;\"><a style=\"color: #0000ff;\" href=\"https:\/\/gradido.net\/et\/donations\/\">Lisaks mitmekordsele GradidoTransformile teie sponsorluspanuse eest suurendame 26.06.2016 k\u00f5iki GDT kontosaldosid 26% v\u00f5rra. Sponsoreeri n\u00fc\u00fcd ja naudi mitmekordset GDT summat!<\/a><\/span><\/strong><\/p>\t\t\t\t\t\t\t\t<\/div>\n\t\t\t\t<\/div>\n\t\t\t\t\t<\/div>\n\t\t<\/div>\n\t\t\t\t\t<\/div>\n\t\t<\/section>\n\t\t\t\t<section class=\"elementor-section elementor-top-section elementor-element elementor-element-29dfc07 elementor-section-boxed elementor-section-height-default elementor-section-height-default\" data-id=\"29dfc07\" data-element_type=\"section\" data-e-type=\"section\">\n\t\t\t\t\t\t<div class=\"elementor-container elementor-column-gap-default\">\n\t\t\t\t\t<div class=\"elementor-column elementor-col-100 elementor-top-column elementor-element elementor-element-d37ec5a\" data-id=\"d37ec5a\" data-element_type=\"column\" data-e-type=\"column\">\n\t\t\t<div class=\"elementor-widget-wrap\">\n\t\t\t\t\t\t\t<\/div>\n\t\t<\/div>\n\t\t\t\t\t<\/div>\n\t\t<\/section>\n\t\t\t\t<\/div>","protected":false},"excerpt":{"rendered":"<p>Kas olete seda juba n\u00e4inud? Alates mai l\u00f5pust on meil kasutusel meie uus kogukonnaplatvorm, mida me nimetame Gradido Circles. N\u00fc\u00fcd saad teiste Gradido osalejatega suhelda turvalistes ruumides (mida nimetatakse \"Spaces\") ja saada \u00fcha rohkem kontakti.<\/p>","protected":false},"author":2,"featured_media":9472,"comment_status":"closed","ping_status":"closed","sticky":false,"template":"","format":"standard","meta":{"footnotes":""},"categories":[11,54,55],"tags":[],"class_list":["post-9470","post","type-post","status-publish","format-standard","has-post-thumbnail","hentry","category-blog","category-community","category-gradido-konto"],"yoast_head":"<!-- This site is optimized with the Yoast SEO plugin v27.5 - https:\/\/yoast.com\/product\/yoast-seo-wordpress\/ -->\n<title>Entdecke die neuen Gradido-Kreise - Gradido<\/title>\n<meta name=\"description\" content=\"Hast Du es schon gesehen? Seit Ende Mai haben wir unsere neue Community-Plattform, die wir Gradido-Kreise nennen. Jetzt kannst Du in sicheren R\u00e4umen (genannt \u201eSpaces\u201c)\u00a0 mit anderen Gradido-Teilnehmerinnen und Teilnehmern kommunizieren und so immer mehr in Kontakt kommen.\" \/>\n<meta name=\"robots\" content=\"index, follow, max-snippet:-1, max-image-preview:large, max-video-preview:-1\" \/>\n<link rel=\"canonical\" href=\"https:\/\/gradido.net\/et\/entdecke-die-neuen-gradido-kreise\/\" \/>\n<meta property=\"og:locale\" content=\"et_EE\" \/>\n<meta property=\"og:type\" content=\"article\" \/>\n<meta property=\"og:title\" content=\"Entdecke die neuen Gradido-Kreise - Gradido\" \/>\n<meta property=\"og:description\" content=\"Hast Du es schon gesehen? Seit Ende Mai haben wir unsere neue Community-Plattform, die wir Gradido-Kreise nennen. Jetzt kannst Du in sicheren R\u00e4umen (genannt \u201eSpaces\u201c)\u00a0 mit anderen Gradido-Teilnehmerinnen und Teilnehmern kommunizieren und so immer mehr in Kontakt kommen.\" \/>\n<meta property=\"og:url\" content=\"https:\/\/gradido.net\/et\/entdecke-die-neuen-gradido-kreise\/\" \/>\n<meta property=\"og:site_name\" content=\"Gradido\" \/>\n<meta property=\"article:published_time\" content=\"2024-08-30T09:25:03+00:00\" \/>\n<meta property=\"article:modified_time\" content=\"2026-04-24T05:59:50+00:00\" \/>\n<meta property=\"og:image\" content=\"https:\/\/gradido.net\/wp-content\/uploads\/2024\/09\/Gradido-Kreise.jpg\" \/>\n\t<meta property=\"og:image:width\" content=\"1280\" \/>\n\t<meta property=\"og:image:height\" content=\"720\" \/>\n\t<meta property=\"og:image:type\" content=\"image\/jpeg\" \/>\n<meta name=\"author\" content=\"Bernd H\u00fcckst\u00e4dt\" \/>\n<meta name=\"twitter:card\" content=\"summary_large_image\" \/>\n<meta name=\"twitter:label1\" content=\"Written by\" \/>\n\t<meta name=\"twitter:data1\" content=\"Bernd H\u00fcckst\u00e4dt\" \/>\n\t<meta name=\"twitter:label2\" content=\"Est. reading time\" \/>\n\t<meta name=\"twitter:data2\" content=\"3 minutit\" \/>\n<script type=\"application\/ld+json\" class=\"yoast-schema-graph\">{\"@context\":\"https:\\\/\\\/schema.org\",\"@graph\":[{\"@type\":\"Article\",\"@id\":\"https:\\\/\\\/gradido.net\\\/entdecke-die-neuen-gradido-kreise\\\/#article\",\"isPartOf\":{\"@id\":\"https:\\\/\\\/gradido.net\\\/entdecke-die-neuen-gradido-kreise\\\/\"},\"author\":{\"name\":\"Bernd H\u00fcckst\u00e4dt\",\"@id\":\"https:\\\/\\\/gradido.net\\\/de\\\/#\\\/schema\\\/person\\\/9c503a004ad15a1ddecadce2218db5d1\"},\"headline\":\"Entdecke die neuen Gradido-Kreise\",\"datePublished\":\"2024-08-30T09:25:03+00:00\",\"dateModified\":\"2026-04-24T05:59:50+00:00\",\"mainEntityOfPage\":{\"@id\":\"https:\\\/\\\/gradido.net\\\/entdecke-die-neuen-gradido-kreise\\\/\"},\"wordCount\":359,\"publisher\":{\"@id\":\"https:\\\/\\\/gradido.net\\\/de\\\/#organization\"},\"image\":{\"@id\":\"https:\\\/\\\/gradido.net\\\/entdecke-die-neuen-gradido-kreise\\\/#primaryimage\"},\"thumbnailUrl\":\"https:\\\/\\\/gradido.net\\\/wp-content\\\/uploads\\\/2024\\\/09\\\/Gradido-Kreise.jpg\",\"articleSection\":[\"Blog\",\"Community\",\"Gradido-Konto\"],\"inLanguage\":\"et\"},{\"@type\":\"WebPage\",\"@id\":\"https:\\\/\\\/gradido.net\\\/entdecke-die-neuen-gradido-kreise\\\/\",\"url\":\"https:\\\/\\\/gradido.net\\\/entdecke-die-neuen-gradido-kreise\\\/\",\"name\":\"Entdecke die neuen Gradido-Kreise - Gradido\",\"isPartOf\":{\"@id\":\"https:\\\/\\\/gradido.net\\\/de\\\/#website\"},\"primaryImageOfPage\":{\"@id\":\"https:\\\/\\\/gradido.net\\\/entdecke-die-neuen-gradido-kreise\\\/#primaryimage\"},\"image\":{\"@id\":\"https:\\\/\\\/gradido.net\\\/entdecke-die-neuen-gradido-kreise\\\/#primaryimage\"},\"thumbnailUrl\":\"https:\\\/\\\/gradido.net\\\/wp-content\\\/uploads\\\/2024\\\/09\\\/Gradido-Kreise.jpg\",\"datePublished\":\"2024-08-30T09:25:03+00:00\",\"dateModified\":\"2026-04-24T05:59:50+00:00\",\"description\":\"Hast Du es schon gesehen? Seit Ende Mai haben wir unsere neue Community-Plattform, die wir Gradido-Kreise nennen. Jetzt kannst Du in sicheren R\u00e4umen (genannt \u201eSpaces\u201c)\u00a0 mit anderen Gradido-Teilnehmerinnen und Teilnehmern kommunizieren und so immer mehr in Kontakt kommen.\",\"breadcrumb\":{\"@id\":\"https:\\\/\\\/gradido.net\\\/entdecke-die-neuen-gradido-kreise\\\/#breadcrumb\"},\"inLanguage\":\"et\",\"potentialAction\":[{\"@type\":\"ReadAction\",\"target\":[\"https:\\\/\\\/gradido.net\\\/entdecke-die-neuen-gradido-kreise\\\/\"]}]},{\"@type\":\"ImageObject\",\"inLanguage\":\"et\",\"@id\":\"https:\\\/\\\/gradido.net\\\/entdecke-die-neuen-gradido-kreise\\\/#primaryimage\",\"url\":\"https:\\\/\\\/gradido.net\\\/wp-content\\\/uploads\\\/2024\\\/09\\\/Gradido-Kreise.jpg\",\"contentUrl\":\"https:\\\/\\\/gradido.net\\\/wp-content\\\/uploads\\\/2024\\\/09\\\/Gradido-Kreise.jpg\",\"width\":1280,\"height\":720},{\"@type\":\"BreadcrumbList\",\"@id\":\"https:\\\/\\\/gradido.net\\\/entdecke-die-neuen-gradido-kreise\\\/#breadcrumb\",\"itemListElement\":[{\"@type\":\"ListItem\",\"position\":1,\"name\":\"Startseite\",\"item\":\"https:\\\/\\\/gradido.net\\\/\"},{\"@type\":\"ListItem\",\"position\":2,\"name\":\"Entdecke die neuen Gradido-Kreise\"}]},{\"@type\":\"WebSite\",\"@id\":\"https:\\\/\\\/gradido.net\\\/de\\\/#website\",\"url\":\"https:\\\/\\\/gradido.net\\\/de\\\/\",\"name\":\"Gradido\",\"description\":\"Die neue W\u00e4hrung hei\u00dft Dankbarkeit\",\"publisher\":{\"@id\":\"https:\\\/\\\/gradido.net\\\/de\\\/#organization\"},\"potentialAction\":[{\"@type\":\"SearchAction\",\"target\":{\"@type\":\"EntryPoint\",\"urlTemplate\":\"https:\\\/\\\/gradido.net\\\/de\\\/?s={search_term_string}\"},\"query-input\":{\"@type\":\"PropertyValueSpecification\",\"valueRequired\":true,\"valueName\":\"search_term_string\"}}],\"inLanguage\":\"et\"},{\"@type\":\"Organization\",\"@id\":\"https:\\\/\\\/gradido.net\\\/de\\\/#organization\",\"name\":\"Gradido\",\"url\":\"https:\\\/\\\/gradido.net\\\/de\\\/\",\"logo\":{\"@type\":\"ImageObject\",\"inLanguage\":\"et\",\"@id\":\"https:\\\/\\\/gradido.net\\\/de\\\/#\\\/schema\\\/logo\\\/image\\\/\",\"url\":\"https:\\\/\\\/gradido.net\\\/wp-content\\\/uploads\\\/2022\\\/04\\\/gradido-social.jpg\",\"contentUrl\":\"https:\\\/\\\/gradido.net\\\/wp-content\\\/uploads\\\/2022\\\/04\\\/gradido-social.jpg\",\"width\":527,\"height\":273,\"caption\":\"Gradido\"},\"image\":{\"@id\":\"https:\\\/\\\/gradido.net\\\/de\\\/#\\\/schema\\\/logo\\\/image\\\/\"}},{\"@type\":\"Person\",\"@id\":\"https:\\\/\\\/gradido.net\\\/de\\\/#\\\/schema\\\/person\\\/9c503a004ad15a1ddecadce2218db5d1\",\"name\":\"Bernd H\u00fcckst\u00e4dt\",\"sameAs\":[\"https:\\\/\\\/gradido.net\"],\"url\":\"https:\\\/\\\/gradido.net\\\/et\\\/author\\\/bernd\\\/\"}]}<\/script>\n<!-- \/ Yoast SEO plugin. -->","yoast_head_json":{"title":"Avasta uued Gradido ringid - Gradido","description":"Kas olete seda juba n\u00e4inud? Alates mai l\u00f5pust on meil kasutusel meie uus kogukonnaplatvorm, mida me nimetame Gradido Circles. N\u00fc\u00fcd saad teiste Gradido osalejatega suhelda turvalistes ruumides (mida nimetatakse \"Spaces\") ja saada \u00fcha rohkem kontakti.","robots":{"index":"index","follow":"follow","max-snippet":"max-snippet:-1","max-image-preview":"max-image-preview:large","max-video-preview":"max-video-preview:-1"},"canonical":"https:\/\/gradido.net\/et\/entdecke-die-neuen-gradido-kreise\/","og_locale":"et_EE","og_type":"article","og_title":"Entdecke die neuen Gradido-Kreise - Gradido","og_description":"Hast Du es schon gesehen? Seit Ende Mai haben wir unsere neue Community-Plattform, die wir Gradido-Kreise nennen. Jetzt kannst Du in sicheren R\u00e4umen (genannt \u201eSpaces\u201c)\u00a0 mit anderen Gradido-Teilnehmerinnen und Teilnehmern kommunizieren und so immer mehr in Kontakt kommen.","og_url":"https:\/\/gradido.net\/et\/entdecke-die-neuen-gradido-kreise\/","og_site_name":"Gradido","article_published_time":"2024-08-30T09:25:03+00:00","article_modified_time":"2026-04-24T05:59:50+00:00","og_image":[{"width":1280,"height":720,"url":"https:\/\/gradido.net\/wp-content\/uploads\/2024\/09\/Gradido-Kreise.jpg","type":"image\/jpeg"}],"author":"Bernd H\u00fcckst\u00e4dt","twitter_card":"summary_large_image","twitter_misc":{"Written by":"Bernd H\u00fcckst\u00e4dt","Est. reading time":"3 minutit"},"schema":{"@context":"https:\/\/schema.org","@graph":[{"@type":"Article","@id":"https:\/\/gradido.net\/entdecke-die-neuen-gradido-kreise\/#article","isPartOf":{"@id":"https:\/\/gradido.net\/entdecke-die-neuen-gradido-kreise\/"},"author":{"name":"Bernd H\u00fcckst\u00e4dt","@id":"https:\/\/gradido.net\/de\/#\/schema\/person\/9c503a004ad15a1ddecadce2218db5d1"},"headline":"Entdecke die neuen Gradido-Kreise","datePublished":"2024-08-30T09:25:03+00:00","dateModified":"2026-04-24T05:59:50+00:00","mainEntityOfPage":{"@id":"https:\/\/gradido.net\/entdecke-die-neuen-gradido-kreise\/"},"wordCount":359,"publisher":{"@id":"https:\/\/gradido.net\/de\/#organization"},"image":{"@id":"https:\/\/gradido.net\/entdecke-die-neuen-gradido-kreise\/#primaryimage"},"thumbnailUrl":"https:\/\/gradido.net\/wp-content\/uploads\/2024\/09\/Gradido-Kreise.jpg","articleSection":["Blog","Community","Gradido-Konto"],"inLanguage":"et"},{"@type":"WebPage","@id":"https:\/\/gradido.net\/entdecke-die-neuen-gradido-kreise\/","url":"https:\/\/gradido.net\/entdecke-die-neuen-gradido-kreise\/","name":"Avasta uued Gradido ringid - Gradido","isPartOf":{"@id":"https:\/\/gradido.net\/de\/#website"},"primaryImageOfPage":{"@id":"https:\/\/gradido.net\/entdecke-die-neuen-gradido-kreise\/#primaryimage"},"image":{"@id":"https:\/\/gradido.net\/entdecke-die-neuen-gradido-kreise\/#primaryimage"},"thumbnailUrl":"https:\/\/gradido.net\/wp-content\/uploads\/2024\/09\/Gradido-Kreise.jpg","datePublished":"2024-08-30T09:25:03+00:00","dateModified":"2026-04-24T05:59:50+00:00","description":"Kas olete seda juba n\u00e4inud? Alates mai l\u00f5pust on meil kasutusel meie uus kogukonnaplatvorm, mida me nimetame Gradido Circles. N\u00fc\u00fcd saad teiste Gradido osalejatega suhelda turvalistes ruumides (mida nimetatakse \"Spaces\") ja saada \u00fcha rohkem kontakti.","breadcrumb":{"@id":"https:\/\/gradido.net\/entdecke-die-neuen-gradido-kreise\/#breadcrumb"},"inLanguage":"et","potentialAction":[{"@type":"ReadAction","target":["https:\/\/gradido.net\/entdecke-die-neuen-gradido-kreise\/"]}]},{"@type":"ImageObject","inLanguage":"et","@id":"https:\/\/gradido.net\/entdecke-die-neuen-gradido-kreise\/#primaryimage","url":"https:\/\/gradido.net\/wp-content\/uploads\/2024\/09\/Gradido-Kreise.jpg","contentUrl":"https:\/\/gradido.net\/wp-content\/uploads\/2024\/09\/Gradido-Kreise.jpg","width":1280,"height":720},{"@type":"BreadcrumbList","@id":"https:\/\/gradido.net\/entdecke-die-neuen-gradido-kreise\/#breadcrumb","itemListElement":[{"@type":"ListItem","position":1,"name":"Startseite","item":"https:\/\/gradido.net\/"},{"@type":"ListItem","position":2,"name":"Entdecke die neuen Gradido-Kreise"}]},{"@type":"WebSite","@id":"https:\/\/gradido.net\/de\/#website","url":"https:\/\/gradido.net\/de\/","name":"Gradido","description":"Uus valuuta on t\u00e4nulikkus","publisher":{"@id":"https:\/\/gradido.net\/de\/#organization"},"potentialAction":[{"@type":"SearchAction","target":{"@type":"EntryPoint","urlTemplate":"https:\/\/gradido.net\/de\/?s={search_term_string}"},"query-input":{"@type":"PropertyValueSpecification","valueRequired":true,"valueName":"search_term_string"}}],"inLanguage":"et"},{"@type":"Organization","@id":"https:\/\/gradido.net\/de\/#organization","name":"Gradido","url":"https:\/\/gradido.net\/de\/","logo":{"@type":"ImageObject","inLanguage":"et","@id":"https:\/\/gradido.net\/de\/#\/schema\/logo\/image\/","url":"https:\/\/gradido.net\/wp-content\/uploads\/2022\/04\/gradido-social.jpg","contentUrl":"https:\/\/gradido.net\/wp-content\/uploads\/2022\/04\/gradido-social.jpg","width":527,"height":273,"caption":"Gradido"},"image":{"@id":"https:\/\/gradido.net\/de\/#\/schema\/logo\/image\/"}},{"@type":"Person","@id":"https:\/\/gradido.net\/de\/#\/schema\/person\/9c503a004ad15a1ddecadce2218db5d1","name":"Bernd H\u00fcckst\u00e4dt","sameAs":["https:\/\/gradido.net"],"url":"https:\/\/gradido.net\/et\/author\/bernd\/"}]}},"_links":{"self":[{"href":"https:\/\/gradido.net\/et\/wp-json\/wp\/v2\/posts\/9470","targetHints":{"allow":["GET"]}}],"collection":[{"href":"https:\/\/gradido.net\/et\/wp-json\/wp\/v2\/posts"}],"about":[{"href":"https:\/\/gradido.net\/et\/wp-json\/wp\/v2\/types\/post"}],"author":[{"embeddable":true,"href":"https:\/\/gradido.net\/et\/wp-json\/wp\/v2\/users\/2"}],"replies":[{"embeddable":true,"href":"https:\/\/gradido.net\/et\/wp-json\/wp\/v2\/comments?post=9470"}],"version-history":[{"count":17,"href":"https:\/\/gradido.net\/et\/wp-json\/wp\/v2\/posts\/9470\/revisions"}],"predecessor-version":[{"id":13583,"href":"https:\/\/gradido.net\/et\/wp-json\/wp\/v2\/posts\/9470\/revisions\/13583"}],"wp:featuredmedia":[{"embeddable":true,"href":"https:\/\/gradido.net\/et\/wp-json\/wp\/v2\/media\/9472"}],"wp:attachment":[{"href":"https:\/\/gradido.net\/et\/wp-json\/wp\/v2\/media?parent=9470"}],"wp:term":[{"taxonomy":"category","embeddable":true,"href":"https:\/\/gradido.net\/et\/wp-json\/wp\/v2\/categories?post=9470"},{"taxonomy":"post_tag","embeddable":true,"href":"https:\/\/gradido.net\/et\/wp-json\/wp\/v2\/tags?post=9470"}],"curies":[{"name":"wp","href":"https:\/\/api.w.org\/{rel}","templated":true}]}}