{"id":1056,"date":"2020-11-11T12:43:41","date_gmt":"2020-11-11T11:43:41","guid":{"rendered":"https:\/\/gradido.net\/?p=1056"},"modified":"2021-12-11T13:01:11","modified_gmt":"2021-12-11T12:01:11","slug":"gastronomie-braucht-aktives-grundeinkommen","status":"publish","type":"post","link":"https:\/\/gradido.net\/fi\/gastronomie-braucht-aktives-grundeinkommen\/","title":{"rendered":"Gastronomia tarvitsee aktiivista perustuloa"},"content":{"rendered":"<div data-elementor-type=\"wp-post\" data-elementor-id=\"1056\" class=\"elementor elementor-1056\" data-elementor-post-type=\"post\">\n\t\t\t\t\t\t<section class=\"elementor-section elementor-top-section elementor-element elementor-element-496e1d53 elementor-section-boxed elementor-section-height-default elementor-section-height-default\" data-id=\"496e1d53\" data-element_type=\"section\" data-e-type=\"section\">\n\t\t\t\t\t\t<div class=\"elementor-container elementor-column-gap-default\">\n\t\t\t\t\t<div class=\"elementor-column elementor-col-100 elementor-top-column elementor-element elementor-element-461d7be0\" data-id=\"461d7be0\" data-element_type=\"column\" data-e-type=\"column\">\n\t\t\t<div class=\"elementor-widget-wrap elementor-element-populated\">\n\t\t\t\t\t\t<div class=\"elementor-element elementor-element-cd9ebe2 elementor-widget elementor-widget-text-editor\" data-id=\"cd9ebe2\" data-element_type=\"widget\" data-e-type=\"widget\" data-widget_type=\"text-editor.default\">\n\t\t\t\t<div class=\"elementor-widget-container\">\n\t\t\t\t\t\t\t\t\t<h2>Tyrm\u00e4ys Lockdownin kautta?<\/h2><p><b>K\u00fcnzelsau, 11.11.2020 - Uudistunut lukitus asettaa ravintola-alan todellisen kauhuskenaarion eteen. Alalla odotetaan k\u00e4sitt\u00e4m\u00e4tt\u00f6m\u00e4n suurta konkurssien aaltoa. T\u00e4n\u00e4 vuonna tapahtuneen r\u00e4ike\u00e4n liikevaihdon laskun vuoksi kolmasosa ravintoloista, kahviloista, pubeista, baareista, pitopalveluista ja tapahtumapaikoista on vaarassa kuolla sukupuuttoon. Ja suuntaus on nouseva. Monia uhanalaisia yrityksi\u00e4, joissa on lukemattomia ty\u00f6paikkoja ja oppisopimuskoulutusta, ei voida pysyv\u00e4sti pelastaa tarjotulla \"marraskuun tuella\". Vain 24 prosenttia ravintoloitsijoista uskoo edelleen avaavansa ovensa joulukuussa. Kolme nelj\u00e4sosaa olettaa, ett\u00e4 my\u00f6s heid\u00e4n joululiiketoimintansa joutuu toimintakiellon uhriksi - ja reagoivat siihen eroavasti, vihaisesti tai ep\u00e4toivoisesti. Jotta alan t\u00e4ydellinen romahdus voitaisiin est\u00e4\u00e4, tarvitaan perustavanlaatuisesti uusia toimia kriisitilanteisiin puuttumiseksi ja oman olemassaolon turvaamiseksi. Gradido Academy for Economic Bionics on kehitt\u00e4nyt t\u00e4t\u00e4 varten uudenlaisen talous- ja rahoitusj\u00e4rjestelm\u00e4n. K\u00e4\u00e4ntym\u00e4ll\u00e4 pois nykyisest\u00e4 velkarahaperiaatteesta, innovatiivisella l\u00e4hestymistavalla rahan luomiseen ja \"aktiivisella perustulolla\" Gradidon malli n\u00e4ytt\u00e4\u00e4 lupaavan tien ulos kriisist\u00e4. <\/b><\/p><p>Yhdistykset, ammattiliitot ja asianomaiset kiinnitt\u00e4v\u00e4t valituksilla, vetoomuksilla ja kiihkeill\u00e4 kirjeill\u00e4 \u00e4\u00e4nekk\u00e4\u00e4sti ja selv\u00e4sti huomiota siihen, mit\u00e4 seurauksia uudesta lukituksesta aiheutuu hotelli- ja ravintola-alalle. He ep\u00e4ilev\u00e4t niiden toimenpiteiden j\u00e4rkevyytt\u00e4, joilla yhteyksi\u00e4 siirret\u00e4\u00e4n julkisista huoneista yksityisiin huoneisiin, ja ovat eritt\u00e4in pettyneit\u00e4 siihen, ett\u00e4 vieraiden maksimaaliseen turvallisuuteen t\u00e4ht\u00e4\u00e4vi\u00e4 monimutkaisia suunnitelmia ja suuria taloudellisia investointeja ei arvosteta. My\u00f6s alan edustajat h\u00e4lytt\u00e4v\u00e4t kaikin voimin, koska lukemattomat yritykset ovat joutumassa lopulliseen tuhoonsa uusitun sulkemisen vuoksi. Vaarassa eiv\u00e4t ole ainoastaan niiden ty\u00f6paikat, joita asia suoraan koskee, vaan my\u00f6s lukuisat toimitusketjujen, panimoiden ja juomien tukkukauppiaiden ty\u00f6ntekij\u00f6iden toimeentulo. My\u00f6s oppisopimuskoulutettavia odottavat tuhoisat n\u00e4kym\u00e4t. Saksan teollisuus- ja kauppakamarien liiton (DIH) tekem\u00e4n selvityksen mukaan ravintola-ala pystyy todenn\u00e4k\u00f6isesti tarjoamaan uudeksi koulutusvuodeksi 30 prosenttia v\u00e4hemm\u00e4n oppisopimuspaikkoja kuin edellisen\u00e4 vuonna.<\/p><p>Gradido Academy for Business Bionics -akatemian toinen perustaja Bernd H\u00fcckst\u00e4dt suhtautuu t\u00e4h\u00e4n kehitykseen yh\u00e4 huolestuneempana: \"Emme voi vakauttaa talouttamme lupaamalla huimia m\u00e4\u00e4ri\u00e4 siltatukea er\u00e4\u00e4nlaisena pikaratkaisuna jokaiselle alalle, joka kiellet\u00e4\u00e4n ammattikunnalta t\u00e4n\u00e4 vuonna. Ensinn\u00e4kin kukaan ei tied\u00e4, kuka koskaan maksaa t\u00e4ll\u00e4 tavoin syntyneit\u00e4 velkavuoristoja. Toisaalta t\u00e4m\u00e4 n\u00e4enn\u00e4isen runsas \"h\u00e4t\u00e4apu\" ei edes tavoita kaikkia k\u00e4rsivi\u00e4, on my\u00f6s alusta alkaen riitt\u00e4m\u00e4t\u00f6nt\u00e4 eik\u00e4 luo mink\u00e4\u00e4nlaista perspektiivi\u00e4.\" Gradido-akatemian talousbioniikan asiantuntijoiden mielest\u00e4 talouden ja politiikan nykyiset valtavat haasteet voidaan voittaa vain k\u00e4\u00e4ntym\u00e4ll\u00e4 kohti kest\u00e4v\u00e4\u00e4 ja lapsenlapsiyst\u00e4v\u00e4llist\u00e4 talous- ja rahoitusj\u00e4rjestelm\u00e4\u00e4.<\/p><h4>Gradido-malli<\/h4><p>Gradido Academy for Economic Bionics on kehitt\u00e4nyt 20 vuoden tutkimusty\u00f6n aikana samannimisen vankan ja kest\u00e4v\u00e4n talous- ja rahoitusj\u00e4rjestelm\u00e4n. Se perustuu luonnon peruslakeihin, ja n\u00e4in ollen siin\u00e4 my\u00f6s luovutaan vallitsevasta velkarahaperiaatteesta. H\u00fcckst\u00e4dt selitt\u00e4\u00e4: \"Vanhassa rahoitusj\u00e4rjestelm\u00e4ss\u00e4 yhden henkil\u00f6n luotto on v\u00e4ist\u00e4m\u00e4tt\u00e4 toisen henkil\u00f6n velka. Luonto ei kuitenkaan tunne velkoja. N\u00e4in ollen yhteisen hyv\u00e4n valuutan Gradido (GDD) luodaan luottona kaikille ilman velkaa. Nykyisen kaltaiset talouskriisit voitaisiin hallita Gradido-mallin avulla ilman, ett\u00e4 tulevia sukupolvia rasitetaan.\"<\/p><h4>\"Aktiivinen perustulo\" tarjoaa toimeentuloturvan<\/h4><p>Aktiivinen perustulo on l\u00e4ht\u00f6isin \"ehdottomasta osallistumisesta\". Jokaiselle henkil\u00f6lle on kuukausittain saatavilla 1 000 gradidoa (GDD) yhteishy\u00f6dykevaluuttaa perustulona. Yksi Gradido vastaa yhden euron arvoa. Enint\u00e4\u00e4n 50 tunnista kuukaudessa maksetaan 20 GDD:n suuruinen kuukausipalkkio. T\u00e4m\u00e4 summa on tarkoitettu toimeentulon turvaavaksi perusm\u00e4\u00e4r\u00e4ksi, jota voidaan t\u00e4ydent\u00e4\u00e4 muilla tuloilla. Ne, jotka haluavat hy\u00f6dynt\u00e4\u00e4 aktiivista perustuloa, voivat antaa panoksensa yhteis\u00f6lle miss\u00e4 i\u00e4ss\u00e4 tahansa henkil\u00f6kohtaisten kykyjens\u00e4, taipumustensa ja mahdollisuuksiensa avulla. Jopa ammatillisen kriisin aikana perustulon voi siis saada ilman tarveharkintaa tai tarveharkintaa. Lis\u00e4ksi \"aktiivisen perustulon\" ja \"ehdottoman osallistumisen\" k\u00e4sitteess\u00e4 otetaan huomioon my\u00f6s se, ett\u00e4 tulevissa ty\u00f6el\u00e4m\u00e4ss\u00e4 on aina taukoja tai jopa aukkoja, jotka ovat t\u00e4ysin riippumattomia talous- ja rahoituskriiseist\u00e4. Gradidon perustulon ansiosta t\u00e4llaiset mullistusvaiheet menett\u00e4v\u00e4t eksistentiaalisen kauhunsa.<\/p><h4>\"Ehdoton osallistuminen\" kaikissa el\u00e4m\u00e4nvaiheissa<\/h4><p>Jokainen henkil\u00f6 saa ottaa vastaan teht\u00e4v\u00e4n, jota h\u00e4n mielell\u00e4\u00e4n tekee \"aktiivisen perustulon\" vuoksi. T\u00e4ss\u00e4 yhteydess\u00e4 h\u00e4n voisi toimia my\u00f6s m\u00e4\u00e4r\u00e4tyn \"ammattikiellon\" aikana. Sen lis\u00e4ksi, ett\u00e4 \"Ehdottoman osallistumisen\" periaate tarjoaa mahdollisuuden l\u00f6yt\u00e4\u00e4 uusia intohimoja ja tavoitteita, se antaa mahdollisuuden harjoittaa mielek\u00e4st\u00e4 toimintaa kaikissa el\u00e4m\u00e4n- ja uravaiheissa. Ilman eksistentiaalista pelkoa jokainen voi tehd\u00e4 sit\u00e4, mit\u00e4 h\u00e4n haluaisi tehd\u00e4 koko syd\u00e4mest\u00e4\u00e4n - toisin sanoen seurata sis\u00e4ist\u00e4 kutsumustaan. Luomisen ilo on paras edellytys menestymiselle kaikilla tasoilla.<\/p><h4>Kolminkertainen hyvinvointi ja kolminkertainen rahanluonti<\/h4><p>Gradidon eettinen perusperiaate perustuu yksil\u00f6n hyvinvoinnin yhteensovittamiseen yhteis\u00f6n ja suuremman kokonaisuuden - luonnon ja ymp\u00e4rist\u00f6n - hyvinvoinnin kanssa. Yksil\u00f6 on osa yhteis\u00f6\u00e4, valtiota, ja t\u00e4m\u00e4 puolestaan on osa \"kokonaisuutta\", ekosysteemi\u00e4. N\u00e4in ollen asukasta kohti otetaan 3 \u00d7 1 000 gradidoa. 1 000 gradidoa aktiivista perustuloa, valtion talousarviota sek\u00e4 tasaus- ja ymp\u00e4rist\u00f6rahastoa varten.<\/p><h4>Gradidon filosofia<\/h4><p>\"K\u00e4sityksemme 'yhteisest\u00e4 hyv\u00e4st\u00e4' on, ett\u00e4 jokaiselle ihmiselle tarjotaan aina kaikki el\u00e4m\u00e4n v\u00e4ltt\u00e4m\u00e4tt\u00f6myydet ja ett\u00e4 h\u00e4n tiet\u00e4\u00e4, ett\u00e4 h\u00e4nen toiveensa ja huolensa hyv\u00e4ksyt\u00e4\u00e4n\", Gradido Academyn perustaja ja toimitusjohtaja Margret Baier selitt\u00e4\u00e4 mallin perusperiaatetta. H\u00e4n lis\u00e4\u00e4: \"Vain silloin, kun jokainen saa olla el\u00e4v\u00e4 osa yhteis\u00f6\u00e4, syntyy my\u00f6s kriiseist\u00e4 selviytymiseen tarvittava solidaarisuus ja vastuuntuntoisuus. Nykyisen kaltaisessa tilanteessa voisimme reagoida joustavasti suojatoimenpiteisiin aiheuttamatta taloudellisia vaikeuksia. Voimme l\u00f6yt\u00e4\u00e4 paljon eriytyneempi\u00e4 l\u00e4hestymistapoja ratkaisuihin ja v\u00e4hent\u00e4\u00e4 kohtalokkaat haittavaikutukset minimiin, jos Gradidon malli toimii ennakkotapauksena.\"<\/p><p>Yksityiskohtaiset tiedot koko Gradido-mallista osoitteessa <a href=\"https:\/\/gradido.net\/fi\/\">https:\/\/gradido.net<\/a><\/p><p><!-- \/wp:paragraph --><\/p>\t\t\t\t\t\t\t\t<\/div>\n\t\t\t\t<\/div>\n\t\t\t\t<div class=\"elementor-element elementor-element-e9ff241 elementor-widget elementor-widget-text-editor\" data-id=\"e9ff241\" data-element_type=\"widget\" data-e-type=\"widget\" data-widget_type=\"text-editor.default\">\n\t\t\t\t<div class=\"elementor-widget-container\">\n\t\t\t\t\t\t\t\t\t<p><strong>Tietoa Gradido Akatemiasta<\/strong><br>Gradido Academy for Economic Bionics on kehitt\u00e4nyt vaihtoehtoisen \"yhteisen hyv\u00e4n valuutan\", jonka mallina on luonto. Luonto noudattaa s\u00e4\u00e4nt\u00f6\u00e4, jonka mukaan vain siell\u00e4, miss\u00e4 jokin h\u00e4vi\u00e4\u00e4, voi synty\u00e4 jotain uutta, ja n\u00e4in ollen pitk\u00e4n aikav\u00e4lin kehitys (evoluutio) on mahdollista. Sen menestysresepti on \"el\u00e4m\u00e4n kiertokulku\". Jos meid\u00e4nkin taloutemme noudattaisi t\u00e4t\u00e4 luonnollista sykli\u00e4, se ratkaisisi k\u00e4yt\u00e4nn\u00f6ss\u00e4 kaikki maailman rahaan liittyv\u00e4t ongelmat, sanovat talousbioniikan asiantuntijat. Gradido-malli perustuu ajatukseen, jonka mukaan jokainen henkil\u00f6 ja my\u00f6s jokainen valtio saa tuloja, jotka on luotu luottoperusteisesti. N\u00e4in se voi hoitaa kaikki teht\u00e4v\u00e4ns\u00e4 ker\u00e4\u00e4m\u00e4tt\u00e4 veroja. Deflaatio tai inflaatio ovat menneisyytt\u00e4. Talous vapautuu jatkuvasta kasvupakosta, ja rahoitusj\u00e4rjestelm\u00e4n romahduksen vaara on vihdoin torjuttu. (<a href=\"https:\/\/gradido.net\/fi\/\">www.gradido.net<\/a>)<\/p>\t\t\t\t\t\t\t\t<\/div>\n\t\t\t\t<\/div>\n\t\t\t\t\t<\/div>\n\t\t<\/div>\n\t\t\t\t\t<\/div>\n\t\t<\/section>\n\t\t\t\t<\/div>","protected":false},"excerpt":{"rendered":"<p>Knockout durch Lockdown? K\u00fcnzelsau, 11.11.2020 \u2013 Der erneute Lockdown beschert der Gastronomie ein wahres Horrorszenario. Die Branche rechnet mit einer Pleitewelle unvorstellbaren Ausma\u00dfes. Aufgrund der eklatanten Umsatzeinbu\u00dfen in diesem Jahr droht einem Drittel der Restaurants, Caf\u00e9s, Wirtsh\u00e4user, Kneipen, Bars, Caterer und Eventlocations das Aus. Tendenz steigend. Viele der bedrohten Unternehmen mit unz\u00e4hligen Arbeits- und Ausbildungspl\u00e4tzen [&hellip;]<\/p>\n","protected":false},"author":2,"featured_media":1067,"comment_status":"closed","ping_status":"closed","sticky":false,"template":"","format":"standard","meta":{"footnotes":""},"categories":[8],"tags":[],"class_list":["post-1056","post","type-post","status-publish","format-standard","has-post-thumbnail","hentry","category-pressemitteilung"],"yoast_head":"<!-- This site is optimized with the Yoast SEO plugin v27.5 - https:\/\/yoast.com\/product\/yoast-seo-wordpress\/ -->\n<title>Gastronomie braucht \u201aAktives Grundeinkommen\u2018 - Gradido<\/title>\n<meta name=\"robots\" content=\"index, follow, max-snippet:-1, max-image-preview:large, max-video-preview:-1\" \/>\n<link rel=\"canonical\" href=\"https:\/\/gradido.net\/fi\/gastronomie-braucht-aktives-grundeinkommen\/\" \/>\n<meta property=\"og:locale\" content=\"fi_FI\" \/>\n<meta property=\"og:type\" content=\"article\" \/>\n<meta property=\"og:title\" content=\"Gastronomie braucht \u201aAktives Grundeinkommen\u2018 - Gradido\" \/>\n<meta property=\"og:description\" content=\"Knockout durch Lockdown? K\u00fcnzelsau, 11.11.2020 \u2013 Der erneute Lockdown beschert der Gastronomie ein wahres Horrorszenario. Die Branche rechnet mit einer Pleitewelle unvorstellbaren Ausma\u00dfes. Aufgrund der eklatanten Umsatzeinbu\u00dfen in diesem Jahr droht einem Drittel der Restaurants, Caf\u00e9s, Wirtsh\u00e4user, Kneipen, Bars, Caterer und Eventlocations das Aus. Tendenz steigend. Viele der bedrohten Unternehmen mit unz\u00e4hligen Arbeits- und Ausbildungspl\u00e4tzen [&hellip;]\" \/>\n<meta property=\"og:url\" content=\"https:\/\/gradido.net\/fi\/gastronomie-braucht-aktives-grundeinkommen\/\" \/>\n<meta property=\"og:site_name\" content=\"Gradido\" \/>\n<meta property=\"article:published_time\" content=\"2020-11-11T11:43:41+00:00\" \/>\n<meta property=\"article:modified_time\" content=\"2021-12-11T12:01:11+00:00\" \/>\n<meta property=\"og:image\" content=\"https:\/\/gradido.net\/wp-content\/uploads\/2020\/11\/gastronomie_pausemodus.jpg\" \/>\n\t<meta property=\"og:image:width\" content=\"1079\" \/>\n\t<meta property=\"og:image:height\" content=\"720\" \/>\n\t<meta property=\"og:image:type\" content=\"image\/jpeg\" \/>\n<meta name=\"author\" content=\"Bernd H\u00fcckst\u00e4dt\" \/>\n<meta name=\"twitter:card\" content=\"summary_large_image\" \/>\n<meta name=\"twitter:label1\" content=\"Kirjoittanut\" \/>\n\t<meta name=\"twitter:data1\" content=\"Bernd H\u00fcckst\u00e4dt\" \/>\n\t<meta name=\"twitter:label2\" content=\"Arvioitu lukuaika\" \/>\n\t<meta name=\"twitter:data2\" content=\"6 minuuttia\" \/>\n<script type=\"application\/ld+json\" class=\"yoast-schema-graph\">{\"@context\":\"https:\\\/\\\/schema.org\",\"@graph\":[{\"@type\":\"Article\",\"@id\":\"https:\\\/\\\/gradido.net\\\/pt\\\/gastronomie-braucht-aktives-grundeinkommen\\\/#article\",\"isPartOf\":{\"@id\":\"https:\\\/\\\/gradido.net\\\/pt\\\/gastronomie-braucht-aktives-grundeinkommen\\\/\"},\"author\":{\"name\":\"Bernd H\u00fcckst\u00e4dt\",\"@id\":\"https:\\\/\\\/gradido.net\\\/de\\\/#\\\/schema\\\/person\\\/9c503a004ad15a1ddecadce2218db5d1\"},\"headline\":\"Gastronomie braucht \u201aAktives Grundeinkommen\u2018\",\"datePublished\":\"2020-11-11T11:43:41+00:00\",\"dateModified\":\"2021-12-11T12:01:11+00:00\",\"mainEntityOfPage\":{\"@id\":\"https:\\\/\\\/gradido.net\\\/pt\\\/gastronomie-braucht-aktives-grundeinkommen\\\/\"},\"wordCount\":1170,\"publisher\":{\"@id\":\"https:\\\/\\\/gradido.net\\\/de\\\/#organization\"},\"image\":{\"@id\":\"https:\\\/\\\/gradido.net\\\/pt\\\/gastronomie-braucht-aktives-grundeinkommen\\\/#primaryimage\"},\"thumbnailUrl\":\"https:\\\/\\\/gradido.net\\\/wp-content\\\/uploads\\\/2020\\\/11\\\/gastronomie_pausemodus.jpg\",\"articleSection\":[\"Pressemitteilung\"],\"inLanguage\":\"fi\"},{\"@type\":\"WebPage\",\"@id\":\"https:\\\/\\\/gradido.net\\\/pt\\\/gastronomie-braucht-aktives-grundeinkommen\\\/\",\"url\":\"https:\\\/\\\/gradido.net\\\/pt\\\/gastronomie-braucht-aktives-grundeinkommen\\\/\",\"name\":\"Gastronomie braucht \u201aAktives Grundeinkommen\u2018 - Gradido\",\"isPartOf\":{\"@id\":\"https:\\\/\\\/gradido.net\\\/de\\\/#website\"},\"primaryImageOfPage\":{\"@id\":\"https:\\\/\\\/gradido.net\\\/pt\\\/gastronomie-braucht-aktives-grundeinkommen\\\/#primaryimage\"},\"image\":{\"@id\":\"https:\\\/\\\/gradido.net\\\/pt\\\/gastronomie-braucht-aktives-grundeinkommen\\\/#primaryimage\"},\"thumbnailUrl\":\"https:\\\/\\\/gradido.net\\\/wp-content\\\/uploads\\\/2020\\\/11\\\/gastronomie_pausemodus.jpg\",\"datePublished\":\"2020-11-11T11:43:41+00:00\",\"dateModified\":\"2021-12-11T12:01:11+00:00\",\"breadcrumb\":{\"@id\":\"https:\\\/\\\/gradido.net\\\/pt\\\/gastronomie-braucht-aktives-grundeinkommen\\\/#breadcrumb\"},\"inLanguage\":\"fi\",\"potentialAction\":[{\"@type\":\"ReadAction\",\"target\":[\"https:\\\/\\\/gradido.net\\\/pt\\\/gastronomie-braucht-aktives-grundeinkommen\\\/\"]}]},{\"@type\":\"ImageObject\",\"inLanguage\":\"fi\",\"@id\":\"https:\\\/\\\/gradido.net\\\/pt\\\/gastronomie-braucht-aktives-grundeinkommen\\\/#primaryimage\",\"url\":\"https:\\\/\\\/gradido.net\\\/wp-content\\\/uploads\\\/2020\\\/11\\\/gastronomie_pausemodus.jpg\",\"contentUrl\":\"https:\\\/\\\/gradido.net\\\/wp-content\\\/uploads\\\/2020\\\/11\\\/gastronomie_pausemodus.jpg\",\"width\":1079,\"height\":720,\"caption\":\"Woman restaurant staff cleaning table with alcohol spray wearing glove, face shield and mask before open the restaurant\"},{\"@type\":\"BreadcrumbList\",\"@id\":\"https:\\\/\\\/gradido.net\\\/pt\\\/gastronomie-braucht-aktives-grundeinkommen\\\/#breadcrumb\",\"itemListElement\":[{\"@type\":\"ListItem\",\"position\":1,\"name\":\"Startseite\",\"item\":\"https:\\\/\\\/gradido.net\\\/\"},{\"@type\":\"ListItem\",\"position\":2,\"name\":\"Gastronomie braucht \u201aAktives Grundeinkommen\u2018\"}]},{\"@type\":\"WebSite\",\"@id\":\"https:\\\/\\\/gradido.net\\\/de\\\/#website\",\"url\":\"https:\\\/\\\/gradido.net\\\/de\\\/\",\"name\":\"Gradido\",\"description\":\"Die neue W\u00e4hrung hei\u00dft Dankbarkeit\",\"publisher\":{\"@id\":\"https:\\\/\\\/gradido.net\\\/de\\\/#organization\"},\"potentialAction\":[{\"@type\":\"SearchAction\",\"target\":{\"@type\":\"EntryPoint\",\"urlTemplate\":\"https:\\\/\\\/gradido.net\\\/de\\\/?s={search_term_string}\"},\"query-input\":{\"@type\":\"PropertyValueSpecification\",\"valueRequired\":true,\"valueName\":\"search_term_string\"}}],\"inLanguage\":\"fi\"},{\"@type\":\"Organization\",\"@id\":\"https:\\\/\\\/gradido.net\\\/de\\\/#organization\",\"name\":\"Gradido\",\"url\":\"https:\\\/\\\/gradido.net\\\/de\\\/\",\"logo\":{\"@type\":\"ImageObject\",\"inLanguage\":\"fi\",\"@id\":\"https:\\\/\\\/gradido.net\\\/de\\\/#\\\/schema\\\/logo\\\/image\\\/\",\"url\":\"https:\\\/\\\/gradido.net\\\/wp-content\\\/uploads\\\/2022\\\/04\\\/gradido-social.jpg\",\"contentUrl\":\"https:\\\/\\\/gradido.net\\\/wp-content\\\/uploads\\\/2022\\\/04\\\/gradido-social.jpg\",\"width\":527,\"height\":273,\"caption\":\"Gradido\"},\"image\":{\"@id\":\"https:\\\/\\\/gradido.net\\\/de\\\/#\\\/schema\\\/logo\\\/image\\\/\"}},{\"@type\":\"Person\",\"@id\":\"https:\\\/\\\/gradido.net\\\/de\\\/#\\\/schema\\\/person\\\/9c503a004ad15a1ddecadce2218db5d1\",\"name\":\"Bernd H\u00fcckst\u00e4dt\",\"sameAs\":[\"https:\\\/\\\/gradido.net\"],\"url\":\"https:\\\/\\\/gradido.net\\\/fi\\\/author\\\/bernd\\\/\"}]}<\/script>\n<!-- \/ Yoast SEO plugin. -->","yoast_head_json":{"title":"Gastronomia tarvitsee aktiivista perustuloa - Gradido","robots":{"index":"index","follow":"follow","max-snippet":"max-snippet:-1","max-image-preview":"max-image-preview:large","max-video-preview":"max-video-preview:-1"},"canonical":"https:\/\/gradido.net\/fi\/gastronomie-braucht-aktives-grundeinkommen\/","og_locale":"fi_FI","og_type":"article","og_title":"Gastronomie braucht \u201aAktives Grundeinkommen\u2018 - Gradido","og_description":"Knockout durch Lockdown? K\u00fcnzelsau, 11.11.2020 \u2013 Der erneute Lockdown beschert der Gastronomie ein wahres Horrorszenario. Die Branche rechnet mit einer Pleitewelle unvorstellbaren Ausma\u00dfes. Aufgrund der eklatanten Umsatzeinbu\u00dfen in diesem Jahr droht einem Drittel der Restaurants, Caf\u00e9s, Wirtsh\u00e4user, Kneipen, Bars, Caterer und Eventlocations das Aus. Tendenz steigend. Viele der bedrohten Unternehmen mit unz\u00e4hligen Arbeits- und Ausbildungspl\u00e4tzen [&hellip;]","og_url":"https:\/\/gradido.net\/fi\/gastronomie-braucht-aktives-grundeinkommen\/","og_site_name":"Gradido","article_published_time":"2020-11-11T11:43:41+00:00","article_modified_time":"2021-12-11T12:01:11+00:00","og_image":[{"width":1079,"height":720,"url":"https:\/\/gradido.net\/wp-content\/uploads\/2020\/11\/gastronomie_pausemodus.jpg","type":"image\/jpeg"}],"author":"Bernd H\u00fcckst\u00e4dt","twitter_card":"summary_large_image","twitter_misc":{"Kirjoittanut":"Bernd H\u00fcckst\u00e4dt","Arvioitu lukuaika":"6 minuuttia"},"schema":{"@context":"https:\/\/schema.org","@graph":[{"@type":"Article","@id":"https:\/\/gradido.net\/pt\/gastronomie-braucht-aktives-grundeinkommen\/#article","isPartOf":{"@id":"https:\/\/gradido.net\/pt\/gastronomie-braucht-aktives-grundeinkommen\/"},"author":{"name":"Bernd H\u00fcckst\u00e4dt","@id":"https:\/\/gradido.net\/de\/#\/schema\/person\/9c503a004ad15a1ddecadce2218db5d1"},"headline":"Gastronomie braucht \u201aAktives Grundeinkommen\u2018","datePublished":"2020-11-11T11:43:41+00:00","dateModified":"2021-12-11T12:01:11+00:00","mainEntityOfPage":{"@id":"https:\/\/gradido.net\/pt\/gastronomie-braucht-aktives-grundeinkommen\/"},"wordCount":1170,"publisher":{"@id":"https:\/\/gradido.net\/de\/#organization"},"image":{"@id":"https:\/\/gradido.net\/pt\/gastronomie-braucht-aktives-grundeinkommen\/#primaryimage"},"thumbnailUrl":"https:\/\/gradido.net\/wp-content\/uploads\/2020\/11\/gastronomie_pausemodus.jpg","articleSection":["Pressemitteilung"],"inLanguage":"fi"},{"@type":"WebPage","@id":"https:\/\/gradido.net\/pt\/gastronomie-braucht-aktives-grundeinkommen\/","url":"https:\/\/gradido.net\/pt\/gastronomie-braucht-aktives-grundeinkommen\/","name":"Gastronomia tarvitsee aktiivista perustuloa - Gradido","isPartOf":{"@id":"https:\/\/gradido.net\/de\/#website"},"primaryImageOfPage":{"@id":"https:\/\/gradido.net\/pt\/gastronomie-braucht-aktives-grundeinkommen\/#primaryimage"},"image":{"@id":"https:\/\/gradido.net\/pt\/gastronomie-braucht-aktives-grundeinkommen\/#primaryimage"},"thumbnailUrl":"https:\/\/gradido.net\/wp-content\/uploads\/2020\/11\/gastronomie_pausemodus.jpg","datePublished":"2020-11-11T11:43:41+00:00","dateModified":"2021-12-11T12:01:11+00:00","breadcrumb":{"@id":"https:\/\/gradido.net\/pt\/gastronomie-braucht-aktives-grundeinkommen\/#breadcrumb"},"inLanguage":"fi","potentialAction":[{"@type":"ReadAction","target":["https:\/\/gradido.net\/pt\/gastronomie-braucht-aktives-grundeinkommen\/"]}]},{"@type":"ImageObject","inLanguage":"fi","@id":"https:\/\/gradido.net\/pt\/gastronomie-braucht-aktives-grundeinkommen\/#primaryimage","url":"https:\/\/gradido.net\/wp-content\/uploads\/2020\/11\/gastronomie_pausemodus.jpg","contentUrl":"https:\/\/gradido.net\/wp-content\/uploads\/2020\/11\/gastronomie_pausemodus.jpg","width":1079,"height":720,"caption":"Woman restaurant staff cleaning table with alcohol spray wearing glove, face shield and mask before open the restaurant"},{"@type":"BreadcrumbList","@id":"https:\/\/gradido.net\/pt\/gastronomie-braucht-aktives-grundeinkommen\/#breadcrumb","itemListElement":[{"@type":"ListItem","position":1,"name":"Startseite","item":"https:\/\/gradido.net\/"},{"@type":"ListItem","position":2,"name":"Gastronomie braucht \u201aAktives Grundeinkommen\u2018"}]},{"@type":"WebSite","@id":"https:\/\/gradido.net\/de\/#website","url":"https:\/\/gradido.net\/de\/","name":"Gradido","description":"Uusi valuutta on kiitollisuus","publisher":{"@id":"https:\/\/gradido.net\/de\/#organization"},"potentialAction":[{"@type":"SearchAction","target":{"@type":"EntryPoint","urlTemplate":"https:\/\/gradido.net\/de\/?s={search_term_string}"},"query-input":{"@type":"PropertyValueSpecification","valueRequired":true,"valueName":"search_term_string"}}],"inLanguage":"fi"},{"@type":"Organization","@id":"https:\/\/gradido.net\/de\/#organization","name":"Gradido","url":"https:\/\/gradido.net\/de\/","logo":{"@type":"ImageObject","inLanguage":"fi","@id":"https:\/\/gradido.net\/de\/#\/schema\/logo\/image\/","url":"https:\/\/gradido.net\/wp-content\/uploads\/2022\/04\/gradido-social.jpg","contentUrl":"https:\/\/gradido.net\/wp-content\/uploads\/2022\/04\/gradido-social.jpg","width":527,"height":273,"caption":"Gradido"},"image":{"@id":"https:\/\/gradido.net\/de\/#\/schema\/logo\/image\/"}},{"@type":"Person","@id":"https:\/\/gradido.net\/de\/#\/schema\/person\/9c503a004ad15a1ddecadce2218db5d1","name":"Bernd H\u00fcckst\u00e4dt","sameAs":["https:\/\/gradido.net"],"url":"https:\/\/gradido.net\/fi\/author\/bernd\/"}]}},"_links":{"self":[{"href":"https:\/\/gradido.net\/fi\/wp-json\/wp\/v2\/posts\/1056","targetHints":{"allow":["GET"]}}],"collection":[{"href":"https:\/\/gradido.net\/fi\/wp-json\/wp\/v2\/posts"}],"about":[{"href":"https:\/\/gradido.net\/fi\/wp-json\/wp\/v2\/types\/post"}],"author":[{"embeddable":true,"href":"https:\/\/gradido.net\/fi\/wp-json\/wp\/v2\/users\/2"}],"replies":[{"embeddable":true,"href":"https:\/\/gradido.net\/fi\/wp-json\/wp\/v2\/comments?post=1056"}],"version-history":[{"count":18,"href":"https:\/\/gradido.net\/fi\/wp-json\/wp\/v2\/posts\/1056\/revisions"}],"predecessor-version":[{"id":3742,"href":"https:\/\/gradido.net\/fi\/wp-json\/wp\/v2\/posts\/1056\/revisions\/3742"}],"wp:featuredmedia":[{"embeddable":true,"href":"https:\/\/gradido.net\/fi\/wp-json\/wp\/v2\/media\/1067"}],"wp:attachment":[{"href":"https:\/\/gradido.net\/fi\/wp-json\/wp\/v2\/media?parent=1056"}],"wp:term":[{"taxonomy":"category","embeddable":true,"href":"https:\/\/gradido.net\/fi\/wp-json\/wp\/v2\/categories?post=1056"},{"taxonomy":"post_tag","embeddable":true,"href":"https:\/\/gradido.net\/fi\/wp-json\/wp\/v2\/tags?post=1056"}],"curies":[{"name":"wp","href":"https:\/\/api.w.org\/{rel}","templated":true}]}}