{"id":11565,"date":"2025-09-12T06:04:16","date_gmt":"2025-09-12T04:04:16","guid":{"rendered":"https:\/\/gradido.net\/?p=11565"},"modified":"2026-04-24T07:20:03","modified_gmt":"2026-04-24T05:20:03","slug":"mutmacher-dietmar","status":"publish","type":"post","link":"https:\/\/gradido.net\/fi\/mutmacher-dietmar\/","title":{"rendered":"Miksi emme ole el\u00e4neet n\u00e4in jo kauan?"},"content":{"rendered":"<div data-elementor-type=\"wp-post\" data-elementor-id=\"11565\" class=\"elementor elementor-11565\" data-elementor-post-type=\"post\">\n\t\t\t\t\t\t<section class=\"elementor-section elementor-top-section elementor-element elementor-element-496e1d53 elementor-section-boxed elementor-section-height-default elementor-section-height-default\" data-id=\"496e1d53\" data-element_type=\"section\" data-e-type=\"section\">\n\t\t\t\t\t\t<div class=\"elementor-container elementor-column-gap-default\">\n\t\t\t\t\t<div class=\"elementor-column elementor-col-100 elementor-top-column elementor-element elementor-element-461d7be0\" data-id=\"461d7be0\" data-element_type=\"column\" data-e-type=\"column\">\n\t\t\t<div class=\"elementor-widget-wrap elementor-element-populated\">\n\t\t\t\t\t\t<div class=\"elementor-element elementor-element-cd9ebe2 elementor-widget elementor-widget-text-editor\" data-id=\"cd9ebe2\" data-element_type=\"widget\" data-e-type=\"widget\" data-widget_type=\"text-editor.default\">\n\t\t\t\t<div class=\"elementor-widget-container\">\n\t\t\t\t\t\t\t\t\t<p style=\"text-align: right;\"><em>\"Ymm\u00e4rr\u00e4n, ett\u00e4 Gradidon aika ei ole koskaan ollut niin kyps\u00e4 kuin nyt.\"<\/em> <br \/><em>-\u00a0<\/em><i> Dietmar Kasper<\/i><\/p><div><p>Kun luin Gradidon 100 etua -kirjan vuoden 2013 lopussa, ensimm\u00e4inen ajatukseni oli:<\/p><p><strong>Vau, aivan loistavaa! Miksi emme ole el\u00e4neet n\u00e4in jo kauan?<\/strong><\/p><p>Halusin joka tapauksessa tiet\u00e4\u00e4 siit\u00e4 enemm\u00e4n. Niinp\u00e4 yritin heti soittaa Berndille Gradidosta ja olin t\u00e4ysin yll\u00e4ttynyt voidessani puhua henkil\u00f6kohtaisesti n\u00e4in suuren vision\u00e4\u00e4rin kanssa. Hauskinta oli se, ett\u00e4 kun kysyin h\u00e4nelt\u00e4, miten voisin saada lis\u00e4\u00e4 tietoa Gradidosta, h\u00e4n vastasi: \"Paras paikka on suurl\u00e4hettil\u00e4isseminaarimme Stiersbachissa tammikuussa 2014.\"<\/p><p><strong>T\u00e4m\u00e4 oli alku tutustua Gradidoon paremmin ja osallistua suurl\u00e4hettil\u00e4\u00e4n\u00e4 tuomaan Gradidoa maailmalle.<\/strong><\/p><p>Kun tulin seminaarista kotiin biostetiikkasalongin asiakkaideni luo, kaikki, jotka eiv\u00e4t olleet \"kolme puussa\", olivat innoissaan Gradidosta.<\/p><p>Mutta sitten minun oli tajuttava, ett\u00e4 monet ihmiset eiv\u00e4t ilmeisesti kykene tunnistamaan nerokasta ratkaisua: Korvata velkarahaj\u00e4rjestelm\u00e4, joka on todistettavasti syy kaikkeen k\u00e4rsimykseen ja kurjuuteen t\u00e4ss\u00e4 maailmassa, Luonnollisella el\u00e4m\u00e4ntaloudella.<\/p><p><strong>Sen perusteella, mit\u00e4 olen oppinut, aika ei ole koskaan ollut niin kyps\u00e4 Gradidolle kuin nyt.<\/strong><\/p><p>Viime vuodet ovat osoittaneet, mit\u00e4 ihmiset siet\u00e4v\u00e4t. Ja kuinka voimakkaasti tiedotusv\u00e4lineet hallitsevat ihmisi\u00e4 pelon, paniikin ja kohdennettujen uutisten avulla.<\/p><p>Rukoilen nopeaa her\u00e4\u00e4mist\u00e4 ja luonnonlain oivaltamista: Minne k\u00e4\u00e4nn\u00e4n huomioni, sinne energiani virtaa.<\/p><p><strong>Gradido velkarahaj\u00e4rjestelm\u00e4n sijaan.<\/strong><\/p><p><strong>Tieto luo vapautta nykyisen kouluj\u00e4rjestelm\u00e4n sijaan, jossa keskityt\u00e4\u00e4n virheisiin.<\/strong><\/p><p><strong>Salutogeneesi sairausj\u00e4rjestelm\u00e4n sijaan.<\/strong><\/p><p>Toivon, ett\u00e4 yh\u00e4 useammat ihmiset ymm\u00e4rt\u00e4v\u00e4t, miten loistava Gradido on ihmisperheellemme, kun heid\u00e4n pyrkimystens\u00e4 l\u00e4ht\u00f6kohdaksi tulee \"El\u00e4m\u00e4 rauhassa ja sopusoinnussa luonnon kanssa\"!<\/p><p><strong>Maapallomme ja luontomme ansaitsevat sen!<\/strong><\/p><p>Yst\u00e4v\u00e4llisin terveisin<\/p><p>Dietmar<\/p><p><a href=\"http:\/\/www.gesund-sein-ist-cool.de\/\" target=\"_blank\" rel=\"noopener\">www.gesund-sein-ist-cool.de<\/a><\/p><\/div><div><div dir=\"ltr\">\u00a0<\/div><\/div>\t\t\t\t\t\t\t\t<\/div>\n\t\t\t\t<\/div>\n\t\t\t\t<div class=\"elementor-element elementor-element-db3fa8e elementor-widget-divider--view-line elementor-widget elementor-widget-divider\" data-id=\"db3fa8e\" data-element_type=\"widget\" data-e-type=\"widget\" data-widget_type=\"divider.default\">\n\t\t\t\t<div class=\"elementor-widget-container\">\n\t\t\t\t\t\t\t<div class=\"elementor-divider\">\n\t\t\t<span class=\"elementor-divider-separator\">\n\t\t\t\t\t\t<\/span>\n\t\t<\/div>\n\t\t\t\t\t\t<\/div>\n\t\t\t\t<\/div>\n\t\t\t\t<div class=\"elementor-element elementor-element-d74dfa0 elementor-widget elementor-widget-text-editor\" data-id=\"d74dfa0\" data-element_type=\"widget\" data-e-type=\"widget\" data-widget_type=\"text-editor.default\">\n\t\t\t\t<div class=\"elementor-widget-container\">\n\t\t\t\t\t\t\t\t\t<div data-pm-slice=\"1 1 []\" data-en-clipboard=\"true\"><h4>Liity mukaan - odotamme innolla sinun liikuttavaa tarinaasi!<\/h4><p><strong>L\u00e4het\u00e4 postisi osoitteeseen: <a href=\"mailto:support@gradido.net\">support@gradido.net<\/a><\/strong><\/p><p>Yhdess\u00e4 kasvamme yli itsemme!<\/p><p>Syv\u00e4ll\u00e4 kiitollisuudella ja solidaarisuudella<\/p><p><span style=\"font-family: -apple-system, BlinkMacSystemFont, 'Segoe UI', Roboto, 'Helvetica Neue', Arial, 'Noto Sans', sans-serif, 'Apple Color Emoji', 'Segoe UI Emoji', 'Segoe UI Symbol', 'Noto Color Emoji';\">Teid\u00e4n<\/span><\/p><\/div><p><img decoding=\"async\" class=\"alignnone wp-image-4614 size-medium\" src=\"https:\/\/gradido.net\/wp-content\/uploads\/2022\/06\/MargretBernd_2022-300x74.png\" alt=\"\" width=\"300\" height=\"74\" srcset=\"https:\/\/gradido.net\/wp-content\/uploads\/2022\/06\/MargretBernd_2022-300x74.png 300w, https:\/\/gradido.net\/wp-content\/uploads\/2022\/06\/MargretBernd_2022-18x4.png 18w, https:\/\/gradido.net\/wp-content\/uploads\/2022\/06\/MargretBernd_2022.png 431w\" sizes=\"(max-width: 300px) 100vw, 300px\" \/><\/p><p>Margret Baier ja Bernd H\u00fcckst\u00e4dt<br \/>Gradidon perustaja ja kehitt\u00e4j\u00e4<\/p>\t\t\t\t\t\t\t\t<\/div>\n\t\t\t\t<\/div>\n\t\t\t\t\t<\/div>\n\t\t<\/div>\n\t\t\t\t\t<\/div>\n\t\t<\/section>\n\t\t\t\t<section class=\"elementor-section elementor-top-section elementor-element elementor-element-14532fe elementor-section-boxed elementor-section-height-default elementor-section-height-default\" data-id=\"14532fe\" data-element_type=\"section\" data-e-type=\"section\">\n\t\t\t\t\t\t<div class=\"elementor-container elementor-column-gap-default\">\n\t\t\t\t\t<div class=\"elementor-column elementor-col-100 elementor-top-column elementor-element elementor-element-65d2298\" data-id=\"65d2298\" data-element_type=\"column\" data-e-type=\"column\">\n\t\t\t<div class=\"elementor-widget-wrap elementor-element-populated\">\n\t\t\t\t\t\t<div class=\"elementor-element elementor-element-bea124f elementor-widget elementor-widget-text-editor\" data-id=\"bea124f\" data-element_type=\"widget\" data-e-type=\"widget\" data-widget_type=\"text-editor.default\">\n\t\t\t\t<div class=\"elementor-widget-container\">\n\t\t\t\t\t\t\t\t\t<p><strong>PS:\u00a0<span style=\"color: #ff6600;\"><a style=\"color: #ff6600;\" href=\"https:\/\/gradido.net\/fi\/donations\/\">Koska Gradidon merkitys kasvaa jatkuvasti, toistamme kiitollisuuskampanjamme 25. lokakuuta 2025:<\/a>\u00a0<\/span><span style=\"color: #0000ff;\"><a style=\"color: #0000ff;\" href=\"https:\/\/gradido.net\/fi\/donations\/\">Sen lis\u00e4ksi, ett\u00e4 saamme sponsorointirahoituksestasi moninkertaisen GradidoTransformin, lis\u00e4\u00e4mme kaikkien GDT-tilien saldoja 25%:ll\u00e4 25.10.25. p\u00e4iv\u00e4. Sponsoroi nyt ja nauti moninkertaisesta m\u00e4\u00e4r\u00e4st\u00e4 GDT:t\u00e4!<\/a><\/span><\/strong><\/p>\t\t\t\t\t\t\t\t<\/div>\n\t\t\t\t<\/div>\n\t\t\t\t\t<\/div>\n\t\t<\/div>\n\t\t\t\t\t<\/div>\n\t\t<\/section>\n\t\t\t\t<section class=\"elementor-section elementor-top-section elementor-element elementor-element-29dfc07 elementor-section-boxed elementor-section-height-default elementor-section-height-default\" data-id=\"29dfc07\" data-element_type=\"section\" data-e-type=\"section\">\n\t\t\t\t\t\t<div class=\"elementor-container elementor-column-gap-default\">\n\t\t\t\t\t<div class=\"elementor-column elementor-col-100 elementor-top-column elementor-element elementor-element-d37ec5a\" data-id=\"d37ec5a\" data-element_type=\"column\" data-e-type=\"column\">\n\t\t\t<div class=\"elementor-widget-wrap\">\n\t\t\t\t\t\t\t<\/div>\n\t\t<\/div>\n\t\t\t\t\t<\/div>\n\t\t<\/section>\n\t\t\t\t<section class=\"elementor-section elementor-top-section elementor-element elementor-element-b3bbb9b elementor-section-boxed elementor-section-height-default elementor-section-height-default\" data-id=\"b3bbb9b\" data-element_type=\"section\" data-e-type=\"section\">\n\t\t\t\t\t\t<div class=\"elementor-container elementor-column-gap-default\">\n\t\t\t\t\t<div class=\"elementor-column elementor-col-100 elementor-top-column elementor-element elementor-element-a7e88ad\" data-id=\"a7e88ad\" data-element_type=\"column\" data-e-type=\"column\">\n\t\t\t<div class=\"elementor-widget-wrap\">\n\t\t\t\t\t\t\t<\/div>\n\t\t<\/div>\n\t\t\t\t\t<\/div>\n\t\t<\/section>\n\t\t\t\t<\/div>","protected":false},"excerpt":{"rendered":"<p>Kun luin Gradidon 100 etua, ensimm\u00e4inen ajatukseni oli: Vau, aivan loistavaa! Miksi emme ole el\u00e4neet n\u00e4in jo kauan? Siit\u00e4 l\u00e4hdin tutustumaan Gradidoon paremmin ja osallistumaan l\u00e4hettil\u00e4\u00e4n\u00e4 Gradidon tuomiseen maailmaan.<\/p>","protected":false},"author":2,"featured_media":11568,"comment_status":"closed","ping_status":"closed","sticky":false,"template":"","format":"standard","meta":{"footnotes":""},"categories":[11,54],"tags":[],"class_list":["post-11565","post","type-post","status-publish","format-standard","has-post-thumbnail","hentry","category-blog","category-community"],"yoast_head":"<!-- This site is optimized with the Yoast SEO plugin v27.5 - https:\/\/yoast.com\/product\/yoast-seo-wordpress\/ -->\n<title>Warum leben wir das nicht schon lange? - Gradido<\/title>\n<meta name=\"description\" content=\"Als ich die 100 Vorteile des Gradido gelesen hatte , war mein erster Gedanke: Wow einfach nur genial! Warum leben wir das nicht schon lange? Das wurde mein Start, Gradido besser kennenzulernen und mitzuwirken als Botschafter, um Gradido in die Welt zu bringen.\" \/>\n<meta name=\"robots\" content=\"index, follow, max-snippet:-1, max-image-preview:large, max-video-preview:-1\" \/>\n<link rel=\"canonical\" href=\"https:\/\/gradido.net\/fi\/mutmacher-dietmar\/\" \/>\n<meta property=\"og:locale\" content=\"fi_FI\" \/>\n<meta property=\"og:type\" content=\"article\" \/>\n<meta property=\"og:title\" content=\"Warum leben wir das nicht schon lange? - Gradido\" \/>\n<meta property=\"og:description\" content=\"Als ich die 100 Vorteile des Gradido gelesen hatte , war mein erster Gedanke: Wow einfach nur genial! Warum leben wir das nicht schon lange? Das wurde mein Start, Gradido besser kennenzulernen und mitzuwirken als Botschafter, um Gradido in die Welt zu bringen.\" \/>\n<meta property=\"og:url\" content=\"https:\/\/gradido.net\/fi\/mutmacher-dietmar\/\" \/>\n<meta property=\"og:site_name\" content=\"Gradido\" \/>\n<meta property=\"article:published_time\" content=\"2025-09-12T04:04:16+00:00\" \/>\n<meta property=\"article:modified_time\" content=\"2026-04-24T05:20:03+00:00\" \/>\n<meta property=\"og:image\" content=\"https:\/\/gradido.net\/wp-content\/uploads\/2025\/09\/Dietmar-1.jpg\" \/>\n\t<meta property=\"og:image:width\" content=\"1280\" \/>\n\t<meta property=\"og:image:height\" content=\"720\" \/>\n\t<meta property=\"og:image:type\" content=\"image\/jpeg\" \/>\n<meta name=\"author\" content=\"Bernd H\u00fcckst\u00e4dt\" \/>\n<meta name=\"twitter:card\" content=\"summary_large_image\" \/>\n<meta name=\"twitter:label1\" content=\"Kirjoittanut\" \/>\n\t<meta name=\"twitter:data1\" content=\"Bernd H\u00fcckst\u00e4dt\" \/>\n\t<meta name=\"twitter:label2\" content=\"Arvioitu lukuaika\" \/>\n\t<meta name=\"twitter:data2\" content=\"3 minuuttia\" \/>\n<script type=\"application\/ld+json\" class=\"yoast-schema-graph\">{\"@context\":\"https:\\\/\\\/schema.org\",\"@graph\":[{\"@type\":\"Article\",\"@id\":\"https:\\\/\\\/gradido.net\\\/mutmacher-dietmar\\\/#article\",\"isPartOf\":{\"@id\":\"https:\\\/\\\/gradido.net\\\/mutmacher-dietmar\\\/\"},\"author\":{\"name\":\"Bernd H\u00fcckst\u00e4dt\",\"@id\":\"https:\\\/\\\/gradido.net\\\/de\\\/#\\\/schema\\\/person\\\/9c503a004ad15a1ddecadce2218db5d1\"},\"headline\":\"Warum leben wir das nicht schon lange?\",\"datePublished\":\"2025-09-12T04:04:16+00:00\",\"dateModified\":\"2026-04-24T05:20:03+00:00\",\"mainEntityOfPage\":{\"@id\":\"https:\\\/\\\/gradido.net\\\/mutmacher-dietmar\\\/\"},\"wordCount\":418,\"publisher\":{\"@id\":\"https:\\\/\\\/gradido.net\\\/de\\\/#organization\"},\"image\":{\"@id\":\"https:\\\/\\\/gradido.net\\\/mutmacher-dietmar\\\/#primaryimage\"},\"thumbnailUrl\":\"https:\\\/\\\/gradido.net\\\/wp-content\\\/uploads\\\/2025\\\/09\\\/Dietmar-1.jpg\",\"articleSection\":[\"Blog\",\"Community\"],\"inLanguage\":\"fi\"},{\"@type\":\"WebPage\",\"@id\":\"https:\\\/\\\/gradido.net\\\/mutmacher-dietmar\\\/\",\"url\":\"https:\\\/\\\/gradido.net\\\/mutmacher-dietmar\\\/\",\"name\":\"Warum leben wir das nicht schon lange? - Gradido\",\"isPartOf\":{\"@id\":\"https:\\\/\\\/gradido.net\\\/de\\\/#website\"},\"primaryImageOfPage\":{\"@id\":\"https:\\\/\\\/gradido.net\\\/mutmacher-dietmar\\\/#primaryimage\"},\"image\":{\"@id\":\"https:\\\/\\\/gradido.net\\\/mutmacher-dietmar\\\/#primaryimage\"},\"thumbnailUrl\":\"https:\\\/\\\/gradido.net\\\/wp-content\\\/uploads\\\/2025\\\/09\\\/Dietmar-1.jpg\",\"datePublished\":\"2025-09-12T04:04:16+00:00\",\"dateModified\":\"2026-04-24T05:20:03+00:00\",\"description\":\"Als ich die 100 Vorteile des Gradido gelesen hatte , war mein erster Gedanke: Wow einfach nur genial! Warum leben wir das nicht schon lange? Das wurde mein Start, Gradido besser kennenzulernen und mitzuwirken als Botschafter, um Gradido in die Welt zu bringen.\",\"breadcrumb\":{\"@id\":\"https:\\\/\\\/gradido.net\\\/mutmacher-dietmar\\\/#breadcrumb\"},\"inLanguage\":\"fi\",\"potentialAction\":[{\"@type\":\"ReadAction\",\"target\":[\"https:\\\/\\\/gradido.net\\\/mutmacher-dietmar\\\/\"]}]},{\"@type\":\"ImageObject\",\"inLanguage\":\"fi\",\"@id\":\"https:\\\/\\\/gradido.net\\\/mutmacher-dietmar\\\/#primaryimage\",\"url\":\"https:\\\/\\\/gradido.net\\\/wp-content\\\/uploads\\\/2025\\\/09\\\/Dietmar-1.jpg\",\"contentUrl\":\"https:\\\/\\\/gradido.net\\\/wp-content\\\/uploads\\\/2025\\\/09\\\/Dietmar-1.jpg\",\"width\":1280,\"height\":720},{\"@type\":\"BreadcrumbList\",\"@id\":\"https:\\\/\\\/gradido.net\\\/mutmacher-dietmar\\\/#breadcrumb\",\"itemListElement\":[{\"@type\":\"ListItem\",\"position\":1,\"name\":\"Startseite\",\"item\":\"https:\\\/\\\/gradido.net\\\/\"},{\"@type\":\"ListItem\",\"position\":2,\"name\":\"Warum leben wir das nicht schon lange?\"}]},{\"@type\":\"WebSite\",\"@id\":\"https:\\\/\\\/gradido.net\\\/de\\\/#website\",\"url\":\"https:\\\/\\\/gradido.net\\\/de\\\/\",\"name\":\"Gradido\",\"description\":\"Die neue W\u00e4hrung hei\u00dft Dankbarkeit\",\"publisher\":{\"@id\":\"https:\\\/\\\/gradido.net\\\/de\\\/#organization\"},\"potentialAction\":[{\"@type\":\"SearchAction\",\"target\":{\"@type\":\"EntryPoint\",\"urlTemplate\":\"https:\\\/\\\/gradido.net\\\/de\\\/?s={search_term_string}\"},\"query-input\":{\"@type\":\"PropertyValueSpecification\",\"valueRequired\":true,\"valueName\":\"search_term_string\"}}],\"inLanguage\":\"fi\"},{\"@type\":\"Organization\",\"@id\":\"https:\\\/\\\/gradido.net\\\/de\\\/#organization\",\"name\":\"Gradido\",\"url\":\"https:\\\/\\\/gradido.net\\\/de\\\/\",\"logo\":{\"@type\":\"ImageObject\",\"inLanguage\":\"fi\",\"@id\":\"https:\\\/\\\/gradido.net\\\/de\\\/#\\\/schema\\\/logo\\\/image\\\/\",\"url\":\"https:\\\/\\\/gradido.net\\\/wp-content\\\/uploads\\\/2022\\\/04\\\/gradido-social.jpg\",\"contentUrl\":\"https:\\\/\\\/gradido.net\\\/wp-content\\\/uploads\\\/2022\\\/04\\\/gradido-social.jpg\",\"width\":527,\"height\":273,\"caption\":\"Gradido\"},\"image\":{\"@id\":\"https:\\\/\\\/gradido.net\\\/de\\\/#\\\/schema\\\/logo\\\/image\\\/\"}},{\"@type\":\"Person\",\"@id\":\"https:\\\/\\\/gradido.net\\\/de\\\/#\\\/schema\\\/person\\\/9c503a004ad15a1ddecadce2218db5d1\",\"name\":\"Bernd H\u00fcckst\u00e4dt\",\"sameAs\":[\"https:\\\/\\\/gradido.net\"],\"url\":\"https:\\\/\\\/gradido.net\\\/fi\\\/author\\\/bernd\\\/\"}]}<\/script>\n<!-- \/ Yoast SEO plugin. -->","yoast_head_json":{"title":"Miksi emme ole el\u00e4neet n\u00e4in jo kauan? - Gradido","description":"Kun luin Gradidon 100 etua, ensimm\u00e4inen ajatukseni oli: Vau, aivan loistavaa! Miksi emme ole el\u00e4neet n\u00e4in jo kauan? Siit\u00e4 l\u00e4hdin tutustumaan Gradidoon paremmin ja osallistumaan l\u00e4hettil\u00e4\u00e4n\u00e4 Gradidon tuomiseen maailmaan.","robots":{"index":"index","follow":"follow","max-snippet":"max-snippet:-1","max-image-preview":"max-image-preview:large","max-video-preview":"max-video-preview:-1"},"canonical":"https:\/\/gradido.net\/fi\/mutmacher-dietmar\/","og_locale":"fi_FI","og_type":"article","og_title":"Warum leben wir das nicht schon lange? - Gradido","og_description":"Als ich die 100 Vorteile des Gradido gelesen hatte , war mein erster Gedanke: Wow einfach nur genial! Warum leben wir das nicht schon lange? Das wurde mein Start, Gradido besser kennenzulernen und mitzuwirken als Botschafter, um Gradido in die Welt zu bringen.","og_url":"https:\/\/gradido.net\/fi\/mutmacher-dietmar\/","og_site_name":"Gradido","article_published_time":"2025-09-12T04:04:16+00:00","article_modified_time":"2026-04-24T05:20:03+00:00","og_image":[{"width":1280,"height":720,"url":"https:\/\/gradido.net\/wp-content\/uploads\/2025\/09\/Dietmar-1.jpg","type":"image\/jpeg"}],"author":"Bernd H\u00fcckst\u00e4dt","twitter_card":"summary_large_image","twitter_misc":{"Kirjoittanut":"Bernd H\u00fcckst\u00e4dt","Arvioitu lukuaika":"3 minuuttia"},"schema":{"@context":"https:\/\/schema.org","@graph":[{"@type":"Article","@id":"https:\/\/gradido.net\/mutmacher-dietmar\/#article","isPartOf":{"@id":"https:\/\/gradido.net\/mutmacher-dietmar\/"},"author":{"name":"Bernd H\u00fcckst\u00e4dt","@id":"https:\/\/gradido.net\/de\/#\/schema\/person\/9c503a004ad15a1ddecadce2218db5d1"},"headline":"Warum leben wir das nicht schon lange?","datePublished":"2025-09-12T04:04:16+00:00","dateModified":"2026-04-24T05:20:03+00:00","mainEntityOfPage":{"@id":"https:\/\/gradido.net\/mutmacher-dietmar\/"},"wordCount":418,"publisher":{"@id":"https:\/\/gradido.net\/de\/#organization"},"image":{"@id":"https:\/\/gradido.net\/mutmacher-dietmar\/#primaryimage"},"thumbnailUrl":"https:\/\/gradido.net\/wp-content\/uploads\/2025\/09\/Dietmar-1.jpg","articleSection":["Blog","Community"],"inLanguage":"fi"},{"@type":"WebPage","@id":"https:\/\/gradido.net\/mutmacher-dietmar\/","url":"https:\/\/gradido.net\/mutmacher-dietmar\/","name":"Miksi emme ole el\u00e4neet n\u00e4in jo kauan? - Gradido","isPartOf":{"@id":"https:\/\/gradido.net\/de\/#website"},"primaryImageOfPage":{"@id":"https:\/\/gradido.net\/mutmacher-dietmar\/#primaryimage"},"image":{"@id":"https:\/\/gradido.net\/mutmacher-dietmar\/#primaryimage"},"thumbnailUrl":"https:\/\/gradido.net\/wp-content\/uploads\/2025\/09\/Dietmar-1.jpg","datePublished":"2025-09-12T04:04:16+00:00","dateModified":"2026-04-24T05:20:03+00:00","description":"Kun luin Gradidon 100 etua, ensimm\u00e4inen ajatukseni oli: Vau, aivan loistavaa! Miksi emme ole el\u00e4neet n\u00e4in jo kauan? Siit\u00e4 l\u00e4hdin tutustumaan Gradidoon paremmin ja osallistumaan l\u00e4hettil\u00e4\u00e4n\u00e4 Gradidon tuomiseen maailmaan.","breadcrumb":{"@id":"https:\/\/gradido.net\/mutmacher-dietmar\/#breadcrumb"},"inLanguage":"fi","potentialAction":[{"@type":"ReadAction","target":["https:\/\/gradido.net\/mutmacher-dietmar\/"]}]},{"@type":"ImageObject","inLanguage":"fi","@id":"https:\/\/gradido.net\/mutmacher-dietmar\/#primaryimage","url":"https:\/\/gradido.net\/wp-content\/uploads\/2025\/09\/Dietmar-1.jpg","contentUrl":"https:\/\/gradido.net\/wp-content\/uploads\/2025\/09\/Dietmar-1.jpg","width":1280,"height":720},{"@type":"BreadcrumbList","@id":"https:\/\/gradido.net\/mutmacher-dietmar\/#breadcrumb","itemListElement":[{"@type":"ListItem","position":1,"name":"Startseite","item":"https:\/\/gradido.net\/"},{"@type":"ListItem","position":2,"name":"Warum leben wir das nicht schon lange?"}]},{"@type":"WebSite","@id":"https:\/\/gradido.net\/de\/#website","url":"https:\/\/gradido.net\/de\/","name":"Gradido","description":"Uusi valuutta on kiitollisuus","publisher":{"@id":"https:\/\/gradido.net\/de\/#organization"},"potentialAction":[{"@type":"SearchAction","target":{"@type":"EntryPoint","urlTemplate":"https:\/\/gradido.net\/de\/?s={search_term_string}"},"query-input":{"@type":"PropertyValueSpecification","valueRequired":true,"valueName":"search_term_string"}}],"inLanguage":"fi"},{"@type":"Organization","@id":"https:\/\/gradido.net\/de\/#organization","name":"Gradido","url":"https:\/\/gradido.net\/de\/","logo":{"@type":"ImageObject","inLanguage":"fi","@id":"https:\/\/gradido.net\/de\/#\/schema\/logo\/image\/","url":"https:\/\/gradido.net\/wp-content\/uploads\/2022\/04\/gradido-social.jpg","contentUrl":"https:\/\/gradido.net\/wp-content\/uploads\/2022\/04\/gradido-social.jpg","width":527,"height":273,"caption":"Gradido"},"image":{"@id":"https:\/\/gradido.net\/de\/#\/schema\/logo\/image\/"}},{"@type":"Person","@id":"https:\/\/gradido.net\/de\/#\/schema\/person\/9c503a004ad15a1ddecadce2218db5d1","name":"Bernd H\u00fcckst\u00e4dt","sameAs":["https:\/\/gradido.net"],"url":"https:\/\/gradido.net\/fi\/author\/bernd\/"}]}},"_links":{"self":[{"href":"https:\/\/gradido.net\/fi\/wp-json\/wp\/v2\/posts\/11565","targetHints":{"allow":["GET"]}}],"collection":[{"href":"https:\/\/gradido.net\/fi\/wp-json\/wp\/v2\/posts"}],"about":[{"href":"https:\/\/gradido.net\/fi\/wp-json\/wp\/v2\/types\/post"}],"author":[{"embeddable":true,"href":"https:\/\/gradido.net\/fi\/wp-json\/wp\/v2\/users\/2"}],"replies":[{"embeddable":true,"href":"https:\/\/gradido.net\/fi\/wp-json\/wp\/v2\/comments?post=11565"}],"version-history":[{"count":16,"href":"https:\/\/gradido.net\/fi\/wp-json\/wp\/v2\/posts\/11565\/revisions"}],"predecessor-version":[{"id":11585,"href":"https:\/\/gradido.net\/fi\/wp-json\/wp\/v2\/posts\/11565\/revisions\/11585"}],"wp:featuredmedia":[{"embeddable":true,"href":"https:\/\/gradido.net\/fi\/wp-json\/wp\/v2\/media\/11568"}],"wp:attachment":[{"href":"https:\/\/gradido.net\/fi\/wp-json\/wp\/v2\/media?parent=11565"}],"wp:term":[{"taxonomy":"category","embeddable":true,"href":"https:\/\/gradido.net\/fi\/wp-json\/wp\/v2\/categories?post=11565"},{"taxonomy":"post_tag","embeddable":true,"href":"https:\/\/gradido.net\/fi\/wp-json\/wp\/v2\/tags?post=11565"}],"curies":[{"name":"wp","href":"https:\/\/api.w.org\/{rel}","templated":true}]}}