{"id":11600,"date":"2025-09-17T07:08:43","date_gmt":"2025-09-17T05:08:43","guid":{"rendered":"https:\/\/gradido.net\/?p=11600"},"modified":"2026-04-24T07:18:45","modified_gmt":"2026-04-24T05:18:45","slug":"mutmacherin-kerstin","status":"publish","type":"post","link":"https:\/\/gradido.net\/fi\/mutmacherin-kerstin\/","title":{"rendered":"N\u00e4in kuvittelen yhteenkuuluvuuden..."},"content":{"rendered":"<div data-elementor-type=\"wp-post\" data-elementor-id=\"11600\" class=\"elementor elementor-11600\" data-elementor-post-type=\"post\">\n\t\t\t\t\t\t<section class=\"elementor-section elementor-top-section elementor-element elementor-element-496e1d53 elementor-section-boxed elementor-section-height-default elementor-section-height-default\" data-id=\"496e1d53\" data-element_type=\"section\" data-e-type=\"section\">\n\t\t\t\t\t\t<div class=\"elementor-container elementor-column-gap-default\">\n\t\t\t\t\t<div class=\"elementor-column elementor-col-100 elementor-top-column elementor-element elementor-element-461d7be0\" data-id=\"461d7be0\" data-element_type=\"column\" data-e-type=\"column\">\n\t\t\t<div class=\"elementor-widget-wrap elementor-element-populated\">\n\t\t\t\t\t\t<div class=\"elementor-element elementor-element-cd9ebe2 elementor-widget elementor-widget-text-editor\" data-id=\"cd9ebe2\" data-element_type=\"widget\" data-e-type=\"widget\" data-widget_type=\"text-editor.default\">\n\t\t\t\t<div class=\"elementor-widget-container\">\n\t\t\t\t\t\t\t\t\t<p style=\"text-align: right;\"><em>\"Kaikki on el\u00e4v\u00e4\u00e4 rakastavaa tietoisuutta - itsens\u00e4 luoneen \u00e4lykkyytt\u00e4.\"<\/em> <br \/><em>-\u00a0<\/em><i> Kerstin Morettoni-Anders<\/i><\/p><div><p>Sain hiljattain s\u00e4hk\u00f6postia, jossa kerrottiin, miten Joel tapasi Gradidon.<\/p><h2>Eritt\u00e4in mukavaa!<\/h2><p>Pid\u00e4n ennen kaikkea h\u00e4nen ajatuksestaan, ett\u00e4 olemme osa jotain paljon suurempaa kuin oma olemassaolomme.<\/p><p>Kaikki on el\u00e4v\u00e4\u00e4, rakastavaa tietoisuutta - itsens\u00e4 luoneen \u00e4lykkyytt\u00e4. T\u00e4m\u00e4 tapahtuu joka hetki, yh\u00e4 uudelleen ja uudelleen. Yksik\u00e4\u00e4n syd\u00e4menly\u00f6nti ei ole samanlainen kuin edellinen ja kaikki muut sit\u00e4 edelt\u00e4v\u00e4t.<\/p><p><strong>Etsin tapaa tehd\u00e4 yhteisty\u00f6t\u00e4, joka olisi hyv\u00e4ksi kaikille. Olin ymm\u00e4rt\u00e4nyt, ett\u00e4 korkorahojen k\u00e4ytt\u00f6\u00f6notto oli lopun alku.<\/strong><\/p><h2>Miksi?<\/h2><p>El\u00e4m\u00e4 voi tukea vain ajatuksia ja tekoja, jotka palvelevat kaikkien hyv\u00e4\u00e4. Tied\u00e4mme t\u00e4m\u00e4n hermeettisist\u00e4 laeista. Siksi on ennakoitavissa, ett\u00e4 korkorahat tuhoavat itsens\u00e4. T\u00e4m\u00e4 on jo alkanut, kun sit\u00e4 alettiin soveltaa.<\/p><p>Ainoastaan syy ja seuraus jakautuvat ajassa ja tilassa niin, ett\u00e4 ihmiset voivat tehd\u00e4 ja tunnistaa kokemuksiaan.<\/p><p><strong>Jos joku rikastuttaa toista, se ei ole pysyv\u00e4\u00e4, koska kukaan ei voi pit\u00e4\u00e4 rikkauttaan kuolemansa j\u00e4lkeen.<\/strong><\/p><p>Kun olin perustamassa \"Tunnista itsesi\" -kongressia, t\u00f6rm\u00e4sin Gradidoon ja innostuin heti. T\u00e4m\u00e4 kiitollisuuden energia ja luonnollinen esimerkki tulemisesta ja poismenosta - pystyin samaistumaan siihen!<\/p><h2>N\u00e4in kuvittelen yhteenkuuluvuuden...<\/h2><p>Siksi loin heti tilin, ja kiitollisuusgradido virtaa. Valon harmonia -tuotteita Gradidon kanssa saat verkkosivuiltani. Haluaisin luoda viel\u00e4 enemm\u00e4n mahdollisuuksia.<\/p><p>T\u00e4m\u00e4 mahdollistaa vision toteuttamisen, koska vaihdamme ajatuksia Gradidon k\u00e4yt\u00f6n mahdollisuuksista ja kokemuksista. T\u00e4m\u00e4 on hyvin erilaista kuin perinteisen rahan kanssa asioiminen. Se on koettava itse. Silloin voi tapahtua muutos, jota niin monet ihmiset haluavat. Kiitos siit\u00e4!<\/p><p>Toivotan meille kaikille menestyst\u00e4 ja paljon iloa Gradidon kanssa.<\/p><p>Kaikki rakkaus<br \/>Kerstin<\/p><p><a title=\"https:\/\/lebensharmonie.org\" href=\"https:\/\/lebensharmonie.org\" target=\"_blank\" rel=\"noopener\">https:\/\/lebensharmonie.org<\/a><\/p><\/div>\t\t\t\t\t\t\t\t<\/div>\n\t\t\t\t<\/div>\n\t\t\t\t<div class=\"elementor-element elementor-element-db3fa8e elementor-widget-divider--view-line elementor-widget elementor-widget-divider\" data-id=\"db3fa8e\" data-element_type=\"widget\" data-e-type=\"widget\" data-widget_type=\"divider.default\">\n\t\t\t\t<div class=\"elementor-widget-container\">\n\t\t\t\t\t\t\t<div class=\"elementor-divider\">\n\t\t\t<span class=\"elementor-divider-separator\">\n\t\t\t\t\t\t<\/span>\n\t\t<\/div>\n\t\t\t\t\t\t<\/div>\n\t\t\t\t<\/div>\n\t\t\t\t<div class=\"elementor-element elementor-element-d74dfa0 elementor-widget elementor-widget-text-editor\" data-id=\"d74dfa0\" data-element_type=\"widget\" data-e-type=\"widget\" data-widget_type=\"text-editor.default\">\n\t\t\t\t<div class=\"elementor-widget-container\">\n\t\t\t\t\t\t\t\t\t<div data-pm-slice=\"1 1 []\" data-en-clipboard=\"true\"><h4>Liity mukaan - odotamme innolla sinun liikuttavaa tarinaasi!<\/h4><p><strong>L\u00e4het\u00e4 postisi osoitteeseen: <a href=\"mailto:support@gradido.net\">support@gradido.net<\/a><\/strong><\/p><p>Yhdess\u00e4 kasvamme yli itsemme!<\/p><p>Syv\u00e4ll\u00e4 kiitollisuudella ja solidaarisuudella<\/p><p><span style=\"font-family: -apple-system, BlinkMacSystemFont, 'Segoe UI', Roboto, 'Helvetica Neue', Arial, 'Noto Sans', sans-serif, 'Apple Color Emoji', 'Segoe UI Emoji', 'Segoe UI Symbol', 'Noto Color Emoji';\">Teid\u00e4n<\/span><\/p><\/div><p><img decoding=\"async\" class=\"alignnone wp-image-4614 size-medium\" src=\"https:\/\/gradido.net\/wp-content\/uploads\/2022\/06\/MargretBernd_2022-300x74.png\" alt=\"\" width=\"300\" height=\"74\" srcset=\"https:\/\/gradido.net\/wp-content\/uploads\/2022\/06\/MargretBernd_2022-300x74.png 300w, https:\/\/gradido.net\/wp-content\/uploads\/2022\/06\/MargretBernd_2022-18x4.png 18w, https:\/\/gradido.net\/wp-content\/uploads\/2022\/06\/MargretBernd_2022.png 431w\" sizes=\"(max-width: 300px) 100vw, 300px\" \/><\/p><p>Margret Baier ja Bernd H\u00fcckst\u00e4dt<br \/>Gradidon perustaja ja kehitt\u00e4j\u00e4<\/p>\t\t\t\t\t\t\t\t<\/div>\n\t\t\t\t<\/div>\n\t\t\t\t\t<\/div>\n\t\t<\/div>\n\t\t\t\t\t<\/div>\n\t\t<\/section>\n\t\t\t\t<section class=\"elementor-section elementor-top-section elementor-element elementor-element-14532fe elementor-section-boxed elementor-section-height-default elementor-section-height-default\" data-id=\"14532fe\" data-element_type=\"section\" data-e-type=\"section\">\n\t\t\t\t\t\t<div class=\"elementor-container elementor-column-gap-default\">\n\t\t\t\t\t<div class=\"elementor-column elementor-col-100 elementor-top-column elementor-element elementor-element-65d2298\" data-id=\"65d2298\" data-element_type=\"column\" data-e-type=\"column\">\n\t\t\t<div class=\"elementor-widget-wrap elementor-element-populated\">\n\t\t\t\t\t\t<div class=\"elementor-element elementor-element-bea124f elementor-widget elementor-widget-global elementor-global-9341 elementor-widget-text-editor\" data-id=\"bea124f\" data-element_type=\"widget\" data-e-type=\"widget\" data-widget_type=\"text-editor.default\">\n\t\t\t\t<div class=\"elementor-widget-container\">\n\t\t\t\t\t\t\t\t\t<p><strong>PS:\u00a0<span style=\"color: #ff6600;\"><a style=\"color: #ff6600;\" href=\"https:\/\/gradido.net\/fi\/donations\/\">Koska Gradidon merkitys kasvaa jatkuvasti, toistamme kiitollisuuskampanjamme 26. kes\u00e4kuuta 2026:<\/a>\u00a0<\/span><span style=\"color: #0000ff;\"><a style=\"color: #0000ff;\" href=\"https:\/\/gradido.net\/fi\/donations\/\">Sen lis\u00e4ksi, ett\u00e4 saamme sponsorointirahoituksestasi moninkertaisen GradidoTransformin, lis\u00e4\u00e4mme kaikkien GDT-tilien saldoja 26%:ll\u00e4 26.6.2016. Sponsoroi nyt ja nauti moninkertaisesta m\u00e4\u00e4r\u00e4st\u00e4 GDT:t\u00e4!<\/a><\/span><\/strong><\/p>\t\t\t\t\t\t\t\t<\/div>\n\t\t\t\t<\/div>\n\t\t\t\t\t<\/div>\n\t\t<\/div>\n\t\t\t\t\t<\/div>\n\t\t<\/section>\n\t\t\t\t<section class=\"elementor-section elementor-top-section elementor-element elementor-element-29dfc07 elementor-section-boxed elementor-section-height-default elementor-section-height-default\" data-id=\"29dfc07\" data-element_type=\"section\" data-e-type=\"section\">\n\t\t\t\t\t\t<div class=\"elementor-container elementor-column-gap-default\">\n\t\t\t\t\t<div class=\"elementor-column elementor-col-100 elementor-top-column elementor-element elementor-element-d37ec5a\" data-id=\"d37ec5a\" data-element_type=\"column\" data-e-type=\"column\">\n\t\t\t<div class=\"elementor-widget-wrap\">\n\t\t\t\t\t\t\t<\/div>\n\t\t<\/div>\n\t\t\t\t\t<\/div>\n\t\t<\/section>\n\t\t\t\t<section class=\"elementor-section elementor-top-section elementor-element elementor-element-b3bbb9b elementor-section-boxed elementor-section-height-default elementor-section-height-default\" data-id=\"b3bbb9b\" data-element_type=\"section\" data-e-type=\"section\">\n\t\t\t\t\t\t<div class=\"elementor-container elementor-column-gap-default\">\n\t\t\t\t\t<div class=\"elementor-column elementor-col-100 elementor-top-column elementor-element elementor-element-a7e88ad\" data-id=\"a7e88ad\" data-element_type=\"column\" data-e-type=\"column\">\n\t\t\t<div class=\"elementor-widget-wrap\">\n\t\t\t\t\t\t\t<\/div>\n\t\t<\/div>\n\t\t\t\t\t<\/div>\n\t\t<\/section>\n\t\t\t\t<\/div>","protected":false},"excerpt":{"rendered":"<p>Kun olin perustamassa \"Tunnista itsesi\" -kongressia, t\u00f6rm\u00e4sin Gradidoon ja innostuin heti. T\u00e4m\u00e4 kiitollisuuden energia ja luonnollinen esimerkki tulemisesta ja poismenosta - pystyin samaistumaan siihen!<\/p>","protected":false},"author":2,"featured_media":11603,"comment_status":"closed","ping_status":"closed","sticky":false,"template":"","format":"standard","meta":{"footnotes":""},"categories":[11,54],"tags":[],"class_list":["post-11600","post","type-post","status-publish","format-standard","has-post-thumbnail","hentry","category-blog","category-community"],"yoast_head":"<!-- This site is optimized with the Yoast SEO plugin v27.5 - https:\/\/yoast.com\/product\/yoast-seo-wordpress\/ -->\n<title>So stelle ich mir Miteinander vor - Gradido<\/title>\n<meta name=\"description\" content=\"Als ich meinen Kongress &quot;Erkenne Dich&quot; aufbaute, stie\u00df ich auf Gradido und war sofort begeistert. Diese Energie der Dankbarkeit und das nat\u00fcrliche Vorbild von Werden und Vergehen \u2013 damit konnte ich etwas anfangen!\" \/>\n<meta name=\"robots\" content=\"index, follow, max-snippet:-1, max-image-preview:large, max-video-preview:-1\" \/>\n<link rel=\"canonical\" href=\"https:\/\/gradido.net\/fi\/mutmacherin-kerstin\/\" \/>\n<meta property=\"og:locale\" content=\"fi_FI\" \/>\n<meta property=\"og:type\" content=\"article\" \/>\n<meta property=\"og:title\" content=\"So stelle ich mir Miteinander vor - Gradido\" \/>\n<meta property=\"og:description\" content=\"Als ich meinen Kongress &quot;Erkenne Dich&quot; aufbaute, stie\u00df ich auf Gradido und war sofort begeistert. Diese Energie der Dankbarkeit und das nat\u00fcrliche Vorbild von Werden und Vergehen \u2013 damit konnte ich etwas anfangen!\" \/>\n<meta property=\"og:url\" content=\"https:\/\/gradido.net\/fi\/mutmacherin-kerstin\/\" \/>\n<meta property=\"og:site_name\" content=\"Gradido\" \/>\n<meta property=\"article:published_time\" content=\"2025-09-17T05:08:43+00:00\" \/>\n<meta property=\"article:modified_time\" content=\"2026-04-24T05:18:45+00:00\" \/>\n<meta property=\"og:image\" content=\"https:\/\/gradido.net\/wp-content\/uploads\/2025\/09\/Kerstin_Banner2.jpg\" \/>\n\t<meta property=\"og:image:width\" content=\"1280\" \/>\n\t<meta property=\"og:image:height\" content=\"720\" \/>\n\t<meta property=\"og:image:type\" content=\"image\/jpeg\" \/>\n<meta name=\"author\" content=\"Bernd H\u00fcckst\u00e4dt\" \/>\n<meta name=\"twitter:card\" content=\"summary_large_image\" \/>\n<meta name=\"twitter:label1\" content=\"Kirjoittanut\" \/>\n\t<meta name=\"twitter:data1\" content=\"Bernd H\u00fcckst\u00e4dt\" \/>\n\t<meta name=\"twitter:label2\" content=\"Arvioitu lukuaika\" \/>\n\t<meta name=\"twitter:data2\" content=\"3 minuuttia\" \/>\n<script type=\"application\/ld+json\" class=\"yoast-schema-graph\">{\"@context\":\"https:\\\/\\\/schema.org\",\"@graph\":[{\"@type\":\"Article\",\"@id\":\"https:\\\/\\\/gradido.net\\\/mutmacherin-kerstin\\\/#article\",\"isPartOf\":{\"@id\":\"https:\\\/\\\/gradido.net\\\/mutmacherin-kerstin\\\/\"},\"author\":{\"name\":\"Bernd H\u00fcckst\u00e4dt\",\"@id\":\"https:\\\/\\\/gradido.net\\\/de\\\/#\\\/schema\\\/person\\\/9c503a004ad15a1ddecadce2218db5d1\"},\"headline\":\"So stelle ich mir Miteinander vor\",\"datePublished\":\"2025-09-17T05:08:43+00:00\",\"dateModified\":\"2026-04-24T05:18:45+00:00\",\"mainEntityOfPage\":{\"@id\":\"https:\\\/\\\/gradido.net\\\/mutmacherin-kerstin\\\/\"},\"wordCount\":425,\"publisher\":{\"@id\":\"https:\\\/\\\/gradido.net\\\/de\\\/#organization\"},\"image\":{\"@id\":\"https:\\\/\\\/gradido.net\\\/mutmacherin-kerstin\\\/#primaryimage\"},\"thumbnailUrl\":\"https:\\\/\\\/gradido.net\\\/wp-content\\\/uploads\\\/2025\\\/09\\\/Kerstin_Banner2.jpg\",\"articleSection\":[\"Blog\",\"Community\"],\"inLanguage\":\"fi\"},{\"@type\":\"WebPage\",\"@id\":\"https:\\\/\\\/gradido.net\\\/mutmacherin-kerstin\\\/\",\"url\":\"https:\\\/\\\/gradido.net\\\/mutmacherin-kerstin\\\/\",\"name\":\"So stelle ich mir Miteinander vor - Gradido\",\"isPartOf\":{\"@id\":\"https:\\\/\\\/gradido.net\\\/de\\\/#website\"},\"primaryImageOfPage\":{\"@id\":\"https:\\\/\\\/gradido.net\\\/mutmacherin-kerstin\\\/#primaryimage\"},\"image\":{\"@id\":\"https:\\\/\\\/gradido.net\\\/mutmacherin-kerstin\\\/#primaryimage\"},\"thumbnailUrl\":\"https:\\\/\\\/gradido.net\\\/wp-content\\\/uploads\\\/2025\\\/09\\\/Kerstin_Banner2.jpg\",\"datePublished\":\"2025-09-17T05:08:43+00:00\",\"dateModified\":\"2026-04-24T05:18:45+00:00\",\"description\":\"Als ich meinen Kongress \\\"Erkenne Dich\\\" aufbaute, stie\u00df ich auf Gradido und war sofort begeistert. Diese Energie der Dankbarkeit und das nat\u00fcrliche Vorbild von Werden und Vergehen \u2013 damit konnte ich etwas anfangen!\",\"breadcrumb\":{\"@id\":\"https:\\\/\\\/gradido.net\\\/mutmacherin-kerstin\\\/#breadcrumb\"},\"inLanguage\":\"fi\",\"potentialAction\":[{\"@type\":\"ReadAction\",\"target\":[\"https:\\\/\\\/gradido.net\\\/mutmacherin-kerstin\\\/\"]}]},{\"@type\":\"ImageObject\",\"inLanguage\":\"fi\",\"@id\":\"https:\\\/\\\/gradido.net\\\/mutmacherin-kerstin\\\/#primaryimage\",\"url\":\"https:\\\/\\\/gradido.net\\\/wp-content\\\/uploads\\\/2025\\\/09\\\/Kerstin_Banner2.jpg\",\"contentUrl\":\"https:\\\/\\\/gradido.net\\\/wp-content\\\/uploads\\\/2025\\\/09\\\/Kerstin_Banner2.jpg\",\"width\":1280,\"height\":720},{\"@type\":\"BreadcrumbList\",\"@id\":\"https:\\\/\\\/gradido.net\\\/mutmacherin-kerstin\\\/#breadcrumb\",\"itemListElement\":[{\"@type\":\"ListItem\",\"position\":1,\"name\":\"Startseite\",\"item\":\"https:\\\/\\\/gradido.net\\\/\"},{\"@type\":\"ListItem\",\"position\":2,\"name\":\"So stelle ich mir Miteinander vor\"}]},{\"@type\":\"WebSite\",\"@id\":\"https:\\\/\\\/gradido.net\\\/de\\\/#website\",\"url\":\"https:\\\/\\\/gradido.net\\\/de\\\/\",\"name\":\"Gradido\",\"description\":\"Die neue W\u00e4hrung hei\u00dft Dankbarkeit\",\"publisher\":{\"@id\":\"https:\\\/\\\/gradido.net\\\/de\\\/#organization\"},\"potentialAction\":[{\"@type\":\"SearchAction\",\"target\":{\"@type\":\"EntryPoint\",\"urlTemplate\":\"https:\\\/\\\/gradido.net\\\/de\\\/?s={search_term_string}\"},\"query-input\":{\"@type\":\"PropertyValueSpecification\",\"valueRequired\":true,\"valueName\":\"search_term_string\"}}],\"inLanguage\":\"fi\"},{\"@type\":\"Organization\",\"@id\":\"https:\\\/\\\/gradido.net\\\/de\\\/#organization\",\"name\":\"Gradido\",\"url\":\"https:\\\/\\\/gradido.net\\\/de\\\/\",\"logo\":{\"@type\":\"ImageObject\",\"inLanguage\":\"fi\",\"@id\":\"https:\\\/\\\/gradido.net\\\/de\\\/#\\\/schema\\\/logo\\\/image\\\/\",\"url\":\"https:\\\/\\\/gradido.net\\\/wp-content\\\/uploads\\\/2022\\\/04\\\/gradido-social.jpg\",\"contentUrl\":\"https:\\\/\\\/gradido.net\\\/wp-content\\\/uploads\\\/2022\\\/04\\\/gradido-social.jpg\",\"width\":527,\"height\":273,\"caption\":\"Gradido\"},\"image\":{\"@id\":\"https:\\\/\\\/gradido.net\\\/de\\\/#\\\/schema\\\/logo\\\/image\\\/\"}},{\"@type\":\"Person\",\"@id\":\"https:\\\/\\\/gradido.net\\\/de\\\/#\\\/schema\\\/person\\\/9c503a004ad15a1ddecadce2218db5d1\",\"name\":\"Bernd H\u00fcckst\u00e4dt\",\"sameAs\":[\"https:\\\/\\\/gradido.net\"],\"url\":\"https:\\\/\\\/gradido.net\\\/fi\\\/author\\\/bernd\\\/\"}]}<\/script>\n<!-- \/ Yoast SEO plugin. -->","yoast_head_json":{"title":"N\u00e4in kuvittelen yhteenkuuluvuuden - Gradido","description":"Kun olin perustamassa \"Tunnista itsesi\" -kongressia, t\u00f6rm\u00e4sin Gradidoon ja innostuin heti. T\u00e4m\u00e4 kiitollisuuden energia ja luonnollinen esimerkki tulemisesta ja poismenosta - pystyin samaistumaan siihen!","robots":{"index":"index","follow":"follow","max-snippet":"max-snippet:-1","max-image-preview":"max-image-preview:large","max-video-preview":"max-video-preview:-1"},"canonical":"https:\/\/gradido.net\/fi\/mutmacherin-kerstin\/","og_locale":"fi_FI","og_type":"article","og_title":"So stelle ich mir Miteinander vor - Gradido","og_description":"Als ich meinen Kongress \"Erkenne Dich\" aufbaute, stie\u00df ich auf Gradido und war sofort begeistert. Diese Energie der Dankbarkeit und das nat\u00fcrliche Vorbild von Werden und Vergehen \u2013 damit konnte ich etwas anfangen!","og_url":"https:\/\/gradido.net\/fi\/mutmacherin-kerstin\/","og_site_name":"Gradido","article_published_time":"2025-09-17T05:08:43+00:00","article_modified_time":"2026-04-24T05:18:45+00:00","og_image":[{"width":1280,"height":720,"url":"https:\/\/gradido.net\/wp-content\/uploads\/2025\/09\/Kerstin_Banner2.jpg","type":"image\/jpeg"}],"author":"Bernd H\u00fcckst\u00e4dt","twitter_card":"summary_large_image","twitter_misc":{"Kirjoittanut":"Bernd H\u00fcckst\u00e4dt","Arvioitu lukuaika":"3 minuuttia"},"schema":{"@context":"https:\/\/schema.org","@graph":[{"@type":"Article","@id":"https:\/\/gradido.net\/mutmacherin-kerstin\/#article","isPartOf":{"@id":"https:\/\/gradido.net\/mutmacherin-kerstin\/"},"author":{"name":"Bernd H\u00fcckst\u00e4dt","@id":"https:\/\/gradido.net\/de\/#\/schema\/person\/9c503a004ad15a1ddecadce2218db5d1"},"headline":"So stelle ich mir Miteinander vor","datePublished":"2025-09-17T05:08:43+00:00","dateModified":"2026-04-24T05:18:45+00:00","mainEntityOfPage":{"@id":"https:\/\/gradido.net\/mutmacherin-kerstin\/"},"wordCount":425,"publisher":{"@id":"https:\/\/gradido.net\/de\/#organization"},"image":{"@id":"https:\/\/gradido.net\/mutmacherin-kerstin\/#primaryimage"},"thumbnailUrl":"https:\/\/gradido.net\/wp-content\/uploads\/2025\/09\/Kerstin_Banner2.jpg","articleSection":["Blog","Community"],"inLanguage":"fi"},{"@type":"WebPage","@id":"https:\/\/gradido.net\/mutmacherin-kerstin\/","url":"https:\/\/gradido.net\/mutmacherin-kerstin\/","name":"N\u00e4in kuvittelen yhteenkuuluvuuden - Gradido","isPartOf":{"@id":"https:\/\/gradido.net\/de\/#website"},"primaryImageOfPage":{"@id":"https:\/\/gradido.net\/mutmacherin-kerstin\/#primaryimage"},"image":{"@id":"https:\/\/gradido.net\/mutmacherin-kerstin\/#primaryimage"},"thumbnailUrl":"https:\/\/gradido.net\/wp-content\/uploads\/2025\/09\/Kerstin_Banner2.jpg","datePublished":"2025-09-17T05:08:43+00:00","dateModified":"2026-04-24T05:18:45+00:00","description":"Kun olin perustamassa \"Tunnista itsesi\" -kongressia, t\u00f6rm\u00e4sin Gradidoon ja innostuin heti. T\u00e4m\u00e4 kiitollisuuden energia ja luonnollinen esimerkki tulemisesta ja poismenosta - pystyin samaistumaan siihen!","breadcrumb":{"@id":"https:\/\/gradido.net\/mutmacherin-kerstin\/#breadcrumb"},"inLanguage":"fi","potentialAction":[{"@type":"ReadAction","target":["https:\/\/gradido.net\/mutmacherin-kerstin\/"]}]},{"@type":"ImageObject","inLanguage":"fi","@id":"https:\/\/gradido.net\/mutmacherin-kerstin\/#primaryimage","url":"https:\/\/gradido.net\/wp-content\/uploads\/2025\/09\/Kerstin_Banner2.jpg","contentUrl":"https:\/\/gradido.net\/wp-content\/uploads\/2025\/09\/Kerstin_Banner2.jpg","width":1280,"height":720},{"@type":"BreadcrumbList","@id":"https:\/\/gradido.net\/mutmacherin-kerstin\/#breadcrumb","itemListElement":[{"@type":"ListItem","position":1,"name":"Startseite","item":"https:\/\/gradido.net\/"},{"@type":"ListItem","position":2,"name":"So stelle ich mir Miteinander vor"}]},{"@type":"WebSite","@id":"https:\/\/gradido.net\/de\/#website","url":"https:\/\/gradido.net\/de\/","name":"Gradido","description":"Uusi valuutta on kiitollisuus","publisher":{"@id":"https:\/\/gradido.net\/de\/#organization"},"potentialAction":[{"@type":"SearchAction","target":{"@type":"EntryPoint","urlTemplate":"https:\/\/gradido.net\/de\/?s={search_term_string}"},"query-input":{"@type":"PropertyValueSpecification","valueRequired":true,"valueName":"search_term_string"}}],"inLanguage":"fi"},{"@type":"Organization","@id":"https:\/\/gradido.net\/de\/#organization","name":"Gradido","url":"https:\/\/gradido.net\/de\/","logo":{"@type":"ImageObject","inLanguage":"fi","@id":"https:\/\/gradido.net\/de\/#\/schema\/logo\/image\/","url":"https:\/\/gradido.net\/wp-content\/uploads\/2022\/04\/gradido-social.jpg","contentUrl":"https:\/\/gradido.net\/wp-content\/uploads\/2022\/04\/gradido-social.jpg","width":527,"height":273,"caption":"Gradido"},"image":{"@id":"https:\/\/gradido.net\/de\/#\/schema\/logo\/image\/"}},{"@type":"Person","@id":"https:\/\/gradido.net\/de\/#\/schema\/person\/9c503a004ad15a1ddecadce2218db5d1","name":"Bernd H\u00fcckst\u00e4dt","sameAs":["https:\/\/gradido.net"],"url":"https:\/\/gradido.net\/fi\/author\/bernd\/"}]}},"_links":{"self":[{"href":"https:\/\/gradido.net\/fi\/wp-json\/wp\/v2\/posts\/11600","targetHints":{"allow":["GET"]}}],"collection":[{"href":"https:\/\/gradido.net\/fi\/wp-json\/wp\/v2\/posts"}],"about":[{"href":"https:\/\/gradido.net\/fi\/wp-json\/wp\/v2\/types\/post"}],"author":[{"embeddable":true,"href":"https:\/\/gradido.net\/fi\/wp-json\/wp\/v2\/users\/2"}],"replies":[{"embeddable":true,"href":"https:\/\/gradido.net\/fi\/wp-json\/wp\/v2\/comments?post=11600"}],"version-history":[{"count":35,"href":"https:\/\/gradido.net\/fi\/wp-json\/wp\/v2\/posts\/11600\/revisions"}],"predecessor-version":[{"id":13570,"href":"https:\/\/gradido.net\/fi\/wp-json\/wp\/v2\/posts\/11600\/revisions\/13570"}],"wp:featuredmedia":[{"embeddable":true,"href":"https:\/\/gradido.net\/fi\/wp-json\/wp\/v2\/media\/11603"}],"wp:attachment":[{"href":"https:\/\/gradido.net\/fi\/wp-json\/wp\/v2\/media?parent=11600"}],"wp:term":[{"taxonomy":"category","embeddable":true,"href":"https:\/\/gradido.net\/fi\/wp-json\/wp\/v2\/categories?post=11600"},{"taxonomy":"post_tag","embeddable":true,"href":"https:\/\/gradido.net\/fi\/wp-json\/wp\/v2\/tags?post=11600"}],"curies":[{"name":"wp","href":"https:\/\/api.w.org\/{rel}","templated":true}]}}