{"id":11642,"date":"2025-09-27T10:48:28","date_gmt":"2025-09-27T08:48:28","guid":{"rendered":"https:\/\/gradido.net\/?p=11642"},"modified":"2026-04-24T07:18:19","modified_gmt":"2026-04-24T05:18:19","slug":"mutmacher-jean-pierre","status":"publish","type":"post","link":"https:\/\/gradido.net\/fi\/mutmacher-jean-pierre\/","title":{"rendered":"Sillan rakentamisen kulmakivi"},"content":{"rendered":"<div data-elementor-type=\"wp-post\" data-elementor-id=\"11642\" class=\"elementor elementor-11642\" data-elementor-post-type=\"post\">\n\t\t\t\t\t\t<section class=\"elementor-section elementor-top-section elementor-element elementor-element-496e1d53 elementor-section-boxed elementor-section-height-default elementor-section-height-default\" data-id=\"496e1d53\" data-element_type=\"section\" data-e-type=\"section\">\n\t\t\t\t\t\t<div class=\"elementor-container elementor-column-gap-default\">\n\t\t\t\t\t<div class=\"elementor-column elementor-col-100 elementor-top-column elementor-element elementor-element-461d7be0\" data-id=\"461d7be0\" data-element_type=\"column\" data-e-type=\"column\">\n\t\t\t<div class=\"elementor-widget-wrap elementor-element-populated\">\n\t\t\t\t\t\t<div class=\"elementor-element elementor-element-cd9ebe2 elementor-widget elementor-widget-text-editor\" data-id=\"cd9ebe2\" data-element_type=\"widget\" data-e-type=\"widget\" data-widget_type=\"text-editor.default\">\n\t\t\t\t<div class=\"elementor-widget-container\">\n\t\t\t\t\t\t\t\t\t<p style=\"text-align: right;\"><em>\"Gradido on avainkivi, ylin kivi, joka pit\u00e4\u00e4 kivikaaren kasassa ja jakaa voimat.\"<\/em> <br \/><em>-\u00a0<\/em><i> Jean-Pierre Rickli<\/i><\/p><div><p>Hyv\u00e4 lukija,<\/p><p>Monien vuosien aikana, jolloin olen toiminut insin\u00f6\u00f6rin\u00e4, esimiehen\u00e4, terapeuttina, geomiehen\u00e4, kouluttajana ja viimeisen\u00e4 mutta ei v\u00e4h\u00e4isimp\u00e4n\u00e4 is\u00e4n\u00e4, olen ymm\u00e4rt\u00e4nyt, ett\u00e4 useimmilla yhteiskuntamme j\u00e4rjestelmill\u00e4 on luontainen logiikka. geomiehen\u00e4, kouluttajana ja viime k\u00e4dess\u00e4 is\u00e4n\u00e4 - olen ymm\u00e4rt\u00e4nyt, ett\u00e4 useimmilla yhteiskuntamme j\u00e4rjestelmill\u00e4 on luontainen logiikka, joka johtaa ep\u00e4toivottuun kehitykseen.<\/p><p>Harhaanjohtavan kehityksen vuoksi menetimme todelliset tavoitteemme ja seurasimme toissijaisia tavoitteita, jotka johtivat meid\u00e4t harhaan.<\/p><h3>Umpikujan p\u00e4\u00e4ss\u00e4 -<\/h3><p>N\u00e4m\u00e4 harhaanjohtavat toissijaiset tavoitteet ovat synnytt\u00e4neet organisaatioita ja rakenteita, joita pid\u00e4mme nyky\u00e4\u00e4n itsest\u00e4\u00e4nselvyyksin\u00e4. Nyky\u00e4\u00e4n olemme kuitenkin yh\u00e4 useammin ymm\u00e4rt\u00e4m\u00e4ss\u00e4, ett\u00e4 olemme tulleet umpikujaan.<\/p><p>Maalaisj\u00e4rjen tai luonnonlakien mukaiset ratkaisut hyl\u00e4ttiin kerta toisensa j\u00e4lkeen. Syyksi ilmoitettiin, ett\u00e4 ne olisivat ristiriidassa \"rahan logiikan\" kanssa. Hyvin usein t\u00e4m\u00e4 \"rahan logiikka\" esitettiin luonnonlakina, mik\u00e4 oli yll\u00e4tys luonnontieteellisen taustan omaavalle henkil\u00f6lle.<\/p><h3>Rahaj\u00e4rjestelm\u00e4 - inhimillinen rakennelma<\/h3><p>Ymm\u00e4rr\u00e4n tietenkin, ett\u00e4 rahalla on t\u00e4rke\u00e4 rooli energiavarastona. Sen ansiosta kulutus voidaan irrottaa tuotannosta. Ongelma ei siis ole raha itsess\u00e4\u00e4n vaan rahaj\u00e4rjestelm\u00e4, joka ei ole suinkaan luonnollinen vaan ihmisen rakentama.<\/p><p>N\u00e4m\u00e4 olivat ajatukseni, kun kuuntelin Bernd Berndin esityst\u00e4 uudesta rahoitusj\u00e4rjestelm\u00e4st\u00e4 nimelt\u00e4 Gradido Egerkingeniss\u00e4 Sveitsiss\u00e4 syksyll\u00e4 2016.<\/p><h3>Gradido, joka pit\u00e4\u00e4 kaiken koossa.<\/h3><p><strong>Tajusin heti: t\u00e4m\u00e4 on oikea asia! Gradido on avainkivi, ylin kivi, joka pit\u00e4\u00e4 kivikaaren kasassa ja jakaa voimat.<\/strong><\/p><p>Minulle k\u00e4vi my\u00f6s selv\u00e4ksi, mihin halusin keskitty\u00e4 tulevaisuudessa:<\/p><ol><li>Auttaa rakentamaan kivikaaria energian, koulutuksen, terveyden ja ravitsemuksen aloilla.\u00a0<\/li><li>Gradidon rakentamisen tukeminen - avainkivi.<\/li><\/ol><p>.<\/p><p>Kaikki tuki ja apu auttavat meit\u00e4 saavuttamaan t\u00e4m\u00e4n tavoitteen.<\/p><p>Kiitollisina t\u00e4st\u00e4 anteliaasta lahjasta ihmiskunnalle!<\/p><p>Yst\u00e4v\u00e4llisin terveisin<\/p><p>Jean-Pierre<\/p><\/div>\t\t\t\t\t\t\t\t<\/div>\n\t\t\t\t<\/div>\n\t\t\t\t<div class=\"elementor-element elementor-element-db3fa8e elementor-widget-divider--view-line elementor-widget elementor-widget-divider\" data-id=\"db3fa8e\" data-element_type=\"widget\" data-e-type=\"widget\" data-widget_type=\"divider.default\">\n\t\t\t\t<div class=\"elementor-widget-container\">\n\t\t\t\t\t\t\t<div class=\"elementor-divider\">\n\t\t\t<span class=\"elementor-divider-separator\">\n\t\t\t\t\t\t<\/span>\n\t\t<\/div>\n\t\t\t\t\t\t<\/div>\n\t\t\t\t<\/div>\n\t\t\t\t<div class=\"elementor-element elementor-element-d74dfa0 elementor-widget elementor-widget-text-editor\" data-id=\"d74dfa0\" data-element_type=\"widget\" data-e-type=\"widget\" data-widget_type=\"text-editor.default\">\n\t\t\t\t<div class=\"elementor-widget-container\">\n\t\t\t\t\t\t\t\t\t<div data-pm-slice=\"1 1 []\" data-en-clipboard=\"true\"><h4>Liity mukaan - odotamme innolla sinun liikuttavaa tarinaasi!<\/h4><p><strong>L\u00e4het\u00e4 postisi osoitteeseen: <a href=\"mailto:support@gradido.net\">support@gradido.net<\/a><\/strong><\/p><p>Yhdess\u00e4 kasvamme yli itsemme!<\/p><p>Syv\u00e4ll\u00e4 kiitollisuudella ja solidaarisuudella<\/p><p><span style=\"font-family: -apple-system, BlinkMacSystemFont, 'Segoe UI', Roboto, 'Helvetica Neue', Arial, 'Noto Sans', sans-serif, 'Apple Color Emoji', 'Segoe UI Emoji', 'Segoe UI Symbol', 'Noto Color Emoji';\">Teid\u00e4n<\/span><\/p><\/div><p><img decoding=\"async\" class=\"alignnone wp-image-4614 size-medium\" src=\"https:\/\/gradido.net\/wp-content\/uploads\/2022\/06\/MargretBernd_2022-300x74.png\" alt=\"\" width=\"300\" height=\"74\" srcset=\"https:\/\/gradido.net\/wp-content\/uploads\/2022\/06\/MargretBernd_2022-300x74.png 300w, https:\/\/gradido.net\/wp-content\/uploads\/2022\/06\/MargretBernd_2022-18x4.png 18w, https:\/\/gradido.net\/wp-content\/uploads\/2022\/06\/MargretBernd_2022.png 431w\" sizes=\"(max-width: 300px) 100vw, 300px\" \/><\/p><p>Margret Baier ja Bernd H\u00fcckst\u00e4dt<br \/>Gradidon perustaja ja kehitt\u00e4j\u00e4<\/p>\t\t\t\t\t\t\t\t<\/div>\n\t\t\t\t<\/div>\n\t\t\t\t\t<\/div>\n\t\t<\/div>\n\t\t\t\t\t<\/div>\n\t\t<\/section>\n\t\t\t\t<section class=\"elementor-section elementor-top-section elementor-element elementor-element-14532fe elementor-section-boxed elementor-section-height-default elementor-section-height-default\" data-id=\"14532fe\" data-element_type=\"section\" data-e-type=\"section\">\n\t\t\t\t\t\t<div class=\"elementor-container elementor-column-gap-default\">\n\t\t\t\t\t<div class=\"elementor-column elementor-col-100 elementor-top-column elementor-element elementor-element-65d2298\" data-id=\"65d2298\" data-element_type=\"column\" data-e-type=\"column\">\n\t\t\t<div class=\"elementor-widget-wrap elementor-element-populated\">\n\t\t\t\t\t\t<div class=\"elementor-element elementor-element-bea124f elementor-widget elementor-widget-global elementor-global-9341 elementor-widget-text-editor\" data-id=\"bea124f\" data-element_type=\"widget\" data-e-type=\"widget\" data-widget_type=\"text-editor.default\">\n\t\t\t\t<div class=\"elementor-widget-container\">\n\t\t\t\t\t\t\t\t\t<p><strong>PS:\u00a0<span style=\"color: #ff6600;\"><a style=\"color: #ff6600;\" href=\"https:\/\/gradido.net\/fi\/donations\/\">Koska Gradidon merkitys kasvaa jatkuvasti, toistamme kiitollisuuskampanjamme 26. kes\u00e4kuuta 2026:<\/a>\u00a0<\/span><span style=\"color: #0000ff;\"><a style=\"color: #0000ff;\" href=\"https:\/\/gradido.net\/fi\/donations\/\">Sen lis\u00e4ksi, ett\u00e4 saamme sponsorointirahoituksestasi moninkertaisen GradidoTransformin, lis\u00e4\u00e4mme kaikkien GDT-tilien saldoja 26%:ll\u00e4 26.6.2016. Sponsoroi nyt ja nauti moninkertaisesta m\u00e4\u00e4r\u00e4st\u00e4 GDT:t\u00e4!<\/a><\/span><\/strong><\/p>\t\t\t\t\t\t\t\t<\/div>\n\t\t\t\t<\/div>\n\t\t\t\t\t<\/div>\n\t\t<\/div>\n\t\t\t\t\t<\/div>\n\t\t<\/section>\n\t\t\t\t<section class=\"elementor-section elementor-top-section elementor-element elementor-element-29dfc07 elementor-section-boxed elementor-section-height-default elementor-section-height-default\" data-id=\"29dfc07\" data-element_type=\"section\" data-e-type=\"section\">\n\t\t\t\t\t\t<div class=\"elementor-container elementor-column-gap-default\">\n\t\t\t\t\t<div class=\"elementor-column elementor-col-100 elementor-top-column elementor-element elementor-element-d37ec5a\" data-id=\"d37ec5a\" data-element_type=\"column\" data-e-type=\"column\">\n\t\t\t<div class=\"elementor-widget-wrap\">\n\t\t\t\t\t\t\t<\/div>\n\t\t<\/div>\n\t\t\t\t\t<\/div>\n\t\t<\/section>\n\t\t\t\t<section class=\"elementor-section elementor-top-section elementor-element elementor-element-b3bbb9b elementor-section-boxed elementor-section-height-default elementor-section-height-default\" data-id=\"b3bbb9b\" data-element_type=\"section\" data-e-type=\"section\">\n\t\t\t\t\t\t<div class=\"elementor-container elementor-column-gap-default\">\n\t\t\t\t\t<div class=\"elementor-column elementor-col-100 elementor-top-column elementor-element elementor-element-a7e88ad\" data-id=\"a7e88ad\" data-element_type=\"column\" data-e-type=\"column\">\n\t\t\t<div class=\"elementor-widget-wrap\">\n\t\t\t\t\t\t\t<\/div>\n\t\t<\/div>\n\t\t\t\t\t<\/div>\n\t\t<\/section>\n\t\t\t\t<\/div>","protected":false},"excerpt":{"rendered":"<p>Monivuotisen toimintani aikana olen ymm\u00e4rt\u00e4nyt, ett\u00e4 useimpiin yhteiskuntamme j\u00e4rjestelmiin liittyy luontainen logiikka, joka johtaa ei-toivottuun kehitykseen. N\u00e4iden ei-toivottujen kehityskulkujen seurauksena olemme menett\u00e4neet n\u00e4kyvist\u00e4 todelliset tavoitteemme ja ....<\/p>","protected":false},"author":2,"featured_media":11643,"comment_status":"closed","ping_status":"closed","sticky":false,"template":"","format":"standard","meta":{"footnotes":""},"categories":[11,54],"tags":[],"class_list":["post-11642","post","type-post","status-publish","format-standard","has-post-thumbnail","hentry","category-blog","category-community"],"yoast_head":"<!-- This site is optimized with the Yoast SEO plugin v27.5 - https:\/\/yoast.com\/product\/yoast-seo-wordpress\/ -->\n<title>Der Schlussstein beim Bau einer Br\u00fccke - Gradido<\/title>\n<meta name=\"description\" content=\"In den vielen Jahren meiner unterschiedlichsten Aktivit\u00e4ten konnte ich feststellen, dass den meisten Systemen unserer Gesellschaft eine Logik innewohnt, die zu Fehlentwicklungen f\u00fchrt. Durch die Fehlentwicklungen haben wir unsere wahren Ziele aus den Augen verloren und sind Nebenzielen gefolgt, die uns in die Irre f\u00fchrten.\" \/>\n<meta name=\"robots\" content=\"index, follow, max-snippet:-1, max-image-preview:large, max-video-preview:-1\" \/>\n<link rel=\"canonical\" href=\"https:\/\/gradido.net\/fi\/mutmacher-jean-pierre\/\" \/>\n<meta property=\"og:locale\" content=\"fi_FI\" \/>\n<meta property=\"og:type\" content=\"article\" \/>\n<meta property=\"og:title\" content=\"Der Schlussstein beim Bau einer Br\u00fccke - Gradido\" \/>\n<meta property=\"og:description\" content=\"In den vielen Jahren meiner unterschiedlichsten Aktivit\u00e4ten konnte ich feststellen, dass den meisten Systemen unserer Gesellschaft eine Logik innewohnt, die zu Fehlentwicklungen f\u00fchrt. Durch die Fehlentwicklungen haben wir unsere wahren Ziele aus den Augen verloren und sind Nebenzielen gefolgt, die uns in die Irre f\u00fchrten.\" \/>\n<meta property=\"og:url\" content=\"https:\/\/gradido.net\/fi\/mutmacher-jean-pierre\/\" \/>\n<meta property=\"og:site_name\" content=\"Gradido\" \/>\n<meta property=\"article:published_time\" content=\"2025-09-27T08:48:28+00:00\" \/>\n<meta property=\"article:modified_time\" content=\"2026-04-24T05:18:19+00:00\" \/>\n<meta property=\"og:image\" content=\"https:\/\/gradido.net\/wp-content\/uploads\/2025\/09\/Jean-Pierre.jpg\" \/>\n\t<meta property=\"og:image:width\" content=\"1280\" \/>\n\t<meta property=\"og:image:height\" content=\"720\" \/>\n\t<meta property=\"og:image:type\" content=\"image\/jpeg\" \/>\n<meta name=\"author\" content=\"Bernd H\u00fcckst\u00e4dt\" \/>\n<meta name=\"twitter:card\" content=\"summary_large_image\" \/>\n<meta name=\"twitter:label1\" content=\"Kirjoittanut\" \/>\n\t<meta name=\"twitter:data1\" content=\"Bernd H\u00fcckst\u00e4dt\" \/>\n\t<meta name=\"twitter:label2\" content=\"Arvioitu lukuaika\" \/>\n\t<meta name=\"twitter:data2\" content=\"3 minuuttia\" \/>\n<script type=\"application\/ld+json\" class=\"yoast-schema-graph\">{\"@context\":\"https:\\\/\\\/schema.org\",\"@graph\":[{\"@type\":\"Article\",\"@id\":\"https:\\\/\\\/gradido.net\\\/mutmacher-jean-pierre\\\/#article\",\"isPartOf\":{\"@id\":\"https:\\\/\\\/gradido.net\\\/mutmacher-jean-pierre\\\/\"},\"author\":{\"name\":\"Bernd H\u00fcckst\u00e4dt\",\"@id\":\"https:\\\/\\\/gradido.net\\\/de\\\/#\\\/schema\\\/person\\\/9c503a004ad15a1ddecadce2218db5d1\"},\"headline\":\"Der Schlussstein beim Bau einer Br\u00fccke\",\"datePublished\":\"2025-09-27T08:48:28+00:00\",\"dateModified\":\"2026-04-24T05:18:19+00:00\",\"mainEntityOfPage\":{\"@id\":\"https:\\\/\\\/gradido.net\\\/mutmacher-jean-pierre\\\/\"},\"wordCount\":434,\"publisher\":{\"@id\":\"https:\\\/\\\/gradido.net\\\/de\\\/#organization\"},\"image\":{\"@id\":\"https:\\\/\\\/gradido.net\\\/mutmacher-jean-pierre\\\/#primaryimage\"},\"thumbnailUrl\":\"https:\\\/\\\/gradido.net\\\/wp-content\\\/uploads\\\/2025\\\/09\\\/Jean-Pierre.jpg\",\"articleSection\":[\"Blog\",\"Community\"],\"inLanguage\":\"fi\"},{\"@type\":\"WebPage\",\"@id\":\"https:\\\/\\\/gradido.net\\\/mutmacher-jean-pierre\\\/\",\"url\":\"https:\\\/\\\/gradido.net\\\/mutmacher-jean-pierre\\\/\",\"name\":\"Der Schlussstein beim Bau einer Br\u00fccke - Gradido\",\"isPartOf\":{\"@id\":\"https:\\\/\\\/gradido.net\\\/de\\\/#website\"},\"primaryImageOfPage\":{\"@id\":\"https:\\\/\\\/gradido.net\\\/mutmacher-jean-pierre\\\/#primaryimage\"},\"image\":{\"@id\":\"https:\\\/\\\/gradido.net\\\/mutmacher-jean-pierre\\\/#primaryimage\"},\"thumbnailUrl\":\"https:\\\/\\\/gradido.net\\\/wp-content\\\/uploads\\\/2025\\\/09\\\/Jean-Pierre.jpg\",\"datePublished\":\"2025-09-27T08:48:28+00:00\",\"dateModified\":\"2026-04-24T05:18:19+00:00\",\"description\":\"In den vielen Jahren meiner unterschiedlichsten Aktivit\u00e4ten konnte ich feststellen, dass den meisten Systemen unserer Gesellschaft eine Logik innewohnt, die zu Fehlentwicklungen f\u00fchrt. Durch die Fehlentwicklungen haben wir unsere wahren Ziele aus den Augen verloren und sind Nebenzielen gefolgt, die uns in die Irre f\u00fchrten.\",\"breadcrumb\":{\"@id\":\"https:\\\/\\\/gradido.net\\\/mutmacher-jean-pierre\\\/#breadcrumb\"},\"inLanguage\":\"fi\",\"potentialAction\":[{\"@type\":\"ReadAction\",\"target\":[\"https:\\\/\\\/gradido.net\\\/mutmacher-jean-pierre\\\/\"]}]},{\"@type\":\"ImageObject\",\"inLanguage\":\"fi\",\"@id\":\"https:\\\/\\\/gradido.net\\\/mutmacher-jean-pierre\\\/#primaryimage\",\"url\":\"https:\\\/\\\/gradido.net\\\/wp-content\\\/uploads\\\/2025\\\/09\\\/Jean-Pierre.jpg\",\"contentUrl\":\"https:\\\/\\\/gradido.net\\\/wp-content\\\/uploads\\\/2025\\\/09\\\/Jean-Pierre.jpg\",\"width\":1280,\"height\":720},{\"@type\":\"BreadcrumbList\",\"@id\":\"https:\\\/\\\/gradido.net\\\/mutmacher-jean-pierre\\\/#breadcrumb\",\"itemListElement\":[{\"@type\":\"ListItem\",\"position\":1,\"name\":\"Startseite\",\"item\":\"https:\\\/\\\/gradido.net\\\/\"},{\"@type\":\"ListItem\",\"position\":2,\"name\":\"Der Schlussstein beim Bau einer Br\u00fccke\"}]},{\"@type\":\"WebSite\",\"@id\":\"https:\\\/\\\/gradido.net\\\/de\\\/#website\",\"url\":\"https:\\\/\\\/gradido.net\\\/de\\\/\",\"name\":\"Gradido\",\"description\":\"Die neue W\u00e4hrung hei\u00dft Dankbarkeit\",\"publisher\":{\"@id\":\"https:\\\/\\\/gradido.net\\\/de\\\/#organization\"},\"potentialAction\":[{\"@type\":\"SearchAction\",\"target\":{\"@type\":\"EntryPoint\",\"urlTemplate\":\"https:\\\/\\\/gradido.net\\\/de\\\/?s={search_term_string}\"},\"query-input\":{\"@type\":\"PropertyValueSpecification\",\"valueRequired\":true,\"valueName\":\"search_term_string\"}}],\"inLanguage\":\"fi\"},{\"@type\":\"Organization\",\"@id\":\"https:\\\/\\\/gradido.net\\\/de\\\/#organization\",\"name\":\"Gradido\",\"url\":\"https:\\\/\\\/gradido.net\\\/de\\\/\",\"logo\":{\"@type\":\"ImageObject\",\"inLanguage\":\"fi\",\"@id\":\"https:\\\/\\\/gradido.net\\\/de\\\/#\\\/schema\\\/logo\\\/image\\\/\",\"url\":\"https:\\\/\\\/gradido.net\\\/wp-content\\\/uploads\\\/2022\\\/04\\\/gradido-social.jpg\",\"contentUrl\":\"https:\\\/\\\/gradido.net\\\/wp-content\\\/uploads\\\/2022\\\/04\\\/gradido-social.jpg\",\"width\":527,\"height\":273,\"caption\":\"Gradido\"},\"image\":{\"@id\":\"https:\\\/\\\/gradido.net\\\/de\\\/#\\\/schema\\\/logo\\\/image\\\/\"}},{\"@type\":\"Person\",\"@id\":\"https:\\\/\\\/gradido.net\\\/de\\\/#\\\/schema\\\/person\\\/9c503a004ad15a1ddecadce2218db5d1\",\"name\":\"Bernd H\u00fcckst\u00e4dt\",\"sameAs\":[\"https:\\\/\\\/gradido.net\"],\"url\":\"https:\\\/\\\/gradido.net\\\/fi\\\/author\\\/bernd\\\/\"}]}<\/script>\n<!-- \/ Yoast SEO plugin. -->","yoast_head_json":{"title":"Sillan rakentamisen peruskivi - Gradido","description":"Monivuotisen toimintani aikana olen ymm\u00e4rt\u00e4nyt, ett\u00e4 useimpiin yhteiskuntamme j\u00e4rjestelmiin liittyy luontainen logiikka, joka johtaa ei-toivottuun kehitykseen. N\u00e4iden v\u00e4\u00e4r\u00e4nlaisten kehityskulkujen seurauksena olemme menett\u00e4neet todelliset tavoitteemme ja seuranneet toissijaisia tavoitteita, jotka ovat johtaneet meid\u00e4t harhaan.","robots":{"index":"index","follow":"follow","max-snippet":"max-snippet:-1","max-image-preview":"max-image-preview:large","max-video-preview":"max-video-preview:-1"},"canonical":"https:\/\/gradido.net\/fi\/mutmacher-jean-pierre\/","og_locale":"fi_FI","og_type":"article","og_title":"Der Schlussstein beim Bau einer Br\u00fccke - Gradido","og_description":"In den vielen Jahren meiner unterschiedlichsten Aktivit\u00e4ten konnte ich feststellen, dass den meisten Systemen unserer Gesellschaft eine Logik innewohnt, die zu Fehlentwicklungen f\u00fchrt. Durch die Fehlentwicklungen haben wir unsere wahren Ziele aus den Augen verloren und sind Nebenzielen gefolgt, die uns in die Irre f\u00fchrten.","og_url":"https:\/\/gradido.net\/fi\/mutmacher-jean-pierre\/","og_site_name":"Gradido","article_published_time":"2025-09-27T08:48:28+00:00","article_modified_time":"2026-04-24T05:18:19+00:00","og_image":[{"width":1280,"height":720,"url":"https:\/\/gradido.net\/wp-content\/uploads\/2025\/09\/Jean-Pierre.jpg","type":"image\/jpeg"}],"author":"Bernd H\u00fcckst\u00e4dt","twitter_card":"summary_large_image","twitter_misc":{"Kirjoittanut":"Bernd H\u00fcckst\u00e4dt","Arvioitu lukuaika":"3 minuuttia"},"schema":{"@context":"https:\/\/schema.org","@graph":[{"@type":"Article","@id":"https:\/\/gradido.net\/mutmacher-jean-pierre\/#article","isPartOf":{"@id":"https:\/\/gradido.net\/mutmacher-jean-pierre\/"},"author":{"name":"Bernd H\u00fcckst\u00e4dt","@id":"https:\/\/gradido.net\/de\/#\/schema\/person\/9c503a004ad15a1ddecadce2218db5d1"},"headline":"Der Schlussstein beim Bau einer Br\u00fccke","datePublished":"2025-09-27T08:48:28+00:00","dateModified":"2026-04-24T05:18:19+00:00","mainEntityOfPage":{"@id":"https:\/\/gradido.net\/mutmacher-jean-pierre\/"},"wordCount":434,"publisher":{"@id":"https:\/\/gradido.net\/de\/#organization"},"image":{"@id":"https:\/\/gradido.net\/mutmacher-jean-pierre\/#primaryimage"},"thumbnailUrl":"https:\/\/gradido.net\/wp-content\/uploads\/2025\/09\/Jean-Pierre.jpg","articleSection":["Blog","Community"],"inLanguage":"fi"},{"@type":"WebPage","@id":"https:\/\/gradido.net\/mutmacher-jean-pierre\/","url":"https:\/\/gradido.net\/mutmacher-jean-pierre\/","name":"Sillan rakentamisen peruskivi - Gradido","isPartOf":{"@id":"https:\/\/gradido.net\/de\/#website"},"primaryImageOfPage":{"@id":"https:\/\/gradido.net\/mutmacher-jean-pierre\/#primaryimage"},"image":{"@id":"https:\/\/gradido.net\/mutmacher-jean-pierre\/#primaryimage"},"thumbnailUrl":"https:\/\/gradido.net\/wp-content\/uploads\/2025\/09\/Jean-Pierre.jpg","datePublished":"2025-09-27T08:48:28+00:00","dateModified":"2026-04-24T05:18:19+00:00","description":"Monivuotisen toimintani aikana olen ymm\u00e4rt\u00e4nyt, ett\u00e4 useimpiin yhteiskuntamme j\u00e4rjestelmiin liittyy luontainen logiikka, joka johtaa ei-toivottuun kehitykseen. N\u00e4iden v\u00e4\u00e4r\u00e4nlaisten kehityskulkujen seurauksena olemme menett\u00e4neet todelliset tavoitteemme ja seuranneet toissijaisia tavoitteita, jotka ovat johtaneet meid\u00e4t harhaan.","breadcrumb":{"@id":"https:\/\/gradido.net\/mutmacher-jean-pierre\/#breadcrumb"},"inLanguage":"fi","potentialAction":[{"@type":"ReadAction","target":["https:\/\/gradido.net\/mutmacher-jean-pierre\/"]}]},{"@type":"ImageObject","inLanguage":"fi","@id":"https:\/\/gradido.net\/mutmacher-jean-pierre\/#primaryimage","url":"https:\/\/gradido.net\/wp-content\/uploads\/2025\/09\/Jean-Pierre.jpg","contentUrl":"https:\/\/gradido.net\/wp-content\/uploads\/2025\/09\/Jean-Pierre.jpg","width":1280,"height":720},{"@type":"BreadcrumbList","@id":"https:\/\/gradido.net\/mutmacher-jean-pierre\/#breadcrumb","itemListElement":[{"@type":"ListItem","position":1,"name":"Startseite","item":"https:\/\/gradido.net\/"},{"@type":"ListItem","position":2,"name":"Der Schlussstein beim Bau einer Br\u00fccke"}]},{"@type":"WebSite","@id":"https:\/\/gradido.net\/de\/#website","url":"https:\/\/gradido.net\/de\/","name":"Gradido","description":"Uusi valuutta on kiitollisuus","publisher":{"@id":"https:\/\/gradido.net\/de\/#organization"},"potentialAction":[{"@type":"SearchAction","target":{"@type":"EntryPoint","urlTemplate":"https:\/\/gradido.net\/de\/?s={search_term_string}"},"query-input":{"@type":"PropertyValueSpecification","valueRequired":true,"valueName":"search_term_string"}}],"inLanguage":"fi"},{"@type":"Organization","@id":"https:\/\/gradido.net\/de\/#organization","name":"Gradido","url":"https:\/\/gradido.net\/de\/","logo":{"@type":"ImageObject","inLanguage":"fi","@id":"https:\/\/gradido.net\/de\/#\/schema\/logo\/image\/","url":"https:\/\/gradido.net\/wp-content\/uploads\/2022\/04\/gradido-social.jpg","contentUrl":"https:\/\/gradido.net\/wp-content\/uploads\/2022\/04\/gradido-social.jpg","width":527,"height":273,"caption":"Gradido"},"image":{"@id":"https:\/\/gradido.net\/de\/#\/schema\/logo\/image\/"}},{"@type":"Person","@id":"https:\/\/gradido.net\/de\/#\/schema\/person\/9c503a004ad15a1ddecadce2218db5d1","name":"Bernd H\u00fcckst\u00e4dt","sameAs":["https:\/\/gradido.net"],"url":"https:\/\/gradido.net\/fi\/author\/bernd\/"}]}},"_links":{"self":[{"href":"https:\/\/gradido.net\/fi\/wp-json\/wp\/v2\/posts\/11642","targetHints":{"allow":["GET"]}}],"collection":[{"href":"https:\/\/gradido.net\/fi\/wp-json\/wp\/v2\/posts"}],"about":[{"href":"https:\/\/gradido.net\/fi\/wp-json\/wp\/v2\/types\/post"}],"author":[{"embeddable":true,"href":"https:\/\/gradido.net\/fi\/wp-json\/wp\/v2\/users\/2"}],"replies":[{"embeddable":true,"href":"https:\/\/gradido.net\/fi\/wp-json\/wp\/v2\/comments?post=11642"}],"version-history":[{"count":29,"href":"https:\/\/gradido.net\/fi\/wp-json\/wp\/v2\/posts\/11642\/revisions"}],"predecessor-version":[{"id":11699,"href":"https:\/\/gradido.net\/fi\/wp-json\/wp\/v2\/posts\/11642\/revisions\/11699"}],"wp:featuredmedia":[{"embeddable":true,"href":"https:\/\/gradido.net\/fi\/wp-json\/wp\/v2\/media\/11643"}],"wp:attachment":[{"href":"https:\/\/gradido.net\/fi\/wp-json\/wp\/v2\/media?parent=11642"}],"wp:term":[{"taxonomy":"category","embeddable":true,"href":"https:\/\/gradido.net\/fi\/wp-json\/wp\/v2\/categories?post=11642"},{"taxonomy":"post_tag","embeddable":true,"href":"https:\/\/gradido.net\/fi\/wp-json\/wp\/v2\/tags?post=11642"}],"curies":[{"name":"wp","href":"https:\/\/api.w.org\/{rel}","templated":true}]}}