{"id":11727,"date":"2025-09-30T11:39:04","date_gmt":"2025-09-30T09:39:04","guid":{"rendered":"https:\/\/gradido.net\/?p=11727"},"modified":"2026-04-24T07:16:51","modified_gmt":"2026-04-24T05:16:51","slug":"mutmacher-rolf","status":"publish","type":"post","link":"https:\/\/gradido.net\/fi\/mutmacher-rolf\/","title":{"rendered":"Into the connectedness"},"content":{"rendered":"<div data-elementor-type=\"wp-post\" data-elementor-id=\"11727\" class=\"elementor elementor-11727\" data-elementor-post-type=\"post\">\n\t\t\t\t\t\t<section class=\"elementor-section elementor-top-section elementor-element elementor-element-496e1d53 elementor-section-boxed elementor-section-height-default elementor-section-height-default\" data-id=\"496e1d53\" data-element_type=\"section\" data-e-type=\"section\">\n\t\t\t\t\t\t<div class=\"elementor-container elementor-column-gap-default\">\n\t\t\t\t\t<div class=\"elementor-column elementor-col-100 elementor-top-column elementor-element elementor-element-461d7be0\" data-id=\"461d7be0\" data-element_type=\"column\" data-e-type=\"column\">\n\t\t\t<div class=\"elementor-widget-wrap elementor-element-populated\">\n\t\t\t\t\t\t<div class=\"elementor-element elementor-element-cd9ebe2 elementor-widget elementor-widget-text-editor\" data-id=\"cd9ebe2\" data-element_type=\"widget\" data-e-type=\"widget\" data-widget_type=\"text-editor.default\">\n\t\t\t\t<div class=\"elementor-widget-container\">\n\t\t\t\t\t\t\t\t\t<p style=\"text-align: right;\"><em>\"Gradidon visio: yhteenkuuluvuuden kulttuuri, jolle on ominaista luottamus, elinvoimaisuus ja keskin\u00e4inen tuki.\"<\/em> <br \/><em>-\u00a0<\/em><i> Rolf Locher<\/i><\/p><div><p>Rakas Margret, rakas Bernd, rakkaat kaikki,<\/p><p>Olen ollut mukana Gradidossa noin 15 vuotta - enemm\u00e4n hiljaisena tukena kuin n\u00e4kyv\u00e4n\u00e4 toimijana. Ajatus on kuitenkin aina ollut mukanani, koska kannan sit\u00e4 syd\u00e4mess\u00e4ni ja koska se osoittaa minulle syvemm\u00e4n totuuden, joka ulottuu paljon vanhaa rahaj\u00e4rjestelm\u00e4\u00e4 pidemm\u00e4lle.<\/p><h3>Yh\u00e4 ankkuroituna vanhaan j\u00e4rjestelm\u00e4\u00e4n<\/h3><p>Kun sanon, ett\u00e4 olen edelleen vahvasti ankkuroitunut \"j\u00e4rjestelm\u00e4\u00e4n\", tarkoitan, ett\u00e4 olen edelleen ankkuroitunut \"j\u00e4rjestelm\u00e4\u00e4n\": El\u00e4n edelleen jokap\u00e4iv\u00e4ist\u00e4 el\u00e4m\u00e4\u00e4ni tuttujen rakenteiden sis\u00e4ll\u00e4, kaikkine s\u00e4\u00e4nt\u00f6ineen, riippuvuuksineen ja rajoituksineen, joita t\u00e4m\u00e4 j\u00e4rjestelm\u00e4 tuo mukanaan. Se muokkaa ajatuksiani, toimintaani ja joskus jopa pelkojani. Samalla kuitenkin tunnen, ett\u00e4 t\u00e4m\u00e4 ankkuroituminen on l\u00f6ystym\u00e4ss\u00e4 - ett\u00e4 avautuu uusia tiloja, joissa voin toimia askel askeleelta vapaammin.<\/p><h3>Yhteis\u00f6, ilo ja sis\u00e4inen vapaus<\/h3><p>Solothurnin l\u00e4hell\u00e4 Sveitsiss\u00e4 sijaitsevan pienen linnan talonmiehen\u00e4 ja asukkaana sek\u00e4 naurujoogavalmentajana yli 20 vuoden ajan koen p\u00e4ivitt\u00e4in yhteis\u00f6n, ilon ja sis\u00e4isen vapauden merkityksen.<\/p><p><strong>Minulle n\u00e4m\u00e4 kokemukset liittyv\u00e4t Gradidon visioon: luottamukseen, elinvoimaisuuteen ja keskin\u00e4iseen tukeen perustuvaan yhteenkuuluvuuden kulttuuriin.<\/strong><\/p><h3>Jo monet henkiset osallistujat<\/h3><p>Samaan aikaan en ole viel\u00e4 oikein ymm\u00e4rt\u00e4nyt, miten voin ankkuroida Gradidon t\u00e4nne paikallisverkkoon. Tunnen, ett\u00e4 ajatuksissani on jo paljon osallistujia - ihmisi\u00e4, jotka ovat jo pitk\u00e4\u00e4n kulkeneet sis\u00e4isesti samanlaisia polkuja. Mutta mist\u00e4 aloittaa? Miten ottaa ensimm\u00e4iset askeleet? ZeitTausch on minulle my\u00f6s j\u00e4nnitt\u00e4v\u00e4 hanke, joka osoittaa samaan suuntaan. Lyhyesti sanottuna: aika on kyps\u00e4 - ja olen matkalla l\u00f6yt\u00e4m\u00e4\u00e4n ja antamaan oman panokseni.<\/p><h3>Into the connectedness<\/h3><p>Ja minusta tulee - ja olen jo nyt - korkeamman tason ihmisperheen rohkaisija ja l\u00e4hettil\u00e4s. Koska vain t\u00e4m\u00e4 polku johtaa meid\u00e4t pois edelleen kokemastamme erillisyydest\u00e4 ja siihen yhteyteen, jonka olemme jo kauan tunteneet syd\u00e4miss\u00e4mme.<\/p><h3>Uuden maapallon muokkaaminen<\/h3><p>Juuri siksi Gradidon visio sopii minun aikaani ja meid\u00e4n aikaamme paremmin kuin koskaan. Se muistuttaa minua siit\u00e4, ett\u00e4 muutos on mahdollista - ei vain \"jonain p\u00e4iv\u00e4n\u00e4\", vaan nyt. Voimme alkaa muokata uutta maapalloa pienin askelin ja yhdess\u00e4 toimimalla.<\/p><p>Kiitos, ett\u00e4 olette sinnikk\u00e4\u00e4sti kulkeneet t\u00e4t\u00e4 polkua ja hoitaneet siement\u00e4 kaikki n\u00e4m\u00e4 vuodet. Olen iloinen saadessani olla osa sit\u00e4 ja odotan innolla, miten jatkamme yhdess\u00e4 kasvamista.<\/p><p>Syd\u00e4mellisesti<\/p><p>Rolf<\/p><p><a href=\"https:\/\/www.hoho-hahaha.ch\/\" target=\"_blank\" rel=\"noopener\">https:\/\/www.hoho-hahaha.ch\/<\/a><\/p><p><a href=\"https:\/\/www.peace4mother.org\/\" target=\"_blank\" rel=\"noopener\">https:\/\/www.peace4mother.org\/<\/a><\/p><\/div>\t\t\t\t\t\t\t\t<\/div>\n\t\t\t\t<\/div>\n\t\t\t\t<div class=\"elementor-element elementor-element-db3fa8e elementor-widget-divider--view-line elementor-widget elementor-widget-divider\" data-id=\"db3fa8e\" data-element_type=\"widget\" data-e-type=\"widget\" data-widget_type=\"divider.default\">\n\t\t\t\t<div class=\"elementor-widget-container\">\n\t\t\t\t\t\t\t<div class=\"elementor-divider\">\n\t\t\t<span class=\"elementor-divider-separator\">\n\t\t\t\t\t\t<\/span>\n\t\t<\/div>\n\t\t\t\t\t\t<\/div>\n\t\t\t\t<\/div>\n\t\t\t\t<div class=\"elementor-element elementor-element-d74dfa0 elementor-widget elementor-widget-text-editor\" data-id=\"d74dfa0\" data-element_type=\"widget\" data-e-type=\"widget\" data-widget_type=\"text-editor.default\">\n\t\t\t\t<div class=\"elementor-widget-container\">\n\t\t\t\t\t\t\t\t\t<div data-pm-slice=\"1 1 []\" data-en-clipboard=\"true\"><h4>Liity mukaan - odotamme innolla sinun liikuttavaa tarinaasi!<\/h4><p><strong>L\u00e4het\u00e4 postisi osoitteeseen: <a href=\"mailto:support@gradido.net\">support@gradido.net<\/a><\/strong><\/p><p>Yhdess\u00e4 kasvamme yli itsemme!<\/p><p>Syv\u00e4ll\u00e4 kiitollisuudella ja solidaarisuudella<\/p><p><span style=\"font-family: -apple-system, BlinkMacSystemFont, 'Segoe UI', Roboto, 'Helvetica Neue', Arial, 'Noto Sans', sans-serif, 'Apple Color Emoji', 'Segoe UI Emoji', 'Segoe UI Symbol', 'Noto Color Emoji';\">Teid\u00e4n<\/span><\/p><\/div><p><img decoding=\"async\" class=\"alignnone wp-image-4614 size-medium\" src=\"https:\/\/gradido.net\/wp-content\/uploads\/2022\/06\/MargretBernd_2022-300x74.png\" alt=\"\" width=\"300\" height=\"74\" srcset=\"https:\/\/gradido.net\/wp-content\/uploads\/2022\/06\/MargretBernd_2022-300x74.png 300w, https:\/\/gradido.net\/wp-content\/uploads\/2022\/06\/MargretBernd_2022-18x4.png 18w, https:\/\/gradido.net\/wp-content\/uploads\/2022\/06\/MargretBernd_2022.png 431w\" sizes=\"(max-width: 300px) 100vw, 300px\" \/><\/p><p>Margret Baier ja Bernd H\u00fcckst\u00e4dt<br \/>Gradidon perustaja ja kehitt\u00e4j\u00e4<\/p>\t\t\t\t\t\t\t\t<\/div>\n\t\t\t\t<\/div>\n\t\t\t\t\t<\/div>\n\t\t<\/div>\n\t\t\t\t\t<\/div>\n\t\t<\/section>\n\t\t\t\t<section class=\"elementor-section elementor-top-section elementor-element elementor-element-14532fe elementor-section-boxed elementor-section-height-default elementor-section-height-default\" data-id=\"14532fe\" data-element_type=\"section\" data-e-type=\"section\">\n\t\t\t\t\t\t<div class=\"elementor-container elementor-column-gap-default\">\n\t\t\t\t\t<div class=\"elementor-column elementor-col-100 elementor-top-column elementor-element elementor-element-65d2298\" data-id=\"65d2298\" data-element_type=\"column\" data-e-type=\"column\">\n\t\t\t<div class=\"elementor-widget-wrap elementor-element-populated\">\n\t\t\t\t\t\t<div class=\"elementor-element elementor-element-bea124f elementor-widget elementor-widget-global elementor-global-9341 elementor-widget-text-editor\" data-id=\"bea124f\" data-element_type=\"widget\" data-e-type=\"widget\" data-widget_type=\"text-editor.default\">\n\t\t\t\t<div class=\"elementor-widget-container\">\n\t\t\t\t\t\t\t\t\t<p><strong>PS:\u00a0<span style=\"color: #ff6600;\"><a style=\"color: #ff6600;\" href=\"https:\/\/gradido.net\/fi\/donations\/\">Koska Gradidon merkitys kasvaa jatkuvasti, toistamme kiitollisuuskampanjamme 26. kes\u00e4kuuta 2026:<\/a>\u00a0<\/span><span style=\"color: #0000ff;\"><a style=\"color: #0000ff;\" href=\"https:\/\/gradido.net\/fi\/donations\/\">Sen lis\u00e4ksi, ett\u00e4 saamme sponsorointirahoituksestasi moninkertaisen GradidoTransformin, lis\u00e4\u00e4mme kaikkien GDT-tilien saldoja 26%:ll\u00e4 26.6.2016. Sponsoroi nyt ja nauti moninkertaisesta m\u00e4\u00e4r\u00e4st\u00e4 GDT:t\u00e4!<\/a><\/span><\/strong><\/p>\t\t\t\t\t\t\t\t<\/div>\n\t\t\t\t<\/div>\n\t\t\t\t\t<\/div>\n\t\t<\/div>\n\t\t\t\t\t<\/div>\n\t\t<\/section>\n\t\t\t\t<section class=\"elementor-section elementor-top-section elementor-element elementor-element-29dfc07 elementor-section-boxed elementor-section-height-default elementor-section-height-default\" data-id=\"29dfc07\" data-element_type=\"section\" data-e-type=\"section\">\n\t\t\t\t\t\t<div class=\"elementor-container elementor-column-gap-default\">\n\t\t\t\t\t<div class=\"elementor-column elementor-col-100 elementor-top-column elementor-element elementor-element-d37ec5a\" data-id=\"d37ec5a\" data-element_type=\"column\" data-e-type=\"column\">\n\t\t\t<div class=\"elementor-widget-wrap\">\n\t\t\t\t\t\t\t<\/div>\n\t\t<\/div>\n\t\t\t\t\t<\/div>\n\t\t<\/section>\n\t\t\t\t<section class=\"elementor-section elementor-top-section elementor-element elementor-element-b3bbb9b elementor-section-boxed elementor-section-height-default elementor-section-height-default\" data-id=\"b3bbb9b\" data-element_type=\"section\" data-e-type=\"section\">\n\t\t\t\t\t\t<div class=\"elementor-container elementor-column-gap-default\">\n\t\t\t\t\t<div class=\"elementor-column elementor-col-100 elementor-top-column elementor-element elementor-element-a7e88ad\" data-id=\"a7e88ad\" data-element_type=\"column\" data-e-type=\"column\">\n\t\t\t<div class=\"elementor-widget-wrap\">\n\t\t\t\t\t\t\t<\/div>\n\t\t<\/div>\n\t\t\t\t\t<\/div>\n\t\t<\/section>\n\t\t\t\t<\/div>","protected":false},"excerpt":{"rendered":"<p>Gradidon visio sopii meid\u00e4n aikaamme paremmin kuin koskaan. Se muistuttaa minua siit\u00e4, ett\u00e4 muutos on mahdollista - ei vain \"jonain p\u00e4iv\u00e4n\u00e4\" vaan nyt. Voimme alkaa muokata uutta maapalloa pienin askelin ja yhdess\u00e4 toimimalla.<\/p>","protected":false},"author":2,"featured_media":11728,"comment_status":"closed","ping_status":"closed","sticky":false,"template":"","format":"standard","meta":{"footnotes":""},"categories":[11,54],"tags":[],"class_list":["post-11727","post","type-post","status-publish","format-standard","has-post-thumbnail","hentry","category-blog","category-community"],"yoast_head":"<!-- This site is optimized with the Yoast SEO plugin v27.5 - https:\/\/yoast.com\/product\/yoast-seo-wordpress\/ -->\n<title>Hinein in die Verbundenheit - Gradido<\/title>\n<meta name=\"description\" content=\"Die Vision von Gradido passt heute mehr denn je in unsere Zeit. Sie erinnert mich daran, dass Wandel m\u00f6glich ist \u2013 nicht erst \u201eirgendwann\u201c, sondern jetzt. Dass wir mit kleinen Schritten und im Miteinander beginnen k\u00f6nnen, die Neue Erde zu gestalten.\" \/>\n<meta name=\"robots\" content=\"index, follow, max-snippet:-1, max-image-preview:large, max-video-preview:-1\" \/>\n<link rel=\"canonical\" href=\"https:\/\/gradido.net\/fi\/mutmacher-rolf\/\" \/>\n<meta property=\"og:locale\" content=\"fi_FI\" \/>\n<meta property=\"og:type\" content=\"article\" \/>\n<meta property=\"og:title\" content=\"Hinein in die Verbundenheit - Gradido\" \/>\n<meta property=\"og:description\" content=\"Die Vision von Gradido passt heute mehr denn je in unsere Zeit. Sie erinnert mich daran, dass Wandel m\u00f6glich ist \u2013 nicht erst \u201eirgendwann\u201c, sondern jetzt. Dass wir mit kleinen Schritten und im Miteinander beginnen k\u00f6nnen, die Neue Erde zu gestalten.\" \/>\n<meta property=\"og:url\" content=\"https:\/\/gradido.net\/fi\/mutmacher-rolf\/\" \/>\n<meta property=\"og:site_name\" content=\"Gradido\" \/>\n<meta property=\"article:published_time\" content=\"2025-09-30T09:39:04+00:00\" \/>\n<meta property=\"article:modified_time\" content=\"2026-04-24T05:16:51+00:00\" \/>\n<meta property=\"og:image\" content=\"https:\/\/gradido.net\/wp-content\/uploads\/2025\/09\/Rolf-Locher-Banner.jpg\" \/>\n\t<meta property=\"og:image:width\" content=\"1280\" \/>\n\t<meta property=\"og:image:height\" content=\"720\" \/>\n\t<meta property=\"og:image:type\" content=\"image\/jpeg\" \/>\n<meta name=\"author\" content=\"Bernd H\u00fcckst\u00e4dt\" \/>\n<meta name=\"twitter:card\" content=\"summary_large_image\" \/>\n<meta name=\"twitter:label1\" content=\"Kirjoittanut\" \/>\n\t<meta name=\"twitter:data1\" content=\"Bernd H\u00fcckst\u00e4dt\" \/>\n\t<meta name=\"twitter:label2\" content=\"Arvioitu lukuaika\" \/>\n\t<meta name=\"twitter:data2\" content=\"4 minuuttia\" \/>\n<script type=\"application\/ld+json\" class=\"yoast-schema-graph\">{\"@context\":\"https:\\\/\\\/schema.org\",\"@graph\":[{\"@type\":\"Article\",\"@id\":\"https:\\\/\\\/gradido.net\\\/mutmacher-rolf\\\/#article\",\"isPartOf\":{\"@id\":\"https:\\\/\\\/gradido.net\\\/mutmacher-rolf\\\/\"},\"author\":{\"name\":\"Bernd H\u00fcckst\u00e4dt\",\"@id\":\"https:\\\/\\\/gradido.net\\\/de\\\/#\\\/schema\\\/person\\\/9c503a004ad15a1ddecadce2218db5d1\"},\"headline\":\"Hinein in die Verbundenheit\",\"datePublished\":\"2025-09-30T09:39:04+00:00\",\"dateModified\":\"2026-04-24T05:16:51+00:00\",\"mainEntityOfPage\":{\"@id\":\"https:\\\/\\\/gradido.net\\\/mutmacher-rolf\\\/\"},\"wordCount\":520,\"publisher\":{\"@id\":\"https:\\\/\\\/gradido.net\\\/de\\\/#organization\"},\"image\":{\"@id\":\"https:\\\/\\\/gradido.net\\\/mutmacher-rolf\\\/#primaryimage\"},\"thumbnailUrl\":\"https:\\\/\\\/gradido.net\\\/wp-content\\\/uploads\\\/2025\\\/09\\\/Rolf-Locher-Banner.jpg\",\"articleSection\":[\"Blog\",\"Community\"],\"inLanguage\":\"fi\"},{\"@type\":\"WebPage\",\"@id\":\"https:\\\/\\\/gradido.net\\\/mutmacher-rolf\\\/\",\"url\":\"https:\\\/\\\/gradido.net\\\/mutmacher-rolf\\\/\",\"name\":\"Hinein in die Verbundenheit - Gradido\",\"isPartOf\":{\"@id\":\"https:\\\/\\\/gradido.net\\\/de\\\/#website\"},\"primaryImageOfPage\":{\"@id\":\"https:\\\/\\\/gradido.net\\\/mutmacher-rolf\\\/#primaryimage\"},\"image\":{\"@id\":\"https:\\\/\\\/gradido.net\\\/mutmacher-rolf\\\/#primaryimage\"},\"thumbnailUrl\":\"https:\\\/\\\/gradido.net\\\/wp-content\\\/uploads\\\/2025\\\/09\\\/Rolf-Locher-Banner.jpg\",\"datePublished\":\"2025-09-30T09:39:04+00:00\",\"dateModified\":\"2026-04-24T05:16:51+00:00\",\"description\":\"Die Vision von Gradido passt heute mehr denn je in unsere Zeit. Sie erinnert mich daran, dass Wandel m\u00f6glich ist \u2013 nicht erst \u201eirgendwann\u201c, sondern jetzt. Dass wir mit kleinen Schritten und im Miteinander beginnen k\u00f6nnen, die Neue Erde zu gestalten.\",\"breadcrumb\":{\"@id\":\"https:\\\/\\\/gradido.net\\\/mutmacher-rolf\\\/#breadcrumb\"},\"inLanguage\":\"fi\",\"potentialAction\":[{\"@type\":\"ReadAction\",\"target\":[\"https:\\\/\\\/gradido.net\\\/mutmacher-rolf\\\/\"]}]},{\"@type\":\"ImageObject\",\"inLanguage\":\"fi\",\"@id\":\"https:\\\/\\\/gradido.net\\\/mutmacher-rolf\\\/#primaryimage\",\"url\":\"https:\\\/\\\/gradido.net\\\/wp-content\\\/uploads\\\/2025\\\/09\\\/Rolf-Locher-Banner.jpg\",\"contentUrl\":\"https:\\\/\\\/gradido.net\\\/wp-content\\\/uploads\\\/2025\\\/09\\\/Rolf-Locher-Banner.jpg\",\"width\":1280,\"height\":720},{\"@type\":\"BreadcrumbList\",\"@id\":\"https:\\\/\\\/gradido.net\\\/mutmacher-rolf\\\/#breadcrumb\",\"itemListElement\":[{\"@type\":\"ListItem\",\"position\":1,\"name\":\"Startseite\",\"item\":\"https:\\\/\\\/gradido.net\\\/\"},{\"@type\":\"ListItem\",\"position\":2,\"name\":\"Hinein in die Verbundenheit\"}]},{\"@type\":\"WebSite\",\"@id\":\"https:\\\/\\\/gradido.net\\\/de\\\/#website\",\"url\":\"https:\\\/\\\/gradido.net\\\/de\\\/\",\"name\":\"Gradido\",\"description\":\"Die neue W\u00e4hrung hei\u00dft Dankbarkeit\",\"publisher\":{\"@id\":\"https:\\\/\\\/gradido.net\\\/de\\\/#organization\"},\"potentialAction\":[{\"@type\":\"SearchAction\",\"target\":{\"@type\":\"EntryPoint\",\"urlTemplate\":\"https:\\\/\\\/gradido.net\\\/de\\\/?s={search_term_string}\"},\"query-input\":{\"@type\":\"PropertyValueSpecification\",\"valueRequired\":true,\"valueName\":\"search_term_string\"}}],\"inLanguage\":\"fi\"},{\"@type\":\"Organization\",\"@id\":\"https:\\\/\\\/gradido.net\\\/de\\\/#organization\",\"name\":\"Gradido\",\"url\":\"https:\\\/\\\/gradido.net\\\/de\\\/\",\"logo\":{\"@type\":\"ImageObject\",\"inLanguage\":\"fi\",\"@id\":\"https:\\\/\\\/gradido.net\\\/de\\\/#\\\/schema\\\/logo\\\/image\\\/\",\"url\":\"https:\\\/\\\/gradido.net\\\/wp-content\\\/uploads\\\/2022\\\/04\\\/gradido-social.jpg\",\"contentUrl\":\"https:\\\/\\\/gradido.net\\\/wp-content\\\/uploads\\\/2022\\\/04\\\/gradido-social.jpg\",\"width\":527,\"height\":273,\"caption\":\"Gradido\"},\"image\":{\"@id\":\"https:\\\/\\\/gradido.net\\\/de\\\/#\\\/schema\\\/logo\\\/image\\\/\"}},{\"@type\":\"Person\",\"@id\":\"https:\\\/\\\/gradido.net\\\/de\\\/#\\\/schema\\\/person\\\/9c503a004ad15a1ddecadce2218db5d1\",\"name\":\"Bernd H\u00fcckst\u00e4dt\",\"sameAs\":[\"https:\\\/\\\/gradido.net\"],\"url\":\"https:\\\/\\\/gradido.net\\\/fi\\\/author\\\/bernd\\\/\"}]}<\/script>\n<!-- \/ Yoast SEO plugin. -->","yoast_head_json":{"title":"Into connectedness - Gradido","description":"Gradidon visio sopii meid\u00e4n aikaamme paremmin kuin koskaan. Se muistuttaa minua siit\u00e4, ett\u00e4 muutos on mahdollista - ei vain \"jonain p\u00e4iv\u00e4n\u00e4\" vaan nyt. Voimme alkaa muokata uutta maapalloa pienin askelin ja yhdess\u00e4 toimimalla.","robots":{"index":"index","follow":"follow","max-snippet":"max-snippet:-1","max-image-preview":"max-image-preview:large","max-video-preview":"max-video-preview:-1"},"canonical":"https:\/\/gradido.net\/fi\/mutmacher-rolf\/","og_locale":"fi_FI","og_type":"article","og_title":"Hinein in die Verbundenheit - Gradido","og_description":"Die Vision von Gradido passt heute mehr denn je in unsere Zeit. Sie erinnert mich daran, dass Wandel m\u00f6glich ist \u2013 nicht erst \u201eirgendwann\u201c, sondern jetzt. Dass wir mit kleinen Schritten und im Miteinander beginnen k\u00f6nnen, die Neue Erde zu gestalten.","og_url":"https:\/\/gradido.net\/fi\/mutmacher-rolf\/","og_site_name":"Gradido","article_published_time":"2025-09-30T09:39:04+00:00","article_modified_time":"2026-04-24T05:16:51+00:00","og_image":[{"width":1280,"height":720,"url":"https:\/\/gradido.net\/wp-content\/uploads\/2025\/09\/Rolf-Locher-Banner.jpg","type":"image\/jpeg"}],"author":"Bernd H\u00fcckst\u00e4dt","twitter_card":"summary_large_image","twitter_misc":{"Kirjoittanut":"Bernd H\u00fcckst\u00e4dt","Arvioitu lukuaika":"4 minuuttia"},"schema":{"@context":"https:\/\/schema.org","@graph":[{"@type":"Article","@id":"https:\/\/gradido.net\/mutmacher-rolf\/#article","isPartOf":{"@id":"https:\/\/gradido.net\/mutmacher-rolf\/"},"author":{"name":"Bernd H\u00fcckst\u00e4dt","@id":"https:\/\/gradido.net\/de\/#\/schema\/person\/9c503a004ad15a1ddecadce2218db5d1"},"headline":"Hinein in die Verbundenheit","datePublished":"2025-09-30T09:39:04+00:00","dateModified":"2026-04-24T05:16:51+00:00","mainEntityOfPage":{"@id":"https:\/\/gradido.net\/mutmacher-rolf\/"},"wordCount":520,"publisher":{"@id":"https:\/\/gradido.net\/de\/#organization"},"image":{"@id":"https:\/\/gradido.net\/mutmacher-rolf\/#primaryimage"},"thumbnailUrl":"https:\/\/gradido.net\/wp-content\/uploads\/2025\/09\/Rolf-Locher-Banner.jpg","articleSection":["Blog","Community"],"inLanguage":"fi"},{"@type":"WebPage","@id":"https:\/\/gradido.net\/mutmacher-rolf\/","url":"https:\/\/gradido.net\/mutmacher-rolf\/","name":"Into connectedness - Gradido","isPartOf":{"@id":"https:\/\/gradido.net\/de\/#website"},"primaryImageOfPage":{"@id":"https:\/\/gradido.net\/mutmacher-rolf\/#primaryimage"},"image":{"@id":"https:\/\/gradido.net\/mutmacher-rolf\/#primaryimage"},"thumbnailUrl":"https:\/\/gradido.net\/wp-content\/uploads\/2025\/09\/Rolf-Locher-Banner.jpg","datePublished":"2025-09-30T09:39:04+00:00","dateModified":"2026-04-24T05:16:51+00:00","description":"Gradidon visio sopii meid\u00e4n aikaamme paremmin kuin koskaan. Se muistuttaa minua siit\u00e4, ett\u00e4 muutos on mahdollista - ei vain \"jonain p\u00e4iv\u00e4n\u00e4\" vaan nyt. Voimme alkaa muokata uutta maapalloa pienin askelin ja yhdess\u00e4 toimimalla.","breadcrumb":{"@id":"https:\/\/gradido.net\/mutmacher-rolf\/#breadcrumb"},"inLanguage":"fi","potentialAction":[{"@type":"ReadAction","target":["https:\/\/gradido.net\/mutmacher-rolf\/"]}]},{"@type":"ImageObject","inLanguage":"fi","@id":"https:\/\/gradido.net\/mutmacher-rolf\/#primaryimage","url":"https:\/\/gradido.net\/wp-content\/uploads\/2025\/09\/Rolf-Locher-Banner.jpg","contentUrl":"https:\/\/gradido.net\/wp-content\/uploads\/2025\/09\/Rolf-Locher-Banner.jpg","width":1280,"height":720},{"@type":"BreadcrumbList","@id":"https:\/\/gradido.net\/mutmacher-rolf\/#breadcrumb","itemListElement":[{"@type":"ListItem","position":1,"name":"Startseite","item":"https:\/\/gradido.net\/"},{"@type":"ListItem","position":2,"name":"Hinein in die Verbundenheit"}]},{"@type":"WebSite","@id":"https:\/\/gradido.net\/de\/#website","url":"https:\/\/gradido.net\/de\/","name":"Gradido","description":"Uusi valuutta on kiitollisuus","publisher":{"@id":"https:\/\/gradido.net\/de\/#organization"},"potentialAction":[{"@type":"SearchAction","target":{"@type":"EntryPoint","urlTemplate":"https:\/\/gradido.net\/de\/?s={search_term_string}"},"query-input":{"@type":"PropertyValueSpecification","valueRequired":true,"valueName":"search_term_string"}}],"inLanguage":"fi"},{"@type":"Organization","@id":"https:\/\/gradido.net\/de\/#organization","name":"Gradido","url":"https:\/\/gradido.net\/de\/","logo":{"@type":"ImageObject","inLanguage":"fi","@id":"https:\/\/gradido.net\/de\/#\/schema\/logo\/image\/","url":"https:\/\/gradido.net\/wp-content\/uploads\/2022\/04\/gradido-social.jpg","contentUrl":"https:\/\/gradido.net\/wp-content\/uploads\/2022\/04\/gradido-social.jpg","width":527,"height":273,"caption":"Gradido"},"image":{"@id":"https:\/\/gradido.net\/de\/#\/schema\/logo\/image\/"}},{"@type":"Person","@id":"https:\/\/gradido.net\/de\/#\/schema\/person\/9c503a004ad15a1ddecadce2218db5d1","name":"Bernd H\u00fcckst\u00e4dt","sameAs":["https:\/\/gradido.net"],"url":"https:\/\/gradido.net\/fi\/author\/bernd\/"}]}},"_links":{"self":[{"href":"https:\/\/gradido.net\/fi\/wp-json\/wp\/v2\/posts\/11727","targetHints":{"allow":["GET"]}}],"collection":[{"href":"https:\/\/gradido.net\/fi\/wp-json\/wp\/v2\/posts"}],"about":[{"href":"https:\/\/gradido.net\/fi\/wp-json\/wp\/v2\/types\/post"}],"author":[{"embeddable":true,"href":"https:\/\/gradido.net\/fi\/wp-json\/wp\/v2\/users\/2"}],"replies":[{"embeddable":true,"href":"https:\/\/gradido.net\/fi\/wp-json\/wp\/v2\/comments?post=11727"}],"version-history":[{"count":15,"href":"https:\/\/gradido.net\/fi\/wp-json\/wp\/v2\/posts\/11727\/revisions"}],"predecessor-version":[{"id":13569,"href":"https:\/\/gradido.net\/fi\/wp-json\/wp\/v2\/posts\/11727\/revisions\/13569"}],"wp:featuredmedia":[{"embeddable":true,"href":"https:\/\/gradido.net\/fi\/wp-json\/wp\/v2\/media\/11728"}],"wp:attachment":[{"href":"https:\/\/gradido.net\/fi\/wp-json\/wp\/v2\/media?parent=11727"}],"wp:term":[{"taxonomy":"category","embeddable":true,"href":"https:\/\/gradido.net\/fi\/wp-json\/wp\/v2\/categories?post=11727"},{"taxonomy":"post_tag","embeddable":true,"href":"https:\/\/gradido.net\/fi\/wp-json\/wp\/v2\/tags?post=11727"}],"curies":[{"name":"wp","href":"https:\/\/api.w.org\/{rel}","templated":true}]}}