{"id":1238,"date":"2020-11-25T10:27:43","date_gmt":"2020-11-25T09:27:43","guid":{"rendered":"https:\/\/gradido.net\/?p=1238"},"modified":"2021-12-11T13:02:17","modified_gmt":"2021-12-11T12:02:17","slug":"corona-politik-bedroht-unsere-kinder","status":"publish","type":"post","link":"https:\/\/gradido.net\/fi\/corona-politik-bedroht-unsere-kinder\/","title":{"rendered":"Coronan politiikka uhkaa lapsiamme"},"content":{"rendered":"<div data-elementor-type=\"wp-post\" data-elementor-id=\"1238\" class=\"elementor elementor-1238\" data-elementor-post-type=\"post\">\n\t\t\t\t\t\t<section class=\"elementor-section elementor-top-section elementor-element elementor-element-496e1d53 elementor-section-boxed elementor-section-height-default elementor-section-height-default\" data-id=\"496e1d53\" data-element_type=\"section\" data-e-type=\"section\">\n\t\t\t\t\t\t<div class=\"elementor-container elementor-column-gap-default\">\n\t\t\t\t\t<div class=\"elementor-column elementor-col-100 elementor-top-column elementor-element elementor-element-461d7be0\" data-id=\"461d7be0\" data-element_type=\"column\" data-e-type=\"column\">\n\t\t\t<div class=\"elementor-widget-wrap elementor-element-populated\">\n\t\t\t\t\t\t<div class=\"elementor-element elementor-element-cd9ebe2 elementor-widget elementor-widget-text-editor\" data-id=\"cd9ebe2\" data-element_type=\"widget\" data-e-type=\"widget\" data-widget_type=\"text-editor.default\">\n\t\t\t\t<div class=\"elementor-widget-container\">\n\t\t\t\t\t\t\t\t\t<h2>Tutkijat n\u00e4kev\u00e4t ratkaisun uudessa rahaj\u00e4rjestelm\u00e4ss\u00e4<\/h2><p><strong>K\u00fcnzelsau, 25.11.2020 - Lapset, vanhemmat ja opettajat ovat rajalla. L\u00e4\u00e4k\u00e4rit, psykologit ja perhepoliitikot h\u00e4lytt\u00e4v\u00e4t. He kaikki n\u00e4kev\u00e4t nykyisen kriisipolitiikan vaarantavan lasten hyvinvoinnin valtavasti. Karanteenis\u00e4\u00e4nn\u00f6t, koulujen sulkemiset ja yhteydenpidon rajoitukset eiv\u00e4t saa ainoastaan lastensuojelijoita barrikadeille. Unicefin mukaan 15 000 lasta kuoli n\u00e4lk\u00e4\u00e4n joka p\u00e4iv\u00e4 jo ennen Coronaa. Coronan toimenpiteet ovat pahentaneet dramaattisesti maailmanlaajuista n\u00e4l\u00e4nh\u00e4t\u00e4\u00e4. Jotta lasten terveelle kehitykselle voitaisiin luoda turvallinen perusta, Gradido-akatemian talousbioniikan asiantuntijat vaativat rahoitusj\u00e4rjestelm\u00e4n muuttamista. T\u00e4m\u00e4 lopettaisi k\u00f6yhyyden maailmanlaajuisesti ja varmistaisi kaikille lapsille yht\u00e4l\u00e4iset kehitysmahdollisuudet. <\/strong><\/p><h3>\"Ikkuna auki, naamari p\u00e4\u00e4lle!\" - Preussin kunnia ei ole kriisinhallintaa<\/h3><p>Nykyinen kouluj\u00e4rjestelm\u00e4 kehitettiin vanhassa Preussissa lojaalien alamaisten kasvattamiseksi. Se levisi nopeasti ymp\u00e4ri maailmaa. Filosofi Richard David Precht on jo vuosia varoittanut, ett\u00e4 t\u00e4m\u00e4 kasvatusihanne on t\u00e4ysin v\u00e4\u00e4r\u00e4 kaiken sen mukaan, mit\u00e4 nyky\u00e4\u00e4n tiedet\u00e4\u00e4n kehityspsykologiasta. Gradido Akatemian perustaja Bernd H\u00fcckst\u00e4dt toteaa my\u00f6s kasvavalla huolestuneisuudella, ett\u00e4 \"maailmanlaajuisesti ei ole riitt\u00e4v\u00e4sti rahaa ja tahtoa kehitt\u00e4\u00e4 julkisia kouluja tavalla, joka olisi tarpeen aikamme haasteiden kannalta. T\u00e4m\u00e4 on todellinen syyt\u00f6s maailmanyhteis\u00f6lle, jonka hyvinvointi riippuu suurelta osin sen j\u00e4senten kokonaisvaltaisesta koulutuksesta\".<\/p><h3>Etuoikeutetut k\u00e4yv\u00e4t julkisia kouluja<\/h3><p>Ei siis ole yll\u00e4tt\u00e4v\u00e4\u00e4, ett\u00e4 yh\u00e4 useammat oppilaat k\u00e4yv\u00e4t julkisia kouluja my\u00f6s t\u00e4ss\u00e4 maassa. Liittovaltion tilastokeskuksen mukaan yleissivist\u00e4vien ja ammatillisten julkisten koulujen m\u00e4\u00e4r\u00e4 kasvoi Saksassa vaikuttavalla 79,8 prosentilla vuodesta 1992\/1993 vuoteen 2018\/19. Monet vanhemmat, joilla oli siihen varaa, maksoivat jo vuonna 2016 keskim\u00e4\u00e4rin 2 000 euroa vuodessa ja lasta kohden paikasta yksityisess\u00e4 oppilaitoksessa.<\/p><h3>Lasten k\u00f6yhyys yht\u00e4l\u00e4isten mahdollisuuksien sijaan<\/h3><p>Monet v\u00e4h\u00e4varaisten perheiden lapset eiv\u00e4t osallistu t\u00e4h\u00e4n kehitykseen. Bertelsmann-s\u00e4\u00e4ti\u00f6n tutkimuksen mukaan k\u00f6yhyys on ominaista yli viidennekselle kaikista saksalaisista lapsista. T\u00e4m\u00e4 on 21,3 prosenttia eli 2,8 miljoonaa alle 18-vuotiasta lasta ja nuorta. Corona-kriisi pahentaa heid\u00e4n tilannettaan entisest\u00e4\u00e4n. Ty\u00f6paikkojen menett\u00e4minen, toimeentulon pelko, lis\u00e4\u00e4ntyv\u00e4 rahapula ja tilanpuute aiheuttavat my\u00f6s monien perheiden konfliktien k\u00e4rjistymist\u00e4. Kotiopetus on mahdoton vaihtoehto, jos vanhemmilla ei ole aikaa eik\u00e4 my\u00f6sk\u00e4\u00e4n osaamista. \"Mahdollisuuksien tasa-arvo n\u00e4ytt\u00e4\u00e4 t\u00e4ysin erilaiselta\", toteaa talousbiologi H\u00fcckst\u00e4dt ja lis\u00e4\u00e4: \"Jos ihmisilt\u00e4 ev\u00e4t\u00e4\u00e4n vapaa p\u00e4\u00e4sy koulutukseen, heilt\u00e4 ev\u00e4t\u00e4\u00e4n perustavanlaatuinen ihmisoikeus\".<\/p><h3>Coronan lasten kadonnut sukupolvi?<\/h3><p>My\u00f6s lasten hyv\u00e4ntekev\u00e4isyysj\u00e4rjest\u00f6 Unicef, Saksan lastensuojeluliitto, SOS-lapsikylien nuorisokomitea, lasten oikeuksien verkosto ja perhepoliitikot varoittavat, ett\u00e4 lapset voivat k\u00e4rsi\u00e4 kriisin suurimmat vahingot. Yhdistyneiden Kansakuntien lastenrahasto toteaa raportissaan \"Averting Lost Covid Generation\", ett\u00e4 Corona-kriisin vakavat pitk\u00e4aikaisvaikutukset koulutukseen, ravitsemukseen ja hyvinvointiin voivat vaikuttaa pysyv\u00e4sti kokonaisen lasten ja nuorten sukupolven el\u00e4m\u00e4\u00e4n kaikkialla maailmassa. SOS-Lapsikylien lasten oikeuksien asiantuntija Christian Neusser sanoo: \"T\u00e4m\u00e4 on eritt\u00e4in suuri asia. Loppujen lopuksi kyse ei ole vain yksitt\u00e4isten lasten oikeuksien loukkaamisesta, vaan koko ketjusta: k\u00f6yhyyteen liittyy esimerkiksi sairauksia, lapsity\u00f6voiman k\u00e4ytt\u00f6\u00e4 tai koulutuksen menett\u00e4mist\u00e4.\" YK:n lukujen mukaan 150 miljoonaa lasta voi joutua \u00e4\u00e4rimm\u00e4iseen k\u00f6yhyyteen - niiden satojen miljoonien lasten lis\u00e4ksi, jotka ovat jo aiemmin k\u00e4rsineet k\u00f6yhyydest\u00e4. Toisinaan 1,5 miljardia lasta maailmassa ei voinut k\u00e4yd\u00e4 koulua. Erityisesti k\u00f6yhiss\u00e4 maissa on olemassa riski, ett\u00e4 monet oppilaat eiv\u00e4t koskaan palaa kouluun, koska heid\u00e4n perheens\u00e4 ovat liian k\u00f6yhi\u00e4.<\/p><p>Lasten oikeuksien verkosto kritisoi jo 25. kes\u00e4kuuta 2020, ett\u00e4 lasten ja nuorten n\u00e4k\u00f6kulmat eiv\u00e4t juurikaan olleet p\u00e4\u00e4sseet mukaan keskusteluun siit\u00e4, miten kriisiin pit\u00e4isi suhtautua, vaikka toimenpiteet vaikuttavat suoraan heid\u00e4n oikeuksiinsa.<\/p><p>Hampurin-Eppendorfin yliopistollisen l\u00e4\u00e4ketieteellisen keskuksen lasten kansanterveytt\u00e4 tutkivan osaston ensimm\u00e4inen valtakunnallinen tutkimus Corona-kriisin vaikutuksista ja seurauksista lasten ja nuorten mielenterveyteen Saksassa osoitti jo hein\u00e4kuussa, ett\u00e4 Corona-toimenpiteiden lapsille aiheuttama psyykkinen stressi oli my\u00f6s huomattavasti suurempi kuin aiemmin oletettiin. Saksan lastenrahaston Forsa-tutkimus Maailman lastenp\u00e4iv\u00e4n yhteydess\u00e4 osoitti, ett\u00e4 lapsiin kohdistuva v\u00e4kivalta oli lis\u00e4\u00e4ntynyt jyrk\u00e4sti Coronan kriisin aikana ja ett\u00e4 koulutusmahdollisuudet - erityisesti sosiaalisesti heikommassa asemassa olevien lasten osalta - olivat heikentyneet.<\/p><p>Kansainv\u00e4lisen\u00e4 lasten oikeuksien p\u00e4iv\u00e4n\u00e4 20.11.2020 SOS-Kinderdorf e.V. huomautti, ett\u00e4 Yhdistyneiden Kansakuntien vuoden 1989 yleissopimusta lapsen oikeuksista ei ole viel\u00e4k\u00e4\u00e4n pantu t\u00e4ysim\u00e4\u00e4r\u00e4isesti t\u00e4yt\u00e4nt\u00f6\u00f6n Saksassakaan - ja ett\u00e4 lasten oikeuksien rajoitukset ovat Corona-kriisin vaikutuksesta muuttumassa entist\u00e4kin vakavammiksi.<\/p><h3>Kriisi tilaisuutena kest\u00e4v\u00e4\u00e4n kurssin korjaamiseen<\/h3><p>H\u00fcckst\u00e4dtin mukaan Corona ei ole syyn\u00e4 kaikkiin ongelmiin, jotka ovat t\u00e4ll\u00e4 hetkell\u00e4 tulossa r\u00e4ike\u00e4n ilmeisiksi. Kuten jokainen kriisi, Corona on historiallinen tilaisuus korjata kurssia kohti parempaa maailmaa. \"Olemme jo vuosia tienneet, ett\u00e4 vanha rahoitusj\u00e4rjestelm\u00e4 kuplineen on lopussa. Sen on muututtava, ja Gradidon avulla meill\u00e4 on loistava ratkaisu - meid\u00e4n on vain tartuttava siihen.\" Kaikesta optimismistaan huolimatta H\u00fcckst\u00e4dt kehottaa s\u00e4ilytt\u00e4m\u00e4\u00e4n suhteellisuudentajun: \"Tarvitaan koko yhteis\u00f6n vastuuta, jotta lapsemme eiv\u00e4t j\u00e4\u00e4 n\u00e4in\u00e4 myrskyisin\u00e4 aikoina jalkoihin, vaan saavat vihdoin ansaitsemansa turvan ja tuen - maailmanlaajuisesti.\"<\/p><h3>Ratkaisu on ollut olemassa jo nelj\u00e4 ja puoli miljardia vuotta.<\/h3><p>Uutta talous- ja rahoitusj\u00e4rjestelm\u00e4\u00e4 on kehitetty yli 20 vuoden ajan Gradido Academy of Economic Bionicsin tutkimusty\u00f6ss\u00e4. Taloudellisessa bioniikassa tarkastellaan luonnon menestysmalleja, jotka ovat toimineet yli nelj\u00e4n ja puolen miljardin vuoden ajan, ja siirret\u00e4\u00e4n ne talouteen. El\u00e4m\u00e4n luonnollinen talous mahdollistaa kaikkien 17 YK:n kest\u00e4v\u00e4n kehityksen tavoitteen saavuttamisen, jotka on m\u00e4\u00e4ritelty Agenda 2030:ssa. Oikeus koulutukseen on nimenomaisesti sis\u00e4llytetty ohjelmaan - ja yht\u00e4l\u00e4iset mahdollisuudet kaikille ovat osa ohjelmaa. \"Meid\u00e4n huolenamme ei ole ainoastaan tarjota lapsille suojelua ja perspektiivi\u00e4\", Gradido Akatemian toinen perustaja ja toimitusjohtaja Margret Baier selitt\u00e4\u00e4 yhteisen hyv\u00e4n k\u00e4sitett\u00e4, \"haluamme my\u00f6s parantaa kest\u00e4v\u00e4sti mahdollisuuksia henkil\u00f6kohtaiseen kehitykseen.\" \"Emme halua vain tarjota lapsille suojelua ja perspektiivi\u00e4\". Neurobiologi, professori Gerald H\u00fctherin tieteellisen tutkimuksen mukaan 98 prosenttia lapsista on vastasyntyneen\u00e4 eritt\u00e4in lahjakkaita, mutta vain kaksi prosenttia on sit\u00e4 my\u00f6s koulunk\u00e4ynnin j\u00e4lkeen. \"Koulutusj\u00e4rjestelm\u00e4mme on siis selv\u00e4sti uudistuksen tarpeessa - ja Gradidon mallin avulla t\u00e4m\u00e4 uudistus on l\u00e4hes itsest\u00e4\u00e4n selv\u00e4.\"<\/p><h3>Gradido luo oikeudenmukaiset koulutusmahdollisuudet<\/h3><p>Ehdotettu raha- ja talousj\u00e4rjestelm\u00e4 Gradido tasoittaa tiet\u00e4 kaikkien \"ehdottomalle osallistumiselle\" yhteis\u00f6n el\u00e4m\u00e4\u00e4n. H\u00fcckst\u00e4dt selitt\u00e4\u00e4: \"Gradidon eettinen perusperiaate perustuu 'kolminkertaiseen hyv\u00e4\u00e4n' eli yksil\u00f6n hyv\u00e4n yhteensovittamiseen yhteis\u00f6n ja suuremman kokonaisuuden - luonnon ja ymp\u00e4rist\u00f6n - hyv\u00e4n kanssa. Yksil\u00f6 on osa yhteis\u00f6\u00e4, joka puolestaan on osa kokonaisuutta, ekosysteemi\u00e4. Yhteishyv\u00e4n valuutta Gradido (GDD) luodaan jokaiselle henkil\u00f6lle luottona ilman velkaa. N\u00e4in seuraamme luonnon esimerkki\u00e4, jotta voimme tarjota lapsillemme ja lapsenlapsillemme velattoman ja el\u00e4misen arvoisen tulevaisuuden. Yksi gradido vastaa suunnilleen yhden euron arvoa. Asukasta kohden syntyy 3 \u00d7 1 000 Gradidoa. 1 000 Gradido kutakin 'aktiivista perustuloa', julkista talousarviota sek\u00e4 tasaus- ja ymp\u00e4rist\u00f6rahastoa varten.\" T\u00e4m\u00e4n tuloksena on runsas velaton valtion talousarvio, joka mahdollistaa muun muassa p\u00e4iv\u00e4kotien ja koulujen varustamisen tulevaisuutta ajatellen, jotta kaikkia lapsia voidaan edist\u00e4\u00e4 ja haastaa parhaalla mahdollisella tavalla. Koulu- ja keskiasteen koulutus on Gradido-mallissa maailmanlaajuisesti maksutonta. T\u00e4m\u00e4 tarkoittaa, ett\u00e4 ne ovat kaikkien ihmisten saatavilla taloudellisesta tilanteesta riippumatta.<\/p><p>Koulutus tarkoittaa t\u00e4ss\u00e4kin tapauksessa paljon enemm\u00e4n kuin pelkk\u00e4\u00e4 koulutusta. Jotta lapsilla olisi mahdollisuus \"kasvaa vastuullisiksi oman el\u00e4m\u00e4ns\u00e4 muokkaajiksi\", joilla on H\u00fctherin mukaan parhaat mahdollisuudet \"paitsi menesty\u00e4 ammatillisesti my\u00f6s el\u00e4\u00e4 mielek\u00e4st\u00e4, vastuullista ja onnellista el\u00e4m\u00e4\u00e4\", Gradido-malli tarjoaa my\u00f6s \"aktiivisen perustulon\" ja \"ehdottoman osallistumisen\" yhteis\u00f6n el\u00e4m\u00e4\u00e4n.<\/p><p>Aktiivinen perustulo turvaa perusturvan kaikille ihmisille maailmanlaajuisesti ja poistaa siten jatkuvan eksistentiaalisen pelon, joka heikent\u00e4\u00e4 immuunij\u00e4rjestelm\u00e4\u00e4 ja voi kuormittaa psyyke\u00e4. N\u00e4in luodaan perusta konfliktittomammalle perhe-el\u00e4m\u00e4lle. Ehdoton osallistuminen, joka antaa lapsille ja nuorille my\u00f6s mahdollisuuden osallistua yhteis\u00f6n toimintaan aktiivisen perustulon saamiseksi, avaa ennenn\u00e4kem\u00e4tt\u00f6mi\u00e4 mahdollisuuksia kokeilla ja kehitt\u00e4\u00e4 itse\u00e4\u00e4n monilla eri aloilla ja tutustua todelliseen yhteishenkeen. Samalla aktiivinen perustulo turvaa toimeentulon my\u00f6s koulutuksen aikana. \"Gradido luo parhaan perustan sille, ett\u00e4 jokainen nuori voi hy\u00f6dynt\u00e4\u00e4 oikeuttaan koulutukseen ja terveeseen kehitykseen lapsuudesta l\u00e4htien, jotta h\u00e4n voi l\u00f6yt\u00e4\u00e4 parhaan mahdollisen tien kohti t\u00e4ysipainoista el\u00e4m\u00e4\u00e4\", H\u00fcckst\u00e4dt korostaa.<\/p><p>Yksityiskohtaiset tiedot koko Gradido-mallista osoitteessa <a href=\"https:\/\/gradido.net\/fi\/\">https:\/\/gradido.net<\/a><\/p><p><!-- \/wp:paragraph --><\/p>\t\t\t\t\t\t\t\t<\/div>\n\t\t\t\t<\/div>\n\t\t\t\t<div class=\"elementor-element elementor-element-e9ff241 elementor-widget elementor-widget-text-editor\" data-id=\"e9ff241\" data-element_type=\"widget\" data-e-type=\"widget\" data-widget_type=\"text-editor.default\">\n\t\t\t\t<div class=\"elementor-widget-container\">\n\t\t\t\t\t\t\t\t\t<p><strong>Tietoa Gradido Akatemiasta<\/strong><br>Gradido Academy for Economic Bionics on kehitt\u00e4nyt vaihtoehtoisen \"yhteisen hyv\u00e4n valuutan\", jonka mallina on luonto. Luonto noudattaa s\u00e4\u00e4nt\u00f6\u00e4, jonka mukaan vain siell\u00e4, miss\u00e4 jokin h\u00e4vi\u00e4\u00e4, voi synty\u00e4 jotain uutta, ja n\u00e4in ollen pitk\u00e4n aikav\u00e4lin kehitys (evoluutio) on mahdollista. Sen menestysresepti on \"el\u00e4m\u00e4n kiertokulku\". Jos meid\u00e4nkin taloutemme noudattaisi t\u00e4t\u00e4 luonnollista sykli\u00e4, se ratkaisisi k\u00e4yt\u00e4nn\u00f6ss\u00e4 kaikki maailman rahaan liittyv\u00e4t ongelmat, sanovat talousbioniikan asiantuntijat. Gradido-malli perustuu ajatukseen, jonka mukaan jokainen henkil\u00f6 ja my\u00f6s jokainen valtio saa tuloja, jotka on luotu luottoperusteisesti. N\u00e4in se voi hoitaa kaikki teht\u00e4v\u00e4ns\u00e4 ker\u00e4\u00e4m\u00e4tt\u00e4 veroja. Deflaatio tai inflaatio ovat menneisyytt\u00e4. Talous vapautuu jatkuvasta kasvupakosta, ja rahoitusj\u00e4rjestelm\u00e4n romahduksen vaara on vihdoin torjuttu. (<a href=\"https:\/\/gradido.net\/fi\/\">www.gradido.net<\/a>)<\/p>\t\t\t\t\t\t\t\t<\/div>\n\t\t\t\t<\/div>\n\t\t\t\t\t<\/div>\n\t\t<\/div>\n\t\t\t\t\t<\/div>\n\t\t<\/section>\n\t\t\t\t<\/div>","protected":false},"excerpt":{"rendered":"<p>Forscher sehen L\u00f6sung in neuem Geldsystem K\u00fcnzelsau, 25.11.2020 \u2013 Kinder, Eltern und Lehrer sind am Limit. \u00c4rzte, Psychologen und Familienpolitiker schlagen Alarm. Sie alle sehen das Kindeswohl durch die aktuelle Krisenpolitik massiv gef\u00e4hrdet. Quarant\u00e4neregeln, Schulschlie\u00dfungen und Kontaktbeschr\u00e4nkungen bringen nicht nur Kindersch\u00fctzer auf die Barrikaden. Laut Unicef verhungerten schon vor Corona 15.000 Kinder pro Tag. Durch [&hellip;]<\/p>\n","protected":false},"author":2,"featured_media":1231,"comment_status":"closed","ping_status":"closed","sticky":false,"template":"","format":"standard","meta":{"footnotes":""},"categories":[8],"tags":[],"class_list":["post-1238","post","type-post","status-publish","format-standard","has-post-thumbnail","hentry","category-pressemitteilung"],"yoast_head":"<!-- This site is optimized with the Yoast SEO plugin v27.5 - https:\/\/yoast.com\/product\/yoast-seo-wordpress\/ -->\n<title>Corona-Politik bedroht unsere Kinder - Gradido<\/title>\n<meta name=\"robots\" content=\"index, follow, max-snippet:-1, max-image-preview:large, max-video-preview:-1\" \/>\n<link rel=\"canonical\" href=\"https:\/\/gradido.net\/fi\/corona-politik-bedroht-unsere-kinder\/\" \/>\n<meta property=\"og:locale\" content=\"fi_FI\" \/>\n<meta property=\"og:type\" content=\"article\" \/>\n<meta property=\"og:title\" content=\"Corona-Politik bedroht unsere Kinder - Gradido\" \/>\n<meta property=\"og:description\" content=\"Forscher sehen L\u00f6sung in neuem Geldsystem K\u00fcnzelsau, 25.11.2020 \u2013 Kinder, Eltern und Lehrer sind am Limit. \u00c4rzte, Psychologen und Familienpolitiker schlagen Alarm. Sie alle sehen das Kindeswohl durch die aktuelle Krisenpolitik massiv gef\u00e4hrdet. Quarant\u00e4neregeln, Schulschlie\u00dfungen und Kontaktbeschr\u00e4nkungen bringen nicht nur Kindersch\u00fctzer auf die Barrikaden. Laut Unicef verhungerten schon vor Corona 15.000 Kinder pro Tag. Durch [&hellip;]\" \/>\n<meta property=\"og:url\" content=\"https:\/\/gradido.net\/fi\/corona-politik-bedroht-unsere-kinder\/\" \/>\n<meta property=\"og:site_name\" content=\"Gradido\" \/>\n<meta property=\"article:published_time\" content=\"2020-11-25T09:27:43+00:00\" \/>\n<meta property=\"article:modified_time\" content=\"2021-12-11T12:02:17+00:00\" \/>\n<meta property=\"og:image\" content=\"https:\/\/gradido.net\/wp-content\/uploads\/2020\/11\/schule_coronapause.jpg\" \/>\n\t<meta property=\"og:image:width\" content=\"1500\" \/>\n\t<meta property=\"og:image:height\" content=\"959\" \/>\n\t<meta property=\"og:image:type\" content=\"image\/jpeg\" \/>\n<meta name=\"author\" content=\"Bernd H\u00fcckst\u00e4dt\" \/>\n<meta name=\"twitter:card\" content=\"summary_large_image\" \/>\n<meta name=\"twitter:label1\" content=\"Kirjoittanut\" \/>\n\t<meta name=\"twitter:data1\" content=\"Bernd H\u00fcckst\u00e4dt\" \/>\n\t<meta name=\"twitter:label2\" content=\"Arvioitu lukuaika\" \/>\n\t<meta name=\"twitter:data2\" content=\"8 minuuttia\" \/>\n<script type=\"application\/ld+json\" class=\"yoast-schema-graph\">{\"@context\":\"https:\\\/\\\/schema.org\",\"@graph\":[{\"@type\":\"Article\",\"@id\":\"https:\\\/\\\/gradido.net\\\/corona-politik-bedroht-unsere-kinder\\\/#article\",\"isPartOf\":{\"@id\":\"https:\\\/\\\/gradido.net\\\/corona-politik-bedroht-unsere-kinder\\\/\"},\"author\":{\"name\":\"Bernd H\u00fcckst\u00e4dt\",\"@id\":\"https:\\\/\\\/gradido.net\\\/de\\\/#\\\/schema\\\/person\\\/9c503a004ad15a1ddecadce2218db5d1\"},\"headline\":\"Corona-Politik bedroht unsere Kinder\",\"datePublished\":\"2020-11-25T09:27:43+00:00\",\"dateModified\":\"2021-12-11T12:02:17+00:00\",\"mainEntityOfPage\":{\"@id\":\"https:\\\/\\\/gradido.net\\\/corona-politik-bedroht-unsere-kinder\\\/\"},\"wordCount\":1581,\"publisher\":{\"@id\":\"https:\\\/\\\/gradido.net\\\/de\\\/#organization\"},\"image\":{\"@id\":\"https:\\\/\\\/gradido.net\\\/corona-politik-bedroht-unsere-kinder\\\/#primaryimage\"},\"thumbnailUrl\":\"https:\\\/\\\/gradido.net\\\/wp-content\\\/uploads\\\/2020\\\/11\\\/schule_coronapause.jpg\",\"articleSection\":[\"Pressemitteilung\"],\"inLanguage\":\"fi\"},{\"@type\":\"WebPage\",\"@id\":\"https:\\\/\\\/gradido.net\\\/corona-politik-bedroht-unsere-kinder\\\/\",\"url\":\"https:\\\/\\\/gradido.net\\\/corona-politik-bedroht-unsere-kinder\\\/\",\"name\":\"Corona-Politik bedroht unsere Kinder - Gradido\",\"isPartOf\":{\"@id\":\"https:\\\/\\\/gradido.net\\\/de\\\/#website\"},\"primaryImageOfPage\":{\"@id\":\"https:\\\/\\\/gradido.net\\\/corona-politik-bedroht-unsere-kinder\\\/#primaryimage\"},\"image\":{\"@id\":\"https:\\\/\\\/gradido.net\\\/corona-politik-bedroht-unsere-kinder\\\/#primaryimage\"},\"thumbnailUrl\":\"https:\\\/\\\/gradido.net\\\/wp-content\\\/uploads\\\/2020\\\/11\\\/schule_coronapause.jpg\",\"datePublished\":\"2020-11-25T09:27:43+00:00\",\"dateModified\":\"2021-12-11T12:02:17+00:00\",\"breadcrumb\":{\"@id\":\"https:\\\/\\\/gradido.net\\\/corona-politik-bedroht-unsere-kinder\\\/#breadcrumb\"},\"inLanguage\":\"fi\",\"potentialAction\":[{\"@type\":\"ReadAction\",\"target\":[\"https:\\\/\\\/gradido.net\\\/corona-politik-bedroht-unsere-kinder\\\/\"]}]},{\"@type\":\"ImageObject\",\"inLanguage\":\"fi\",\"@id\":\"https:\\\/\\\/gradido.net\\\/corona-politik-bedroht-unsere-kinder\\\/#primaryimage\",\"url\":\"https:\\\/\\\/gradido.net\\\/wp-content\\\/uploads\\\/2020\\\/11\\\/schule_coronapause.jpg\",\"contentUrl\":\"https:\\\/\\\/gradido.net\\\/wp-content\\\/uploads\\\/2020\\\/11\\\/schule_coronapause.jpg\",\"width\":1500,\"height\":959,\"caption\":\"Group of preteen children in face masks resting outdoors in schoolyard during break in lessons. Back school concept during pandemic.\"},{\"@type\":\"BreadcrumbList\",\"@id\":\"https:\\\/\\\/gradido.net\\\/corona-politik-bedroht-unsere-kinder\\\/#breadcrumb\",\"itemListElement\":[{\"@type\":\"ListItem\",\"position\":1,\"name\":\"Startseite\",\"item\":\"https:\\\/\\\/gradido.net\\\/\"},{\"@type\":\"ListItem\",\"position\":2,\"name\":\"Corona-Politik bedroht unsere Kinder\"}]},{\"@type\":\"WebSite\",\"@id\":\"https:\\\/\\\/gradido.net\\\/de\\\/#website\",\"url\":\"https:\\\/\\\/gradido.net\\\/de\\\/\",\"name\":\"Gradido\",\"description\":\"Die neue W\u00e4hrung hei\u00dft Dankbarkeit\",\"publisher\":{\"@id\":\"https:\\\/\\\/gradido.net\\\/de\\\/#organization\"},\"potentialAction\":[{\"@type\":\"SearchAction\",\"target\":{\"@type\":\"EntryPoint\",\"urlTemplate\":\"https:\\\/\\\/gradido.net\\\/de\\\/?s={search_term_string}\"},\"query-input\":{\"@type\":\"PropertyValueSpecification\",\"valueRequired\":true,\"valueName\":\"search_term_string\"}}],\"inLanguage\":\"fi\"},{\"@type\":\"Organization\",\"@id\":\"https:\\\/\\\/gradido.net\\\/de\\\/#organization\",\"name\":\"Gradido\",\"url\":\"https:\\\/\\\/gradido.net\\\/de\\\/\",\"logo\":{\"@type\":\"ImageObject\",\"inLanguage\":\"fi\",\"@id\":\"https:\\\/\\\/gradido.net\\\/de\\\/#\\\/schema\\\/logo\\\/image\\\/\",\"url\":\"https:\\\/\\\/gradido.net\\\/wp-content\\\/uploads\\\/2022\\\/04\\\/gradido-social.jpg\",\"contentUrl\":\"https:\\\/\\\/gradido.net\\\/wp-content\\\/uploads\\\/2022\\\/04\\\/gradido-social.jpg\",\"width\":527,\"height\":273,\"caption\":\"Gradido\"},\"image\":{\"@id\":\"https:\\\/\\\/gradido.net\\\/de\\\/#\\\/schema\\\/logo\\\/image\\\/\"}},{\"@type\":\"Person\",\"@id\":\"https:\\\/\\\/gradido.net\\\/de\\\/#\\\/schema\\\/person\\\/9c503a004ad15a1ddecadce2218db5d1\",\"name\":\"Bernd H\u00fcckst\u00e4dt\",\"sameAs\":[\"https:\\\/\\\/gradido.net\"],\"url\":\"https:\\\/\\\/gradido.net\\\/fi\\\/author\\\/bernd\\\/\"}]}<\/script>\n<!-- \/ Yoast SEO plugin. -->","yoast_head_json":{"title":"Coronan politiikka uhkaa lapsiamme - Gradido","robots":{"index":"index","follow":"follow","max-snippet":"max-snippet:-1","max-image-preview":"max-image-preview:large","max-video-preview":"max-video-preview:-1"},"canonical":"https:\/\/gradido.net\/fi\/corona-politik-bedroht-unsere-kinder\/","og_locale":"fi_FI","og_type":"article","og_title":"Corona-Politik bedroht unsere Kinder - Gradido","og_description":"Forscher sehen L\u00f6sung in neuem Geldsystem K\u00fcnzelsau, 25.11.2020 \u2013 Kinder, Eltern und Lehrer sind am Limit. \u00c4rzte, Psychologen und Familienpolitiker schlagen Alarm. Sie alle sehen das Kindeswohl durch die aktuelle Krisenpolitik massiv gef\u00e4hrdet. Quarant\u00e4neregeln, Schulschlie\u00dfungen und Kontaktbeschr\u00e4nkungen bringen nicht nur Kindersch\u00fctzer auf die Barrikaden. Laut Unicef verhungerten schon vor Corona 15.000 Kinder pro Tag. Durch [&hellip;]","og_url":"https:\/\/gradido.net\/fi\/corona-politik-bedroht-unsere-kinder\/","og_site_name":"Gradido","article_published_time":"2020-11-25T09:27:43+00:00","article_modified_time":"2021-12-11T12:02:17+00:00","og_image":[{"width":1500,"height":959,"url":"https:\/\/gradido.net\/wp-content\/uploads\/2020\/11\/schule_coronapause.jpg","type":"image\/jpeg"}],"author":"Bernd H\u00fcckst\u00e4dt","twitter_card":"summary_large_image","twitter_misc":{"Kirjoittanut":"Bernd H\u00fcckst\u00e4dt","Arvioitu lukuaika":"8 minuuttia"},"schema":{"@context":"https:\/\/schema.org","@graph":[{"@type":"Article","@id":"https:\/\/gradido.net\/corona-politik-bedroht-unsere-kinder\/#article","isPartOf":{"@id":"https:\/\/gradido.net\/corona-politik-bedroht-unsere-kinder\/"},"author":{"name":"Bernd H\u00fcckst\u00e4dt","@id":"https:\/\/gradido.net\/de\/#\/schema\/person\/9c503a004ad15a1ddecadce2218db5d1"},"headline":"Corona-Politik bedroht unsere Kinder","datePublished":"2020-11-25T09:27:43+00:00","dateModified":"2021-12-11T12:02:17+00:00","mainEntityOfPage":{"@id":"https:\/\/gradido.net\/corona-politik-bedroht-unsere-kinder\/"},"wordCount":1581,"publisher":{"@id":"https:\/\/gradido.net\/de\/#organization"},"image":{"@id":"https:\/\/gradido.net\/corona-politik-bedroht-unsere-kinder\/#primaryimage"},"thumbnailUrl":"https:\/\/gradido.net\/wp-content\/uploads\/2020\/11\/schule_coronapause.jpg","articleSection":["Pressemitteilung"],"inLanguage":"fi"},{"@type":"WebPage","@id":"https:\/\/gradido.net\/corona-politik-bedroht-unsere-kinder\/","url":"https:\/\/gradido.net\/corona-politik-bedroht-unsere-kinder\/","name":"Coronan politiikka uhkaa lapsiamme - Gradido","isPartOf":{"@id":"https:\/\/gradido.net\/de\/#website"},"primaryImageOfPage":{"@id":"https:\/\/gradido.net\/corona-politik-bedroht-unsere-kinder\/#primaryimage"},"image":{"@id":"https:\/\/gradido.net\/corona-politik-bedroht-unsere-kinder\/#primaryimage"},"thumbnailUrl":"https:\/\/gradido.net\/wp-content\/uploads\/2020\/11\/schule_coronapause.jpg","datePublished":"2020-11-25T09:27:43+00:00","dateModified":"2021-12-11T12:02:17+00:00","breadcrumb":{"@id":"https:\/\/gradido.net\/corona-politik-bedroht-unsere-kinder\/#breadcrumb"},"inLanguage":"fi","potentialAction":[{"@type":"ReadAction","target":["https:\/\/gradido.net\/corona-politik-bedroht-unsere-kinder\/"]}]},{"@type":"ImageObject","inLanguage":"fi","@id":"https:\/\/gradido.net\/corona-politik-bedroht-unsere-kinder\/#primaryimage","url":"https:\/\/gradido.net\/wp-content\/uploads\/2020\/11\/schule_coronapause.jpg","contentUrl":"https:\/\/gradido.net\/wp-content\/uploads\/2020\/11\/schule_coronapause.jpg","width":1500,"height":959,"caption":"Group of preteen children in face masks resting outdoors in schoolyard during break in lessons. Back school concept during pandemic."},{"@type":"BreadcrumbList","@id":"https:\/\/gradido.net\/corona-politik-bedroht-unsere-kinder\/#breadcrumb","itemListElement":[{"@type":"ListItem","position":1,"name":"Startseite","item":"https:\/\/gradido.net\/"},{"@type":"ListItem","position":2,"name":"Corona-Politik bedroht unsere Kinder"}]},{"@type":"WebSite","@id":"https:\/\/gradido.net\/de\/#website","url":"https:\/\/gradido.net\/de\/","name":"Gradido","description":"Uusi valuutta on kiitollisuus","publisher":{"@id":"https:\/\/gradido.net\/de\/#organization"},"potentialAction":[{"@type":"SearchAction","target":{"@type":"EntryPoint","urlTemplate":"https:\/\/gradido.net\/de\/?s={search_term_string}"},"query-input":{"@type":"PropertyValueSpecification","valueRequired":true,"valueName":"search_term_string"}}],"inLanguage":"fi"},{"@type":"Organization","@id":"https:\/\/gradido.net\/de\/#organization","name":"Gradido","url":"https:\/\/gradido.net\/de\/","logo":{"@type":"ImageObject","inLanguage":"fi","@id":"https:\/\/gradido.net\/de\/#\/schema\/logo\/image\/","url":"https:\/\/gradido.net\/wp-content\/uploads\/2022\/04\/gradido-social.jpg","contentUrl":"https:\/\/gradido.net\/wp-content\/uploads\/2022\/04\/gradido-social.jpg","width":527,"height":273,"caption":"Gradido"},"image":{"@id":"https:\/\/gradido.net\/de\/#\/schema\/logo\/image\/"}},{"@type":"Person","@id":"https:\/\/gradido.net\/de\/#\/schema\/person\/9c503a004ad15a1ddecadce2218db5d1","name":"Bernd H\u00fcckst\u00e4dt","sameAs":["https:\/\/gradido.net"],"url":"https:\/\/gradido.net\/fi\/author\/bernd\/"}]}},"_links":{"self":[{"href":"https:\/\/gradido.net\/fi\/wp-json\/wp\/v2\/posts\/1238","targetHints":{"allow":["GET"]}}],"collection":[{"href":"https:\/\/gradido.net\/fi\/wp-json\/wp\/v2\/posts"}],"about":[{"href":"https:\/\/gradido.net\/fi\/wp-json\/wp\/v2\/types\/post"}],"author":[{"embeddable":true,"href":"https:\/\/gradido.net\/fi\/wp-json\/wp\/v2\/users\/2"}],"replies":[{"embeddable":true,"href":"https:\/\/gradido.net\/fi\/wp-json\/wp\/v2\/comments?post=1238"}],"version-history":[{"count":29,"href":"https:\/\/gradido.net\/fi\/wp-json\/wp\/v2\/posts\/1238\/revisions"}],"predecessor-version":[{"id":3745,"href":"https:\/\/gradido.net\/fi\/wp-json\/wp\/v2\/posts\/1238\/revisions\/3745"}],"wp:featuredmedia":[{"embeddable":true,"href":"https:\/\/gradido.net\/fi\/wp-json\/wp\/v2\/media\/1231"}],"wp:attachment":[{"href":"https:\/\/gradido.net\/fi\/wp-json\/wp\/v2\/media?parent=1238"}],"wp:term":[{"taxonomy":"category","embeddable":true,"href":"https:\/\/gradido.net\/fi\/wp-json\/wp\/v2\/categories?post=1238"},{"taxonomy":"post_tag","embeddable":true,"href":"https:\/\/gradido.net\/fi\/wp-json\/wp\/v2\/tags?post=1238"}],"curies":[{"name":"wp","href":"https:\/\/api.w.org\/{rel}","templated":true}]}}