{"id":1885,"date":"2021-02-24T10:56:10","date_gmt":"2021-02-24T09:56:10","guid":{"rendered":"https:\/\/gradido.net\/?p=1885"},"modified":"2021-12-11T21:00:32","modified_gmt":"2021-12-11T20:00:32","slug":"gesellschaftliche-teilhabe-fuer-ein-gesundes-leben","status":"publish","type":"post","link":"https:\/\/gradido.net\/fi\/gesellschaftliche-teilhabe-fuer-ein-gesundes-leben\/","title":{"rendered":"Sosiaalinen osallistuminen terveeseen el\u00e4m\u00e4\u00e4n"},"content":{"rendered":"<div data-elementor-type=\"wp-post\" data-elementor-id=\"1885\" class=\"elementor elementor-1885\" data-elementor-post-type=\"post\">\n\t\t\t\t\t\t<section class=\"elementor-section elementor-top-section elementor-element elementor-element-496e1d53 elementor-section-boxed elementor-section-height-default elementor-section-height-default\" data-id=\"496e1d53\" data-element_type=\"section\" data-e-type=\"section\">\n\t\t\t\t\t\t<div class=\"elementor-container elementor-column-gap-default\">\n\t\t\t\t\t<div class=\"elementor-column elementor-col-100 elementor-top-column elementor-element elementor-element-461d7be0\" data-id=\"461d7be0\" data-element_type=\"column\" data-e-type=\"column\">\n\t\t\t<div class=\"elementor-widget-wrap elementor-element-populated\">\n\t\t\t\t\t\t<div class=\"elementor-element elementor-element-cd9ebe2 elementor-widget elementor-widget-text-editor\" data-id=\"cd9ebe2\" data-element_type=\"widget\" data-e-type=\"widget\" data-widget_type=\"text-editor.default\">\n\t\t\t\t<div class=\"elementor-widget-container\">\n\t\t\t\t\t\t\t\t\t<h2>Gradidon strategia lukituksen j\u00e4lkeen<\/h2><p><strong>K\u00fcnzelsau, 24.02.2021 - Corona-kriisi ja sen aiheuttamat massiiviset yhteydenpitorajoitukset tarjoavat kaikkien tieteenalojen tutkijoille t\u00e4ydellisen pohjan tutkia eristyneisyyden ja yksin\u00e4isyyden kohtalokkaita vaikutuksia. Samalla nykytilanne tarjoaa lukemattomia uusia todisteita siit\u00e4, ett\u00e4 mik\u00e4\u00e4n ei voi vaikuttaa ihmisen el\u00e4m\u00e4nlaatuun ja elinik\u00e4\u00e4n niin my\u00f6nteisesti kuin vakaat sosiaaliset kontaktit, arvostus ja osallistuminen yhteis\u00f6el\u00e4m\u00e4\u00e4n. Gradido Academy for Economic Bionics -akatemian tutkijat n\u00e4kev\u00e4tkin kiireellisen tarpeen uudistaa tulevaa yhteiseloa siten, ett\u00e4 se mahdollistaa ja edist\u00e4\u00e4 v\u00e4litt\u00e4mist\u00e4 ja el\u00e4v\u00e4\u00e4 yhdess\u00e4oloa. Ehdoton osallistuminen on yksi heid\u00e4n terveeseen ja mielekk\u00e4\u00e4seen el\u00e4m\u00e4\u00e4n t\u00e4ht\u00e4\u00e4v\u00e4n Gradido-mallinsa kulmakivist\u00e4.<\/strong><\/p><h3>Sosiaaliset suhteet ovat avain pitk\u00e4\u00e4n ja onnelliseen el\u00e4m\u00e4\u00e4n.<\/h3><p>Yksi tunnetuimmista pitk\u00e4aikaisista tutkimuksista, jotka koskevat sit\u00e4, mitk\u00e4 kriteerit ovat ratkaisevia pitk\u00e4n ja onnellisen el\u00e4m\u00e4n kannalta, on tehty Harvardin yliopistossa Yhdysvalloissa. Vuodesta 1938 l\u00e4htien osallistujien perhe- ja ty\u00f6el\u00e4m\u00e4\u00e4 sek\u00e4 terveydentilaa ja psyykkist\u00e4 tilaa on dokumentoitu \"Grant-tutkimusta\" varten. Alkuper\u00e4isest\u00e4 724 miehest\u00e4, jotka rekrytoitiin yht\u00e4 paljon maineikkaan Harvardin yliopiston ensikertalaisista ja hyvin k\u00f6yhist\u00e4 bostonilaisista perheist\u00e4, on viel\u00e4 nyky\u00e4\u00e4nkin k\u00e4ytett\u00e4viss\u00e4 60 miest\u00e4. T\u00e4m\u00e4n onnellisuuden ja terveyden ratkaisevia tekij\u00f6it\u00e4 koskevan pitkitt\u00e4istutkimuksen vaikuttava tulos: \"Yksi t\u00e4rkeimmist\u00e4 avaimista pitk\u00e4\u00e4n ja terveeseen el\u00e4m\u00e4\u00e4n ovat sosiaaliset suhteet\".<\/p><h3>Ihmiset tarvitsevat yhteenkuuluvuutta<\/h3><p>My\u00f6s psykoneuroimmunologi Joachim Bauer vahvistaa hyvien sosiaalisten kontaktien parantavan voiman. \"Sosiaaliset suhteet ja kokemukset aktivoivat aivojen niin sanottuja palkitsemisj\u00e4rjestelmi\u00e4 ja vapauttavat hyv\u00e4n olon sanansaattajia dopamiinia ja oksitosiinia. Meist\u00e4 tuntuu, ett\u00e4 muut hyv\u00e4ksyv\u00e4t meid\u00e4t ja antavat meille hyv\u00e4ntahtoista huomiota. Se v\u00e4hent\u00e4\u00e4 ahdistusta ja lievitt\u00e4\u00e4 stressi\u00e4.\"<\/p><h3>Yksin\u00e4iset ihmiset kuolevat aikaisemmin<\/h3><p>\"Pysyv\u00e4 sosiaalinen erist\u00e4ytyminen on yksi suurimmista vaaroista terveydellemme\", varoittaa terveyspsykologi, professori Sonia Lippke. H\u00e4nen havaintojensa mukaan aivojen alueet, jotka ovat vastuussa my\u00f6s kivusta, aktivoituvat t\u00e4llaisen stressin aikana. Lis\u00e4ksi esiintyy unettomuutta, immuunij\u00e4rjestelm\u00e4n heikkenemist\u00e4 ja kognitiivisen suorituskyvyn heikkenemist\u00e4, mik\u00e4 voi johtaa dementiaan. Muita tuhoisia seurauksia: \"Sy\u00f6p\u00e4\u00e4n sairastumisen, aivohalvauksen tai syd\u00e4nkohtauksen riski kasvaa, ja jopa aiempi kuolema eri sairauksien vuoksi on mahdollinen.\"<\/p><h3>Kasvava yksin\u00e4isyys on lukitsemisen paha sivuvaikutus.<\/h3><p>Yksin\u00e4isyystutkija Marcus Mund vahvistaa: \"Yksin\u00e4isyysluvut nousivat lukituksen aikana\", ja h\u00e4nen kollegansa Maike Luhmann Bochumin Ruhrin yliopistosta varoittaa: \"Periaatteessa meid\u00e4n pit\u00e4isi yhteiskunnassa olla yleisesti kiinnostuneita siit\u00e4, ett\u00e4 ihmiset eiv\u00e4t k\u00e4rsi. T\u00e4m\u00e4 tarkoittaa, ett\u00e4 jo pelk\u00e4st\u00e4\u00e4n humanitaarisista syist\u00e4 meid\u00e4n pit\u00e4isi yritt\u00e4\u00e4 torjua yksin\u00e4isyytt\u00e4.\"<\/p><h3>Juorukassoja, apurahaohjelmistoja, perheit\u00e4 vuokralle ja yksin\u00e4isyyden vastainen ministeri\u00f6<\/h3><p>Eri tasoilla on jo k\u00e4yt\u00f6ss\u00e4 luovia toimenpiteit\u00e4 sosiaalisen erist\u00e4ytymisen kohtalokkaiden seurausten lievent\u00e4miseksi. Alankomaissa er\u00e4s supermarketketju on ottanut k\u00e4ytt\u00f6\u00f6n niin sanotut chat-kassat vuonna 2019: Kletskassa keskityt\u00e4\u00e4n pikaisen sis\u00e4\u00e4nkirjautumisen sijasta keskustelemiseen. Teko\u00e4lyn alalla on kehitetty robotteja, joilla on tarkkaavaisuusohjelmointi. Verkkoportaalit tarjoavat \"yst\u00e4vi\u00e4\" vuokrattavaksi, ja japanilainen Hagemashi Tai -yritys mahdollistaa kokonaisten perheiden varaamisen seuraksi. Briteill\u00e4 on ollut vuodesta 2018 l\u00e4htien jopa oma \"yksin\u00e4isyyden ministeri\u00f6\".<\/p><h3>Tarvitaan koko yhteiskuntaa koskeva ratkaisu<\/h3><p>Belgialainen psykoanalyytikko ja kirjailija, professori Paul Verhaeghe neuvoo, ett\u00e4 nykyist\u00e4 j\u00e4rjestelm\u00e4\u00e4 ei pit\u00e4isi en\u00e4\u00e4 pit\u00e4\u00e4 vaihtoehdottomana, vaan sen sijaan olisi suunniteltava arvoihin perustuva yhteiskunta, jossa talouden, ty\u00f6n, koulutuksen ja el\u00e4m\u00e4n olosuhteet ovat v\u00e4hemm\u00e4n voittoa tavoittelevia. Muuten h\u00e4n n\u00e4kee vaarana, ett\u00e4 syv\u00e4sti inhimilliset tarpeet rakkauteen, yhteenkuuluvuuteen ja l\u00e4heisyyteen unohtuvat.<\/p><h3>Gradido-malli perustuu ihmisen syvimpiin tarpeisiin.<\/h3><p>Gradido Academy for Economic Bionics -akatemian tutkijat pit\u00e4v\u00e4tkin yksin\u00e4isyydest\u00e4 vapautumista yhten\u00e4 tulevaisuuden yhteiskuntamallin keskeisist\u00e4 haasteista. \"Olemme jo pitk\u00e4\u00e4n pit\u00e4neet erist\u00e4ytymist\u00e4 ja sen vakavia psykologisia ja fyysisi\u00e4 seurauksia yhten\u00e4 aikamme pahimmista ep\u00e4kohdista\", korostaa Bernd H\u00fcckst\u00e4dt, talousbionikko ja riippumattoman tutkimuslaitoksen toinen perustaja. \"Tieto siit\u00e4, ett\u00e4 osallistuminen yhteis\u00f6lliseen el\u00e4m\u00e4\u00e4n ei ainoastaan tee ihmisist\u00e4 terveempi\u00e4, vaan on my\u00f6s avain onnelliseen el\u00e4m\u00e4\u00e4n, antoi meille sys\u00e4yksen kehitt\u00e4\u00e4 malli, jonka avulla kaikenik\u00e4iset ihmiset voivat osallistua aktiivisesti yhteiskunnan toimintaan koko el\u00e4m\u00e4ns\u00e4 ajan. Ehdottoman osallistumisen periaatteemme mukaan jokainen voi todella antaa oman panoksensa yhteis\u00f6lle omilla taidoillaan ja lahjoillaan. T\u00e4m\u00e4 on kaikkien mahdollisuuksien kehitt\u00e4mist\u00e4. Ehdottoman osallistumisen avulla luomme jokaiselle yksil\u00f6lle mahdollisuuden kehitt\u00e4\u00e4 uusia kykyj\u00e4 ja parantaa taitojaan, jotta jokainen voi nauttia panoksestaan yh\u00e4 enemm\u00e4n.\"<\/p><p>N\u00e4iden hyv\u00e4ntekev\u00e4isyystoimien taloudellisen perustan luo \"aktiivinen perustulo\", jota maksetaan enint\u00e4\u00e4n 1 000 gradidon (GDD) suuruisena kuukausittaisena korvauksena yleishy\u00f6dyllisest\u00e4 panoksesta. Lis\u00e4ksi yhteisen hyv\u00e4n valuutan konseptissa m\u00e4\u00e4r\u00e4t\u00e4\u00e4n, ett\u00e4 1 000 gradidoa (GDD) henke\u00e4 kohti kuukaudessa otetaan my\u00f6s valtion talousarvioon ja 1 000 gradidoa (GDD) luonto- ja ymp\u00e4rist\u00f6rahastoon.<\/p><p>Lainaten luonnon miljoonia vuosia vanhoja menestysmalleja talousbioniikan asiantuntijat ovat siis luoneet mallin, joka voisi mahdollistaa uudenlaisen yhdess\u00e4 el\u00e4misen ja yhteisty\u00f6n, jossa ei ole h\u00e4vi\u00e4ji\u00e4. \"Uudenlaisen velattoman rahanluonnin ja kannustimen, joka kannustaa aktiiviseen osallistumiseen yhteis\u00f6\u00f6n oman perusturvan takaamiseksi 'aktiivisen perustulon' avulla, avulla voisimme l\u00f6yt\u00e4\u00e4 tien takaisin el\u00e4m\u00e4ntapaan, joka tekee sek\u00e4 kyyn\u00e4rp\u00e4\u00e4yhteiskunnasta ett\u00e4 sosiaalisesta erist\u00e4ytymisest\u00e4 menneisyytt\u00e4 ja tarjoaa siten parhaan pohjan t\u00e4ytetylle el\u00e4m\u00e4lle\", selitt\u00e4\u00e4 Gradido Academyn omistaja Margret Baier. Baier ja H\u00fcckst\u00e4dt n\u00e4kev\u00e4tkin kiireellisen tarpeen nykyisen talous- ja rahoitusj\u00e4rjestelm\u00e4n rauhanomaiselle muutokselle - onnellisemman, terveemm\u00e4n ja mielekk\u00e4\u00e4mm\u00e4n ty\u00f6- ja yksityisel\u00e4m\u00e4n hyv\u00e4ksi - ja kutsuvat kaikki el\u00e4m\u00e4nmy\u00f6nteiset ihmiset, yritykset ja organisaatiot verkostoitumaan Gradido-akatemian kanssa \"suuren yhteisty\u00f6n\" puitteissa.<\/p><p>Yksityiskohtaisia tietoja 'Suuresta yhteisty\u00f6st\u00e4', 'Gradido-mallista' ja Gradido Podcastista osoitteessa <a href=\"https:\/\/gradido.net\/fi\/\">www.gradido.net<\/a><\/p><p><!-- \/wp:paragraph --><\/p>\t\t\t\t\t\t\t\t<\/div>\n\t\t\t\t<\/div>\n\t\t\t\t<div class=\"elementor-element elementor-element-e9ff241 elementor-widget elementor-widget-text-editor\" data-id=\"e9ff241\" data-element_type=\"widget\" data-e-type=\"widget\" data-widget_type=\"text-editor.default\">\n\t\t\t\t<div class=\"elementor-widget-container\">\n\t\t\t\t\t\t\t\t\t<p><strong>Tietoa Gradido Akatemiasta<\/strong><br>Gradido Academy for Economic Bionics on kehitt\u00e4nyt vaihtoehtoisen \"yhteisen hyv\u00e4n valuutan\", jonka mallina on luonto. Luonto noudattaa s\u00e4\u00e4nt\u00f6\u00e4, jonka mukaan vain siell\u00e4, miss\u00e4 jokin h\u00e4vi\u00e4\u00e4, voi synty\u00e4 jotain uutta, ja n\u00e4in ollen pitk\u00e4n aikav\u00e4lin kehitys (evoluutio) on mahdollista. Sen menestysresepti on \"el\u00e4m\u00e4n kiertokulku\". Jos meid\u00e4nkin taloutemme noudattaisi t\u00e4t\u00e4 luonnollista sykli\u00e4, se ratkaisisi k\u00e4yt\u00e4nn\u00f6ss\u00e4 kaikki maailman rahaan liittyv\u00e4t ongelmat, sanovat talousbioniikan asiantuntijat. Gradido-malli perustuu ajatukseen, jonka mukaan jokainen henkil\u00f6 ja my\u00f6s jokainen valtio saa tuloja, jotka on luotu luottoperusteisesti. N\u00e4in se voi hoitaa kaikki teht\u00e4v\u00e4ns\u00e4 ker\u00e4\u00e4m\u00e4tt\u00e4 veroja. Deflaatio tai inflaatio ovat menneisyytt\u00e4. Talous vapautuu jatkuvasta kasvupakosta, ja rahoitusj\u00e4rjestelm\u00e4n romahduksen vaara on vihdoin torjuttu. (<a href=\"https:\/\/gradido.net\/fi\/\">www.gradido.net<\/a>)<\/p>\t\t\t\t\t\t\t\t<\/div>\n\t\t\t\t<\/div>\n\t\t\t\t\t<\/div>\n\t\t<\/div>\n\t\t\t\t\t<\/div>\n\t\t<\/section>\n\t\t\t\t<\/div>","protected":false},"excerpt":{"rendered":"<p>Gradido-Strategie nach dem Lockdown K\u00fcnzelsau, 24.02.2021 \u2013 Die Corona-Krise mit ihren massiven Kontaktbeschr\u00e4nkungen bietet Forschern aller Disziplinen die perfekte Grundlage, um die fatalen Auswirkungen von Isolation und Vereinsamung zu erforschen. Zugleich liefert die aktuelle Situation zahllose neue Belege f\u00fcr die Erkenntnis, dass nichts die Lebensqualit\u00e4t und Lebensdauer eines Menschen so positiv beeinflussen kann wie stabile [&hellip;]<\/p>\n","protected":false},"author":2,"featured_media":1884,"comment_status":"closed","ping_status":"closed","sticky":false,"template":"","format":"standard","meta":{"footnotes":""},"categories":[8],"tags":[],"class_list":["post-1885","post","type-post","status-publish","format-standard","has-post-thumbnail","hentry","category-pressemitteilung"],"yoast_head":"<!-- This site is optimized with the Yoast SEO plugin v27.5 - https:\/\/yoast.com\/product\/yoast-seo-wordpress\/ -->\n<title>Gesellschaftliche Teilhabe f\u00fcr ein gesundes Leben - Gradido<\/title>\n<meta name=\"robots\" content=\"index, follow, max-snippet:-1, max-image-preview:large, max-video-preview:-1\" \/>\n<link rel=\"canonical\" href=\"https:\/\/gradido.net\/fi\/gesellschaftliche-teilhabe-fuer-ein-gesundes-leben\/\" \/>\n<meta property=\"og:locale\" content=\"fi_FI\" \/>\n<meta property=\"og:type\" content=\"article\" \/>\n<meta property=\"og:title\" content=\"Gesellschaftliche Teilhabe f\u00fcr ein gesundes Leben - Gradido\" \/>\n<meta property=\"og:description\" content=\"Gradido-Strategie nach dem Lockdown K\u00fcnzelsau, 24.02.2021 \u2013 Die Corona-Krise mit ihren massiven Kontaktbeschr\u00e4nkungen bietet Forschern aller Disziplinen die perfekte Grundlage, um die fatalen Auswirkungen von Isolation und Vereinsamung zu erforschen. Zugleich liefert die aktuelle Situation zahllose neue Belege f\u00fcr die Erkenntnis, dass nichts die Lebensqualit\u00e4t und Lebensdauer eines Menschen so positiv beeinflussen kann wie stabile [&hellip;]\" \/>\n<meta property=\"og:url\" content=\"https:\/\/gradido.net\/fi\/gesellschaftliche-teilhabe-fuer-ein-gesundes-leben\/\" \/>\n<meta property=\"og:site_name\" content=\"Gradido\" \/>\n<meta property=\"article:published_time\" content=\"2021-02-24T09:56:10+00:00\" \/>\n<meta property=\"article:modified_time\" content=\"2021-12-11T20:00:32+00:00\" \/>\n<meta property=\"og:image\" content=\"https:\/\/gradido.net\/wp-content\/uploads\/2021\/02\/gesellschaftliche_teilhabe-scaled.jpg\" \/>\n\t<meta property=\"og:image:width\" content=\"2560\" \/>\n\t<meta property=\"og:image:height\" content=\"1737\" \/>\n\t<meta property=\"og:image:type\" content=\"image\/jpeg\" \/>\n<meta name=\"author\" content=\"Bernd H\u00fcckst\u00e4dt\" \/>\n<meta name=\"twitter:card\" content=\"summary_large_image\" \/>\n<meta name=\"twitter:label1\" content=\"Kirjoittanut\" \/>\n\t<meta name=\"twitter:data1\" content=\"Bernd H\u00fcckst\u00e4dt\" \/>\n\t<meta name=\"twitter:label2\" content=\"Arvioitu lukuaika\" \/>\n\t<meta name=\"twitter:data2\" content=\"6 minuuttia\" \/>\n<script type=\"application\/ld+json\" class=\"yoast-schema-graph\">{\"@context\":\"https:\\\/\\\/schema.org\",\"@graph\":[{\"@type\":\"Article\",\"@id\":\"https:\\\/\\\/gradido.net\\\/en\\\/gesellschaftliche-teilhabe-fuer-ein-gesundes-leben\\\/#article\",\"isPartOf\":{\"@id\":\"https:\\\/\\\/gradido.net\\\/en\\\/gesellschaftliche-teilhabe-fuer-ein-gesundes-leben\\\/\"},\"author\":{\"name\":\"Bernd H\u00fcckst\u00e4dt\",\"@id\":\"https:\\\/\\\/gradido.net\\\/de\\\/#\\\/schema\\\/person\\\/9c503a004ad15a1ddecadce2218db5d1\"},\"headline\":\"Gesellschaftliche Teilhabe f\u00fcr ein gesundes Leben\",\"datePublished\":\"2021-02-24T09:56:10+00:00\",\"dateModified\":\"2021-12-11T20:00:32+00:00\",\"mainEntityOfPage\":{\"@id\":\"https:\\\/\\\/gradido.net\\\/en\\\/gesellschaftliche-teilhabe-fuer-ein-gesundes-leben\\\/\"},\"wordCount\":1152,\"publisher\":{\"@id\":\"https:\\\/\\\/gradido.net\\\/de\\\/#organization\"},\"image\":{\"@id\":\"https:\\\/\\\/gradido.net\\\/en\\\/gesellschaftliche-teilhabe-fuer-ein-gesundes-leben\\\/#primaryimage\"},\"thumbnailUrl\":\"https:\\\/\\\/gradido.net\\\/wp-content\\\/uploads\\\/2021\\\/02\\\/gesellschaftliche_teilhabe-scaled.jpg\",\"articleSection\":[\"Pressemitteilung\"],\"inLanguage\":\"fi\"},{\"@type\":\"WebPage\",\"@id\":\"https:\\\/\\\/gradido.net\\\/en\\\/gesellschaftliche-teilhabe-fuer-ein-gesundes-leben\\\/\",\"url\":\"https:\\\/\\\/gradido.net\\\/en\\\/gesellschaftliche-teilhabe-fuer-ein-gesundes-leben\\\/\",\"name\":\"Gesellschaftliche Teilhabe f\u00fcr ein gesundes Leben - Gradido\",\"isPartOf\":{\"@id\":\"https:\\\/\\\/gradido.net\\\/de\\\/#website\"},\"primaryImageOfPage\":{\"@id\":\"https:\\\/\\\/gradido.net\\\/en\\\/gesellschaftliche-teilhabe-fuer-ein-gesundes-leben\\\/#primaryimage\"},\"image\":{\"@id\":\"https:\\\/\\\/gradido.net\\\/en\\\/gesellschaftliche-teilhabe-fuer-ein-gesundes-leben\\\/#primaryimage\"},\"thumbnailUrl\":\"https:\\\/\\\/gradido.net\\\/wp-content\\\/uploads\\\/2021\\\/02\\\/gesellschaftliche_teilhabe-scaled.jpg\",\"datePublished\":\"2021-02-24T09:56:10+00:00\",\"dateModified\":\"2021-12-11T20:00:32+00:00\",\"breadcrumb\":{\"@id\":\"https:\\\/\\\/gradido.net\\\/en\\\/gesellschaftliche-teilhabe-fuer-ein-gesundes-leben\\\/#breadcrumb\"},\"inLanguage\":\"fi\",\"potentialAction\":[{\"@type\":\"ReadAction\",\"target\":[\"https:\\\/\\\/gradido.net\\\/en\\\/gesellschaftliche-teilhabe-fuer-ein-gesundes-leben\\\/\"]}]},{\"@type\":\"ImageObject\",\"inLanguage\":\"fi\",\"@id\":\"https:\\\/\\\/gradido.net\\\/en\\\/gesellschaftliche-teilhabe-fuer-ein-gesundes-leben\\\/#primaryimage\",\"url\":\"https:\\\/\\\/gradido.net\\\/wp-content\\\/uploads\\\/2021\\\/02\\\/gesellschaftliche_teilhabe-scaled.jpg\",\"contentUrl\":\"https:\\\/\\\/gradido.net\\\/wp-content\\\/uploads\\\/2021\\\/02\\\/gesellschaftliche_teilhabe-scaled.jpg\",\"width\":2560,\"height\":1737},{\"@type\":\"BreadcrumbList\",\"@id\":\"https:\\\/\\\/gradido.net\\\/en\\\/gesellschaftliche-teilhabe-fuer-ein-gesundes-leben\\\/#breadcrumb\",\"itemListElement\":[{\"@type\":\"ListItem\",\"position\":1,\"name\":\"Startseite\",\"item\":\"https:\\\/\\\/gradido.net\\\/\"},{\"@type\":\"ListItem\",\"position\":2,\"name\":\"Gesellschaftliche Teilhabe f\u00fcr ein gesundes Leben\"}]},{\"@type\":\"WebSite\",\"@id\":\"https:\\\/\\\/gradido.net\\\/de\\\/#website\",\"url\":\"https:\\\/\\\/gradido.net\\\/de\\\/\",\"name\":\"Gradido\",\"description\":\"Die neue W\u00e4hrung hei\u00dft Dankbarkeit\",\"publisher\":{\"@id\":\"https:\\\/\\\/gradido.net\\\/de\\\/#organization\"},\"potentialAction\":[{\"@type\":\"SearchAction\",\"target\":{\"@type\":\"EntryPoint\",\"urlTemplate\":\"https:\\\/\\\/gradido.net\\\/de\\\/?s={search_term_string}\"},\"query-input\":{\"@type\":\"PropertyValueSpecification\",\"valueRequired\":true,\"valueName\":\"search_term_string\"}}],\"inLanguage\":\"fi\"},{\"@type\":\"Organization\",\"@id\":\"https:\\\/\\\/gradido.net\\\/de\\\/#organization\",\"name\":\"Gradido\",\"url\":\"https:\\\/\\\/gradido.net\\\/de\\\/\",\"logo\":{\"@type\":\"ImageObject\",\"inLanguage\":\"fi\",\"@id\":\"https:\\\/\\\/gradido.net\\\/de\\\/#\\\/schema\\\/logo\\\/image\\\/\",\"url\":\"https:\\\/\\\/gradido.net\\\/wp-content\\\/uploads\\\/2022\\\/04\\\/gradido-social.jpg\",\"contentUrl\":\"https:\\\/\\\/gradido.net\\\/wp-content\\\/uploads\\\/2022\\\/04\\\/gradido-social.jpg\",\"width\":527,\"height\":273,\"caption\":\"Gradido\"},\"image\":{\"@id\":\"https:\\\/\\\/gradido.net\\\/de\\\/#\\\/schema\\\/logo\\\/image\\\/\"}},{\"@type\":\"Person\",\"@id\":\"https:\\\/\\\/gradido.net\\\/de\\\/#\\\/schema\\\/person\\\/9c503a004ad15a1ddecadce2218db5d1\",\"name\":\"Bernd H\u00fcckst\u00e4dt\",\"sameAs\":[\"https:\\\/\\\/gradido.net\"],\"url\":\"https:\\\/\\\/gradido.net\\\/fi\\\/author\\\/bernd\\\/\"}]}<\/script>\n<!-- \/ Yoast SEO plugin. -->","yoast_head_json":{"title":"Sosiaalinen osallistuminen terveeseen el\u00e4m\u00e4\u00e4n - Gradido","robots":{"index":"index","follow":"follow","max-snippet":"max-snippet:-1","max-image-preview":"max-image-preview:large","max-video-preview":"max-video-preview:-1"},"canonical":"https:\/\/gradido.net\/fi\/gesellschaftliche-teilhabe-fuer-ein-gesundes-leben\/","og_locale":"fi_FI","og_type":"article","og_title":"Gesellschaftliche Teilhabe f\u00fcr ein gesundes Leben - Gradido","og_description":"Gradido-Strategie nach dem Lockdown K\u00fcnzelsau, 24.02.2021 \u2013 Die Corona-Krise mit ihren massiven Kontaktbeschr\u00e4nkungen bietet Forschern aller Disziplinen die perfekte Grundlage, um die fatalen Auswirkungen von Isolation und Vereinsamung zu erforschen. Zugleich liefert die aktuelle Situation zahllose neue Belege f\u00fcr die Erkenntnis, dass nichts die Lebensqualit\u00e4t und Lebensdauer eines Menschen so positiv beeinflussen kann wie stabile [&hellip;]","og_url":"https:\/\/gradido.net\/fi\/gesellschaftliche-teilhabe-fuer-ein-gesundes-leben\/","og_site_name":"Gradido","article_published_time":"2021-02-24T09:56:10+00:00","article_modified_time":"2021-12-11T20:00:32+00:00","og_image":[{"width":2560,"height":1737,"url":"https:\/\/gradido.net\/wp-content\/uploads\/2021\/02\/gesellschaftliche_teilhabe-scaled.jpg","type":"image\/jpeg"}],"author":"Bernd H\u00fcckst\u00e4dt","twitter_card":"summary_large_image","twitter_misc":{"Kirjoittanut":"Bernd H\u00fcckst\u00e4dt","Arvioitu lukuaika":"6 minuuttia"},"schema":{"@context":"https:\/\/schema.org","@graph":[{"@type":"Article","@id":"https:\/\/gradido.net\/en\/gesellschaftliche-teilhabe-fuer-ein-gesundes-leben\/#article","isPartOf":{"@id":"https:\/\/gradido.net\/en\/gesellschaftliche-teilhabe-fuer-ein-gesundes-leben\/"},"author":{"name":"Bernd H\u00fcckst\u00e4dt","@id":"https:\/\/gradido.net\/de\/#\/schema\/person\/9c503a004ad15a1ddecadce2218db5d1"},"headline":"Gesellschaftliche Teilhabe f\u00fcr ein gesundes Leben","datePublished":"2021-02-24T09:56:10+00:00","dateModified":"2021-12-11T20:00:32+00:00","mainEntityOfPage":{"@id":"https:\/\/gradido.net\/en\/gesellschaftliche-teilhabe-fuer-ein-gesundes-leben\/"},"wordCount":1152,"publisher":{"@id":"https:\/\/gradido.net\/de\/#organization"},"image":{"@id":"https:\/\/gradido.net\/en\/gesellschaftliche-teilhabe-fuer-ein-gesundes-leben\/#primaryimage"},"thumbnailUrl":"https:\/\/gradido.net\/wp-content\/uploads\/2021\/02\/gesellschaftliche_teilhabe-scaled.jpg","articleSection":["Pressemitteilung"],"inLanguage":"fi"},{"@type":"WebPage","@id":"https:\/\/gradido.net\/en\/gesellschaftliche-teilhabe-fuer-ein-gesundes-leben\/","url":"https:\/\/gradido.net\/en\/gesellschaftliche-teilhabe-fuer-ein-gesundes-leben\/","name":"Sosiaalinen osallistuminen terveeseen el\u00e4m\u00e4\u00e4n - Gradido","isPartOf":{"@id":"https:\/\/gradido.net\/de\/#website"},"primaryImageOfPage":{"@id":"https:\/\/gradido.net\/en\/gesellschaftliche-teilhabe-fuer-ein-gesundes-leben\/#primaryimage"},"image":{"@id":"https:\/\/gradido.net\/en\/gesellschaftliche-teilhabe-fuer-ein-gesundes-leben\/#primaryimage"},"thumbnailUrl":"https:\/\/gradido.net\/wp-content\/uploads\/2021\/02\/gesellschaftliche_teilhabe-scaled.jpg","datePublished":"2021-02-24T09:56:10+00:00","dateModified":"2021-12-11T20:00:32+00:00","breadcrumb":{"@id":"https:\/\/gradido.net\/en\/gesellschaftliche-teilhabe-fuer-ein-gesundes-leben\/#breadcrumb"},"inLanguage":"fi","potentialAction":[{"@type":"ReadAction","target":["https:\/\/gradido.net\/en\/gesellschaftliche-teilhabe-fuer-ein-gesundes-leben\/"]}]},{"@type":"ImageObject","inLanguage":"fi","@id":"https:\/\/gradido.net\/en\/gesellschaftliche-teilhabe-fuer-ein-gesundes-leben\/#primaryimage","url":"https:\/\/gradido.net\/wp-content\/uploads\/2021\/02\/gesellschaftliche_teilhabe-scaled.jpg","contentUrl":"https:\/\/gradido.net\/wp-content\/uploads\/2021\/02\/gesellschaftliche_teilhabe-scaled.jpg","width":2560,"height":1737},{"@type":"BreadcrumbList","@id":"https:\/\/gradido.net\/en\/gesellschaftliche-teilhabe-fuer-ein-gesundes-leben\/#breadcrumb","itemListElement":[{"@type":"ListItem","position":1,"name":"Startseite","item":"https:\/\/gradido.net\/"},{"@type":"ListItem","position":2,"name":"Gesellschaftliche Teilhabe f\u00fcr ein gesundes Leben"}]},{"@type":"WebSite","@id":"https:\/\/gradido.net\/de\/#website","url":"https:\/\/gradido.net\/de\/","name":"Gradido","description":"Uusi valuutta on kiitollisuus","publisher":{"@id":"https:\/\/gradido.net\/de\/#organization"},"potentialAction":[{"@type":"SearchAction","target":{"@type":"EntryPoint","urlTemplate":"https:\/\/gradido.net\/de\/?s={search_term_string}"},"query-input":{"@type":"PropertyValueSpecification","valueRequired":true,"valueName":"search_term_string"}}],"inLanguage":"fi"},{"@type":"Organization","@id":"https:\/\/gradido.net\/de\/#organization","name":"Gradido","url":"https:\/\/gradido.net\/de\/","logo":{"@type":"ImageObject","inLanguage":"fi","@id":"https:\/\/gradido.net\/de\/#\/schema\/logo\/image\/","url":"https:\/\/gradido.net\/wp-content\/uploads\/2022\/04\/gradido-social.jpg","contentUrl":"https:\/\/gradido.net\/wp-content\/uploads\/2022\/04\/gradido-social.jpg","width":527,"height":273,"caption":"Gradido"},"image":{"@id":"https:\/\/gradido.net\/de\/#\/schema\/logo\/image\/"}},{"@type":"Person","@id":"https:\/\/gradido.net\/de\/#\/schema\/person\/9c503a004ad15a1ddecadce2218db5d1","name":"Bernd H\u00fcckst\u00e4dt","sameAs":["https:\/\/gradido.net"],"url":"https:\/\/gradido.net\/fi\/author\/bernd\/"}]}},"_links":{"self":[{"href":"https:\/\/gradido.net\/fi\/wp-json\/wp\/v2\/posts\/1885","targetHints":{"allow":["GET"]}}],"collection":[{"href":"https:\/\/gradido.net\/fi\/wp-json\/wp\/v2\/posts"}],"about":[{"href":"https:\/\/gradido.net\/fi\/wp-json\/wp\/v2\/types\/post"}],"author":[{"embeddable":true,"href":"https:\/\/gradido.net\/fi\/wp-json\/wp\/v2\/users\/2"}],"replies":[{"embeddable":true,"href":"https:\/\/gradido.net\/fi\/wp-json\/wp\/v2\/comments?post=1885"}],"version-history":[{"count":11,"href":"https:\/\/gradido.net\/fi\/wp-json\/wp\/v2\/posts\/1885\/revisions"}],"predecessor-version":[{"id":3763,"href":"https:\/\/gradido.net\/fi\/wp-json\/wp\/v2\/posts\/1885\/revisions\/3763"}],"wp:featuredmedia":[{"embeddable":true,"href":"https:\/\/gradido.net\/fi\/wp-json\/wp\/v2\/media\/1884"}],"wp:attachment":[{"href":"https:\/\/gradido.net\/fi\/wp-json\/wp\/v2\/media?parent=1885"}],"wp:term":[{"taxonomy":"category","embeddable":true,"href":"https:\/\/gradido.net\/fi\/wp-json\/wp\/v2\/categories?post=1885"},{"taxonomy":"post_tag","embeddable":true,"href":"https:\/\/gradido.net\/fi\/wp-json\/wp\/v2\/tags?post=1885"}],"curies":[{"name":"wp","href":"https:\/\/api.w.org\/{rel}","templated":true}]}}