{"id":1994,"date":"2021-03-11T12:06:47","date_gmt":"2021-03-11T11:06:47","guid":{"rendered":"https:\/\/gradido.net\/?p=1994"},"modified":"2021-12-11T21:01:44","modified_gmt":"2021-12-11T20:01:44","slug":"wirtschaftsforscher-nutzen-corona-krise-als-forschungslabor","status":"publish","type":"post","link":"https:\/\/gradido.net\/fi\/wirtschaftsforscher-nutzen-corona-krise-als-forschungslabor\/","title":{"rendered":"Taloustutkijat k\u00e4ytt\u00e4v\u00e4t Coronan kriisi\u00e4 tutkimuslaboratoriona"},"content":{"rendered":"<div data-elementor-type=\"wp-post\" data-elementor-id=\"1994\" class=\"elementor elementor-1994\" data-elementor-post-type=\"post\">\n\t\t\t\t\t\t<section class=\"elementor-section elementor-top-section elementor-element elementor-element-496e1d53 elementor-section-boxed elementor-section-height-default elementor-section-height-default\" data-id=\"496e1d53\" data-element_type=\"section\" data-e-type=\"section\">\n\t\t\t\t\t\t<div class=\"elementor-container elementor-column-gap-default\">\n\t\t\t\t\t<div class=\"elementor-column elementor-col-100 elementor-top-column elementor-element elementor-element-461d7be0\" data-id=\"461d7be0\" data-element_type=\"column\" data-e-type=\"column\">\n\t\t\t<div class=\"elementor-widget-wrap elementor-element-populated\">\n\t\t\t\t\t\t<div class=\"elementor-element elementor-element-cd9ebe2 elementor-widget elementor-widget-text-editor\" data-id=\"cd9ebe2\" data-element_type=\"widget\" data-e-type=\"widget\" data-widget_type=\"text-editor.default\">\n\t\t\t\t<div class=\"elementor-widget-container\">\n\t\t\t\t\t\t\t\t\t<h2>Paremman ty\u00f6el\u00e4m\u00e4n puolesta<\/h2><p><strong>K\u00fcnzelsau,11.03.2021 - Miljoonille ihmisille huoli ty\u00f6paikasta aiheuttaa h\u00e4din tuskin hallittavissa olevaa ahdistusta. He kaipaavat paluuta vanhaan el\u00e4m\u00e4\u00e4ns\u00e4, jonka oletetaan olevan turvallista ja ennustettavaa. Mutta onko se todella toivottavaa? Koska saksalaisia ty\u00f6ntekij\u00f6it\u00e4 pidettiin jo ennen kriisi\u00e4 \"turhautumisen mestareina\", voisimme varmasti k\u00e4ytt\u00e4\u00e4 nykyist\u00e4 h\u00e4t\u00e4tilaa tutkimuslaboratoriona paremman ty\u00f6el\u00e4m\u00e4n luomiseksi. Gradido-akatemian liiketoiminnan bioniikan asiantuntijat ja tunnettu sveitsil\u00e4inen kansainv\u00e4lisen johtamisen professori, \"Musterbrecher\" professori Hans W\u00fcthrich ovat jo aloittaneet t\u00e4m\u00e4n.<\/strong><\/p><p>Maailmanlaajuista ty\u00f6tyytyv\u00e4isyytt\u00e4 koskeva tanskalaistutkimus osoitti jo vuonna 2020, ett\u00e4 miss\u00e4\u00e4n maailman maassa ihmiset eiv\u00e4t k\u00e4y t\u00f6iss\u00e4 yht\u00e4 vaisusti kuin Saksassa. T\u00e4m\u00e4 ei tule yll\u00e4tyksen\u00e4 Gradido Academy for Business Bionics -akatemian perustajalle Bernd H\u00fcckst\u00e4dtille eik\u00e4 johtamisen tutkijalle professori Hans W\u00fcthrichille. Molemmat katsovat, ett\u00e4 johtamiskulttuuria ja rahoitusj\u00e4rjestelm\u00e4\u00e4 on kiireellisesti uudistettava - eik\u00e4 vain t\u00e4ss\u00e4 maassa.<\/p><h3>Ty\u00f6ntekij\u00e4t, joilla on oikeus<\/h3><p>Viimeaikaisten tutkimusten mukaan nopeat ylenemismahdollisuudet tai keskim\u00e4\u00e4r\u00e4ist\u00e4 korkeampi palkka eiv\u00e4t ole ratkaisevia kriteerej\u00e4 tulevan ty\u00f6nantajan valinnassa. Pikemminkin sek\u00e4 opiskelijoita ett\u00e4 ty\u00f6ntekij\u00f6it\u00e4 yhdist\u00e4\u00e4 halu osallistua my\u00f6nteisesti tulevaisuuden muokkaamiseen. My\u00f6s professori W\u00fcthrich vahvistaa t\u00e4m\u00e4n suuntauksen: \"Monille ihmisille ei en\u00e4\u00e4 riit\u00e4, ett\u00e4 he saavat palkkaa ty\u00f6suorituksestaan. Ei vain nuoret, vaan ihmiset yleens\u00e4 haluavat muuttaa maailmaa paremmaksi, suojella ymp\u00e4rist\u00f6\u00e4 ja sen luonnonvaroja ja tehd\u00e4 jotain merkityksellist\u00e4. Minulle t\u00e4m\u00e4 tarkoittaa sit\u00e4, ett\u00e4 organisaatioiden on pidett\u00e4v\u00e4 paljon vahvemmin silm\u00e4ll\u00e4 sit\u00e4, miksi, eli oikeutettava olemassaolon syy. Heill\u00e4 on oltava vastaukset kysymykseen: Mik\u00e4 on meid\u00e4n my\u00f6nteinen panoksemme paremman maailman puolesta? Kuka hy\u00f6tyy mill\u00e4kin tavalla yritt\u00e4j\u00e4toimintamme menestyksest\u00e4? Tulevaisuudessa organisaatioiden on yh\u00e4 useammin tarjottava elintiloja, joissa ty\u00f6ntekij\u00e4t voivat kehitty\u00e4 ja kehitt\u00e4\u00e4 potentiaaliaan.<\/p><h3>Corona-kriisi tulevaisuuden mahdollisuuksien laboratoriona<\/h3><p>Professori W\u00fcthrichin mukaan se, ett\u00e4 monet organisaatiot joutuvat kriisin aikana kulkemaan t\u00e4ysin uusia polkuja, luo \"todellisen mahdollisuuksien laboratorion tulevaisuutta varten\". \"Kaikki n\u00e4m\u00e4 suunnittelemattomat kokeilut tarjoavat ainutlaatuisen mahdollisuuden vapauttaa juuri my\u00f6s johtamiskulttuuri sopimattomista ennakkoluuloista, dogmeista ja tabuista ja kehitt\u00e4\u00e4 sit\u00e4 \u00e4lykk\u00e4\u00e4sti.\" Johtamisen asiantuntija vetoaa \"reflektion sijaan reflektion\" periaatteeseen ja kehottaa johtajia k\u00e4ytt\u00e4m\u00e4\u00e4n aikaa Corona-toimenpiteiden aiheuttamien, organisaatiokulttuurin kannalta hyvin mielenkiintoisten havaintojen tarkempaan analysointiin huolimatta ymm\u00e4rrett\u00e4v\u00e4st\u00e4 halusta palata mahdollisimman nopeasti Coronaa edelt\u00e4v\u00e4\u00e4n normaaliin tilanteeseen. \"Ja ehk\u00e4 meid\u00e4n pit\u00e4isi my\u00f6s muuttaa utopiat todellisuudeksi, tehd\u00e4 omat johtop\u00e4\u00e4t\u00f6ksemme ja tietoisesti p\u00e4\u00e4tt\u00e4\u00e4, mitk\u00e4 Corona-shokkitilassa ker\u00e4tyist\u00e4 kokemuksista ja oivalluksista siirret\u00e4\u00e4n tulevaisuuden ty\u00f6el\u00e4m\u00e4\u00e4n uudeksi normaaliudeksi.\"<\/p><h3>Uuden talousj\u00e4rjestelm\u00e4n aika<\/h3><p>Gradido-akatemian talousbioniikan tutkijat ovat jo kehitt\u00e4neet konseptin paremmasta ty\u00f6- ja el\u00e4mismaailmasta. Yli kahden vuosikymmenen aikana tutkijat ovat onnistuneet suunnittelemaan yhteisen hyv\u00e4n valuutan Gradidon (GDD) ymp\u00e4rille talous- ja rahoitusj\u00e4rjestelm\u00e4n, joka ei ainoastaan muuta t\u00e4ysin ty\u00f6el\u00e4m\u00e4\u00e4. H\u00fcckst\u00e4dt, joka oli mukana perustamassa akatemiaa, sanoo: \"Aika muutokselle ei ole koskaan ollut niin suotuisa kuin nyt. Corona-kriisi on todellinen laboratorio - vaikka olemme joutuneet siihen tahattomasti. Vanhaa normaaliutta ei en\u00e4\u00e4 ole, vaan sen sijaan on olemassa hyvin erilainen monimuotoisuus. Uuden talous-, rahoitus- ja valuuttaj\u00e4rjestelm\u00e4n avulla luomme t\u00e4ysin uusia mahdollisuuksia kehitty\u00e4 ja kehitty\u00e4.\"<\/p><h3>Uusi k\u00e4sikirjoitus neuvotteluhuoneeseen?<\/h3><p>Useimmilla johtajilla ei ole viel\u00e4 riitt\u00e4v\u00e4sti luottamusta ja kokemusta ty\u00f6ntekij\u00f6iden kollektiivisen \u00e4lykkyyden k\u00e4sittelemisest\u00e4. Professori W\u00fcthrichin mukaan t\u00e4m\u00e4n vuoksi potentiaalia tuhotaan t\u00e4ll\u00e4 hetkell\u00e4 pikemminkin kuin kehitet\u00e4\u00e4n \"ja menetet\u00e4\u00e4n tilaisuus toteuttaa parempia ratkaisuja ja parantaa ongelmanratkaisun laatua monien osallistumisen avulla\". Tulevaisuuden menestyksekk\u00e4\u00e4n yrityskulttuurin t\u00e4rkeimm\u00e4t l\u00e4hestymistavat olisivat luottamus ty\u00f6ntekij\u00f6iden osaamiseen ja arvostelukykyyn sek\u00e4 keskittyminen heid\u00e4n potentiaalinsa kehitt\u00e4miseen.<\/p><h3>Gradidossa potentiaalinen kehitys on ohjelma.<\/h3><p>Gradido-mallissa omien kykyjen paras mahdollinen edist\u00e4minen on l\u00e4hes systeemin sis\u00e4ist\u00e4. Sit\u00e4 pidet\u00e4\u00e4n \"ehdottoman osallistumisen\" ytimen\u00e4, jota tarjotaan jokaiselle ihmiselle aktiivisen perustulon panoksena. H\u00fcckst\u00e4dt selitt\u00e4\u00e4: \"Jos mallimme levi\u00e4\u00e4, potentiaalin kehitt\u00e4misest\u00e4 tulee yksi el\u00e4m\u00e4n keskeisist\u00e4 teemoista. On ratkaisevan t\u00e4rke\u00e4\u00e4, ett\u00e4 voimme saavuttaa Gradidon kanssa sen, ett\u00e4 jokaisesta ihmisest\u00e4 huolehditaan. Niin kauan kuin minun on taisteltava olemassaolostani paineen alla ja hyv\u00e4ksytt\u00e4v\u00e4 k\u00e4yt\u00e4nn\u00f6ss\u00e4 mik\u00e4 tahansa ty\u00f6 varmistaakseni selviytymiseni, ei potentiaalin kehittymiselle j\u00e4\u00e4 paljon mahdollisuuksia. Viime k\u00e4dess\u00e4 t\u00e4m\u00e4 on kuitenkin avain t\u00e4ytettyyn el\u00e4m\u00e4\u00e4n ja koko yhteis\u00f6n mahdollisimman suureen menestykseen. Siksi Gradidon mallissa jokainen voi saada 'aktiivisen perustulon'.\"<\/p><p>Eksistentiaalisen pelon ja kilpailun noidankeh\u00e4n katkaiseminen<br \/>Gradido luo toisen v\u00e4ltt\u00e4m\u00e4tt\u00f6m\u00e4n edellytyksen onnistuneelle rinnakkaiselolle poistamalla \"velkarahaperiaatteen\". H\u00fcckst\u00e4dt sanoo: \"Niin kauan kuin yhden luotto on toisen velka, me ihmiset emme voi el\u00e4\u00e4 rauhassa kesken\u00e4mme. Toisaalta Gradidon luoma raha jokaiselle yksil\u00f6lle luo perustan iloiselle ja miellytt\u00e4v\u00e4lle yhteiselolle. Mottomme \"yhteisty\u00f6 kilpailun sijaan\" mukaisesti voimme hy\u00f6dynt\u00e4\u00e4 synergiaetuja ja kehitt\u00e4\u00e4 yhteisvastuuta.\"<\/p><p>T\u00e4ss\u00e4 hengess\u00e4 Bernd H\u00fcckst\u00e4dt ja Gradido Academyn omistaja Margret Baier kutsuvat samanhenkisi\u00e4 ihmisi\u00e4 ja paremman (ty\u00f6)maailman yst\u00e4vi\u00e4 vaihtamaan kokemuksia ja tekem\u00e4\u00e4n yhteisty\u00f6t\u00e4.<\/p><p>Lis\u00e4tietoja Gradido-mallista ja podcast-jakso professori Hans W\u00fcthrichin, Bernd H\u00fcckst\u00e4dtin ja Michael M\u00e4rzheuserin kanssa aiheesta \"Pattern Breakers - Making Utopias a Reality\" osoitteessa www.gradido.net.<\/p><p><!-- \/wp:paragraph --><\/p>\t\t\t\t\t\t\t\t<\/div>\n\t\t\t\t<\/div>\n\t\t\t\t<div class=\"elementor-element elementor-element-e9ff241 elementor-widget elementor-widget-text-editor\" data-id=\"e9ff241\" data-element_type=\"widget\" data-e-type=\"widget\" data-widget_type=\"text-editor.default\">\n\t\t\t\t<div class=\"elementor-widget-container\">\n\t\t\t\t\t\t\t\t\t<p><strong>Tietoa Gradido Akatemiasta<\/strong><br>Gradido Academy for Economic Bionics on kehitt\u00e4nyt vaihtoehtoisen \"yhteisen hyv\u00e4n valuutan\", jonka mallina on luonto. Luonto noudattaa s\u00e4\u00e4nt\u00f6\u00e4, jonka mukaan vain siell\u00e4, miss\u00e4 jokin h\u00e4vi\u00e4\u00e4, voi synty\u00e4 jotain uutta, ja n\u00e4in ollen pitk\u00e4n aikav\u00e4lin kehitys (evoluutio) on mahdollista. Sen menestysresepti on \"el\u00e4m\u00e4n kiertokulku\". Jos meid\u00e4nkin taloutemme noudattaisi t\u00e4t\u00e4 luonnollista sykli\u00e4, se ratkaisisi k\u00e4yt\u00e4nn\u00f6ss\u00e4 kaikki maailman rahaan liittyv\u00e4t ongelmat, sanovat talousbioniikan asiantuntijat. Gradido-malli perustuu ajatukseen, jonka mukaan jokainen henkil\u00f6 ja my\u00f6s jokainen valtio saa tuloja, jotka on luotu luottoperusteisesti. N\u00e4in se voi hoitaa kaikki teht\u00e4v\u00e4ns\u00e4 ker\u00e4\u00e4m\u00e4tt\u00e4 veroja. Deflaatio tai inflaatio ovat menneisyytt\u00e4. Talous vapautuu jatkuvasta kasvupakosta, ja rahoitusj\u00e4rjestelm\u00e4n romahduksen vaara on vihdoin torjuttu. (<a href=\"https:\/\/gradido.net\/fi\/\">www.gradido.net<\/a>)<\/p>\t\t\t\t\t\t\t\t<\/div>\n\t\t\t\t<\/div>\n\t\t\t\t\t<\/div>\n\t\t<\/div>\n\t\t\t\t\t<\/div>\n\t\t<\/section>\n\t\t\t\t<\/div>","protected":false},"excerpt":{"rendered":"<p>F\u00fcr eine bessere Arbeitswelt K\u00fcnzelsau,11.03.2021 \u2013 Millionen Menschen beschert die Sorge um ihren Arbeitsplatz kaum beherrschbare \u00c4ngste. Sie sehnen sich nach der R\u00fcckkehr in ihr altes Leben mit seiner vermeintlichen Sicherheit und Berechenbarkeit. Aber ist das wirklich erstrebenswert? Nachdem deutsche Arbeitnehmer schon vor der Krise als \u201aFrustweltmeister\u2018 galten, k\u00f6nnten wir den aktuellen Ausnahmezustand auch durchaus [&hellip;]<\/p>\n","protected":false},"author":2,"featured_media":1939,"comment_status":"closed","ping_status":"closed","sticky":false,"template":"","format":"standard","meta":{"footnotes":""},"categories":[8],"tags":[],"class_list":["post-1994","post","type-post","status-publish","format-standard","has-post-thumbnail","hentry","category-pressemitteilung"],"yoast_head":"<!-- This site is optimized with the Yoast SEO plugin v27.5 - https:\/\/yoast.com\/product\/yoast-seo-wordpress\/ -->\n<title>Wirtschaftsforscher nutzen Corona-Krise als Forschungslabor - Gradido<\/title>\n<meta name=\"robots\" content=\"index, follow, max-snippet:-1, max-image-preview:large, max-video-preview:-1\" \/>\n<link rel=\"canonical\" href=\"https:\/\/gradido.net\/fi\/wirtschaftsforscher-nutzen-corona-krise-als-forschungslabor\/\" \/>\n<meta property=\"og:locale\" content=\"fi_FI\" \/>\n<meta property=\"og:type\" content=\"article\" \/>\n<meta property=\"og:title\" content=\"Wirtschaftsforscher nutzen Corona-Krise als Forschungslabor - Gradido\" \/>\n<meta property=\"og:description\" content=\"F\u00fcr eine bessere Arbeitswelt K\u00fcnzelsau,11.03.2021 \u2013 Millionen Menschen beschert die Sorge um ihren Arbeitsplatz kaum beherrschbare \u00c4ngste. Sie sehnen sich nach der R\u00fcckkehr in ihr altes Leben mit seiner vermeintlichen Sicherheit und Berechenbarkeit. Aber ist das wirklich erstrebenswert? Nachdem deutsche Arbeitnehmer schon vor der Krise als \u201aFrustweltmeister\u2018 galten, k\u00f6nnten wir den aktuellen Ausnahmezustand auch durchaus [&hellip;]\" \/>\n<meta property=\"og:url\" content=\"https:\/\/gradido.net\/fi\/wirtschaftsforscher-nutzen-corona-krise-als-forschungslabor\/\" \/>\n<meta property=\"og:site_name\" content=\"Gradido\" \/>\n<meta property=\"article:published_time\" content=\"2021-03-11T11:06:47+00:00\" \/>\n<meta property=\"article:modified_time\" content=\"2021-12-11T20:01:44+00:00\" \/>\n<meta property=\"og:image\" content=\"https:\/\/gradido.net\/wp-content\/uploads\/2021\/03\/krise_als_forschungslabor.jpg\" \/>\n\t<meta property=\"og:image:width\" content=\"1750\" \/>\n\t<meta property=\"og:image:height\" content=\"1188\" \/>\n\t<meta property=\"og:image:type\" content=\"image\/jpeg\" \/>\n<meta name=\"author\" content=\"Bernd H\u00fcckst\u00e4dt\" \/>\n<meta name=\"twitter:card\" content=\"summary_large_image\" \/>\n<meta name=\"twitter:label1\" content=\"Kirjoittanut\" \/>\n\t<meta name=\"twitter:data1\" content=\"Bernd H\u00fcckst\u00e4dt\" \/>\n\t<meta name=\"twitter:label2\" content=\"Arvioitu lukuaika\" \/>\n\t<meta name=\"twitter:data2\" content=\"5 minuuttia\" \/>\n<script type=\"application\/ld+json\" class=\"yoast-schema-graph\">{\"@context\":\"https:\\\/\\\/schema.org\",\"@graph\":[{\"@type\":\"Article\",\"@id\":\"https:\\\/\\\/gradido.net\\\/wirtschaftsforscher-nutzen-corona-krise-als-forschungslabor\\\/#article\",\"isPartOf\":{\"@id\":\"https:\\\/\\\/gradido.net\\\/wirtschaftsforscher-nutzen-corona-krise-als-forschungslabor\\\/\"},\"author\":{\"name\":\"Bernd H\u00fcckst\u00e4dt\",\"@id\":\"https:\\\/\\\/gradido.net\\\/de\\\/#\\\/schema\\\/person\\\/9c503a004ad15a1ddecadce2218db5d1\"},\"headline\":\"Wirtschaftsforscher nutzen Corona-Krise als Forschungslabor\",\"datePublished\":\"2021-03-11T11:06:47+00:00\",\"dateModified\":\"2021-12-11T20:01:44+00:00\",\"mainEntityOfPage\":{\"@id\":\"https:\\\/\\\/gradido.net\\\/wirtschaftsforscher-nutzen-corona-krise-als-forschungslabor\\\/\"},\"wordCount\":1096,\"publisher\":{\"@id\":\"https:\\\/\\\/gradido.net\\\/de\\\/#organization\"},\"image\":{\"@id\":\"https:\\\/\\\/gradido.net\\\/wirtschaftsforscher-nutzen-corona-krise-als-forschungslabor\\\/#primaryimage\"},\"thumbnailUrl\":\"https:\\\/\\\/gradido.net\\\/wp-content\\\/uploads\\\/2021\\\/03\\\/krise_als_forschungslabor.jpg\",\"articleSection\":[\"Pressemitteilung\"],\"inLanguage\":\"fi\"},{\"@type\":\"WebPage\",\"@id\":\"https:\\\/\\\/gradido.net\\\/wirtschaftsforscher-nutzen-corona-krise-als-forschungslabor\\\/\",\"url\":\"https:\\\/\\\/gradido.net\\\/wirtschaftsforscher-nutzen-corona-krise-als-forschungslabor\\\/\",\"name\":\"Wirtschaftsforscher nutzen Corona-Krise als Forschungslabor - Gradido\",\"isPartOf\":{\"@id\":\"https:\\\/\\\/gradido.net\\\/de\\\/#website\"},\"primaryImageOfPage\":{\"@id\":\"https:\\\/\\\/gradido.net\\\/wirtschaftsforscher-nutzen-corona-krise-als-forschungslabor\\\/#primaryimage\"},\"image\":{\"@id\":\"https:\\\/\\\/gradido.net\\\/wirtschaftsforscher-nutzen-corona-krise-als-forschungslabor\\\/#primaryimage\"},\"thumbnailUrl\":\"https:\\\/\\\/gradido.net\\\/wp-content\\\/uploads\\\/2021\\\/03\\\/krise_als_forschungslabor.jpg\",\"datePublished\":\"2021-03-11T11:06:47+00:00\",\"dateModified\":\"2021-12-11T20:01:44+00:00\",\"breadcrumb\":{\"@id\":\"https:\\\/\\\/gradido.net\\\/wirtschaftsforscher-nutzen-corona-krise-als-forschungslabor\\\/#breadcrumb\"},\"inLanguage\":\"fi\",\"potentialAction\":[{\"@type\":\"ReadAction\",\"target\":[\"https:\\\/\\\/gradido.net\\\/wirtschaftsforscher-nutzen-corona-krise-als-forschungslabor\\\/\"]}]},{\"@type\":\"ImageObject\",\"inLanguage\":\"fi\",\"@id\":\"https:\\\/\\\/gradido.net\\\/wirtschaftsforscher-nutzen-corona-krise-als-forschungslabor\\\/#primaryimage\",\"url\":\"https:\\\/\\\/gradido.net\\\/wp-content\\\/uploads\\\/2021\\\/03\\\/krise_als_forschungslabor.jpg\",\"contentUrl\":\"https:\\\/\\\/gradido.net\\\/wp-content\\\/uploads\\\/2021\\\/03\\\/krise_als_forschungslabor.jpg\",\"width\":1750,\"height\":1188},{\"@type\":\"BreadcrumbList\",\"@id\":\"https:\\\/\\\/gradido.net\\\/wirtschaftsforscher-nutzen-corona-krise-als-forschungslabor\\\/#breadcrumb\",\"itemListElement\":[{\"@type\":\"ListItem\",\"position\":1,\"name\":\"Startseite\",\"item\":\"https:\\\/\\\/gradido.net\\\/\"},{\"@type\":\"ListItem\",\"position\":2,\"name\":\"Wirtschaftsforscher nutzen Corona-Krise als Forschungslabor\"}]},{\"@type\":\"WebSite\",\"@id\":\"https:\\\/\\\/gradido.net\\\/de\\\/#website\",\"url\":\"https:\\\/\\\/gradido.net\\\/de\\\/\",\"name\":\"Gradido\",\"description\":\"Die neue W\u00e4hrung hei\u00dft Dankbarkeit\",\"publisher\":{\"@id\":\"https:\\\/\\\/gradido.net\\\/de\\\/#organization\"},\"potentialAction\":[{\"@type\":\"SearchAction\",\"target\":{\"@type\":\"EntryPoint\",\"urlTemplate\":\"https:\\\/\\\/gradido.net\\\/de\\\/?s={search_term_string}\"},\"query-input\":{\"@type\":\"PropertyValueSpecification\",\"valueRequired\":true,\"valueName\":\"search_term_string\"}}],\"inLanguage\":\"fi\"},{\"@type\":\"Organization\",\"@id\":\"https:\\\/\\\/gradido.net\\\/de\\\/#organization\",\"name\":\"Gradido\",\"url\":\"https:\\\/\\\/gradido.net\\\/de\\\/\",\"logo\":{\"@type\":\"ImageObject\",\"inLanguage\":\"fi\",\"@id\":\"https:\\\/\\\/gradido.net\\\/de\\\/#\\\/schema\\\/logo\\\/image\\\/\",\"url\":\"https:\\\/\\\/gradido.net\\\/wp-content\\\/uploads\\\/2022\\\/04\\\/gradido-social.jpg\",\"contentUrl\":\"https:\\\/\\\/gradido.net\\\/wp-content\\\/uploads\\\/2022\\\/04\\\/gradido-social.jpg\",\"width\":527,\"height\":273,\"caption\":\"Gradido\"},\"image\":{\"@id\":\"https:\\\/\\\/gradido.net\\\/de\\\/#\\\/schema\\\/logo\\\/image\\\/\"}},{\"@type\":\"Person\",\"@id\":\"https:\\\/\\\/gradido.net\\\/de\\\/#\\\/schema\\\/person\\\/9c503a004ad15a1ddecadce2218db5d1\",\"name\":\"Bernd H\u00fcckst\u00e4dt\",\"sameAs\":[\"https:\\\/\\\/gradido.net\"],\"url\":\"https:\\\/\\\/gradido.net\\\/fi\\\/author\\\/bernd\\\/\"}]}<\/script>\n<!-- \/ Yoast SEO plugin. -->","yoast_head_json":{"title":"Taloustutkijat k\u00e4ytt\u00e4v\u00e4t Coronan kriisi\u00e4 tutkimuslaboratoriona - Gradido","robots":{"index":"index","follow":"follow","max-snippet":"max-snippet:-1","max-image-preview":"max-image-preview:large","max-video-preview":"max-video-preview:-1"},"canonical":"https:\/\/gradido.net\/fi\/wirtschaftsforscher-nutzen-corona-krise-als-forschungslabor\/","og_locale":"fi_FI","og_type":"article","og_title":"Wirtschaftsforscher nutzen Corona-Krise als Forschungslabor - Gradido","og_description":"F\u00fcr eine bessere Arbeitswelt K\u00fcnzelsau,11.03.2021 \u2013 Millionen Menschen beschert die Sorge um ihren Arbeitsplatz kaum beherrschbare \u00c4ngste. Sie sehnen sich nach der R\u00fcckkehr in ihr altes Leben mit seiner vermeintlichen Sicherheit und Berechenbarkeit. Aber ist das wirklich erstrebenswert? Nachdem deutsche Arbeitnehmer schon vor der Krise als \u201aFrustweltmeister\u2018 galten, k\u00f6nnten wir den aktuellen Ausnahmezustand auch durchaus [&hellip;]","og_url":"https:\/\/gradido.net\/fi\/wirtschaftsforscher-nutzen-corona-krise-als-forschungslabor\/","og_site_name":"Gradido","article_published_time":"2021-03-11T11:06:47+00:00","article_modified_time":"2021-12-11T20:01:44+00:00","og_image":[{"width":1750,"height":1188,"url":"https:\/\/gradido.net\/wp-content\/uploads\/2021\/03\/krise_als_forschungslabor.jpg","type":"image\/jpeg"}],"author":"Bernd H\u00fcckst\u00e4dt","twitter_card":"summary_large_image","twitter_misc":{"Kirjoittanut":"Bernd H\u00fcckst\u00e4dt","Arvioitu lukuaika":"5 minuuttia"},"schema":{"@context":"https:\/\/schema.org","@graph":[{"@type":"Article","@id":"https:\/\/gradido.net\/wirtschaftsforscher-nutzen-corona-krise-als-forschungslabor\/#article","isPartOf":{"@id":"https:\/\/gradido.net\/wirtschaftsforscher-nutzen-corona-krise-als-forschungslabor\/"},"author":{"name":"Bernd H\u00fcckst\u00e4dt","@id":"https:\/\/gradido.net\/de\/#\/schema\/person\/9c503a004ad15a1ddecadce2218db5d1"},"headline":"Wirtschaftsforscher nutzen Corona-Krise als Forschungslabor","datePublished":"2021-03-11T11:06:47+00:00","dateModified":"2021-12-11T20:01:44+00:00","mainEntityOfPage":{"@id":"https:\/\/gradido.net\/wirtschaftsforscher-nutzen-corona-krise-als-forschungslabor\/"},"wordCount":1096,"publisher":{"@id":"https:\/\/gradido.net\/de\/#organization"},"image":{"@id":"https:\/\/gradido.net\/wirtschaftsforscher-nutzen-corona-krise-als-forschungslabor\/#primaryimage"},"thumbnailUrl":"https:\/\/gradido.net\/wp-content\/uploads\/2021\/03\/krise_als_forschungslabor.jpg","articleSection":["Pressemitteilung"],"inLanguage":"fi"},{"@type":"WebPage","@id":"https:\/\/gradido.net\/wirtschaftsforscher-nutzen-corona-krise-als-forschungslabor\/","url":"https:\/\/gradido.net\/wirtschaftsforscher-nutzen-corona-krise-als-forschungslabor\/","name":"Taloustutkijat k\u00e4ytt\u00e4v\u00e4t Coronan kriisi\u00e4 tutkimuslaboratoriona - Gradido","isPartOf":{"@id":"https:\/\/gradido.net\/de\/#website"},"primaryImageOfPage":{"@id":"https:\/\/gradido.net\/wirtschaftsforscher-nutzen-corona-krise-als-forschungslabor\/#primaryimage"},"image":{"@id":"https:\/\/gradido.net\/wirtschaftsforscher-nutzen-corona-krise-als-forschungslabor\/#primaryimage"},"thumbnailUrl":"https:\/\/gradido.net\/wp-content\/uploads\/2021\/03\/krise_als_forschungslabor.jpg","datePublished":"2021-03-11T11:06:47+00:00","dateModified":"2021-12-11T20:01:44+00:00","breadcrumb":{"@id":"https:\/\/gradido.net\/wirtschaftsforscher-nutzen-corona-krise-als-forschungslabor\/#breadcrumb"},"inLanguage":"fi","potentialAction":[{"@type":"ReadAction","target":["https:\/\/gradido.net\/wirtschaftsforscher-nutzen-corona-krise-als-forschungslabor\/"]}]},{"@type":"ImageObject","inLanguage":"fi","@id":"https:\/\/gradido.net\/wirtschaftsforscher-nutzen-corona-krise-als-forschungslabor\/#primaryimage","url":"https:\/\/gradido.net\/wp-content\/uploads\/2021\/03\/krise_als_forschungslabor.jpg","contentUrl":"https:\/\/gradido.net\/wp-content\/uploads\/2021\/03\/krise_als_forschungslabor.jpg","width":1750,"height":1188},{"@type":"BreadcrumbList","@id":"https:\/\/gradido.net\/wirtschaftsforscher-nutzen-corona-krise-als-forschungslabor\/#breadcrumb","itemListElement":[{"@type":"ListItem","position":1,"name":"Startseite","item":"https:\/\/gradido.net\/"},{"@type":"ListItem","position":2,"name":"Wirtschaftsforscher nutzen Corona-Krise als Forschungslabor"}]},{"@type":"WebSite","@id":"https:\/\/gradido.net\/de\/#website","url":"https:\/\/gradido.net\/de\/","name":"Gradido","description":"Uusi valuutta on kiitollisuus","publisher":{"@id":"https:\/\/gradido.net\/de\/#organization"},"potentialAction":[{"@type":"SearchAction","target":{"@type":"EntryPoint","urlTemplate":"https:\/\/gradido.net\/de\/?s={search_term_string}"},"query-input":{"@type":"PropertyValueSpecification","valueRequired":true,"valueName":"search_term_string"}}],"inLanguage":"fi"},{"@type":"Organization","@id":"https:\/\/gradido.net\/de\/#organization","name":"Gradido","url":"https:\/\/gradido.net\/de\/","logo":{"@type":"ImageObject","inLanguage":"fi","@id":"https:\/\/gradido.net\/de\/#\/schema\/logo\/image\/","url":"https:\/\/gradido.net\/wp-content\/uploads\/2022\/04\/gradido-social.jpg","contentUrl":"https:\/\/gradido.net\/wp-content\/uploads\/2022\/04\/gradido-social.jpg","width":527,"height":273,"caption":"Gradido"},"image":{"@id":"https:\/\/gradido.net\/de\/#\/schema\/logo\/image\/"}},{"@type":"Person","@id":"https:\/\/gradido.net\/de\/#\/schema\/person\/9c503a004ad15a1ddecadce2218db5d1","name":"Bernd H\u00fcckst\u00e4dt","sameAs":["https:\/\/gradido.net"],"url":"https:\/\/gradido.net\/fi\/author\/bernd\/"}]}},"_links":{"self":[{"href":"https:\/\/gradido.net\/fi\/wp-json\/wp\/v2\/posts\/1994","targetHints":{"allow":["GET"]}}],"collection":[{"href":"https:\/\/gradido.net\/fi\/wp-json\/wp\/v2\/posts"}],"about":[{"href":"https:\/\/gradido.net\/fi\/wp-json\/wp\/v2\/types\/post"}],"author":[{"embeddable":true,"href":"https:\/\/gradido.net\/fi\/wp-json\/wp\/v2\/users\/2"}],"replies":[{"embeddable":true,"href":"https:\/\/gradido.net\/fi\/wp-json\/wp\/v2\/comments?post=1994"}],"version-history":[{"count":8,"href":"https:\/\/gradido.net\/fi\/wp-json\/wp\/v2\/posts\/1994\/revisions"}],"predecessor-version":[{"id":3766,"href":"https:\/\/gradido.net\/fi\/wp-json\/wp\/v2\/posts\/1994\/revisions\/3766"}],"wp:featuredmedia":[{"embeddable":true,"href":"https:\/\/gradido.net\/fi\/wp-json\/wp\/v2\/media\/1939"}],"wp:attachment":[{"href":"https:\/\/gradido.net\/fi\/wp-json\/wp\/v2\/media?parent=1994"}],"wp:term":[{"taxonomy":"category","embeddable":true,"href":"https:\/\/gradido.net\/fi\/wp-json\/wp\/v2\/categories?post=1994"},{"taxonomy":"post_tag","embeddable":true,"href":"https:\/\/gradido.net\/fi\/wp-json\/wp\/v2\/tags?post=1994"}],"curies":[{"name":"wp","href":"https:\/\/api.w.org\/{rel}","templated":true}]}}