{"id":2272,"date":"2021-04-18T11:25:36","date_gmt":"2021-04-18T09:25:36","guid":{"rendered":"https:\/\/gradido.net\/?p=2272"},"modified":"2021-06-07T17:11:32","modified_gmt":"2021-06-07T15:11:32","slug":"episode-14","status":"publish","type":"post","link":"https:\/\/gradido.net\/fi\/episode-14\/","title":{"rendered":"Matkalla kohti kasvun j\u00e4lkeist\u00e4 yhteiskuntaa"},"content":{"rendered":"<div data-elementor-type=\"wp-post\" data-elementor-id=\"2272\" class=\"elementor elementor-2272\" data-elementor-post-type=\"post\">\n\t\t\t\t\t\t<section class=\"elementor-section elementor-top-section elementor-element elementor-element-496e1d53 elementor-section-boxed elementor-section-height-default elementor-section-height-default\" data-id=\"496e1d53\" data-element_type=\"section\" data-e-type=\"section\">\n\t\t\t\t\t\t<div class=\"elementor-container elementor-column-gap-default\">\n\t\t\t\t\t<div class=\"elementor-column elementor-col-100 elementor-top-column elementor-element elementor-element-461d7be0\" data-id=\"461d7be0\" data-element_type=\"column\" data-e-type=\"column\">\n\t\t\t<div class=\"elementor-widget-wrap elementor-element-populated\">\n\t\t\t\t\t\t<div class=\"elementor-element elementor-element-cd9ebe2 elementor-widget elementor-widget-text-editor\" data-id=\"cd9ebe2\" data-element_type=\"widget\" data-e-type=\"widget\" data-widget_type=\"text-editor.default\">\n\t\t\t\t<div class=\"elementor-widget-container\">\n\t\t\t\t\t\t\t\t\t<h2>Vieras: Prof. Irmi Seidl<\/h2>\t\t\t\t\t\t\t\t<\/div>\n\t\t\t\t<\/div>\n\t\t\t\t\t<\/div>\n\t\t<\/div>\n\t\t\t\t\t<\/div>\n\t\t<\/section>\n\t\t\t\t<section class=\"elementor-section elementor-top-section elementor-element elementor-element-2f93e3c3 elementor-section-boxed elementor-section-height-default elementor-section-height-default\" data-id=\"2f93e3c3\" data-element_type=\"section\" data-e-type=\"section\">\n\t\t\t\t\t\t<div class=\"elementor-container elementor-column-gap-default\">\n\t\t\t\t\t<div class=\"elementor-column elementor-col-100 elementor-top-column elementor-element elementor-element-5a9dfd19\" data-id=\"5a9dfd19\" data-element_type=\"column\" data-e-type=\"column\">\n\t\t\t<div class=\"elementor-widget-wrap elementor-element-populated\">\n\t\t\t\t\t\t<div class=\"elementor-element elementor-element-9cdb6b8 elementor-widget elementor-widget-html\" data-id=\"9cdb6b8\" data-element_type=\"widget\" data-e-type=\"widget\" data-widget_type=\"html.default\">\n\t\t\t\t<div class=\"elementor-widget-container\">\n\t\t\t\t\t<script class=\"podigee-podcast-player\" src=\"https:\/\/player.podigee-cdn.net\/podcast-player\/javascripts\/podigee-podcast-player.js\" data-configuration=\"https:\/\/gradido.podigee.io\/14-neue-episode\/embed?context=external\"><\/script>\t\t\t\t<\/div>\n\t\t\t\t<\/div>\n\t\t\t\t\t<\/div>\n\t\t<\/div>\n\t\t\t\t\t<\/div>\n\t\t<\/section>\n\t\t\t\t<section class=\"elementor-section elementor-top-section elementor-element elementor-element-585c640 elementor-section-boxed elementor-section-height-default elementor-section-height-default\" data-id=\"585c640\" data-element_type=\"section\" data-e-type=\"section\">\n\t\t\t\t\t\t<div class=\"elementor-container elementor-column-gap-default\">\n\t\t\t\t\t<div class=\"elementor-column elementor-col-50 elementor-top-column elementor-element elementor-element-13c250b\" data-id=\"13c250b\" data-element_type=\"column\" data-e-type=\"column\">\n\t\t\t<div class=\"elementor-widget-wrap elementor-element-populated\">\n\t\t\t\t\t\t<div class=\"elementor-element elementor-element-0561949 elementor-widget elementor-widget-text-editor\" data-id=\"0561949\" data-element_type=\"widget\" data-e-type=\"widget\" data-widget_type=\"text-editor.default\">\n\t\t\t\t<div class=\"elementor-widget-container\">\n\t\t\t\t\t\t\t\t\t<p>Luonnonvarojen suuri kulutus ja taloutemme p\u00e4\u00e4st\u00f6t ylitt\u00e4v\u00e4t planeettamme rajat. T\u00e4st\u00e4 huolimatta monet politiikassa, liike-el\u00e4m\u00e4ss\u00e4 ja yhteiskunnassa pit\u00e4v\u00e4t kiinni tavoitteesta lis\u00e4t\u00e4 edelleen taloudellista tuotantoa. Keskeinen syy t\u00e4h\u00e4n on se, ett\u00e4 talouskasvun pit\u00e4isi luoda riitt\u00e4v\u00e4sti ty\u00f6paikkoja.<\/p><p>Irmi Seidl on saksalainen kasvukriittinen taloustieteilij\u00e4. <br \/>Yliopistonlehtorina h\u00e4n johtaa Birmensdorfissa sijaitsevan Sveitsin mets\u00e4-, lumi- ja maisematutkimuslaitoksen (WSL) talous- ja yhteiskuntatieteiden tutkimusyksikk\u00f6\u00e4. H\u00e4n on kiinnostunut tarjontatalouden haasteista ja talouskasvun, maank\u00e4yt\u00f6n ja uusiutuvan energian ekologisista seurauksista. Muita tutkimusaloja ovat luonnon ja biologisen monimuotoisuuden suojelu sek\u00e4 syrj\u00e4isten alueiden aluekehitys. Taloustieteilij\u00e4 toimii Z\u00fcrichin yliopiston professorina ja opettaa Sveitsin teknillisess\u00e4 korkeakoulussa (ETH) Z\u00fcrichiss\u00e4.<\/p><div data-pm-slice=\"1 1 []\" data-en-clipboard=\"true\">Vasemmalle:<\/div><div><a href=\"https:\/\/www.wsl.ch\/de\/mitarbeitende\/seidl.html\" target=\"_blank\" rel=\"noopener\">https:\/\/www.wsl.ch\/de\/mitarbeitende\/seidl.html<\/a><\/div><div><a href=\"https:\/\/de.wikipedia.org\/wiki\/Irmi_Seidl\" target=\"_blank\" rel=\"noopener\">https:\/\/de.wikipedia.org\/wiki\/Irmi_Seidl<\/a><\/div>\t\t\t\t\t\t\t\t<\/div>\n\t\t\t\t<\/div>\n\t\t\t\t\t<\/div>\n\t\t<\/div>\n\t\t\t\t<div class=\"elementor-column elementor-col-50 elementor-top-column elementor-element elementor-element-e0d795e\" data-id=\"e0d795e\" data-element_type=\"column\" data-e-type=\"column\">\n\t\t\t<div class=\"elementor-widget-wrap elementor-element-populated\">\n\t\t\t\t\t\t<div class=\"elementor-element elementor-element-8c61bad elementor-widget elementor-widget-image\" data-id=\"8c61bad\" data-element_type=\"widget\" data-e-type=\"widget\" data-widget_type=\"image.default\">\n\t\t\t\t<div class=\"elementor-widget-container\">\n\t\t\t\t\t\t\t\t\t\t\t\t\t\t\t<img fetchpriority=\"high\" decoding=\"async\" width=\"800\" height=\"800\" src=\"https:\/\/gradido.net\/wp-content\/uploads\/2021\/06\/gradido_podcast_seidl-1024x1024.jpg\" class=\"attachment-large size-large wp-image-2667\" alt=\"\" srcset=\"https:\/\/gradido.net\/wp-content\/uploads\/2021\/06\/gradido_podcast_seidl-1024x1024.jpg 1024w, https:\/\/gradido.net\/wp-content\/uploads\/2021\/06\/gradido_podcast_seidl-300x300.jpg 300w, https:\/\/gradido.net\/wp-content\/uploads\/2021\/06\/gradido_podcast_seidl-150x150.jpg 150w, https:\/\/gradido.net\/wp-content\/uploads\/2021\/06\/gradido_podcast_seidl-768x768.jpg 768w, https:\/\/gradido.net\/wp-content\/uploads\/2021\/06\/gradido_podcast_seidl-12x12.jpg 12w, https:\/\/gradido.net\/wp-content\/uploads\/2021\/06\/gradido_podcast_seidl.jpg 1400w\" sizes=\"(max-width: 800px) 100vw, 800px\" \/>\t\t\t\t\t\t\t\t\t\t\t\t\t\t\t<\/div>\n\t\t\t\t<\/div>\n\t\t\t\t<div class=\"elementor-element elementor-element-ceab137 elementor-widget elementor-widget-text-editor\" data-id=\"ceab137\" data-element_type=\"widget\" data-e-type=\"widget\" data-widget_type=\"text-editor.default\">\n\t\t\t\t<div class=\"elementor-widget-container\">\n\t\t\t\t\t\t\t\t\t<p><a href=\"https:\/\/youtu.be\/XgIRknYwSug\" target=\"_blank\" rel=\"noopener\">Kuuntele YouTubessa<\/a><\/p>\t\t\t\t\t\t\t\t<\/div>\n\t\t\t\t<\/div>\n\t\t\t\t\t<\/div>\n\t\t<\/div>\n\t\t\t\t\t<\/div>\n\t\t<\/section>\n\t\t\t\t<section class=\"elementor-section elementor-top-section elementor-element elementor-element-d051609 elementor-section-boxed elementor-section-height-default elementor-section-height-default\" data-id=\"d051609\" data-element_type=\"section\" data-e-type=\"section\">\n\t\t\t\t\t\t<div class=\"elementor-container elementor-column-gap-default\">\n\t\t\t\t\t<div class=\"elementor-column elementor-col-100 elementor-top-column elementor-element elementor-element-13cc168\" data-id=\"13cc168\" data-element_type=\"column\" data-e-type=\"column\">\n\t\t\t<div class=\"elementor-widget-wrap elementor-element-populated\">\n\t\t\t\t\t\t<div class=\"elementor-element elementor-element-b43b3ee elementor-widget elementor-widget-heading\" data-id=\"b43b3ee\" data-element_type=\"widget\" data-e-type=\"widget\" data-widget_type=\"heading.default\">\n\t\t\t\t<div class=\"elementor-widget-container\">\n\t\t\t\t\t<h2 class=\"elementor-heading-title elementor-size-default\">Transcript ( automaattisesti k\u00e4\u00e4nnetty)<\/h2>\t\t\t\t<\/div>\n\t\t\t\t<\/div>\n\t\t\t\t\t<\/div>\n\t\t<\/div>\n\t\t\t\t\t<\/div>\n\t\t<\/section>\n\t\t\t\t<section class=\"elementor-section elementor-top-section elementor-element elementor-element-474427c elementor-section-boxed elementor-section-height-default elementor-section-height-default\" data-id=\"474427c\" data-element_type=\"section\" data-e-type=\"section\">\n\t\t\t\t\t\t<div class=\"elementor-container elementor-column-gap-default\">\n\t\t\t\t\t<div class=\"elementor-column elementor-col-100 elementor-top-column elementor-element elementor-element-6041f12\" data-id=\"6041f12\" data-element_type=\"column\" data-e-type=\"column\">\n\t\t\t<div class=\"elementor-widget-wrap elementor-element-populated\">\n\t\t\t\t\t\t\t<\/div>\n\t\t<\/div>\n\t\t\t\t\t<\/div>\n\t\t<\/section>\n\t\t\t\t<\/div>","protected":false},"excerpt":{"rendered":"<p>Prof. Irmi Seidl ist eine wachstumskritische deutsche \u00d6konomin. Sie setzt sich mit der Herausforderung des versorgenden Wirtschaftens und den \u00f6kologischen Folgen von Wirtschaftswachstum, Landnutzung und erneuerbare Energie auseinander. [52:25]<\/p>\n","protected":false},"author":2,"featured_media":2273,"comment_status":"closed","ping_status":"closed","sticky":false,"template":"","format":"standard","meta":{"footnotes":""},"categories":[19],"tags":[16],"class_list":["post-2272","post","type-post","status-publish","format-standard","has-post-thumbnail","hentry","category-podcast","tag-grundeinkommen"],"yoast_head":"<!-- This site is optimized with the Yoast SEO plugin v27.5 - https:\/\/yoast.com\/product\/yoast-seo-wordpress\/ -->\n<title>Auf dem Weg in eine Postwachstumsgesellschaft - Gradido<\/title>\n<meta name=\"robots\" content=\"index, follow, max-snippet:-1, max-image-preview:large, max-video-preview:-1\" \/>\n<link rel=\"canonical\" href=\"https:\/\/gradido.net\/fi\/episode-14\/\" \/>\n<meta property=\"og:locale\" content=\"fi_FI\" \/>\n<meta property=\"og:type\" content=\"article\" \/>\n<meta property=\"og:title\" content=\"Auf dem Weg in eine Postwachstumsgesellschaft - Gradido\" \/>\n<meta property=\"og:description\" content=\"Prof. Irmi Seidl ist eine wachstumskritische deutsche \u00d6konomin. Sie setzt sich mit der Herausforderung des versorgenden Wirtschaftens und den \u00f6kologischen Folgen von Wirtschaftswachstum, Landnutzung und erneuerbare Energie auseinander. [52:25]\" \/>\n<meta property=\"og:url\" content=\"https:\/\/gradido.net\/fi\/episode-14\/\" \/>\n<meta property=\"og:site_name\" content=\"Gradido\" \/>\n<meta property=\"article:published_time\" content=\"2021-04-18T09:25:36+00:00\" \/>\n<meta property=\"article:modified_time\" content=\"2021-06-07T15:11:32+00:00\" \/>\n<meta property=\"og:image\" content=\"https:\/\/gradido.net\/wp-content\/uploads\/2021\/04\/podcast_www_seidl.jpg\" \/>\n\t<meta property=\"og:image:width\" content=\"1800\" \/>\n\t<meta property=\"og:image:height\" content=\"1221\" \/>\n\t<meta property=\"og:image:type\" content=\"image\/jpeg\" \/>\n<meta name=\"author\" content=\"Bernd H\u00fcckst\u00e4dt\" \/>\n<meta name=\"twitter:card\" content=\"summary_large_image\" \/>\n<meta name=\"twitter:label1\" content=\"Kirjoittanut\" \/>\n\t<meta name=\"twitter:data1\" content=\"Bernd H\u00fcckst\u00e4dt\" \/>\n\t<meta name=\"twitter:label2\" content=\"Arvioitu lukuaika\" \/>\n\t<meta name=\"twitter:data2\" content=\"1 minuutti\" \/>\n<script type=\"application\/ld+json\" class=\"yoast-schema-graph\">{\"@context\":\"https:\\\/\\\/schema.org\",\"@graph\":[{\"@type\":\"Article\",\"@id\":\"https:\\\/\\\/gradido.net\\\/sv\\\/episode-14\\\/#article\",\"isPartOf\":{\"@id\":\"https:\\\/\\\/gradido.net\\\/sv\\\/episode-14\\\/\"},\"author\":{\"name\":\"Bernd H\u00fcckst\u00e4dt\",\"@id\":\"https:\\\/\\\/gradido.net\\\/de\\\/#\\\/schema\\\/person\\\/9c503a004ad15a1ddecadce2218db5d1\"},\"headline\":\"Auf dem Weg in eine Postwachstumsgesellschaft\",\"datePublished\":\"2021-04-18T09:25:36+00:00\",\"dateModified\":\"2021-06-07T15:11:32+00:00\",\"mainEntityOfPage\":{\"@id\":\"https:\\\/\\\/gradido.net\\\/sv\\\/episode-14\\\/\"},\"wordCount\":153,\"publisher\":{\"@id\":\"https:\\\/\\\/gradido.net\\\/de\\\/#organization\"},\"image\":{\"@id\":\"https:\\\/\\\/gradido.net\\\/sv\\\/episode-14\\\/#primaryimage\"},\"thumbnailUrl\":\"https:\\\/\\\/gradido.net\\\/wp-content\\\/uploads\\\/2021\\\/04\\\/podcast_www_seidl.jpg\",\"keywords\":[\"Grundeinkommen\"],\"articleSection\":[\"Podcast\"],\"inLanguage\":\"fi\"},{\"@type\":\"WebPage\",\"@id\":\"https:\\\/\\\/gradido.net\\\/sv\\\/episode-14\\\/\",\"url\":\"https:\\\/\\\/gradido.net\\\/sv\\\/episode-14\\\/\",\"name\":\"Auf dem Weg in eine Postwachstumsgesellschaft - Gradido\",\"isPartOf\":{\"@id\":\"https:\\\/\\\/gradido.net\\\/de\\\/#website\"},\"primaryImageOfPage\":{\"@id\":\"https:\\\/\\\/gradido.net\\\/sv\\\/episode-14\\\/#primaryimage\"},\"image\":{\"@id\":\"https:\\\/\\\/gradido.net\\\/sv\\\/episode-14\\\/#primaryimage\"},\"thumbnailUrl\":\"https:\\\/\\\/gradido.net\\\/wp-content\\\/uploads\\\/2021\\\/04\\\/podcast_www_seidl.jpg\",\"datePublished\":\"2021-04-18T09:25:36+00:00\",\"dateModified\":\"2021-06-07T15:11:32+00:00\",\"breadcrumb\":{\"@id\":\"https:\\\/\\\/gradido.net\\\/sv\\\/episode-14\\\/#breadcrumb\"},\"inLanguage\":\"fi\",\"potentialAction\":[{\"@type\":\"ReadAction\",\"target\":[\"https:\\\/\\\/gradido.net\\\/sv\\\/episode-14\\\/\"]}]},{\"@type\":\"ImageObject\",\"inLanguage\":\"fi\",\"@id\":\"https:\\\/\\\/gradido.net\\\/sv\\\/episode-14\\\/#primaryimage\",\"url\":\"https:\\\/\\\/gradido.net\\\/wp-content\\\/uploads\\\/2021\\\/04\\\/podcast_www_seidl.jpg\",\"contentUrl\":\"https:\\\/\\\/gradido.net\\\/wp-content\\\/uploads\\\/2021\\\/04\\\/podcast_www_seidl.jpg\",\"width\":1800,\"height\":1221},{\"@type\":\"BreadcrumbList\",\"@id\":\"https:\\\/\\\/gradido.net\\\/sv\\\/episode-14\\\/#breadcrumb\",\"itemListElement\":[{\"@type\":\"ListItem\",\"position\":1,\"name\":\"Startseite\",\"item\":\"https:\\\/\\\/gradido.net\\\/\"},{\"@type\":\"ListItem\",\"position\":2,\"name\":\"Auf dem Weg in eine Postwachstumsgesellschaft\"}]},{\"@type\":\"WebSite\",\"@id\":\"https:\\\/\\\/gradido.net\\\/de\\\/#website\",\"url\":\"https:\\\/\\\/gradido.net\\\/de\\\/\",\"name\":\"Gradido\",\"description\":\"Die neue W\u00e4hrung hei\u00dft Dankbarkeit\",\"publisher\":{\"@id\":\"https:\\\/\\\/gradido.net\\\/de\\\/#organization\"},\"potentialAction\":[{\"@type\":\"SearchAction\",\"target\":{\"@type\":\"EntryPoint\",\"urlTemplate\":\"https:\\\/\\\/gradido.net\\\/de\\\/?s={search_term_string}\"},\"query-input\":{\"@type\":\"PropertyValueSpecification\",\"valueRequired\":true,\"valueName\":\"search_term_string\"}}],\"inLanguage\":\"fi\"},{\"@type\":\"Organization\",\"@id\":\"https:\\\/\\\/gradido.net\\\/de\\\/#organization\",\"name\":\"Gradido\",\"url\":\"https:\\\/\\\/gradido.net\\\/de\\\/\",\"logo\":{\"@type\":\"ImageObject\",\"inLanguage\":\"fi\",\"@id\":\"https:\\\/\\\/gradido.net\\\/de\\\/#\\\/schema\\\/logo\\\/image\\\/\",\"url\":\"https:\\\/\\\/gradido.net\\\/wp-content\\\/uploads\\\/2022\\\/04\\\/gradido-social.jpg\",\"contentUrl\":\"https:\\\/\\\/gradido.net\\\/wp-content\\\/uploads\\\/2022\\\/04\\\/gradido-social.jpg\",\"width\":527,\"height\":273,\"caption\":\"Gradido\"},\"image\":{\"@id\":\"https:\\\/\\\/gradido.net\\\/de\\\/#\\\/schema\\\/logo\\\/image\\\/\"}},{\"@type\":\"Person\",\"@id\":\"https:\\\/\\\/gradido.net\\\/de\\\/#\\\/schema\\\/person\\\/9c503a004ad15a1ddecadce2218db5d1\",\"name\":\"Bernd H\u00fcckst\u00e4dt\",\"sameAs\":[\"https:\\\/\\\/gradido.net\"],\"url\":\"https:\\\/\\\/gradido.net\\\/fi\\\/author\\\/bernd\\\/\"}]}<\/script>\n<!-- \/ Yoast SEO plugin. -->","yoast_head_json":{"title":"Matkalla kohti kasvun j\u00e4lkeist\u00e4 yhteiskuntaa - Gradido","robots":{"index":"index","follow":"follow","max-snippet":"max-snippet:-1","max-image-preview":"max-image-preview:large","max-video-preview":"max-video-preview:-1"},"canonical":"https:\/\/gradido.net\/fi\/episode-14\/","og_locale":"fi_FI","og_type":"article","og_title":"Auf dem Weg in eine Postwachstumsgesellschaft - Gradido","og_description":"Prof. Irmi Seidl ist eine wachstumskritische deutsche \u00d6konomin. Sie setzt sich mit der Herausforderung des versorgenden Wirtschaftens und den \u00f6kologischen Folgen von Wirtschaftswachstum, Landnutzung und erneuerbare Energie auseinander. [52:25]","og_url":"https:\/\/gradido.net\/fi\/episode-14\/","og_site_name":"Gradido","article_published_time":"2021-04-18T09:25:36+00:00","article_modified_time":"2021-06-07T15:11:32+00:00","og_image":[{"width":1800,"height":1221,"url":"https:\/\/gradido.net\/wp-content\/uploads\/2021\/04\/podcast_www_seidl.jpg","type":"image\/jpeg"}],"author":"Bernd H\u00fcckst\u00e4dt","twitter_card":"summary_large_image","twitter_misc":{"Kirjoittanut":"Bernd H\u00fcckst\u00e4dt","Arvioitu lukuaika":"1 minuutti"},"schema":{"@context":"https:\/\/schema.org","@graph":[{"@type":"Article","@id":"https:\/\/gradido.net\/sv\/episode-14\/#article","isPartOf":{"@id":"https:\/\/gradido.net\/sv\/episode-14\/"},"author":{"name":"Bernd H\u00fcckst\u00e4dt","@id":"https:\/\/gradido.net\/de\/#\/schema\/person\/9c503a004ad15a1ddecadce2218db5d1"},"headline":"Auf dem Weg in eine Postwachstumsgesellschaft","datePublished":"2021-04-18T09:25:36+00:00","dateModified":"2021-06-07T15:11:32+00:00","mainEntityOfPage":{"@id":"https:\/\/gradido.net\/sv\/episode-14\/"},"wordCount":153,"publisher":{"@id":"https:\/\/gradido.net\/de\/#organization"},"image":{"@id":"https:\/\/gradido.net\/sv\/episode-14\/#primaryimage"},"thumbnailUrl":"https:\/\/gradido.net\/wp-content\/uploads\/2021\/04\/podcast_www_seidl.jpg","keywords":["Grundeinkommen"],"articleSection":["Podcast"],"inLanguage":"fi"},{"@type":"WebPage","@id":"https:\/\/gradido.net\/sv\/episode-14\/","url":"https:\/\/gradido.net\/sv\/episode-14\/","name":"Matkalla kohti kasvun j\u00e4lkeist\u00e4 yhteiskuntaa - Gradido","isPartOf":{"@id":"https:\/\/gradido.net\/de\/#website"},"primaryImageOfPage":{"@id":"https:\/\/gradido.net\/sv\/episode-14\/#primaryimage"},"image":{"@id":"https:\/\/gradido.net\/sv\/episode-14\/#primaryimage"},"thumbnailUrl":"https:\/\/gradido.net\/wp-content\/uploads\/2021\/04\/podcast_www_seidl.jpg","datePublished":"2021-04-18T09:25:36+00:00","dateModified":"2021-06-07T15:11:32+00:00","breadcrumb":{"@id":"https:\/\/gradido.net\/sv\/episode-14\/#breadcrumb"},"inLanguage":"fi","potentialAction":[{"@type":"ReadAction","target":["https:\/\/gradido.net\/sv\/episode-14\/"]}]},{"@type":"ImageObject","inLanguage":"fi","@id":"https:\/\/gradido.net\/sv\/episode-14\/#primaryimage","url":"https:\/\/gradido.net\/wp-content\/uploads\/2021\/04\/podcast_www_seidl.jpg","contentUrl":"https:\/\/gradido.net\/wp-content\/uploads\/2021\/04\/podcast_www_seidl.jpg","width":1800,"height":1221},{"@type":"BreadcrumbList","@id":"https:\/\/gradido.net\/sv\/episode-14\/#breadcrumb","itemListElement":[{"@type":"ListItem","position":1,"name":"Startseite","item":"https:\/\/gradido.net\/"},{"@type":"ListItem","position":2,"name":"Auf dem Weg in eine Postwachstumsgesellschaft"}]},{"@type":"WebSite","@id":"https:\/\/gradido.net\/de\/#website","url":"https:\/\/gradido.net\/de\/","name":"Gradido","description":"Uusi valuutta on kiitollisuus","publisher":{"@id":"https:\/\/gradido.net\/de\/#organization"},"potentialAction":[{"@type":"SearchAction","target":{"@type":"EntryPoint","urlTemplate":"https:\/\/gradido.net\/de\/?s={search_term_string}"},"query-input":{"@type":"PropertyValueSpecification","valueRequired":true,"valueName":"search_term_string"}}],"inLanguage":"fi"},{"@type":"Organization","@id":"https:\/\/gradido.net\/de\/#organization","name":"Gradido","url":"https:\/\/gradido.net\/de\/","logo":{"@type":"ImageObject","inLanguage":"fi","@id":"https:\/\/gradido.net\/de\/#\/schema\/logo\/image\/","url":"https:\/\/gradido.net\/wp-content\/uploads\/2022\/04\/gradido-social.jpg","contentUrl":"https:\/\/gradido.net\/wp-content\/uploads\/2022\/04\/gradido-social.jpg","width":527,"height":273,"caption":"Gradido"},"image":{"@id":"https:\/\/gradido.net\/de\/#\/schema\/logo\/image\/"}},{"@type":"Person","@id":"https:\/\/gradido.net\/de\/#\/schema\/person\/9c503a004ad15a1ddecadce2218db5d1","name":"Bernd H\u00fcckst\u00e4dt","sameAs":["https:\/\/gradido.net"],"url":"https:\/\/gradido.net\/fi\/author\/bernd\/"}]}},"_links":{"self":[{"href":"https:\/\/gradido.net\/fi\/wp-json\/wp\/v2\/posts\/2272","targetHints":{"allow":["GET"]}}],"collection":[{"href":"https:\/\/gradido.net\/fi\/wp-json\/wp\/v2\/posts"}],"about":[{"href":"https:\/\/gradido.net\/fi\/wp-json\/wp\/v2\/types\/post"}],"author":[{"embeddable":true,"href":"https:\/\/gradido.net\/fi\/wp-json\/wp\/v2\/users\/2"}],"replies":[{"embeddable":true,"href":"https:\/\/gradido.net\/fi\/wp-json\/wp\/v2\/comments?post=2272"}],"version-history":[{"count":20,"href":"https:\/\/gradido.net\/fi\/wp-json\/wp\/v2\/posts\/2272\/revisions"}],"predecessor-version":[{"id":2719,"href":"https:\/\/gradido.net\/fi\/wp-json\/wp\/v2\/posts\/2272\/revisions\/2719"}],"wp:featuredmedia":[{"embeddable":true,"href":"https:\/\/gradido.net\/fi\/wp-json\/wp\/v2\/media\/2273"}],"wp:attachment":[{"href":"https:\/\/gradido.net\/fi\/wp-json\/wp\/v2\/media?parent=2272"}],"wp:term":[{"taxonomy":"category","embeddable":true,"href":"https:\/\/gradido.net\/fi\/wp-json\/wp\/v2\/categories?post=2272"},{"taxonomy":"post_tag","embeddable":true,"href":"https:\/\/gradido.net\/fi\/wp-json\/wp\/v2\/tags?post=2272"}],"curies":[{"name":"wp","href":"https:\/\/api.w.org\/{rel}","templated":true}]}}