{"id":6017,"date":"2023-01-01T00:17:31","date_gmt":"2022-12-31T23:17:31","guid":{"rendered":"https:\/\/gradido.net\/?p=6017"},"modified":"2026-04-24T08:09:27","modified_gmt":"2026-04-24T06:09:27","slug":"gradido-konto-2023-neues-design-und-dezentrale-communities","status":"publish","type":"post","link":"https:\/\/gradido.net\/fi\/gradido-konto-2023-neues-design-und-dezentrale-communities\/","title":{"rendered":"Gradido-tili 2023: uusi suunnittelu ja hajautetut yhteis\u00f6t"},"content":{"rendered":"<div data-elementor-type=\"wp-post\" data-elementor-id=\"6017\" class=\"elementor elementor-6017\" data-elementor-post-type=\"post\">\n\t\t\t\t\t\t<section class=\"elementor-section elementor-top-section elementor-element elementor-element-496e1d53 elementor-section-boxed elementor-section-height-default elementor-section-height-default\" data-id=\"496e1d53\" data-element_type=\"section\" data-e-type=\"section\">\n\t\t\t\t\t\t<div class=\"elementor-container elementor-column-gap-default\">\n\t\t\t\t\t<div class=\"elementor-column elementor-col-100 elementor-top-column elementor-element elementor-element-461d7be0\" data-id=\"461d7be0\" data-element_type=\"column\" data-e-type=\"column\">\n\t\t\t<div class=\"elementor-widget-wrap elementor-element-populated\">\n\t\t\t\t\t\t<div class=\"elementor-element elementor-element-cd9ebe2 elementor-widget elementor-widget-text-editor\" data-id=\"cd9ebe2\" data-element_type=\"widget\" data-e-type=\"widget\" data-widget_type=\"text-editor.default\">\n\t\t\t\t<div class=\"elementor-widget-container\">\n\t\t\t\t\t\t\t\t\t<p style=\"text-align: right;\"><em>\"Ihmettelemme perhosen kauneutta, mutta harvoin tunnustamme, millaisia muutoksia sen on t\u00e4ytynyt k\u00e4yd\u00e4 l\u00e4pi tullakseen niin kauniiksi.\"<\/em><br \/><em>\u00a0<\/em><br \/><em>- Maya Angelou <br \/>yhdysvaltalais-amerikkalainen kirjailija, professori ja ihmisoikeusaktivisti <br \/>1928\u20132014<\/em><\/p><p style=\"text-align: left;\">Hyv\u00e4 lukija,<\/p><p>Ennen kuin siirrymme t\u00e4m\u00e4n p\u00e4iv\u00e4n t\u00e4rke\u00e4\u00e4n aiheeseen, sallikaa meid\u00e4n esitt\u00e4\u00e4 kysymys:<\/p><h4>\"Oletko sin\u00e4 Imago-solu\"?<\/h4><p>Imago - Mit\u00e4????<br \/>Nyt, kun toukan aika p\u00e4\u00e4ttyy, muodostuu - aluksi satunnaisesti - uusia solutyyppej\u00e4, jotka kantavat jo v\u00e4rikk\u00e4\u00e4n perhosen kuvaa t\u00e4ynn\u00e4 el\u00e4m\u00e4\u00e4. Niit\u00e4 kutsutaan \"imago-soluiksi\". Aluksi vanhat toukkasolut taistelevat niit\u00e4 vastaan kiivaasti. Mutta ajan my\u00f6t\u00e4 Imagon soluja tulee yh\u00e4 enemm\u00e4n. He tunnistavat toisensa ja ottavat yhteytt\u00e4. Ne luovat samansuuntaisia rakenteita ja asettuvat mahdollisimman mukavasti toukan sis\u00e4\u00e4n. Jokainen Imagon solu tuo yhteis\u00f6\u00f6n omat erityiskykyns\u00e4. V\u00e4hitellen uudet soluyhteis\u00f6t kasvavat ja lis\u00e4\u00e4ntyv\u00e4t. Sienten tavoin ne ilmestyv\u00e4t kaikkialle ja verkostoituvat yhdeksi suureksi kokonaisuudeksi, kunnes vanhaa toukkaa ei en\u00e4\u00e4 ole. Sitten yht\u00e4kki\u00e4 kaunis perhonen kuoriutuu kotelosta ja nousee ilmaan helposti ja iloisesti.<\/p>\t\t\t\t\t\t\t\t<\/div>\n\t\t\t\t<\/div>\n\t\t\t\t<div class=\"elementor-element elementor-element-f16312a elementor-widget elementor-widget-image\" data-id=\"f16312a\" data-element_type=\"widget\" data-e-type=\"widget\" data-widget_type=\"image.default\">\n\t\t\t\t<div class=\"elementor-widget-container\">\n\t\t\t\t\t\t\t\t\t\t\t\t\t\t\t<img fetchpriority=\"high\" decoding=\"async\" width=\"1200\" height=\"288\" src=\"https:\/\/gradido.net\/wp-content\/uploads\/2022\/12\/Raupe-Schmetterling.jpg\" class=\"attachment-full size-full wp-image-6023\" alt=\"Metamorfoosi toukasta perhoseksi\" srcset=\"https:\/\/gradido.net\/wp-content\/uploads\/2022\/12\/Raupe-Schmetterling.jpg 1200w, https:\/\/gradido.net\/wp-content\/uploads\/2022\/12\/Raupe-Schmetterling-300x72.jpg 300w, https:\/\/gradido.net\/wp-content\/uploads\/2022\/12\/Raupe-Schmetterling-1024x246.jpg 1024w, https:\/\/gradido.net\/wp-content\/uploads\/2022\/12\/Raupe-Schmetterling-768x184.jpg 768w, https:\/\/gradido.net\/wp-content\/uploads\/2022\/12\/Raupe-Schmetterling-18x4.jpg 18w\" sizes=\"(max-width: 1200px) 100vw, 1200px\" \/>\t\t\t\t\t\t\t\t\t\t\t\t\t\t\t<\/div>\n\t\t\t\t<\/div>\n\t\t\t\t<div class=\"elementor-element elementor-element-17272f9 elementor-widget elementor-widget-text-editor\" data-id=\"17272f9\" data-element_type=\"widget\" data-e-type=\"widget\" data-widget_type=\"text-editor.default\">\n\t\t\t\t<div class=\"elementor-widget-container\">\n\t\t\t\t\t\t\t\t\t<p>Oletko sin\u00e4kin Imagon solu? Niin? Sitten huomaat, ett\u00e4 tapaat yh\u00e4 enemm\u00e4n ihmisi\u00e4, jotka - kukin omalla tavallaan - edist\u00e4v\u00e4t vanhan toukkaj\u00e4rjestelm\u00e4n muuttumista ihmisperheen uudeksi perhoskaudeksi.<\/p><p><strong>Uudelle ajalle on ominaista arvostus, kiitollisuus ja rakastava yhdess\u00e4olo - ja t\u00e4m\u00e4 hyvin erilaisten ihmisten kesken.<\/strong><\/p><p>Siihen asti on kuitenkin viel\u00e4 monta askelta otettava. Sill\u00e4 samaan aikaan kun kaikki muu kallistuu ja muuttuu ep\u00e4varmemmaksi, ulkomailla poltetaan miljardeja dollareita, vanha velkarahaj\u00e4rjestelm\u00e4 romahtaa yh\u00e4 kovemmalla rys\u00e4yksell\u00e4, ja tavalliset ep\u00e4illyt on <a href=\"https:\/\/www.centerforhealthsecurity.org\/our-work\/exercises\/2022-catastrophic-contagion\/\" target=\"_blank\" rel=\"noopener\">seuraava katastrofaalinen pandemia<\/a> harjoitukset - t\u00e4ll\u00e4 kertaa keskittyen lapsiimme(!) - her\u00e4\u00e4 ahdistunut kysymys:<\/p><p><strong>P\u00e4iv\u00e4n\u00e4 X, jolloin Gradidoa tarvitaan maailmanlaajuisesti, olemmeko valmiita yhdess\u00e4 asentamaan maapallolle oikeudenmukaisen ja rauhanomaisen raha- ja talousj\u00e4rjestelm\u00e4n - itsemme, lastemme ja kaikkien maapallon lasten vuoksi?<\/strong>\u00a0<\/p><p>Usein juuri hiljaisemmat ihmiset luovat hiljaisesti, ahkerasti ja syd\u00e4mell\u00e4 ja sielulla perustan suurelle kehitykselle. Meid\u00e4n <a href=\"https:\/\/gradido.net\/fi\/team\/\">Kehitt\u00e4j\u00e4<\/a> ovat tehneet viime kuukausina paljon valmisteluty\u00f6t\u00e4, joka toteutuu vuonna 2023. Yht\u00e4\u00e4lt\u00e4 he valitsevat turvallisimmat teknologiat kehitysty\u00f6h\u00f6n, ja toisaalta he tekev\u00e4t kaikkensa, jotta toiminta olisi mahdollisimman yksinkertaista ja intuitiivista meille k\u00e4ytt\u00e4jille. Ehk\u00e4 sin\u00e4kin olet jo huomannut, ett\u00e4 liikkuminen on yh\u00e4 helpompaa ja tuskin tarvitset en\u00e4\u00e4 tukea?<\/p><p><strong>Meit\u00e4 Imagon ihmisi\u00e4 on paljon ja me kasvamme. Kaikki meist\u00e4 eiv\u00e4t ole mukana rahoitusj\u00e4rjestelm\u00e4n rauhanomaisessa muutoksessa, ja yh\u00e4 harvemmat ymm\u00e4rt\u00e4v\u00e4t, ett\u00e4 t\u00e4m\u00e4 on arkimedeel\u00e4inen piste, jossa meid\u00e4n on vedett\u00e4v\u00e4 vipua muutoksen aikaansaamiseksi - ihmisperheen vapauttamiseksi.<\/strong><\/p>\t\t\t\t\t\t\t\t<\/div>\n\t\t\t\t<\/div>\n\t\t\t\t<div class=\"elementor-element elementor-element-483438c elementor-widget elementor-widget-image\" data-id=\"483438c\" data-element_type=\"widget\" data-e-type=\"widget\" data-widget_type=\"image.default\">\n\t\t\t\t<div class=\"elementor-widget-container\">\n\t\t\t\t\t\t\t\t\t\t\t\t\t\t\t<img decoding=\"async\" width=\"1300\" height=\"600\" src=\"https:\/\/gradido.net\/wp-content\/uploads\/2022\/12\/Hebel_Archimedes.jpg\" class=\"attachment-full size-full wp-image-6033\" alt=\"\" srcset=\"https:\/\/gradido.net\/wp-content\/uploads\/2022\/12\/Hebel_Archimedes.jpg 1300w, https:\/\/gradido.net\/wp-content\/uploads\/2022\/12\/Hebel_Archimedes-300x138.jpg 300w, https:\/\/gradido.net\/wp-content\/uploads\/2022\/12\/Hebel_Archimedes-1024x473.jpg 1024w, https:\/\/gradido.net\/wp-content\/uploads\/2022\/12\/Hebel_Archimedes-768x354.jpg 768w, https:\/\/gradido.net\/wp-content\/uploads\/2022\/12\/Hebel_Archimedes-18x8.jpg 18w\" sizes=\"(max-width: 1300px) 100vw, 1300px\" \/>\t\t\t\t\t\t\t\t\t\t\t\t\t\t\t<\/div>\n\t\t\t\t<\/div>\n\t\t\t\t<div class=\"elementor-element elementor-element-b136aa9 elementor-widget elementor-widget-text-editor\" data-id=\"b136aa9\" data-element_type=\"widget\" data-e-type=\"widget\" data-widget_type=\"text-editor.default\">\n\t\t\t\t<div class=\"elementor-widget-container\">\n\t\t\t\t\t\t\t\t\t<p>Koska valta on sill\u00e4, jolla on valta rahaan. Tai toisin sanoen:<\/p><p style=\"text-align: right;\"><strong><em>\"Antakaa minulle kansakunnan valuutan hallinta, enk\u00e4 v\u00e4lit\u00e4 siit\u00e4, kuka s\u00e4\u00e4t\u00e4\u00e4 lait!\"<\/em><\/strong><\/p><p style=\"text-align: right;\"><em>- Mayer Amschel Rothschild<\/em><br \/><em>(1744 - 1812), saksalainen aatelismies ja pankkiiri.<\/em><\/p><p>Gradidon avulla meill\u00e4 ihmisperheen\u00e4 on k\u00e4siss\u00e4mme v\u00e4lineet, joilla voimme saada rahan hallinnan takaisin ja luoda vaurautta ja rauhaa kaikille - sopusoinnussa luonnon kanssa. T\u00e4m\u00e4 alkaa siit\u00e4, ett\u00e4 jokainen yksil\u00f6 luo itse rahaa hajautetuissa verkostoituneissa yhteis\u00f6iss\u00e4, ja jatkuu vapauden kautta itse luodun aktiivisen perustulon kautta sosiokraattisiin p\u00e4\u00e4t\u00f6ksentekorakenteisiin, jotka koskevat julkisen budjetin ja tasaus- ja ymp\u00e4rist\u00f6rahaston k\u00e4ytt\u00f6\u00e4.<\/p><p>Jotta Gradido levi\u00e4isi helposti, sen on oltava hauskaa. N\u00e4in siit\u00e4 tulee houkutteleva my\u00f6s nuorille. Siit\u00e4 voi tulla helppok\u00e4ytt\u00f6inen leikkiv\u00e4line, jolla voidaan kehitt\u00e4\u00e4 potentiaalia, itseluottamusta ja luovuutta.<\/p><p><strong>Vastineeksi Gradido-tili saa modernin, houkuttelevan, kevyen ja py\u00f6re\u00e4n muotoilun, joka on niin yleisp\u00e4tev\u00e4, ett\u00e4 se pit\u00e4\u00e4 edelleen avoimena monia tulevia toimintoja, jotka ovat viel\u00e4 tulossa.<\/strong><\/p><p>Alun perin sen piti olla joululahja Gradido-yhteis\u00f6lle. Nyt voimme odottaa tammikuun puoliv\u00e4liin ja nauttia odotuksesta siihen asti. \ud83d\ude0a<\/p><h3>Katsotaanpa, mit\u00e4 ohjelmoijamme ovat saaneet aikaan viime vuoden aikana.<\/h3><p>Seuraavat toiminnot kehitettiin vuonna 2022:<\/p><ol><li>Uusi responsiivinen kotisivu (sopii tietokoneelle ja mobiililaitteille).<\/li><li>Monikielisyys<\/li><li>Viisi kielt\u00e4 integroitu, kaksi muuta valmisteilla<\/li><li>Gradido-linkki ja QR-koodi: l\u00e4het\u00e4 yksinkertaisesti mihin tahansa Gradido-ohjelmaan.<\/li><li>Automaattiset linkit ja QR-koodit luottojen aloittamista varten jne.<\/li><li>Yhteishy\u00f6dylliset maksut kirjataan suoraan tilille<\/li><li>K\u00e4yd\u00e4\u00e4n vuoropuhelua k\u00e4ytt\u00e4jien kanssa yhteiseen hyv\u00e4\u00e4n liittyvill\u00e4 kyselyill\u00e4.<\/li><li>S\u00e4hk\u00f6posti-ilmoitukset kommentoitaessa ja vahvistettaessa yhteisi\u00e4 hyvi\u00e4 viestej\u00e4<\/li><li>Monia muita parannuksia<\/li><li>Hajautetun yhteis\u00f6n palvelimien valmistelu<\/li><li>Uuden mallin valmistelu<\/li><li>Automaattiset testit<\/li><li>Logitiedostot, eli useimpien toimintojen kirjaaminen, jotta mahdolliset virheet voidaan j\u00e4ljitt\u00e4\u00e4 nopeasti.<\/li><\/ol><p><span style=\"color: #ffffff;\">.<\/span><\/p><p>Kaksi viimeist\u00e4 kohtaa ovat valtavia ponnistuksia, joista olette luultavasti hy\u00f6tyneet paljon huomaamattaan.<\/p><p><strong>Vai oletko huomannut,<\/strong><\/p><ul><li>ett\u00e4 ohjelmisto toimi luotettavasti kaikkien p\u00e4ivitysten j\u00e4lkeen,<\/li><li>ett\u00e4 hakkerihy\u00f6kk\u00e4yksi\u00e4 ei ollut havaittavissa,<\/li><li>ett\u00e4 Gradidon tili oli k\u00e4yt\u00e4nn\u00f6ss\u00e4 aina verkossa,<\/li><li>ett\u00e4 voisit l\u00e4hett\u00e4\u00e4 ja vastaanottaa Gradidoa linkkien (ja niihin liittyv\u00e4n tekstin) ja QR-koodien kautta ongelmitta?<\/li><\/ul><p><span style=\"color: #ffffff;\">.<\/span><\/p><p>T\u00e4m\u00e4n korkean turvallisuustason varmistamiseksi kirjoitamme my\u00f6s automaattisia testej\u00e4 k\u00e4yt\u00e4nn\u00f6ss\u00e4 kaikille toiminnoille samanaikaisesti. Nykyinen testipeitto on noin 95% useimmilla alueilla. Jokaisen muutoksen on ensin l\u00e4p\u00e4ist\u00e4v\u00e4 kaikki testit, muuten se ei p\u00e4\u00e4se ohjelmistoon.<\/p><h2>Kiit\u00e4mme teit\u00e4 syd\u00e4memme pohjasta<\/h2><p>Olemme t\u00e4m\u00e4n kaiken velkaa ihanalle yhteis\u00f6llemme, teille, rakkaat Imago-kansalaiset, jotka olette varmistaneet, ett\u00e4 ohjelmoijamme voivat tehd\u00e4 arvokasta ty\u00f6t\u00e4\u00e4n anteliaiden lahjoitustenne ja j\u00e4senyytenne avulla. Tunnemme, ett\u00e4 syd\u00e4menne on mukana. Annat meille varmuuden siit\u00e4, ett\u00e4 olemme yhdess\u00e4 oikealla tiell\u00e4.<\/p><p>Kiit\u00e4mme teit\u00e4 syd\u00e4memme pohjasta, kun annoitte tukeanne moninkertaisesti GradidoTransformille. Kuten luultavasti jo tied\u00e4t, hyvit\u00e4mme Gradido-tilillesi v\u00e4hint\u00e4\u00e4n 15 GDT:t\u00e4 jokaista euroa kohden. 1 000 eurosta alkaen se on 16-kertainen ja 10 000 eurosta alkaen jopa 18-kertainen. GradidoTransform (GDT) ovat kiitollisuudenaiheita muunnoksen ajankohdasta. Toisin kuin Gradido, ne eiv\u00e4t ole v\u00e4liaikaisia. Ne palvelevat muutosta ja voidaan my\u00f6hemmin muuntaa 1:1 Gradidoksi - ihanaksi \"alkup\u00e4\u00e4omaksi\" uutta aikaa varten.<\/p><h3>Toiminta 'Kiitollinen maaliskuu 23' - Plus 23% GDT 23.03.23<\/h3><p>Maaliskuun 23. p\u00e4iv\u00e4n\u00e4 2023 lis\u00e4\u00e4mme kaikkien GDT-tilien saldoja viel\u00e4 23 %:ll\u00e4. Kaikki kyseisen\u00e4 p\u00e4iv\u00e4n\u00e4 keskiy\u00f6h\u00f6n menness\u00e4 vastaanotetut rahoitusosuudet osallistuvat kampanjaan.<\/p><p>T\u00e4ll\u00e4 rahoituskonseptilla haluamme kiitt\u00e4\u00e4 erityisen paljon niit\u00e4 ihania ihmisi\u00e4, jotka tukevat Gradidoa jo hankkeen nykyisess\u00e4 vaiheessa ja luottavat siihen.<\/p>\t\t\t\t\t\t\t\t<\/div>\n\t\t\t\t<\/div>\n\t\t\t\t<div class=\"elementor-element elementor-element-4408cdf elementor-align-center elementor-widget elementor-widget-button\" data-id=\"4408cdf\" data-element_type=\"widget\" data-e-type=\"widget\" data-widget_type=\"button.default\">\n\t\t\t\t<div class=\"elementor-widget-container\">\n\t\t\t\t\t\t\t\t\t<div class=\"elementor-button-wrapper\">\n\t\t\t\t\t<a class=\"elementor-button elementor-button-link elementor-size-sm\" href=\"\/fi\/donations\/\">\n\t\t\t\t\t\t<span class=\"elementor-button-content-wrapper\">\n\t\t\t\t\t\t\t\t\t<span class=\"elementor-button-text\">Mainosta nyt ja saat GDT:n moninkertaisena!<\/span>\n\t\t\t\t\t<\/span>\n\t\t\t\t\t<\/a>\n\t\t\t\t<\/div>\n\t\t\t\t\t\t\t\t<\/div>\n\t\t\t\t<\/div>\n\t\t\t\t<div class=\"elementor-element elementor-element-d74dfa0 elementor-widget elementor-widget-text-editor\" data-id=\"d74dfa0\" data-element_type=\"widget\" data-e-type=\"widget\" data-widget_type=\"text-editor.default\">\n\t\t\t\t<div class=\"elementor-widget-container\">\n\t\t\t\t\t\t\t\t\t<p><strong>Monet merkit viittaavat siihen, ett\u00e4 vuodesta 2023 tulee kohtalokas vuosi. Nyt on t\u00e4rke\u00e4\u00e4, ett\u00e4 pysymme yhdess\u00e4 ja teemme kaiken inhimillisesti mahdollisen luodaksemme itsellemme ja lapsillemme el\u00e4misen arvoisen tulevaisuuden.<\/strong><\/p><h2>Mit\u00e4 aiot kertoa heille?<\/h2><p>Kun nuoret kysyv\u00e4t teilt\u00e4 my\u00f6hemmin: \"Olitko sin\u00e4kin Imago-solu silloin? Osallistuitteko rauhanomaiseen muutokseen k\u00e4ytett\u00e4viss\u00e4nne olevilla resursseilla? Vai haluaisitko mieluummin odottaa, kunnes muut ovat saaneet ty\u00f6ns\u00e4 valmiiksi?\" - Mit\u00e4 aiot kertoa heille?<\/p><p>Toivomme, ett\u00e4 voitte katsoa heit\u00e4 iloisesti silmiin ja sanoa: \"Kyll\u00e4, olin tuolloin sellainen Imago-kenno. Se ei useinkaan ollut helppoa, mutta olen ylpe\u00e4 siit\u00e4, ett\u00e4 olen ollut osaltani mukana tekem\u00e4ss\u00e4 kauniista maapallostamme sit\u00e4 paratiisia, joka sen luultavasti oli aikoinaan tarkoitus olla. Ja olen \u00e4\u00e4rett\u00f6m\u00e4n kiitollinen siit\u00e4, ett\u00e4 voimme nyt el\u00e4\u00e4 el\u00e4misen arvoista el\u00e4m\u00e4\u00e4 yhdess\u00e4 ihmisperheen\u00e4 - vauraudessa, rauhassa ja sopusoinnussa luonnon kanssa.\"<\/p><p>Kiitos tuhannesti siit\u00e4, ett\u00e4 olette kanssamme ja luotte yhdess\u00e4 el\u00e4misen arvoisen tulevaisuuden!<\/p><p>Toivotan sinulle ja l\u00e4heisillesi ihanaa vuotta 2023.<\/p><p>Teid\u00e4n<\/p><p><img decoding=\"async\" class=\"alignnone wp-image-4614 size-medium\" src=\"https:\/\/gradido.net\/wp-content\/uploads\/2022\/06\/MargretBernd_2022-300x74.png\" alt=\"\" width=\"300\" height=\"74\" srcset=\"https:\/\/gradido.net\/wp-content\/uploads\/2022\/06\/MargretBernd_2022-300x74.png 300w, https:\/\/gradido.net\/wp-content\/uploads\/2022\/06\/MargretBernd_2022-18x4.png 18w, https:\/\/gradido.net\/wp-content\/uploads\/2022\/06\/MargretBernd_2022.png 431w\" sizes=\"(max-width: 300px) 100vw, 300px\" \/><\/p><p>Margret Baier ja Bernd H\u00fcckst\u00e4dt<br \/>Gradidon perustaja ja kehitt\u00e4j\u00e4<\/p>\t\t\t\t\t\t\t\t<\/div>\n\t\t\t\t<\/div>\n\t\t\t\t\t<\/div>\n\t\t<\/div>\n\t\t\t\t\t<\/div>\n\t\t<\/section>\n\t\t\t\t<section class=\"elementor-section elementor-top-section elementor-element elementor-element-b5881ca elementor-section-boxed elementor-section-height-default elementor-section-height-default\" data-id=\"b5881ca\" data-element_type=\"section\" data-e-type=\"section\">\n\t\t\t\t\t\t<div class=\"elementor-container elementor-column-gap-default\">\n\t\t\t\t\t<div class=\"elementor-column elementor-col-100 elementor-top-column elementor-element elementor-element-838f41e\" data-id=\"838f41e\" data-element_type=\"column\" data-e-type=\"column\">\n\t\t\t<div class=\"elementor-widget-wrap elementor-element-populated\">\n\t\t\t\t\t\t<div class=\"elementor-element elementor-element-1b0e402 elementor-widget elementor-widget-global elementor-global-9341 elementor-widget-text-editor\" data-id=\"1b0e402\" data-element_type=\"widget\" data-e-type=\"widget\" data-widget_type=\"text-editor.default\">\n\t\t\t\t<div class=\"elementor-widget-container\">\n\t\t\t\t\t\t\t\t\t<p><strong>PS:\u00a0<span style=\"color: #ff6600;\"><a style=\"color: #ff6600;\" href=\"https:\/\/gradido.net\/fi\/donations\/\">Koska Gradidon merkitys kasvaa jatkuvasti, toistamme kiitollisuuskampanjamme 26. kes\u00e4kuuta 2026:<\/a>\u00a0<\/span><span style=\"color: #0000ff;\"><a style=\"color: #0000ff;\" href=\"https:\/\/gradido.net\/fi\/donations\/\">Sen lis\u00e4ksi, ett\u00e4 saamme sponsorointirahoituksestasi moninkertaisen GradidoTransformin, lis\u00e4\u00e4mme kaikkien GDT-tilien saldoja 26%:ll\u00e4 26.6.2016. Sponsoroi nyt ja nauti moninkertaisesta m\u00e4\u00e4r\u00e4st\u00e4 GDT:t\u00e4!<\/a><\/span><\/strong><\/p>\t\t\t\t\t\t\t\t<\/div>\n\t\t\t\t<\/div>\n\t\t\t\t\t<\/div>\n\t\t<\/div>\n\t\t\t\t\t<\/div>\n\t\t<\/section>\n\t\t\t\t<\/div>","protected":false},"excerpt":{"rendered":"<p>Usein hiljaisemmat ihmiset ovat niit\u00e4, jotka hiljaisesti, ahkerasti ja syd\u00e4mest\u00e4 ja sielusta luovat perustan historialliselle kehitykselle. Ohjelmoijamme ovat tehneet viime vuonna hienoa pohjaty\u00f6t\u00e4, joka toteutuu vuonna 2023.<\/p>","protected":false},"author":2,"featured_media":6018,"comment_status":"closed","ping_status":"closed","sticky":false,"template":"","format":"standard","meta":{"footnotes":""},"categories":[11,55],"tags":[],"class_list":["post-6017","post","type-post","status-publish","format-standard","has-post-thumbnail","hentry","category-blog","category-gradido-konto"],"yoast_head":"<!-- This site is optimized with the Yoast SEO plugin v27.5 - https:\/\/yoast.com\/product\/yoast-seo-wordpress\/ -->\n<title>Gradido-Konto 2023: neues Design und dezentrale Communities - Gradido<\/title>\n<meta name=\"description\" content=\"Oft sind es die leiseren Menschen, die still, flei\u00dfig und mit Herzblut die Grundlagen f\u00fcr historische Entwicklungen schaffen. Unsere Programmierer haben im vergangenen Jahr gro\u00dfartige Vorarbeiten gemacht, die 2023 zum Tragen kommen werden.\" \/>\n<meta name=\"robots\" content=\"index, follow, max-snippet:-1, max-image-preview:large, max-video-preview:-1\" \/>\n<link rel=\"canonical\" href=\"https:\/\/gradido.net\/fi\/gradido-konto-2023-neues-design-und-dezentrale-communities\/\" \/>\n<meta property=\"og:locale\" content=\"fi_FI\" \/>\n<meta property=\"og:type\" content=\"article\" \/>\n<meta property=\"og:title\" content=\"Gradido-Konto 2023: neues Design und dezentrale Communities - Gradido\" \/>\n<meta property=\"og:description\" content=\"Oft sind es die leiseren Menschen, die still, flei\u00dfig und mit Herzblut die Grundlagen f\u00fcr historische Entwicklungen schaffen. Unsere Programmierer haben im vergangenen Jahr gro\u00dfartige Vorarbeiten gemacht, die 2023 zum Tragen kommen werden.\" \/>\n<meta property=\"og:url\" content=\"https:\/\/gradido.net\/fi\/gradido-konto-2023-neues-design-und-dezentrale-communities\/\" \/>\n<meta property=\"og:site_name\" content=\"Gradido\" \/>\n<meta property=\"article:published_time\" content=\"2022-12-31T23:17:31+00:00\" \/>\n<meta property=\"article:modified_time\" content=\"2026-04-24T06:09:27+00:00\" \/>\n<meta property=\"og:image\" content=\"https:\/\/gradido.net\/wp-content\/uploads\/2022\/12\/Test_fertig_1920.jpg\" \/>\n\t<meta property=\"og:image:width\" content=\"1920\" \/>\n\t<meta property=\"og:image:height\" content=\"1067\" \/>\n\t<meta property=\"og:image:type\" content=\"image\/jpeg\" \/>\n<meta name=\"author\" content=\"Bernd H\u00fcckst\u00e4dt\" \/>\n<meta name=\"twitter:card\" content=\"summary_large_image\" \/>\n<meta name=\"twitter:label1\" content=\"Kirjoittanut\" \/>\n\t<meta name=\"twitter:data1\" content=\"Bernd H\u00fcckst\u00e4dt\" \/>\n\t<meta name=\"twitter:label2\" content=\"Arvioitu lukuaika\" \/>\n\t<meta name=\"twitter:data2\" content=\"9 minuuttia\" \/>\n<script type=\"application\/ld+json\" class=\"yoast-schema-graph\">{\"@context\":\"https:\\\/\\\/schema.org\",\"@graph\":[{\"@type\":\"Article\",\"@id\":\"https:\\\/\\\/gradido.net\\\/gradido-konto-2023-neues-design-und-dezentrale-communities\\\/#article\",\"isPartOf\":{\"@id\":\"https:\\\/\\\/gradido.net\\\/gradido-konto-2023-neues-design-und-dezentrale-communities\\\/\"},\"author\":{\"name\":\"Bernd H\u00fcckst\u00e4dt\",\"@id\":\"https:\\\/\\\/gradido.net\\\/de\\\/#\\\/schema\\\/person\\\/9c503a004ad15a1ddecadce2218db5d1\"},\"headline\":\"Gradido-Konto 2023: neues Design und dezentrale Communities\",\"datePublished\":\"2022-12-31T23:17:31+00:00\",\"dateModified\":\"2026-04-24T06:09:27+00:00\",\"mainEntityOfPage\":{\"@id\":\"https:\\\/\\\/gradido.net\\\/gradido-konto-2023-neues-design-und-dezentrale-communities\\\/\"},\"wordCount\":1390,\"publisher\":{\"@id\":\"https:\\\/\\\/gradido.net\\\/de\\\/#organization\"},\"image\":{\"@id\":\"https:\\\/\\\/gradido.net\\\/gradido-konto-2023-neues-design-und-dezentrale-communities\\\/#primaryimage\"},\"thumbnailUrl\":\"https:\\\/\\\/gradido.net\\\/wp-content\\\/uploads\\\/2022\\\/12\\\/Test_fertig_1920.jpg\",\"articleSection\":[\"Blog\",\"Gradido-Konto\"],\"inLanguage\":\"fi\"},{\"@type\":\"WebPage\",\"@id\":\"https:\\\/\\\/gradido.net\\\/gradido-konto-2023-neues-design-und-dezentrale-communities\\\/\",\"url\":\"https:\\\/\\\/gradido.net\\\/gradido-konto-2023-neues-design-und-dezentrale-communities\\\/\",\"name\":\"Gradido-Konto 2023: neues Design und dezentrale Communities - Gradido\",\"isPartOf\":{\"@id\":\"https:\\\/\\\/gradido.net\\\/de\\\/#website\"},\"primaryImageOfPage\":{\"@id\":\"https:\\\/\\\/gradido.net\\\/gradido-konto-2023-neues-design-und-dezentrale-communities\\\/#primaryimage\"},\"image\":{\"@id\":\"https:\\\/\\\/gradido.net\\\/gradido-konto-2023-neues-design-und-dezentrale-communities\\\/#primaryimage\"},\"thumbnailUrl\":\"https:\\\/\\\/gradido.net\\\/wp-content\\\/uploads\\\/2022\\\/12\\\/Test_fertig_1920.jpg\",\"datePublished\":\"2022-12-31T23:17:31+00:00\",\"dateModified\":\"2026-04-24T06:09:27+00:00\",\"description\":\"Oft sind es die leiseren Menschen, die still, flei\u00dfig und mit Herzblut die Grundlagen f\u00fcr historische Entwicklungen schaffen. Unsere Programmierer haben im vergangenen Jahr gro\u00dfartige Vorarbeiten gemacht, die 2023 zum Tragen kommen werden.\",\"breadcrumb\":{\"@id\":\"https:\\\/\\\/gradido.net\\\/gradido-konto-2023-neues-design-und-dezentrale-communities\\\/#breadcrumb\"},\"inLanguage\":\"fi\",\"potentialAction\":[{\"@type\":\"ReadAction\",\"target\":[\"https:\\\/\\\/gradido.net\\\/gradido-konto-2023-neues-design-und-dezentrale-communities\\\/\"]}]},{\"@type\":\"ImageObject\",\"inLanguage\":\"fi\",\"@id\":\"https:\\\/\\\/gradido.net\\\/gradido-konto-2023-neues-design-und-dezentrale-communities\\\/#primaryimage\",\"url\":\"https:\\\/\\\/gradido.net\\\/wp-content\\\/uploads\\\/2022\\\/12\\\/Test_fertig_1920.jpg\",\"contentUrl\":\"https:\\\/\\\/gradido.net\\\/wp-content\\\/uploads\\\/2022\\\/12\\\/Test_fertig_1920.jpg\",\"width\":1920,\"height\":1067},{\"@type\":\"BreadcrumbList\",\"@id\":\"https:\\\/\\\/gradido.net\\\/gradido-konto-2023-neues-design-und-dezentrale-communities\\\/#breadcrumb\",\"itemListElement\":[{\"@type\":\"ListItem\",\"position\":1,\"name\":\"Startseite\",\"item\":\"https:\\\/\\\/gradido.net\\\/\"},{\"@type\":\"ListItem\",\"position\":2,\"name\":\"Gradido-Konto 2023: neues Design und dezentrale Communities\"}]},{\"@type\":\"WebSite\",\"@id\":\"https:\\\/\\\/gradido.net\\\/de\\\/#website\",\"url\":\"https:\\\/\\\/gradido.net\\\/de\\\/\",\"name\":\"Gradido\",\"description\":\"Die neue W\u00e4hrung hei\u00dft Dankbarkeit\",\"publisher\":{\"@id\":\"https:\\\/\\\/gradido.net\\\/de\\\/#organization\"},\"potentialAction\":[{\"@type\":\"SearchAction\",\"target\":{\"@type\":\"EntryPoint\",\"urlTemplate\":\"https:\\\/\\\/gradido.net\\\/de\\\/?s={search_term_string}\"},\"query-input\":{\"@type\":\"PropertyValueSpecification\",\"valueRequired\":true,\"valueName\":\"search_term_string\"}}],\"inLanguage\":\"fi\"},{\"@type\":\"Organization\",\"@id\":\"https:\\\/\\\/gradido.net\\\/de\\\/#organization\",\"name\":\"Gradido\",\"url\":\"https:\\\/\\\/gradido.net\\\/de\\\/\",\"logo\":{\"@type\":\"ImageObject\",\"inLanguage\":\"fi\",\"@id\":\"https:\\\/\\\/gradido.net\\\/de\\\/#\\\/schema\\\/logo\\\/image\\\/\",\"url\":\"https:\\\/\\\/gradido.net\\\/wp-content\\\/uploads\\\/2022\\\/04\\\/gradido-social.jpg\",\"contentUrl\":\"https:\\\/\\\/gradido.net\\\/wp-content\\\/uploads\\\/2022\\\/04\\\/gradido-social.jpg\",\"width\":527,\"height\":273,\"caption\":\"Gradido\"},\"image\":{\"@id\":\"https:\\\/\\\/gradido.net\\\/de\\\/#\\\/schema\\\/logo\\\/image\\\/\"}},{\"@type\":\"Person\",\"@id\":\"https:\\\/\\\/gradido.net\\\/de\\\/#\\\/schema\\\/person\\\/9c503a004ad15a1ddecadce2218db5d1\",\"name\":\"Bernd H\u00fcckst\u00e4dt\",\"sameAs\":[\"https:\\\/\\\/gradido.net\"],\"url\":\"https:\\\/\\\/gradido.net\\\/fi\\\/author\\\/bernd\\\/\"}]}<\/script>\n<!-- \/ Yoast SEO plugin. -->","yoast_head_json":{"title":"Gradido Account 2023: uusi muotoilu ja hajautetut yhteis\u00f6t - Gradido","description":"Usein hiljaisemmat ihmiset ovat niit\u00e4, jotka hiljaisesti, ahkerasti ja syd\u00e4mest\u00e4 ja sielusta luovat perustan historialliselle kehitykselle. Ohjelmoijamme ovat tehneet viime vuonna hienoa pohjaty\u00f6t\u00e4, joka toteutuu vuonna 2023.","robots":{"index":"index","follow":"follow","max-snippet":"max-snippet:-1","max-image-preview":"max-image-preview:large","max-video-preview":"max-video-preview:-1"},"canonical":"https:\/\/gradido.net\/fi\/gradido-konto-2023-neues-design-und-dezentrale-communities\/","og_locale":"fi_FI","og_type":"article","og_title":"Gradido-Konto 2023: neues Design und dezentrale Communities - Gradido","og_description":"Oft sind es die leiseren Menschen, die still, flei\u00dfig und mit Herzblut die Grundlagen f\u00fcr historische Entwicklungen schaffen. Unsere Programmierer haben im vergangenen Jahr gro\u00dfartige Vorarbeiten gemacht, die 2023 zum Tragen kommen werden.","og_url":"https:\/\/gradido.net\/fi\/gradido-konto-2023-neues-design-und-dezentrale-communities\/","og_site_name":"Gradido","article_published_time":"2022-12-31T23:17:31+00:00","article_modified_time":"2026-04-24T06:09:27+00:00","og_image":[{"width":1920,"height":1067,"url":"https:\/\/gradido.net\/wp-content\/uploads\/2022\/12\/Test_fertig_1920.jpg","type":"image\/jpeg"}],"author":"Bernd H\u00fcckst\u00e4dt","twitter_card":"summary_large_image","twitter_misc":{"Kirjoittanut":"Bernd H\u00fcckst\u00e4dt","Arvioitu lukuaika":"9 minuuttia"},"schema":{"@context":"https:\/\/schema.org","@graph":[{"@type":"Article","@id":"https:\/\/gradido.net\/gradido-konto-2023-neues-design-und-dezentrale-communities\/#article","isPartOf":{"@id":"https:\/\/gradido.net\/gradido-konto-2023-neues-design-und-dezentrale-communities\/"},"author":{"name":"Bernd H\u00fcckst\u00e4dt","@id":"https:\/\/gradido.net\/de\/#\/schema\/person\/9c503a004ad15a1ddecadce2218db5d1"},"headline":"Gradido-Konto 2023: neues Design und dezentrale Communities","datePublished":"2022-12-31T23:17:31+00:00","dateModified":"2026-04-24T06:09:27+00:00","mainEntityOfPage":{"@id":"https:\/\/gradido.net\/gradido-konto-2023-neues-design-und-dezentrale-communities\/"},"wordCount":1390,"publisher":{"@id":"https:\/\/gradido.net\/de\/#organization"},"image":{"@id":"https:\/\/gradido.net\/gradido-konto-2023-neues-design-und-dezentrale-communities\/#primaryimage"},"thumbnailUrl":"https:\/\/gradido.net\/wp-content\/uploads\/2022\/12\/Test_fertig_1920.jpg","articleSection":["Blog","Gradido-Konto"],"inLanguage":"fi"},{"@type":"WebPage","@id":"https:\/\/gradido.net\/gradido-konto-2023-neues-design-und-dezentrale-communities\/","url":"https:\/\/gradido.net\/gradido-konto-2023-neues-design-und-dezentrale-communities\/","name":"Gradido Account 2023: uusi muotoilu ja hajautetut yhteis\u00f6t - Gradido","isPartOf":{"@id":"https:\/\/gradido.net\/de\/#website"},"primaryImageOfPage":{"@id":"https:\/\/gradido.net\/gradido-konto-2023-neues-design-und-dezentrale-communities\/#primaryimage"},"image":{"@id":"https:\/\/gradido.net\/gradido-konto-2023-neues-design-und-dezentrale-communities\/#primaryimage"},"thumbnailUrl":"https:\/\/gradido.net\/wp-content\/uploads\/2022\/12\/Test_fertig_1920.jpg","datePublished":"2022-12-31T23:17:31+00:00","dateModified":"2026-04-24T06:09:27+00:00","description":"Usein hiljaisemmat ihmiset ovat niit\u00e4, jotka hiljaisesti, ahkerasti ja syd\u00e4mest\u00e4 ja sielusta luovat perustan historialliselle kehitykselle. Ohjelmoijamme ovat tehneet viime vuonna hienoa pohjaty\u00f6t\u00e4, joka toteutuu vuonna 2023.","breadcrumb":{"@id":"https:\/\/gradido.net\/gradido-konto-2023-neues-design-und-dezentrale-communities\/#breadcrumb"},"inLanguage":"fi","potentialAction":[{"@type":"ReadAction","target":["https:\/\/gradido.net\/gradido-konto-2023-neues-design-und-dezentrale-communities\/"]}]},{"@type":"ImageObject","inLanguage":"fi","@id":"https:\/\/gradido.net\/gradido-konto-2023-neues-design-und-dezentrale-communities\/#primaryimage","url":"https:\/\/gradido.net\/wp-content\/uploads\/2022\/12\/Test_fertig_1920.jpg","contentUrl":"https:\/\/gradido.net\/wp-content\/uploads\/2022\/12\/Test_fertig_1920.jpg","width":1920,"height":1067},{"@type":"BreadcrumbList","@id":"https:\/\/gradido.net\/gradido-konto-2023-neues-design-und-dezentrale-communities\/#breadcrumb","itemListElement":[{"@type":"ListItem","position":1,"name":"Startseite","item":"https:\/\/gradido.net\/"},{"@type":"ListItem","position":2,"name":"Gradido-Konto 2023: neues Design und dezentrale Communities"}]},{"@type":"WebSite","@id":"https:\/\/gradido.net\/de\/#website","url":"https:\/\/gradido.net\/de\/","name":"Gradido","description":"Uusi valuutta on kiitollisuus","publisher":{"@id":"https:\/\/gradido.net\/de\/#organization"},"potentialAction":[{"@type":"SearchAction","target":{"@type":"EntryPoint","urlTemplate":"https:\/\/gradido.net\/de\/?s={search_term_string}"},"query-input":{"@type":"PropertyValueSpecification","valueRequired":true,"valueName":"search_term_string"}}],"inLanguage":"fi"},{"@type":"Organization","@id":"https:\/\/gradido.net\/de\/#organization","name":"Gradido","url":"https:\/\/gradido.net\/de\/","logo":{"@type":"ImageObject","inLanguage":"fi","@id":"https:\/\/gradido.net\/de\/#\/schema\/logo\/image\/","url":"https:\/\/gradido.net\/wp-content\/uploads\/2022\/04\/gradido-social.jpg","contentUrl":"https:\/\/gradido.net\/wp-content\/uploads\/2022\/04\/gradido-social.jpg","width":527,"height":273,"caption":"Gradido"},"image":{"@id":"https:\/\/gradido.net\/de\/#\/schema\/logo\/image\/"}},{"@type":"Person","@id":"https:\/\/gradido.net\/de\/#\/schema\/person\/9c503a004ad15a1ddecadce2218db5d1","name":"Bernd H\u00fcckst\u00e4dt","sameAs":["https:\/\/gradido.net"],"url":"https:\/\/gradido.net\/fi\/author\/bernd\/"}]}},"_links":{"self":[{"href":"https:\/\/gradido.net\/fi\/wp-json\/wp\/v2\/posts\/6017","targetHints":{"allow":["GET"]}}],"collection":[{"href":"https:\/\/gradido.net\/fi\/wp-json\/wp\/v2\/posts"}],"about":[{"href":"https:\/\/gradido.net\/fi\/wp-json\/wp\/v2\/types\/post"}],"author":[{"embeddable":true,"href":"https:\/\/gradido.net\/fi\/wp-json\/wp\/v2\/users\/2"}],"replies":[{"embeddable":true,"href":"https:\/\/gradido.net\/fi\/wp-json\/wp\/v2\/comments?post=6017"}],"version-history":[{"count":76,"href":"https:\/\/gradido.net\/fi\/wp-json\/wp\/v2\/posts\/6017\/revisions"}],"predecessor-version":[{"id":13598,"href":"https:\/\/gradido.net\/fi\/wp-json\/wp\/v2\/posts\/6017\/revisions\/13598"}],"wp:featuredmedia":[{"embeddable":true,"href":"https:\/\/gradido.net\/fi\/wp-json\/wp\/v2\/media\/6018"}],"wp:attachment":[{"href":"https:\/\/gradido.net\/fi\/wp-json\/wp\/v2\/media?parent=6017"}],"wp:term":[{"taxonomy":"category","embeddable":true,"href":"https:\/\/gradido.net\/fi\/wp-json\/wp\/v2\/categories?post=6017"},{"taxonomy":"post_tag","embeddable":true,"href":"https:\/\/gradido.net\/fi\/wp-json\/wp\/v2\/tags?post=6017"}],"curies":[{"name":"wp","href":"https:\/\/api.w.org\/{rel}","templated":true}]}}