{"id":616,"date":"2020-05-26T15:29:00","date_gmt":"2020-05-26T13:29:00","guid":{"rendered":"http:\/\/neu.gradido.net\/?p=616"},"modified":"2021-12-10T13:08:25","modified_gmt":"2021-12-10T12:08:25","slug":"corona-krise-zeit-fuer-die-natuerliche-oekonomie-des-lebens","status":"publish","type":"post","link":"https:\/\/gradido.net\/fi\/corona-krise-zeit-fuer-die-natuerliche-oekonomie-des-lebens\/","title":{"rendered":"Corona-kriisi: El\u00e4m\u00e4n luonnollisen talouden aika"},"content":{"rendered":"<div data-elementor-type=\"wp-post\" data-elementor-id=\"616\" class=\"elementor elementor-616\" data-elementor-post-type=\"post\">\n\t\t\t\t\t\t<section class=\"elementor-section elementor-top-section elementor-element elementor-element-f9a81c7 elementor-section-boxed elementor-section-height-default elementor-section-height-default\" data-id=\"f9a81c7\" data-element_type=\"section\" data-e-type=\"section\">\n\t\t\t\t\t\t<div class=\"elementor-container elementor-column-gap-default\">\n\t\t\t\t\t<div class=\"elementor-column elementor-col-100 elementor-top-column elementor-element elementor-element-31d55dd\" data-id=\"31d55dd\" data-element_type=\"column\" data-e-type=\"column\">\n\t\t\t<div class=\"elementor-widget-wrap elementor-element-populated\">\n\t\t\t\t\t\t<div class=\"elementor-element elementor-element-6cca0d4 elementor-widget elementor-widget-text-editor\" data-id=\"6cca0d4\" data-element_type=\"widget\" data-e-type=\"widget\" data-widget_type=\"text-editor.default\">\n\t\t\t\t<div class=\"elementor-widget-container\">\n\t\t\t\t\t\t\t\t\t<h2>Taloudellinen bioniikka tukee globaalia yhteisen hyv\u00e4n valuuttaa<\/h2>\n<p><strong>K\u00fcnzelsau, 26. toukokuuta 2020 - Corona-kriisi on lyhyess\u00e4 ajassa muuttanut maailmaa perusteellisesti. Miljardien arvoisista avustusohjelmista huolimatta talous on vapaassa pudotuksessa. Maailmanlaajuinen rahoitusj\u00e4rjestelm\u00e4 uhkaa kaatua, mist\u00e4 seuraa joukkomaksukyvytt\u00f6myys, enn\u00e4tysty\u00f6tt\u00f6myys ja \u00e4\u00e4rimm\u00e4inen k\u00f6yhyys. Ihmiskunta voi voittaa n\u00e4m\u00e4 haasteet vain kest\u00e4v\u00e4ll\u00e4 uudella rahaj\u00e4rjestelm\u00e4ll\u00e4, jossa taloudelliset, ekologiset ja sosiaaliset kannustimet ovat samansuuntaisia. Gradido Academy for Economic Bionics on kehitt\u00e4nyt t\u00e4llaisen j\u00e4rjestelm\u00e4n. Uudella yhteisen hyv\u00e4n valuutalla \"Gradido\" on mahdollisuus luoda vaurautta ja rauhaa maailmanlaajuisesti.<\/strong><\/p>\n<p><strong><!-- \/wp:paragraph --><!-- wp:paragraph --><\/strong><\/p>\n<p><strong>Gradido-akatemia on kehitt\u00e4nyt jo 20 vuoden ajan luontoon perustuvaa yhteisen hyv\u00e4n valuuttaa. Luonnossa kaikki tapahtuu jatkuvassa muuttumisen ja katoamisen sykliss\u00e4. T\u00e4m\u00e4 on ainoa tapa varmistaa planeettamme jatkuva uusiutuminen. T\u00e4m\u00e4n \"el\u00e4m\u00e4n kiertokulun\" mukaisesti toimii my\u00f6s tasapainottava j\u00e4rjestelm\u00e4 \"Gradido\", joka voisi tarjota koko ihmiskunnalle paitsi vakaan toimeentulon my\u00f6s jopa vaurauden ja rauhanomaisen rinnakkaiselon.<\/strong><\/p>\n<p><!-- \/wp:paragraph --><!-- wp:paragraph --><\/p>\n<p><strong>Talouspandemia oli v\u00e4ist\u00e4m\u00e4t\u00f6n<\/strong><br>Virus ei ole maailmanlaajuisen \"talouspandemian\" syy vaan ainoastaan laukaisija, selitt\u00e4v\u00e4t talousbioniikan asiantuntijat Margret Baier ja Bernd H\u00fcckst\u00e4dt. \"Aivan kuten kivi vain laukaisee lumivy\u00f6ryn, joka sy\u00f6ksyy laaksoon, koska maa ei ollut tarpeeksi vakaa, Corona-virus pystyi laukaisemaan maailmanlaajuisen talous- ja rahoitusj\u00e4rjestelm\u00e4n nykyisen kriisin vain siksi, ett\u00e4 nykyinen maailman rahoitusj\u00e4rjestelm\u00e4 on \u00e4\u00e4rimm\u00e4isen ep\u00e4vakaa\", H\u00fcckst\u00e4dt selitt\u00e4\u00e4. Gradido-akatemian perustajat pohtivat, mit\u00e4 talous voi oppia luonnosta. Aivan kuten jokaisen ilmailuinsin\u00f6\u00f6rin on tutkittava lintujen lentoa, talousbionikko tutkii, mitk\u00e4 luonnonprosessit voisivat olla mallina onnistuneille talousprosesseille. Gradido-akatemian havaintojen mukaan sosiaalisen markkinatalouden julistettua tavoitetta, hyvinvoinnin luomista kaikille, ei voida saavuttaa lainkaan nykyisell\u00e4 rahoitusj\u00e4rjestelm\u00e4ll\u00e4. Sen sijaan j\u00e4rjestelm\u00e4lle on luontaista, ett\u00e4 joidenkin luotto on toisten velkaa. Kohtalokas seuraus: vallitseva talousj\u00e4rjestelm\u00e4 luo katastrofaalisia kannustimia ihmisten ja luonnon hyv\u00e4ksik\u00e4yt\u00f6lle. V\u00e4ist\u00e4m\u00e4tt\u00f6mi\u00e4 seurauksia ovat maailmanlaajuinen k\u00f6yhyys, sodat ja katastrofaalinen ymp\u00e4rist\u00f6tuho. Ihmiskunnan ja planeettamme tulevaisuus on siten eksistentiaalisesti uhattuna.<\/p>\n<p><!-- \/wp:paragraph --><!-- wp:paragraph --><\/p>\n<p><strong>Talouden bioniikan tunti<\/strong><br>Gradido-valuutan keksij\u00e4t n\u00e4kev\u00e4t nyt tilaisuuden katkaista pysyv\u00e4sti t\u00e4m\u00e4 ep\u00e4pyh\u00e4 noidankeh\u00e4. Maailmanlaajuinen Corona Lockdown -tapahtuma ei ainoastaan aiheuta tarvetta uudelleentarkasteluun, vaan my\u00f6s selke\u00e4n k\u00e4sityksen vallitsevan talousj\u00e4rjestelm\u00e4n hauraudesta. Se avaa my\u00f6s uuden herkkyyden luonnon menestysmalleille, jotka ovat osoittautuneet toimiviksi jo nelj\u00e4n ja puolen miljardin vuoden ajan. T\u00e4m\u00e4n vuoksi yhteiskunta odottaa yh\u00e4 enemm\u00e4n ja enemm\u00e4n taloudellisen bioniikan viel\u00e4 nuorta tiedett\u00e4 ja sen vastauksia aikamme eksistentiaalisiin kysymyksiin.<\/p>\n<p><!-- \/wp:paragraph --><!-- wp:paragraph --><\/p>\n<p><strong>Gradido Academy<\/strong><br>Nimi \"Gradido\" muodostuu englanninkielisist\u00e4 termeist\u00e4, jotka tarkoittavat kiitollisuutta, arvokkuutta ja lahjoitusta. N\u00e4in se yhdist\u00e4\u00e4 uuden talouskulttuurin kolme keskeist\u00e4 arvoa, jotka ovat terveen taloudellisen toiminnan mahdollistaminen ja varmistaminen kaikkien hy\u00f6dyksi. Gradidon eettinen perusperiaate perustuu siihen, ett\u00e4 yksil\u00f6n hyvinvointi sovitetaan yhteen yhteis\u00f6n ja suuremman kokonaisuuden - luonnon ja ymp\u00e4rist\u00f6n - hyvinvoinnin kanssa. El\u00e4m\u00e4n kiertokulku on luonnon perusresepti menestykseen. Luonto noudattaa s\u00e4\u00e4nt\u00f6\u00e4, jonka mukaan vain siell\u00e4, miss\u00e4 jokin h\u00e4vi\u00e4\u00e4, voi synty\u00e4 jotain uutta, ja n\u00e4in ollen pitk\u00e4n aikav\u00e4lin kehitys (evoluutio) on mahdollista. Jos taloutemme noudattaisi t\u00e4t\u00e4 luonnollista kiertokulkua, talousbioniikan asiantuntijat uskovat, ett\u00e4 k\u00e4yt\u00e4nn\u00f6ss\u00e4 kaikki maailman rahaan liittyv\u00e4t ongelmat voitaisiin ratkaista. Nykyisell\u00e4 maailmantalouden j\u00e4rjestelm\u00e4ll\u00e4 on kuitenkin t\u00e4ysin p\u00e4invastainen vaikutus. Se pyrkii eksponentiaaliseen talouskasvuun, jonka on j\u00e4rjestelm\u00e4n luonteen vuoksi aina johdettava romahdukseen.<\/p>\n<p><!-- \/wp:paragraph --><!-- wp:paragraph --><\/p>\n<p><strong>Gradido-valuutta<\/strong><br>Gradido Academyn mallissa muuttumisen ja katoamisen sykli on integroitu s\u00e4\u00e4nn\u00f6llisen rahan luomisen ja rahan suunnitellun katoavaisuuden kautta. Rahaa luodaan v\u00e4est\u00f6nkehityksen perusteella. T\u00e4m\u00e4 poistaa kirjanpitoisen rahan rajattoman lis\u00e4\u00e4ntymisen ja asettaa rahan m\u00e4\u00e4r\u00e4n kehityksen luonnolliselle pohjalle. Gradido Academy -mallissa rahaa jaetaan kolmen pilarin periaatteella: jokaiselle maailman kansalaiselle arvioidaan yhteens\u00e4 3 000 \"Gradidoa\", joka on valuutan nimi. Yksi kolmasosa menee jokaiselle kansalaiselle aktiivisena perustulona, toinen kolmasosa annetaan valtiolle sen yhteis\u00f6lle tarjoamista palveluista ja kolmas osa menee korvaus- ja ymp\u00e4rist\u00f6rahastoon taloudellisen ja ekologisen perinn\u00f6n puhdistamisen mahdollistamiseksi. Syy siihen, miksi rahat jaetaan juuri t\u00e4ll\u00e4 tavalla, juontaa juurensa \"kolminkertaisen hyv\u00e4n\" etiikkaan. Yksil\u00f6 on osa yhteis\u00f6\u00e4, valtiota, ja t\u00e4m\u00e4 puolestaan on osa \"kokonaisuutta\", ekosysteemi\u00e4. Jos jokin n\u00e4ist\u00e4 kolmesta n\u00e4k\u00f6kohdasta laiminly\u00f6d\u00e4\u00e4n, koko j\u00e4rjestelm\u00e4 on ep\u00e4tasapainossa. Kunkin vuoden aikana 50 prosenttia luodusta rahasta vanhenee. T\u00e4m\u00e4 suunnitelmallinen muuttumisen ja hajoamisen sykli pit\u00e4\u00e4 rahan m\u00e4\u00e4r\u00e4n vakaana ja j\u00e4rjestelm\u00e4n tasapainossa.<strong>.<\/strong>&nbsp;Gradido-valuutta voidaan ottaa k\u00e4ytt\u00f6\u00f6n maailmanlaajuisesti ja yksitt\u00e4isiss\u00e4 maissa, ja se voidaan suunnitella vaiheittain olemassa olevan j\u00e4rjestelm\u00e4n rinnalla, jotta kaikki osatekij\u00e4t voidaan testata riskitt\u00f6m\u00e4sti ja optimoida tarvittaessa.<\/p>\n<p><!-- \/wp:paragraph --><!-- wp:paragraph --><\/p>\n<p><strong>Intohimo ja vastuu<\/strong><br>\"Kansainv\u00e4linen valuuttarahasto (IMF) ennustaa pahinta talouskriisi\u00e4 90 vuoteen, joten uudet ratkaisut ovat nyt v\u00e4ltt\u00e4m\u00e4tt\u00f6mi\u00e4. Aika on todella kyps\u00e4 Gradidolle, ja pid\u00e4mme velvollisuutenamme tuoda t\u00e4m\u00e4 malli poliittiseen keskusteluun\", Bernd H\u00fcckst\u00e4dt korostaa. Margret Baier lis\u00e4\u00e4: \"Olemme l\u00f6yt\u00e4neet luonnon periaatteiden mukaisen ratkaisun, joka turvaa el\u00e4misen arvoisen tulevaisuuden nykyisille ja tuleville sukupolville. T\u00e4ll\u00e4 tavoin voimme todella onnistua toteuttamaan yhden ihmiskunnan suurimmista unelmista ja tuoda pysyv\u00e4n rauhan ja vaurauden kaikille ihmisille maapallolla sopusoinnussa luonnon kanssa.\" Lis\u00e4tietoja on osoitteessa&nbsp;<a href=\"https:\/\/gradido.net\/fi\/\" target=\"_blank\" rel=\"noreferrer noopener\" data-type=\"URL\" data-id=\"https:\/\/gradido.net\/\">www.gradido.net<\/a><\/p>\n<p><!-- \/wp:paragraph --><\/p>\t\t\t\t\t\t\t\t<\/div>\n\t\t\t\t<\/div>\n\t\t\t\t\t<\/div>\n\t\t<\/div>\n\t\t\t\t\t<\/div>\n\t\t<\/section>\n\t\t\t\t<\/div>","protected":false},"excerpt":{"rendered":"<p>Wirtschaftsbioniker setzen auf weltweite Gemeinwohlw\u00e4hrung K\u00fcnzelsau, 26. Mai 2020 \u2013 Die Corona-Krise hat unsere Welt binnen k\u00fcrzester Zeit grundlegend ver\u00e4ndert. Trotz billionenschwerer Hilfsprogramme befindet sich die Wirtschaft im freien Fall. Das weltweite Finanzsystem droht zu scheitern, gefolgt von Masseninsolvenzen, Rekordarbeitslosigkeit und bitterer Armut. Nur mit einem zukunftsf\u00e4higen neuen Geldsystem, bei dem die \u00f6konomischen, \u00f6kologischen und [&hellip;]<\/p>\n","protected":false},"author":1,"featured_media":858,"comment_status":"closed","ping_status":"closed","sticky":false,"template":"","format":"standard","meta":{"footnotes":""},"categories":[8],"tags":[15],"class_list":["post-616","post","type-post","status-publish","format-standard","has-post-thumbnail","hentry","category-pressemitteilung","tag-wirtschaftsbionik"],"yoast_head":"<!-- This site is optimized with the Yoast SEO plugin v27.5 - https:\/\/yoast.com\/product\/yoast-seo-wordpress\/ -->\n<title>Corona-Krise: Zeit f\u00fcr die \u201eNat\u00fcrliche \u00d6konomie des Lebens\u201c - Gradido<\/title>\n<meta name=\"robots\" content=\"index, follow, max-snippet:-1, max-image-preview:large, max-video-preview:-1\" \/>\n<link rel=\"canonical\" href=\"https:\/\/gradido.net\/fi\/corona-krise-zeit-fuer-die-natuerliche-oekonomie-des-lebens\/\" \/>\n<meta property=\"og:locale\" content=\"fi_FI\" \/>\n<meta property=\"og:type\" content=\"article\" \/>\n<meta property=\"og:title\" content=\"Corona-Krise: Zeit f\u00fcr die \u201eNat\u00fcrliche \u00d6konomie des Lebens\u201c - Gradido\" \/>\n<meta property=\"og:description\" content=\"Wirtschaftsbioniker setzen auf weltweite Gemeinwohlw\u00e4hrung K\u00fcnzelsau, 26. Mai 2020 \u2013 Die Corona-Krise hat unsere Welt binnen k\u00fcrzester Zeit grundlegend ver\u00e4ndert. Trotz billionenschwerer Hilfsprogramme befindet sich die Wirtschaft im freien Fall. Das weltweite Finanzsystem droht zu scheitern, gefolgt von Masseninsolvenzen, Rekordarbeitslosigkeit und bitterer Armut. Nur mit einem zukunftsf\u00e4higen neuen Geldsystem, bei dem die \u00f6konomischen, \u00f6kologischen und [&hellip;]\" \/>\n<meta property=\"og:url\" content=\"https:\/\/gradido.net\/fi\/corona-krise-zeit-fuer-die-natuerliche-oekonomie-des-lebens\/\" \/>\n<meta property=\"og:site_name\" content=\"Gradido\" \/>\n<meta property=\"article:published_time\" content=\"2020-05-26T13:29:00+00:00\" \/>\n<meta property=\"article:modified_time\" content=\"2021-12-10T12:08:25+00:00\" \/>\n<meta property=\"og:image\" content=\"https:\/\/gradido.net\/wp-content\/uploads\/2020\/05\/gemeinwohlwaehrung.jpg\" \/>\n\t<meta property=\"og:image:width\" content=\"1000\" \/>\n\t<meta property=\"og:image:height\" content=\"684\" \/>\n\t<meta property=\"og:image:type\" content=\"image\/jpeg\" \/>\n<meta name=\"author\" content=\"GR4dmin\" \/>\n<meta name=\"twitter:card\" content=\"summary_large_image\" \/>\n<meta name=\"twitter:label1\" content=\"Kirjoittanut\" \/>\n\t<meta name=\"twitter:data1\" content=\"GR4dmin\" \/>\n\t<meta name=\"twitter:label2\" content=\"Arvioitu lukuaika\" \/>\n\t<meta name=\"twitter:data2\" content=\"5 minuuttia\" \/>\n<script type=\"application\/ld+json\" class=\"yoast-schema-graph\">{\"@context\":\"https:\\\/\\\/schema.org\",\"@graph\":[{\"@type\":\"Article\",\"@id\":\"https:\\\/\\\/gradido.net\\\/et\\\/corona-krise-zeit-fuer-die-natuerliche-oekonomie-des-lebens\\\/#article\",\"isPartOf\":{\"@id\":\"https:\\\/\\\/gradido.net\\\/et\\\/corona-krise-zeit-fuer-die-natuerliche-oekonomie-des-lebens\\\/\"},\"author\":{\"name\":\"GR4dmin\",\"@id\":\"https:\\\/\\\/gradido.net\\\/de\\\/#\\\/schema\\\/person\\\/9f913f37a47e7a82ad686b58fc907588\"},\"headline\":\"Corona-Krise: Zeit f\u00fcr die \u201eNat\u00fcrliche \u00d6konomie des Lebens\u201c\",\"datePublished\":\"2020-05-26T13:29:00+00:00\",\"dateModified\":\"2021-12-10T12:08:25+00:00\",\"mainEntityOfPage\":{\"@id\":\"https:\\\/\\\/gradido.net\\\/et\\\/corona-krise-zeit-fuer-die-natuerliche-oekonomie-des-lebens\\\/\"},\"wordCount\":983,\"publisher\":{\"@id\":\"https:\\\/\\\/gradido.net\\\/de\\\/#organization\"},\"image\":{\"@id\":\"https:\\\/\\\/gradido.net\\\/et\\\/corona-krise-zeit-fuer-die-natuerliche-oekonomie-des-lebens\\\/#primaryimage\"},\"thumbnailUrl\":\"https:\\\/\\\/gradido.net\\\/wp-content\\\/uploads\\\/2020\\\/05\\\/gemeinwohlwaehrung.jpg\",\"keywords\":[\"Wirtschaftsbionik\"],\"articleSection\":[\"Pressemitteilung\"],\"inLanguage\":\"fi\"},{\"@type\":\"WebPage\",\"@id\":\"https:\\\/\\\/gradido.net\\\/et\\\/corona-krise-zeit-fuer-die-natuerliche-oekonomie-des-lebens\\\/\",\"url\":\"https:\\\/\\\/gradido.net\\\/et\\\/corona-krise-zeit-fuer-die-natuerliche-oekonomie-des-lebens\\\/\",\"name\":\"Corona-Krise: Zeit f\u00fcr die \u201eNat\u00fcrliche \u00d6konomie des Lebens\u201c - Gradido\",\"isPartOf\":{\"@id\":\"https:\\\/\\\/gradido.net\\\/de\\\/#website\"},\"primaryImageOfPage\":{\"@id\":\"https:\\\/\\\/gradido.net\\\/et\\\/corona-krise-zeit-fuer-die-natuerliche-oekonomie-des-lebens\\\/#primaryimage\"},\"image\":{\"@id\":\"https:\\\/\\\/gradido.net\\\/et\\\/corona-krise-zeit-fuer-die-natuerliche-oekonomie-des-lebens\\\/#primaryimage\"},\"thumbnailUrl\":\"https:\\\/\\\/gradido.net\\\/wp-content\\\/uploads\\\/2020\\\/05\\\/gemeinwohlwaehrung.jpg\",\"datePublished\":\"2020-05-26T13:29:00+00:00\",\"dateModified\":\"2021-12-10T12:08:25+00:00\",\"breadcrumb\":{\"@id\":\"https:\\\/\\\/gradido.net\\\/et\\\/corona-krise-zeit-fuer-die-natuerliche-oekonomie-des-lebens\\\/#breadcrumb\"},\"inLanguage\":\"fi\",\"potentialAction\":[{\"@type\":\"ReadAction\",\"target\":[\"https:\\\/\\\/gradido.net\\\/et\\\/corona-krise-zeit-fuer-die-natuerliche-oekonomie-des-lebens\\\/\"]}]},{\"@type\":\"ImageObject\",\"inLanguage\":\"fi\",\"@id\":\"https:\\\/\\\/gradido.net\\\/et\\\/corona-krise-zeit-fuer-die-natuerliche-oekonomie-des-lebens\\\/#primaryimage\",\"url\":\"https:\\\/\\\/gradido.net\\\/wp-content\\\/uploads\\\/2020\\\/05\\\/gemeinwohlwaehrung.jpg\",\"contentUrl\":\"https:\\\/\\\/gradido.net\\\/wp-content\\\/uploads\\\/2020\\\/05\\\/gemeinwohlwaehrung.jpg\",\"width\":1000,\"height\":684},{\"@type\":\"BreadcrumbList\",\"@id\":\"https:\\\/\\\/gradido.net\\\/et\\\/corona-krise-zeit-fuer-die-natuerliche-oekonomie-des-lebens\\\/#breadcrumb\",\"itemListElement\":[{\"@type\":\"ListItem\",\"position\":1,\"name\":\"Startseite\",\"item\":\"https:\\\/\\\/gradido.net\\\/\"},{\"@type\":\"ListItem\",\"position\":2,\"name\":\"Corona-Krise: Zeit f\u00fcr die \u201eNat\u00fcrliche \u00d6konomie des Lebens\u201c\"}]},{\"@type\":\"WebSite\",\"@id\":\"https:\\\/\\\/gradido.net\\\/de\\\/#website\",\"url\":\"https:\\\/\\\/gradido.net\\\/de\\\/\",\"name\":\"Gradido\",\"description\":\"Die neue W\u00e4hrung hei\u00dft Dankbarkeit\",\"publisher\":{\"@id\":\"https:\\\/\\\/gradido.net\\\/de\\\/#organization\"},\"potentialAction\":[{\"@type\":\"SearchAction\",\"target\":{\"@type\":\"EntryPoint\",\"urlTemplate\":\"https:\\\/\\\/gradido.net\\\/de\\\/?s={search_term_string}\"},\"query-input\":{\"@type\":\"PropertyValueSpecification\",\"valueRequired\":true,\"valueName\":\"search_term_string\"}}],\"inLanguage\":\"fi\"},{\"@type\":\"Organization\",\"@id\":\"https:\\\/\\\/gradido.net\\\/de\\\/#organization\",\"name\":\"Gradido\",\"url\":\"https:\\\/\\\/gradido.net\\\/de\\\/\",\"logo\":{\"@type\":\"ImageObject\",\"inLanguage\":\"fi\",\"@id\":\"https:\\\/\\\/gradido.net\\\/de\\\/#\\\/schema\\\/logo\\\/image\\\/\",\"url\":\"https:\\\/\\\/gradido.net\\\/wp-content\\\/uploads\\\/2022\\\/04\\\/gradido-social.jpg\",\"contentUrl\":\"https:\\\/\\\/gradido.net\\\/wp-content\\\/uploads\\\/2022\\\/04\\\/gradido-social.jpg\",\"width\":527,\"height\":273,\"caption\":\"Gradido\"},\"image\":{\"@id\":\"https:\\\/\\\/gradido.net\\\/de\\\/#\\\/schema\\\/logo\\\/image\\\/\"}},{\"@type\":\"Person\",\"@id\":\"https:\\\/\\\/gradido.net\\\/de\\\/#\\\/schema\\\/person\\\/9f913f37a47e7a82ad686b58fc907588\",\"name\":\"GR4dmin\",\"sameAs\":[\"https:\\\/\\\/gradido.net\"],\"url\":\"https:\\\/\\\/gradido.net\\\/fi\\\/author\\\/gr4dmin\\\/\"}]}<\/script>\n<!-- \/ Yoast SEO plugin. -->","yoast_head_json":{"title":"Corona-kriisi: \"El\u00e4m\u00e4n luonnollisen talouden\" aika - Gradido","robots":{"index":"index","follow":"follow","max-snippet":"max-snippet:-1","max-image-preview":"max-image-preview:large","max-video-preview":"max-video-preview:-1"},"canonical":"https:\/\/gradido.net\/fi\/corona-krise-zeit-fuer-die-natuerliche-oekonomie-des-lebens\/","og_locale":"fi_FI","og_type":"article","og_title":"Corona-Krise: Zeit f\u00fcr die \u201eNat\u00fcrliche \u00d6konomie des Lebens\u201c - Gradido","og_description":"Wirtschaftsbioniker setzen auf weltweite Gemeinwohlw\u00e4hrung K\u00fcnzelsau, 26. Mai 2020 \u2013 Die Corona-Krise hat unsere Welt binnen k\u00fcrzester Zeit grundlegend ver\u00e4ndert. Trotz billionenschwerer Hilfsprogramme befindet sich die Wirtschaft im freien Fall. Das weltweite Finanzsystem droht zu scheitern, gefolgt von Masseninsolvenzen, Rekordarbeitslosigkeit und bitterer Armut. Nur mit einem zukunftsf\u00e4higen neuen Geldsystem, bei dem die \u00f6konomischen, \u00f6kologischen und [&hellip;]","og_url":"https:\/\/gradido.net\/fi\/corona-krise-zeit-fuer-die-natuerliche-oekonomie-des-lebens\/","og_site_name":"Gradido","article_published_time":"2020-05-26T13:29:00+00:00","article_modified_time":"2021-12-10T12:08:25+00:00","og_image":[{"width":1000,"height":684,"url":"https:\/\/gradido.net\/wp-content\/uploads\/2020\/05\/gemeinwohlwaehrung.jpg","type":"image\/jpeg"}],"author":"GR4dmin","twitter_card":"summary_large_image","twitter_misc":{"Kirjoittanut":"GR4dmin","Arvioitu lukuaika":"5 minuuttia"},"schema":{"@context":"https:\/\/schema.org","@graph":[{"@type":"Article","@id":"https:\/\/gradido.net\/et\/corona-krise-zeit-fuer-die-natuerliche-oekonomie-des-lebens\/#article","isPartOf":{"@id":"https:\/\/gradido.net\/et\/corona-krise-zeit-fuer-die-natuerliche-oekonomie-des-lebens\/"},"author":{"name":"GR4dmin","@id":"https:\/\/gradido.net\/de\/#\/schema\/person\/9f913f37a47e7a82ad686b58fc907588"},"headline":"Corona-Krise: Zeit f\u00fcr die \u201eNat\u00fcrliche \u00d6konomie des Lebens\u201c","datePublished":"2020-05-26T13:29:00+00:00","dateModified":"2021-12-10T12:08:25+00:00","mainEntityOfPage":{"@id":"https:\/\/gradido.net\/et\/corona-krise-zeit-fuer-die-natuerliche-oekonomie-des-lebens\/"},"wordCount":983,"publisher":{"@id":"https:\/\/gradido.net\/de\/#organization"},"image":{"@id":"https:\/\/gradido.net\/et\/corona-krise-zeit-fuer-die-natuerliche-oekonomie-des-lebens\/#primaryimage"},"thumbnailUrl":"https:\/\/gradido.net\/wp-content\/uploads\/2020\/05\/gemeinwohlwaehrung.jpg","keywords":["Wirtschaftsbionik"],"articleSection":["Pressemitteilung"],"inLanguage":"fi"},{"@type":"WebPage","@id":"https:\/\/gradido.net\/et\/corona-krise-zeit-fuer-die-natuerliche-oekonomie-des-lebens\/","url":"https:\/\/gradido.net\/et\/corona-krise-zeit-fuer-die-natuerliche-oekonomie-des-lebens\/","name":"Corona-kriisi: \"El\u00e4m\u00e4n luonnollisen talouden\" aika - Gradido","isPartOf":{"@id":"https:\/\/gradido.net\/de\/#website"},"primaryImageOfPage":{"@id":"https:\/\/gradido.net\/et\/corona-krise-zeit-fuer-die-natuerliche-oekonomie-des-lebens\/#primaryimage"},"image":{"@id":"https:\/\/gradido.net\/et\/corona-krise-zeit-fuer-die-natuerliche-oekonomie-des-lebens\/#primaryimage"},"thumbnailUrl":"https:\/\/gradido.net\/wp-content\/uploads\/2020\/05\/gemeinwohlwaehrung.jpg","datePublished":"2020-05-26T13:29:00+00:00","dateModified":"2021-12-10T12:08:25+00:00","breadcrumb":{"@id":"https:\/\/gradido.net\/et\/corona-krise-zeit-fuer-die-natuerliche-oekonomie-des-lebens\/#breadcrumb"},"inLanguage":"fi","potentialAction":[{"@type":"ReadAction","target":["https:\/\/gradido.net\/et\/corona-krise-zeit-fuer-die-natuerliche-oekonomie-des-lebens\/"]}]},{"@type":"ImageObject","inLanguage":"fi","@id":"https:\/\/gradido.net\/et\/corona-krise-zeit-fuer-die-natuerliche-oekonomie-des-lebens\/#primaryimage","url":"https:\/\/gradido.net\/wp-content\/uploads\/2020\/05\/gemeinwohlwaehrung.jpg","contentUrl":"https:\/\/gradido.net\/wp-content\/uploads\/2020\/05\/gemeinwohlwaehrung.jpg","width":1000,"height":684},{"@type":"BreadcrumbList","@id":"https:\/\/gradido.net\/et\/corona-krise-zeit-fuer-die-natuerliche-oekonomie-des-lebens\/#breadcrumb","itemListElement":[{"@type":"ListItem","position":1,"name":"Startseite","item":"https:\/\/gradido.net\/"},{"@type":"ListItem","position":2,"name":"Corona-Krise: Zeit f\u00fcr die \u201eNat\u00fcrliche \u00d6konomie des Lebens\u201c"}]},{"@type":"WebSite","@id":"https:\/\/gradido.net\/de\/#website","url":"https:\/\/gradido.net\/de\/","name":"Gradido","description":"Uusi valuutta on kiitollisuus","publisher":{"@id":"https:\/\/gradido.net\/de\/#organization"},"potentialAction":[{"@type":"SearchAction","target":{"@type":"EntryPoint","urlTemplate":"https:\/\/gradido.net\/de\/?s={search_term_string}"},"query-input":{"@type":"PropertyValueSpecification","valueRequired":true,"valueName":"search_term_string"}}],"inLanguage":"fi"},{"@type":"Organization","@id":"https:\/\/gradido.net\/de\/#organization","name":"Gradido","url":"https:\/\/gradido.net\/de\/","logo":{"@type":"ImageObject","inLanguage":"fi","@id":"https:\/\/gradido.net\/de\/#\/schema\/logo\/image\/","url":"https:\/\/gradido.net\/wp-content\/uploads\/2022\/04\/gradido-social.jpg","contentUrl":"https:\/\/gradido.net\/wp-content\/uploads\/2022\/04\/gradido-social.jpg","width":527,"height":273,"caption":"Gradido"},"image":{"@id":"https:\/\/gradido.net\/de\/#\/schema\/logo\/image\/"}},{"@type":"Person","@id":"https:\/\/gradido.net\/de\/#\/schema\/person\/9f913f37a47e7a82ad686b58fc907588","name":"GR4dmin","sameAs":["https:\/\/gradido.net"],"url":"https:\/\/gradido.net\/fi\/author\/gr4dmin\/"}]}},"_links":{"self":[{"href":"https:\/\/gradido.net\/fi\/wp-json\/wp\/v2\/posts\/616","targetHints":{"allow":["GET"]}}],"collection":[{"href":"https:\/\/gradido.net\/fi\/wp-json\/wp\/v2\/posts"}],"about":[{"href":"https:\/\/gradido.net\/fi\/wp-json\/wp\/v2\/types\/post"}],"author":[{"embeddable":true,"href":"https:\/\/gradido.net\/fi\/wp-json\/wp\/v2\/users\/1"}],"replies":[{"embeddable":true,"href":"https:\/\/gradido.net\/fi\/wp-json\/wp\/v2\/comments?post=616"}],"version-history":[{"count":15,"href":"https:\/\/gradido.net\/fi\/wp-json\/wp\/v2\/posts\/616\/revisions"}],"predecessor-version":[{"id":3718,"href":"https:\/\/gradido.net\/fi\/wp-json\/wp\/v2\/posts\/616\/revisions\/3718"}],"wp:featuredmedia":[{"embeddable":true,"href":"https:\/\/gradido.net\/fi\/wp-json\/wp\/v2\/media\/858"}],"wp:attachment":[{"href":"https:\/\/gradido.net\/fi\/wp-json\/wp\/v2\/media?parent=616"}],"wp:term":[{"taxonomy":"category","embeddable":true,"href":"https:\/\/gradido.net\/fi\/wp-json\/wp\/v2\/categories?post=616"},{"taxonomy":"post_tag","embeddable":true,"href":"https:\/\/gradido.net\/fi\/wp-json\/wp\/v2\/tags?post=616"}],"curies":[{"name":"wp","href":"https:\/\/api.w.org\/{rel}","templated":true}]}}