{"id":7396,"date":"2023-08-28T06:51:11","date_gmt":"2023-08-28T04:51:11","guid":{"rendered":"https:\/\/gradido.net\/?p=7396"},"modified":"2026-04-23T07:10:40","modified_gmt":"2026-04-23T05:10:40","slug":"lieblingsstadt-8-rettung-des-staedtischen-krankenhauses","status":"publish","type":"post","link":"https:\/\/gradido.net\/fi\/lieblingsstadt-8-rettung-des-staedtischen-krankenhauses\/","title":{"rendered":"Suosikkikaupunki 8 - Kaupunginsairaalan pelastaminen"},"content":{"rendered":"<div data-elementor-type=\"wp-post\" data-elementor-id=\"7396\" class=\"elementor elementor-7396\" data-elementor-post-type=\"post\">\n\t\t\t\t\t\t<section class=\"elementor-section elementor-top-section elementor-element elementor-element-496e1d53 elementor-section-boxed elementor-section-height-default elementor-section-height-default\" data-id=\"496e1d53\" data-element_type=\"section\" data-e-type=\"section\">\n\t\t\t\t\t\t<div class=\"elementor-container elementor-column-gap-default\">\n\t\t\t\t\t<div class=\"elementor-column elementor-col-100 elementor-top-column elementor-element elementor-element-461d7be0\" data-id=\"461d7be0\" data-element_type=\"column\" data-e-type=\"column\">\n\t\t\t<div class=\"elementor-widget-wrap elementor-element-populated\">\n\t\t\t\t\t\t<div class=\"elementor-element elementor-element-cd9ebe2 elementor-widget elementor-widget-text-editor\" data-id=\"cd9ebe2\" data-element_type=\"widget\" data-e-type=\"widget\" data-widget_type=\"text-editor.default\">\n\t\t\t\t<div class=\"elementor-widget-container\">\n\t\t\t\t\t\t\t\t\t<p style=\"text-align: right;\"><em>\"Terveys on arvokkain voimavaramme. Siksi otamme sen nyt omiin k\u00e4siimme. Lieblingsst\u00e4dter Ehrenamt-Klinik loistaa esikuvana kaukana kaupungin rajojen ulkopuolella.\"<\/em><\/p>\n<p>Hyv\u00e4 lukija,<\/p>\n<p>suosikkikaupungissa sairaala oli keskeisess\u00e4 asemassa. Klinikka ei ainoastaan tarjonnut sairaanhoitoa asukkaille, vaan se oli my\u00f6s t\u00e4rke\u00e4 ty\u00f6nantaja kaupungissa. Kuten monissa muissakin kaupungeissa, korkeat henkil\u00f6st\u00f6kustannukset ja kalliit l\u00e4\u00e4kinn\u00e4lliset laitteet johtivat kuitenkin siihen, ett\u00e4 klinikan yll\u00e4pit\u00e4j\u00e4 joutui tekem\u00e4\u00e4n konkurssin.<\/p>\t\t\t\t\t\t\t\t<\/div>\n\t\t\t\t<\/div>\n\t\t\t\t<div class=\"elementor-element elementor-element-b482206 elementor-widget elementor-widget-image\" data-id=\"b482206\" data-element_type=\"widget\" data-e-type=\"widget\" data-widget_type=\"image.default\">\n\t\t\t\t<div class=\"elementor-widget-container\">\n\t\t\t\t\t\t\t\t\t\t\t\t\t\t\t<img fetchpriority=\"high\" decoding=\"async\" width=\"500\" height=\"375\" src=\"https:\/\/gradido.net\/wp-content\/uploads\/2023\/08\/Konkurs_500.png\" class=\"attachment-full size-full wp-image-7403\" alt=\"\" srcset=\"https:\/\/gradido.net\/wp-content\/uploads\/2023\/08\/Konkurs_500.png 500w, https:\/\/gradido.net\/wp-content\/uploads\/2023\/08\/Konkurs_500-300x225.png 300w, https:\/\/gradido.net\/wp-content\/uploads\/2023\/08\/Konkurs_500-16x12.png 16w\" sizes=\"(max-width: 500px) 100vw, 500px\" \/>\t\t\t\t\t\t\t\t\t\t\t\t\t\t\t<\/div>\n\t\t\t\t<\/div>\n\t\t\t\t<div class=\"elementor-element elementor-element-c5e61d4 elementor-widget elementor-widget-text-editor\" data-id=\"c5e61d4\" data-element_type=\"widget\" data-e-type=\"widget\" data-widget_type=\"text-editor.default\">\n\t\t\t\t<div class=\"elementor-widget-container\">\n\t\t\t\t\t\t\t\t\t<p>Kaupungin t\u00e4rke\u00e4n sairaalan sulkeminen j\u00e4tti suuren aukon suosittujen kaupunkilaisten terveydenhuoltoon. Potilaiden oli matkustettava pitki\u00e4 matkoja kaukana sijaitseville erikoisklinikoille, joissa heit\u00e4 hoidettiin usein vain avohoitona. Hoidon j\u00e4lkeen heid\u00e4t j\u00e4tettiin sitten p\u00e4rj\u00e4\u00e4m\u00e4\u00e4n kotona.<\/p>\t\t\t\t\t\t\t\t<\/div>\n\t\t\t\t<\/div>\n\t\t\t\t<div class=\"elementor-element elementor-element-f223bb6 elementor-widget elementor-widget-image\" data-id=\"f223bb6\" data-element_type=\"widget\" data-e-type=\"widget\" data-widget_type=\"image.default\">\n\t\t\t\t<div class=\"elementor-widget-container\">\n\t\t\t\t\t\t\t\t\t\t\t\t\t\t\t<img decoding=\"async\" width=\"500\" height=\"312\" src=\"https:\/\/gradido.net\/wp-content\/uploads\/2023\/08\/Krankenwagen_500.jpg\" class=\"attachment-full size-full wp-image-7404\" alt=\"\" srcset=\"https:\/\/gradido.net\/wp-content\/uploads\/2023\/08\/Krankenwagen_500.jpg 500w, https:\/\/gradido.net\/wp-content\/uploads\/2023\/08\/Krankenwagen_500-300x187.jpg 300w, https:\/\/gradido.net\/wp-content\/uploads\/2023\/08\/Krankenwagen_500-18x12.jpg 18w\" sizes=\"(max-width: 500px) 100vw, 500px\" \/>\t\t\t\t\t\t\t\t\t\t\t\t\t\t\t<\/div>\n\t\t\t\t<\/div>\n\t\t\t\t<div class=\"elementor-element elementor-element-0499f3c elementor-widget elementor-widget-text-editor\" data-id=\"0499f3c\" data-element_type=\"widget\" data-e-type=\"widget\" data-widget_type=\"text-editor.default\">\n\t\t\t\t<div class=\"elementor-widget-container\">\n\t\t\t\t\t\t\t\t\t<p>T\u00e4ss\u00e4 vaikeassa tilanteessa pormestari Michael Miteinand kutsuu j\u00e4lleen asiantuntijaryhm\u00e4n koolle. Heid\u00e4n teht\u00e4v\u00e4n\u00e4\u00e4n on kehitt\u00e4\u00e4 toteuttamiskelpoinen ratkaisu sairaalan pelastamiseksi ja asukkaiden hoidon varmistamiseksi.<\/p><p>Kenk\u00e4tehtaan ja panimon onnistunut pelastaminen toimii mallina.\u00a0<\/p><p>My\u00f6s sairaalaan p\u00e4\u00e4tet\u00e4\u00e4n kehitt\u00e4\u00e4 osittain vapaaehtoisten toimintamalli, jota tuetaan Gradidon vapaaehtoisten palkkausj\u00e4rjestelm\u00e4ll\u00e4. N\u00e4in sairaala elvytet\u00e4\u00e4n voittoa tavoittelemattomana laitoksena ja sit\u00e4 py\u00f6ritet\u00e4\u00e4n p\u00e4\u00e4asiassa vapaaehtoisvoimin.<\/p>\t\t\t\t\t\t\t\t<\/div>\n\t\t\t\t<\/div>\n\t\t\t\t<div class=\"elementor-element elementor-element-392458a elementor-widget elementor-widget-image\" data-id=\"392458a\" data-element_type=\"widget\" data-e-type=\"widget\" data-widget_type=\"image.default\">\n\t\t\t\t<div class=\"elementor-widget-container\">\n\t\t\t\t\t\t\t\t\t\t\t\t\t\t\t<img decoding=\"async\" width=\"500\" height=\"312\" src=\"https:\/\/gradido.net\/wp-content\/uploads\/2023\/08\/Gesundheitspersonal_500.jpg\" class=\"attachment-full size-full wp-image-7405\" alt=\"\" srcset=\"https:\/\/gradido.net\/wp-content\/uploads\/2023\/08\/Gesundheitspersonal_500.jpg 500w, https:\/\/gradido.net\/wp-content\/uploads\/2023\/08\/Gesundheitspersonal_500-300x187.jpg 300w, https:\/\/gradido.net\/wp-content\/uploads\/2023\/08\/Gesundheitspersonal_500-18x12.jpg 18w\" sizes=\"(max-width: 500px) 100vw, 500px\" \/>\t\t\t\t\t\t\t\t\t\t\t\t\t\t\t<\/div>\n\t\t\t\t<\/div>\n\t\t\t\t<div class=\"elementor-element elementor-element-8fcbf61 elementor-widget elementor-widget-text-editor\" data-id=\"8fcbf61\" data-element_type=\"widget\" data-e-type=\"widget\" data-widget_type=\"text-editor.default\">\n\t\t\t\t<div class=\"elementor-widget-container\">\n\t\t\t\t\t\t\t\t\t<p>Omistautuneet l\u00e4\u00e4k\u00e4rit osallistuvat t\u00e4h\u00e4n innovatiiviseen hankkeeseen. Vastineeksi vapaaehtoisty\u00f6st\u00e4 he saavat k\u00e4ytt\u00f6\u00f6ns\u00e4 klinikkahuoneita ja l\u00e4\u00e4kinn\u00e4llisi\u00e4 laitteita.<\/p>\t\t\t\t\t\t\t\t<\/div>\n\t\t\t\t<\/div>\n\t\t\t\t<div class=\"elementor-element elementor-element-5e2ead6 elementor-widget elementor-widget-image\" data-id=\"5e2ead6\" data-element_type=\"widget\" data-e-type=\"widget\" data-widget_type=\"image.default\">\n\t\t\t\t<div class=\"elementor-widget-container\">\n\t\t\t\t\t\t\t\t\t\t\t\t\t\t\t<img loading=\"lazy\" decoding=\"async\" width=\"500\" height=\"312\" src=\"https:\/\/gradido.net\/wp-content\/uploads\/2023\/08\/A\u0308rztin_Herz_500.jpg\" class=\"attachment-full size-full wp-image-7406\" alt=\"\" srcset=\"https:\/\/gradido.net\/wp-content\/uploads\/2023\/08\/A\u0308rztin_Herz_500.jpg 500w, https:\/\/gradido.net\/wp-content\/uploads\/2023\/08\/A\u0308rztin_Herz_500-300x187.jpg 300w, https:\/\/gradido.net\/wp-content\/uploads\/2023\/08\/A\u0308rztin_Herz_500-18x12.jpg 18w\" sizes=\"(max-width: 500px) 100vw, 500px\" \/>\t\t\t\t\t\t\t\t\t\t\t\t\t\t\t<\/div>\n\t\t\t\t<\/div>\n\t\t\t\t<div class=\"elementor-element elementor-element-5043a2c elementor-widget elementor-widget-text-editor\" data-id=\"5043a2c\" data-element_type=\"widget\" data-e-type=\"widget\" data-widget_type=\"text-editor.default\">\n\t\t\t\t<div class=\"elementor-widget-container\">\n\t\t\t\t\t\t\t\t\t<p>Keitti\u00f6st\u00e4 vastaavat paikalliset pitopalvelun tarjoajat, jotka toimittavat p\u00e4ivitt\u00e4in l\u00e4mmint\u00e4 ruokaa. Aamiaisen ja p\u00e4iv\u00e4llisen valmistavat vapaaehtoiset. Suuri osa luomuruoasta on per\u00e4isin Lieblingsstadtin vapaaehtoisten harjoittamasta solidaarisuusviljelyst\u00e4, josta kerromme my\u00f6hemmin.<\/p>\t\t\t\t\t\t\t\t<\/div>\n\t\t\t\t<\/div>\n\t\t\t\t<div class=\"elementor-element elementor-element-7645971 elementor-widget elementor-widget-image\" data-id=\"7645971\" data-element_type=\"widget\" data-e-type=\"widget\" data-widget_type=\"image.default\">\n\t\t\t\t<div class=\"elementor-widget-container\">\n\t\t\t\t\t\t\t\t\t\t\t\t\t\t\t<img loading=\"lazy\" decoding=\"async\" width=\"500\" height=\"281\" src=\"https:\/\/gradido.net\/wp-content\/uploads\/2023\/08\/Ku\u0308che_500.jpg\" class=\"attachment-full size-full wp-image-7407\" alt=\"\" srcset=\"https:\/\/gradido.net\/wp-content\/uploads\/2023\/08\/Ku\u0308che_500.jpg 500w, https:\/\/gradido.net\/wp-content\/uploads\/2023\/08\/Ku\u0308che_500-300x169.jpg 300w, https:\/\/gradido.net\/wp-content\/uploads\/2023\/08\/Ku\u0308che_500-18x10.jpg 18w\" sizes=\"(max-width: 500px) 100vw, 500px\" \/>\t\t\t\t\t\t\t\t\t\t\t\t\t\t\t<\/div>\n\t\t\t\t<\/div>\n\t\t\t\t<div class=\"elementor-element elementor-element-5684ae1 elementor-widget elementor-widget-text-editor\" data-id=\"5684ae1\" data-element_type=\"widget\" data-e-type=\"widget\" data-widget_type=\"text-editor.default\">\n\t\t\t\t<div class=\"elementor-widget-container\">\n\t\t\t\t\t\t\t\t\t<p>Kuten aina, vapaaehtoisty\u00f6st\u00e4 palkitaan 20 Gradidon kiitospisteell\u00e4 tunnilta, jotka puolestaan voi vaihtaa moniin anteliaisiin alennuksiin ja etuihin.<\/p><p>Yhteis\u00f6aloitteessa on hienoa my\u00f6s se, ett\u00e4 potilaat ja heid\u00e4n omaisensa osallistuvat hoitoprosessiin - he tuovat omat vuodevaatteensa ja j\u00e4rjest\u00e4v\u00e4t aterioita itselleen ja yh\u00e4 useammin my\u00f6s muille potilaille.<\/p><p>Kaikissa n\u00e4iss\u00e4 muutoksissa potilaiden terveys on aina etusijalla. Siksi teemme yhteisty\u00f6t\u00e4 alueen muiden klinikoiden ja vapaaehtoisten kuljetuspalvelujen kanssa.<\/p><p>T\u00e4m\u00e4 malli ei ole johtanut ainoastaan sairaalan avaamiseen uudelleen ja t\u00e4rkeiden terveyspalvelujen tarjoamiseen Lieblingsstadtin asukkaille, vaan se on my\u00f6s luonut uutta yhteis\u00f6llisyytt\u00e4 asukkaiden keskuudessa. He nauttivat uudesta yhteydest\u00e4, joka syntyy keskin\u00e4isen antamisen ja saamisen kautta kaikkien hy\u00f6dyksi.<\/p>\t\t\t\t\t\t\t\t<\/div>\n\t\t\t\t<\/div>\n\t\t\t\t<div class=\"elementor-element elementor-element-e858257 elementor-widget-divider--view-line elementor-widget elementor-widget-divider\" data-id=\"e858257\" data-element_type=\"widget\" data-e-type=\"widget\" data-widget_type=\"divider.default\">\n\t\t\t\t<div class=\"elementor-widget-container\">\n\t\t\t\t\t\t\t<div class=\"elementor-divider\">\n\t\t\t<span class=\"elementor-divider-separator\">\n\t\t\t\t\t\t<\/span>\n\t\t<\/div>\n\t\t\t\t\t\t<\/div>\n\t\t\t\t<\/div>\n\t\t\t\t<div class=\"elementor-element elementor-element-d74dfa0 elementor-widget elementor-widget-text-editor\" data-id=\"d74dfa0\" data-element_type=\"widget\" data-e-type=\"widget\" data-widget_type=\"text-editor.default\">\n\t\t\t\t<div class=\"elementor-widget-container\">\n\t\t\t\t\t\t\t\t\t<div data-pm-slice=\"1 1 []\" data-en-clipboard=\"true\"><p>Suositun sarjan kahdeksannessa jaksossa <strong>\"Gradido suosikkikaupungissa\" <\/strong>saamme kuulla, kuinka suosikkikaupunkilaiset pelastavat jopa kunnallisen sairaalansa. T\u00e4m\u00e4n mahdollistaa asukkaiden esimerkillinen yhteisty\u00f6, joka perustuu suurelta osin vapaaehtoisuuteen. Vapaaehtoisty\u00f6n palkitsemisj\u00e4rjestelm\u00e4n \"Gradido\" avulla vapaaehtoisty\u00f6st\u00e4 maksetaan 20 gradidoa tunnilta. Gradidoilla on monia etuja ja alennuksia. Lis\u00e4ksi kansalaisten kesken k\u00e4yd\u00e4\u00e4n vilkasta vuorovaikutusta. T\u00e4m\u00e4 alentaa kaikkien osallistujien elinkustannuksia.\u00a0<\/p><p><strong>Toimita t\u00e4m\u00e4 sarja rohkeasti eteenp\u00e4in kaupunginvaltuustolle, yhdistyksille ja ammattihenkil\u00f6ille!<\/strong><\/p><p>Jos emme tee mit\u00e4\u00e4n, suuret sy\u00f6v\u00e4t edelleen pienet, keskiluokka menee nurin ja terveydenhuoltomme heikkenee koko ajan.<\/p><p>Gradidon avulla meill\u00e4 on k\u00e4siss\u00e4mme tehokas ty\u00f6kalu kest\u00e4v\u00e4n tulevaisuuden suunnitteluun. Yhdess\u00e4 muutamme kaupunkimme ja taajamamme elinvoimaisiksi kukoistaviksi keitaiksi - lempipaikoiksemme!<\/p><p>Yst\u00e4v\u00e4llisin terveisin<\/p><\/div><p>Teid\u00e4n<\/p><p><img loading=\"lazy\" decoding=\"async\" class=\"alignnone wp-image-4614 size-medium\" src=\"https:\/\/gradido.net\/wp-content\/uploads\/2022\/06\/MargretBernd_2022-300x74.png\" alt=\"\" width=\"300\" height=\"74\" srcset=\"https:\/\/gradido.net\/wp-content\/uploads\/2022\/06\/MargretBernd_2022-300x74.png 300w, https:\/\/gradido.net\/wp-content\/uploads\/2022\/06\/MargretBernd_2022-18x4.png 18w, https:\/\/gradido.net\/wp-content\/uploads\/2022\/06\/MargretBernd_2022.png 431w\" sizes=\"(max-width: 300px) 100vw, 300px\" \/><\/p><p>Margret Baier ja Bernd H\u00fcckst\u00e4dt<br \/>Gradidon perustaja ja kehitt\u00e4j\u00e4<\/p>\t\t\t\t\t\t\t\t<\/div>\n\t\t\t\t<\/div>\n\t\t\t\t\t<\/div>\n\t\t<\/div>\n\t\t\t\t\t<\/div>\n\t\t<\/section>\n\t\t\t\t<section class=\"elementor-section elementor-top-section elementor-element elementor-element-587d816 elementor-section-boxed elementor-section-height-default elementor-section-height-default\" data-id=\"587d816\" data-element_type=\"section\" data-e-type=\"section\">\n\t\t\t\t\t\t<div class=\"elementor-container elementor-column-gap-default\">\n\t\t\t\t\t<div class=\"elementor-column elementor-col-100 elementor-top-column elementor-element elementor-element-973dda4\" data-id=\"973dda4\" data-element_type=\"column\" data-e-type=\"column\">\n\t\t\t<div class=\"elementor-widget-wrap elementor-element-populated\">\n\t\t\t\t\t\t<div class=\"elementor-element elementor-element-95f3110 elementor-position-inline-start white-links elementor-widget__width-initial elementor-view-default elementor-mobile-position-block-start elementor-widget elementor-widget-icon-box\" data-id=\"95f3110\" data-element_type=\"widget\" data-e-type=\"widget\" data-no-translation=\"\" data-widget_type=\"icon-box.default\">\n\t\t\t\t<div class=\"elementor-widget-container\">\n\t\t\t\t\t<style>.elementor-element-95f3110{display:none !important}<\/style>\t\t\t\t<\/div>\n\t\t\t\t<\/div>\n\t\t\t\t\t<\/div>\n\t\t<\/div>\n\t\t\t\t\t<\/div>\n\t\t<\/section>\n\t\t\t\t<section class=\"elementor-section elementor-top-section elementor-element elementor-element-14532fe elementor-section-boxed elementor-section-height-default elementor-section-height-default\" data-id=\"14532fe\" data-element_type=\"section\" data-e-type=\"section\">\n\t\t\t\t\t\t<div class=\"elementor-container elementor-column-gap-default\">\n\t\t\t\t\t<div class=\"elementor-column elementor-col-100 elementor-top-column elementor-element elementor-element-65d2298\" data-id=\"65d2298\" data-element_type=\"column\" data-e-type=\"column\">\n\t\t\t<div class=\"elementor-widget-wrap elementor-element-populated\">\n\t\t\t\t\t\t<div class=\"elementor-element elementor-element-1aaad01 elementor-widget elementor-widget-global elementor-global-9341 elementor-widget-text-editor\" data-id=\"1aaad01\" data-element_type=\"widget\" data-e-type=\"widget\" data-widget_type=\"text-editor.default\">\n\t\t\t\t<div class=\"elementor-widget-container\">\n\t\t\t\t\t\t\t\t\t<p><strong>PS:\u00a0<span style=\"color: #ff6600;\"><a style=\"color: #ff6600;\" href=\"https:\/\/gradido.net\/fi\/donations\/\">Koska Gradidon merkitys kasvaa jatkuvasti, toistamme kiitollisuuskampanjamme 26. kes\u00e4kuuta 2026:<\/a>\u00a0<\/span><span style=\"color: #0000ff;\"><a style=\"color: #0000ff;\" href=\"https:\/\/gradido.net\/fi\/donations\/\">Sen lis\u00e4ksi, ett\u00e4 saamme sponsorointirahoituksestasi moninkertaisen GradidoTransformin, lis\u00e4\u00e4mme kaikkien GDT-tilien saldoja 26%:ll\u00e4 26.6.2016. Sponsoroi nyt ja nauti moninkertaisesta m\u00e4\u00e4r\u00e4st\u00e4 GDT:t\u00e4!<\/a><\/span><\/strong><\/p>\t\t\t\t\t\t\t\t<\/div>\n\t\t\t\t<\/div>\n\t\t\t\t\t<\/div>\n\t\t<\/div>\n\t\t\t\t\t<\/div>\n\t\t<\/section>\n\t\t\t\t<\/div>","protected":false},"excerpt":{"rendered":"<p>Lieblingstadtin klinikka tarjosi asukkaille sairaanhoitoa, mutta se oli my\u00f6s t\u00e4rke\u00e4 ty\u00f6nantaja. Korkeat henkil\u00f6st\u00f6kustannukset ja kalliit l\u00e4\u00e4kinn\u00e4lliset laitteet johtivat siihen, ett\u00e4 klinikan yll\u00e4pit\u00e4j\u00e4n oli haettava konkurssihakemus. Mutta Lieblingstadtin asukkaat l\u00f6ysiv\u00e4t ratkaisun.<\/p>","protected":false},"author":2,"featured_media":7398,"comment_status":"closed","ping_status":"closed","sticky":false,"template":"","format":"standard","meta":{"footnotes":""},"categories":[11,53],"tags":[],"class_list":["post-7396","post","type-post","status-publish","format-standard","has-post-thumbnail","hentry","category-blog","category-lieblingsstadt"],"yoast_head":"<!-- This site is optimized with the Yoast SEO plugin v27.4 - https:\/\/yoast.com\/product\/yoast-seo-wordpress\/ -->\n<title>Lieblingsstadt 8 \u2013 Rettung des st\u00e4dtischen Krankenhauses - Gradido<\/title>\n<meta name=\"description\" content=\"Die Lieblingst\u00e4dter Klinik versorgte die Einwohner nicht nur medizinisch, sondern war auch ein wichtiger Arbeitgeber. Hohe Personalkosten und teure medizinische Ger\u00e4te f\u00fchrten dazu, dass der Klinikbetreiber Konkurs anmelden musste. Doch die Lieblingsst\u00e4dter finden eine L\u00f6sung.\" \/>\n<meta name=\"robots\" content=\"index, follow, max-snippet:-1, max-image-preview:large, max-video-preview:-1\" \/>\n<link rel=\"canonical\" href=\"https:\/\/gradido.net\/fi\/lieblingsstadt-8-rettung-des-staedtischen-krankenhauses\/\" \/>\n<meta property=\"og:locale\" content=\"fi_FI\" \/>\n<meta property=\"og:type\" content=\"article\" \/>\n<meta property=\"og:title\" content=\"Lieblingsstadt 8 \u2013 Rettung des st\u00e4dtischen Krankenhauses - Gradido\" \/>\n<meta property=\"og:description\" content=\"Die Lieblingst\u00e4dter Klinik versorgte die Einwohner nicht nur medizinisch, sondern war auch ein wichtiger Arbeitgeber. Hohe Personalkosten und teure medizinische Ger\u00e4te f\u00fchrten dazu, dass der Klinikbetreiber Konkurs anmelden musste. Doch die Lieblingsst\u00e4dter finden eine L\u00f6sung.\" \/>\n<meta property=\"og:url\" content=\"https:\/\/gradido.net\/fi\/lieblingsstadt-8-rettung-des-staedtischen-krankenhauses\/\" \/>\n<meta property=\"og:site_name\" content=\"Gradido\" \/>\n<meta property=\"article:published_time\" content=\"2023-08-28T04:51:11+00:00\" \/>\n<meta property=\"article:modified_time\" content=\"2026-04-23T05:10:40+00:00\" \/>\n<meta property=\"og:image\" content=\"https:\/\/gradido.net\/wp-content\/uploads\/2023\/08\/Klinik_1920.jpg\" \/>\n\t<meta property=\"og:image:width\" content=\"1920\" \/>\n\t<meta property=\"og:image:height\" content=\"1300\" \/>\n\t<meta property=\"og:image:type\" content=\"image\/jpeg\" \/>\n<meta name=\"author\" content=\"Bernd H\u00fcckst\u00e4dt\" \/>\n<meta name=\"twitter:card\" content=\"summary_large_image\" \/>\n<meta name=\"twitter:label1\" content=\"Kirjoittanut\" \/>\n\t<meta name=\"twitter:data1\" content=\"Bernd H\u00fcckst\u00e4dt\" \/>\n\t<meta name=\"twitter:label2\" content=\"Arvioitu lukuaika\" \/>\n\t<meta name=\"twitter:data2\" content=\"5 minuuttia\" \/>\n<script type=\"application\/ld+json\" class=\"yoast-schema-graph\">{\"@context\":\"https:\\\/\\\/schema.org\",\"@graph\":[{\"@type\":\"Article\",\"@id\":\"https:\\\/\\\/gradido.net\\\/lieblingsstadt-8-rettung-des-staedtischen-krankenhauses\\\/#article\",\"isPartOf\":{\"@id\":\"https:\\\/\\\/gradido.net\\\/lieblingsstadt-8-rettung-des-staedtischen-krankenhauses\\\/\"},\"author\":{\"name\":\"Bernd H\u00fcckst\u00e4dt\",\"@id\":\"https:\\\/\\\/gradido.net\\\/de\\\/#\\\/schema\\\/person\\\/9c503a004ad15a1ddecadce2218db5d1\"},\"headline\":\"Lieblingsstadt 8 \u2013 Rettung des st\u00e4dtischen Krankenhauses\",\"datePublished\":\"2023-08-28T04:51:11+00:00\",\"dateModified\":\"2026-04-23T05:10:40+00:00\",\"mainEntityOfPage\":{\"@id\":\"https:\\\/\\\/gradido.net\\\/lieblingsstadt-8-rettung-des-staedtischen-krankenhauses\\\/\"},\"wordCount\":658,\"publisher\":{\"@id\":\"https:\\\/\\\/gradido.net\\\/de\\\/#organization\"},\"image\":{\"@id\":\"https:\\\/\\\/gradido.net\\\/lieblingsstadt-8-rettung-des-staedtischen-krankenhauses\\\/#primaryimage\"},\"thumbnailUrl\":\"https:\\\/\\\/gradido.net\\\/wp-content\\\/uploads\\\/2023\\\/08\\\/Klinik_1920.jpg\",\"articleSection\":[\"Blog\",\"Lieblingsstadt\"],\"inLanguage\":\"fi\"},{\"@type\":\"WebPage\",\"@id\":\"https:\\\/\\\/gradido.net\\\/lieblingsstadt-8-rettung-des-staedtischen-krankenhauses\\\/\",\"url\":\"https:\\\/\\\/gradido.net\\\/lieblingsstadt-8-rettung-des-staedtischen-krankenhauses\\\/\",\"name\":\"Lieblingsstadt 8 \u2013 Rettung des st\u00e4dtischen Krankenhauses - Gradido\",\"isPartOf\":{\"@id\":\"https:\\\/\\\/gradido.net\\\/de\\\/#website\"},\"primaryImageOfPage\":{\"@id\":\"https:\\\/\\\/gradido.net\\\/lieblingsstadt-8-rettung-des-staedtischen-krankenhauses\\\/#primaryimage\"},\"image\":{\"@id\":\"https:\\\/\\\/gradido.net\\\/lieblingsstadt-8-rettung-des-staedtischen-krankenhauses\\\/#primaryimage\"},\"thumbnailUrl\":\"https:\\\/\\\/gradido.net\\\/wp-content\\\/uploads\\\/2023\\\/08\\\/Klinik_1920.jpg\",\"datePublished\":\"2023-08-28T04:51:11+00:00\",\"dateModified\":\"2026-04-23T05:10:40+00:00\",\"description\":\"Die Lieblingst\u00e4dter Klinik versorgte die Einwohner nicht nur medizinisch, sondern war auch ein wichtiger Arbeitgeber. Hohe Personalkosten und teure medizinische Ger\u00e4te f\u00fchrten dazu, dass der Klinikbetreiber Konkurs anmelden musste. Doch die Lieblingsst\u00e4dter finden eine L\u00f6sung.\",\"breadcrumb\":{\"@id\":\"https:\\\/\\\/gradido.net\\\/lieblingsstadt-8-rettung-des-staedtischen-krankenhauses\\\/#breadcrumb\"},\"inLanguage\":\"fi\",\"potentialAction\":[{\"@type\":\"ReadAction\",\"target\":[\"https:\\\/\\\/gradido.net\\\/lieblingsstadt-8-rettung-des-staedtischen-krankenhauses\\\/\"]}]},{\"@type\":\"ImageObject\",\"inLanguage\":\"fi\",\"@id\":\"https:\\\/\\\/gradido.net\\\/lieblingsstadt-8-rettung-des-staedtischen-krankenhauses\\\/#primaryimage\",\"url\":\"https:\\\/\\\/gradido.net\\\/wp-content\\\/uploads\\\/2023\\\/08\\\/Klinik_1920.jpg\",\"contentUrl\":\"https:\\\/\\\/gradido.net\\\/wp-content\\\/uploads\\\/2023\\\/08\\\/Klinik_1920.jpg\",\"width\":1920,\"height\":1300},{\"@type\":\"BreadcrumbList\",\"@id\":\"https:\\\/\\\/gradido.net\\\/lieblingsstadt-8-rettung-des-staedtischen-krankenhauses\\\/#breadcrumb\",\"itemListElement\":[{\"@type\":\"ListItem\",\"position\":1,\"name\":\"Startseite\",\"item\":\"https:\\\/\\\/gradido.net\\\/\"},{\"@type\":\"ListItem\",\"position\":2,\"name\":\"Lieblingsstadt 8 \u2013 Rettung des st\u00e4dtischen Krankenhauses\"}]},{\"@type\":\"WebSite\",\"@id\":\"https:\\\/\\\/gradido.net\\\/de\\\/#website\",\"url\":\"https:\\\/\\\/gradido.net\\\/de\\\/\",\"name\":\"Gradido\",\"description\":\"Die neue W\u00e4hrung hei\u00dft Dankbarkeit\",\"publisher\":{\"@id\":\"https:\\\/\\\/gradido.net\\\/de\\\/#organization\"},\"potentialAction\":[{\"@type\":\"SearchAction\",\"target\":{\"@type\":\"EntryPoint\",\"urlTemplate\":\"https:\\\/\\\/gradido.net\\\/de\\\/?s={search_term_string}\"},\"query-input\":{\"@type\":\"PropertyValueSpecification\",\"valueRequired\":true,\"valueName\":\"search_term_string\"}}],\"inLanguage\":\"fi\"},{\"@type\":\"Organization\",\"@id\":\"https:\\\/\\\/gradido.net\\\/de\\\/#organization\",\"name\":\"Gradido\",\"url\":\"https:\\\/\\\/gradido.net\\\/de\\\/\",\"logo\":{\"@type\":\"ImageObject\",\"inLanguage\":\"fi\",\"@id\":\"https:\\\/\\\/gradido.net\\\/de\\\/#\\\/schema\\\/logo\\\/image\\\/\",\"url\":\"https:\\\/\\\/gradido.net\\\/wp-content\\\/uploads\\\/2022\\\/04\\\/gradido-social.jpg\",\"contentUrl\":\"https:\\\/\\\/gradido.net\\\/wp-content\\\/uploads\\\/2022\\\/04\\\/gradido-social.jpg\",\"width\":527,\"height\":273,\"caption\":\"Gradido\"},\"image\":{\"@id\":\"https:\\\/\\\/gradido.net\\\/de\\\/#\\\/schema\\\/logo\\\/image\\\/\"}},{\"@type\":\"Person\",\"@id\":\"https:\\\/\\\/gradido.net\\\/de\\\/#\\\/schema\\\/person\\\/9c503a004ad15a1ddecadce2218db5d1\",\"name\":\"Bernd H\u00fcckst\u00e4dt\",\"sameAs\":[\"https:\\\/\\\/gradido.net\"],\"url\":\"https:\\\/\\\/gradido.net\\\/fi\\\/author\\\/bernd\\\/\"}]}<\/script>\n<!-- \/ Yoast SEO plugin. -->","yoast_head_json":{"title":"Suosikkikaupunki 8 - Kaupungin sairaalan pelastaminen - Gradido","description":"Lieblingstadtin klinikka tarjosi asukkaille sairaanhoitoa, mutta se oli my\u00f6s t\u00e4rke\u00e4 ty\u00f6nantaja. Korkeat henkil\u00f6st\u00f6kustannukset ja kalliit l\u00e4\u00e4kinn\u00e4lliset laitteet johtivat siihen, ett\u00e4 klinikan yll\u00e4pit\u00e4j\u00e4n oli haettava konkurssihakemus. Mutta Lieblingstadtin asukkaat l\u00f6ysiv\u00e4t ratkaisun.","robots":{"index":"index","follow":"follow","max-snippet":"max-snippet:-1","max-image-preview":"max-image-preview:large","max-video-preview":"max-video-preview:-1"},"canonical":"https:\/\/gradido.net\/fi\/lieblingsstadt-8-rettung-des-staedtischen-krankenhauses\/","og_locale":"fi_FI","og_type":"article","og_title":"Lieblingsstadt 8 \u2013 Rettung des st\u00e4dtischen Krankenhauses - Gradido","og_description":"Die Lieblingst\u00e4dter Klinik versorgte die Einwohner nicht nur medizinisch, sondern war auch ein wichtiger Arbeitgeber. Hohe Personalkosten und teure medizinische Ger\u00e4te f\u00fchrten dazu, dass der Klinikbetreiber Konkurs anmelden musste. Doch die Lieblingsst\u00e4dter finden eine L\u00f6sung.","og_url":"https:\/\/gradido.net\/fi\/lieblingsstadt-8-rettung-des-staedtischen-krankenhauses\/","og_site_name":"Gradido","article_published_time":"2023-08-28T04:51:11+00:00","article_modified_time":"2026-04-23T05:10:40+00:00","og_image":[{"width":1920,"height":1300,"url":"https:\/\/gradido.net\/wp-content\/uploads\/2023\/08\/Klinik_1920.jpg","type":"image\/jpeg"}],"author":"Bernd H\u00fcckst\u00e4dt","twitter_card":"summary_large_image","twitter_misc":{"Kirjoittanut":"Bernd H\u00fcckst\u00e4dt","Arvioitu lukuaika":"5 minuuttia"},"schema":{"@context":"https:\/\/schema.org","@graph":[{"@type":"Article","@id":"https:\/\/gradido.net\/lieblingsstadt-8-rettung-des-staedtischen-krankenhauses\/#article","isPartOf":{"@id":"https:\/\/gradido.net\/lieblingsstadt-8-rettung-des-staedtischen-krankenhauses\/"},"author":{"name":"Bernd H\u00fcckst\u00e4dt","@id":"https:\/\/gradido.net\/de\/#\/schema\/person\/9c503a004ad15a1ddecadce2218db5d1"},"headline":"Lieblingsstadt 8 \u2013 Rettung des st\u00e4dtischen Krankenhauses","datePublished":"2023-08-28T04:51:11+00:00","dateModified":"2026-04-23T05:10:40+00:00","mainEntityOfPage":{"@id":"https:\/\/gradido.net\/lieblingsstadt-8-rettung-des-staedtischen-krankenhauses\/"},"wordCount":658,"publisher":{"@id":"https:\/\/gradido.net\/de\/#organization"},"image":{"@id":"https:\/\/gradido.net\/lieblingsstadt-8-rettung-des-staedtischen-krankenhauses\/#primaryimage"},"thumbnailUrl":"https:\/\/gradido.net\/wp-content\/uploads\/2023\/08\/Klinik_1920.jpg","articleSection":["Blog","Lieblingsstadt"],"inLanguage":"fi"},{"@type":"WebPage","@id":"https:\/\/gradido.net\/lieblingsstadt-8-rettung-des-staedtischen-krankenhauses\/","url":"https:\/\/gradido.net\/lieblingsstadt-8-rettung-des-staedtischen-krankenhauses\/","name":"Suosikkikaupunki 8 - Kaupungin sairaalan pelastaminen - Gradido","isPartOf":{"@id":"https:\/\/gradido.net\/de\/#website"},"primaryImageOfPage":{"@id":"https:\/\/gradido.net\/lieblingsstadt-8-rettung-des-staedtischen-krankenhauses\/#primaryimage"},"image":{"@id":"https:\/\/gradido.net\/lieblingsstadt-8-rettung-des-staedtischen-krankenhauses\/#primaryimage"},"thumbnailUrl":"https:\/\/gradido.net\/wp-content\/uploads\/2023\/08\/Klinik_1920.jpg","datePublished":"2023-08-28T04:51:11+00:00","dateModified":"2026-04-23T05:10:40+00:00","description":"Lieblingstadtin klinikka tarjosi asukkaille sairaanhoitoa, mutta se oli my\u00f6s t\u00e4rke\u00e4 ty\u00f6nantaja. Korkeat henkil\u00f6st\u00f6kustannukset ja kalliit l\u00e4\u00e4kinn\u00e4lliset laitteet johtivat siihen, ett\u00e4 klinikan yll\u00e4pit\u00e4j\u00e4n oli haettava konkurssihakemus. Mutta Lieblingstadtin asukkaat l\u00f6ysiv\u00e4t ratkaisun.","breadcrumb":{"@id":"https:\/\/gradido.net\/lieblingsstadt-8-rettung-des-staedtischen-krankenhauses\/#breadcrumb"},"inLanguage":"fi","potentialAction":[{"@type":"ReadAction","target":["https:\/\/gradido.net\/lieblingsstadt-8-rettung-des-staedtischen-krankenhauses\/"]}]},{"@type":"ImageObject","inLanguage":"fi","@id":"https:\/\/gradido.net\/lieblingsstadt-8-rettung-des-staedtischen-krankenhauses\/#primaryimage","url":"https:\/\/gradido.net\/wp-content\/uploads\/2023\/08\/Klinik_1920.jpg","contentUrl":"https:\/\/gradido.net\/wp-content\/uploads\/2023\/08\/Klinik_1920.jpg","width":1920,"height":1300},{"@type":"BreadcrumbList","@id":"https:\/\/gradido.net\/lieblingsstadt-8-rettung-des-staedtischen-krankenhauses\/#breadcrumb","itemListElement":[{"@type":"ListItem","position":1,"name":"Startseite","item":"https:\/\/gradido.net\/"},{"@type":"ListItem","position":2,"name":"Lieblingsstadt 8 \u2013 Rettung des st\u00e4dtischen Krankenhauses"}]},{"@type":"WebSite","@id":"https:\/\/gradido.net\/de\/#website","url":"https:\/\/gradido.net\/de\/","name":"Gradido","description":"Uusi valuutta on kiitollisuus","publisher":{"@id":"https:\/\/gradido.net\/de\/#organization"},"potentialAction":[{"@type":"SearchAction","target":{"@type":"EntryPoint","urlTemplate":"https:\/\/gradido.net\/de\/?s={search_term_string}"},"query-input":{"@type":"PropertyValueSpecification","valueRequired":true,"valueName":"search_term_string"}}],"inLanguage":"fi"},{"@type":"Organization","@id":"https:\/\/gradido.net\/de\/#organization","name":"Gradido","url":"https:\/\/gradido.net\/de\/","logo":{"@type":"ImageObject","inLanguage":"fi","@id":"https:\/\/gradido.net\/de\/#\/schema\/logo\/image\/","url":"https:\/\/gradido.net\/wp-content\/uploads\/2022\/04\/gradido-social.jpg","contentUrl":"https:\/\/gradido.net\/wp-content\/uploads\/2022\/04\/gradido-social.jpg","width":527,"height":273,"caption":"Gradido"},"image":{"@id":"https:\/\/gradido.net\/de\/#\/schema\/logo\/image\/"}},{"@type":"Person","@id":"https:\/\/gradido.net\/de\/#\/schema\/person\/9c503a004ad15a1ddecadce2218db5d1","name":"Bernd H\u00fcckst\u00e4dt","sameAs":["https:\/\/gradido.net"],"url":"https:\/\/gradido.net\/fi\/author\/bernd\/"}]}},"_links":{"self":[{"href":"https:\/\/gradido.net\/fi\/wp-json\/wp\/v2\/posts\/7396","targetHints":{"allow":["GET"]}}],"collection":[{"href":"https:\/\/gradido.net\/fi\/wp-json\/wp\/v2\/posts"}],"about":[{"href":"https:\/\/gradido.net\/fi\/wp-json\/wp\/v2\/types\/post"}],"author":[{"embeddable":true,"href":"https:\/\/gradido.net\/fi\/wp-json\/wp\/v2\/users\/2"}],"replies":[{"embeddable":true,"href":"https:\/\/gradido.net\/fi\/wp-json\/wp\/v2\/comments?post=7396"}],"version-history":[{"count":49,"href":"https:\/\/gradido.net\/fi\/wp-json\/wp\/v2\/posts\/7396\/revisions"}],"predecessor-version":[{"id":13542,"href":"https:\/\/gradido.net\/fi\/wp-json\/wp\/v2\/posts\/7396\/revisions\/13542"}],"wp:featuredmedia":[{"embeddable":true,"href":"https:\/\/gradido.net\/fi\/wp-json\/wp\/v2\/media\/7398"}],"wp:attachment":[{"href":"https:\/\/gradido.net\/fi\/wp-json\/wp\/v2\/media?parent=7396"}],"wp:term":[{"taxonomy":"category","embeddable":true,"href":"https:\/\/gradido.net\/fi\/wp-json\/wp\/v2\/categories?post=7396"},{"taxonomy":"post_tag","embeddable":true,"href":"https:\/\/gradido.net\/fi\/wp-json\/wp\/v2\/tags?post=7396"}],"curies":[{"name":"wp","href":"https:\/\/api.w.org\/{rel}","templated":true}]}}