{"id":7440,"date":"2023-08-31T06:29:18","date_gmt":"2023-08-31T04:29:18","guid":{"rendered":"https:\/\/gradido.net\/?p=7440"},"modified":"2026-04-23T07:10:00","modified_gmt":"2026-04-23T05:10:00","slug":"lieblingsstadt-9-vereine-kooperieren-engel-athleten-und-musikanten","status":"publish","type":"post","link":"https:\/\/gradido.net\/fi\/lieblingsstadt-9-vereine-kooperieren-engel-athleten-und-musikanten\/","title":{"rendered":"Suosikkikaupunki 9 - Seurat tekev\u00e4t yhteisty\u00f6t\u00e4: Enkelit, urheilijat ja muusikot"},"content":{"rendered":"<div data-elementor-type=\"wp-post\" data-elementor-id=\"7440\" class=\"elementor elementor-7440\" data-elementor-post-type=\"post\">\n\t\t\t\t\t\t<section class=\"elementor-section elementor-top-section elementor-element elementor-element-496e1d53 elementor-section-boxed elementor-section-height-default elementor-section-height-default\" data-id=\"496e1d53\" data-element_type=\"section\" data-e-type=\"section\">\n\t\t\t\t\t\t<div class=\"elementor-container elementor-column-gap-default\">\n\t\t\t\t\t<div class=\"elementor-column elementor-col-100 elementor-top-column elementor-element elementor-element-461d7be0\" data-id=\"461d7be0\" data-element_type=\"column\" data-e-type=\"column\">\n\t\t\t<div class=\"elementor-widget-wrap elementor-element-populated\">\n\t\t\t\t\t\t<div class=\"elementor-element elementor-element-cd9ebe2 elementor-widget elementor-widget-text-editor\" data-id=\"cd9ebe2\" data-element_type=\"widget\" data-e-type=\"widget\" data-widget_type=\"text-editor.default\">\n\t\t\t\t<div class=\"elementor-widget-container\">\n\t\t\t\t\t\t\t\t\t<p style=\"text-align: right;\"><em>\"Meit\u00e4 on monta - yhdess\u00e4 voimme tehd\u00e4 mit\u00e4 tahansa.\"<\/em><\/p><p>Hyv\u00e4 lukija,<\/p><p>vieh\u00e4tt\u00e4v\u00e4 Lieblingsstadt on tullut tunnetuksi innovatiivisista hankkeistaan ja pyrkimyksest\u00e4\u00e4n jatkuvaan parantamiseen. Yksi kunnan suurista huolenaiheista on houkutella uutta verta vapaaehtoisty\u00f6h\u00f6n.<\/p><p>T\u00e4h\u00e4n liittyy monia haasteita. Koska nuoret el\u00e4v\u00e4t itsen\u00e4isyyden ja seikkailun vaiheessa, ulkona k\u00e4ynti ja hauskanpito ovat usein t\u00e4rke\u00e4mpi\u00e4 kuin vapaaehtoisty\u00f6. Lis\u00e4ksi elint\u00e4rkeiss\u00e4 pelastus- ja terveyspalveluissa vallitsee laaja sukupuolten v\u00e4linen eriytyminen. Palokunnassa ja THW:ss\u00e4 l\u00e4hes kaikki j\u00e4senet ovat miehi\u00e4, kun taas hoitoalalla ty\u00f6skentelevist\u00e4 suurin osa on naisia. Nuorille, jotka ovat luonnostaan kiinnostuneita vastakkaisesta sukupuolesta, t\u00e4m\u00e4 sukupuolten erottelu ei ole kovin houkuttelevaa.<\/p>\t\t\t\t\t\t\t\t<\/div>\n\t\t\t\t<\/div>\n\t\t\t\t<div class=\"elementor-element elementor-element-b482206 elementor-widget elementor-widget-image\" data-id=\"b482206\" data-element_type=\"widget\" data-e-type=\"widget\" data-widget_type=\"image.default\">\n\t\t\t\t<div class=\"elementor-widget-container\">\n\t\t\t\t\t\t\t\t\t\t\t\t\t\t\t<img fetchpriority=\"high\" decoding=\"async\" width=\"500\" height=\"337\" src=\"https:\/\/gradido.net\/wp-content\/uploads\/2023\/09\/Michael_leger_500.jpg\" class=\"attachment-full size-full wp-image-7445\" alt=\"\" srcset=\"https:\/\/gradido.net\/wp-content\/uploads\/2023\/09\/Michael_leger_500.jpg 500w, https:\/\/gradido.net\/wp-content\/uploads\/2023\/09\/Michael_leger_500-300x202.jpg 300w, https:\/\/gradido.net\/wp-content\/uploads\/2023\/09\/Michael_leger_500-18x12.jpg 18w\" sizes=\"(max-width: 500px) 100vw, 500px\" \/>\t\t\t\t\t\t\t\t\t\t\t\t\t\t\t<\/div>\n\t\t\t\t<\/div>\n\t\t\t\t<div class=\"elementor-element elementor-element-c5e61d4 elementor-widget elementor-widget-text-editor\" data-id=\"c5e61d4\" data-element_type=\"widget\" data-e-type=\"widget\" data-widget_type=\"text-editor.default\">\n\t\t\t\t<div class=\"elementor-widget-container\">\n\t\t\t\t\t\t\t\t\t<p>\"Haluamme tuoda nuoret yhteen ja tarjota heille houkuttelevia vapaa-ajan aktiviteetteja\", sanoo pormestari Michael Miteinand ja innostaa tiimi\u00e4\u00e4n.\u00a0<\/p><p>Tuotemerkill\u00e4<strong> 'Suosikkikaupungin enkeli'<\/strong> parhaillaan kehitet\u00e4\u00e4n kattavaa aloitetta vapaaehtoisen yhteisty\u00f6n edist\u00e4miseksi pelastus- ja terveyspalvelujen v\u00e4lill\u00e4.<\/p><p>Hanke '<strong>Hienoa yhteisty\u00f6t\u00e4<\/strong> k\u00e4ynnistet\u00e4\u00e4n. Siihen kuuluu tilojen ja laitteiden yhteisk\u00e4ytt\u00f6 sek\u00e4 monialainen koulutus ja vilkas vapaaehtoisten v\u00e4linen vaihto. Samalla eri yksik\u00f6iden v\u00e4lill\u00e4 tehd\u00e4\u00e4n tiivist\u00e4 yhteisty\u00f6t\u00e4, joka johtaa \"enkelien\" v\u00e4liseen kauniiseen yhteis\u00f6\u00f6n ja yst\u00e4vyyteen.<\/p>\t\t\t\t\t\t\t\t<\/div>\n\t\t\t\t<\/div>\n\t\t\t\t<div class=\"elementor-element elementor-element-f223bb6 elementor-widget elementor-widget-image\" data-id=\"f223bb6\" data-element_type=\"widget\" data-e-type=\"widget\" data-widget_type=\"image.default\">\n\t\t\t\t<div class=\"elementor-widget-container\">\n\t\t\t\t\t\t\t\t\t\t\t\t\t\t\t<img decoding=\"async\" width=\"500\" height=\"375\" src=\"https:\/\/gradido.net\/wp-content\/uploads\/2023\/09\/Junge_Leute_500.jpg\" class=\"attachment-full size-full wp-image-7447\" alt=\"\" srcset=\"https:\/\/gradido.net\/wp-content\/uploads\/2023\/09\/Junge_Leute_500.jpg 500w, https:\/\/gradido.net\/wp-content\/uploads\/2023\/09\/Junge_Leute_500-300x225.jpg 300w, https:\/\/gradido.net\/wp-content\/uploads\/2023\/09\/Junge_Leute_500-16x12.jpg 16w\" sizes=\"(max-width: 500px) 100vw, 500px\" \/>\t\t\t\t\t\t\t\t\t\t\t\t\t\t\t<\/div>\n\t\t\t\t<\/div>\n\t\t\t\t<div class=\"elementor-element elementor-element-0499f3c elementor-widget elementor-widget-text-editor\" data-id=\"0499f3c\" data-element_type=\"widget\" data-e-type=\"widget\" data-widget_type=\"text-editor.default\">\n\t\t\t\t<div class=\"elementor-widget-container\">\n\t\t\t\t\t\t\t\t\t<p>Se ei siis j\u00e4\u00e4 vain pelastus- ja terveyspalveluihin. My\u00f6s urheiluseurat liittyv\u00e4t mukaan ja perustavat <strong>'Kaupungin suosikkiurheilijat'<\/strong>.<\/p><h3>Gradido-mallin mukainen palkkaus<\/h3><p>Vapaaehtoisty\u00f6n edist\u00e4miseksi kaupunki palkitsee jokaisen ty\u00f6tunnin 20 Gradido-pisteell\u00e4. Lis\u00e4ksi erityisesti nuorille j\u00e4rjestet\u00e4\u00e4n houkuttelevia vapaa-ajan aktiviteetteja, joita tarjotaan yksinomaan Gradido-pisteiden perusteella - rahoitetaan lahjoituksilla ja paikallisten yritysten sponsoroinnilla.<\/p><p>Pormestari Miteinand pit\u00e4\u00e4 eritt\u00e4in t\u00e4rke\u00e4n\u00e4, ett\u00e4 nuorilta kysyt\u00e4\u00e4n s\u00e4\u00e4nn\u00f6llisesti heid\u00e4n toiveitaan ja tarpeitaan ja ett\u00e4 heid\u00e4t otetaan mukaan p\u00e4\u00e4t\u00f6ksentekoprosesseihin.<\/p><h3>Gradido-p\u00e4iv\u00e4t ja enkelijuhlat<\/h3><p>Paikallinen pizzeria Napoli tarjoaa t\u00e4m\u00e4n suuren sitoumuksen tueksi 75%y Gradido -alennuksen kahtena Gradido-p\u00e4iv\u00e4n\u00e4 viikossa. Kaupungin panimopubissa j\u00e4rjestet\u00e4\u00e4n s\u00e4\u00e4nn\u00f6llisesti \"enkelibileit\u00e4\", joissa on disko ja muita n\u00e4ht\u00e4vyyksi\u00e4 - suurelta osin Gradidon hyv\u00e4ksi.<\/p><h3>Yhdess\u00e4 voimme tehd\u00e4 kaiken<\/h3><p>My\u00f6s musiikki- ja muut yhdistykset liittyv\u00e4t t\u00e4h\u00e4n suureen yhteisty\u00f6h\u00f6n.<\/p><p>Lieblingsstadtissa on syntym\u00e4ss\u00e4 todellinen vallankumous nuorten vapaaehtoistoiminnan alalla, jonka yhteinen tunnuslause on \"Meit\u00e4 on monta - yhdess\u00e4 voimme tehd\u00e4 mit\u00e4 tahansa!\" - kiitos pormestari Miteinandin innovatiivisen l\u00e4hestymistavan.<\/p>\t\t\t\t\t\t\t\t<\/div>\n\t\t\t\t<\/div>\n\t\t\t\t<div class=\"elementor-element elementor-element-e858257 elementor-widget-divider--view-line elementor-widget elementor-widget-divider\" data-id=\"e858257\" data-element_type=\"widget\" data-e-type=\"widget\" data-widget_type=\"divider.default\">\n\t\t\t\t<div class=\"elementor-widget-container\">\n\t\t\t\t\t\t\t<div class=\"elementor-divider\">\n\t\t\t<span class=\"elementor-divider-separator\">\n\t\t\t\t\t\t<\/span>\n\t\t<\/div>\n\t\t\t\t\t\t<\/div>\n\t\t\t\t<\/div>\n\t\t\t\t<div class=\"elementor-element elementor-element-d74dfa0 elementor-widget elementor-widget-text-editor\" data-id=\"d74dfa0\" data-element_type=\"widget\" data-e-type=\"widget\" data-widget_type=\"text-editor.default\">\n\t\t\t\t<div class=\"elementor-widget-container\">\n\t\t\t\t\t\t\t\t\t<div data-pm-slice=\"1 1 []\" data-en-clipboard=\"true\"><p>The <strong>\"Hienoa yhteisty\u00f6t\u00e4<\/strong> n\u00e4ytet\u00e4\u00e4n suositun sarjan 9. jaksossa. <strong>\"Gradido suosikkikaupungissa\" <\/strong>nimenomaisesti nimetty ensimm\u00e4ist\u00e4 kertaa. Periaatteessa kaikki t\u00e4ss\u00e4 esitetyt ideat ja mahdollisuudet perustuvat asukkaiden esimerkilliseen yhteisty\u00f6h\u00f6n, joka perustuu pitk\u00e4lti vapaaehtoisuuteen. Vapaaehtoisty\u00f6n palkitsemisj\u00e4rjestelm\u00e4n \"Gradido\" avulla vapaaehtoisty\u00f6st\u00e4 maksetaan 20 gradidoa tunnilta. Gradidoilla on monia etuja ja alennuksia. Lis\u00e4ksi asukkaiden kesken k\u00e4yd\u00e4\u00e4n vilkasta vuorovaikutusta. T\u00e4m\u00e4 v\u00e4hent\u00e4\u00e4 kaikkien osapuolten kustannuksia ja tekee suurista hankkeista mahdollisia.<\/p><p><strong>Toimita t\u00e4m\u00e4 sarja rohkeasti eteenp\u00e4in kaupunginvaltuustolle, yhdistyksille ja ammattihenkil\u00f6ille!<\/strong><\/p><p>Jos emme tee mit\u00e4\u00e4n, sy\u00f6ksykierre jatkuu. Suuret sy\u00f6v\u00e4t edelleen pieni\u00e4, ja keskiluokka menee nurin.<\/p><p>Gradidon ja Suuren yhteisty\u00f6n avulla luomme nousukierteit\u00e4 kohti my\u00f6nteist\u00e4 ja kest\u00e4v\u00e4\u00e4 tulevaisuutta. Yhdess\u00e4 muutamme kaupunkimme ja taajamamme elinvoimaisiksi kukoistaviksi keitaiksi - lempipaikoiksemme!<\/p><p>Yst\u00e4v\u00e4llisin terveisin<\/p><\/div><p>Teid\u00e4n<\/p><p><img decoding=\"async\" class=\"alignnone wp-image-4614 size-medium\" src=\"https:\/\/gradido.net\/wp-content\/uploads\/2022\/06\/MargretBernd_2022-300x74.png\" alt=\"\" width=\"300\" height=\"74\" srcset=\"https:\/\/gradido.net\/wp-content\/uploads\/2022\/06\/MargretBernd_2022-300x74.png 300w, https:\/\/gradido.net\/wp-content\/uploads\/2022\/06\/MargretBernd_2022-18x4.png 18w, https:\/\/gradido.net\/wp-content\/uploads\/2022\/06\/MargretBernd_2022.png 431w\" sizes=\"(max-width: 300px) 100vw, 300px\" \/><\/p><p>Margret Baier ja Bernd H\u00fcckst\u00e4dt<br \/>Gradidon perustaja ja kehitt\u00e4j\u00e4<\/p>\t\t\t\t\t\t\t\t<\/div>\n\t\t\t\t<\/div>\n\t\t\t\t\t<\/div>\n\t\t<\/div>\n\t\t\t\t\t<\/div>\n\t\t<\/section>\n\t\t\t\t<section class=\"elementor-section elementor-top-section elementor-element elementor-element-5d177dc elementor-section-boxed elementor-section-height-default elementor-section-height-default\" data-id=\"5d177dc\" data-element_type=\"section\" data-e-type=\"section\">\n\t\t\t\t\t\t<div class=\"elementor-container elementor-column-gap-default\">\n\t\t\t\t\t<div class=\"elementor-column elementor-col-100 elementor-top-column elementor-element elementor-element-65565f1\" data-id=\"65565f1\" data-element_type=\"column\" data-e-type=\"column\">\n\t\t\t<div class=\"elementor-widget-wrap elementor-element-populated\">\n\t\t\t\t\t\t<div class=\"elementor-element elementor-element-8b50bbe elementor-position-inline-start white-links elementor-widget__width-initial elementor-view-default elementor-mobile-position-block-start elementor-widget elementor-widget-icon-box\" data-id=\"8b50bbe\" data-element_type=\"widget\" data-e-type=\"widget\" data-no-translation=\"\" data-widget_type=\"icon-box.default\">\n\t\t\t\t<div class=\"elementor-widget-container\">\n\t\t\t\t\t<style>.elementor-element-8b50bbe{display:none !important}<\/style>\t\t\t\t<\/div>\n\t\t\t\t<\/div>\n\t\t\t\t\t<\/div>\n\t\t<\/div>\n\t\t\t\t\t<\/div>\n\t\t<\/section>\n\t\t\t\t<section class=\"elementor-section elementor-top-section elementor-element elementor-element-14532fe elementor-section-boxed elementor-section-height-default elementor-section-height-default\" data-id=\"14532fe\" data-element_type=\"section\" data-e-type=\"section\">\n\t\t\t\t\t\t<div class=\"elementor-container elementor-column-gap-default\">\n\t\t\t\t\t<div class=\"elementor-column elementor-col-100 elementor-top-column elementor-element elementor-element-65d2298\" data-id=\"65d2298\" data-element_type=\"column\" data-e-type=\"column\">\n\t\t\t<div class=\"elementor-widget-wrap elementor-element-populated\">\n\t\t\t\t\t\t<div class=\"elementor-element elementor-element-42cd706 elementor-widget elementor-widget-global elementor-global-9341 elementor-widget-text-editor\" data-id=\"42cd706\" data-element_type=\"widget\" data-e-type=\"widget\" data-widget_type=\"text-editor.default\">\n\t\t\t\t<div class=\"elementor-widget-container\">\n\t\t\t\t\t\t\t\t\t<p><strong>PS:\u00a0<span style=\"color: #ff6600;\"><a style=\"color: #ff6600;\" href=\"https:\/\/gradido.net\/fi\/donations\/\">Koska Gradidon merkitys kasvaa jatkuvasti, toistamme kiitollisuuskampanjamme 26. kes\u00e4kuuta 2026:<\/a>\u00a0<\/span><span style=\"color: #0000ff;\"><a style=\"color: #0000ff;\" href=\"https:\/\/gradido.net\/fi\/donations\/\">Sen lis\u00e4ksi, ett\u00e4 saamme sponsorointirahoituksestasi moninkertaisen GradidoTransformin, lis\u00e4\u00e4mme kaikkien GDT-tilien saldoja 26%:ll\u00e4 26.6.2016. Sponsoroi nyt ja nauti moninkertaisesta m\u00e4\u00e4r\u00e4st\u00e4 GDT:t\u00e4!<\/a><\/span><\/strong><\/p>\t\t\t\t\t\t\t\t<\/div>\n\t\t\t\t<\/div>\n\t\t\t\t\t<\/div>\n\t\t<\/div>\n\t\t\t\t\t<\/div>\n\t\t<\/section>\n\t\t\t\t<\/div>","protected":false},"excerpt":{"rendered":"<p>Suuri yhteisty\u00f6 -hanke k\u00e4ynnistet\u00e4\u00e4n. Siihen kuuluu tilojen ja laitteiden yhteisk\u00e4ytt\u00f6 sek\u00e4 monialainen koulutus ja vilkas vapaaehtoisten v\u00e4linen vaihto.<\/p>","protected":false},"author":2,"featured_media":7443,"comment_status":"closed","ping_status":"closed","sticky":false,"template":"","format":"standard","meta":{"footnotes":""},"categories":[11,53],"tags":[22],"class_list":["post-7440","post","type-post","status-publish","format-standard","has-post-thumbnail","hentry","category-blog","category-lieblingsstadt","tag-bild-oben"],"yoast_head":"<!-- This site is optimized with the Yoast SEO plugin v27.4 - https:\/\/yoast.com\/product\/yoast-seo-wordpress\/ -->\n<title>Lieblingsstadt 9 \u2013 Vereine kooperieren: Engel, Athleten und Musikanten - Gradido<\/title>\n<meta name=\"description\" content=\"Das Projekt \u201aGro\u00dfe Kooperation\u2018 wird ins Leben gerufen. Es umfasst die gemeinsame Nutzung von R\u00e4umlichkeiten und Ausr\u00fcstung sowie interdisziplin\u00e4re Ausbildungen und regen Austausch zwischen den Freiwilligen.\" \/>\n<meta name=\"robots\" content=\"index, follow, max-snippet:-1, max-image-preview:large, max-video-preview:-1\" \/>\n<link rel=\"canonical\" href=\"https:\/\/gradido.net\/fi\/lieblingsstadt-9-vereine-kooperieren-engel-athleten-und-musikanten\/\" \/>\n<meta property=\"og:locale\" content=\"fi_FI\" \/>\n<meta property=\"og:type\" content=\"article\" \/>\n<meta property=\"og:title\" content=\"Lieblingsstadt 9 \u2013 Vereine kooperieren: Engel, Athleten und Musikanten - Gradido\" \/>\n<meta property=\"og:description\" content=\"Das Projekt \u201aGro\u00dfe Kooperation\u2018 wird ins Leben gerufen. Es umfasst die gemeinsame Nutzung von R\u00e4umlichkeiten und Ausr\u00fcstung sowie interdisziplin\u00e4re Ausbildungen und regen Austausch zwischen den Freiwilligen.\" \/>\n<meta property=\"og:url\" content=\"https:\/\/gradido.net\/fi\/lieblingsstadt-9-vereine-kooperieren-engel-athleten-und-musikanten\/\" \/>\n<meta property=\"og:site_name\" content=\"Gradido\" \/>\n<meta property=\"article:published_time\" content=\"2023-08-31T04:29:18+00:00\" \/>\n<meta property=\"article:modified_time\" content=\"2026-04-23T05:10:00+00:00\" \/>\n<meta property=\"og:image\" content=\"https:\/\/gradido.net\/wp-content\/uploads\/2023\/09\/Rettungsdienst_Frau_1920.jpg\" \/>\n\t<meta property=\"og:image:width\" content=\"1920\" \/>\n\t<meta property=\"og:image:height\" content=\"1200\" \/>\n\t<meta property=\"og:image:type\" content=\"image\/jpeg\" \/>\n<meta name=\"author\" content=\"Bernd H\u00fcckst\u00e4dt\" \/>\n<meta name=\"twitter:card\" content=\"summary_large_image\" \/>\n<meta name=\"twitter:label1\" content=\"Kirjoittanut\" \/>\n\t<meta name=\"twitter:data1\" content=\"Bernd H\u00fcckst\u00e4dt\" \/>\n\t<meta name=\"twitter:label2\" content=\"Arvioitu lukuaika\" \/>\n\t<meta name=\"twitter:data2\" content=\"4 minuuttia\" \/>\n<script type=\"application\/ld+json\" class=\"yoast-schema-graph\">{\"@context\":\"https:\\\/\\\/schema.org\",\"@graph\":[{\"@type\":\"Article\",\"@id\":\"https:\\\/\\\/gradido.net\\\/lieblingsstadt-9-vereine-kooperieren-engel-athleten-und-musikanten\\\/#article\",\"isPartOf\":{\"@id\":\"https:\\\/\\\/gradido.net\\\/lieblingsstadt-9-vereine-kooperieren-engel-athleten-und-musikanten\\\/\"},\"author\":{\"name\":\"Bernd H\u00fcckst\u00e4dt\",\"@id\":\"https:\\\/\\\/gradido.net\\\/de\\\/#\\\/schema\\\/person\\\/9c503a004ad15a1ddecadce2218db5d1\"},\"headline\":\"Lieblingsstadt 9 \u2013 Vereine kooperieren: Engel, Athleten und Musikanten\",\"datePublished\":\"2023-08-31T04:29:18+00:00\",\"dateModified\":\"2026-04-23T05:10:00+00:00\",\"mainEntityOfPage\":{\"@id\":\"https:\\\/\\\/gradido.net\\\/lieblingsstadt-9-vereine-kooperieren-engel-athleten-und-musikanten\\\/\"},\"wordCount\":636,\"publisher\":{\"@id\":\"https:\\\/\\\/gradido.net\\\/de\\\/#organization\"},\"image\":{\"@id\":\"https:\\\/\\\/gradido.net\\\/lieblingsstadt-9-vereine-kooperieren-engel-athleten-und-musikanten\\\/#primaryimage\"},\"thumbnailUrl\":\"https:\\\/\\\/gradido.net\\\/wp-content\\\/uploads\\\/2023\\\/09\\\/Rettungsdienst_Frau_1920.jpg\",\"keywords\":[\"Bild oben\"],\"articleSection\":[\"Blog\",\"Lieblingsstadt\"],\"inLanguage\":\"fi\"},{\"@type\":\"WebPage\",\"@id\":\"https:\\\/\\\/gradido.net\\\/lieblingsstadt-9-vereine-kooperieren-engel-athleten-und-musikanten\\\/\",\"url\":\"https:\\\/\\\/gradido.net\\\/lieblingsstadt-9-vereine-kooperieren-engel-athleten-und-musikanten\\\/\",\"name\":\"Lieblingsstadt 9 \u2013 Vereine kooperieren: Engel, Athleten und Musikanten - Gradido\",\"isPartOf\":{\"@id\":\"https:\\\/\\\/gradido.net\\\/de\\\/#website\"},\"primaryImageOfPage\":{\"@id\":\"https:\\\/\\\/gradido.net\\\/lieblingsstadt-9-vereine-kooperieren-engel-athleten-und-musikanten\\\/#primaryimage\"},\"image\":{\"@id\":\"https:\\\/\\\/gradido.net\\\/lieblingsstadt-9-vereine-kooperieren-engel-athleten-und-musikanten\\\/#primaryimage\"},\"thumbnailUrl\":\"https:\\\/\\\/gradido.net\\\/wp-content\\\/uploads\\\/2023\\\/09\\\/Rettungsdienst_Frau_1920.jpg\",\"datePublished\":\"2023-08-31T04:29:18+00:00\",\"dateModified\":\"2026-04-23T05:10:00+00:00\",\"description\":\"Das Projekt \u201aGro\u00dfe Kooperation\u2018 wird ins Leben gerufen. Es umfasst die gemeinsame Nutzung von R\u00e4umlichkeiten und Ausr\u00fcstung sowie interdisziplin\u00e4re Ausbildungen und regen Austausch zwischen den Freiwilligen.\",\"breadcrumb\":{\"@id\":\"https:\\\/\\\/gradido.net\\\/lieblingsstadt-9-vereine-kooperieren-engel-athleten-und-musikanten\\\/#breadcrumb\"},\"inLanguage\":\"fi\",\"potentialAction\":[{\"@type\":\"ReadAction\",\"target\":[\"https:\\\/\\\/gradido.net\\\/lieblingsstadt-9-vereine-kooperieren-engel-athleten-und-musikanten\\\/\"]}]},{\"@type\":\"ImageObject\",\"inLanguage\":\"fi\",\"@id\":\"https:\\\/\\\/gradido.net\\\/lieblingsstadt-9-vereine-kooperieren-engel-athleten-und-musikanten\\\/#primaryimage\",\"url\":\"https:\\\/\\\/gradido.net\\\/wp-content\\\/uploads\\\/2023\\\/09\\\/Rettungsdienst_Frau_1920.jpg\",\"contentUrl\":\"https:\\\/\\\/gradido.net\\\/wp-content\\\/uploads\\\/2023\\\/09\\\/Rettungsdienst_Frau_1920.jpg\",\"width\":1920,\"height\":1200},{\"@type\":\"BreadcrumbList\",\"@id\":\"https:\\\/\\\/gradido.net\\\/lieblingsstadt-9-vereine-kooperieren-engel-athleten-und-musikanten\\\/#breadcrumb\",\"itemListElement\":[{\"@type\":\"ListItem\",\"position\":1,\"name\":\"Startseite\",\"item\":\"https:\\\/\\\/gradido.net\\\/\"},{\"@type\":\"ListItem\",\"position\":2,\"name\":\"Lieblingsstadt 9 \u2013 Vereine kooperieren: Engel, Athleten und Musikanten\"}]},{\"@type\":\"WebSite\",\"@id\":\"https:\\\/\\\/gradido.net\\\/de\\\/#website\",\"url\":\"https:\\\/\\\/gradido.net\\\/de\\\/\",\"name\":\"Gradido\",\"description\":\"Die neue W\u00e4hrung hei\u00dft Dankbarkeit\",\"publisher\":{\"@id\":\"https:\\\/\\\/gradido.net\\\/de\\\/#organization\"},\"potentialAction\":[{\"@type\":\"SearchAction\",\"target\":{\"@type\":\"EntryPoint\",\"urlTemplate\":\"https:\\\/\\\/gradido.net\\\/de\\\/?s={search_term_string}\"},\"query-input\":{\"@type\":\"PropertyValueSpecification\",\"valueRequired\":true,\"valueName\":\"search_term_string\"}}],\"inLanguage\":\"fi\"},{\"@type\":\"Organization\",\"@id\":\"https:\\\/\\\/gradido.net\\\/de\\\/#organization\",\"name\":\"Gradido\",\"url\":\"https:\\\/\\\/gradido.net\\\/de\\\/\",\"logo\":{\"@type\":\"ImageObject\",\"inLanguage\":\"fi\",\"@id\":\"https:\\\/\\\/gradido.net\\\/de\\\/#\\\/schema\\\/logo\\\/image\\\/\",\"url\":\"https:\\\/\\\/gradido.net\\\/wp-content\\\/uploads\\\/2022\\\/04\\\/gradido-social.jpg\",\"contentUrl\":\"https:\\\/\\\/gradido.net\\\/wp-content\\\/uploads\\\/2022\\\/04\\\/gradido-social.jpg\",\"width\":527,\"height\":273,\"caption\":\"Gradido\"},\"image\":{\"@id\":\"https:\\\/\\\/gradido.net\\\/de\\\/#\\\/schema\\\/logo\\\/image\\\/\"}},{\"@type\":\"Person\",\"@id\":\"https:\\\/\\\/gradido.net\\\/de\\\/#\\\/schema\\\/person\\\/9c503a004ad15a1ddecadce2218db5d1\",\"name\":\"Bernd H\u00fcckst\u00e4dt\",\"sameAs\":[\"https:\\\/\\\/gradido.net\"],\"url\":\"https:\\\/\\\/gradido.net\\\/fi\\\/author\\\/bernd\\\/\"}]}<\/script>\n<!-- \/ Yoast SEO plugin. -->","yoast_head_json":{"title":"Suosikkikaupunki 9 - Seurat tekev\u00e4t yhteisty\u00f6t\u00e4: Enkelit, urheilijat ja muusikot - Gradido","description":"Suuri yhteisty\u00f6 -hanke k\u00e4ynnistet\u00e4\u00e4n. Siihen kuuluu tilojen ja laitteiden yhteisk\u00e4ytt\u00f6 sek\u00e4 monialainen koulutus ja vilkas vapaaehtoisten v\u00e4linen vaihto.","robots":{"index":"index","follow":"follow","max-snippet":"max-snippet:-1","max-image-preview":"max-image-preview:large","max-video-preview":"max-video-preview:-1"},"canonical":"https:\/\/gradido.net\/fi\/lieblingsstadt-9-vereine-kooperieren-engel-athleten-und-musikanten\/","og_locale":"fi_FI","og_type":"article","og_title":"Lieblingsstadt 9 \u2013 Vereine kooperieren: Engel, Athleten und Musikanten - Gradido","og_description":"Das Projekt \u201aGro\u00dfe Kooperation\u2018 wird ins Leben gerufen. Es umfasst die gemeinsame Nutzung von R\u00e4umlichkeiten und Ausr\u00fcstung sowie interdisziplin\u00e4re Ausbildungen und regen Austausch zwischen den Freiwilligen.","og_url":"https:\/\/gradido.net\/fi\/lieblingsstadt-9-vereine-kooperieren-engel-athleten-und-musikanten\/","og_site_name":"Gradido","article_published_time":"2023-08-31T04:29:18+00:00","article_modified_time":"2026-04-23T05:10:00+00:00","og_image":[{"width":1920,"height":1200,"url":"https:\/\/gradido.net\/wp-content\/uploads\/2023\/09\/Rettungsdienst_Frau_1920.jpg","type":"image\/jpeg"}],"author":"Bernd H\u00fcckst\u00e4dt","twitter_card":"summary_large_image","twitter_misc":{"Kirjoittanut":"Bernd H\u00fcckst\u00e4dt","Arvioitu lukuaika":"4 minuuttia"},"schema":{"@context":"https:\/\/schema.org","@graph":[{"@type":"Article","@id":"https:\/\/gradido.net\/lieblingsstadt-9-vereine-kooperieren-engel-athleten-und-musikanten\/#article","isPartOf":{"@id":"https:\/\/gradido.net\/lieblingsstadt-9-vereine-kooperieren-engel-athleten-und-musikanten\/"},"author":{"name":"Bernd H\u00fcckst\u00e4dt","@id":"https:\/\/gradido.net\/de\/#\/schema\/person\/9c503a004ad15a1ddecadce2218db5d1"},"headline":"Lieblingsstadt 9 \u2013 Vereine kooperieren: Engel, Athleten und Musikanten","datePublished":"2023-08-31T04:29:18+00:00","dateModified":"2026-04-23T05:10:00+00:00","mainEntityOfPage":{"@id":"https:\/\/gradido.net\/lieblingsstadt-9-vereine-kooperieren-engel-athleten-und-musikanten\/"},"wordCount":636,"publisher":{"@id":"https:\/\/gradido.net\/de\/#organization"},"image":{"@id":"https:\/\/gradido.net\/lieblingsstadt-9-vereine-kooperieren-engel-athleten-und-musikanten\/#primaryimage"},"thumbnailUrl":"https:\/\/gradido.net\/wp-content\/uploads\/2023\/09\/Rettungsdienst_Frau_1920.jpg","keywords":["Bild oben"],"articleSection":["Blog","Lieblingsstadt"],"inLanguage":"fi"},{"@type":"WebPage","@id":"https:\/\/gradido.net\/lieblingsstadt-9-vereine-kooperieren-engel-athleten-und-musikanten\/","url":"https:\/\/gradido.net\/lieblingsstadt-9-vereine-kooperieren-engel-athleten-und-musikanten\/","name":"Suosikkikaupunki 9 - Seurat tekev\u00e4t yhteisty\u00f6t\u00e4: Enkelit, urheilijat ja muusikot - Gradido","isPartOf":{"@id":"https:\/\/gradido.net\/de\/#website"},"primaryImageOfPage":{"@id":"https:\/\/gradido.net\/lieblingsstadt-9-vereine-kooperieren-engel-athleten-und-musikanten\/#primaryimage"},"image":{"@id":"https:\/\/gradido.net\/lieblingsstadt-9-vereine-kooperieren-engel-athleten-und-musikanten\/#primaryimage"},"thumbnailUrl":"https:\/\/gradido.net\/wp-content\/uploads\/2023\/09\/Rettungsdienst_Frau_1920.jpg","datePublished":"2023-08-31T04:29:18+00:00","dateModified":"2026-04-23T05:10:00+00:00","description":"Suuri yhteisty\u00f6 -hanke k\u00e4ynnistet\u00e4\u00e4n. Siihen kuuluu tilojen ja laitteiden yhteisk\u00e4ytt\u00f6 sek\u00e4 monialainen koulutus ja vilkas vapaaehtoisten v\u00e4linen vaihto.","breadcrumb":{"@id":"https:\/\/gradido.net\/lieblingsstadt-9-vereine-kooperieren-engel-athleten-und-musikanten\/#breadcrumb"},"inLanguage":"fi","potentialAction":[{"@type":"ReadAction","target":["https:\/\/gradido.net\/lieblingsstadt-9-vereine-kooperieren-engel-athleten-und-musikanten\/"]}]},{"@type":"ImageObject","inLanguage":"fi","@id":"https:\/\/gradido.net\/lieblingsstadt-9-vereine-kooperieren-engel-athleten-und-musikanten\/#primaryimage","url":"https:\/\/gradido.net\/wp-content\/uploads\/2023\/09\/Rettungsdienst_Frau_1920.jpg","contentUrl":"https:\/\/gradido.net\/wp-content\/uploads\/2023\/09\/Rettungsdienst_Frau_1920.jpg","width":1920,"height":1200},{"@type":"BreadcrumbList","@id":"https:\/\/gradido.net\/lieblingsstadt-9-vereine-kooperieren-engel-athleten-und-musikanten\/#breadcrumb","itemListElement":[{"@type":"ListItem","position":1,"name":"Startseite","item":"https:\/\/gradido.net\/"},{"@type":"ListItem","position":2,"name":"Lieblingsstadt 9 \u2013 Vereine kooperieren: Engel, Athleten und Musikanten"}]},{"@type":"WebSite","@id":"https:\/\/gradido.net\/de\/#website","url":"https:\/\/gradido.net\/de\/","name":"Gradido","description":"Uusi valuutta on kiitollisuus","publisher":{"@id":"https:\/\/gradido.net\/de\/#organization"},"potentialAction":[{"@type":"SearchAction","target":{"@type":"EntryPoint","urlTemplate":"https:\/\/gradido.net\/de\/?s={search_term_string}"},"query-input":{"@type":"PropertyValueSpecification","valueRequired":true,"valueName":"search_term_string"}}],"inLanguage":"fi"},{"@type":"Organization","@id":"https:\/\/gradido.net\/de\/#organization","name":"Gradido","url":"https:\/\/gradido.net\/de\/","logo":{"@type":"ImageObject","inLanguage":"fi","@id":"https:\/\/gradido.net\/de\/#\/schema\/logo\/image\/","url":"https:\/\/gradido.net\/wp-content\/uploads\/2022\/04\/gradido-social.jpg","contentUrl":"https:\/\/gradido.net\/wp-content\/uploads\/2022\/04\/gradido-social.jpg","width":527,"height":273,"caption":"Gradido"},"image":{"@id":"https:\/\/gradido.net\/de\/#\/schema\/logo\/image\/"}},{"@type":"Person","@id":"https:\/\/gradido.net\/de\/#\/schema\/person\/9c503a004ad15a1ddecadce2218db5d1","name":"Bernd H\u00fcckst\u00e4dt","sameAs":["https:\/\/gradido.net"],"url":"https:\/\/gradido.net\/fi\/author\/bernd\/"}]}},"_links":{"self":[{"href":"https:\/\/gradido.net\/fi\/wp-json\/wp\/v2\/posts\/7440","targetHints":{"allow":["GET"]}}],"collection":[{"href":"https:\/\/gradido.net\/fi\/wp-json\/wp\/v2\/posts"}],"about":[{"href":"https:\/\/gradido.net\/fi\/wp-json\/wp\/v2\/types\/post"}],"author":[{"embeddable":true,"href":"https:\/\/gradido.net\/fi\/wp-json\/wp\/v2\/users\/2"}],"replies":[{"embeddable":true,"href":"https:\/\/gradido.net\/fi\/wp-json\/wp\/v2\/comments?post=7440"}],"version-history":[{"count":49,"href":"https:\/\/gradido.net\/fi\/wp-json\/wp\/v2\/posts\/7440\/revisions"}],"predecessor-version":[{"id":13541,"href":"https:\/\/gradido.net\/fi\/wp-json\/wp\/v2\/posts\/7440\/revisions\/13541"}],"wp:featuredmedia":[{"embeddable":true,"href":"https:\/\/gradido.net\/fi\/wp-json\/wp\/v2\/media\/7443"}],"wp:attachment":[{"href":"https:\/\/gradido.net\/fi\/wp-json\/wp\/v2\/media?parent=7440"}],"wp:term":[{"taxonomy":"category","embeddable":true,"href":"https:\/\/gradido.net\/fi\/wp-json\/wp\/v2\/categories?post=7440"},{"taxonomy":"post_tag","embeddable":true,"href":"https:\/\/gradido.net\/fi\/wp-json\/wp\/v2\/tags?post=7440"}],"curies":[{"name":"wp","href":"https:\/\/api.w.org\/{rel}","templated":true}]}}