{"id":7478,"date":"2023-09-03T07:06:58","date_gmt":"2023-09-03T05:06:58","guid":{"rendered":"https:\/\/gradido.net\/?p=7478"},"modified":"2026-04-23T07:09:20","modified_gmt":"2026-04-23T05:09:20","slug":"lieblingsstadt-10-die-stadt-wird-wieder-sicher","status":"publish","type":"post","link":"https:\/\/gradido.net\/fi\/lieblingsstadt-10-die-stadt-wird-wieder-sicher\/","title":{"rendered":"Suosikkikaupunki 10 - Kaupungista tulee j\u00e4lleen turvallinen."},"content":{"rendered":"<div data-elementor-type=\"wp-post\" data-elementor-id=\"7478\" class=\"elementor elementor-7478\" data-elementor-post-type=\"post\">\n\t\t\t\t\t\t<section class=\"elementor-section elementor-top-section elementor-element elementor-element-496e1d53 elementor-section-boxed elementor-section-height-default elementor-section-height-default\" data-id=\"496e1d53\" data-element_type=\"section\" data-e-type=\"section\">\n\t\t\t\t\t\t<div class=\"elementor-container elementor-column-gap-default\">\n\t\t\t\t\t<div class=\"elementor-column elementor-col-100 elementor-top-column elementor-element elementor-element-461d7be0\" data-id=\"461d7be0\" data-element_type=\"column\" data-e-type=\"column\">\n\t\t\t<div class=\"elementor-widget-wrap elementor-element-populated\">\n\t\t\t\t\t\t<div class=\"elementor-element elementor-element-cd9ebe2 elementor-widget elementor-widget-text-editor\" data-id=\"cd9ebe2\" data-element_type=\"widget\" data-e-type=\"widget\" data-widget_type=\"text-editor.default\">\n\t\t\t\t<div class=\"elementor-widget-container\">\n\t\t\t\t\t\t\t\t\t<p style=\"text-align: right;\"><em>\"Meit\u00e4 on monta. Yhdess\u00e4 teemme kaupungista turvallisen valvomatta ihmisi\u00e4.\"<\/em><\/p><p>Hyv\u00e4 lukija,<\/p><p>Jopa Lieblingsstadtissa, joka on tunnettu avoimuudestaan ja auttamishalukkuudestaan, pakolaiskriisin seuraukset tuntuivat selv\u00e4sti. V\u00e4kivaltaiset hy\u00f6kk\u00e4ykset muodostivat uuden haasteen ja horjuttivat t\u00e4m\u00e4n rauhallisen kaupungin muuten rauhallista el\u00e4m\u00e4\u00e4. Poliisi reagoi tilanteeseen ottamalla k\u00e4ytt\u00f6\u00f6n itsepuolustuskursseja.<\/p>\t\t\t\t\t\t\t\t<\/div>\n\t\t\t\t<\/div>\n\t\t\t\t<div class=\"elementor-element elementor-element-b482206 elementor-widget elementor-widget-image\" data-id=\"b482206\" data-element_type=\"widget\" data-e-type=\"widget\" data-widget_type=\"image.default\">\n\t\t\t\t<div class=\"elementor-widget-container\">\n\t\t\t\t\t\t\t\t\t\t\t\t\t\t\t<img fetchpriority=\"high\" decoding=\"async\" width=\"500\" height=\"340\" src=\"https:\/\/gradido.net\/wp-content\/uploads\/2023\/09\/Selbstverteidigung_500.jpg\" class=\"attachment-full size-full wp-image-7482\" alt=\"\" srcset=\"https:\/\/gradido.net\/wp-content\/uploads\/2023\/09\/Selbstverteidigung_500.jpg 500w, https:\/\/gradido.net\/wp-content\/uploads\/2023\/09\/Selbstverteidigung_500-300x204.jpg 300w, https:\/\/gradido.net\/wp-content\/uploads\/2023\/09\/Selbstverteidigung_500-18x12.jpg 18w\" sizes=\"(max-width: 500px) 100vw, 500px\" \/>\t\t\t\t\t\t\t\t\t\t\t\t\t\t\t<\/div>\n\t\t\t\t<\/div>\n\t\t\t\t<div class=\"elementor-element elementor-element-c5e61d4 elementor-widget elementor-widget-text-editor\" data-id=\"c5e61d4\" data-element_type=\"widget\" data-e-type=\"widget\" data-widget_type=\"text-editor.default\">\n\t\t\t\t<div class=\"elementor-widget-container\">\n\t\t\t\t\t\t\t\t\t<p>N\u00e4m\u00e4 kurssit, jotka ovat avoimia sek\u00e4 naisille ett\u00e4 miehille, ovat nopeasti tulossa suosituiksi. Ne antavat kansalaisille k\u00e4yt\u00e4nn\u00f6n taitoja oman turvallisuutensa takaamiseksi, mutta my\u00f6s vahvistavat heid\u00e4n yhteis\u00f6llisyytt\u00e4\u00e4n ja solidaarisuuttaan.<\/p><p>N\u00e4m\u00e4 kurssit eiv\u00e4t kuitenkaan riit\u00e4 palauttamaan t\u00e4ysin turvallisuutta suosikkikaupunkeihin.\u00a0<\/p><h3>Suuri yhteisty\u00f6 poliisin, turvallisuus- ja urheiluseurojen kanssa<\/h3><p>Klubien suuren yhteisty\u00f6n menestyksen rohkaisemana pormestari Michael Miteinand ehdottaa \"Suurta turvallisuusyhteisty\u00f6t\u00e4\". Poliisi, turvallisuusyritykset, urheiluseurat, kuntosalit, moottoripy\u00f6r\u00e4kerhot ja asiasta kiinnostuneet kansalaiset kokoontuvat yhteen.<\/p><p>\"Meit\u00e4 on monta. Yhdess\u00e4 teemme kaupungista turvallisen valvomatta ihmisi\u00e4\", Miteinand innostaa kansalaisiaan.<\/p><h3>Rauhanomaiset sankarit<\/h3><p>Hankkeen nimi on <strong>'Suosikki City Heroes'.<\/strong> Sankareiden tavoitteena on varmistaa kaupungin turvallisuus. Yhteisty\u00f6ss\u00e4 he kehitt\u00e4v\u00e4t erityisi\u00e4 \"sankarikoulutuksia\", jotka sis\u00e4lt\u00e4v\u00e4t itsepuolustusta sek\u00e4 tarvittavia oikeudellisia perusasioita, de-eskalointimenetelmi\u00e4 ja selkeit\u00e4 k\u00e4ytt\u00e4ytymiss\u00e4\u00e4nt\u00f6j\u00e4 v\u00e4kivaltaisen hy\u00f6kk\u00e4yksen sattuessa.<\/p><h3>Meit\u00e4 on monia<\/h3><p>Asukkaiden kiinnostus on valtava. Monet haluavat olla sankareita ja edist\u00e4\u00e4 jollain tavalla yhteist\u00e4 turvallisuutta. V\u00e4hemm\u00e4n urheilulliset osallistuvat j\u00e4rjest\u00f6toimintaan. He j\u00e4rjest\u00e4v\u00e4t hetkess\u00e4, ett\u00e4 sankareita on liikkeell\u00e4 ymp\u00e4ri vuorokauden heid\u00e4n suosikkikaupungissaan. Monet yhdist\u00e4v\u00e4t t\u00e4m\u00e4n ty\u00f6h\u00f6n, ostoksille menoon, k\u00e4velyyn, py\u00f6r\u00e4ilyyn tai lenkkeilyyn.<\/p><p>Moottoripy\u00f6r\u00e4sankarit perustivat h\u00e4t\u00e4ryhm\u00e4n Telegramiin ja ovat heti paikalla h\u00e4lytyksen sattuessa. Kerran, kun jotkut nuoret miehet halusivat aloittaa mellakan diskon edess\u00e4 y\u00f6ll\u00e4, 20 moottoripy\u00f6r\u00e4sankaria oli paikalla 10 minuutissa, ja spektaakkeli oli ohi.<\/p><p>Kun rauhanomaisia sankareita on n\u00e4in paljon, kukaan ei en\u00e4\u00e4 uskalla tunkeutua.<\/p>\t\t\t\t\t\t\t\t<\/div>\n\t\t\t\t<\/div>\n\t\t\t\t<div class=\"elementor-element elementor-element-f223bb6 elementor-widget elementor-widget-image\" data-id=\"f223bb6\" data-element_type=\"widget\" data-e-type=\"widget\" data-widget_type=\"image.default\">\n\t\t\t\t<div class=\"elementor-widget-container\">\n\t\t\t\t\t\t\t\t\t\t\t\t\t\t\t<img decoding=\"async\" width=\"500\" height=\"500\" src=\"https:\/\/gradido.net\/wp-content\/uploads\/2023\/09\/Heldenpolizei_500.jpg\" class=\"attachment-full size-full wp-image-7484\" alt=\"\" srcset=\"https:\/\/gradido.net\/wp-content\/uploads\/2023\/09\/Heldenpolizei_500.jpg 500w, https:\/\/gradido.net\/wp-content\/uploads\/2023\/09\/Heldenpolizei_500-300x300.jpg 300w, https:\/\/gradido.net\/wp-content\/uploads\/2023\/09\/Heldenpolizei_500-150x150.jpg 150w, https:\/\/gradido.net\/wp-content\/uploads\/2023\/09\/Heldenpolizei_500-12x12.jpg 12w\" sizes=\"(max-width: 500px) 100vw, 500px\" \/>\t\t\t\t\t\t\t\t\t\t\t\t\t\t\t<\/div>\n\t\t\t\t<\/div>\n\t\t\t\t<div class=\"elementor-element elementor-element-0499f3c elementor-widget elementor-widget-text-editor\" data-id=\"0499f3c\" data-element_type=\"widget\" data-e-type=\"widget\" data-widget_type=\"text-editor.default\">\n\t\t\t\t<div class=\"elementor-widget-container\">\n\t\t\t\t\t\t\t\t\t<p>Tiivis yhteisty\u00f6 paikallisen poliisin kanssa tekee Favourite Cityn sankareista yleisen turvallisuuden takaajan.<\/p><h3>Palkkaus Gradidon kanssa<\/h3><p>Gradido-vapaaehtoisty\u00f6n korvausj\u00e4rjestelm\u00e4n avulla \"sankarit\" saavat 20 gradidoa tunnilta ty\u00f6st\u00e4\u00e4n. T\u00e4m\u00e4n he voivat lunastaa paikallisissa liikkeiss\u00e4 anteliaisiin Gradido-alennuksiin ja -etuihin. N\u00e4in he s\u00e4\u00e4st\u00e4v\u00e4t elinkustannuksissa ja heill\u00e4 on varaa toiveisiin, jotka muuten olisivat j\u00e4\u00e4neet t\u00e4ytt\u00e4m\u00e4tt\u00e4.<\/p><p>Erityisen t\u00e4rke\u00e4\u00e4 heille on kuitenkin omistajuuden, turvallisuuden ja rauhan lis\u00e4\u00e4ntyminen heid\u00e4n rakkaassa kotikaupungissaan.<\/p><h3>Turvallinen ja puhdas, ymp\u00e4ri vuorokauden<\/h3><p>Lyhyen ajan kuluttua Favourite City on j\u00e4lleen turvallinen. Ja ilman mink\u00e4\u00e4nlaista valvontaa, sill\u00e4 pelk\u00e4st\u00e4\u00e4n monien hyvin koulutettujen sankareiden l\u00e4sn\u00e4olo takaa, ettei hy\u00f6kk\u00e4yksi\u00e4 tapahdu. Asukkaat voivat liikkua turvallisesti p\u00e4ivin ja \u00f6in ja nauttia el\u00e4m\u00e4st\u00e4\u00e4n t\u00e4ysill\u00e4.\u00a0<\/p><p>Ja jokin muukin asia on parantunut: Favourite Cityst\u00e4 on tullut s\u00e4ihkyv\u00e4n puhdas. Sill\u00e4 sankareiden silmien alla kukaan ei halua j\u00e4tt\u00e4\u00e4 roskiaan lojumaan tai aiheuttaa muuta likaa.<\/p><p>N\u00e4in Lieblingsstadtista tuli j\u00e4lleen kerran symboli sille, ett\u00e4 vastuullisuudella, yhteenkuuluvuudella ja yhteistoiminnalla voidaan voittaa vaikeatkin ajat.<\/p>\t\t\t\t\t\t\t\t<\/div>\n\t\t\t\t<\/div>\n\t\t\t\t<div class=\"elementor-element elementor-element-e858257 elementor-widget-divider--view-line elementor-widget elementor-widget-divider\" data-id=\"e858257\" data-element_type=\"widget\" data-e-type=\"widget\" data-widget_type=\"divider.default\">\n\t\t\t\t<div class=\"elementor-widget-container\">\n\t\t\t\t\t\t\t<div class=\"elementor-divider\">\n\t\t\t<span class=\"elementor-divider-separator\">\n\t\t\t\t\t\t<\/span>\n\t\t<\/div>\n\t\t\t\t\t\t<\/div>\n\t\t\t\t<\/div>\n\t\t\t\t<div class=\"elementor-element elementor-element-d74dfa0 elementor-widget elementor-widget-text-editor\" data-id=\"d74dfa0\" data-element_type=\"widget\" data-e-type=\"widget\" data-widget_type=\"text-editor.default\">\n\t\t\t\t<div class=\"elementor-widget-container\">\n\t\t\t\t\t\t\t\t\t<div data-pm-slice=\"1 1 []\" data-en-clipboard=\"true\"><p>The <strong>\"Hienoa yhteisty\u00f6t\u00e4<\/strong> lis\u00e4\u00e4 vauhtia. Suositun sarjan 10. jaksossa <strong>\"Gradido suosikkikaupungissa\" <\/strong>teemme kaupungista turvallisen. Kaikki t\u00e4ss\u00e4 esitetyt l\u00e4hestymistavat perustuvat periaatteeseen, jonka mukaan yhteisty\u00f6 on monin verroin parempi kuin kilpailu. Vapaaehtoisty\u00f6 perustuu pitk\u00e4lti yhteisty\u00f6h\u00f6n. Vapaaehtoisty\u00f6n palkitsemisj\u00e4rjestelm\u00e4n \"Gradido\" avulla vapaaehtoisty\u00f6st\u00e4 maksetaan 20 gradidoa tunnilta.<\/p><p>Gradidot saavat erilaisia etuja ja alennuksia, jotka voi lunastaa paikallisissa yrityksiss\u00e4. Lis\u00e4ksi kansalaisten kesken k\u00e4yd\u00e4\u00e4n vilkasta vaihtoa. T\u00e4m\u00e4 pienent\u00e4\u00e4 kaikkien osapuolten kustannuksia ja suuret hankkeet tulevat mahdollisiksi. Win-win-win-tilanne kaikille!<\/p><p><strong>Toimita t\u00e4m\u00e4 sarja rohkeasti eteenp\u00e4in kaupunginvaltuustolle, yhdistyksille ja ammattihenkil\u00f6ille!<\/strong><\/p><p>Jos emme tee mit\u00e4\u00e4n nyt, <strong>Alasp\u00e4in suuntautuva kierre<\/strong> pois. Kaupungeista on tulossa yh\u00e4 turvattomampia ja likaisempia, ja keskiluokka on menossa nurin.<\/p><p>Gradidon ja Suuren yhteisty\u00f6n avulla luomme - <strong>Yl\u00f6sp\u00e4in suuntautuvat kierteet<\/strong> muokata tulevaisuutta my\u00f6nteisesti ja kest\u00e4v\u00e4ll\u00e4 tavalla. Yhdess\u00e4 muutamme kaupunkimme ja taajamamme elinvoimaisiksi ja kukoistaviksi keitaiksi - lempipaikoiksemme!<\/p><p>Yst\u00e4v\u00e4llisin terveisin<\/p><\/div><p>Teid\u00e4n<\/p><p><img decoding=\"async\" class=\"alignnone wp-image-4614 size-medium\" src=\"https:\/\/gradido.net\/wp-content\/uploads\/2022\/06\/MargretBernd_2022-300x74.png\" alt=\"\" width=\"300\" height=\"74\" srcset=\"https:\/\/gradido.net\/wp-content\/uploads\/2022\/06\/MargretBernd_2022-300x74.png 300w, https:\/\/gradido.net\/wp-content\/uploads\/2022\/06\/MargretBernd_2022-18x4.png 18w, https:\/\/gradido.net\/wp-content\/uploads\/2022\/06\/MargretBernd_2022.png 431w\" sizes=\"(max-width: 300px) 100vw, 300px\" \/><\/p><p>Margret Baier ja Bernd H\u00fcckst\u00e4dt<br \/>Gradidon perustaja ja kehitt\u00e4j\u00e4<\/p>\t\t\t\t\t\t\t\t<\/div>\n\t\t\t\t<\/div>\n\t\t\t\t\t<\/div>\n\t\t<\/div>\n\t\t\t\t\t<\/div>\n\t\t<\/section>\n\t\t\t\t<section class=\"elementor-section elementor-top-section elementor-element elementor-element-b155181 elementor-section-boxed elementor-section-height-default elementor-section-height-default\" data-id=\"b155181\" data-element_type=\"section\" data-e-type=\"section\">\n\t\t\t\t\t\t<div class=\"elementor-container elementor-column-gap-default\">\n\t\t\t\t\t<div class=\"elementor-column elementor-col-100 elementor-top-column elementor-element elementor-element-16509c4\" data-id=\"16509c4\" data-element_type=\"column\" data-e-type=\"column\">\n\t\t\t<div class=\"elementor-widget-wrap elementor-element-populated\">\n\t\t\t\t\t\t<div class=\"elementor-element elementor-element-2f155c8 elementor-position-inline-start white-links elementor-widget__width-initial elementor-view-default elementor-mobile-position-block-start elementor-widget elementor-widget-icon-box\" data-id=\"2f155c8\" data-element_type=\"widget\" data-e-type=\"widget\" data-no-translation=\"\" data-widget_type=\"icon-box.default\">\n\t\t\t\t<div class=\"elementor-widget-container\">\n\t\t\t\t\t<style>.elementor-element-2f155c8{display:none !important}<\/style>\t\t\t\t<\/div>\n\t\t\t\t<\/div>\n\t\t\t\t\t<\/div>\n\t\t<\/div>\n\t\t\t\t\t<\/div>\n\t\t<\/section>\n\t\t\t\t<section class=\"elementor-section elementor-top-section elementor-element elementor-element-14532fe elementor-section-boxed elementor-section-height-default elementor-section-height-default\" data-id=\"14532fe\" data-element_type=\"section\" data-e-type=\"section\">\n\t\t\t\t\t\t<div class=\"elementor-container elementor-column-gap-default\">\n\t\t\t\t\t<div class=\"elementor-column elementor-col-100 elementor-top-column elementor-element elementor-element-65d2298\" data-id=\"65d2298\" data-element_type=\"column\" data-e-type=\"column\">\n\t\t\t<div class=\"elementor-widget-wrap elementor-element-populated\">\n\t\t\t\t\t\t<div class=\"elementor-element elementor-element-bb63b70 elementor-widget elementor-widget-global elementor-global-9341 elementor-widget-text-editor\" data-id=\"bb63b70\" data-element_type=\"widget\" data-e-type=\"widget\" data-widget_type=\"text-editor.default\">\n\t\t\t\t<div class=\"elementor-widget-container\">\n\t\t\t\t\t\t\t\t\t<p><strong>PS:\u00a0<span style=\"color: #ff6600;\"><a style=\"color: #ff6600;\" href=\"https:\/\/gradido.net\/fi\/donations\/\">Koska Gradidon merkitys kasvaa jatkuvasti, toistamme kiitollisuuskampanjamme 26. kes\u00e4kuuta 2026:<\/a>\u00a0<\/span><span style=\"color: #0000ff;\"><a style=\"color: #0000ff;\" href=\"https:\/\/gradido.net\/fi\/donations\/\">Sen lis\u00e4ksi, ett\u00e4 saamme sponsorointirahoituksestasi moninkertaisen GradidoTransformin, lis\u00e4\u00e4mme kaikkien GDT-tilien saldoja 26%:ll\u00e4 26.6.2016. Sponsoroi nyt ja nauti moninkertaisesta m\u00e4\u00e4r\u00e4st\u00e4 GDT:t\u00e4!<\/a><\/span><\/strong><\/p>\t\t\t\t\t\t\t\t<\/div>\n\t\t\t\t<\/div>\n\t\t\t\t\t<\/div>\n\t\t<\/div>\n\t\t\t\t\t<\/div>\n\t\t<\/section>\n\t\t\t\t<\/div>","protected":false},"excerpt":{"rendered":"<p>Pormestari Michael Miteinand ehdottaa \"Suuren seurayhteisty\u00f6n\" menestyksen rohkaisemana \"Suurta turvallisuusyhteisty\u00f6t\u00e4\". Poliisi, turvallisuusyritykset, urheiluseurat, kuntosalit, moottoripy\u00f6r\u00e4kerhot ja asiasta kiinnostuneet kansalaiset kokoontuvat yhteen.<\/p>","protected":false},"author":2,"featured_media":7517,"comment_status":"closed","ping_status":"closed","sticky":false,"template":"","format":"standard","meta":{"footnotes":""},"categories":[11,53],"tags":[22],"class_list":["post-7478","post","type-post","status-publish","format-standard","has-post-thumbnail","hentry","category-blog","category-lieblingsstadt","tag-bild-oben"],"yoast_head":"<!-- This site is optimized with the Yoast SEO plugin v27.4 - https:\/\/yoast.com\/product\/yoast-seo-wordpress\/ -->\n<title>Lieblingsstadt 10 \u2013 Die Stadt wird wieder sicher - Gradido<\/title>\n<meta name=\"description\" content=\"Ermutigt vom Erfolg der \u201aGro\u00dfen Kooperation der Vereine\u2018 regt B\u00fcrgermeister Michael Miteinand eine \u201aGro\u00dfe Kooperation f\u00fcr die Sicherheit\u2018 an. Polizei, Security-Unternehmen, Sportvereine, Fitnessstudios, Motorrad-Clubs und interessierte B\u00fcrger finden sich zusammen.\" \/>\n<meta name=\"robots\" content=\"index, follow, max-snippet:-1, max-image-preview:large, max-video-preview:-1\" \/>\n<link rel=\"canonical\" href=\"https:\/\/gradido.net\/fi\/lieblingsstadt-10-die-stadt-wird-wieder-sicher\/\" \/>\n<meta property=\"og:locale\" content=\"fi_FI\" \/>\n<meta property=\"og:type\" content=\"article\" \/>\n<meta property=\"og:title\" content=\"Lieblingsstadt 10 \u2013 Die Stadt wird wieder sicher - Gradido\" \/>\n<meta property=\"og:description\" content=\"Ermutigt vom Erfolg der \u201aGro\u00dfen Kooperation der Vereine\u2018 regt B\u00fcrgermeister Michael Miteinand eine \u201aGro\u00dfe Kooperation f\u00fcr die Sicherheit\u2018 an. Polizei, Security-Unternehmen, Sportvereine, Fitnessstudios, Motorrad-Clubs und interessierte B\u00fcrger finden sich zusammen.\" \/>\n<meta property=\"og:url\" content=\"https:\/\/gradido.net\/fi\/lieblingsstadt-10-die-stadt-wird-wieder-sicher\/\" \/>\n<meta property=\"og:site_name\" content=\"Gradido\" \/>\n<meta property=\"article:published_time\" content=\"2023-09-03T05:06:58+00:00\" \/>\n<meta property=\"article:modified_time\" content=\"2026-04-23T05:09:20+00:00\" \/>\n<meta property=\"og:image\" content=\"https:\/\/gradido.net\/wp-content\/uploads\/2023\/09\/Jungens_1920.jpg\" \/>\n\t<meta property=\"og:image:width\" content=\"1920\" \/>\n\t<meta property=\"og:image:height\" content=\"1200\" \/>\n\t<meta property=\"og:image:type\" content=\"image\/jpeg\" \/>\n<meta name=\"author\" content=\"Bernd H\u00fcckst\u00e4dt\" \/>\n<meta name=\"twitter:card\" content=\"summary_large_image\" \/>\n<meta name=\"twitter:label1\" content=\"Kirjoittanut\" \/>\n\t<meta name=\"twitter:data1\" content=\"Bernd H\u00fcckst\u00e4dt\" \/>\n\t<meta name=\"twitter:label2\" content=\"Arvioitu lukuaika\" \/>\n\t<meta name=\"twitter:data2\" content=\"5 minuuttia\" \/>\n<script type=\"application\/ld+json\" class=\"yoast-schema-graph\">{\"@context\":\"https:\\\/\\\/schema.org\",\"@graph\":[{\"@type\":\"Article\",\"@id\":\"https:\\\/\\\/gradido.net\\\/lieblingsstadt-10-die-stadt-wird-wieder-sicher\\\/#article\",\"isPartOf\":{\"@id\":\"https:\\\/\\\/gradido.net\\\/lieblingsstadt-10-die-stadt-wird-wieder-sicher\\\/\"},\"author\":{\"name\":\"Bernd H\u00fcckst\u00e4dt\",\"@id\":\"https:\\\/\\\/gradido.net\\\/de\\\/#\\\/schema\\\/person\\\/9c503a004ad15a1ddecadce2218db5d1\"},\"headline\":\"Lieblingsstadt 10 \u2013 Die Stadt wird wieder sicher\",\"datePublished\":\"2023-09-03T05:06:58+00:00\",\"dateModified\":\"2026-04-23T05:09:20+00:00\",\"mainEntityOfPage\":{\"@id\":\"https:\\\/\\\/gradido.net\\\/lieblingsstadt-10-die-stadt-wird-wieder-sicher\\\/\"},\"wordCount\":813,\"publisher\":{\"@id\":\"https:\\\/\\\/gradido.net\\\/de\\\/#organization\"},\"image\":{\"@id\":\"https:\\\/\\\/gradido.net\\\/lieblingsstadt-10-die-stadt-wird-wieder-sicher\\\/#primaryimage\"},\"thumbnailUrl\":\"https:\\\/\\\/gradido.net\\\/wp-content\\\/uploads\\\/2023\\\/09\\\/Jungens_1920.jpg\",\"keywords\":[\"Bild oben\"],\"articleSection\":[\"Blog\",\"Lieblingsstadt\"],\"inLanguage\":\"fi\"},{\"@type\":\"WebPage\",\"@id\":\"https:\\\/\\\/gradido.net\\\/lieblingsstadt-10-die-stadt-wird-wieder-sicher\\\/\",\"url\":\"https:\\\/\\\/gradido.net\\\/lieblingsstadt-10-die-stadt-wird-wieder-sicher\\\/\",\"name\":\"Lieblingsstadt 10 \u2013 Die Stadt wird wieder sicher - Gradido\",\"isPartOf\":{\"@id\":\"https:\\\/\\\/gradido.net\\\/de\\\/#website\"},\"primaryImageOfPage\":{\"@id\":\"https:\\\/\\\/gradido.net\\\/lieblingsstadt-10-die-stadt-wird-wieder-sicher\\\/#primaryimage\"},\"image\":{\"@id\":\"https:\\\/\\\/gradido.net\\\/lieblingsstadt-10-die-stadt-wird-wieder-sicher\\\/#primaryimage\"},\"thumbnailUrl\":\"https:\\\/\\\/gradido.net\\\/wp-content\\\/uploads\\\/2023\\\/09\\\/Jungens_1920.jpg\",\"datePublished\":\"2023-09-03T05:06:58+00:00\",\"dateModified\":\"2026-04-23T05:09:20+00:00\",\"description\":\"Ermutigt vom Erfolg der \u201aGro\u00dfen Kooperation der Vereine\u2018 regt B\u00fcrgermeister Michael Miteinand eine \u201aGro\u00dfe Kooperation f\u00fcr die Sicherheit\u2018 an. Polizei, Security-Unternehmen, Sportvereine, Fitnessstudios, Motorrad-Clubs und interessierte B\u00fcrger finden sich zusammen.\",\"breadcrumb\":{\"@id\":\"https:\\\/\\\/gradido.net\\\/lieblingsstadt-10-die-stadt-wird-wieder-sicher\\\/#breadcrumb\"},\"inLanguage\":\"fi\",\"potentialAction\":[{\"@type\":\"ReadAction\",\"target\":[\"https:\\\/\\\/gradido.net\\\/lieblingsstadt-10-die-stadt-wird-wieder-sicher\\\/\"]}]},{\"@type\":\"ImageObject\",\"inLanguage\":\"fi\",\"@id\":\"https:\\\/\\\/gradido.net\\\/lieblingsstadt-10-die-stadt-wird-wieder-sicher\\\/#primaryimage\",\"url\":\"https:\\\/\\\/gradido.net\\\/wp-content\\\/uploads\\\/2023\\\/09\\\/Jungens_1920.jpg\",\"contentUrl\":\"https:\\\/\\\/gradido.net\\\/wp-content\\\/uploads\\\/2023\\\/09\\\/Jungens_1920.jpg\",\"width\":1920,\"height\":1200},{\"@type\":\"BreadcrumbList\",\"@id\":\"https:\\\/\\\/gradido.net\\\/lieblingsstadt-10-die-stadt-wird-wieder-sicher\\\/#breadcrumb\",\"itemListElement\":[{\"@type\":\"ListItem\",\"position\":1,\"name\":\"Startseite\",\"item\":\"https:\\\/\\\/gradido.net\\\/\"},{\"@type\":\"ListItem\",\"position\":2,\"name\":\"Lieblingsstadt 10 \u2013 Die Stadt wird wieder sicher\"}]},{\"@type\":\"WebSite\",\"@id\":\"https:\\\/\\\/gradido.net\\\/de\\\/#website\",\"url\":\"https:\\\/\\\/gradido.net\\\/de\\\/\",\"name\":\"Gradido\",\"description\":\"Die neue W\u00e4hrung hei\u00dft Dankbarkeit\",\"publisher\":{\"@id\":\"https:\\\/\\\/gradido.net\\\/de\\\/#organization\"},\"potentialAction\":[{\"@type\":\"SearchAction\",\"target\":{\"@type\":\"EntryPoint\",\"urlTemplate\":\"https:\\\/\\\/gradido.net\\\/de\\\/?s={search_term_string}\"},\"query-input\":{\"@type\":\"PropertyValueSpecification\",\"valueRequired\":true,\"valueName\":\"search_term_string\"}}],\"inLanguage\":\"fi\"},{\"@type\":\"Organization\",\"@id\":\"https:\\\/\\\/gradido.net\\\/de\\\/#organization\",\"name\":\"Gradido\",\"url\":\"https:\\\/\\\/gradido.net\\\/de\\\/\",\"logo\":{\"@type\":\"ImageObject\",\"inLanguage\":\"fi\",\"@id\":\"https:\\\/\\\/gradido.net\\\/de\\\/#\\\/schema\\\/logo\\\/image\\\/\",\"url\":\"https:\\\/\\\/gradido.net\\\/wp-content\\\/uploads\\\/2022\\\/04\\\/gradido-social.jpg\",\"contentUrl\":\"https:\\\/\\\/gradido.net\\\/wp-content\\\/uploads\\\/2022\\\/04\\\/gradido-social.jpg\",\"width\":527,\"height\":273,\"caption\":\"Gradido\"},\"image\":{\"@id\":\"https:\\\/\\\/gradido.net\\\/de\\\/#\\\/schema\\\/logo\\\/image\\\/\"}},{\"@type\":\"Person\",\"@id\":\"https:\\\/\\\/gradido.net\\\/de\\\/#\\\/schema\\\/person\\\/9c503a004ad15a1ddecadce2218db5d1\",\"name\":\"Bernd H\u00fcckst\u00e4dt\",\"sameAs\":[\"https:\\\/\\\/gradido.net\"],\"url\":\"https:\\\/\\\/gradido.net\\\/fi\\\/author\\\/bernd\\\/\"}]}<\/script>\n<!-- \/ Yoast SEO plugin. -->","yoast_head_json":{"title":"Suosikkikaupunki 10 - Kaupungista tulee j\u00e4lleen turvallinen - Gradido","description":"Pormestari Michael Miteinand ehdottaa \"Suuren seurayhteisty\u00f6n\" menestyksen rohkaisemana \"Suurta turvallisuusyhteisty\u00f6t\u00e4\". Poliisi, turvallisuusyritykset, urheiluseurat, kuntosalit, moottoripy\u00f6r\u00e4kerhot ja asiasta kiinnostuneet kansalaiset kokoontuvat yhteen.","robots":{"index":"index","follow":"follow","max-snippet":"max-snippet:-1","max-image-preview":"max-image-preview:large","max-video-preview":"max-video-preview:-1"},"canonical":"https:\/\/gradido.net\/fi\/lieblingsstadt-10-die-stadt-wird-wieder-sicher\/","og_locale":"fi_FI","og_type":"article","og_title":"Lieblingsstadt 10 \u2013 Die Stadt wird wieder sicher - Gradido","og_description":"Ermutigt vom Erfolg der \u201aGro\u00dfen Kooperation der Vereine\u2018 regt B\u00fcrgermeister Michael Miteinand eine \u201aGro\u00dfe Kooperation f\u00fcr die Sicherheit\u2018 an. Polizei, Security-Unternehmen, Sportvereine, Fitnessstudios, Motorrad-Clubs und interessierte B\u00fcrger finden sich zusammen.","og_url":"https:\/\/gradido.net\/fi\/lieblingsstadt-10-die-stadt-wird-wieder-sicher\/","og_site_name":"Gradido","article_published_time":"2023-09-03T05:06:58+00:00","article_modified_time":"2026-04-23T05:09:20+00:00","og_image":[{"width":1920,"height":1200,"url":"https:\/\/gradido.net\/wp-content\/uploads\/2023\/09\/Jungens_1920.jpg","type":"image\/jpeg"}],"author":"Bernd H\u00fcckst\u00e4dt","twitter_card":"summary_large_image","twitter_misc":{"Kirjoittanut":"Bernd H\u00fcckst\u00e4dt","Arvioitu lukuaika":"5 minuuttia"},"schema":{"@context":"https:\/\/schema.org","@graph":[{"@type":"Article","@id":"https:\/\/gradido.net\/lieblingsstadt-10-die-stadt-wird-wieder-sicher\/#article","isPartOf":{"@id":"https:\/\/gradido.net\/lieblingsstadt-10-die-stadt-wird-wieder-sicher\/"},"author":{"name":"Bernd H\u00fcckst\u00e4dt","@id":"https:\/\/gradido.net\/de\/#\/schema\/person\/9c503a004ad15a1ddecadce2218db5d1"},"headline":"Lieblingsstadt 10 \u2013 Die Stadt wird wieder sicher","datePublished":"2023-09-03T05:06:58+00:00","dateModified":"2026-04-23T05:09:20+00:00","mainEntityOfPage":{"@id":"https:\/\/gradido.net\/lieblingsstadt-10-die-stadt-wird-wieder-sicher\/"},"wordCount":813,"publisher":{"@id":"https:\/\/gradido.net\/de\/#organization"},"image":{"@id":"https:\/\/gradido.net\/lieblingsstadt-10-die-stadt-wird-wieder-sicher\/#primaryimage"},"thumbnailUrl":"https:\/\/gradido.net\/wp-content\/uploads\/2023\/09\/Jungens_1920.jpg","keywords":["Bild oben"],"articleSection":["Blog","Lieblingsstadt"],"inLanguage":"fi"},{"@type":"WebPage","@id":"https:\/\/gradido.net\/lieblingsstadt-10-die-stadt-wird-wieder-sicher\/","url":"https:\/\/gradido.net\/lieblingsstadt-10-die-stadt-wird-wieder-sicher\/","name":"Suosikkikaupunki 10 - Kaupungista tulee j\u00e4lleen turvallinen - Gradido","isPartOf":{"@id":"https:\/\/gradido.net\/de\/#website"},"primaryImageOfPage":{"@id":"https:\/\/gradido.net\/lieblingsstadt-10-die-stadt-wird-wieder-sicher\/#primaryimage"},"image":{"@id":"https:\/\/gradido.net\/lieblingsstadt-10-die-stadt-wird-wieder-sicher\/#primaryimage"},"thumbnailUrl":"https:\/\/gradido.net\/wp-content\/uploads\/2023\/09\/Jungens_1920.jpg","datePublished":"2023-09-03T05:06:58+00:00","dateModified":"2026-04-23T05:09:20+00:00","description":"Pormestari Michael Miteinand ehdottaa \"Suuren seurayhteisty\u00f6n\" menestyksen rohkaisemana \"Suurta turvallisuusyhteisty\u00f6t\u00e4\". Poliisi, turvallisuusyritykset, urheiluseurat, kuntosalit, moottoripy\u00f6r\u00e4kerhot ja asiasta kiinnostuneet kansalaiset kokoontuvat yhteen.","breadcrumb":{"@id":"https:\/\/gradido.net\/lieblingsstadt-10-die-stadt-wird-wieder-sicher\/#breadcrumb"},"inLanguage":"fi","potentialAction":[{"@type":"ReadAction","target":["https:\/\/gradido.net\/lieblingsstadt-10-die-stadt-wird-wieder-sicher\/"]}]},{"@type":"ImageObject","inLanguage":"fi","@id":"https:\/\/gradido.net\/lieblingsstadt-10-die-stadt-wird-wieder-sicher\/#primaryimage","url":"https:\/\/gradido.net\/wp-content\/uploads\/2023\/09\/Jungens_1920.jpg","contentUrl":"https:\/\/gradido.net\/wp-content\/uploads\/2023\/09\/Jungens_1920.jpg","width":1920,"height":1200},{"@type":"BreadcrumbList","@id":"https:\/\/gradido.net\/lieblingsstadt-10-die-stadt-wird-wieder-sicher\/#breadcrumb","itemListElement":[{"@type":"ListItem","position":1,"name":"Startseite","item":"https:\/\/gradido.net\/"},{"@type":"ListItem","position":2,"name":"Lieblingsstadt 10 \u2013 Die Stadt wird wieder sicher"}]},{"@type":"WebSite","@id":"https:\/\/gradido.net\/de\/#website","url":"https:\/\/gradido.net\/de\/","name":"Gradido","description":"Uusi valuutta on kiitollisuus","publisher":{"@id":"https:\/\/gradido.net\/de\/#organization"},"potentialAction":[{"@type":"SearchAction","target":{"@type":"EntryPoint","urlTemplate":"https:\/\/gradido.net\/de\/?s={search_term_string}"},"query-input":{"@type":"PropertyValueSpecification","valueRequired":true,"valueName":"search_term_string"}}],"inLanguage":"fi"},{"@type":"Organization","@id":"https:\/\/gradido.net\/de\/#organization","name":"Gradido","url":"https:\/\/gradido.net\/de\/","logo":{"@type":"ImageObject","inLanguage":"fi","@id":"https:\/\/gradido.net\/de\/#\/schema\/logo\/image\/","url":"https:\/\/gradido.net\/wp-content\/uploads\/2022\/04\/gradido-social.jpg","contentUrl":"https:\/\/gradido.net\/wp-content\/uploads\/2022\/04\/gradido-social.jpg","width":527,"height":273,"caption":"Gradido"},"image":{"@id":"https:\/\/gradido.net\/de\/#\/schema\/logo\/image\/"}},{"@type":"Person","@id":"https:\/\/gradido.net\/de\/#\/schema\/person\/9c503a004ad15a1ddecadce2218db5d1","name":"Bernd H\u00fcckst\u00e4dt","sameAs":["https:\/\/gradido.net"],"url":"https:\/\/gradido.net\/fi\/author\/bernd\/"}]}},"_links":{"self":[{"href":"https:\/\/gradido.net\/fi\/wp-json\/wp\/v2\/posts\/7478","targetHints":{"allow":["GET"]}}],"collection":[{"href":"https:\/\/gradido.net\/fi\/wp-json\/wp\/v2\/posts"}],"about":[{"href":"https:\/\/gradido.net\/fi\/wp-json\/wp\/v2\/types\/post"}],"author":[{"embeddable":true,"href":"https:\/\/gradido.net\/fi\/wp-json\/wp\/v2\/users\/2"}],"replies":[{"embeddable":true,"href":"https:\/\/gradido.net\/fi\/wp-json\/wp\/v2\/comments?post=7478"}],"version-history":[{"count":87,"href":"https:\/\/gradido.net\/fi\/wp-json\/wp\/v2\/posts\/7478\/revisions"}],"predecessor-version":[{"id":13540,"href":"https:\/\/gradido.net\/fi\/wp-json\/wp\/v2\/posts\/7478\/revisions\/13540"}],"wp:featuredmedia":[{"embeddable":true,"href":"https:\/\/gradido.net\/fi\/wp-json\/wp\/v2\/media\/7517"}],"wp:attachment":[{"href":"https:\/\/gradido.net\/fi\/wp-json\/wp\/v2\/media?parent=7478"}],"wp:term":[{"taxonomy":"category","embeddable":true,"href":"https:\/\/gradido.net\/fi\/wp-json\/wp\/v2\/categories?post=7478"},{"taxonomy":"post_tag","embeddable":true,"href":"https:\/\/gradido.net\/fi\/wp-json\/wp\/v2\/tags?post=7478"}],"curies":[{"name":"wp","href":"https:\/\/api.w.org\/{rel}","templated":true}]}}