{"id":7565,"date":"2023-09-09T10:14:16","date_gmt":"2023-09-09T08:14:16","guid":{"rendered":"https:\/\/gradido.net\/?p=7565"},"modified":"2026-04-23T07:08:15","modified_gmt":"2026-04-23T05:08:15","slug":"lieblingsstadt-11-grosse-kooperation-fuer-autarkie","status":"publish","type":"post","link":"https:\/\/gradido.net\/fi\/lieblingsstadt-11-grosse-kooperation-fuer-autarkie\/","title":{"rendered":"Suosikkikaupunki 11 - Suuri yhteisty\u00f6 omavaraisuuden edist\u00e4miseksi"},"content":{"rendered":"<div data-elementor-type=\"wp-post\" data-elementor-id=\"7565\" class=\"elementor elementor-7565\" data-elementor-post-type=\"post\">\n\t\t\t\t\t\t<section class=\"elementor-section elementor-top-section elementor-element elementor-element-496e1d53 elementor-section-boxed elementor-section-height-default elementor-section-height-default\" data-id=\"496e1d53\" data-element_type=\"section\" data-e-type=\"section\">\n\t\t\t\t\t\t<div class=\"elementor-container elementor-column-gap-default\">\n\t\t\t\t\t<div class=\"elementor-column elementor-col-100 elementor-top-column elementor-element elementor-element-461d7be0\" data-id=\"461d7be0\" data-element_type=\"column\" data-e-type=\"column\">\n\t\t\t<div class=\"elementor-widget-wrap elementor-element-populated\">\n\t\t\t\t\t\t<div class=\"elementor-element elementor-element-cd9ebe2 elementor-widget elementor-widget-text-editor\" data-id=\"cd9ebe2\" data-element_type=\"widget\" data-e-type=\"widget\" data-widget_type=\"text-editor.default\">\n\t\t\t\t<div class=\"elementor-widget-container\">\n\t\t\t\t\t\t\t\t\t<p style=\"text-align: right;\"><em>\"Lis\u00e4\u00e4ntyvien kriisien aikana riippuvuus ulkomaisista elintarvikkeista on yksinkertaisesti vastuutonta. Meid\u00e4n pit\u00e4isi tuottaa kaikki tarvitsemamme ruoka paikallisesti, mieluiten luomulaatuisena.\"<\/em><\/p><p>Hyv\u00e4 lukija,<\/p><p>Sen j\u00e4lkeen kun Lieblingsstadtista on tullut turvallinen paikka, jossa ihmiset voivat liikkua turvallisesti ja huoletta p\u00e4ivin ja \u00f6in, pormestari Michael Miteinand tarttuu seuraavaan suureen ongelmaan. H\u00e4n haluaa tehd\u00e4 Lieblingsstadtista ruokaomavaraisen Andernachin, menestyksekk\u00e4\u00e4n \"sy\u00f6t\u00e4v\u00e4n kaupungin\", innoittamana.<\/p><p>\"Lis\u00e4\u00e4ntyvien kriisien aikana riippuvuus ulkomaisista elintarvikkeista on yksinkertaisesti vastuutonta. Meid\u00e4n pit\u00e4isi tuottaa kaikki tarvitsemamme ruoka paikallisesti, mieluiten luomulaatuisena\", Miteinand v\u00e4itt\u00e4\u00e4.<\/p><h3>Elintarvikeomavaraisuuden aloituskokous<\/h3><p>Michael kutsuu asiantuntijaryhm\u00e4ns\u00e4 koolle. H\u00e4n kutsuu kokoukseen my\u00f6s kaupungin suosikkiviljelij\u00e4t ja -puutarhurit. Kokouksen on m\u00e4\u00e4r\u00e4 olla alku \"Suurelle yhteisty\u00f6lle omavaraisuuden puolesta\".<\/p><p>\"Olen kuullut, ett\u00e4 permakulttuurin avulla voi saada valtavia satoja hyvin pieness\u00e4 tilassa. Kuka tiet\u00e4\u00e4 siit\u00e4 jotain?\" h\u00e4n kysyy ryhm\u00e4lt\u00e4.<\/p><p>Sabrina, permakulttuuriasiantuntija ja suosikkikaupunkien puutarhanhoitoyhdistyksen puheenjohtaja, kertoo mielipiteens\u00e4:<\/p><p>\"Kyll\u00e4, aivan oikein. Permakulttuurin tavoitteena on j\u00e4ljitell\u00e4 luonnollisia ekosysteemej\u00e4 kest\u00e4vien viljelyj\u00e4rjestelmien luomiseksi. Kyse on maan tehokkaasta k\u00e4yt\u00f6st\u00e4 ja samalla luonnon monimuotoisuuden edist\u00e4misest\u00e4.\"<\/p>\t\t\t\t\t\t\t\t<\/div>\n\t\t\t\t<\/div>\n\t\t\t\t<div class=\"elementor-element elementor-element-b482206 elementor-widget elementor-widget-image\" data-id=\"b482206\" data-element_type=\"widget\" data-e-type=\"widget\" data-widget_type=\"image.default\">\n\t\t\t\t<div class=\"elementor-widget-container\">\n\t\t\t\t\t\t\t\t\t\t\t\t\t\t\t<img fetchpriority=\"high\" decoding=\"async\" width=\"500\" height=\"337\" src=\"https:\/\/gradido.net\/wp-content\/uploads\/2023\/09\/Ga\u0308rtnerin_500.jpg\" class=\"attachment-full size-full wp-image-7572\" alt=\"\" srcset=\"https:\/\/gradido.net\/wp-content\/uploads\/2023\/09\/Ga\u0308rtnerin_500.jpg 500w, https:\/\/gradido.net\/wp-content\/uploads\/2023\/09\/Ga\u0308rtnerin_500-300x202.jpg 300w, https:\/\/gradido.net\/wp-content\/uploads\/2023\/09\/Ga\u0308rtnerin_500-18x12.jpg 18w\" sizes=\"(max-width: 500px) 100vw, 500px\" \/>\t\t\t\t\t\t\t\t\t\t\t\t\t\t\t<\/div>\n\t\t\t\t<\/div>\n\t\t\t\t<div class=\"elementor-element elementor-element-c5e61d4 elementor-widget elementor-widget-text-editor\" data-id=\"c5e61d4\" data-element_type=\"widget\" data-e-type=\"widget\" data-widget_type=\"text-editor.default\">\n\t\t\t\t<div class=\"elementor-widget-container\">\n\t\t\t\t\t\t\t\t\t<h3>Korkeat tuotot permakulttuurin avulla<\/h3><p>\"Miten korkeat tuotot syntyv\u00e4t?\" Michael haluaa tiet\u00e4\u00e4.<\/p><p>\"Toisaalta <strong>tehokas tilank\u00e4ytt\u00f6<\/strong>: Permakulttuurin periaatteisiin kuuluu usein vertikaalinen viljely, esimerkiksi seinill\u00e4 tai rakenteissa k\u00f6ynn\u00f6st\u00e4v\u00e4t kasvit, monikerroksiset s\u00e4ngyt tai pienen alueen k\u00e4ytt\u00e4minen erilaisille kasveille. T\u00e4m\u00e4 voi lis\u00e4t\u00e4 tuottavuutta neli\u00f6metri\u00e4 kohden valtavasti.<\/p><p>Sitten kautta <strong>Maaper\u00e4n terveys<\/strong>: Permakulttuuri edist\u00e4\u00e4 tekniikoita, kuten kompostointia ja multausta, jotka auttavat parantamaan maaper\u00e4n hedelm\u00e4llisyytt\u00e4. Terve maaper\u00e4 tukee terveit\u00e4 kasveja, jotka tuottavat parempia satoja.<\/p><p>Lis\u00e4ksi on olemassa <strong>Kasvien monimuotoisuus<\/strong>Viljelem\u00e4ll\u00e4 erilaisia kasveja voidaan torjua tuholaisia ja tauteja ja tuottaa samanaikaisesti erilaisia satoja.<\/p><p>T\u00e4m\u00e4 johtaa sananlaskun <strong>Permakulttuurij\u00e4rjestelmien kest\u00e4vyys<\/strong>. Resursseja, kuten vett\u00e4, k\u00e4ytet\u00e4\u00e4n tehokkaasti. T\u00e4m\u00e4n seurauksena sadot pysyv\u00e4t pitk\u00e4lti vakaina my\u00f6s kuivuuden tai muiden vaikeiden olosuhteiden aikana.\"<\/p><h3>Onko jo olemassa esimerkkej\u00e4?<\/h3><p>\"Mist\u00e4 l\u00f6ytyy hyvi\u00e4 esimerkkej\u00e4 permakulttuurista?\", Michael haluaa tiet\u00e4\u00e4.<\/p><p>\"Permakulttuuria k\u00e4ytet\u00e4\u00e4n kaikkialla maailmassa.  Jopa autiomaa-alueilla on onnistuneita permakulttuurihankkeita. Erityisen vaikuttavia ovat <strong>Kaupunkiviljely<\/strong> Minusta \"<strong>Urbaani kotitila<\/strong>\" Kalifornian Pasadenassa, jossa yksi perhe tuottaa h\u00e4mm\u00e4stytt\u00e4v\u00e4n m\u00e4\u00e4r\u00e4n ruokaa alle nelj\u00e4nneshehtaarilla.\"<\/p><p>\"Voitteko kertoa siit\u00e4 lis\u00e4\u00e4?\" kysyy kaupungin rahastonhoitaja Siegbert.<\/p><p>\"Mielell\u00e4\u00e4n! Urban Homestead tuottaa vuosittain yli 2700 kiloa ruokaa. He ovat kasvattaneet jo yli 400 hedelm\u00e4- ja vihanneslajiketta. He tuottavat my\u00f6s kananmunia ja hunajaa.\u00a0<\/p><p>Perhe k\u00e4ytt\u00e4\u00e4 erilaisia kest\u00e4vi\u00e4 toimintatapoja, kuten kompostointia, vedens\u00e4\u00e4st\u00f6\u00e4 tippukastelun avulla, aurinkoenergiaa sek\u00e4 kanojen ja ankkojen kasvatusta tuholaistorjuntaan.\"<\/p>\t\t\t\t\t\t\t\t<\/div>\n\t\t\t\t<\/div>\n\t\t\t\t<div class=\"elementor-element elementor-element-f223bb6 elementor-widget elementor-widget-image\" data-id=\"f223bb6\" data-element_type=\"widget\" data-e-type=\"widget\" data-widget_type=\"image.default\">\n\t\t\t\t<div class=\"elementor-widget-container\">\n\t\t\t\t\t\t\t\t\t\t\t\t\t\t\t<img decoding=\"async\" width=\"500\" height=\"337\" src=\"https:\/\/gradido.net\/wp-content\/uploads\/2023\/09\/Kompostbeha\u0308lter_500.jpg\" class=\"attachment-full size-full wp-image-7576\" alt=\"\" srcset=\"https:\/\/gradido.net\/wp-content\/uploads\/2023\/09\/Kompostbeha\u0308lter_500.jpg 500w, https:\/\/gradido.net\/wp-content\/uploads\/2023\/09\/Kompostbeha\u0308lter_500-300x202.jpg 300w, https:\/\/gradido.net\/wp-content\/uploads\/2023\/09\/Kompostbeha\u0308lter_500-18x12.jpg 18w\" sizes=\"(max-width: 500px) 100vw, 500px\" \/>\t\t\t\t\t\t\t\t\t\t\t\t\t\t\t<\/div>\n\t\t\t\t<\/div>\n\t\t\t\t<div class=\"elementor-element elementor-element-0499f3c elementor-widget elementor-widget-text-editor\" data-id=\"0499f3c\" data-element_type=\"widget\" data-e-type=\"widget\" data-widget_type=\"text-editor.default\">\n\t\t\t\t<div class=\"elementor-widget-container\">\n\t\t\t\t\t\t\t\t\t<p>\"Niin mekin teemme\", luomupuutarhuri Reiner kertoo.<\/p><p>\"Juuri niin! Me puutarhayhdistyksess\u00e4 luotamme my\u00f6s pitk\u00e4lti permakulttuuriin\", Sabrina lis\u00e4\u00e4, \"lis\u00e4ksi jotkut j\u00e4senist\u00e4mme ty\u00f6skentelev\u00e4t tehokkaiden mikro-organismien kanssa. Toiset kokeilevat Agnihotraa ja s\u00e4hk\u00f6viljely\u00e4 - jotkut h\u00e4mm\u00e4stytt\u00e4v\u00e4ll\u00e4 menestyksell\u00e4.\"<\/p><h3>Kaikki tieto on saatavilla<\/h3><p>\"Yhdess\u00e4 meill\u00e4 on paljon tietoa ja taitotietoa\", Michael iloitsee, \"joten voimme luoda tutkimus- ja kehityshankkeen: pilottihankkeen omavaraisesta, ilmastoyst\u00e4v\u00e4llisest\u00e4 kaupunkikehityksest\u00e4...\".\"<\/p><p>\"Olen varma, ett\u00e4 siihen on olemassa tukia\", Siegbert ep\u00e4ilee.<\/p>\t\t\t\t\t\t\t\t<\/div>\n\t\t\t\t<\/div>\n\t\t\t\t<div class=\"elementor-element elementor-element-2ce76a0 elementor-widget elementor-widget-image\" data-id=\"2ce76a0\" data-element_type=\"widget\" data-e-type=\"widget\" data-widget_type=\"image.default\">\n\t\t\t\t<div class=\"elementor-widget-container\">\n\t\t\t\t\t\t\t\t\t\t\t\t\t\t\t<img decoding=\"async\" width=\"500\" height=\"337\" src=\"https:\/\/gradido.net\/wp-content\/uploads\/2023\/09\/Taschenrechner_500.jpg\" class=\"attachment-full size-full wp-image-7583\" alt=\"\" srcset=\"https:\/\/gradido.net\/wp-content\/uploads\/2023\/09\/Taschenrechner_500.jpg 500w, https:\/\/gradido.net\/wp-content\/uploads\/2023\/09\/Taschenrechner_500-300x202.jpg 300w, https:\/\/gradido.net\/wp-content\/uploads\/2023\/09\/Taschenrechner_500-18x12.jpg 18w\" sizes=\"(max-width: 500px) 100vw, 500px\" \/>\t\t\t\t\t\t\t\t\t\t\t\t\t\t\t<\/div>\n\t\t\t\t<\/div>\n\t\t\t\t<div class=\"elementor-element elementor-element-d19fa5e elementor-widget elementor-widget-text-editor\" data-id=\"d19fa5e\" data-element_type=\"widget\" data-e-type=\"widget\" data-widget_type=\"text-editor.default\">\n\t\t\t\t<div class=\"elementor-widget-container\">\n\t\t\t\t\t\t\t\t\t<h3>Onko meill\u00e4 riitt\u00e4v\u00e4sti viljelykelpoista maata?<\/h3><p>\"Tehd\u00e4\u00e4np\u00e4 v\u00e4h\u00e4n karkeaa matematiikkaa!\" Siegbert ottaa esiin laskimensa. \"Nelj\u00e4nneshehtaari tuottaa 2700 kiloa ruokaa vuodessa. Oletetaan, ett\u00e4 ihminen sy\u00f6 yhden kilon p\u00e4iv\u00e4ss\u00e4, niin se tekee 365 kiloa vuodessa. Nelj\u00e4nneshehtaarilla voi siis ruokkia l\u00e4hes 7,5 ihmist\u00e4. Se on 30 hehtaaria kohti, joten tarvitsisimme noin 670 hehtaaria 20 000 asukasta varten. T\u00e4\u00e4ll\u00e4 ei kuitenkaan ole yht\u00e4 mukavaa ja l\u00e4mmint\u00e4 kuin Kaliforniassa.\"<\/p><p>\"Sepp Holzer, kuuluisa 'maatalouskapinallinen', istutti sitruunoita 1600 metrin korkeuteen It\u00e4vallassa\", Sabrina kertoo. \"T\u00e4llaisiin satoihin tarvitaan kuitenkin paljon tietoa ja kokemusta.\"<\/p><p>\"Kaupunkimme pinta-ala on noin 20 neli\u00f6kilometri\u00e4, josta 25% on viheralueita eli 5 neli\u00f6kilometri\u00e4 eli 500 hehtaaria. Noin puolet siit\u00e4 on julkista maata. Emme kuitenkaan halua muuttaa sit\u00e4 kaikkea vihannespuutarhoiksi, emmeh\u00e4n?\" Siegbert sanoo.<\/p><h3>Kattopuutarhat ja vertikaalinen puutarhanhoito<\/h3><p>\"Joissakin kaupungeissa ihmiset jopa kasvattavat vihanneksia katoillaan. Ja oletko koskaan kuullut vertikaalisesta puutarhanhoidosta? Ihmiset istuttavat vihanneksia talojensa seinille. Betoniaavikoista tulee vihreit\u00e4 keitaita. Sekin on hyv\u00e4ksi ilmastolle!\" Jennie, kaupungin ilmastop\u00e4\u00e4llikk\u00f6, sanoo.<\/p>\t\t\t\t\t\t\t\t<\/div>\n\t\t\t\t<\/div>\n\t\t\t\t<div class=\"elementor-element elementor-element-4023560 elementor-widget elementor-widget-image\" data-id=\"4023560\" data-element_type=\"widget\" data-e-type=\"widget\" data-widget_type=\"image.default\">\n\t\t\t\t<div class=\"elementor-widget-container\">\n\t\t\t\t\t\t\t\t\t\t\t\t\t\t\t<img loading=\"lazy\" decoding=\"async\" width=\"500\" height=\"270\" src=\"https:\/\/gradido.net\/wp-content\/uploads\/2023\/09\/Vertical_Gardening_500.jpg\" class=\"attachment-large size-large wp-image-7601\" alt=\"\" srcset=\"https:\/\/gradido.net\/wp-content\/uploads\/2023\/09\/Vertical_Gardening_500.jpg 500w, https:\/\/gradido.net\/wp-content\/uploads\/2023\/09\/Vertical_Gardening_500-300x162.jpg 300w, https:\/\/gradido.net\/wp-content\/uploads\/2023\/09\/Vertical_Gardening_500-18x10.jpg 18w\" sizes=\"(max-width: 500px) 100vw, 500px\" \/>\t\t\t\t\t\t\t\t\t\t\t\t\t\t\t<\/div>\n\t\t\t\t<\/div>\n\t\t\t\t<div class=\"elementor-element elementor-element-32c8728 elementor-widget elementor-widget-text-editor\" data-id=\"32c8728\" data-element_type=\"widget\" data-e-type=\"widget\" data-widget_type=\"text-editor.default\">\n\t\t\t\t<div class=\"elementor-widget-container\">\n\t\t\t\t\t\t\t\t\t<h3>Luomu ja tavanomainen - tehd\u00e4\u00e4n yhteisty\u00f6t\u00e4!<\/h3><p>\"Me puutarhurit ja maanviljelij\u00e4t olemme yh\u00e4 olemassa\", Reiner sanoo. \"Lieblingsstadtin ymp\u00e4rist\u00f6ss\u00e4 viljell\u00e4\u00e4n useita tuhansia hehtaareja.<\/p><p>\"Useimmat viljelij\u00e4t viljelev\u00e4t perinteisesti, kuten mekin\", Franz huomauttaa, \"Me saamme silti korkeampia satoja.\"<\/p><p>\"Kyll\u00e4, molemmilla menetelmill\u00e4 on hyv\u00e4t ja huonot puolensa, ja ne voivat soveltua eri yhteyksiss\u00e4\", Mikael rauhoittelee, \"Tehd\u00e4\u00e4n yhteisty\u00f6t\u00e4 - kaikkien parhaaksi!\"<\/p>\t\t\t\t\t\t\t\t<\/div>\n\t\t\t\t<\/div>\n\t\t\t\t<div class=\"elementor-element elementor-element-7fcb08c elementor-widget elementor-widget-image\" data-id=\"7fcb08c\" data-element_type=\"widget\" data-e-type=\"widget\" data-widget_type=\"image.default\">\n\t\t\t\t<div class=\"elementor-widget-container\">\n\t\t\t\t\t\t\t\t\t\t\t\t\t\t\t<img loading=\"lazy\" decoding=\"async\" width=\"500\" height=\"337\" src=\"https:\/\/gradido.net\/wp-content\/uploads\/2023\/09\/Getreide_500.jpg\" class=\"attachment-full size-full wp-image-7587\" alt=\"\" srcset=\"https:\/\/gradido.net\/wp-content\/uploads\/2023\/09\/Getreide_500.jpg 500w, https:\/\/gradido.net\/wp-content\/uploads\/2023\/09\/Getreide_500-300x202.jpg 300w, https:\/\/gradido.net\/wp-content\/uploads\/2023\/09\/Getreide_500-18x12.jpg 18w\" sizes=\"(max-width: 500px) 100vw, 500px\" \/>\t\t\t\t\t\t\t\t\t\t\t\t\t\t\t<\/div>\n\t\t\t\t<\/div>\n\t\t\t\t<div class=\"elementor-element elementor-element-e6aa2b3 elementor-widget elementor-widget-text-editor\" data-id=\"e6aa2b3\" data-element_type=\"widget\" data-e-type=\"widget\" data-widget_type=\"text-editor.default\">\n\t\t\t\t<div class=\"elementor-widget-container\">\n\t\t\t\t\t\t\t\t\t<h3>Solidaarinen maatalous<\/h3><p>\"Yhteisty\u00f6st\u00e4 puheen ollen, tunnetteko SoLaWin?\" Jennie kysyy ryhm\u00e4lt\u00e4. \"Solidaarinen maatalous on maatalousmalli, jossa pyrit\u00e4\u00e4n tiiviiseen yhteisty\u00f6h\u00f6n kuluttajien ja viljelij\u00f6iden v\u00e4lill\u00e4. T\u00e4ss\u00e4 mallissa j\u00e4senet vastaavat yhdess\u00e4 maatilan yll\u00e4pitokustannuksista ja jakavat sadon. Se on win-win kaikille: viljelij\u00f6ill\u00e4 on turvattu toimeentulo ja j\u00e4senet saavat tuoretta luomuruokaa\"<\/p><p>\"Oikein hyv\u00e4! Meill\u00e4 on siis yhdess\u00e4 riitt\u00e4v\u00e4sti alueita, ideoita ja osaamista, jotta kaupunki voi olla omavarainen\", Mikael on tyytyv\u00e4inen. \"Omavaraisuus on iso ja laaja hanke. Voimme tehd\u00e4 sen vain yhdess\u00e4. Meid\u00e4n pit\u00e4isi testata eri l\u00e4hestymistapojen k\u00e4ytt\u00f6kelpoisuutta ja mielell\u00e4\u00e4n kokeilla useita menetelmi\u00e4, jotka parhaassa tapauksessa t\u00e4ydent\u00e4v\u00e4t toisiaan. My\u00f6s Gradido, hyv\u00e4ksi havaittu kunniakorvausj\u00e4rjestelm\u00e4, olisi otettava uudelleen k\u00e4ytt\u00f6\u00f6n. N\u00e4in saamme paljon vapaaehtoisia, jotka haluavat ty\u00f6skennell\u00e4 innokkaasti t\u00e4m\u00e4n suuren yhteisen tavoitteen eteen.\"<\/p>\t\t\t\t\t\t\t\t<\/div>\n\t\t\t\t<\/div>\n\t\t\t\t<div class=\"elementor-element elementor-element-e858257 elementor-widget-divider--view-line elementor-widget elementor-widget-divider\" data-id=\"e858257\" data-element_type=\"widget\" data-e-type=\"widget\" data-widget_type=\"divider.default\">\n\t\t\t\t<div class=\"elementor-widget-container\">\n\t\t\t\t\t\t\t<div class=\"elementor-divider\">\n\t\t\t<span class=\"elementor-divider-separator\">\n\t\t\t\t\t\t<\/span>\n\t\t<\/div>\n\t\t\t\t\t\t<\/div>\n\t\t\t\t<\/div>\n\t\t\t\t<div class=\"elementor-element elementor-element-d74dfa0 elementor-widget elementor-widget-text-editor\" data-id=\"d74dfa0\" data-element_type=\"widget\" data-e-type=\"widget\" data-widget_type=\"text-editor.default\">\n\t\t\t\t<div class=\"elementor-widget-container\">\n\t\t\t\t\t\t\t\t\t<div data-pm-slice=\"1 1 []\" data-en-clipboard=\"true\"><p>The <strong>\"Hienoa yhteisty\u00f6t\u00e4<\/strong> voidaan soveltaa my\u00f6s maatalouteen. Suositun sarjan 11. jaksossa <strong>\"Gradido suosikkikaupungissa\" <\/strong>luodaan perusta kaupungin omavaraiselle ruoantuotannolle. Kuten kaikissa edell\u00e4 esitetyiss\u00e4 l\u00e4hestymistavoissa, yhteisty\u00f6 on paljon parempi kuin kilpailu. Vapaaehtoisty\u00f6 perustuu pitk\u00e4lti yhteisty\u00f6h\u00f6n. Vapaaehtoisty\u00f6n palkitsemisj\u00e4rjestelm\u00e4n \"Gradido\" avulla vapaaehtoisty\u00f6st\u00e4 maksetaan 20 gradidoa tunnilta.<\/p><p>Gradidot saavat erilaisia etuja ja alennuksia, jotka voi lunastaa paikallisissa yrityksiss\u00e4. Lis\u00e4ksi kansalaisten kesken k\u00e4yd\u00e4\u00e4n vilkasta vaihtoa. T\u00e4m\u00e4 pienent\u00e4\u00e4 kaikkien osapuolten kustannuksia ja suuret hankkeet tulevat mahdollisiksi. Win-win-win-tilanne kaikille!<\/p><p><strong>Toimita t\u00e4m\u00e4 sarja rohkeasti eteenp\u00e4in kaupunginvaltuustolle, yhdistyksille ja ammattihenkil\u00f6ille!<\/strong><\/p><p>Jos emme tee mit\u00e4\u00e4n nyt, <strong>Alasp\u00e4in suuntautuva kierre<\/strong> pois. Olemme yh\u00e4 riippuvaisempia ulkomailta tulevasta ruoasta, ja kotimainen maataloutemme on ajautumassa konkurssiin.<\/p><p>Gradidon ja Suuren yhteisty\u00f6n avulla luomme - <strong>Yl\u00f6sp\u00e4in suuntautuvat kierteet<\/strong> muokata tulevaisuutta my\u00f6nteisesti ja kest\u00e4v\u00e4ll\u00e4 tavalla. Yhdess\u00e4 muutamme kaupunkimme ja taajamamme elinvoimaisiksi ja kukoistaviksi keitaiksi - lempipaikoiksemme!<\/p><p>Yst\u00e4v\u00e4llisin terveisin<\/p><\/div><p>Teid\u00e4n<\/p><p><img loading=\"lazy\" decoding=\"async\" class=\"alignnone wp-image-4614 size-medium\" src=\"https:\/\/gradido.net\/wp-content\/uploads\/2022\/06\/MargretBernd_2022-300x74.png\" alt=\"\" width=\"300\" height=\"74\" srcset=\"https:\/\/gradido.net\/wp-content\/uploads\/2022\/06\/MargretBernd_2022-300x74.png 300w, https:\/\/gradido.net\/wp-content\/uploads\/2022\/06\/MargretBernd_2022-18x4.png 18w, https:\/\/gradido.net\/wp-content\/uploads\/2022\/06\/MargretBernd_2022.png 431w\" sizes=\"(max-width: 300px) 100vw, 300px\" \/><\/p><p>Margret Baier ja Bernd H\u00fcckst\u00e4dt<br \/>Gradidon perustaja ja kehitt\u00e4j\u00e4<\/p>\t\t\t\t\t\t\t\t<\/div>\n\t\t\t\t<\/div>\n\t\t\t\t\t<\/div>\n\t\t<\/div>\n\t\t\t\t\t<\/div>\n\t\t<\/section>\n\t\t\t\t<section class=\"elementor-section elementor-top-section elementor-element elementor-element-e4767e0 elementor-section-boxed elementor-section-height-default elementor-section-height-default\" data-id=\"e4767e0\" data-element_type=\"section\" data-e-type=\"section\">\n\t\t\t\t\t\t<div class=\"elementor-container elementor-column-gap-default\">\n\t\t\t\t\t<div class=\"elementor-column elementor-col-100 elementor-top-column elementor-element elementor-element-3af9904\" data-id=\"3af9904\" data-element_type=\"column\" data-e-type=\"column\">\n\t\t\t<div class=\"elementor-widget-wrap elementor-element-populated\">\n\t\t\t\t\t\t<div class=\"elementor-element elementor-element-7643008 elementor-position-inline-start white-links elementor-widget__width-initial elementor-view-default elementor-mobile-position-block-start elementor-widget elementor-widget-icon-box\" data-id=\"7643008\" data-element_type=\"widget\" data-e-type=\"widget\" data-no-translation=\"\" data-widget_type=\"icon-box.default\">\n\t\t\t\t<div class=\"elementor-widget-container\">\n\t\t\t\t\t<style>.elementor-element-7643008{display:none !important}<\/style>\t\t\t\t<\/div>\n\t\t\t\t<\/div>\n\t\t\t\t\t<\/div>\n\t\t<\/div>\n\t\t\t\t\t<\/div>\n\t\t<\/section>\n\t\t\t\t<section class=\"elementor-section elementor-top-section elementor-element elementor-element-14532fe elementor-section-boxed elementor-section-height-default elementor-section-height-default\" data-id=\"14532fe\" data-element_type=\"section\" data-e-type=\"section\">\n\t\t\t\t\t\t<div class=\"elementor-container elementor-column-gap-default\">\n\t\t\t\t\t<div class=\"elementor-column elementor-col-100 elementor-top-column elementor-element elementor-element-65d2298\" data-id=\"65d2298\" data-element_type=\"column\" data-e-type=\"column\">\n\t\t\t<div class=\"elementor-widget-wrap elementor-element-populated\">\n\t\t\t\t\t\t<div class=\"elementor-element elementor-element-0a35dba elementor-widget elementor-widget-global elementor-global-9341 elementor-widget-text-editor\" data-id=\"0a35dba\" data-element_type=\"widget\" data-e-type=\"widget\" data-widget_type=\"text-editor.default\">\n\t\t\t\t<div class=\"elementor-widget-container\">\n\t\t\t\t\t\t\t\t\t<p><strong>PS:\u00a0<span style=\"color: #ff6600;\"><a style=\"color: #ff6600;\" href=\"https:\/\/gradido.net\/fi\/donations\/\">Koska Gradidon merkitys kasvaa jatkuvasti, toistamme kiitollisuuskampanjamme 26. kes\u00e4kuuta 2026:<\/a>\u00a0<\/span><span style=\"color: #0000ff;\"><a style=\"color: #0000ff;\" href=\"https:\/\/gradido.net\/fi\/donations\/\">Sen lis\u00e4ksi, ett\u00e4 saamme sponsorointirahoituksestasi moninkertaisen GradidoTransformin, lis\u00e4\u00e4mme kaikkien GDT-tilien saldoja 26%:ll\u00e4 26.6.2016. Sponsoroi nyt ja nauti moninkertaisesta m\u00e4\u00e4r\u00e4st\u00e4 GDT:t\u00e4!<\/a><\/span><\/strong><\/p>\t\t\t\t\t\t\t\t<\/div>\n\t\t\t\t<\/div>\n\t\t\t\t\t<\/div>\n\t\t<\/div>\n\t\t\t\t\t<\/div>\n\t\t<\/section>\n\t\t\t\t<\/div>","protected":false},"excerpt":{"rendered":"<p>Andernachin, \"Sy\u00f6t\u00e4v\u00e4n kaupungin\" ja muiden menestyksekk\u00e4iden kaupunkiviljelyesimerkkien innoittamana Lieblingsstadtin tavoitteena on tulla ruokaomavaraiseksi.<\/p>","protected":false},"author":2,"featured_media":7568,"comment_status":"closed","ping_status":"closed","sticky":false,"template":"","format":"standard","meta":{"footnotes":""},"categories":[11,53],"tags":[49],"class_list":["post-7565","post","type-post","status-publish","format-standard","has-post-thumbnail","hentry","category-blog","category-lieblingsstadt","tag-grosse-kooperation"],"yoast_head":"<!-- This site is optimized with the Yoast SEO plugin v27.4 - https:\/\/yoast.com\/product\/yoast-seo-wordpress\/ -->\n<title>Lieblingsstadt 11 \u2013 Gro\u00dfe Kooperation f\u00fcr Autarkie - Gradido<\/title>\n<meta name=\"description\" content=\"Inspiriert von Andernach, der \u201aEssbaren Stadt\u2018 und anderen erfolgreichen Beispielen f\u00fcr urbane Landwirtschaft soll Lieblingsstadt Lebensmittel-autark werden.\" \/>\n<meta name=\"robots\" content=\"index, follow, max-snippet:-1, max-image-preview:large, max-video-preview:-1\" \/>\n<link rel=\"canonical\" href=\"https:\/\/gradido.net\/fi\/lieblingsstadt-11-grosse-kooperation-fuer-autarkie\/\" \/>\n<meta property=\"og:locale\" content=\"fi_FI\" \/>\n<meta property=\"og:type\" content=\"article\" \/>\n<meta property=\"og:title\" content=\"Lieblingsstadt 11 \u2013 Gro\u00dfe Kooperation f\u00fcr Autarkie - Gradido\" \/>\n<meta property=\"og:description\" content=\"Inspiriert von Andernach, der \u201aEssbaren Stadt\u2018 und anderen erfolgreichen Beispielen f\u00fcr urbane Landwirtschaft soll Lieblingsstadt Lebensmittel-autark werden.\" \/>\n<meta property=\"og:url\" content=\"https:\/\/gradido.net\/fi\/lieblingsstadt-11-grosse-kooperation-fuer-autarkie\/\" \/>\n<meta property=\"og:site_name\" content=\"Gradido\" \/>\n<meta property=\"article:published_time\" content=\"2023-09-09T08:14:16+00:00\" \/>\n<meta property=\"article:modified_time\" content=\"2026-04-23T05:08:15+00:00\" \/>\n<meta property=\"og:image\" content=\"https:\/\/gradido.net\/wp-content\/uploads\/2023\/09\/Dachgarten_1920_2.jpg\" \/>\n\t<meta property=\"og:image:width\" content=\"1920\" \/>\n\t<meta property=\"og:image:height\" content=\"1200\" \/>\n\t<meta property=\"og:image:type\" content=\"image\/jpeg\" \/>\n<meta name=\"author\" content=\"Bernd H\u00fcckst\u00e4dt\" \/>\n<meta name=\"twitter:card\" content=\"summary_large_image\" \/>\n<meta name=\"twitter:label1\" content=\"Kirjoittanut\" \/>\n\t<meta name=\"twitter:data1\" content=\"Bernd H\u00fcckst\u00e4dt\" \/>\n\t<meta name=\"twitter:label2\" content=\"Arvioitu lukuaika\" \/>\n\t<meta name=\"twitter:data2\" content=\"8 minuuttia\" \/>\n<script type=\"application\/ld+json\" class=\"yoast-schema-graph\">{\"@context\":\"https:\\\/\\\/schema.org\",\"@graph\":[{\"@type\":\"Article\",\"@id\":\"https:\\\/\\\/gradido.net\\\/lieblingsstadt-11-grosse-kooperation-fuer-autarkie\\\/#article\",\"isPartOf\":{\"@id\":\"https:\\\/\\\/gradido.net\\\/lieblingsstadt-11-grosse-kooperation-fuer-autarkie\\\/\"},\"author\":{\"name\":\"Bernd H\u00fcckst\u00e4dt\",\"@id\":\"https:\\\/\\\/gradido.net\\\/de\\\/#\\\/schema\\\/person\\\/9c503a004ad15a1ddecadce2218db5d1\"},\"headline\":\"Lieblingsstadt 11 \u2013 Gro\u00dfe Kooperation f\u00fcr Autarkie\",\"datePublished\":\"2023-09-09T08:14:16+00:00\",\"dateModified\":\"2026-04-23T05:08:15+00:00\",\"mainEntityOfPage\":{\"@id\":\"https:\\\/\\\/gradido.net\\\/lieblingsstadt-11-grosse-kooperation-fuer-autarkie\\\/\"},\"wordCount\":1287,\"publisher\":{\"@id\":\"https:\\\/\\\/gradido.net\\\/de\\\/#organization\"},\"image\":{\"@id\":\"https:\\\/\\\/gradido.net\\\/lieblingsstadt-11-grosse-kooperation-fuer-autarkie\\\/#primaryimage\"},\"thumbnailUrl\":\"https:\\\/\\\/gradido.net\\\/wp-content\\\/uploads\\\/2023\\\/09\\\/Dachgarten_1920_2.jpg\",\"keywords\":[\"Gro\u00dfe Kooperation\"],\"articleSection\":[\"Blog\",\"Lieblingsstadt\"],\"inLanguage\":\"fi\"},{\"@type\":\"WebPage\",\"@id\":\"https:\\\/\\\/gradido.net\\\/lieblingsstadt-11-grosse-kooperation-fuer-autarkie\\\/\",\"url\":\"https:\\\/\\\/gradido.net\\\/lieblingsstadt-11-grosse-kooperation-fuer-autarkie\\\/\",\"name\":\"Lieblingsstadt 11 \u2013 Gro\u00dfe Kooperation f\u00fcr Autarkie - Gradido\",\"isPartOf\":{\"@id\":\"https:\\\/\\\/gradido.net\\\/de\\\/#website\"},\"primaryImageOfPage\":{\"@id\":\"https:\\\/\\\/gradido.net\\\/lieblingsstadt-11-grosse-kooperation-fuer-autarkie\\\/#primaryimage\"},\"image\":{\"@id\":\"https:\\\/\\\/gradido.net\\\/lieblingsstadt-11-grosse-kooperation-fuer-autarkie\\\/#primaryimage\"},\"thumbnailUrl\":\"https:\\\/\\\/gradido.net\\\/wp-content\\\/uploads\\\/2023\\\/09\\\/Dachgarten_1920_2.jpg\",\"datePublished\":\"2023-09-09T08:14:16+00:00\",\"dateModified\":\"2026-04-23T05:08:15+00:00\",\"description\":\"Inspiriert von Andernach, der \u201aEssbaren Stadt\u2018 und anderen erfolgreichen Beispielen f\u00fcr urbane Landwirtschaft soll Lieblingsstadt Lebensmittel-autark werden.\",\"breadcrumb\":{\"@id\":\"https:\\\/\\\/gradido.net\\\/lieblingsstadt-11-grosse-kooperation-fuer-autarkie\\\/#breadcrumb\"},\"inLanguage\":\"fi\",\"potentialAction\":[{\"@type\":\"ReadAction\",\"target\":[\"https:\\\/\\\/gradido.net\\\/lieblingsstadt-11-grosse-kooperation-fuer-autarkie\\\/\"]}]},{\"@type\":\"ImageObject\",\"inLanguage\":\"fi\",\"@id\":\"https:\\\/\\\/gradido.net\\\/lieblingsstadt-11-grosse-kooperation-fuer-autarkie\\\/#primaryimage\",\"url\":\"https:\\\/\\\/gradido.net\\\/wp-content\\\/uploads\\\/2023\\\/09\\\/Dachgarten_1920_2.jpg\",\"contentUrl\":\"https:\\\/\\\/gradido.net\\\/wp-content\\\/uploads\\\/2023\\\/09\\\/Dachgarten_1920_2.jpg\",\"width\":1920,\"height\":1200},{\"@type\":\"BreadcrumbList\",\"@id\":\"https:\\\/\\\/gradido.net\\\/lieblingsstadt-11-grosse-kooperation-fuer-autarkie\\\/#breadcrumb\",\"itemListElement\":[{\"@type\":\"ListItem\",\"position\":1,\"name\":\"Startseite\",\"item\":\"https:\\\/\\\/gradido.net\\\/\"},{\"@type\":\"ListItem\",\"position\":2,\"name\":\"Lieblingsstadt 11 \u2013 Gro\u00dfe Kooperation f\u00fcr Autarkie\"}]},{\"@type\":\"WebSite\",\"@id\":\"https:\\\/\\\/gradido.net\\\/de\\\/#website\",\"url\":\"https:\\\/\\\/gradido.net\\\/de\\\/\",\"name\":\"Gradido\",\"description\":\"Die neue W\u00e4hrung hei\u00dft Dankbarkeit\",\"publisher\":{\"@id\":\"https:\\\/\\\/gradido.net\\\/de\\\/#organization\"},\"potentialAction\":[{\"@type\":\"SearchAction\",\"target\":{\"@type\":\"EntryPoint\",\"urlTemplate\":\"https:\\\/\\\/gradido.net\\\/de\\\/?s={search_term_string}\"},\"query-input\":{\"@type\":\"PropertyValueSpecification\",\"valueRequired\":true,\"valueName\":\"search_term_string\"}}],\"inLanguage\":\"fi\"},{\"@type\":\"Organization\",\"@id\":\"https:\\\/\\\/gradido.net\\\/de\\\/#organization\",\"name\":\"Gradido\",\"url\":\"https:\\\/\\\/gradido.net\\\/de\\\/\",\"logo\":{\"@type\":\"ImageObject\",\"inLanguage\":\"fi\",\"@id\":\"https:\\\/\\\/gradido.net\\\/de\\\/#\\\/schema\\\/logo\\\/image\\\/\",\"url\":\"https:\\\/\\\/gradido.net\\\/wp-content\\\/uploads\\\/2022\\\/04\\\/gradido-social.jpg\",\"contentUrl\":\"https:\\\/\\\/gradido.net\\\/wp-content\\\/uploads\\\/2022\\\/04\\\/gradido-social.jpg\",\"width\":527,\"height\":273,\"caption\":\"Gradido\"},\"image\":{\"@id\":\"https:\\\/\\\/gradido.net\\\/de\\\/#\\\/schema\\\/logo\\\/image\\\/\"}},{\"@type\":\"Person\",\"@id\":\"https:\\\/\\\/gradido.net\\\/de\\\/#\\\/schema\\\/person\\\/9c503a004ad15a1ddecadce2218db5d1\",\"name\":\"Bernd H\u00fcckst\u00e4dt\",\"sameAs\":[\"https:\\\/\\\/gradido.net\"],\"url\":\"https:\\\/\\\/gradido.net\\\/fi\\\/author\\\/bernd\\\/\"}]}<\/script>\n<!-- \/ Yoast SEO plugin. -->","yoast_head_json":{"title":"Suosikkikaupunki 11 - Suuri omavaraisuusyhteisty\u00f6 - Gradido","description":"Andernachin, \"Sy\u00f6t\u00e4v\u00e4n kaupungin\" ja muiden menestyksekk\u00e4iden kaupunkiviljelyesimerkkien innoittamana Lieblingsstadtin tavoitteena on tulla ruokaomavaraiseksi.","robots":{"index":"index","follow":"follow","max-snippet":"max-snippet:-1","max-image-preview":"max-image-preview:large","max-video-preview":"max-video-preview:-1"},"canonical":"https:\/\/gradido.net\/fi\/lieblingsstadt-11-grosse-kooperation-fuer-autarkie\/","og_locale":"fi_FI","og_type":"article","og_title":"Lieblingsstadt 11 \u2013 Gro\u00dfe Kooperation f\u00fcr Autarkie - Gradido","og_description":"Inspiriert von Andernach, der \u201aEssbaren Stadt\u2018 und anderen erfolgreichen Beispielen f\u00fcr urbane Landwirtschaft soll Lieblingsstadt Lebensmittel-autark werden.","og_url":"https:\/\/gradido.net\/fi\/lieblingsstadt-11-grosse-kooperation-fuer-autarkie\/","og_site_name":"Gradido","article_published_time":"2023-09-09T08:14:16+00:00","article_modified_time":"2026-04-23T05:08:15+00:00","og_image":[{"width":1920,"height":1200,"url":"https:\/\/gradido.net\/wp-content\/uploads\/2023\/09\/Dachgarten_1920_2.jpg","type":"image\/jpeg"}],"author":"Bernd H\u00fcckst\u00e4dt","twitter_card":"summary_large_image","twitter_misc":{"Kirjoittanut":"Bernd H\u00fcckst\u00e4dt","Arvioitu lukuaika":"8 minuuttia"},"schema":{"@context":"https:\/\/schema.org","@graph":[{"@type":"Article","@id":"https:\/\/gradido.net\/lieblingsstadt-11-grosse-kooperation-fuer-autarkie\/#article","isPartOf":{"@id":"https:\/\/gradido.net\/lieblingsstadt-11-grosse-kooperation-fuer-autarkie\/"},"author":{"name":"Bernd H\u00fcckst\u00e4dt","@id":"https:\/\/gradido.net\/de\/#\/schema\/person\/9c503a004ad15a1ddecadce2218db5d1"},"headline":"Lieblingsstadt 11 \u2013 Gro\u00dfe Kooperation f\u00fcr Autarkie","datePublished":"2023-09-09T08:14:16+00:00","dateModified":"2026-04-23T05:08:15+00:00","mainEntityOfPage":{"@id":"https:\/\/gradido.net\/lieblingsstadt-11-grosse-kooperation-fuer-autarkie\/"},"wordCount":1287,"publisher":{"@id":"https:\/\/gradido.net\/de\/#organization"},"image":{"@id":"https:\/\/gradido.net\/lieblingsstadt-11-grosse-kooperation-fuer-autarkie\/#primaryimage"},"thumbnailUrl":"https:\/\/gradido.net\/wp-content\/uploads\/2023\/09\/Dachgarten_1920_2.jpg","keywords":["Gro\u00dfe Kooperation"],"articleSection":["Blog","Lieblingsstadt"],"inLanguage":"fi"},{"@type":"WebPage","@id":"https:\/\/gradido.net\/lieblingsstadt-11-grosse-kooperation-fuer-autarkie\/","url":"https:\/\/gradido.net\/lieblingsstadt-11-grosse-kooperation-fuer-autarkie\/","name":"Suosikkikaupunki 11 - Suuri omavaraisuusyhteisty\u00f6 - Gradido","isPartOf":{"@id":"https:\/\/gradido.net\/de\/#website"},"primaryImageOfPage":{"@id":"https:\/\/gradido.net\/lieblingsstadt-11-grosse-kooperation-fuer-autarkie\/#primaryimage"},"image":{"@id":"https:\/\/gradido.net\/lieblingsstadt-11-grosse-kooperation-fuer-autarkie\/#primaryimage"},"thumbnailUrl":"https:\/\/gradido.net\/wp-content\/uploads\/2023\/09\/Dachgarten_1920_2.jpg","datePublished":"2023-09-09T08:14:16+00:00","dateModified":"2026-04-23T05:08:15+00:00","description":"Andernachin, \"Sy\u00f6t\u00e4v\u00e4n kaupungin\" ja muiden menestyksekk\u00e4iden kaupunkiviljelyesimerkkien innoittamana Lieblingsstadtin tavoitteena on tulla ruokaomavaraiseksi.","breadcrumb":{"@id":"https:\/\/gradido.net\/lieblingsstadt-11-grosse-kooperation-fuer-autarkie\/#breadcrumb"},"inLanguage":"fi","potentialAction":[{"@type":"ReadAction","target":["https:\/\/gradido.net\/lieblingsstadt-11-grosse-kooperation-fuer-autarkie\/"]}]},{"@type":"ImageObject","inLanguage":"fi","@id":"https:\/\/gradido.net\/lieblingsstadt-11-grosse-kooperation-fuer-autarkie\/#primaryimage","url":"https:\/\/gradido.net\/wp-content\/uploads\/2023\/09\/Dachgarten_1920_2.jpg","contentUrl":"https:\/\/gradido.net\/wp-content\/uploads\/2023\/09\/Dachgarten_1920_2.jpg","width":1920,"height":1200},{"@type":"BreadcrumbList","@id":"https:\/\/gradido.net\/lieblingsstadt-11-grosse-kooperation-fuer-autarkie\/#breadcrumb","itemListElement":[{"@type":"ListItem","position":1,"name":"Startseite","item":"https:\/\/gradido.net\/"},{"@type":"ListItem","position":2,"name":"Lieblingsstadt 11 \u2013 Gro\u00dfe Kooperation f\u00fcr Autarkie"}]},{"@type":"WebSite","@id":"https:\/\/gradido.net\/de\/#website","url":"https:\/\/gradido.net\/de\/","name":"Gradido","description":"Uusi valuutta on kiitollisuus","publisher":{"@id":"https:\/\/gradido.net\/de\/#organization"},"potentialAction":[{"@type":"SearchAction","target":{"@type":"EntryPoint","urlTemplate":"https:\/\/gradido.net\/de\/?s={search_term_string}"},"query-input":{"@type":"PropertyValueSpecification","valueRequired":true,"valueName":"search_term_string"}}],"inLanguage":"fi"},{"@type":"Organization","@id":"https:\/\/gradido.net\/de\/#organization","name":"Gradido","url":"https:\/\/gradido.net\/de\/","logo":{"@type":"ImageObject","inLanguage":"fi","@id":"https:\/\/gradido.net\/de\/#\/schema\/logo\/image\/","url":"https:\/\/gradido.net\/wp-content\/uploads\/2022\/04\/gradido-social.jpg","contentUrl":"https:\/\/gradido.net\/wp-content\/uploads\/2022\/04\/gradido-social.jpg","width":527,"height":273,"caption":"Gradido"},"image":{"@id":"https:\/\/gradido.net\/de\/#\/schema\/logo\/image\/"}},{"@type":"Person","@id":"https:\/\/gradido.net\/de\/#\/schema\/person\/9c503a004ad15a1ddecadce2218db5d1","name":"Bernd H\u00fcckst\u00e4dt","sameAs":["https:\/\/gradido.net"],"url":"https:\/\/gradido.net\/fi\/author\/bernd\/"}]}},"_links":{"self":[{"href":"https:\/\/gradido.net\/fi\/wp-json\/wp\/v2\/posts\/7565","targetHints":{"allow":["GET"]}}],"collection":[{"href":"https:\/\/gradido.net\/fi\/wp-json\/wp\/v2\/posts"}],"about":[{"href":"https:\/\/gradido.net\/fi\/wp-json\/wp\/v2\/types\/post"}],"author":[{"embeddable":true,"href":"https:\/\/gradido.net\/fi\/wp-json\/wp\/v2\/users\/2"}],"replies":[{"embeddable":true,"href":"https:\/\/gradido.net\/fi\/wp-json\/wp\/v2\/comments?post=7565"}],"version-history":[{"count":58,"href":"https:\/\/gradido.net\/fi\/wp-json\/wp\/v2\/posts\/7565\/revisions"}],"predecessor-version":[{"id":13539,"href":"https:\/\/gradido.net\/fi\/wp-json\/wp\/v2\/posts\/7565\/revisions\/13539"}],"wp:featuredmedia":[{"embeddable":true,"href":"https:\/\/gradido.net\/fi\/wp-json\/wp\/v2\/media\/7568"}],"wp:attachment":[{"href":"https:\/\/gradido.net\/fi\/wp-json\/wp\/v2\/media?parent=7565"}],"wp:term":[{"taxonomy":"category","embeddable":true,"href":"https:\/\/gradido.net\/fi\/wp-json\/wp\/v2\/categories?post=7565"},{"taxonomy":"post_tag","embeddable":true,"href":"https:\/\/gradido.net\/fi\/wp-json\/wp\/v2\/tags?post=7565"}],"curies":[{"name":"wp","href":"https:\/\/api.w.org\/{rel}","templated":true}]}}