{"id":7693,"date":"2023-09-25T06:55:22","date_gmt":"2023-09-25T04:55:22","guid":{"rendered":"https:\/\/gradido.net\/?p=7693"},"modified":"2026-04-23T07:06:15","modified_gmt":"2026-04-23T05:06:15","slug":"lieblingsstadt-13-mit-freunden-unterwegs-der-ehrenamtliche-fahrdienst-lieblingsstaedter-kutscher","status":"publish","type":"post","link":"https:\/\/gradido.net\/fi\/lieblingsstadt-13-mit-freunden-unterwegs-der-ehrenamtliche-fahrdienst-lieblingsstaedter-kutscher\/","title":{"rendered":"Suosikkikaupunki 13 - Matkalla yst\u00e4vien kanssa: vapaaehtoinen ajopalvelu 'Lieblingsst\u00e4dter Kutscher' (Suosikkikaupunki Coachmen)"},"content":{"rendered":"<div data-elementor-type=\"wp-post\" data-elementor-id=\"7693\" class=\"elementor elementor-7693\" data-elementor-post-type=\"post\">\n\t\t\t\t\t\t<section class=\"elementor-section elementor-top-section elementor-element elementor-element-496e1d53 elementor-section-boxed elementor-section-height-default elementor-section-height-default\" data-id=\"496e1d53\" data-element_type=\"section\" data-e-type=\"section\">\n\t\t\t\t\t\t<div class=\"elementor-container elementor-column-gap-default\">\n\t\t\t\t\t<div class=\"elementor-column elementor-col-100 elementor-top-column elementor-element elementor-element-461d7be0\" data-id=\"461d7be0\" data-element_type=\"column\" data-e-type=\"column\">\n\t\t\t<div class=\"elementor-widget-wrap elementor-element-populated\">\n\t\t\t\t\t\t<div class=\"elementor-element elementor-element-cd9ebe2 elementor-widget elementor-widget-text-editor\" data-id=\"cd9ebe2\" data-element_type=\"widget\" data-e-type=\"widget\" data-widget_type=\"text-editor.default\">\n\t\t\t\t<div class=\"elementor-widget-container\">\n\t\t\t\t\t\t\t\t\t<p style=\"text-align: right;\"><em>\"Sen, mit\u00e4 kansainv\u00e4liset ajopalvelut tekev\u00e4t, me voimme tehd\u00e4 paremmin - alueellisesti, vapaaehtoisesti ja ilolla!\"<\/em><\/p><p>Hyv\u00e4 lukija,<\/p><p>Idyllisess\u00e4 Lieblingsstadtin kaupungissa asukkailla on yhteinen tavoite: vihre\u00e4 kaupunki, jossa on v\u00e4h\u00e4n liikennett\u00e4. He unelmoivat kaupunkipuutarhoista ja tilavista viheralueista parkkipaikkojen sijaan. Mutta on olemassa ongelma...<\/p><p>Julkinen liikenne kulkee harvoin, eik\u00e4 se kata l\u00e4hesk\u00e4\u00e4n kaikkia kaupungin alueita. L\u00e4hi\u00f6t ja ymp\u00e4r\u00f6iv\u00e4t kyl\u00e4t ovat erityisen huonosti liikenn\u00f6ityj\u00e4. Monilla kaupunkilaisilla ei ole varaa omaan autoon tai he eiv\u00e4t halua omistaa sellaista ymp\u00e4rist\u00f6syist\u00e4. Lis\u00e4ksi kaupungin keskustassa on tarkoituksellisen v\u00e4h\u00e4n pys\u00e4k\u00f6intipaikkoja.<\/p><p>Mutta miten ihmisten pit\u00e4isi tulla kaupunkiin? Uusi haaste pormestari Michael Miteinandille ja h\u00e4nen omistautuneelle tiimilleen!\u00a0<\/p><h3>Vapaaehtoinen ajopalvelu<\/h3><p>Muiden Gradido-hankkeiden suuren menestyksen innoittamana he l\u00f6yt\u00e4v\u00e4t nopeasti ratkaisun:<\/p><p>Yhdess\u00e4 kansalaisten kanssa he kehitt\u00e4v\u00e4t vapaaehtoista ajopalvelua. <strong>'Suosikki kaupungin vaunumies<\/strong>': Vapaaehtoiset antavat autonsa k\u00e4ytt\u00f6\u00f6n ja ajavat ihmisi\u00e4 ymp\u00e4ri kaupunkia ja ymp\u00e4r\u00f6ivi\u00e4 kyli\u00e4. He ajavat vanhuksia l\u00e4\u00e4k\u00e4riin, hakevat lapsia koulusta ja viev\u00e4t ty\u00f6ss\u00e4k\u00e4yv\u00e4t turvallisesti t\u00f6ihin. He j\u00e4rjest\u00e4v\u00e4t ostospalveluja ja paljon muuta. Kaikkea koordinoivat vapaaehtoiset kansalaistoimistossa. T\u00e4ll\u00e4 hetkell\u00e4 se tapahtuu viel\u00e4 puhelimitse ja chatin v\u00e4lityksell\u00e4, mutta tulevaisuudessa k\u00e4ytt\u00f6\u00f6n tulee<strong>Coachman App'<\/strong> anna.<\/p>\t\t\t\t\t\t\t\t<\/div>\n\t\t\t\t<\/div>\n\t\t\t\t<div class=\"elementor-element elementor-element-b482206 elementor-widget elementor-widget-image\" data-id=\"b482206\" data-element_type=\"widget\" data-e-type=\"widget\" data-widget_type=\"image.default\">\n\t\t\t\t<div class=\"elementor-widget-container\">\n\t\t\t\t\t\t\t\t\t\t\t\t\t\t\t<img fetchpriority=\"high\" decoding=\"async\" width=\"500\" height=\"312\" src=\"https:\/\/gradido.net\/wp-content\/uploads\/2023\/09\/Fahrgemeinschaft_500.jpg\" class=\"attachment-full size-full wp-image-7699\" alt=\"\" srcset=\"https:\/\/gradido.net\/wp-content\/uploads\/2023\/09\/Fahrgemeinschaft_500.jpg 500w, https:\/\/gradido.net\/wp-content\/uploads\/2023\/09\/Fahrgemeinschaft_500-300x187.jpg 300w, https:\/\/gradido.net\/wp-content\/uploads\/2023\/09\/Fahrgemeinschaft_500-18x12.jpg 18w\" sizes=\"(max-width: 500px) 100vw, 500px\" \/>\t\t\t\t\t\t\t\t\t\t\t\t\t\t\t<\/div>\n\t\t\t\t<\/div>\n\t\t\t\t<div class=\"elementor-element elementor-element-c5e61d4 elementor-widget elementor-widget-text-editor\" data-id=\"c5e61d4\" data-element_type=\"widget\" data-e-type=\"widget\" data-widget_type=\"text-editor.default\">\n\t\t\t\t<div class=\"elementor-widget-container\">\n\t\t\t\t\t\t\t\t\t<p>Reitit on suunniteltu siten, ett\u00e4 mahdollisimman monta matkustajaa kuljetetaan yhdess\u00e4. N\u00e4in ihmiset tulevat kosketuksiin toistensa kanssa, ja ajopalvelusta tulee yhteis\u00f6llisyyden ja ymp\u00e4rist\u00f6tietoisuuden symboli.\u00a0<\/p><h3>Gradidon palkkausj\u00e4rjestelm\u00e4<\/h3><p>Kaikkien Lieblingsst\u00e4dterin vapaaehtoisty\u00f6hankkeiden erityispiirre on Gradido-palkkioj\u00e4rjestelm\u00e4n integrointi. Kyydeist\u00e4 ei makseta euroina, vaan ne korvataan Gradidoilla. Toisin sanoen, ei aivan: autonsa polttoainetta ja huoltoa varten autonkuljettaja ottaa mielell\u00e4\u00e4n vastaan my\u00f6s eurom\u00e4\u00e4r\u00e4isi\u00e4 lahjoituksia. Kukin matkustaja antaa sen, mink\u00e4 pystyy ja haluaa - toiset enemm\u00e4n, toiset v\u00e4hemm\u00e4n. T\u00e4ll\u00e4 tavoin linja-autonkuljettajat eiv\u00e4t ainoastaan kata kulujaan, vaan heille j\u00e4\u00e4 my\u00f6s jotain yli kuukauden lopussa.\u00a0<\/p><p>Gradidot saavat kaikenlaisia etuja - runsaista Gradido-alennuksista kaupoissa ja naapuriapuun sek\u00e4 herkullisesta ruoasta ja juomasta GradidoCaf\u00e9ssa ja yhteisty\u00f6ravintoloissa.<\/p><h3>Niin monia etuja - t\u00e4ydellinen menestys!<\/h3><p>Lieblingsstadtin asukkaat auttavat toisiaan ja v\u00e4hent\u00e4v\u00e4t samalla kaupungin liikennett\u00e4. Kaduista tulee hiljaisempia ja ilmasta puhtaampaa. Viheralueita s\u00e4ilytet\u00e4\u00e4n tai luodaan uusia parkkipaikkoja s\u00e4\u00e4st\u00e4m\u00e4ll\u00e4.<\/p><p>Kaupungin suosikkikuskipalvelusta tulee menestys, ja se innostaa muita kaupunkeja k\u00e4ynnist\u00e4m\u00e4\u00e4n vastaavia hankkeita. Pormestari Michael Miteinand ja h\u00e4nen tiimins\u00e4 ovat ylpeit\u00e4 kaupungistaan, sen asukkaista ja Gradidon nerokkaasta konseptista, joka auttoi heit\u00e4 toteuttamaan unelman vihre\u00e4st\u00e4 kaupungista.<\/p>\t\t\t\t\t\t\t\t<\/div>\n\t\t\t\t<\/div>\n\t\t\t\t<div class=\"elementor-element elementor-element-e858257 elementor-widget-divider--view-line elementor-widget elementor-widget-divider\" data-id=\"e858257\" data-element_type=\"widget\" data-e-type=\"widget\" data-widget_type=\"divider.default\">\n\t\t\t\t<div class=\"elementor-widget-container\">\n\t\t\t\t\t\t\t<div class=\"elementor-divider\">\n\t\t\t<span class=\"elementor-divider-separator\">\n\t\t\t\t\t\t<\/span>\n\t\t<\/div>\n\t\t\t\t\t\t<\/div>\n\t\t\t\t<\/div>\n\t\t\t\t<div class=\"elementor-element elementor-element-d74dfa0 elementor-widget elementor-widget-text-editor\" data-id=\"d74dfa0\" data-element_type=\"widget\" data-e-type=\"widget\" data-widget_type=\"text-editor.default\">\n\t\t\t\t<div class=\"elementor-widget-container\">\n\t\t\t\t\t\t\t\t\t<div data-pm-slice=\"1 1 []\" data-en-clipboard=\"true\"><p>The <strong>\"Hienoa yhteisty\u00f6t\u00e4<\/strong> laajenee yh\u00e4 useammille alueille. Suositun sarjan 13. jaksossa <strong>\"Gradido suosikkikaupungissa\" <\/strong>suosikkikaupunki kehitt\u00e4\u00e4 vapaaehtoista versiota liikkuvuuden k\u00e4\u00e4nt\u00e4misest\u00e4. Kuten aina, yhteisty\u00f6 on monin verroin parempi kuin kilpailu. Vapaaehtoistoiminta - yhteiskuntamme tukipilari - perustuu pitk\u00e4lti yhteisty\u00f6h\u00f6n. Vapaaehtoisty\u00f6n palkitsemisj\u00e4rjestelm\u00e4n \"Gradido\" avulla vapaaehtoisty\u00f6st\u00e4 maksetaan 20 gradidoa tunnilta.<\/p><p>Gradidot saavat erilaisia etuja ja alennuksia, jotka voi lunastaa paikallisissa yrityksiss\u00e4. Lis\u00e4ksi kansalaisten kesken k\u00e4yd\u00e4\u00e4n vilkasta vaihtoa. T\u00e4m\u00e4 pienent\u00e4\u00e4 kaikkien osapuolten kustannuksia ja suuret hankkeet tulevat mahdollisiksi. Win-win-win-tilanne kaikille!<\/p><p><strong>Toimita t\u00e4m\u00e4 sarja rohkeasti eteenp\u00e4in kaupunginvaltuustolle, yhdistyksille ja ammattihenkil\u00f6ille!<\/strong><\/p><p>Jos emme tee mit\u00e4\u00e4n nyt, <strong>Alasp\u00e4in suuntautuva kierre<\/strong> pois. Olemme yh\u00e4 riippuvaisempia ulkomaisista yrityksist\u00e4, ja kotimainen taloutemme on menossa nurin.<\/p><p>Gradidon ja Suuren yhteisty\u00f6n avulla luomme - <strong>Yl\u00f6sp\u00e4in suuntautuvat kierteet<\/strong> muokata tulevaisuutta my\u00f6nteisesti ja kest\u00e4v\u00e4ll\u00e4 tavalla. Yhdess\u00e4 muutamme kaupunkimme ja taajamamme elinvoimaisiksi ja kukoistaviksi keitaiksi - lempipaikoiksemme!<\/p><p>Yst\u00e4v\u00e4llisin terveisin<\/p><\/div><p>Teid\u00e4n<\/p><p><img decoding=\"async\" class=\"alignnone wp-image-4614 size-medium\" src=\"https:\/\/gradido.net\/wp-content\/uploads\/2022\/06\/MargretBernd_2022-300x74.png\" alt=\"\" width=\"300\" height=\"74\" srcset=\"https:\/\/gradido.net\/wp-content\/uploads\/2022\/06\/MargretBernd_2022-300x74.png 300w, https:\/\/gradido.net\/wp-content\/uploads\/2022\/06\/MargretBernd_2022-18x4.png 18w, https:\/\/gradido.net\/wp-content\/uploads\/2022\/06\/MargretBernd_2022.png 431w\" sizes=\"(max-width: 300px) 100vw, 300px\" \/><\/p><p>Margret Baier ja Bernd H\u00fcckst\u00e4dt<br \/>Gradidon perustaja ja kehitt\u00e4j\u00e4<\/p>\t\t\t\t\t\t\t\t<\/div>\n\t\t\t\t<\/div>\n\t\t\t\t\t<\/div>\n\t\t<\/div>\n\t\t\t\t\t<\/div>\n\t\t<\/section>\n\t\t\t\t<section class=\"elementor-section elementor-top-section elementor-element elementor-element-41e30ef elementor-section-boxed elementor-section-height-default elementor-section-height-default\" data-id=\"41e30ef\" data-element_type=\"section\" data-e-type=\"section\">\n\t\t\t\t\t\t<div class=\"elementor-container elementor-column-gap-default\">\n\t\t\t\t\t<div class=\"elementor-column elementor-col-100 elementor-top-column elementor-element elementor-element-35217b3\" data-id=\"35217b3\" data-element_type=\"column\" data-e-type=\"column\">\n\t\t\t<div class=\"elementor-widget-wrap elementor-element-populated\">\n\t\t\t\t\t\t<div class=\"elementor-element elementor-element-14656db elementor-position-inline-start white-links elementor-widget__width-initial elementor-view-default elementor-mobile-position-block-start elementor-widget elementor-widget-icon-box\" data-id=\"14656db\" data-element_type=\"widget\" data-e-type=\"widget\" data-no-translation=\"\" data-widget_type=\"icon-box.default\">\n\t\t\t\t<div class=\"elementor-widget-container\">\n\t\t\t\t\t<style>.elementor-element-14656db{display:none !important}<\/style>\t\t\t\t<\/div>\n\t\t\t\t<\/div>\n\t\t\t\t\t<\/div>\n\t\t<\/div>\n\t\t\t\t\t<\/div>\n\t\t<\/section>\n\t\t\t\t<section class=\"elementor-section elementor-top-section elementor-element elementor-element-14532fe elementor-section-boxed elementor-section-height-default elementor-section-height-default\" data-id=\"14532fe\" data-element_type=\"section\" data-e-type=\"section\">\n\t\t\t\t\t\t<div class=\"elementor-container elementor-column-gap-default\">\n\t\t\t\t\t<div class=\"elementor-column elementor-col-100 elementor-top-column elementor-element elementor-element-65d2298\" data-id=\"65d2298\" data-element_type=\"column\" data-e-type=\"column\">\n\t\t\t<div class=\"elementor-widget-wrap elementor-element-populated\">\n\t\t\t\t\t\t<div class=\"elementor-element elementor-element-d316072 elementor-widget elementor-widget-global elementor-global-9341 elementor-widget-text-editor\" data-id=\"d316072\" data-element_type=\"widget\" data-e-type=\"widget\" data-widget_type=\"text-editor.default\">\n\t\t\t\t<div class=\"elementor-widget-container\">\n\t\t\t\t\t\t\t\t\t<p><strong>PS:\u00a0<span style=\"color: #ff6600;\"><a style=\"color: #ff6600;\" href=\"https:\/\/gradido.net\/fi\/donations\/\">Koska Gradidon merkitys kasvaa jatkuvasti, toistamme kiitollisuuskampanjamme 26. kes\u00e4kuuta 2026:<\/a>\u00a0<\/span><span style=\"color: #0000ff;\"><a style=\"color: #0000ff;\" href=\"https:\/\/gradido.net\/fi\/donations\/\">Sen lis\u00e4ksi, ett\u00e4 saamme sponsorointirahoituksestasi moninkertaisen GradidoTransformin, lis\u00e4\u00e4mme kaikkien GDT-tilien saldoja 26%:ll\u00e4 26.6.2016. Sponsoroi nyt ja nauti moninkertaisesta m\u00e4\u00e4r\u00e4st\u00e4 GDT:t\u00e4!<\/a><\/span><\/strong><\/p>\t\t\t\t\t\t\t\t<\/div>\n\t\t\t\t<\/div>\n\t\t\t\t\t<\/div>\n\t\t<\/div>\n\t\t\t\t\t<\/div>\n\t\t<\/section>\n\t\t\t\t<\/div>","protected":false},"excerpt":{"rendered":"<p>Vapaaehtoiset ajavat ihmisi\u00e4 ymp\u00e4ri kaupunkia ja ymp\u00e4r\u00f6ivi\u00e4 kyli\u00e4. He viev\u00e4t vanhuksia l\u00e4\u00e4k\u00e4riin, hakevat lapsia koulusta ja viev\u00e4t ty\u00f6ss\u00e4k\u00e4yvi\u00e4 turvallisesti t\u00f6ihin. He j\u00e4rjest\u00e4v\u00e4t ostospalveluja ja paljon muuta.<\/p>","protected":false},"author":2,"featured_media":7694,"comment_status":"closed","ping_status":"closed","sticky":false,"template":"","format":"standard","meta":{"footnotes":""},"categories":[11,53],"tags":[],"class_list":["post-7693","post","type-post","status-publish","format-standard","has-post-thumbnail","hentry","category-blog","category-lieblingsstadt"],"yoast_head":"<!-- This site is optimized with the Yoast SEO plugin v27.4 - https:\/\/yoast.com\/product\/yoast-seo-wordpress\/ -->\n<title>Lieblingsstadt 13 \u2013 Mit Freu(n)den unterwegs: Der Ehrenamtliche Fahrdienst \u201aLieblingsst\u00e4dter Kutscher\u2018 - Gradido<\/title>\n<meta name=\"description\" content=\"Freiwillige Helfer fahren Menschen durch die Stadt und die umliegenden D\u00f6rfer. Sie fahren \u00e4ltere Menschen zum Arzt, holen Kinder von der Schule ab und bringen Berufst\u00e4tige sicher zur Arbeit. Sie organisieren Einkaufsdienste und vieles mehr.\" \/>\n<meta name=\"robots\" content=\"index, follow, max-snippet:-1, max-image-preview:large, max-video-preview:-1\" \/>\n<link rel=\"canonical\" href=\"https:\/\/gradido.net\/fi\/lieblingsstadt-13-mit-freunden-unterwegs-der-ehrenamtliche-fahrdienst-lieblingsstaedter-kutscher\/\" \/>\n<meta property=\"og:locale\" content=\"fi_FI\" \/>\n<meta property=\"og:type\" content=\"article\" \/>\n<meta property=\"og:title\" content=\"Lieblingsstadt 13 \u2013 Mit Freu(n)den unterwegs: Der Ehrenamtliche Fahrdienst \u201aLieblingsst\u00e4dter Kutscher\u2018 - Gradido\" \/>\n<meta property=\"og:description\" content=\"Freiwillige Helfer fahren Menschen durch die Stadt und die umliegenden D\u00f6rfer. Sie fahren \u00e4ltere Menschen zum Arzt, holen Kinder von der Schule ab und bringen Berufst\u00e4tige sicher zur Arbeit. Sie organisieren Einkaufsdienste und vieles mehr.\" \/>\n<meta property=\"og:url\" content=\"https:\/\/gradido.net\/fi\/lieblingsstadt-13-mit-freunden-unterwegs-der-ehrenamtliche-fahrdienst-lieblingsstaedter-kutscher\/\" \/>\n<meta property=\"og:site_name\" content=\"Gradido\" \/>\n<meta property=\"article:published_time\" content=\"2023-09-25T04:55:22+00:00\" \/>\n<meta property=\"article:modified_time\" content=\"2026-04-23T05:06:15+00:00\" \/>\n<meta property=\"og:image\" content=\"https:\/\/gradido.net\/wp-content\/uploads\/2023\/09\/Kutscherin_1800.jpg\" \/>\n\t<meta property=\"og:image:width\" content=\"1800\" \/>\n\t<meta property=\"og:image:height\" content=\"1200\" \/>\n\t<meta property=\"og:image:type\" content=\"image\/jpeg\" \/>\n<meta name=\"author\" content=\"Bernd H\u00fcckst\u00e4dt\" \/>\n<meta name=\"twitter:card\" content=\"summary_large_image\" \/>\n<meta name=\"twitter:label1\" content=\"Kirjoittanut\" \/>\n\t<meta name=\"twitter:data1\" content=\"Bernd H\u00fcckst\u00e4dt\" \/>\n\t<meta name=\"twitter:label2\" content=\"Arvioitu lukuaika\" \/>\n\t<meta name=\"twitter:data2\" content=\"5 minuuttia\" \/>\n<script type=\"application\/ld+json\" class=\"yoast-schema-graph\">{\"@context\":\"https:\\\/\\\/schema.org\",\"@graph\":[{\"@type\":\"Article\",\"@id\":\"https:\\\/\\\/gradido.net\\\/lieblingsstadt-13-mit-freunden-unterwegs-der-ehrenamtliche-fahrdienst-lieblingsstaedter-kutscher\\\/#article\",\"isPartOf\":{\"@id\":\"https:\\\/\\\/gradido.net\\\/lieblingsstadt-13-mit-freunden-unterwegs-der-ehrenamtliche-fahrdienst-lieblingsstaedter-kutscher\\\/\"},\"author\":{\"name\":\"Bernd H\u00fcckst\u00e4dt\",\"@id\":\"https:\\\/\\\/gradido.net\\\/de\\\/#\\\/schema\\\/person\\\/9c503a004ad15a1ddecadce2218db5d1\"},\"headline\":\"Lieblingsstadt 13 \u2013 Mit Freu(n)den unterwegs: Der Ehrenamtliche Fahrdienst \u201aLieblingsst\u00e4dter Kutscher\u2018\",\"datePublished\":\"2023-09-25T04:55:22+00:00\",\"dateModified\":\"2026-04-23T05:06:15+00:00\",\"mainEntityOfPage\":{\"@id\":\"https:\\\/\\\/gradido.net\\\/lieblingsstadt-13-mit-freunden-unterwegs-der-ehrenamtliche-fahrdienst-lieblingsstaedter-kutscher\\\/\"},\"wordCount\":752,\"publisher\":{\"@id\":\"https:\\\/\\\/gradido.net\\\/de\\\/#organization\"},\"image\":{\"@id\":\"https:\\\/\\\/gradido.net\\\/lieblingsstadt-13-mit-freunden-unterwegs-der-ehrenamtliche-fahrdienst-lieblingsstaedter-kutscher\\\/#primaryimage\"},\"thumbnailUrl\":\"https:\\\/\\\/gradido.net\\\/wp-content\\\/uploads\\\/2023\\\/09\\\/Kutscherin_1800.jpg\",\"articleSection\":[\"Blog\",\"Lieblingsstadt\"],\"inLanguage\":\"fi\"},{\"@type\":\"WebPage\",\"@id\":\"https:\\\/\\\/gradido.net\\\/lieblingsstadt-13-mit-freunden-unterwegs-der-ehrenamtliche-fahrdienst-lieblingsstaedter-kutscher\\\/\",\"url\":\"https:\\\/\\\/gradido.net\\\/lieblingsstadt-13-mit-freunden-unterwegs-der-ehrenamtliche-fahrdienst-lieblingsstaedter-kutscher\\\/\",\"name\":\"Lieblingsstadt 13 \u2013 Mit Freu(n)den unterwegs: Der Ehrenamtliche Fahrdienst \u201aLieblingsst\u00e4dter Kutscher\u2018 - Gradido\",\"isPartOf\":{\"@id\":\"https:\\\/\\\/gradido.net\\\/de\\\/#website\"},\"primaryImageOfPage\":{\"@id\":\"https:\\\/\\\/gradido.net\\\/lieblingsstadt-13-mit-freunden-unterwegs-der-ehrenamtliche-fahrdienst-lieblingsstaedter-kutscher\\\/#primaryimage\"},\"image\":{\"@id\":\"https:\\\/\\\/gradido.net\\\/lieblingsstadt-13-mit-freunden-unterwegs-der-ehrenamtliche-fahrdienst-lieblingsstaedter-kutscher\\\/#primaryimage\"},\"thumbnailUrl\":\"https:\\\/\\\/gradido.net\\\/wp-content\\\/uploads\\\/2023\\\/09\\\/Kutscherin_1800.jpg\",\"datePublished\":\"2023-09-25T04:55:22+00:00\",\"dateModified\":\"2026-04-23T05:06:15+00:00\",\"description\":\"Freiwillige Helfer fahren Menschen durch die Stadt und die umliegenden D\u00f6rfer. Sie fahren \u00e4ltere Menschen zum Arzt, holen Kinder von der Schule ab und bringen Berufst\u00e4tige sicher zur Arbeit. Sie organisieren Einkaufsdienste und vieles mehr.\",\"breadcrumb\":{\"@id\":\"https:\\\/\\\/gradido.net\\\/lieblingsstadt-13-mit-freunden-unterwegs-der-ehrenamtliche-fahrdienst-lieblingsstaedter-kutscher\\\/#breadcrumb\"},\"inLanguage\":\"fi\",\"potentialAction\":[{\"@type\":\"ReadAction\",\"target\":[\"https:\\\/\\\/gradido.net\\\/lieblingsstadt-13-mit-freunden-unterwegs-der-ehrenamtliche-fahrdienst-lieblingsstaedter-kutscher\\\/\"]}]},{\"@type\":\"ImageObject\",\"inLanguage\":\"fi\",\"@id\":\"https:\\\/\\\/gradido.net\\\/lieblingsstadt-13-mit-freunden-unterwegs-der-ehrenamtliche-fahrdienst-lieblingsstaedter-kutscher\\\/#primaryimage\",\"url\":\"https:\\\/\\\/gradido.net\\\/wp-content\\\/uploads\\\/2023\\\/09\\\/Kutscherin_1800.jpg\",\"contentUrl\":\"https:\\\/\\\/gradido.net\\\/wp-content\\\/uploads\\\/2023\\\/09\\\/Kutscherin_1800.jpg\",\"width\":1800,\"height\":1200},{\"@type\":\"BreadcrumbList\",\"@id\":\"https:\\\/\\\/gradido.net\\\/lieblingsstadt-13-mit-freunden-unterwegs-der-ehrenamtliche-fahrdienst-lieblingsstaedter-kutscher\\\/#breadcrumb\",\"itemListElement\":[{\"@type\":\"ListItem\",\"position\":1,\"name\":\"Startseite\",\"item\":\"https:\\\/\\\/gradido.net\\\/\"},{\"@type\":\"ListItem\",\"position\":2,\"name\":\"Lieblingsstadt 13 \u2013 Mit Freu(n)den unterwegs: Der Ehrenamtliche Fahrdienst \u201aLieblingsst\u00e4dter Kutscher\u2018\"}]},{\"@type\":\"WebSite\",\"@id\":\"https:\\\/\\\/gradido.net\\\/de\\\/#website\",\"url\":\"https:\\\/\\\/gradido.net\\\/de\\\/\",\"name\":\"Gradido\",\"description\":\"Die neue W\u00e4hrung hei\u00dft Dankbarkeit\",\"publisher\":{\"@id\":\"https:\\\/\\\/gradido.net\\\/de\\\/#organization\"},\"potentialAction\":[{\"@type\":\"SearchAction\",\"target\":{\"@type\":\"EntryPoint\",\"urlTemplate\":\"https:\\\/\\\/gradido.net\\\/de\\\/?s={search_term_string}\"},\"query-input\":{\"@type\":\"PropertyValueSpecification\",\"valueRequired\":true,\"valueName\":\"search_term_string\"}}],\"inLanguage\":\"fi\"},{\"@type\":\"Organization\",\"@id\":\"https:\\\/\\\/gradido.net\\\/de\\\/#organization\",\"name\":\"Gradido\",\"url\":\"https:\\\/\\\/gradido.net\\\/de\\\/\",\"logo\":{\"@type\":\"ImageObject\",\"inLanguage\":\"fi\",\"@id\":\"https:\\\/\\\/gradido.net\\\/de\\\/#\\\/schema\\\/logo\\\/image\\\/\",\"url\":\"https:\\\/\\\/gradido.net\\\/wp-content\\\/uploads\\\/2022\\\/04\\\/gradido-social.jpg\",\"contentUrl\":\"https:\\\/\\\/gradido.net\\\/wp-content\\\/uploads\\\/2022\\\/04\\\/gradido-social.jpg\",\"width\":527,\"height\":273,\"caption\":\"Gradido\"},\"image\":{\"@id\":\"https:\\\/\\\/gradido.net\\\/de\\\/#\\\/schema\\\/logo\\\/image\\\/\"}},{\"@type\":\"Person\",\"@id\":\"https:\\\/\\\/gradido.net\\\/de\\\/#\\\/schema\\\/person\\\/9c503a004ad15a1ddecadce2218db5d1\",\"name\":\"Bernd H\u00fcckst\u00e4dt\",\"sameAs\":[\"https:\\\/\\\/gradido.net\"],\"url\":\"https:\\\/\\\/gradido.net\\\/fi\\\/author\\\/bernd\\\/\"}]}<\/script>\n<!-- \/ Yoast SEO plugin. -->","yoast_head_json":{"title":"Suosikkikaupunki 13 - Matkalla yst\u00e4vien kanssa: vapaaehtoinen ajopalvelu 'Lieblingsst\u00e4dter Kutscher' - Gradido","description":"Vapaaehtoiset ajavat ihmisi\u00e4 ymp\u00e4ri kaupunkia ja ymp\u00e4r\u00f6ivi\u00e4 kyli\u00e4. He viev\u00e4t vanhuksia l\u00e4\u00e4k\u00e4riin, hakevat lapsia koulusta ja viev\u00e4t ty\u00f6ss\u00e4k\u00e4yvi\u00e4 turvallisesti t\u00f6ihin. He j\u00e4rjest\u00e4v\u00e4t ostospalveluja ja paljon muuta.","robots":{"index":"index","follow":"follow","max-snippet":"max-snippet:-1","max-image-preview":"max-image-preview:large","max-video-preview":"max-video-preview:-1"},"canonical":"https:\/\/gradido.net\/fi\/lieblingsstadt-13-mit-freunden-unterwegs-der-ehrenamtliche-fahrdienst-lieblingsstaedter-kutscher\/","og_locale":"fi_FI","og_type":"article","og_title":"Lieblingsstadt 13 \u2013 Mit Freu(n)den unterwegs: Der Ehrenamtliche Fahrdienst \u201aLieblingsst\u00e4dter Kutscher\u2018 - Gradido","og_description":"Freiwillige Helfer fahren Menschen durch die Stadt und die umliegenden D\u00f6rfer. Sie fahren \u00e4ltere Menschen zum Arzt, holen Kinder von der Schule ab und bringen Berufst\u00e4tige sicher zur Arbeit. Sie organisieren Einkaufsdienste und vieles mehr.","og_url":"https:\/\/gradido.net\/fi\/lieblingsstadt-13-mit-freunden-unterwegs-der-ehrenamtliche-fahrdienst-lieblingsstaedter-kutscher\/","og_site_name":"Gradido","article_published_time":"2023-09-25T04:55:22+00:00","article_modified_time":"2026-04-23T05:06:15+00:00","og_image":[{"width":1800,"height":1200,"url":"https:\/\/gradido.net\/wp-content\/uploads\/2023\/09\/Kutscherin_1800.jpg","type":"image\/jpeg"}],"author":"Bernd H\u00fcckst\u00e4dt","twitter_card":"summary_large_image","twitter_misc":{"Kirjoittanut":"Bernd H\u00fcckst\u00e4dt","Arvioitu lukuaika":"5 minuuttia"},"schema":{"@context":"https:\/\/schema.org","@graph":[{"@type":"Article","@id":"https:\/\/gradido.net\/lieblingsstadt-13-mit-freunden-unterwegs-der-ehrenamtliche-fahrdienst-lieblingsstaedter-kutscher\/#article","isPartOf":{"@id":"https:\/\/gradido.net\/lieblingsstadt-13-mit-freunden-unterwegs-der-ehrenamtliche-fahrdienst-lieblingsstaedter-kutscher\/"},"author":{"name":"Bernd H\u00fcckst\u00e4dt","@id":"https:\/\/gradido.net\/de\/#\/schema\/person\/9c503a004ad15a1ddecadce2218db5d1"},"headline":"Lieblingsstadt 13 \u2013 Mit Freu(n)den unterwegs: Der Ehrenamtliche Fahrdienst \u201aLieblingsst\u00e4dter Kutscher\u2018","datePublished":"2023-09-25T04:55:22+00:00","dateModified":"2026-04-23T05:06:15+00:00","mainEntityOfPage":{"@id":"https:\/\/gradido.net\/lieblingsstadt-13-mit-freunden-unterwegs-der-ehrenamtliche-fahrdienst-lieblingsstaedter-kutscher\/"},"wordCount":752,"publisher":{"@id":"https:\/\/gradido.net\/de\/#organization"},"image":{"@id":"https:\/\/gradido.net\/lieblingsstadt-13-mit-freunden-unterwegs-der-ehrenamtliche-fahrdienst-lieblingsstaedter-kutscher\/#primaryimage"},"thumbnailUrl":"https:\/\/gradido.net\/wp-content\/uploads\/2023\/09\/Kutscherin_1800.jpg","articleSection":["Blog","Lieblingsstadt"],"inLanguage":"fi"},{"@type":"WebPage","@id":"https:\/\/gradido.net\/lieblingsstadt-13-mit-freunden-unterwegs-der-ehrenamtliche-fahrdienst-lieblingsstaedter-kutscher\/","url":"https:\/\/gradido.net\/lieblingsstadt-13-mit-freunden-unterwegs-der-ehrenamtliche-fahrdienst-lieblingsstaedter-kutscher\/","name":"Suosikkikaupunki 13 - Matkalla yst\u00e4vien kanssa: vapaaehtoinen ajopalvelu 'Lieblingsst\u00e4dter Kutscher' - Gradido","isPartOf":{"@id":"https:\/\/gradido.net\/de\/#website"},"primaryImageOfPage":{"@id":"https:\/\/gradido.net\/lieblingsstadt-13-mit-freunden-unterwegs-der-ehrenamtliche-fahrdienst-lieblingsstaedter-kutscher\/#primaryimage"},"image":{"@id":"https:\/\/gradido.net\/lieblingsstadt-13-mit-freunden-unterwegs-der-ehrenamtliche-fahrdienst-lieblingsstaedter-kutscher\/#primaryimage"},"thumbnailUrl":"https:\/\/gradido.net\/wp-content\/uploads\/2023\/09\/Kutscherin_1800.jpg","datePublished":"2023-09-25T04:55:22+00:00","dateModified":"2026-04-23T05:06:15+00:00","description":"Vapaaehtoiset ajavat ihmisi\u00e4 ymp\u00e4ri kaupunkia ja ymp\u00e4r\u00f6ivi\u00e4 kyli\u00e4. He viev\u00e4t vanhuksia l\u00e4\u00e4k\u00e4riin, hakevat lapsia koulusta ja viev\u00e4t ty\u00f6ss\u00e4k\u00e4yvi\u00e4 turvallisesti t\u00f6ihin. He j\u00e4rjest\u00e4v\u00e4t ostospalveluja ja paljon muuta.","breadcrumb":{"@id":"https:\/\/gradido.net\/lieblingsstadt-13-mit-freunden-unterwegs-der-ehrenamtliche-fahrdienst-lieblingsstaedter-kutscher\/#breadcrumb"},"inLanguage":"fi","potentialAction":[{"@type":"ReadAction","target":["https:\/\/gradido.net\/lieblingsstadt-13-mit-freunden-unterwegs-der-ehrenamtliche-fahrdienst-lieblingsstaedter-kutscher\/"]}]},{"@type":"ImageObject","inLanguage":"fi","@id":"https:\/\/gradido.net\/lieblingsstadt-13-mit-freunden-unterwegs-der-ehrenamtliche-fahrdienst-lieblingsstaedter-kutscher\/#primaryimage","url":"https:\/\/gradido.net\/wp-content\/uploads\/2023\/09\/Kutscherin_1800.jpg","contentUrl":"https:\/\/gradido.net\/wp-content\/uploads\/2023\/09\/Kutscherin_1800.jpg","width":1800,"height":1200},{"@type":"BreadcrumbList","@id":"https:\/\/gradido.net\/lieblingsstadt-13-mit-freunden-unterwegs-der-ehrenamtliche-fahrdienst-lieblingsstaedter-kutscher\/#breadcrumb","itemListElement":[{"@type":"ListItem","position":1,"name":"Startseite","item":"https:\/\/gradido.net\/"},{"@type":"ListItem","position":2,"name":"Lieblingsstadt 13 \u2013 Mit Freu(n)den unterwegs: Der Ehrenamtliche Fahrdienst \u201aLieblingsst\u00e4dter Kutscher\u2018"}]},{"@type":"WebSite","@id":"https:\/\/gradido.net\/de\/#website","url":"https:\/\/gradido.net\/de\/","name":"Gradido","description":"Uusi valuutta on kiitollisuus","publisher":{"@id":"https:\/\/gradido.net\/de\/#organization"},"potentialAction":[{"@type":"SearchAction","target":{"@type":"EntryPoint","urlTemplate":"https:\/\/gradido.net\/de\/?s={search_term_string}"},"query-input":{"@type":"PropertyValueSpecification","valueRequired":true,"valueName":"search_term_string"}}],"inLanguage":"fi"},{"@type":"Organization","@id":"https:\/\/gradido.net\/de\/#organization","name":"Gradido","url":"https:\/\/gradido.net\/de\/","logo":{"@type":"ImageObject","inLanguage":"fi","@id":"https:\/\/gradido.net\/de\/#\/schema\/logo\/image\/","url":"https:\/\/gradido.net\/wp-content\/uploads\/2022\/04\/gradido-social.jpg","contentUrl":"https:\/\/gradido.net\/wp-content\/uploads\/2022\/04\/gradido-social.jpg","width":527,"height":273,"caption":"Gradido"},"image":{"@id":"https:\/\/gradido.net\/de\/#\/schema\/logo\/image\/"}},{"@type":"Person","@id":"https:\/\/gradido.net\/de\/#\/schema\/person\/9c503a004ad15a1ddecadce2218db5d1","name":"Bernd H\u00fcckst\u00e4dt","sameAs":["https:\/\/gradido.net"],"url":"https:\/\/gradido.net\/fi\/author\/bernd\/"}]}},"_links":{"self":[{"href":"https:\/\/gradido.net\/fi\/wp-json\/wp\/v2\/posts\/7693","targetHints":{"allow":["GET"]}}],"collection":[{"href":"https:\/\/gradido.net\/fi\/wp-json\/wp\/v2\/posts"}],"about":[{"href":"https:\/\/gradido.net\/fi\/wp-json\/wp\/v2\/types\/post"}],"author":[{"embeddable":true,"href":"https:\/\/gradido.net\/fi\/wp-json\/wp\/v2\/users\/2"}],"replies":[{"embeddable":true,"href":"https:\/\/gradido.net\/fi\/wp-json\/wp\/v2\/comments?post=7693"}],"version-history":[{"count":43,"href":"https:\/\/gradido.net\/fi\/wp-json\/wp\/v2\/posts\/7693\/revisions"}],"predecessor-version":[{"id":13537,"href":"https:\/\/gradido.net\/fi\/wp-json\/wp\/v2\/posts\/7693\/revisions\/13537"}],"wp:featuredmedia":[{"embeddable":true,"href":"https:\/\/gradido.net\/fi\/wp-json\/wp\/v2\/media\/7694"}],"wp:attachment":[{"href":"https:\/\/gradido.net\/fi\/wp-json\/wp\/v2\/media?parent=7693"}],"wp:term":[{"taxonomy":"category","embeddable":true,"href":"https:\/\/gradido.net\/fi\/wp-json\/wp\/v2\/categories?post=7693"},{"taxonomy":"post_tag","embeddable":true,"href":"https:\/\/gradido.net\/fi\/wp-json\/wp\/v2\/tags?post=7693"}],"curies":[{"name":"wp","href":"https:\/\/api.w.org\/{rel}","templated":true}]}}