{"id":8362,"date":"2023-12-14T16:43:40","date_gmt":"2023-12-14T15:43:40","guid":{"rendered":"https:\/\/gradido.net\/?p=8362"},"modified":"2026-04-24T08:04:06","modified_gmt":"2026-04-24T06:04:06","slug":"gradido-kreise-gemeinsam-mit-freunden-die-zukunft-gestalten","status":"publish","type":"post","link":"https:\/\/gradido.net\/fi\/gradido-kreise-gemeinsam-mit-freunden-die-zukunft-gestalten\/","title":{"rendered":"Gradido-piirit - Tulevaisuuden muokkaaminen yhdess\u00e4 yst\u00e4vien kanssa"},"content":{"rendered":"<div data-elementor-type=\"wp-post\" data-elementor-id=\"8362\" class=\"elementor elementor-8362\" data-elementor-post-type=\"post\">\n\t\t\t\t\t\t<section class=\"elementor-section elementor-top-section elementor-element elementor-element-496e1d53 elementor-section-boxed elementor-section-height-default elementor-section-height-default\" data-id=\"496e1d53\" data-element_type=\"section\" data-e-type=\"section\">\n\t\t\t\t\t\t<div class=\"elementor-container elementor-column-gap-default\">\n\t\t\t\t\t<div class=\"elementor-column elementor-col-100 elementor-top-column elementor-element elementor-element-461d7be0\" data-id=\"461d7be0\" data-element_type=\"column\" data-e-type=\"column\">\n\t\t\t<div class=\"elementor-widget-wrap elementor-element-populated\">\n\t\t\t\t\t\t<div class=\"elementor-element elementor-element-cd9ebe2 elementor-widget elementor-widget-text-editor\" data-id=\"cd9ebe2\" data-element_type=\"widget\" data-e-type=\"widget\" data-widget_type=\"text-editor.default\">\n\t\t\t\t<div class=\"elementor-widget-container\">\n\t\t\t\t\t\t\t\t\t<p style=\"text-align: right;\"><em>\"Mit\u00e4 yksi ihminen ei voi tehd\u00e4 yksin, sit\u00e4 voivat tehd\u00e4 monet.\"<\/em><br \/><em>- Friedrich Wilhelm Raiffeisen<\/em><\/p><p>Hyv\u00e4 lukija,<\/p><p>Sosiaalisina olentoina olemme riippuvaisia muiden ihmisten seurasta. Haluamme yst\u00e4vi\u00e4, jotka ymm\u00e4rt\u00e4v\u00e4t meit\u00e4 ja joihin voimme luottaa. Kuuluminen on ihmisen perustarve. Vain yhdess\u00e4 voimme luoda hyv\u00e4n tulevaisuuden kaikille.<\/p><p>Yhteis\u00f6ill\u00e4 on kuitenkin my\u00f6s pime\u00e4t puolensa. Vapaaehtoinen j\u00e4senyys yhteis\u00f6iss\u00e4, kuten p\u00e4iv\u00e4kodeissa, kouluissa, ty\u00f6paikoilla, kyl\u00e4yhteis\u00f6iss\u00e4 jne. voi muuttua helvetiksi, jos aallonpituus ei sovi yhteen. Herkist\u00e4, hiljaisista ihmisist\u00e4 tulee silloin nopeasti ulkopuolisia. He tuntevat itsens\u00e4 kiusatuiksi ja ahdistelluiksi. Ajatteletko joskus: \"En sovi t\u00e4nne\" tai - mik\u00e4 viel\u00e4 pahempaa - \"Minussa on jotain vikaa\"? Kuitenkin meill\u00e4 kaikilla on oikeus kuulua joukkoon ja tuntea olomme turvalliseksi sellaisten hyv\u00e4\u00e4 tarkoittavien ihmisten piiriss\u00e4, jotka ovat meille sopivia.<\/p><h2>Potentiaalin kehitt\u00e4minen yhdess\u00e4<\/h2><p>Meille Gradidon perustajille on eritt\u00e4in t\u00e4rke\u00e4\u00e4, ett\u00e4 tunnet olosi mukavaksi kanssamme. Toivomme, ett\u00e4 tutustut Gradidossa ihaniin ihmisiin ja voit siksi kutsua yst\u00e4vi\u00e4, tuttuja ja sukulaisia hyvill\u00e4 mielin. Lyhyesti sanottuna: ett\u00e4 ymp\u00e4r\u00f6it itsesi hyvien yst\u00e4vien piirill\u00e4, jossa tunnet olosi turvalliseksi. N\u00e4in tuette toisianne toteuttamaan suurimmat mahdollisuutenne.<\/p><p>Sill\u00e4 ei ole v\u00e4li\u00e4, tapasitteko ensimm\u00e4isen kerran Gradidon kautta vai oletteko tunteneet toisenne jo pitk\u00e4\u00e4n. Ehk\u00e4 teill\u00e4 on yhteinen kiinnostuksen kohde (yhdistys, hanke, aloite, oma-aloitteinen ryhm\u00e4 jne.) tai yksinkertaisesti pid\u00e4tte toisistanne ja viihdytte yhdess\u00e4.\u00a0<\/p><p>Yhteis\u00f6t kehitt\u00e4v\u00e4t voimaa, ovat imago-soluja muutosta varten. Yhdess\u00e4 voimme saavuttaa sen, mihin yksi ihminen yksin ei pysty.\u00a0<\/p><h2>Yhdess\u00e4 hyvinvoinnin, rauhan ja vapauden puolesta<\/h2><p>Samaan aikaan kun talous ja vanha rahoitusj\u00e4rjestelm\u00e4 romahtavat ulkona, yh\u00e4 useammat yritykset menev\u00e4t konkurssiin, ty\u00f6ntekij\u00e4massat irtisanotaan, vanhusten ja lasten k\u00f6yhyys lis\u00e4\u00e4ntyy, liittovaltion, osavaltioiden ja kuntien hallitukset kohtaavat yh\u00e4 suurempia taloudellisia ongelmia ja saattavat joutua maksukyvytt\u00f6miksi, me luomme yhdess\u00e4 uuden ajan palkkausj\u00e4rjestelm\u00e4\u00e4 panoksellamme yhteisen hyv\u00e4n hyv\u00e4ksi. Testaus- ja levitt\u00e4misjakson j\u00e4lkeen siit\u00e4 kehittyy uusi rahaj\u00e4rjestelm\u00e4, jolla on mahdollisuus luoda vaurautta kaikille ihmisille rauhassa, vapaus ja sopusoinnussa luonnon kanssa.<\/p><h2>Jopa ilman omaa Gradido-palvelinta<\/h2><p>Riippumatta siit\u00e4, kuuluitteko jo johonkin ryhm\u00e4\u00e4n vai l\u00f6ysittek\u00f6 toisenne Gradidon kautta - jos haluatte k\u00e4ytt\u00e4\u00e4 Gradidoa yhdess\u00e4, ette tarvitse omaa Gradido-palvelinta.<\/p><p>Valitset riveist\u00e4si 2-3 moderaattoria, joihin luotat. Sitten otat yhteytt\u00e4 Gradidon tukeen esittelypalaveria varten. Jos kaikki sopii, teid\u00e4t rekister\u00f6id\u00e4\u00e4n Gradido-piiriksi ja siit\u00e4 l\u00e4htien voitte luoda Gradidoja omalla vastuullanne. Moderaattorinne vahvistavat kirjaamanne yhteiset hyv\u00e4ntekev\u00e4isyysavustukset ja siten my\u00f6s luomisenne. Koska tunnette toisenne hyvin, voitte nopeasti keskustella ja ratkaista mahdolliset ep\u00e4selvyydet yhdess\u00e4.\u00a0<\/p><h2>3 askelta omaan Gradido-piiriin<\/h2><p>Vain 5-10 ihmist\u00e4 voi muodostaa piirin.\u00a0<\/p><p>Se on melko yksinkertaista:<\/p><ol><li>Annat itsellesi nimen, esimerkiksi \"Ihana piirimme\", ja valitset hashtagin, esimerkiksi #uwukreis. Laitat t\u00e4m\u00e4n hashtagin jokaisen yhteiseen hyv\u00e4\u00e4n t\u00e4ht\u00e4\u00e4v\u00e4n puheenvuorosi tekstin eteen.<\/li><li>Valitset moderaattorit ja otat yhteytt\u00e4 Gradido-yhteis\u00f6si tukitiimiin.<\/li><li>Onnistuneen esittelykokouksen j\u00e4lkeen asiakaspalvelu aktivoi moderaattorisi ja esittelee heille lyhyesti yll\u00e4pitoalueen, jossa he voivat muokata viestej\u00e4si.\u00a0<\/li><\/ol><h2>Olet upea - juuri sellaisena kuin olet!<\/h2><p>Olette hyvi\u00e4 sellaisina kuin olette - yksil\u00f6in\u00e4 ja my\u00f6s ryhm\u00e4n\u00e4 tai yhdistyksen\u00e4. Teid\u00e4n ei tarvitse muuttaa identiteetti\u00e4nne ryhm\u00e4n\u00e4, jos haluatte k\u00e4ytt\u00e4\u00e4 Gradidoa yhdess\u00e4 tai yksin.\u00a0<\/p><h2>Puhu yst\u00e4villesi<\/h2><p>Voit vapaasti puhua tutuillesi Gradidon k\u00e4ytt\u00e4misest\u00e4, jotta voimme tukea toisiamme jatkuvasti kasvavassa liikkeess\u00e4 ja auttaa muokkaamaan hyv\u00e4\u00e4 tulevaisuutta kaikille.\u00a0<\/p><p>Jokainen tarvitsee jossain vaiheessa hyvien yst\u00e4vien tukea. Sill\u00e4 - halusimme tai emme - \"suuri mullistus\" on jo t\u00e4ydess\u00e4 vauhdissa. Tulevat ajat ovat muuttumassa ep\u00e4varmemmiksi ja tuovat mukanaan suuria muutoksia. Ja on hienoa, jos olette j\u00e4rjest\u00e4ytyneet ajoissa.<\/p><p>Loppujen lopuksi kaikki on hyvin. Yhdess\u00e4 luomme ihania yhteis\u00f6j\u00e4, terveellisen luonnon ymp\u00e4r\u00f6imi\u00e4 inhimillisi\u00e4 keitaita, joissa nuoret ja vanhat viihtyv\u00e4t yhdess\u00e4 - rauhassa, vapaina ja sopusoinnussa luonnon kanssa.<\/p><p>Meit\u00e4 on paljon, ja meit\u00e4 on tulossa yh\u00e4 enemm\u00e4n.<\/p><p>Tuhannet kiitokset siit\u00e4, ett\u00e4 olette kanssamme!<\/p>\t\t\t\t\t\t\t\t<\/div>\n\t\t\t\t<\/div>\n\t\t\t\t<div class=\"elementor-element elementor-element-d74dfa0 elementor-widget elementor-widget-text-editor\" data-id=\"d74dfa0\" data-element_type=\"widget\" data-e-type=\"widget\" data-widget_type=\"text-editor.default\">\n\t\t\t\t<div class=\"elementor-widget-container\">\n\t\t\t\t\t\t\t\t\t<div data-pm-slice=\"1 1 []\" data-en-clipboard=\"true\"><p>Yst\u00e4v\u00e4llisin terveisin<\/p><\/div><p>Teid\u00e4n<\/p><p><img decoding=\"async\" class=\"alignnone wp-image-4614 size-medium\" src=\"https:\/\/gradido.net\/wp-content\/uploads\/2022\/06\/MargretBernd_2022-300x74.png\" alt=\"\" width=\"300\" height=\"74\" srcset=\"https:\/\/gradido.net\/wp-content\/uploads\/2022\/06\/MargretBernd_2022-300x74.png 300w, https:\/\/gradido.net\/wp-content\/uploads\/2022\/06\/MargretBernd_2022-18x4.png 18w, https:\/\/gradido.net\/wp-content\/uploads\/2022\/06\/MargretBernd_2022.png 431w\" sizes=\"(max-width: 300px) 100vw, 300px\" \/><\/p><p>Margret Baier ja Bernd H\u00fcckst\u00e4dt<br \/>Gradidon perustaja ja kehitt\u00e4j\u00e4<\/p>\t\t\t\t\t\t\t\t<\/div>\n\t\t\t\t<\/div>\n\t\t\t\t\t<\/div>\n\t\t<\/div>\n\t\t\t\t\t<\/div>\n\t\t<\/section>\n\t\t\t\t<section class=\"elementor-section elementor-top-section elementor-element elementor-element-14532fe elementor-section-boxed elementor-section-height-default elementor-section-height-default\" data-id=\"14532fe\" data-element_type=\"section\" data-e-type=\"section\">\n\t\t\t\t\t\t<div class=\"elementor-container elementor-column-gap-default\">\n\t\t\t\t\t<div class=\"elementor-column elementor-col-100 elementor-top-column elementor-element elementor-element-65d2298\" data-id=\"65d2298\" data-element_type=\"column\" data-e-type=\"column\">\n\t\t\t<div class=\"elementor-widget-wrap elementor-element-populated\">\n\t\t\t\t\t\t<div class=\"elementor-element elementor-element-ff276d0 elementor-widget elementor-widget-global elementor-global-9341 elementor-widget-text-editor\" data-id=\"ff276d0\" data-element_type=\"widget\" data-e-type=\"widget\" data-widget_type=\"text-editor.default\">\n\t\t\t\t<div class=\"elementor-widget-container\">\n\t\t\t\t\t\t\t\t\t<p><strong>PS:\u00a0<span style=\"color: #ff6600;\"><a style=\"color: #ff6600;\" href=\"https:\/\/gradido.net\/fi\/donations\/\">Koska Gradidon merkitys kasvaa jatkuvasti, toistamme kiitollisuuskampanjamme 26. kes\u00e4kuuta 2026:<\/a>\u00a0<\/span><span style=\"color: #0000ff;\"><a style=\"color: #0000ff;\" href=\"https:\/\/gradido.net\/fi\/donations\/\">Sen lis\u00e4ksi, ett\u00e4 saamme sponsorointirahoituksestasi moninkertaisen GradidoTransformin, lis\u00e4\u00e4mme kaikkien GDT-tilien saldoja 26%:ll\u00e4 26.6.2016. Sponsoroi nyt ja nauti moninkertaisesta m\u00e4\u00e4r\u00e4st\u00e4 GDT:t\u00e4!<\/a><\/span><\/strong><\/p>\t\t\t\t\t\t\t\t<\/div>\n\t\t\t\t<\/div>\n\t\t\t\t\t<\/div>\n\t\t<\/div>\n\t\t\t\t\t<\/div>\n\t\t<\/section>\n\t\t\t\t<\/div>","protected":false},"excerpt":{"rendered":"<p>Riippumatta siit\u00e4, kuuluitteko jo johonkin ryhm\u00e4\u00e4n vai l\u00f6ysittek\u00f6 toisenne Gradidon kautta - jos haluatte k\u00e4ytt\u00e4\u00e4 Gradidoa yhdess\u00e4, ette tarvitse omaa Gradido-palvelinta.<\/p>","protected":false},"author":2,"featured_media":8364,"comment_status":"closed","ping_status":"closed","sticky":false,"template":"","format":"standard","meta":{"footnotes":""},"categories":[11,54],"tags":[],"class_list":["post-8362","post","type-post","status-publish","format-standard","has-post-thumbnail","hentry","category-blog","category-community"],"yoast_head":"<!-- This site is optimized with the Yoast SEO plugin v27.4 - https:\/\/yoast.com\/product\/yoast-seo-wordpress\/ -->\n<title>Gradido-Kreise \u2013 Gemeinsam mit Freunden die Zukunft gestalten - Gradido<\/title>\n<meta name=\"description\" content=\"Ganz gleich, ob Ihr bereits einer Gruppe zugeh\u00f6rig seid oder ob Ihr Euch \u00fcber Gradido gefunden habt \u2013 wenn Ihr gemeinsam Gradido nutzen wollt, braucht Ihr nicht gleich einen eigenen Gradido-Server.\" \/>\n<meta name=\"robots\" content=\"index, follow, max-snippet:-1, max-image-preview:large, max-video-preview:-1\" \/>\n<link rel=\"canonical\" href=\"https:\/\/gradido.net\/fi\/gradido-kreise-gemeinsam-mit-freunden-die-zukunft-gestalten\/\" \/>\n<meta property=\"og:locale\" content=\"fi_FI\" \/>\n<meta property=\"og:type\" content=\"article\" \/>\n<meta property=\"og:title\" content=\"Gradido-Kreise \u2013 Gemeinsam mit Freunden die Zukunft gestalten - Gradido\" \/>\n<meta property=\"og:description\" content=\"Ganz gleich, ob Ihr bereits einer Gruppe zugeh\u00f6rig seid oder ob Ihr Euch \u00fcber Gradido gefunden habt \u2013 wenn Ihr gemeinsam Gradido nutzen wollt, braucht Ihr nicht gleich einen eigenen Gradido-Server.\" \/>\n<meta property=\"og:url\" content=\"https:\/\/gradido.net\/fi\/gradido-kreise-gemeinsam-mit-freunden-die-zukunft-gestalten\/\" \/>\n<meta property=\"og:site_name\" content=\"Gradido\" \/>\n<meta property=\"article:published_time\" content=\"2023-12-14T15:43:40+00:00\" \/>\n<meta property=\"article:modified_time\" content=\"2026-04-24T06:04:06+00:00\" \/>\n<meta property=\"og:image\" content=\"https:\/\/gradido.net\/wp-content\/uploads\/2023\/12\/Freundeskreis.jpg\" \/>\n\t<meta property=\"og:image:width\" content=\"1920\" \/>\n\t<meta property=\"og:image:height\" content=\"1080\" \/>\n\t<meta property=\"og:image:type\" content=\"image\/jpeg\" \/>\n<meta name=\"author\" content=\"Bernd H\u00fcckst\u00e4dt\" \/>\n<meta name=\"twitter:card\" content=\"summary_large_image\" \/>\n<meta name=\"twitter:label1\" content=\"Kirjoittanut\" \/>\n\t<meta name=\"twitter:data1\" content=\"Bernd H\u00fcckst\u00e4dt\" \/>\n\t<meta name=\"twitter:label2\" content=\"Arvioitu lukuaika\" \/>\n\t<meta name=\"twitter:data2\" content=\"5 minuuttia\" \/>\n<script type=\"application\/ld+json\" class=\"yoast-schema-graph\">{\"@context\":\"https:\\\/\\\/schema.org\",\"@graph\":[{\"@type\":\"Article\",\"@id\":\"https:\\\/\\\/gradido.net\\\/gradido-kreise-gemeinsam-mit-freunden-die-zukunft-gestalten\\\/#article\",\"isPartOf\":{\"@id\":\"https:\\\/\\\/gradido.net\\\/gradido-kreise-gemeinsam-mit-freunden-die-zukunft-gestalten\\\/\"},\"author\":{\"name\":\"Bernd H\u00fcckst\u00e4dt\",\"@id\":\"https:\\\/\\\/gradido.net\\\/de\\\/#\\\/schema\\\/person\\\/9c503a004ad15a1ddecadce2218db5d1\"},\"headline\":\"Gradido-Kreise \u2013 Gemeinsam mit Freunden die Zukunft gestalten\",\"datePublished\":\"2023-12-14T15:43:40+00:00\",\"dateModified\":\"2026-04-24T06:04:06+00:00\",\"mainEntityOfPage\":{\"@id\":\"https:\\\/\\\/gradido.net\\\/gradido-kreise-gemeinsam-mit-freunden-die-zukunft-gestalten\\\/\"},\"wordCount\":807,\"publisher\":{\"@id\":\"https:\\\/\\\/gradido.net\\\/de\\\/#organization\"},\"image\":{\"@id\":\"https:\\\/\\\/gradido.net\\\/gradido-kreise-gemeinsam-mit-freunden-die-zukunft-gestalten\\\/#primaryimage\"},\"thumbnailUrl\":\"https:\\\/\\\/gradido.net\\\/wp-content\\\/uploads\\\/2023\\\/12\\\/Freundeskreis.jpg\",\"articleSection\":[\"Blog\",\"Community\"],\"inLanguage\":\"fi\"},{\"@type\":\"WebPage\",\"@id\":\"https:\\\/\\\/gradido.net\\\/gradido-kreise-gemeinsam-mit-freunden-die-zukunft-gestalten\\\/\",\"url\":\"https:\\\/\\\/gradido.net\\\/gradido-kreise-gemeinsam-mit-freunden-die-zukunft-gestalten\\\/\",\"name\":\"Gradido-Kreise \u2013 Gemeinsam mit Freunden die Zukunft gestalten - Gradido\",\"isPartOf\":{\"@id\":\"https:\\\/\\\/gradido.net\\\/de\\\/#website\"},\"primaryImageOfPage\":{\"@id\":\"https:\\\/\\\/gradido.net\\\/gradido-kreise-gemeinsam-mit-freunden-die-zukunft-gestalten\\\/#primaryimage\"},\"image\":{\"@id\":\"https:\\\/\\\/gradido.net\\\/gradido-kreise-gemeinsam-mit-freunden-die-zukunft-gestalten\\\/#primaryimage\"},\"thumbnailUrl\":\"https:\\\/\\\/gradido.net\\\/wp-content\\\/uploads\\\/2023\\\/12\\\/Freundeskreis.jpg\",\"datePublished\":\"2023-12-14T15:43:40+00:00\",\"dateModified\":\"2026-04-24T06:04:06+00:00\",\"description\":\"Ganz gleich, ob Ihr bereits einer Gruppe zugeh\u00f6rig seid oder ob Ihr Euch \u00fcber Gradido gefunden habt \u2013 wenn Ihr gemeinsam Gradido nutzen wollt, braucht Ihr nicht gleich einen eigenen Gradido-Server.\",\"breadcrumb\":{\"@id\":\"https:\\\/\\\/gradido.net\\\/gradido-kreise-gemeinsam-mit-freunden-die-zukunft-gestalten\\\/#breadcrumb\"},\"inLanguage\":\"fi\",\"potentialAction\":[{\"@type\":\"ReadAction\",\"target\":[\"https:\\\/\\\/gradido.net\\\/gradido-kreise-gemeinsam-mit-freunden-die-zukunft-gestalten\\\/\"]}]},{\"@type\":\"ImageObject\",\"inLanguage\":\"fi\",\"@id\":\"https:\\\/\\\/gradido.net\\\/gradido-kreise-gemeinsam-mit-freunden-die-zukunft-gestalten\\\/#primaryimage\",\"url\":\"https:\\\/\\\/gradido.net\\\/wp-content\\\/uploads\\\/2023\\\/12\\\/Freundeskreis.jpg\",\"contentUrl\":\"https:\\\/\\\/gradido.net\\\/wp-content\\\/uploads\\\/2023\\\/12\\\/Freundeskreis.jpg\",\"width\":1920,\"height\":1080},{\"@type\":\"BreadcrumbList\",\"@id\":\"https:\\\/\\\/gradido.net\\\/gradido-kreise-gemeinsam-mit-freunden-die-zukunft-gestalten\\\/#breadcrumb\",\"itemListElement\":[{\"@type\":\"ListItem\",\"position\":1,\"name\":\"Startseite\",\"item\":\"https:\\\/\\\/gradido.net\\\/\"},{\"@type\":\"ListItem\",\"position\":2,\"name\":\"Gradido-Kreise \u2013 Gemeinsam mit Freunden die Zukunft gestalten\"}]},{\"@type\":\"WebSite\",\"@id\":\"https:\\\/\\\/gradido.net\\\/de\\\/#website\",\"url\":\"https:\\\/\\\/gradido.net\\\/de\\\/\",\"name\":\"Gradido\",\"description\":\"Die neue W\u00e4hrung hei\u00dft Dankbarkeit\",\"publisher\":{\"@id\":\"https:\\\/\\\/gradido.net\\\/de\\\/#organization\"},\"potentialAction\":[{\"@type\":\"SearchAction\",\"target\":{\"@type\":\"EntryPoint\",\"urlTemplate\":\"https:\\\/\\\/gradido.net\\\/de\\\/?s={search_term_string}\"},\"query-input\":{\"@type\":\"PropertyValueSpecification\",\"valueRequired\":true,\"valueName\":\"search_term_string\"}}],\"inLanguage\":\"fi\"},{\"@type\":\"Organization\",\"@id\":\"https:\\\/\\\/gradido.net\\\/de\\\/#organization\",\"name\":\"Gradido\",\"url\":\"https:\\\/\\\/gradido.net\\\/de\\\/\",\"logo\":{\"@type\":\"ImageObject\",\"inLanguage\":\"fi\",\"@id\":\"https:\\\/\\\/gradido.net\\\/de\\\/#\\\/schema\\\/logo\\\/image\\\/\",\"url\":\"https:\\\/\\\/gradido.net\\\/wp-content\\\/uploads\\\/2022\\\/04\\\/gradido-social.jpg\",\"contentUrl\":\"https:\\\/\\\/gradido.net\\\/wp-content\\\/uploads\\\/2022\\\/04\\\/gradido-social.jpg\",\"width\":527,\"height\":273,\"caption\":\"Gradido\"},\"image\":{\"@id\":\"https:\\\/\\\/gradido.net\\\/de\\\/#\\\/schema\\\/logo\\\/image\\\/\"}},{\"@type\":\"Person\",\"@id\":\"https:\\\/\\\/gradido.net\\\/de\\\/#\\\/schema\\\/person\\\/9c503a004ad15a1ddecadce2218db5d1\",\"name\":\"Bernd H\u00fcckst\u00e4dt\",\"sameAs\":[\"https:\\\/\\\/gradido.net\"],\"url\":\"https:\\\/\\\/gradido.net\\\/fi\\\/author\\\/bernd\\\/\"}]}<\/script>\n<!-- \/ Yoast SEO plugin. -->","yoast_head_json":{"title":"Gradido circles - Tulevaisuuden muotoilu yhdess\u00e4 yst\u00e4vien kanssa - Gradido","description":"Riippumatta siit\u00e4, kuuluitteko jo johonkin ryhm\u00e4\u00e4n vai l\u00f6ysittek\u00f6 toisenne Gradidon kautta - jos haluatte k\u00e4ytt\u00e4\u00e4 Gradidoa yhdess\u00e4, ette tarvitse omaa Gradido-palvelinta.","robots":{"index":"index","follow":"follow","max-snippet":"max-snippet:-1","max-image-preview":"max-image-preview:large","max-video-preview":"max-video-preview:-1"},"canonical":"https:\/\/gradido.net\/fi\/gradido-kreise-gemeinsam-mit-freunden-die-zukunft-gestalten\/","og_locale":"fi_FI","og_type":"article","og_title":"Gradido-Kreise \u2013 Gemeinsam mit Freunden die Zukunft gestalten - Gradido","og_description":"Ganz gleich, ob Ihr bereits einer Gruppe zugeh\u00f6rig seid oder ob Ihr Euch \u00fcber Gradido gefunden habt \u2013 wenn Ihr gemeinsam Gradido nutzen wollt, braucht Ihr nicht gleich einen eigenen Gradido-Server.","og_url":"https:\/\/gradido.net\/fi\/gradido-kreise-gemeinsam-mit-freunden-die-zukunft-gestalten\/","og_site_name":"Gradido","article_published_time":"2023-12-14T15:43:40+00:00","article_modified_time":"2026-04-24T06:04:06+00:00","og_image":[{"width":1920,"height":1080,"url":"https:\/\/gradido.net\/wp-content\/uploads\/2023\/12\/Freundeskreis.jpg","type":"image\/jpeg"}],"author":"Bernd H\u00fcckst\u00e4dt","twitter_card":"summary_large_image","twitter_misc":{"Kirjoittanut":"Bernd H\u00fcckst\u00e4dt","Arvioitu lukuaika":"5 minuuttia"},"schema":{"@context":"https:\/\/schema.org","@graph":[{"@type":"Article","@id":"https:\/\/gradido.net\/gradido-kreise-gemeinsam-mit-freunden-die-zukunft-gestalten\/#article","isPartOf":{"@id":"https:\/\/gradido.net\/gradido-kreise-gemeinsam-mit-freunden-die-zukunft-gestalten\/"},"author":{"name":"Bernd H\u00fcckst\u00e4dt","@id":"https:\/\/gradido.net\/de\/#\/schema\/person\/9c503a004ad15a1ddecadce2218db5d1"},"headline":"Gradido-Kreise \u2013 Gemeinsam mit Freunden die Zukunft gestalten","datePublished":"2023-12-14T15:43:40+00:00","dateModified":"2026-04-24T06:04:06+00:00","mainEntityOfPage":{"@id":"https:\/\/gradido.net\/gradido-kreise-gemeinsam-mit-freunden-die-zukunft-gestalten\/"},"wordCount":807,"publisher":{"@id":"https:\/\/gradido.net\/de\/#organization"},"image":{"@id":"https:\/\/gradido.net\/gradido-kreise-gemeinsam-mit-freunden-die-zukunft-gestalten\/#primaryimage"},"thumbnailUrl":"https:\/\/gradido.net\/wp-content\/uploads\/2023\/12\/Freundeskreis.jpg","articleSection":["Blog","Community"],"inLanguage":"fi"},{"@type":"WebPage","@id":"https:\/\/gradido.net\/gradido-kreise-gemeinsam-mit-freunden-die-zukunft-gestalten\/","url":"https:\/\/gradido.net\/gradido-kreise-gemeinsam-mit-freunden-die-zukunft-gestalten\/","name":"Gradido circles - Tulevaisuuden muotoilu yhdess\u00e4 yst\u00e4vien kanssa - Gradido","isPartOf":{"@id":"https:\/\/gradido.net\/de\/#website"},"primaryImageOfPage":{"@id":"https:\/\/gradido.net\/gradido-kreise-gemeinsam-mit-freunden-die-zukunft-gestalten\/#primaryimage"},"image":{"@id":"https:\/\/gradido.net\/gradido-kreise-gemeinsam-mit-freunden-die-zukunft-gestalten\/#primaryimage"},"thumbnailUrl":"https:\/\/gradido.net\/wp-content\/uploads\/2023\/12\/Freundeskreis.jpg","datePublished":"2023-12-14T15:43:40+00:00","dateModified":"2026-04-24T06:04:06+00:00","description":"Riippumatta siit\u00e4, kuuluitteko jo johonkin ryhm\u00e4\u00e4n vai l\u00f6ysittek\u00f6 toisenne Gradidon kautta - jos haluatte k\u00e4ytt\u00e4\u00e4 Gradidoa yhdess\u00e4, ette tarvitse omaa Gradido-palvelinta.","breadcrumb":{"@id":"https:\/\/gradido.net\/gradido-kreise-gemeinsam-mit-freunden-die-zukunft-gestalten\/#breadcrumb"},"inLanguage":"fi","potentialAction":[{"@type":"ReadAction","target":["https:\/\/gradido.net\/gradido-kreise-gemeinsam-mit-freunden-die-zukunft-gestalten\/"]}]},{"@type":"ImageObject","inLanguage":"fi","@id":"https:\/\/gradido.net\/gradido-kreise-gemeinsam-mit-freunden-die-zukunft-gestalten\/#primaryimage","url":"https:\/\/gradido.net\/wp-content\/uploads\/2023\/12\/Freundeskreis.jpg","contentUrl":"https:\/\/gradido.net\/wp-content\/uploads\/2023\/12\/Freundeskreis.jpg","width":1920,"height":1080},{"@type":"BreadcrumbList","@id":"https:\/\/gradido.net\/gradido-kreise-gemeinsam-mit-freunden-die-zukunft-gestalten\/#breadcrumb","itemListElement":[{"@type":"ListItem","position":1,"name":"Startseite","item":"https:\/\/gradido.net\/"},{"@type":"ListItem","position":2,"name":"Gradido-Kreise \u2013 Gemeinsam mit Freunden die Zukunft gestalten"}]},{"@type":"WebSite","@id":"https:\/\/gradido.net\/de\/#website","url":"https:\/\/gradido.net\/de\/","name":"Gradido","description":"Uusi valuutta on kiitollisuus","publisher":{"@id":"https:\/\/gradido.net\/de\/#organization"},"potentialAction":[{"@type":"SearchAction","target":{"@type":"EntryPoint","urlTemplate":"https:\/\/gradido.net\/de\/?s={search_term_string}"},"query-input":{"@type":"PropertyValueSpecification","valueRequired":true,"valueName":"search_term_string"}}],"inLanguage":"fi"},{"@type":"Organization","@id":"https:\/\/gradido.net\/de\/#organization","name":"Gradido","url":"https:\/\/gradido.net\/de\/","logo":{"@type":"ImageObject","inLanguage":"fi","@id":"https:\/\/gradido.net\/de\/#\/schema\/logo\/image\/","url":"https:\/\/gradido.net\/wp-content\/uploads\/2022\/04\/gradido-social.jpg","contentUrl":"https:\/\/gradido.net\/wp-content\/uploads\/2022\/04\/gradido-social.jpg","width":527,"height":273,"caption":"Gradido"},"image":{"@id":"https:\/\/gradido.net\/de\/#\/schema\/logo\/image\/"}},{"@type":"Person","@id":"https:\/\/gradido.net\/de\/#\/schema\/person\/9c503a004ad15a1ddecadce2218db5d1","name":"Bernd H\u00fcckst\u00e4dt","sameAs":["https:\/\/gradido.net"],"url":"https:\/\/gradido.net\/fi\/author\/bernd\/"}]}},"_links":{"self":[{"href":"https:\/\/gradido.net\/fi\/wp-json\/wp\/v2\/posts\/8362","targetHints":{"allow":["GET"]}}],"collection":[{"href":"https:\/\/gradido.net\/fi\/wp-json\/wp\/v2\/posts"}],"about":[{"href":"https:\/\/gradido.net\/fi\/wp-json\/wp\/v2\/types\/post"}],"author":[{"embeddable":true,"href":"https:\/\/gradido.net\/fi\/wp-json\/wp\/v2\/users\/2"}],"replies":[{"embeddable":true,"href":"https:\/\/gradido.net\/fi\/wp-json\/wp\/v2\/comments?post=8362"}],"version-history":[{"count":24,"href":"https:\/\/gradido.net\/fi\/wp-json\/wp\/v2\/posts\/8362\/revisions"}],"predecessor-version":[{"id":13588,"href":"https:\/\/gradido.net\/fi\/wp-json\/wp\/v2\/posts\/8362\/revisions\/13588"}],"wp:featuredmedia":[{"embeddable":true,"href":"https:\/\/gradido.net\/fi\/wp-json\/wp\/v2\/media\/8364"}],"wp:attachment":[{"href":"https:\/\/gradido.net\/fi\/wp-json\/wp\/v2\/media?parent=8362"}],"wp:term":[{"taxonomy":"category","embeddable":true,"href":"https:\/\/gradido.net\/fi\/wp-json\/wp\/v2\/categories?post=8362"},{"taxonomy":"post_tag","embeddable":true,"href":"https:\/\/gradido.net\/fi\/wp-json\/wp\/v2\/tags?post=8362"}],"curies":[{"name":"wp","href":"https:\/\/api.w.org\/{rel}","templated":true}]}}