{"id":10264,"date":"2025-04-16T16:28:00","date_gmt":"2025-04-16T14:28:00","guid":{"rendered":"https:\/\/gradido.net\/?p=10264"},"modified":"2026-04-24T07:24:28","modified_gmt":"2026-04-24T05:24:28","slug":"gms1","status":"publish","type":"post","link":"https:\/\/gradido.net\/fr\/gms1\/","title":{"rendered":"Ensemble plut\u00f4t que seul - Trouve des personnes partageant les m\u00eames id\u00e9es pr\u00e8s de chez toi"},"content":{"rendered":"<div data-elementor-type=\"wp-post\" data-elementor-id=\"10264\" class=\"elementor elementor-10264\" data-elementor-post-type=\"post\">\n\t\t\t\t\t\t<section class=\"elementor-section elementor-top-section elementor-element elementor-element-496e1d53 elementor-section-boxed elementor-section-height-default elementor-section-height-default\" data-id=\"496e1d53\" data-element_type=\"section\" data-e-type=\"section\">\n\t\t\t\t\t\t<div class=\"elementor-container elementor-column-gap-default\">\n\t\t\t\t\t<div class=\"elementor-column elementor-col-100 elementor-top-column elementor-element elementor-element-461d7be0\" data-id=\"461d7be0\" data-element_type=\"column\" data-e-type=\"column\">\n\t\t\t<div class=\"elementor-widget-wrap elementor-element-populated\">\n\t\t\t\t\t\t<div class=\"elementor-element elementor-element-cd9ebe2 elementor-widget elementor-widget-text-editor\" data-id=\"cd9ebe2\" data-element_type=\"widget\" data-e-type=\"widget\" data-widget_type=\"text-editor.default\">\n\t\t\t\t<div class=\"elementor-widget-container\">\n\t\t\t\t\t\t\t\t\t<p style=\"text-align: right;\"><em>\"Seuls, nous pouvons faire si peu, ensemble, nous pouvons faire tant\".<br \/>- Helen Keller<\/em><\/p><p>Ch\u00e8re lectrice, cher lecteur<\/p><p>mille mercis d'\u00eatre avec nous - parce que tu t'engages pour la Terre M\u00e8re, tes semblables et les g\u00e9n\u00e9rations futures. Quel bonheur que tu fasses partie de notre famille Gradido en pleine expansion !<\/p><p>Tu connais aussi ce sentiment ? Tu t'engages de tout ton c\u0153ur pour la paix, la libert\u00e9 et un avenir digne d'\u00eatre v\u00e9cu en harmonie avec la nature. Mais tu te sens parfois seul(e) sur ton chemin parce que tu ne sais pas o\u00f9 vivent pr\u00e8s de chez toi des personnes qui partagent tes valeurs et tes visions.<\/p><p>Maintenant, il y a une solution simple - roulement de tambour - lai...<\/p><h2>Recherche g\u00e9ographique de membres (GMS)<\/h2><p>C'est avec beaucoup de plaisir et d'engagement que notre \u00e9quipe de d\u00e9veloppeurs de la Gradido-Akademie a cr\u00e9\u00e9 cette nouvelle possibilit\u00e9 pour te permettre d'entrer en contact aussi facilement que possible avec des personnes partageant les m\u00eames id\u00e9es dans ta r\u00e9gion.<\/p><h3>\u2728 Trouve des personnes aimantes dans ton entourage :<\/h3><p><a href=\"https:\/\/gdd.gradido.net\/login\" target=\"_blank\" rel=\"noopener\">Connecte-toi \u00e0 ton compte Gradido<\/a><\/p><p>Clique directement sur la page d'aper\u00e7u sous \"Recherche g\u00e9ographique de membres\". sur \"D\u00e9finir l'emplacement...\".<\/p><p><img fetchpriority=\"high\" decoding=\"async\" class=\"alignnone size-full wp-image-10271\" src=\"https:\/\/gradido.net\/wp-content\/uploads\/2025\/04\/GMS_Standort-festlegen.jpg\" alt=\"\" width=\"600\" height=\"450\" srcset=\"https:\/\/gradido.net\/wp-content\/uploads\/2025\/04\/GMS_Standort-festlegen.jpg 600w, https:\/\/gradido.net\/wp-content\/uploads\/2025\/04\/GMS_Standort-festlegen-300x225.jpg 300w, https:\/\/gradido.net\/wp-content\/uploads\/2025\/04\/GMS_Standort-festlegen-16x12.jpg 16w\" sizes=\"(max-width: 600px) 100vw, 600px\" \/><\/p><p>Tu peux ainsi acc\u00e9der aux param\u00e8tres \/ Cercles &amp; Recherche de membres.<br \/>Clique ensuite sur \"Ouvrir la carte\" :<\/p><p><img decoding=\"async\" class=\"alignnone size-large wp-image-10269\" src=\"https:\/\/gradido.net\/wp-content\/uploads\/2025\/04\/GMS_Karte-oeffnen.jpg\" alt=\"\" width=\"600\" height=\"450\" srcset=\"https:\/\/gradido.net\/wp-content\/uploads\/2025\/04\/GMS_Karte-oeffnen.jpg 600w, https:\/\/gradido.net\/wp-content\/uploads\/2025\/04\/GMS_Karte-oeffnen-300x225.jpg 300w, https:\/\/gradido.net\/wp-content\/uploads\/2025\/04\/GMS_Karte-oeffnen-16x12.jpg 16w\" sizes=\"(max-width: 600px) 100vw, 600px\" \/><\/p><p>Saisis ta position (en haut \u00e0 gauche, loupe) et clique sur \"Enregistrer la position\" :<\/p><p><img decoding=\"async\" class=\"alignnone size-full wp-image-10267\" src=\"https:\/\/gradido.net\/wp-content\/uploads\/2025\/04\/GMS_Adresse-eingeben.jpg\" alt=\"\" width=\"600\" height=\"330\" srcset=\"https:\/\/gradido.net\/wp-content\/uploads\/2025\/04\/GMS_Adresse-eingeben.jpg 600w, https:\/\/gradido.net\/wp-content\/uploads\/2025\/04\/GMS_Adresse-eingeben-300x165.jpg 300w, https:\/\/gradido.net\/wp-content\/uploads\/2025\/04\/GMS_Adresse-eingeben-18x10.jpg 18w\" sizes=\"(max-width: 600px) 100vw, 600px\" \/><\/p><p>D\u00e8s maintenant, tu trouveras sur la page d'aper\u00e7u le bouton \"Ouvrir la recherche de membres...\".<\/p><p><img loading=\"lazy\" decoding=\"async\" class=\"alignnone size-full wp-image-10270\" src=\"https:\/\/gradido.net\/wp-content\/uploads\/2025\/04\/GMS_Mitgliedssuche.jpg\" alt=\"\" width=\"600\" height=\"450\" srcset=\"https:\/\/gradido.net\/wp-content\/uploads\/2025\/04\/GMS_Mitgliedssuche.jpg 600w, https:\/\/gradido.net\/wp-content\/uploads\/2025\/04\/GMS_Mitgliedssuche-300x225.jpg 300w, https:\/\/gradido.net\/wp-content\/uploads\/2025\/04\/GMS_Mitgliedssuche-16x12.jpg 16w\" sizes=\"(max-width: 600px) 100vw, 600px\" \/><\/p><p>... tu y verras sur la carte d'autres membres de Gradido dans ta r\u00e9gion ou \u00e0 tout autre endroit souhait\u00e9.<\/p><p><strong>Pour prendre contact<\/strong>Cliquez sur une aiguille. Une fen\u00eatre s'ouvre alors avec des informations sur le participant. Envoie-lui simplement quelques gradidos avec un joli message et tes coordonn\u00e9es. <strong>C'est ainsi que vous apprenez \u00e0 vous conna\u00eetre<\/strong><\/p><p>\u00a0<img loading=\"lazy\" decoding=\"async\" class=\"alignnone size-large wp-image-10268\" src=\"https:\/\/gradido.net\/wp-content\/uploads\/2025\/04\/GMS_Gradido_senden.jpg\" alt=\"\" width=\"600\" height=\"360\" srcset=\"https:\/\/gradido.net\/wp-content\/uploads\/2025\/04\/GMS_Gradido_senden.jpg 600w, https:\/\/gradido.net\/wp-content\/uploads\/2025\/04\/GMS_Gradido_senden-300x180.jpg 300w, https:\/\/gradido.net\/wp-content\/uploads\/2025\/04\/GMS_Gradido_senden-18x12.jpg 18w\" sizes=\"(max-width: 600px) 100vw, 600px\" \/> \u00a0\u00a0<\/p><h3>\ud83d\udd12 Ta vie priv\u00e9e est importante pour nous :<\/h3><p>Espace prot\u00e9g\u00e9 : la recherche de membres n'est accessible qu'aux membres.<br \/>Nous utilisons d\u00e9lib\u00e9r\u00e9ment Open Street Map (au lieu de Google Maps).<br \/>Par d\u00e9faut, ta position est approximative (rayon d'environ 3 km), \u00e0 moins que tu ne souhaites partager ta position exacte.<br \/>Un nom d'utilisateur appara\u00eet \u00e0 la place de ton nom en clair.<br \/>\ud83c\udf31 Pourquoi agir maintenant ?<br \/>C'est maintenant que nous avons besoin les uns des autres. Ensemble, nous serons plus courageux, plus forts et plus efficaces pour r\u00e9aliser notre vision d'un monde nouveau, pacifique et harmonieux. Ensemble, nous sommes bien plus que la somme des individus.<\/p><h3>Ce n'est que le d\u00e9but<\/h3><p>La recherche de membres est encore \"exp\u00e9rimentale\". Certains \u00e9l\u00e9ments de commande sont encore en anglais et il est possible que tout ne fonctionne pas encore parfaitement. Mais d'autres fonctions int\u00e9ressantes t'attendent bient\u00f4t, par exemple des offres et des souhaits, des \u00e9v\u00e9nements comme les GradidoCaf\u00e9s ou m\u00eame des possibilit\u00e9s d'h\u00e9bergement lors de tes voyages.<\/p><p><strong>Imaginez un peu : Tu fais partie d'un r\u00e9seau mondial de personnes aimantes et engag\u00e9es, reli\u00e9es par un r\u00eave commun - la Nouvelle Terre !<\/strong><\/p><h3>\u2728 Ne reste plus isol\u00e9, trouve ta communaut\u00e9 ! Aujourd'hui est un bon jour pour cela :<\/h3><p>\u2705 <a href=\"https:\/\/gdd.gradido.net\/login\" target=\"_blank\" rel=\"noopener\">Connecte-toi maintenant \u00e0 ton compte Gradido<\/a>,<br \/>\u2705 Inscris ta position ...\u00a0<br \/>\u2705 ...et d\u00e9couvre directement des personnes partageant les m\u00eames id\u00e9es pr\u00e8s de chez toi !<\/p><p>Merci de tout c\u0153ur de faire ce chemin avec nous !<\/p><p>Meilleures salutations\u00a0<\/p><p>Ton<\/p><p>Margret et Bernd<\/p>\t\t\t\t\t\t\t\t<\/div>\n\t\t\t\t<\/div>\n\t\t\t\t\t<\/div>\n\t\t<\/div>\n\t\t\t\t\t<\/div>\n\t\t<\/section>\n\t\t\t\t<section class=\"elementor-section elementor-top-section elementor-element elementor-element-14532fe elementor-section-boxed elementor-section-height-default elementor-section-height-default\" data-id=\"14532fe\" data-element_type=\"section\" data-e-type=\"section\">\n\t\t\t\t\t\t<div class=\"elementor-container elementor-column-gap-default\">\n\t\t\t\t\t<div class=\"elementor-column elementor-col-100 elementor-top-column elementor-element elementor-element-65d2298\" data-id=\"65d2298\" data-element_type=\"column\" data-e-type=\"column\">\n\t\t\t<div class=\"elementor-widget-wrap elementor-element-populated\">\n\t\t\t\t\t\t<div class=\"elementor-element elementor-element-bea124f elementor-widget elementor-widget-global elementor-global-9341 elementor-widget-text-editor\" data-id=\"bea124f\" data-element_type=\"widget\" data-e-type=\"widget\" data-widget_type=\"text-editor.default\">\n\t\t\t\t<div class=\"elementor-widget-container\">\n\t\t\t\t\t\t\t\t\t<p><strong>PS\u00a0<span style=\"color: #ff6600;\"><a style=\"color: #ff6600;\" href=\"https:\/\/gradido.net\/fr\/donations\/\">En raison de l'importance croissante de Gradido, nous r\u00e9it\u00e9rons notre action de remerciement le 26 juin 2026 :<\/a>\u00a0<\/span><span style=\"color: #0000ff;\"><a style=\"color: #0000ff;\" href=\"https:\/\/gradido.net\/fr\/donations\/\">En plus des multiples GradidoTransform pour ta contribution de soutien, nous augmenterons le 26.06.26 tous les soldes de comptes GDT de 26%. Promouvoir maintenant toi aussi et profiter d'une quantit\u00e9 multiple de GDT !<\/a><\/span><\/strong><\/p>\t\t\t\t\t\t\t\t<\/div>\n\t\t\t\t<\/div>\n\t\t\t\t\t<\/div>\n\t\t<\/div>\n\t\t\t\t\t<\/div>\n\t\t<\/section>\n\t\t\t\t<section class=\"elementor-section elementor-top-section elementor-element elementor-element-29dfc07 elementor-section-boxed elementor-section-height-default elementor-section-height-default\" data-id=\"29dfc07\" data-element_type=\"section\" data-e-type=\"section\">\n\t\t\t\t\t\t<div class=\"elementor-container elementor-column-gap-default\">\n\t\t\t\t\t<div class=\"elementor-column elementor-col-100 elementor-top-column elementor-element elementor-element-d37ec5a\" data-id=\"d37ec5a\" data-element_type=\"column\" data-e-type=\"column\">\n\t\t\t<div class=\"elementor-widget-wrap\">\n\t\t\t\t\t\t\t<\/div>\n\t\t<\/div>\n\t\t\t\t\t<\/div>\n\t\t<\/section>\n\t\t\t\t<\/div>","protected":false},"excerpt":{"rendered":"<p>Tu connais aussi ce sentiment ? Tu t'engages de tout ton c\u0153ur pour la paix, la libert\u00e9 et un avenir digne d'\u00eatre v\u00e9cu en harmonie avec la nature. Mais tu te sens parfois seul(e) sur ton chemin parce que tu ne sais pas o\u00f9 vivent pr\u00e8s de chez toi des personnes qui partagent tes valeurs et tes visions. Maintenant, il y a une solution simple...<\/p>","protected":false},"author":2,"featured_media":10265,"comment_status":"closed","ping_status":"closed","sticky":false,"template":"","format":"standard","meta":{"footnotes":""},"categories":[11,54,55],"tags":[22],"class_list":["post-10264","post","type-post","status-publish","format-standard","has-post-thumbnail","hentry","category-blog","category-community","category-gradido-konto","tag-bild-oben"],"yoast_head":"<!-- This site is optimized with the Yoast SEO plugin v27.4 - https:\/\/yoast.com\/product\/yoast-seo-wordpress\/ -->\n<title>Gemeinsam statt einsam \u2013 Finde Gleichgesinnte in Deiner N\u00e4he - Gradido<\/title>\n<meta name=\"description\" content=\"Kennst Du auch dieses Gef\u00fchl? Du engagierst Dich aus ganzem Herzen f\u00fcr Frieden, Freiheit und eine lebenswerte Zukunft in Harmonie mit der Natur. Doch Du f\u00fchlst Dich manchmal allein auf Deinem Weg, weil Du nicht wei\u00dft, wo in Deiner N\u00e4he Menschen leben, die Deine Werte und Visionen teilen. Jetzt ist eine einfache L\u00f6sung da\u2026\" \/>\n<meta name=\"robots\" content=\"index, follow, max-snippet:-1, max-image-preview:large, max-video-preview:-1\" \/>\n<link rel=\"canonical\" href=\"https:\/\/gradido.net\/fr\/gms1\/\" \/>\n<meta property=\"og:locale\" content=\"fr_FR\" \/>\n<meta property=\"og:type\" content=\"article\" \/>\n<meta property=\"og:title\" content=\"Gemeinsam statt einsam \u2013 Finde Gleichgesinnte in Deiner N\u00e4he - Gradido\" \/>\n<meta property=\"og:description\" content=\"Kennst Du auch dieses Gef\u00fchl? Du engagierst Dich aus ganzem Herzen f\u00fcr Frieden, Freiheit und eine lebenswerte Zukunft in Harmonie mit der Natur. Doch Du f\u00fchlst Dich manchmal allein auf Deinem Weg, weil Du nicht wei\u00dft, wo in Deiner N\u00e4he Menschen leben, die Deine Werte und Visionen teilen. Jetzt ist eine einfache L\u00f6sung da\u2026\" \/>\n<meta property=\"og:url\" content=\"https:\/\/gradido.net\/fr\/gms1\/\" \/>\n<meta property=\"og:site_name\" content=\"Gradido\" \/>\n<meta property=\"article:published_time\" content=\"2025-04-16T14:28:00+00:00\" \/>\n<meta property=\"article:modified_time\" content=\"2026-04-24T05:24:28+00:00\" \/>\n<meta property=\"og:image\" content=\"https:\/\/gradido.net\/wp-content\/uploads\/2025\/04\/GMS_Banner.jpg\" \/>\n\t<meta property=\"og:image:width\" content=\"1920\" \/>\n\t<meta property=\"og:image:height\" content=\"880\" \/>\n\t<meta property=\"og:image:type\" content=\"image\/jpeg\" \/>\n<meta name=\"author\" content=\"Bernd H\u00fcckst\u00e4dt\" \/>\n<meta name=\"twitter:card\" content=\"summary_large_image\" \/>\n<meta name=\"twitter:label1\" content=\"\u00c9crit par\" \/>\n\t<meta name=\"twitter:data1\" content=\"Bernd H\u00fcckst\u00e4dt\" \/>\n\t<meta name=\"twitter:label2\" content=\"Dur\u00e9e de lecture estim\u00e9e\" \/>\n\t<meta name=\"twitter:data2\" content=\"4 minutes\" \/>\n<script type=\"application\/ld+json\" class=\"yoast-schema-graph\">{\"@context\":\"https:\\\/\\\/schema.org\",\"@graph\":[{\"@type\":\"Article\",\"@id\":\"https:\\\/\\\/gradido.net\\\/gms1\\\/#article\",\"isPartOf\":{\"@id\":\"https:\\\/\\\/gradido.net\\\/gms1\\\/\"},\"author\":{\"name\":\"Bernd H\u00fcckst\u00e4dt\",\"@id\":\"https:\\\/\\\/gradido.net\\\/de\\\/#\\\/schema\\\/person\\\/9c503a004ad15a1ddecadce2218db5d1\"},\"headline\":\"Gemeinsam statt einsam \u2013 Finde Gleichgesinnte in Deiner N\u00e4he\",\"datePublished\":\"2025-04-16T14:28:00+00:00\",\"dateModified\":\"2026-04-24T05:24:28+00:00\",\"mainEntityOfPage\":{\"@id\":\"https:\\\/\\\/gradido.net\\\/gms1\\\/\"},\"wordCount\":533,\"publisher\":{\"@id\":\"https:\\\/\\\/gradido.net\\\/de\\\/#organization\"},\"image\":{\"@id\":\"https:\\\/\\\/gradido.net\\\/gms1\\\/#primaryimage\"},\"thumbnailUrl\":\"https:\\\/\\\/gradido.net\\\/wp-content\\\/uploads\\\/2025\\\/04\\\/GMS_Banner.jpg\",\"keywords\":[\"Bild oben\"],\"articleSection\":[\"Blog\",\"Community\",\"Gradido-Konto\"],\"inLanguage\":\"fr-FR\"},{\"@type\":\"WebPage\",\"@id\":\"https:\\\/\\\/gradido.net\\\/gms1\\\/\",\"url\":\"https:\\\/\\\/gradido.net\\\/gms1\\\/\",\"name\":\"Gemeinsam statt einsam \u2013 Finde Gleichgesinnte in Deiner N\u00e4he - Gradido\",\"isPartOf\":{\"@id\":\"https:\\\/\\\/gradido.net\\\/de\\\/#website\"},\"primaryImageOfPage\":{\"@id\":\"https:\\\/\\\/gradido.net\\\/gms1\\\/#primaryimage\"},\"image\":{\"@id\":\"https:\\\/\\\/gradido.net\\\/gms1\\\/#primaryimage\"},\"thumbnailUrl\":\"https:\\\/\\\/gradido.net\\\/wp-content\\\/uploads\\\/2025\\\/04\\\/GMS_Banner.jpg\",\"datePublished\":\"2025-04-16T14:28:00+00:00\",\"dateModified\":\"2026-04-24T05:24:28+00:00\",\"description\":\"Kennst Du auch dieses Gef\u00fchl? Du engagierst Dich aus ganzem Herzen f\u00fcr Frieden, Freiheit und eine lebenswerte Zukunft in Harmonie mit der Natur. Doch Du f\u00fchlst Dich manchmal allein auf Deinem Weg, weil Du nicht wei\u00dft, wo in Deiner N\u00e4he Menschen leben, die Deine Werte und Visionen teilen. Jetzt ist eine einfache L\u00f6sung da\u2026\",\"breadcrumb\":{\"@id\":\"https:\\\/\\\/gradido.net\\\/gms1\\\/#breadcrumb\"},\"inLanguage\":\"fr-FR\",\"potentialAction\":[{\"@type\":\"ReadAction\",\"target\":[\"https:\\\/\\\/gradido.net\\\/gms1\\\/\"]}]},{\"@type\":\"ImageObject\",\"inLanguage\":\"fr-FR\",\"@id\":\"https:\\\/\\\/gradido.net\\\/gms1\\\/#primaryimage\",\"url\":\"https:\\\/\\\/gradido.net\\\/wp-content\\\/uploads\\\/2025\\\/04\\\/GMS_Banner.jpg\",\"contentUrl\":\"https:\\\/\\\/gradido.net\\\/wp-content\\\/uploads\\\/2025\\\/04\\\/GMS_Banner.jpg\",\"width\":1920,\"height\":880},{\"@type\":\"BreadcrumbList\",\"@id\":\"https:\\\/\\\/gradido.net\\\/gms1\\\/#breadcrumb\",\"itemListElement\":[{\"@type\":\"ListItem\",\"position\":1,\"name\":\"Startseite\",\"item\":\"https:\\\/\\\/gradido.net\\\/\"},{\"@type\":\"ListItem\",\"position\":2,\"name\":\"Gemeinsam statt einsam \u2013 Finde Gleichgesinnte in Deiner N\u00e4he\"}]},{\"@type\":\"WebSite\",\"@id\":\"https:\\\/\\\/gradido.net\\\/de\\\/#website\",\"url\":\"https:\\\/\\\/gradido.net\\\/de\\\/\",\"name\":\"Gradido\",\"description\":\"Die neue W\u00e4hrung hei\u00dft Dankbarkeit\",\"publisher\":{\"@id\":\"https:\\\/\\\/gradido.net\\\/de\\\/#organization\"},\"potentialAction\":[{\"@type\":\"SearchAction\",\"target\":{\"@type\":\"EntryPoint\",\"urlTemplate\":\"https:\\\/\\\/gradido.net\\\/de\\\/?s={search_term_string}\"},\"query-input\":{\"@type\":\"PropertyValueSpecification\",\"valueRequired\":true,\"valueName\":\"search_term_string\"}}],\"inLanguage\":\"fr-FR\"},{\"@type\":\"Organization\",\"@id\":\"https:\\\/\\\/gradido.net\\\/de\\\/#organization\",\"name\":\"Gradido\",\"url\":\"https:\\\/\\\/gradido.net\\\/de\\\/\",\"logo\":{\"@type\":\"ImageObject\",\"inLanguage\":\"fr-FR\",\"@id\":\"https:\\\/\\\/gradido.net\\\/de\\\/#\\\/schema\\\/logo\\\/image\\\/\",\"url\":\"https:\\\/\\\/gradido.net\\\/wp-content\\\/uploads\\\/2022\\\/04\\\/gradido-social.jpg\",\"contentUrl\":\"https:\\\/\\\/gradido.net\\\/wp-content\\\/uploads\\\/2022\\\/04\\\/gradido-social.jpg\",\"width\":527,\"height\":273,\"caption\":\"Gradido\"},\"image\":{\"@id\":\"https:\\\/\\\/gradido.net\\\/de\\\/#\\\/schema\\\/logo\\\/image\\\/\"}},{\"@type\":\"Person\",\"@id\":\"https:\\\/\\\/gradido.net\\\/de\\\/#\\\/schema\\\/person\\\/9c503a004ad15a1ddecadce2218db5d1\",\"name\":\"Bernd H\u00fcckst\u00e4dt\",\"sameAs\":[\"https:\\\/\\\/gradido.net\"],\"url\":\"https:\\\/\\\/gradido.net\\\/fr\\\/author\\\/bernd\\\/\"}]}<\/script>\n<!-- \/ Yoast SEO plugin. -->","yoast_head_json":{"title":"Ensemble plut\u00f4t que seul - Trouve des personnes partageant les m\u00eames id\u00e9es pr\u00e8s de chez toi - Gradido","description":"Tu connais aussi ce sentiment ? Tu t'engages de tout ton c\u0153ur pour la paix, la libert\u00e9 et un avenir digne d'\u00eatre v\u00e9cu en harmonie avec la nature. Mais tu te sens parfois seul(e) sur ton chemin parce que tu ne sais pas o\u00f9 vivent pr\u00e8s de chez toi des personnes qui partagent tes valeurs et tes visions. Maintenant, il y a une solution simple...","robots":{"index":"index","follow":"follow","max-snippet":"max-snippet:-1","max-image-preview":"max-image-preview:large","max-video-preview":"max-video-preview:-1"},"canonical":"https:\/\/gradido.net\/fr\/gms1\/","og_locale":"fr_FR","og_type":"article","og_title":"Gemeinsam statt einsam \u2013 Finde Gleichgesinnte in Deiner N\u00e4he - Gradido","og_description":"Kennst Du auch dieses Gef\u00fchl? Du engagierst Dich aus ganzem Herzen f\u00fcr Frieden, Freiheit und eine lebenswerte Zukunft in Harmonie mit der Natur. Doch Du f\u00fchlst Dich manchmal allein auf Deinem Weg, weil Du nicht wei\u00dft, wo in Deiner N\u00e4he Menschen leben, die Deine Werte und Visionen teilen. Jetzt ist eine einfache L\u00f6sung da\u2026","og_url":"https:\/\/gradido.net\/fr\/gms1\/","og_site_name":"Gradido","article_published_time":"2025-04-16T14:28:00+00:00","article_modified_time":"2026-04-24T05:24:28+00:00","og_image":[{"width":1920,"height":880,"url":"https:\/\/gradido.net\/wp-content\/uploads\/2025\/04\/GMS_Banner.jpg","type":"image\/jpeg"}],"author":"Bernd H\u00fcckst\u00e4dt","twitter_card":"summary_large_image","twitter_misc":{"\u00c9crit par":"Bernd H\u00fcckst\u00e4dt","Dur\u00e9e de lecture estim\u00e9e":"4 minutes"},"schema":{"@context":"https:\/\/schema.org","@graph":[{"@type":"Article","@id":"https:\/\/gradido.net\/gms1\/#article","isPartOf":{"@id":"https:\/\/gradido.net\/gms1\/"},"author":{"name":"Bernd H\u00fcckst\u00e4dt","@id":"https:\/\/gradido.net\/de\/#\/schema\/person\/9c503a004ad15a1ddecadce2218db5d1"},"headline":"Gemeinsam statt einsam \u2013 Finde Gleichgesinnte in Deiner N\u00e4he","datePublished":"2025-04-16T14:28:00+00:00","dateModified":"2026-04-24T05:24:28+00:00","mainEntityOfPage":{"@id":"https:\/\/gradido.net\/gms1\/"},"wordCount":533,"publisher":{"@id":"https:\/\/gradido.net\/de\/#organization"},"image":{"@id":"https:\/\/gradido.net\/gms1\/#primaryimage"},"thumbnailUrl":"https:\/\/gradido.net\/wp-content\/uploads\/2025\/04\/GMS_Banner.jpg","keywords":["Bild oben"],"articleSection":["Blog","Community","Gradido-Konto"],"inLanguage":"fr-FR"},{"@type":"WebPage","@id":"https:\/\/gradido.net\/gms1\/","url":"https:\/\/gradido.net\/gms1\/","name":"Ensemble plut\u00f4t que seul - Trouve des personnes partageant les m\u00eames id\u00e9es pr\u00e8s de chez toi - Gradido","isPartOf":{"@id":"https:\/\/gradido.net\/de\/#website"},"primaryImageOfPage":{"@id":"https:\/\/gradido.net\/gms1\/#primaryimage"},"image":{"@id":"https:\/\/gradido.net\/gms1\/#primaryimage"},"thumbnailUrl":"https:\/\/gradido.net\/wp-content\/uploads\/2025\/04\/GMS_Banner.jpg","datePublished":"2025-04-16T14:28:00+00:00","dateModified":"2026-04-24T05:24:28+00:00","description":"Tu connais aussi ce sentiment ? Tu t'engages de tout ton c\u0153ur pour la paix, la libert\u00e9 et un avenir digne d'\u00eatre v\u00e9cu en harmonie avec la nature. Mais tu te sens parfois seul(e) sur ton chemin parce que tu ne sais pas o\u00f9 vivent pr\u00e8s de chez toi des personnes qui partagent tes valeurs et tes visions. Maintenant, il y a une solution simple...","breadcrumb":{"@id":"https:\/\/gradido.net\/gms1\/#breadcrumb"},"inLanguage":"fr-FR","potentialAction":[{"@type":"ReadAction","target":["https:\/\/gradido.net\/gms1\/"]}]},{"@type":"ImageObject","inLanguage":"fr-FR","@id":"https:\/\/gradido.net\/gms1\/#primaryimage","url":"https:\/\/gradido.net\/wp-content\/uploads\/2025\/04\/GMS_Banner.jpg","contentUrl":"https:\/\/gradido.net\/wp-content\/uploads\/2025\/04\/GMS_Banner.jpg","width":1920,"height":880},{"@type":"BreadcrumbList","@id":"https:\/\/gradido.net\/gms1\/#breadcrumb","itemListElement":[{"@type":"ListItem","position":1,"name":"Startseite","item":"https:\/\/gradido.net\/"},{"@type":"ListItem","position":2,"name":"Gemeinsam statt einsam \u2013 Finde Gleichgesinnte in Deiner N\u00e4he"}]},{"@type":"WebSite","@id":"https:\/\/gradido.net\/de\/#website","url":"https:\/\/gradido.net\/de\/","name":"Gradido","description":"La nouvelle monnaie s'appelle la gratitude","publisher":{"@id":"https:\/\/gradido.net\/de\/#organization"},"potentialAction":[{"@type":"SearchAction","target":{"@type":"EntryPoint","urlTemplate":"https:\/\/gradido.net\/de\/?s={search_term_string}"},"query-input":{"@type":"PropertyValueSpecification","valueRequired":true,"valueName":"search_term_string"}}],"inLanguage":"fr-FR"},{"@type":"Organization","@id":"https:\/\/gradido.net\/de\/#organization","name":"Gradido","url":"https:\/\/gradido.net\/de\/","logo":{"@type":"ImageObject","inLanguage":"fr-FR","@id":"https:\/\/gradido.net\/de\/#\/schema\/logo\/image\/","url":"https:\/\/gradido.net\/wp-content\/uploads\/2022\/04\/gradido-social.jpg","contentUrl":"https:\/\/gradido.net\/wp-content\/uploads\/2022\/04\/gradido-social.jpg","width":527,"height":273,"caption":"Gradido"},"image":{"@id":"https:\/\/gradido.net\/de\/#\/schema\/logo\/image\/"}},{"@type":"Person","@id":"https:\/\/gradido.net\/de\/#\/schema\/person\/9c503a004ad15a1ddecadce2218db5d1","name":"Bernd H\u00fcckst\u00e4dt","sameAs":["https:\/\/gradido.net"],"url":"https:\/\/gradido.net\/fr\/author\/bernd\/"}]}},"_links":{"self":[{"href":"https:\/\/gradido.net\/fr\/wp-json\/wp\/v2\/posts\/10264","targetHints":{"allow":["GET"]}}],"collection":[{"href":"https:\/\/gradido.net\/fr\/wp-json\/wp\/v2\/posts"}],"about":[{"href":"https:\/\/gradido.net\/fr\/wp-json\/wp\/v2\/types\/post"}],"author":[{"embeddable":true,"href":"https:\/\/gradido.net\/fr\/wp-json\/wp\/v2\/users\/2"}],"replies":[{"embeddable":true,"href":"https:\/\/gradido.net\/fr\/wp-json\/wp\/v2\/comments?post=10264"}],"version-history":[{"count":12,"href":"https:\/\/gradido.net\/fr\/wp-json\/wp\/v2\/posts\/10264\/revisions"}],"predecessor-version":[{"id":13576,"href":"https:\/\/gradido.net\/fr\/wp-json\/wp\/v2\/posts\/10264\/revisions\/13576"}],"wp:featuredmedia":[{"embeddable":true,"href":"https:\/\/gradido.net\/fr\/wp-json\/wp\/v2\/media\/10265"}],"wp:attachment":[{"href":"https:\/\/gradido.net\/fr\/wp-json\/wp\/v2\/media?parent=10264"}],"wp:term":[{"taxonomy":"category","embeddable":true,"href":"https:\/\/gradido.net\/fr\/wp-json\/wp\/v2\/categories?post=10264"},{"taxonomy":"post_tag","embeddable":true,"href":"https:\/\/gradido.net\/fr\/wp-json\/wp\/v2\/tags?post=10264"}],"curies":[{"name":"wp","href":"https:\/\/api.w.org\/{rel}","templated":true}]}}