{"id":10429,"date":"2025-06-04T11:09:11","date_gmt":"2025-06-04T09:09:11","guid":{"rendered":"https:\/\/gradido.net\/?p=10429"},"modified":"2026-04-24T07:21:44","modified_gmt":"2026-04-24T05:21:44","slug":"inspirationsflug-regenerative-wirtschaft","status":"publish","type":"post","link":"https:\/\/gradido.net\/fr\/inspirationsflug-regenerative-wirtschaft\/","title":{"rendered":"VOL D'INSPIRATION SUR LE TH\u00c8ME DE L'\u00c9CONOMIE R\u00c9G\u00c9N\u00c9RATIVE"},"content":{"rendered":"<div data-elementor-type=\"wp-post\" data-elementor-id=\"10429\" class=\"elementor elementor-10429\" data-elementor-post-type=\"post\">\n\t\t\t\t\t\t<section class=\"elementor-section elementor-top-section elementor-element elementor-element-496e1d53 elementor-section-boxed elementor-section-height-default elementor-section-height-default\" data-id=\"496e1d53\" data-element_type=\"section\" data-e-type=\"section\">\n\t\t\t\t\t\t<div class=\"elementor-container elementor-column-gap-default\">\n\t\t\t\t\t<div class=\"elementor-column elementor-col-100 elementor-top-column elementor-element elementor-element-461d7be0\" data-id=\"461d7be0\" data-element_type=\"column\" data-e-type=\"column\">\n\t\t\t<div class=\"elementor-widget-wrap elementor-element-populated\">\n\t\t\t\t\t\t<div class=\"elementor-element elementor-element-cd9ebe2 elementor-widget elementor-widget-text-editor\" data-id=\"cd9ebe2\" data-element_type=\"widget\" data-e-type=\"widget\" data-widget_type=\"text-editor.default\">\n\t\t\t\t<div class=\"elementor-widget-container\">\n\t\t\t\t\t\t\t\t\t<p style=\"text-align: right;\"><em>Avec Franz H\u00f6rmann, Harald Friedl et Bernd H\u00fcckst\u00e4dt<\/em><\/p><p>Ch\u00e8re lectrice, cher lecteur<\/p><p>LIVING EARTH a organis\u00e9 lundi sur OKITALK une <a href=\"https:\/\/www.youtube.com\/watch?v=VRbRYfW58ws\" target=\"_blank\" rel=\"noopener\" data-cke-saved-href=\"https:\/\/www.youtube.com\/watch?v=VRbRYfW58ws\">grande \u00e9mission<\/a> sur le th\u00e8me de l'ECONOMIE REGENERATIVE avec Franz H\u00f6rmann, Harald Friedl et Bernd von Gradido, anim\u00e9 par Catharina Roland :<\/p><h2 style=\"text-align: center;\">VOL D'INSPIRATION SUR LE TH\u00c8ME DE L'\u00c9CONOMIE R\u00c9G\u00c9N\u00c9RATIVE<\/h2><p style=\"text-align: center;\">L'\u00c9CONOMIE R\u00c9G\u00c9N\u00c9RATIVE, c'est<br \/>\"un syst\u00e8me \u00e9conomique qui d\u00e9passe la simple notion de valeur ajout\u00e9e<br \/>et se concentre sur la restauration et l'am\u00e9lioration des \u00e9cosyst\u00e8mes et des soci\u00e9t\u00e9s.<br \/>Elle s'efforce de rendre plus que ce qu'elle prend, tant sur le plan \u00e9cologique que social,<br \/>et met l'accent sur la cr\u00e9ation de valeur positive pour la nature et la soci\u00e9t\u00e9\".<\/p><p style=\"text-align: center;\">Comment cela peut-il se traduire concr\u00e8tement ?<\/p><p style=\"text-align: center;\">Au d\u00e9but de ce merveilleux vol d'inspiration<br \/>- qui bouleverse joyeusement la pens\u00e9e conventionnelle sur l'\u00e9conomie -<br \/>nous remettons en question les images traditionnelles qui nous sont transmises par les m\u00e9dias et le syst\u00e8me \u00e9ducatif.<br \/>sur nous, les humains, et sur notre vie en commun.<br \/>Ensuite, nous proposons de nouvelles fa\u00e7ons de voir et d'agir<br \/>- de nouveaux syst\u00e8mes \u00e9conomiques, mais nous pr\u00e9f\u00e9rons de loin les voir comme des \"syst\u00e8mes d'approvisionnement\" -<br \/>et de nouvelles formes de syst\u00e8mes mon\u00e9taires, que nous pr\u00e9f\u00e9rons appeler \"syst\u00e8mes de r\u00e9mun\u00e9ration\".<\/p><p style=\"text-align: center;\">Harald Friedl nous explique le principe de \"l'\u00e9conomie circulaire\",<br \/>c'est-\u00e0-dire comment l'\u00e9conomie circulaire peut se pr\u00e9senter de mani\u00e8re tr\u00e8s pratique.<\/p><p style=\"text-align: center;\">Franz H\u00f6rmann nous emm\u00e8ne dans un futur proche o\u00f9 ces technologies existeront officiellement,<br \/>dont on ne peut parler aujourd'hui que sous le manteau.<\/p><p style=\"text-align: center;\">Et Bernd H\u00fcckst\u00e4dt nous l'explique de mani\u00e8re tr\u00e8s claire et accueillante,<br \/>comment fonctionne le Gradido<br \/>- un \"syst\u00e8me de r\u00e9mun\u00e9ration\" que nous avons \u00e9galement pr\u00e9sent\u00e9 dans le MANIFEST DE LA NOUVELLE TERRE.<\/p><p style=\"text-align: center;\">Lisez aussi le<br \/><a href=\"https:\/\/livingearth.one\/manifest_geldsystem\" target=\"_blank\" rel=\"noopener\" data-cke-saved-href=\"https:\/\/livingearth.one\/manifest_geldsystem\">MANIFESTE DE LA NOUVELLE TERRE - Chapitre 7 \"SYSTEME MONETAIRE<\/a>,\u00a0<br \/>Un chapitre qui - gr\u00e2ce \u00e0 ce vol d'inspiration et \u00e0 Franz H\u00f6rmann<br \/>- va tr\u00e8s probablement recevoir un nouveau nom.<\/p><p style=\"text-align: center;\">En savoir plus sur l'ECONOMIE REGENERATIVE<br \/>tu trouveras aussi ici :<br \/><a href=\"https:\/\/livingearth.one\/manifest_wirtschaft-und-produktionskreisl_ufe\" target=\"_blank\" rel=\"noopener\" data-cke-saved-href=\"https:\/\/livingearth.one\/manifest_wirtschaft-und-produktionskreisl_ufe\">MANIFESTE DE LA NOUVELLE TERRE - Chapitre \"\u00c9CONOMIE ET CIRCULATIONS DE PRODUCTION<\/a><\/p><p style=\"text-align: center;\">Nous vous souhaitons beaucoup de plaisir avec une nouvelle perspective sur notre vie :<\/p><p style=\"text-align: center;\"><a href=\"https:\/\/www.youtube.com\/watch?v=VRbRYfW58ws\" target=\"_blank\" rel=\"noopener\" data-cke-saved-href=\"https:\/\/www.youtube.com\/watch?v=VRbRYfW58ws\"><img decoding=\"async\" src=\"https:\/\/assets.klicktipp.com\/userimages\/26450\/images\/Inspirationsflug_YouTube.jpg\" alt=\"\" data-cke-saved-src=\"https:\/\/assets.klicktipp.com\/userimages\/26450\/images\/Inspirationsflug_YouTube.jpg\" \/><\/a><\/p><p style=\"text-align: center;\">En savoir plus sur les merveilleux compagnons de vol d'inspiration :<\/p><p style=\"text-align: center;\">Franz H\u00f6rmann<br \/><a href=\"http:\/\/www.franzhoermann.com\">www.franzhoermann.com<\/a><\/p><p style=\"text-align: center;\">Bernd H\u00fcckst\u00e4dt<br \/><a href=\"https:\/\/gradido.net\/fr\/\">https:\/\/gradido.net<\/a><\/p><p style=\"text-align: center;\">Harald Friedl\u00a0<br \/><a href=\"https:\/\/www.haraldfriedl.earth\" target=\"_blank\" rel=\"noopener\">https:\/\/www.haraldfriedl.earth<\/a><\/p><p style=\"text-align: center;\">La pilote de ce vol est : Catharina Roland<br \/><a href=\"http:\/\/www.livingearth.one\" target=\"_blank\" rel=\"noopener\">www.livingearth.one<\/a><br \/><a href=\"http:\/\/www.awake2paradise.com\" target=\"_blank\" rel=\"noopener\">www.awake2paradise.com<\/a><\/p><p>Nous te souhaitons beaucoup de plaisir et de bonnes d\u00e9couvertes en le regardant.<\/p><p>Avec mes salutations les plus chaleureuses<\/p>\t\t\t\t\t\t\t\t<\/div>\n\t\t\t\t<\/div>\n\t\t\t\t<div class=\"elementor-element elementor-element-d74dfa0 elementor-widget elementor-widget-text-editor\" data-id=\"d74dfa0\" data-element_type=\"widget\" data-e-type=\"widget\" data-widget_type=\"text-editor.default\">\n\t\t\t\t<div class=\"elementor-widget-container\">\n\t\t\t\t\t\t\t\t\t<div data-pm-slice=\"1 1 []\" data-en-clipboard=\"true\"><p><span style=\"font-family: -apple-system, BlinkMacSystemFont, 'Segoe UI', Roboto, 'Helvetica Neue', Arial, 'Noto Sans', sans-serif, 'Apple Color Emoji', 'Segoe UI Emoji', 'Segoe UI Symbol', 'Noto Color Emoji';\">Ton<\/span><\/p><\/div><p><img decoding=\"async\" class=\"alignnone wp-image-4614 size-medium\" src=\"https:\/\/gradido.net\/wp-content\/uploads\/2022\/06\/MargretBernd_2022-300x74.png\" alt=\"\" width=\"300\" height=\"74\" srcset=\"https:\/\/gradido.net\/wp-content\/uploads\/2022\/06\/MargretBernd_2022-300x74.png 300w, https:\/\/gradido.net\/wp-content\/uploads\/2022\/06\/MargretBernd_2022-18x4.png 18w, https:\/\/gradido.net\/wp-content\/uploads\/2022\/06\/MargretBernd_2022.png 431w\" sizes=\"(max-width: 300px) 100vw, 300px\" \/><\/p><p>Margret Baier et Bernd H\u00fcckst\u00e4dt<br \/>Fondateur et d\u00e9veloppeur de Gradido<\/p>\t\t\t\t\t\t\t\t<\/div>\n\t\t\t\t<\/div>\n\t\t\t\t\t<\/div>\n\t\t<\/div>\n\t\t\t\t\t<\/div>\n\t\t<\/section>\n\t\t\t\t<section class=\"elementor-section elementor-top-section elementor-element elementor-element-14532fe elementor-section-boxed elementor-section-height-default elementor-section-height-default\" data-id=\"14532fe\" data-element_type=\"section\" data-e-type=\"section\">\n\t\t\t\t\t\t<div class=\"elementor-container elementor-column-gap-default\">\n\t\t\t\t\t<div class=\"elementor-column elementor-col-100 elementor-top-column elementor-element elementor-element-65d2298\" data-id=\"65d2298\" data-element_type=\"column\" data-e-type=\"column\">\n\t\t\t<div class=\"elementor-widget-wrap elementor-element-populated\">\n\t\t\t\t\t\t<div class=\"elementor-element elementor-element-bea124f elementor-widget elementor-widget-global elementor-global-9341 elementor-widget-text-editor\" data-id=\"bea124f\" data-element_type=\"widget\" data-e-type=\"widget\" data-widget_type=\"text-editor.default\">\n\t\t\t\t<div class=\"elementor-widget-container\">\n\t\t\t\t\t\t\t\t\t<p><strong>PS\u00a0<span style=\"color: #ff6600;\"><a style=\"color: #ff6600;\" href=\"https:\/\/gradido.net\/fr\/donations\/\">En raison de l'importance croissante de Gradido, nous r\u00e9it\u00e9rons notre action de remerciement le 26 juin 2026 :<\/a>\u00a0<\/span><span style=\"color: #0000ff;\"><a style=\"color: #0000ff;\" href=\"https:\/\/gradido.net\/fr\/donations\/\">En plus des multiples GradidoTransform pour ta contribution de soutien, nous augmenterons le 26.06.26 tous les soldes de comptes GDT de 26%. Promouvoir maintenant toi aussi et profiter d'une quantit\u00e9 multiple de GDT !<\/a><\/span><\/strong><\/p>\t\t\t\t\t\t\t\t<\/div>\n\t\t\t\t<\/div>\n\t\t\t\t\t<\/div>\n\t\t<\/div>\n\t\t\t\t\t<\/div>\n\t\t<\/section>\n\t\t\t\t<section class=\"elementor-section elementor-top-section elementor-element elementor-element-29dfc07 elementor-section-boxed elementor-section-height-default elementor-section-height-default\" data-id=\"29dfc07\" data-element_type=\"section\" data-e-type=\"section\">\n\t\t\t\t\t\t<div class=\"elementor-container elementor-column-gap-default\">\n\t\t\t\t\t<div class=\"elementor-column elementor-col-100 elementor-top-column elementor-element elementor-element-d37ec5a\" data-id=\"d37ec5a\" data-element_type=\"column\" data-e-type=\"column\">\n\t\t\t<div class=\"elementor-widget-wrap\">\n\t\t\t\t\t\t\t<\/div>\n\t\t<\/div>\n\t\t\t\t\t<\/div>\n\t\t<\/section>\n\t\t\t\t<section class=\"elementor-section elementor-top-section elementor-element elementor-element-b3bbb9b elementor-section-boxed elementor-section-height-default elementor-section-height-default\" data-id=\"b3bbb9b\" data-element_type=\"section\" data-e-type=\"section\">\n\t\t\t\t\t\t<div class=\"elementor-container elementor-column-gap-default\">\n\t\t\t\t\t<div class=\"elementor-column elementor-col-100 elementor-top-column elementor-element elementor-element-a7e88ad\" data-id=\"a7e88ad\" data-element_type=\"column\" data-e-type=\"column\">\n\t\t\t<div class=\"elementor-widget-wrap\">\n\t\t\t\t\t\t\t<\/div>\n\t\t<\/div>\n\t\t\t\t\t<\/div>\n\t\t<\/section>\n\t\t\t\t<\/div>","protected":false},"excerpt":{"rendered":"<p>L'\u00c9CONOMIE R\u00c9G\u00c9N\u00c9RATIVE signifie \"un syst\u00e8me \u00e9conomique qui va au-del\u00e0 de la simple cr\u00e9ation de valeur et qui se concentre sur la restauration et l'am\u00e9lioration des \u00e9cosyst\u00e8mes et des soci\u00e9t\u00e9s. Elle s'efforce de redonner plus qu'elle ne prend, tant sur le plan \u00e9cologique que social, et met l'accent sur la cr\u00e9ation de valeur positive pour la nature et la soci\u00e9t\u00e9\".<\/p>","protected":false},"author":2,"featured_media":10431,"comment_status":"closed","ping_status":"closed","sticky":false,"template":"","format":"standard","meta":{"footnotes":""},"categories":[11,54],"tags":[],"class_list":["post-10429","post","type-post","status-publish","format-standard","has-post-thumbnail","hentry","category-blog","category-community"],"yoast_head":"<!-- This site is optimized with the Yoast SEO plugin v27.5 - https:\/\/yoast.com\/product\/yoast-seo-wordpress\/ -->\n<title>INSPIRATIONSFLUG ZUM THEMA REGENERATIVE WIRTSCHAFT - Gradido<\/title>\n<meta name=\"description\" content=\"REGENERATIVE WIRTSCHAFT bedeutet &quot;ein Wirtschaftssystem, das \u00fcber den reinen Wertsch\u00f6pfungsgedanken hinausgeht und sich auf die Wiederherstellung und Verbesserung von \u00d6kosystemen und Gesellschaften konzentriert. Sie strebt an, mehr zur\u00fcckzugeben, als sie nimmt, sowohl \u00f6kologisch als auch sozial, und legt den Fokus auf die Schaffung von positivem Wert f\u00fcr Natur und Gesellschaft.&quot;\" \/>\n<meta name=\"robots\" content=\"index, follow, max-snippet:-1, max-image-preview:large, max-video-preview:-1\" \/>\n<link rel=\"canonical\" href=\"https:\/\/gradido.net\/fr\/inspirationsflug-regenerative-wirtschaft\/\" \/>\n<meta property=\"og:locale\" content=\"fr_FR\" \/>\n<meta property=\"og:type\" content=\"article\" \/>\n<meta property=\"og:title\" content=\"INSPIRATIONSFLUG ZUM THEMA REGENERATIVE WIRTSCHAFT - Gradido\" \/>\n<meta property=\"og:description\" content=\"REGENERATIVE WIRTSCHAFT bedeutet &quot;ein Wirtschaftssystem, das \u00fcber den reinen Wertsch\u00f6pfungsgedanken hinausgeht und sich auf die Wiederherstellung und Verbesserung von \u00d6kosystemen und Gesellschaften konzentriert. Sie strebt an, mehr zur\u00fcckzugeben, als sie nimmt, sowohl \u00f6kologisch als auch sozial, und legt den Fokus auf die Schaffung von positivem Wert f\u00fcr Natur und Gesellschaft.&quot;\" \/>\n<meta property=\"og:url\" content=\"https:\/\/gradido.net\/fr\/inspirationsflug-regenerative-wirtschaft\/\" \/>\n<meta property=\"og:site_name\" content=\"Gradido\" \/>\n<meta property=\"article:published_time\" content=\"2025-06-04T09:09:11+00:00\" \/>\n<meta property=\"article:modified_time\" content=\"2026-04-24T05:21:44+00:00\" \/>\n<meta property=\"og:image\" content=\"https:\/\/gradido.net\/wp-content\/uploads\/2025\/06\/Titel-INSPIRATIONSLFUG-short-scaled.webp\" \/>\n\t<meta property=\"og:image:width\" content=\"2560\" \/>\n\t<meta property=\"og:image:height\" content=\"1085\" \/>\n\t<meta property=\"og:image:type\" content=\"image\/webp\" \/>\n<meta name=\"author\" content=\"Bernd H\u00fcckst\u00e4dt\" \/>\n<meta name=\"twitter:card\" content=\"summary_large_image\" \/>\n<meta name=\"twitter:label1\" content=\"\u00c9crit par\" \/>\n\t<meta name=\"twitter:data1\" content=\"Bernd H\u00fcckst\u00e4dt\" \/>\n\t<meta name=\"twitter:label2\" content=\"Dur\u00e9e de lecture estim\u00e9e\" \/>\n\t<meta name=\"twitter:data2\" content=\"3 minutes\" \/>\n<script type=\"application\/ld+json\" class=\"yoast-schema-graph\">{\"@context\":\"https:\\\/\\\/schema.org\",\"@graph\":[{\"@type\":\"Article\",\"@id\":\"https:\\\/\\\/gradido.net\\\/inspirationsflug-regenerative-wirtschaft\\\/#article\",\"isPartOf\":{\"@id\":\"https:\\\/\\\/gradido.net\\\/inspirationsflug-regenerative-wirtschaft\\\/\"},\"author\":{\"name\":\"Bernd H\u00fcckst\u00e4dt\",\"@id\":\"https:\\\/\\\/gradido.net\\\/de\\\/#\\\/schema\\\/person\\\/9c503a004ad15a1ddecadce2218db5d1\"},\"headline\":\"INSPIRATIONSFLUG ZUM THEMA REGENERATIVE WIRTSCHAFT\",\"datePublished\":\"2025-06-04T09:09:11+00:00\",\"dateModified\":\"2026-04-24T05:21:44+00:00\",\"mainEntityOfPage\":{\"@id\":\"https:\\\/\\\/gradido.net\\\/inspirationsflug-regenerative-wirtschaft\\\/\"},\"wordCount\":427,\"publisher\":{\"@id\":\"https:\\\/\\\/gradido.net\\\/de\\\/#organization\"},\"image\":{\"@id\":\"https:\\\/\\\/gradido.net\\\/inspirationsflug-regenerative-wirtschaft\\\/#primaryimage\"},\"thumbnailUrl\":\"https:\\\/\\\/gradido.net\\\/wp-content\\\/uploads\\\/2025\\\/06\\\/Titel-INSPIRATIONSLFUG-short-scaled.webp\",\"articleSection\":[\"Blog\",\"Community\"],\"inLanguage\":\"fr-FR\"},{\"@type\":\"WebPage\",\"@id\":\"https:\\\/\\\/gradido.net\\\/inspirationsflug-regenerative-wirtschaft\\\/\",\"url\":\"https:\\\/\\\/gradido.net\\\/inspirationsflug-regenerative-wirtschaft\\\/\",\"name\":\"INSPIRATIONSFLUG ZUM THEMA REGENERATIVE WIRTSCHAFT - Gradido\",\"isPartOf\":{\"@id\":\"https:\\\/\\\/gradido.net\\\/de\\\/#website\"},\"primaryImageOfPage\":{\"@id\":\"https:\\\/\\\/gradido.net\\\/inspirationsflug-regenerative-wirtschaft\\\/#primaryimage\"},\"image\":{\"@id\":\"https:\\\/\\\/gradido.net\\\/inspirationsflug-regenerative-wirtschaft\\\/#primaryimage\"},\"thumbnailUrl\":\"https:\\\/\\\/gradido.net\\\/wp-content\\\/uploads\\\/2025\\\/06\\\/Titel-INSPIRATIONSLFUG-short-scaled.webp\",\"datePublished\":\"2025-06-04T09:09:11+00:00\",\"dateModified\":\"2026-04-24T05:21:44+00:00\",\"description\":\"REGENERATIVE WIRTSCHAFT bedeutet \\\"ein Wirtschaftssystem, das \u00fcber den reinen Wertsch\u00f6pfungsgedanken hinausgeht und sich auf die Wiederherstellung und Verbesserung von \u00d6kosystemen und Gesellschaften konzentriert. Sie strebt an, mehr zur\u00fcckzugeben, als sie nimmt, sowohl \u00f6kologisch als auch sozial, und legt den Fokus auf die Schaffung von positivem Wert f\u00fcr Natur und Gesellschaft.\\\"\",\"breadcrumb\":{\"@id\":\"https:\\\/\\\/gradido.net\\\/inspirationsflug-regenerative-wirtschaft\\\/#breadcrumb\"},\"inLanguage\":\"fr-FR\",\"potentialAction\":[{\"@type\":\"ReadAction\",\"target\":[\"https:\\\/\\\/gradido.net\\\/inspirationsflug-regenerative-wirtschaft\\\/\"]}]},{\"@type\":\"ImageObject\",\"inLanguage\":\"fr-FR\",\"@id\":\"https:\\\/\\\/gradido.net\\\/inspirationsflug-regenerative-wirtschaft\\\/#primaryimage\",\"url\":\"https:\\\/\\\/gradido.net\\\/wp-content\\\/uploads\\\/2025\\\/06\\\/Titel-INSPIRATIONSLFUG-short-scaled.webp\",\"contentUrl\":\"https:\\\/\\\/gradido.net\\\/wp-content\\\/uploads\\\/2025\\\/06\\\/Titel-INSPIRATIONSLFUG-short-scaled.webp\",\"width\":2560,\"height\":1085},{\"@type\":\"BreadcrumbList\",\"@id\":\"https:\\\/\\\/gradido.net\\\/inspirationsflug-regenerative-wirtschaft\\\/#breadcrumb\",\"itemListElement\":[{\"@type\":\"ListItem\",\"position\":1,\"name\":\"Startseite\",\"item\":\"https:\\\/\\\/gradido.net\\\/\"},{\"@type\":\"ListItem\",\"position\":2,\"name\":\"INSPIRATIONSFLUG ZUM THEMA REGENERATIVE WIRTSCHAFT\"}]},{\"@type\":\"WebSite\",\"@id\":\"https:\\\/\\\/gradido.net\\\/de\\\/#website\",\"url\":\"https:\\\/\\\/gradido.net\\\/de\\\/\",\"name\":\"Gradido\",\"description\":\"Die neue W\u00e4hrung hei\u00dft Dankbarkeit\",\"publisher\":{\"@id\":\"https:\\\/\\\/gradido.net\\\/de\\\/#organization\"},\"potentialAction\":[{\"@type\":\"SearchAction\",\"target\":{\"@type\":\"EntryPoint\",\"urlTemplate\":\"https:\\\/\\\/gradido.net\\\/de\\\/?s={search_term_string}\"},\"query-input\":{\"@type\":\"PropertyValueSpecification\",\"valueRequired\":true,\"valueName\":\"search_term_string\"}}],\"inLanguage\":\"fr-FR\"},{\"@type\":\"Organization\",\"@id\":\"https:\\\/\\\/gradido.net\\\/de\\\/#organization\",\"name\":\"Gradido\",\"url\":\"https:\\\/\\\/gradido.net\\\/de\\\/\",\"logo\":{\"@type\":\"ImageObject\",\"inLanguage\":\"fr-FR\",\"@id\":\"https:\\\/\\\/gradido.net\\\/de\\\/#\\\/schema\\\/logo\\\/image\\\/\",\"url\":\"https:\\\/\\\/gradido.net\\\/wp-content\\\/uploads\\\/2022\\\/04\\\/gradido-social.jpg\",\"contentUrl\":\"https:\\\/\\\/gradido.net\\\/wp-content\\\/uploads\\\/2022\\\/04\\\/gradido-social.jpg\",\"width\":527,\"height\":273,\"caption\":\"Gradido\"},\"image\":{\"@id\":\"https:\\\/\\\/gradido.net\\\/de\\\/#\\\/schema\\\/logo\\\/image\\\/\"}},{\"@type\":\"Person\",\"@id\":\"https:\\\/\\\/gradido.net\\\/de\\\/#\\\/schema\\\/person\\\/9c503a004ad15a1ddecadce2218db5d1\",\"name\":\"Bernd H\u00fcckst\u00e4dt\",\"sameAs\":[\"https:\\\/\\\/gradido.net\"],\"url\":\"https:\\\/\\\/gradido.net\\\/fr\\\/author\\\/bernd\\\/\"}]}<\/script>\n<!-- \/ Yoast SEO plugin. -->","yoast_head_json":{"title":"VOL D'INSPIRATION SUR LE THEME DE L'ECONOMIE REGENERATIVE - Gradido","description":"L'\u00c9CONOMIE R\u00c9G\u00c9N\u00c9RATIVE signifie \"un syst\u00e8me \u00e9conomique qui va au-del\u00e0 de la simple cr\u00e9ation de valeur et qui se concentre sur la restauration et l'am\u00e9lioration des \u00e9cosyst\u00e8mes et des soci\u00e9t\u00e9s. Elle s'efforce de redonner plus qu'elle ne prend, tant sur le plan \u00e9cologique que social, et met l'accent sur la cr\u00e9ation de valeur positive pour la nature et la soci\u00e9t\u00e9\".","robots":{"index":"index","follow":"follow","max-snippet":"max-snippet:-1","max-image-preview":"max-image-preview:large","max-video-preview":"max-video-preview:-1"},"canonical":"https:\/\/gradido.net\/fr\/inspirationsflug-regenerative-wirtschaft\/","og_locale":"fr_FR","og_type":"article","og_title":"INSPIRATIONSFLUG ZUM THEMA REGENERATIVE WIRTSCHAFT - Gradido","og_description":"REGENERATIVE WIRTSCHAFT bedeutet \"ein Wirtschaftssystem, das \u00fcber den reinen Wertsch\u00f6pfungsgedanken hinausgeht und sich auf die Wiederherstellung und Verbesserung von \u00d6kosystemen und Gesellschaften konzentriert. Sie strebt an, mehr zur\u00fcckzugeben, als sie nimmt, sowohl \u00f6kologisch als auch sozial, und legt den Fokus auf die Schaffung von positivem Wert f\u00fcr Natur und Gesellschaft.\"","og_url":"https:\/\/gradido.net\/fr\/inspirationsflug-regenerative-wirtschaft\/","og_site_name":"Gradido","article_published_time":"2025-06-04T09:09:11+00:00","article_modified_time":"2026-04-24T05:21:44+00:00","og_image":[{"width":2560,"height":1085,"url":"https:\/\/gradido.net\/wp-content\/uploads\/2025\/06\/Titel-INSPIRATIONSLFUG-short-scaled.webp","type":"image\/webp"}],"author":"Bernd H\u00fcckst\u00e4dt","twitter_card":"summary_large_image","twitter_misc":{"\u00c9crit par":"Bernd H\u00fcckst\u00e4dt","Dur\u00e9e de lecture estim\u00e9e":"3 minutes"},"schema":{"@context":"https:\/\/schema.org","@graph":[{"@type":"Article","@id":"https:\/\/gradido.net\/inspirationsflug-regenerative-wirtschaft\/#article","isPartOf":{"@id":"https:\/\/gradido.net\/inspirationsflug-regenerative-wirtschaft\/"},"author":{"name":"Bernd H\u00fcckst\u00e4dt","@id":"https:\/\/gradido.net\/de\/#\/schema\/person\/9c503a004ad15a1ddecadce2218db5d1"},"headline":"INSPIRATIONSFLUG ZUM THEMA REGENERATIVE WIRTSCHAFT","datePublished":"2025-06-04T09:09:11+00:00","dateModified":"2026-04-24T05:21:44+00:00","mainEntityOfPage":{"@id":"https:\/\/gradido.net\/inspirationsflug-regenerative-wirtschaft\/"},"wordCount":427,"publisher":{"@id":"https:\/\/gradido.net\/de\/#organization"},"image":{"@id":"https:\/\/gradido.net\/inspirationsflug-regenerative-wirtschaft\/#primaryimage"},"thumbnailUrl":"https:\/\/gradido.net\/wp-content\/uploads\/2025\/06\/Titel-INSPIRATIONSLFUG-short-scaled.webp","articleSection":["Blog","Community"],"inLanguage":"fr-FR"},{"@type":"WebPage","@id":"https:\/\/gradido.net\/inspirationsflug-regenerative-wirtschaft\/","url":"https:\/\/gradido.net\/inspirationsflug-regenerative-wirtschaft\/","name":"VOL D'INSPIRATION SUR LE THEME DE L'ECONOMIE REGENERATIVE - Gradido","isPartOf":{"@id":"https:\/\/gradido.net\/de\/#website"},"primaryImageOfPage":{"@id":"https:\/\/gradido.net\/inspirationsflug-regenerative-wirtschaft\/#primaryimage"},"image":{"@id":"https:\/\/gradido.net\/inspirationsflug-regenerative-wirtschaft\/#primaryimage"},"thumbnailUrl":"https:\/\/gradido.net\/wp-content\/uploads\/2025\/06\/Titel-INSPIRATIONSLFUG-short-scaled.webp","datePublished":"2025-06-04T09:09:11+00:00","dateModified":"2026-04-24T05:21:44+00:00","description":"L'\u00c9CONOMIE R\u00c9G\u00c9N\u00c9RATIVE signifie \"un syst\u00e8me \u00e9conomique qui va au-del\u00e0 de la simple cr\u00e9ation de valeur et qui se concentre sur la restauration et l'am\u00e9lioration des \u00e9cosyst\u00e8mes et des soci\u00e9t\u00e9s. Elle s'efforce de redonner plus qu'elle ne prend, tant sur le plan \u00e9cologique que social, et met l'accent sur la cr\u00e9ation de valeur positive pour la nature et la soci\u00e9t\u00e9\".","breadcrumb":{"@id":"https:\/\/gradido.net\/inspirationsflug-regenerative-wirtschaft\/#breadcrumb"},"inLanguage":"fr-FR","potentialAction":[{"@type":"ReadAction","target":["https:\/\/gradido.net\/inspirationsflug-regenerative-wirtschaft\/"]}]},{"@type":"ImageObject","inLanguage":"fr-FR","@id":"https:\/\/gradido.net\/inspirationsflug-regenerative-wirtschaft\/#primaryimage","url":"https:\/\/gradido.net\/wp-content\/uploads\/2025\/06\/Titel-INSPIRATIONSLFUG-short-scaled.webp","contentUrl":"https:\/\/gradido.net\/wp-content\/uploads\/2025\/06\/Titel-INSPIRATIONSLFUG-short-scaled.webp","width":2560,"height":1085},{"@type":"BreadcrumbList","@id":"https:\/\/gradido.net\/inspirationsflug-regenerative-wirtschaft\/#breadcrumb","itemListElement":[{"@type":"ListItem","position":1,"name":"Startseite","item":"https:\/\/gradido.net\/"},{"@type":"ListItem","position":2,"name":"INSPIRATIONSFLUG ZUM THEMA REGENERATIVE WIRTSCHAFT"}]},{"@type":"WebSite","@id":"https:\/\/gradido.net\/de\/#website","url":"https:\/\/gradido.net\/de\/","name":"Gradido","description":"La nouvelle monnaie s'appelle la gratitude","publisher":{"@id":"https:\/\/gradido.net\/de\/#organization"},"potentialAction":[{"@type":"SearchAction","target":{"@type":"EntryPoint","urlTemplate":"https:\/\/gradido.net\/de\/?s={search_term_string}"},"query-input":{"@type":"PropertyValueSpecification","valueRequired":true,"valueName":"search_term_string"}}],"inLanguage":"fr-FR"},{"@type":"Organization","@id":"https:\/\/gradido.net\/de\/#organization","name":"Gradido","url":"https:\/\/gradido.net\/de\/","logo":{"@type":"ImageObject","inLanguage":"fr-FR","@id":"https:\/\/gradido.net\/de\/#\/schema\/logo\/image\/","url":"https:\/\/gradido.net\/wp-content\/uploads\/2022\/04\/gradido-social.jpg","contentUrl":"https:\/\/gradido.net\/wp-content\/uploads\/2022\/04\/gradido-social.jpg","width":527,"height":273,"caption":"Gradido"},"image":{"@id":"https:\/\/gradido.net\/de\/#\/schema\/logo\/image\/"}},{"@type":"Person","@id":"https:\/\/gradido.net\/de\/#\/schema\/person\/9c503a004ad15a1ddecadce2218db5d1","name":"Bernd H\u00fcckst\u00e4dt","sameAs":["https:\/\/gradido.net"],"url":"https:\/\/gradido.net\/fr\/author\/bernd\/"}]}},"_links":{"self":[{"href":"https:\/\/gradido.net\/fr\/wp-json\/wp\/v2\/posts\/10429","targetHints":{"allow":["GET"]}}],"collection":[{"href":"https:\/\/gradido.net\/fr\/wp-json\/wp\/v2\/posts"}],"about":[{"href":"https:\/\/gradido.net\/fr\/wp-json\/wp\/v2\/types\/post"}],"author":[{"embeddable":true,"href":"https:\/\/gradido.net\/fr\/wp-json\/wp\/v2\/users\/2"}],"replies":[{"embeddable":true,"href":"https:\/\/gradido.net\/fr\/wp-json\/wp\/v2\/comments?post=10429"}],"version-history":[{"count":12,"href":"https:\/\/gradido.net\/fr\/wp-json\/wp\/v2\/posts\/10429\/revisions"}],"predecessor-version":[{"id":13574,"href":"https:\/\/gradido.net\/fr\/wp-json\/wp\/v2\/posts\/10429\/revisions\/13574"}],"wp:featuredmedia":[{"embeddable":true,"href":"https:\/\/gradido.net\/fr\/wp-json\/wp\/v2\/media\/10431"}],"wp:attachment":[{"href":"https:\/\/gradido.net\/fr\/wp-json\/wp\/v2\/media?parent=10429"}],"wp:term":[{"taxonomy":"category","embeddable":true,"href":"https:\/\/gradido.net\/fr\/wp-json\/wp\/v2\/categories?post=10429"},{"taxonomy":"post_tag","embeddable":true,"href":"https:\/\/gradido.net\/fr\/wp-json\/wp\/v2\/tags?post=10429"}],"curies":[{"name":"wp","href":"https:\/\/api.w.org\/{rel}","templated":true}]}}