{"id":1812,"date":"2021-02-11T10:33:09","date_gmt":"2021-02-11T09:33:09","guid":{"rendered":"https:\/\/gradido.net\/?p=1812"},"modified":"2021-12-11T20:59:26","modified_gmt":"2021-12-11T19:59:26","slug":"goldene-nach-corona-zeiten-fuer-alle","status":"publish","type":"post","link":"https:\/\/gradido.net\/fr\/goldene-nach-corona-zeiten-fuer-alle\/","title":{"rendered":"L'apr\u00e8s-Corona dor\u00e9 pour tous ?"},"content":{"rendered":"<div data-elementor-type=\"wp-post\" data-elementor-id=\"1812\" class=\"elementor elementor-1812\" data-elementor-post-type=\"post\">\n\t\t\t\t\t\t<section class=\"elementor-section elementor-top-section elementor-element elementor-element-496e1d53 elementor-section-boxed elementor-section-height-default elementor-section-height-default\" data-id=\"496e1d53\" data-element_type=\"section\" data-e-type=\"section\">\n\t\t\t\t\t\t<div class=\"elementor-container elementor-column-gap-default\">\n\t\t\t\t\t<div class=\"elementor-column elementor-col-100 elementor-top-column elementor-element elementor-element-461d7be0\" data-id=\"461d7be0\" data-element_type=\"column\" data-e-type=\"column\">\n\t\t\t<div class=\"elementor-widget-wrap elementor-element-populated\">\n\t\t\t\t\t\t<div class=\"elementor-element elementor-element-cd9ebe2 elementor-widget elementor-widget-text-editor\" data-id=\"cd9ebe2\" data-element_type=\"widget\" data-e-type=\"widget\" data-widget_type=\"text-editor.default\">\n\t\t\t\t<div class=\"elementor-widget-container\">\n\t\t\t\t\t\t\t\t\t<h2>Gradido donne des perspectives aussi aux victimes de la crise<\/h2><p><strong>K\u00fcnzelsau, 11.02.2021 - Les psychologues et les analystes de tendances s'attendent \u00e0 une phase d'exub\u00e9rance de la vie apr\u00e8s la crise de Corona. Les gagnants de la crise et tous ceux qui, en raison de leur richesse, n'ont pas \u00e9t\u00e9 touch\u00e9s par celle-ci, pourront \u00e0 nouveau s'amuser sans restriction dans le monde entier. Ceux qui seront laiss\u00e9s de c\u00f4t\u00e9 - et plus encore ceux qui le seront - sont tous ceux qui ont \u00e9t\u00e9 priv\u00e9s de toute base financi\u00e8re et de toute perspective professionnelle par les mesures. Il faut ici assurer un juste \u00e9quilibre en temps utile et emprunter des voies dans l'\u00e8re post-Corona qui puissent emp\u00eacher une division sociale aux proportions dramatiques. Le mod\u00e8le Gradido de l'Acad\u00e9mie de bionique \u00e9conomique du m\u00eame nom a d\u00e9j\u00e0 la feuille de route appropri\u00e9e pour cet exploit.<\/strong><\/p><p>\"Bernd H\u00fcckst\u00e4dt, co-fondateur de l'Acad\u00e9mie Gradido, s'interroge : \"Qui pourrait reprocher aux gens de profiter ensemble de leur libert\u00e9 retrouv\u00e9e au mieux de leurs possibilit\u00e9s ? Le m\u00e9decin et sociologue am\u00e9ricain de la c\u00e9l\u00e8bre universit\u00e9 de Yale, Nicholas Christakis, envisage m\u00eame une renaissance des \"ann\u00e9es folles\", ces \"golden twenties\" qui ont suivi la grippe espagnole il y a une bonne centaine d'ann\u00e9es : \"Ce sera un printemps, artistiquement, \u00e9conomiquement, technologiquement et aussi politiquement\". L'objectif d\u00e9clar\u00e9 des experts en bionique \u00e9conomique de l'Acad\u00e9mie Gradido est de donner non seulement aux gagnants de la crise, mais \u00e0 tous le courage et les outils n\u00e9cessaires pour s'engager dans un tel \u00e2ge d'or.<\/p><h3>Un foss\u00e9 \u00e9norme s\u00e9pare gagnants et perdants<\/h3><p>Jusqu'\u00e0 pr\u00e9sent, cependant, selon une \u00e9tude r\u00e9cente de la Deutsche Bundesbank, il existe une division tr\u00e8s nette entre les gagnants et les perdants de la crise. Si certains accumulent des \u00e9conomies, plus de 40 % avaient d\u00e9j\u00e0 subi des pertes de revenus importantes en mai 2020. La derni\u00e8re \u00e9tude de la Fondation Hans B\u00f6ckler montre \u00e9galement que les personnes employ\u00e9es ayant d\u00e9j\u00e0 de faibles revenus souffriront nettement plus des cons\u00e9quences \u00e9conomiques des mesures Corona que celles ayant des revenus plus \u00e9lev\u00e9s. Les personnes interrog\u00e9es qui ont perdu des revenus voient \u00e9galement de plus grands dangers pour la coh\u00e9sion sociale. Le Dr Andreas H\u00f6vermann, co-auteur de l'\u00e9tude, craint que les pertes de salaire ainsi que la perception d'une r\u00e9partition in\u00e9gale des charges n'aient un effet d\u00e9stabilisant sur la soci\u00e9t\u00e9 dans son ensemble.<\/p><h3>L'in\u00e9galit\u00e9 sociale s'aggrave<\/h3><p>\"Comme \u00e0 travers une loupe, nous voyons maintenant l'urgence d'un processus de transformation pour \u00e9viter qu'une grande partie de la population ne tombe en bas du chemin et que la fracture sociale ne devienne irr\u00e9versible\", pr\u00e9vient H\u00fcckst\u00e4dt : \"Selon un rapport du Parit\u00e4tischer Wohlfahrtsverband, la pauvret\u00e9 a atteint son niveau le plus \u00e9lev\u00e9 depuis la r\u00e9unification. Les 10 % de m\u00e9nages allemands les plus riches poss\u00e8dent - moins les dettes - 60 % de l'actif net total. Les 20 % les plus pauvres n'ont aucune richesse, et environ 9 % des m\u00e9nages sont endett\u00e9s\". Le rapport de r\u00e9partition de l'Institut des sciences \u00e9conomiques et sociales (IRES) a \u00e9galement \u00e9tabli qu'environ un tiers des m\u00e9nages en Allemagne disposent de r\u00e9serves pour quelques semaines ou quelques mois au maximum,<br \/>tandis que les m\u00e9nages du haut de l'\u00e9chelle pourraient subvenir \u00e0 leurs besoins gr\u00e2ce \u00e0 leurs propres r\u00e9serves pendant au moins deux d\u00e9cennies.<\/p><h3>Dans le monde entier, seuls les riches deviennent de plus en plus riches<\/h3><p>Selon le dernier rapport d'Oxfam sur \"Le virus de l'in\u00e9galit\u00e9\", le foss\u00e9 entre les riches et les pauvres menace de se creuser simultan\u00e9ment dans presque tous les pays du monde pour la premi\u00e8re fois depuis plus d'un si\u00e8cle \u00e0 la suite de la crise de Corona. Depuis f\u00e9vrier 2019, la richesse des dix personnes les plus riches du monde a augment\u00e9 de pr\u00e8s d'un demi-billion de dollars pour atteindre 1,12 billion de dollars. Un porte-parole de l'organisation mondiale de secours et de d\u00e9veloppement indique qu'un tel gain serait plus que suffisant pour garantir que personne ne soit appauvri par les cons\u00e9quences de Corona. En m\u00eame temps, le monde conna\u00eet la pire crise de l'emploi depuis plus de 90 ans, avec des centaines de millions de personnes qui perdent leur revenu et leur emploi. Steffen K\u00fc\u00dfner, porte-parole d'Oxfam Allemagne, explique \u00e0 titre d'exemple que les 1000 personnes les plus riches ont pu r\u00e9cup\u00e9rer leurs pertes en seulement neuf mois, alors que la moiti\u00e9 pauvre de l'humanit\u00e9 aura probablement besoin de plus d'une d\u00e9cennie pour faire face aux cons\u00e9quences \u00e9conomiques de la crise. Cette \u00e9volution doit \u00eatre un signal d'alarme pour \"s'attaquer enfin \u00e0 l'extr\u00eame in\u00e9galit\u00e9 et \u00e0 la pauvret\u00e9 \u00e0 la racine\", a d\u00e9clar\u00e9 Oxfam. Cela n\u00e9cessite, entre autres, des syst\u00e8mes de s\u00e9curit\u00e9 sociale accessibles \u00e0 tous et une plus grande attention au bien commun dans l'\u00e9conomie, a-t-il d\u00e9clar\u00e9. \"Les entreprises et les super-riches doivent maintenant apporter leur juste contribution pour surmonter la crise\", d\u00e9clare Tobias Hauschild d'Oxfam Allemagne.<\/p><h3>La monnaie communautaire Gradido cr\u00e9e de la lumi\u00e8re \u00e0 l'horizon<\/h3><p>\u00c0 l'Acad\u00e9mie de bionique \u00e9conomique de Gradido, la n\u00e9cessit\u00e9 d'une telle correction de trajectoire a \u00e9t\u00e9 reconnue bien avant Corona et depuis vingt ans, un nouveau syst\u00e8me \u00e9conomique et financier adapt\u00e9 \u00e0 l'avenir a \u00e9t\u00e9 mis au point, qui peut r\u00e9pondre aux demandes qui sont maintenant exprim\u00e9es partout. S'inspirant des \"mod\u00e8les naturels de r\u00e9ussite\", les experts en bionique \u00e9conomique ont mis au point une combinaison de la monnaie du bien commun \"Gradido\" avec un \"revenu de base actif\" et la cr\u00e9ation d'argent sans dette bas\u00e9e sur le \"Triple Bien\". Plus pr\u00e9cis\u00e9ment, la transformation du syst\u00e8me \u00e9conomique et financier actuel en ce mod\u00e8le Gradido signifierait la fin du principe de la monnaie de la dette. Au lieu de cela, 3 x 1 000 Gradido seraient cr\u00e9\u00e9s chaque mois pour chaque personne. 1 000 Gradido seraient mis \u00e0 la disposition du budget national. Un millier d'autres Gradido seraient attribu\u00e9s par habitant pour le Fonds de p\u00e9r\u00e9quation et d'environnement. Le dernier tiers serait accessible \u00e0 tous sous la forme d'un \"revenu de base actif\". Le ch\u00f4mage serait ainsi de l'histoire ancienne et l'approvisionnement en produits de premi\u00e8re n\u00e9cessit\u00e9 serait assur\u00e9 dans le monde entier.<\/p><h3>La nature \u00e9ph\u00e9m\u00e8re de l'argent permet des investissements judicieux<\/h3><p>Conscient de la loi mill\u00e9nnaire de la nature selon laquelle de nouvelles choses ne peuvent \u00eatre cr\u00e9\u00e9es que lorsque quelque chose dispara\u00eet, la temporalit\u00e9 planifi\u00e9e du Gradido (GDD) garantit non seulement la stabilit\u00e9 de la masse mon\u00e9taire, mais aussi des investissements judicieux au lieu de montagnes d'argent priv\u00e9es accumul\u00e9es de mani\u00e8re insens\u00e9e. H\u00fcckst\u00e4dt explique : \"La temporalit\u00e9 pr\u00e9vue du Gradido est de 50 % par an. Comme pour un taux d'int\u00e9r\u00eat n\u00e9gatif, la p\u00e9rissabilit\u00e9 est continue. Afin de pr\u00e9server sa valeur mon\u00e9taire, on peut, par exemple, investir dans des projets environnementaux durables qui sont soutenus par le Fonds de compensation et d'environnement, cr\u00e9er un avenir digne pour les petits-enfants et aussi obtenir de bons rendements. C'est une situation gagnante pour tout le monde\".<\/p><h3>La \"participation inconditionnelle\" garantit une vie (professionnelle) \u00e9panouie<\/h3><p>Dans le mod\u00e8le Gradido, recevoir le \"revenu de base actif\" est li\u00e9 \u00e0 la \"participation inconditionnelle\", ce qui signifie que chaque personne - pour son revenu de base personnel - peut contribuer \u00e0 la communaut\u00e9 par des activit\u00e9s qu'elle est particuli\u00e8rement dou\u00e9e ou qu'elle aime faire, ou qu'elle aimerait am\u00e9liorer ou essayer. \"De cette fa\u00e7on, nous assurons non seulement une cohabitation vivante et une am\u00e9lioration significative de la situation des soins aux personnes \u00e2g\u00e9es et aux enfants, mais nous encourageons \u00e9galement les gens \u00e0 d\u00e9velopper leurs propres talents sur une base large\", ajoute Margret Baier, la propri\u00e9taire de l'Acad\u00e9mie Gradido. \"Chacun peut ainsi d\u00e9velopper son potentiel de fa\u00e7on optimale. Cela augmente \u00e9galement les chances de pouvoir r\u00e9agir beaucoup mieux aux changements et de trouver un r\u00e9el \u00e9panouissement et un sens \u00e0 ses propres activit\u00e9s\".<\/p><h3>Le cygne noir Corona, signe avant-coureur de l'\u00e2ge d'or ?<\/h3><p>L'\u00e9tude \"Le cygne noir Covid-19\" de la Gesellschaft f\u00fcr innovative Marktforschung (GIM) montre \u00e0 quel point le mod\u00e8le Gradido d\u00e9crit avec pr\u00e9cision les souhaits futurs des gens. Afin d'\u00e9tablir des pr\u00e9visions sur le comportement futur (de consommation) des Allemands, GIM a interrog\u00e9 1 000 personnes sur leurs valeurs, espoirs et d\u00e9sirs actuels. Les r\u00e9sultats de l'enqu\u00eate r\u00e9v\u00e8lent un fort d\u00e9sir de justice sociale, la valeur des professions sociales, la solidarit\u00e9 et la coop\u00e9ration internationale. Dans leur vie priv\u00e9e, la plupart des personnes interrog\u00e9es accordent plus de valeur aux \u00e9v\u00e9nements agr\u00e9ables qu'aux biens mat\u00e9riels. Hannes Fernow, directeur de GIM Foresight : \"Les \"golden twenties\" sont de retour. Un nouvel h\u00e9donisme \u00e9merge dans la soci\u00e9t\u00e9, caract\u00e9ris\u00e9 par l'espoir de la communaut\u00e9 et du plaisir, de la libert\u00e9 et de la vie en plein air. Elle s'accompagne d'un plus grand sens des responsabilit\u00e9s et d'un retour \u00e0 l'essentiel : L'authenticit\u00e9 et l'attitude, le choix et l'individualit\u00e9 auront de l'importance\". \"Cela co\u00efncide presque totalement avec les r\u00e9sultats que nous avons utilis\u00e9s comme base pour d\u00e9velopper notre nouveau mod\u00e8le \u00e9conomique et financier Gradido\", confirme H\u00fcckst\u00e4dt, \"et cela prouve une fois de plus que le d\u00e9sir de r\u00e9orientation ne d\u00e9coule pas de la crise de Corona, mais est d\u00fb \u00e0 l'inad\u00e9quation du syst\u00e8me \u00e9conomique et financier actuel en termes de compatibilit\u00e9 sociale et de base pour une vie \u00e9panouie. Si nous ne r\u00e9formons pas ou ne transformons pas le syst\u00e8me \u00e0 ce stade, seuls quelques privil\u00e9gi\u00e9s pourront esp\u00e9rer des \"golden times\", m\u00eame apr\u00e8s la crise de Corona\". Dans un effort pour r\u00e9imaginer l'avenir et le fa\u00e7onner de mani\u00e8re \u00e0 ce que tout le monde puisse y participer, Gradido vous invite \u00e0 vous connecter avec l'acad\u00e9mie dans le cadre d'une \"Grande coop\u00e9ration\".<\/p><p>Pour plus de d\u00e9tails sur la \"Grande coop\u00e9ration\", le \"mod\u00e8le Gradido\" et le podcast Gradido, voir <a href=\"https:\/\/gradido.net\/fr\/\">https:\/\/gradido.net<\/a><\/p><p>\u00a0<\/p><p>Source de l'image : <br \/>Bundesarchiv, Image 183-K0623-0502-001 \/ CC-BY-SA 3.0, CC BY-SA 3.0 en, https:\/\/commons.wikimedia.org\/w\/index.php?curid=5365129<\/p><p><!-- \/wp:paragraph --><\/p>\t\t\t\t\t\t\t\t<\/div>\n\t\t\t\t<\/div>\n\t\t\t\t<div class=\"elementor-element elementor-element-e9ff241 elementor-widget elementor-widget-text-editor\" data-id=\"e9ff241\" data-element_type=\"widget\" data-e-type=\"widget\" data-widget_type=\"text-editor.default\">\n\t\t\t\t<div class=\"elementor-widget-container\">\n\t\t\t\t\t\t\t\t\t<p><strong>\u00c0 propos de l'Acad\u00e9mie Gradido<\/strong><br>L'Acad\u00e9mie de bionique \u00e9conomique Gradido a mis au point une \"monnaie du bien commun\" alternative bas\u00e9e sur les mod\u00e8les de la nature. La nature suit la r\u00e8gle selon laquelle ce n'est que lorsque quelque chose dispara\u00eet que quelque chose de nouveau peut \u00e9merger, et donc qu'une am\u00e9lioration (\u00e9volution) \u00e0 long terme est possible. La recette de son succ\u00e8s est le \"cycle de la vie\". Si notre \u00e9conomie suivait \u00e9galement ce cycle naturel, alors, selon l'\u00e9valuation des experts en bionique \u00e9conomique, pratiquement tous les probl\u00e8mes mon\u00e9taires du monde pourraient \u00eatre r\u00e9solus. Le mod\u00e8le Gradido est bas\u00e9 sur l'id\u00e9e que non seulement chaque personne, mais aussi chaque \u00c9tat, re\u00e7oit des revenus g\u00e9n\u00e9r\u00e9s sur la base d'avoirs. Les \u00c9tats peuvent ainsi remplir toutes leurs t\u00e2ches sans avoir \u00e0 percevoir d'imp\u00f4ts. La d\u00e9flation ou l'inflation font partie du pass\u00e9. L'\u00e9conomie est lib\u00e9r\u00e9e de la contrainte constante de cro\u00eetre, le danger d'effondrement du syst\u00e8me financier est enfin \u00e9cart\u00e9.<a href=\"https:\/\/gradido.net\/fr\/\">www.gradido.net<\/a>)<\/p>\t\t\t\t\t\t\t\t<\/div>\n\t\t\t\t<\/div>\n\t\t\t\t\t<\/div>\n\t\t<\/div>\n\t\t\t\t\t<\/div>\n\t\t<\/section>\n\t\t\t\t<\/div>","protected":false},"excerpt":{"rendered":"<p>Gradido schenkt auch Krisenopfern Perspektiven K\u00fcnzelsau, 11.02.2021 \u2013 Psychologen und Trendforscher rechnen nach der Corona-Krise mit einer Phase \u00fcberbordender Lebenslust. Gewinner der Krise und alle, die aufgrund ihres Reichtums davon ohnehin unbehelligt geblieben sind, werden sich wieder uneingeschr\u00e4nkt quer \u00fcber den Globus ausleben k\u00f6nnen. Auf der Strecke bleiben \u2013 dann erst recht \u2013 all die, [&hellip;]<\/p>\n","protected":false},"author":2,"featured_media":1815,"comment_status":"closed","ping_status":"closed","sticky":false,"template":"","format":"standard","meta":{"footnotes":""},"categories":[8],"tags":[],"class_list":["post-1812","post","type-post","status-publish","format-standard","has-post-thumbnail","hentry","category-pressemitteilung"],"yoast_head":"<!-- This site is optimized with the Yoast SEO plugin v27.4 - https:\/\/yoast.com\/product\/yoast-seo-wordpress\/ -->\n<title>Goldene Nach-Corona-Zeiten f\u00fcr Alle? - Gradido<\/title>\n<meta name=\"robots\" content=\"index, follow, max-snippet:-1, max-image-preview:large, max-video-preview:-1\" \/>\n<link rel=\"canonical\" href=\"https:\/\/gradido.net\/fr\/goldene-nach-corona-zeiten-fuer-alle\/\" \/>\n<meta property=\"og:locale\" content=\"fr_FR\" \/>\n<meta property=\"og:type\" content=\"article\" \/>\n<meta property=\"og:title\" content=\"Goldene Nach-Corona-Zeiten f\u00fcr Alle? - Gradido\" \/>\n<meta property=\"og:description\" content=\"Gradido schenkt auch Krisenopfern Perspektiven K\u00fcnzelsau, 11.02.2021 \u2013 Psychologen und Trendforscher rechnen nach der Corona-Krise mit einer Phase \u00fcberbordender Lebenslust. Gewinner der Krise und alle, die aufgrund ihres Reichtums davon ohnehin unbehelligt geblieben sind, werden sich wieder uneingeschr\u00e4nkt quer \u00fcber den Globus ausleben k\u00f6nnen. Auf der Strecke bleiben \u2013 dann erst recht \u2013 all die, [&hellip;]\" \/>\n<meta property=\"og:url\" content=\"https:\/\/gradido.net\/fr\/goldene-nach-corona-zeiten-fuer-alle\/\" \/>\n<meta property=\"og:site_name\" content=\"Gradido\" \/>\n<meta property=\"article:published_time\" content=\"2021-02-11T09:33:09+00:00\" \/>\n<meta property=\"article:modified_time\" content=\"2021-12-11T19:59:26+00:00\" \/>\n<meta property=\"og:image\" content=\"https:\/\/gradido.net\/wp-content\/uploads\/2021\/02\/goldene_zeiten.jpg\" \/>\n\t<meta property=\"og:image:width\" content=\"1458\" \/>\n\t<meta property=\"og:image:height\" content=\"990\" \/>\n\t<meta property=\"og:image:type\" content=\"image\/jpeg\" \/>\n<meta name=\"author\" content=\"Bernd H\u00fcckst\u00e4dt\" \/>\n<meta name=\"twitter:card\" content=\"summary_large_image\" \/>\n<meta name=\"twitter:label1\" content=\"\u00c9crit par\" \/>\n\t<meta name=\"twitter:data1\" content=\"Bernd H\u00fcckst\u00e4dt\" \/>\n\t<meta name=\"twitter:label2\" content=\"Dur\u00e9e de lecture estim\u00e9e\" \/>\n\t<meta name=\"twitter:data2\" content=\"8 minutes\" \/>\n<script type=\"application\/ld+json\" class=\"yoast-schema-graph\">{\"@context\":\"https:\\\/\\\/schema.org\",\"@graph\":[{\"@type\":\"Article\",\"@id\":\"https:\\\/\\\/gradido.net\\\/nl\\\/goldene-nach-corona-zeiten-fuer-alle\\\/#article\",\"isPartOf\":{\"@id\":\"https:\\\/\\\/gradido.net\\\/nl\\\/goldene-nach-corona-zeiten-fuer-alle\\\/\"},\"author\":{\"name\":\"Bernd H\u00fcckst\u00e4dt\",\"@id\":\"https:\\\/\\\/gradido.net\\\/de\\\/#\\\/schema\\\/person\\\/9c503a004ad15a1ddecadce2218db5d1\"},\"headline\":\"Goldene Nach-Corona-Zeiten f\u00fcr Alle?\",\"datePublished\":\"2021-02-11T09:33:09+00:00\",\"dateModified\":\"2021-12-11T19:59:26+00:00\",\"mainEntityOfPage\":{\"@id\":\"https:\\\/\\\/gradido.net\\\/nl\\\/goldene-nach-corona-zeiten-fuer-alle\\\/\"},\"wordCount\":1575,\"publisher\":{\"@id\":\"https:\\\/\\\/gradido.net\\\/de\\\/#organization\"},\"image\":{\"@id\":\"https:\\\/\\\/gradido.net\\\/nl\\\/goldene-nach-corona-zeiten-fuer-alle\\\/#primaryimage\"},\"thumbnailUrl\":\"https:\\\/\\\/gradido.net\\\/wp-content\\\/uploads\\\/2021\\\/02\\\/goldene_zeiten.jpg\",\"articleSection\":[\"Pressemitteilung\"],\"inLanguage\":\"fr-FR\"},{\"@type\":\"WebPage\",\"@id\":\"https:\\\/\\\/gradido.net\\\/nl\\\/goldene-nach-corona-zeiten-fuer-alle\\\/\",\"url\":\"https:\\\/\\\/gradido.net\\\/nl\\\/goldene-nach-corona-zeiten-fuer-alle\\\/\",\"name\":\"Goldene Nach-Corona-Zeiten f\u00fcr Alle? - Gradido\",\"isPartOf\":{\"@id\":\"https:\\\/\\\/gradido.net\\\/de\\\/#website\"},\"primaryImageOfPage\":{\"@id\":\"https:\\\/\\\/gradido.net\\\/nl\\\/goldene-nach-corona-zeiten-fuer-alle\\\/#primaryimage\"},\"image\":{\"@id\":\"https:\\\/\\\/gradido.net\\\/nl\\\/goldene-nach-corona-zeiten-fuer-alle\\\/#primaryimage\"},\"thumbnailUrl\":\"https:\\\/\\\/gradido.net\\\/wp-content\\\/uploads\\\/2021\\\/02\\\/goldene_zeiten.jpg\",\"datePublished\":\"2021-02-11T09:33:09+00:00\",\"dateModified\":\"2021-12-11T19:59:26+00:00\",\"breadcrumb\":{\"@id\":\"https:\\\/\\\/gradido.net\\\/nl\\\/goldene-nach-corona-zeiten-fuer-alle\\\/#breadcrumb\"},\"inLanguage\":\"fr-FR\",\"potentialAction\":[{\"@type\":\"ReadAction\",\"target\":[\"https:\\\/\\\/gradido.net\\\/nl\\\/goldene-nach-corona-zeiten-fuer-alle\\\/\"]}]},{\"@type\":\"ImageObject\",\"inLanguage\":\"fr-FR\",\"@id\":\"https:\\\/\\\/gradido.net\\\/nl\\\/goldene-nach-corona-zeiten-fuer-alle\\\/#primaryimage\",\"url\":\"https:\\\/\\\/gradido.net\\\/wp-content\\\/uploads\\\/2021\\\/02\\\/goldene_zeiten.jpg\",\"contentUrl\":\"https:\\\/\\\/gradido.net\\\/wp-content\\\/uploads\\\/2021\\\/02\\\/goldene_zeiten.jpg\",\"width\":1458,\"height\":990},{\"@type\":\"BreadcrumbList\",\"@id\":\"https:\\\/\\\/gradido.net\\\/nl\\\/goldene-nach-corona-zeiten-fuer-alle\\\/#breadcrumb\",\"itemListElement\":[{\"@type\":\"ListItem\",\"position\":1,\"name\":\"Startseite\",\"item\":\"https:\\\/\\\/gradido.net\\\/\"},{\"@type\":\"ListItem\",\"position\":2,\"name\":\"Goldene Nach-Corona-Zeiten f\u00fcr Alle?\"}]},{\"@type\":\"WebSite\",\"@id\":\"https:\\\/\\\/gradido.net\\\/de\\\/#website\",\"url\":\"https:\\\/\\\/gradido.net\\\/de\\\/\",\"name\":\"Gradido\",\"description\":\"Die neue W\u00e4hrung hei\u00dft Dankbarkeit\",\"publisher\":{\"@id\":\"https:\\\/\\\/gradido.net\\\/de\\\/#organization\"},\"potentialAction\":[{\"@type\":\"SearchAction\",\"target\":{\"@type\":\"EntryPoint\",\"urlTemplate\":\"https:\\\/\\\/gradido.net\\\/de\\\/?s={search_term_string}\"},\"query-input\":{\"@type\":\"PropertyValueSpecification\",\"valueRequired\":true,\"valueName\":\"search_term_string\"}}],\"inLanguage\":\"fr-FR\"},{\"@type\":\"Organization\",\"@id\":\"https:\\\/\\\/gradido.net\\\/de\\\/#organization\",\"name\":\"Gradido\",\"url\":\"https:\\\/\\\/gradido.net\\\/de\\\/\",\"logo\":{\"@type\":\"ImageObject\",\"inLanguage\":\"fr-FR\",\"@id\":\"https:\\\/\\\/gradido.net\\\/de\\\/#\\\/schema\\\/logo\\\/image\\\/\",\"url\":\"https:\\\/\\\/gradido.net\\\/wp-content\\\/uploads\\\/2022\\\/04\\\/gradido-social.jpg\",\"contentUrl\":\"https:\\\/\\\/gradido.net\\\/wp-content\\\/uploads\\\/2022\\\/04\\\/gradido-social.jpg\",\"width\":527,\"height\":273,\"caption\":\"Gradido\"},\"image\":{\"@id\":\"https:\\\/\\\/gradido.net\\\/de\\\/#\\\/schema\\\/logo\\\/image\\\/\"}},{\"@type\":\"Person\",\"@id\":\"https:\\\/\\\/gradido.net\\\/de\\\/#\\\/schema\\\/person\\\/9c503a004ad15a1ddecadce2218db5d1\",\"name\":\"Bernd H\u00fcckst\u00e4dt\",\"sameAs\":[\"https:\\\/\\\/gradido.net\"],\"url\":\"https:\\\/\\\/gradido.net\\\/fr\\\/author\\\/bernd\\\/\"}]}<\/script>\n<!-- \/ Yoast SEO plugin. -->","yoast_head_json":{"title":"L'\u00e2ge d'or de l'apr\u00e8s-Corona pour tous ? - Gradido","robots":{"index":"index","follow":"follow","max-snippet":"max-snippet:-1","max-image-preview":"max-image-preview:large","max-video-preview":"max-video-preview:-1"},"canonical":"https:\/\/gradido.net\/fr\/goldene-nach-corona-zeiten-fuer-alle\/","og_locale":"fr_FR","og_type":"article","og_title":"Goldene Nach-Corona-Zeiten f\u00fcr Alle? - Gradido","og_description":"Gradido schenkt auch Krisenopfern Perspektiven K\u00fcnzelsau, 11.02.2021 \u2013 Psychologen und Trendforscher rechnen nach der Corona-Krise mit einer Phase \u00fcberbordender Lebenslust. Gewinner der Krise und alle, die aufgrund ihres Reichtums davon ohnehin unbehelligt geblieben sind, werden sich wieder uneingeschr\u00e4nkt quer \u00fcber den Globus ausleben k\u00f6nnen. Auf der Strecke bleiben \u2013 dann erst recht \u2013 all die, [&hellip;]","og_url":"https:\/\/gradido.net\/fr\/goldene-nach-corona-zeiten-fuer-alle\/","og_site_name":"Gradido","article_published_time":"2021-02-11T09:33:09+00:00","article_modified_time":"2021-12-11T19:59:26+00:00","og_image":[{"width":1458,"height":990,"url":"https:\/\/gradido.net\/wp-content\/uploads\/2021\/02\/goldene_zeiten.jpg","type":"image\/jpeg"}],"author":"Bernd H\u00fcckst\u00e4dt","twitter_card":"summary_large_image","twitter_misc":{"\u00c9crit par":"Bernd H\u00fcckst\u00e4dt","Dur\u00e9e de lecture estim\u00e9e":"8 minutes"},"schema":{"@context":"https:\/\/schema.org","@graph":[{"@type":"Article","@id":"https:\/\/gradido.net\/nl\/goldene-nach-corona-zeiten-fuer-alle\/#article","isPartOf":{"@id":"https:\/\/gradido.net\/nl\/goldene-nach-corona-zeiten-fuer-alle\/"},"author":{"name":"Bernd H\u00fcckst\u00e4dt","@id":"https:\/\/gradido.net\/de\/#\/schema\/person\/9c503a004ad15a1ddecadce2218db5d1"},"headline":"Goldene Nach-Corona-Zeiten f\u00fcr Alle?","datePublished":"2021-02-11T09:33:09+00:00","dateModified":"2021-12-11T19:59:26+00:00","mainEntityOfPage":{"@id":"https:\/\/gradido.net\/nl\/goldene-nach-corona-zeiten-fuer-alle\/"},"wordCount":1575,"publisher":{"@id":"https:\/\/gradido.net\/de\/#organization"},"image":{"@id":"https:\/\/gradido.net\/nl\/goldene-nach-corona-zeiten-fuer-alle\/#primaryimage"},"thumbnailUrl":"https:\/\/gradido.net\/wp-content\/uploads\/2021\/02\/goldene_zeiten.jpg","articleSection":["Pressemitteilung"],"inLanguage":"fr-FR"},{"@type":"WebPage","@id":"https:\/\/gradido.net\/nl\/goldene-nach-corona-zeiten-fuer-alle\/","url":"https:\/\/gradido.net\/nl\/goldene-nach-corona-zeiten-fuer-alle\/","name":"L'\u00e2ge d'or de l'apr\u00e8s-Corona pour tous ? - Gradido","isPartOf":{"@id":"https:\/\/gradido.net\/de\/#website"},"primaryImageOfPage":{"@id":"https:\/\/gradido.net\/nl\/goldene-nach-corona-zeiten-fuer-alle\/#primaryimage"},"image":{"@id":"https:\/\/gradido.net\/nl\/goldene-nach-corona-zeiten-fuer-alle\/#primaryimage"},"thumbnailUrl":"https:\/\/gradido.net\/wp-content\/uploads\/2021\/02\/goldene_zeiten.jpg","datePublished":"2021-02-11T09:33:09+00:00","dateModified":"2021-12-11T19:59:26+00:00","breadcrumb":{"@id":"https:\/\/gradido.net\/nl\/goldene-nach-corona-zeiten-fuer-alle\/#breadcrumb"},"inLanguage":"fr-FR","potentialAction":[{"@type":"ReadAction","target":["https:\/\/gradido.net\/nl\/goldene-nach-corona-zeiten-fuer-alle\/"]}]},{"@type":"ImageObject","inLanguage":"fr-FR","@id":"https:\/\/gradido.net\/nl\/goldene-nach-corona-zeiten-fuer-alle\/#primaryimage","url":"https:\/\/gradido.net\/wp-content\/uploads\/2021\/02\/goldene_zeiten.jpg","contentUrl":"https:\/\/gradido.net\/wp-content\/uploads\/2021\/02\/goldene_zeiten.jpg","width":1458,"height":990},{"@type":"BreadcrumbList","@id":"https:\/\/gradido.net\/nl\/goldene-nach-corona-zeiten-fuer-alle\/#breadcrumb","itemListElement":[{"@type":"ListItem","position":1,"name":"Startseite","item":"https:\/\/gradido.net\/"},{"@type":"ListItem","position":2,"name":"Goldene Nach-Corona-Zeiten f\u00fcr Alle?"}]},{"@type":"WebSite","@id":"https:\/\/gradido.net\/de\/#website","url":"https:\/\/gradido.net\/de\/","name":"Gradido","description":"La nouvelle monnaie s'appelle la gratitude","publisher":{"@id":"https:\/\/gradido.net\/de\/#organization"},"potentialAction":[{"@type":"SearchAction","target":{"@type":"EntryPoint","urlTemplate":"https:\/\/gradido.net\/de\/?s={search_term_string}"},"query-input":{"@type":"PropertyValueSpecification","valueRequired":true,"valueName":"search_term_string"}}],"inLanguage":"fr-FR"},{"@type":"Organization","@id":"https:\/\/gradido.net\/de\/#organization","name":"Gradido","url":"https:\/\/gradido.net\/de\/","logo":{"@type":"ImageObject","inLanguage":"fr-FR","@id":"https:\/\/gradido.net\/de\/#\/schema\/logo\/image\/","url":"https:\/\/gradido.net\/wp-content\/uploads\/2022\/04\/gradido-social.jpg","contentUrl":"https:\/\/gradido.net\/wp-content\/uploads\/2022\/04\/gradido-social.jpg","width":527,"height":273,"caption":"Gradido"},"image":{"@id":"https:\/\/gradido.net\/de\/#\/schema\/logo\/image\/"}},{"@type":"Person","@id":"https:\/\/gradido.net\/de\/#\/schema\/person\/9c503a004ad15a1ddecadce2218db5d1","name":"Bernd H\u00fcckst\u00e4dt","sameAs":["https:\/\/gradido.net"],"url":"https:\/\/gradido.net\/fr\/author\/bernd\/"}]}},"_links":{"self":[{"href":"https:\/\/gradido.net\/fr\/wp-json\/wp\/v2\/posts\/1812","targetHints":{"allow":["GET"]}}],"collection":[{"href":"https:\/\/gradido.net\/fr\/wp-json\/wp\/v2\/posts"}],"about":[{"href":"https:\/\/gradido.net\/fr\/wp-json\/wp\/v2\/types\/post"}],"author":[{"embeddable":true,"href":"https:\/\/gradido.net\/fr\/wp-json\/wp\/v2\/users\/2"}],"replies":[{"embeddable":true,"href":"https:\/\/gradido.net\/fr\/wp-json\/wp\/v2\/comments?post=1812"}],"version-history":[{"count":12,"href":"https:\/\/gradido.net\/fr\/wp-json\/wp\/v2\/posts\/1812\/revisions"}],"predecessor-version":[{"id":3760,"href":"https:\/\/gradido.net\/fr\/wp-json\/wp\/v2\/posts\/1812\/revisions\/3760"}],"wp:featuredmedia":[{"embeddable":true,"href":"https:\/\/gradido.net\/fr\/wp-json\/wp\/v2\/media\/1815"}],"wp:attachment":[{"href":"https:\/\/gradido.net\/fr\/wp-json\/wp\/v2\/media?parent=1812"}],"wp:term":[{"taxonomy":"category","embeddable":true,"href":"https:\/\/gradido.net\/fr\/wp-json\/wp\/v2\/categories?post=1812"},{"taxonomy":"post_tag","embeddable":true,"href":"https:\/\/gradido.net\/fr\/wp-json\/wp\/v2\/tags?post=1812"}],"curies":[{"name":"wp","href":"https:\/\/api.w.org\/{rel}","templated":true}]}}