{"id":1885,"date":"2021-02-24T10:56:10","date_gmt":"2021-02-24T09:56:10","guid":{"rendered":"https:\/\/gradido.net\/?p=1885"},"modified":"2021-12-11T21:00:32","modified_gmt":"2021-12-11T20:00:32","slug":"gesellschaftliche-teilhabe-fuer-ein-gesundes-leben","status":"publish","type":"post","link":"https:\/\/gradido.net\/fr\/gesellschaftliche-teilhabe-fuer-ein-gesundes-leben\/","title":{"rendered":"La participation sociale pour une vie saine"},"content":{"rendered":"<div data-elementor-type=\"wp-post\" data-elementor-id=\"1885\" class=\"elementor elementor-1885\" data-elementor-post-type=\"post\">\n\t\t\t\t\t\t<section class=\"elementor-section elementor-top-section elementor-element elementor-element-496e1d53 elementor-section-boxed elementor-section-height-default elementor-section-height-default\" data-id=\"496e1d53\" data-element_type=\"section\" data-e-type=\"section\">\n\t\t\t\t\t\t<div class=\"elementor-container elementor-column-gap-default\">\n\t\t\t\t\t<div class=\"elementor-column elementor-col-100 elementor-top-column elementor-element elementor-element-461d7be0\" data-id=\"461d7be0\" data-element_type=\"column\" data-e-type=\"column\">\n\t\t\t<div class=\"elementor-widget-wrap elementor-element-populated\">\n\t\t\t\t\t\t<div class=\"elementor-element elementor-element-cd9ebe2 elementor-widget elementor-widget-text-editor\" data-id=\"cd9ebe2\" data-element_type=\"widget\" data-e-type=\"widget\" data-widget_type=\"text-editor.default\">\n\t\t\t\t<div class=\"elementor-widget-container\">\n\t\t\t\t\t\t\t\t\t<h2>La strat\u00e9gie Gradido apr\u00e8s le verrouillage<\/h2><p><strong>K\u00fcnzelsau, 24.02.2021 - La crise de la Corona, avec ses restrictions massives des contacts, fournit aux chercheurs de toutes les disciplines une base parfaite pour explorer les effets graves de l'isolement et de la solitude. Dans le m\u00eame temps, la situation actuelle fournit d'innombrables nouvelles preuves permettant de r\u00e9aliser que rien ne peut influencer la qualit\u00e9 et la dur\u00e9e de vie d'une personne de mani\u00e8re aussi positive que des contacts sociaux stables, l'appr\u00e9ciation et la participation \u00e0 la vie de la communaut\u00e9. Les chercheurs de l'Acad\u00e9mie Gradido pour la bionique \u00e9conomique estiment donc qu'il est urgent de r\u00e9former la coexistence future de mani\u00e8re \u00e0 permettre et \u00e0 promouvoir une vie communautaire bienveillante et dynamique. La participation inconditionnelle est l'une des pierres de touche de leur mod\u00e8le Gradido pour une vie saine et pleine de sens.<\/strong><\/p><h3>Les relations sociales sont la cl\u00e9 d'une longue vie heureuse<\/h3><p>L'une des \u00e9tudes \u00e0 long terme les plus connues sur la question de savoir quels sont les crit\u00e8res d\u00e9cisifs pour une vie longue et heureuse est men\u00e9e \u00e0 l'universit\u00e9 de Harvard aux \u00c9tats-Unis. Depuis 1938, la vie familiale et professionnelle ainsi que la sant\u00e9 et l'\u00e9tat psychologique des participants sont document\u00e9s pour l'\"\u00e9tude Grant\". Soixante des 724 hommes d'origine, qui ont \u00e9t\u00e9 recrut\u00e9s en nombre \u00e9gal parmi les \u00e9tudiants de premi\u00e8re ann\u00e9e de la c\u00e9l\u00e8bre universit\u00e9 de Harvard et dans des familles tr\u00e8s pauvres de Boston, sont encore disponibles aujourd'hui. Le r\u00e9sultat impressionnant de cette \u00e9tude longitudinale sur les facteurs d\u00e9cisifs pour le bonheur et la sant\u00e9 : \"Une des cl\u00e9s les plus importantes pour une vie longue et saine sont les relations sociales\".<\/p><h3>Les gens ont besoin d'\u00eatre ensemble<\/h3><p>Le pouvoir de gu\u00e9rison des bons contacts sociaux est \u00e9galement confirm\u00e9 par le psychoneuroimmunologue Joachim Bauer. \"L'appartenance sociale et les exp\u00e9riences activent les syst\u00e8mes de r\u00e9compense dans le cerveau et lib\u00e8rent les messagers de bien-\u00eatre que sont la dopamine et l'ocytocine. Nous avons le sentiment que les autres nous acceptent et nous accordent une attention bienveillante. Il r\u00e9duit l'anxi\u00e9t\u00e9 et soulage le stress\".<\/p><h3>Les personnes seules meurent plus t\u00f4t<\/h3><p>\"L'isolement social permanent est l'un des plus grands dangers pour notre sant\u00e9\", avertit la psychologue de la sant\u00e9, la professeure Sonia Lippke. Selon ses d\u00e9couvertes, les zones du cerveau qui sont \u00e9galement responsables de la douleur deviennent actives pendant un tel stress. En outre, il y a de l'insomnie, un syst\u00e8me immunitaire affaibli et une baisse des capacit\u00e9s cognitives, qui peuvent m\u00eame conduire \u00e0 la d\u00e9mence. Autres cons\u00e9quences d\u00e9vastatrices : \"Il y a un risque accru de d\u00e9velopper un cancer, de subir un accident vasculaire c\u00e9r\u00e9bral ou une crise cardiaque et m\u00eame, un d\u00e9c\u00e8s anticip\u00e9 d\u00fb aux diff\u00e9rentes maladies\".<\/p><h3>La solitude croissante est un effet secondaire n\u00e9gatif du confinement<\/h3><p>Marcus Mund, chercheur sur la solitude, confirme : \"Les chiffres sur la solitude ont augment\u00e9 pendant le confinement\", et sa coll\u00e8gue, Maike Luhmann, de l'universit\u00e9 de la Ruhr \u00e0 Bochum, met en garde : \"Fondamentalement, en tant que soci\u00e9t\u00e9, nous devrions avoir un int\u00e9r\u00eat g\u00e9n\u00e9ral \u00e0 veiller \u00e0 ce que les gens ne souffrent pas. Cela signifie que, ne serait-ce que pour des raisons humanitaires, nous devons essayer de combattre la solitude\".<\/p><h3>Des caisses de comm\u00e9rages, des logiciels d'attention, des familles \u00e0 louer et un minist\u00e8re pour lutter contre la solitude<\/h3><p>Des mesures cr\u00e9atives sont d\u00e9j\u00e0 install\u00e9es \u00e0 des niveaux tr\u00e8s diff\u00e9rents pour att\u00e9nuer les cons\u00e9quences fgraves de l'isolement social. Aux Pays-Bas, une cha\u00eene de supermarch\u00e9s a mis en place en 2019 des \"caisses de comm\u00e9rages\" : Aux \"Kletskassa\", l'accent est mis sur le comm\u00e9rage plut\u00f4t que sur l'encaissement rapide. Dans le domaine de l'intelligence artificielle, des robots programm\u00e9s pour apporter de l'attention ont \u00e9t\u00e9 d\u00e9velopp\u00e9s. Des portails en ligne proposent la location d'\"amis\" et la soci\u00e9t\u00e9 japonaise \"Hagemashi Tai\" permet de r\u00e9server des familles enti\u00e8res en tant que compagnie. Les Britanniques ont m\u00eame leur propre \"minist\u00e8re de la solitude\" depuis 2018.<\/p><h3>Une solution pour la soci\u00e9t\u00e9 dans son ensemble est n\u00e9cessaire<\/h3><p>Le psychanalyste belge et auteur de livres, le professeur Paul Verhaeghe, conseille de ne plus consid\u00e9rer le syst\u00e8me actuel comme sans alternative, mais plut\u00f4t de concevoir une soci\u00e9t\u00e9 bas\u00e9e sur les valeurs, dans laquelle les conditions d'affaires, de travail, d'\u00e9ducation et de vie sont moins ax\u00e9es sur le profit. Sinon, il voit le danger que les besoins profond\u00e9ment humains d'amour, d'appartenance et de proximit\u00e9 soient oubli\u00e9s.<\/p><h3>Le mod\u00e8le Gradido est bas\u00e9 sur les besoins humains les plus profonds<\/h3><p>Les chercheurs de l'Acad\u00e9mie Gradido pour la bionique \u00e9conomique consid\u00e8rent donc la lib\u00e9ration de la solitude comme l'un des principaux d\u00e9fis \u00e0 relever pour un mod\u00e8le social d'avenir. \"Nous avons longtemps identifi\u00e9 l'isolement, avec ses graves cons\u00e9quences psychologiques et physiques, comme l'un des pires maux de notre \u00e9poque\", souligne Bernd H\u00fcckst\u00e4dt, \u00e9conomiste bionique et cofondateur de l'institut de recherche ind\u00e9pendant. \"Sachant que la participation \u00e0 la vie de la communaut\u00e9 non seulement rend les gens plus sains, mais est aussi la cl\u00e9 d'une vie heureuse, nous avons d\u00e9velopp\u00e9 un mod\u00e8le qui permet aux personnes de tout \u00e2ge de jouer un r\u00f4le actif dans la soci\u00e9t\u00e9 tout au long de leur vie. Selon notre principe de \"participation inconditionnelle\", chacun peut r\u00e9ellement contribuer \u00e0 la communaut\u00e9 avec ses comp\u00e9tences et ses talents individuels. C'est le d\u00e9veloppement d'un potentiel pour tous. Avec la \"participation inconditionnelle\", nous donnons \u00e0 chaque individu la possibilit\u00e9 de d\u00e9velopper de nouveaux talents et d'am\u00e9liorer ses comp\u00e9tences, afin que chacun puisse prendre un plaisir toujours plus grand \u00e0 apporter sa contribution\".<\/p><p>La base financi\u00e8re de ces activit\u00e9s caritatives est constitu\u00e9e par le \"revenu de base actif\", qui est vers\u00e9 \u00e0 raison d'un montant maximum de 1 000 Gradido (GDD) par mois pour des contributions au bien commun. En outre, le concept de la monnaie du bien commun pr\u00e9voit que, par habitant, 1 000 Gradido (GDD) par mois pour le budget de l'\u00c9tat et 1 000 Gradido (GDD) pour un fonds pour la nature et l'environnement sont \u00e9galement cr\u00e9\u00e9s.<\/p><p>En suivant les mod\u00e8les de r\u00e9ussite de la nature vieux de plusieurs milliards d'ann\u00e9es, les chercheurs en bionique \u00e9conomique ont ainsi cr\u00e9\u00e9 un mod\u00e8le qui pourrait rendre possible un nouveau type de vie et de travail communautaire, dans lequel il n'y aurait pas de perdants. \"Gr\u00e2ce au nouveau genre de cr\u00e9ation d'argent sans dette et \u00e0 l'incitation \u00e0 contribuer activement \u00e0 la communaut\u00e9 pour sa propre s\u00e9curit\u00e9 de base par le biais du \"revenu de base actif\", nous pourrions retrouver un mode de vie qui fait de la soci\u00e9t\u00e9 de concurrence et de l'isolement social une chose du pass\u00e9 et offre ainsi la meilleure base pour une vie \u00e9panouie\", explique Margret Baier, propri\u00e9taire de l'Acad\u00e9mie Gradido. Baier et H\u00fcckst\u00e4dt estiment donc qu'il est urgent de transformer pacifiquement le syst\u00e8me \u00e9conomique et financier actuel, au profit d'une vie professionnelle et priv\u00e9e plus heureuse, plus saine et plus significative, et invitent toutes les personnes, entreprises et organisations qui affirment la vie \u00e0 se mettre en r\u00e9seau dans le cadre d'une \"Grande coop\u00e9ration\" avec l'Acad\u00e9mie Gradido.<\/p><p>Pour plus de d\u00e9tails sur la \"Grande coop\u00e9ration\", le \"mod\u00e8le Gradido\" et le podcast Gradido, voir <a href=\"https:\/\/gradido.net\/fr\/\">www.gradido.net<\/a><\/p><p><!-- \/wp:paragraph --><\/p>\t\t\t\t\t\t\t\t<\/div>\n\t\t\t\t<\/div>\n\t\t\t\t<div class=\"elementor-element elementor-element-e9ff241 elementor-widget elementor-widget-text-editor\" data-id=\"e9ff241\" data-element_type=\"widget\" data-e-type=\"widget\" data-widget_type=\"text-editor.default\">\n\t\t\t\t<div class=\"elementor-widget-container\">\n\t\t\t\t\t\t\t\t\t<p><strong>\u00c0 propos de l'Acad\u00e9mie Gradido<\/strong><br>L'Acad\u00e9mie de bionique \u00e9conomique Gradido a mis au point une \"monnaie du bien commun\" alternative bas\u00e9e sur les mod\u00e8les de la nature. La nature suit la r\u00e8gle selon laquelle ce n'est que lorsque quelque chose dispara\u00eet que quelque chose de nouveau peut \u00e9merger, et donc qu'une am\u00e9lioration (\u00e9volution) \u00e0 long terme est possible. La recette de son succ\u00e8s est le \"cycle de la vie\". Si notre \u00e9conomie suivait \u00e9galement ce cycle naturel, alors, selon l'\u00e9valuation des experts en bionique \u00e9conomique, pratiquement tous les probl\u00e8mes mon\u00e9taires du monde pourraient \u00eatre r\u00e9solus. Le mod\u00e8le Gradido est bas\u00e9 sur l'id\u00e9e que non seulement chaque personne, mais aussi chaque \u00c9tat, re\u00e7oit des revenus g\u00e9n\u00e9r\u00e9s sur la base d'avoirs. Les \u00c9tats peuvent ainsi remplir toutes leurs t\u00e2ches sans avoir \u00e0 percevoir d'imp\u00f4ts. La d\u00e9flation ou l'inflation font partie du pass\u00e9. L'\u00e9conomie est lib\u00e9r\u00e9e de la contrainte constante de cro\u00eetre, le danger d'effondrement du syst\u00e8me financier est enfin \u00e9cart\u00e9.<a href=\"https:\/\/gradido.net\/fr\/\">www.gradido.net<\/a>)<\/p>\t\t\t\t\t\t\t\t<\/div>\n\t\t\t\t<\/div>\n\t\t\t\t\t<\/div>\n\t\t<\/div>\n\t\t\t\t\t<\/div>\n\t\t<\/section>\n\t\t\t\t<\/div>","protected":false},"excerpt":{"rendered":"<p>Gradido-Strategie nach dem Lockdown K\u00fcnzelsau, 24.02.2021 \u2013 Die Corona-Krise mit ihren massiven Kontaktbeschr\u00e4nkungen bietet Forschern aller Disziplinen die perfekte Grundlage, um die fatalen Auswirkungen von Isolation und Vereinsamung zu erforschen. Zugleich liefert die aktuelle Situation zahllose neue Belege f\u00fcr die Erkenntnis, dass nichts die Lebensqualit\u00e4t und Lebensdauer eines Menschen so positiv beeinflussen kann wie stabile [&hellip;]<\/p>\n","protected":false},"author":2,"featured_media":1884,"comment_status":"closed","ping_status":"closed","sticky":false,"template":"","format":"standard","meta":{"footnotes":""},"categories":[8],"tags":[],"class_list":["post-1885","post","type-post","status-publish","format-standard","has-post-thumbnail","hentry","category-pressemitteilung"],"yoast_head":"<!-- This site is optimized with the Yoast SEO plugin v27.5 - https:\/\/yoast.com\/product\/yoast-seo-wordpress\/ -->\n<title>Gesellschaftliche Teilhabe f\u00fcr ein gesundes Leben - Gradido<\/title>\n<meta name=\"robots\" content=\"index, follow, max-snippet:-1, max-image-preview:large, max-video-preview:-1\" \/>\n<link rel=\"canonical\" href=\"https:\/\/gradido.net\/fr\/gesellschaftliche-teilhabe-fuer-ein-gesundes-leben\/\" \/>\n<meta property=\"og:locale\" content=\"fr_FR\" \/>\n<meta property=\"og:type\" content=\"article\" \/>\n<meta property=\"og:title\" content=\"Gesellschaftliche Teilhabe f\u00fcr ein gesundes Leben - Gradido\" \/>\n<meta property=\"og:description\" content=\"Gradido-Strategie nach dem Lockdown K\u00fcnzelsau, 24.02.2021 \u2013 Die Corona-Krise mit ihren massiven Kontaktbeschr\u00e4nkungen bietet Forschern aller Disziplinen die perfekte Grundlage, um die fatalen Auswirkungen von Isolation und Vereinsamung zu erforschen. Zugleich liefert die aktuelle Situation zahllose neue Belege f\u00fcr die Erkenntnis, dass nichts die Lebensqualit\u00e4t und Lebensdauer eines Menschen so positiv beeinflussen kann wie stabile [&hellip;]\" \/>\n<meta property=\"og:url\" content=\"https:\/\/gradido.net\/fr\/gesellschaftliche-teilhabe-fuer-ein-gesundes-leben\/\" \/>\n<meta property=\"og:site_name\" content=\"Gradido\" \/>\n<meta property=\"article:published_time\" content=\"2021-02-24T09:56:10+00:00\" \/>\n<meta property=\"article:modified_time\" content=\"2021-12-11T20:00:32+00:00\" \/>\n<meta property=\"og:image\" content=\"https:\/\/gradido.net\/wp-content\/uploads\/2021\/02\/gesellschaftliche_teilhabe-scaled.jpg\" \/>\n\t<meta property=\"og:image:width\" content=\"2560\" \/>\n\t<meta property=\"og:image:height\" content=\"1737\" \/>\n\t<meta property=\"og:image:type\" content=\"image\/jpeg\" \/>\n<meta name=\"author\" content=\"Bernd H\u00fcckst\u00e4dt\" \/>\n<meta name=\"twitter:card\" content=\"summary_large_image\" \/>\n<meta name=\"twitter:label1\" content=\"\u00c9crit par\" \/>\n\t<meta name=\"twitter:data1\" content=\"Bernd H\u00fcckst\u00e4dt\" \/>\n\t<meta name=\"twitter:label2\" content=\"Dur\u00e9e de lecture estim\u00e9e\" \/>\n\t<meta name=\"twitter:data2\" content=\"6 minutes\" \/>\n<script type=\"application\/ld+json\" class=\"yoast-schema-graph\">{\"@context\":\"https:\\\/\\\/schema.org\",\"@graph\":[{\"@type\":\"Article\",\"@id\":\"https:\\\/\\\/gradido.net\\\/en\\\/gesellschaftliche-teilhabe-fuer-ein-gesundes-leben\\\/#article\",\"isPartOf\":{\"@id\":\"https:\\\/\\\/gradido.net\\\/en\\\/gesellschaftliche-teilhabe-fuer-ein-gesundes-leben\\\/\"},\"author\":{\"name\":\"Bernd H\u00fcckst\u00e4dt\",\"@id\":\"https:\\\/\\\/gradido.net\\\/de\\\/#\\\/schema\\\/person\\\/9c503a004ad15a1ddecadce2218db5d1\"},\"headline\":\"Gesellschaftliche Teilhabe f\u00fcr ein gesundes Leben\",\"datePublished\":\"2021-02-24T09:56:10+00:00\",\"dateModified\":\"2021-12-11T20:00:32+00:00\",\"mainEntityOfPage\":{\"@id\":\"https:\\\/\\\/gradido.net\\\/en\\\/gesellschaftliche-teilhabe-fuer-ein-gesundes-leben\\\/\"},\"wordCount\":1152,\"publisher\":{\"@id\":\"https:\\\/\\\/gradido.net\\\/de\\\/#organization\"},\"image\":{\"@id\":\"https:\\\/\\\/gradido.net\\\/en\\\/gesellschaftliche-teilhabe-fuer-ein-gesundes-leben\\\/#primaryimage\"},\"thumbnailUrl\":\"https:\\\/\\\/gradido.net\\\/wp-content\\\/uploads\\\/2021\\\/02\\\/gesellschaftliche_teilhabe-scaled.jpg\",\"articleSection\":[\"Pressemitteilung\"],\"inLanguage\":\"fr-FR\"},{\"@type\":\"WebPage\",\"@id\":\"https:\\\/\\\/gradido.net\\\/en\\\/gesellschaftliche-teilhabe-fuer-ein-gesundes-leben\\\/\",\"url\":\"https:\\\/\\\/gradido.net\\\/en\\\/gesellschaftliche-teilhabe-fuer-ein-gesundes-leben\\\/\",\"name\":\"Gesellschaftliche Teilhabe f\u00fcr ein gesundes Leben - Gradido\",\"isPartOf\":{\"@id\":\"https:\\\/\\\/gradido.net\\\/de\\\/#website\"},\"primaryImageOfPage\":{\"@id\":\"https:\\\/\\\/gradido.net\\\/en\\\/gesellschaftliche-teilhabe-fuer-ein-gesundes-leben\\\/#primaryimage\"},\"image\":{\"@id\":\"https:\\\/\\\/gradido.net\\\/en\\\/gesellschaftliche-teilhabe-fuer-ein-gesundes-leben\\\/#primaryimage\"},\"thumbnailUrl\":\"https:\\\/\\\/gradido.net\\\/wp-content\\\/uploads\\\/2021\\\/02\\\/gesellschaftliche_teilhabe-scaled.jpg\",\"datePublished\":\"2021-02-24T09:56:10+00:00\",\"dateModified\":\"2021-12-11T20:00:32+00:00\",\"breadcrumb\":{\"@id\":\"https:\\\/\\\/gradido.net\\\/en\\\/gesellschaftliche-teilhabe-fuer-ein-gesundes-leben\\\/#breadcrumb\"},\"inLanguage\":\"fr-FR\",\"potentialAction\":[{\"@type\":\"ReadAction\",\"target\":[\"https:\\\/\\\/gradido.net\\\/en\\\/gesellschaftliche-teilhabe-fuer-ein-gesundes-leben\\\/\"]}]},{\"@type\":\"ImageObject\",\"inLanguage\":\"fr-FR\",\"@id\":\"https:\\\/\\\/gradido.net\\\/en\\\/gesellschaftliche-teilhabe-fuer-ein-gesundes-leben\\\/#primaryimage\",\"url\":\"https:\\\/\\\/gradido.net\\\/wp-content\\\/uploads\\\/2021\\\/02\\\/gesellschaftliche_teilhabe-scaled.jpg\",\"contentUrl\":\"https:\\\/\\\/gradido.net\\\/wp-content\\\/uploads\\\/2021\\\/02\\\/gesellschaftliche_teilhabe-scaled.jpg\",\"width\":2560,\"height\":1737},{\"@type\":\"BreadcrumbList\",\"@id\":\"https:\\\/\\\/gradido.net\\\/en\\\/gesellschaftliche-teilhabe-fuer-ein-gesundes-leben\\\/#breadcrumb\",\"itemListElement\":[{\"@type\":\"ListItem\",\"position\":1,\"name\":\"Startseite\",\"item\":\"https:\\\/\\\/gradido.net\\\/\"},{\"@type\":\"ListItem\",\"position\":2,\"name\":\"Gesellschaftliche Teilhabe f\u00fcr ein gesundes Leben\"}]},{\"@type\":\"WebSite\",\"@id\":\"https:\\\/\\\/gradido.net\\\/de\\\/#website\",\"url\":\"https:\\\/\\\/gradido.net\\\/de\\\/\",\"name\":\"Gradido\",\"description\":\"Die neue W\u00e4hrung hei\u00dft Dankbarkeit\",\"publisher\":{\"@id\":\"https:\\\/\\\/gradido.net\\\/de\\\/#organization\"},\"potentialAction\":[{\"@type\":\"SearchAction\",\"target\":{\"@type\":\"EntryPoint\",\"urlTemplate\":\"https:\\\/\\\/gradido.net\\\/de\\\/?s={search_term_string}\"},\"query-input\":{\"@type\":\"PropertyValueSpecification\",\"valueRequired\":true,\"valueName\":\"search_term_string\"}}],\"inLanguage\":\"fr-FR\"},{\"@type\":\"Organization\",\"@id\":\"https:\\\/\\\/gradido.net\\\/de\\\/#organization\",\"name\":\"Gradido\",\"url\":\"https:\\\/\\\/gradido.net\\\/de\\\/\",\"logo\":{\"@type\":\"ImageObject\",\"inLanguage\":\"fr-FR\",\"@id\":\"https:\\\/\\\/gradido.net\\\/de\\\/#\\\/schema\\\/logo\\\/image\\\/\",\"url\":\"https:\\\/\\\/gradido.net\\\/wp-content\\\/uploads\\\/2022\\\/04\\\/gradido-social.jpg\",\"contentUrl\":\"https:\\\/\\\/gradido.net\\\/wp-content\\\/uploads\\\/2022\\\/04\\\/gradido-social.jpg\",\"width\":527,\"height\":273,\"caption\":\"Gradido\"},\"image\":{\"@id\":\"https:\\\/\\\/gradido.net\\\/de\\\/#\\\/schema\\\/logo\\\/image\\\/\"}},{\"@type\":\"Person\",\"@id\":\"https:\\\/\\\/gradido.net\\\/de\\\/#\\\/schema\\\/person\\\/9c503a004ad15a1ddecadce2218db5d1\",\"name\":\"Bernd H\u00fcckst\u00e4dt\",\"sameAs\":[\"https:\\\/\\\/gradido.net\"],\"url\":\"https:\\\/\\\/gradido.net\\\/fr\\\/author\\\/bernd\\\/\"}]}<\/script>\n<!-- \/ Yoast SEO plugin. -->","yoast_head_json":{"title":"Participation sociale pour une vie saine - Gradido","robots":{"index":"index","follow":"follow","max-snippet":"max-snippet:-1","max-image-preview":"max-image-preview:large","max-video-preview":"max-video-preview:-1"},"canonical":"https:\/\/gradido.net\/fr\/gesellschaftliche-teilhabe-fuer-ein-gesundes-leben\/","og_locale":"fr_FR","og_type":"article","og_title":"Gesellschaftliche Teilhabe f\u00fcr ein gesundes Leben - Gradido","og_description":"Gradido-Strategie nach dem Lockdown K\u00fcnzelsau, 24.02.2021 \u2013 Die Corona-Krise mit ihren massiven Kontaktbeschr\u00e4nkungen bietet Forschern aller Disziplinen die perfekte Grundlage, um die fatalen Auswirkungen von Isolation und Vereinsamung zu erforschen. Zugleich liefert die aktuelle Situation zahllose neue Belege f\u00fcr die Erkenntnis, dass nichts die Lebensqualit\u00e4t und Lebensdauer eines Menschen so positiv beeinflussen kann wie stabile [&hellip;]","og_url":"https:\/\/gradido.net\/fr\/gesellschaftliche-teilhabe-fuer-ein-gesundes-leben\/","og_site_name":"Gradido","article_published_time":"2021-02-24T09:56:10+00:00","article_modified_time":"2021-12-11T20:00:32+00:00","og_image":[{"width":2560,"height":1737,"url":"https:\/\/gradido.net\/wp-content\/uploads\/2021\/02\/gesellschaftliche_teilhabe-scaled.jpg","type":"image\/jpeg"}],"author":"Bernd H\u00fcckst\u00e4dt","twitter_card":"summary_large_image","twitter_misc":{"\u00c9crit par":"Bernd H\u00fcckst\u00e4dt","Dur\u00e9e de lecture estim\u00e9e":"6 minutes"},"schema":{"@context":"https:\/\/schema.org","@graph":[{"@type":"Article","@id":"https:\/\/gradido.net\/en\/gesellschaftliche-teilhabe-fuer-ein-gesundes-leben\/#article","isPartOf":{"@id":"https:\/\/gradido.net\/en\/gesellschaftliche-teilhabe-fuer-ein-gesundes-leben\/"},"author":{"name":"Bernd H\u00fcckst\u00e4dt","@id":"https:\/\/gradido.net\/de\/#\/schema\/person\/9c503a004ad15a1ddecadce2218db5d1"},"headline":"Gesellschaftliche Teilhabe f\u00fcr ein gesundes Leben","datePublished":"2021-02-24T09:56:10+00:00","dateModified":"2021-12-11T20:00:32+00:00","mainEntityOfPage":{"@id":"https:\/\/gradido.net\/en\/gesellschaftliche-teilhabe-fuer-ein-gesundes-leben\/"},"wordCount":1152,"publisher":{"@id":"https:\/\/gradido.net\/de\/#organization"},"image":{"@id":"https:\/\/gradido.net\/en\/gesellschaftliche-teilhabe-fuer-ein-gesundes-leben\/#primaryimage"},"thumbnailUrl":"https:\/\/gradido.net\/wp-content\/uploads\/2021\/02\/gesellschaftliche_teilhabe-scaled.jpg","articleSection":["Pressemitteilung"],"inLanguage":"fr-FR"},{"@type":"WebPage","@id":"https:\/\/gradido.net\/en\/gesellschaftliche-teilhabe-fuer-ein-gesundes-leben\/","url":"https:\/\/gradido.net\/en\/gesellschaftliche-teilhabe-fuer-ein-gesundes-leben\/","name":"Participation sociale pour une vie saine - Gradido","isPartOf":{"@id":"https:\/\/gradido.net\/de\/#website"},"primaryImageOfPage":{"@id":"https:\/\/gradido.net\/en\/gesellschaftliche-teilhabe-fuer-ein-gesundes-leben\/#primaryimage"},"image":{"@id":"https:\/\/gradido.net\/en\/gesellschaftliche-teilhabe-fuer-ein-gesundes-leben\/#primaryimage"},"thumbnailUrl":"https:\/\/gradido.net\/wp-content\/uploads\/2021\/02\/gesellschaftliche_teilhabe-scaled.jpg","datePublished":"2021-02-24T09:56:10+00:00","dateModified":"2021-12-11T20:00:32+00:00","breadcrumb":{"@id":"https:\/\/gradido.net\/en\/gesellschaftliche-teilhabe-fuer-ein-gesundes-leben\/#breadcrumb"},"inLanguage":"fr-FR","potentialAction":[{"@type":"ReadAction","target":["https:\/\/gradido.net\/en\/gesellschaftliche-teilhabe-fuer-ein-gesundes-leben\/"]}]},{"@type":"ImageObject","inLanguage":"fr-FR","@id":"https:\/\/gradido.net\/en\/gesellschaftliche-teilhabe-fuer-ein-gesundes-leben\/#primaryimage","url":"https:\/\/gradido.net\/wp-content\/uploads\/2021\/02\/gesellschaftliche_teilhabe-scaled.jpg","contentUrl":"https:\/\/gradido.net\/wp-content\/uploads\/2021\/02\/gesellschaftliche_teilhabe-scaled.jpg","width":2560,"height":1737},{"@type":"BreadcrumbList","@id":"https:\/\/gradido.net\/en\/gesellschaftliche-teilhabe-fuer-ein-gesundes-leben\/#breadcrumb","itemListElement":[{"@type":"ListItem","position":1,"name":"Startseite","item":"https:\/\/gradido.net\/"},{"@type":"ListItem","position":2,"name":"Gesellschaftliche Teilhabe f\u00fcr ein gesundes Leben"}]},{"@type":"WebSite","@id":"https:\/\/gradido.net\/de\/#website","url":"https:\/\/gradido.net\/de\/","name":"Gradido","description":"La nouvelle monnaie s'appelle la gratitude","publisher":{"@id":"https:\/\/gradido.net\/de\/#organization"},"potentialAction":[{"@type":"SearchAction","target":{"@type":"EntryPoint","urlTemplate":"https:\/\/gradido.net\/de\/?s={search_term_string}"},"query-input":{"@type":"PropertyValueSpecification","valueRequired":true,"valueName":"search_term_string"}}],"inLanguage":"fr-FR"},{"@type":"Organization","@id":"https:\/\/gradido.net\/de\/#organization","name":"Gradido","url":"https:\/\/gradido.net\/de\/","logo":{"@type":"ImageObject","inLanguage":"fr-FR","@id":"https:\/\/gradido.net\/de\/#\/schema\/logo\/image\/","url":"https:\/\/gradido.net\/wp-content\/uploads\/2022\/04\/gradido-social.jpg","contentUrl":"https:\/\/gradido.net\/wp-content\/uploads\/2022\/04\/gradido-social.jpg","width":527,"height":273,"caption":"Gradido"},"image":{"@id":"https:\/\/gradido.net\/de\/#\/schema\/logo\/image\/"}},{"@type":"Person","@id":"https:\/\/gradido.net\/de\/#\/schema\/person\/9c503a004ad15a1ddecadce2218db5d1","name":"Bernd H\u00fcckst\u00e4dt","sameAs":["https:\/\/gradido.net"],"url":"https:\/\/gradido.net\/fr\/author\/bernd\/"}]}},"_links":{"self":[{"href":"https:\/\/gradido.net\/fr\/wp-json\/wp\/v2\/posts\/1885","targetHints":{"allow":["GET"]}}],"collection":[{"href":"https:\/\/gradido.net\/fr\/wp-json\/wp\/v2\/posts"}],"about":[{"href":"https:\/\/gradido.net\/fr\/wp-json\/wp\/v2\/types\/post"}],"author":[{"embeddable":true,"href":"https:\/\/gradido.net\/fr\/wp-json\/wp\/v2\/users\/2"}],"replies":[{"embeddable":true,"href":"https:\/\/gradido.net\/fr\/wp-json\/wp\/v2\/comments?post=1885"}],"version-history":[{"count":11,"href":"https:\/\/gradido.net\/fr\/wp-json\/wp\/v2\/posts\/1885\/revisions"}],"predecessor-version":[{"id":3763,"href":"https:\/\/gradido.net\/fr\/wp-json\/wp\/v2\/posts\/1885\/revisions\/3763"}],"wp:featuredmedia":[{"embeddable":true,"href":"https:\/\/gradido.net\/fr\/wp-json\/wp\/v2\/media\/1884"}],"wp:attachment":[{"href":"https:\/\/gradido.net\/fr\/wp-json\/wp\/v2\/media?parent=1885"}],"wp:term":[{"taxonomy":"category","embeddable":true,"href":"https:\/\/gradido.net\/fr\/wp-json\/wp\/v2\/categories?post=1885"},{"taxonomy":"post_tag","embeddable":true,"href":"https:\/\/gradido.net\/fr\/wp-json\/wp\/v2\/tags?post=1885"}],"curies":[{"name":"wp","href":"https:\/\/api.w.org\/{rel}","templated":true}]}}