{"id":1910,"date":"2021-03-05T14:58:17","date_gmt":"2021-03-05T13:58:17","guid":{"rendered":"https:\/\/gradido.net\/?p=1910"},"modified":"2022-04-03T20:09:59","modified_gmt":"2022-04-03T18:09:59","slug":"episode-10","status":"publish","type":"post","link":"https:\/\/gradido.net\/fr\/episode-10\/","title":{"rendered":"Wood Wide Web : Une grande coop\u00e9ration dans la nature"},"content":{"rendered":"<div data-elementor-type=\"wp-post\" data-elementor-id=\"1910\" class=\"elementor elementor-1910\" data-elementor-post-type=\"post\">\n\t\t\t\t\t\t<section class=\"elementor-section elementor-top-section elementor-element elementor-element-496e1d53 elementor-section-boxed elementor-section-height-default elementor-section-height-default\" data-id=\"496e1d53\" data-element_type=\"section\" data-e-type=\"section\">\n\t\t\t\t\t\t<div class=\"elementor-container elementor-column-gap-default\">\n\t\t\t\t\t<div class=\"elementor-column elementor-col-100 elementor-top-column elementor-element elementor-element-461d7be0\" data-id=\"461d7be0\" data-element_type=\"column\" data-e-type=\"column\">\n\t\t\t<div class=\"elementor-widget-wrap elementor-element-populated\">\n\t\t\t\t\t\t<div class=\"elementor-element elementor-element-cd9ebe2 elementor-widget elementor-widget-text-editor\" data-id=\"cd9ebe2\" data-element_type=\"widget\" data-e-type=\"widget\" data-widget_type=\"text-editor.default\">\n\t\t\t\t<div class=\"elementor-widget-container\">\n\t\t\t\t\t\t\t\t\t<h2>Invit\u00e9 : Dr. Rita et Frank L\u00fcder<\/h2>\t\t\t\t\t\t\t\t<\/div>\n\t\t\t\t<\/div>\n\t\t\t\t\t<\/div>\n\t\t<\/div>\n\t\t\t\t\t<\/div>\n\t\t<\/section>\n\t\t\t\t<section class=\"elementor-section elementor-top-section elementor-element elementor-element-2f93e3c3 elementor-section-boxed elementor-section-height-default elementor-section-height-default\" data-id=\"2f93e3c3\" data-element_type=\"section\" data-e-type=\"section\">\n\t\t\t\t\t\t<div class=\"elementor-container elementor-column-gap-default\">\n\t\t\t\t\t<div class=\"elementor-column elementor-col-100 elementor-top-column elementor-element elementor-element-5a9dfd19\" data-id=\"5a9dfd19\" data-element_type=\"column\" data-e-type=\"column\">\n\t\t\t<div class=\"elementor-widget-wrap elementor-element-populated\">\n\t\t\t\t\t\t<div class=\"elementor-element elementor-element-9cdb6b8 elementor-widget elementor-widget-html\" data-id=\"9cdb6b8\" data-element_type=\"widget\" data-e-type=\"widget\" data-widget_type=\"html.default\">\n\t\t\t\t<div class=\"elementor-widget-container\">\n\t\t\t\t\t<script class=\"podigee-podcast-player\" src=\"https:\/\/player.podigee-cdn.net\/podcast-player\/javascripts\/podigee-podcast-player.js\" data-configuration=\"https:\/\/gradido.podigee.io\/10-neue-episode\/embed?context=external\"><\/script>\t\t\t\t<\/div>\n\t\t\t\t<\/div>\n\t\t\t\t\t<\/div>\n\t\t<\/div>\n\t\t\t\t\t<\/div>\n\t\t<\/section>\n\t\t\t\t<section class=\"elementor-section elementor-top-section elementor-element elementor-element-585c640 elementor-section-boxed elementor-section-height-default elementor-section-height-default\" data-id=\"585c640\" data-element_type=\"section\" data-e-type=\"section\">\n\t\t\t\t\t\t<div class=\"elementor-container elementor-column-gap-default\">\n\t\t\t\t\t<div class=\"elementor-column elementor-col-50 elementor-top-column elementor-element elementor-element-13c250b\" data-id=\"13c250b\" data-element_type=\"column\" data-e-type=\"column\">\n\t\t\t<div class=\"elementor-widget-wrap elementor-element-populated\">\n\t\t\t\t\t\t<div class=\"elementor-element elementor-element-0561949 elementor-widget elementor-widget-text-editor\" data-id=\"0561949\" data-element_type=\"widget\" data-e-type=\"widget\" data-widget_type=\"text-editor.default\">\n\t\t\t\t<div class=\"elementor-widget-container\">\n\t\t\t\t\t\t\t\t\t<p>Rita L\u00fcder a \u00e9tudi\u00e9 la biologie et travaille depuis plusieurs ann\u00e9es de mani\u00e8re ind\u00e9pendante en tant qu'illustratrice, auteur et conf\u00e9renci\u00e8re. Depuis 2012, Rita et son mari Frank s'impliquent activement dans la Soci\u00e9t\u00e9 allemande de mycologie, dont Rita est d\u00e9sormais vice-pr\u00e9sidente. Ils y ont \u00e9galement cr\u00e9\u00e9, entre autres, la formation MushroomCoach.<\/p><p>Dans cet \u00e9pisode, nous parlons<\/p><ul><li>via le Wood Wide Web - pourquoi la Grande Coop\u00e9ration est d\u00e9finitivement pr\u00e9f\u00e9rable \u00e0 la Grande R\u00e9initialisation.<\/li><li>comment la nature a longtemps servi de mod\u00e8le \u00e0 l'homme - et c'est pourquoi, avec la bionique, une branche enti\u00e8re de la science est apparue qui s'inspire de la nature comme mod\u00e8le de progr\u00e8s,<\/li><li>comment la d\u00e9mocratie fonctionne chez les abeilles pour choisir l'habitat optimal pour la colonie.<\/li><\/ul><p>Dans la nature, un beau message devient clair : <br \/>Tout est connect\u00e9 et les choses fonctionnent mieux ensemble. La for\u00eat est un exemple de collectivit\u00e9 dans laquelle d'innombrables cr\u00e9atures vivent en r\u00e9seau depuis des millions d'ann\u00e9es, s'entraident et se d\u00e9veloppent ensemble au cours de l'\u00e9volution.<\/p><p>Pourquoi ne pas vivre en r\u00e9seau comme des humains et s'inspirer et s'enrichir mutuellement dans une \"\u00e9conomie naturelle de la vie\" ?<\/p><p>A gauche :<br \/><a href=\"http:\/\/www.kreativpinsel.de\/\" target=\"_blank\" rel=\"noopener\">http:\/\/www.kreativpinsel.de\/<\/a><br \/><a href=\"https:\/\/www.dgfm-ev.de\/\" target=\"_blank\" rel=\"noopener\">https:\/\/www.dgfm-ev.de\/<\/a><br \/><a href=\"https:\/\/www.amazon.de\/Bienendemokratie-Bienen-kollektiv-entscheiden-lernen-dp-3100751388\/dp\/3100751388\/ref=dp_ob_title_bk\" target=\"_blank\" rel=\"noopener\">D\u00e9mocratie des abeilles\u00a0<\/a><br \/><a href=\"http:\/\/www.kreativpinsel.de\/entdecker-des-mikrokosmos.html\" target=\"_blank\" rel=\"noopener\">D\u00e9couvreur du microcosme<\/a><\/p><p><strong>Une interview int\u00e9ressante en podcast :<\/strong><\/p><p><a href=\"https:\/\/www.kreativpinsel.de\/post\/die-welt-zu-f\u00fc\u00dfen-interview-bei-kraut-im-ohr-31-m\u00e4rz-2022\" target=\"_blank\" rel=\"noopener\">Le monde \u00e0 nos pieds\" : interview chez \"Kraut im Ohr\" - 1er avril 2022<\/a><\/p><p>\u00a0<\/p>\t\t\t\t\t\t\t\t<\/div>\n\t\t\t\t<\/div>\n\t\t\t\t\t<\/div>\n\t\t<\/div>\n\t\t\t\t<div class=\"elementor-column elementor-col-50 elementor-top-column elementor-element elementor-element-e0d795e\" data-id=\"e0d795e\" data-element_type=\"column\" data-e-type=\"column\">\n\t\t\t<div class=\"elementor-widget-wrap elementor-element-populated\">\n\t\t\t\t\t\t<div class=\"elementor-element elementor-element-8c61bad elementor-widget elementor-widget-image\" data-id=\"8c61bad\" data-element_type=\"widget\" data-e-type=\"widget\" data-widget_type=\"image.default\">\n\t\t\t\t<div class=\"elementor-widget-container\">\n\t\t\t\t\t\t\t\t\t\t\t\t\t\t\t<img fetchpriority=\"high\" decoding=\"async\" width=\"800\" height=\"800\" src=\"https:\/\/gradido.net\/wp-content\/uploads\/2021\/06\/gradido_podcast_lueder-1024x1024.jpg\" class=\"attachment-large size-large wp-image-2661\" alt=\"\" srcset=\"https:\/\/gradido.net\/wp-content\/uploads\/2021\/06\/gradido_podcast_lueder-1024x1024.jpg 1024w, https:\/\/gradido.net\/wp-content\/uploads\/2021\/06\/gradido_podcast_lueder-300x300.jpg 300w, https:\/\/gradido.net\/wp-content\/uploads\/2021\/06\/gradido_podcast_lueder-150x150.jpg 150w, https:\/\/gradido.net\/wp-content\/uploads\/2021\/06\/gradido_podcast_lueder-768x768.jpg 768w, https:\/\/gradido.net\/wp-content\/uploads\/2021\/06\/gradido_podcast_lueder-12x12.jpg 12w, https:\/\/gradido.net\/wp-content\/uploads\/2021\/06\/gradido_podcast_lueder.jpg 1400w\" sizes=\"(max-width: 800px) 100vw, 800px\" \/>\t\t\t\t\t\t\t\t\t\t\t\t\t\t\t<\/div>\n\t\t\t\t<\/div>\n\t\t\t\t<div class=\"elementor-element elementor-element-ceab137 elementor-widget elementor-widget-text-editor\" data-id=\"ceab137\" data-element_type=\"widget\" data-e-type=\"widget\" data-widget_type=\"text-editor.default\">\n\t\t\t\t<div class=\"elementor-widget-container\">\n\t\t\t\t\t\t\t\t\t<p><a href=\"https:\/\/youtu.be\/FF7ha5FXHC0\" target=\"_blank\" rel=\"noopener\" data-wplink-edit=\"true\">\u00c9couter sur YouTube<\/a><\/p>\t\t\t\t\t\t\t\t<\/div>\n\t\t\t\t<\/div>\n\t\t\t\t\t<\/div>\n\t\t<\/div>\n\t\t\t\t\t<\/div>\n\t\t<\/section>\n\t\t\t\t<section class=\"elementor-section elementor-top-section elementor-element elementor-element-d051609 elementor-section-boxed elementor-section-height-default elementor-section-height-default\" data-id=\"d051609\" data-element_type=\"section\" data-e-type=\"section\">\n\t\t\t\t\t\t<div class=\"elementor-container elementor-column-gap-default\">\n\t\t\t\t\t<div class=\"elementor-column elementor-col-100 elementor-top-column elementor-element elementor-element-13cc168\" data-id=\"13cc168\" data-element_type=\"column\" data-e-type=\"column\">\n\t\t\t<div class=\"elementor-widget-wrap elementor-element-populated\">\n\t\t\t\t\t\t<div class=\"elementor-element elementor-element-b43b3ee elementor-widget elementor-widget-heading\" data-id=\"b43b3ee\" data-element_type=\"widget\" data-e-type=\"widget\" data-widget_type=\"heading.default\">\n\t\t\t\t<div class=\"elementor-widget-container\">\n\t\t\t\t\t<h2 class=\"elementor-heading-title elementor-size-default\">Transcription (traduction automatique)<\/h2>\t\t\t\t<\/div>\n\t\t\t\t<\/div>\n\t\t\t\t\t<\/div>\n\t\t<\/div>\n\t\t\t\t\t<\/div>\n\t\t<\/section>\n\t\t\t\t<section class=\"elementor-section elementor-top-section elementor-element elementor-element-474427c elementor-section-boxed elementor-section-height-default elementor-section-height-default\" data-id=\"474427c\" data-element_type=\"section\" data-e-type=\"section\">\n\t\t\t\t\t\t<div class=\"elementor-container elementor-column-gap-default\">\n\t\t\t\t\t<div class=\"elementor-column elementor-col-100 elementor-top-column elementor-element elementor-element-6041f12\" data-id=\"6041f12\" data-element_type=\"column\" data-e-type=\"column\">\n\t\t\t<div class=\"elementor-widget-wrap elementor-element-populated\">\n\t\t\t\t\t\t\t<\/div>\n\t\t<\/div>\n\t\t\t\t\t<\/div>\n\t\t<\/section>\n\t\t\t\t<\/div>","protected":false},"excerpt":{"rendered":"<p>Zu Gast: Dr. Rita und Frank L\u00fcder \u2013 Natur als Vorbild: Wood Wide Web und Bienendemokratie  \u2013 Warum die Great Cooperation dem Great Reset unbedingt vorzuziehen ist. [49:56]<\/p>\n","protected":false},"author":2,"featured_media":1895,"comment_status":"closed","ping_status":"closed","sticky":false,"template":"","format":"standard","meta":{"footnotes":""},"categories":[19],"tags":[16],"class_list":["post-1910","post","type-post","status-publish","format-standard","has-post-thumbnail","hentry","category-podcast","tag-grundeinkommen"],"yoast_head":"<!-- This site is optimized with the Yoast SEO plugin v27.5 - https:\/\/yoast.com\/product\/yoast-seo-wordpress\/ -->\n<title>Wood Wide Web: Gro\u00dfe Kooperation in der Natur - Gradido<\/title>\n<meta name=\"robots\" content=\"index, follow, max-snippet:-1, max-image-preview:large, max-video-preview:-1\" \/>\n<link rel=\"canonical\" href=\"https:\/\/gradido.net\/fr\/episode-10\/\" \/>\n<meta property=\"og:locale\" content=\"fr_FR\" \/>\n<meta property=\"og:type\" content=\"article\" \/>\n<meta property=\"og:title\" content=\"Wood Wide Web: Gro\u00dfe Kooperation in der Natur - Gradido\" \/>\n<meta property=\"og:description\" content=\"Zu Gast: Dr. Rita und Frank L\u00fcder \u2013 Natur als Vorbild: Wood Wide Web und Bienendemokratie \u2013 Warum die Great Cooperation dem Great Reset unbedingt vorzuziehen ist. [49:56]\" \/>\n<meta property=\"og:url\" content=\"https:\/\/gradido.net\/fr\/episode-10\/\" \/>\n<meta property=\"og:site_name\" content=\"Gradido\" \/>\n<meta property=\"article:published_time\" content=\"2021-03-05T13:58:17+00:00\" \/>\n<meta property=\"article:modified_time\" content=\"2022-04-03T18:09:59+00:00\" \/>\n<meta property=\"og:image\" content=\"https:\/\/gradido.net\/wp-content\/uploads\/2021\/02\/podcast_www_lueder.jpg\" \/>\n\t<meta property=\"og:image:width\" content=\"1800\" \/>\n\t<meta property=\"og:image:height\" content=\"1221\" \/>\n\t<meta property=\"og:image:type\" content=\"image\/jpeg\" \/>\n<meta name=\"author\" content=\"Bernd H\u00fcckst\u00e4dt\" \/>\n<meta name=\"twitter:card\" content=\"summary_large_image\" \/>\n<meta name=\"twitter:label1\" content=\"\u00c9crit par\" \/>\n\t<meta name=\"twitter:data1\" content=\"Bernd H\u00fcckst\u00e4dt\" \/>\n\t<meta name=\"twitter:label2\" content=\"Dur\u00e9e de lecture estim\u00e9e\" \/>\n\t<meta name=\"twitter:data2\" content=\"1 minute\" \/>\n<script type=\"application\/ld+json\" class=\"yoast-schema-graph\">{\"@context\":\"https:\\\/\\\/schema.org\",\"@graph\":[{\"@type\":\"Article\",\"@id\":\"https:\\\/\\\/gradido.net\\\/fr\\\/episode-10\\\/#article\",\"isPartOf\":{\"@id\":\"https:\\\/\\\/gradido.net\\\/fr\\\/episode-10\\\/\"},\"author\":{\"name\":\"Bernd H\u00fcckst\u00e4dt\",\"@id\":\"https:\\\/\\\/gradido.net\\\/de\\\/#\\\/schema\\\/person\\\/9c503a004ad15a1ddecadce2218db5d1\"},\"headline\":\"Wood Wide Web: Gro\u00dfe Kooperation in der Natur\",\"datePublished\":\"2021-03-05T13:58:17+00:00\",\"dateModified\":\"2022-04-03T18:09:59+00:00\",\"mainEntityOfPage\":{\"@id\":\"https:\\\/\\\/gradido.net\\\/fr\\\/episode-10\\\/\"},\"wordCount\":241,\"publisher\":{\"@id\":\"https:\\\/\\\/gradido.net\\\/de\\\/#organization\"},\"image\":{\"@id\":\"https:\\\/\\\/gradido.net\\\/fr\\\/episode-10\\\/#primaryimage\"},\"thumbnailUrl\":\"https:\\\/\\\/gradido.net\\\/wp-content\\\/uploads\\\/2021\\\/02\\\/podcast_www_lueder.jpg\",\"keywords\":[\"Grundeinkommen\"],\"articleSection\":[\"Podcast\"],\"inLanguage\":\"fr-FR\"},{\"@type\":\"WebPage\",\"@id\":\"https:\\\/\\\/gradido.net\\\/fr\\\/episode-10\\\/\",\"url\":\"https:\\\/\\\/gradido.net\\\/fr\\\/episode-10\\\/\",\"name\":\"Wood Wide Web: Gro\u00dfe Kooperation in der Natur - Gradido\",\"isPartOf\":{\"@id\":\"https:\\\/\\\/gradido.net\\\/de\\\/#website\"},\"primaryImageOfPage\":{\"@id\":\"https:\\\/\\\/gradido.net\\\/fr\\\/episode-10\\\/#primaryimage\"},\"image\":{\"@id\":\"https:\\\/\\\/gradido.net\\\/fr\\\/episode-10\\\/#primaryimage\"},\"thumbnailUrl\":\"https:\\\/\\\/gradido.net\\\/wp-content\\\/uploads\\\/2021\\\/02\\\/podcast_www_lueder.jpg\",\"datePublished\":\"2021-03-05T13:58:17+00:00\",\"dateModified\":\"2022-04-03T18:09:59+00:00\",\"breadcrumb\":{\"@id\":\"https:\\\/\\\/gradido.net\\\/fr\\\/episode-10\\\/#breadcrumb\"},\"inLanguage\":\"fr-FR\",\"potentialAction\":[{\"@type\":\"ReadAction\",\"target\":[\"https:\\\/\\\/gradido.net\\\/fr\\\/episode-10\\\/\"]}]},{\"@type\":\"ImageObject\",\"inLanguage\":\"fr-FR\",\"@id\":\"https:\\\/\\\/gradido.net\\\/fr\\\/episode-10\\\/#primaryimage\",\"url\":\"https:\\\/\\\/gradido.net\\\/wp-content\\\/uploads\\\/2021\\\/02\\\/podcast_www_lueder.jpg\",\"contentUrl\":\"https:\\\/\\\/gradido.net\\\/wp-content\\\/uploads\\\/2021\\\/02\\\/podcast_www_lueder.jpg\",\"width\":1800,\"height\":1221},{\"@type\":\"BreadcrumbList\",\"@id\":\"https:\\\/\\\/gradido.net\\\/fr\\\/episode-10\\\/#breadcrumb\",\"itemListElement\":[{\"@type\":\"ListItem\",\"position\":1,\"name\":\"Startseite\",\"item\":\"https:\\\/\\\/gradido.net\\\/\"},{\"@type\":\"ListItem\",\"position\":2,\"name\":\"Wood Wide Web: Gro\u00dfe Kooperation in der Natur\"}]},{\"@type\":\"WebSite\",\"@id\":\"https:\\\/\\\/gradido.net\\\/de\\\/#website\",\"url\":\"https:\\\/\\\/gradido.net\\\/de\\\/\",\"name\":\"Gradido\",\"description\":\"Die neue W\u00e4hrung hei\u00dft Dankbarkeit\",\"publisher\":{\"@id\":\"https:\\\/\\\/gradido.net\\\/de\\\/#organization\"},\"potentialAction\":[{\"@type\":\"SearchAction\",\"target\":{\"@type\":\"EntryPoint\",\"urlTemplate\":\"https:\\\/\\\/gradido.net\\\/de\\\/?s={search_term_string}\"},\"query-input\":{\"@type\":\"PropertyValueSpecification\",\"valueRequired\":true,\"valueName\":\"search_term_string\"}}],\"inLanguage\":\"fr-FR\"},{\"@type\":\"Organization\",\"@id\":\"https:\\\/\\\/gradido.net\\\/de\\\/#organization\",\"name\":\"Gradido\",\"url\":\"https:\\\/\\\/gradido.net\\\/de\\\/\",\"logo\":{\"@type\":\"ImageObject\",\"inLanguage\":\"fr-FR\",\"@id\":\"https:\\\/\\\/gradido.net\\\/de\\\/#\\\/schema\\\/logo\\\/image\\\/\",\"url\":\"https:\\\/\\\/gradido.net\\\/wp-content\\\/uploads\\\/2022\\\/04\\\/gradido-social.jpg\",\"contentUrl\":\"https:\\\/\\\/gradido.net\\\/wp-content\\\/uploads\\\/2022\\\/04\\\/gradido-social.jpg\",\"width\":527,\"height\":273,\"caption\":\"Gradido\"},\"image\":{\"@id\":\"https:\\\/\\\/gradido.net\\\/de\\\/#\\\/schema\\\/logo\\\/image\\\/\"}},{\"@type\":\"Person\",\"@id\":\"https:\\\/\\\/gradido.net\\\/de\\\/#\\\/schema\\\/person\\\/9c503a004ad15a1ddecadce2218db5d1\",\"name\":\"Bernd H\u00fcckst\u00e4dt\",\"sameAs\":[\"https:\\\/\\\/gradido.net\"],\"url\":\"https:\\\/\\\/gradido.net\\\/fr\\\/author\\\/bernd\\\/\"}]}<\/script>\n<!-- \/ Yoast SEO plugin. -->","yoast_head_json":{"title":"Le Wood Wide Web : Une grande coop\u00e9ration dans la nature - Gradido","robots":{"index":"index","follow":"follow","max-snippet":"max-snippet:-1","max-image-preview":"max-image-preview:large","max-video-preview":"max-video-preview:-1"},"canonical":"https:\/\/gradido.net\/fr\/episode-10\/","og_locale":"fr_FR","og_type":"article","og_title":"Wood Wide Web: Gro\u00dfe Kooperation in der Natur - Gradido","og_description":"Zu Gast: Dr. Rita und Frank L\u00fcder \u2013 Natur als Vorbild: Wood Wide Web und Bienendemokratie \u2013 Warum die Great Cooperation dem Great Reset unbedingt vorzuziehen ist. [49:56]","og_url":"https:\/\/gradido.net\/fr\/episode-10\/","og_site_name":"Gradido","article_published_time":"2021-03-05T13:58:17+00:00","article_modified_time":"2022-04-03T18:09:59+00:00","og_image":[{"width":1800,"height":1221,"url":"https:\/\/gradido.net\/wp-content\/uploads\/2021\/02\/podcast_www_lueder.jpg","type":"image\/jpeg"}],"author":"Bernd H\u00fcckst\u00e4dt","twitter_card":"summary_large_image","twitter_misc":{"\u00c9crit par":"Bernd H\u00fcckst\u00e4dt","Dur\u00e9e de lecture estim\u00e9e":"1 minute"},"schema":{"@context":"https:\/\/schema.org","@graph":[{"@type":"Article","@id":"https:\/\/gradido.net\/fr\/episode-10\/#article","isPartOf":{"@id":"https:\/\/gradido.net\/fr\/episode-10\/"},"author":{"name":"Bernd H\u00fcckst\u00e4dt","@id":"https:\/\/gradido.net\/de\/#\/schema\/person\/9c503a004ad15a1ddecadce2218db5d1"},"headline":"Wood Wide Web: Gro\u00dfe Kooperation in der Natur","datePublished":"2021-03-05T13:58:17+00:00","dateModified":"2022-04-03T18:09:59+00:00","mainEntityOfPage":{"@id":"https:\/\/gradido.net\/fr\/episode-10\/"},"wordCount":241,"publisher":{"@id":"https:\/\/gradido.net\/de\/#organization"},"image":{"@id":"https:\/\/gradido.net\/fr\/episode-10\/#primaryimage"},"thumbnailUrl":"https:\/\/gradido.net\/wp-content\/uploads\/2021\/02\/podcast_www_lueder.jpg","keywords":["Grundeinkommen"],"articleSection":["Podcast"],"inLanguage":"fr-FR"},{"@type":"WebPage","@id":"https:\/\/gradido.net\/fr\/episode-10\/","url":"https:\/\/gradido.net\/fr\/episode-10\/","name":"Le Wood Wide Web : Une grande coop\u00e9ration dans la nature - Gradido","isPartOf":{"@id":"https:\/\/gradido.net\/de\/#website"},"primaryImageOfPage":{"@id":"https:\/\/gradido.net\/fr\/episode-10\/#primaryimage"},"image":{"@id":"https:\/\/gradido.net\/fr\/episode-10\/#primaryimage"},"thumbnailUrl":"https:\/\/gradido.net\/wp-content\/uploads\/2021\/02\/podcast_www_lueder.jpg","datePublished":"2021-03-05T13:58:17+00:00","dateModified":"2022-04-03T18:09:59+00:00","breadcrumb":{"@id":"https:\/\/gradido.net\/fr\/episode-10\/#breadcrumb"},"inLanguage":"fr-FR","potentialAction":[{"@type":"ReadAction","target":["https:\/\/gradido.net\/fr\/episode-10\/"]}]},{"@type":"ImageObject","inLanguage":"fr-FR","@id":"https:\/\/gradido.net\/fr\/episode-10\/#primaryimage","url":"https:\/\/gradido.net\/wp-content\/uploads\/2021\/02\/podcast_www_lueder.jpg","contentUrl":"https:\/\/gradido.net\/wp-content\/uploads\/2021\/02\/podcast_www_lueder.jpg","width":1800,"height":1221},{"@type":"BreadcrumbList","@id":"https:\/\/gradido.net\/fr\/episode-10\/#breadcrumb","itemListElement":[{"@type":"ListItem","position":1,"name":"Startseite","item":"https:\/\/gradido.net\/"},{"@type":"ListItem","position":2,"name":"Wood Wide Web: Gro\u00dfe Kooperation in der Natur"}]},{"@type":"WebSite","@id":"https:\/\/gradido.net\/de\/#website","url":"https:\/\/gradido.net\/de\/","name":"Gradido","description":"La nouvelle monnaie s'appelle la gratitude","publisher":{"@id":"https:\/\/gradido.net\/de\/#organization"},"potentialAction":[{"@type":"SearchAction","target":{"@type":"EntryPoint","urlTemplate":"https:\/\/gradido.net\/de\/?s={search_term_string}"},"query-input":{"@type":"PropertyValueSpecification","valueRequired":true,"valueName":"search_term_string"}}],"inLanguage":"fr-FR"},{"@type":"Organization","@id":"https:\/\/gradido.net\/de\/#organization","name":"Gradido","url":"https:\/\/gradido.net\/de\/","logo":{"@type":"ImageObject","inLanguage":"fr-FR","@id":"https:\/\/gradido.net\/de\/#\/schema\/logo\/image\/","url":"https:\/\/gradido.net\/wp-content\/uploads\/2022\/04\/gradido-social.jpg","contentUrl":"https:\/\/gradido.net\/wp-content\/uploads\/2022\/04\/gradido-social.jpg","width":527,"height":273,"caption":"Gradido"},"image":{"@id":"https:\/\/gradido.net\/de\/#\/schema\/logo\/image\/"}},{"@type":"Person","@id":"https:\/\/gradido.net\/de\/#\/schema\/person\/9c503a004ad15a1ddecadce2218db5d1","name":"Bernd H\u00fcckst\u00e4dt","sameAs":["https:\/\/gradido.net"],"url":"https:\/\/gradido.net\/fr\/author\/bernd\/"}]}},"_links":{"self":[{"href":"https:\/\/gradido.net\/fr\/wp-json\/wp\/v2\/posts\/1910","targetHints":{"allow":["GET"]}}],"collection":[{"href":"https:\/\/gradido.net\/fr\/wp-json\/wp\/v2\/posts"}],"about":[{"href":"https:\/\/gradido.net\/fr\/wp-json\/wp\/v2\/types\/post"}],"author":[{"embeddable":true,"href":"https:\/\/gradido.net\/fr\/wp-json\/wp\/v2\/users\/2"}],"replies":[{"embeddable":true,"href":"https:\/\/gradido.net\/fr\/wp-json\/wp\/v2\/comments?post=1910"}],"version-history":[{"count":13,"href":"https:\/\/gradido.net\/fr\/wp-json\/wp\/v2\/posts\/1910\/revisions"}],"predecessor-version":[{"id":4162,"href":"https:\/\/gradido.net\/fr\/wp-json\/wp\/v2\/posts\/1910\/revisions\/4162"}],"wp:featuredmedia":[{"embeddable":true,"href":"https:\/\/gradido.net\/fr\/wp-json\/wp\/v2\/media\/1895"}],"wp:attachment":[{"href":"https:\/\/gradido.net\/fr\/wp-json\/wp\/v2\/media?parent=1910"}],"wp:term":[{"taxonomy":"category","embeddable":true,"href":"https:\/\/gradido.net\/fr\/wp-json\/wp\/v2\/categories?post=1910"},{"taxonomy":"post_tag","embeddable":true,"href":"https:\/\/gradido.net\/fr\/wp-json\/wp\/v2\/tags?post=1910"}],"curies":[{"name":"wp","href":"https:\/\/api.w.org\/{rel}","templated":true}]}}