{"id":5327,"date":"2022-07-25T12:52:31","date_gmt":"2022-07-25T10:52:31","guid":{"rendered":"https:\/\/gradido.net\/?p=5327"},"modified":"2026-04-24T08:18:09","modified_gmt":"2026-04-24T06:18:09","slug":"bewusstseinsskala-1-gradido-weit-oben","status":"publish","type":"post","link":"https:\/\/gradido.net\/fr\/bewusstseinsskala-1-gradido-weit-oben\/","title":{"rendered":"\u00c9chelle de conscience (1) : la gratitude bien en haut"},"content":{"rendered":"<div data-elementor-type=\"wp-post\" data-elementor-id=\"5327\" class=\"elementor elementor-5327\" data-elementor-post-type=\"post\">\n\t\t\t\t\t\t<section class=\"elementor-section elementor-top-section elementor-element elementor-element-496e1d53 elementor-section-boxed elementor-section-height-default elementor-section-height-default\" data-id=\"496e1d53\" data-element_type=\"section\" data-e-type=\"section\">\n\t\t\t\t\t\t<div class=\"elementor-container elementor-column-gap-default\">\n\t\t\t\t\t<div class=\"elementor-column elementor-col-100 elementor-top-column elementor-element elementor-element-461d7be0\" data-id=\"461d7be0\" data-element_type=\"column\" data-e-type=\"column\">\n\t\t\t<div class=\"elementor-widget-wrap elementor-element-populated\">\n\t\t\t\t\t\t<div class=\"elementor-element elementor-element-cd9ebe2 elementor-widget elementor-widget-text-editor\" data-id=\"cd9ebe2\" data-element_type=\"widget\" data-e-type=\"widget\" data-widget_type=\"text-editor.default\">\n\t\t\t\t<div class=\"elementor-widget-container\">\n\t\t\t\t\t\t\t\t\t<p style=\"text-align: right;\"><em>\"On dit que la Terre \u00e9tait autrefois un paradis. Tout est possible. <\/em><br \/><em>La Terre pourrait redevenir un paradis. Tout est possible\".<\/em><br \/><em>- Erich K\u00e4stner<\/em><\/p><p>Ch\u00e8re lectrice, cher lecteur<\/p><p>Enfer ou paradis ? Matrice transhumaniste ou prosp\u00e9rit\u00e9 et paix en harmonie avec la nature ? Dans quel monde veux-tu vivre ? Souhaites-tu, toi aussi, devenir un h\u00e9ros de la transformation pacifique et disposer des outils les plus efficaces pour contribuer \u00e0 cr\u00e9er un avenir adapt\u00e9 aux petits-enfants pour la famille humaine ?<\/p><p>Dans sa lutte d\u00e9sesp\u00e9r\u00e9e pour la mort, le syst\u00e8me condamn\u00e9 \u00e0 l'\u00e9chec tire encore une fois sur tous les registres pour nous vider de notre \u00e9nergie et entra\u00eener avec lui le plus grand nombre possible de personnes dans l'ab\u00eeme. Sommes-nous assez forts pour accomplir ensemble le changement pacifique, dans l'int\u00e9r\u00eat de nous-m\u00eames et des enfants de la Terre ?<\/p><p>D\u00e8s le si\u00e8cle dernier, le m\u00e9decin, psychiatre et mystique am\u00e9ricain David Hawkins a d\u00e9velopp\u00e9 son \u00e9chelle de conscience, d\u00e9sormais mondialement connue. Hawkins a travaill\u00e9 comme psychiatre et a dirig\u00e9 un grand cabinet psychiatrique dans l'\u00c9tat de New York. Apr\u00e8s avoir mis fin \u00e0 son activit\u00e9 clinique en 1980, il s'est retir\u00e9 et s'est consacr\u00e9 pendant sept ans principalement \u00e0 la spiritualit\u00e9 et \u00e0 la conscience. Sa principale pr\u00e9occupation \u00e9tait de promouvoir la spiritualit\u00e9 humaine. Il a d\u00e9clar\u00e9 que la croissance spirituelle \u00e9tait le moyen le plus profond et le plus efficace de soulager la souffrance dans ce monde. Selon lui, les \u00eatres humains vivent \u00e0 diff\u00e9rents niveaux de conscience et per\u00e7oivent la r\u00e9alit\u00e9 et la v\u00e9rit\u00e9 en relation avec ces niveaux. (<a href=\"https:\/\/de.wikipedia.org\/wiki\/David_R._Hawkins\" target=\"_blank\" rel=\"noopener\">Source : Wikipedia<\/a>)<\/p><h3>\u00c9chelle de conscience selon David Hawkins<\/h3><p>L'\u00e9chelle englobe tous les \u00e9tats de conscience humains et les classe par valeurs de 0 (la mort) \u00e0 1000 (le plus haut degr\u00e9 d'illumination), la qualit\u00e9 de vie et les degr\u00e9s de libert\u00e9 v\u00e9cus augmentant toujours plus vers le haut.<\/p><hr \/><h4>Niveau 1000 - Niveau de conscience le plus \u00e9lev\u00e9 que l'on puisse atteindre sur terre<\/h4><hr \/><ul><li>Niveau 700 \u00e0 1000 - <strong>Illumination<\/strong>, pure conscience, indescriptible<\/li><li>Niveau 600 - <strong>La paix,<\/strong> b\u00e9atitude, translucidit\u00e9<br \/>(tr\u00e8s peu)<\/li><\/ul><hr \/><h4>Vers le niveau 600 - Seuil de silence et de paix<\/h4><p><em>Dissolution de l'ego personnel \/ du karma - Non-lin\u00e9arit\u00e9<\/em><br \/><em>D\u00e9but de la prise de responsabilit\u00e9 de l'ego\/karma collectif<\/em><\/p><hr \/><ul><li>Niveau 540 - <strong>Joie<\/strong>amour inconditionnel - non-dualit\u00e9<\/li><li>Niveau 500 - <strong>Ch\u00e8re<\/strong>La d\u00e9votion, la beaut\u00e9, <strong>Gratitude<\/strong>, r\u00e9v\u00e9lation<br \/>(4-5 %)<\/li><\/ul><hr \/><h4>Vers le niveau 500 - Seuil de l'amour<\/h4><p><em>Non-lin\u00e9arit\u00e9 - Conscience - Mod\u00e8le de pens\u00e9e \"aussi bien l'un que l'autre<\/em><\/p><hr \/><ul><li>Niveau 400 - <strong>La raison,<\/strong> Compr\u00e9hension, abstraction, science<\/li><li>Niveau 350 - <strong>Acceptation<\/strong>enthousiasme, productivit\u00e9, pardon, succ\u00e8s mondain<\/li><li>Niveau 310 - Volont\u00e9, <strong>Optimisme<\/strong>, intention<\/li><li>Niveau 250 - Neutralit\u00e9, <strong>Confiance<\/strong>, l\u00e2cher prise<\/li><li>Niveau 200 - <strong>Courage<\/strong>, courage civique, affirmation, loyaut\u00e9<br \/>(environ 20 %)<br \/><strong>^Depuis l\u00e0, constructif, donnant de l'\u00e9nergie^<\/strong><\/li><\/ul><hr \/><h4>Vers le niveau 200 - Seuil d'int\u00e9grit\u00e9<\/h4><p><em>Homo sapiens vs. homo spiritus<\/em><br \/><em>Individuation autor\u00e9gul\u00e9e - Responsabilit\u00e9 personnelle<\/em><br \/><em>Lin\u00e9arit\u00e9 - perception - mod\u00e8le de pens\u00e9e \"ou bien, ou bien\".<\/em><\/p><hr \/><p><strong>Destructeur, il draine l'\u00e9nergie :<\/strong><\/p><ul><li>Niveau 175 - <strong>Fiert\u00e9<\/strong>, m\u00e9pris, vantardise<\/li><li>Niveau 150 - <strong>Probl\u00e8mes<\/strong>col\u00e8re, haine, agressivit\u00e9<\/li><li>Niveau 125 - <strong>Demande<\/strong>, d\u00e9sir, auto-esclavage<\/li><li>Niveau 100 - <strong>Peur<\/strong>, anxi\u00e9t\u00e9, repli sur soi<\/li><li>Niveau 75 - <strong>Deuil<\/strong>\u00c9chec, chagrin, d\u00e9sespoir<\/li><li>Niveau 50 - <strong>Apathie<\/strong>, d\u00e9sespoir, abandon de soi<\/li><li>Niveau 30 - <strong>La culpabilit\u00e9,<\/strong> malveillance, destruction<\/li><li>Niveau 20 - <strong>Honte<\/strong>, honte, humiliation, \u00e9radication<br \/>(environ 75 %)<\/li><\/ul><hr \/><h4>Niveau 0 - Mort physique<\/h4><p><em>Dualit\u00e9 - erreur - conscience du manque<\/em><\/p><hr \/><p><span style=\"color: #ffffff;\">.<\/span><\/p><p>Au moment de ses recherches, 75% des humains se trouvaient encore principalement en dessous du seuil de 200 et donc dans le domaine destructif. Cependant, ce 'seuil d'int\u00e9grit\u00e9' aurait \u00e9t\u00e9 d\u00e9pass\u00e9 dans les ann\u00e9es 90, et de plus en plus de personnes ont un acc\u00e8s accru aux \u00e9tats de conscience sup\u00e9rieurs constructifs et g\u00e9n\u00e9rateurs d'\u00e9nergie.<\/p><h3>Niveau 500 : le seuil de l'amour<\/h3><p>Le Gradido est fond\u00e9 sur la gratitude, l'estime et l'amour. Ce sont des \u00e9tats de conscience tr\u00e8s \u00e9lev\u00e9s, au-dessus du niveau 500. Ainsi, Gradido a le potentiel de soutenir efficacement la famille humaine dans son saut \u00e9volutif et de devenir le syst\u00e8me mon\u00e9taire et \u00e9conomique des temps nouveaux. Nous en dirons plus dans notre prochain mail. Soyez curieux !<\/p><p>Merci mille fois d'\u00eatre avec nous !<\/p><p>Ton<\/p><p><img decoding=\"async\" class=\"alignnone wp-image-4614 size-medium\" src=\"https:\/\/gradido.net\/wp-content\/uploads\/2022\/06\/MargretBernd_2022-300x74.png\" alt=\"\" width=\"300\" height=\"74\" srcset=\"https:\/\/gradido.net\/wp-content\/uploads\/2022\/06\/MargretBernd_2022-300x74.png 300w, https:\/\/gradido.net\/wp-content\/uploads\/2022\/06\/MargretBernd_2022-18x4.png 18w, https:\/\/gradido.net\/wp-content\/uploads\/2022\/06\/MargretBernd_2022.png 431w\" sizes=\"(max-width: 300px) 100vw, 300px\" \/><\/p><p>Margret Baier et Bernd H\u00fcckst\u00e4dt<br \/>Fondateur et d\u00e9veloppeur de Gradido<\/p>\t\t\t\t\t\t\t\t<\/div>\n\t\t\t\t<\/div>\n\t\t\t\t\t<\/div>\n\t\t<\/div>\n\t\t\t\t\t<\/div>\n\t\t<\/section>\n\t\t\t\t<\/div>","protected":false},"excerpt":{"rendered":"<p>L'\u00e9chelle du englobe tous les \u00e9tats de conscience humains et les classe par valeurs de 0 (mort) \u00e0 1000 (degr\u00e9 d'illumination le plus \u00e9lev\u00e9), la qualit\u00e9 de vie et les degr\u00e9s de libert\u00e9 v\u00e9cus augmentant toujours plus vers le haut.<\/p>","protected":false},"author":2,"featured_media":5329,"comment_status":"closed","ping_status":"closed","sticky":false,"template":"","format":"standard","meta":{"footnotes":""},"categories":[11,56],"tags":[22],"class_list":["post-5327","post","type-post","status-publish","format-standard","has-post-thumbnail","hentry","category-blog","category-psychologie","tag-bild-oben"],"yoast_head":"<!-- This site is optimized with the Yoast SEO plugin v27.5 - https:\/\/yoast.com\/product\/yoast-seo-wordpress\/ -->\n<title>Bewusstseinsskala (1): Dankbarkeit weit oben - Gradido<\/title>\n<meta name=\"description\" content=\"Die Skala des umfasst alle menschlichen Bewusstseinszust\u00e4nde und sortiert sie in Werten von 0 (Tod) bis 1000 (h\u00f6chster Grad der Erleuchtung), wobei die Lebensqualit\u00e4t und die erlebten Freiheitsgrade nach oben hin immer mehr zunehmen.\" \/>\n<meta name=\"robots\" content=\"index, follow, max-snippet:-1, max-image-preview:large, max-video-preview:-1\" \/>\n<link rel=\"canonical\" href=\"https:\/\/gradido.net\/fr\/bewusstseinsskala-1-gradido-weit-oben\/\" \/>\n<meta property=\"og:locale\" content=\"fr_FR\" \/>\n<meta property=\"og:type\" content=\"article\" \/>\n<meta property=\"og:title\" content=\"Bewusstseinsskala (1): Dankbarkeit weit oben - Gradido\" \/>\n<meta property=\"og:description\" content=\"Die Skala des umfasst alle menschlichen Bewusstseinszust\u00e4nde und sortiert sie in Werten von 0 (Tod) bis 1000 (h\u00f6chster Grad der Erleuchtung), wobei die Lebensqualit\u00e4t und die erlebten Freiheitsgrade nach oben hin immer mehr zunehmen.\" \/>\n<meta property=\"og:url\" content=\"https:\/\/gradido.net\/fr\/bewusstseinsskala-1-gradido-weit-oben\/\" \/>\n<meta property=\"og:site_name\" content=\"Gradido\" \/>\n<meta property=\"article:published_time\" content=\"2022-07-25T10:52:31+00:00\" \/>\n<meta property=\"article:modified_time\" content=\"2026-04-24T06:18:09+00:00\" \/>\n<meta property=\"og:image\" content=\"https:\/\/gradido.net\/wp-content\/uploads\/2022\/07\/AdobeStock_250822382-scaled.jpeg\" \/>\n\t<meta property=\"og:image:width\" content=\"2560\" \/>\n\t<meta property=\"og:image:height\" content=\"1222\" \/>\n\t<meta property=\"og:image:type\" content=\"image\/jpeg\" \/>\n<meta name=\"author\" content=\"Bernd H\u00fcckst\u00e4dt\" \/>\n<meta name=\"twitter:card\" content=\"summary_large_image\" \/>\n<meta name=\"twitter:label1\" content=\"\u00c9crit par\" \/>\n\t<meta name=\"twitter:data1\" content=\"Bernd H\u00fcckst\u00e4dt\" \/>\n\t<meta name=\"twitter:label2\" content=\"Dur\u00e9e de lecture estim\u00e9e\" \/>\n\t<meta name=\"twitter:data2\" content=\"4 minutes\" \/>\n<script type=\"application\/ld+json\" class=\"yoast-schema-graph\">{\"@context\":\"https:\\\/\\\/schema.org\",\"@graph\":[{\"@type\":\"Article\",\"@id\":\"https:\\\/\\\/gradido.net\\\/bewusstseinsskala-1-gradido-weit-oben\\\/#article\",\"isPartOf\":{\"@id\":\"https:\\\/\\\/gradido.net\\\/bewusstseinsskala-1-gradido-weit-oben\\\/\"},\"author\":{\"name\":\"Bernd H\u00fcckst\u00e4dt\",\"@id\":\"https:\\\/\\\/gradido.net\\\/de\\\/#\\\/schema\\\/person\\\/9c503a004ad15a1ddecadce2218db5d1\"},\"headline\":\"Bewusstseinsskala (1): Dankbarkeit weit oben\",\"datePublished\":\"2022-07-25T10:52:31+00:00\",\"dateModified\":\"2026-04-24T06:18:09+00:00\",\"mainEntityOfPage\":{\"@id\":\"https:\\\/\\\/gradido.net\\\/bewusstseinsskala-1-gradido-weit-oben\\\/\"},\"wordCount\":572,\"publisher\":{\"@id\":\"https:\\\/\\\/gradido.net\\\/de\\\/#organization\"},\"image\":{\"@id\":\"https:\\\/\\\/gradido.net\\\/bewusstseinsskala-1-gradido-weit-oben\\\/#primaryimage\"},\"thumbnailUrl\":\"https:\\\/\\\/gradido.net\\\/wp-content\\\/uploads\\\/2022\\\/07\\\/AdobeStock_250822382-scaled.jpeg\",\"keywords\":[\"Bild oben\"],\"articleSection\":[\"Blog\",\"Psychologie\"],\"inLanguage\":\"fr-FR\"},{\"@type\":\"WebPage\",\"@id\":\"https:\\\/\\\/gradido.net\\\/bewusstseinsskala-1-gradido-weit-oben\\\/\",\"url\":\"https:\\\/\\\/gradido.net\\\/bewusstseinsskala-1-gradido-weit-oben\\\/\",\"name\":\"Bewusstseinsskala (1): Dankbarkeit weit oben - Gradido\",\"isPartOf\":{\"@id\":\"https:\\\/\\\/gradido.net\\\/de\\\/#website\"},\"primaryImageOfPage\":{\"@id\":\"https:\\\/\\\/gradido.net\\\/bewusstseinsskala-1-gradido-weit-oben\\\/#primaryimage\"},\"image\":{\"@id\":\"https:\\\/\\\/gradido.net\\\/bewusstseinsskala-1-gradido-weit-oben\\\/#primaryimage\"},\"thumbnailUrl\":\"https:\\\/\\\/gradido.net\\\/wp-content\\\/uploads\\\/2022\\\/07\\\/AdobeStock_250822382-scaled.jpeg\",\"datePublished\":\"2022-07-25T10:52:31+00:00\",\"dateModified\":\"2026-04-24T06:18:09+00:00\",\"description\":\"Die Skala des umfasst alle menschlichen Bewusstseinszust\u00e4nde und sortiert sie in Werten von 0 (Tod) bis 1000 (h\u00f6chster Grad der Erleuchtung), wobei die Lebensqualit\u00e4t und die erlebten Freiheitsgrade nach oben hin immer mehr zunehmen.\",\"breadcrumb\":{\"@id\":\"https:\\\/\\\/gradido.net\\\/bewusstseinsskala-1-gradido-weit-oben\\\/#breadcrumb\"},\"inLanguage\":\"fr-FR\",\"potentialAction\":[{\"@type\":\"ReadAction\",\"target\":[\"https:\\\/\\\/gradido.net\\\/bewusstseinsskala-1-gradido-weit-oben\\\/\"]}]},{\"@type\":\"ImageObject\",\"inLanguage\":\"fr-FR\",\"@id\":\"https:\\\/\\\/gradido.net\\\/bewusstseinsskala-1-gradido-weit-oben\\\/#primaryimage\",\"url\":\"https:\\\/\\\/gradido.net\\\/wp-content\\\/uploads\\\/2022\\\/07\\\/AdobeStock_250822382-scaled.jpeg\",\"contentUrl\":\"https:\\\/\\\/gradido.net\\\/wp-content\\\/uploads\\\/2022\\\/07\\\/AdobeStock_250822382-scaled.jpeg\",\"width\":2560,\"height\":1222,\"caption\":\"Exotic waterfall and lake landscape of Plitvice Lakes National Park, UNESCO natural world heritage and famous travel destination of Croatia. The lakes are located in central Croatia (Croatia proper).\"},{\"@type\":\"BreadcrumbList\",\"@id\":\"https:\\\/\\\/gradido.net\\\/bewusstseinsskala-1-gradido-weit-oben\\\/#breadcrumb\",\"itemListElement\":[{\"@type\":\"ListItem\",\"position\":1,\"name\":\"Startseite\",\"item\":\"https:\\\/\\\/gradido.net\\\/\"},{\"@type\":\"ListItem\",\"position\":2,\"name\":\"Bewusstseinsskala (1): Dankbarkeit weit oben\"}]},{\"@type\":\"WebSite\",\"@id\":\"https:\\\/\\\/gradido.net\\\/de\\\/#website\",\"url\":\"https:\\\/\\\/gradido.net\\\/de\\\/\",\"name\":\"Gradido\",\"description\":\"Die neue W\u00e4hrung hei\u00dft Dankbarkeit\",\"publisher\":{\"@id\":\"https:\\\/\\\/gradido.net\\\/de\\\/#organization\"},\"potentialAction\":[{\"@type\":\"SearchAction\",\"target\":{\"@type\":\"EntryPoint\",\"urlTemplate\":\"https:\\\/\\\/gradido.net\\\/de\\\/?s={search_term_string}\"},\"query-input\":{\"@type\":\"PropertyValueSpecification\",\"valueRequired\":true,\"valueName\":\"search_term_string\"}}],\"inLanguage\":\"fr-FR\"},{\"@type\":\"Organization\",\"@id\":\"https:\\\/\\\/gradido.net\\\/de\\\/#organization\",\"name\":\"Gradido\",\"url\":\"https:\\\/\\\/gradido.net\\\/de\\\/\",\"logo\":{\"@type\":\"ImageObject\",\"inLanguage\":\"fr-FR\",\"@id\":\"https:\\\/\\\/gradido.net\\\/de\\\/#\\\/schema\\\/logo\\\/image\\\/\",\"url\":\"https:\\\/\\\/gradido.net\\\/wp-content\\\/uploads\\\/2022\\\/04\\\/gradido-social.jpg\",\"contentUrl\":\"https:\\\/\\\/gradido.net\\\/wp-content\\\/uploads\\\/2022\\\/04\\\/gradido-social.jpg\",\"width\":527,\"height\":273,\"caption\":\"Gradido\"},\"image\":{\"@id\":\"https:\\\/\\\/gradido.net\\\/de\\\/#\\\/schema\\\/logo\\\/image\\\/\"}},{\"@type\":\"Person\",\"@id\":\"https:\\\/\\\/gradido.net\\\/de\\\/#\\\/schema\\\/person\\\/9c503a004ad15a1ddecadce2218db5d1\",\"name\":\"Bernd H\u00fcckst\u00e4dt\",\"sameAs\":[\"https:\\\/\\\/gradido.net\"],\"url\":\"https:\\\/\\\/gradido.net\\\/fr\\\/author\\\/bernd\\\/\"}]}<\/script>\n<!-- \/ Yoast SEO plugin. -->","yoast_head_json":{"title":"\u00c9chelle de conscience (1) : la gratitude au sommet - Gradido","description":"L'\u00e9chelle du englobe tous les \u00e9tats de conscience humains et les classe par valeurs de 0 (mort) \u00e0 1000 (degr\u00e9 d'illumination le plus \u00e9lev\u00e9), la qualit\u00e9 de vie et les degr\u00e9s de libert\u00e9 v\u00e9cus augmentant toujours plus vers le haut.","robots":{"index":"index","follow":"follow","max-snippet":"max-snippet:-1","max-image-preview":"max-image-preview:large","max-video-preview":"max-video-preview:-1"},"canonical":"https:\/\/gradido.net\/fr\/bewusstseinsskala-1-gradido-weit-oben\/","og_locale":"fr_FR","og_type":"article","og_title":"Bewusstseinsskala (1): Dankbarkeit weit oben - Gradido","og_description":"Die Skala des umfasst alle menschlichen Bewusstseinszust\u00e4nde und sortiert sie in Werten von 0 (Tod) bis 1000 (h\u00f6chster Grad der Erleuchtung), wobei die Lebensqualit\u00e4t und die erlebten Freiheitsgrade nach oben hin immer mehr zunehmen.","og_url":"https:\/\/gradido.net\/fr\/bewusstseinsskala-1-gradido-weit-oben\/","og_site_name":"Gradido","article_published_time":"2022-07-25T10:52:31+00:00","article_modified_time":"2026-04-24T06:18:09+00:00","og_image":[{"width":2560,"height":1222,"url":"https:\/\/gradido.net\/wp-content\/uploads\/2022\/07\/AdobeStock_250822382-scaled.jpeg","type":"image\/jpeg"}],"author":"Bernd H\u00fcckst\u00e4dt","twitter_card":"summary_large_image","twitter_misc":{"\u00c9crit par":"Bernd H\u00fcckst\u00e4dt","Dur\u00e9e de lecture estim\u00e9e":"4 minutes"},"schema":{"@context":"https:\/\/schema.org","@graph":[{"@type":"Article","@id":"https:\/\/gradido.net\/bewusstseinsskala-1-gradido-weit-oben\/#article","isPartOf":{"@id":"https:\/\/gradido.net\/bewusstseinsskala-1-gradido-weit-oben\/"},"author":{"name":"Bernd H\u00fcckst\u00e4dt","@id":"https:\/\/gradido.net\/de\/#\/schema\/person\/9c503a004ad15a1ddecadce2218db5d1"},"headline":"Bewusstseinsskala (1): Dankbarkeit weit oben","datePublished":"2022-07-25T10:52:31+00:00","dateModified":"2026-04-24T06:18:09+00:00","mainEntityOfPage":{"@id":"https:\/\/gradido.net\/bewusstseinsskala-1-gradido-weit-oben\/"},"wordCount":572,"publisher":{"@id":"https:\/\/gradido.net\/de\/#organization"},"image":{"@id":"https:\/\/gradido.net\/bewusstseinsskala-1-gradido-weit-oben\/#primaryimage"},"thumbnailUrl":"https:\/\/gradido.net\/wp-content\/uploads\/2022\/07\/AdobeStock_250822382-scaled.jpeg","keywords":["Bild oben"],"articleSection":["Blog","Psychologie"],"inLanguage":"fr-FR"},{"@type":"WebPage","@id":"https:\/\/gradido.net\/bewusstseinsskala-1-gradido-weit-oben\/","url":"https:\/\/gradido.net\/bewusstseinsskala-1-gradido-weit-oben\/","name":"\u00c9chelle de conscience (1) : la gratitude au sommet - Gradido","isPartOf":{"@id":"https:\/\/gradido.net\/de\/#website"},"primaryImageOfPage":{"@id":"https:\/\/gradido.net\/bewusstseinsskala-1-gradido-weit-oben\/#primaryimage"},"image":{"@id":"https:\/\/gradido.net\/bewusstseinsskala-1-gradido-weit-oben\/#primaryimage"},"thumbnailUrl":"https:\/\/gradido.net\/wp-content\/uploads\/2022\/07\/AdobeStock_250822382-scaled.jpeg","datePublished":"2022-07-25T10:52:31+00:00","dateModified":"2026-04-24T06:18:09+00:00","description":"L'\u00e9chelle du englobe tous les \u00e9tats de conscience humains et les classe par valeurs de 0 (mort) \u00e0 1000 (degr\u00e9 d'illumination le plus \u00e9lev\u00e9), la qualit\u00e9 de vie et les degr\u00e9s de libert\u00e9 v\u00e9cus augmentant toujours plus vers le haut.","breadcrumb":{"@id":"https:\/\/gradido.net\/bewusstseinsskala-1-gradido-weit-oben\/#breadcrumb"},"inLanguage":"fr-FR","potentialAction":[{"@type":"ReadAction","target":["https:\/\/gradido.net\/bewusstseinsskala-1-gradido-weit-oben\/"]}]},{"@type":"ImageObject","inLanguage":"fr-FR","@id":"https:\/\/gradido.net\/bewusstseinsskala-1-gradido-weit-oben\/#primaryimage","url":"https:\/\/gradido.net\/wp-content\/uploads\/2022\/07\/AdobeStock_250822382-scaled.jpeg","contentUrl":"https:\/\/gradido.net\/wp-content\/uploads\/2022\/07\/AdobeStock_250822382-scaled.jpeg","width":2560,"height":1222,"caption":"Exotic waterfall and lake landscape of Plitvice Lakes National Park, UNESCO natural world heritage and famous travel destination of Croatia. The lakes are located in central Croatia (Croatia proper)."},{"@type":"BreadcrumbList","@id":"https:\/\/gradido.net\/bewusstseinsskala-1-gradido-weit-oben\/#breadcrumb","itemListElement":[{"@type":"ListItem","position":1,"name":"Startseite","item":"https:\/\/gradido.net\/"},{"@type":"ListItem","position":2,"name":"Bewusstseinsskala (1): Dankbarkeit weit oben"}]},{"@type":"WebSite","@id":"https:\/\/gradido.net\/de\/#website","url":"https:\/\/gradido.net\/de\/","name":"Gradido","description":"La nouvelle monnaie s'appelle la gratitude","publisher":{"@id":"https:\/\/gradido.net\/de\/#organization"},"potentialAction":[{"@type":"SearchAction","target":{"@type":"EntryPoint","urlTemplate":"https:\/\/gradido.net\/de\/?s={search_term_string}"},"query-input":{"@type":"PropertyValueSpecification","valueRequired":true,"valueName":"search_term_string"}}],"inLanguage":"fr-FR"},{"@type":"Organization","@id":"https:\/\/gradido.net\/de\/#organization","name":"Gradido","url":"https:\/\/gradido.net\/de\/","logo":{"@type":"ImageObject","inLanguage":"fr-FR","@id":"https:\/\/gradido.net\/de\/#\/schema\/logo\/image\/","url":"https:\/\/gradido.net\/wp-content\/uploads\/2022\/04\/gradido-social.jpg","contentUrl":"https:\/\/gradido.net\/wp-content\/uploads\/2022\/04\/gradido-social.jpg","width":527,"height":273,"caption":"Gradido"},"image":{"@id":"https:\/\/gradido.net\/de\/#\/schema\/logo\/image\/"}},{"@type":"Person","@id":"https:\/\/gradido.net\/de\/#\/schema\/person\/9c503a004ad15a1ddecadce2218db5d1","name":"Bernd H\u00fcckst\u00e4dt","sameAs":["https:\/\/gradido.net"],"url":"https:\/\/gradido.net\/fr\/author\/bernd\/"}]}},"_links":{"self":[{"href":"https:\/\/gradido.net\/fr\/wp-json\/wp\/v2\/posts\/5327","targetHints":{"allow":["GET"]}}],"collection":[{"href":"https:\/\/gradido.net\/fr\/wp-json\/wp\/v2\/posts"}],"about":[{"href":"https:\/\/gradido.net\/fr\/wp-json\/wp\/v2\/types\/post"}],"author":[{"embeddable":true,"href":"https:\/\/gradido.net\/fr\/wp-json\/wp\/v2\/users\/2"}],"replies":[{"embeddable":true,"href":"https:\/\/gradido.net\/fr\/wp-json\/wp\/v2\/comments?post=5327"}],"version-history":[{"count":45,"href":"https:\/\/gradido.net\/fr\/wp-json\/wp\/v2\/posts\/5327\/revisions"}],"predecessor-version":[{"id":13609,"href":"https:\/\/gradido.net\/fr\/wp-json\/wp\/v2\/posts\/5327\/revisions\/13609"}],"wp:featuredmedia":[{"embeddable":true,"href":"https:\/\/gradido.net\/fr\/wp-json\/wp\/v2\/media\/5329"}],"wp:attachment":[{"href":"https:\/\/gradido.net\/fr\/wp-json\/wp\/v2\/media?parent=5327"}],"wp:term":[{"taxonomy":"category","embeddable":true,"href":"https:\/\/gradido.net\/fr\/wp-json\/wp\/v2\/categories?post=5327"},{"taxonomy":"post_tag","embeddable":true,"href":"https:\/\/gradido.net\/fr\/wp-json\/wp\/v2\/tags?post=5327"}],"curies":[{"name":"wp","href":"https:\/\/api.w.org\/{rel}","templated":true}]}}