{"id":616,"date":"2020-05-26T15:29:00","date_gmt":"2020-05-26T13:29:00","guid":{"rendered":"http:\/\/neu.gradido.net\/?p=616"},"modified":"2021-12-10T13:08:25","modified_gmt":"2021-12-10T12:08:25","slug":"corona-krise-zeit-fuer-die-natuerliche-oekonomie-des-lebens","status":"publish","type":"post","link":"https:\/\/gradido.net\/fr\/corona-krise-zeit-fuer-die-natuerliche-oekonomie-des-lebens\/","title":{"rendered":"Crise de la couronne : l'heure de l'\"\u00e9conomie naturelle de la vie"},"content":{"rendered":"<div data-elementor-type=\"wp-post\" data-elementor-id=\"616\" class=\"elementor elementor-616\" data-elementor-post-type=\"post\">\n\t\t\t\t\t\t<section class=\"elementor-section elementor-top-section elementor-element elementor-element-f9a81c7 elementor-section-boxed elementor-section-height-default elementor-section-height-default\" data-id=\"f9a81c7\" data-element_type=\"section\" data-e-type=\"section\">\n\t\t\t\t\t\t<div class=\"elementor-container elementor-column-gap-default\">\n\t\t\t\t\t<div class=\"elementor-column elementor-col-100 elementor-top-column elementor-element elementor-element-31d55dd\" data-id=\"31d55dd\" data-element_type=\"column\" data-e-type=\"column\">\n\t\t\t<div class=\"elementor-widget-wrap elementor-element-populated\">\n\t\t\t\t\t\t<div class=\"elementor-element elementor-element-6cca0d4 elementor-widget elementor-widget-text-editor\" data-id=\"6cca0d4\" data-element_type=\"widget\" data-e-type=\"widget\" data-widget_type=\"text-editor.default\">\n\t\t\t\t<div class=\"elementor-widget-container\">\n\t\t\t\t\t\t\t\t\t<h2>La bionique \u00e9conomique se concentre sur le bien commun mondial<\/h2>\n<p><strong>K\u00fcnzelsau, le 26 mai 2020 - En tr\u00e8s peu de temps, la crise Corona a fondamentalement chang\u00e9 notre monde. Malgr\u00e9 des programmes d'aide de plusieurs milliards de dollars, l'\u00e9conomie est en chute libre. Le syst\u00e8me financier mondial menace de s'effondrer, suivi de faillites massives, d'un ch\u00f4mage record et d'une pauvret\u00e9 am\u00e8re. L'humanit\u00e9 ne pourra relever ces d\u00e9fis qu'avec un nouveau syst\u00e8me mon\u00e9taire viable, dans lequel les incitations \u00e9conomiques, \u00e9cologiques et sociales vont dans la m\u00eame direction. L'Acad\u00e9mie Gradido pour la bionique \u00e9conomique a d\u00e9velopp\u00e9 un tel syst\u00e8me. La nouvelle monnaie d'int\u00e9r\u00eat g\u00e9n\u00e9ral 'Gradido' a le potentiel de cr\u00e9er la prosp\u00e9rit\u00e9 et la paix dans le monde entier.<\/strong><\/p>\n<p><strong><!-- \/wp:paragraph --><!-- wp:paragraph --><\/strong><\/p>\n<p><strong>Depuis 20 ans, l'Acad\u00e9mie Gradido d\u00e9veloppe la monnaie du bien commun, qui est bas\u00e9e sur l'exemple de la nature. Dans le cycle constant du devenir et de la disparition, tout est cyclique dans la nature. C'est la seule fa\u00e7on de parvenir \u00e0 un renouvellement constant sur notre terre. Selon ce \"cycle de la vie\", le syst\u00e8me d'\u00e9quilibre \"Gradido\" fonctionne \u00e9galement, ce qui pourrait donner \u00e0 l'ensemble de l'humanit\u00e9 non seulement des moyens de subsistance stables, mais aussi une vie de prosp\u00e9rit\u00e9 et de coexistence pacifique.<\/strong><\/p>\n<p><!-- \/wp:paragraph --><!-- wp:paragraph --><\/p>\n<p><strong>La pand\u00e9mie \u00e9conomique \u00e9tait in\u00e9vitable<\/strong><br>Le virus n'est pas la cause, mais seulement le d\u00e9clencheur de la \"pand\u00e9mie \u00e9conomique\" mondiale, expliquent les biologistes \u00e9conomiques Margret Baier et Bernd H\u00fcckst\u00e4dt : \"Tout comme la pierre ne fait que d\u00e9clencher l'avalanche et la faire plonger dans la vall\u00e9e parce que le sol n'\u00e9tait pas assez stable, le virus de la couronne n'a pu d\u00e9clencher la crise actuelle du syst\u00e8me \u00e9conomique et financier mondial que parce que le syst\u00e8me financier mondial actuel est extr\u00eamement instable\", explique M. H\u00fcckst\u00e4dt. Les fondateurs de l'Acad\u00e9mie Gradido se penchent sur la question de savoir ce que l'\u00e9conomie peut apprendre de la nature. Tout comme tout ing\u00e9nieur a\u00e9ronautique doit \u00e9tudier le vol des oiseaux, le biologiste industriel cherche \u00e0 savoir quels processus naturels pourraient servir de mod\u00e8le \u00e0 des processus \u00e9conomiques fructueux. Selon les conclusions de l'Acad\u00e9mie Gradido, l'objectif d\u00e9clar\u00e9 d'une \u00e9conomie sociale de march\u00e9, \u00e0 savoir cr\u00e9er la prosp\u00e9rit\u00e9 pour tous, ne peut en aucun cas \u00eatre atteint avec le syst\u00e8me financier actuel. Au contraire, il est inh\u00e9rent au syst\u00e8me que les actifs des uns sont les dettes des autres. Cons\u00e9quence fatale : le syst\u00e8me \u00e9conomique en place cr\u00e9e des incitations d\u00e9sastreuses \u00e0 l'exploitation de l'homme et de la nature. Les cons\u00e9quences in\u00e9vitables sont la pauvret\u00e9 mondiale, les guerres et la destruction catastrophique de l'environnement. L'avenir de l'humanit\u00e9 et de notre plan\u00e8te est donc menac\u00e9 sur le plan existentiel.<\/p>\n<p><!-- \/wp:paragraph --><!-- wp:paragraph --><\/p>\n<p><strong>L'heure de la bionique \u00e9conomique<\/strong><br>Les inventeurs de la \"monnaie Gradido\" voient maintenant la possibilit\u00e9 de briser d\u00e9finitivement ce malheureux cercle vicieux. Le verrouillage mondial de la couronne ne cr\u00e9e pas seulement le besoin de repenser, mais aussi une reconnaissance claire de la fragilit\u00e9 du syst\u00e8me \u00e9conomique en place. Elle ouvre \u00e9galement une nouvelle sensibilit\u00e9 aux mod\u00e8les de r\u00e9ussite de la nature, qui ont fait leurs preuves depuis quatre milliards et demi d'ann\u00e9es. Par cons\u00e9quent, la soci\u00e9t\u00e9 se tourne de plus en plus vers la science encore jeune de la bionique \u00e9conomique et ses r\u00e9ponses aux questions existentielles de notre temps.<\/p>\n<p><!-- \/wp:paragraph --><!-- wp:paragraph --><\/p>\n<p><strong>L'Acad\u00e9mie Gradido<\/strong><br>Le nom \"Gradido\" est compos\u00e9 des termes anglais pour gratitude, dignit\u00e9 humaine et don. Elle r\u00e9unit ainsi les trois valeurs essentielles de la nouvelle culture \u00e9conomique, qui vise \u00e0 permettre et \u00e0 assurer une activit\u00e9 \u00e9conomique saine au profit de tous. Le principe \u00e9thique de base de Gradido est bas\u00e9 sur l'harmonisation du bien-\u00eatre de l'individu avec celui de la communaut\u00e9 et du grand ensemble - en termes de nature et d'environnement. Le \"cycle de la vie\" est la recette de base de la nature pour r\u00e9ussir. La nature suit la r\u00e8gle selon laquelle ce n'est que lorsque quelque chose dispara\u00eet que de nouvelles choses peuvent \u00eatre cr\u00e9\u00e9es et qu'une am\u00e9lioration (\u00e9volution) \u00e0 long terme est donc possible. Si notre \u00e9conomie suivait ce cycle naturel, les biologistes \u00e9conomiques pensent que pratiquement tous les probl\u00e8mes mon\u00e9taires du monde pourraient \u00eatre r\u00e9solus. Le syst\u00e8me \u00e9conomique mondial actuel a cependant l'effet inverse. Elle vise une croissance \u00e9conomique exponentielle qui, de par sa nature m\u00eame, doit conduire \u00e0 des effondrements r\u00e9p\u00e9t\u00e9s.<\/p>\n<p><!-- \/wp:paragraph --><!-- wp:paragraph --><\/p>\n<p><strong>La monnaie du Gradido<\/strong><br>Le mod\u00e8le de l'Acad\u00e9mie Gradido int\u00e8gre le cycle du devenir et du d\u00e9c\u00e8s par la cr\u00e9ation r\u00e9guli\u00e8re d'argent et la transitivit\u00e9 planifi\u00e9e de l'argent. L'argent est cr\u00e9\u00e9 sur la base du d\u00e9veloppement de la population. Cela \u00e9limine l'augmentation illimit\u00e9e de la monnaie scripturale et place le d\u00e9veloppement de la masse mon\u00e9taire sur une base naturelle. Dans le mod\u00e8le de l'Acad\u00e9mie Gradido, l'argent est distribu\u00e9 selon un principe \u00e0 trois piliers : pour chaque citoyen du monde, on estime \u00e0 3 000 le nombre total de \"Gradido\", le nom de la monnaie. Un tiers va \u00e0 chaque citoyen en tant que revenu de base actif, le deuxi\u00e8me tiers va \u00e0 l'\u00c9tat pour ses services au public, et le troisi\u00e8me tiers va au fonds de compensation et d'environnement pour permettre l'assainissement des charges \u00e9conomiques et \u00e9cologiques du pass\u00e9. La raison pour laquelle l'argent est distribu\u00e9 exactement de cette mani\u00e8re est bas\u00e9e sur l'\u00e9thique du \"triple bien\". L'individu fait partie de la communaut\u00e9, de l'\u00c9tat, et l'\u00c9tat fait partie du \"grand tableau\", de l'\u00e9cosyst\u00e8me. Si l'un de ces trois aspects est n\u00e9glig\u00e9, tout le syst\u00e8me est d\u00e9s\u00e9quilibr\u00e9. Chaque ann\u00e9e, 50 % de l'argent cr\u00e9\u00e9 arrive \u00e0 \u00e9ch\u00e9ance. Ce cycle planifi\u00e9 de cr\u00e9ation et de d\u00e9clin permet de maintenir la masse mon\u00e9taire stable et le syst\u00e8me en \u00e9quilibre.<strong>.<\/strong>&nbsp;L'introduction de la monnaie Gradido peut se faire \u00e0 la fois au niveau mondial et dans les diff\u00e9rents pays. Elle peut \u00eatre mise en \u0153uvre par \u00e9tapes en parall\u00e8le avec le syst\u00e8me existant, de sorte que tous les \u00e9l\u00e9ments puissent \u00eatre test\u00e9s sans risque et optimis\u00e9s si n\u00e9cessaire.<\/p>\n<p><!-- \/wp:paragraph --><!-- wp:paragraph --><\/p>\n<p><strong>Passion et responsabilit\u00e9<\/strong><br>\"Maintenant que le Fonds mon\u00e9taire international (FMI) pr\u00e9voit la pire crise \u00e9conomique depuis 90 ans, de nouvelles solutions sont indispensables. Le temps est vraiment venu pour Gradido et nous consid\u00e9rons qu'il est de notre responsabilit\u00e9 d'introduire ce mod\u00e8le dans la discussion politique\", souligne Bernd H\u00fcckst\u00e4dt. Margret Baier ajoute : \"Nous avons trouv\u00e9 une solution bas\u00e9e sur les principes de la nature, qui garantira un avenir digne d'\u00eatre v\u00e9cu pour les g\u00e9n\u00e9rations actuelles et futures. De cette fa\u00e7on, nous pouvons r\u00e9ellement r\u00e9ussir \u00e0 r\u00e9aliser l'un des plus grands r\u00eaves de l'humanit\u00e9 et \u00e0 apporter une paix et une prosp\u00e9rit\u00e9 durables \u00e0 tous les habitants de la terre, en harmonie avec la nature\". Vous trouverez de plus amples informations sous&nbsp;<a href=\"https:\/\/gradido.net\/fr\/\" target=\"_blank\" rel=\"noreferrer noopener\" data-type=\"URL\" data-id=\"https:\/\/gradido.net\/\">www.gradido.net<\/a><\/p>\n<p><!-- \/wp:paragraph --><\/p>\t\t\t\t\t\t\t\t<\/div>\n\t\t\t\t<\/div>\n\t\t\t\t\t<\/div>\n\t\t<\/div>\n\t\t\t\t\t<\/div>\n\t\t<\/section>\n\t\t\t\t<\/div>","protected":false},"excerpt":{"rendered":"<p>Wirtschaftsbioniker setzen auf weltweite Gemeinwohlw\u00e4hrung K\u00fcnzelsau, 26. Mai 2020 \u2013 Die Corona-Krise hat unsere Welt binnen k\u00fcrzester Zeit grundlegend ver\u00e4ndert. Trotz billionenschwerer Hilfsprogramme befindet sich die Wirtschaft im freien Fall. Das weltweite Finanzsystem droht zu scheitern, gefolgt von Masseninsolvenzen, Rekordarbeitslosigkeit und bitterer Armut. Nur mit einem zukunftsf\u00e4higen neuen Geldsystem, bei dem die \u00f6konomischen, \u00f6kologischen und [&hellip;]<\/p>\n","protected":false},"author":1,"featured_media":858,"comment_status":"closed","ping_status":"closed","sticky":false,"template":"","format":"standard","meta":{"footnotes":""},"categories":[8],"tags":[15],"class_list":["post-616","post","type-post","status-publish","format-standard","has-post-thumbnail","hentry","category-pressemitteilung","tag-wirtschaftsbionik"],"yoast_head":"<!-- This site is optimized with the Yoast SEO plugin v27.5 - https:\/\/yoast.com\/product\/yoast-seo-wordpress\/ -->\n<title>Corona-Krise: Zeit f\u00fcr die \u201eNat\u00fcrliche \u00d6konomie des Lebens\u201c - Gradido<\/title>\n<meta name=\"robots\" content=\"index, follow, max-snippet:-1, max-image-preview:large, max-video-preview:-1\" \/>\n<link rel=\"canonical\" href=\"https:\/\/gradido.net\/fr\/corona-krise-zeit-fuer-die-natuerliche-oekonomie-des-lebens\/\" \/>\n<meta property=\"og:locale\" content=\"fr_FR\" \/>\n<meta property=\"og:type\" content=\"article\" \/>\n<meta property=\"og:title\" content=\"Corona-Krise: Zeit f\u00fcr die \u201eNat\u00fcrliche \u00d6konomie des Lebens\u201c - Gradido\" \/>\n<meta property=\"og:description\" content=\"Wirtschaftsbioniker setzen auf weltweite Gemeinwohlw\u00e4hrung K\u00fcnzelsau, 26. Mai 2020 \u2013 Die Corona-Krise hat unsere Welt binnen k\u00fcrzester Zeit grundlegend ver\u00e4ndert. Trotz billionenschwerer Hilfsprogramme befindet sich die Wirtschaft im freien Fall. Das weltweite Finanzsystem droht zu scheitern, gefolgt von Masseninsolvenzen, Rekordarbeitslosigkeit und bitterer Armut. Nur mit einem zukunftsf\u00e4higen neuen Geldsystem, bei dem die \u00f6konomischen, \u00f6kologischen und [&hellip;]\" \/>\n<meta property=\"og:url\" content=\"https:\/\/gradido.net\/fr\/corona-krise-zeit-fuer-die-natuerliche-oekonomie-des-lebens\/\" \/>\n<meta property=\"og:site_name\" content=\"Gradido\" \/>\n<meta property=\"article:published_time\" content=\"2020-05-26T13:29:00+00:00\" \/>\n<meta property=\"article:modified_time\" content=\"2021-12-10T12:08:25+00:00\" \/>\n<meta property=\"og:image\" content=\"https:\/\/gradido.net\/wp-content\/uploads\/2020\/05\/gemeinwohlwaehrung.jpg\" \/>\n\t<meta property=\"og:image:width\" content=\"1000\" \/>\n\t<meta property=\"og:image:height\" content=\"684\" \/>\n\t<meta property=\"og:image:type\" content=\"image\/jpeg\" \/>\n<meta name=\"author\" content=\"GR4dmin\" \/>\n<meta name=\"twitter:card\" content=\"summary_large_image\" \/>\n<meta name=\"twitter:label1\" content=\"\u00c9crit par\" \/>\n\t<meta name=\"twitter:data1\" content=\"GR4dmin\" \/>\n\t<meta name=\"twitter:label2\" content=\"Dur\u00e9e de lecture estim\u00e9e\" \/>\n\t<meta name=\"twitter:data2\" content=\"5 minutes\" \/>\n<script type=\"application\/ld+json\" class=\"yoast-schema-graph\">{\"@context\":\"https:\\\/\\\/schema.org\",\"@graph\":[{\"@type\":\"Article\",\"@id\":\"https:\\\/\\\/gradido.net\\\/et\\\/corona-krise-zeit-fuer-die-natuerliche-oekonomie-des-lebens\\\/#article\",\"isPartOf\":{\"@id\":\"https:\\\/\\\/gradido.net\\\/et\\\/corona-krise-zeit-fuer-die-natuerliche-oekonomie-des-lebens\\\/\"},\"author\":{\"name\":\"GR4dmin\",\"@id\":\"https:\\\/\\\/gradido.net\\\/de\\\/#\\\/schema\\\/person\\\/9f913f37a47e7a82ad686b58fc907588\"},\"headline\":\"Corona-Krise: Zeit f\u00fcr die \u201eNat\u00fcrliche \u00d6konomie des Lebens\u201c\",\"datePublished\":\"2020-05-26T13:29:00+00:00\",\"dateModified\":\"2021-12-10T12:08:25+00:00\",\"mainEntityOfPage\":{\"@id\":\"https:\\\/\\\/gradido.net\\\/et\\\/corona-krise-zeit-fuer-die-natuerliche-oekonomie-des-lebens\\\/\"},\"wordCount\":983,\"publisher\":{\"@id\":\"https:\\\/\\\/gradido.net\\\/de\\\/#organization\"},\"image\":{\"@id\":\"https:\\\/\\\/gradido.net\\\/et\\\/corona-krise-zeit-fuer-die-natuerliche-oekonomie-des-lebens\\\/#primaryimage\"},\"thumbnailUrl\":\"https:\\\/\\\/gradido.net\\\/wp-content\\\/uploads\\\/2020\\\/05\\\/gemeinwohlwaehrung.jpg\",\"keywords\":[\"Wirtschaftsbionik\"],\"articleSection\":[\"Pressemitteilung\"],\"inLanguage\":\"fr-FR\"},{\"@type\":\"WebPage\",\"@id\":\"https:\\\/\\\/gradido.net\\\/et\\\/corona-krise-zeit-fuer-die-natuerliche-oekonomie-des-lebens\\\/\",\"url\":\"https:\\\/\\\/gradido.net\\\/et\\\/corona-krise-zeit-fuer-die-natuerliche-oekonomie-des-lebens\\\/\",\"name\":\"Corona-Krise: Zeit f\u00fcr die \u201eNat\u00fcrliche \u00d6konomie des Lebens\u201c - Gradido\",\"isPartOf\":{\"@id\":\"https:\\\/\\\/gradido.net\\\/de\\\/#website\"},\"primaryImageOfPage\":{\"@id\":\"https:\\\/\\\/gradido.net\\\/et\\\/corona-krise-zeit-fuer-die-natuerliche-oekonomie-des-lebens\\\/#primaryimage\"},\"image\":{\"@id\":\"https:\\\/\\\/gradido.net\\\/et\\\/corona-krise-zeit-fuer-die-natuerliche-oekonomie-des-lebens\\\/#primaryimage\"},\"thumbnailUrl\":\"https:\\\/\\\/gradido.net\\\/wp-content\\\/uploads\\\/2020\\\/05\\\/gemeinwohlwaehrung.jpg\",\"datePublished\":\"2020-05-26T13:29:00+00:00\",\"dateModified\":\"2021-12-10T12:08:25+00:00\",\"breadcrumb\":{\"@id\":\"https:\\\/\\\/gradido.net\\\/et\\\/corona-krise-zeit-fuer-die-natuerliche-oekonomie-des-lebens\\\/#breadcrumb\"},\"inLanguage\":\"fr-FR\",\"potentialAction\":[{\"@type\":\"ReadAction\",\"target\":[\"https:\\\/\\\/gradido.net\\\/et\\\/corona-krise-zeit-fuer-die-natuerliche-oekonomie-des-lebens\\\/\"]}]},{\"@type\":\"ImageObject\",\"inLanguage\":\"fr-FR\",\"@id\":\"https:\\\/\\\/gradido.net\\\/et\\\/corona-krise-zeit-fuer-die-natuerliche-oekonomie-des-lebens\\\/#primaryimage\",\"url\":\"https:\\\/\\\/gradido.net\\\/wp-content\\\/uploads\\\/2020\\\/05\\\/gemeinwohlwaehrung.jpg\",\"contentUrl\":\"https:\\\/\\\/gradido.net\\\/wp-content\\\/uploads\\\/2020\\\/05\\\/gemeinwohlwaehrung.jpg\",\"width\":1000,\"height\":684},{\"@type\":\"BreadcrumbList\",\"@id\":\"https:\\\/\\\/gradido.net\\\/et\\\/corona-krise-zeit-fuer-die-natuerliche-oekonomie-des-lebens\\\/#breadcrumb\",\"itemListElement\":[{\"@type\":\"ListItem\",\"position\":1,\"name\":\"Startseite\",\"item\":\"https:\\\/\\\/gradido.net\\\/\"},{\"@type\":\"ListItem\",\"position\":2,\"name\":\"Corona-Krise: Zeit f\u00fcr die \u201eNat\u00fcrliche \u00d6konomie des Lebens\u201c\"}]},{\"@type\":\"WebSite\",\"@id\":\"https:\\\/\\\/gradido.net\\\/de\\\/#website\",\"url\":\"https:\\\/\\\/gradido.net\\\/de\\\/\",\"name\":\"Gradido\",\"description\":\"Die neue W\u00e4hrung hei\u00dft Dankbarkeit\",\"publisher\":{\"@id\":\"https:\\\/\\\/gradido.net\\\/de\\\/#organization\"},\"potentialAction\":[{\"@type\":\"SearchAction\",\"target\":{\"@type\":\"EntryPoint\",\"urlTemplate\":\"https:\\\/\\\/gradido.net\\\/de\\\/?s={search_term_string}\"},\"query-input\":{\"@type\":\"PropertyValueSpecification\",\"valueRequired\":true,\"valueName\":\"search_term_string\"}}],\"inLanguage\":\"fr-FR\"},{\"@type\":\"Organization\",\"@id\":\"https:\\\/\\\/gradido.net\\\/de\\\/#organization\",\"name\":\"Gradido\",\"url\":\"https:\\\/\\\/gradido.net\\\/de\\\/\",\"logo\":{\"@type\":\"ImageObject\",\"inLanguage\":\"fr-FR\",\"@id\":\"https:\\\/\\\/gradido.net\\\/de\\\/#\\\/schema\\\/logo\\\/image\\\/\",\"url\":\"https:\\\/\\\/gradido.net\\\/wp-content\\\/uploads\\\/2022\\\/04\\\/gradido-social.jpg\",\"contentUrl\":\"https:\\\/\\\/gradido.net\\\/wp-content\\\/uploads\\\/2022\\\/04\\\/gradido-social.jpg\",\"width\":527,\"height\":273,\"caption\":\"Gradido\"},\"image\":{\"@id\":\"https:\\\/\\\/gradido.net\\\/de\\\/#\\\/schema\\\/logo\\\/image\\\/\"}},{\"@type\":\"Person\",\"@id\":\"https:\\\/\\\/gradido.net\\\/de\\\/#\\\/schema\\\/person\\\/9f913f37a47e7a82ad686b58fc907588\",\"name\":\"GR4dmin\",\"sameAs\":[\"https:\\\/\\\/gradido.net\"],\"url\":\"https:\\\/\\\/gradido.net\\\/fr\\\/author\\\/gr4dmin\\\/\"}]}<\/script>\n<!-- \/ Yoast SEO plugin. -->","yoast_head_json":{"title":"Crise de Corona : le temps est venu de l'\"\u00e9conomie naturelle de la vie\" - Gradido","robots":{"index":"index","follow":"follow","max-snippet":"max-snippet:-1","max-image-preview":"max-image-preview:large","max-video-preview":"max-video-preview:-1"},"canonical":"https:\/\/gradido.net\/fr\/corona-krise-zeit-fuer-die-natuerliche-oekonomie-des-lebens\/","og_locale":"fr_FR","og_type":"article","og_title":"Corona-Krise: Zeit f\u00fcr die \u201eNat\u00fcrliche \u00d6konomie des Lebens\u201c - Gradido","og_description":"Wirtschaftsbioniker setzen auf weltweite Gemeinwohlw\u00e4hrung K\u00fcnzelsau, 26. Mai 2020 \u2013 Die Corona-Krise hat unsere Welt binnen k\u00fcrzester Zeit grundlegend ver\u00e4ndert. Trotz billionenschwerer Hilfsprogramme befindet sich die Wirtschaft im freien Fall. Das weltweite Finanzsystem droht zu scheitern, gefolgt von Masseninsolvenzen, Rekordarbeitslosigkeit und bitterer Armut. Nur mit einem zukunftsf\u00e4higen neuen Geldsystem, bei dem die \u00f6konomischen, \u00f6kologischen und [&hellip;]","og_url":"https:\/\/gradido.net\/fr\/corona-krise-zeit-fuer-die-natuerliche-oekonomie-des-lebens\/","og_site_name":"Gradido","article_published_time":"2020-05-26T13:29:00+00:00","article_modified_time":"2021-12-10T12:08:25+00:00","og_image":[{"width":1000,"height":684,"url":"https:\/\/gradido.net\/wp-content\/uploads\/2020\/05\/gemeinwohlwaehrung.jpg","type":"image\/jpeg"}],"author":"GR4dmin","twitter_card":"summary_large_image","twitter_misc":{"\u00c9crit par":"GR4dmin","Dur\u00e9e de lecture estim\u00e9e":"5 minutes"},"schema":{"@context":"https:\/\/schema.org","@graph":[{"@type":"Article","@id":"https:\/\/gradido.net\/et\/corona-krise-zeit-fuer-die-natuerliche-oekonomie-des-lebens\/#article","isPartOf":{"@id":"https:\/\/gradido.net\/et\/corona-krise-zeit-fuer-die-natuerliche-oekonomie-des-lebens\/"},"author":{"name":"GR4dmin","@id":"https:\/\/gradido.net\/de\/#\/schema\/person\/9f913f37a47e7a82ad686b58fc907588"},"headline":"Corona-Krise: Zeit f\u00fcr die \u201eNat\u00fcrliche \u00d6konomie des Lebens\u201c","datePublished":"2020-05-26T13:29:00+00:00","dateModified":"2021-12-10T12:08:25+00:00","mainEntityOfPage":{"@id":"https:\/\/gradido.net\/et\/corona-krise-zeit-fuer-die-natuerliche-oekonomie-des-lebens\/"},"wordCount":983,"publisher":{"@id":"https:\/\/gradido.net\/de\/#organization"},"image":{"@id":"https:\/\/gradido.net\/et\/corona-krise-zeit-fuer-die-natuerliche-oekonomie-des-lebens\/#primaryimage"},"thumbnailUrl":"https:\/\/gradido.net\/wp-content\/uploads\/2020\/05\/gemeinwohlwaehrung.jpg","keywords":["Wirtschaftsbionik"],"articleSection":["Pressemitteilung"],"inLanguage":"fr-FR"},{"@type":"WebPage","@id":"https:\/\/gradido.net\/et\/corona-krise-zeit-fuer-die-natuerliche-oekonomie-des-lebens\/","url":"https:\/\/gradido.net\/et\/corona-krise-zeit-fuer-die-natuerliche-oekonomie-des-lebens\/","name":"Crise de Corona : le temps est venu de l'\"\u00e9conomie naturelle de la vie\" - Gradido","isPartOf":{"@id":"https:\/\/gradido.net\/de\/#website"},"primaryImageOfPage":{"@id":"https:\/\/gradido.net\/et\/corona-krise-zeit-fuer-die-natuerliche-oekonomie-des-lebens\/#primaryimage"},"image":{"@id":"https:\/\/gradido.net\/et\/corona-krise-zeit-fuer-die-natuerliche-oekonomie-des-lebens\/#primaryimage"},"thumbnailUrl":"https:\/\/gradido.net\/wp-content\/uploads\/2020\/05\/gemeinwohlwaehrung.jpg","datePublished":"2020-05-26T13:29:00+00:00","dateModified":"2021-12-10T12:08:25+00:00","breadcrumb":{"@id":"https:\/\/gradido.net\/et\/corona-krise-zeit-fuer-die-natuerliche-oekonomie-des-lebens\/#breadcrumb"},"inLanguage":"fr-FR","potentialAction":[{"@type":"ReadAction","target":["https:\/\/gradido.net\/et\/corona-krise-zeit-fuer-die-natuerliche-oekonomie-des-lebens\/"]}]},{"@type":"ImageObject","inLanguage":"fr-FR","@id":"https:\/\/gradido.net\/et\/corona-krise-zeit-fuer-die-natuerliche-oekonomie-des-lebens\/#primaryimage","url":"https:\/\/gradido.net\/wp-content\/uploads\/2020\/05\/gemeinwohlwaehrung.jpg","contentUrl":"https:\/\/gradido.net\/wp-content\/uploads\/2020\/05\/gemeinwohlwaehrung.jpg","width":1000,"height":684},{"@type":"BreadcrumbList","@id":"https:\/\/gradido.net\/et\/corona-krise-zeit-fuer-die-natuerliche-oekonomie-des-lebens\/#breadcrumb","itemListElement":[{"@type":"ListItem","position":1,"name":"Startseite","item":"https:\/\/gradido.net\/"},{"@type":"ListItem","position":2,"name":"Corona-Krise: Zeit f\u00fcr die \u201eNat\u00fcrliche \u00d6konomie des Lebens\u201c"}]},{"@type":"WebSite","@id":"https:\/\/gradido.net\/de\/#website","url":"https:\/\/gradido.net\/de\/","name":"Gradido","description":"La nouvelle monnaie s'appelle la gratitude","publisher":{"@id":"https:\/\/gradido.net\/de\/#organization"},"potentialAction":[{"@type":"SearchAction","target":{"@type":"EntryPoint","urlTemplate":"https:\/\/gradido.net\/de\/?s={search_term_string}"},"query-input":{"@type":"PropertyValueSpecification","valueRequired":true,"valueName":"search_term_string"}}],"inLanguage":"fr-FR"},{"@type":"Organization","@id":"https:\/\/gradido.net\/de\/#organization","name":"Gradido","url":"https:\/\/gradido.net\/de\/","logo":{"@type":"ImageObject","inLanguage":"fr-FR","@id":"https:\/\/gradido.net\/de\/#\/schema\/logo\/image\/","url":"https:\/\/gradido.net\/wp-content\/uploads\/2022\/04\/gradido-social.jpg","contentUrl":"https:\/\/gradido.net\/wp-content\/uploads\/2022\/04\/gradido-social.jpg","width":527,"height":273,"caption":"Gradido"},"image":{"@id":"https:\/\/gradido.net\/de\/#\/schema\/logo\/image\/"}},{"@type":"Person","@id":"https:\/\/gradido.net\/de\/#\/schema\/person\/9f913f37a47e7a82ad686b58fc907588","name":"GR4dmin","sameAs":["https:\/\/gradido.net"],"url":"https:\/\/gradido.net\/fr\/author\/gr4dmin\/"}]}},"_links":{"self":[{"href":"https:\/\/gradido.net\/fr\/wp-json\/wp\/v2\/posts\/616","targetHints":{"allow":["GET"]}}],"collection":[{"href":"https:\/\/gradido.net\/fr\/wp-json\/wp\/v2\/posts"}],"about":[{"href":"https:\/\/gradido.net\/fr\/wp-json\/wp\/v2\/types\/post"}],"author":[{"embeddable":true,"href":"https:\/\/gradido.net\/fr\/wp-json\/wp\/v2\/users\/1"}],"replies":[{"embeddable":true,"href":"https:\/\/gradido.net\/fr\/wp-json\/wp\/v2\/comments?post=616"}],"version-history":[{"count":15,"href":"https:\/\/gradido.net\/fr\/wp-json\/wp\/v2\/posts\/616\/revisions"}],"predecessor-version":[{"id":3718,"href":"https:\/\/gradido.net\/fr\/wp-json\/wp\/v2\/posts\/616\/revisions\/3718"}],"wp:featuredmedia":[{"embeddable":true,"href":"https:\/\/gradido.net\/fr\/wp-json\/wp\/v2\/media\/858"}],"wp:attachment":[{"href":"https:\/\/gradido.net\/fr\/wp-json\/wp\/v2\/media?parent=616"}],"wp:term":[{"taxonomy":"category","embeddable":true,"href":"https:\/\/gradido.net\/fr\/wp-json\/wp\/v2\/categories?post=616"},{"taxonomy":"post_tag","embeddable":true,"href":"https:\/\/gradido.net\/fr\/wp-json\/wp\/v2\/tags?post=616"}],"curies":[{"name":"wp","href":"https:\/\/api.w.org\/{rel}","templated":true}]}}