{"id":7227,"date":"2023-08-20T07:00:11","date_gmt":"2023-08-20T05:00:11","guid":{"rendered":"https:\/\/gradido.net\/?p=7227"},"modified":"2026-04-23T07:14:02","modified_gmt":"2026-04-23T05:14:02","slug":"lieblingsstadt-4-gradido-tage-in-der-pizzeria-ehrenamt-trifft-auf-gastronomie","status":"publish","type":"post","link":"https:\/\/gradido.net\/fr\/lieblingsstadt-4-gradido-tage-in-der-pizzeria-ehrenamt-trifft-auf-gastronomie\/","title":{"rendered":"Ville pr\u00e9f\u00e9r\u00e9e 4 - Journ\u00e9es Gradido \u00e0 la pizzeria : le b\u00e9n\u00e9volat rencontre la gastronomie"},"content":{"rendered":"<div data-elementor-type=\"wp-post\" data-elementor-id=\"7227\" class=\"elementor elementor-7227\" data-elementor-post-type=\"post\">\n\t\t\t\t\t\t<section class=\"elementor-section elementor-top-section elementor-element elementor-element-496e1d53 elementor-section-boxed elementor-section-height-default elementor-section-height-default\" data-id=\"496e1d53\" data-element_type=\"section\" data-e-type=\"section\">\n\t\t\t\t\t\t<div class=\"elementor-container elementor-column-gap-default\">\n\t\t\t\t\t<div class=\"elementor-column elementor-col-100 elementor-top-column elementor-element elementor-element-461d7be0\" data-id=\"461d7be0\" data-element_type=\"column\" data-e-type=\"column\">\n\t\t\t<div class=\"elementor-widget-wrap elementor-element-populated\">\n\t\t\t\t\t\t<div class=\"elementor-element elementor-element-cd9ebe2 elementor-widget elementor-widget-text-editor\" data-id=\"cd9ebe2\" data-element_type=\"widget\" data-e-type=\"widget\" data-widget_type=\"text-editor.default\">\n\t\t\t\t<div class=\"elementor-widget-container\">\n\t\t\t\t\t\t\t\t\t<p style=\"text-align: right;\"><em>\"Nous aimons notre ville et ses habitants ; et nous voulons que tout le monde puisse se permettre de profiter de quelques heures d'ambiance italienne et de cuisine m\u00e9diterran\u00e9enne\".<\/em><\/p><p>Ch\u00e8re lectrice, cher lecteur<\/p><p>dans Coup de c\u0153ur, se trouve la tr\u00e8s populaire pizzeria Napoli, g\u00e9r\u00e9e par Giulia et Antonio. En tant que restaurateurs passionn\u00e9s, ils n'ont pas seulement le coup de main pour une d\u00e9licieuse cuisine italienne, mais aussi le c\u0153ur \u00e0 l'ouvrage.<\/p>\t\t\t\t\t\t\t\t<\/div>\n\t\t\t\t<\/div>\n\t\t\t\t<div class=\"elementor-element elementor-element-b482206 elementor-widget elementor-widget-image\" data-id=\"b482206\" data-element_type=\"widget\" data-e-type=\"widget\" data-widget_type=\"image.default\">\n\t\t\t\t<div class=\"elementor-widget-container\">\n\t\t\t\t\t\t\t\t\t\t\t\t\t\t\t<img fetchpriority=\"high\" decoding=\"async\" width=\"500\" height=\"500\" src=\"https:\/\/gradido.net\/wp-content\/uploads\/2023\/08\/Giulia_Toni_500.jpg\" class=\"attachment-full size-full wp-image-7233\" alt=\"\" srcset=\"https:\/\/gradido.net\/wp-content\/uploads\/2023\/08\/Giulia_Toni_500.jpg 500w, https:\/\/gradido.net\/wp-content\/uploads\/2023\/08\/Giulia_Toni_500-300x300.jpg 300w, https:\/\/gradido.net\/wp-content\/uploads\/2023\/08\/Giulia_Toni_500-150x150.jpg 150w, https:\/\/gradido.net\/wp-content\/uploads\/2023\/08\/Giulia_Toni_500-12x12.jpg 12w\" sizes=\"(max-width: 500px) 100vw, 500px\" \/>\t\t\t\t\t\t\t\t\t\t\t\t\t\t\t<\/div>\n\t\t\t\t<\/div>\n\t\t\t\t<div class=\"elementor-element elementor-element-c5e61d4 elementor-widget elementor-widget-text-editor\" data-id=\"c5e61d4\" data-element_type=\"widget\" data-e-type=\"widget\" data-widget_type=\"text-editor.default\">\n\t\t\t\t<div class=\"elementor-widget-container\">\n\t\t\t\t\t\t\t\t\t<p>Mais ces derniers temps, il y a une atmosph\u00e8re pesante dans l'air - tout le monde ne peut pas se permettre le petit luxe d'aller au restaurant. Surtout maintenant, apr\u00e8s que le plus grand employeur de la ville a d\u00fb fermer ses portes, le ch\u00f4mage a frapp\u00e9 de nombreux habitants de Coup de c\u0153ur qui travaillent dur.<\/p><p><br \/>Lors d'une visite du maire Michael Miteinand, Giulia et Antonio apprennent son nouveau projet : L'introduction de points de gratitude pour le bien commun selon le mod\u00e8le Gradido dans Coup de c\u0153ur. Le nom \"Gradido\" est tout un programme, car ce mod\u00e8le est bas\u00e9 sur les principes de gratitude (gratitude), de dignit\u00e9 (dignity) et de donation (donation, donation).\u00a0<\/p><p><br \/>Chaque b\u00e9n\u00e9vole re\u00e7oit 20 gradidos par heure de b\u00e9n\u00e9volat et peut les \u00e9changer contre des r\u00e9ductions et d'autres avantages.<\/p><p><br \/>En entendant cette id\u00e9e, Antonio se souvient d'une tradition de sa Naples natale : le \"caff\u00e8 sospeso\". Apparue au milieu du 20e si\u00e8cle, il s'agit d'un acte de solidarit\u00e9 par lequel une personne paie non seulement son propre caf\u00e9, mais en ach\u00e8te \u00e9galement un autre \"en r\u00e9serve\" pour quelqu'un dans le besoin. Ce geste affectueux a gagn\u00e9 en popularit\u00e9 depuis sa cr\u00e9ation et est d\u00e9sormais connu dans le monde entier sous le slogan \"pay it forward\".<\/p>\t\t\t\t\t\t\t\t<\/div>\n\t\t\t\t<\/div>\n\t\t\t\t<div class=\"elementor-element elementor-element-e51c407 elementor-widget elementor-widget-image\" data-id=\"e51c407\" data-element_type=\"widget\" data-e-type=\"widget\" data-widget_type=\"image.default\">\n\t\t\t\t<div class=\"elementor-widget-container\">\n\t\t\t\t\t\t\t\t\t\t\t\t\t\t\t<img decoding=\"async\" src=\"https:\/\/gradido.net\/wp-content\/uploads\/elementor\/thumbs\/Cafe\u0301-Sospeso_800-qh4sa6qu9nadfnzp024c04onwjg978k2dpsj4pxpjc.png\" title=\"Caf\u00e9 Sospeso_800\" alt=\"Caf\u00e9 Sospeso_800\" loading=\"lazy\" \/>\t\t\t\t\t\t\t\t\t\t\t\t\t\t\t<\/div>\n\t\t\t\t<\/div>\n\t\t\t\t<div class=\"elementor-element elementor-element-06a4667 elementor-widget elementor-widget-text-editor\" data-id=\"06a4667\" data-element_type=\"widget\" data-e-type=\"widget\" data-widget_type=\"text-editor.default\">\n\t\t\t\t<div class=\"elementor-widget-container\">\n\t\t\t\t\t\t\t\t\t<p><span style=\"font-weight: 400;\">Les caf\u00e9s Karma, \u00e9galement connus sous le nom de caf\u00e9s Pay-What-You-Can, ont un concept similaire et se r\u00e9pandent dans le monde entier. Il s'agit d'endroits o\u00f9 les gens peuvent payer pour manger et boire ce qu'ils peuvent se permettre ou ce qu'ils consid\u00e8rent comme appropri\u00e9.\u00a0<\/span><\/p><p><span style=\"font-weight: 400;\">L'id\u00e9e derri\u00e8re un Karma Caf\u00e9 est de promouvoir la communaut\u00e9 et la solidarit\u00e9 tout en s'assurant que personne ne souffre de la faim en raison de restrictions financi\u00e8res. Les Karma Caf\u00e9s peuvent apporter une contribution importante \u00e0 la communaut\u00e9 en encourageant un sentiment de solidarit\u00e9 et de compassion.<\/span><\/p>\t\t\t\t\t\t\t\t<\/div>\n\t\t\t\t<\/div>\n\t\t\t\t<div class=\"elementor-element elementor-element-f223bb6 elementor-widget elementor-widget-image\" data-id=\"f223bb6\" data-element_type=\"widget\" data-e-type=\"widget\" data-widget_type=\"image.default\">\n\t\t\t\t<div class=\"elementor-widget-container\">\n\t\t\t\t\t\t\t\t\t\t\t\t\t\t\t<img decoding=\"async\" src=\"https:\/\/gradido.net\/wp-content\/uploads\/elementor\/thumbs\/gradido_willkommen-qh4sa6qt1shxtntyl595w1uav78mjhcchx7czbghi8.png\" title=\"gradido_bienvenu\" alt=\"gradido_bienvenu\" loading=\"lazy\" \/>\t\t\t\t\t\t\t\t\t\t\t\t\t\t\t<\/div>\n\t\t\t\t<\/div>\n\t\t\t\t<div class=\"elementor-element elementor-element-0499f3c elementor-widget elementor-widget-text-editor\" data-id=\"0499f3c\" data-element_type=\"widget\" data-e-type=\"widget\" data-widget_type=\"text-editor.default\">\n\t\t\t\t<div class=\"elementor-widget-container\">\n\t\t\t\t\t\t\t\t\t<p><strong>La fusion de ces concepts inspire au couple une initiative formidable :<\/strong><\/p><p>Ils d\u00e9cident d'instaurer deux jours Gradido par semaine, durant lesquels ils proposent de la nourriture et des boissons \u00e0 prix r\u00e9duit Gradido. Les clients qui en ont les moyens ont en outre la possibilit\u00e9 de payer plus cher. Ils permettent ainsi aux personnes moins bien loties d'obtenir leur repas enti\u00e8rement pour des gradidos.<\/p><p>Ainsi, ces personnes ne se sentent pas simplement dans le besoin, mais peuvent, gr\u00e2ce \u00e0 leur activit\u00e9 b\u00e9n\u00e9vole, profiter en retour d'un luxe qu'elles n'auraient peut-\u00eatre pas autrement.<\/p><p>Lors des deux journ\u00e9es Gradido \u00e9tablies, les serveurs b\u00e9n\u00e9ficient d'un jour de cong\u00e9 bien m\u00e9rit\u00e9. Cela donne l'id\u00e9e \u00e0 un groupe de jeunes de donner un coup de main b\u00e9n\u00e9vole pour Gradidos.<\/p>\t\t\t\t\t\t\t\t<\/div>\n\t\t\t\t<\/div>\n\t\t\t\t<div class=\"elementor-element elementor-element-392458a elementor-widget elementor-widget-image\" data-id=\"392458a\" data-element_type=\"widget\" data-e-type=\"widget\" data-widget_type=\"image.default\">\n\t\t\t\t<div class=\"elementor-widget-container\">\n\t\t\t\t\t\t\t\t\t\t\t\t\t\t\t<img decoding=\"async\" width=\"500\" height=\"375\" src=\"https:\/\/gradido.net\/wp-content\/uploads\/2023\/08\/Freiwillige_Pizzabaecker_500.jpg\" class=\"attachment-full size-full wp-image-7239\" alt=\"\" srcset=\"https:\/\/gradido.net\/wp-content\/uploads\/2023\/08\/Freiwillige_Pizzabaecker_500.jpg 500w, https:\/\/gradido.net\/wp-content\/uploads\/2023\/08\/Freiwillige_Pizzabaecker_500-300x225.jpg 300w, https:\/\/gradido.net\/wp-content\/uploads\/2023\/08\/Freiwillige_Pizzabaecker_500-16x12.jpg 16w\" sizes=\"(max-width: 500px) 100vw, 500px\" \/>\t\t\t\t\t\t\t\t\t\t\t\t\t\t\t<\/div>\n\t\t\t\t<\/div>\n\t\t\t\t<div class=\"elementor-element elementor-element-8fcbf61 elementor-widget elementor-widget-text-editor\" data-id=\"8fcbf61\" data-element_type=\"widget\" data-e-type=\"widget\" data-widget_type=\"text-editor.default\">\n\t\t\t\t<div class=\"elementor-widget-container\">\n\t\t\t\t\t\t\t\t\t<p>La communaut\u00e9 s'agrandit. La solidarit\u00e9 et la coh\u00e9sion r\u00e9jouissent d\u00e9sormais chaque jour les c\u0153urs \u00e0 la Pizzeria Napoli - et dans toute la ville pr\u00e9f\u00e9r\u00e9e.<\/p><p><strong>On observe \u00e9galement un autre ph\u00e9nom\u00e8ne \u00e9tonnant :\u00a0<\/strong><\/p><p>Depuis l'introduction des journ\u00e9es Gradido, la pizzeria conna\u00eet un boom sans pr\u00e9c\u00e9dent. Elle fait le plein tous les jours et attire de plus en plus de clients venus de loin pour assister au \"miracle de leur ville pr\u00e9f\u00e9r\u00e9e\". Ceux qui peuvent se le permettre paient volontiers un suppl\u00e9ment pour permettre aux personnes moins bien loties financi\u00e8rement de manger un repas Gradido.\u00a0<\/p>\t\t\t\t\t\t\t\t<\/div>\n\t\t\t\t<\/div>\n\t\t\t\t<div class=\"elementor-element elementor-element-84f7bbd elementor-widget elementor-widget-image\" data-id=\"84f7bbd\" data-element_type=\"widget\" data-e-type=\"widget\" data-widget_type=\"image.default\">\n\t\t\t\t<div class=\"elementor-widget-container\">\n\t\t\t\t\t\t\t\t\t\t\t\t\t\t\t<img decoding=\"async\" width=\"500\" height=\"300\" src=\"https:\/\/gradido.net\/wp-content\/uploads\/2023\/08\/Erfolg_500.png\" class=\"attachment-full size-full wp-image-7243\" alt=\"\" srcset=\"https:\/\/gradido.net\/wp-content\/uploads\/2023\/08\/Erfolg_500.png 500w, https:\/\/gradido.net\/wp-content\/uploads\/2023\/08\/Erfolg_500-300x180.png 300w, https:\/\/gradido.net\/wp-content\/uploads\/2023\/08\/Erfolg_500-18x12.png 18w\" sizes=\"(max-width: 500px) 100vw, 500px\" \/>\t\t\t\t\t\t\t\t\t\t\t\t\t\t\t<\/div>\n\t\t\t\t<\/div>\n\t\t\t\t<div class=\"elementor-element elementor-element-abb92cd elementor-widget elementor-widget-text-editor\" data-id=\"abb92cd\" data-element_type=\"widget\" data-e-type=\"widget\" data-widget_type=\"text-editor.default\">\n\t\t\t\t<div class=\"elementor-widget-container\">\n\t\t\t\t\t\t\t\t\t<p><strong>Giulia et Toni enregistrent d\u00e9sormais un chiffre d'affaires et des b\u00e9n\u00e9fices plus importants que jamais.<\/strong><\/p>\t\t\t\t\t\t\t\t<\/div>\n\t\t\t\t<\/div>\n\t\t\t\t<div class=\"elementor-element elementor-element-e858257 elementor-widget-divider--view-line elementor-widget elementor-widget-divider\" data-id=\"e858257\" data-element_type=\"widget\" data-e-type=\"widget\" data-widget_type=\"divider.default\">\n\t\t\t\t<div class=\"elementor-widget-container\">\n\t\t\t\t\t\t\t<div class=\"elementor-divider\">\n\t\t\t<span class=\"elementor-divider-separator\">\n\t\t\t\t\t\t<\/span>\n\t\t<\/div>\n\t\t\t\t\t\t<\/div>\n\t\t\t\t<\/div>\n\t\t\t\t<div class=\"elementor-element elementor-element-d74dfa0 elementor-widget elementor-widget-text-editor\" data-id=\"d74dfa0\" data-element_type=\"widget\" data-e-type=\"widget\" data-widget_type=\"text-editor.default\">\n\t\t\t\t<div class=\"elementor-widget-container\">\n\t\t\t\t\t\t\t\t\t<div data-pm-slice=\"1 1 []\" data-en-clipboard=\"true\"><p>Dans ce quatri\u00e8me article de notre s\u00e9rie <strong>\"Gradido dans sa ville pr\u00e9f\u00e9r\u00e9e\" <\/strong>nous voyons comment Gradido peut non seulement am\u00e9liorer la qualit\u00e9 de vie des habitants, mais aussi augmenter consid\u00e9rablement le succ\u00e8s commercial des entreprises locales. Ce th\u00e8me nous accompagnera encore dans les autres articles, dans lesquels m\u00eame des entreprises et l'h\u00f4pital municipal sont sauv\u00e9s.<\/p><p><strong>N'h\u00e9site pas \u00e0 transmettre cette s\u00e9rie \u00e0 ton administration municipale, aux associations et aux commer\u00e7ants !<\/strong><\/p><p>Si nous n'agissons pas ensemble maintenant, la tendance \u00e0 la baisse se poursuivra, l'\u00e9conomie ira dans le mur, la classe moyenne sera \u00e9rod\u00e9e et de nombreuses communes s'effondreront sous le poids de la dette.\u00a0<\/p><p>Avec Gradido, nous avons entre les mains un outil efficace pour organiser positivement notre vie et notre r\u00e9ussite. Ensemble, nous transformons nos villes et nos communes en oasis vivantes et florissantes - en nos lieux pr\u00e9f\u00e9r\u00e9s !<\/p><p>Meilleures salutations<\/p><\/div><p>Ton<\/p><p><img loading=\"lazy\" decoding=\"async\" class=\"alignnone wp-image-4614 size-medium\" src=\"https:\/\/gradido.net\/wp-content\/uploads\/2022\/06\/MargretBernd_2022-300x74.png\" alt=\"\" width=\"300\" height=\"74\" srcset=\"https:\/\/gradido.net\/wp-content\/uploads\/2022\/06\/MargretBernd_2022-300x74.png 300w, https:\/\/gradido.net\/wp-content\/uploads\/2022\/06\/MargretBernd_2022-18x4.png 18w, https:\/\/gradido.net\/wp-content\/uploads\/2022\/06\/MargretBernd_2022.png 431w\" sizes=\"(max-width: 300px) 100vw, 300px\" \/><\/p><p>Margret Baier et Bernd H\u00fcckst\u00e4dt<br \/>Fondateur et d\u00e9veloppeur de Gradido<\/p>\t\t\t\t\t\t\t\t<\/div>\n\t\t\t\t<\/div>\n\t\t\t\t\t<\/div>\n\t\t<\/div>\n\t\t\t\t\t<\/div>\n\t\t<\/section>\n\t\t\t\t<section class=\"elementor-section elementor-top-section elementor-element elementor-element-262cce0 elementor-section-boxed elementor-section-height-default elementor-section-height-default\" data-id=\"262cce0\" data-element_type=\"section\" data-e-type=\"section\">\n\t\t\t\t\t\t<div class=\"elementor-container elementor-column-gap-default\">\n\t\t\t\t\t<div class=\"elementor-column elementor-col-100 elementor-top-column elementor-element elementor-element-252afa7\" data-id=\"252afa7\" data-element_type=\"column\" data-e-type=\"column\">\n\t\t\t<div class=\"elementor-widget-wrap elementor-element-populated\">\n\t\t\t\t\t\t<div class=\"elementor-element elementor-element-da4b51f elementor-position-inline-start white-links elementor-widget__width-initial elementor-view-default elementor-mobile-position-block-start elementor-widget elementor-widget-icon-box\" data-id=\"da4b51f\" data-element_type=\"widget\" data-e-type=\"widget\" data-no-translation=\"\" data-widget_type=\"icon-box.default\">\n\t\t\t\t<div class=\"elementor-widget-container\">\n\t\t\t\t\t<style>.elementor-element-da4b51f{display:none !important}<\/style>\t\t\t\t<\/div>\n\t\t\t\t<\/div>\n\t\t\t\t\t<\/div>\n\t\t<\/div>\n\t\t\t\t\t<\/div>\n\t\t<\/section>\n\t\t\t\t<section class=\"elementor-section elementor-top-section elementor-element elementor-element-14532fe elementor-section-boxed elementor-section-height-default elementor-section-height-default\" data-id=\"14532fe\" data-element_type=\"section\" data-e-type=\"section\">\n\t\t\t\t\t\t<div class=\"elementor-container elementor-column-gap-default\">\n\t\t\t\t\t<div class=\"elementor-column elementor-col-100 elementor-top-column elementor-element elementor-element-65d2298\" data-id=\"65d2298\" data-element_type=\"column\" data-e-type=\"column\">\n\t\t\t<div class=\"elementor-widget-wrap elementor-element-populated\">\n\t\t\t\t\t\t<div class=\"elementor-element elementor-element-13273c5 elementor-widget elementor-widget-global elementor-global-9341 elementor-widget-text-editor\" data-id=\"13273c5\" data-element_type=\"widget\" data-e-type=\"widget\" data-widget_type=\"text-editor.default\">\n\t\t\t\t<div class=\"elementor-widget-container\">\n\t\t\t\t\t\t\t\t\t<p><strong>PS\u00a0<span style=\"color: #ff6600;\"><a style=\"color: #ff6600;\" href=\"https:\/\/gradido.net\/fr\/donations\/\">En raison de l'importance croissante de Gradido, nous r\u00e9it\u00e9rons notre action de remerciement le 26 juin 2026 :<\/a>\u00a0<\/span><span style=\"color: #0000ff;\"><a style=\"color: #0000ff;\" href=\"https:\/\/gradido.net\/fr\/donations\/\">En plus des multiples GradidoTransform pour ta contribution de soutien, nous augmenterons le 26.06.26 tous les soldes de comptes GDT de 26%. Promouvoir maintenant toi aussi et profiter d'une quantit\u00e9 multiple de GDT !<\/a><\/span><\/strong><\/p>\t\t\t\t\t\t\t\t<\/div>\n\t\t\t\t<\/div>\n\t\t\t\t\t<\/div>\n\t\t<\/div>\n\t\t\t\t\t<\/div>\n\t\t<\/section>\n\t\t\t\t<\/div>","protected":false},"excerpt":{"rendered":"<p>Depuis l'introduction des journ\u00e9es Gradido, la pizzeria Napoli conna\u00eet un boom sans pr\u00e9c\u00e9dent. Elle fait le plein tous les jours et attire de plus en plus de clients venus de loin pour assister au \"miracle de leur ville pr\u00e9f\u00e9r\u00e9e\". <\/p>","protected":false},"author":2,"featured_media":7228,"comment_status":"closed","ping_status":"closed","sticky":false,"template":"","format":"standard","meta":{"footnotes":""},"categories":[11,53],"tags":[],"class_list":["post-7227","post","type-post","status-publish","format-standard","has-post-thumbnail","hentry","category-blog","category-lieblingsstadt"],"yoast_head":"<!-- This site is optimized with the Yoast SEO plugin v27.5 - https:\/\/yoast.com\/product\/yoast-seo-wordpress\/ -->\n<title>Lieblingsstadt 4 \u2013 Gradido-Tage in der Pizzeria: Ehrenamt trifft auf Gastronomie - Gradido<\/title>\n<meta name=\"description\" content=\"Seit der Einf\u00fchrung der Gradido-Tage boomt die Pizzeria Napoli wie nie zuvor. Sie ist t\u00e4glich voll besucht und zieht immer mehr G\u00e4ste von weiter her an, die das \u201cWunder von Lieblingsstadt\u201d miterleben m\u00f6chten.\" \/>\n<meta name=\"robots\" content=\"index, follow, max-snippet:-1, max-image-preview:large, max-video-preview:-1\" \/>\n<link rel=\"canonical\" href=\"https:\/\/gradido.net\/fr\/lieblingsstadt-4-gradido-tage-in-der-pizzeria-ehrenamt-trifft-auf-gastronomie\/\" \/>\n<meta property=\"og:locale\" content=\"fr_FR\" \/>\n<meta property=\"og:type\" content=\"article\" \/>\n<meta property=\"og:title\" content=\"Lieblingsstadt 4 \u2013 Gradido-Tage in der Pizzeria: Ehrenamt trifft auf Gastronomie - Gradido\" \/>\n<meta property=\"og:description\" content=\"Seit der Einf\u00fchrung der Gradido-Tage boomt die Pizzeria Napoli wie nie zuvor. Sie ist t\u00e4glich voll besucht und zieht immer mehr G\u00e4ste von weiter her an, die das \u201cWunder von Lieblingsstadt\u201d miterleben m\u00f6chten.\" \/>\n<meta property=\"og:url\" content=\"https:\/\/gradido.net\/fr\/lieblingsstadt-4-gradido-tage-in-der-pizzeria-ehrenamt-trifft-auf-gastronomie\/\" \/>\n<meta property=\"og:site_name\" content=\"Gradido\" \/>\n<meta property=\"article:published_time\" content=\"2023-08-20T05:00:11+00:00\" \/>\n<meta property=\"article:modified_time\" content=\"2026-04-23T05:14:02+00:00\" \/>\n<meta property=\"og:image\" content=\"https:\/\/gradido.net\/wp-content\/uploads\/2023\/08\/Pizzeria_1920.jpg\" \/>\n\t<meta property=\"og:image:width\" content=\"1920\" \/>\n\t<meta property=\"og:image:height\" content=\"1080\" \/>\n\t<meta property=\"og:image:type\" content=\"image\/jpeg\" \/>\n<meta name=\"author\" content=\"Bernd H\u00fcckst\u00e4dt\" \/>\n<meta name=\"twitter:card\" content=\"summary_large_image\" \/>\n<meta name=\"twitter:label1\" content=\"\u00c9crit par\" \/>\n\t<meta name=\"twitter:data1\" content=\"Bernd H\u00fcckst\u00e4dt\" \/>\n\t<meta name=\"twitter:label2\" content=\"Dur\u00e9e de lecture estim\u00e9e\" \/>\n\t<meta name=\"twitter:data2\" content=\"6 minutes\" \/>\n<script type=\"application\/ld+json\" class=\"yoast-schema-graph\">{\"@context\":\"https:\\\/\\\/schema.org\",\"@graph\":[{\"@type\":\"Article\",\"@id\":\"https:\\\/\\\/gradido.net\\\/lieblingsstadt-4-gradido-tage-in-der-pizzeria-ehrenamt-trifft-auf-gastronomie\\\/#article\",\"isPartOf\":{\"@id\":\"https:\\\/\\\/gradido.net\\\/lieblingsstadt-4-gradido-tage-in-der-pizzeria-ehrenamt-trifft-auf-gastronomie\\\/\"},\"author\":{\"name\":\"Bernd H\u00fcckst\u00e4dt\",\"@id\":\"https:\\\/\\\/gradido.net\\\/de\\\/#\\\/schema\\\/person\\\/9c503a004ad15a1ddecadce2218db5d1\"},\"headline\":\"Lieblingsstadt 4 \u2013 Gradido-Tage in der Pizzeria: Ehrenamt trifft auf Gastronomie\",\"datePublished\":\"2023-08-20T05:00:11+00:00\",\"dateModified\":\"2026-04-23T05:14:02+00:00\",\"mainEntityOfPage\":{\"@id\":\"https:\\\/\\\/gradido.net\\\/lieblingsstadt-4-gradido-tage-in-der-pizzeria-ehrenamt-trifft-auf-gastronomie\\\/\"},\"wordCount\":795,\"publisher\":{\"@id\":\"https:\\\/\\\/gradido.net\\\/de\\\/#organization\"},\"image\":{\"@id\":\"https:\\\/\\\/gradido.net\\\/lieblingsstadt-4-gradido-tage-in-der-pizzeria-ehrenamt-trifft-auf-gastronomie\\\/#primaryimage\"},\"thumbnailUrl\":\"https:\\\/\\\/gradido.net\\\/wp-content\\\/uploads\\\/2023\\\/08\\\/Pizzeria_1920.jpg\",\"articleSection\":[\"Blog\",\"Lieblingsstadt\"],\"inLanguage\":\"fr-FR\"},{\"@type\":\"WebPage\",\"@id\":\"https:\\\/\\\/gradido.net\\\/lieblingsstadt-4-gradido-tage-in-der-pizzeria-ehrenamt-trifft-auf-gastronomie\\\/\",\"url\":\"https:\\\/\\\/gradido.net\\\/lieblingsstadt-4-gradido-tage-in-der-pizzeria-ehrenamt-trifft-auf-gastronomie\\\/\",\"name\":\"Lieblingsstadt 4 \u2013 Gradido-Tage in der Pizzeria: Ehrenamt trifft auf Gastronomie - Gradido\",\"isPartOf\":{\"@id\":\"https:\\\/\\\/gradido.net\\\/de\\\/#website\"},\"primaryImageOfPage\":{\"@id\":\"https:\\\/\\\/gradido.net\\\/lieblingsstadt-4-gradido-tage-in-der-pizzeria-ehrenamt-trifft-auf-gastronomie\\\/#primaryimage\"},\"image\":{\"@id\":\"https:\\\/\\\/gradido.net\\\/lieblingsstadt-4-gradido-tage-in-der-pizzeria-ehrenamt-trifft-auf-gastronomie\\\/#primaryimage\"},\"thumbnailUrl\":\"https:\\\/\\\/gradido.net\\\/wp-content\\\/uploads\\\/2023\\\/08\\\/Pizzeria_1920.jpg\",\"datePublished\":\"2023-08-20T05:00:11+00:00\",\"dateModified\":\"2026-04-23T05:14:02+00:00\",\"description\":\"Seit der Einf\u00fchrung der Gradido-Tage boomt die Pizzeria Napoli wie nie zuvor. Sie ist t\u00e4glich voll besucht und zieht immer mehr G\u00e4ste von weiter her an, die das \u201cWunder von Lieblingsstadt\u201d miterleben m\u00f6chten.\",\"breadcrumb\":{\"@id\":\"https:\\\/\\\/gradido.net\\\/lieblingsstadt-4-gradido-tage-in-der-pizzeria-ehrenamt-trifft-auf-gastronomie\\\/#breadcrumb\"},\"inLanguage\":\"fr-FR\",\"potentialAction\":[{\"@type\":\"ReadAction\",\"target\":[\"https:\\\/\\\/gradido.net\\\/lieblingsstadt-4-gradido-tage-in-der-pizzeria-ehrenamt-trifft-auf-gastronomie\\\/\"]}]},{\"@type\":\"ImageObject\",\"inLanguage\":\"fr-FR\",\"@id\":\"https:\\\/\\\/gradido.net\\\/lieblingsstadt-4-gradido-tage-in-der-pizzeria-ehrenamt-trifft-auf-gastronomie\\\/#primaryimage\",\"url\":\"https:\\\/\\\/gradido.net\\\/wp-content\\\/uploads\\\/2023\\\/08\\\/Pizzeria_1920.jpg\",\"contentUrl\":\"https:\\\/\\\/gradido.net\\\/wp-content\\\/uploads\\\/2023\\\/08\\\/Pizzeria_1920.jpg\",\"width\":1920,\"height\":1080},{\"@type\":\"BreadcrumbList\",\"@id\":\"https:\\\/\\\/gradido.net\\\/lieblingsstadt-4-gradido-tage-in-der-pizzeria-ehrenamt-trifft-auf-gastronomie\\\/#breadcrumb\",\"itemListElement\":[{\"@type\":\"ListItem\",\"position\":1,\"name\":\"Startseite\",\"item\":\"https:\\\/\\\/gradido.net\\\/\"},{\"@type\":\"ListItem\",\"position\":2,\"name\":\"Lieblingsstadt 4 \u2013 Gradido-Tage in der Pizzeria: Ehrenamt trifft auf Gastronomie\"}]},{\"@type\":\"WebSite\",\"@id\":\"https:\\\/\\\/gradido.net\\\/de\\\/#website\",\"url\":\"https:\\\/\\\/gradido.net\\\/de\\\/\",\"name\":\"Gradido\",\"description\":\"Die neue W\u00e4hrung hei\u00dft Dankbarkeit\",\"publisher\":{\"@id\":\"https:\\\/\\\/gradido.net\\\/de\\\/#organization\"},\"potentialAction\":[{\"@type\":\"SearchAction\",\"target\":{\"@type\":\"EntryPoint\",\"urlTemplate\":\"https:\\\/\\\/gradido.net\\\/de\\\/?s={search_term_string}\"},\"query-input\":{\"@type\":\"PropertyValueSpecification\",\"valueRequired\":true,\"valueName\":\"search_term_string\"}}],\"inLanguage\":\"fr-FR\"},{\"@type\":\"Organization\",\"@id\":\"https:\\\/\\\/gradido.net\\\/de\\\/#organization\",\"name\":\"Gradido\",\"url\":\"https:\\\/\\\/gradido.net\\\/de\\\/\",\"logo\":{\"@type\":\"ImageObject\",\"inLanguage\":\"fr-FR\",\"@id\":\"https:\\\/\\\/gradido.net\\\/de\\\/#\\\/schema\\\/logo\\\/image\\\/\",\"url\":\"https:\\\/\\\/gradido.net\\\/wp-content\\\/uploads\\\/2022\\\/04\\\/gradido-social.jpg\",\"contentUrl\":\"https:\\\/\\\/gradido.net\\\/wp-content\\\/uploads\\\/2022\\\/04\\\/gradido-social.jpg\",\"width\":527,\"height\":273,\"caption\":\"Gradido\"},\"image\":{\"@id\":\"https:\\\/\\\/gradido.net\\\/de\\\/#\\\/schema\\\/logo\\\/image\\\/\"}},{\"@type\":\"Person\",\"@id\":\"https:\\\/\\\/gradido.net\\\/de\\\/#\\\/schema\\\/person\\\/9c503a004ad15a1ddecadce2218db5d1\",\"name\":\"Bernd H\u00fcckst\u00e4dt\",\"sameAs\":[\"https:\\\/\\\/gradido.net\"],\"url\":\"https:\\\/\\\/gradido.net\\\/fr\\\/author\\\/bernd\\\/\"}]}<\/script>\n<!-- \/ Yoast SEO plugin. -->","yoast_head_json":{"title":"Ville pr\u00e9f\u00e9r\u00e9e 4 - Journ\u00e9es Gradido \u00e0 la pizzeria : le b\u00e9n\u00e9volat rencontre la gastronomie - Gradido","description":"Depuis l'introduction des journ\u00e9es Gradido, la pizzeria Napoli conna\u00eet un boom sans pr\u00e9c\u00e9dent. Elle fait le plein tous les jours et attire de plus en plus de clients venus de loin pour assister au \"miracle de leur ville pr\u00e9f\u00e9r\u00e9e\".","robots":{"index":"index","follow":"follow","max-snippet":"max-snippet:-1","max-image-preview":"max-image-preview:large","max-video-preview":"max-video-preview:-1"},"canonical":"https:\/\/gradido.net\/fr\/lieblingsstadt-4-gradido-tage-in-der-pizzeria-ehrenamt-trifft-auf-gastronomie\/","og_locale":"fr_FR","og_type":"article","og_title":"Lieblingsstadt 4 \u2013 Gradido-Tage in der Pizzeria: Ehrenamt trifft auf Gastronomie - Gradido","og_description":"Seit der Einf\u00fchrung der Gradido-Tage boomt die Pizzeria Napoli wie nie zuvor. Sie ist t\u00e4glich voll besucht und zieht immer mehr G\u00e4ste von weiter her an, die das \u201cWunder von Lieblingsstadt\u201d miterleben m\u00f6chten.","og_url":"https:\/\/gradido.net\/fr\/lieblingsstadt-4-gradido-tage-in-der-pizzeria-ehrenamt-trifft-auf-gastronomie\/","og_site_name":"Gradido","article_published_time":"2023-08-20T05:00:11+00:00","article_modified_time":"2026-04-23T05:14:02+00:00","og_image":[{"width":1920,"height":1080,"url":"https:\/\/gradido.net\/wp-content\/uploads\/2023\/08\/Pizzeria_1920.jpg","type":"image\/jpeg"}],"author":"Bernd H\u00fcckst\u00e4dt","twitter_card":"summary_large_image","twitter_misc":{"\u00c9crit par":"Bernd H\u00fcckst\u00e4dt","Dur\u00e9e de lecture estim\u00e9e":"6 minutes"},"schema":{"@context":"https:\/\/schema.org","@graph":[{"@type":"Article","@id":"https:\/\/gradido.net\/lieblingsstadt-4-gradido-tage-in-der-pizzeria-ehrenamt-trifft-auf-gastronomie\/#article","isPartOf":{"@id":"https:\/\/gradido.net\/lieblingsstadt-4-gradido-tage-in-der-pizzeria-ehrenamt-trifft-auf-gastronomie\/"},"author":{"name":"Bernd H\u00fcckst\u00e4dt","@id":"https:\/\/gradido.net\/de\/#\/schema\/person\/9c503a004ad15a1ddecadce2218db5d1"},"headline":"Lieblingsstadt 4 \u2013 Gradido-Tage in der Pizzeria: Ehrenamt trifft auf Gastronomie","datePublished":"2023-08-20T05:00:11+00:00","dateModified":"2026-04-23T05:14:02+00:00","mainEntityOfPage":{"@id":"https:\/\/gradido.net\/lieblingsstadt-4-gradido-tage-in-der-pizzeria-ehrenamt-trifft-auf-gastronomie\/"},"wordCount":795,"publisher":{"@id":"https:\/\/gradido.net\/de\/#organization"},"image":{"@id":"https:\/\/gradido.net\/lieblingsstadt-4-gradido-tage-in-der-pizzeria-ehrenamt-trifft-auf-gastronomie\/#primaryimage"},"thumbnailUrl":"https:\/\/gradido.net\/wp-content\/uploads\/2023\/08\/Pizzeria_1920.jpg","articleSection":["Blog","Lieblingsstadt"],"inLanguage":"fr-FR"},{"@type":"WebPage","@id":"https:\/\/gradido.net\/lieblingsstadt-4-gradido-tage-in-der-pizzeria-ehrenamt-trifft-auf-gastronomie\/","url":"https:\/\/gradido.net\/lieblingsstadt-4-gradido-tage-in-der-pizzeria-ehrenamt-trifft-auf-gastronomie\/","name":"Ville pr\u00e9f\u00e9r\u00e9e 4 - Journ\u00e9es Gradido \u00e0 la pizzeria : le b\u00e9n\u00e9volat rencontre la gastronomie - Gradido","isPartOf":{"@id":"https:\/\/gradido.net\/de\/#website"},"primaryImageOfPage":{"@id":"https:\/\/gradido.net\/lieblingsstadt-4-gradido-tage-in-der-pizzeria-ehrenamt-trifft-auf-gastronomie\/#primaryimage"},"image":{"@id":"https:\/\/gradido.net\/lieblingsstadt-4-gradido-tage-in-der-pizzeria-ehrenamt-trifft-auf-gastronomie\/#primaryimage"},"thumbnailUrl":"https:\/\/gradido.net\/wp-content\/uploads\/2023\/08\/Pizzeria_1920.jpg","datePublished":"2023-08-20T05:00:11+00:00","dateModified":"2026-04-23T05:14:02+00:00","description":"Depuis l'introduction des journ\u00e9es Gradido, la pizzeria Napoli conna\u00eet un boom sans pr\u00e9c\u00e9dent. Elle fait le plein tous les jours et attire de plus en plus de clients venus de loin pour assister au \"miracle de leur ville pr\u00e9f\u00e9r\u00e9e\".","breadcrumb":{"@id":"https:\/\/gradido.net\/lieblingsstadt-4-gradido-tage-in-der-pizzeria-ehrenamt-trifft-auf-gastronomie\/#breadcrumb"},"inLanguage":"fr-FR","potentialAction":[{"@type":"ReadAction","target":["https:\/\/gradido.net\/lieblingsstadt-4-gradido-tage-in-der-pizzeria-ehrenamt-trifft-auf-gastronomie\/"]}]},{"@type":"ImageObject","inLanguage":"fr-FR","@id":"https:\/\/gradido.net\/lieblingsstadt-4-gradido-tage-in-der-pizzeria-ehrenamt-trifft-auf-gastronomie\/#primaryimage","url":"https:\/\/gradido.net\/wp-content\/uploads\/2023\/08\/Pizzeria_1920.jpg","contentUrl":"https:\/\/gradido.net\/wp-content\/uploads\/2023\/08\/Pizzeria_1920.jpg","width":1920,"height":1080},{"@type":"BreadcrumbList","@id":"https:\/\/gradido.net\/lieblingsstadt-4-gradido-tage-in-der-pizzeria-ehrenamt-trifft-auf-gastronomie\/#breadcrumb","itemListElement":[{"@type":"ListItem","position":1,"name":"Startseite","item":"https:\/\/gradido.net\/"},{"@type":"ListItem","position":2,"name":"Lieblingsstadt 4 \u2013 Gradido-Tage in der Pizzeria: Ehrenamt trifft auf Gastronomie"}]},{"@type":"WebSite","@id":"https:\/\/gradido.net\/de\/#website","url":"https:\/\/gradido.net\/de\/","name":"Gradido","description":"La nouvelle monnaie s'appelle la gratitude","publisher":{"@id":"https:\/\/gradido.net\/de\/#organization"},"potentialAction":[{"@type":"SearchAction","target":{"@type":"EntryPoint","urlTemplate":"https:\/\/gradido.net\/de\/?s={search_term_string}"},"query-input":{"@type":"PropertyValueSpecification","valueRequired":true,"valueName":"search_term_string"}}],"inLanguage":"fr-FR"},{"@type":"Organization","@id":"https:\/\/gradido.net\/de\/#organization","name":"Gradido","url":"https:\/\/gradido.net\/de\/","logo":{"@type":"ImageObject","inLanguage":"fr-FR","@id":"https:\/\/gradido.net\/de\/#\/schema\/logo\/image\/","url":"https:\/\/gradido.net\/wp-content\/uploads\/2022\/04\/gradido-social.jpg","contentUrl":"https:\/\/gradido.net\/wp-content\/uploads\/2022\/04\/gradido-social.jpg","width":527,"height":273,"caption":"Gradido"},"image":{"@id":"https:\/\/gradido.net\/de\/#\/schema\/logo\/image\/"}},{"@type":"Person","@id":"https:\/\/gradido.net\/de\/#\/schema\/person\/9c503a004ad15a1ddecadce2218db5d1","name":"Bernd H\u00fcckst\u00e4dt","sameAs":["https:\/\/gradido.net"],"url":"https:\/\/gradido.net\/fr\/author\/bernd\/"}]}},"_links":{"self":[{"href":"https:\/\/gradido.net\/fr\/wp-json\/wp\/v2\/posts\/7227","targetHints":{"allow":["GET"]}}],"collection":[{"href":"https:\/\/gradido.net\/fr\/wp-json\/wp\/v2\/posts"}],"about":[{"href":"https:\/\/gradido.net\/fr\/wp-json\/wp\/v2\/types\/post"}],"author":[{"embeddable":true,"href":"https:\/\/gradido.net\/fr\/wp-json\/wp\/v2\/users\/2"}],"replies":[{"embeddable":true,"href":"https:\/\/gradido.net\/fr\/wp-json\/wp\/v2\/comments?post=7227"}],"version-history":[{"count":53,"href":"https:\/\/gradido.net\/fr\/wp-json\/wp\/v2\/posts\/7227\/revisions"}],"predecessor-version":[{"id":13546,"href":"https:\/\/gradido.net\/fr\/wp-json\/wp\/v2\/posts\/7227\/revisions\/13546"}],"wp:featuredmedia":[{"embeddable":true,"href":"https:\/\/gradido.net\/fr\/wp-json\/wp\/v2\/media\/7228"}],"wp:attachment":[{"href":"https:\/\/gradido.net\/fr\/wp-json\/wp\/v2\/media?parent=7227"}],"wp:term":[{"taxonomy":"category","embeddable":true,"href":"https:\/\/gradido.net\/fr\/wp-json\/wp\/v2\/categories?post=7227"},{"taxonomy":"post_tag","embeddable":true,"href":"https:\/\/gradido.net\/fr\/wp-json\/wp\/v2\/tags?post=7227"}],"curies":[{"name":"wp","href":"https:\/\/api.w.org\/{rel}","templated":true}]}}