{"id":7278,"date":"2023-08-22T05:59:47","date_gmt":"2023-08-22T03:59:47","guid":{"rendered":"https:\/\/gradido.net\/?p=7278"},"modified":"2026-04-23T07:13:06","modified_gmt":"2026-04-23T05:13:06","slug":"lieblingsstadt-5-wolfgang-wird-arbeitslos-gemeinsam-finden-sie-eine-geniale-loesung","status":"publish","type":"post","link":"https:\/\/gradido.net\/fr\/lieblingsstadt-5-wolfgang-wird-arbeitslos-gemeinsam-finden-sie-eine-geniale-loesung\/","title":{"rendered":"Ville pr\u00e9f\u00e9r\u00e9e 5 - Wolfgang se retrouve au ch\u00f4mage - ensemble, ils trouvent une solution g\u00e9niale"},"content":{"rendered":"<div data-elementor-type=\"wp-post\" data-elementor-id=\"7278\" class=\"elementor elementor-7278\" data-elementor-post-type=\"post\">\n\t\t\t\t\t\t<section class=\"elementor-section elementor-top-section elementor-element elementor-element-496e1d53 elementor-section-boxed elementor-section-height-default elementor-section-height-default\" data-id=\"496e1d53\" data-element_type=\"section\" data-e-type=\"section\">\n\t\t\t\t\t\t<div class=\"elementor-container elementor-column-gap-default\">\n\t\t\t\t\t<div class=\"elementor-column elementor-col-100 elementor-top-column elementor-element elementor-element-461d7be0\" data-id=\"461d7be0\" data-element_type=\"column\" data-e-type=\"column\">\n\t\t\t<div class=\"elementor-widget-wrap elementor-element-populated\">\n\t\t\t\t\t\t<div class=\"elementor-element elementor-element-cd9ebe2 elementor-widget elementor-widget-text-editor\" data-id=\"cd9ebe2\" data-element_type=\"widget\" data-e-type=\"widget\" data-widget_type=\"text-editor.default\">\n\t\t\t\t<div class=\"elementor-widget-container\">\n\t\t\t\t\t\t\t\t\t<p style=\"text-align: right;\"><em>\"J'aime mon travail et j'aime les gens. Et quand il y a le feu, je fais tout pour sauver des vies humaines\".<\/em><\/p><p>Ch\u00e8re lectrice, cher lecteur<\/p><p>pendant des ann\u00e9es, Wolfgang a travaill\u00e9 dans la manufacture de chaussures de la ville pr\u00e9f\u00e9r\u00e9e, riche en traditions. Les chaussures qu'ils produisaient \u00e9taient connues et aim\u00e9es bien au-del\u00e0 des fronti\u00e8res de la ville pour leur qualit\u00e9 et leur perfection artisanale. Mais comme tant d'autres entreprises, 'Lieblingsst\u00e4dter' n'a pas pu r\u00e9sister \u00e0 la pression implacable de la concurrence internationale. Un jour, ils ont d\u00fb d\u00e9poser le bilan et de nombreux citoyens ont perdu leur emploi jusqu'alors s\u00fbr.<\/p><p>Wolfgang est l'un d'entre eux. Pour sauver la manufacture, il avait accept\u00e9 il y a un an de ne plus travailler qu'\u00e0 temps partiel, r\u00e9duisant ainsi son salaire d'un peu plus de la moiti\u00e9. Avec des cons\u00e9quences d\u00e9sastreuses, puisque l'allocation de ch\u00f4mage repr\u00e9sente \u00e0 peine 60 % de son dernier salaire de travail. Malgr\u00e9 sa longue exp\u00e9rience professionnelle, il a \u00e9t\u00e9 consid\u00e9r\u00e9 comme difficile \u00e0 placer en raison de ses comp\u00e9tences trop sp\u00e9cialis\u00e9es.<\/p><p>Le mode de vie de Wolfgang changea radicalement. Ses visites r\u00e9guli\u00e8res \u00e0 la pizzeria Napoli, qui comptaient tant pour lui, n'\u00e9taient d\u00e9sormais plus possibles.<\/p>\t\t\t\t\t\t\t\t<\/div>\n\t\t\t\t<\/div>\n\t\t\t\t<div class=\"elementor-element elementor-element-42ba56c elementor-widget elementor-widget-text-editor\" data-id=\"42ba56c\" data-element_type=\"widget\" data-e-type=\"widget\" data-widget_type=\"text-editor.default\">\n\t\t\t\t<div class=\"elementor-widget-container\">\n\t\t\t\t\t\t\t\t\t<h3>H\u00e9ros courageux et ange sauveur<\/h3><p>Jeune homme, Wolfgang a rejoint les pompiers volontaires. Il a mis sa vie en danger \u00e0 plusieurs reprises pour sauver des gens et a subi de graves br\u00fblures qui ont heureusement bien gu\u00e9ri.<\/p>\t\t\t\t\t\t\t\t<\/div>\n\t\t\t\t<\/div>\n\t\t\t\t<div class=\"elementor-element elementor-element-b482206 elementor-widget elementor-widget-image\" data-id=\"b482206\" data-element_type=\"widget\" data-e-type=\"widget\" data-widget_type=\"image.default\">\n\t\t\t\t<div class=\"elementor-widget-container\">\n\t\t\t\t\t\t\t\t\t\t\t\t\t\t\t<img fetchpriority=\"high\" decoding=\"async\" width=\"500\" height=\"281\" src=\"https:\/\/gradido.net\/wp-content\/uploads\/2023\/08\/Rettet_Kind_500.jpg\" class=\"attachment-full size-full wp-image-7283\" alt=\"\" srcset=\"https:\/\/gradido.net\/wp-content\/uploads\/2023\/08\/Rettet_Kind_500.jpg 500w, https:\/\/gradido.net\/wp-content\/uploads\/2023\/08\/Rettet_Kind_500-300x169.jpg 300w, https:\/\/gradido.net\/wp-content\/uploads\/2023\/08\/Rettet_Kind_500-18x10.jpg 18w\" sizes=\"(max-width: 500px) 100vw, 500px\" \/>\t\t\t\t\t\t\t\t\t\t\t\t\t\t\t<\/div>\n\t\t\t\t<\/div>\n\t\t\t\t<div class=\"elementor-element elementor-element-c5e61d4 elementor-widget elementor-widget-text-editor\" data-id=\"c5e61d4\" data-element_type=\"widget\" data-e-type=\"widget\" data-widget_type=\"text-editor.default\">\n\t\t\t\t<div class=\"elementor-widget-container\">\n\t\t\t\t\t\t\t\t\t<p>Il se souvient tr\u00e8s bien de l'incendie de l'ancienne pizzeria, o\u00f9 il a sauv\u00e9 des flammes Alessia, la fille de Giulia et Antonio. La vieille maison avait alors enti\u00e8rement br\u00fbl\u00e9. Gr\u00e2ce \u00e0 l'aide courageuse des pompiers, personne n'a \u00e9t\u00e9 bless\u00e9. Giulia et Toni ont d\u00fb chercher de nouveaux locaux et les ont trouv\u00e9s dans la vieille ville, dans une magnifique maison en pierre datant de la fin du XIXe si\u00e8cle.<\/p><h3>Pauvret\u00e9 involontaire - et cela en Allemagne !<\/h3><p>Et maintenant, Wolfgang devrait renoncer \u00e0 la d\u00e9licieuse pizza, au bon vin et \u00e0 la ch\u00e8re compagnie de ses amis parce qu'il n'a pas d'argent pour payer sa note ? Certes, Toni l'inviterait certainement. Mais mendier ? Non, il ne le ferait jamais !<\/p><h3>La lumi\u00e8re au bout du tunnel<\/h3>\t\t\t\t\t\t\t\t<\/div>\n\t\t\t\t<\/div>\n\t\t\t\t<div class=\"elementor-element elementor-element-f223bb6 elementor-widget elementor-widget-image\" data-id=\"f223bb6\" data-element_type=\"widget\" data-e-type=\"widget\" data-widget_type=\"image.default\">\n\t\t\t\t<div class=\"elementor-widget-container\">\n\t\t\t\t\t\t\t\t\t\t\t\t\t\t\t<img decoding=\"async\" src=\"https:\/\/gradido.net\/wp-content\/uploads\/elementor\/thumbs\/gradido_willkommen-qh4sa6qrtxpi7no868dzryzxtv0zvq4mm4m6twz9h4.png\" title=\"gradido_bienvenu\" alt=\"gradido_bienvenu\" loading=\"lazy\" \/>\t\t\t\t\t\t\t\t\t\t\t\t\t\t\t<\/div>\n\t\t\t\t<\/div>\n\t\t\t\t<div class=\"elementor-element elementor-element-0499f3c elementor-widget elementor-widget-text-editor\" data-id=\"0499f3c\" data-element_type=\"widget\" data-e-type=\"widget\" data-widget_type=\"text-editor.default\">\n\t\t\t\t<div class=\"elementor-widget-container\">\n\t\t\t\t\t\t\t\t\t<p>Un jour, il entend parler des journ\u00e9es Gradido - une initiative de la pizzeria dans le cadre du projet Gradido. Les clients moins bien lotis financi\u00e8rement peuvent y manger et boire deux jours par semaine pour Gradido. Des gradidos, il en a assez, car depuis que le maire Michael Miteinand a introduit le syst\u00e8me innovant de r\u00e9mun\u00e9ration d'int\u00e9r\u00eat g\u00e9n\u00e9ral 'Gradido', il est r\u00e9mun\u00e9r\u00e9 20 gradidos de l'heure pour son service de pompiers.<\/p><h3>Wolfgang prend son courage \u00e0 deux mains et entre en sc\u00e8ne<\/h3>\t\t\t\t\t\t\t\t<\/div>\n\t\t\t\t<\/div>\n\t\t\t\t<div class=\"elementor-element elementor-element-392458a elementor-widget elementor-widget-image\" data-id=\"392458a\" data-element_type=\"widget\" data-e-type=\"widget\" data-widget_type=\"image.default\">\n\t\t\t\t<div class=\"elementor-widget-container\">\n\t\t\t\t\t\t\t\t\t\t\t\t\t\t\t<img decoding=\"async\" width=\"500\" height=\"375\" src=\"https:\/\/gradido.net\/wp-content\/uploads\/2023\/08\/Pizzeria_Tu\u0308r_500.jpg\" class=\"attachment-full size-full wp-image-7285\" alt=\"\" srcset=\"https:\/\/gradido.net\/wp-content\/uploads\/2023\/08\/Pizzeria_Tu\u0308r_500.jpg 500w, https:\/\/gradido.net\/wp-content\/uploads\/2023\/08\/Pizzeria_Tu\u0308r_500-300x225.jpg 300w, https:\/\/gradido.net\/wp-content\/uploads\/2023\/08\/Pizzeria_Tu\u0308r_500-16x12.jpg 16w\" sizes=\"(max-width: 500px) 100vw, 500px\" \/>\t\t\t\t\t\t\t\t\t\t\t\t\t\t\t<\/div>\n\t\t\t\t<\/div>\n\t\t\t\t<div class=\"elementor-element elementor-element-8fcbf61 elementor-widget elementor-widget-text-editor\" data-id=\"8fcbf61\" data-element_type=\"widget\" data-e-type=\"widget\" data-widget_type=\"text-editor.default\">\n\t\t\t\t<div class=\"elementor-widget-container\">\n\t\t\t\t\t\t\t\t\t<p>Le c\u0153ur battant, Wolfgang r\u00f4de discr\u00e8tement autour de la pizzeria. Imaginez : cet homme fort et courageux, qui a d\u00e9j\u00e0 sauv\u00e9 plusieurs personnes des flammes, a honte de sa pauvret\u00e9 financi\u00e8re et n'ose pas entrer !\u00a0<\/p><p>Enfin, il prend son courage \u00e0 deux mains. Il franchit timidement la porte - et \u00e0 sa grande surprise et joie, il est accueilli \u00e0 bras ouverts par Giulia et Antonio : \"Il nostro caro amico \u00e8 tornato !\" (\"Notre cher ami est de retour !\") Les invit\u00e9s pr\u00e9sents exultent. Wolfgang a des larmes de joie dans les yeux. Profond\u00e9ment \u00e9mu, il s'assied \u00e0 la table des habitu\u00e9s avec ses amis.<\/p><h3>Une id\u00e9e commune pour un plan grandiose<\/h3><p>Les amis de Wolfgang sont des personnes orient\u00e9es vers les solutions. Ensemble, ils d\u00e9veloppent un plan grandiose qu'ils veulent ensuite pr\u00e9senter au maire.<\/p>\t\t\t\t\t\t\t\t<\/div>\n\t\t\t\t<\/div>\n\t\t\t\t<div class=\"elementor-element elementor-element-876c3ba elementor-widget elementor-widget-image\" data-id=\"876c3ba\" data-element_type=\"widget\" data-e-type=\"widget\" data-widget_type=\"image.default\">\n\t\t\t\t<div class=\"elementor-widget-container\">\n\t\t\t\t\t\t\t\t\t\t\t\t\t\t\t<img decoding=\"async\" width=\"800\" height=\"400\" src=\"https:\/\/gradido.net\/wp-content\/uploads\/2023\/08\/Idee_800.png\" class=\"attachment-large size-large wp-image-7299\" alt=\"\" srcset=\"https:\/\/gradido.net\/wp-content\/uploads\/2023\/08\/Idee_800.png 800w, https:\/\/gradido.net\/wp-content\/uploads\/2023\/08\/Idee_800-300x150.png 300w, https:\/\/gradido.net\/wp-content\/uploads\/2023\/08\/Idee_800-768x384.png 768w, https:\/\/gradido.net\/wp-content\/uploads\/2023\/08\/Idee_800-18x9.png 18w\" sizes=\"(max-width: 800px) 100vw, 800px\" \/>\t\t\t\t\t\t\t\t\t\t\t\t\t\t\t<\/div>\n\t\t\t\t<\/div>\n\t\t\t\t<div class=\"elementor-element elementor-element-1fc6d53 elementor-widget elementor-widget-text-editor\" data-id=\"1fc6d53\" data-element_type=\"widget\" data-e-type=\"widget\" data-widget_type=\"text-editor.default\">\n\t\t\t\t<div class=\"elementor-widget-container\">\n\t\t\t\t\t\t\t\t\t<p>Afin de profiter de l'expertise de Wolfgang tout en aidant la communaut\u00e9, ils envisagent de continuer \u00e0 faire fonctionner la manufacture de chaussures \u00e0 titre b\u00e9n\u00e9vole. L'un des invit\u00e9s sugg\u00e8re de cr\u00e9er une nouvelle marque sous le nom de <strong>'B\u00e9n\u00e9volat des villes pr\u00e9f\u00e9r\u00e9es<\/strong> de cr\u00e9er de nouvelles chaussures. Les anciens employ\u00e9s commenceraient par fabriquer \u00e0 nouveau des chaussures b\u00e9n\u00e9volement, avec les designs traditionnels et la haute qualit\u00e9 qui ont fait la r\u00e9putation de Lieblingsst\u00e4dter.\u00a0<\/p><p>Le travail b\u00e9n\u00e9vole est r\u00e9mun\u00e9r\u00e9 par des points Gradido et les chaussures sont propos\u00e9es en ligne avec une r\u00e9duction Gradido. Les b\u00e9n\u00e9voles de tout l'espace germanophone pourraient ainsi b\u00e9n\u00e9ficier de chaussures de qualit\u00e9 \u00e0 des prix tr\u00e8s abordables. Avec un peu de chance et de savoir-faire en mati\u00e8re de marketing, 'Lieblingsst\u00e4dter Ehrenamt' deviendra une marque culte qui permettra aux personnes engag\u00e9es b\u00e9n\u00e9volement de se reconna\u00eetre entre elles...<\/p>\t\t\t\t\t\t\t\t<\/div>\n\t\t\t\t<\/div>\n\t\t\t\t<div class=\"elementor-element elementor-element-84f7bbd elementor-widget elementor-widget-image\" data-id=\"84f7bbd\" data-element_type=\"widget\" data-e-type=\"widget\" data-widget_type=\"image.default\">\n\t\t\t\t<div class=\"elementor-widget-container\">\n\t\t\t\t\t\t\t\t\t\t\t\t\t\t\t<img loading=\"lazy\" decoding=\"async\" width=\"500\" height=\"264\" src=\"https:\/\/gradido.net\/wp-content\/uploads\/2023\/08\/Wein_500.jpg\" class=\"attachment-full size-full wp-image-7286\" alt=\"\" srcset=\"https:\/\/gradido.net\/wp-content\/uploads\/2023\/08\/Wein_500.jpg 500w, https:\/\/gradido.net\/wp-content\/uploads\/2023\/08\/Wein_500-300x158.jpg 300w, https:\/\/gradido.net\/wp-content\/uploads\/2023\/08\/Wein_500-18x10.jpg 18w\" sizes=\"(max-width: 500px) 100vw, 500px\" \/>\t\t\t\t\t\t\t\t\t\t\t\t\t\t\t<\/div>\n\t\t\t\t<\/div>\n\t\t\t\t<div class=\"elementor-element elementor-element-abb92cd elementor-widget elementor-widget-text-editor\" data-id=\"abb92cd\" data-element_type=\"widget\" data-e-type=\"widget\" data-widget_type=\"text-editor.default\">\n\t\t\t\t<div class=\"elementor-widget-container\">\n\t\t\t\t\t\t\t\t\t<p>Les id\u00e9es ont fus\u00e9 au cours de cette longue soir\u00e9e, tout comme le bon vin italien.<\/p><p>Et c'est ainsi que commence un nouveau chapitre passionnant pour Wolfgang et ses amis de la Pizzeria Napoli - et pour toute la ville pr\u00e9f\u00e9r\u00e9e.<\/p>\t\t\t\t\t\t\t\t<\/div>\n\t\t\t\t<\/div>\n\t\t\t\t<div class=\"elementor-element elementor-element-e858257 elementor-widget-divider--view-line elementor-widget elementor-widget-divider\" data-id=\"e858257\" data-element_type=\"widget\" data-e-type=\"widget\" data-widget_type=\"divider.default\">\n\t\t\t\t<div class=\"elementor-widget-container\">\n\t\t\t\t\t\t\t<div class=\"elementor-divider\">\n\t\t\t<span class=\"elementor-divider-separator\">\n\t\t\t\t\t\t<\/span>\n\t\t<\/div>\n\t\t\t\t\t\t<\/div>\n\t\t\t\t<\/div>\n\t\t\t\t<div class=\"elementor-element elementor-element-d74dfa0 elementor-widget elementor-widget-text-editor\" data-id=\"d74dfa0\" data-element_type=\"widget\" data-e-type=\"widget\" data-widget_type=\"text-editor.default\">\n\t\t\t\t<div class=\"elementor-widget-container\">\n\t\t\t\t\t\t\t\t\t<div data-pm-slice=\"1 1 []\" data-en-clipboard=\"true\"><p>Dans ce cinqui\u00e8me article de notre s\u00e9rie <strong>\"Gradido dans sa ville pr\u00e9f\u00e9r\u00e9e\"<\/strong> nous apprenons comment le turbo-capitalisme actuel entra\u00eene des citoyens int\u00e8gres dans sa chute, en d\u00e9pit des grandes r\u00e9alisations qu'ils ont accomplies auparavant.<\/p><p>Nous sommes \u00e9galement t\u00e9moins de la mani\u00e8re dont les citadins pr\u00e9f\u00e9r\u00e9s s'aident eux-m\u00eames en faisant preuve de cr\u00e9ativit\u00e9 et d'esprit communautaire.  Pour ce faire, ils utilisent le syst\u00e8me de r\u00e9mun\u00e9ration Gradido pour reprendre le pouvoir sur leur destin commun.<\/p><p>Le prochain \u00e9pisode sera consacr\u00e9 au sauvetage de la manufacture de chaussures de la ville pr\u00e9f\u00e9r\u00e9e, qui deviendra un mod\u00e8le pour d'autres sauvetages d'entreprises.<\/p><p><strong>N'h\u00e9site pas \u00e0 transmettre cette s\u00e9rie \u00e0 ton administration municipale, aux associations et aux commer\u00e7ants !<\/strong><\/p><p>Si nous n'agissons pas ensemble maintenant, la tendance \u00e0 la baisse se poursuivra, l'\u00e9conomie ira dans le mur, la classe moyenne sera \u00e9rod\u00e9e et de nombreuses communes s'effondreront sous le poids de la dette.\u00a0<\/p><p>Avec Gradido, nous avons entre les mains un outil efficace pour organiser positivement notre vie et notre r\u00e9ussite. Ensemble, nous transformons nos villes et nos communes en oasis vivantes et florissantes - en nos lieux pr\u00e9f\u00e9r\u00e9s !<\/p><p>Meilleures salutations<\/p><\/div><p>Ton<\/p><p><img loading=\"lazy\" decoding=\"async\" class=\"alignnone wp-image-4614 size-medium\" src=\"https:\/\/gradido.net\/wp-content\/uploads\/2022\/06\/MargretBernd_2022-300x74.png\" alt=\"\" width=\"300\" height=\"74\" srcset=\"https:\/\/gradido.net\/wp-content\/uploads\/2022\/06\/MargretBernd_2022-300x74.png 300w, https:\/\/gradido.net\/wp-content\/uploads\/2022\/06\/MargretBernd_2022-18x4.png 18w, https:\/\/gradido.net\/wp-content\/uploads\/2022\/06\/MargretBernd_2022.png 431w\" sizes=\"(max-width: 300px) 100vw, 300px\" \/><\/p><p>Margret Baier et Bernd H\u00fcckst\u00e4dt<br \/>Fondateur et d\u00e9veloppeur de Gradido<\/p>\t\t\t\t\t\t\t\t<\/div>\n\t\t\t\t<\/div>\n\t\t\t\t\t<\/div>\n\t\t<\/div>\n\t\t\t\t\t<\/div>\n\t\t<\/section>\n\t\t\t\t<section class=\"elementor-section elementor-top-section elementor-element elementor-element-c8ffe78 elementor-section-boxed elementor-section-height-default elementor-section-height-default\" data-id=\"c8ffe78\" data-element_type=\"section\" data-e-type=\"section\">\n\t\t\t\t\t\t<div class=\"elementor-container elementor-column-gap-default\">\n\t\t\t\t\t<div class=\"elementor-column elementor-col-100 elementor-top-column elementor-element elementor-element-4330b09\" data-id=\"4330b09\" data-element_type=\"column\" data-e-type=\"column\">\n\t\t\t<div class=\"elementor-widget-wrap elementor-element-populated\">\n\t\t\t\t\t\t<div class=\"elementor-element elementor-element-3db9a1b elementor-position-inline-start white-links elementor-widget__width-initial elementor-view-default elementor-mobile-position-block-start elementor-widget elementor-widget-icon-box\" data-id=\"3db9a1b\" data-element_type=\"widget\" data-e-type=\"widget\" data-no-translation=\"\" data-widget_type=\"icon-box.default\">\n\t\t\t\t<div class=\"elementor-widget-container\">\n\t\t\t\t\t<style>.elementor-element-3db9a1b{display:none !important}<\/style>\t\t\t\t<\/div>\n\t\t\t\t<\/div>\n\t\t\t\t\t<\/div>\n\t\t<\/div>\n\t\t\t\t\t<\/div>\n\t\t<\/section>\n\t\t\t\t<section class=\"elementor-section elementor-top-section elementor-element elementor-element-14532fe elementor-section-boxed elementor-section-height-default elementor-section-height-default\" data-id=\"14532fe\" data-element_type=\"section\" data-e-type=\"section\">\n\t\t\t\t\t\t<div class=\"elementor-container elementor-column-gap-default\">\n\t\t\t\t\t<div class=\"elementor-column elementor-col-100 elementor-top-column elementor-element elementor-element-65d2298\" data-id=\"65d2298\" data-element_type=\"column\" data-e-type=\"column\">\n\t\t\t<div class=\"elementor-widget-wrap elementor-element-populated\">\n\t\t\t\t\t\t<div class=\"elementor-element elementor-element-076e4ff elementor-widget elementor-widget-global elementor-global-9341 elementor-widget-text-editor\" data-id=\"076e4ff\" data-element_type=\"widget\" data-e-type=\"widget\" data-widget_type=\"text-editor.default\">\n\t\t\t\t<div class=\"elementor-widget-container\">\n\t\t\t\t\t\t\t\t\t<p><strong>PS\u00a0<span style=\"color: #ff6600;\"><a style=\"color: #ff6600;\" href=\"https:\/\/gradido.net\/fr\/donations\/\">En raison de l'importance croissante de Gradido, nous r\u00e9it\u00e9rons notre action de remerciement le 26 juin 2026 :<\/a>\u00a0<\/span><span style=\"color: #0000ff;\"><a style=\"color: #0000ff;\" href=\"https:\/\/gradido.net\/fr\/donations\/\">En plus des multiples GradidoTransform pour ta contribution de soutien, nous augmenterons le 26.06.26 tous les soldes de comptes GDT de 26%. Promouvoir maintenant toi aussi et profiter d'une quantit\u00e9 multiple de GDT !<\/a><\/span><\/strong><\/p>\t\t\t\t\t\t\t\t<\/div>\n\t\t\t\t<\/div>\n\t\t\t\t\t<\/div>\n\t\t<\/div>\n\t\t\t\t\t<\/div>\n\t\t<\/section>\n\t\t\t\t<\/div>","protected":false},"excerpt":{"rendered":"<p>La 'manufacture de chaussures de la ville pr\u00e9f\u00e9r\u00e9e' ne peut pas faire face \u00e0 la concurrence internationale et doit d\u00e9poser le bilan. De nombreux citoyens perdent leur emploi. Wolfgang est l'un d'entre eux. Avec ses amis, il a une id\u00e9e lumineuse...<\/p>","protected":false},"author":2,"featured_media":7282,"comment_status":"closed","ping_status":"closed","sticky":false,"template":"","format":"standard","meta":{"footnotes":""},"categories":[11,53],"tags":[22],"class_list":["post-7278","post","type-post","status-publish","format-standard","has-post-thumbnail","hentry","category-blog","category-lieblingsstadt","tag-bild-oben"],"yoast_head":"<!-- This site is optimized with the Yoast SEO plugin v27.5 - https:\/\/yoast.com\/product\/yoast-seo-wordpress\/ -->\n<title>Lieblingsstadt 5 \u2013 Wolfgang wird arbeitslos \u2013 gemeinsam finden sie eine geniale L\u00f6sung - Gradido<\/title>\n<meta name=\"description\" content=\"Die \u201aLieblingsst\u00e4dter Schuhmanufaktur\u2018 kann der internationalen Konkurrenz nicht standhalten und muss Konkurs anmelden. Viele B\u00fcrger verlieren ihren Arbeitsplatz. Wolfgang ist einer von ihnen. Gemeinsam mit seinen Freunden hat er die z\u00fcndende Idee\u2026\" \/>\n<meta name=\"robots\" content=\"index, follow, max-snippet:-1, max-image-preview:large, max-video-preview:-1\" \/>\n<link rel=\"canonical\" href=\"https:\/\/gradido.net\/fr\/lieblingsstadt-5-wolfgang-wird-arbeitslos-gemeinsam-finden-sie-eine-geniale-loesung\/\" \/>\n<meta property=\"og:locale\" content=\"fr_FR\" \/>\n<meta property=\"og:type\" content=\"article\" \/>\n<meta property=\"og:title\" content=\"Lieblingsstadt 5 \u2013 Wolfgang wird arbeitslos \u2013 gemeinsam finden sie eine geniale L\u00f6sung - Gradido\" \/>\n<meta property=\"og:description\" content=\"Die \u201aLieblingsst\u00e4dter Schuhmanufaktur\u2018 kann der internationalen Konkurrenz nicht standhalten und muss Konkurs anmelden. Viele B\u00fcrger verlieren ihren Arbeitsplatz. Wolfgang ist einer von ihnen. Gemeinsam mit seinen Freunden hat er die z\u00fcndende Idee\u2026\" \/>\n<meta property=\"og:url\" content=\"https:\/\/gradido.net\/fr\/lieblingsstadt-5-wolfgang-wird-arbeitslos-gemeinsam-finden-sie-eine-geniale-loesung\/\" \/>\n<meta property=\"og:site_name\" content=\"Gradido\" \/>\n<meta property=\"article:published_time\" content=\"2023-08-22T03:59:47+00:00\" \/>\n<meta property=\"article:modified_time\" content=\"2026-04-23T05:13:06+00:00\" \/>\n<meta property=\"og:image\" content=\"https:\/\/gradido.net\/wp-content\/uploads\/2023\/08\/Wolfgang_1920_3.jpg\" \/>\n\t<meta property=\"og:image:width\" content=\"1920\" \/>\n\t<meta property=\"og:image:height\" content=\"1200\" \/>\n\t<meta property=\"og:image:type\" content=\"image\/jpeg\" \/>\n<meta name=\"author\" content=\"Bernd H\u00fcckst\u00e4dt\" \/>\n<meta name=\"twitter:card\" content=\"summary_large_image\" \/>\n<meta name=\"twitter:label1\" content=\"\u00c9crit par\" \/>\n\t<meta name=\"twitter:data1\" content=\"Bernd H\u00fcckst\u00e4dt\" \/>\n\t<meta name=\"twitter:label2\" content=\"Dur\u00e9e de lecture estim\u00e9e\" \/>\n\t<meta name=\"twitter:data2\" content=\"7 minutes\" \/>\n<script type=\"application\/ld+json\" class=\"yoast-schema-graph\">{\"@context\":\"https:\\\/\\\/schema.org\",\"@graph\":[{\"@type\":\"Article\",\"@id\":\"https:\\\/\\\/gradido.net\\\/lieblingsstadt-5-wolfgang-wird-arbeitslos-gemeinsam-finden-sie-eine-geniale-loesung\\\/#article\",\"isPartOf\":{\"@id\":\"https:\\\/\\\/gradido.net\\\/lieblingsstadt-5-wolfgang-wird-arbeitslos-gemeinsam-finden-sie-eine-geniale-loesung\\\/\"},\"author\":{\"name\":\"Bernd H\u00fcckst\u00e4dt\",\"@id\":\"https:\\\/\\\/gradido.net\\\/de\\\/#\\\/schema\\\/person\\\/9c503a004ad15a1ddecadce2218db5d1\"},\"headline\":\"Lieblingsstadt 5 \u2013 Wolfgang wird arbeitslos \u2013 gemeinsam finden sie eine geniale L\u00f6sung\",\"datePublished\":\"2023-08-22T03:59:47+00:00\",\"dateModified\":\"2026-04-23T05:13:06+00:00\",\"mainEntityOfPage\":{\"@id\":\"https:\\\/\\\/gradido.net\\\/lieblingsstadt-5-wolfgang-wird-arbeitslos-gemeinsam-finden-sie-eine-geniale-loesung\\\/\"},\"wordCount\":953,\"publisher\":{\"@id\":\"https:\\\/\\\/gradido.net\\\/de\\\/#organization\"},\"image\":{\"@id\":\"https:\\\/\\\/gradido.net\\\/lieblingsstadt-5-wolfgang-wird-arbeitslos-gemeinsam-finden-sie-eine-geniale-loesung\\\/#primaryimage\"},\"thumbnailUrl\":\"https:\\\/\\\/gradido.net\\\/wp-content\\\/uploads\\\/2023\\\/08\\\/Wolfgang_1920_3.jpg\",\"keywords\":[\"Bild oben\"],\"articleSection\":[\"Blog\",\"Lieblingsstadt\"],\"inLanguage\":\"fr-FR\"},{\"@type\":\"WebPage\",\"@id\":\"https:\\\/\\\/gradido.net\\\/lieblingsstadt-5-wolfgang-wird-arbeitslos-gemeinsam-finden-sie-eine-geniale-loesung\\\/\",\"url\":\"https:\\\/\\\/gradido.net\\\/lieblingsstadt-5-wolfgang-wird-arbeitslos-gemeinsam-finden-sie-eine-geniale-loesung\\\/\",\"name\":\"Lieblingsstadt 5 \u2013 Wolfgang wird arbeitslos \u2013 gemeinsam finden sie eine geniale L\u00f6sung - Gradido\",\"isPartOf\":{\"@id\":\"https:\\\/\\\/gradido.net\\\/de\\\/#website\"},\"primaryImageOfPage\":{\"@id\":\"https:\\\/\\\/gradido.net\\\/lieblingsstadt-5-wolfgang-wird-arbeitslos-gemeinsam-finden-sie-eine-geniale-loesung\\\/#primaryimage\"},\"image\":{\"@id\":\"https:\\\/\\\/gradido.net\\\/lieblingsstadt-5-wolfgang-wird-arbeitslos-gemeinsam-finden-sie-eine-geniale-loesung\\\/#primaryimage\"},\"thumbnailUrl\":\"https:\\\/\\\/gradido.net\\\/wp-content\\\/uploads\\\/2023\\\/08\\\/Wolfgang_1920_3.jpg\",\"datePublished\":\"2023-08-22T03:59:47+00:00\",\"dateModified\":\"2026-04-23T05:13:06+00:00\",\"description\":\"Die \u201aLieblingsst\u00e4dter Schuhmanufaktur\u2018 kann der internationalen Konkurrenz nicht standhalten und muss Konkurs anmelden. Viele B\u00fcrger verlieren ihren Arbeitsplatz. Wolfgang ist einer von ihnen. Gemeinsam mit seinen Freunden hat er die z\u00fcndende Idee\u2026\",\"breadcrumb\":{\"@id\":\"https:\\\/\\\/gradido.net\\\/lieblingsstadt-5-wolfgang-wird-arbeitslos-gemeinsam-finden-sie-eine-geniale-loesung\\\/#breadcrumb\"},\"inLanguage\":\"fr-FR\",\"potentialAction\":[{\"@type\":\"ReadAction\",\"target\":[\"https:\\\/\\\/gradido.net\\\/lieblingsstadt-5-wolfgang-wird-arbeitslos-gemeinsam-finden-sie-eine-geniale-loesung\\\/\"]}]},{\"@type\":\"ImageObject\",\"inLanguage\":\"fr-FR\",\"@id\":\"https:\\\/\\\/gradido.net\\\/lieblingsstadt-5-wolfgang-wird-arbeitslos-gemeinsam-finden-sie-eine-geniale-loesung\\\/#primaryimage\",\"url\":\"https:\\\/\\\/gradido.net\\\/wp-content\\\/uploads\\\/2023\\\/08\\\/Wolfgang_1920_3.jpg\",\"contentUrl\":\"https:\\\/\\\/gradido.net\\\/wp-content\\\/uploads\\\/2023\\\/08\\\/Wolfgang_1920_3.jpg\",\"width\":1920,\"height\":1200},{\"@type\":\"BreadcrumbList\",\"@id\":\"https:\\\/\\\/gradido.net\\\/lieblingsstadt-5-wolfgang-wird-arbeitslos-gemeinsam-finden-sie-eine-geniale-loesung\\\/#breadcrumb\",\"itemListElement\":[{\"@type\":\"ListItem\",\"position\":1,\"name\":\"Startseite\",\"item\":\"https:\\\/\\\/gradido.net\\\/\"},{\"@type\":\"ListItem\",\"position\":2,\"name\":\"Lieblingsstadt 5 \u2013 Wolfgang wird arbeitslos \u2013 gemeinsam finden sie eine geniale L\u00f6sung\"}]},{\"@type\":\"WebSite\",\"@id\":\"https:\\\/\\\/gradido.net\\\/de\\\/#website\",\"url\":\"https:\\\/\\\/gradido.net\\\/de\\\/\",\"name\":\"Gradido\",\"description\":\"Die neue W\u00e4hrung hei\u00dft Dankbarkeit\",\"publisher\":{\"@id\":\"https:\\\/\\\/gradido.net\\\/de\\\/#organization\"},\"potentialAction\":[{\"@type\":\"SearchAction\",\"target\":{\"@type\":\"EntryPoint\",\"urlTemplate\":\"https:\\\/\\\/gradido.net\\\/de\\\/?s={search_term_string}\"},\"query-input\":{\"@type\":\"PropertyValueSpecification\",\"valueRequired\":true,\"valueName\":\"search_term_string\"}}],\"inLanguage\":\"fr-FR\"},{\"@type\":\"Organization\",\"@id\":\"https:\\\/\\\/gradido.net\\\/de\\\/#organization\",\"name\":\"Gradido\",\"url\":\"https:\\\/\\\/gradido.net\\\/de\\\/\",\"logo\":{\"@type\":\"ImageObject\",\"inLanguage\":\"fr-FR\",\"@id\":\"https:\\\/\\\/gradido.net\\\/de\\\/#\\\/schema\\\/logo\\\/image\\\/\",\"url\":\"https:\\\/\\\/gradido.net\\\/wp-content\\\/uploads\\\/2022\\\/04\\\/gradido-social.jpg\",\"contentUrl\":\"https:\\\/\\\/gradido.net\\\/wp-content\\\/uploads\\\/2022\\\/04\\\/gradido-social.jpg\",\"width\":527,\"height\":273,\"caption\":\"Gradido\"},\"image\":{\"@id\":\"https:\\\/\\\/gradido.net\\\/de\\\/#\\\/schema\\\/logo\\\/image\\\/\"}},{\"@type\":\"Person\",\"@id\":\"https:\\\/\\\/gradido.net\\\/de\\\/#\\\/schema\\\/person\\\/9c503a004ad15a1ddecadce2218db5d1\",\"name\":\"Bernd H\u00fcckst\u00e4dt\",\"sameAs\":[\"https:\\\/\\\/gradido.net\"],\"url\":\"https:\\\/\\\/gradido.net\\\/fr\\\/author\\\/bernd\\\/\"}]}<\/script>\n<!-- \/ Yoast SEO plugin. -->","yoast_head_json":{"title":"Ville pr\u00e9f\u00e9r\u00e9e 5 - Wolfgang se retrouve au ch\u00f4mage - ensemble, ils trouvent une solution g\u00e9niale - Gradido","description":"La 'manufacture de chaussures de la ville pr\u00e9f\u00e9r\u00e9e' ne peut pas faire face \u00e0 la concurrence internationale et doit d\u00e9poser le bilan. De nombreux citoyens perdent leur emploi. Wolfgang est l'un d'entre eux. Avec ses amis, il a une id\u00e9e lumineuse...","robots":{"index":"index","follow":"follow","max-snippet":"max-snippet:-1","max-image-preview":"max-image-preview:large","max-video-preview":"max-video-preview:-1"},"canonical":"https:\/\/gradido.net\/fr\/lieblingsstadt-5-wolfgang-wird-arbeitslos-gemeinsam-finden-sie-eine-geniale-loesung\/","og_locale":"fr_FR","og_type":"article","og_title":"Lieblingsstadt 5 \u2013 Wolfgang wird arbeitslos \u2013 gemeinsam finden sie eine geniale L\u00f6sung - Gradido","og_description":"Die \u201aLieblingsst\u00e4dter Schuhmanufaktur\u2018 kann der internationalen Konkurrenz nicht standhalten und muss Konkurs anmelden. Viele B\u00fcrger verlieren ihren Arbeitsplatz. Wolfgang ist einer von ihnen. Gemeinsam mit seinen Freunden hat er die z\u00fcndende Idee\u2026","og_url":"https:\/\/gradido.net\/fr\/lieblingsstadt-5-wolfgang-wird-arbeitslos-gemeinsam-finden-sie-eine-geniale-loesung\/","og_site_name":"Gradido","article_published_time":"2023-08-22T03:59:47+00:00","article_modified_time":"2026-04-23T05:13:06+00:00","og_image":[{"width":1920,"height":1200,"url":"https:\/\/gradido.net\/wp-content\/uploads\/2023\/08\/Wolfgang_1920_3.jpg","type":"image\/jpeg"}],"author":"Bernd H\u00fcckst\u00e4dt","twitter_card":"summary_large_image","twitter_misc":{"\u00c9crit par":"Bernd H\u00fcckst\u00e4dt","Dur\u00e9e de lecture estim\u00e9e":"7 minutes"},"schema":{"@context":"https:\/\/schema.org","@graph":[{"@type":"Article","@id":"https:\/\/gradido.net\/lieblingsstadt-5-wolfgang-wird-arbeitslos-gemeinsam-finden-sie-eine-geniale-loesung\/#article","isPartOf":{"@id":"https:\/\/gradido.net\/lieblingsstadt-5-wolfgang-wird-arbeitslos-gemeinsam-finden-sie-eine-geniale-loesung\/"},"author":{"name":"Bernd H\u00fcckst\u00e4dt","@id":"https:\/\/gradido.net\/de\/#\/schema\/person\/9c503a004ad15a1ddecadce2218db5d1"},"headline":"Lieblingsstadt 5 \u2013 Wolfgang wird arbeitslos \u2013 gemeinsam finden sie eine geniale L\u00f6sung","datePublished":"2023-08-22T03:59:47+00:00","dateModified":"2026-04-23T05:13:06+00:00","mainEntityOfPage":{"@id":"https:\/\/gradido.net\/lieblingsstadt-5-wolfgang-wird-arbeitslos-gemeinsam-finden-sie-eine-geniale-loesung\/"},"wordCount":953,"publisher":{"@id":"https:\/\/gradido.net\/de\/#organization"},"image":{"@id":"https:\/\/gradido.net\/lieblingsstadt-5-wolfgang-wird-arbeitslos-gemeinsam-finden-sie-eine-geniale-loesung\/#primaryimage"},"thumbnailUrl":"https:\/\/gradido.net\/wp-content\/uploads\/2023\/08\/Wolfgang_1920_3.jpg","keywords":["Bild oben"],"articleSection":["Blog","Lieblingsstadt"],"inLanguage":"fr-FR"},{"@type":"WebPage","@id":"https:\/\/gradido.net\/lieblingsstadt-5-wolfgang-wird-arbeitslos-gemeinsam-finden-sie-eine-geniale-loesung\/","url":"https:\/\/gradido.net\/lieblingsstadt-5-wolfgang-wird-arbeitslos-gemeinsam-finden-sie-eine-geniale-loesung\/","name":"Ville pr\u00e9f\u00e9r\u00e9e 5 - Wolfgang se retrouve au ch\u00f4mage - ensemble, ils trouvent une solution g\u00e9niale - Gradido","isPartOf":{"@id":"https:\/\/gradido.net\/de\/#website"},"primaryImageOfPage":{"@id":"https:\/\/gradido.net\/lieblingsstadt-5-wolfgang-wird-arbeitslos-gemeinsam-finden-sie-eine-geniale-loesung\/#primaryimage"},"image":{"@id":"https:\/\/gradido.net\/lieblingsstadt-5-wolfgang-wird-arbeitslos-gemeinsam-finden-sie-eine-geniale-loesung\/#primaryimage"},"thumbnailUrl":"https:\/\/gradido.net\/wp-content\/uploads\/2023\/08\/Wolfgang_1920_3.jpg","datePublished":"2023-08-22T03:59:47+00:00","dateModified":"2026-04-23T05:13:06+00:00","description":"La 'manufacture de chaussures de la ville pr\u00e9f\u00e9r\u00e9e' ne peut pas faire face \u00e0 la concurrence internationale et doit d\u00e9poser le bilan. De nombreux citoyens perdent leur emploi. Wolfgang est l'un d'entre eux. Avec ses amis, il a une id\u00e9e lumineuse...","breadcrumb":{"@id":"https:\/\/gradido.net\/lieblingsstadt-5-wolfgang-wird-arbeitslos-gemeinsam-finden-sie-eine-geniale-loesung\/#breadcrumb"},"inLanguage":"fr-FR","potentialAction":[{"@type":"ReadAction","target":["https:\/\/gradido.net\/lieblingsstadt-5-wolfgang-wird-arbeitslos-gemeinsam-finden-sie-eine-geniale-loesung\/"]}]},{"@type":"ImageObject","inLanguage":"fr-FR","@id":"https:\/\/gradido.net\/lieblingsstadt-5-wolfgang-wird-arbeitslos-gemeinsam-finden-sie-eine-geniale-loesung\/#primaryimage","url":"https:\/\/gradido.net\/wp-content\/uploads\/2023\/08\/Wolfgang_1920_3.jpg","contentUrl":"https:\/\/gradido.net\/wp-content\/uploads\/2023\/08\/Wolfgang_1920_3.jpg","width":1920,"height":1200},{"@type":"BreadcrumbList","@id":"https:\/\/gradido.net\/lieblingsstadt-5-wolfgang-wird-arbeitslos-gemeinsam-finden-sie-eine-geniale-loesung\/#breadcrumb","itemListElement":[{"@type":"ListItem","position":1,"name":"Startseite","item":"https:\/\/gradido.net\/"},{"@type":"ListItem","position":2,"name":"Lieblingsstadt 5 \u2013 Wolfgang wird arbeitslos \u2013 gemeinsam finden sie eine geniale L\u00f6sung"}]},{"@type":"WebSite","@id":"https:\/\/gradido.net\/de\/#website","url":"https:\/\/gradido.net\/de\/","name":"Gradido","description":"La nouvelle monnaie s'appelle la gratitude","publisher":{"@id":"https:\/\/gradido.net\/de\/#organization"},"potentialAction":[{"@type":"SearchAction","target":{"@type":"EntryPoint","urlTemplate":"https:\/\/gradido.net\/de\/?s={search_term_string}"},"query-input":{"@type":"PropertyValueSpecification","valueRequired":true,"valueName":"search_term_string"}}],"inLanguage":"fr-FR"},{"@type":"Organization","@id":"https:\/\/gradido.net\/de\/#organization","name":"Gradido","url":"https:\/\/gradido.net\/de\/","logo":{"@type":"ImageObject","inLanguage":"fr-FR","@id":"https:\/\/gradido.net\/de\/#\/schema\/logo\/image\/","url":"https:\/\/gradido.net\/wp-content\/uploads\/2022\/04\/gradido-social.jpg","contentUrl":"https:\/\/gradido.net\/wp-content\/uploads\/2022\/04\/gradido-social.jpg","width":527,"height":273,"caption":"Gradido"},"image":{"@id":"https:\/\/gradido.net\/de\/#\/schema\/logo\/image\/"}},{"@type":"Person","@id":"https:\/\/gradido.net\/de\/#\/schema\/person\/9c503a004ad15a1ddecadce2218db5d1","name":"Bernd H\u00fcckst\u00e4dt","sameAs":["https:\/\/gradido.net"],"url":"https:\/\/gradido.net\/fr\/author\/bernd\/"}]}},"_links":{"self":[{"href":"https:\/\/gradido.net\/fr\/wp-json\/wp\/v2\/posts\/7278","targetHints":{"allow":["GET"]}}],"collection":[{"href":"https:\/\/gradido.net\/fr\/wp-json\/wp\/v2\/posts"}],"about":[{"href":"https:\/\/gradido.net\/fr\/wp-json\/wp\/v2\/types\/post"}],"author":[{"embeddable":true,"href":"https:\/\/gradido.net\/fr\/wp-json\/wp\/v2\/users\/2"}],"replies":[{"embeddable":true,"href":"https:\/\/gradido.net\/fr\/wp-json\/wp\/v2\/comments?post=7278"}],"version-history":[{"count":59,"href":"https:\/\/gradido.net\/fr\/wp-json\/wp\/v2\/posts\/7278\/revisions"}],"predecessor-version":[{"id":13545,"href":"https:\/\/gradido.net\/fr\/wp-json\/wp\/v2\/posts\/7278\/revisions\/13545"}],"wp:featuredmedia":[{"embeddable":true,"href":"https:\/\/gradido.net\/fr\/wp-json\/wp\/v2\/media\/7282"}],"wp:attachment":[{"href":"https:\/\/gradido.net\/fr\/wp-json\/wp\/v2\/media?parent=7278"}],"wp:term":[{"taxonomy":"category","embeddable":true,"href":"https:\/\/gradido.net\/fr\/wp-json\/wp\/v2\/categories?post=7278"},{"taxonomy":"post_tag","embeddable":true,"href":"https:\/\/gradido.net\/fr\/wp-json\/wp\/v2\/tags?post=7278"}],"curies":[{"name":"wp","href":"https:\/\/api.w.org\/{rel}","templated":true}]}}