{"id":7693,"date":"2023-09-25T06:55:22","date_gmt":"2023-09-25T04:55:22","guid":{"rendered":"https:\/\/gradido.net\/?p=7693"},"modified":"2026-04-23T07:06:15","modified_gmt":"2026-04-23T05:06:15","slug":"lieblingsstadt-13-mit-freunden-unterwegs-der-ehrenamtliche-fahrdienst-lieblingsstaedter-kutscher","status":"publish","type":"post","link":"https:\/\/gradido.net\/fr\/lieblingsstadt-13-mit-freunden-unterwegs-der-ehrenamtliche-fahrdienst-lieblingsstaedter-kutscher\/","title":{"rendered":"Ville pr\u00e9f\u00e9r\u00e9e 13 - En route avec des amis : le service de transport b\u00e9n\u00e9vole 'Cocher de ville pr\u00e9f\u00e9r\u00e9'."},"content":{"rendered":"<div data-elementor-type=\"wp-post\" data-elementor-id=\"7693\" class=\"elementor elementor-7693\" data-elementor-post-type=\"post\">\n\t\t\t\t\t\t<section class=\"elementor-section elementor-top-section elementor-element elementor-element-496e1d53 elementor-section-boxed elementor-section-height-default elementor-section-height-default\" data-id=\"496e1d53\" data-element_type=\"section\" data-e-type=\"section\">\n\t\t\t\t\t\t<div class=\"elementor-container elementor-column-gap-default\">\n\t\t\t\t\t<div class=\"elementor-column elementor-col-100 elementor-top-column elementor-element elementor-element-461d7be0\" data-id=\"461d7be0\" data-element_type=\"column\" data-e-type=\"column\">\n\t\t\t<div class=\"elementor-widget-wrap elementor-element-populated\">\n\t\t\t\t\t\t<div class=\"elementor-element elementor-element-cd9ebe2 elementor-widget elementor-widget-text-editor\" data-id=\"cd9ebe2\" data-element_type=\"widget\" data-e-type=\"widget\" data-widget_type=\"text-editor.default\">\n\t\t\t\t<div class=\"elementor-widget-container\">\n\t\t\t\t\t\t\t\t\t<p style=\"text-align: right;\"><em>\"Ce que les services de transport internationaux font, nous pouvons le faire mieux - r\u00e9gionalement, b\u00e9n\u00e9volement et avec plaisir !\"<\/em><\/p><p>Ch\u00e8re lectrice, cher lecteur<\/p><p>dans la ville idyllique de Coup de c\u0153ur, les citoyens ont un objectif commun : une ville verte avec peu de circulation. Ils r\u00eavent de jardins urbains et de vastes espaces verts \u00e0 la place des parkings. Mais il y a un probl\u00e8me...<\/p><p>Les transports publics sont rares et ne couvrent de loin pas toutes les zones de la ville. Les banlieues et les villages environnants sont particuli\u00e8rement mal desservis. De nombreux citoyens ne peuvent pas se permettre d'avoir leur propre voiture ou ne veulent pas en poss\u00e9der une pour des raisons environnementales. De plus, les places de parking sont volontairement peu nombreuses dans le centre-ville.<\/p><p>Mais comment faire venir les gens dans la ville ? Un nouveau d\u00e9fi pour le maire Michael Miteinand et son \u00e9quipe engag\u00e9e !\u00a0<\/p><h3>Service de transport b\u00e9n\u00e9vole<\/h3><p>Inspir\u00e9s par leurs grands succ\u00e8s avec les autres projets Gradido, ils trouvent rapidement la solution :<\/p><p>En collaboration avec les citoyens, ils d\u00e9veloppent le service de transport b\u00e9n\u00e9vole <strong>Cocher pr\u00e9f\u00e9r\u00e9 de la ville<\/strong>Des b\u00e9n\u00e9voles mettent leurs voitures \u00e0 disposition et conduisent des personnes \u00e0 travers la ville et les villages environnants. Ils conduisent les personnes \u00e2g\u00e9es chez le m\u00e9decin, vont chercher les enfants \u00e0 l'\u00e9cole et am\u00e8nent les personnes actives au travail en toute s\u00e9curit\u00e9. Ils organisent des services d'achat et bien plus encore. Tout est coordonn\u00e9 par des b\u00e9n\u00e9voles du bureau des citoyens. Pour l'instant, il s'agit d'un t\u00e9l\u00e9phone et d'un chat, mais \u00e0 l'avenir, il devrait y avoir une ''plateforme''.<strong>Application pour cochers<\/strong> donner.<\/p>\t\t\t\t\t\t\t\t<\/div>\n\t\t\t\t<\/div>\n\t\t\t\t<div class=\"elementor-element elementor-element-b482206 elementor-widget elementor-widget-image\" data-id=\"b482206\" data-element_type=\"widget\" data-e-type=\"widget\" data-widget_type=\"image.default\">\n\t\t\t\t<div class=\"elementor-widget-container\">\n\t\t\t\t\t\t\t\t\t\t\t\t\t\t\t<img fetchpriority=\"high\" decoding=\"async\" width=\"500\" height=\"312\" src=\"https:\/\/gradido.net\/wp-content\/uploads\/2023\/09\/Fahrgemeinschaft_500.jpg\" class=\"attachment-full size-full wp-image-7699\" alt=\"\" srcset=\"https:\/\/gradido.net\/wp-content\/uploads\/2023\/09\/Fahrgemeinschaft_500.jpg 500w, https:\/\/gradido.net\/wp-content\/uploads\/2023\/09\/Fahrgemeinschaft_500-300x187.jpg 300w, https:\/\/gradido.net\/wp-content\/uploads\/2023\/09\/Fahrgemeinschaft_500-18x12.jpg 18w\" sizes=\"(max-width: 500px) 100vw, 500px\" \/>\t\t\t\t\t\t\t\t\t\t\t\t\t\t\t<\/div>\n\t\t\t\t<\/div>\n\t\t\t\t<div class=\"elementor-element elementor-element-c5e61d4 elementor-widget elementor-widget-text-editor\" data-id=\"c5e61d4\" data-element_type=\"widget\" data-e-type=\"widget\" data-widget_type=\"text-editor.default\">\n\t\t\t\t<div class=\"elementor-widget-container\">\n\t\t\t\t\t\t\t\t\t<p>Les itin\u00e9raires sont con\u00e7us de mani\u00e8re \u00e0 ce que, dans la mesure du possible, plusieurs passagers soient transport\u00e9s ensemble. Ainsi, les gens entrent en contact les uns avec les autres et le service de transport devient un symbole de la communaut\u00e9 et de la conscience \u00e9cologique.\u00a0<\/p><h3>Syst\u00e8me de r\u00e9mun\u00e9ration 'Gradido<\/h3><p>Une particularit\u00e9 de tous les projets de b\u00e9n\u00e9volat de Villes Pr\u00e9f\u00e9r\u00e9es est l'int\u00e9gration du syst\u00e8me de r\u00e9mun\u00e9ration des Gradidos. Les trajets ne sont pas pay\u00e9s en euros, mais r\u00e9mun\u00e9r\u00e9s en gradidos. C'est-\u00e0-dire pas tout \u00e0 fait : pour le carburant et l'entretien de son v\u00e9hicule, le cocher accepte volontiers des dons en euros. Chaque passager donne ce qu'il peut et ce qu'il veut - les uns plus, les autres moins. C'est ainsi que les cochers couvrent non seulement leurs frais, mais qu'il leur reste aussi quelque chose \u00e0 la fin du mois.\u00a0<\/p><p>Les Gradidos leur donnent droit \u00e0 de nombreux avantages, allant de g\u00e9n\u00e9reuses r\u00e9ductions Gradido dans les magasins \u00e0 l'aide de voisinage, en passant par de d\u00e9licieux repas et boissons au GradidoCaf\u00e9 et dans les restaurants partenaires.<\/p><h3>Tant d'avantages - un succ\u00e8s total !<\/h3><p>Les habitants de Coup de c\u0153ur s'entraident et r\u00e9duisent en m\u00eame temps le trafic dans la ville. Les rues deviennent plus calmes et l'air plus propre. Les espaces verts sont pr\u00e9serv\u00e9s ou cr\u00e9\u00e9s gr\u00e2ce \u00e0 l'\u00e9conomie de places de parking.<\/p><p>Le service de transport \"Cocher de la ville pr\u00e9f\u00e9r\u00e9e\" devient un succ\u00e8s et inspire d'autres villes \u00e0 lancer des projets similaires. Le maire Michael Miteinand et son \u00e9quipe sont fiers de leur ville, de leurs citoyens et du concept ing\u00e9nieux de Gradido, qui les a aid\u00e9s \u00e0 r\u00e9aliser leur r\u00eave d'une ville verte.<\/p>\t\t\t\t\t\t\t\t<\/div>\n\t\t\t\t<\/div>\n\t\t\t\t<div class=\"elementor-element elementor-element-e858257 elementor-widget-divider--view-line elementor-widget elementor-widget-divider\" data-id=\"e858257\" data-element_type=\"widget\" data-e-type=\"widget\" data-widget_type=\"divider.default\">\n\t\t\t\t<div class=\"elementor-widget-container\">\n\t\t\t\t\t\t\t<div class=\"elementor-divider\">\n\t\t\t<span class=\"elementor-divider-separator\">\n\t\t\t\t\t\t<\/span>\n\t\t<\/div>\n\t\t\t\t\t\t<\/div>\n\t\t\t\t<\/div>\n\t\t\t\t<div class=\"elementor-element elementor-element-d74dfa0 elementor-widget elementor-widget-text-editor\" data-id=\"d74dfa0\" data-element_type=\"widget\" data-e-type=\"widget\" data-widget_type=\"text-editor.default\">\n\t\t\t\t<div class=\"elementor-widget-container\">\n\t\t\t\t\t\t\t\t\t<div data-pm-slice=\"1 1 []\" data-en-clipboard=\"true\"><p>Le site <strong>Une 'grande coop\u00e9ration'.<\/strong> s'\u00e9tend \u00e0 de plus en plus de r\u00e9gions. Dans le 13e \u00e9pisode de la s\u00e9rie populaire <strong>\"Gradido dans sa ville pr\u00e9f\u00e9r\u00e9e\" <\/strong>Cit\u00e9 pr\u00e9f\u00e9r\u00e9e d\u00e9veloppe sa version b\u00e9n\u00e9vole du tournant de la mobilit\u00e9. Comme toujours, la coop\u00e9ration est bien plus efficace que la concurrence. Le b\u00e9n\u00e9volat - le pilier de notre soci\u00e9t\u00e9 - repose en grande partie sur la coop\u00e9ration. Gr\u00e2ce au syst\u00e8me de r\u00e9mun\u00e9ration du b\u00e9n\u00e9volat 'Gradido', le travail b\u00e9n\u00e9vole est r\u00e9mun\u00e9r\u00e9 \u00e0 hauteur de 20 gradidos par heure.<\/p><p>Les gradidos b\u00e9n\u00e9ficient de multiples avantages et r\u00e9ductions \u00e0 faire valoir aupr\u00e8s des commer\u00e7ants locaux. En outre, un \u00e9change intense s'\u00e9tablit entre les citoyens. Les co\u00fbts diminuent ainsi pour tous les participants et de grands projets deviennent r\u00e9alisables. Une situation gagnant-gagnant-gagnant pour tous !<\/p><p><strong>N'h\u00e9site pas \u00e0 transmettre cette s\u00e9rie \u00e0 ton administration municipale, aux associations et aux commer\u00e7ants !<\/strong><\/p><p>Si nous ne faisons rien maintenant, la <strong>Spirale descendante<\/strong> continue. Nous devenons de plus en plus d\u00e9pendants des entreprises \u00e9trang\u00e8res et notre \u00e9conomie nationale s'effondre.<\/p><p>Avec Gradido et la Grande Coop\u00e9ration, nous g\u00e9n\u00e9rons <strong>Spirales vers le haut<\/strong> pour un avenir durable et positif. Ensemble, nous transformons nos villes et nos communes en oasis vivantes et florissantes - nos lieux pr\u00e9f\u00e9r\u00e9s !<\/p><p>Meilleures salutations<\/p><\/div><p>Ton<\/p><p><img decoding=\"async\" class=\"alignnone wp-image-4614 size-medium\" src=\"https:\/\/gradido.net\/wp-content\/uploads\/2022\/06\/MargretBernd_2022-300x74.png\" alt=\"\" width=\"300\" height=\"74\" srcset=\"https:\/\/gradido.net\/wp-content\/uploads\/2022\/06\/MargretBernd_2022-300x74.png 300w, https:\/\/gradido.net\/wp-content\/uploads\/2022\/06\/MargretBernd_2022-18x4.png 18w, https:\/\/gradido.net\/wp-content\/uploads\/2022\/06\/MargretBernd_2022.png 431w\" sizes=\"(max-width: 300px) 100vw, 300px\" \/><\/p><p>Margret Baier et Bernd H\u00fcckst\u00e4dt<br \/>Fondateur et d\u00e9veloppeur de Gradido<\/p>\t\t\t\t\t\t\t\t<\/div>\n\t\t\t\t<\/div>\n\t\t\t\t\t<\/div>\n\t\t<\/div>\n\t\t\t\t\t<\/div>\n\t\t<\/section>\n\t\t\t\t<section class=\"elementor-section elementor-top-section elementor-element elementor-element-41e30ef elementor-section-boxed elementor-section-height-default elementor-section-height-default\" data-id=\"41e30ef\" data-element_type=\"section\" data-e-type=\"section\">\n\t\t\t\t\t\t<div class=\"elementor-container elementor-column-gap-default\">\n\t\t\t\t\t<div class=\"elementor-column elementor-col-100 elementor-top-column elementor-element elementor-element-35217b3\" data-id=\"35217b3\" data-element_type=\"column\" data-e-type=\"column\">\n\t\t\t<div class=\"elementor-widget-wrap elementor-element-populated\">\n\t\t\t\t\t\t<div class=\"elementor-element elementor-element-14656db elementor-position-inline-start white-links elementor-widget__width-initial elementor-view-default elementor-mobile-position-block-start elementor-widget elementor-widget-icon-box\" data-id=\"14656db\" data-element_type=\"widget\" data-e-type=\"widget\" data-no-translation=\"\" data-widget_type=\"icon-box.default\">\n\t\t\t\t<div class=\"elementor-widget-container\">\n\t\t\t\t\t<style>.elementor-element-14656db{display:none !important}<\/style>\t\t\t\t<\/div>\n\t\t\t\t<\/div>\n\t\t\t\t\t<\/div>\n\t\t<\/div>\n\t\t\t\t\t<\/div>\n\t\t<\/section>\n\t\t\t\t<section class=\"elementor-section elementor-top-section elementor-element elementor-element-14532fe elementor-section-boxed elementor-section-height-default elementor-section-height-default\" data-id=\"14532fe\" data-element_type=\"section\" data-e-type=\"section\">\n\t\t\t\t\t\t<div class=\"elementor-container elementor-column-gap-default\">\n\t\t\t\t\t<div class=\"elementor-column elementor-col-100 elementor-top-column elementor-element elementor-element-65d2298\" data-id=\"65d2298\" data-element_type=\"column\" data-e-type=\"column\">\n\t\t\t<div class=\"elementor-widget-wrap elementor-element-populated\">\n\t\t\t\t\t\t<div class=\"elementor-element elementor-element-d316072 elementor-widget elementor-widget-global elementor-global-9341 elementor-widget-text-editor\" data-id=\"d316072\" data-element_type=\"widget\" data-e-type=\"widget\" data-widget_type=\"text-editor.default\">\n\t\t\t\t<div class=\"elementor-widget-container\">\n\t\t\t\t\t\t\t\t\t<p><strong>PS\u00a0<span style=\"color: #ff6600;\"><a style=\"color: #ff6600;\" href=\"https:\/\/gradido.net\/fr\/donations\/\">En raison de l'importance croissante de Gradido, nous r\u00e9it\u00e9rons notre action de remerciement le 26 juin 2026 :<\/a>\u00a0<\/span><span style=\"color: #0000ff;\"><a style=\"color: #0000ff;\" href=\"https:\/\/gradido.net\/fr\/donations\/\">En plus des multiples GradidoTransform pour ta contribution de soutien, nous augmenterons le 26.06.26 tous les soldes de comptes GDT de 26%. Promouvoir maintenant toi aussi et profiter d'une quantit\u00e9 multiple de GDT !<\/a><\/span><\/strong><\/p>\t\t\t\t\t\t\t\t<\/div>\n\t\t\t\t<\/div>\n\t\t\t\t\t<\/div>\n\t\t<\/div>\n\t\t\t\t\t<\/div>\n\t\t<\/section>\n\t\t\t\t<\/div>","protected":false},"excerpt":{"rendered":"<p>Les b\u00e9n\u00e9voles conduisent les gens \u00e0 travers la ville et les villages environnants. Ils conduisent les personnes \u00e2g\u00e9es chez le m\u00e9decin, vont chercher les enfants \u00e0 l'\u00e9cole et am\u00e8nent les personnes actives au travail en toute s\u00e9curit\u00e9. Ils organisent des services d'achat et bien d'autres choses encore.<\/p>","protected":false},"author":2,"featured_media":7694,"comment_status":"closed","ping_status":"closed","sticky":false,"template":"","format":"standard","meta":{"footnotes":""},"categories":[11,53],"tags":[],"class_list":["post-7693","post","type-post","status-publish","format-standard","has-post-thumbnail","hentry","category-blog","category-lieblingsstadt"],"yoast_head":"<!-- This site is optimized with the Yoast SEO plugin v27.5 - https:\/\/yoast.com\/product\/yoast-seo-wordpress\/ -->\n<title>Lieblingsstadt 13 \u2013 Mit Freu(n)den unterwegs: Der Ehrenamtliche Fahrdienst \u201aLieblingsst\u00e4dter Kutscher\u2018 - Gradido<\/title>\n<meta name=\"description\" content=\"Freiwillige Helfer fahren Menschen durch die Stadt und die umliegenden D\u00f6rfer. Sie fahren \u00e4ltere Menschen zum Arzt, holen Kinder von der Schule ab und bringen Berufst\u00e4tige sicher zur Arbeit. Sie organisieren Einkaufsdienste und vieles mehr.\" \/>\n<meta name=\"robots\" content=\"index, follow, max-snippet:-1, max-image-preview:large, max-video-preview:-1\" \/>\n<link rel=\"canonical\" href=\"https:\/\/gradido.net\/fr\/lieblingsstadt-13-mit-freunden-unterwegs-der-ehrenamtliche-fahrdienst-lieblingsstaedter-kutscher\/\" \/>\n<meta property=\"og:locale\" content=\"fr_FR\" \/>\n<meta property=\"og:type\" content=\"article\" \/>\n<meta property=\"og:title\" content=\"Lieblingsstadt 13 \u2013 Mit Freu(n)den unterwegs: Der Ehrenamtliche Fahrdienst \u201aLieblingsst\u00e4dter Kutscher\u2018 - Gradido\" \/>\n<meta property=\"og:description\" content=\"Freiwillige Helfer fahren Menschen durch die Stadt und die umliegenden D\u00f6rfer. Sie fahren \u00e4ltere Menschen zum Arzt, holen Kinder von der Schule ab und bringen Berufst\u00e4tige sicher zur Arbeit. Sie organisieren Einkaufsdienste und vieles mehr.\" \/>\n<meta property=\"og:url\" content=\"https:\/\/gradido.net\/fr\/lieblingsstadt-13-mit-freunden-unterwegs-der-ehrenamtliche-fahrdienst-lieblingsstaedter-kutscher\/\" \/>\n<meta property=\"og:site_name\" content=\"Gradido\" \/>\n<meta property=\"article:published_time\" content=\"2023-09-25T04:55:22+00:00\" \/>\n<meta property=\"article:modified_time\" content=\"2026-04-23T05:06:15+00:00\" \/>\n<meta property=\"og:image\" content=\"https:\/\/gradido.net\/wp-content\/uploads\/2023\/09\/Kutscherin_1800.jpg\" \/>\n\t<meta property=\"og:image:width\" content=\"1800\" \/>\n\t<meta property=\"og:image:height\" content=\"1200\" \/>\n\t<meta property=\"og:image:type\" content=\"image\/jpeg\" \/>\n<meta name=\"author\" content=\"Bernd H\u00fcckst\u00e4dt\" \/>\n<meta name=\"twitter:card\" content=\"summary_large_image\" \/>\n<meta name=\"twitter:label1\" content=\"\u00c9crit par\" \/>\n\t<meta name=\"twitter:data1\" content=\"Bernd H\u00fcckst\u00e4dt\" \/>\n\t<meta name=\"twitter:label2\" content=\"Dur\u00e9e de lecture estim\u00e9e\" \/>\n\t<meta name=\"twitter:data2\" content=\"5 minutes\" \/>\n<script type=\"application\/ld+json\" class=\"yoast-schema-graph\">{\"@context\":\"https:\\\/\\\/schema.org\",\"@graph\":[{\"@type\":\"Article\",\"@id\":\"https:\\\/\\\/gradido.net\\\/lieblingsstadt-13-mit-freunden-unterwegs-der-ehrenamtliche-fahrdienst-lieblingsstaedter-kutscher\\\/#article\",\"isPartOf\":{\"@id\":\"https:\\\/\\\/gradido.net\\\/lieblingsstadt-13-mit-freunden-unterwegs-der-ehrenamtliche-fahrdienst-lieblingsstaedter-kutscher\\\/\"},\"author\":{\"name\":\"Bernd H\u00fcckst\u00e4dt\",\"@id\":\"https:\\\/\\\/gradido.net\\\/de\\\/#\\\/schema\\\/person\\\/9c503a004ad15a1ddecadce2218db5d1\"},\"headline\":\"Lieblingsstadt 13 \u2013 Mit Freu(n)den unterwegs: Der Ehrenamtliche Fahrdienst \u201aLieblingsst\u00e4dter Kutscher\u2018\",\"datePublished\":\"2023-09-25T04:55:22+00:00\",\"dateModified\":\"2026-04-23T05:06:15+00:00\",\"mainEntityOfPage\":{\"@id\":\"https:\\\/\\\/gradido.net\\\/lieblingsstadt-13-mit-freunden-unterwegs-der-ehrenamtliche-fahrdienst-lieblingsstaedter-kutscher\\\/\"},\"wordCount\":752,\"publisher\":{\"@id\":\"https:\\\/\\\/gradido.net\\\/de\\\/#organization\"},\"image\":{\"@id\":\"https:\\\/\\\/gradido.net\\\/lieblingsstadt-13-mit-freunden-unterwegs-der-ehrenamtliche-fahrdienst-lieblingsstaedter-kutscher\\\/#primaryimage\"},\"thumbnailUrl\":\"https:\\\/\\\/gradido.net\\\/wp-content\\\/uploads\\\/2023\\\/09\\\/Kutscherin_1800.jpg\",\"articleSection\":[\"Blog\",\"Lieblingsstadt\"],\"inLanguage\":\"fr-FR\"},{\"@type\":\"WebPage\",\"@id\":\"https:\\\/\\\/gradido.net\\\/lieblingsstadt-13-mit-freunden-unterwegs-der-ehrenamtliche-fahrdienst-lieblingsstaedter-kutscher\\\/\",\"url\":\"https:\\\/\\\/gradido.net\\\/lieblingsstadt-13-mit-freunden-unterwegs-der-ehrenamtliche-fahrdienst-lieblingsstaedter-kutscher\\\/\",\"name\":\"Lieblingsstadt 13 \u2013 Mit Freu(n)den unterwegs: Der Ehrenamtliche Fahrdienst \u201aLieblingsst\u00e4dter Kutscher\u2018 - Gradido\",\"isPartOf\":{\"@id\":\"https:\\\/\\\/gradido.net\\\/de\\\/#website\"},\"primaryImageOfPage\":{\"@id\":\"https:\\\/\\\/gradido.net\\\/lieblingsstadt-13-mit-freunden-unterwegs-der-ehrenamtliche-fahrdienst-lieblingsstaedter-kutscher\\\/#primaryimage\"},\"image\":{\"@id\":\"https:\\\/\\\/gradido.net\\\/lieblingsstadt-13-mit-freunden-unterwegs-der-ehrenamtliche-fahrdienst-lieblingsstaedter-kutscher\\\/#primaryimage\"},\"thumbnailUrl\":\"https:\\\/\\\/gradido.net\\\/wp-content\\\/uploads\\\/2023\\\/09\\\/Kutscherin_1800.jpg\",\"datePublished\":\"2023-09-25T04:55:22+00:00\",\"dateModified\":\"2026-04-23T05:06:15+00:00\",\"description\":\"Freiwillige Helfer fahren Menschen durch die Stadt und die umliegenden D\u00f6rfer. Sie fahren \u00e4ltere Menschen zum Arzt, holen Kinder von der Schule ab und bringen Berufst\u00e4tige sicher zur Arbeit. Sie organisieren Einkaufsdienste und vieles mehr.\",\"breadcrumb\":{\"@id\":\"https:\\\/\\\/gradido.net\\\/lieblingsstadt-13-mit-freunden-unterwegs-der-ehrenamtliche-fahrdienst-lieblingsstaedter-kutscher\\\/#breadcrumb\"},\"inLanguage\":\"fr-FR\",\"potentialAction\":[{\"@type\":\"ReadAction\",\"target\":[\"https:\\\/\\\/gradido.net\\\/lieblingsstadt-13-mit-freunden-unterwegs-der-ehrenamtliche-fahrdienst-lieblingsstaedter-kutscher\\\/\"]}]},{\"@type\":\"ImageObject\",\"inLanguage\":\"fr-FR\",\"@id\":\"https:\\\/\\\/gradido.net\\\/lieblingsstadt-13-mit-freunden-unterwegs-der-ehrenamtliche-fahrdienst-lieblingsstaedter-kutscher\\\/#primaryimage\",\"url\":\"https:\\\/\\\/gradido.net\\\/wp-content\\\/uploads\\\/2023\\\/09\\\/Kutscherin_1800.jpg\",\"contentUrl\":\"https:\\\/\\\/gradido.net\\\/wp-content\\\/uploads\\\/2023\\\/09\\\/Kutscherin_1800.jpg\",\"width\":1800,\"height\":1200},{\"@type\":\"BreadcrumbList\",\"@id\":\"https:\\\/\\\/gradido.net\\\/lieblingsstadt-13-mit-freunden-unterwegs-der-ehrenamtliche-fahrdienst-lieblingsstaedter-kutscher\\\/#breadcrumb\",\"itemListElement\":[{\"@type\":\"ListItem\",\"position\":1,\"name\":\"Startseite\",\"item\":\"https:\\\/\\\/gradido.net\\\/\"},{\"@type\":\"ListItem\",\"position\":2,\"name\":\"Lieblingsstadt 13 \u2013 Mit Freu(n)den unterwegs: Der Ehrenamtliche Fahrdienst \u201aLieblingsst\u00e4dter Kutscher\u2018\"}]},{\"@type\":\"WebSite\",\"@id\":\"https:\\\/\\\/gradido.net\\\/de\\\/#website\",\"url\":\"https:\\\/\\\/gradido.net\\\/de\\\/\",\"name\":\"Gradido\",\"description\":\"Die neue W\u00e4hrung hei\u00dft Dankbarkeit\",\"publisher\":{\"@id\":\"https:\\\/\\\/gradido.net\\\/de\\\/#organization\"},\"potentialAction\":[{\"@type\":\"SearchAction\",\"target\":{\"@type\":\"EntryPoint\",\"urlTemplate\":\"https:\\\/\\\/gradido.net\\\/de\\\/?s={search_term_string}\"},\"query-input\":{\"@type\":\"PropertyValueSpecification\",\"valueRequired\":true,\"valueName\":\"search_term_string\"}}],\"inLanguage\":\"fr-FR\"},{\"@type\":\"Organization\",\"@id\":\"https:\\\/\\\/gradido.net\\\/de\\\/#organization\",\"name\":\"Gradido\",\"url\":\"https:\\\/\\\/gradido.net\\\/de\\\/\",\"logo\":{\"@type\":\"ImageObject\",\"inLanguage\":\"fr-FR\",\"@id\":\"https:\\\/\\\/gradido.net\\\/de\\\/#\\\/schema\\\/logo\\\/image\\\/\",\"url\":\"https:\\\/\\\/gradido.net\\\/wp-content\\\/uploads\\\/2022\\\/04\\\/gradido-social.jpg\",\"contentUrl\":\"https:\\\/\\\/gradido.net\\\/wp-content\\\/uploads\\\/2022\\\/04\\\/gradido-social.jpg\",\"width\":527,\"height\":273,\"caption\":\"Gradido\"},\"image\":{\"@id\":\"https:\\\/\\\/gradido.net\\\/de\\\/#\\\/schema\\\/logo\\\/image\\\/\"}},{\"@type\":\"Person\",\"@id\":\"https:\\\/\\\/gradido.net\\\/de\\\/#\\\/schema\\\/person\\\/9c503a004ad15a1ddecadce2218db5d1\",\"name\":\"Bernd H\u00fcckst\u00e4dt\",\"sameAs\":[\"https:\\\/\\\/gradido.net\"],\"url\":\"https:\\\/\\\/gradido.net\\\/fr\\\/author\\\/bernd\\\/\"}]}<\/script>\n<!-- \/ Yoast SEO plugin. -->","yoast_head_json":{"title":"Ville pr\u00e9f\u00e9r\u00e9e 13 - En route avec des amis : le service de transport b\u00e9n\u00e9vole 'Cocher de la ville pr\u00e9f\u00e9r\u00e9e' - Gradido","description":"Les b\u00e9n\u00e9voles conduisent les gens \u00e0 travers la ville et les villages environnants. Ils conduisent les personnes \u00e2g\u00e9es chez le m\u00e9decin, vont chercher les enfants \u00e0 l'\u00e9cole et am\u00e8nent les personnes actives au travail en toute s\u00e9curit\u00e9. Ils organisent des services d'achat et bien d'autres choses encore.","robots":{"index":"index","follow":"follow","max-snippet":"max-snippet:-1","max-image-preview":"max-image-preview:large","max-video-preview":"max-video-preview:-1"},"canonical":"https:\/\/gradido.net\/fr\/lieblingsstadt-13-mit-freunden-unterwegs-der-ehrenamtliche-fahrdienst-lieblingsstaedter-kutscher\/","og_locale":"fr_FR","og_type":"article","og_title":"Lieblingsstadt 13 \u2013 Mit Freu(n)den unterwegs: Der Ehrenamtliche Fahrdienst \u201aLieblingsst\u00e4dter Kutscher\u2018 - Gradido","og_description":"Freiwillige Helfer fahren Menschen durch die Stadt und die umliegenden D\u00f6rfer. Sie fahren \u00e4ltere Menschen zum Arzt, holen Kinder von der Schule ab und bringen Berufst\u00e4tige sicher zur Arbeit. Sie organisieren Einkaufsdienste und vieles mehr.","og_url":"https:\/\/gradido.net\/fr\/lieblingsstadt-13-mit-freunden-unterwegs-der-ehrenamtliche-fahrdienst-lieblingsstaedter-kutscher\/","og_site_name":"Gradido","article_published_time":"2023-09-25T04:55:22+00:00","article_modified_time":"2026-04-23T05:06:15+00:00","og_image":[{"width":1800,"height":1200,"url":"https:\/\/gradido.net\/wp-content\/uploads\/2023\/09\/Kutscherin_1800.jpg","type":"image\/jpeg"}],"author":"Bernd H\u00fcckst\u00e4dt","twitter_card":"summary_large_image","twitter_misc":{"\u00c9crit par":"Bernd H\u00fcckst\u00e4dt","Dur\u00e9e de lecture estim\u00e9e":"5 minutes"},"schema":{"@context":"https:\/\/schema.org","@graph":[{"@type":"Article","@id":"https:\/\/gradido.net\/lieblingsstadt-13-mit-freunden-unterwegs-der-ehrenamtliche-fahrdienst-lieblingsstaedter-kutscher\/#article","isPartOf":{"@id":"https:\/\/gradido.net\/lieblingsstadt-13-mit-freunden-unterwegs-der-ehrenamtliche-fahrdienst-lieblingsstaedter-kutscher\/"},"author":{"name":"Bernd H\u00fcckst\u00e4dt","@id":"https:\/\/gradido.net\/de\/#\/schema\/person\/9c503a004ad15a1ddecadce2218db5d1"},"headline":"Lieblingsstadt 13 \u2013 Mit Freu(n)den unterwegs: Der Ehrenamtliche Fahrdienst \u201aLieblingsst\u00e4dter Kutscher\u2018","datePublished":"2023-09-25T04:55:22+00:00","dateModified":"2026-04-23T05:06:15+00:00","mainEntityOfPage":{"@id":"https:\/\/gradido.net\/lieblingsstadt-13-mit-freunden-unterwegs-der-ehrenamtliche-fahrdienst-lieblingsstaedter-kutscher\/"},"wordCount":752,"publisher":{"@id":"https:\/\/gradido.net\/de\/#organization"},"image":{"@id":"https:\/\/gradido.net\/lieblingsstadt-13-mit-freunden-unterwegs-der-ehrenamtliche-fahrdienst-lieblingsstaedter-kutscher\/#primaryimage"},"thumbnailUrl":"https:\/\/gradido.net\/wp-content\/uploads\/2023\/09\/Kutscherin_1800.jpg","articleSection":["Blog","Lieblingsstadt"],"inLanguage":"fr-FR"},{"@type":"WebPage","@id":"https:\/\/gradido.net\/lieblingsstadt-13-mit-freunden-unterwegs-der-ehrenamtliche-fahrdienst-lieblingsstaedter-kutscher\/","url":"https:\/\/gradido.net\/lieblingsstadt-13-mit-freunden-unterwegs-der-ehrenamtliche-fahrdienst-lieblingsstaedter-kutscher\/","name":"Ville pr\u00e9f\u00e9r\u00e9e 13 - En route avec des amis : le service de transport b\u00e9n\u00e9vole 'Cocher de la ville pr\u00e9f\u00e9r\u00e9e' - Gradido","isPartOf":{"@id":"https:\/\/gradido.net\/de\/#website"},"primaryImageOfPage":{"@id":"https:\/\/gradido.net\/lieblingsstadt-13-mit-freunden-unterwegs-der-ehrenamtliche-fahrdienst-lieblingsstaedter-kutscher\/#primaryimage"},"image":{"@id":"https:\/\/gradido.net\/lieblingsstadt-13-mit-freunden-unterwegs-der-ehrenamtliche-fahrdienst-lieblingsstaedter-kutscher\/#primaryimage"},"thumbnailUrl":"https:\/\/gradido.net\/wp-content\/uploads\/2023\/09\/Kutscherin_1800.jpg","datePublished":"2023-09-25T04:55:22+00:00","dateModified":"2026-04-23T05:06:15+00:00","description":"Les b\u00e9n\u00e9voles conduisent les gens \u00e0 travers la ville et les villages environnants. Ils conduisent les personnes \u00e2g\u00e9es chez le m\u00e9decin, vont chercher les enfants \u00e0 l'\u00e9cole et am\u00e8nent les personnes actives au travail en toute s\u00e9curit\u00e9. Ils organisent des services d'achat et bien d'autres choses encore.","breadcrumb":{"@id":"https:\/\/gradido.net\/lieblingsstadt-13-mit-freunden-unterwegs-der-ehrenamtliche-fahrdienst-lieblingsstaedter-kutscher\/#breadcrumb"},"inLanguage":"fr-FR","potentialAction":[{"@type":"ReadAction","target":["https:\/\/gradido.net\/lieblingsstadt-13-mit-freunden-unterwegs-der-ehrenamtliche-fahrdienst-lieblingsstaedter-kutscher\/"]}]},{"@type":"ImageObject","inLanguage":"fr-FR","@id":"https:\/\/gradido.net\/lieblingsstadt-13-mit-freunden-unterwegs-der-ehrenamtliche-fahrdienst-lieblingsstaedter-kutscher\/#primaryimage","url":"https:\/\/gradido.net\/wp-content\/uploads\/2023\/09\/Kutscherin_1800.jpg","contentUrl":"https:\/\/gradido.net\/wp-content\/uploads\/2023\/09\/Kutscherin_1800.jpg","width":1800,"height":1200},{"@type":"BreadcrumbList","@id":"https:\/\/gradido.net\/lieblingsstadt-13-mit-freunden-unterwegs-der-ehrenamtliche-fahrdienst-lieblingsstaedter-kutscher\/#breadcrumb","itemListElement":[{"@type":"ListItem","position":1,"name":"Startseite","item":"https:\/\/gradido.net\/"},{"@type":"ListItem","position":2,"name":"Lieblingsstadt 13 \u2013 Mit Freu(n)den unterwegs: Der Ehrenamtliche Fahrdienst \u201aLieblingsst\u00e4dter Kutscher\u2018"}]},{"@type":"WebSite","@id":"https:\/\/gradido.net\/de\/#website","url":"https:\/\/gradido.net\/de\/","name":"Gradido","description":"La nouvelle monnaie s'appelle la gratitude","publisher":{"@id":"https:\/\/gradido.net\/de\/#organization"},"potentialAction":[{"@type":"SearchAction","target":{"@type":"EntryPoint","urlTemplate":"https:\/\/gradido.net\/de\/?s={search_term_string}"},"query-input":{"@type":"PropertyValueSpecification","valueRequired":true,"valueName":"search_term_string"}}],"inLanguage":"fr-FR"},{"@type":"Organization","@id":"https:\/\/gradido.net\/de\/#organization","name":"Gradido","url":"https:\/\/gradido.net\/de\/","logo":{"@type":"ImageObject","inLanguage":"fr-FR","@id":"https:\/\/gradido.net\/de\/#\/schema\/logo\/image\/","url":"https:\/\/gradido.net\/wp-content\/uploads\/2022\/04\/gradido-social.jpg","contentUrl":"https:\/\/gradido.net\/wp-content\/uploads\/2022\/04\/gradido-social.jpg","width":527,"height":273,"caption":"Gradido"},"image":{"@id":"https:\/\/gradido.net\/de\/#\/schema\/logo\/image\/"}},{"@type":"Person","@id":"https:\/\/gradido.net\/de\/#\/schema\/person\/9c503a004ad15a1ddecadce2218db5d1","name":"Bernd H\u00fcckst\u00e4dt","sameAs":["https:\/\/gradido.net"],"url":"https:\/\/gradido.net\/fr\/author\/bernd\/"}]}},"_links":{"self":[{"href":"https:\/\/gradido.net\/fr\/wp-json\/wp\/v2\/posts\/7693","targetHints":{"allow":["GET"]}}],"collection":[{"href":"https:\/\/gradido.net\/fr\/wp-json\/wp\/v2\/posts"}],"about":[{"href":"https:\/\/gradido.net\/fr\/wp-json\/wp\/v2\/types\/post"}],"author":[{"embeddable":true,"href":"https:\/\/gradido.net\/fr\/wp-json\/wp\/v2\/users\/2"}],"replies":[{"embeddable":true,"href":"https:\/\/gradido.net\/fr\/wp-json\/wp\/v2\/comments?post=7693"}],"version-history":[{"count":43,"href":"https:\/\/gradido.net\/fr\/wp-json\/wp\/v2\/posts\/7693\/revisions"}],"predecessor-version":[{"id":13537,"href":"https:\/\/gradido.net\/fr\/wp-json\/wp\/v2\/posts\/7693\/revisions\/13537"}],"wp:featuredmedia":[{"embeddable":true,"href":"https:\/\/gradido.net\/fr\/wp-json\/wp\/v2\/media\/7694"}],"wp:attachment":[{"href":"https:\/\/gradido.net\/fr\/wp-json\/wp\/v2\/media?parent=7693"}],"wp:term":[{"taxonomy":"category","embeddable":true,"href":"https:\/\/gradido.net\/fr\/wp-json\/wp\/v2\/categories?post=7693"},{"taxonomy":"post_tag","embeddable":true,"href":"https:\/\/gradido.net\/fr\/wp-json\/wp\/v2\/tags?post=7693"}],"curies":[{"name":"wp","href":"https:\/\/api.w.org\/{rel}","templated":true}]}}