{"id":8075,"date":"2023-11-01T09:19:21","date_gmt":"2023-11-01T08:19:21","guid":{"rendered":"https:\/\/gradido.net\/?p=8075"},"modified":"2026-04-24T08:04:33","modified_gmt":"2026-04-24T06:04:33","slug":"gradido-2-0-dezentrale-gradido-server","status":"publish","type":"post","link":"https:\/\/gradido.net\/fr\/gradido-2-0-dezentrale-gradido-server\/","title":{"rendered":"Gradido 2.0 - Serveurs Gradido d\u00e9centralis\u00e9s"},"content":{"rendered":"<div data-elementor-type=\"wp-post\" data-elementor-id=\"8075\" class=\"elementor elementor-8075\" data-elementor-post-type=\"post\">\n\t\t\t\t\t\t<section class=\"elementor-section elementor-top-section elementor-element elementor-element-496e1d53 elementor-section-boxed elementor-section-height-default elementor-section-height-default\" data-id=\"496e1d53\" data-element_type=\"section\" data-e-type=\"section\">\n\t\t\t\t\t\t<div class=\"elementor-container elementor-column-gap-default\">\n\t\t\t\t\t<div class=\"elementor-column elementor-col-100 elementor-top-column elementor-element elementor-element-461d7be0\" data-id=\"461d7be0\" data-element_type=\"column\" data-e-type=\"column\">\n\t\t\t<div class=\"elementor-widget-wrap elementor-element-populated\">\n\t\t\t\t\t\t<div class=\"elementor-element elementor-element-cd9ebe2 elementor-widget elementor-widget-text-editor\" data-id=\"cd9ebe2\" data-element_type=\"widget\" data-e-type=\"widget\" data-widget_type=\"text-editor.default\">\n\t\t\t\t<div class=\"elementor-widget-container\">\n\t\t\t\t\t\t\t\t\t<p style=\"text-align: right;\"><em>\"Ce qui est impossible \u00e0 un seul, beaucoup le font\".<br \/>- Friedrich Wilhelm Raiffeisen<br \/><\/em><\/p><p>Ch\u00e8re lectrice, cher lecteur<\/p><p>Nous y sommes enfin : Gradido devient d\u00e9centralis\u00e9 ! Avec Gradido 2.0, nous pouvons d\u00e9sormais r\u00e9pondre au souhait de nombreux participants d'organiser leur communaut\u00e9 de mani\u00e8re autonome. Ainsi, nous nous rapprochons ensemble du r\u00eave d'un syst\u00e8me de r\u00e9mun\u00e9ration humain et d\u00e9centralis\u00e9 qui puisse contribuer \u00e0 la prosp\u00e9rit\u00e9 et \u00e0 la paix pour toute la famille humaine. Mille mercis aux programmateurs assidus et \u00e0 vous, chers soutiens, qui avez contribu\u00e9 \u00e0 <a href=\"https:\/\/gradido.net\/fr\/memberships\/\" target=\"_blank\" rel=\"noopener\">les cotisations des membres et les contributions de soutien<\/a> ce d\u00e9veloppement si important ! Et \u00e9galement mille mercis \u00e0 tous les actifs qui, gr\u00e2ce \u00e0 leurs dons et potentiels particuliers, contribuent \u00e0 la r\u00e9ussite de notre grand objectif commun !<\/p><h2>Effondrements cycliques dans l'ancien syst\u00e8me<\/h2><p>Comme tu le sais, l'ancien syst\u00e8me de monnaie-dette s'effondre toutes les quelques d\u00e9cennies en raison de son obligation de croissance inh\u00e9rente et de son principe de somme nulle. La derni\u00e8re fois, c'\u00e9tait pendant la Seconde Guerre mondiale. Aujourd'hui, un nouvel effondrement menace. Peut-\u00eatre te demandes-tu si nous parviendrons encore \u00e0 temps, ensemble, \u00e0 \u00e9viter le pire ? Apr\u00e8s tout, nous voulons laisser \u00e0 nos enfants et aux g\u00e9n\u00e9rations futures un monde o\u00f9 il fait bon vivre.<\/p><h2>La nature apporte la solution<\/h2><p>\u00c0 l'Acad\u00e9mie Gradido, nous travaillons depuis plus de vingt ans d\u00e9j\u00e0 dans le domaine de la bionique \u00e9conomique. Nous \u00e9tudions les lois de la vie dans la nature et les m\u00e9canismes hostiles du syst\u00e8me financier. Sur la base des r\u00e9sultats obtenus, nous avons d\u00e9velopp\u00e9 l'\u00c9conomie naturelle de la vie pour la prosp\u00e9rit\u00e9 mondiale et la paix en harmonie avec la nature, en bref : Gradido.<\/p><h2>Les 'graines' d\u00e9centralis\u00e9es d'un organisme vivant<\/h2><p>Comme partout dans la nature vivante, il y a d'abord la graine, dans laquelle l'organisme entier est d\u00e9j\u00e0 cr\u00e9\u00e9. Gradido est donc actuellement un syst\u00e8me de r\u00e9mun\u00e9ration du b\u00e9n\u00e9volat. Il porte en lui toutes les dispositions pour s'\u00e9tendre de mani\u00e8re d\u00e9centralis\u00e9e dans le monde entier, s'il fait ses preuves et si les gens le veulent.<\/p><p>Avec Gradido 2.0 et ses serveurs d\u00e9centralis\u00e9s, nous transmettons Gradido pas \u00e0 pas \u00e0 la famille humaine. Gradido est open source. Le code source est ouvert. Tout le monde peut le t\u00e9l\u00e9charger et faire fonctionner un serveur communautaire, pour autant qu'il ou elle ait les connaissances techniques n\u00e9cessaires.<\/p><h2>Voici comment obtenir votre propre serveur Gradido<\/h2><p>Si vous souhaitez exploiter votre propre serveur communautaire au sein de votre communaut\u00e9, veuillez r\u00e9fl\u00e9chir aux questions suivantes :<\/p><ol><li>Votre communaut\u00e9 est-elle suffisamment grande pour que l'exploitation d'un serveur en vaille la peine ou est-il peut-\u00eatre plus judicieux d'exploiter un serveur en commun avec d'autres communaut\u00e9s ?<\/li><li>Avez-vous des informaticiens au sein de votre communaut\u00e9 qui peuvent installer et g\u00e9rer un serveur, ou pr\u00e9f\u00e9rez-vous faire appel \u00e0 un fournisseur professionnel qui propose un h\u00e9bergement g\u00e9r\u00e9 de Gradido ?<\/li><\/ol><p><span style=\"color: #ffffff;\">.<\/span><\/p><p>Bien s\u00fbr, nous ne vous laissons pas seuls avec vos questions. Il vous suffit de vous inscrire par e-mail \u00e0 <a href=\"mailto:support@gradido.net\" target=\"_blank\" rel=\"noopener\">support@gradido.net<\/a>. Nous discuterons ensuite de tout et vous soutiendrons dans vos d\u00e9marches.<\/p><h2>Ensemble, nous construisons un syst\u00e8me de r\u00e9mun\u00e9ration d\u00e9centralis\u00e9<\/h2><p>Parlez aux membres de votre communaut\u00e9 des grandes possibilit\u00e9s qu'offre un serveur communautaire ! Au lieu de pester contre l'ancien syst\u00e8me d'argent sale, vous contribuez ainsi \u00e0 construire ensemble un nouveau syst\u00e8me de r\u00e9mun\u00e9ration d\u00e9centralis\u00e9 pour l'homme et la nature. Gradido a le potentiel de cr\u00e9er la prosp\u00e9rit\u00e9, la paix et la libert\u00e9 pour toute la famille humaine - pour nous-m\u00eames, nos enfants et les g\u00e9n\u00e9rations futures.<\/p>\t\t\t\t\t\t\t\t<\/div>\n\t\t\t\t<\/div>\n\t\t\t\t<div class=\"elementor-element elementor-element-d74dfa0 elementor-widget elementor-widget-text-editor\" data-id=\"d74dfa0\" data-element_type=\"widget\" data-e-type=\"widget\" data-widget_type=\"text-editor.default\">\n\t\t\t\t<div class=\"elementor-widget-container\">\n\t\t\t\t\t\t\t\t\t<div data-pm-slice=\"1 1 []\" data-en-clipboard=\"true\"><p>Meilleures salutations<\/p><\/div><p>Ton<\/p><p><img decoding=\"async\" class=\"alignnone wp-image-4614 size-medium\" src=\"https:\/\/gradido.net\/wp-content\/uploads\/2022\/06\/MargretBernd_2022-300x74.png\" alt=\"\" width=\"300\" height=\"74\" srcset=\"https:\/\/gradido.net\/wp-content\/uploads\/2022\/06\/MargretBernd_2022-300x74.png 300w, https:\/\/gradido.net\/wp-content\/uploads\/2022\/06\/MargretBernd_2022-18x4.png 18w, https:\/\/gradido.net\/wp-content\/uploads\/2022\/06\/MargretBernd_2022.png 431w\" sizes=\"(max-width: 300px) 100vw, 300px\" \/><\/p><p>Margret Baier et Bernd H\u00fcckst\u00e4dt<br \/>Fondateur et d\u00e9veloppeur de Gradido<\/p>\t\t\t\t\t\t\t\t<\/div>\n\t\t\t\t<\/div>\n\t\t\t\t\t<\/div>\n\t\t<\/div>\n\t\t\t\t\t<\/div>\n\t\t<\/section>\n\t\t\t\t<section class=\"elementor-section elementor-top-section elementor-element elementor-element-14532fe elementor-section-boxed elementor-section-height-default elementor-section-height-default\" data-id=\"14532fe\" data-element_type=\"section\" data-e-type=\"section\">\n\t\t\t\t\t\t<div class=\"elementor-container elementor-column-gap-default\">\n\t\t\t\t\t<div class=\"elementor-column elementor-col-100 elementor-top-column elementor-element elementor-element-65d2298\" data-id=\"65d2298\" data-element_type=\"column\" data-e-type=\"column\">\n\t\t\t<div class=\"elementor-widget-wrap elementor-element-populated\">\n\t\t\t\t\t\t<div class=\"elementor-element elementor-element-0083f5c elementor-widget elementor-widget-global elementor-global-9341 elementor-widget-text-editor\" data-id=\"0083f5c\" data-element_type=\"widget\" data-e-type=\"widget\" data-widget_type=\"text-editor.default\">\n\t\t\t\t<div class=\"elementor-widget-container\">\n\t\t\t\t\t\t\t\t\t<p><strong>PS\u00a0<span style=\"color: #ff6600;\"><a style=\"color: #ff6600;\" href=\"https:\/\/gradido.net\/fr\/donations\/\">En raison de l'importance croissante de Gradido, nous r\u00e9it\u00e9rons notre action de remerciement le 26 juin 2026 :<\/a>\u00a0<\/span><span style=\"color: #0000ff;\"><a style=\"color: #0000ff;\" href=\"https:\/\/gradido.net\/fr\/donations\/\">En plus des multiples GradidoTransform pour ta contribution de soutien, nous augmenterons le 26.06.26 tous les soldes de comptes GDT de 26%. Promouvoir maintenant toi aussi et profiter d'une quantit\u00e9 multiple de GDT !<\/a><\/span><\/strong><\/p>\t\t\t\t\t\t\t\t<\/div>\n\t\t\t\t<\/div>\n\t\t\t\t\t<\/div>\n\t\t<\/div>\n\t\t\t\t\t<\/div>\n\t\t<\/section>\n\t\t\t\t<\/div>","protected":false},"excerpt":{"rendered":"<p>Gradido devient d\u00e9centralis\u00e9 ! Avec Gradido 2.0, nous pouvons d\u00e9sormais r\u00e9pondre au souhait de nombreux participants d'organiser leur communaut\u00e9 de mani\u00e8re autonome. Nous nous rapprochons ainsi du r\u00eave d'un syst\u00e8me de r\u00e9mun\u00e9ration humain et d\u00e9centralis\u00e9.<\/p>","protected":false},"author":2,"featured_media":8076,"comment_status":"closed","ping_status":"closed","sticky":false,"template":"","format":"standard","meta":{"footnotes":""},"categories":[11,55],"tags":[],"class_list":["post-8075","post","type-post","status-publish","format-standard","has-post-thumbnail","hentry","category-blog","category-gradido-konto"],"yoast_head":"<!-- This site is optimized with the Yoast SEO plugin v27.5 - https:\/\/yoast.com\/product\/yoast-seo-wordpress\/ -->\n<title>Gradido 2.0 \u2013 Dezentrale Gradido-Server - Gradido<\/title>\n<meta name=\"description\" content=\"Gradido wird dezentral! Mit Gradido 2.0 k\u00f6nnen wir nun den Wunsch vieler Teilnehmerinnen und Teilnehmer erf\u00fcllen, ihre Community autonom zu organisieren. Damit kommen wir dem Traum eines menschlichen, dezentralen Verg\u00fctungssystems ein gro\u00dfes St\u00fcck n\u00e4her.\" \/>\n<meta name=\"robots\" content=\"index, follow, max-snippet:-1, max-image-preview:large, max-video-preview:-1\" \/>\n<link rel=\"canonical\" href=\"https:\/\/gradido.net\/fr\/gradido-2-0-dezentrale-gradido-server\/\" \/>\n<meta property=\"og:locale\" content=\"fr_FR\" \/>\n<meta property=\"og:type\" content=\"article\" \/>\n<meta property=\"og:title\" content=\"Gradido 2.0 \u2013 Dezentrale Gradido-Server - Gradido\" \/>\n<meta property=\"og:description\" content=\"Gradido wird dezentral! Mit Gradido 2.0 k\u00f6nnen wir nun den Wunsch vieler Teilnehmerinnen und Teilnehmer erf\u00fcllen, ihre Community autonom zu organisieren. Damit kommen wir dem Traum eines menschlichen, dezentralen Verg\u00fctungssystems ein gro\u00dfes St\u00fcck n\u00e4her.\" \/>\n<meta property=\"og:url\" content=\"https:\/\/gradido.net\/fr\/gradido-2-0-dezentrale-gradido-server\/\" \/>\n<meta property=\"og:site_name\" content=\"Gradido\" \/>\n<meta property=\"article:published_time\" content=\"2023-11-01T08:19:21+00:00\" \/>\n<meta property=\"article:modified_time\" content=\"2026-04-24T06:04:33+00:00\" \/>\n<meta property=\"og:image\" content=\"https:\/\/gradido.net\/wp-content\/uploads\/2023\/11\/Dezentrale_Server_1920.jpg\" \/>\n\t<meta property=\"og:image:width\" content=\"1920\" \/>\n\t<meta property=\"og:image:height\" content=\"1200\" \/>\n\t<meta property=\"og:image:type\" content=\"image\/jpeg\" \/>\n<meta name=\"author\" content=\"Bernd H\u00fcckst\u00e4dt\" \/>\n<meta name=\"twitter:card\" content=\"summary_large_image\" \/>\n<meta name=\"twitter:label1\" content=\"\u00c9crit par\" \/>\n\t<meta name=\"twitter:data1\" content=\"Bernd H\u00fcckst\u00e4dt\" \/>\n\t<meta name=\"twitter:label2\" content=\"Dur\u00e9e de lecture estim\u00e9e\" \/>\n\t<meta name=\"twitter:data2\" content=\"4 minutes\" \/>\n<script type=\"application\/ld+json\" class=\"yoast-schema-graph\">{\"@context\":\"https:\\\/\\\/schema.org\",\"@graph\":[{\"@type\":\"Article\",\"@id\":\"https:\\\/\\\/gradido.net\\\/gradido-2-0-dezentrale-gradido-server\\\/#article\",\"isPartOf\":{\"@id\":\"https:\\\/\\\/gradido.net\\\/gradido-2-0-dezentrale-gradido-server\\\/\"},\"author\":{\"name\":\"Bernd H\u00fcckst\u00e4dt\",\"@id\":\"https:\\\/\\\/gradido.net\\\/de\\\/#\\\/schema\\\/person\\\/9c503a004ad15a1ddecadce2218db5d1\"},\"headline\":\"Gradido 2.0 \u2013 Dezentrale Gradido-Server\",\"datePublished\":\"2023-11-01T08:19:21+00:00\",\"dateModified\":\"2026-04-24T06:04:33+00:00\",\"mainEntityOfPage\":{\"@id\":\"https:\\\/\\\/gradido.net\\\/gradido-2-0-dezentrale-gradido-server\\\/\"},\"wordCount\":592,\"publisher\":{\"@id\":\"https:\\\/\\\/gradido.net\\\/de\\\/#organization\"},\"image\":{\"@id\":\"https:\\\/\\\/gradido.net\\\/gradido-2-0-dezentrale-gradido-server\\\/#primaryimage\"},\"thumbnailUrl\":\"https:\\\/\\\/gradido.net\\\/wp-content\\\/uploads\\\/2023\\\/11\\\/Dezentrale_Server_1920.jpg\",\"articleSection\":[\"Blog\",\"Gradido-Konto\"],\"inLanguage\":\"fr-FR\"},{\"@type\":\"WebPage\",\"@id\":\"https:\\\/\\\/gradido.net\\\/gradido-2-0-dezentrale-gradido-server\\\/\",\"url\":\"https:\\\/\\\/gradido.net\\\/gradido-2-0-dezentrale-gradido-server\\\/\",\"name\":\"Gradido 2.0 \u2013 Dezentrale Gradido-Server - Gradido\",\"isPartOf\":{\"@id\":\"https:\\\/\\\/gradido.net\\\/de\\\/#website\"},\"primaryImageOfPage\":{\"@id\":\"https:\\\/\\\/gradido.net\\\/gradido-2-0-dezentrale-gradido-server\\\/#primaryimage\"},\"image\":{\"@id\":\"https:\\\/\\\/gradido.net\\\/gradido-2-0-dezentrale-gradido-server\\\/#primaryimage\"},\"thumbnailUrl\":\"https:\\\/\\\/gradido.net\\\/wp-content\\\/uploads\\\/2023\\\/11\\\/Dezentrale_Server_1920.jpg\",\"datePublished\":\"2023-11-01T08:19:21+00:00\",\"dateModified\":\"2026-04-24T06:04:33+00:00\",\"description\":\"Gradido wird dezentral! Mit Gradido 2.0 k\u00f6nnen wir nun den Wunsch vieler Teilnehmerinnen und Teilnehmer erf\u00fcllen, ihre Community autonom zu organisieren. Damit kommen wir dem Traum eines menschlichen, dezentralen Verg\u00fctungssystems ein gro\u00dfes St\u00fcck n\u00e4her.\",\"breadcrumb\":{\"@id\":\"https:\\\/\\\/gradido.net\\\/gradido-2-0-dezentrale-gradido-server\\\/#breadcrumb\"},\"inLanguage\":\"fr-FR\",\"potentialAction\":[{\"@type\":\"ReadAction\",\"target\":[\"https:\\\/\\\/gradido.net\\\/gradido-2-0-dezentrale-gradido-server\\\/\"]}]},{\"@type\":\"ImageObject\",\"inLanguage\":\"fr-FR\",\"@id\":\"https:\\\/\\\/gradido.net\\\/gradido-2-0-dezentrale-gradido-server\\\/#primaryimage\",\"url\":\"https:\\\/\\\/gradido.net\\\/wp-content\\\/uploads\\\/2023\\\/11\\\/Dezentrale_Server_1920.jpg\",\"contentUrl\":\"https:\\\/\\\/gradido.net\\\/wp-content\\\/uploads\\\/2023\\\/11\\\/Dezentrale_Server_1920.jpg\",\"width\":1920,\"height\":1200},{\"@type\":\"BreadcrumbList\",\"@id\":\"https:\\\/\\\/gradido.net\\\/gradido-2-0-dezentrale-gradido-server\\\/#breadcrumb\",\"itemListElement\":[{\"@type\":\"ListItem\",\"position\":1,\"name\":\"Startseite\",\"item\":\"https:\\\/\\\/gradido.net\\\/\"},{\"@type\":\"ListItem\",\"position\":2,\"name\":\"Gradido 2.0 \u2013 Dezentrale Gradido-Server\"}]},{\"@type\":\"WebSite\",\"@id\":\"https:\\\/\\\/gradido.net\\\/de\\\/#website\",\"url\":\"https:\\\/\\\/gradido.net\\\/de\\\/\",\"name\":\"Gradido\",\"description\":\"Die neue W\u00e4hrung hei\u00dft Dankbarkeit\",\"publisher\":{\"@id\":\"https:\\\/\\\/gradido.net\\\/de\\\/#organization\"},\"potentialAction\":[{\"@type\":\"SearchAction\",\"target\":{\"@type\":\"EntryPoint\",\"urlTemplate\":\"https:\\\/\\\/gradido.net\\\/de\\\/?s={search_term_string}\"},\"query-input\":{\"@type\":\"PropertyValueSpecification\",\"valueRequired\":true,\"valueName\":\"search_term_string\"}}],\"inLanguage\":\"fr-FR\"},{\"@type\":\"Organization\",\"@id\":\"https:\\\/\\\/gradido.net\\\/de\\\/#organization\",\"name\":\"Gradido\",\"url\":\"https:\\\/\\\/gradido.net\\\/de\\\/\",\"logo\":{\"@type\":\"ImageObject\",\"inLanguage\":\"fr-FR\",\"@id\":\"https:\\\/\\\/gradido.net\\\/de\\\/#\\\/schema\\\/logo\\\/image\\\/\",\"url\":\"https:\\\/\\\/gradido.net\\\/wp-content\\\/uploads\\\/2022\\\/04\\\/gradido-social.jpg\",\"contentUrl\":\"https:\\\/\\\/gradido.net\\\/wp-content\\\/uploads\\\/2022\\\/04\\\/gradido-social.jpg\",\"width\":527,\"height\":273,\"caption\":\"Gradido\"},\"image\":{\"@id\":\"https:\\\/\\\/gradido.net\\\/de\\\/#\\\/schema\\\/logo\\\/image\\\/\"}},{\"@type\":\"Person\",\"@id\":\"https:\\\/\\\/gradido.net\\\/de\\\/#\\\/schema\\\/person\\\/9c503a004ad15a1ddecadce2218db5d1\",\"name\":\"Bernd H\u00fcckst\u00e4dt\",\"sameAs\":[\"https:\\\/\\\/gradido.net\"],\"url\":\"https:\\\/\\\/gradido.net\\\/fr\\\/author\\\/bernd\\\/\"}]}<\/script>\n<!-- \/ Yoast SEO plugin. -->","yoast_head_json":{"title":"Gradido 2.0 - Serveurs Gradido d\u00e9centralis\u00e9s - Gradido","description":"Gradido devient d\u00e9centralis\u00e9 ! Avec Gradido 2.0, nous pouvons d\u00e9sormais r\u00e9pondre au souhait de nombreux participants d'organiser leur communaut\u00e9 de mani\u00e8re autonome. Nous nous rapprochons ainsi du r\u00eave d'un syst\u00e8me de r\u00e9mun\u00e9ration humain et d\u00e9centralis\u00e9.","robots":{"index":"index","follow":"follow","max-snippet":"max-snippet:-1","max-image-preview":"max-image-preview:large","max-video-preview":"max-video-preview:-1"},"canonical":"https:\/\/gradido.net\/fr\/gradido-2-0-dezentrale-gradido-server\/","og_locale":"fr_FR","og_type":"article","og_title":"Gradido 2.0 \u2013 Dezentrale Gradido-Server - Gradido","og_description":"Gradido wird dezentral! Mit Gradido 2.0 k\u00f6nnen wir nun den Wunsch vieler Teilnehmerinnen und Teilnehmer erf\u00fcllen, ihre Community autonom zu organisieren. Damit kommen wir dem Traum eines menschlichen, dezentralen Verg\u00fctungssystems ein gro\u00dfes St\u00fcck n\u00e4her.","og_url":"https:\/\/gradido.net\/fr\/gradido-2-0-dezentrale-gradido-server\/","og_site_name":"Gradido","article_published_time":"2023-11-01T08:19:21+00:00","article_modified_time":"2026-04-24T06:04:33+00:00","og_image":[{"width":1920,"height":1200,"url":"https:\/\/gradido.net\/wp-content\/uploads\/2023\/11\/Dezentrale_Server_1920.jpg","type":"image\/jpeg"}],"author":"Bernd H\u00fcckst\u00e4dt","twitter_card":"summary_large_image","twitter_misc":{"\u00c9crit par":"Bernd H\u00fcckst\u00e4dt","Dur\u00e9e de lecture estim\u00e9e":"4 minutes"},"schema":{"@context":"https:\/\/schema.org","@graph":[{"@type":"Article","@id":"https:\/\/gradido.net\/gradido-2-0-dezentrale-gradido-server\/#article","isPartOf":{"@id":"https:\/\/gradido.net\/gradido-2-0-dezentrale-gradido-server\/"},"author":{"name":"Bernd H\u00fcckst\u00e4dt","@id":"https:\/\/gradido.net\/de\/#\/schema\/person\/9c503a004ad15a1ddecadce2218db5d1"},"headline":"Gradido 2.0 \u2013 Dezentrale Gradido-Server","datePublished":"2023-11-01T08:19:21+00:00","dateModified":"2026-04-24T06:04:33+00:00","mainEntityOfPage":{"@id":"https:\/\/gradido.net\/gradido-2-0-dezentrale-gradido-server\/"},"wordCount":592,"publisher":{"@id":"https:\/\/gradido.net\/de\/#organization"},"image":{"@id":"https:\/\/gradido.net\/gradido-2-0-dezentrale-gradido-server\/#primaryimage"},"thumbnailUrl":"https:\/\/gradido.net\/wp-content\/uploads\/2023\/11\/Dezentrale_Server_1920.jpg","articleSection":["Blog","Gradido-Konto"],"inLanguage":"fr-FR"},{"@type":"WebPage","@id":"https:\/\/gradido.net\/gradido-2-0-dezentrale-gradido-server\/","url":"https:\/\/gradido.net\/gradido-2-0-dezentrale-gradido-server\/","name":"Gradido 2.0 - Serveurs Gradido d\u00e9centralis\u00e9s - Gradido","isPartOf":{"@id":"https:\/\/gradido.net\/de\/#website"},"primaryImageOfPage":{"@id":"https:\/\/gradido.net\/gradido-2-0-dezentrale-gradido-server\/#primaryimage"},"image":{"@id":"https:\/\/gradido.net\/gradido-2-0-dezentrale-gradido-server\/#primaryimage"},"thumbnailUrl":"https:\/\/gradido.net\/wp-content\/uploads\/2023\/11\/Dezentrale_Server_1920.jpg","datePublished":"2023-11-01T08:19:21+00:00","dateModified":"2026-04-24T06:04:33+00:00","description":"Gradido devient d\u00e9centralis\u00e9 ! Avec Gradido 2.0, nous pouvons d\u00e9sormais r\u00e9pondre au souhait de nombreux participants d'organiser leur communaut\u00e9 de mani\u00e8re autonome. Nous nous rapprochons ainsi du r\u00eave d'un syst\u00e8me de r\u00e9mun\u00e9ration humain et d\u00e9centralis\u00e9.","breadcrumb":{"@id":"https:\/\/gradido.net\/gradido-2-0-dezentrale-gradido-server\/#breadcrumb"},"inLanguage":"fr-FR","potentialAction":[{"@type":"ReadAction","target":["https:\/\/gradido.net\/gradido-2-0-dezentrale-gradido-server\/"]}]},{"@type":"ImageObject","inLanguage":"fr-FR","@id":"https:\/\/gradido.net\/gradido-2-0-dezentrale-gradido-server\/#primaryimage","url":"https:\/\/gradido.net\/wp-content\/uploads\/2023\/11\/Dezentrale_Server_1920.jpg","contentUrl":"https:\/\/gradido.net\/wp-content\/uploads\/2023\/11\/Dezentrale_Server_1920.jpg","width":1920,"height":1200},{"@type":"BreadcrumbList","@id":"https:\/\/gradido.net\/gradido-2-0-dezentrale-gradido-server\/#breadcrumb","itemListElement":[{"@type":"ListItem","position":1,"name":"Startseite","item":"https:\/\/gradido.net\/"},{"@type":"ListItem","position":2,"name":"Gradido 2.0 \u2013 Dezentrale Gradido-Server"}]},{"@type":"WebSite","@id":"https:\/\/gradido.net\/de\/#website","url":"https:\/\/gradido.net\/de\/","name":"Gradido","description":"La nouvelle monnaie s'appelle la gratitude","publisher":{"@id":"https:\/\/gradido.net\/de\/#organization"},"potentialAction":[{"@type":"SearchAction","target":{"@type":"EntryPoint","urlTemplate":"https:\/\/gradido.net\/de\/?s={search_term_string}"},"query-input":{"@type":"PropertyValueSpecification","valueRequired":true,"valueName":"search_term_string"}}],"inLanguage":"fr-FR"},{"@type":"Organization","@id":"https:\/\/gradido.net\/de\/#organization","name":"Gradido","url":"https:\/\/gradido.net\/de\/","logo":{"@type":"ImageObject","inLanguage":"fr-FR","@id":"https:\/\/gradido.net\/de\/#\/schema\/logo\/image\/","url":"https:\/\/gradido.net\/wp-content\/uploads\/2022\/04\/gradido-social.jpg","contentUrl":"https:\/\/gradido.net\/wp-content\/uploads\/2022\/04\/gradido-social.jpg","width":527,"height":273,"caption":"Gradido"},"image":{"@id":"https:\/\/gradido.net\/de\/#\/schema\/logo\/image\/"}},{"@type":"Person","@id":"https:\/\/gradido.net\/de\/#\/schema\/person\/9c503a004ad15a1ddecadce2218db5d1","name":"Bernd H\u00fcckst\u00e4dt","sameAs":["https:\/\/gradido.net"],"url":"https:\/\/gradido.net\/fr\/author\/bernd\/"}]}},"_links":{"self":[{"href":"https:\/\/gradido.net\/fr\/wp-json\/wp\/v2\/posts\/8075","targetHints":{"allow":["GET"]}}],"collection":[{"href":"https:\/\/gradido.net\/fr\/wp-json\/wp\/v2\/posts"}],"about":[{"href":"https:\/\/gradido.net\/fr\/wp-json\/wp\/v2\/types\/post"}],"author":[{"embeddable":true,"href":"https:\/\/gradido.net\/fr\/wp-json\/wp\/v2\/users\/2"}],"replies":[{"embeddable":true,"href":"https:\/\/gradido.net\/fr\/wp-json\/wp\/v2\/comments?post=8075"}],"version-history":[{"count":26,"href":"https:\/\/gradido.net\/fr\/wp-json\/wp\/v2\/posts\/8075\/revisions"}],"predecessor-version":[{"id":13589,"href":"https:\/\/gradido.net\/fr\/wp-json\/wp\/v2\/posts\/8075\/revisions\/13589"}],"wp:featuredmedia":[{"embeddable":true,"href":"https:\/\/gradido.net\/fr\/wp-json\/wp\/v2\/media\/8076"}],"wp:attachment":[{"href":"https:\/\/gradido.net\/fr\/wp-json\/wp\/v2\/media?parent=8075"}],"wp:term":[{"taxonomy":"category","embeddable":true,"href":"https:\/\/gradido.net\/fr\/wp-json\/wp\/v2\/categories?post=8075"},{"taxonomy":"post_tag","embeddable":true,"href":"https:\/\/gradido.net\/fr\/wp-json\/wp\/v2\/tags?post=8075"}],"curies":[{"name":"wp","href":"https:\/\/api.w.org\/{rel}","templated":true}]}}