{"id":9486,"date":"2024-09-02T08:54:09","date_gmt":"2024-09-02T06:54:09","guid":{"rendered":"https:\/\/gradido.net\/?p=9486"},"modified":"2026-04-24T07:56:03","modified_gmt":"2026-04-24T05:56:03","slug":"selbstorganisation-in-organisationen-der-neuen-zeit","status":"publish","type":"post","link":"https:\/\/gradido.net\/fr\/selbstorganisation-in-organisationen-der-neuen-zeit\/","title":{"rendered":"L'auto-organisation dans les organisations de la nouvelle \u00e8re"},"content":{"rendered":"<div data-elementor-type=\"wp-post\" data-elementor-id=\"9486\" class=\"elementor elementor-9486\" data-elementor-post-type=\"post\">\n\t\t\t\t\t\t<section class=\"elementor-section elementor-top-section elementor-element elementor-element-496e1d53 elementor-section-boxed elementor-section-height-default elementor-section-height-default\" data-id=\"496e1d53\" data-element_type=\"section\" data-e-type=\"section\">\n\t\t\t\t\t\t<div class=\"elementor-container elementor-column-gap-default\">\n\t\t\t\t\t<div class=\"elementor-column elementor-col-100 elementor-top-column elementor-element elementor-element-461d7be0\" data-id=\"461d7be0\" data-element_type=\"column\" data-e-type=\"column\">\n\t\t\t<div class=\"elementor-widget-wrap elementor-element-populated\">\n\t\t\t\t\t\t<div class=\"elementor-element elementor-element-cd9ebe2 elementor-widget elementor-widget-text-editor\" data-id=\"cd9ebe2\" data-element_type=\"widget\" data-e-type=\"widget\" data-widget_type=\"text-editor.default\">\n\t\t\t\t<div class=\"elementor-widget-container\">\n\t\t\t\t\t\t\t\t\t<p style=\"text-align: right;\"><em>\"L'homme est la seule esp\u00e8ce sur cette plan\u00e8te \u00e0 croire que les grandes organisations ne peuvent r\u00e9ussir qu'avec une hi\u00e9rarchie et un contr\u00f4le. Mais la nature nous montre que cette affirmation est d\u00e9nu\u00e9e de tout fondement\".<\/em><\/p><p style=\"text-align: right;\"><em>- Evert Bleijenberg, fondateur de l'organisation SWARM<\/em><\/p><p>Ch\u00e8re lectrice, cher lecteur<\/p><p>de nombreuses \u00e9quipes, organisations, initiatives et communaut\u00e9s se lancent avec enthousiasme et une foule d'id\u00e9es pour une \"bonne cause\". Et puis : des discussions interminables et fatigantes, des luttes de pouvoir ouvertes ou sous-jacentes, on parle beaucoup mais on ne r\u00e9alise rien - frustration, col\u00e8re et d\u00e9ception... A quoi cela est-il d\u00fb ? Et que pouvons-nous faire pour \u00e9viter cela ?<\/p><h3>L'\u00e8re des organisations hi\u00e9rarchiques est r\u00e9volue<\/h3><p>Nous sommes tous habitu\u00e9s \u00e0 \"fonctionner\" dans des structures hi\u00e9rarchiques. D\u00e8s l'enfance - au plus tard \u00e0 l'\u00e9cole - nous apprenons que le monde est hi\u00e9rarchique. Ces exp\u00e9riences nous marquent dans nos pens\u00e9es, nos sentiments et notre comportement : La peur de l'autorit\u00e9, le fait de mettre ses propres besoins de c\u00f4t\u00e9, l'adaptation extr\u00eame, le fait de se mesurer aux autres ou le besoin de se distinguer et de prendre l'avantage sur les autres. Tout cela nous a \u00e9t\u00e9 inculqu\u00e9 et n'est pas dans notre nature.<\/p><p><strong>C'est pourquoi les personnes de la \"nouvelle \u00e8re\" ont un fort d\u00e9sir de se rencontrer sur un pied d'\u00e9galit\u00e9, de s'organiser elles-m\u00eames et de se passer autant que possible de la hi\u00e9rarchie.<\/strong><\/p><h3>Mais quelle est l'alternative ?<\/h3><ul><li>Comment fonctionne l'auto-organisation<\/li><li>Quels sont les mod\u00e8les qui existent d\u00e9j\u00e0 ?<\/li><li>Comment pouvons-nous \u00e9voluer vers cela ?<\/li><li>Qui ou quoi nous aide ?<\/li><\/ul><p>.<\/p><p>Christiane L\u00fcpken s'engage pour Society 4.0 et les formes d'auto-organisation non hi\u00e9rarchiques qui vont avec. Elle est membre de notre cercle de vision. Dans son <a href=\"https:\/\/www.christiane-luepken.com\/swarm-vortrag\" target=\"_blank\" rel=\"noopener\">Conf\u00e9rence d'impulsion en ligne<\/a>\u00a0Christiane pr\u00e9sente un mod\u00e8le qui, en tant que \"syst\u00e8me d'exploitation\" interne, permet aux organisations et aux initiatives de toutes sortes de cr\u00e9er de l'espace pour la cr\u00e9ativit\u00e9, la connexion, l'efficacit\u00e9 et l'enthousiasme.<\/p><p><img fetchpriority=\"high\" decoding=\"async\" class=\"alignnone wp-image-9290 size-medium\" src=\"https:\/\/gradido.net\/wp-content\/uploads\/2024\/08\/Bildschirmfoto-2024-08-26-um-14.01.45-300x300.png\" alt=\"\" width=\"300\" height=\"300\" srcset=\"https:\/\/gradido.net\/wp-content\/uploads\/2024\/08\/Bildschirmfoto-2024-08-26-um-14.01.45-300x300.png 300w, https:\/\/gradido.net\/wp-content\/uploads\/2024\/08\/Bildschirmfoto-2024-08-26-um-14.01.45-150x150.png 150w, https:\/\/gradido.net\/wp-content\/uploads\/2024\/08\/Bildschirmfoto-2024-08-26-um-14.01.45-768x768.png 768w, https:\/\/gradido.net\/wp-content\/uploads\/2024\/08\/Bildschirmfoto-2024-08-26-um-14.01.45-12x12.png 12w, https:\/\/gradido.net\/wp-content\/uploads\/2024\/08\/Bildschirmfoto-2024-08-26-um-14.01.45.png 902w\" sizes=\"(max-width: 300px) 100vw, 300px\" \/><\/p><p>Prochain rendez-vous pour la conf\u00e9rence en ligne :<br \/><strong>Mercredi, 04.09.2024 \u00e0 19 heures<\/strong><br \/>D'autres dates suivront<\/p><p><a href=\"https:\/\/www.christiane-luepken.com\/swarm-vortrag\" target=\"_blank\" rel=\"noopener\">Cliquez ici pour vous inscrire<\/a><\/p><h4>Remercier avec Gradido :<\/h4><p>Dans le formulaire d'inscription \u00e0 la conf\u00e9rence, Christiane mentionne explicitement qu'une contribution d'appr\u00e9ciation peut aussi \u00eatre faite sous forme de Gradido. Pour cela, s\u00e9lectionne \"autre\" dans le formulaire d'inscription et envoie ta contribution en Gradido sur le compte Gradido de\u00a0 <a href=\"https:\/\/gdd.gradido.net\/send\/Gradido-Akademie\/ChristianeLu\" target=\"_blank\" rel=\"noopener\">Christiane L\u00fcpken\u00a0<\/a><br \/><br \/><\/p><p>Nous avons tous les deux d\u00e9j\u00e0 \u00e9cout\u00e9 la conf\u00e9rence et nous ne pouvons que te la recommander vivement.<\/p>\t\t\t\t\t\t\t\t<\/div>\n\t\t\t\t<\/div>\n\t\t\t\t<div class=\"elementor-element elementor-element-d74dfa0 elementor-widget elementor-widget-text-editor\" data-id=\"d74dfa0\" data-element_type=\"widget\" data-e-type=\"widget\" data-widget_type=\"text-editor.default\">\n\t\t\t\t<div class=\"elementor-widget-container\">\n\t\t\t\t\t\t\t\t\t<div data-pm-slice=\"1 1 []\" data-en-clipboard=\"true\"><p>Meilleures salutations<\/p><\/div><p>Ton<\/p><p><img decoding=\"async\" class=\"alignnone wp-image-4614 size-medium\" src=\"https:\/\/gradido.net\/wp-content\/uploads\/2022\/06\/MargretBernd_2022-300x74.png\" alt=\"\" width=\"300\" height=\"74\" srcset=\"https:\/\/gradido.net\/wp-content\/uploads\/2022\/06\/MargretBernd_2022-300x74.png 300w, https:\/\/gradido.net\/wp-content\/uploads\/2022\/06\/MargretBernd_2022-18x4.png 18w, https:\/\/gradido.net\/wp-content\/uploads\/2022\/06\/MargretBernd_2022.png 431w\" sizes=\"(max-width: 300px) 100vw, 300px\" \/><\/p><p>Margret Baier et Bernd H\u00fcckst\u00e4dt<br \/>Fondateur et d\u00e9veloppeur de Gradido<\/p>\t\t\t\t\t\t\t\t<\/div>\n\t\t\t\t<\/div>\n\t\t\t\t\t<\/div>\n\t\t<\/div>\n\t\t\t\t\t<\/div>\n\t\t<\/section>\n\t\t\t\t<section class=\"elementor-section elementor-top-section elementor-element elementor-element-14532fe elementor-section-boxed elementor-section-height-default elementor-section-height-default\" data-id=\"14532fe\" data-element_type=\"section\" data-e-type=\"section\">\n\t\t\t\t\t\t<div class=\"elementor-container elementor-column-gap-default\">\n\t\t\t\t\t<div class=\"elementor-column elementor-col-100 elementor-top-column elementor-element elementor-element-65d2298\" data-id=\"65d2298\" data-element_type=\"column\" data-e-type=\"column\">\n\t\t\t<div class=\"elementor-widget-wrap elementor-element-populated\">\n\t\t\t\t\t\t<div class=\"elementor-element elementor-element-bea124f elementor-widget elementor-widget-global elementor-global-9341 elementor-widget-text-editor\" data-id=\"bea124f\" data-element_type=\"widget\" data-e-type=\"widget\" data-widget_type=\"text-editor.default\">\n\t\t\t\t<div class=\"elementor-widget-container\">\n\t\t\t\t\t\t\t\t\t<p><strong>PS\u00a0<span style=\"color: #ff6600;\"><a style=\"color: #ff6600;\" href=\"https:\/\/gradido.net\/fr\/donations\/\">En raison de l'importance croissante de Gradido, nous r\u00e9it\u00e9rons notre action de remerciement le 26 juin 2026 :<\/a>\u00a0<\/span><span style=\"color: #0000ff;\"><a style=\"color: #0000ff;\" href=\"https:\/\/gradido.net\/fr\/donations\/\">En plus des multiples GradidoTransform pour ta contribution de soutien, nous augmenterons le 26.06.26 tous les soldes de comptes GDT de 26%. Promouvoir maintenant toi aussi et profiter d'une quantit\u00e9 multiple de GDT !<\/a><\/span><\/strong><\/p>\t\t\t\t\t\t\t\t<\/div>\n\t\t\t\t<\/div>\n\t\t\t\t\t<\/div>\n\t\t<\/div>\n\t\t\t\t\t<\/div>\n\t\t<\/section>\n\t\t\t\t<section class=\"elementor-section elementor-top-section elementor-element elementor-element-29dfc07 elementor-section-boxed elementor-section-height-default elementor-section-height-default\" data-id=\"29dfc07\" data-element_type=\"section\" data-e-type=\"section\">\n\t\t\t\t\t\t<div class=\"elementor-container elementor-column-gap-default\">\n\t\t\t\t\t<div class=\"elementor-column elementor-col-100 elementor-top-column elementor-element elementor-element-d37ec5a\" data-id=\"d37ec5a\" data-element_type=\"column\" data-e-type=\"column\">\n\t\t\t<div class=\"elementor-widget-wrap\">\n\t\t\t\t\t\t\t<\/div>\n\t\t<\/div>\n\t\t\t\t\t<\/div>\n\t\t<\/section>\n\t\t\t\t<\/div>","protected":false},"excerpt":{"rendered":"<p>L'\u00e8re des organisations hi\u00e9rarchiques est r\u00e9volue. Les personnes de la \"nouvelle \u00e8re\" ont un fort d\u00e9sir de se rencontrer sur un pied d'\u00e9galit\u00e9, de s'organiser elles-m\u00eames et de se passer autant que possible de la hi\u00e9rarchie.<\/p>","protected":false},"author":2,"featured_media":9487,"comment_status":"closed","ping_status":"closed","sticky":false,"template":"","format":"standard","meta":{"footnotes":""},"categories":[11,54],"tags":[],"class_list":["post-9486","post","type-post","status-publish","format-standard","has-post-thumbnail","hentry","category-blog","category-community"],"yoast_head":"<!-- This site is optimized with the Yoast SEO plugin v27.5 - https:\/\/yoast.com\/product\/yoast-seo-wordpress\/ -->\n<title>Selbstorganisation in Organisationen der neuen Zeit - Gradido<\/title>\n<meta name=\"description\" content=\"Das Zeitalter hierarchischer Organisationen ist vorbei. Menschen der \u201eneuen Zeit\u201c haben den starken Wunsch, einander auf Augenh\u00f6he zu begegnen, sich selbst zu organisieren und dabei m\u00f6glichst ohne Hierarchien auszukommen.\" \/>\n<meta name=\"robots\" content=\"index, follow, max-snippet:-1, max-image-preview:large, max-video-preview:-1\" \/>\n<link rel=\"canonical\" href=\"https:\/\/gradido.net\/fr\/selbstorganisation-in-organisationen-der-neuen-zeit\/\" \/>\n<meta property=\"og:locale\" content=\"fr_FR\" \/>\n<meta property=\"og:type\" content=\"article\" \/>\n<meta property=\"og:title\" content=\"Selbstorganisation in Organisationen der neuen Zeit - Gradido\" \/>\n<meta property=\"og:description\" content=\"Das Zeitalter hierarchischer Organisationen ist vorbei. Menschen der \u201eneuen Zeit\u201c haben den starken Wunsch, einander auf Augenh\u00f6he zu begegnen, sich selbst zu organisieren und dabei m\u00f6glichst ohne Hierarchien auszukommen.\" \/>\n<meta property=\"og:url\" content=\"https:\/\/gradido.net\/fr\/selbstorganisation-in-organisationen-der-neuen-zeit\/\" \/>\n<meta property=\"og:site_name\" content=\"Gradido\" \/>\n<meta property=\"article:published_time\" content=\"2024-09-02T06:54:09+00:00\" \/>\n<meta property=\"article:modified_time\" content=\"2026-04-24T05:56:03+00:00\" \/>\n<meta property=\"og:image\" content=\"https:\/\/gradido.net\/wp-content\/uploads\/2024\/09\/SWARM.jpg\" \/>\n\t<meta property=\"og:image:width\" content=\"1200\" \/>\n\t<meta property=\"og:image:height\" content=\"600\" \/>\n\t<meta property=\"og:image:type\" content=\"image\/jpeg\" \/>\n<meta name=\"author\" content=\"Bernd H\u00fcckst\u00e4dt\" \/>\n<meta name=\"twitter:card\" content=\"summary_large_image\" \/>\n<meta name=\"twitter:label1\" content=\"\u00c9crit par\" \/>\n\t<meta name=\"twitter:data1\" content=\"Bernd H\u00fcckst\u00e4dt\" \/>\n\t<meta name=\"twitter:label2\" content=\"Dur\u00e9e de lecture estim\u00e9e\" \/>\n\t<meta name=\"twitter:data2\" content=\"3 minutes\" \/>\n<script type=\"application\/ld+json\" class=\"yoast-schema-graph\">{\"@context\":\"https:\\\/\\\/schema.org\",\"@graph\":[{\"@type\":\"Article\",\"@id\":\"https:\\\/\\\/gradido.net\\\/selbstorganisation-in-organisationen-der-neuen-zeit\\\/#article\",\"isPartOf\":{\"@id\":\"https:\\\/\\\/gradido.net\\\/selbstorganisation-in-organisationen-der-neuen-zeit\\\/\"},\"author\":{\"name\":\"Bernd H\u00fcckst\u00e4dt\",\"@id\":\"https:\\\/\\\/gradido.net\\\/de\\\/#\\\/schema\\\/person\\\/9c503a004ad15a1ddecadce2218db5d1\"},\"headline\":\"Selbstorganisation in Organisationen der neuen Zeit\",\"datePublished\":\"2024-09-02T06:54:09+00:00\",\"dateModified\":\"2026-04-24T05:56:03+00:00\",\"mainEntityOfPage\":{\"@id\":\"https:\\\/\\\/gradido.net\\\/selbstorganisation-in-organisationen-der-neuen-zeit\\\/\"},\"wordCount\":438,\"publisher\":{\"@id\":\"https:\\\/\\\/gradido.net\\\/de\\\/#organization\"},\"image\":{\"@id\":\"https:\\\/\\\/gradido.net\\\/selbstorganisation-in-organisationen-der-neuen-zeit\\\/#primaryimage\"},\"thumbnailUrl\":\"https:\\\/\\\/gradido.net\\\/wp-content\\\/uploads\\\/2024\\\/09\\\/SWARM.jpg\",\"articleSection\":[\"Blog\",\"Community\"],\"inLanguage\":\"fr-FR\"},{\"@type\":\"WebPage\",\"@id\":\"https:\\\/\\\/gradido.net\\\/selbstorganisation-in-organisationen-der-neuen-zeit\\\/\",\"url\":\"https:\\\/\\\/gradido.net\\\/selbstorganisation-in-organisationen-der-neuen-zeit\\\/\",\"name\":\"Selbstorganisation in Organisationen der neuen Zeit - Gradido\",\"isPartOf\":{\"@id\":\"https:\\\/\\\/gradido.net\\\/de\\\/#website\"},\"primaryImageOfPage\":{\"@id\":\"https:\\\/\\\/gradido.net\\\/selbstorganisation-in-organisationen-der-neuen-zeit\\\/#primaryimage\"},\"image\":{\"@id\":\"https:\\\/\\\/gradido.net\\\/selbstorganisation-in-organisationen-der-neuen-zeit\\\/#primaryimage\"},\"thumbnailUrl\":\"https:\\\/\\\/gradido.net\\\/wp-content\\\/uploads\\\/2024\\\/09\\\/SWARM.jpg\",\"datePublished\":\"2024-09-02T06:54:09+00:00\",\"dateModified\":\"2026-04-24T05:56:03+00:00\",\"description\":\"Das Zeitalter hierarchischer Organisationen ist vorbei. Menschen der \u201eneuen Zeit\u201c haben den starken Wunsch, einander auf Augenh\u00f6he zu begegnen, sich selbst zu organisieren und dabei m\u00f6glichst ohne Hierarchien auszukommen.\",\"breadcrumb\":{\"@id\":\"https:\\\/\\\/gradido.net\\\/selbstorganisation-in-organisationen-der-neuen-zeit\\\/#breadcrumb\"},\"inLanguage\":\"fr-FR\",\"potentialAction\":[{\"@type\":\"ReadAction\",\"target\":[\"https:\\\/\\\/gradido.net\\\/selbstorganisation-in-organisationen-der-neuen-zeit\\\/\"]}]},{\"@type\":\"ImageObject\",\"inLanguage\":\"fr-FR\",\"@id\":\"https:\\\/\\\/gradido.net\\\/selbstorganisation-in-organisationen-der-neuen-zeit\\\/#primaryimage\",\"url\":\"https:\\\/\\\/gradido.net\\\/wp-content\\\/uploads\\\/2024\\\/09\\\/SWARM.jpg\",\"contentUrl\":\"https:\\\/\\\/gradido.net\\\/wp-content\\\/uploads\\\/2024\\\/09\\\/SWARM.jpg\",\"width\":1200,\"height\":600},{\"@type\":\"BreadcrumbList\",\"@id\":\"https:\\\/\\\/gradido.net\\\/selbstorganisation-in-organisationen-der-neuen-zeit\\\/#breadcrumb\",\"itemListElement\":[{\"@type\":\"ListItem\",\"position\":1,\"name\":\"Startseite\",\"item\":\"https:\\\/\\\/gradido.net\\\/\"},{\"@type\":\"ListItem\",\"position\":2,\"name\":\"Selbstorganisation in Organisationen der neuen Zeit\"}]},{\"@type\":\"WebSite\",\"@id\":\"https:\\\/\\\/gradido.net\\\/de\\\/#website\",\"url\":\"https:\\\/\\\/gradido.net\\\/de\\\/\",\"name\":\"Gradido\",\"description\":\"Die neue W\u00e4hrung hei\u00dft Dankbarkeit\",\"publisher\":{\"@id\":\"https:\\\/\\\/gradido.net\\\/de\\\/#organization\"},\"potentialAction\":[{\"@type\":\"SearchAction\",\"target\":{\"@type\":\"EntryPoint\",\"urlTemplate\":\"https:\\\/\\\/gradido.net\\\/de\\\/?s={search_term_string}\"},\"query-input\":{\"@type\":\"PropertyValueSpecification\",\"valueRequired\":true,\"valueName\":\"search_term_string\"}}],\"inLanguage\":\"fr-FR\"},{\"@type\":\"Organization\",\"@id\":\"https:\\\/\\\/gradido.net\\\/de\\\/#organization\",\"name\":\"Gradido\",\"url\":\"https:\\\/\\\/gradido.net\\\/de\\\/\",\"logo\":{\"@type\":\"ImageObject\",\"inLanguage\":\"fr-FR\",\"@id\":\"https:\\\/\\\/gradido.net\\\/de\\\/#\\\/schema\\\/logo\\\/image\\\/\",\"url\":\"https:\\\/\\\/gradido.net\\\/wp-content\\\/uploads\\\/2022\\\/04\\\/gradido-social.jpg\",\"contentUrl\":\"https:\\\/\\\/gradido.net\\\/wp-content\\\/uploads\\\/2022\\\/04\\\/gradido-social.jpg\",\"width\":527,\"height\":273,\"caption\":\"Gradido\"},\"image\":{\"@id\":\"https:\\\/\\\/gradido.net\\\/de\\\/#\\\/schema\\\/logo\\\/image\\\/\"}},{\"@type\":\"Person\",\"@id\":\"https:\\\/\\\/gradido.net\\\/de\\\/#\\\/schema\\\/person\\\/9c503a004ad15a1ddecadce2218db5d1\",\"name\":\"Bernd H\u00fcckst\u00e4dt\",\"sameAs\":[\"https:\\\/\\\/gradido.net\"],\"url\":\"https:\\\/\\\/gradido.net\\\/fr\\\/author\\\/bernd\\\/\"}]}<\/script>\n<!-- \/ Yoast SEO plugin. -->","yoast_head_json":{"title":"L'auto-organisation dans les organisations de la nouvelle \u00e8re - Gradido","description":"L'\u00e8re des organisations hi\u00e9rarchiques est r\u00e9volue. Les personnes de la \"nouvelle \u00e8re\" ont un fort d\u00e9sir de se rencontrer sur un pied d'\u00e9galit\u00e9, de s'organiser elles-m\u00eames et de se passer autant que possible de la hi\u00e9rarchie.","robots":{"index":"index","follow":"follow","max-snippet":"max-snippet:-1","max-image-preview":"max-image-preview:large","max-video-preview":"max-video-preview:-1"},"canonical":"https:\/\/gradido.net\/fr\/selbstorganisation-in-organisationen-der-neuen-zeit\/","og_locale":"fr_FR","og_type":"article","og_title":"Selbstorganisation in Organisationen der neuen Zeit - Gradido","og_description":"Das Zeitalter hierarchischer Organisationen ist vorbei. Menschen der \u201eneuen Zeit\u201c haben den starken Wunsch, einander auf Augenh\u00f6he zu begegnen, sich selbst zu organisieren und dabei m\u00f6glichst ohne Hierarchien auszukommen.","og_url":"https:\/\/gradido.net\/fr\/selbstorganisation-in-organisationen-der-neuen-zeit\/","og_site_name":"Gradido","article_published_time":"2024-09-02T06:54:09+00:00","article_modified_time":"2026-04-24T05:56:03+00:00","og_image":[{"width":1200,"height":600,"url":"https:\/\/gradido.net\/wp-content\/uploads\/2024\/09\/SWARM.jpg","type":"image\/jpeg"}],"author":"Bernd H\u00fcckst\u00e4dt","twitter_card":"summary_large_image","twitter_misc":{"\u00c9crit par":"Bernd H\u00fcckst\u00e4dt","Dur\u00e9e de lecture estim\u00e9e":"3 minutes"},"schema":{"@context":"https:\/\/schema.org","@graph":[{"@type":"Article","@id":"https:\/\/gradido.net\/selbstorganisation-in-organisationen-der-neuen-zeit\/#article","isPartOf":{"@id":"https:\/\/gradido.net\/selbstorganisation-in-organisationen-der-neuen-zeit\/"},"author":{"name":"Bernd H\u00fcckst\u00e4dt","@id":"https:\/\/gradido.net\/de\/#\/schema\/person\/9c503a004ad15a1ddecadce2218db5d1"},"headline":"Selbstorganisation in Organisationen der neuen Zeit","datePublished":"2024-09-02T06:54:09+00:00","dateModified":"2026-04-24T05:56:03+00:00","mainEntityOfPage":{"@id":"https:\/\/gradido.net\/selbstorganisation-in-organisationen-der-neuen-zeit\/"},"wordCount":438,"publisher":{"@id":"https:\/\/gradido.net\/de\/#organization"},"image":{"@id":"https:\/\/gradido.net\/selbstorganisation-in-organisationen-der-neuen-zeit\/#primaryimage"},"thumbnailUrl":"https:\/\/gradido.net\/wp-content\/uploads\/2024\/09\/SWARM.jpg","articleSection":["Blog","Community"],"inLanguage":"fr-FR"},{"@type":"WebPage","@id":"https:\/\/gradido.net\/selbstorganisation-in-organisationen-der-neuen-zeit\/","url":"https:\/\/gradido.net\/selbstorganisation-in-organisationen-der-neuen-zeit\/","name":"L'auto-organisation dans les organisations de la nouvelle \u00e8re - Gradido","isPartOf":{"@id":"https:\/\/gradido.net\/de\/#website"},"primaryImageOfPage":{"@id":"https:\/\/gradido.net\/selbstorganisation-in-organisationen-der-neuen-zeit\/#primaryimage"},"image":{"@id":"https:\/\/gradido.net\/selbstorganisation-in-organisationen-der-neuen-zeit\/#primaryimage"},"thumbnailUrl":"https:\/\/gradido.net\/wp-content\/uploads\/2024\/09\/SWARM.jpg","datePublished":"2024-09-02T06:54:09+00:00","dateModified":"2026-04-24T05:56:03+00:00","description":"L'\u00e8re des organisations hi\u00e9rarchiques est r\u00e9volue. Les personnes de la \"nouvelle \u00e8re\" ont un fort d\u00e9sir de se rencontrer sur un pied d'\u00e9galit\u00e9, de s'organiser elles-m\u00eames et de se passer autant que possible de la hi\u00e9rarchie.","breadcrumb":{"@id":"https:\/\/gradido.net\/selbstorganisation-in-organisationen-der-neuen-zeit\/#breadcrumb"},"inLanguage":"fr-FR","potentialAction":[{"@type":"ReadAction","target":["https:\/\/gradido.net\/selbstorganisation-in-organisationen-der-neuen-zeit\/"]}]},{"@type":"ImageObject","inLanguage":"fr-FR","@id":"https:\/\/gradido.net\/selbstorganisation-in-organisationen-der-neuen-zeit\/#primaryimage","url":"https:\/\/gradido.net\/wp-content\/uploads\/2024\/09\/SWARM.jpg","contentUrl":"https:\/\/gradido.net\/wp-content\/uploads\/2024\/09\/SWARM.jpg","width":1200,"height":600},{"@type":"BreadcrumbList","@id":"https:\/\/gradido.net\/selbstorganisation-in-organisationen-der-neuen-zeit\/#breadcrumb","itemListElement":[{"@type":"ListItem","position":1,"name":"Startseite","item":"https:\/\/gradido.net\/"},{"@type":"ListItem","position":2,"name":"Selbstorganisation in Organisationen der neuen Zeit"}]},{"@type":"WebSite","@id":"https:\/\/gradido.net\/de\/#website","url":"https:\/\/gradido.net\/de\/","name":"Gradido","description":"La nouvelle monnaie s'appelle la gratitude","publisher":{"@id":"https:\/\/gradido.net\/de\/#organization"},"potentialAction":[{"@type":"SearchAction","target":{"@type":"EntryPoint","urlTemplate":"https:\/\/gradido.net\/de\/?s={search_term_string}"},"query-input":{"@type":"PropertyValueSpecification","valueRequired":true,"valueName":"search_term_string"}}],"inLanguage":"fr-FR"},{"@type":"Organization","@id":"https:\/\/gradido.net\/de\/#organization","name":"Gradido","url":"https:\/\/gradido.net\/de\/","logo":{"@type":"ImageObject","inLanguage":"fr-FR","@id":"https:\/\/gradido.net\/de\/#\/schema\/logo\/image\/","url":"https:\/\/gradido.net\/wp-content\/uploads\/2022\/04\/gradido-social.jpg","contentUrl":"https:\/\/gradido.net\/wp-content\/uploads\/2022\/04\/gradido-social.jpg","width":527,"height":273,"caption":"Gradido"},"image":{"@id":"https:\/\/gradido.net\/de\/#\/schema\/logo\/image\/"}},{"@type":"Person","@id":"https:\/\/gradido.net\/de\/#\/schema\/person\/9c503a004ad15a1ddecadce2218db5d1","name":"Bernd H\u00fcckst\u00e4dt","sameAs":["https:\/\/gradido.net"],"url":"https:\/\/gradido.net\/fr\/author\/bernd\/"}]}},"_links":{"self":[{"href":"https:\/\/gradido.net\/fr\/wp-json\/wp\/v2\/posts\/9486","targetHints":{"allow":["GET"]}}],"collection":[{"href":"https:\/\/gradido.net\/fr\/wp-json\/wp\/v2\/posts"}],"about":[{"href":"https:\/\/gradido.net\/fr\/wp-json\/wp\/v2\/types\/post"}],"author":[{"embeddable":true,"href":"https:\/\/gradido.net\/fr\/wp-json\/wp\/v2\/users\/2"}],"replies":[{"embeddable":true,"href":"https:\/\/gradido.net\/fr\/wp-json\/wp\/v2\/comments?post=9486"}],"version-history":[{"count":17,"href":"https:\/\/gradido.net\/fr\/wp-json\/wp\/v2\/posts\/9486\/revisions"}],"predecessor-version":[{"id":9506,"href":"https:\/\/gradido.net\/fr\/wp-json\/wp\/v2\/posts\/9486\/revisions\/9506"}],"wp:featuredmedia":[{"embeddable":true,"href":"https:\/\/gradido.net\/fr\/wp-json\/wp\/v2\/media\/9487"}],"wp:attachment":[{"href":"https:\/\/gradido.net\/fr\/wp-json\/wp\/v2\/media?parent=9486"}],"wp:term":[{"taxonomy":"category","embeddable":true,"href":"https:\/\/gradido.net\/fr\/wp-json\/wp\/v2\/categories?post=9486"},{"taxonomy":"post_tag","embeddable":true,"href":"https:\/\/gradido.net\/fr\/wp-json\/wp\/v2\/tags?post=9486"}],"curies":[{"name":"wp","href":"https:\/\/api.w.org\/{rel}","templated":true}]}}