{"id":1011,"date":"2020-10-30T11:29:07","date_gmt":"2020-10-30T10:29:07","guid":{"rendered":"https:\/\/gradido.net\/?p=1011"},"modified":"2021-12-11T12:59:49","modified_gmt":"2021-12-11T11:59:49","slug":"gemeinwohlkonzept-trotzt-epidemie-der-einsamkeit","status":"publish","type":"post","link":"https:\/\/gradido.net\/hu\/gemeinwohlkonzept-trotzt-epidemie-der-einsamkeit\/","title":{"rendered":"A k\u00f6zj\u00f3 koncepci\u00f3ja dacol a mag\u00e1ny j\u00e1rv\u00e1ny\u00e1val"},"content":{"rendered":"<div data-elementor-type=\"wp-post\" data-elementor-id=\"1011\" class=\"elementor elementor-1011\" data-elementor-post-type=\"post\">\n\t\t\t\t\t\t<section class=\"elementor-section elementor-top-section elementor-element elementor-element-496e1d53 elementor-section-boxed elementor-section-height-default elementor-section-height-default\" data-id=\"496e1d53\" data-element_type=\"section\" data-e-type=\"section\">\n\t\t\t\t\t\t<div class=\"elementor-container elementor-column-gap-default\">\n\t\t\t\t\t<div class=\"elementor-column elementor-col-100 elementor-top-column elementor-element elementor-element-461d7be0\" data-id=\"461d7be0\" data-element_type=\"column\" data-e-type=\"column\">\n\t\t\t<div class=\"elementor-widget-wrap elementor-element-populated\">\n\t\t\t\t\t\t<div class=\"elementor-element elementor-element-cd9ebe2 elementor-widget elementor-widget-text-editor\" data-id=\"cd9ebe2\" data-element_type=\"widget\" data-e-type=\"widget\" data-widget_type=\"text-editor.default\">\n\t\t\t\t<div class=\"elementor-widget-container\">\n\t\t\t\t\t\t\t\t\t<h2>\u00c1ll\u00edtsuk meg a ment\u00e1lis betegs\u00e9gek cunamij\u00e1t<\/h2><p><b>K\u00fcnzelsau, 2020. okt\u00f3ber 30. - A neves Harvard Egyetem pszichi\u00e1terei riadtak. A Corona-int\u00e9zked\u00e9sek eredm\u00e9nyek\u00e9nt \"a ment\u00e1lis betegs\u00e9gek vil\u00e1gm\u00e9ret\u0171 cunamija\" v\u00e1rhat\u00f3. A j\u00f6v\u0151kutat\u00f3k a \"mag\u00e1ny j\u00e1rv\u00e1ny\u00e1t\" v\u00e1rj\u00e1k, amely a fiatalokat \u00e9s az id\u0151seket egyar\u00e1nt ment\u00e1lisan megbeteg\u00edtheti. A Leopoldina Nemzeti Tudom\u00e1nyos Akad\u00e9mia szak\u00e9rt\u0151i a kezel\u00e9sek k\u00f6r\u00e9nek b\u0151v\u00edt\u00e9s\u00e9t javasolj\u00e1k a v\u00e1rhat\u00f3 hossz\u00fa t\u00e1v\u00fa ment\u00e1lis k\u00f6vetkezm\u00e9nyekkel val\u00f3 megbirk\u00f3z\u00e1s \u00e9rdek\u00e9ben. A Gradido Academy for Economic Bionics ezzel szemben a szellemi \u00e9s fizikai eg\u00e9szs\u00e9g tart\u00f3s er\u0151s\u00edt\u00e9s\u00e9t a k\u00f6zj\u00f3 koncepci\u00f3j\u00e1val nagyon alapvet\u0151en k\u00f6zel\u00edti meg. A Gradido modell el\u0151seg\u00edti a m\u00e9lt\u00f3s\u00e1gteljes egy\u00fctt\u00e9l\u00e9st, amely er\u0151t adhat v\u00e1ls\u00e1ghelyzetekben, er\u0151s\u00edti az immunrendszert - \u00e9s kifejezetten integr\u00e1lja az id\u0151seket a k\u00f6z\u00f6ss\u00e9gbe. <\/b><\/p><h4>A ment\u00e1lis betegs\u00e9gek hull\u00e1ma g\u00f6rd\u00fcl be<\/h4><p>A Harvard Medical School nemzetk\u00f6zileg elismert pszichi\u00e1tere, Viktor Patel az Eur\u00f3pai Klinikai Mikrobiol\u00f3giai \u00e9s Fert\u0151z\u0151 Betegs\u00e9gek T\u00e1rsas\u00e1g\u00e1nak online konferenci\u00e1j\u00e1n figyelmeztetett az el\u0151\u00edrt elszigetelts\u00e9g \u00e9s f\u00e9lelem miatt \"a s\u00falyos ment\u00e1lis szenved\u00e9sek vil\u00e1gm\u00e9ret\u0171 cunamij\u00e1ra\". Katharina Domschke pszichi\u00e1ter, a freiburgi egyetem pszichi\u00e1triai \u00e9s pszichoter\u00e1pi\u00e1s tansz\u00e9k\u00e9nek igazgat\u00f3ja, aki tagja volt a Leopoldina Corona munkacsoportj\u00e1nak, szint\u00e9n arr\u00f3l sz\u00e1mol be, hogy \"minden eddigi tanulm\u00e1ny szerint egy harmadik hull\u00e1m v\u00e1rhat\u00f3, a ment\u00e1lis betegs\u00e9gek hull\u00e1ma\". Az els\u0151 tanulm\u00e1nyok szerint a N\u00e9met Sz\u00f6vets\u00e9gi Ter\u00e1pi\u00e1s Kamara \u00e9s az \u00edr tud\u00f3sok is hasonl\u00f3 forgat\u00f3k\u00f6nyvekre sz\u00e1m\u00edtanak.<\/p><h4>A mag\u00e1ny j\u00e1rv\u00e1nya<\/h4><p>A kapcsolatok bizony\u00edtottan rendk\u00edv\u00fcl fontos er\u0151forr\u00e1st jelentenek k\u00fcl\u00f6n\u00f6sen az id\u0151sek sz\u00e1m\u00e1ra, mivel struktur\u00e1lj\u00e1k a mindennapi \u00e9letet, \u00e9s er\u0151s\u00edtik mind a ment\u00e1lis, mind a fizikai eg\u00e9szs\u00e9get. Az \u00f6sszetartoz\u00e1s, az emberi melegs\u00e9g \u00e9s a sz\u00fcks\u00e9g \u00e9rz\u00e9se boldogg\u00e1 teszi az embereket. \"A lelkesed\u00e9s tr\u00e1gya az agy sz\u00e1m\u00e1ra\" - hangs\u00falyozza a nemzetk\u00f6zileg elismert neurobiol\u00f3gus, Gerald H\u00fcther. Id\u0151s korunkig fitten tart, er\u0151s\u00edti az immunrendszer\u00fcnket \u00e9s hosszabb \u00e9letet biztos\u00edt. A kapcsolattart\u00e1si korl\u00e1toz\u00e1sok miatt azonban egyre t\u00f6bben \u00e9lnek egyed\u00fcl a n\u00e9gy fal k\u00f6z\u00f6tt. \"A nagyv\u00e1rosokban nagyobb az emberi kapcsolatokkal szinte egy\u00e1ltal\u00e1n nem rendelkez\u0151 emberek sz\u00e1ma, mint gondoln\u00e1nk\" - mondja Stefan Deutschmann, a hamburgi Diakonisches Werk tan\u00e1csad\u00f3 \u00e9s lelkigondoz\u00f3 r\u00e9szleg\u00e9nek vezet\u0151je.<\/p><h4>Aggodalom a mag\u00e1ny miatt<\/h4><p>Horst Opaschowski hamburgi j\u00f6v\u0151kutat\u00f3 val\u00f3s\u00e1gos \"mag\u00e1nyj\u00e1rv\u00e1nyra\" figyelmeztet. Egy reprezentat\u00edv felm\u00e9r\u00e9s sor\u00e1n meg\u00e1llap\u00edtotta, hogy a mag\u00e1nyt\u00f3l val\u00f3 f\u00e9lelem majdnem annyira elterjedt, mint az id\u0151skori szeg\u00e9nys\u00e9gt\u0151l val\u00f3 f\u00e9lelem. Ennek megfelel\u0151en Opaschowski azt j\u00f3solja, hogy \"a legnagyobb szeg\u00e9nys\u00e9g az id\u0151skorban a j\u00f6v\u0151ben a kapcsolati szeg\u00e9nys\u00e9g lesz. A mag\u00e1ny, a depresszi\u00f3 \u00e9s a ment\u00e1lis betegs\u00e9g hat\u00e1rai k\u00e9pl\u00e9kenyek\".<\/p><h4>F\u00e9lelem \u00e9s elszigetelts\u00e9g<\/h4><p>A pszichoterapeut\u00e1k sz\u00f6vets\u00e9gi kamar\u00e1ja m\u00e1r augusztusban r\u00e1mutatott, hogy \"a depresszi\u00f3 \u00e9s a szorong\u00e1sos zavarok mellett az akut \u00e9s poszttraum\u00e1s stresszbetegs\u00e9gek, az alkohol- \u00e9s drogf\u00fcgg\u0151s\u00e9g, a k\u00e9nyszerbetegs\u00e9gek \u00e9s a pszich\u00f3zisok is n\u00f6vekedhetnek\". Dietrich Munz kamarai eln\u00f6k \u00fagy l\u00e1tja, hogy itt k\u00fcl\u00f6n\u00f6sen az id\u0151sek vannak vesz\u00e9lyben: \"Sok 75 \u00e9ves \u00e9s id\u0151sebb ember sz\u00e1m\u00e1ra a betegs\u00e9gt\u0151l val\u00f3 f\u00e9lelem gyakran hal\u00e1lf\u00e9lelemm\u00e9 \u00e9s teljes elszigetel\u0151d\u00e9ss\u00e9 v\u00e1lik. V\u00e9g\u00fcl azzal a v\u00e1rakoz\u00e1ssal k\u00ednozz\u00e1k magukat, hogy a Corona miatt egyed\u00fcl halnak meg\". A rettegett nocebo hat\u00e1s miatt sokan val\u00f3ban kor\u00e1bban halnak meg.<\/p><h4>A Gradido modell \u00faj \u00e9letszeml\u00e9letet teremt<\/h4><p>A Gradido Akad\u00e9mia deklar\u00e1lt c\u00e9lja a ment\u00e1lis \u00e9s fizikai eg\u00e9szs\u00e9g er\u0151s\u00edt\u00e9se, valamint annak lehet\u0151v\u00e9 t\u00e9tele, hogy minden gener\u00e1ci\u00f3 tagjai kiteljesedve \u00e9s \u00e9l\u00e9nk cser\u00e9ben \u00e9ljenek egy\u00fctt. Az ottani \u00fczleti bionika szak\u00e9rt\u0151i t\u00f6bb mint 20 \u00e9ve kutatj\u00e1k a term\u00e9szetb\u0151l sz\u00e1rmaz\u00f3, az emberi t\u00e1rsadalomra \u00e1t\u00fcltethet\u0151 sikermodelleket. A Gradido k\u00f6z\u00f6s valuta sokkal t\u00f6bb, mint \"csak\" egy \u00faj monet\u00e1ris rendszer. A r\u00e9gi p\u00e9nz\u00fcgyi rendszerrel ellent\u00e9tben, amely t\u00f6nkreteszi az embereket \u00e9s a term\u00e9szetet, a Gradido a term\u00e9szet t\u00f6rv\u00e9nyeit k\u00f6veti, \u00e9s lehet\u0151v\u00e9 teszi, hogy minden koroszt\u00e1ly visszanyerje erej\u00e9t.<\/p><h4>A Gradido modell<\/h4><p>Az egyik legjelent\u0151sebb eredm\u00e9nyt Bernd H\u00fcckst\u00e4dt, az Akad\u00e9mia t\u00e1rsalap\u00edt\u00f3ja a k\u00f6vetkez\u0151k\u00e9ppen \u00edrja le: \"A r\u00e9gi p\u00e9nz\u00fcgyi rendszerben, ahol az egyiknek a hitele sz\u00fcks\u00e9gszer\u0171en a m\u00e1siknak az ad\u00f3ss\u00e1ga, h\u00e1bor\u00faban \u00e1llunk az emberrel \u00e9s a term\u00e9szettel. Minden nemzed\u00e9k gy\u00fcm\u00f6lcs\u00f6z\u0151 egy\u00fctt\u00e9l\u00e9se azonban csak a term\u00e9szettel \u00f6sszhangban m\u0171k\u00f6dhet.\" A Gradido gazdas\u00e1gi \u00e9s p\u00e9nz\u00fcgyi modell ez\u00e9rt b\u00facs\u00fat mond az ad\u00f3ss\u00e1g-p\u00e9nz elv\u00e9nek, \u00e9s ez\u00e1ltal eg\u00e9szs\u00e9ges alapot teremt a m\u00e9lt\u00f3s\u00e1gteljes \u00e9lethez minden ember sz\u00e1m\u00e1ra vil\u00e1gszerte. \"Az emberek hajlamukkal \u00e9s k\u00e9pess\u00e9geikkel j\u00e1rulhatnak hozz\u00e1 a k\u00f6z\u00f6ss\u00e9ghez, egzisztenci\u00e1lis f\u00e9lelmekt\u0151l mentesen. Ez \u00e9let\u00f6r\u00f6m\u00f6t teremt, stabiliz\u00e1lja a pszich\u00e9t \u00e9s er\u0151s\u00edti az immunrendszert\" - z\u00e1rja H\u00fcckst\u00e4dt.<\/p><h4>H\u00e1romszoros j\u00f3l\u00e9t \u00e9s h\u00e1romszoros p\u00e9nzteremt\u00e9s<\/h4><p>A Gradido etikai alapelve az egy\u00e9n j\u00f3l\u00e9t\u00e9nek a k\u00f6z\u00f6ss\u00e9g \u00e9s a nagyobb eg\u00e9sz - a term\u00e9szet \u00e9s a k\u00f6rnyezet - j\u00f3l\u00e9t\u00e9vel val\u00f3 \u00f6sszehangol\u00e1s\u00e1n alapul. Az egy\u00e9n a k\u00f6z\u00f6ss\u00e9g, az \u00e1llam r\u00e9sze, ez pedig a \"nagy eg\u00e9sz\", az \u00f6kosziszt\u00e9ma r\u00e9sze. Ennek megfelel\u0151en fejenk\u00e9nt 3 \u00d7 1 000 gradido ker\u00fcl kioszt\u00e1sra. 1 000 Gradido az Akt\u00edv Alapj\u00f6vedelem, az \u00e1llami k\u00f6lts\u00e9gvet\u00e9s \u00e9s a Kiegyenl\u00edt\u00e9si \u00e9s K\u00f6rnyezetv\u00e9delmi Alap sz\u00e1m\u00e1ra.<\/p><h4>Az akt\u00edv alapj\u00f6vedelem minden \u00e9letkorban biztos\u00edtja a gondoskod\u00e1st<\/h4><p>Az \"akt\u00edv alapj\u00f6vedelem\" a \"felt\u00e9tel n\u00e9lk\u00fcli r\u00e9szv\u00e9tel\" gondolat\u00e1b\u00f3l ered. B\u00e1rki, aki \u00e9lni akar vele, b\u00e1rmely \u00e9letkorban tehets\u00e9g\u00e9vel, hajlam\u00e1val \u00e9s lehet\u0151s\u00e9geivel hozz\u00e1j\u00e1rulhat a k\u00f6z\u00f6ss\u00e9ghez. Minden szem\u00e9ly sz\u00e1m\u00e1ra havonta 1000 Gradido (GDD) a k\u00f6zjavak valut\u00e1j\u00e1b\u00f3l alapj\u00f6vedelemk\u00e9nt rendelkez\u00e9sre \u00e1ll. Egy gradido egy eur\u00f3 \u00e9rt\u00e9k\u00e9nek felel meg. Havonta legfeljebb 50 \u00f3ra d\u00edjaz\u00e1sa 20 GDD-vel t\u00f6rt\u00e9nik. Ezt az \u00f6sszeget alap\u00f6sszegnek sz\u00e1nj\u00e1k, az egy\u00e9b j\u00f6vedelemforr\u00e1sok mellett. A rugalmas nyugd\u00edjrendszer lehet\u0151v\u00e9 teszi, hogy az alapj\u00f6vedelem havi 2000 GDD-re emelkedjen. \u00cdgy m\u00e9g az id\u0151sebbek is mentes\u00fclnek az egzisztenci\u00e1lis szorong\u00e1st\u00f3l.<\/p><h4>A felt\u00e9tel n\u00e9lk\u00fcli r\u00e9szv\u00e9tel \u00e9l\u0151 k\u00f6z\u00f6ss\u00e9get hoz l\u00e9tre<\/h4><p>Az \"akt\u00edv alapj\u00f6vedelem\u00e9rt\" minden szem\u00e9ly v\u00e1llalhat olyan feladatot, amelyet sz\u00edvesen v\u00e9gez. Egzisztenci\u00e1lis f\u00e9lelem n\u00e9lk\u00fcl mindenki azt teheti, amit sz\u00edvb\u0151l szeretne tenni - m\u00e1s sz\u00f3val, k\u00f6vetheti bels\u0151 elhivatotts\u00e1g\u00e1t. Az \u00edgy kialakul\u00f3 lelkesed\u00e9s a legjobb el\u0151felt\u00e9tele annak, hogy minden szinten sikeresek legy\u00fcnk. A stresszel \u00f6sszef\u00fcgg\u0151 betegs\u00e9gek nagy r\u00e9sze kik\u00fcsz\u00f6b\u00f6lhet\u0151 lenne ez\u00e1ltal. Az a lehet\u0151s\u00e9g, hogy az ember \u00e9lete v\u00e9g\u00e9ig akt\u00edv \u00e9s megbecs\u00fclt r\u00e9sze lehet a k\u00f6z\u00f6ss\u00e9gnek, rendk\u00edv\u00fcl pozit\u00edv hat\u00e1ssal van az id\u0151skori betegs\u00e9gekre is. A mag\u00e1ny \u00edgy a m\u00falt\u00e9 lehet. Fiatalok \u00e9s id\u0151sek m\u00e1r most is \u00faj - k\u00f6z\u00f6s - \u00e9letform\u00e1kat alak\u00edtanak ki, amelyekben mindketten profit\u00e1lnak a m\u00e1sik k\u00f6zels\u00e9g\u00e9b\u0151l - ez egy \u00f6rvendetes tendencia, amelyet a \"Felt\u00e9tel n\u00e9lk\u00fcli r\u00e9szv\u00e9tel\" tov\u00e1bb fog er\u0151s\u00edteni.<\/p><h4>Coaching a kommunik\u00e1ci\u00f3\u00e9rt<\/h4><p>A gazdas\u00e1gi el\u0151ny\u00f6k is \u00f3ri\u00e1siak: az \"akt\u00edv alapj\u00f6vedelem\" r\u00e9v\u00e9n a k\u00f6z\u00f6ss\u00e9gnek a legnagyobb \u00e9rdeke, hogy minden egyes tagj\u00e1t a lehet\u0151 legjobb m\u00f3don t\u00e1mogassa. Mert azok az emberek, akik a legmagasabb szinten fejlesztik ki a benn\u00fck rejl\u0151 lehet\u0151s\u00e9geket, nemcsak eg\u00e9szs\u00e9gesebbek, hanem a k\u00f6z\u00f6ss\u00e9g sz\u00e1m\u00e1ra is a legnagyobb hasznot hozz\u00e1k. B\u00e1rki, aki szeret m\u00e1sokon seg\u00edteni, a \"Felt\u00e9tel n\u00e9lk\u00fcli r\u00e9szv\u00e9tel\" keret\u00e9ben \"potenci\u00e1lfejleszt\u00e9si coach\"-nak k\u00e9pezheti mag\u00e1t. Ezut\u00e1n t\u00e1mogatja a t\u00f6bbieket abban, hogy r\u00e1j\u00f6jjenek, mit szeretnek val\u00f3j\u00e1ban csin\u00e1lni, \u00e9s elh\u00e1r\u00edtja az esetleges akad\u00e1lyokat. A potenci\u00e1lis fejleszt\u0151edz\u0151k lehet\u0151v\u00e9 teszik p\u00e9ld\u00e1ul azt is, hogy az id\u0151sek megfelel\u0151 t\u00e1mogat\u00e1ssal megnyiss\u00e1k a digit\u00e1lis vil\u00e1got - hogy a j\u00f6v\u0151beni kapcsolati korl\u00e1toz\u00e1sok eset\u00e9n k\u00f6nnyebben tarthass\u00e1k a kapcsolatot. Pozit\u00edv mell\u00e9khat\u00e1s: A Gradido Akad\u00e9mia jelenleg egy olyan alkalmaz\u00e1st fejleszt, amely hamarosan lehet\u0151v\u00e9 teszi az id\u0151sek sz\u00e1m\u00e1ra, hogy megadj\u00e1k, milyen feladatokat v\u00e9geznek a k\u00f6z\u00f6ss\u00e9g sz\u00e1m\u00e1ra. Ez lehet a gyerekeknek vagy bar\u00e1toknak val\u00f3 felolvas\u00e1s, a szomsz\u00e9dnak val\u00f3 v\u00e1s\u00e1rl\u00e1s vagy a szakm\u00e1ban \u00fajonnan kezd\u0151knek ny\u00fajtott seg\u00edts\u00e9g a munk\u00e1ba \u00e1ll\u00e1sban. Minden egyes elt\u00f6lt\u00f6tt \u00f3r\u00e1t megfelel\u0151 Gradido-j\u00f3v\u00e1\u00edr\u00e1ssal jutalmazunk - a j\u00f3 \u00e9s eg\u00e9szs\u00e9ges \u00e9rz\u00e9s\u00e9rt, hogy sz\u00fcks\u00e9g van r\u00e1nk \u00e9s megbecs\u00fclj\u00fck \u0151ket.<\/p><p>A teljes \"Gradido-modell\" r\u00e9szletei a k\u00f6vetkez\u0151 c\u00edmen \u00e9rhet\u0151ek el <a href=\"https:\/\/gradido.net\/hu\/\">https:\/\/gradido.net<\/a><\/p><p><!-- \/wp:paragraph --><\/p>\t\t\t\t\t\t\t\t<\/div>\n\t\t\t\t<\/div>\n\t\t\t\t<div class=\"elementor-element elementor-element-e9ff241 elementor-widget elementor-widget-text-editor\" data-id=\"e9ff241\" data-element_type=\"widget\" data-e-type=\"widget\" data-widget_type=\"text-editor.default\">\n\t\t\t\t<div class=\"elementor-widget-container\">\n\t\t\t\t\t\t\t\t\t<p><strong>A Gradido Akad\u00e9mi\u00e1r\u00f3l<\/strong><br \/>A Gradido Academy for Economic Bionics kifejlesztett egy alternat\u00edv \"k\u00f6zj\u00f3 valut\u00e1t\", amely a term\u00e9szet mint\u00e1j\u00e1ra k\u00e9sz\u00fclt. A term\u00e9szet azt a szab\u00e1lyt k\u00f6veti, hogy csak ott, ahol valami elm\u00falik, keletkezhet valami \u00faj, \u00e9s \u00edgy hossz\u00fa t\u00e1v\u00fa fejl\u0151d\u00e9s (evol\u00faci\u00f3) lehets\u00e9ges. A siker receptje az \"\u00e9let k\u00f6rforg\u00e1sa\". Ha a mi gazdas\u00e1gunk is ezt a term\u00e9szetes ciklust k\u00f6vetn\u00e9, az a gazdas\u00e1gi bionika szak\u00e9rt\u0151i szerint gyakorlatilag a vil\u00e1g \u00f6sszes p\u00e9nzzel kapcsolatos probl\u00e9m\u00e1j\u00e1t megoldan\u00e1. A Gradido modell azon az elk\u00e9pzel\u00e9sen alapul, hogy nemcsak minden szem\u00e9ly, hanem minden \u00e1llam is kap egy hitelalapon l\u00e9trehozott j\u00f6vedelmet. Ezzel minden feladat\u00e1t ad\u00f3beszed\u00e9s n\u00e9lk\u00fcl is el tudja l\u00e1tni. A defl\u00e1ci\u00f3 vagy az infl\u00e1ci\u00f3 m\u00e1r a m\u00falt\u00e9. A gazdas\u00e1g megszabadul az \u00e1lland\u00f3 n\u00f6veked\u00e9si k\u00e9nyszert\u0151l, a p\u00e9nz\u00fcgyi rendszer \u00f6sszeoml\u00e1s\u00e1nak vesz\u00e9lye v\u00e9gre elh\u00e1rul. (<a href=\"https:\/\/gradido.net\/hu\/\">www.gradido.net<\/a>)<\/p>\t\t\t\t\t\t\t\t<\/div>\n\t\t\t\t<\/div>\n\t\t\t\t\t<\/div>\n\t\t<\/div>\n\t\t\t\t\t<\/div>\n\t\t<\/section>\n\t\t\t\t<\/div>","protected":false},"excerpt":{"rendered":"<p>Tsunami psychischer Erkrankungen stoppen K\u00fcnzelsau, 30. Oktober 2020 \u2013 Psychiater der renommierten Harvard-Universit\u00e4t sind alarmiert. In Folge der Corona-Ma\u00dfnahmen erwarten sie einen \u201eweltweiten Tsunami psychischer Erkrankungen\u201c. Zukunftsforscher rechnen mit einer \u201eEpidemie der Einsamkeit\u201c, die junge wie alte Menschen psychisch krank machen k\u00f6nnte. Die Experten der Nationalakademie der Wissenschaften Leopoldina empfehlen zur Bew\u00e4ltigung der prognostizierten psychischen [&hellip;]<\/p>\n","protected":false},"author":2,"featured_media":1013,"comment_status":"closed","ping_status":"closed","sticky":false,"template":"","format":"standard","meta":{"footnotes":""},"categories":[8],"tags":[],"class_list":["post-1011","post","type-post","status-publish","format-standard","has-post-thumbnail","hentry","category-pressemitteilung"],"yoast_head":"<!-- This site is optimized with the Yoast SEO plugin v27.5 - https:\/\/yoast.com\/product\/yoast-seo-wordpress\/ -->\n<title>Gemeinwohlkonzept trotzt Epidemie der Einsamkeit - Gradido<\/title>\n<meta name=\"robots\" content=\"index, follow, max-snippet:-1, max-image-preview:large, max-video-preview:-1\" \/>\n<link rel=\"canonical\" href=\"https:\/\/gradido.net\/hu\/gemeinwohlkonzept-trotzt-epidemie-der-einsamkeit\/\" \/>\n<meta property=\"og:locale\" content=\"hu_HU\" \/>\n<meta property=\"og:type\" content=\"article\" \/>\n<meta property=\"og:title\" content=\"Gemeinwohlkonzept trotzt Epidemie der Einsamkeit - Gradido\" \/>\n<meta property=\"og:description\" content=\"Tsunami psychischer Erkrankungen stoppen K\u00fcnzelsau, 30. Oktober 2020 \u2013 Psychiater der renommierten Harvard-Universit\u00e4t sind alarmiert. In Folge der Corona-Ma\u00dfnahmen erwarten sie einen \u201eweltweiten Tsunami psychischer Erkrankungen\u201c. Zukunftsforscher rechnen mit einer \u201eEpidemie der Einsamkeit\u201c, die junge wie alte Menschen psychisch krank machen k\u00f6nnte. Die Experten der Nationalakademie der Wissenschaften Leopoldina empfehlen zur Bew\u00e4ltigung der prognostizierten psychischen [&hellip;]\" \/>\n<meta property=\"og:url\" content=\"https:\/\/gradido.net\/hu\/gemeinwohlkonzept-trotzt-epidemie-der-einsamkeit\/\" \/>\n<meta property=\"og:site_name\" content=\"Gradido\" \/>\n<meta property=\"article:published_time\" content=\"2020-10-30T10:29:07+00:00\" \/>\n<meta property=\"article:modified_time\" content=\"2021-12-11T11:59:49+00:00\" \/>\n<meta property=\"og:image\" content=\"https:\/\/gradido.net\/wp-content\/uploads\/2020\/10\/psyche_epedemie.jpg\" \/>\n\t<meta property=\"og:image:width\" content=\"1183\" \/>\n\t<meta property=\"og:image:height\" content=\"787\" \/>\n\t<meta property=\"og:image:type\" content=\"image\/jpeg\" \/>\n<meta name=\"author\" content=\"Bernd H\u00fcckst\u00e4dt\" \/>\n<meta name=\"twitter:card\" content=\"summary_large_image\" \/>\n<meta name=\"twitter:label1\" content=\"Szerz\u0151:\" \/>\n\t<meta name=\"twitter:data1\" content=\"Bernd H\u00fcckst\u00e4dt\" \/>\n\t<meta name=\"twitter:label2\" content=\"Becs\u00fclt olvas\u00e1si id\u0151\" \/>\n\t<meta name=\"twitter:data2\" content=\"7 perc\" \/>\n<script type=\"application\/ld+json\" class=\"yoast-schema-graph\">{\"@context\":\"https:\\\/\\\/schema.org\",\"@graph\":[{\"@type\":\"Article\",\"@id\":\"https:\\\/\\\/gradido.net\\\/cs\\\/gemeinwohlkonzept-trotzt-epidemie-der-einsamkeit\\\/#article\",\"isPartOf\":{\"@id\":\"https:\\\/\\\/gradido.net\\\/cs\\\/gemeinwohlkonzept-trotzt-epidemie-der-einsamkeit\\\/\"},\"author\":{\"name\":\"Bernd H\u00fcckst\u00e4dt\",\"@id\":\"https:\\\/\\\/gradido.net\\\/de\\\/#\\\/schema\\\/person\\\/9c503a004ad15a1ddecadce2218db5d1\"},\"headline\":\"Gemeinwohlkonzept trotzt Epidemie der Einsamkeit\",\"datePublished\":\"2020-10-30T10:29:07+00:00\",\"dateModified\":\"2021-12-11T11:59:49+00:00\",\"mainEntityOfPage\":{\"@id\":\"https:\\\/\\\/gradido.net\\\/cs\\\/gemeinwohlkonzept-trotzt-epidemie-der-einsamkeit\\\/\"},\"wordCount\":1354,\"publisher\":{\"@id\":\"https:\\\/\\\/gradido.net\\\/de\\\/#organization\"},\"image\":{\"@id\":\"https:\\\/\\\/gradido.net\\\/cs\\\/gemeinwohlkonzept-trotzt-epidemie-der-einsamkeit\\\/#primaryimage\"},\"thumbnailUrl\":\"https:\\\/\\\/gradido.net\\\/wp-content\\\/uploads\\\/2020\\\/10\\\/psyche_epedemie.jpg\",\"articleSection\":[\"Pressemitteilung\"],\"inLanguage\":\"hu\"},{\"@type\":\"WebPage\",\"@id\":\"https:\\\/\\\/gradido.net\\\/cs\\\/gemeinwohlkonzept-trotzt-epidemie-der-einsamkeit\\\/\",\"url\":\"https:\\\/\\\/gradido.net\\\/cs\\\/gemeinwohlkonzept-trotzt-epidemie-der-einsamkeit\\\/\",\"name\":\"Gemeinwohlkonzept trotzt Epidemie der Einsamkeit - Gradido\",\"isPartOf\":{\"@id\":\"https:\\\/\\\/gradido.net\\\/de\\\/#website\"},\"primaryImageOfPage\":{\"@id\":\"https:\\\/\\\/gradido.net\\\/cs\\\/gemeinwohlkonzept-trotzt-epidemie-der-einsamkeit\\\/#primaryimage\"},\"image\":{\"@id\":\"https:\\\/\\\/gradido.net\\\/cs\\\/gemeinwohlkonzept-trotzt-epidemie-der-einsamkeit\\\/#primaryimage\"},\"thumbnailUrl\":\"https:\\\/\\\/gradido.net\\\/wp-content\\\/uploads\\\/2020\\\/10\\\/psyche_epedemie.jpg\",\"datePublished\":\"2020-10-30T10:29:07+00:00\",\"dateModified\":\"2021-12-11T11:59:49+00:00\",\"breadcrumb\":{\"@id\":\"https:\\\/\\\/gradido.net\\\/cs\\\/gemeinwohlkonzept-trotzt-epidemie-der-einsamkeit\\\/#breadcrumb\"},\"inLanguage\":\"hu\",\"potentialAction\":[{\"@type\":\"ReadAction\",\"target\":[\"https:\\\/\\\/gradido.net\\\/cs\\\/gemeinwohlkonzept-trotzt-epidemie-der-einsamkeit\\\/\"]}]},{\"@type\":\"ImageObject\",\"inLanguage\":\"hu\",\"@id\":\"https:\\\/\\\/gradido.net\\\/cs\\\/gemeinwohlkonzept-trotzt-epidemie-der-einsamkeit\\\/#primaryimage\",\"url\":\"https:\\\/\\\/gradido.net\\\/wp-content\\\/uploads\\\/2020\\\/10\\\/psyche_epedemie.jpg\",\"contentUrl\":\"https:\\\/\\\/gradido.net\\\/wp-content\\\/uploads\\\/2020\\\/10\\\/psyche_epedemie.jpg\",\"width\":1183,\"height\":787,\"caption\":\"Sad senior woman standing indoors by window at home, corona virus and quarantine concept.\"},{\"@type\":\"BreadcrumbList\",\"@id\":\"https:\\\/\\\/gradido.net\\\/cs\\\/gemeinwohlkonzept-trotzt-epidemie-der-einsamkeit\\\/#breadcrumb\",\"itemListElement\":[{\"@type\":\"ListItem\",\"position\":1,\"name\":\"Startseite\",\"item\":\"https:\\\/\\\/gradido.net\\\/\"},{\"@type\":\"ListItem\",\"position\":2,\"name\":\"Gemeinwohlkonzept trotzt Epidemie der Einsamkeit\"}]},{\"@type\":\"WebSite\",\"@id\":\"https:\\\/\\\/gradido.net\\\/de\\\/#website\",\"url\":\"https:\\\/\\\/gradido.net\\\/de\\\/\",\"name\":\"Gradido\",\"description\":\"Die neue W\u00e4hrung hei\u00dft Dankbarkeit\",\"publisher\":{\"@id\":\"https:\\\/\\\/gradido.net\\\/de\\\/#organization\"},\"potentialAction\":[{\"@type\":\"SearchAction\",\"target\":{\"@type\":\"EntryPoint\",\"urlTemplate\":\"https:\\\/\\\/gradido.net\\\/de\\\/?s={search_term_string}\"},\"query-input\":{\"@type\":\"PropertyValueSpecification\",\"valueRequired\":true,\"valueName\":\"search_term_string\"}}],\"inLanguage\":\"hu\"},{\"@type\":\"Organization\",\"@id\":\"https:\\\/\\\/gradido.net\\\/de\\\/#organization\",\"name\":\"Gradido\",\"url\":\"https:\\\/\\\/gradido.net\\\/de\\\/\",\"logo\":{\"@type\":\"ImageObject\",\"inLanguage\":\"hu\",\"@id\":\"https:\\\/\\\/gradido.net\\\/de\\\/#\\\/schema\\\/logo\\\/image\\\/\",\"url\":\"https:\\\/\\\/gradido.net\\\/wp-content\\\/uploads\\\/2022\\\/04\\\/gradido-social.jpg\",\"contentUrl\":\"https:\\\/\\\/gradido.net\\\/wp-content\\\/uploads\\\/2022\\\/04\\\/gradido-social.jpg\",\"width\":527,\"height\":273,\"caption\":\"Gradido\"},\"image\":{\"@id\":\"https:\\\/\\\/gradido.net\\\/de\\\/#\\\/schema\\\/logo\\\/image\\\/\"}},{\"@type\":\"Person\",\"@id\":\"https:\\\/\\\/gradido.net\\\/de\\\/#\\\/schema\\\/person\\\/9c503a004ad15a1ddecadce2218db5d1\",\"name\":\"Bernd H\u00fcckst\u00e4dt\",\"sameAs\":[\"https:\\\/\\\/gradido.net\"],\"url\":\"https:\\\/\\\/gradido.net\\\/hu\\\/author\\\/bernd\\\/\"}]}<\/script>\n<!-- \/ Yoast SEO plugin. -->","yoast_head_json":{"title":"A k\u00f6zj\u00f3 koncepci\u00f3ja dacol a mag\u00e1ny j\u00e1rv\u00e1ny\u00e1val - Gradido","robots":{"index":"index","follow":"follow","max-snippet":"max-snippet:-1","max-image-preview":"max-image-preview:large","max-video-preview":"max-video-preview:-1"},"canonical":"https:\/\/gradido.net\/hu\/gemeinwohlkonzept-trotzt-epidemie-der-einsamkeit\/","og_locale":"hu_HU","og_type":"article","og_title":"Gemeinwohlkonzept trotzt Epidemie der Einsamkeit - Gradido","og_description":"Tsunami psychischer Erkrankungen stoppen K\u00fcnzelsau, 30. Oktober 2020 \u2013 Psychiater der renommierten Harvard-Universit\u00e4t sind alarmiert. In Folge der Corona-Ma\u00dfnahmen erwarten sie einen \u201eweltweiten Tsunami psychischer Erkrankungen\u201c. Zukunftsforscher rechnen mit einer \u201eEpidemie der Einsamkeit\u201c, die junge wie alte Menschen psychisch krank machen k\u00f6nnte. Die Experten der Nationalakademie der Wissenschaften Leopoldina empfehlen zur Bew\u00e4ltigung der prognostizierten psychischen [&hellip;]","og_url":"https:\/\/gradido.net\/hu\/gemeinwohlkonzept-trotzt-epidemie-der-einsamkeit\/","og_site_name":"Gradido","article_published_time":"2020-10-30T10:29:07+00:00","article_modified_time":"2021-12-11T11:59:49+00:00","og_image":[{"width":1183,"height":787,"url":"https:\/\/gradido.net\/wp-content\/uploads\/2020\/10\/psyche_epedemie.jpg","type":"image\/jpeg"}],"author":"Bernd H\u00fcckst\u00e4dt","twitter_card":"summary_large_image","twitter_misc":{"Szerz\u0151:":"Bernd H\u00fcckst\u00e4dt","Becs\u00fclt olvas\u00e1si id\u0151":"7 perc"},"schema":{"@context":"https:\/\/schema.org","@graph":[{"@type":"Article","@id":"https:\/\/gradido.net\/cs\/gemeinwohlkonzept-trotzt-epidemie-der-einsamkeit\/#article","isPartOf":{"@id":"https:\/\/gradido.net\/cs\/gemeinwohlkonzept-trotzt-epidemie-der-einsamkeit\/"},"author":{"name":"Bernd H\u00fcckst\u00e4dt","@id":"https:\/\/gradido.net\/de\/#\/schema\/person\/9c503a004ad15a1ddecadce2218db5d1"},"headline":"Gemeinwohlkonzept trotzt Epidemie der Einsamkeit","datePublished":"2020-10-30T10:29:07+00:00","dateModified":"2021-12-11T11:59:49+00:00","mainEntityOfPage":{"@id":"https:\/\/gradido.net\/cs\/gemeinwohlkonzept-trotzt-epidemie-der-einsamkeit\/"},"wordCount":1354,"publisher":{"@id":"https:\/\/gradido.net\/de\/#organization"},"image":{"@id":"https:\/\/gradido.net\/cs\/gemeinwohlkonzept-trotzt-epidemie-der-einsamkeit\/#primaryimage"},"thumbnailUrl":"https:\/\/gradido.net\/wp-content\/uploads\/2020\/10\/psyche_epedemie.jpg","articleSection":["Pressemitteilung"],"inLanguage":"hu"},{"@type":"WebPage","@id":"https:\/\/gradido.net\/cs\/gemeinwohlkonzept-trotzt-epidemie-der-einsamkeit\/","url":"https:\/\/gradido.net\/cs\/gemeinwohlkonzept-trotzt-epidemie-der-einsamkeit\/","name":"A k\u00f6zj\u00f3 koncepci\u00f3ja dacol a mag\u00e1ny j\u00e1rv\u00e1ny\u00e1val - Gradido","isPartOf":{"@id":"https:\/\/gradido.net\/de\/#website"},"primaryImageOfPage":{"@id":"https:\/\/gradido.net\/cs\/gemeinwohlkonzept-trotzt-epidemie-der-einsamkeit\/#primaryimage"},"image":{"@id":"https:\/\/gradido.net\/cs\/gemeinwohlkonzept-trotzt-epidemie-der-einsamkeit\/#primaryimage"},"thumbnailUrl":"https:\/\/gradido.net\/wp-content\/uploads\/2020\/10\/psyche_epedemie.jpg","datePublished":"2020-10-30T10:29:07+00:00","dateModified":"2021-12-11T11:59:49+00:00","breadcrumb":{"@id":"https:\/\/gradido.net\/cs\/gemeinwohlkonzept-trotzt-epidemie-der-einsamkeit\/#breadcrumb"},"inLanguage":"hu","potentialAction":[{"@type":"ReadAction","target":["https:\/\/gradido.net\/cs\/gemeinwohlkonzept-trotzt-epidemie-der-einsamkeit\/"]}]},{"@type":"ImageObject","inLanguage":"hu","@id":"https:\/\/gradido.net\/cs\/gemeinwohlkonzept-trotzt-epidemie-der-einsamkeit\/#primaryimage","url":"https:\/\/gradido.net\/wp-content\/uploads\/2020\/10\/psyche_epedemie.jpg","contentUrl":"https:\/\/gradido.net\/wp-content\/uploads\/2020\/10\/psyche_epedemie.jpg","width":1183,"height":787,"caption":"Sad senior woman standing indoors by window at home, corona virus and quarantine concept."},{"@type":"BreadcrumbList","@id":"https:\/\/gradido.net\/cs\/gemeinwohlkonzept-trotzt-epidemie-der-einsamkeit\/#breadcrumb","itemListElement":[{"@type":"ListItem","position":1,"name":"Startseite","item":"https:\/\/gradido.net\/"},{"@type":"ListItem","position":2,"name":"Gemeinwohlkonzept trotzt Epidemie der Einsamkeit"}]},{"@type":"WebSite","@id":"https:\/\/gradido.net\/de\/#website","url":"https:\/\/gradido.net\/de\/","name":"Gradido","description":"Az \u00faj p\u00e9nznem a h\u00e1la","publisher":{"@id":"https:\/\/gradido.net\/de\/#organization"},"potentialAction":[{"@type":"SearchAction","target":{"@type":"EntryPoint","urlTemplate":"https:\/\/gradido.net\/de\/?s={search_term_string}"},"query-input":{"@type":"PropertyValueSpecification","valueRequired":true,"valueName":"search_term_string"}}],"inLanguage":"hu"},{"@type":"Organization","@id":"https:\/\/gradido.net\/de\/#organization","name":"Gradido","url":"https:\/\/gradido.net\/de\/","logo":{"@type":"ImageObject","inLanguage":"hu","@id":"https:\/\/gradido.net\/de\/#\/schema\/logo\/image\/","url":"https:\/\/gradido.net\/wp-content\/uploads\/2022\/04\/gradido-social.jpg","contentUrl":"https:\/\/gradido.net\/wp-content\/uploads\/2022\/04\/gradido-social.jpg","width":527,"height":273,"caption":"Gradido"},"image":{"@id":"https:\/\/gradido.net\/de\/#\/schema\/logo\/image\/"}},{"@type":"Person","@id":"https:\/\/gradido.net\/de\/#\/schema\/person\/9c503a004ad15a1ddecadce2218db5d1","name":"Bernd H\u00fcckst\u00e4dt","sameAs":["https:\/\/gradido.net"],"url":"https:\/\/gradido.net\/hu\/author\/bernd\/"}]}},"_links":{"self":[{"href":"https:\/\/gradido.net\/hu\/wp-json\/wp\/v2\/posts\/1011","targetHints":{"allow":["GET"]}}],"collection":[{"href":"https:\/\/gradido.net\/hu\/wp-json\/wp\/v2\/posts"}],"about":[{"href":"https:\/\/gradido.net\/hu\/wp-json\/wp\/v2\/types\/post"}],"author":[{"embeddable":true,"href":"https:\/\/gradido.net\/hu\/wp-json\/wp\/v2\/users\/2"}],"replies":[{"embeddable":true,"href":"https:\/\/gradido.net\/hu\/wp-json\/wp\/v2\/comments?post=1011"}],"version-history":[{"count":11,"href":"https:\/\/gradido.net\/hu\/wp-json\/wp\/v2\/posts\/1011\/revisions"}],"predecessor-version":[{"id":3739,"href":"https:\/\/gradido.net\/hu\/wp-json\/wp\/v2\/posts\/1011\/revisions\/3739"}],"wp:featuredmedia":[{"embeddable":true,"href":"https:\/\/gradido.net\/hu\/wp-json\/wp\/v2\/media\/1013"}],"wp:attachment":[{"href":"https:\/\/gradido.net\/hu\/wp-json\/wp\/v2\/media?parent=1011"}],"wp:term":[{"taxonomy":"category","embeddable":true,"href":"https:\/\/gradido.net\/hu\/wp-json\/wp\/v2\/categories?post=1011"},{"taxonomy":"post_tag","embeddable":true,"href":"https:\/\/gradido.net\/hu\/wp-json\/wp\/v2\/tags?post=1011"}],"curies":[{"name":"wp","href":"https:\/\/api.w.org\/{rel}","templated":true}]}}