{"id":11499,"date":"2025-09-05T16:51:50","date_gmt":"2025-09-05T14:51:50","guid":{"rendered":"https:\/\/gradido.net\/?p=11499"},"modified":"2026-04-24T07:21:13","modified_gmt":"2026-04-24T05:21:13","slug":"werde-mutmacher-teile-deine-gradido-geschichte","status":"publish","type":"post","link":"https:\/\/gradido.net\/hu\/werde-mutmacher-teile-deine-gradido-geschichte\/","title":{"rendered":"L\u00e9gy b\u00e1tor\u00edt\u00f3: oszd meg a Gradido t\u00f6rt\u00e9neted!"},"content":{"rendered":"<div data-elementor-type=\"wp-post\" data-elementor-id=\"11499\" class=\"elementor elementor-11499\" data-elementor-post-type=\"post\">\n\t\t\t\t\t\t<section class=\"elementor-section elementor-top-section elementor-element elementor-element-496e1d53 elementor-section-boxed elementor-section-height-default elementor-section-height-default\" data-id=\"496e1d53\" data-element_type=\"section\" data-e-type=\"section\">\n\t\t\t\t\t\t<div class=\"elementor-container elementor-column-gap-default\">\n\t\t\t\t\t<div class=\"elementor-column elementor-col-100 elementor-top-column elementor-element elementor-element-461d7be0\" data-id=\"461d7be0\" data-element_type=\"column\" data-e-type=\"column\">\n\t\t\t<div class=\"elementor-widget-wrap elementor-element-populated\">\n\t\t\t\t\t\t<div class=\"elementor-element elementor-element-cd9ebe2 elementor-widget elementor-widget-text-editor\" data-id=\"cd9ebe2\" data-element_type=\"widget\" data-e-type=\"widget\" data-widget_type=\"text-editor.default\">\n\t\t\t\t<div class=\"elementor-widget-container\">\n\t\t\t\t\t\t\t\t\t<p style=\"text-align: right;\"><em>\"Semmi sem olyan er\u0151s a vil\u00e1gon, mint egy \u00f6tlet, amelynek elj\u00f6tt az ideje.\"<\/em> <br \/><em>-\u00a0<\/em><i>\u00a0Victor Hugo<\/i><\/p><p>Kedves J\u00f6v\u0151 alak\u00edt\u00f3ja,<\/p><p>Egyre t\u00f6bb ember v\u00e1gyik arra, hogy j\u00f3l\u00e9tben, b\u00e9k\u00e9ben \u00e9s szabads\u00e1gban \u00e9ljen - \u00f6nmag\u00e1val, a k\u00f6z\u00f6ss\u00e9ggel \u00e9s a term\u00e9szettel \u00f6sszekapcsol\u00f3dva. \u00d6n is megtal\u00e1lta az utat a Gradid\u00f3hoz, mert egy \u00e1lom \u00e9l \u00d6nben: egy olyan igazs\u00e1gos vil\u00e1g v\u00edzi\u00f3ja, amelyben \u00e9rdemes \u00e9lni mindenkinek, ma \u00e9s a j\u00f6v\u0151 nemzed\u00e9kek sz\u00e1m\u00e1ra.<\/p><h3>De tal\u00e1n \u00f6n is ismeri ezt a kellemetlen \u00e9rz\u00e9st:<\/h3><p>A r\u00e9gi p\u00e9nzrendszer szeg\u00e9nys\u00e9get, bizonytalans\u00e1got \u00e9s megosztotts\u00e1got teremt - \u00e9s az ember n\u00e9ha felteszi mag\u00e1nak a k\u00e9rd\u00e9st: Mit tehetek egy\u00e9nk\u00e9nt? Mi van, ha a kapcsolat \u00e9s az \u00e9rtelem ir\u00e1nti v\u00e1gyam meghallgat\u00e1s n\u00e9lk\u00fcl marad?<\/p><h2>Nem vagy egyed\u00fcl!<\/h2><p>Vil\u00e1gszerte elk\u00f6telezett emberek mozgalma \u00e9bredezik \u00e9s egy\u00fctt \u00faj utakat t\u00f6rnek. A Gradid\u00f3val - \u00e9s k\u00fcl\u00f6n\u00f6sen veled! Egyre t\u00f6bb kiscsoportban, bar\u00e1ti k\u00f6rben \u00e9s \"Gradido-k\u00f6rben\" az emberek decentraliz\u00e1lt m\u00f3don h\u00e1l\u00f3zatba szervez\u0151dnek, er\u0151s\u00edtik egym\u00e1st \u00e9s l\u00e9p\u00e9sr\u0151l l\u00e9p\u00e9sre alak\u00edtj\u00e1k az \u00daj F\u00f6ldet.<\/p><p>Megtanultuk, hogyan m\u0171k\u00f6dik az \u00e9l\u0151 term\u00e9szet - \u00e9s ebb\u0151l fejlesztett\u00fck ki a glob\u00e1lis j\u00f3l\u00e9tet szolg\u00e1l\u00f3 Gradido modellt: biztons\u00e1gos, modern, decentraliz\u00e1lt platformmal \u00e9s egyszer\u0171 m\u0171k\u00f6d\u00e9ssel.<\/p><h2>Most megh\u00edvjuk \u00d6nt:<\/h2><p>Eml\u00e9kezz, mi vezetett a Gradid\u00f3hoz. Mit k\u00edv\u00e1nsz egy b\u00e9k\u00e9s \u00e9s szabad vil\u00e1gban? Mi inspir\u00e1lja a sz\u00edvedet?<\/p><p><strong>Oszd meg gondolataidat, t\u00f6rt\u00e9netedet, k\u00edv\u00e1ns\u00e1gaidat!<\/strong><\/p><p>Csak k\u00fcldj\u00f6n nek\u00fcnk egy e-mailt - spont\u00e1n, r\u00f6viden vagy r\u00e9szletesen, n\u00e9vvel vagy n\u00e9v n\u00e9lk\u00fcl (ahogy akarja - a mag\u00e1n\u00e9let sz\u00e1m\u00edt!).<\/p><p><strong>A legjobb, legb\u00e1tor\u00edt\u00f3bb beadv\u00e1nyokat - ha szeretn\u00e9, n\u00e9v n\u00e9lk\u00fcl - k\u00f6zz\u00e9tessz\u00fck a k\u00f6vetkez\u0151 h\u00edrlevelekben \u00e9s a blogunkon. <\/strong><\/p><p>Egy\u00fctt megteremthetj\u00fck a rem\u00e9ny \u00e9s a val\u00f3s t\u00f6rt\u00e9netek csokr\u00e1t, amely sokakat inspir\u00e1l majd arra, hogy r\u00e9szesei legyenek ennek a mozgalomnak.<\/p><p>Azok, akik nem \u00edrnak, elszalasztj\u00e1k az es\u00e9lyt, hogy f\u00e9ny\u00fcket felragyogtass\u00e1k, \u00e9s megtapasztalj\u00e1k az igazi kapcsolatot. Azok, akik v\u00e1laszolnak, b\u00e1tors\u00e1got \u00e9s \u00faj perspekt\u00edv\u00e1kat adnak, \u00e9s egy n\u00f6vekv\u0151, er\u0151teljes k\u00f6z\u00f6ss\u00e9g r\u00e9sz\u00e9v\u00e9 v\u00e1lnak, amely az \u00daj F\u00f6ldet form\u00e1lja.<\/p><h3>Legyen a r\u00e9szese - v\u00e1rjuk a jelentkez\u00e9s\u00e9t!<\/h3><p><strong>K\u00fcldje level\u00e9t a k\u00f6vetkez\u0151 c\u00edmre: <a href=\"mailto:support@gradido.net\">support@gradido.net<\/a><\/strong><\/p><p>Egy\u00fctt t\u00faln\u00f6v\u00fcnk \u00f6nmagunkon!<\/p><p>M\u00e9ly h\u00e1l\u00e1val \u00e9s szolidarit\u00e1ssal<\/p>\t\t\t\t\t\t\t\t<\/div>\n\t\t\t\t<\/div>\n\t\t\t\t<div class=\"elementor-element elementor-element-d74dfa0 elementor-widget elementor-widget-text-editor\" data-id=\"d74dfa0\" data-element_type=\"widget\" data-e-type=\"widget\" data-widget_type=\"text-editor.default\">\n\t\t\t\t<div class=\"elementor-widget-container\">\n\t\t\t\t\t\t\t\t\t<div data-pm-slice=\"1 1 []\" data-en-clipboard=\"true\"><p><span style=\"font-family: -apple-system, BlinkMacSystemFont, 'Segoe UI', Roboto, 'Helvetica Neue', Arial, 'Noto Sans', sans-serif, 'Apple Color Emoji', 'Segoe UI Emoji', 'Segoe UI Symbol', 'Noto Color Emoji';\">\u00dcdv\u00f6zlettel<\/span><\/p><\/div><p><img decoding=\"async\" class=\"alignnone wp-image-4614 size-medium\" src=\"https:\/\/gradido.net\/wp-content\/uploads\/2022\/06\/MargretBernd_2022-300x74.png\" alt=\"\" width=\"300\" height=\"74\" srcset=\"https:\/\/gradido.net\/wp-content\/uploads\/2022\/06\/MargretBernd_2022-300x74.png 300w, https:\/\/gradido.net\/wp-content\/uploads\/2022\/06\/MargretBernd_2022-18x4.png 18w, https:\/\/gradido.net\/wp-content\/uploads\/2022\/06\/MargretBernd_2022.png 431w\" sizes=\"(max-width: 300px) 100vw, 300px\" \/><\/p><p>Margret Baier \u00e9s Bernd H\u00fcckst\u00e4dt<br \/>Gradido alap\u00edt\u00f3ja \u00e9s fejleszt\u0151je<\/p>\t\t\t\t\t\t\t\t<\/div>\n\t\t\t\t<\/div>\n\t\t\t\t\t<\/div>\n\t\t<\/div>\n\t\t\t\t\t<\/div>\n\t\t<\/section>\n\t\t\t\t<section class=\"elementor-section elementor-top-section elementor-element elementor-element-14532fe elementor-section-boxed elementor-section-height-default elementor-section-height-default\" data-id=\"14532fe\" data-element_type=\"section\" data-e-type=\"section\">\n\t\t\t\t\t\t<div class=\"elementor-container elementor-column-gap-default\">\n\t\t\t\t\t<div class=\"elementor-column elementor-col-100 elementor-top-column elementor-element elementor-element-65d2298\" data-id=\"65d2298\" data-element_type=\"column\" data-e-type=\"column\">\n\t\t\t<div class=\"elementor-widget-wrap elementor-element-populated\">\n\t\t\t\t\t\t<div class=\"elementor-element elementor-element-bea124f elementor-widget elementor-widget-global elementor-global-9341 elementor-widget-text-editor\" data-id=\"bea124f\" data-element_type=\"widget\" data-e-type=\"widget\" data-widget_type=\"text-editor.default\">\n\t\t\t\t<div class=\"elementor-widget-container\">\n\t\t\t\t\t\t\t\t\t<p><strong>PS:\u00a0<span style=\"color: #ff6600;\"><a style=\"color: #ff6600;\" href=\"https:\/\/gradido.net\/hu\/donations\/\">A Gradido egyre n\u00f6vekv\u0151 fontoss\u00e1ga miatt 2026. j\u00fanius 26-\u00e1n megism\u00e9telj\u00fck h\u00e1laad\u00f3 kamp\u00e1nyunkat:<\/a>\u00a0<\/span><span style=\"color: #0000ff;\"><a style=\"color: #0000ff;\" href=\"https:\/\/gradido.net\/hu\/donations\/\">A szponzori hozz\u00e1j\u00e1rul\u00e1sod\u00e9rt j\u00e1r\u00f3 t\u00f6bbsz\u00f6r\u00f6s GradidoTransform mellett 2016.06.26-\u00e1n 26%-vel n\u00f6velj\u00fck az \u00f6sszes GDT sz\u00e1mlaegyenleg\u00e9t. Szponzor\u00e1lj most \u00e9s \u00e9lvezd a t\u00f6bbsz\u00f6r\u00f6s GDT \u00f6sszeget!<\/a><\/span><\/strong><\/p>\t\t\t\t\t\t\t\t<\/div>\n\t\t\t\t<\/div>\n\t\t\t\t\t<\/div>\n\t\t<\/div>\n\t\t\t\t\t<\/div>\n\t\t<\/section>\n\t\t\t\t<section class=\"elementor-section elementor-top-section elementor-element elementor-element-29dfc07 elementor-section-boxed elementor-section-height-default elementor-section-height-default\" data-id=\"29dfc07\" data-element_type=\"section\" data-e-type=\"section\">\n\t\t\t\t\t\t<div class=\"elementor-container elementor-column-gap-default\">\n\t\t\t\t\t<div class=\"elementor-column elementor-col-100 elementor-top-column elementor-element elementor-element-d37ec5a\" data-id=\"d37ec5a\" data-element_type=\"column\" data-e-type=\"column\">\n\t\t\t<div class=\"elementor-widget-wrap\">\n\t\t\t\t\t\t\t<\/div>\n\t\t<\/div>\n\t\t\t\t\t<\/div>\n\t\t<\/section>\n\t\t\t\t<section class=\"elementor-section elementor-top-section elementor-element elementor-element-b3bbb9b elementor-section-boxed elementor-section-height-default elementor-section-height-default\" data-id=\"b3bbb9b\" data-element_type=\"section\" data-e-type=\"section\">\n\t\t\t\t\t\t<div class=\"elementor-container elementor-column-gap-default\">\n\t\t\t\t\t<div class=\"elementor-column elementor-col-100 elementor-top-column elementor-element elementor-element-a7e88ad\" data-id=\"a7e88ad\" data-element_type=\"column\" data-e-type=\"column\">\n\t\t\t<div class=\"elementor-widget-wrap\">\n\t\t\t\t\t\t\t<\/div>\n\t\t<\/div>\n\t\t\t\t\t<\/div>\n\t\t<\/section>\n\t\t\t\t<\/div>","protected":false},"excerpt":{"rendered":"<p>A legjobb, legb\u00e1tor\u00edt\u00f3bb beadv\u00e1nyokat a k\u00f6vetkez\u0151 h\u00edrlevelekben \u00e9s a blogunkon fogjuk k\u00f6zz\u00e9tenni. \u00cdgy egy\u00fctt n\u00f6velhetj\u00fck a rem\u00e9ny \u00e9s a val\u00f3s t\u00f6rt\u00e9netek csokr\u00e1t, amely sokakat inspir\u00e1l majd arra, hogy r\u00e9szesei legyenek ennek a mozgalomnak.<\/p>","protected":false},"author":2,"featured_media":8453,"comment_status":"closed","ping_status":"closed","sticky":false,"template":"","format":"standard","meta":{"footnotes":""},"categories":[11,54],"tags":[],"class_list":["post-11499","post","type-post","status-publish","format-standard","has-post-thumbnail","hentry","category-blog","category-community"],"yoast_head":"<!-- This site is optimized with the Yoast SEO plugin v27.5 - https:\/\/yoast.com\/product\/yoast-seo-wordpress\/ -->\n<title>Werde Mutmacher: Teile Deine Gradido-Geschichte! - Gradido<\/title>\n<meta name=\"description\" content=\"Eure sch\u00f6nsten, mutmachendsten Einsendungen ver\u00f6ffentlichen wir in kommenden Newslettern und auf unserem Blog. So k\u00f6nnen wir gemeinsam den Blumenstrau\u00df der Hoffnung und echten Geschichten wachsen lassen, der noch viele andere inspiriert, Teil dieser Bewegung zu werden.\" \/>\n<meta name=\"robots\" content=\"index, follow, max-snippet:-1, max-image-preview:large, max-video-preview:-1\" \/>\n<link rel=\"canonical\" href=\"https:\/\/gradido.net\/hu\/werde-mutmacher-teile-deine-gradido-geschichte\/\" \/>\n<meta property=\"og:locale\" content=\"hu_HU\" \/>\n<meta property=\"og:type\" content=\"article\" \/>\n<meta property=\"og:title\" content=\"Werde Mutmacher: Teile Deine Gradido-Geschichte! - Gradido\" \/>\n<meta property=\"og:description\" content=\"Eure sch\u00f6nsten, mutmachendsten Einsendungen ver\u00f6ffentlichen wir in kommenden Newslettern und auf unserem Blog. So k\u00f6nnen wir gemeinsam den Blumenstrau\u00df der Hoffnung und echten Geschichten wachsen lassen, der noch viele andere inspiriert, Teil dieser Bewegung zu werden.\" \/>\n<meta property=\"og:url\" content=\"https:\/\/gradido.net\/hu\/werde-mutmacher-teile-deine-gradido-geschichte\/\" \/>\n<meta property=\"og:site_name\" content=\"Gradido\" \/>\n<meta property=\"article:published_time\" content=\"2025-09-05T14:51:50+00:00\" \/>\n<meta property=\"article:modified_time\" content=\"2026-04-24T05:21:13+00:00\" \/>\n<meta property=\"og:image\" content=\"https:\/\/gradido.net\/wp-content\/uploads\/2023\/12\/AdobeStock_623322374-scaled.jpeg\" \/>\n\t<meta property=\"og:image:width\" content=\"2560\" \/>\n\t<meta property=\"og:image:height\" content=\"640\" \/>\n\t<meta property=\"og:image:type\" content=\"image\/jpeg\" \/>\n<meta name=\"author\" content=\"Bernd H\u00fcckst\u00e4dt\" \/>\n<meta name=\"twitter:card\" content=\"summary_large_image\" \/>\n<meta name=\"twitter:label1\" content=\"Szerz\u0151:\" \/>\n\t<meta name=\"twitter:data1\" content=\"Bernd H\u00fcckst\u00e4dt\" \/>\n\t<meta name=\"twitter:label2\" content=\"Becs\u00fclt olvas\u00e1si id\u0151\" \/>\n\t<meta name=\"twitter:data2\" content=\"3 perc\" \/>\n<script type=\"application\/ld+json\" class=\"yoast-schema-graph\">{\"@context\":\"https:\\\/\\\/schema.org\",\"@graph\":[{\"@type\":\"Article\",\"@id\":\"https:\\\/\\\/gradido.net\\\/werde-mutmacher-teile-deine-gradido-geschichte\\\/#article\",\"isPartOf\":{\"@id\":\"https:\\\/\\\/gradido.net\\\/werde-mutmacher-teile-deine-gradido-geschichte\\\/\"},\"author\":{\"name\":\"Bernd H\u00fcckst\u00e4dt\",\"@id\":\"https:\\\/\\\/gradido.net\\\/de\\\/#\\\/schema\\\/person\\\/9c503a004ad15a1ddecadce2218db5d1\"},\"headline\":\"Werde Mutmacher: Teile Deine Gradido-Geschichte!\",\"datePublished\":\"2025-09-05T14:51:50+00:00\",\"dateModified\":\"2026-04-24T05:21:13+00:00\",\"mainEntityOfPage\":{\"@id\":\"https:\\\/\\\/gradido.net\\\/werde-mutmacher-teile-deine-gradido-geschichte\\\/\"},\"wordCount\":421,\"publisher\":{\"@id\":\"https:\\\/\\\/gradido.net\\\/de\\\/#organization\"},\"image\":{\"@id\":\"https:\\\/\\\/gradido.net\\\/werde-mutmacher-teile-deine-gradido-geschichte\\\/#primaryimage\"},\"thumbnailUrl\":\"https:\\\/\\\/gradido.net\\\/wp-content\\\/uploads\\\/2023\\\/12\\\/AdobeStock_623322374-scaled.jpeg\",\"articleSection\":[\"Blog\",\"Community\"],\"inLanguage\":\"hu\"},{\"@type\":\"WebPage\",\"@id\":\"https:\\\/\\\/gradido.net\\\/werde-mutmacher-teile-deine-gradido-geschichte\\\/\",\"url\":\"https:\\\/\\\/gradido.net\\\/werde-mutmacher-teile-deine-gradido-geschichte\\\/\",\"name\":\"Werde Mutmacher: Teile Deine Gradido-Geschichte! - Gradido\",\"isPartOf\":{\"@id\":\"https:\\\/\\\/gradido.net\\\/de\\\/#website\"},\"primaryImageOfPage\":{\"@id\":\"https:\\\/\\\/gradido.net\\\/werde-mutmacher-teile-deine-gradido-geschichte\\\/#primaryimage\"},\"image\":{\"@id\":\"https:\\\/\\\/gradido.net\\\/werde-mutmacher-teile-deine-gradido-geschichte\\\/#primaryimage\"},\"thumbnailUrl\":\"https:\\\/\\\/gradido.net\\\/wp-content\\\/uploads\\\/2023\\\/12\\\/AdobeStock_623322374-scaled.jpeg\",\"datePublished\":\"2025-09-05T14:51:50+00:00\",\"dateModified\":\"2026-04-24T05:21:13+00:00\",\"description\":\"Eure sch\u00f6nsten, mutmachendsten Einsendungen ver\u00f6ffentlichen wir in kommenden Newslettern und auf unserem Blog. So k\u00f6nnen wir gemeinsam den Blumenstrau\u00df der Hoffnung und echten Geschichten wachsen lassen, der noch viele andere inspiriert, Teil dieser Bewegung zu werden.\",\"breadcrumb\":{\"@id\":\"https:\\\/\\\/gradido.net\\\/werde-mutmacher-teile-deine-gradido-geschichte\\\/#breadcrumb\"},\"inLanguage\":\"hu\",\"potentialAction\":[{\"@type\":\"ReadAction\",\"target\":[\"https:\\\/\\\/gradido.net\\\/werde-mutmacher-teile-deine-gradido-geschichte\\\/\"]}]},{\"@type\":\"ImageObject\",\"inLanguage\":\"hu\",\"@id\":\"https:\\\/\\\/gradido.net\\\/werde-mutmacher-teile-deine-gradido-geschichte\\\/#primaryimage\",\"url\":\"https:\\\/\\\/gradido.net\\\/wp-content\\\/uploads\\\/2023\\\/12\\\/AdobeStock_623322374-scaled.jpeg\",\"contentUrl\":\"https:\\\/\\\/gradido.net\\\/wp-content\\\/uploads\\\/2023\\\/12\\\/AdobeStock_623322374-scaled.jpeg\",\"width\":2560,\"height\":640},{\"@type\":\"BreadcrumbList\",\"@id\":\"https:\\\/\\\/gradido.net\\\/werde-mutmacher-teile-deine-gradido-geschichte\\\/#breadcrumb\",\"itemListElement\":[{\"@type\":\"ListItem\",\"position\":1,\"name\":\"Startseite\",\"item\":\"https:\\\/\\\/gradido.net\\\/\"},{\"@type\":\"ListItem\",\"position\":2,\"name\":\"Werde Mutmacher: Teile Deine Gradido-Geschichte!\"}]},{\"@type\":\"WebSite\",\"@id\":\"https:\\\/\\\/gradido.net\\\/de\\\/#website\",\"url\":\"https:\\\/\\\/gradido.net\\\/de\\\/\",\"name\":\"Gradido\",\"description\":\"Die neue W\u00e4hrung hei\u00dft Dankbarkeit\",\"publisher\":{\"@id\":\"https:\\\/\\\/gradido.net\\\/de\\\/#organization\"},\"potentialAction\":[{\"@type\":\"SearchAction\",\"target\":{\"@type\":\"EntryPoint\",\"urlTemplate\":\"https:\\\/\\\/gradido.net\\\/de\\\/?s={search_term_string}\"},\"query-input\":{\"@type\":\"PropertyValueSpecification\",\"valueRequired\":true,\"valueName\":\"search_term_string\"}}],\"inLanguage\":\"hu\"},{\"@type\":\"Organization\",\"@id\":\"https:\\\/\\\/gradido.net\\\/de\\\/#organization\",\"name\":\"Gradido\",\"url\":\"https:\\\/\\\/gradido.net\\\/de\\\/\",\"logo\":{\"@type\":\"ImageObject\",\"inLanguage\":\"hu\",\"@id\":\"https:\\\/\\\/gradido.net\\\/de\\\/#\\\/schema\\\/logo\\\/image\\\/\",\"url\":\"https:\\\/\\\/gradido.net\\\/wp-content\\\/uploads\\\/2022\\\/04\\\/gradido-social.jpg\",\"contentUrl\":\"https:\\\/\\\/gradido.net\\\/wp-content\\\/uploads\\\/2022\\\/04\\\/gradido-social.jpg\",\"width\":527,\"height\":273,\"caption\":\"Gradido\"},\"image\":{\"@id\":\"https:\\\/\\\/gradido.net\\\/de\\\/#\\\/schema\\\/logo\\\/image\\\/\"}},{\"@type\":\"Person\",\"@id\":\"https:\\\/\\\/gradido.net\\\/de\\\/#\\\/schema\\\/person\\\/9c503a004ad15a1ddecadce2218db5d1\",\"name\":\"Bernd H\u00fcckst\u00e4dt\",\"sameAs\":[\"https:\\\/\\\/gradido.net\"],\"url\":\"https:\\\/\\\/gradido.net\\\/hu\\\/author\\\/bernd\\\/\"}]}<\/script>\n<!-- \/ Yoast SEO plugin. -->","yoast_head_json":{"title":"L\u00e9gy b\u00e1tor\u00edt\u00f3: Oszd meg a Gradido t\u00f6rt\u00e9neted! - Gradido","description":"A legjobb, legb\u00e1tor\u00edt\u00f3bb beadv\u00e1nyokat a k\u00f6vetkez\u0151 h\u00edrlevelekben \u00e9s a blogunkon fogjuk k\u00f6zz\u00e9tenni. \u00cdgy egy\u00fctt n\u00f6velhetj\u00fck a rem\u00e9ny \u00e9s a val\u00f3s t\u00f6rt\u00e9netek csokr\u00e1t, amely sokakat inspir\u00e1l majd arra, hogy r\u00e9szesei legyenek ennek a mozgalomnak.","robots":{"index":"index","follow":"follow","max-snippet":"max-snippet:-1","max-image-preview":"max-image-preview:large","max-video-preview":"max-video-preview:-1"},"canonical":"https:\/\/gradido.net\/hu\/werde-mutmacher-teile-deine-gradido-geschichte\/","og_locale":"hu_HU","og_type":"article","og_title":"Werde Mutmacher: Teile Deine Gradido-Geschichte! - Gradido","og_description":"Eure sch\u00f6nsten, mutmachendsten Einsendungen ver\u00f6ffentlichen wir in kommenden Newslettern und auf unserem Blog. So k\u00f6nnen wir gemeinsam den Blumenstrau\u00df der Hoffnung und echten Geschichten wachsen lassen, der noch viele andere inspiriert, Teil dieser Bewegung zu werden.","og_url":"https:\/\/gradido.net\/hu\/werde-mutmacher-teile-deine-gradido-geschichte\/","og_site_name":"Gradido","article_published_time":"2025-09-05T14:51:50+00:00","article_modified_time":"2026-04-24T05:21:13+00:00","og_image":[{"width":2560,"height":640,"url":"https:\/\/gradido.net\/wp-content\/uploads\/2023\/12\/AdobeStock_623322374-scaled.jpeg","type":"image\/jpeg"}],"author":"Bernd H\u00fcckst\u00e4dt","twitter_card":"summary_large_image","twitter_misc":{"Szerz\u0151:":"Bernd H\u00fcckst\u00e4dt","Becs\u00fclt olvas\u00e1si id\u0151":"3 perc"},"schema":{"@context":"https:\/\/schema.org","@graph":[{"@type":"Article","@id":"https:\/\/gradido.net\/werde-mutmacher-teile-deine-gradido-geschichte\/#article","isPartOf":{"@id":"https:\/\/gradido.net\/werde-mutmacher-teile-deine-gradido-geschichte\/"},"author":{"name":"Bernd H\u00fcckst\u00e4dt","@id":"https:\/\/gradido.net\/de\/#\/schema\/person\/9c503a004ad15a1ddecadce2218db5d1"},"headline":"Werde Mutmacher: Teile Deine Gradido-Geschichte!","datePublished":"2025-09-05T14:51:50+00:00","dateModified":"2026-04-24T05:21:13+00:00","mainEntityOfPage":{"@id":"https:\/\/gradido.net\/werde-mutmacher-teile-deine-gradido-geschichte\/"},"wordCount":421,"publisher":{"@id":"https:\/\/gradido.net\/de\/#organization"},"image":{"@id":"https:\/\/gradido.net\/werde-mutmacher-teile-deine-gradido-geschichte\/#primaryimage"},"thumbnailUrl":"https:\/\/gradido.net\/wp-content\/uploads\/2023\/12\/AdobeStock_623322374-scaled.jpeg","articleSection":["Blog","Community"],"inLanguage":"hu"},{"@type":"WebPage","@id":"https:\/\/gradido.net\/werde-mutmacher-teile-deine-gradido-geschichte\/","url":"https:\/\/gradido.net\/werde-mutmacher-teile-deine-gradido-geschichte\/","name":"L\u00e9gy b\u00e1tor\u00edt\u00f3: Oszd meg a Gradido t\u00f6rt\u00e9neted! - Gradido","isPartOf":{"@id":"https:\/\/gradido.net\/de\/#website"},"primaryImageOfPage":{"@id":"https:\/\/gradido.net\/werde-mutmacher-teile-deine-gradido-geschichte\/#primaryimage"},"image":{"@id":"https:\/\/gradido.net\/werde-mutmacher-teile-deine-gradido-geschichte\/#primaryimage"},"thumbnailUrl":"https:\/\/gradido.net\/wp-content\/uploads\/2023\/12\/AdobeStock_623322374-scaled.jpeg","datePublished":"2025-09-05T14:51:50+00:00","dateModified":"2026-04-24T05:21:13+00:00","description":"A legjobb, legb\u00e1tor\u00edt\u00f3bb beadv\u00e1nyokat a k\u00f6vetkez\u0151 h\u00edrlevelekben \u00e9s a blogunkon fogjuk k\u00f6zz\u00e9tenni. \u00cdgy egy\u00fctt n\u00f6velhetj\u00fck a rem\u00e9ny \u00e9s a val\u00f3s t\u00f6rt\u00e9netek csokr\u00e1t, amely sokakat inspir\u00e1l majd arra, hogy r\u00e9szesei legyenek ennek a mozgalomnak.","breadcrumb":{"@id":"https:\/\/gradido.net\/werde-mutmacher-teile-deine-gradido-geschichte\/#breadcrumb"},"inLanguage":"hu","potentialAction":[{"@type":"ReadAction","target":["https:\/\/gradido.net\/werde-mutmacher-teile-deine-gradido-geschichte\/"]}]},{"@type":"ImageObject","inLanguage":"hu","@id":"https:\/\/gradido.net\/werde-mutmacher-teile-deine-gradido-geschichte\/#primaryimage","url":"https:\/\/gradido.net\/wp-content\/uploads\/2023\/12\/AdobeStock_623322374-scaled.jpeg","contentUrl":"https:\/\/gradido.net\/wp-content\/uploads\/2023\/12\/AdobeStock_623322374-scaled.jpeg","width":2560,"height":640},{"@type":"BreadcrumbList","@id":"https:\/\/gradido.net\/werde-mutmacher-teile-deine-gradido-geschichte\/#breadcrumb","itemListElement":[{"@type":"ListItem","position":1,"name":"Startseite","item":"https:\/\/gradido.net\/"},{"@type":"ListItem","position":2,"name":"Werde Mutmacher: Teile Deine Gradido-Geschichte!"}]},{"@type":"WebSite","@id":"https:\/\/gradido.net\/de\/#website","url":"https:\/\/gradido.net\/de\/","name":"Gradido","description":"Az \u00faj p\u00e9nznem a h\u00e1la","publisher":{"@id":"https:\/\/gradido.net\/de\/#organization"},"potentialAction":[{"@type":"SearchAction","target":{"@type":"EntryPoint","urlTemplate":"https:\/\/gradido.net\/de\/?s={search_term_string}"},"query-input":{"@type":"PropertyValueSpecification","valueRequired":true,"valueName":"search_term_string"}}],"inLanguage":"hu"},{"@type":"Organization","@id":"https:\/\/gradido.net\/de\/#organization","name":"Gradido","url":"https:\/\/gradido.net\/de\/","logo":{"@type":"ImageObject","inLanguage":"hu","@id":"https:\/\/gradido.net\/de\/#\/schema\/logo\/image\/","url":"https:\/\/gradido.net\/wp-content\/uploads\/2022\/04\/gradido-social.jpg","contentUrl":"https:\/\/gradido.net\/wp-content\/uploads\/2022\/04\/gradido-social.jpg","width":527,"height":273,"caption":"Gradido"},"image":{"@id":"https:\/\/gradido.net\/de\/#\/schema\/logo\/image\/"}},{"@type":"Person","@id":"https:\/\/gradido.net\/de\/#\/schema\/person\/9c503a004ad15a1ddecadce2218db5d1","name":"Bernd H\u00fcckst\u00e4dt","sameAs":["https:\/\/gradido.net"],"url":"https:\/\/gradido.net\/hu\/author\/bernd\/"}]}},"_links":{"self":[{"href":"https:\/\/gradido.net\/hu\/wp-json\/wp\/v2\/posts\/11499","targetHints":{"allow":["GET"]}}],"collection":[{"href":"https:\/\/gradido.net\/hu\/wp-json\/wp\/v2\/posts"}],"about":[{"href":"https:\/\/gradido.net\/hu\/wp-json\/wp\/v2\/types\/post"}],"author":[{"embeddable":true,"href":"https:\/\/gradido.net\/hu\/wp-json\/wp\/v2\/users\/2"}],"replies":[{"embeddable":true,"href":"https:\/\/gradido.net\/hu\/wp-json\/wp\/v2\/comments?post=11499"}],"version-history":[{"count":12,"href":"https:\/\/gradido.net\/hu\/wp-json\/wp\/v2\/posts\/11499\/revisions"}],"predecessor-version":[{"id":13573,"href":"https:\/\/gradido.net\/hu\/wp-json\/wp\/v2\/posts\/11499\/revisions\/13573"}],"wp:featuredmedia":[{"embeddable":true,"href":"https:\/\/gradido.net\/hu\/wp-json\/wp\/v2\/media\/8453"}],"wp:attachment":[{"href":"https:\/\/gradido.net\/hu\/wp-json\/wp\/v2\/media?parent=11499"}],"wp:term":[{"taxonomy":"category","embeddable":true,"href":"https:\/\/gradido.net\/hu\/wp-json\/wp\/v2\/categories?post=11499"},{"taxonomy":"post_tag","embeddable":true,"href":"https:\/\/gradido.net\/hu\/wp-json\/wp\/v2\/tags?post=11499"}],"curies":[{"name":"wp","href":"https:\/\/api.w.org\/{rel}","templated":true}]}}