{"id":11747,"date":"2025-10-01T11:12:11","date_gmt":"2025-10-01T09:12:11","guid":{"rendered":"https:\/\/gradido.net\/?p=11747"},"modified":"2026-04-24T07:15:52","modified_gmt":"2026-04-24T05:15:52","slug":"mutmacher-michael","status":"publish","type":"post","link":"https:\/\/gradido.net\/hu\/mutmacher-michael\/","title":{"rendered":"Az igazs\u00e1gos \u00e9s b\u00e9k\u00e9s vil\u00e1g \u00e1lma"},"content":{"rendered":"<div data-elementor-type=\"wp-post\" data-elementor-id=\"11747\" class=\"elementor elementor-11747\" data-elementor-post-type=\"post\">\n\t\t\t\t\t\t<section class=\"elementor-section elementor-top-section elementor-element elementor-element-496e1d53 elementor-section-boxed elementor-section-height-default elementor-section-height-default\" data-id=\"496e1d53\" data-element_type=\"section\" data-e-type=\"section\">\n\t\t\t\t\t\t<div class=\"elementor-container elementor-column-gap-default\">\n\t\t\t\t\t<div class=\"elementor-column elementor-col-100 elementor-top-column elementor-element elementor-element-461d7be0\" data-id=\"461d7be0\" data-element_type=\"column\" data-e-type=\"column\">\n\t\t\t<div class=\"elementor-widget-wrap elementor-element-populated\">\n\t\t\t\t\t\t<div class=\"elementor-element elementor-element-cd9ebe2 elementor-widget elementor-widget-text-editor\" data-id=\"cd9ebe2\" data-element_type=\"widget\" data-e-type=\"widget\" data-widget_type=\"text-editor.default\">\n\t\t\t\t<div class=\"elementor-widget-container\">\n\t\t\t\t\t\t\t\t\t<p style=\"text-align: right;\"><em>\"Ami engem a legjobban vonz a Gradid\u00f3ban, az a h\u00e1la elve - \u00e9s a b\u00e9k\u00e9s gazdas\u00e1gi tev\u00e9kenys\u00e9g v\u00edzi\u00f3ja.\"<\/em> <br \/><em>-\u00a0<\/em><i> Michael Rothe<\/i><\/p><div><p>Kedves Margret, kedves Bernd,<\/p><p>Nemr\u00e9g fedeztem fel a Gradid\u00f3t az interneten, \u00e9s azonnal meg\u00e9rintett a l\u00e1t\u00e1sm\u00f3dja. K\u00fcl\u00f6n\u00f6sen izgalmasnak \u00e9s igazs\u00e1gosnak tal\u00e1lom azt a megk\u00f6zel\u00edt\u00e9st, hogy a t\u00e1rsadalmilag relev\u00e1ns munk\u00e1t nem csak egy \"tiszteletbeli k\u00f6sz\u00f6nettel\" honor\u00e1lj\u00e1k, hanem val\u00f3di, m\u00e9lt\u00e1nyos d\u00edjaz\u00e1st teremtenek \u00e9rte.<\/p><h3>Csod\u00e1latos kapcsolat a Gradid\u00f3val<\/h3><p>Az \"ERf\u00fcllt \u00e9let\" mentorprogramommal azt szeretn\u00e9m el\u00e9rni, hogy az emberek megtal\u00e1lj\u00e1k a hely\u00fcket a k\u00f6z\u00f6ss\u00e9gben. Fontos sz\u00e1momra, hogy ne csak bels\u0151 kiteljesed\u00e9st tapasztaljanak, hanem anyagi elismer\u00e9sben is r\u00e9szes\u00fcljenek, ami viszont \u00e1ld\u00e1s lehet m\u00e1sok sz\u00e1m\u00e1ra. Pontosan ebben l\u00e1tom a csod\u00e1latos kapcsolatot a Gradid\u00f3val.<\/p><h3>Egy igazs\u00e1gos, b\u00e9k\u00e9s vil\u00e1g \u00e1lma...<\/h3><p>A legm\u00e9lyebb hajt\u00f3er\u0151m a J\u00e9zus Krisztusba vetett hitem. Tov\u00e1bb akarom adni azt az \u00e1ld\u00e1st, amit t\u0151le kapok. Csak akkor v\u00e1lhat val\u00f3ra az igazs\u00e1gos, b\u00e9k\u00e9s vil\u00e1g \u00e1lma, ha felismerj\u00fck, hogy csak Isten kegyelme \u00e1ltal vagyunk k\u00e9pesek igaz\u00e1n igaz cselekedetekre.<\/p><h3>...k\u00e9zzelfoghat\u00f3v\u00e1 v\u00e1lik a Gradido seg\u00edts\u00e9g\u00e9vel.<\/h3><p>Ami engem a legjobban vonz a Gradid\u00f3ban, az a h\u00e1la elve - \u00e9s a b\u00e9k\u00e9s gazdas\u00e1g v\u00edzi\u00f3ja. Olyan vil\u00e1got szeretn\u00e9k l\u00e1tni, amelyben az egy\u00fcttm\u0171k\u00f6d\u00e9s el\u0151bbre val\u00f3, mint a verseny, \u00e9s amelyben eg\u00e9szs\u00e9ges k\u00f6z\u00f6ss\u00e9gek fejl\u0151dnek. \u00dagy t\u0171nik, a Gradido k\u00e9zzelfoghat\u00f3bb\u00e1 teszi ezt az \u00e1lmot.<\/p><p>K\u00f6sz\u00f6n\u00f6m, hogy elind\u00edtottad ezt a mozgalmat!<\/p><p>\u00dcdv\u00f6zlettel<br \/>Michael Rothe<\/p><p><a href=\"https:\/\/www.micharothe.de\/\" target=\"_blank\" rel=\"noopener\">https:\/\/www.micharothe.de\/<\/a><\/p><\/div>\t\t\t\t\t\t\t\t<\/div>\n\t\t\t\t<\/div>\n\t\t\t\t<div class=\"elementor-element elementor-element-db3fa8e elementor-widget-divider--view-line elementor-widget elementor-widget-divider\" data-id=\"db3fa8e\" data-element_type=\"widget\" data-e-type=\"widget\" data-widget_type=\"divider.default\">\n\t\t\t\t<div class=\"elementor-widget-container\">\n\t\t\t\t\t\t\t<div class=\"elementor-divider\">\n\t\t\t<span class=\"elementor-divider-separator\">\n\t\t\t\t\t\t<\/span>\n\t\t<\/div>\n\t\t\t\t\t\t<\/div>\n\t\t\t\t<\/div>\n\t\t\t\t<div class=\"elementor-element elementor-element-d74dfa0 elementor-widget elementor-widget-text-editor\" data-id=\"d74dfa0\" data-element_type=\"widget\" data-e-type=\"widget\" data-widget_type=\"text-editor.default\">\n\t\t\t\t<div class=\"elementor-widget-container\">\n\t\t\t\t\t\t\t\t\t<div data-pm-slice=\"1 1 []\" data-en-clipboard=\"true\"><h4>Csatlakozz hozz\u00e1nk - v\u00e1rjuk a meghat\u00f3 t\u00f6rt\u00e9netedet!<\/h4><p><strong>K\u00fcldje level\u00e9t a k\u00f6vetkez\u0151 c\u00edmre: <a href=\"mailto:support@gradido.net\">support@gradido.net<\/a><\/strong><\/p><p>Egy\u00fctt t\u00faln\u00f6v\u00fcnk \u00f6nmagunkon!<\/p><p>M\u00e9ly h\u00e1l\u00e1val \u00e9s szolidarit\u00e1ssal<\/p><p><span style=\"font-family: -apple-system, BlinkMacSystemFont, 'Segoe UI', Roboto, 'Helvetica Neue', Arial, 'Noto Sans', sans-serif, 'Apple Color Emoji', 'Segoe UI Emoji', 'Segoe UI Symbol', 'Noto Color Emoji';\">\u00dcdv\u00f6zlettel<\/span><\/p><\/div><p><img decoding=\"async\" class=\"alignnone wp-image-4614 size-medium\" src=\"https:\/\/gradido.net\/wp-content\/uploads\/2022\/06\/MargretBernd_2022-300x74.png\" alt=\"\" width=\"300\" height=\"74\" srcset=\"https:\/\/gradido.net\/wp-content\/uploads\/2022\/06\/MargretBernd_2022-300x74.png 300w, https:\/\/gradido.net\/wp-content\/uploads\/2022\/06\/MargretBernd_2022-18x4.png 18w, https:\/\/gradido.net\/wp-content\/uploads\/2022\/06\/MargretBernd_2022.png 431w\" sizes=\"(max-width: 300px) 100vw, 300px\" \/><\/p><p>Margret Baier \u00e9s Bernd H\u00fcckst\u00e4dt<br \/>Gradido alap\u00edt\u00f3ja \u00e9s fejleszt\u0151je<\/p>\t\t\t\t\t\t\t\t<\/div>\n\t\t\t\t<\/div>\n\t\t\t\t\t<\/div>\n\t\t<\/div>\n\t\t\t\t\t<\/div>\n\t\t<\/section>\n\t\t\t\t<section class=\"elementor-section elementor-top-section elementor-element elementor-element-14532fe elementor-section-boxed elementor-section-height-default elementor-section-height-default\" data-id=\"14532fe\" data-element_type=\"section\" data-e-type=\"section\">\n\t\t\t\t\t\t<div class=\"elementor-container elementor-column-gap-default\">\n\t\t\t\t\t<div class=\"elementor-column elementor-col-100 elementor-top-column elementor-element elementor-element-65d2298\" data-id=\"65d2298\" data-element_type=\"column\" data-e-type=\"column\">\n\t\t\t<div class=\"elementor-widget-wrap elementor-element-populated\">\n\t\t\t\t\t\t<div class=\"elementor-element elementor-element-bea124f elementor-widget elementor-widget-global elementor-global-9341 elementor-widget-text-editor\" data-id=\"bea124f\" data-element_type=\"widget\" data-e-type=\"widget\" data-widget_type=\"text-editor.default\">\n\t\t\t\t<div class=\"elementor-widget-container\">\n\t\t\t\t\t\t\t\t\t<p><strong>PS:\u00a0<span style=\"color: #ff6600;\"><a style=\"color: #ff6600;\" href=\"https:\/\/gradido.net\/hu\/donations\/\">A Gradido egyre n\u00f6vekv\u0151 fontoss\u00e1ga miatt 2026. j\u00fanius 26-\u00e1n megism\u00e9telj\u00fck h\u00e1laad\u00f3 kamp\u00e1nyunkat:<\/a>\u00a0<\/span><span style=\"color: #0000ff;\"><a style=\"color: #0000ff;\" href=\"https:\/\/gradido.net\/hu\/donations\/\">A szponzori hozz\u00e1j\u00e1rul\u00e1sod\u00e9rt j\u00e1r\u00f3 t\u00f6bbsz\u00f6r\u00f6s GradidoTransform mellett 2016.06.26-\u00e1n 26%-vel n\u00f6velj\u00fck az \u00f6sszes GDT sz\u00e1mlaegyenleg\u00e9t. Szponzor\u00e1lj most \u00e9s \u00e9lvezd a t\u00f6bbsz\u00f6r\u00f6s GDT \u00f6sszeget!<\/a><\/span><\/strong><\/p>\t\t\t\t\t\t\t\t<\/div>\n\t\t\t\t<\/div>\n\t\t\t\t\t<\/div>\n\t\t<\/div>\n\t\t\t\t\t<\/div>\n\t\t<\/section>\n\t\t\t\t<section class=\"elementor-section elementor-top-section elementor-element elementor-element-29dfc07 elementor-section-boxed elementor-section-height-default elementor-section-height-default\" data-id=\"29dfc07\" data-element_type=\"section\" data-e-type=\"section\">\n\t\t\t\t\t\t<div class=\"elementor-container elementor-column-gap-default\">\n\t\t\t\t\t<div class=\"elementor-column elementor-col-100 elementor-top-column elementor-element elementor-element-d37ec5a\" data-id=\"d37ec5a\" data-element_type=\"column\" data-e-type=\"column\">\n\t\t\t<div class=\"elementor-widget-wrap\">\n\t\t\t\t\t\t\t<\/div>\n\t\t<\/div>\n\t\t\t\t\t<\/div>\n\t\t<\/section>\n\t\t\t\t<section class=\"elementor-section elementor-top-section elementor-element elementor-element-b3bbb9b elementor-section-boxed elementor-section-height-default elementor-section-height-default\" data-id=\"b3bbb9b\" data-element_type=\"section\" data-e-type=\"section\">\n\t\t\t\t\t\t<div class=\"elementor-container elementor-column-gap-default\">\n\t\t\t\t\t<div class=\"elementor-column elementor-col-100 elementor-top-column elementor-element elementor-element-a7e88ad\" data-id=\"a7e88ad\" data-element_type=\"column\" data-e-type=\"column\">\n\t\t\t<div class=\"elementor-widget-wrap\">\n\t\t\t\t\t\t\t<\/div>\n\t\t<\/div>\n\t\t\t\t\t<\/div>\n\t\t<\/section>\n\t\t\t\t<\/div>","protected":false},"excerpt":{"rendered":"<p>Ami engem a legjobban vonz a Gradid\u00f3ban, az a h\u00e1la elve - \u00e9s a b\u00e9k\u00e9s gazdas\u00e1g v\u00edzi\u00f3ja. Olyan vil\u00e1got szeretn\u00e9k l\u00e1tni, amelyben az egy\u00fcttm\u0171k\u00f6d\u00e9s el\u0151bbre val\u00f3, mint a verseny, \u00e9s amelyben eg\u00e9szs\u00e9ges k\u00f6z\u00f6ss\u00e9gek fejl\u0151dnek. A Gradido seg\u00edts\u00e9g\u00e9vel ez az \u00e1lom k\u00e9zzelfoghat\u00f3nak t\u0171nik.<\/p>","protected":false},"author":2,"featured_media":11749,"comment_status":"closed","ping_status":"closed","sticky":false,"template":"","format":"standard","meta":{"footnotes":""},"categories":[11,54],"tags":[],"class_list":["post-11747","post","type-post","status-publish","format-standard","has-post-thumbnail","hentry","category-blog","category-community"],"yoast_head":"<!-- This site is optimized with the Yoast SEO plugin v27.5 - https:\/\/yoast.com\/product\/yoast-seo-wordpress\/ -->\n<title>Der Traum einer gerechten friedvollen Welt - Gradido<\/title>\n<meta name=\"description\" content=\"Am meisten spricht mich an Gradido das Prinzip der Dankbarkeit an \u2013 und die Vision eines friedvollen Wirtschaftens. Ich w\u00fcnsche mir eine Welt, in der Kooperation vor Konkurrenz steht und in der gesunde Gemeinschaften wachsen. Mit Gradido scheint dieser Traum greifbar zu werden.\" \/>\n<meta name=\"robots\" content=\"index, follow, max-snippet:-1, max-image-preview:large, max-video-preview:-1\" \/>\n<link rel=\"canonical\" href=\"https:\/\/gradido.net\/hu\/mutmacher-michael\/\" \/>\n<meta property=\"og:locale\" content=\"hu_HU\" \/>\n<meta property=\"og:type\" content=\"article\" \/>\n<meta property=\"og:title\" content=\"Der Traum einer gerechten friedvollen Welt - Gradido\" \/>\n<meta property=\"og:description\" content=\"Am meisten spricht mich an Gradido das Prinzip der Dankbarkeit an \u2013 und die Vision eines friedvollen Wirtschaftens. Ich w\u00fcnsche mir eine Welt, in der Kooperation vor Konkurrenz steht und in der gesunde Gemeinschaften wachsen. Mit Gradido scheint dieser Traum greifbar zu werden.\" \/>\n<meta property=\"og:url\" content=\"https:\/\/gradido.net\/hu\/mutmacher-michael\/\" \/>\n<meta property=\"og:site_name\" content=\"Gradido\" \/>\n<meta property=\"article:published_time\" content=\"2025-10-01T09:12:11+00:00\" \/>\n<meta property=\"article:modified_time\" content=\"2026-04-24T05:15:52+00:00\" \/>\n<meta property=\"og:image\" content=\"https:\/\/gradido.net\/wp-content\/uploads\/2025\/10\/Michael_Rothe_Banner.jpg\" \/>\n\t<meta property=\"og:image:width\" content=\"1280\" \/>\n\t<meta property=\"og:image:height\" content=\"720\" \/>\n\t<meta property=\"og:image:type\" content=\"image\/jpeg\" \/>\n<meta name=\"author\" content=\"Bernd H\u00fcckst\u00e4dt\" \/>\n<meta name=\"twitter:card\" content=\"summary_large_image\" \/>\n<meta name=\"twitter:label1\" content=\"Szerz\u0151:\" \/>\n\t<meta name=\"twitter:data1\" content=\"Bernd H\u00fcckst\u00e4dt\" \/>\n\t<meta name=\"twitter:label2\" content=\"Becs\u00fclt olvas\u00e1si id\u0151\" \/>\n\t<meta name=\"twitter:data2\" content=\"3 perc\" \/>\n<script type=\"application\/ld+json\" class=\"yoast-schema-graph\">{\"@context\":\"https:\\\/\\\/schema.org\",\"@graph\":[{\"@type\":\"Article\",\"@id\":\"https:\\\/\\\/gradido.net\\\/mutmacher-michael\\\/#article\",\"isPartOf\":{\"@id\":\"https:\\\/\\\/gradido.net\\\/mutmacher-michael\\\/\"},\"author\":{\"name\":\"Bernd H\u00fcckst\u00e4dt\",\"@id\":\"https:\\\/\\\/gradido.net\\\/de\\\/#\\\/schema\\\/person\\\/9c503a004ad15a1ddecadce2218db5d1\"},\"headline\":\"Der Traum einer gerechten friedvollen Welt\",\"datePublished\":\"2025-10-01T09:12:11+00:00\",\"dateModified\":\"2026-04-24T05:15:52+00:00\",\"mainEntityOfPage\":{\"@id\":\"https:\\\/\\\/gradido.net\\\/mutmacher-michael\\\/\"},\"wordCount\":340,\"publisher\":{\"@id\":\"https:\\\/\\\/gradido.net\\\/de\\\/#organization\"},\"image\":{\"@id\":\"https:\\\/\\\/gradido.net\\\/mutmacher-michael\\\/#primaryimage\"},\"thumbnailUrl\":\"https:\\\/\\\/gradido.net\\\/wp-content\\\/uploads\\\/2025\\\/10\\\/Michael_Rothe_Banner.jpg\",\"articleSection\":[\"Blog\",\"Community\"],\"inLanguage\":\"hu\"},{\"@type\":\"WebPage\",\"@id\":\"https:\\\/\\\/gradido.net\\\/mutmacher-michael\\\/\",\"url\":\"https:\\\/\\\/gradido.net\\\/mutmacher-michael\\\/\",\"name\":\"Der Traum einer gerechten friedvollen Welt - Gradido\",\"isPartOf\":{\"@id\":\"https:\\\/\\\/gradido.net\\\/de\\\/#website\"},\"primaryImageOfPage\":{\"@id\":\"https:\\\/\\\/gradido.net\\\/mutmacher-michael\\\/#primaryimage\"},\"image\":{\"@id\":\"https:\\\/\\\/gradido.net\\\/mutmacher-michael\\\/#primaryimage\"},\"thumbnailUrl\":\"https:\\\/\\\/gradido.net\\\/wp-content\\\/uploads\\\/2025\\\/10\\\/Michael_Rothe_Banner.jpg\",\"datePublished\":\"2025-10-01T09:12:11+00:00\",\"dateModified\":\"2026-04-24T05:15:52+00:00\",\"description\":\"Am meisten spricht mich an Gradido das Prinzip der Dankbarkeit an \u2013 und die Vision eines friedvollen Wirtschaftens. Ich w\u00fcnsche mir eine Welt, in der Kooperation vor Konkurrenz steht und in der gesunde Gemeinschaften wachsen. Mit Gradido scheint dieser Traum greifbar zu werden.\",\"breadcrumb\":{\"@id\":\"https:\\\/\\\/gradido.net\\\/mutmacher-michael\\\/#breadcrumb\"},\"inLanguage\":\"hu\",\"potentialAction\":[{\"@type\":\"ReadAction\",\"target\":[\"https:\\\/\\\/gradido.net\\\/mutmacher-michael\\\/\"]}]},{\"@type\":\"ImageObject\",\"inLanguage\":\"hu\",\"@id\":\"https:\\\/\\\/gradido.net\\\/mutmacher-michael\\\/#primaryimage\",\"url\":\"https:\\\/\\\/gradido.net\\\/wp-content\\\/uploads\\\/2025\\\/10\\\/Michael_Rothe_Banner.jpg\",\"contentUrl\":\"https:\\\/\\\/gradido.net\\\/wp-content\\\/uploads\\\/2025\\\/10\\\/Michael_Rothe_Banner.jpg\",\"width\":1280,\"height\":720},{\"@type\":\"BreadcrumbList\",\"@id\":\"https:\\\/\\\/gradido.net\\\/mutmacher-michael\\\/#breadcrumb\",\"itemListElement\":[{\"@type\":\"ListItem\",\"position\":1,\"name\":\"Startseite\",\"item\":\"https:\\\/\\\/gradido.net\\\/\"},{\"@type\":\"ListItem\",\"position\":2,\"name\":\"Der Traum einer gerechten friedvollen Welt\"}]},{\"@type\":\"WebSite\",\"@id\":\"https:\\\/\\\/gradido.net\\\/de\\\/#website\",\"url\":\"https:\\\/\\\/gradido.net\\\/de\\\/\",\"name\":\"Gradido\",\"description\":\"Die neue W\u00e4hrung hei\u00dft Dankbarkeit\",\"publisher\":{\"@id\":\"https:\\\/\\\/gradido.net\\\/de\\\/#organization\"},\"potentialAction\":[{\"@type\":\"SearchAction\",\"target\":{\"@type\":\"EntryPoint\",\"urlTemplate\":\"https:\\\/\\\/gradido.net\\\/de\\\/?s={search_term_string}\"},\"query-input\":{\"@type\":\"PropertyValueSpecification\",\"valueRequired\":true,\"valueName\":\"search_term_string\"}}],\"inLanguage\":\"hu\"},{\"@type\":\"Organization\",\"@id\":\"https:\\\/\\\/gradido.net\\\/de\\\/#organization\",\"name\":\"Gradido\",\"url\":\"https:\\\/\\\/gradido.net\\\/de\\\/\",\"logo\":{\"@type\":\"ImageObject\",\"inLanguage\":\"hu\",\"@id\":\"https:\\\/\\\/gradido.net\\\/de\\\/#\\\/schema\\\/logo\\\/image\\\/\",\"url\":\"https:\\\/\\\/gradido.net\\\/wp-content\\\/uploads\\\/2022\\\/04\\\/gradido-social.jpg\",\"contentUrl\":\"https:\\\/\\\/gradido.net\\\/wp-content\\\/uploads\\\/2022\\\/04\\\/gradido-social.jpg\",\"width\":527,\"height\":273,\"caption\":\"Gradido\"},\"image\":{\"@id\":\"https:\\\/\\\/gradido.net\\\/de\\\/#\\\/schema\\\/logo\\\/image\\\/\"}},{\"@type\":\"Person\",\"@id\":\"https:\\\/\\\/gradido.net\\\/de\\\/#\\\/schema\\\/person\\\/9c503a004ad15a1ddecadce2218db5d1\",\"name\":\"Bernd H\u00fcckst\u00e4dt\",\"sameAs\":[\"https:\\\/\\\/gradido.net\"],\"url\":\"https:\\\/\\\/gradido.net\\\/hu\\\/author\\\/bernd\\\/\"}]}<\/script>\n<!-- \/ Yoast SEO plugin. -->","yoast_head_json":{"title":"Egy igazs\u00e1gos \u00e9s b\u00e9k\u00e9s vil\u00e1g \u00e1lma - Gradido","description":"Ami engem a legjobban vonz a Gradid\u00f3ban, az a h\u00e1la elve - \u00e9s a b\u00e9k\u00e9s gazdas\u00e1g v\u00edzi\u00f3ja. Olyan vil\u00e1got szeretn\u00e9k l\u00e1tni, amelyben az egy\u00fcttm\u0171k\u00f6d\u00e9s el\u0151bbre val\u00f3, mint a verseny, \u00e9s amelyben eg\u00e9szs\u00e9ges k\u00f6z\u00f6ss\u00e9gek fejl\u0151dnek. A Gradido seg\u00edts\u00e9g\u00e9vel ez az \u00e1lom k\u00e9zzelfoghat\u00f3nak t\u0171nik.","robots":{"index":"index","follow":"follow","max-snippet":"max-snippet:-1","max-image-preview":"max-image-preview:large","max-video-preview":"max-video-preview:-1"},"canonical":"https:\/\/gradido.net\/hu\/mutmacher-michael\/","og_locale":"hu_HU","og_type":"article","og_title":"Der Traum einer gerechten friedvollen Welt - Gradido","og_description":"Am meisten spricht mich an Gradido das Prinzip der Dankbarkeit an \u2013 und die Vision eines friedvollen Wirtschaftens. Ich w\u00fcnsche mir eine Welt, in der Kooperation vor Konkurrenz steht und in der gesunde Gemeinschaften wachsen. Mit Gradido scheint dieser Traum greifbar zu werden.","og_url":"https:\/\/gradido.net\/hu\/mutmacher-michael\/","og_site_name":"Gradido","article_published_time":"2025-10-01T09:12:11+00:00","article_modified_time":"2026-04-24T05:15:52+00:00","og_image":[{"width":1280,"height":720,"url":"https:\/\/gradido.net\/wp-content\/uploads\/2025\/10\/Michael_Rothe_Banner.jpg","type":"image\/jpeg"}],"author":"Bernd H\u00fcckst\u00e4dt","twitter_card":"summary_large_image","twitter_misc":{"Szerz\u0151:":"Bernd H\u00fcckst\u00e4dt","Becs\u00fclt olvas\u00e1si id\u0151":"3 perc"},"schema":{"@context":"https:\/\/schema.org","@graph":[{"@type":"Article","@id":"https:\/\/gradido.net\/mutmacher-michael\/#article","isPartOf":{"@id":"https:\/\/gradido.net\/mutmacher-michael\/"},"author":{"name":"Bernd H\u00fcckst\u00e4dt","@id":"https:\/\/gradido.net\/de\/#\/schema\/person\/9c503a004ad15a1ddecadce2218db5d1"},"headline":"Der Traum einer gerechten friedvollen Welt","datePublished":"2025-10-01T09:12:11+00:00","dateModified":"2026-04-24T05:15:52+00:00","mainEntityOfPage":{"@id":"https:\/\/gradido.net\/mutmacher-michael\/"},"wordCount":340,"publisher":{"@id":"https:\/\/gradido.net\/de\/#organization"},"image":{"@id":"https:\/\/gradido.net\/mutmacher-michael\/#primaryimage"},"thumbnailUrl":"https:\/\/gradido.net\/wp-content\/uploads\/2025\/10\/Michael_Rothe_Banner.jpg","articleSection":["Blog","Community"],"inLanguage":"hu"},{"@type":"WebPage","@id":"https:\/\/gradido.net\/mutmacher-michael\/","url":"https:\/\/gradido.net\/mutmacher-michael\/","name":"Egy igazs\u00e1gos \u00e9s b\u00e9k\u00e9s vil\u00e1g \u00e1lma - Gradido","isPartOf":{"@id":"https:\/\/gradido.net\/de\/#website"},"primaryImageOfPage":{"@id":"https:\/\/gradido.net\/mutmacher-michael\/#primaryimage"},"image":{"@id":"https:\/\/gradido.net\/mutmacher-michael\/#primaryimage"},"thumbnailUrl":"https:\/\/gradido.net\/wp-content\/uploads\/2025\/10\/Michael_Rothe_Banner.jpg","datePublished":"2025-10-01T09:12:11+00:00","dateModified":"2026-04-24T05:15:52+00:00","description":"Ami engem a legjobban vonz a Gradid\u00f3ban, az a h\u00e1la elve - \u00e9s a b\u00e9k\u00e9s gazdas\u00e1g v\u00edzi\u00f3ja. Olyan vil\u00e1got szeretn\u00e9k l\u00e1tni, amelyben az egy\u00fcttm\u0171k\u00f6d\u00e9s el\u0151bbre val\u00f3, mint a verseny, \u00e9s amelyben eg\u00e9szs\u00e9ges k\u00f6z\u00f6ss\u00e9gek fejl\u0151dnek. A Gradido seg\u00edts\u00e9g\u00e9vel ez az \u00e1lom k\u00e9zzelfoghat\u00f3nak t\u0171nik.","breadcrumb":{"@id":"https:\/\/gradido.net\/mutmacher-michael\/#breadcrumb"},"inLanguage":"hu","potentialAction":[{"@type":"ReadAction","target":["https:\/\/gradido.net\/mutmacher-michael\/"]}]},{"@type":"ImageObject","inLanguage":"hu","@id":"https:\/\/gradido.net\/mutmacher-michael\/#primaryimage","url":"https:\/\/gradido.net\/wp-content\/uploads\/2025\/10\/Michael_Rothe_Banner.jpg","contentUrl":"https:\/\/gradido.net\/wp-content\/uploads\/2025\/10\/Michael_Rothe_Banner.jpg","width":1280,"height":720},{"@type":"BreadcrumbList","@id":"https:\/\/gradido.net\/mutmacher-michael\/#breadcrumb","itemListElement":[{"@type":"ListItem","position":1,"name":"Startseite","item":"https:\/\/gradido.net\/"},{"@type":"ListItem","position":2,"name":"Der Traum einer gerechten friedvollen Welt"}]},{"@type":"WebSite","@id":"https:\/\/gradido.net\/de\/#website","url":"https:\/\/gradido.net\/de\/","name":"Gradido","description":"Az \u00faj p\u00e9nznem a h\u00e1la","publisher":{"@id":"https:\/\/gradido.net\/de\/#organization"},"potentialAction":[{"@type":"SearchAction","target":{"@type":"EntryPoint","urlTemplate":"https:\/\/gradido.net\/de\/?s={search_term_string}"},"query-input":{"@type":"PropertyValueSpecification","valueRequired":true,"valueName":"search_term_string"}}],"inLanguage":"hu"},{"@type":"Organization","@id":"https:\/\/gradido.net\/de\/#organization","name":"Gradido","url":"https:\/\/gradido.net\/de\/","logo":{"@type":"ImageObject","inLanguage":"hu","@id":"https:\/\/gradido.net\/de\/#\/schema\/logo\/image\/","url":"https:\/\/gradido.net\/wp-content\/uploads\/2022\/04\/gradido-social.jpg","contentUrl":"https:\/\/gradido.net\/wp-content\/uploads\/2022\/04\/gradido-social.jpg","width":527,"height":273,"caption":"Gradido"},"image":{"@id":"https:\/\/gradido.net\/de\/#\/schema\/logo\/image\/"}},{"@type":"Person","@id":"https:\/\/gradido.net\/de\/#\/schema\/person\/9c503a004ad15a1ddecadce2218db5d1","name":"Bernd H\u00fcckst\u00e4dt","sameAs":["https:\/\/gradido.net"],"url":"https:\/\/gradido.net\/hu\/author\/bernd\/"}]}},"_links":{"self":[{"href":"https:\/\/gradido.net\/hu\/wp-json\/wp\/v2\/posts\/11747","targetHints":{"allow":["GET"]}}],"collection":[{"href":"https:\/\/gradido.net\/hu\/wp-json\/wp\/v2\/posts"}],"about":[{"href":"https:\/\/gradido.net\/hu\/wp-json\/wp\/v2\/types\/post"}],"author":[{"embeddable":true,"href":"https:\/\/gradido.net\/hu\/wp-json\/wp\/v2\/users\/2"}],"replies":[{"embeddable":true,"href":"https:\/\/gradido.net\/hu\/wp-json\/wp\/v2\/comments?post=11747"}],"version-history":[{"count":13,"href":"https:\/\/gradido.net\/hu\/wp-json\/wp\/v2\/posts\/11747\/revisions"}],"predecessor-version":[{"id":13568,"href":"https:\/\/gradido.net\/hu\/wp-json\/wp\/v2\/posts\/11747\/revisions\/13568"}],"wp:featuredmedia":[{"embeddable":true,"href":"https:\/\/gradido.net\/hu\/wp-json\/wp\/v2\/media\/11749"}],"wp:attachment":[{"href":"https:\/\/gradido.net\/hu\/wp-json\/wp\/v2\/media?parent=11747"}],"wp:term":[{"taxonomy":"category","embeddable":true,"href":"https:\/\/gradido.net\/hu\/wp-json\/wp\/v2\/categories?post=11747"},{"taxonomy":"post_tag","embeddable":true,"href":"https:\/\/gradido.net\/hu\/wp-json\/wp\/v2\/tags?post=11747"}],"curies":[{"name":"wp","href":"https:\/\/api.w.org\/{rel}","templated":true}]}}