{"id":1238,"date":"2020-11-25T10:27:43","date_gmt":"2020-11-25T09:27:43","guid":{"rendered":"https:\/\/gradido.net\/?p=1238"},"modified":"2021-12-11T13:02:17","modified_gmt":"2021-12-11T12:02:17","slug":"corona-politik-bedroht-unsere-kinder","status":"publish","type":"post","link":"https:\/\/gradido.net\/hu\/corona-politik-bedroht-unsere-kinder\/","title":{"rendered":"A Corona-politika vesz\u00e9lyezteti gyermekeinket"},"content":{"rendered":"<div data-elementor-type=\"wp-post\" data-elementor-id=\"1238\" class=\"elementor elementor-1238\" data-elementor-post-type=\"post\">\n\t\t\t\t\t\t<section class=\"elementor-section elementor-top-section elementor-element elementor-element-496e1d53 elementor-section-boxed elementor-section-height-default elementor-section-height-default\" data-id=\"496e1d53\" data-element_type=\"section\" data-e-type=\"section\">\n\t\t\t\t\t\t<div class=\"elementor-container elementor-column-gap-default\">\n\t\t\t\t\t<div class=\"elementor-column elementor-col-100 elementor-top-column elementor-element elementor-element-461d7be0\" data-id=\"461d7be0\" data-element_type=\"column\" data-e-type=\"column\">\n\t\t\t<div class=\"elementor-widget-wrap elementor-element-populated\">\n\t\t\t\t\t\t<div class=\"elementor-element elementor-element-cd9ebe2 elementor-widget elementor-widget-text-editor\" data-id=\"cd9ebe2\" data-element_type=\"widget\" data-e-type=\"widget\" data-widget_type=\"text-editor.default\">\n\t\t\t\t<div class=\"elementor-widget-container\">\n\t\t\t\t\t\t\t\t\t<h2>A kutat\u00f3k az \u00faj monet\u00e1ris rendszerben l\u00e1tj\u00e1k a megold\u00e1st<\/h2><p><strong>K\u00fcnzelsau, 2020.11.25. - A gyerekek, sz\u00fcl\u0151k \u00e9s tan\u00e1rok a hat\u00e1ron vannak. Orvosok, pszichol\u00f3gusok \u00e9s csal\u00e1dpolitikusok kongatj\u00e1k a v\u00e9szharangot. Mindannyian \u00fagy l\u00e1tj\u00e1k, hogy a gyermekek j\u00f3l\u00e9t\u00e9t t\u00f6megesen vesz\u00e9lyezteti a jelenlegi v\u00e1ls\u00e1gpolitika. A karant\u00e9nszab\u00e1lyok, az iskolabez\u00e1r\u00e1sok \u00e9s a kapcsolattart\u00e1si korl\u00e1toz\u00e1sok nem csak a gyermekv\u00e9d\u0151ket viszik a barik\u00e1dokra. Az Unicef szerint a Corona el\u0151tt is naponta 15 000 gyermek halt \u00e9hen. A Corona-int\u00e9zked\u00e9sek dr\u00e1maian s\u00falyosb\u00edtott\u00e1k a glob\u00e1lis \u00e9hez\u00e9st. A Gradido Akad\u00e9mia gazdas\u00e1gi bionikai szak\u00e9rt\u0151i a gyermekek eg\u00e9szs\u00e9ges fejl\u0151d\u00e9s\u00e9nek biztons\u00e1gos megalapoz\u00e1sa \u00e9rdek\u00e9ben a p\u00e9nz\u00fcgyi rendszer \u00e1talak\u00edt\u00e1s\u00e1t k\u00f6vetelik. Ez vil\u00e1gszerte v\u00e9get vetne a szeg\u00e9nys\u00e9gnek, \u00e9s egyenl\u0151 fejl\u0151d\u00e9si lehet\u0151s\u00e9geket biztos\u00edtana minden gyermek sz\u00e1m\u00e1ra. <\/strong><\/p><h3>\"Ablakot kinyitni, maszkot fel!\" - A porosz dics\u0151s\u00e9g nem v\u00e1ls\u00e1gkezel\u00e9s<\/h3><p>A jelenlegi iskolarendszert a r\u00e9gi Poroszorsz\u00e1gban a loj\u00e1lis alattval\u00f3k nevel\u00e9s\u00e9re fejlesztett\u00e9k ki. Gyorsan elterjedt az eg\u00e9sz vil\u00e1gon. Richard David Precht filoz\u00f3fus \u00e9vek \u00f3ta figyelmeztet arra, hogy ez a nevel\u00e9si eszm\u00e9ny teljesen t\u00e9ves mindannak megfelel\u0151en, amit ma a fejl\u0151d\u00e9sl\u00e9lektanr\u00f3l tudunk. Bernd H\u00fcckst\u00e4dt, a Gradido Akad\u00e9mia t\u00e1rsalap\u00edt\u00f3ja szint\u00e9n n\u00f6vekv\u0151 aggodalommal \u00e1llap\u00edtja meg, hogy \"vil\u00e1gszerte hi\u00e1nyzik a p\u00e9nz \u00e9s az akarat az \u00e1llami iskol\u00e1k olyan ir\u00e1ny\u00fa fejleszt\u00e9s\u00e9re, amelyre korunk kih\u00edv\u00e1sai miatt sz\u00fcks\u00e9g lenne. Ez val\u00f3di v\u00e1d egy olyan glob\u00e1lis k\u00f6z\u00f6ss\u00e9g ellen, amelynek j\u00f3l\u00e9te nagym\u00e9rt\u00e9kben f\u00fcgg tagjainak holisztikus oktat\u00e1s\u00e1t\u00f3l\".<\/p><h3>A kiv\u00e1lts\u00e1gosok \u00e1llami iskol\u00e1kba j\u00e1rnak<\/h3><p>\u00cdgy aligha meglep\u0151, hogy egyre t\u00f6bb di\u00e1k j\u00e1r \u00e1llami iskol\u00e1ba ebben az orsz\u00e1gban is. A Sz\u00f6vets\u00e9gi Statisztikai Hivatal adatai szerint N\u00e9metorsz\u00e1gban az 1992\/1993-as tan\u00e9vt\u0151l 2018\/19-ig a k\u00f6zoktat\u00e1si \u00e1ltal\u00e1nos \u00e9s szakk\u00e9pz\u0151 iskol\u00e1k sz\u00e1ma leny\u0171g\u00f6z\u0151 m\u00e9rt\u00e9kben, 79,8 sz\u00e1zal\u00e9kkal n\u0151tt. Sok sz\u00fcl\u0151, aki megengedhette mag\u00e1nak, m\u00e1r 2016-ban is \u00e1tlagosan 2000 eur\u00f3t fizetett \u00e9vente \u00e9s gyermekenk\u00e9nt egy mag\u00e1noktat\u00e1si int\u00e9zm\u00e9nyi hely\u00e9rt.<\/p><h3>Gyermekszeg\u00e9nys\u00e9g az es\u00e9lyegyenl\u0151s\u00e9g helyett<\/h3><p>A kev\u00e9sb\u00e9 j\u00f3m\u00f3d\u00fa csal\u00e1dokb\u00f3l sz\u00e1rmaz\u00f3 sok gyermek nem vesz r\u00e9szt ebben a fejleszt\u00e9sben. A Bertelsmann Alap\u00edtv\u00e1ny tanulm\u00e1nya szerint N\u00e9metorsz\u00e1gban a gyermekek t\u00f6bb mint egy\u00f6t\u00f6d\u00e9nek mindennapjait szeg\u00e9nys\u00e9g jellemzi. Ez 21,3 sz\u00e1zal\u00e9k, azaz 2,8 milli\u00f3 18 \u00e9v alatti gyermek \u00e9s fiatal. A Corona-v\u00e1ls\u00e1g tov\u00e1bb s\u00falyosb\u00edtja a helyzet\u00fcket. A munkahelyek elveszt\u00e9se, a meg\u00e9lhet\u00e9st\u0151l val\u00f3 f\u00e9lelem, a n\u00f6vekv\u0151 p\u00e9nzhi\u00e1ny \u00e9s a helyhi\u00e1ny szint\u00e9n sok csal\u00e1di konfliktus ki\u00e9lez\u0151d\u00e9s\u00e9t okozza. Az otthoni tan\u00edt\u00e1s elk\u00e9pzelhetetlen ott, ahol a sz\u00fcl\u0151knek nemcsak az id\u0151, hanem a kompetencia is hi\u00e1nyzik. \"Az es\u00e9lyegyenl\u0151s\u00e9g teljesen m\u00e1sk\u00e9pp n\u00e9z ki\" - z\u00e1rja a gazdas\u00e1gbiol\u00f3gus H\u00fcckst\u00e4dt, \u00e9s hozz\u00e1teszi: \"Ha megtagadjuk az emberekt\u0151l az oktat\u00e1shoz val\u00f3 szabad hozz\u00e1f\u00e9r\u00e9st, azzal megtagadunk t\u0151l\u00fck egy alapvet\u0151 emberi jogot\".<\/p><h3>A Corona gyerekek elveszett gener\u00e1ci\u00f3ja?<\/h3><p>Az Unicef gyermekj\u00f3t\u00e9konys\u00e1gi szervezet, a N\u00e9met Gyermekv\u00e9delmi Liga, az SOS Gyermekfalvak Ifj\u00fas\u00e1gi Bizotts\u00e1ga, a Gyermekjogi H\u00e1l\u00f3zat \u00e9s csal\u00e1dpolitikusok is arra figyelmeztetnek, hogy a v\u00e1ls\u00e1gban a gyermekek szenvedhetik el a legnagyobb k\u00e1rokat. Az ENSZ Gyermekalapja \"A Covid-gener\u00e1ci\u00f3 elveszt\u00e9s\u00e9nek megel\u0151z\u00e9se\" c\u00edm\u0171 jelent\u00e9s\u00e9ben dokument\u00e1lja, hogy a Corona-v\u00e1ls\u00e1gnak az oktat\u00e1sra, a t\u00e1pl\u00e1lkoz\u00e1sra \u00e9s a j\u00f3l\u00e9tre gyakorolt s\u00falyos hossz\u00fa t\u00e1v\u00fa hat\u00e1sai vil\u00e1gszerte egy eg\u00e9sz gyermek- \u00e9s ifj\u00fas\u00e1gi gener\u00e1ci\u00f3 \u00e9let\u00e9re lehetnek tart\u00f3san hat\u00e1ssal. Christian Neusser, az SOS Gyermekfalvak gyermekjogi szak\u00e9rt\u0151je szerint: \"A helyzet m\u00e9lyrehat\u00f3. Hiszen nem csup\u00e1n a gyermekek egyes jogainak megs\u00e9rt\u00e9s\u00e9r\u0151l van sz\u00f3, hanem egy eg\u00e9sz l\u00e1ncolatr\u00f3l: a szeg\u00e9nys\u00e9g p\u00e9ld\u00e1ul betegs\u00e9get, gyermekmunk\u00e1t vagy az oktat\u00e1s elveszt\u00e9s\u00e9t vonja maga ut\u00e1n.\" Az ENSZ adatai szerint 150 milli\u00f3 gyermek ker\u00fclhet m\u00e9lyszeg\u00e9nys\u00e9gbe - a m\u00e1r kor\u00e1bban is \u00e9rintett t\u00f6bb sz\u00e1zmilli\u00f3 gyermek mellett. Id\u0151nk\u00e9nt vil\u00e1gszerte 1,5 milli\u00e1rd gyermek nem tudott iskol\u00e1ba j\u00e1rni. K\u00fcl\u00f6n\u00f6sen a szeg\u00e9nyebb orsz\u00e1gokban fenn\u00e1ll annak a vesz\u00e9lye, hogy sok di\u00e1k soha nem t\u00e9r vissza az iskol\u00e1ba, mert a csal\u00e1djaik t\u00fal szeg\u00e9nyek.<\/p><p>A Gyermekjogi H\u00e1l\u00f3zat m\u00e1r 2020. j\u00fanius 25-\u00e9n b\u00edr\u00e1lta, hogy a gyermekek \u00e9s fiatalok szempontjai alig kaptak helyet a v\u00e1ls\u00e1g lek\u00fczd\u00e9s\u00e9r\u0151l sz\u00f3l\u00f3 vit\u00e1ban, holott az int\u00e9zked\u00e9sek k\u00f6zvetlen\u00fcl \u00e9rintik jogaikat.<\/p><p>A Hamburg-Eppendorfi Egyetemi Orvosi K\u00f6zpont \"Child Public Health\" nev\u0171 kutat\u00e1si r\u00e9szleg\u00e9nek els\u0151 orsz\u00e1gos tanulm\u00e1nya a Corona-v\u00e1ls\u00e1gnak a n\u00e9metorsz\u00e1gi gyermekek \u00e9s serd\u00fcl\u0151k ment\u00e1lis eg\u00e9szs\u00e9g\u00e9re gyakorolt hat\u00e1sair\u00f3l \u00e9s k\u00f6vetkezm\u00e9nyeir\u0151l m\u00e1r j\u00faliusban bizony\u00edtotta, hogy a Corona-int\u00e9zked\u00e9sek \u00e1ltal a gyermekekre gyakorolt ment\u00e1lis stressz a kor\u00e1bban felt\u00e9telezettn\u00e9l is jelent\u0151sen nagyobb volt. A N\u00e9met Gyermekalap \u00e1ltal a gyermek vil\u00e1gnap alkalm\u00e1b\u00f3l k\u00e9sz\u00edtett Forsa-felm\u00e9r\u00e9s kimutatta, hogy a Corona-v\u00e1ls\u00e1g alatt drasztikusan n\u0151tt a gyermekek elleni er\u0151szak, \u00e9s cs\u00f6kkentek az oktat\u00e1si lehet\u0151s\u00e9gek - k\u00fcl\u00f6n\u00f6sen a szoci\u00e1lisan h\u00e1tr\u00e1nyos helyzet\u0171 gyermekek eset\u00e9ben.<\/p><p>2020.11.20-\u00e1n, a gyermekek jogainak nemzetk\u00f6zi napj\u00e1n az SOS-Kinderdorf e.V. r\u00e1mutatott, hogy az ENSZ 1989-es gyermekjogi egyezm\u00e9ny\u00e9t m\u00e9g mindig nem hajtott\u00e1k v\u00e9gre teljes m\u00e9rt\u00e9kben N\u00e9metorsz\u00e1gban sem - \u00e9s hogy a Corona-v\u00e1ls\u00e1g hat\u00e1s\u00e1ra a gyermekek jogainak korl\u00e1toz\u00e1sa m\u00e9g s\u00falyosabb\u00e1 v\u00e1lik.<\/p><h3>A v\u00e1ls\u00e1g mint lehet\u0151s\u00e9g a fenntarthat\u00f3 p\u00e1lyakorrekci\u00f3ra<\/h3><p>H\u00fcckst\u00e4dt szerint nem a Corona az oka az \u00f6sszes probl\u00e9m\u00e1nak, amely mostan\u00e1ban egyre nyilv\u00e1nval\u00f3bb\u00e1 v\u00e1lik. Mint minden v\u00e1ls\u00e1g, a Corona is t\u00f6rt\u00e9nelmi lehet\u0151s\u00e9g egy jobb vil\u00e1g fel\u00e9 vezet\u0151 \u00fat korrekci\u00f3j\u00e1ra. \"\u00c9vek \u00f3ta tudjuk, hogy a r\u00e9gi p\u00e9nz\u00fcgyi rendszer a maga bubor\u00e9kaival a v\u00e9g\u00e9t j\u00e1rja. V\u00e1ltoztatni kell, \u00e9s a Gradid\u00f3val fantasztikus megold\u00e1sunk van - csak meg kell ragadnunk.\" H\u00fcckst\u00e4dt minden optimizmusa ellen\u00e9re ar\u00e1ny\u00e9rz\u00e9kre int: \"Az eg\u00e9sz k\u00f6z\u00f6ss\u00e9g felel\u0151ss\u00e9g\u00e9re van sz\u00fcks\u00e9g ahhoz, hogy gyermekeink ne maradjanak ki az \u00fatb\u00f3l ezekben a viharos id\u0151kben, hanem v\u00e9gre megkapj\u00e1k a nekik j\u00e1r\u00f3 biztons\u00e1got \u00e9s t\u00e1mogat\u00e1st - vil\u00e1gszerte.\"<\/p><h3>A megold\u00e1s m\u00e1r n\u00e9gy \u00e9s f\u00e9l milli\u00e1rd \u00e9ve l\u00e9tezik.<\/h3><p>Az \u00fajszer\u0171 gazdas\u00e1gi \u00e9s p\u00e9nz\u00fcgyi rendszert t\u00f6bb mint 20 \u00e9vnyi kutat\u00e1s sor\u00e1n fejlesztett\u00e9k ki a Gradido Academy of Economic Bionicsban. A gazdas\u00e1gi bionika a term\u00e9szet t\u00f6bb mint n\u00e9gy \u00e9s f\u00e9l milli\u00e1rd \u00e9ve m\u0171k\u00f6d\u0151 sikermodelljeit vizsg\u00e1lja, \u00e9s \u00e1t\u00fclteti azokat a gazdas\u00e1gba. Az \"\u00e9let term\u00e9szetes gazdas\u00e1ga\" az ENSZ 2030-as menetrendj\u00e9ben meghat\u00e1rozott mind a 17 fenntarthat\u00f3 fejl\u0151d\u00e9si c\u00e9lt megval\u00f3s\u00edthat\u00f3v\u00e1 teszi. Az oktat\u00e1shoz val\u00f3 jog kifejezetten szerepel - \u00e9s a program r\u00e9sze a mindenki sz\u00e1m\u00e1ra biztos\u00edtott es\u00e9lyegyenl\u0151s\u00e9g. \"Nem csak az a gondunk, hogy v\u00e9delmet \u00e9s perspekt\u00edv\u00e1t ny\u00fajtsunk a gyerekeknek\" - magyar\u00e1zza a k\u00f6zj\u00f3 koncepci\u00f3j\u00e1t Margret Baier, a Gradido Academy t\u00e1rsalap\u00edt\u00f3ja \u00e9s \u00fcgyvezet\u0151 igazgat\u00f3ja - \"a szem\u00e9lyes fejl\u0151d\u00e9s lehet\u0151s\u00e9geit is szeretn\u00e9nk fenntarthat\u00f3an jav\u00edtani\". Gerald H\u00fcther neurobiol\u00f3gus professzor tudom\u00e1nyos kutat\u00e1sai szerint a gyermekek 98 sz\u00e1zal\u00e9ka m\u00e1r \u00fajsz\u00fcl\u00f6ttk\u00e9nt is magasan tehets\u00e9ges, de az iskolai tanulm\u00e1nyok befejez\u00e9se ut\u00e1n csak k\u00e9t sz\u00e1zal\u00e9kuk. \"Az oktat\u00e1si rendszer\u00fcnk teh\u00e1t egy\u00e9rtelm\u0171en reformra szorul - \u00e9s a Gradido modellel ez a reform szinte mag\u00e1t\u00f3l \u00e9rtet\u0151d\u0151.\"<\/p><h3>A Gradido tisztess\u00e9ges oktat\u00e1si lehet\u0151s\u00e9geket teremt<\/h3><p>A Gradido \u00e1ltal javasolt p\u00e9nz- \u00e9s gazdas\u00e1gi rendszer megnyitja az utat mindenki \"felt\u00e9tel n\u00e9lk\u00fcli r\u00e9szv\u00e9tele\" el\u0151tt a k\u00f6z\u00f6ss\u00e9gi \u00e9letben. H\u00fcckst\u00e4dt kifejti: \"A Gradido etikai alapelve a \"H\u00e1romszoros J\u00f3\"-on alapul, azaz az egy\u00e9n jav\u00e1nak \u00f6sszehangol\u00e1s\u00e1n a k\u00f6z\u00f6ss\u00e9g \u00e9s a nagyobb eg\u00e9sz - a term\u00e9szet \u00e9s a k\u00f6rnyezet - jav\u00e1val. Az egy\u00e9n a k\u00f6z\u00f6ss\u00e9g r\u00e9sze, amely viszont a \"nagy eg\u00e9sz\", az \u00f6kosziszt\u00e9ma r\u00e9sze. A Gradido (GDD) k\u00f6z\u00f6s j\u00f3valut\u00e1t minden egyes szem\u00e9ly sz\u00e1m\u00e1ra hitelk\u00e9nt hozz\u00e1k l\u00e9tre, ad\u00f3ss\u00e1g l\u00e9trehoz\u00e1sa n\u00e9lk\u00fcl. \u00cdgy k\u00f6vetj\u00fck a term\u00e9szet p\u00e9ld\u00e1j\u00e1t, hogy gyermekeinknek \u00e9s unok\u00e1inknak ad\u00f3ss\u00e1gmentes, \u00e9lhet\u0151 j\u00f6v\u0151t biztos\u00edtsunk. Egy gradido k\u00f6r\u00fclbel\u00fcl egy eur\u00f3nak felel meg. Egy f\u0151re vet\u00edtve 3 \u00d7 1000 Gradido j\u00f6n l\u00e9tre. 1000 Gradido egyenk\u00e9nt az \"Akt\u00edv Alapj\u00f6vedelem\", az \u00e1llami k\u00f6lts\u00e9gvet\u00e9s \u00e9s a Kiegyenl\u00edt\u00e9si \u00e9s K\u00f6rnyezetv\u00e9delmi Alap sz\u00e1m\u00e1ra.\" Ennek eredm\u00e9nye egy b\u0151kez\u0171, ad\u00f3ss\u00e1gmentes \u00e1llami k\u00f6lts\u00e9gvet\u00e9s, amely t\u00f6bbek k\u00f6z\u00f6tt lehet\u0151v\u00e9 teszi az \u00f3vod\u00e1k \u00e9s iskol\u00e1k j\u00f6v\u0151biztos felszerel\u00e9s\u00e9t, hogy minden gyermeket a lehet\u0151 legjobban t\u00e1mogathassanak \u00e9s kih\u00edv\u00e1sok el\u00e9 \u00e1ll\u00edthassanak. Az iskolai \u00e9s k\u00f6z\u00e9pfok\u00fa oktat\u00e1s a Gradido modellben vil\u00e1gszerte ingyenes. Ez azt jelenti, hogy anyagi helyzet\u00fckt\u0151l f\u00fcggetlen\u00fcl mindenki sz\u00e1m\u00e1ra el\u00e9rhet\u0151ek.<\/p><p>Az oktat\u00e1s itt is sokkal t\u00f6bbet jelent a puszta k\u00e9pz\u00e9sn\u00e9l. Annak \u00e9rdek\u00e9ben, hogy a gyermekek \"saj\u00e1t \u00e9let\u00fck felel\u0151s alak\u00edt\u00f3iv\u00e1 v\u00e1ljanak\", akiknek H\u00fcther szerint a legjobb es\u00e9ly\u00fck van arra, hogy \"ne csak szakmailag legyenek sikeresek, hanem \u00e9rtelmes, \u00f6n\u00e1ll\u00f3an felel\u0151s \u00e9s boldog \u00e9letet \u00e9ljenek\", a Gradido modell \"akt\u00edv alapj\u00f6vedelmet\" \u00e9s \"felt\u00e9tel n\u00e9lk\u00fcli r\u00e9szv\u00e9telt\" is biztos\u00edt a k\u00f6z\u00f6ss\u00e9gi \u00e9letben.<\/p><p>Az \"akt\u00edv alapj\u00f6vedelem\" biztos\u00edtja az alapell\u00e1t\u00e1st vil\u00e1gszerte minden ember sz\u00e1m\u00e1ra, \u00e9s \u00edgy megsz\u00fcnteti az \u00f6r\u00f6k\u00f6s egzisztenci\u00e1lis f\u00e9lelmet, amely gyeng\u00edti az immunrendszert \u00e9s t\u00falterhelheti a pszich\u00e9t. Ez\u00e1ltal megteremti az alapj\u00e1t egy konfliktusmentesebb csal\u00e1di \u00e9letnek. A \"Felt\u00e9tel n\u00e9lk\u00fcli r\u00e9szv\u00e9tel\", amely a gyermekeknek \u00e9s a serd\u00fcl\u0151knek is lehet\u0151s\u00e9get ad arra, hogy hozz\u00e1j\u00e1ruljanak a k\u00f6z\u00f6ss\u00e9ghez az \"Akt\u00edv Alapj\u00f6vedelemhez\", p\u00e9ld\u00e1tlan lehet\u0151s\u00e9geket nyit arra, hogy kipr\u00f3b\u00e1lj\u00e1k \u00e9s fejlessz\u00e9k magukat a legk\u00fcl\u00f6nb\u00f6z\u0151bb ter\u00fcleteken, \u00e9s megismerj\u00e9k a val\u00f3di k\u00f6zszellemet. Ugyanakkor az akt\u00edv alapj\u00f6vedelem a k\u00e9pz\u00e9s ideje alatt is biztos\u00edtja a meg\u00e9lhet\u00e9st. \"A Gradido a legjobb alapot teremti meg annak biztos\u00edt\u00e1s\u00e1hoz, hogy minden fiatal gyermekkor\u00e1t\u00f3l kezdve hozz\u00e1f\u00e9rhessen az oktat\u00e1shoz \u00e9s az eg\u00e9szs\u00e9ges fejl\u0151d\u00e9shez val\u00f3 jogosults\u00e1g\u00e1hoz, hogy a lehet\u0151 legjobb utat tal\u00e1lja meg a teljes \u00e9lethez\" - hangs\u00falyozza H\u00fcckst\u00e4dt.<\/p><p>A teljes \"Gradido-modell\" r\u00e9szletei a k\u00f6vetkez\u0151 c\u00edmen \u00e9rhet\u0151ek el <a href=\"https:\/\/gradido.net\/hu\/\">https:\/\/gradido.net<\/a><\/p><p><!-- \/wp:paragraph --><\/p>\t\t\t\t\t\t\t\t<\/div>\n\t\t\t\t<\/div>\n\t\t\t\t<div class=\"elementor-element elementor-element-e9ff241 elementor-widget elementor-widget-text-editor\" data-id=\"e9ff241\" data-element_type=\"widget\" data-e-type=\"widget\" data-widget_type=\"text-editor.default\">\n\t\t\t\t<div class=\"elementor-widget-container\">\n\t\t\t\t\t\t\t\t\t<p><strong>A Gradido Akad\u00e9mi\u00e1r\u00f3l<\/strong><br>A Gradido Academy for Economic Bionics kifejlesztett egy alternat\u00edv \"k\u00f6zj\u00f3 valut\u00e1t\", amely a term\u00e9szet mint\u00e1j\u00e1ra k\u00e9sz\u00fclt. A term\u00e9szet azt a szab\u00e1lyt k\u00f6veti, hogy csak ott, ahol valami elm\u00falik, keletkezhet valami \u00faj, \u00e9s \u00edgy hossz\u00fa t\u00e1v\u00fa fejl\u0151d\u00e9s (evol\u00faci\u00f3) lehets\u00e9ges. A siker receptje az \"\u00e9let k\u00f6rforg\u00e1sa\". Ha a mi gazdas\u00e1gunk is ezt a term\u00e9szetes ciklust k\u00f6vetn\u00e9, az a gazdas\u00e1gi bionika szak\u00e9rt\u0151i szerint gyakorlatilag a vil\u00e1g \u00f6sszes p\u00e9nzzel kapcsolatos probl\u00e9m\u00e1j\u00e1t megoldan\u00e1. A Gradido modell azon az elk\u00e9pzel\u00e9sen alapul, hogy nemcsak minden szem\u00e9ly, hanem minden \u00e1llam is kap egy hitelalapon l\u00e9trehozott j\u00f6vedelmet. Ezzel minden feladat\u00e1t ad\u00f3beszed\u00e9s n\u00e9lk\u00fcl is el tudja l\u00e1tni. A defl\u00e1ci\u00f3 vagy az infl\u00e1ci\u00f3 m\u00e1r a m\u00falt\u00e9. A gazdas\u00e1g megszabadul az \u00e1lland\u00f3 n\u00f6veked\u00e9si k\u00e9nyszert\u0151l, a p\u00e9nz\u00fcgyi rendszer \u00f6sszeoml\u00e1s\u00e1nak vesz\u00e9lye v\u00e9gre elh\u00e1rul. (<a href=\"https:\/\/gradido.net\/hu\/\">www.gradido.net<\/a>)<\/p>\t\t\t\t\t\t\t\t<\/div>\n\t\t\t\t<\/div>\n\t\t\t\t\t<\/div>\n\t\t<\/div>\n\t\t\t\t\t<\/div>\n\t\t<\/section>\n\t\t\t\t<\/div>","protected":false},"excerpt":{"rendered":"<p>Forscher sehen L\u00f6sung in neuem Geldsystem K\u00fcnzelsau, 25.11.2020 \u2013 Kinder, Eltern und Lehrer sind am Limit. \u00c4rzte, Psychologen und Familienpolitiker schlagen Alarm. Sie alle sehen das Kindeswohl durch die aktuelle Krisenpolitik massiv gef\u00e4hrdet. Quarant\u00e4neregeln, Schulschlie\u00dfungen und Kontaktbeschr\u00e4nkungen bringen nicht nur Kindersch\u00fctzer auf die Barrikaden. Laut Unicef verhungerten schon vor Corona 15.000 Kinder pro Tag. Durch [&hellip;]<\/p>\n","protected":false},"author":2,"featured_media":1231,"comment_status":"closed","ping_status":"closed","sticky":false,"template":"","format":"standard","meta":{"footnotes":""},"categories":[8],"tags":[],"class_list":["post-1238","post","type-post","status-publish","format-standard","has-post-thumbnail","hentry","category-pressemitteilung"],"yoast_head":"<!-- This site is optimized with the Yoast SEO plugin v27.5 - https:\/\/yoast.com\/product\/yoast-seo-wordpress\/ -->\n<title>Corona-Politik bedroht unsere Kinder - Gradido<\/title>\n<meta name=\"robots\" content=\"index, follow, max-snippet:-1, max-image-preview:large, max-video-preview:-1\" \/>\n<link rel=\"canonical\" href=\"https:\/\/gradido.net\/hu\/corona-politik-bedroht-unsere-kinder\/\" \/>\n<meta property=\"og:locale\" content=\"hu_HU\" \/>\n<meta property=\"og:type\" content=\"article\" \/>\n<meta property=\"og:title\" content=\"Corona-Politik bedroht unsere Kinder - Gradido\" \/>\n<meta property=\"og:description\" content=\"Forscher sehen L\u00f6sung in neuem Geldsystem K\u00fcnzelsau, 25.11.2020 \u2013 Kinder, Eltern und Lehrer sind am Limit. \u00c4rzte, Psychologen und Familienpolitiker schlagen Alarm. Sie alle sehen das Kindeswohl durch die aktuelle Krisenpolitik massiv gef\u00e4hrdet. Quarant\u00e4neregeln, Schulschlie\u00dfungen und Kontaktbeschr\u00e4nkungen bringen nicht nur Kindersch\u00fctzer auf die Barrikaden. Laut Unicef verhungerten schon vor Corona 15.000 Kinder pro Tag. Durch [&hellip;]\" \/>\n<meta property=\"og:url\" content=\"https:\/\/gradido.net\/hu\/corona-politik-bedroht-unsere-kinder\/\" \/>\n<meta property=\"og:site_name\" content=\"Gradido\" \/>\n<meta property=\"article:published_time\" content=\"2020-11-25T09:27:43+00:00\" \/>\n<meta property=\"article:modified_time\" content=\"2021-12-11T12:02:17+00:00\" \/>\n<meta property=\"og:image\" content=\"https:\/\/gradido.net\/wp-content\/uploads\/2020\/11\/schule_coronapause.jpg\" \/>\n\t<meta property=\"og:image:width\" content=\"1500\" \/>\n\t<meta property=\"og:image:height\" content=\"959\" \/>\n\t<meta property=\"og:image:type\" content=\"image\/jpeg\" \/>\n<meta name=\"author\" content=\"Bernd H\u00fcckst\u00e4dt\" \/>\n<meta name=\"twitter:card\" content=\"summary_large_image\" \/>\n<meta name=\"twitter:label1\" content=\"Szerz\u0151:\" \/>\n\t<meta name=\"twitter:data1\" content=\"Bernd H\u00fcckst\u00e4dt\" \/>\n\t<meta name=\"twitter:label2\" content=\"Becs\u00fclt olvas\u00e1si id\u0151\" \/>\n\t<meta name=\"twitter:data2\" content=\"8 perc\" \/>\n<script type=\"application\/ld+json\" class=\"yoast-schema-graph\">{\"@context\":\"https:\\\/\\\/schema.org\",\"@graph\":[{\"@type\":\"Article\",\"@id\":\"https:\\\/\\\/gradido.net\\\/corona-politik-bedroht-unsere-kinder\\\/#article\",\"isPartOf\":{\"@id\":\"https:\\\/\\\/gradido.net\\\/corona-politik-bedroht-unsere-kinder\\\/\"},\"author\":{\"name\":\"Bernd H\u00fcckst\u00e4dt\",\"@id\":\"https:\\\/\\\/gradido.net\\\/de\\\/#\\\/schema\\\/person\\\/9c503a004ad15a1ddecadce2218db5d1\"},\"headline\":\"Corona-Politik bedroht unsere Kinder\",\"datePublished\":\"2020-11-25T09:27:43+00:00\",\"dateModified\":\"2021-12-11T12:02:17+00:00\",\"mainEntityOfPage\":{\"@id\":\"https:\\\/\\\/gradido.net\\\/corona-politik-bedroht-unsere-kinder\\\/\"},\"wordCount\":1581,\"publisher\":{\"@id\":\"https:\\\/\\\/gradido.net\\\/de\\\/#organization\"},\"image\":{\"@id\":\"https:\\\/\\\/gradido.net\\\/corona-politik-bedroht-unsere-kinder\\\/#primaryimage\"},\"thumbnailUrl\":\"https:\\\/\\\/gradido.net\\\/wp-content\\\/uploads\\\/2020\\\/11\\\/schule_coronapause.jpg\",\"articleSection\":[\"Pressemitteilung\"],\"inLanguage\":\"hu\"},{\"@type\":\"WebPage\",\"@id\":\"https:\\\/\\\/gradido.net\\\/corona-politik-bedroht-unsere-kinder\\\/\",\"url\":\"https:\\\/\\\/gradido.net\\\/corona-politik-bedroht-unsere-kinder\\\/\",\"name\":\"Corona-Politik bedroht unsere Kinder - Gradido\",\"isPartOf\":{\"@id\":\"https:\\\/\\\/gradido.net\\\/de\\\/#website\"},\"primaryImageOfPage\":{\"@id\":\"https:\\\/\\\/gradido.net\\\/corona-politik-bedroht-unsere-kinder\\\/#primaryimage\"},\"image\":{\"@id\":\"https:\\\/\\\/gradido.net\\\/corona-politik-bedroht-unsere-kinder\\\/#primaryimage\"},\"thumbnailUrl\":\"https:\\\/\\\/gradido.net\\\/wp-content\\\/uploads\\\/2020\\\/11\\\/schule_coronapause.jpg\",\"datePublished\":\"2020-11-25T09:27:43+00:00\",\"dateModified\":\"2021-12-11T12:02:17+00:00\",\"breadcrumb\":{\"@id\":\"https:\\\/\\\/gradido.net\\\/corona-politik-bedroht-unsere-kinder\\\/#breadcrumb\"},\"inLanguage\":\"hu\",\"potentialAction\":[{\"@type\":\"ReadAction\",\"target\":[\"https:\\\/\\\/gradido.net\\\/corona-politik-bedroht-unsere-kinder\\\/\"]}]},{\"@type\":\"ImageObject\",\"inLanguage\":\"hu\",\"@id\":\"https:\\\/\\\/gradido.net\\\/corona-politik-bedroht-unsere-kinder\\\/#primaryimage\",\"url\":\"https:\\\/\\\/gradido.net\\\/wp-content\\\/uploads\\\/2020\\\/11\\\/schule_coronapause.jpg\",\"contentUrl\":\"https:\\\/\\\/gradido.net\\\/wp-content\\\/uploads\\\/2020\\\/11\\\/schule_coronapause.jpg\",\"width\":1500,\"height\":959,\"caption\":\"Group of preteen children in face masks resting outdoors in schoolyard during break in lessons. Back school concept during pandemic.\"},{\"@type\":\"BreadcrumbList\",\"@id\":\"https:\\\/\\\/gradido.net\\\/corona-politik-bedroht-unsere-kinder\\\/#breadcrumb\",\"itemListElement\":[{\"@type\":\"ListItem\",\"position\":1,\"name\":\"Startseite\",\"item\":\"https:\\\/\\\/gradido.net\\\/\"},{\"@type\":\"ListItem\",\"position\":2,\"name\":\"Corona-Politik bedroht unsere Kinder\"}]},{\"@type\":\"WebSite\",\"@id\":\"https:\\\/\\\/gradido.net\\\/de\\\/#website\",\"url\":\"https:\\\/\\\/gradido.net\\\/de\\\/\",\"name\":\"Gradido\",\"description\":\"Die neue W\u00e4hrung hei\u00dft Dankbarkeit\",\"publisher\":{\"@id\":\"https:\\\/\\\/gradido.net\\\/de\\\/#organization\"},\"potentialAction\":[{\"@type\":\"SearchAction\",\"target\":{\"@type\":\"EntryPoint\",\"urlTemplate\":\"https:\\\/\\\/gradido.net\\\/de\\\/?s={search_term_string}\"},\"query-input\":{\"@type\":\"PropertyValueSpecification\",\"valueRequired\":true,\"valueName\":\"search_term_string\"}}],\"inLanguage\":\"hu\"},{\"@type\":\"Organization\",\"@id\":\"https:\\\/\\\/gradido.net\\\/de\\\/#organization\",\"name\":\"Gradido\",\"url\":\"https:\\\/\\\/gradido.net\\\/de\\\/\",\"logo\":{\"@type\":\"ImageObject\",\"inLanguage\":\"hu\",\"@id\":\"https:\\\/\\\/gradido.net\\\/de\\\/#\\\/schema\\\/logo\\\/image\\\/\",\"url\":\"https:\\\/\\\/gradido.net\\\/wp-content\\\/uploads\\\/2022\\\/04\\\/gradido-social.jpg\",\"contentUrl\":\"https:\\\/\\\/gradido.net\\\/wp-content\\\/uploads\\\/2022\\\/04\\\/gradido-social.jpg\",\"width\":527,\"height\":273,\"caption\":\"Gradido\"},\"image\":{\"@id\":\"https:\\\/\\\/gradido.net\\\/de\\\/#\\\/schema\\\/logo\\\/image\\\/\"}},{\"@type\":\"Person\",\"@id\":\"https:\\\/\\\/gradido.net\\\/de\\\/#\\\/schema\\\/person\\\/9c503a004ad15a1ddecadce2218db5d1\",\"name\":\"Bernd H\u00fcckst\u00e4dt\",\"sameAs\":[\"https:\\\/\\\/gradido.net\"],\"url\":\"https:\\\/\\\/gradido.net\\\/hu\\\/author\\\/bernd\\\/\"}]}<\/script>\n<!-- \/ Yoast SEO plugin. -->","yoast_head_json":{"title":"A Corona-politika vesz\u00e9lyezteti gyermekeinket - Gradido","robots":{"index":"index","follow":"follow","max-snippet":"max-snippet:-1","max-image-preview":"max-image-preview:large","max-video-preview":"max-video-preview:-1"},"canonical":"https:\/\/gradido.net\/hu\/corona-politik-bedroht-unsere-kinder\/","og_locale":"hu_HU","og_type":"article","og_title":"Corona-Politik bedroht unsere Kinder - Gradido","og_description":"Forscher sehen L\u00f6sung in neuem Geldsystem K\u00fcnzelsau, 25.11.2020 \u2013 Kinder, Eltern und Lehrer sind am Limit. \u00c4rzte, Psychologen und Familienpolitiker schlagen Alarm. Sie alle sehen das Kindeswohl durch die aktuelle Krisenpolitik massiv gef\u00e4hrdet. Quarant\u00e4neregeln, Schulschlie\u00dfungen und Kontaktbeschr\u00e4nkungen bringen nicht nur Kindersch\u00fctzer auf die Barrikaden. Laut Unicef verhungerten schon vor Corona 15.000 Kinder pro Tag. Durch [&hellip;]","og_url":"https:\/\/gradido.net\/hu\/corona-politik-bedroht-unsere-kinder\/","og_site_name":"Gradido","article_published_time":"2020-11-25T09:27:43+00:00","article_modified_time":"2021-12-11T12:02:17+00:00","og_image":[{"width":1500,"height":959,"url":"https:\/\/gradido.net\/wp-content\/uploads\/2020\/11\/schule_coronapause.jpg","type":"image\/jpeg"}],"author":"Bernd H\u00fcckst\u00e4dt","twitter_card":"summary_large_image","twitter_misc":{"Szerz\u0151:":"Bernd H\u00fcckst\u00e4dt","Becs\u00fclt olvas\u00e1si id\u0151":"8 perc"},"schema":{"@context":"https:\/\/schema.org","@graph":[{"@type":"Article","@id":"https:\/\/gradido.net\/corona-politik-bedroht-unsere-kinder\/#article","isPartOf":{"@id":"https:\/\/gradido.net\/corona-politik-bedroht-unsere-kinder\/"},"author":{"name":"Bernd H\u00fcckst\u00e4dt","@id":"https:\/\/gradido.net\/de\/#\/schema\/person\/9c503a004ad15a1ddecadce2218db5d1"},"headline":"Corona-Politik bedroht unsere Kinder","datePublished":"2020-11-25T09:27:43+00:00","dateModified":"2021-12-11T12:02:17+00:00","mainEntityOfPage":{"@id":"https:\/\/gradido.net\/corona-politik-bedroht-unsere-kinder\/"},"wordCount":1581,"publisher":{"@id":"https:\/\/gradido.net\/de\/#organization"},"image":{"@id":"https:\/\/gradido.net\/corona-politik-bedroht-unsere-kinder\/#primaryimage"},"thumbnailUrl":"https:\/\/gradido.net\/wp-content\/uploads\/2020\/11\/schule_coronapause.jpg","articleSection":["Pressemitteilung"],"inLanguage":"hu"},{"@type":"WebPage","@id":"https:\/\/gradido.net\/corona-politik-bedroht-unsere-kinder\/","url":"https:\/\/gradido.net\/corona-politik-bedroht-unsere-kinder\/","name":"A Corona-politika vesz\u00e9lyezteti gyermekeinket - Gradido","isPartOf":{"@id":"https:\/\/gradido.net\/de\/#website"},"primaryImageOfPage":{"@id":"https:\/\/gradido.net\/corona-politik-bedroht-unsere-kinder\/#primaryimage"},"image":{"@id":"https:\/\/gradido.net\/corona-politik-bedroht-unsere-kinder\/#primaryimage"},"thumbnailUrl":"https:\/\/gradido.net\/wp-content\/uploads\/2020\/11\/schule_coronapause.jpg","datePublished":"2020-11-25T09:27:43+00:00","dateModified":"2021-12-11T12:02:17+00:00","breadcrumb":{"@id":"https:\/\/gradido.net\/corona-politik-bedroht-unsere-kinder\/#breadcrumb"},"inLanguage":"hu","potentialAction":[{"@type":"ReadAction","target":["https:\/\/gradido.net\/corona-politik-bedroht-unsere-kinder\/"]}]},{"@type":"ImageObject","inLanguage":"hu","@id":"https:\/\/gradido.net\/corona-politik-bedroht-unsere-kinder\/#primaryimage","url":"https:\/\/gradido.net\/wp-content\/uploads\/2020\/11\/schule_coronapause.jpg","contentUrl":"https:\/\/gradido.net\/wp-content\/uploads\/2020\/11\/schule_coronapause.jpg","width":1500,"height":959,"caption":"Group of preteen children in face masks resting outdoors in schoolyard during break in lessons. Back school concept during pandemic."},{"@type":"BreadcrumbList","@id":"https:\/\/gradido.net\/corona-politik-bedroht-unsere-kinder\/#breadcrumb","itemListElement":[{"@type":"ListItem","position":1,"name":"Startseite","item":"https:\/\/gradido.net\/"},{"@type":"ListItem","position":2,"name":"Corona-Politik bedroht unsere Kinder"}]},{"@type":"WebSite","@id":"https:\/\/gradido.net\/de\/#website","url":"https:\/\/gradido.net\/de\/","name":"Gradido","description":"Az \u00faj p\u00e9nznem a h\u00e1la","publisher":{"@id":"https:\/\/gradido.net\/de\/#organization"},"potentialAction":[{"@type":"SearchAction","target":{"@type":"EntryPoint","urlTemplate":"https:\/\/gradido.net\/de\/?s={search_term_string}"},"query-input":{"@type":"PropertyValueSpecification","valueRequired":true,"valueName":"search_term_string"}}],"inLanguage":"hu"},{"@type":"Organization","@id":"https:\/\/gradido.net\/de\/#organization","name":"Gradido","url":"https:\/\/gradido.net\/de\/","logo":{"@type":"ImageObject","inLanguage":"hu","@id":"https:\/\/gradido.net\/de\/#\/schema\/logo\/image\/","url":"https:\/\/gradido.net\/wp-content\/uploads\/2022\/04\/gradido-social.jpg","contentUrl":"https:\/\/gradido.net\/wp-content\/uploads\/2022\/04\/gradido-social.jpg","width":527,"height":273,"caption":"Gradido"},"image":{"@id":"https:\/\/gradido.net\/de\/#\/schema\/logo\/image\/"}},{"@type":"Person","@id":"https:\/\/gradido.net\/de\/#\/schema\/person\/9c503a004ad15a1ddecadce2218db5d1","name":"Bernd H\u00fcckst\u00e4dt","sameAs":["https:\/\/gradido.net"],"url":"https:\/\/gradido.net\/hu\/author\/bernd\/"}]}},"_links":{"self":[{"href":"https:\/\/gradido.net\/hu\/wp-json\/wp\/v2\/posts\/1238","targetHints":{"allow":["GET"]}}],"collection":[{"href":"https:\/\/gradido.net\/hu\/wp-json\/wp\/v2\/posts"}],"about":[{"href":"https:\/\/gradido.net\/hu\/wp-json\/wp\/v2\/types\/post"}],"author":[{"embeddable":true,"href":"https:\/\/gradido.net\/hu\/wp-json\/wp\/v2\/users\/2"}],"replies":[{"embeddable":true,"href":"https:\/\/gradido.net\/hu\/wp-json\/wp\/v2\/comments?post=1238"}],"version-history":[{"count":29,"href":"https:\/\/gradido.net\/hu\/wp-json\/wp\/v2\/posts\/1238\/revisions"}],"predecessor-version":[{"id":3745,"href":"https:\/\/gradido.net\/hu\/wp-json\/wp\/v2\/posts\/1238\/revisions\/3745"}],"wp:featuredmedia":[{"embeddable":true,"href":"https:\/\/gradido.net\/hu\/wp-json\/wp\/v2\/media\/1231"}],"wp:attachment":[{"href":"https:\/\/gradido.net\/hu\/wp-json\/wp\/v2\/media?parent=1238"}],"wp:term":[{"taxonomy":"category","embeddable":true,"href":"https:\/\/gradido.net\/hu\/wp-json\/wp\/v2\/categories?post=1238"},{"taxonomy":"post_tag","embeddable":true,"href":"https:\/\/gradido.net\/hu\/wp-json\/wp\/v2\/tags?post=1238"}],"curies":[{"name":"wp","href":"https:\/\/api.w.org\/{rel}","templated":true}]}}